{"id":11887,"date":"2013-11-13T18:59:17","date_gmt":"2013-11-13T18:59:17","guid":{"rendered":"https:\/\/www.ing.uc.cl\/electrica\/?p=2459"},"modified":"2013-11-13T18:59:17","modified_gmt":"2013-11-13T18:59:17","slug":"almuerzos-electricos-y-jornada-de-investigacion-en-ingenieria-2013-2","status":"publish","type":"post","link":"https:\/\/www.ing.uc.cl\/electrica\/2013\/11\/13\/almuerzos-electricos-y-jornada-de-investigacion-en-ingenieria-2013-2\/","title":{"rendered":"Almuerzos El\u00e9ctricos y Jornada de Investigaci\u00f3n en Ingenier\u00eda 2013"},"content":{"rendered":"<p>Con el objetivo de favorecer la integraci\u00f3n de los alumnos m\u00e1s j\u00f3venes al Departamento de Ingenier\u00eda El\u00e9ctrica y formar comunidad al interior de \u00e9ste, la Rama Estudiantil IEEE-PUC organiz\u00f3 un ciclo de almuerzos con alumnos de pregrado y postgrado en los pastos del patio del departamento, entre el lunes 4 y el jueves 7 de Noviembre bajo el nombre &#8220;Almuerzos el\u00e9ctricos&#8221;. Decenas de estudiantes llegaron con sus almuerzos y se sentaron a dialogar distendidamente bajo un toldo instalado por la Rama. Se temas abordados fueron:<\/p>\n<p>Lunes: Optica e Instrumentaci\u00f3n Astron\u00f3mica<br \/>\nMartes: Energ\u00eda y Electr\u00f3nica de Potencia<br \/>\nMi\u00e9rcoles: Electr\u00f3nica y Control Autom\u00e1tico<br \/>\nJueves: Telecomunicaciones y Biom\u00e9dica<\/p>\n<p>En cada d\u00eda, los alumnos de postgrado expusieron sobre su experiencia en cada una de las \u00e1reas mencionadas, respondieron a las inquietudes de los estudiantes m\u00e1s j\u00f3venes y \u00e9stos plantearon sus apreciaciones.<br \/>\nLa actividad fue todo un \u00e9xito y una contribuci\u00f3n de la Rama Estudiantil IEEE-PUC a formar comunidad al interior de nuestro Departamento. En el futuro se repetir\u00e1 la experiencia en un formato similar.Por otra parte, el martes 12 de Noviembre, la Rama estudiantil IEEE-PUC en conjunto con iPre, organizaron una jornada de investigaci\u00f3n en Ingenier\u00eda El\u00e9ctrica. En dicha oportunidad, expusieron los profesores Angel Abusleme, Javier Pereda y David Watts, quienes mostraron a los alumnos las \u00e1reas de investigaci\u00f3n que desarrollan y luego participaron de una mesa redonda de conversaci\u00f3n.<\/p>\n<p>La actividad fue un puente para que los estudiantes tengan una relaci\u00f3n m\u00e1s cercana con el cuerpo docente y se enteren de las l\u00edneas de investigaci\u00f3n que se llevan a cabo, con la finalidad de fomentar e incentivar el desarrollo de investigaci\u00f3n desde el pregrado.<\/p>\n<p><a href=\"https:\/\/www.ing.uc.cl\/electrica\/wp-content\/uploads\/2013\/11\/iee.jpg\"><img fetchpriority=\"high\" decoding=\"async\" class=\"alignnone size-medium wp-image-2422\" alt=\"\" src=\"https:\/\/www.ing.uc.cl\/electrica\/wp-content\/uploads\/2013\/11\/iee-300x224.jpg\" width=\"300\" height=\"224\" \/><\/a> <a href=\"https:\/\/www.ing.uc.cl\/electrica\/wp-content\/uploads\/2013\/11\/2013-11-05-13-47-20.jpg\"><img decoding=\"async\" class=\"alignnone size-medium wp-image-2420\" alt=\"\" src=\"https:\/\/www.ing.uc.cl\/electrica\/wp-content\/uploads\/2013\/11\/2013-11-05-13-47-20-300x224.jpg\" width=\"300\" height=\"224\" \/><\/a><\/p>\n<p><a href=\"https:\/\/www.ing.uc.cl\/electrica\/wp-content\/uploads\/2013\/11\/electrnica-y-control-almuerzo-foto-02.jpg\"><img decoding=\"async\" class=\"alignnone size-medium wp-image-2468\" alt=\"Electr\u00f3nica y Control - Almuerzo foto 02\" src=\"https:\/\/www.ing.uc.cl\/electrica\/wp-content\/uploads\/2013\/11\/electrnica-y-control-almuerzo-foto-02-300x225.jpg\" width=\"300\" height=\"225\" \/><\/a> <a href=\"https:\/\/www.ing.uc.cl\/electrica\/wp-content\/uploads\/2013\/11\/jornadas-investigacin-en-ingeniera-28elctrica29.jpg\"><img loading=\"lazy\" decoding=\"async\" class=\"alignnone size-medium wp-image-2467\" alt=\"Jornadas Investigaci\u00f3n en Ingenier\u00eda %28el\u00e9ctrica%29\" src=\"https:\/\/www.ing.uc.cl\/electrica\/wp-content\/uploads\/2013\/11\/jornadas-investigacin-en-ingeniera-28elctrica29-300x225.jpg\" width=\"300\" height=\"225\" \/><\/a>    \t<\/p>\n","protected":false},"excerpt":{"rendered":"<p>Gran convocatoria tuvo la iniciativa de la Rama Estudiantil IEEE_PUC con almuerzos en el patio<\/p>\n","protected":false},"author":4,"featured_media":0,"comment_status":"open","ping_status":"open","sticky":false,"template":"","format":"standard","meta":{"_acf_changed":false,"_eb_attr":"","site-sidebar-layout":"default","site-content-layout":"","ast-site-content-layout":"default","site-content-style":"default","site-sidebar-style":"default","ast-global-header-display":"","ast-banner-title-visibility":"","ast-main-header-display":"","ast-hfb-above-header-display":"","ast-hfb-below-header-display":"","ast-hfb-mobile-header-display":"","site-post-title":"","ast-breadcrumbs-content":"","ast-featured-img":"","footer-sml-layout":"","ast-disable-related-posts":"","theme-transparent-header-meta":"","adv-header-id-meta":"","stick-header-meta":"","header-above-stick-meta":"","header-main-stick-meta":"","header-below-stick-meta":"","astra-migrate-meta-layouts":"default","ast-page-background-enabled":"default","ast-page-background-meta":{"desktop":{"background-color":"","background-image":"","background-repeat":"repeat","background-position":"center center","background-size":"auto","background-attachment":"scroll","background-type":"","background-media":"","overlay-type":"","overlay-color":"","overlay-opacity":"","overlay-gradient":""},"tablet":{"background-color":"","background-image":"","background-repeat":"repeat","background-position":"center center","background-size":"auto","background-attachment":"scroll","background-type":"","background-media":"","overlay-type":"","overlay-color":"","overlay-opacity":"","overlay-gradient":""},"mobile":{"background-color":"","background-image":"","background-repeat":"repeat","background-position":"center center","background-size":"auto","background-attachment":"scroll","background-type":"","background-media":"","overlay-type":"","overlay-color":"","overlay-opacity":"","overlay-gradient":""}},"ast-content-background-meta":{"desktop":{"background-color":"var(--ast-global-color-5)","background-image":"","background-repeat":"repeat","background-position":"center center","background-size":"auto","background-attachment":"scroll","background-type":"","background-media":"","overlay-type":"","overlay-color":"","overlay-opacity":"","overlay-gradient":""},"tablet":{"background-color":"var(--ast-global-color-5)","background-image":"","background-repeat":"repeat","background-position":"center center","background-size":"auto","background-attachment":"scroll","background-type":"","background-media":"","overlay-type":"","overlay-color":"","overlay-opacity":"","overlay-gradient":""},"mobile":{"background-color":"var(--ast-global-color-5)","background-image":"","background-repeat":"repeat","background-position":"center center","background-size":"auto","background-attachment":"scroll","background-type":"","background-media":"","overlay-type":"","overlay-color":"","overlay-opacity":"","overlay-gradient":""}},"footnotes":""},"categories":[18,19],"tags":[],"class_list":["post-11887","post","type-post","status-publish","format-standard","hentry","category-electrica-noticias","category-electrica-novedades"],"acf":[],"yoast_head":"<!-- This site is optimized with the Yoast SEO plugin v27.4 - https:\/\/yoast.com\/product\/yoast-seo-wordpress\/ -->\n<title>Almuerzos El\u00e9ctricos y Jornada de Investigaci\u00f3n en Ingenier\u00eda 2013 - DEPARTAMENTO DE INGENIER\u00cdA EL\u00c9CTRICA<\/title>\n<meta name=\"robots\" content=\"index, follow, max-snippet:-1, max-image-preview:large, max-video-preview:-1\" \/>\n<link rel=\"canonical\" href=\"https:\/\/www.ing.uc.cl\/electrica\/2013\/11\/13\/almuerzos-electricos-y-jornada-de-investigacion-en-ingenieria-2013-2\/\" \/>\n<meta property=\"og:locale\" content=\"es_ES\" \/>\n<meta property=\"og:type\" content=\"article\" \/>\n<meta property=\"og:title\" content=\"Almuerzos El\u00e9ctricos y Jornada de Investigaci\u00f3n en Ingenier\u00eda 2013 - DEPARTAMENTO DE INGENIER\u00cdA EL\u00c9CTRICA\" \/>\n<meta property=\"og:description\" content=\"Gran convocatoria tuvo la iniciativa de la Rama Estudiantil IEEE_PUC con almuerzos en el patio\" \/>\n<meta property=\"og:url\" content=\"https:\/\/www.ing.uc.cl\/electrica\/2013\/11\/13\/almuerzos-electricos-y-jornada-de-investigacion-en-ingenieria-2013-2\/\" \/>\n<meta property=\"og:site_name\" content=\"DEPARTAMENTO DE INGENIER\u00cdA EL\u00c9CTRICA\" \/>\n<meta property=\"article:published_time\" content=\"2013-11-13T18:59:17+00:00\" \/>\n<meta property=\"og:image\" content=\"https:\/\/www.ing.uc.cl\/electrica\/wp-content\/uploads\/2013\/11\/iee-300x224.jpg\" \/>\n<meta name=\"author\" content=\"Francisco H\" \/>\n<meta name=\"twitter:card\" content=\"summary_large_image\" \/>\n<meta name=\"twitter:label1\" content=\"Escrito por\" \/>\n\t<meta name=\"twitter:data1\" content=\"Francisco H\" \/>\n\t<meta name=\"twitter:label2\" content=\"Tiempo estimado de lectura\" \/>\n\t<meta name=\"twitter:data2\" content=\"1 minuto\" \/>\n<script type=\"application\/ld+json\" class=\"yoast-schema-graph\">{\"@context\":\"https:\\\/\\\/schema.org\",\"@graph\":[{\"@type\":\"Article\",\"@id\":\"https:\\\/\\\/www.ing.uc.cl\\\/electrica\\\/2013\\\/11\\\/13\\\/almuerzos-electricos-y-jornada-de-investigacion-en-ingenieria-2013-2\\\/#article\",\"isPartOf\":{\"@id\":\"https:\\\/\\\/www.ing.uc.cl\\\/electrica\\\/2013\\\/11\\\/13\\\/almuerzos-electricos-y-jornada-de-investigacion-en-ingenieria-2013-2\\\/\"},\"author\":{\"name\":\"Francisco H\",\"@id\":\"https:\\\/\\\/www.ing.uc.cl\\\/electrica\\\/#\\\/schema\\\/person\\\/46a2c0f475e2bf9366409f2ed1944667\"},\"headline\":\"Almuerzos El\u00e9ctricos y Jornada de Investigaci\u00f3n en Ingenier\u00eda 2013\",\"datePublished\":\"2013-11-13T18:59:17+00:00\",\"mainEntityOfPage\":{\"@id\":\"https:\\\/\\\/www.ing.uc.cl\\\/electrica\\\/2013\\\/11\\\/13\\\/almuerzos-electricos-y-jornada-de-investigacion-en-ingenieria-2013-2\\\/\"},\"wordCount\":308,\"commentCount\":0,\"publisher\":{\"@id\":\"https:\\\/\\\/www.ing.uc.cl\\\/electrica\\\/#organization\"},\"image\":{\"@id\":\"https:\\\/\\\/www.ing.uc.cl\\\/electrica\\\/2013\\\/11\\\/13\\\/almuerzos-electricos-y-jornada-de-investigacion-en-ingenieria-2013-2\\\/#primaryimage\"},\"thumbnailUrl\":\"https:\\\/\\\/www.ing.uc.cl\\\/electrica\\\/wp-content\\\/uploads\\\/2013\\\/11\\\/iee-300x224.jpg\",\"articleSection\":[\"Noticias\",\"Novedades\"],\"inLanguage\":\"es-CL\",\"potentialAction\":[{\"@type\":\"CommentAction\",\"name\":\"Comment\",\"target\":[\"https:\\\/\\\/www.ing.uc.cl\\\/electrica\\\/2013\\\/11\\\/13\\\/almuerzos-electricos-y-jornada-de-investigacion-en-ingenieria-2013-2\\\/#respond\"]}]},{\"@type\":\"WebPage\",\"@id\":\"https:\\\/\\\/www.ing.uc.cl\\\/electrica\\\/2013\\\/11\\\/13\\\/almuerzos-electricos-y-jornada-de-investigacion-en-ingenieria-2013-2\\\/\",\"url\":\"https:\\\/\\\/www.ing.uc.cl\\\/electrica\\\/2013\\\/11\\\/13\\\/almuerzos-electricos-y-jornada-de-investigacion-en-ingenieria-2013-2\\\/\",\"name\":\"Almuerzos El\u00e9ctricos y Jornada de Investigaci\u00f3n en Ingenier\u00eda 2013 - DEPARTAMENTO DE INGENIER\u00cdA EL\u00c9CTRICA\",\"isPartOf\":{\"@id\":\"https:\\\/\\\/www.ing.uc.cl\\\/electrica\\\/#website\"},\"primaryImageOfPage\":{\"@id\":\"https:\\\/\\\/www.ing.uc.cl\\\/electrica\\\/2013\\\/11\\\/13\\\/almuerzos-electricos-y-jornada-de-investigacion-en-ingenieria-2013-2\\\/#primaryimage\"},\"image\":{\"@id\":\"https:\\\/\\\/www.ing.uc.cl\\\/electrica\\\/2013\\\/11\\\/13\\\/almuerzos-electricos-y-jornada-de-investigacion-en-ingenieria-2013-2\\\/#primaryimage\"},\"thumbnailUrl\":\"https:\\\/\\\/www.ing.uc.cl\\\/electrica\\\/wp-content\\\/uploads\\\/2013\\\/11\\\/iee-300x224.jpg\",\"datePublished\":\"2013-11-13T18:59:17+00:00\",\"breadcrumb\":{\"@id\":\"https:\\\/\\\/www.ing.uc.cl\\\/electrica\\\/2013\\\/11\\\/13\\\/almuerzos-electricos-y-jornada-de-investigacion-en-ingenieria-2013-2\\\/#breadcrumb\"},\"inLanguage\":\"es-CL\",\"potentialAction\":[{\"@type\":\"ReadAction\",\"target\":[\"https:\\\/\\\/www.ing.uc.cl\\\/electrica\\\/2013\\\/11\\\/13\\\/almuerzos-electricos-y-jornada-de-investigacion-en-ingenieria-2013-2\\\/\"]}]},{\"@type\":\"ImageObject\",\"inLanguage\":\"es-CL\",\"@id\":\"https:\\\/\\\/www.ing.uc.cl\\\/electrica\\\/2013\\\/11\\\/13\\\/almuerzos-electricos-y-jornada-de-investigacion-en-ingenieria-2013-2\\\/#primaryimage\",\"url\":\"https:\\\/\\\/www.ing.uc.cl\\\/electrica\\\/wp-content\\\/uploads\\\/2013\\\/11\\\/iee-300x224.jpg\",\"contentUrl\":\"https:\\\/\\\/www.ing.uc.cl\\\/electrica\\\/wp-content\\\/uploads\\\/2013\\\/11\\\/iee-300x224.jpg\"},{\"@type\":\"BreadcrumbList\",\"@id\":\"https:\\\/\\\/www.ing.uc.cl\\\/electrica\\\/2013\\\/11\\\/13\\\/almuerzos-electricos-y-jornada-de-investigacion-en-ingenieria-2013-2\\\/#breadcrumb\",\"itemListElement\":[{\"@type\":\"ListItem\",\"position\":1,\"name\":\"Portada\",\"item\":\"https:\\\/\\\/www.ing.uc.cl\\\/electrica\\\/\"},{\"@type\":\"ListItem\",\"position\":2,\"name\":\"Almuerzos El\u00e9ctricos y Jornada de Investigaci\u00f3n en Ingenier\u00eda 2013\"}]},{\"@type\":\"WebSite\",\"@id\":\"https:\\\/\\\/www.ing.uc.cl\\\/electrica\\\/#website\",\"url\":\"https:\\\/\\\/www.ing.uc.cl\\\/electrica\\\/\",\"name\":\"DEPARTAMENTO DE INGENIER\u00cdA EL\u00c9CTRICA\",\"description\":\"\",\"publisher\":{\"@id\":\"https:\\\/\\\/www.ing.uc.cl\\\/electrica\\\/#organization\"},\"potentialAction\":[{\"@type\":\"SearchAction\",\"target\":{\"@type\":\"EntryPoint\",\"urlTemplate\":\"https:\\\/\\\/www.ing.uc.cl\\\/electrica\\\/?s={search_term_string}\"},\"query-input\":{\"@type\":\"PropertyValueSpecification\",\"valueRequired\":true,\"valueName\":\"search_term_string\"}}],\"inLanguage\":\"es-CL\"},{\"@type\":\"Organization\",\"@id\":\"https:\\\/\\\/www.ing.uc.cl\\\/electrica\\\/#organization\",\"name\":\"DEPARTAMENTO DE INGENIER\u00cdA EL\u00c9CTRICA\",\"url\":\"https:\\\/\\\/www.ing.uc.cl\\\/electrica\\\/\",\"logo\":{\"@type\":\"ImageObject\",\"inLanguage\":\"es-CL\",\"@id\":\"https:\\\/\\\/www.ing.uc.cl\\\/electrica\\\/#\\\/schema\\\/logo\\\/image\\\/\",\"url\":\"https:\\\/\\\/www.ing.uc.cl\\\/electrica\\\/wp-content\\\/uploads\\\/2020\\\/03\\\/logo-uc-03.svg\",\"contentUrl\":\"https:\\\/\\\/www.ing.uc.cl\\\/electrica\\\/wp-content\\\/uploads\\\/2020\\\/03\\\/logo-uc-03.svg\",\"width\":156,\"height\":90,\"caption\":\"DEPARTAMENTO DE INGENIER\u00cdA EL\u00c9CTRICA\"},\"image\":{\"@id\":\"https:\\\/\\\/www.ing.uc.cl\\\/electrica\\\/#\\\/schema\\\/logo\\\/image\\\/\"}},{\"@type\":\"Person\",\"@id\":\"https:\\\/\\\/www.ing.uc.cl\\\/electrica\\\/#\\\/schema\\\/person\\\/46a2c0f475e2bf9366409f2ed1944667\",\"name\":\"Francisco H\",\"image\":{\"@type\":\"ImageObject\",\"inLanguage\":\"es-CL\",\"@id\":\"https:\\\/\\\/secure.gravatar.com\\\/avatar\\\/63233762875caf7cb464abb0c994788b36bb5a903f4b5e6d958a14f57c41e047?s=96&d=mm&r=g\",\"url\":\"https:\\\/\\\/secure.gravatar.com\\\/avatar\\\/63233762875caf7cb464abb0c994788b36bb5a903f4b5e6d958a14f57c41e047?s=96&d=mm&r=g\",\"contentUrl\":\"https:\\\/\\\/secure.gravatar.com\\\/avatar\\\/63233762875caf7cb464abb0c994788b36bb5a903f4b5e6d958a14f57c41e047?s=96&d=mm&r=g\",\"caption\":\"Francisco H\"},\"url\":\"https:\\\/\\\/www.ing.uc.cl\\\/electrica\\\/author\\\/fherreros\\\/\"}]}<\/script>\n<!-- \/ Yoast SEO plugin. -->","yoast_head_json":{"title":"Almuerzos El\u00e9ctricos y Jornada de Investigaci\u00f3n en Ingenier\u00eda 2013 - DEPARTAMENTO DE INGENIER\u00cdA EL\u00c9CTRICA","robots":{"index":"index","follow":"follow","max-snippet":"max-snippet:-1","max-image-preview":"max-image-preview:large","max-video-preview":"max-video-preview:-1"},"canonical":"https:\/\/www.ing.uc.cl\/electrica\/2013\/11\/13\/almuerzos-electricos-y-jornada-de-investigacion-en-ingenieria-2013-2\/","og_locale":"es_ES","og_type":"article","og_title":"Almuerzos El\u00e9ctricos y Jornada de Investigaci\u00f3n en Ingenier\u00eda 2013 - DEPARTAMENTO DE INGENIER\u00cdA EL\u00c9CTRICA","og_description":"Gran convocatoria tuvo la iniciativa de la Rama Estudiantil IEEE_PUC con almuerzos en el patio","og_url":"https:\/\/www.ing.uc.cl\/electrica\/2013\/11\/13\/almuerzos-electricos-y-jornada-de-investigacion-en-ingenieria-2013-2\/","og_site_name":"DEPARTAMENTO DE INGENIER\u00cdA EL\u00c9CTRICA","article_published_time":"2013-11-13T18:59:17+00:00","og_image":[{"url":"https:\/\/www.ing.uc.cl\/electrica\/wp-content\/uploads\/2013\/11\/iee-300x224.jpg","type":"","width":"","height":""}],"author":"Francisco H","twitter_card":"summary_large_image","twitter_misc":{"Escrito por":"Francisco H","Tiempo estimado de lectura":"1 minuto"},"schema":{"@context":"https:\/\/schema.org","@graph":[{"@type":"Article","@id":"https:\/\/www.ing.uc.cl\/electrica\/2013\/11\/13\/almuerzos-electricos-y-jornada-de-investigacion-en-ingenieria-2013-2\/#article","isPartOf":{"@id":"https:\/\/www.ing.uc.cl\/electrica\/2013\/11\/13\/almuerzos-electricos-y-jornada-de-investigacion-en-ingenieria-2013-2\/"},"author":{"name":"Francisco H","@id":"https:\/\/www.ing.uc.cl\/electrica\/#\/schema\/person\/46a2c0f475e2bf9366409f2ed1944667"},"headline":"Almuerzos El\u00e9ctricos y Jornada de Investigaci\u00f3n en Ingenier\u00eda 2013","datePublished":"2013-11-13T18:59:17+00:00","mainEntityOfPage":{"@id":"https:\/\/www.ing.uc.cl\/electrica\/2013\/11\/13\/almuerzos-electricos-y-jornada-de-investigacion-en-ingenieria-2013-2\/"},"wordCount":308,"commentCount":0,"publisher":{"@id":"https:\/\/www.ing.uc.cl\/electrica\/#organization"},"image":{"@id":"https:\/\/www.ing.uc.cl\/electrica\/2013\/11\/13\/almuerzos-electricos-y-jornada-de-investigacion-en-ingenieria-2013-2\/#primaryimage"},"thumbnailUrl":"https:\/\/www.ing.uc.cl\/electrica\/wp-content\/uploads\/2013\/11\/iee-300x224.jpg","articleSection":["Noticias","Novedades"],"inLanguage":"es-CL","potentialAction":[{"@type":"CommentAction","name":"Comment","target":["https:\/\/www.ing.uc.cl\/electrica\/2013\/11\/13\/almuerzos-electricos-y-jornada-de-investigacion-en-ingenieria-2013-2\/#respond"]}]},{"@type":"WebPage","@id":"https:\/\/www.ing.uc.cl\/electrica\/2013\/11\/13\/almuerzos-electricos-y-jornada-de-investigacion-en-ingenieria-2013-2\/","url":"https:\/\/www.ing.uc.cl\/electrica\/2013\/11\/13\/almuerzos-electricos-y-jornada-de-investigacion-en-ingenieria-2013-2\/","name":"Almuerzos El\u00e9ctricos y Jornada de Investigaci\u00f3n en Ingenier\u00eda 2013 - DEPARTAMENTO DE INGENIER\u00cdA EL\u00c9CTRICA","isPartOf":{"@id":"https:\/\/www.ing.uc.cl\/electrica\/#website"},"primaryImageOfPage":{"@id":"https:\/\/www.ing.uc.cl\/electrica\/2013\/11\/13\/almuerzos-electricos-y-jornada-de-investigacion-en-ingenieria-2013-2\/#primaryimage"},"image":{"@id":"https:\/\/www.ing.uc.cl\/electrica\/2013\/11\/13\/almuerzos-electricos-y-jornada-de-investigacion-en-ingenieria-2013-2\/#primaryimage"},"thumbnailUrl":"https:\/\/www.ing.uc.cl\/electrica\/wp-content\/uploads\/2013\/11\/iee-300x224.jpg","datePublished":"2013-11-13T18:59:17+00:00","breadcrumb":{"@id":"https:\/\/www.ing.uc.cl\/electrica\/2013\/11\/13\/almuerzos-electricos-y-jornada-de-investigacion-en-ingenieria-2013-2\/#breadcrumb"},"inLanguage":"es-CL","potentialAction":[{"@type":"ReadAction","target":["https:\/\/www.ing.uc.cl\/electrica\/2013\/11\/13\/almuerzos-electricos-y-jornada-de-investigacion-en-ingenieria-2013-2\/"]}]},{"@type":"ImageObject","inLanguage":"es-CL","@id":"https:\/\/www.ing.uc.cl\/electrica\/2013\/11\/13\/almuerzos-electricos-y-jornada-de-investigacion-en-ingenieria-2013-2\/#primaryimage","url":"https:\/\/www.ing.uc.cl\/electrica\/wp-content\/uploads\/2013\/11\/iee-300x224.jpg","contentUrl":"https:\/\/www.ing.uc.cl\/electrica\/wp-content\/uploads\/2013\/11\/iee-300x224.jpg"},{"@type":"BreadcrumbList","@id":"https:\/\/www.ing.uc.cl\/electrica\/2013\/11\/13\/almuerzos-electricos-y-jornada-de-investigacion-en-ingenieria-2013-2\/#breadcrumb","itemListElement":[{"@type":"ListItem","position":1,"name":"Portada","item":"https:\/\/www.ing.uc.cl\/electrica\/"},{"@type":"ListItem","position":2,"name":"Almuerzos El\u00e9ctricos y Jornada de Investigaci\u00f3n en Ingenier\u00eda 2013"}]},{"@type":"WebSite","@id":"https:\/\/www.ing.uc.cl\/electrica\/#website","url":"https:\/\/www.ing.uc.cl\/electrica\/","name":"DEPARTAMENTO DE INGENIER\u00cdA EL\u00c9CTRICA","description":"","publisher":{"@id":"https:\/\/www.ing.uc.cl\/electrica\/#organization"},"potentialAction":[{"@type":"SearchAction","target":{"@type":"EntryPoint","urlTemplate":"https:\/\/www.ing.uc.cl\/electrica\/?s={search_term_string}"},"query-input":{"@type":"PropertyValueSpecification","valueRequired":true,"valueName":"search_term_string"}}],"inLanguage":"es-CL"},{"@type":"Organization","@id":"https:\/\/www.ing.uc.cl\/electrica\/#organization","name":"DEPARTAMENTO DE INGENIER\u00cdA EL\u00c9CTRICA","url":"https:\/\/www.ing.uc.cl\/electrica\/","logo":{"@type":"ImageObject","inLanguage":"es-CL","@id":"https:\/\/www.ing.uc.cl\/electrica\/#\/schema\/logo\/image\/","url":"https:\/\/www.ing.uc.cl\/electrica\/wp-content\/uploads\/2020\/03\/logo-uc-03.svg","contentUrl":"https:\/\/www.ing.uc.cl\/electrica\/wp-content\/uploads\/2020\/03\/logo-uc-03.svg","width":156,"height":90,"caption":"DEPARTAMENTO DE INGENIER\u00cdA EL\u00c9CTRICA"},"image":{"@id":"https:\/\/www.ing.uc.cl\/electrica\/#\/schema\/logo\/image\/"}},{"@type":"Person","@id":"https:\/\/www.ing.uc.cl\/electrica\/#\/schema\/person\/46a2c0f475e2bf9366409f2ed1944667","name":"Francisco H","image":{"@type":"ImageObject","inLanguage":"es-CL","@id":"https:\/\/secure.gravatar.com\/avatar\/63233762875caf7cb464abb0c994788b36bb5a903f4b5e6d958a14f57c41e047?s=96&d=mm&r=g","url":"https:\/\/secure.gravatar.com\/avatar\/63233762875caf7cb464abb0c994788b36bb5a903f4b5e6d958a14f57c41e047?s=96&d=mm&r=g","contentUrl":"https:\/\/secure.gravatar.com\/avatar\/63233762875caf7cb464abb0c994788b36bb5a903f4b5e6d958a14f57c41e047?s=96&d=mm&r=g","caption":"Francisco H"},"url":"https:\/\/www.ing.uc.cl\/electrica\/author\/fherreros\/"}]}},"_links":{"self":[{"href":"https:\/\/www.ing.uc.cl\/electrica\/wp-json\/wp\/v2\/posts\/11887","targetHints":{"allow":["GET"]}}],"collection":[{"href":"https:\/\/www.ing.uc.cl\/electrica\/wp-json\/wp\/v2\/posts"}],"about":[{"href":"https:\/\/www.ing.uc.cl\/electrica\/wp-json\/wp\/v2\/types\/post"}],"author":[{"embeddable":true,"href":"https:\/\/www.ing.uc.cl\/electrica\/wp-json\/wp\/v2\/users\/4"}],"replies":[{"embeddable":true,"href":"https:\/\/www.ing.uc.cl\/electrica\/wp-json\/wp\/v2\/comments?post=11887"}],"version-history":[{"count":0,"href":"https:\/\/www.ing.uc.cl\/electrica\/wp-json\/wp\/v2\/posts\/11887\/revisions"}],"wp:attachment":[{"href":"https:\/\/www.ing.uc.cl\/electrica\/wp-json\/wp\/v2\/media?parent=11887"}],"wp:term":[{"taxonomy":"category","embeddable":true,"href":"https:\/\/www.ing.uc.cl\/electrica\/wp-json\/wp\/v2\/categories?post=11887"},{"taxonomy":"post_tag","embeddable":true,"href":"https:\/\/www.ing.uc.cl\/electrica\/wp-json\/wp\/v2\/tags?post=11887"}],"curies":[{"name":"wp","href":"https:\/\/api.w.org\/{rel}","templated":true}]}}