{"id":12772,"date":"2023-09-26T12:58:01","date_gmt":"2023-09-26T15:58:01","guid":{"rendered":"https:\/\/www.ing.uc.cl\/electrica\/?p=12772"},"modified":"2023-09-27T11:32:24","modified_gmt":"2023-09-27T14:32:24","slug":"celebracion-fiestas-patrias-2023","status":"publish","type":"post","link":"https:\/\/www.ing.uc.cl\/electrica\/2023\/09\/26\/celebracion-fiestas-patrias-2023\/","title":{"rendered":"Celebraci\u00f3n Fiestas Patrias 2023"},"content":{"rendered":"\n<p>Una vez m\u00e1s, como ya es tradici\u00f3n profesores alumnos y administrativos del departamento celebraron las fiestas patrias en un ambiente festivo, participando en juegos t\u00edpicos y competencias.<\/p>\n\n\n\n<figure class=\"wp-block-gallery has-nested-images columns-default is-cropped wp-block-gallery-1 is-layout-flex wp-block-gallery-is-layout-flex\">\n<figure class=\"wp-block-image size-large\"><a href=\"https:\/\/www.ing.uc.cl\/electrica\/wp-content\/uploads\/2023\/09\/IMG_4598-scaled.jpg\"><img fetchpriority=\"high\" decoding=\"async\" width=\"1024\" height=\"683\" data-id=\"12788\" src=\"https:\/\/www.ing.uc.cl\/electrica\/wp-content\/uploads\/2023\/09\/IMG_4598-1024x683.jpg\" alt=\"\" class=\"wp-image-12788\" srcset=\"https:\/\/www.ing.uc.cl\/electrica\/wp-content\/uploads\/2023\/09\/IMG_4598-1024x683.jpg 1024w, https:\/\/www.ing.uc.cl\/electrica\/wp-content\/uploads\/2023\/09\/IMG_4598-300x200.jpg 300w, https:\/\/www.ing.uc.cl\/electrica\/wp-content\/uploads\/2023\/09\/IMG_4598-768x512.jpg 768w, https:\/\/www.ing.uc.cl\/electrica\/wp-content\/uploads\/2023\/09\/IMG_4598-1536x1024.jpg 1536w, https:\/\/www.ing.uc.cl\/electrica\/wp-content\/uploads\/2023\/09\/IMG_4598-2048x1365.jpg 2048w, https:\/\/www.ing.uc.cl\/electrica\/wp-content\/uploads\/2023\/09\/IMG_4598-272x182.jpg 272w\" sizes=\"(max-width: 1024px) 100vw, 1024px\" \/><\/a><\/figure>\n\n\n\n<figure class=\"wp-block-image size-large\"><a href=\"https:\/\/www.ing.uc.cl\/electrica\/wp-content\/uploads\/2023\/09\/IMG_4590-scaled.jpg\"><img decoding=\"async\" width=\"1024\" height=\"683\" data-id=\"12787\" src=\"https:\/\/www.ing.uc.cl\/electrica\/wp-content\/uploads\/2023\/09\/IMG_4590-1024x683.jpg\" alt=\"\" class=\"wp-image-12787\" srcset=\"https:\/\/www.ing.uc.cl\/electrica\/wp-content\/uploads\/2023\/09\/IMG_4590-1024x683.jpg 1024w, https:\/\/www.ing.uc.cl\/electrica\/wp-content\/uploads\/2023\/09\/IMG_4590-300x200.jpg 300w, https:\/\/www.ing.uc.cl\/electrica\/wp-content\/uploads\/2023\/09\/IMG_4590-768x512.jpg 768w, https:\/\/www.ing.uc.cl\/electrica\/wp-content\/uploads\/2023\/09\/IMG_4590-1536x1024.jpg 1536w, https:\/\/www.ing.uc.cl\/electrica\/wp-content\/uploads\/2023\/09\/IMG_4590-2048x1365.jpg 2048w, https:\/\/www.ing.uc.cl\/electrica\/wp-content\/uploads\/2023\/09\/IMG_4590-272x182.jpg 272w\" sizes=\"(max-width: 1024px) 100vw, 1024px\" \/><\/a><\/figure>\n\n\n\n<figure class=\"wp-block-image size-large\"><a href=\"https:\/\/www.ing.uc.cl\/electrica\/wp-content\/uploads\/2023\/09\/IMG_4585-scaled.jpg\"><img decoding=\"async\" width=\"1024\" height=\"683\" data-id=\"12786\" src=\"https:\/\/www.ing.uc.cl\/electrica\/wp-content\/uploads\/2023\/09\/IMG_4585-1024x683.jpg\" alt=\"\" class=\"wp-image-12786\" srcset=\"https:\/\/www.ing.uc.cl\/electrica\/wp-content\/uploads\/2023\/09\/IMG_4585-1024x683.jpg 1024w, https:\/\/www.ing.uc.cl\/electrica\/wp-content\/uploads\/2023\/09\/IMG_4585-300x200.jpg 300w, https:\/\/www.ing.uc.cl\/electrica\/wp-content\/uploads\/2023\/09\/IMG_4585-768x512.jpg 768w, https:\/\/www.ing.uc.cl\/electrica\/wp-content\/uploads\/2023\/09\/IMG_4585-1536x1024.jpg 1536w, https:\/\/www.ing.uc.cl\/electrica\/wp-content\/uploads\/2023\/09\/IMG_4585-2048x1365.jpg 2048w, https:\/\/www.ing.uc.cl\/electrica\/wp-content\/uploads\/2023\/09\/IMG_4585-272x182.jpg 272w\" sizes=\"(max-width: 1024px) 100vw, 1024px\" \/><\/a><\/figure>\n\n\n\n<figure class=\"wp-block-image size-large\"><a href=\"https:\/\/www.ing.uc.cl\/electrica\/wp-content\/uploads\/2023\/09\/IMG_4584-scaled.jpg\"><img loading=\"lazy\" decoding=\"async\" width=\"1024\" height=\"683\" data-id=\"12785\" src=\"https:\/\/www.ing.uc.cl\/electrica\/wp-content\/uploads\/2023\/09\/IMG_4584-1024x683.jpg\" alt=\"\" class=\"wp-image-12785\" srcset=\"https:\/\/www.ing.uc.cl\/electrica\/wp-content\/uploads\/2023\/09\/IMG_4584-1024x683.jpg 1024w, https:\/\/www.ing.uc.cl\/electrica\/wp-content\/uploads\/2023\/09\/IMG_4584-300x200.jpg 300w, https:\/\/www.ing.uc.cl\/electrica\/wp-content\/uploads\/2023\/09\/IMG_4584-768x512.jpg 768w, https:\/\/www.ing.uc.cl\/electrica\/wp-content\/uploads\/2023\/09\/IMG_4584-1536x1024.jpg 1536w, https:\/\/www.ing.uc.cl\/electrica\/wp-content\/uploads\/2023\/09\/IMG_4584-2048x1365.jpg 2048w, https:\/\/www.ing.uc.cl\/electrica\/wp-content\/uploads\/2023\/09\/IMG_4584-272x182.jpg 272w\" sizes=\"(max-width: 1024px) 100vw, 1024px\" \/><\/a><\/figure>\n\n\n\n<figure class=\"wp-block-image size-large\"><a href=\"https:\/\/www.ing.uc.cl\/electrica\/wp-content\/uploads\/2023\/09\/IMG_4582-scaled.jpg\"><img loading=\"lazy\" decoding=\"async\" width=\"1024\" height=\"683\" data-id=\"12784\" src=\"https:\/\/www.ing.uc.cl\/electrica\/wp-content\/uploads\/2023\/09\/IMG_4582-1024x683.jpg\" alt=\"\" class=\"wp-image-12784\" srcset=\"https:\/\/www.ing.uc.cl\/electrica\/wp-content\/uploads\/2023\/09\/IMG_4582-1024x683.jpg 1024w, https:\/\/www.ing.uc.cl\/electrica\/wp-content\/uploads\/2023\/09\/IMG_4582-300x200.jpg 300w, https:\/\/www.ing.uc.cl\/electrica\/wp-content\/uploads\/2023\/09\/IMG_4582-768x512.jpg 768w, https:\/\/www.ing.uc.cl\/electrica\/wp-content\/uploads\/2023\/09\/IMG_4582-1536x1024.jpg 1536w, https:\/\/www.ing.uc.cl\/electrica\/wp-content\/uploads\/2023\/09\/IMG_4582-2048x1365.jpg 2048w, https:\/\/www.ing.uc.cl\/electrica\/wp-content\/uploads\/2023\/09\/IMG_4582-272x182.jpg 272w\" sizes=\"(max-width: 1024px) 100vw, 1024px\" \/><\/a><\/figure>\n\n\n\n<figure class=\"wp-block-image size-large\"><a href=\"https:\/\/www.ing.uc.cl\/electrica\/wp-content\/uploads\/2023\/09\/IMG_4581-scaled.jpg\"><img loading=\"lazy\" decoding=\"async\" width=\"1024\" height=\"683\" data-id=\"12783\" src=\"https:\/\/www.ing.uc.cl\/electrica\/wp-content\/uploads\/2023\/09\/IMG_4581-1024x683.jpg\" alt=\"\" class=\"wp-image-12783\" srcset=\"https:\/\/www.ing.uc.cl\/electrica\/wp-content\/uploads\/2023\/09\/IMG_4581-1024x683.jpg 1024w, https:\/\/www.ing.uc.cl\/electrica\/wp-content\/uploads\/2023\/09\/IMG_4581-300x200.jpg 300w, https:\/\/www.ing.uc.cl\/electrica\/wp-content\/uploads\/2023\/09\/IMG_4581-768x512.jpg 768w, https:\/\/www.ing.uc.cl\/electrica\/wp-content\/uploads\/2023\/09\/IMG_4581-1536x1024.jpg 1536w, https:\/\/www.ing.uc.cl\/electrica\/wp-content\/uploads\/2023\/09\/IMG_4581-2048x1365.jpg 2048w, https:\/\/www.ing.uc.cl\/electrica\/wp-content\/uploads\/2023\/09\/IMG_4581-272x182.jpg 272w\" sizes=\"(max-width: 1024px) 100vw, 1024px\" \/><\/a><\/figure>\n\n\n\n<figure class=\"wp-block-image size-large\"><a href=\"https:\/\/www.ing.uc.cl\/electrica\/wp-content\/uploads\/2023\/09\/IMG_4577-scaled.jpg\"><img loading=\"lazy\" decoding=\"async\" width=\"1024\" height=\"683\" data-id=\"12782\" src=\"https:\/\/www.ing.uc.cl\/electrica\/wp-content\/uploads\/2023\/09\/IMG_4577-1024x683.jpg\" alt=\"\" class=\"wp-image-12782\" srcset=\"https:\/\/www.ing.uc.cl\/electrica\/wp-content\/uploads\/2023\/09\/IMG_4577-1024x683.jpg 1024w, https:\/\/www.ing.uc.cl\/electrica\/wp-content\/uploads\/2023\/09\/IMG_4577-300x200.jpg 300w, https:\/\/www.ing.uc.cl\/electrica\/wp-content\/uploads\/2023\/09\/IMG_4577-768x512.jpg 768w, https:\/\/www.ing.uc.cl\/electrica\/wp-content\/uploads\/2023\/09\/IMG_4577-1536x1024.jpg 1536w, https:\/\/www.ing.uc.cl\/electrica\/wp-content\/uploads\/2023\/09\/IMG_4577-2048x1365.jpg 2048w, https:\/\/www.ing.uc.cl\/electrica\/wp-content\/uploads\/2023\/09\/IMG_4577-272x182.jpg 272w\" sizes=\"(max-width: 1024px) 100vw, 1024px\" \/><\/a><\/figure>\n\n\n\n<figure class=\"wp-block-image size-large\"><a href=\"https:\/\/www.ing.uc.cl\/electrica\/wp-content\/uploads\/2023\/09\/IMG_4573-scaled.jpg\"><img loading=\"lazy\" decoding=\"async\" width=\"1024\" height=\"683\" data-id=\"12781\" src=\"https:\/\/www.ing.uc.cl\/electrica\/wp-content\/uploads\/2023\/09\/IMG_4573-1024x683.jpg\" alt=\"\" class=\"wp-image-12781\" srcset=\"https:\/\/www.ing.uc.cl\/electrica\/wp-content\/uploads\/2023\/09\/IMG_4573-1024x683.jpg 1024w, https:\/\/www.ing.uc.cl\/electrica\/wp-content\/uploads\/2023\/09\/IMG_4573-300x200.jpg 300w, https:\/\/www.ing.uc.cl\/electrica\/wp-content\/uploads\/2023\/09\/IMG_4573-768x512.jpg 768w, https:\/\/www.ing.uc.cl\/electrica\/wp-content\/uploads\/2023\/09\/IMG_4573-1536x1024.jpg 1536w, https:\/\/www.ing.uc.cl\/electrica\/wp-content\/uploads\/2023\/09\/IMG_4573-2048x1365.jpg 2048w, https:\/\/www.ing.uc.cl\/electrica\/wp-content\/uploads\/2023\/09\/IMG_4573-272x182.jpg 272w\" sizes=\"(max-width: 1024px) 100vw, 1024px\" \/><\/a><\/figure>\n\n\n\n<figure class=\"wp-block-image size-large\"><a href=\"https:\/\/www.ing.uc.cl\/electrica\/wp-content\/uploads\/2023\/09\/IMG_4571-scaled.jpg\"><img loading=\"lazy\" decoding=\"async\" width=\"1024\" height=\"683\" data-id=\"12780\" src=\"https:\/\/www.ing.uc.cl\/electrica\/wp-content\/uploads\/2023\/09\/IMG_4571-1024x683.jpg\" alt=\"\" class=\"wp-image-12780\" srcset=\"https:\/\/www.ing.uc.cl\/electrica\/wp-content\/uploads\/2023\/09\/IMG_4571-1024x683.jpg 1024w, https:\/\/www.ing.uc.cl\/electrica\/wp-content\/uploads\/2023\/09\/IMG_4571-300x200.jpg 300w, https:\/\/www.ing.uc.cl\/electrica\/wp-content\/uploads\/2023\/09\/IMG_4571-768x512.jpg 768w, https:\/\/www.ing.uc.cl\/electrica\/wp-content\/uploads\/2023\/09\/IMG_4571-1536x1024.jpg 1536w, https:\/\/www.ing.uc.cl\/electrica\/wp-content\/uploads\/2023\/09\/IMG_4571-2048x1365.jpg 2048w, https:\/\/www.ing.uc.cl\/electrica\/wp-content\/uploads\/2023\/09\/IMG_4571-272x182.jpg 272w\" sizes=\"(max-width: 1024px) 100vw, 1024px\" \/><\/a><\/figure>\n\n\n\n<figure class=\"wp-block-image size-large\"><a href=\"https:\/\/www.ing.uc.cl\/electrica\/wp-content\/uploads\/2023\/09\/IMG_4570-scaled.jpg\"><img loading=\"lazy\" decoding=\"async\" width=\"1024\" height=\"683\" data-id=\"12779\" src=\"https:\/\/www.ing.uc.cl\/electrica\/wp-content\/uploads\/2023\/09\/IMG_4570-1024x683.jpg\" alt=\"\" class=\"wp-image-12779\" srcset=\"https:\/\/www.ing.uc.cl\/electrica\/wp-content\/uploads\/2023\/09\/IMG_4570-1024x683.jpg 1024w, https:\/\/www.ing.uc.cl\/electrica\/wp-content\/uploads\/2023\/09\/IMG_4570-300x200.jpg 300w, https:\/\/www.ing.uc.cl\/electrica\/wp-content\/uploads\/2023\/09\/IMG_4570-768x512.jpg 768w, https:\/\/www.ing.uc.cl\/electrica\/wp-content\/uploads\/2023\/09\/IMG_4570-1536x1024.jpg 1536w, https:\/\/www.ing.uc.cl\/electrica\/wp-content\/uploads\/2023\/09\/IMG_4570-2048x1365.jpg 2048w, https:\/\/www.ing.uc.cl\/electrica\/wp-content\/uploads\/2023\/09\/IMG_4570-272x182.jpg 272w\" sizes=\"(max-width: 1024px) 100vw, 1024px\" \/><\/a><\/figure>\n\n\n\n<figure class=\"wp-block-image size-large\"><a href=\"https:\/\/www.ing.uc.cl\/electrica\/wp-content\/uploads\/2023\/09\/IMG_4568-scaled.jpg\"><img loading=\"lazy\" decoding=\"async\" width=\"1024\" height=\"683\" data-id=\"12778\" src=\"https:\/\/www.ing.uc.cl\/electrica\/wp-content\/uploads\/2023\/09\/IMG_4568-1024x683.jpg\" alt=\"\" class=\"wp-image-12778\" srcset=\"https:\/\/www.ing.uc.cl\/electrica\/wp-content\/uploads\/2023\/09\/IMG_4568-1024x683.jpg 1024w, https:\/\/www.ing.uc.cl\/electrica\/wp-content\/uploads\/2023\/09\/IMG_4568-300x200.jpg 300w, https:\/\/www.ing.uc.cl\/electrica\/wp-content\/uploads\/2023\/09\/IMG_4568-768x512.jpg 768w, https:\/\/www.ing.uc.cl\/electrica\/wp-content\/uploads\/2023\/09\/IMG_4568-1536x1024.jpg 1536w, https:\/\/www.ing.uc.cl\/electrica\/wp-content\/uploads\/2023\/09\/IMG_4568-2048x1365.jpg 2048w, https:\/\/www.ing.uc.cl\/electrica\/wp-content\/uploads\/2023\/09\/IMG_4568-272x182.jpg 272w\" sizes=\"(max-width: 1024px) 100vw, 1024px\" \/><\/a><\/figure>\n\n\n\n<figure class=\"wp-block-image size-large\"><a href=\"https:\/\/www.ing.uc.cl\/electrica\/wp-content\/uploads\/2023\/09\/IMG_4566-scaled.jpg\"><img loading=\"lazy\" decoding=\"async\" width=\"1024\" height=\"683\" data-id=\"12777\" src=\"https:\/\/www.ing.uc.cl\/electrica\/wp-content\/uploads\/2023\/09\/IMG_4566-1024x683.jpg\" alt=\"\" class=\"wp-image-12777\" srcset=\"https:\/\/www.ing.uc.cl\/electrica\/wp-content\/uploads\/2023\/09\/IMG_4566-1024x683.jpg 1024w, https:\/\/www.ing.uc.cl\/electrica\/wp-content\/uploads\/2023\/09\/IMG_4566-300x200.jpg 300w, https:\/\/www.ing.uc.cl\/electrica\/wp-content\/uploads\/2023\/09\/IMG_4566-768x512.jpg 768w, https:\/\/www.ing.uc.cl\/electrica\/wp-content\/uploads\/2023\/09\/IMG_4566-1536x1024.jpg 1536w, https:\/\/www.ing.uc.cl\/electrica\/wp-content\/uploads\/2023\/09\/IMG_4566-2048x1365.jpg 2048w, https:\/\/www.ing.uc.cl\/electrica\/wp-content\/uploads\/2023\/09\/IMG_4566-272x182.jpg 272w\" sizes=\"(max-width: 1024px) 100vw, 1024px\" \/><\/a><\/figure>\n\n\n\n<figure class=\"wp-block-image size-large\"><a href=\"https:\/\/www.ing.uc.cl\/electrica\/wp-content\/uploads\/2023\/09\/IMG_4564-scaled.jpg\"><img loading=\"lazy\" decoding=\"async\" width=\"1024\" height=\"683\" data-id=\"12776\" src=\"https:\/\/www.ing.uc.cl\/electrica\/wp-content\/uploads\/2023\/09\/IMG_4564-1024x683.jpg\" alt=\"\" class=\"wp-image-12776\" srcset=\"https:\/\/www.ing.uc.cl\/electrica\/wp-content\/uploads\/2023\/09\/IMG_4564-1024x683.jpg 1024w, https:\/\/www.ing.uc.cl\/electrica\/wp-content\/uploads\/2023\/09\/IMG_4564-300x200.jpg 300w, https:\/\/www.ing.uc.cl\/electrica\/wp-content\/uploads\/2023\/09\/IMG_4564-768x512.jpg 768w, https:\/\/www.ing.uc.cl\/electrica\/wp-content\/uploads\/2023\/09\/IMG_4564-1536x1024.jpg 1536w, https:\/\/www.ing.uc.cl\/electrica\/wp-content\/uploads\/2023\/09\/IMG_4564-2048x1365.jpg 2048w, https:\/\/www.ing.uc.cl\/electrica\/wp-content\/uploads\/2023\/09\/IMG_4564-272x182.jpg 272w\" sizes=\"(max-width: 1024px) 100vw, 1024px\" \/><\/a><\/figure>\n\n\n\n<figure class=\"wp-block-image size-large\"><a href=\"https:\/\/www.ing.uc.cl\/electrica\/wp-content\/uploads\/2023\/09\/IMG_4563-scaled.jpg\"><img loading=\"lazy\" decoding=\"async\" width=\"1024\" height=\"683\" data-id=\"12775\" src=\"https:\/\/www.ing.uc.cl\/electrica\/wp-content\/uploads\/2023\/09\/IMG_4563-1024x683.jpg\" alt=\"\" class=\"wp-image-12775\" srcset=\"https:\/\/www.ing.uc.cl\/electrica\/wp-content\/uploads\/2023\/09\/IMG_4563-1024x683.jpg 1024w, https:\/\/www.ing.uc.cl\/electrica\/wp-content\/uploads\/2023\/09\/IMG_4563-300x200.jpg 300w, https:\/\/www.ing.uc.cl\/electrica\/wp-content\/uploads\/2023\/09\/IMG_4563-768x512.jpg 768w, https:\/\/www.ing.uc.cl\/electrica\/wp-content\/uploads\/2023\/09\/IMG_4563-1536x1024.jpg 1536w, https:\/\/www.ing.uc.cl\/electrica\/wp-content\/uploads\/2023\/09\/IMG_4563-2048x1365.jpg 2048w, https:\/\/www.ing.uc.cl\/electrica\/wp-content\/uploads\/2023\/09\/IMG_4563-272x182.jpg 272w\" sizes=\"(max-width: 1024px) 100vw, 1024px\" \/><\/a><\/figure>\n\n\n\n<figure class=\"wp-block-image size-large\"><a href=\"https:\/\/www.ing.uc.cl\/electrica\/wp-content\/uploads\/2023\/09\/IMG_4559-scaled.jpg\"><img loading=\"lazy\" decoding=\"async\" width=\"1024\" height=\"683\" data-id=\"12774\" src=\"https:\/\/www.ing.uc.cl\/electrica\/wp-content\/uploads\/2023\/09\/IMG_4559-1024x683.jpg\" alt=\"\" class=\"wp-image-12774\" srcset=\"https:\/\/www.ing.uc.cl\/electrica\/wp-content\/uploads\/2023\/09\/IMG_4559-1024x683.jpg 1024w, https:\/\/www.ing.uc.cl\/electrica\/wp-content\/uploads\/2023\/09\/IMG_4559-300x200.jpg 300w, https:\/\/www.ing.uc.cl\/electrica\/wp-content\/uploads\/2023\/09\/IMG_4559-768x512.jpg 768w, https:\/\/www.ing.uc.cl\/electrica\/wp-content\/uploads\/2023\/09\/IMG_4559-1536x1024.jpg 1536w, https:\/\/www.ing.uc.cl\/electrica\/wp-content\/uploads\/2023\/09\/IMG_4559-2048x1365.jpg 2048w, https:\/\/www.ing.uc.cl\/electrica\/wp-content\/uploads\/2023\/09\/IMG_4559-272x182.jpg 272w\" sizes=\"(max-width: 1024px) 100vw, 1024px\" \/><\/a><\/figure>\n\n\n\n<figure class=\"wp-block-image size-large\"><a href=\"https:\/\/www.ing.uc.cl\/electrica\/wp-content\/uploads\/2023\/09\/IMG_4557-scaled.jpg\"><img loading=\"lazy\" decoding=\"async\" width=\"1024\" height=\"683\" data-id=\"12773\" src=\"https:\/\/www.ing.uc.cl\/electrica\/wp-content\/uploads\/2023\/09\/IMG_4557-1024x683.jpg\" alt=\"\" class=\"wp-image-12773\" srcset=\"https:\/\/www.ing.uc.cl\/electrica\/wp-content\/uploads\/2023\/09\/IMG_4557-1024x683.jpg 1024w, https:\/\/www.ing.uc.cl\/electrica\/wp-content\/uploads\/2023\/09\/IMG_4557-300x200.jpg 300w, https:\/\/www.ing.uc.cl\/electrica\/wp-content\/uploads\/2023\/09\/IMG_4557-768x512.jpg 768w, https:\/\/www.ing.uc.cl\/electrica\/wp-content\/uploads\/2023\/09\/IMG_4557-1536x1024.jpg 1536w, https:\/\/www.ing.uc.cl\/electrica\/wp-content\/uploads\/2023\/09\/IMG_4557-2048x1365.jpg 2048w, https:\/\/www.ing.uc.cl\/electrica\/wp-content\/uploads\/2023\/09\/IMG_4557-272x182.jpg 272w\" sizes=\"(max-width: 1024px) 100vw, 1024px\" \/><\/a><\/figure>\n<\/figure>\n","protected":false},"excerpt":{"rendered":"<p>Una vez m\u00e1s, como ya es tradici\u00f3n profesores alumnos y administrativos del departamento celebraron las fiestas patrias en un ambiente festivo, participando en juegos t\u00edpicos y competencias.<\/p>\n","protected":false},"author":7,"featured_media":12806,"comment_status":"closed","ping_status":"open","sticky":false,"template":"","format":"standard","meta":{"_acf_changed":false,"_eb_attr":"","site-sidebar-layout":"default","site-content-layout":"","ast-site-content-layout":"default","site-content-style":"default","site-sidebar-style":"default","ast-global-header-display":"","ast-banner-title-visibility":"","ast-main-header-display":"","ast-hfb-above-header-display":"","ast-hfb-below-header-display":"","ast-hfb-mobile-header-display":"","site-post-title":"","ast-breadcrumbs-content":"","ast-featured-img":"","footer-sml-layout":"","ast-disable-related-posts":"","theme-transparent-header-meta":"","adv-header-id-meta":"","stick-header-meta":"","header-above-stick-meta":"","header-main-stick-meta":"","header-below-stick-meta":"","astra-migrate-meta-layouts":"set","ast-page-background-enabled":"default","ast-page-background-meta":{"desktop":{"background-color":"","background-image":"","background-repeat":"repeat","background-position":"center center","background-size":"auto","background-attachment":"scroll","background-type":"","background-media":"","overlay-type":"","overlay-color":"","overlay-opacity":"","overlay-gradient":""},"tablet":{"background-color":"","background-image":"","background-repeat":"repeat","background-position":"center center","background-size":"auto","background-attachment":"scroll","background-type":"","background-media":"","overlay-type":"","overlay-color":"","overlay-opacity":"","overlay-gradient":""},"mobile":{"background-color":"","background-image":"","background-repeat":"repeat","background-position":"center center","background-size":"auto","background-attachment":"scroll","background-type":"","background-media":"","overlay-type":"","overlay-color":"","overlay-opacity":"","overlay-gradient":""}},"ast-content-background-meta":{"desktop":{"background-color":"var(--ast-global-color-5)","background-image":"","background-repeat":"repeat","background-position":"center center","background-size":"auto","background-attachment":"scroll","background-type":"","background-media":"","overlay-type":"","overlay-color":"","overlay-opacity":"","overlay-gradient":""},"tablet":{"background-color":"var(--ast-global-color-5)","background-image":"","background-repeat":"repeat","background-position":"center center","background-size":"auto","background-attachment":"scroll","background-type":"","background-media":"","overlay-type":"","overlay-color":"","overlay-opacity":"","overlay-gradient":""},"mobile":{"background-color":"var(--ast-global-color-5)","background-image":"","background-repeat":"repeat","background-position":"center center","background-size":"auto","background-attachment":"scroll","background-type":"","background-media":"","overlay-type":"","overlay-color":"","overlay-opacity":"","overlay-gradient":""}},"footnotes":""},"categories":[18],"tags":[],"class_list":["post-12772","post","type-post","status-publish","format-standard","has-post-thumbnail","hentry","category-electrica-noticias"],"acf":[],"yoast_head":"<!-- This site is optimized with the Yoast SEO plugin v27.5 - https:\/\/yoast.com\/product\/yoast-seo-wordpress\/ -->\n<title>Celebraci\u00f3n Fiestas Patrias 2023 - DEPARTAMENTO DE INGENIER\u00cdA EL\u00c9CTRICA<\/title>\n<meta name=\"robots\" content=\"index, follow, max-snippet:-1, max-image-preview:large, max-video-preview:-1\" \/>\n<link rel=\"canonical\" href=\"https:\/\/www.ing.uc.cl\/electrica\/2023\/09\/26\/celebracion-fiestas-patrias-2023\/\" \/>\n<meta property=\"og:locale\" content=\"es_ES\" \/>\n<meta property=\"og:type\" content=\"article\" \/>\n<meta property=\"og:title\" content=\"Celebraci\u00f3n Fiestas Patrias 2023 - DEPARTAMENTO DE INGENIER\u00cdA EL\u00c9CTRICA\" \/>\n<meta property=\"og:description\" content=\"Una vez m\u00e1s, como ya es tradici\u00f3n profesores alumnos y administrativos del departamento celebraron las fiestas patrias en un ambiente festivo, participando en juegos t\u00edpicos y competencias.\" \/>\n<meta property=\"og:url\" content=\"https:\/\/www.ing.uc.cl\/electrica\/2023\/09\/26\/celebracion-fiestas-patrias-2023\/\" \/>\n<meta property=\"og:site_name\" content=\"DEPARTAMENTO DE INGENIER\u00cdA EL\u00c9CTRICA\" \/>\n<meta property=\"article:published_time\" content=\"2023-09-26T15:58:01+00:00\" \/>\n<meta property=\"article:modified_time\" content=\"2023-09-27T14:32:24+00:00\" \/>\n<meta property=\"og:image\" content=\"https:\/\/www.ing.uc.cl\/electrica\/wp-content\/uploads\/2023\/09\/18-scaled.jpg\" \/>\n\t<meta property=\"og:image:width\" content=\"2100\" \/>\n\t<meta property=\"og:image:height\" content=\"2560\" \/>\n\t<meta property=\"og:image:type\" content=\"image\/jpeg\" \/>\n<meta name=\"author\" content=\"Maria Troncoso\" \/>\n<meta name=\"twitter:card\" content=\"summary_large_image\" \/>\n<meta name=\"twitter:label1\" content=\"Escrito por\" \/>\n\t<meta name=\"twitter:data1\" content=\"Maria Troncoso\" \/>\n\t<meta name=\"twitter:label2\" content=\"Tiempo estimado de lectura\" \/>\n\t<meta name=\"twitter:data2\" content=\"4 minutos\" \/>\n<script type=\"application\/ld+json\" class=\"yoast-schema-graph\">{\"@context\":\"https:\\\/\\\/schema.org\",\"@graph\":[{\"@type\":\"Article\",\"@id\":\"https:\\\/\\\/www.ing.uc.cl\\\/electrica\\\/2023\\\/09\\\/26\\\/celebracion-fiestas-patrias-2023\\\/#article\",\"isPartOf\":{\"@id\":\"https:\\\/\\\/www.ing.uc.cl\\\/electrica\\\/2023\\\/09\\\/26\\\/celebracion-fiestas-patrias-2023\\\/\"},\"author\":{\"name\":\"Maria Troncoso\",\"@id\":\"https:\\\/\\\/www.ing.uc.cl\\\/electrica\\\/#\\\/schema\\\/person\\\/568a5862edeea5190d9b3fb2ec4b7eea\"},\"headline\":\"Celebraci\u00f3n Fiestas Patrias 2023\",\"datePublished\":\"2023-09-26T15:58:01+00:00\",\"dateModified\":\"2023-09-27T14:32:24+00:00\",\"mainEntityOfPage\":{\"@id\":\"https:\\\/\\\/www.ing.uc.cl\\\/electrica\\\/2023\\\/09\\\/26\\\/celebracion-fiestas-patrias-2023\\\/\"},\"wordCount\":34,\"publisher\":{\"@id\":\"https:\\\/\\\/www.ing.uc.cl\\\/electrica\\\/#organization\"},\"image\":{\"@id\":\"https:\\\/\\\/www.ing.uc.cl\\\/electrica\\\/2023\\\/09\\\/26\\\/celebracion-fiestas-patrias-2023\\\/#primaryimage\"},\"thumbnailUrl\":\"https:\\\/\\\/www.ing.uc.cl\\\/electrica\\\/wp-content\\\/uploads\\\/2023\\\/09\\\/18-scaled.jpg\",\"articleSection\":[\"Noticias\"],\"inLanguage\":\"es-CL\"},{\"@type\":\"WebPage\",\"@id\":\"https:\\\/\\\/www.ing.uc.cl\\\/electrica\\\/2023\\\/09\\\/26\\\/celebracion-fiestas-patrias-2023\\\/\",\"url\":\"https:\\\/\\\/www.ing.uc.cl\\\/electrica\\\/2023\\\/09\\\/26\\\/celebracion-fiestas-patrias-2023\\\/\",\"name\":\"Celebraci\u00f3n Fiestas Patrias 2023 - DEPARTAMENTO DE INGENIER\u00cdA EL\u00c9CTRICA\",\"isPartOf\":{\"@id\":\"https:\\\/\\\/www.ing.uc.cl\\\/electrica\\\/#website\"},\"primaryImageOfPage\":{\"@id\":\"https:\\\/\\\/www.ing.uc.cl\\\/electrica\\\/2023\\\/09\\\/26\\\/celebracion-fiestas-patrias-2023\\\/#primaryimage\"},\"image\":{\"@id\":\"https:\\\/\\\/www.ing.uc.cl\\\/electrica\\\/2023\\\/09\\\/26\\\/celebracion-fiestas-patrias-2023\\\/#primaryimage\"},\"thumbnailUrl\":\"https:\\\/\\\/www.ing.uc.cl\\\/electrica\\\/wp-content\\\/uploads\\\/2023\\\/09\\\/18-scaled.jpg\",\"datePublished\":\"2023-09-26T15:58:01+00:00\",\"dateModified\":\"2023-09-27T14:32:24+00:00\",\"breadcrumb\":{\"@id\":\"https:\\\/\\\/www.ing.uc.cl\\\/electrica\\\/2023\\\/09\\\/26\\\/celebracion-fiestas-patrias-2023\\\/#breadcrumb\"},\"inLanguage\":\"es-CL\",\"potentialAction\":[{\"@type\":\"ReadAction\",\"target\":[\"https:\\\/\\\/www.ing.uc.cl\\\/electrica\\\/2023\\\/09\\\/26\\\/celebracion-fiestas-patrias-2023\\\/\"]}]},{\"@type\":\"ImageObject\",\"inLanguage\":\"es-CL\",\"@id\":\"https:\\\/\\\/www.ing.uc.cl\\\/electrica\\\/2023\\\/09\\\/26\\\/celebracion-fiestas-patrias-2023\\\/#primaryimage\",\"url\":\"https:\\\/\\\/www.ing.uc.cl\\\/electrica\\\/wp-content\\\/uploads\\\/2023\\\/09\\\/18-scaled.jpg\",\"contentUrl\":\"https:\\\/\\\/www.ing.uc.cl\\\/electrica\\\/wp-content\\\/uploads\\\/2023\\\/09\\\/18-scaled.jpg\",\"width\":2100,\"height\":2560},{\"@type\":\"BreadcrumbList\",\"@id\":\"https:\\\/\\\/www.ing.uc.cl\\\/electrica\\\/2023\\\/09\\\/26\\\/celebracion-fiestas-patrias-2023\\\/#breadcrumb\",\"itemListElement\":[{\"@type\":\"ListItem\",\"position\":1,\"name\":\"Portada\",\"item\":\"https:\\\/\\\/www.ing.uc.cl\\\/electrica\\\/\"},{\"@type\":\"ListItem\",\"position\":2,\"name\":\"Celebraci\u00f3n Fiestas Patrias 2023\"}]},{\"@type\":\"WebSite\",\"@id\":\"https:\\\/\\\/www.ing.uc.cl\\\/electrica\\\/#website\",\"url\":\"https:\\\/\\\/www.ing.uc.cl\\\/electrica\\\/\",\"name\":\"DEPARTAMENTO DE INGENIER\u00cdA EL\u00c9CTRICA\",\"description\":\"\",\"publisher\":{\"@id\":\"https:\\\/\\\/www.ing.uc.cl\\\/electrica\\\/#organization\"},\"potentialAction\":[{\"@type\":\"SearchAction\",\"target\":{\"@type\":\"EntryPoint\",\"urlTemplate\":\"https:\\\/\\\/www.ing.uc.cl\\\/electrica\\\/?s={search_term_string}\"},\"query-input\":{\"@type\":\"PropertyValueSpecification\",\"valueRequired\":true,\"valueName\":\"search_term_string\"}}],\"inLanguage\":\"es-CL\"},{\"@type\":\"Organization\",\"@id\":\"https:\\\/\\\/www.ing.uc.cl\\\/electrica\\\/#organization\",\"name\":\"DEPARTAMENTO DE INGENIER\u00cdA EL\u00c9CTRICA\",\"url\":\"https:\\\/\\\/www.ing.uc.cl\\\/electrica\\\/\",\"logo\":{\"@type\":\"ImageObject\",\"inLanguage\":\"es-CL\",\"@id\":\"https:\\\/\\\/www.ing.uc.cl\\\/electrica\\\/#\\\/schema\\\/logo\\\/image\\\/\",\"url\":\"https:\\\/\\\/www.ing.uc.cl\\\/electrica\\\/wp-content\\\/uploads\\\/2020\\\/03\\\/logo-uc-03.svg\",\"contentUrl\":\"https:\\\/\\\/www.ing.uc.cl\\\/electrica\\\/wp-content\\\/uploads\\\/2020\\\/03\\\/logo-uc-03.svg\",\"width\":156,\"height\":90,\"caption\":\"DEPARTAMENTO DE INGENIER\u00cdA EL\u00c9CTRICA\"},\"image\":{\"@id\":\"https:\\\/\\\/www.ing.uc.cl\\\/electrica\\\/#\\\/schema\\\/logo\\\/image\\\/\"}},{\"@type\":\"Person\",\"@id\":\"https:\\\/\\\/www.ing.uc.cl\\\/electrica\\\/#\\\/schema\\\/person\\\/568a5862edeea5190d9b3fb2ec4b7eea\",\"name\":\"Maria Troncoso\",\"image\":{\"@type\":\"ImageObject\",\"inLanguage\":\"es-CL\",\"@id\":\"https:\\\/\\\/secure.gravatar.com\\\/avatar\\\/8e2b9322e692717cb0c0b14822e661e7c973fd0cb012cc360b551a1eadb54e44?s=96&d=mm&r=g\",\"url\":\"https:\\\/\\\/secure.gravatar.com\\\/avatar\\\/8e2b9322e692717cb0c0b14822e661e7c973fd0cb012cc360b551a1eadb54e44?s=96&d=mm&r=g\",\"contentUrl\":\"https:\\\/\\\/secure.gravatar.com\\\/avatar\\\/8e2b9322e692717cb0c0b14822e661e7c973fd0cb012cc360b551a1eadb54e44?s=96&d=mm&r=g\",\"caption\":\"Maria Troncoso\"},\"url\":\"https:\\\/\\\/www.ing.uc.cl\\\/electrica\\\/author\\\/mary\\\/\"}]}<\/script>\n<!-- \/ Yoast SEO plugin. -->","yoast_head_json":{"title":"Celebraci\u00f3n Fiestas Patrias 2023 - DEPARTAMENTO DE INGENIER\u00cdA EL\u00c9CTRICA","robots":{"index":"index","follow":"follow","max-snippet":"max-snippet:-1","max-image-preview":"max-image-preview:large","max-video-preview":"max-video-preview:-1"},"canonical":"https:\/\/www.ing.uc.cl\/electrica\/2023\/09\/26\/celebracion-fiestas-patrias-2023\/","og_locale":"es_ES","og_type":"article","og_title":"Celebraci\u00f3n Fiestas Patrias 2023 - DEPARTAMENTO DE INGENIER\u00cdA EL\u00c9CTRICA","og_description":"Una vez m\u00e1s, como ya es tradici\u00f3n profesores alumnos y administrativos del departamento celebraron las fiestas patrias en un ambiente festivo, participando en juegos t\u00edpicos y competencias.","og_url":"https:\/\/www.ing.uc.cl\/electrica\/2023\/09\/26\/celebracion-fiestas-patrias-2023\/","og_site_name":"DEPARTAMENTO DE INGENIER\u00cdA EL\u00c9CTRICA","article_published_time":"2023-09-26T15:58:01+00:00","article_modified_time":"2023-09-27T14:32:24+00:00","og_image":[{"width":2100,"height":2560,"url":"https:\/\/www.ing.uc.cl\/electrica\/wp-content\/uploads\/2023\/09\/18-scaled.jpg","type":"image\/jpeg"}],"author":"Maria Troncoso","twitter_card":"summary_large_image","twitter_misc":{"Escrito por":"Maria Troncoso","Tiempo estimado de lectura":"4 minutos"},"schema":{"@context":"https:\/\/schema.org","@graph":[{"@type":"Article","@id":"https:\/\/www.ing.uc.cl\/electrica\/2023\/09\/26\/celebracion-fiestas-patrias-2023\/#article","isPartOf":{"@id":"https:\/\/www.ing.uc.cl\/electrica\/2023\/09\/26\/celebracion-fiestas-patrias-2023\/"},"author":{"name":"Maria Troncoso","@id":"https:\/\/www.ing.uc.cl\/electrica\/#\/schema\/person\/568a5862edeea5190d9b3fb2ec4b7eea"},"headline":"Celebraci\u00f3n Fiestas Patrias 2023","datePublished":"2023-09-26T15:58:01+00:00","dateModified":"2023-09-27T14:32:24+00:00","mainEntityOfPage":{"@id":"https:\/\/www.ing.uc.cl\/electrica\/2023\/09\/26\/celebracion-fiestas-patrias-2023\/"},"wordCount":34,"publisher":{"@id":"https:\/\/www.ing.uc.cl\/electrica\/#organization"},"image":{"@id":"https:\/\/www.ing.uc.cl\/electrica\/2023\/09\/26\/celebracion-fiestas-patrias-2023\/#primaryimage"},"thumbnailUrl":"https:\/\/www.ing.uc.cl\/electrica\/wp-content\/uploads\/2023\/09\/18-scaled.jpg","articleSection":["Noticias"],"inLanguage":"es-CL"},{"@type":"WebPage","@id":"https:\/\/www.ing.uc.cl\/electrica\/2023\/09\/26\/celebracion-fiestas-patrias-2023\/","url":"https:\/\/www.ing.uc.cl\/electrica\/2023\/09\/26\/celebracion-fiestas-patrias-2023\/","name":"Celebraci\u00f3n Fiestas Patrias 2023 - DEPARTAMENTO DE INGENIER\u00cdA EL\u00c9CTRICA","isPartOf":{"@id":"https:\/\/www.ing.uc.cl\/electrica\/#website"},"primaryImageOfPage":{"@id":"https:\/\/www.ing.uc.cl\/electrica\/2023\/09\/26\/celebracion-fiestas-patrias-2023\/#primaryimage"},"image":{"@id":"https:\/\/www.ing.uc.cl\/electrica\/2023\/09\/26\/celebracion-fiestas-patrias-2023\/#primaryimage"},"thumbnailUrl":"https:\/\/www.ing.uc.cl\/electrica\/wp-content\/uploads\/2023\/09\/18-scaled.jpg","datePublished":"2023-09-26T15:58:01+00:00","dateModified":"2023-09-27T14:32:24+00:00","breadcrumb":{"@id":"https:\/\/www.ing.uc.cl\/electrica\/2023\/09\/26\/celebracion-fiestas-patrias-2023\/#breadcrumb"},"inLanguage":"es-CL","potentialAction":[{"@type":"ReadAction","target":["https:\/\/www.ing.uc.cl\/electrica\/2023\/09\/26\/celebracion-fiestas-patrias-2023\/"]}]},{"@type":"ImageObject","inLanguage":"es-CL","@id":"https:\/\/www.ing.uc.cl\/electrica\/2023\/09\/26\/celebracion-fiestas-patrias-2023\/#primaryimage","url":"https:\/\/www.ing.uc.cl\/electrica\/wp-content\/uploads\/2023\/09\/18-scaled.jpg","contentUrl":"https:\/\/www.ing.uc.cl\/electrica\/wp-content\/uploads\/2023\/09\/18-scaled.jpg","width":2100,"height":2560},{"@type":"BreadcrumbList","@id":"https:\/\/www.ing.uc.cl\/electrica\/2023\/09\/26\/celebracion-fiestas-patrias-2023\/#breadcrumb","itemListElement":[{"@type":"ListItem","position":1,"name":"Portada","item":"https:\/\/www.ing.uc.cl\/electrica\/"},{"@type":"ListItem","position":2,"name":"Celebraci\u00f3n Fiestas Patrias 2023"}]},{"@type":"WebSite","@id":"https:\/\/www.ing.uc.cl\/electrica\/#website","url":"https:\/\/www.ing.uc.cl\/electrica\/","name":"DEPARTAMENTO DE INGENIER\u00cdA EL\u00c9CTRICA","description":"","publisher":{"@id":"https:\/\/www.ing.uc.cl\/electrica\/#organization"},"potentialAction":[{"@type":"SearchAction","target":{"@type":"EntryPoint","urlTemplate":"https:\/\/www.ing.uc.cl\/electrica\/?s={search_term_string}"},"query-input":{"@type":"PropertyValueSpecification","valueRequired":true,"valueName":"search_term_string"}}],"inLanguage":"es-CL"},{"@type":"Organization","@id":"https:\/\/www.ing.uc.cl\/electrica\/#organization","name":"DEPARTAMENTO DE INGENIER\u00cdA EL\u00c9CTRICA","url":"https:\/\/www.ing.uc.cl\/electrica\/","logo":{"@type":"ImageObject","inLanguage":"es-CL","@id":"https:\/\/www.ing.uc.cl\/electrica\/#\/schema\/logo\/image\/","url":"https:\/\/www.ing.uc.cl\/electrica\/wp-content\/uploads\/2020\/03\/logo-uc-03.svg","contentUrl":"https:\/\/www.ing.uc.cl\/electrica\/wp-content\/uploads\/2020\/03\/logo-uc-03.svg","width":156,"height":90,"caption":"DEPARTAMENTO DE INGENIER\u00cdA EL\u00c9CTRICA"},"image":{"@id":"https:\/\/www.ing.uc.cl\/electrica\/#\/schema\/logo\/image\/"}},{"@type":"Person","@id":"https:\/\/www.ing.uc.cl\/electrica\/#\/schema\/person\/568a5862edeea5190d9b3fb2ec4b7eea","name":"Maria Troncoso","image":{"@type":"ImageObject","inLanguage":"es-CL","@id":"https:\/\/secure.gravatar.com\/avatar\/8e2b9322e692717cb0c0b14822e661e7c973fd0cb012cc360b551a1eadb54e44?s=96&d=mm&r=g","url":"https:\/\/secure.gravatar.com\/avatar\/8e2b9322e692717cb0c0b14822e661e7c973fd0cb012cc360b551a1eadb54e44?s=96&d=mm&r=g","contentUrl":"https:\/\/secure.gravatar.com\/avatar\/8e2b9322e692717cb0c0b14822e661e7c973fd0cb012cc360b551a1eadb54e44?s=96&d=mm&r=g","caption":"Maria Troncoso"},"url":"https:\/\/www.ing.uc.cl\/electrica\/author\/mary\/"}]}},"_links":{"self":[{"href":"https:\/\/www.ing.uc.cl\/electrica\/wp-json\/wp\/v2\/posts\/12772","targetHints":{"allow":["GET"]}}],"collection":[{"href":"https:\/\/www.ing.uc.cl\/electrica\/wp-json\/wp\/v2\/posts"}],"about":[{"href":"https:\/\/www.ing.uc.cl\/electrica\/wp-json\/wp\/v2\/types\/post"}],"author":[{"embeddable":true,"href":"https:\/\/www.ing.uc.cl\/electrica\/wp-json\/wp\/v2\/users\/7"}],"replies":[{"embeddable":true,"href":"https:\/\/www.ing.uc.cl\/electrica\/wp-json\/wp\/v2\/comments?post=12772"}],"version-history":[{"count":2,"href":"https:\/\/www.ing.uc.cl\/electrica\/wp-json\/wp\/v2\/posts\/12772\/revisions"}],"predecessor-version":[{"id":12799,"href":"https:\/\/www.ing.uc.cl\/electrica\/wp-json\/wp\/v2\/posts\/12772\/revisions\/12799"}],"wp:featuredmedia":[{"embeddable":true,"href":"https:\/\/www.ing.uc.cl\/electrica\/wp-json\/wp\/v2\/media\/12806"}],"wp:attachment":[{"href":"https:\/\/www.ing.uc.cl\/electrica\/wp-json\/wp\/v2\/media?parent=12772"}],"wp:term":[{"taxonomy":"category","embeddable":true,"href":"https:\/\/www.ing.uc.cl\/electrica\/wp-json\/wp\/v2\/categories?post=12772"},{"taxonomy":"post_tag","embeddable":true,"href":"https:\/\/www.ing.uc.cl\/electrica\/wp-json\/wp\/v2\/tags?post=12772"}],"curies":[{"name":"wp","href":"https:\/\/api.w.org\/{rel}","templated":true}]}}