{"id":13419,"date":"2024-11-27T09:52:58","date_gmt":"2024-11-27T12:52:58","guid":{"rendered":"https:\/\/www.ing.uc.cl\/electrica\/?p=13419"},"modified":"2024-11-27T12:47:03","modified_gmt":"2024-11-27T15:47:03","slug":"celebracion-50-aniversario-del-departamento-de-ingenieria-electrica","status":"publish","type":"post","link":"https:\/\/www.ing.uc.cl\/electrica\/2024\/11\/27\/celebracion-50-aniversario-del-departamento-de-ingenieria-electrica\/","title":{"rendered":"Celebraci\u00f3n 50\u00b0 Aniversario del Departamento de Ingenier\u00eda El\u00e9ctrica"},"content":{"rendered":"\n<p class=\"has-medium-font-size\">Un legado de innovaci\u00f3n, excelencia y formaci\u00f3n de futuros l\u00edderes en ingenier\u00eda el\u00e9ctrica<\/p>\n\n\n\n<p>El pasado 7 de noviembre se celebr\u00f3 el 50\u00ba aniversario de nuestro departamento, con una cena especial a la que asistieron exalumnos, exprofesores, funcionarios, todo el equipo del DIE, profesores, administrativos&nbsp; y los representantes estudiantiles. Fue una noche llena de alegr\u00eda y emoci\u00f3n, en la que se entregaron distinciones y se rindi\u00f3 homenaje a los profesores que ya no est\u00e1n con nosotros. Este evento no solo celebr\u00f3 medio siglo de historia, sino que tambi\u00e9n permiti\u00f3 recordar y agradecer a quienes han sido parte fundamental de nuestra comunidad acad\u00e9mica a lo largo de los a\u00f1os.<\/p>\n\n\n\n<div class=\"wp-block-essential-blocks-image-gallery  root-eb-image-gallery-ag1s9\"><div class=\"eb-parent-wrapper eb-parent-eb-image-gallery-ag1s9 \"><div class=\"eb-gallery-img-wrapper eb-image-gallery-ag1s9 grid overlay-bottom caption-style-0   no-isotope \" data-id=\"eb-image-gallery-ag1s9\"><a href=\"https:\/\/www.ing.uc.cl\/electrica\/wp-content\/uploads\/2024\/11\/MG_4936-min-scaled.jpg\" rel=\"noopener\" data-fslightbox=\"gallery\" data-type=\"image\" class=\"eb-gallery-img-content eb-filter-img-\"><span class=\"eb-gallery-link-wrapper\"><img decoding=\"async\" class=\"eb-gallery-img\" src=\"https:\/\/www.ing.uc.cl\/electrica\/wp-content\/uploads\/2024\/11\/MG_4936-min-scaled.jpg\" image-index=\"0\" alt=\"\"\/><\/span><\/a><a href=\"https:\/\/www.ing.uc.cl\/electrica\/wp-content\/uploads\/2024\/11\/MG_4958-min-scaled.jpg\" rel=\"noopener\" data-fslightbox=\"gallery\" data-type=\"image\" class=\"eb-gallery-img-content eb-filter-img-\"><span class=\"eb-gallery-link-wrapper\"><img decoding=\"async\" class=\"eb-gallery-img\" src=\"https:\/\/www.ing.uc.cl\/electrica\/wp-content\/uploads\/2024\/11\/MG_4958-min-scaled.jpg\" image-index=\"1\" alt=\"\"\/><\/span><\/a><a href=\"https:\/\/www.ing.uc.cl\/electrica\/wp-content\/uploads\/2024\/11\/MG_4967-min-scaled.jpg\" rel=\"noopener\" data-fslightbox=\"gallery\" data-type=\"image\" class=\"eb-gallery-img-content eb-filter-img-\"><span class=\"eb-gallery-link-wrapper\"><img decoding=\"async\" class=\"eb-gallery-img\" src=\"https:\/\/www.ing.uc.cl\/electrica\/wp-content\/uploads\/2024\/11\/MG_4967-min-scaled.jpg\" image-index=\"2\" alt=\"\"\/><\/span><\/a><a href=\"https:\/\/www.ing.uc.cl\/electrica\/wp-content\/uploads\/2024\/11\/MG_5007-min-scaled.jpg\" rel=\"noopener\" data-fslightbox=\"gallery\" data-type=\"image\" class=\"eb-gallery-img-content eb-filter-img-\"><span class=\"eb-gallery-link-wrapper\"><img decoding=\"async\" class=\"eb-gallery-img\" src=\"https:\/\/www.ing.uc.cl\/electrica\/wp-content\/uploads\/2024\/11\/MG_5007-min-scaled.jpg\" image-index=\"3\" alt=\"\"\/><\/span><\/a><a href=\"https:\/\/www.ing.uc.cl\/electrica\/wp-content\/uploads\/2024\/11\/MG_5026-min-scaled.jpg\" rel=\"noopener\" data-fslightbox=\"gallery\" data-type=\"image\" class=\"eb-gallery-img-content eb-filter-img-\"><span class=\"eb-gallery-link-wrapper\"><img decoding=\"async\" class=\"eb-gallery-img\" src=\"https:\/\/www.ing.uc.cl\/electrica\/wp-content\/uploads\/2024\/11\/MG_5026-min-scaled.jpg\" image-index=\"4\" alt=\"\"\/><\/span><\/a><a href=\"https:\/\/www.ing.uc.cl\/electrica\/wp-content\/uploads\/2024\/11\/MG_5047-min-scaled.jpg\" rel=\"noopener\" data-fslightbox=\"gallery\" data-type=\"image\" class=\"eb-gallery-img-content eb-filter-img-\"><span class=\"eb-gallery-link-wrapper\"><img decoding=\"async\" class=\"eb-gallery-img\" src=\"https:\/\/www.ing.uc.cl\/electrica\/wp-content\/uploads\/2024\/11\/MG_5047-min-scaled.jpg\" image-index=\"5\" alt=\"\"\/><\/span><\/a><a href=\"https:\/\/www.ing.uc.cl\/electrica\/wp-content\/uploads\/2024\/11\/MG_5049-min-scaled.jpg\" rel=\"noopener\" data-fslightbox=\"gallery\" data-type=\"image\" class=\"eb-gallery-img-content eb-filter-img-\"><span class=\"eb-gallery-link-wrapper\"><img decoding=\"async\" class=\"eb-gallery-img\" src=\"https:\/\/www.ing.uc.cl\/electrica\/wp-content\/uploads\/2024\/11\/MG_5049-min-scaled.jpg\" image-index=\"6\" alt=\"\"\/><\/span><\/a><a href=\"https:\/\/www.ing.uc.cl\/electrica\/wp-content\/uploads\/2024\/11\/MG_5070-min-scaled.jpg\" rel=\"noopener\" data-fslightbox=\"gallery\" data-type=\"image\" class=\"eb-gallery-img-content eb-filter-img-\"><span class=\"eb-gallery-link-wrapper\"><img decoding=\"async\" class=\"eb-gallery-img\" src=\"https:\/\/www.ing.uc.cl\/electrica\/wp-content\/uploads\/2024\/11\/MG_5070-min-scaled.jpg\" image-index=\"7\" alt=\"\"\/><\/span><\/a><a href=\"https:\/\/www.ing.uc.cl\/electrica\/wp-content\/uploads\/2024\/11\/MG_5089-min-scaled.jpg\" rel=\"noopener\" data-fslightbox=\"gallery\" data-type=\"image\" class=\"eb-gallery-img-content eb-filter-img-\"><span class=\"eb-gallery-link-wrapper\"><img decoding=\"async\" class=\"eb-gallery-img\" src=\"https:\/\/www.ing.uc.cl\/electrica\/wp-content\/uploads\/2024\/11\/MG_5089-min-scaled.jpg\" image-index=\"8\" alt=\"\"\/><\/span><\/a><a href=\"https:\/\/www.ing.uc.cl\/electrica\/wp-content\/uploads\/2024\/11\/MG_5111-min-scaled.jpg\" rel=\"noopener\" data-fslightbox=\"gallery\" data-type=\"image\" class=\"eb-gallery-img-content eb-filter-img-\"><span class=\"eb-gallery-link-wrapper\"><img decoding=\"async\" class=\"eb-gallery-img\" src=\"https:\/\/www.ing.uc.cl\/electrica\/wp-content\/uploads\/2024\/11\/MG_5111-min-scaled.jpg\" image-index=\"9\" alt=\"\"\/><\/span><\/a><a href=\"https:\/\/www.ing.uc.cl\/electrica\/wp-content\/uploads\/2024\/11\/MG_5127-min-scaled.jpg\" rel=\"noopener\" data-fslightbox=\"gallery\" data-type=\"image\" class=\"eb-gallery-img-content eb-filter-img-\"><span class=\"eb-gallery-link-wrapper\"><img decoding=\"async\" class=\"eb-gallery-img\" src=\"https:\/\/www.ing.uc.cl\/electrica\/wp-content\/uploads\/2024\/11\/MG_5127-min-scaled.jpg\" image-index=\"10\" alt=\"\"\/><\/span><\/a><a href=\"https:\/\/www.ing.uc.cl\/electrica\/wp-content\/uploads\/2024\/11\/MG_5254-min-scaled.jpg\" rel=\"noopener\" data-fslightbox=\"gallery\" data-type=\"image\" class=\"eb-gallery-img-content eb-filter-img-\"><span class=\"eb-gallery-link-wrapper\"><img decoding=\"async\" class=\"eb-gallery-img\" src=\"https:\/\/www.ing.uc.cl\/electrica\/wp-content\/uploads\/2024\/11\/MG_5254-min-scaled.jpg\" image-index=\"11\" alt=\"\"\/><\/span><\/a><a href=\"https:\/\/www.ing.uc.cl\/electrica\/wp-content\/uploads\/2024\/11\/MG_5257-min-scaled.jpg\" rel=\"noopener\" data-fslightbox=\"gallery\" data-type=\"image\" class=\"eb-gallery-img-content eb-filter-img-\"><span class=\"eb-gallery-link-wrapper\"><img decoding=\"async\" class=\"eb-gallery-img\" src=\"https:\/\/www.ing.uc.cl\/electrica\/wp-content\/uploads\/2024\/11\/MG_5257-min-scaled.jpg\" image-index=\"12\" alt=\"\"\/><\/span><\/a><a href=\"https:\/\/www.ing.uc.cl\/electrica\/wp-content\/uploads\/2024\/11\/MG_5261-min-scaled.jpg\" rel=\"noopener\" data-fslightbox=\"gallery\" data-type=\"image\" class=\"eb-gallery-img-content eb-filter-img-\"><span class=\"eb-gallery-link-wrapper\"><img decoding=\"async\" class=\"eb-gallery-img\" src=\"https:\/\/www.ing.uc.cl\/electrica\/wp-content\/uploads\/2024\/11\/MG_5261-min-scaled.jpg\" image-index=\"13\" alt=\"\"\/><\/span><\/a><a href=\"https:\/\/www.ing.uc.cl\/electrica\/wp-content\/uploads\/2024\/11\/MG_5383-min-scaled.jpg\" rel=\"noopener\" data-fslightbox=\"gallery\" data-type=\"image\" class=\"eb-gallery-img-content eb-filter-img-\"><span class=\"eb-gallery-link-wrapper\"><img decoding=\"async\" class=\"eb-gallery-img\" src=\"https:\/\/www.ing.uc.cl\/electrica\/wp-content\/uploads\/2024\/11\/MG_5383-min-scaled.jpg\" image-index=\"14\" alt=\"\"\/><\/span><\/a><\/div><\/div><\/div>\n\n\n\n<div style=\"height:41px\" aria-hidden=\"true\" class=\"wp-block-spacer\"><\/div>\n\n\n\n<p>Adem\u00e1s te dejamos un link para acceder a todas las fotograf\u00edas<\/p>\n\n\n\n<div class=\"wp-block-buttons is-content-justification-center is-layout-flex wp-container-core-buttons-is-layout-a89b3969 wp-block-buttons-is-layout-flex\">\n<div class=\"wp-block-button\"><a class=\"wp-block-button__link wp-element-button\" href=\"https:\/\/uccl0-my.sharepoint.com\/:f:\/g\/personal\/reunionesdie_uc_cl\/Etze3EQJHHJGukmueA3BhiwBkG91bc8OtDhwoZg5atfaWA?e=gWnB9I\">\u00c1lbum de Fotografias<\/a><\/div>\n<\/div>\n","protected":false},"excerpt":{"rendered":"<p>Un legado de innovaci\u00f3n, excelencia y formaci\u00f3n de futuros l\u00edderes en ingenier\u00eda el\u00e9ctrica El pasado 7 de noviembre se celebr\u00f3 el 50\u00ba aniversario de nuestro departamento, con una cena especial a la que asistieron exalumnos, exprofesores, funcionarios, todo el equipo del DIE, profesores, administrativos&nbsp; y los representantes estudiantiles. Fue una noche llena de alegr\u00eda y emoci\u00f3n, en la que se entregaron distinciones y se rindi\u00f3 homenaje a los profesores que ya no est\u00e1n con nosotros. Este evento no solo celebr\u00f3 medio siglo de historia, sino que tambi\u00e9n permiti\u00f3 recordar y agradecer a quienes han sido parte fundamental de nuestra comunidad acad\u00e9mica a lo largo de los a\u00f1os. Adem\u00e1s te dejamos un link para acceder a todas las fotograf\u00edas<\/p>\n","protected":false},"author":4,"featured_media":13418,"comment_status":"closed","ping_status":"open","sticky":false,"template":"","format":"standard","meta":{"_acf_changed":false,"_eb_attr":"","site-sidebar-layout":"default","site-content-layout":"","ast-site-content-layout":"default","site-content-style":"default","site-sidebar-style":"default","ast-global-header-display":"","ast-banner-title-visibility":"","ast-main-header-display":"","ast-hfb-above-header-display":"","ast-hfb-below-header-display":"","ast-hfb-mobile-header-display":"","site-post-title":"","ast-breadcrumbs-content":"","ast-featured-img":"","footer-sml-layout":"","ast-disable-related-posts":"","theme-transparent-header-meta":"","adv-header-id-meta":"","stick-header-meta":"","header-above-stick-meta":"","header-main-stick-meta":"","header-below-stick-meta":"","astra-migrate-meta-layouts":"set","ast-page-background-enabled":"default","ast-page-background-meta":{"desktop":{"background-color":"","background-image":"","background-repeat":"repeat","background-position":"center center","background-size":"auto","background-attachment":"scroll","background-type":"","background-media":"","overlay-type":"","overlay-color":"","overlay-opacity":"","overlay-gradient":""},"tablet":{"background-color":"","background-image":"","background-repeat":"repeat","background-position":"center center","background-size":"auto","background-attachment":"scroll","background-type":"","background-media":"","overlay-type":"","overlay-color":"","overlay-opacity":"","overlay-gradient":""},"mobile":{"background-color":"","background-image":"","background-repeat":"repeat","background-position":"center center","background-size":"auto","background-attachment":"scroll","background-type":"","background-media":"","overlay-type":"","overlay-color":"","overlay-opacity":"","overlay-gradient":""}},"ast-content-background-meta":{"desktop":{"background-color":"var(--ast-global-color-5)","background-image":"","background-repeat":"repeat","background-position":"center center","background-size":"auto","background-attachment":"scroll","background-type":"","background-media":"","overlay-type":"","overlay-color":"","overlay-opacity":"","overlay-gradient":""},"tablet":{"background-color":"var(--ast-global-color-5)","background-image":"","background-repeat":"repeat","background-position":"center center","background-size":"auto","background-attachment":"scroll","background-type":"","background-media":"","overlay-type":"","overlay-color":"","overlay-opacity":"","overlay-gradient":""},"mobile":{"background-color":"var(--ast-global-color-5)","background-image":"","background-repeat":"repeat","background-position":"center center","background-size":"auto","background-attachment":"scroll","background-type":"","background-media":"","overlay-type":"","overlay-color":"","overlay-opacity":"","overlay-gradient":""}},"footnotes":""},"categories":[18],"tags":[],"class_list":["post-13419","post","type-post","status-publish","format-standard","has-post-thumbnail","hentry","category-electrica-noticias"],"acf":[],"yoast_head":"<!-- This site is optimized with the Yoast SEO plugin v27.5 - https:\/\/yoast.com\/product\/yoast-seo-wordpress\/ -->\n<title>Celebraci\u00f3n 50\u00b0 Aniversario del Departamento de Ingenier\u00eda El\u00e9ctrica - DEPARTAMENTO DE INGENIER\u00cdA EL\u00c9CTRICA<\/title>\n<meta name=\"robots\" content=\"index, follow, max-snippet:-1, max-image-preview:large, max-video-preview:-1\" \/>\n<link rel=\"canonical\" href=\"https:\/\/www.ing.uc.cl\/electrica\/2024\/11\/27\/celebracion-50-aniversario-del-departamento-de-ingenieria-electrica\/\" \/>\n<meta property=\"og:locale\" content=\"es_ES\" \/>\n<meta property=\"og:type\" content=\"article\" \/>\n<meta property=\"og:title\" content=\"Celebraci\u00f3n 50\u00b0 Aniversario del Departamento de Ingenier\u00eda El\u00e9ctrica - DEPARTAMENTO DE INGENIER\u00cdA EL\u00c9CTRICA\" \/>\n<meta property=\"og:description\" content=\"Un legado de innovaci\u00f3n, excelencia y formaci\u00f3n de futuros l\u00edderes en ingenier\u00eda el\u00e9ctrica El pasado 7 de noviembre se celebr\u00f3 el 50\u00ba aniversario de nuestro departamento, con una cena especial a la que asistieron exalumnos, exprofesores, funcionarios, todo el equipo del DIE, profesores, administrativos&nbsp; y los representantes estudiantiles. Fue una noche llena de alegr\u00eda y emoci\u00f3n, en la que se entregaron distinciones y se rindi\u00f3 homenaje a los profesores que ya no est\u00e1n con nosotros. Este evento no solo celebr\u00f3 medio siglo de historia, sino que tambi\u00e9n permiti\u00f3 recordar y agradecer a quienes han sido parte fundamental de nuestra comunidad acad\u00e9mica a lo largo de los a\u00f1os. Adem\u00e1s te dejamos un link para acceder a todas las fotograf\u00edas\" \/>\n<meta property=\"og:url\" content=\"https:\/\/www.ing.uc.cl\/electrica\/2024\/11\/27\/celebracion-50-aniversario-del-departamento-de-ingenieria-electrica\/\" \/>\n<meta property=\"og:site_name\" content=\"DEPARTAMENTO DE INGENIER\u00cdA EL\u00c9CTRICA\" \/>\n<meta property=\"article:published_time\" content=\"2024-11-27T12:52:58+00:00\" \/>\n<meta property=\"article:modified_time\" content=\"2024-11-27T15:47:03+00:00\" \/>\n<meta property=\"og:image\" content=\"https:\/\/www.ing.uc.cl\/electrica\/wp-content\/uploads\/2024\/11\/MG_4936-min-scaled.jpg\" \/>\n\t<meta property=\"og:image:width\" content=\"2560\" \/>\n\t<meta property=\"og:image:height\" content=\"1707\" \/>\n\t<meta property=\"og:image:type\" content=\"image\/jpeg\" \/>\n<meta name=\"author\" content=\"Francisco H\" \/>\n<meta name=\"twitter:card\" content=\"summary_large_image\" \/>\n<meta name=\"twitter:label1\" content=\"Escrito por\" \/>\n\t<meta name=\"twitter:data1\" content=\"Francisco H\" \/>\n\t<meta name=\"twitter:label2\" content=\"Tiempo estimado de lectura\" \/>\n\t<meta name=\"twitter:data2\" content=\"4 minutos\" \/>\n<script type=\"application\/ld+json\" class=\"yoast-schema-graph\">{\"@context\":\"https:\\\/\\\/schema.org\",\"@graph\":[{\"@type\":\"Article\",\"@id\":\"https:\\\/\\\/www.ing.uc.cl\\\/electrica\\\/2024\\\/11\\\/27\\\/celebracion-50-aniversario-del-departamento-de-ingenieria-electrica\\\/#article\",\"isPartOf\":{\"@id\":\"https:\\\/\\\/www.ing.uc.cl\\\/electrica\\\/2024\\\/11\\\/27\\\/celebracion-50-aniversario-del-departamento-de-ingenieria-electrica\\\/\"},\"author\":{\"name\":\"Francisco H\",\"@id\":\"https:\\\/\\\/www.ing.uc.cl\\\/electrica\\\/#\\\/schema\\\/person\\\/46a2c0f475e2bf9366409f2ed1944667\"},\"headline\":\"Celebraci\u00f3n 50\u00b0 Aniversario del Departamento de Ingenier\u00eda El\u00e9ctrica\",\"datePublished\":\"2024-11-27T12:52:58+00:00\",\"dateModified\":\"2024-11-27T15:47:03+00:00\",\"mainEntityOfPage\":{\"@id\":\"https:\\\/\\\/www.ing.uc.cl\\\/electrica\\\/2024\\\/11\\\/27\\\/celebracion-50-aniversario-del-departamento-de-ingenieria-electrica\\\/\"},\"wordCount\":143,\"publisher\":{\"@id\":\"https:\\\/\\\/www.ing.uc.cl\\\/electrica\\\/#organization\"},\"image\":{\"@id\":\"https:\\\/\\\/www.ing.uc.cl\\\/electrica\\\/2024\\\/11\\\/27\\\/celebracion-50-aniversario-del-departamento-de-ingenieria-electrica\\\/#primaryimage\"},\"thumbnailUrl\":\"https:\\\/\\\/www.ing.uc.cl\\\/electrica\\\/wp-content\\\/uploads\\\/2024\\\/11\\\/MG_4936-min-scaled.jpg\",\"articleSection\":[\"Noticias\"],\"inLanguage\":\"es-CL\"},{\"@type\":\"WebPage\",\"@id\":\"https:\\\/\\\/www.ing.uc.cl\\\/electrica\\\/2024\\\/11\\\/27\\\/celebracion-50-aniversario-del-departamento-de-ingenieria-electrica\\\/\",\"url\":\"https:\\\/\\\/www.ing.uc.cl\\\/electrica\\\/2024\\\/11\\\/27\\\/celebracion-50-aniversario-del-departamento-de-ingenieria-electrica\\\/\",\"name\":\"Celebraci\u00f3n 50\u00b0 Aniversario del Departamento de Ingenier\u00eda El\u00e9ctrica - DEPARTAMENTO DE INGENIER\u00cdA EL\u00c9CTRICA\",\"isPartOf\":{\"@id\":\"https:\\\/\\\/www.ing.uc.cl\\\/electrica\\\/#website\"},\"primaryImageOfPage\":{\"@id\":\"https:\\\/\\\/www.ing.uc.cl\\\/electrica\\\/2024\\\/11\\\/27\\\/celebracion-50-aniversario-del-departamento-de-ingenieria-electrica\\\/#primaryimage\"},\"image\":{\"@id\":\"https:\\\/\\\/www.ing.uc.cl\\\/electrica\\\/2024\\\/11\\\/27\\\/celebracion-50-aniversario-del-departamento-de-ingenieria-electrica\\\/#primaryimage\"},\"thumbnailUrl\":\"https:\\\/\\\/www.ing.uc.cl\\\/electrica\\\/wp-content\\\/uploads\\\/2024\\\/11\\\/MG_4936-min-scaled.jpg\",\"datePublished\":\"2024-11-27T12:52:58+00:00\",\"dateModified\":\"2024-11-27T15:47:03+00:00\",\"breadcrumb\":{\"@id\":\"https:\\\/\\\/www.ing.uc.cl\\\/electrica\\\/2024\\\/11\\\/27\\\/celebracion-50-aniversario-del-departamento-de-ingenieria-electrica\\\/#breadcrumb\"},\"inLanguage\":\"es-CL\",\"potentialAction\":[{\"@type\":\"ReadAction\",\"target\":[\"https:\\\/\\\/www.ing.uc.cl\\\/electrica\\\/2024\\\/11\\\/27\\\/celebracion-50-aniversario-del-departamento-de-ingenieria-electrica\\\/\"]}]},{\"@type\":\"ImageObject\",\"inLanguage\":\"es-CL\",\"@id\":\"https:\\\/\\\/www.ing.uc.cl\\\/electrica\\\/2024\\\/11\\\/27\\\/celebracion-50-aniversario-del-departamento-de-ingenieria-electrica\\\/#primaryimage\",\"url\":\"https:\\\/\\\/www.ing.uc.cl\\\/electrica\\\/wp-content\\\/uploads\\\/2024\\\/11\\\/MG_4936-min-scaled.jpg\",\"contentUrl\":\"https:\\\/\\\/www.ing.uc.cl\\\/electrica\\\/wp-content\\\/uploads\\\/2024\\\/11\\\/MG_4936-min-scaled.jpg\",\"width\":2560,\"height\":1707},{\"@type\":\"BreadcrumbList\",\"@id\":\"https:\\\/\\\/www.ing.uc.cl\\\/electrica\\\/2024\\\/11\\\/27\\\/celebracion-50-aniversario-del-departamento-de-ingenieria-electrica\\\/#breadcrumb\",\"itemListElement\":[{\"@type\":\"ListItem\",\"position\":1,\"name\":\"Portada\",\"item\":\"https:\\\/\\\/www.ing.uc.cl\\\/electrica\\\/\"},{\"@type\":\"ListItem\",\"position\":2,\"name\":\"Celebraci\u00f3n 50\u00b0 Aniversario del Departamento de Ingenier\u00eda El\u00e9ctrica\"}]},{\"@type\":\"WebSite\",\"@id\":\"https:\\\/\\\/www.ing.uc.cl\\\/electrica\\\/#website\",\"url\":\"https:\\\/\\\/www.ing.uc.cl\\\/electrica\\\/\",\"name\":\"DEPARTAMENTO DE INGENIER\u00cdA EL\u00c9CTRICA\",\"description\":\"\",\"publisher\":{\"@id\":\"https:\\\/\\\/www.ing.uc.cl\\\/electrica\\\/#organization\"},\"potentialAction\":[{\"@type\":\"SearchAction\",\"target\":{\"@type\":\"EntryPoint\",\"urlTemplate\":\"https:\\\/\\\/www.ing.uc.cl\\\/electrica\\\/?s={search_term_string}\"},\"query-input\":{\"@type\":\"PropertyValueSpecification\",\"valueRequired\":true,\"valueName\":\"search_term_string\"}}],\"inLanguage\":\"es-CL\"},{\"@type\":\"Organization\",\"@id\":\"https:\\\/\\\/www.ing.uc.cl\\\/electrica\\\/#organization\",\"name\":\"DEPARTAMENTO DE INGENIER\u00cdA EL\u00c9CTRICA\",\"url\":\"https:\\\/\\\/www.ing.uc.cl\\\/electrica\\\/\",\"logo\":{\"@type\":\"ImageObject\",\"inLanguage\":\"es-CL\",\"@id\":\"https:\\\/\\\/www.ing.uc.cl\\\/electrica\\\/#\\\/schema\\\/logo\\\/image\\\/\",\"url\":\"https:\\\/\\\/www.ing.uc.cl\\\/electrica\\\/wp-content\\\/uploads\\\/2020\\\/03\\\/logo-uc-03.svg\",\"contentUrl\":\"https:\\\/\\\/www.ing.uc.cl\\\/electrica\\\/wp-content\\\/uploads\\\/2020\\\/03\\\/logo-uc-03.svg\",\"width\":156,\"height\":90,\"caption\":\"DEPARTAMENTO DE INGENIER\u00cdA EL\u00c9CTRICA\"},\"image\":{\"@id\":\"https:\\\/\\\/www.ing.uc.cl\\\/electrica\\\/#\\\/schema\\\/logo\\\/image\\\/\"}},{\"@type\":\"Person\",\"@id\":\"https:\\\/\\\/www.ing.uc.cl\\\/electrica\\\/#\\\/schema\\\/person\\\/46a2c0f475e2bf9366409f2ed1944667\",\"name\":\"Francisco H\",\"image\":{\"@type\":\"ImageObject\",\"inLanguage\":\"es-CL\",\"@id\":\"https:\\\/\\\/secure.gravatar.com\\\/avatar\\\/63233762875caf7cb464abb0c994788b36bb5a903f4b5e6d958a14f57c41e047?s=96&d=mm&r=g\",\"url\":\"https:\\\/\\\/secure.gravatar.com\\\/avatar\\\/63233762875caf7cb464abb0c994788b36bb5a903f4b5e6d958a14f57c41e047?s=96&d=mm&r=g\",\"contentUrl\":\"https:\\\/\\\/secure.gravatar.com\\\/avatar\\\/63233762875caf7cb464abb0c994788b36bb5a903f4b5e6d958a14f57c41e047?s=96&d=mm&r=g\",\"caption\":\"Francisco H\"},\"url\":\"https:\\\/\\\/www.ing.uc.cl\\\/electrica\\\/author\\\/fherreros\\\/\"}]}<\/script>\n<!-- \/ Yoast SEO plugin. -->","yoast_head_json":{"title":"Celebraci\u00f3n 50\u00b0 Aniversario del Departamento de Ingenier\u00eda El\u00e9ctrica - DEPARTAMENTO DE INGENIER\u00cdA EL\u00c9CTRICA","robots":{"index":"index","follow":"follow","max-snippet":"max-snippet:-1","max-image-preview":"max-image-preview:large","max-video-preview":"max-video-preview:-1"},"canonical":"https:\/\/www.ing.uc.cl\/electrica\/2024\/11\/27\/celebracion-50-aniversario-del-departamento-de-ingenieria-electrica\/","og_locale":"es_ES","og_type":"article","og_title":"Celebraci\u00f3n 50\u00b0 Aniversario del Departamento de Ingenier\u00eda El\u00e9ctrica - DEPARTAMENTO DE INGENIER\u00cdA EL\u00c9CTRICA","og_description":"Un legado de innovaci\u00f3n, excelencia y formaci\u00f3n de futuros l\u00edderes en ingenier\u00eda el\u00e9ctrica El pasado 7 de noviembre se celebr\u00f3 el 50\u00ba aniversario de nuestro departamento, con una cena especial a la que asistieron exalumnos, exprofesores, funcionarios, todo el equipo del DIE, profesores, administrativos&nbsp; y los representantes estudiantiles. Fue una noche llena de alegr\u00eda y emoci\u00f3n, en la que se entregaron distinciones y se rindi\u00f3 homenaje a los profesores que ya no est\u00e1n con nosotros. Este evento no solo celebr\u00f3 medio siglo de historia, sino que tambi\u00e9n permiti\u00f3 recordar y agradecer a quienes han sido parte fundamental de nuestra comunidad acad\u00e9mica a lo largo de los a\u00f1os. Adem\u00e1s te dejamos un link para acceder a todas las fotograf\u00edas","og_url":"https:\/\/www.ing.uc.cl\/electrica\/2024\/11\/27\/celebracion-50-aniversario-del-departamento-de-ingenieria-electrica\/","og_site_name":"DEPARTAMENTO DE INGENIER\u00cdA EL\u00c9CTRICA","article_published_time":"2024-11-27T12:52:58+00:00","article_modified_time":"2024-11-27T15:47:03+00:00","og_image":[{"width":2560,"height":1707,"url":"https:\/\/www.ing.uc.cl\/electrica\/wp-content\/uploads\/2024\/11\/MG_4936-min-scaled.jpg","type":"image\/jpeg"}],"author":"Francisco H","twitter_card":"summary_large_image","twitter_misc":{"Escrito por":"Francisco H","Tiempo estimado de lectura":"4 minutos"},"schema":{"@context":"https:\/\/schema.org","@graph":[{"@type":"Article","@id":"https:\/\/www.ing.uc.cl\/electrica\/2024\/11\/27\/celebracion-50-aniversario-del-departamento-de-ingenieria-electrica\/#article","isPartOf":{"@id":"https:\/\/www.ing.uc.cl\/electrica\/2024\/11\/27\/celebracion-50-aniversario-del-departamento-de-ingenieria-electrica\/"},"author":{"name":"Francisco H","@id":"https:\/\/www.ing.uc.cl\/electrica\/#\/schema\/person\/46a2c0f475e2bf9366409f2ed1944667"},"headline":"Celebraci\u00f3n 50\u00b0 Aniversario del Departamento de Ingenier\u00eda El\u00e9ctrica","datePublished":"2024-11-27T12:52:58+00:00","dateModified":"2024-11-27T15:47:03+00:00","mainEntityOfPage":{"@id":"https:\/\/www.ing.uc.cl\/electrica\/2024\/11\/27\/celebracion-50-aniversario-del-departamento-de-ingenieria-electrica\/"},"wordCount":143,"publisher":{"@id":"https:\/\/www.ing.uc.cl\/electrica\/#organization"},"image":{"@id":"https:\/\/www.ing.uc.cl\/electrica\/2024\/11\/27\/celebracion-50-aniversario-del-departamento-de-ingenieria-electrica\/#primaryimage"},"thumbnailUrl":"https:\/\/www.ing.uc.cl\/electrica\/wp-content\/uploads\/2024\/11\/MG_4936-min-scaled.jpg","articleSection":["Noticias"],"inLanguage":"es-CL"},{"@type":"WebPage","@id":"https:\/\/www.ing.uc.cl\/electrica\/2024\/11\/27\/celebracion-50-aniversario-del-departamento-de-ingenieria-electrica\/","url":"https:\/\/www.ing.uc.cl\/electrica\/2024\/11\/27\/celebracion-50-aniversario-del-departamento-de-ingenieria-electrica\/","name":"Celebraci\u00f3n 50\u00b0 Aniversario del Departamento de Ingenier\u00eda El\u00e9ctrica - DEPARTAMENTO DE INGENIER\u00cdA EL\u00c9CTRICA","isPartOf":{"@id":"https:\/\/www.ing.uc.cl\/electrica\/#website"},"primaryImageOfPage":{"@id":"https:\/\/www.ing.uc.cl\/electrica\/2024\/11\/27\/celebracion-50-aniversario-del-departamento-de-ingenieria-electrica\/#primaryimage"},"image":{"@id":"https:\/\/www.ing.uc.cl\/electrica\/2024\/11\/27\/celebracion-50-aniversario-del-departamento-de-ingenieria-electrica\/#primaryimage"},"thumbnailUrl":"https:\/\/www.ing.uc.cl\/electrica\/wp-content\/uploads\/2024\/11\/MG_4936-min-scaled.jpg","datePublished":"2024-11-27T12:52:58+00:00","dateModified":"2024-11-27T15:47:03+00:00","breadcrumb":{"@id":"https:\/\/www.ing.uc.cl\/electrica\/2024\/11\/27\/celebracion-50-aniversario-del-departamento-de-ingenieria-electrica\/#breadcrumb"},"inLanguage":"es-CL","potentialAction":[{"@type":"ReadAction","target":["https:\/\/www.ing.uc.cl\/electrica\/2024\/11\/27\/celebracion-50-aniversario-del-departamento-de-ingenieria-electrica\/"]}]},{"@type":"ImageObject","inLanguage":"es-CL","@id":"https:\/\/www.ing.uc.cl\/electrica\/2024\/11\/27\/celebracion-50-aniversario-del-departamento-de-ingenieria-electrica\/#primaryimage","url":"https:\/\/www.ing.uc.cl\/electrica\/wp-content\/uploads\/2024\/11\/MG_4936-min-scaled.jpg","contentUrl":"https:\/\/www.ing.uc.cl\/electrica\/wp-content\/uploads\/2024\/11\/MG_4936-min-scaled.jpg","width":2560,"height":1707},{"@type":"BreadcrumbList","@id":"https:\/\/www.ing.uc.cl\/electrica\/2024\/11\/27\/celebracion-50-aniversario-del-departamento-de-ingenieria-electrica\/#breadcrumb","itemListElement":[{"@type":"ListItem","position":1,"name":"Portada","item":"https:\/\/www.ing.uc.cl\/electrica\/"},{"@type":"ListItem","position":2,"name":"Celebraci\u00f3n 50\u00b0 Aniversario del Departamento de Ingenier\u00eda El\u00e9ctrica"}]},{"@type":"WebSite","@id":"https:\/\/www.ing.uc.cl\/electrica\/#website","url":"https:\/\/www.ing.uc.cl\/electrica\/","name":"DEPARTAMENTO DE INGENIER\u00cdA EL\u00c9CTRICA","description":"","publisher":{"@id":"https:\/\/www.ing.uc.cl\/electrica\/#organization"},"potentialAction":[{"@type":"SearchAction","target":{"@type":"EntryPoint","urlTemplate":"https:\/\/www.ing.uc.cl\/electrica\/?s={search_term_string}"},"query-input":{"@type":"PropertyValueSpecification","valueRequired":true,"valueName":"search_term_string"}}],"inLanguage":"es-CL"},{"@type":"Organization","@id":"https:\/\/www.ing.uc.cl\/electrica\/#organization","name":"DEPARTAMENTO DE INGENIER\u00cdA EL\u00c9CTRICA","url":"https:\/\/www.ing.uc.cl\/electrica\/","logo":{"@type":"ImageObject","inLanguage":"es-CL","@id":"https:\/\/www.ing.uc.cl\/electrica\/#\/schema\/logo\/image\/","url":"https:\/\/www.ing.uc.cl\/electrica\/wp-content\/uploads\/2020\/03\/logo-uc-03.svg","contentUrl":"https:\/\/www.ing.uc.cl\/electrica\/wp-content\/uploads\/2020\/03\/logo-uc-03.svg","width":156,"height":90,"caption":"DEPARTAMENTO DE INGENIER\u00cdA EL\u00c9CTRICA"},"image":{"@id":"https:\/\/www.ing.uc.cl\/electrica\/#\/schema\/logo\/image\/"}},{"@type":"Person","@id":"https:\/\/www.ing.uc.cl\/electrica\/#\/schema\/person\/46a2c0f475e2bf9366409f2ed1944667","name":"Francisco H","image":{"@type":"ImageObject","inLanguage":"es-CL","@id":"https:\/\/secure.gravatar.com\/avatar\/63233762875caf7cb464abb0c994788b36bb5a903f4b5e6d958a14f57c41e047?s=96&d=mm&r=g","url":"https:\/\/secure.gravatar.com\/avatar\/63233762875caf7cb464abb0c994788b36bb5a903f4b5e6d958a14f57c41e047?s=96&d=mm&r=g","contentUrl":"https:\/\/secure.gravatar.com\/avatar\/63233762875caf7cb464abb0c994788b36bb5a903f4b5e6d958a14f57c41e047?s=96&d=mm&r=g","caption":"Francisco H"},"url":"https:\/\/www.ing.uc.cl\/electrica\/author\/fherreros\/"}]}},"_links":{"self":[{"href":"https:\/\/www.ing.uc.cl\/electrica\/wp-json\/wp\/v2\/posts\/13419","targetHints":{"allow":["GET"]}}],"collection":[{"href":"https:\/\/www.ing.uc.cl\/electrica\/wp-json\/wp\/v2\/posts"}],"about":[{"href":"https:\/\/www.ing.uc.cl\/electrica\/wp-json\/wp\/v2\/types\/post"}],"author":[{"embeddable":true,"href":"https:\/\/www.ing.uc.cl\/electrica\/wp-json\/wp\/v2\/users\/4"}],"replies":[{"embeddable":true,"href":"https:\/\/www.ing.uc.cl\/electrica\/wp-json\/wp\/v2\/comments?post=13419"}],"version-history":[{"count":19,"href":"https:\/\/www.ing.uc.cl\/electrica\/wp-json\/wp\/v2\/posts\/13419\/revisions"}],"predecessor-version":[{"id":13453,"href":"https:\/\/www.ing.uc.cl\/electrica\/wp-json\/wp\/v2\/posts\/13419\/revisions\/13453"}],"wp:featuredmedia":[{"embeddable":true,"href":"https:\/\/www.ing.uc.cl\/electrica\/wp-json\/wp\/v2\/media\/13418"}],"wp:attachment":[{"href":"https:\/\/www.ing.uc.cl\/electrica\/wp-json\/wp\/v2\/media?parent=13419"}],"wp:term":[{"taxonomy":"category","embeddable":true,"href":"https:\/\/www.ing.uc.cl\/electrica\/wp-json\/wp\/v2\/categories?post=13419"},{"taxonomy":"post_tag","embeddable":true,"href":"https:\/\/www.ing.uc.cl\/electrica\/wp-json\/wp\/v2\/tags?post=13419"}],"curies":[{"name":"wp","href":"https:\/\/api.w.org\/{rel}","templated":true}]}}