{"id":14071,"date":"2025-10-29T15:39:08","date_gmt":"2025-10-29T18:39:08","guid":{"rendered":"https:\/\/www.ing.uc.cl\/electrica\/?p=14071"},"modified":"2025-10-29T15:39:52","modified_gmt":"2025-10-29T18:39:52","slug":"vacante-academica","status":"publish","type":"post","link":"https:\/\/www.ing.uc.cl\/electrica\/2025\/10\/29\/vacante-academica\/","title":{"rendered":"Vacante Acad\u00e9mica"},"content":{"rendered":"\n<p class=\"has-medium-font-size\">La Escuela de Ingenier\u00eda UC busca nuevos talentos acad\u00e9micos en Ingenier\u00eda El\u00e9ctrica<\/p>\n\n\n\n<figure class=\"wp-block-image size-large\"><img fetchpriority=\"high\" decoding=\"async\" width=\"1024\" height=\"576\" src=\"https:\/\/www.ing.uc.cl\/electrica\/wp-content\/uploads\/2025\/10\/VACANTE-ACADEMICA-ELECTRICA-UC-1024x576.png\" alt=\"\" class=\"wp-image-14070\" srcset=\"https:\/\/www.ing.uc.cl\/electrica\/wp-content\/uploads\/2025\/10\/VACANTE-ACADEMICA-ELECTRICA-UC-1024x576.png 1024w, https:\/\/www.ing.uc.cl\/electrica\/wp-content\/uploads\/2025\/10\/VACANTE-ACADEMICA-ELECTRICA-UC-300x169.png 300w, https:\/\/www.ing.uc.cl\/electrica\/wp-content\/uploads\/2025\/10\/VACANTE-ACADEMICA-ELECTRICA-UC-768x432.png 768w, https:\/\/www.ing.uc.cl\/electrica\/wp-content\/uploads\/2025\/10\/VACANTE-ACADEMICA-ELECTRICA-UC-1536x864.png 1536w, https:\/\/www.ing.uc.cl\/electrica\/wp-content\/uploads\/2025\/10\/VACANTE-ACADEMICA-ELECTRICA-UC.png 1920w\" sizes=\"(max-width: 1024px) 100vw, 1024px\" \/><\/figure>\n\n\n\n<p> <\/p>\n\n\n\n<p>La\u00a0<strong>Pontificia Universidad Cat\u00f3lica de Chile<\/strong>, una de las instituciones de ingenier\u00eda m\u00e1s prestigiosas de Latinoam\u00e9rica, invita a\u00a0<strong>candidatas y candidatos destacados<\/strong>\u00a0a postularse para una\u00a0<strong>plaza docente de tiempo completo<\/strong>\u00a0en el\u00a0<strong>Departamento de Ingenier\u00eda El\u00e9ctrica<\/strong>, en todas las \u00e1reas de la disciplina. Buscamos personas comprometidas con la\u00a0<strong>excelencia acad\u00e9mica, la investigaci\u00f3n de alto impacto y la formaci\u00f3n de nuevas generaciones de ingenieras e ingenieros<\/strong>.<br>El puesto contempla docencia de pregrado y posgrado, investigaci\u00f3n, innovaci\u00f3n tecnol\u00f3gica y colaboraci\u00f3n interdisciplinaria.<\/p>\n\n\n\n<p>&#8211;&nbsp;<strong>Requisitos principales:<\/strong><\/p>\n\n\n\n<ul class=\"wp-block-list\">\n<li>Doctorado en Ingenier\u00eda El\u00e9ctrica o \u00e1reas afines.<\/li>\n\n\n\n<li>Compromiso con la docencia, la investigaci\u00f3n y la vinculaci\u00f3n con el medio.<\/li>\n\n\n\n<li>Dominio del ingl\u00e9s (el espa\u00f1ol puede aprenderse dentro de los primeros dos a\u00f1os).<\/li>\n<\/ul>\n\n\n\n<p><strong>&#8211; Nivel del cargo:<\/strong>&nbsp;Profesor\/a Asistente (se considerar\u00e1n postulaciones excepcionales para Profesor\/a Asociado\/a).<\/p>\n\n\n\n<p>&#8211;&nbsp;<strong>Plazo de postulaci\u00f3n:<\/strong>&nbsp;hasta el&nbsp;<strong>31 de noviembre de 2025<\/strong>&nbsp;(las solicitudes se considerar\u00e1n hasta que la vacante sea cubierta).<\/p>\n\n\n\n<p><strong>&#8211; Postula en:<\/strong>&nbsp;<a rel=\"noreferrer noopener\" target=\"_blank\" href=\"https:\/\/nam10.safelinks.protection.outlook.com\/?url=https%3A%2F%2Ftinyurl.com%2F2s3s6e2d&amp;data=05%7C02%7Cmary%40uc.cl%7C456deb43a31d43d8ad4b08de16fb1188%7C5ff5d9faf83f4ac1a4d2eb48ea0a00d2%7C0%7C0%7C638973464776740728%7CUnknown%7CTWFpbGZsb3d8eyJFbXB0eU1hcGkiOnRydWUsIlYiOiIwLjAuMDAwMCIsIlAiOiJXaW4zMiIsIkFOIjoiTWFpbCIsIldUIjoyfQ%3D%3D%7C0%7C%7C%7C&amp;sdata=XzQmBGBtkdDW5On39tNycppGc6sa34iTWsmT73yr56s%3D&amp;reserved=0\">https:\/\/tinyurl.com\/2s3s6e2d<\/a><\/p>\n\n\n\n<p>Consultas:<\/p>\n\n\n\n<ul class=\"wp-block-list\">\n<li><strong>Jefe del Departamento:<\/strong>\u00a0Mat\u00edas Negrete Pincetic,\u00a0<a href=\"mailto:mnp@uc.cl\">mnp@uc.cl<\/a><\/li>\n\n\n\n<li><strong>Apoyo en el proceso de postulaci\u00f3n:<\/strong>\u00a0<a href=\"mailto:facultypositions.ing@uc.cl\">facultypositions.ing@uc.cl<\/a><\/li>\n<\/ul>\n\n\n\n<p>M\u00e1s informaci\u00f3n sobre beneficios acad\u00e9micos:&nbsp;<a rel=\"noreferrer noopener\" target=\"_blank\" href=\"https:\/\/nam10.safelinks.protection.outlook.com\/?url=https%3A%2F%2Ftinyurl.com%2Fcp8hnnsk&amp;data=05%7C02%7Cmary%40uc.cl%7C456deb43a31d43d8ad4b08de16fb1188%7C5ff5d9faf83f4ac1a4d2eb48ea0a00d2%7C0%7C0%7C638973464776758017%7CUnknown%7CTWFpbGZsb3d8eyJFbXB0eU1hcGkiOnRydWUsIlYiOiIwLjAuMDAwMCIsIlAiOiJXaW4zMiIsIkFOIjoiTWFpbCIsIldUIjoyfQ%3D%3D%7C0%7C%7C%7C&amp;sdata=B6xab8BMI0U%2FYw7MeOXZFRDX3puKzKx4iIHqoMaQwTk%3D&amp;reserved=0\">https:\/\/tinyurl.com\/cp8hnnsk<\/a><\/p>\n\n\n\n<p><\/p>\n","protected":false},"excerpt":{"rendered":"<p>La Escuela de Ingenier\u00eda UC busca nuevos talentos acad\u00e9micos en Ingenier\u00eda El\u00e9ctrica La\u00a0Pontificia Universidad Cat\u00f3lica de Chile, una de las instituciones de ingenier\u00eda m\u00e1s prestigiosas de Latinoam\u00e9rica, invita a\u00a0candidatas y candidatos destacados\u00a0a postularse para una\u00a0plaza docente de tiempo completo\u00a0en el\u00a0Departamento de Ingenier\u00eda El\u00e9ctrica, en todas las \u00e1reas de la disciplina. Buscamos personas comprometidas con la\u00a0excelencia acad\u00e9mica, la investigaci\u00f3n de alto impacto y la formaci\u00f3n de nuevas generaciones de ingenieras e ingenieros.El puesto contempla docencia de pregrado y posgrado, investigaci\u00f3n, innovaci\u00f3n tecnol\u00f3gica y colaboraci\u00f3n interdisciplinaria. &#8211;&nbsp;Requisitos principales: &#8211; Nivel del cargo:&nbsp;Profesor\/a Asistente (se considerar\u00e1n postulaciones excepcionales para Profesor\/a Asociado\/a). &#8211;&nbsp;Plazo de postulaci\u00f3n:&nbsp;hasta el&nbsp;31 de noviembre de 2025&nbsp;(las solicitudes se considerar\u00e1n hasta que la vacante sea cubierta). &#8211; Postula en:&nbsp;https:\/\/tinyurl.com\/2s3s6e2d Consultas: M\u00e1s informaci\u00f3n sobre beneficios acad\u00e9micos:&nbsp;https:\/\/tinyurl.com\/cp8hnnsk<\/p>\n","protected":false},"author":7,"featured_media":14070,"comment_status":"closed","ping_status":"open","sticky":false,"template":"","format":"standard","meta":{"_acf_changed":false,"_eb_attr":"","site-sidebar-layout":"default","site-content-layout":"","ast-site-content-layout":"default","site-content-style":"default","site-sidebar-style":"default","ast-global-header-display":"","ast-banner-title-visibility":"","ast-main-header-display":"","ast-hfb-above-header-display":"","ast-hfb-below-header-display":"","ast-hfb-mobile-header-display":"","site-post-title":"","ast-breadcrumbs-content":"","ast-featured-img":"","footer-sml-layout":"","ast-disable-related-posts":"","theme-transparent-header-meta":"","adv-header-id-meta":"","stick-header-meta":"","header-above-stick-meta":"","header-main-stick-meta":"","header-below-stick-meta":"","astra-migrate-meta-layouts":"set","ast-page-background-enabled":"default","ast-page-background-meta":{"desktop":{"background-color":"","background-image":"","background-repeat":"repeat","background-position":"center center","background-size":"auto","background-attachment":"scroll","background-type":"","background-media":"","overlay-type":"","overlay-color":"","overlay-opacity":"","overlay-gradient":""},"tablet":{"background-color":"","background-image":"","background-repeat":"repeat","background-position":"center center","background-size":"auto","background-attachment":"scroll","background-type":"","background-media":"","overlay-type":"","overlay-color":"","overlay-opacity":"","overlay-gradient":""},"mobile":{"background-color":"","background-image":"","background-repeat":"repeat","background-position":"center center","background-size":"auto","background-attachment":"scroll","background-type":"","background-media":"","overlay-type":"","overlay-color":"","overlay-opacity":"","overlay-gradient":""}},"ast-content-background-meta":{"desktop":{"background-color":"var(--ast-global-color-5)","background-image":"","background-repeat":"repeat","background-position":"center center","background-size":"auto","background-attachment":"scroll","background-type":"","background-media":"","overlay-type":"","overlay-color":"","overlay-opacity":"","overlay-gradient":""},"tablet":{"background-color":"var(--ast-global-color-5)","background-image":"","background-repeat":"repeat","background-position":"center center","background-size":"auto","background-attachment":"scroll","background-type":"","background-media":"","overlay-type":"","overlay-color":"","overlay-opacity":"","overlay-gradient":""},"mobile":{"background-color":"var(--ast-global-color-5)","background-image":"","background-repeat":"repeat","background-position":"center center","background-size":"auto","background-attachment":"scroll","background-type":"","background-media":"","overlay-type":"","overlay-color":"","overlay-opacity":"","overlay-gradient":""}},"footnotes":""},"categories":[18],"tags":[],"class_list":["post-14071","post","type-post","status-publish","format-standard","has-post-thumbnail","hentry","category-electrica-noticias"],"acf":[],"yoast_head":"<!-- This site is optimized with the Yoast SEO plugin v27.5 - https:\/\/yoast.com\/product\/yoast-seo-wordpress\/ -->\n<title>Vacante Acad\u00e9mica - DEPARTAMENTO DE INGENIER\u00cdA EL\u00c9CTRICA<\/title>\n<meta name=\"robots\" content=\"index, follow, max-snippet:-1, max-image-preview:large, max-video-preview:-1\" \/>\n<link rel=\"canonical\" href=\"https:\/\/www.ing.uc.cl\/electrica\/2025\/10\/29\/vacante-academica\/\" \/>\n<meta property=\"og:locale\" content=\"es_ES\" \/>\n<meta property=\"og:type\" content=\"article\" \/>\n<meta property=\"og:title\" content=\"Vacante Acad\u00e9mica - DEPARTAMENTO DE INGENIER\u00cdA EL\u00c9CTRICA\" \/>\n<meta property=\"og:description\" content=\"La Escuela de Ingenier\u00eda UC busca nuevos talentos acad\u00e9micos en Ingenier\u00eda El\u00e9ctrica La\u00a0Pontificia Universidad Cat\u00f3lica de Chile, una de las instituciones de ingenier\u00eda m\u00e1s prestigiosas de Latinoam\u00e9rica, invita a\u00a0candidatas y candidatos destacados\u00a0a postularse para una\u00a0plaza docente de tiempo completo\u00a0en el\u00a0Departamento de Ingenier\u00eda El\u00e9ctrica, en todas las \u00e1reas de la disciplina. Buscamos personas comprometidas con la\u00a0excelencia acad\u00e9mica, la investigaci\u00f3n de alto impacto y la formaci\u00f3n de nuevas generaciones de ingenieras e ingenieros.El puesto contempla docencia de pregrado y posgrado, investigaci\u00f3n, innovaci\u00f3n tecnol\u00f3gica y colaboraci\u00f3n interdisciplinaria. &#8211;&nbsp;Requisitos principales: &#8211; Nivel del cargo:&nbsp;Profesor\/a Asistente (se considerar\u00e1n postulaciones excepcionales para Profesor\/a Asociado\/a). &#8211;&nbsp;Plazo de postulaci\u00f3n:&nbsp;hasta el&nbsp;31 de noviembre de 2025&nbsp;(las solicitudes se considerar\u00e1n hasta que la vacante sea cubierta). &#8211; Postula en:&nbsp;https:\/\/tinyurl.com\/2s3s6e2d Consultas: M\u00e1s informaci\u00f3n sobre beneficios acad\u00e9micos:&nbsp;https:\/\/tinyurl.com\/cp8hnnsk\" \/>\n<meta property=\"og:url\" content=\"https:\/\/www.ing.uc.cl\/electrica\/2025\/10\/29\/vacante-academica\/\" \/>\n<meta property=\"og:site_name\" content=\"DEPARTAMENTO DE INGENIER\u00cdA EL\u00c9CTRICA\" \/>\n<meta property=\"article:published_time\" content=\"2025-10-29T18:39:08+00:00\" \/>\n<meta property=\"article:modified_time\" content=\"2025-10-29T18:39:52+00:00\" \/>\n<meta property=\"og:image\" content=\"https:\/\/www.ing.uc.cl\/electrica\/wp-content\/uploads\/2025\/10\/VACANTE-ACADEMICA-ELECTRICA-UC.png\" \/>\n\t<meta property=\"og:image:width\" content=\"1920\" \/>\n\t<meta property=\"og:image:height\" content=\"1080\" \/>\n\t<meta property=\"og:image:type\" content=\"image\/png\" \/>\n<meta name=\"author\" content=\"Maria Troncoso\" \/>\n<meta name=\"twitter:card\" content=\"summary_large_image\" \/>\n<meta name=\"twitter:label1\" content=\"Escrito por\" \/>\n\t<meta name=\"twitter:data1\" content=\"Maria Troncoso\" \/>\n\t<meta name=\"twitter:label2\" content=\"Tiempo estimado de lectura\" \/>\n\t<meta name=\"twitter:data2\" content=\"2 minutos\" \/>\n<script type=\"application\/ld+json\" class=\"yoast-schema-graph\">{\"@context\":\"https:\\\/\\\/schema.org\",\"@graph\":[{\"@type\":\"Article\",\"@id\":\"https:\\\/\\\/www.ing.uc.cl\\\/electrica\\\/2025\\\/10\\\/29\\\/vacante-academica\\\/#article\",\"isPartOf\":{\"@id\":\"https:\\\/\\\/www.ing.uc.cl\\\/electrica\\\/2025\\\/10\\\/29\\\/vacante-academica\\\/\"},\"author\":{\"name\":\"Maria Troncoso\",\"@id\":\"https:\\\/\\\/www.ing.uc.cl\\\/electrica\\\/#\\\/schema\\\/person\\\/568a5862edeea5190d9b3fb2ec4b7eea\"},\"headline\":\"Vacante Acad\u00e9mica\",\"datePublished\":\"2025-10-29T18:39:08+00:00\",\"dateModified\":\"2025-10-29T18:39:52+00:00\",\"mainEntityOfPage\":{\"@id\":\"https:\\\/\\\/www.ing.uc.cl\\\/electrica\\\/2025\\\/10\\\/29\\\/vacante-academica\\\/\"},\"wordCount\":245,\"publisher\":{\"@id\":\"https:\\\/\\\/www.ing.uc.cl\\\/electrica\\\/#organization\"},\"image\":{\"@id\":\"https:\\\/\\\/www.ing.uc.cl\\\/electrica\\\/2025\\\/10\\\/29\\\/vacante-academica\\\/#primaryimage\"},\"thumbnailUrl\":\"https:\\\/\\\/www.ing.uc.cl\\\/electrica\\\/wp-content\\\/uploads\\\/2025\\\/10\\\/VACANTE-ACADEMICA-ELECTRICA-UC.png\",\"articleSection\":[\"Noticias\"],\"inLanguage\":\"es-CL\"},{\"@type\":\"WebPage\",\"@id\":\"https:\\\/\\\/www.ing.uc.cl\\\/electrica\\\/2025\\\/10\\\/29\\\/vacante-academica\\\/\",\"url\":\"https:\\\/\\\/www.ing.uc.cl\\\/electrica\\\/2025\\\/10\\\/29\\\/vacante-academica\\\/\",\"name\":\"Vacante Acad\u00e9mica - DEPARTAMENTO DE INGENIER\u00cdA EL\u00c9CTRICA\",\"isPartOf\":{\"@id\":\"https:\\\/\\\/www.ing.uc.cl\\\/electrica\\\/#website\"},\"primaryImageOfPage\":{\"@id\":\"https:\\\/\\\/www.ing.uc.cl\\\/electrica\\\/2025\\\/10\\\/29\\\/vacante-academica\\\/#primaryimage\"},\"image\":{\"@id\":\"https:\\\/\\\/www.ing.uc.cl\\\/electrica\\\/2025\\\/10\\\/29\\\/vacante-academica\\\/#primaryimage\"},\"thumbnailUrl\":\"https:\\\/\\\/www.ing.uc.cl\\\/electrica\\\/wp-content\\\/uploads\\\/2025\\\/10\\\/VACANTE-ACADEMICA-ELECTRICA-UC.png\",\"datePublished\":\"2025-10-29T18:39:08+00:00\",\"dateModified\":\"2025-10-29T18:39:52+00:00\",\"breadcrumb\":{\"@id\":\"https:\\\/\\\/www.ing.uc.cl\\\/electrica\\\/2025\\\/10\\\/29\\\/vacante-academica\\\/#breadcrumb\"},\"inLanguage\":\"es-CL\",\"potentialAction\":[{\"@type\":\"ReadAction\",\"target\":[\"https:\\\/\\\/www.ing.uc.cl\\\/electrica\\\/2025\\\/10\\\/29\\\/vacante-academica\\\/\"]}]},{\"@type\":\"ImageObject\",\"inLanguage\":\"es-CL\",\"@id\":\"https:\\\/\\\/www.ing.uc.cl\\\/electrica\\\/2025\\\/10\\\/29\\\/vacante-academica\\\/#primaryimage\",\"url\":\"https:\\\/\\\/www.ing.uc.cl\\\/electrica\\\/wp-content\\\/uploads\\\/2025\\\/10\\\/VACANTE-ACADEMICA-ELECTRICA-UC.png\",\"contentUrl\":\"https:\\\/\\\/www.ing.uc.cl\\\/electrica\\\/wp-content\\\/uploads\\\/2025\\\/10\\\/VACANTE-ACADEMICA-ELECTRICA-UC.png\",\"width\":1920,\"height\":1080},{\"@type\":\"BreadcrumbList\",\"@id\":\"https:\\\/\\\/www.ing.uc.cl\\\/electrica\\\/2025\\\/10\\\/29\\\/vacante-academica\\\/#breadcrumb\",\"itemListElement\":[{\"@type\":\"ListItem\",\"position\":1,\"name\":\"Portada\",\"item\":\"https:\\\/\\\/www.ing.uc.cl\\\/electrica\\\/\"},{\"@type\":\"ListItem\",\"position\":2,\"name\":\"Vacante Acad\u00e9mica\"}]},{\"@type\":\"WebSite\",\"@id\":\"https:\\\/\\\/www.ing.uc.cl\\\/electrica\\\/#website\",\"url\":\"https:\\\/\\\/www.ing.uc.cl\\\/electrica\\\/\",\"name\":\"DEPARTAMENTO DE INGENIER\u00cdA EL\u00c9CTRICA\",\"description\":\"\",\"publisher\":{\"@id\":\"https:\\\/\\\/www.ing.uc.cl\\\/electrica\\\/#organization\"},\"potentialAction\":[{\"@type\":\"SearchAction\",\"target\":{\"@type\":\"EntryPoint\",\"urlTemplate\":\"https:\\\/\\\/www.ing.uc.cl\\\/electrica\\\/?s={search_term_string}\"},\"query-input\":{\"@type\":\"PropertyValueSpecification\",\"valueRequired\":true,\"valueName\":\"search_term_string\"}}],\"inLanguage\":\"es-CL\"},{\"@type\":\"Organization\",\"@id\":\"https:\\\/\\\/www.ing.uc.cl\\\/electrica\\\/#organization\",\"name\":\"DEPARTAMENTO DE INGENIER\u00cdA EL\u00c9CTRICA\",\"url\":\"https:\\\/\\\/www.ing.uc.cl\\\/electrica\\\/\",\"logo\":{\"@type\":\"ImageObject\",\"inLanguage\":\"es-CL\",\"@id\":\"https:\\\/\\\/www.ing.uc.cl\\\/electrica\\\/#\\\/schema\\\/logo\\\/image\\\/\",\"url\":\"https:\\\/\\\/www.ing.uc.cl\\\/electrica\\\/wp-content\\\/uploads\\\/2020\\\/03\\\/logo-uc-03.svg\",\"contentUrl\":\"https:\\\/\\\/www.ing.uc.cl\\\/electrica\\\/wp-content\\\/uploads\\\/2020\\\/03\\\/logo-uc-03.svg\",\"width\":156,\"height\":90,\"caption\":\"DEPARTAMENTO DE INGENIER\u00cdA EL\u00c9CTRICA\"},\"image\":{\"@id\":\"https:\\\/\\\/www.ing.uc.cl\\\/electrica\\\/#\\\/schema\\\/logo\\\/image\\\/\"}},{\"@type\":\"Person\",\"@id\":\"https:\\\/\\\/www.ing.uc.cl\\\/electrica\\\/#\\\/schema\\\/person\\\/568a5862edeea5190d9b3fb2ec4b7eea\",\"name\":\"Maria Troncoso\",\"image\":{\"@type\":\"ImageObject\",\"inLanguage\":\"es-CL\",\"@id\":\"https:\\\/\\\/secure.gravatar.com\\\/avatar\\\/8e2b9322e692717cb0c0b14822e661e7c973fd0cb012cc360b551a1eadb54e44?s=96&d=mm&r=g\",\"url\":\"https:\\\/\\\/secure.gravatar.com\\\/avatar\\\/8e2b9322e692717cb0c0b14822e661e7c973fd0cb012cc360b551a1eadb54e44?s=96&d=mm&r=g\",\"contentUrl\":\"https:\\\/\\\/secure.gravatar.com\\\/avatar\\\/8e2b9322e692717cb0c0b14822e661e7c973fd0cb012cc360b551a1eadb54e44?s=96&d=mm&r=g\",\"caption\":\"Maria Troncoso\"},\"url\":\"https:\\\/\\\/www.ing.uc.cl\\\/electrica\\\/author\\\/mary\\\/\"}]}<\/script>\n<!-- \/ Yoast SEO plugin. -->","yoast_head_json":{"title":"Vacante Acad\u00e9mica - DEPARTAMENTO DE INGENIER\u00cdA EL\u00c9CTRICA","robots":{"index":"index","follow":"follow","max-snippet":"max-snippet:-1","max-image-preview":"max-image-preview:large","max-video-preview":"max-video-preview:-1"},"canonical":"https:\/\/www.ing.uc.cl\/electrica\/2025\/10\/29\/vacante-academica\/","og_locale":"es_ES","og_type":"article","og_title":"Vacante Acad\u00e9mica - DEPARTAMENTO DE INGENIER\u00cdA EL\u00c9CTRICA","og_description":"La Escuela de Ingenier\u00eda UC busca nuevos talentos acad\u00e9micos en Ingenier\u00eda El\u00e9ctrica La\u00a0Pontificia Universidad Cat\u00f3lica de Chile, una de las instituciones de ingenier\u00eda m\u00e1s prestigiosas de Latinoam\u00e9rica, invita a\u00a0candidatas y candidatos destacados\u00a0a postularse para una\u00a0plaza docente de tiempo completo\u00a0en el\u00a0Departamento de Ingenier\u00eda El\u00e9ctrica, en todas las \u00e1reas de la disciplina. Buscamos personas comprometidas con la\u00a0excelencia acad\u00e9mica, la investigaci\u00f3n de alto impacto y la formaci\u00f3n de nuevas generaciones de ingenieras e ingenieros.El puesto contempla docencia de pregrado y posgrado, investigaci\u00f3n, innovaci\u00f3n tecnol\u00f3gica y colaboraci\u00f3n interdisciplinaria. &#8211;&nbsp;Requisitos principales: &#8211; Nivel del cargo:&nbsp;Profesor\/a Asistente (se considerar\u00e1n postulaciones excepcionales para Profesor\/a Asociado\/a). &#8211;&nbsp;Plazo de postulaci\u00f3n:&nbsp;hasta el&nbsp;31 de noviembre de 2025&nbsp;(las solicitudes se considerar\u00e1n hasta que la vacante sea cubierta). &#8211; Postula en:&nbsp;https:\/\/tinyurl.com\/2s3s6e2d Consultas: M\u00e1s informaci\u00f3n sobre beneficios acad\u00e9micos:&nbsp;https:\/\/tinyurl.com\/cp8hnnsk","og_url":"https:\/\/www.ing.uc.cl\/electrica\/2025\/10\/29\/vacante-academica\/","og_site_name":"DEPARTAMENTO DE INGENIER\u00cdA EL\u00c9CTRICA","article_published_time":"2025-10-29T18:39:08+00:00","article_modified_time":"2025-10-29T18:39:52+00:00","og_image":[{"width":1920,"height":1080,"url":"https:\/\/www.ing.uc.cl\/electrica\/wp-content\/uploads\/2025\/10\/VACANTE-ACADEMICA-ELECTRICA-UC.png","type":"image\/png"}],"author":"Maria Troncoso","twitter_card":"summary_large_image","twitter_misc":{"Escrito por":"Maria Troncoso","Tiempo estimado de lectura":"2 minutos"},"schema":{"@context":"https:\/\/schema.org","@graph":[{"@type":"Article","@id":"https:\/\/www.ing.uc.cl\/electrica\/2025\/10\/29\/vacante-academica\/#article","isPartOf":{"@id":"https:\/\/www.ing.uc.cl\/electrica\/2025\/10\/29\/vacante-academica\/"},"author":{"name":"Maria Troncoso","@id":"https:\/\/www.ing.uc.cl\/electrica\/#\/schema\/person\/568a5862edeea5190d9b3fb2ec4b7eea"},"headline":"Vacante Acad\u00e9mica","datePublished":"2025-10-29T18:39:08+00:00","dateModified":"2025-10-29T18:39:52+00:00","mainEntityOfPage":{"@id":"https:\/\/www.ing.uc.cl\/electrica\/2025\/10\/29\/vacante-academica\/"},"wordCount":245,"publisher":{"@id":"https:\/\/www.ing.uc.cl\/electrica\/#organization"},"image":{"@id":"https:\/\/www.ing.uc.cl\/electrica\/2025\/10\/29\/vacante-academica\/#primaryimage"},"thumbnailUrl":"https:\/\/www.ing.uc.cl\/electrica\/wp-content\/uploads\/2025\/10\/VACANTE-ACADEMICA-ELECTRICA-UC.png","articleSection":["Noticias"],"inLanguage":"es-CL"},{"@type":"WebPage","@id":"https:\/\/www.ing.uc.cl\/electrica\/2025\/10\/29\/vacante-academica\/","url":"https:\/\/www.ing.uc.cl\/electrica\/2025\/10\/29\/vacante-academica\/","name":"Vacante Acad\u00e9mica - DEPARTAMENTO DE INGENIER\u00cdA EL\u00c9CTRICA","isPartOf":{"@id":"https:\/\/www.ing.uc.cl\/electrica\/#website"},"primaryImageOfPage":{"@id":"https:\/\/www.ing.uc.cl\/electrica\/2025\/10\/29\/vacante-academica\/#primaryimage"},"image":{"@id":"https:\/\/www.ing.uc.cl\/electrica\/2025\/10\/29\/vacante-academica\/#primaryimage"},"thumbnailUrl":"https:\/\/www.ing.uc.cl\/electrica\/wp-content\/uploads\/2025\/10\/VACANTE-ACADEMICA-ELECTRICA-UC.png","datePublished":"2025-10-29T18:39:08+00:00","dateModified":"2025-10-29T18:39:52+00:00","breadcrumb":{"@id":"https:\/\/www.ing.uc.cl\/electrica\/2025\/10\/29\/vacante-academica\/#breadcrumb"},"inLanguage":"es-CL","potentialAction":[{"@type":"ReadAction","target":["https:\/\/www.ing.uc.cl\/electrica\/2025\/10\/29\/vacante-academica\/"]}]},{"@type":"ImageObject","inLanguage":"es-CL","@id":"https:\/\/www.ing.uc.cl\/electrica\/2025\/10\/29\/vacante-academica\/#primaryimage","url":"https:\/\/www.ing.uc.cl\/electrica\/wp-content\/uploads\/2025\/10\/VACANTE-ACADEMICA-ELECTRICA-UC.png","contentUrl":"https:\/\/www.ing.uc.cl\/electrica\/wp-content\/uploads\/2025\/10\/VACANTE-ACADEMICA-ELECTRICA-UC.png","width":1920,"height":1080},{"@type":"BreadcrumbList","@id":"https:\/\/www.ing.uc.cl\/electrica\/2025\/10\/29\/vacante-academica\/#breadcrumb","itemListElement":[{"@type":"ListItem","position":1,"name":"Portada","item":"https:\/\/www.ing.uc.cl\/electrica\/"},{"@type":"ListItem","position":2,"name":"Vacante Acad\u00e9mica"}]},{"@type":"WebSite","@id":"https:\/\/www.ing.uc.cl\/electrica\/#website","url":"https:\/\/www.ing.uc.cl\/electrica\/","name":"DEPARTAMENTO DE INGENIER\u00cdA EL\u00c9CTRICA","description":"","publisher":{"@id":"https:\/\/www.ing.uc.cl\/electrica\/#organization"},"potentialAction":[{"@type":"SearchAction","target":{"@type":"EntryPoint","urlTemplate":"https:\/\/www.ing.uc.cl\/electrica\/?s={search_term_string}"},"query-input":{"@type":"PropertyValueSpecification","valueRequired":true,"valueName":"search_term_string"}}],"inLanguage":"es-CL"},{"@type":"Organization","@id":"https:\/\/www.ing.uc.cl\/electrica\/#organization","name":"DEPARTAMENTO DE INGENIER\u00cdA EL\u00c9CTRICA","url":"https:\/\/www.ing.uc.cl\/electrica\/","logo":{"@type":"ImageObject","inLanguage":"es-CL","@id":"https:\/\/www.ing.uc.cl\/electrica\/#\/schema\/logo\/image\/","url":"https:\/\/www.ing.uc.cl\/electrica\/wp-content\/uploads\/2020\/03\/logo-uc-03.svg","contentUrl":"https:\/\/www.ing.uc.cl\/electrica\/wp-content\/uploads\/2020\/03\/logo-uc-03.svg","width":156,"height":90,"caption":"DEPARTAMENTO DE INGENIER\u00cdA EL\u00c9CTRICA"},"image":{"@id":"https:\/\/www.ing.uc.cl\/electrica\/#\/schema\/logo\/image\/"}},{"@type":"Person","@id":"https:\/\/www.ing.uc.cl\/electrica\/#\/schema\/person\/568a5862edeea5190d9b3fb2ec4b7eea","name":"Maria Troncoso","image":{"@type":"ImageObject","inLanguage":"es-CL","@id":"https:\/\/secure.gravatar.com\/avatar\/8e2b9322e692717cb0c0b14822e661e7c973fd0cb012cc360b551a1eadb54e44?s=96&d=mm&r=g","url":"https:\/\/secure.gravatar.com\/avatar\/8e2b9322e692717cb0c0b14822e661e7c973fd0cb012cc360b551a1eadb54e44?s=96&d=mm&r=g","contentUrl":"https:\/\/secure.gravatar.com\/avatar\/8e2b9322e692717cb0c0b14822e661e7c973fd0cb012cc360b551a1eadb54e44?s=96&d=mm&r=g","caption":"Maria Troncoso"},"url":"https:\/\/www.ing.uc.cl\/electrica\/author\/mary\/"}]}},"_links":{"self":[{"href":"https:\/\/www.ing.uc.cl\/electrica\/wp-json\/wp\/v2\/posts\/14071","targetHints":{"allow":["GET"]}}],"collection":[{"href":"https:\/\/www.ing.uc.cl\/electrica\/wp-json\/wp\/v2\/posts"}],"about":[{"href":"https:\/\/www.ing.uc.cl\/electrica\/wp-json\/wp\/v2\/types\/post"}],"author":[{"embeddable":true,"href":"https:\/\/www.ing.uc.cl\/electrica\/wp-json\/wp\/v2\/users\/7"}],"replies":[{"embeddable":true,"href":"https:\/\/www.ing.uc.cl\/electrica\/wp-json\/wp\/v2\/comments?post=14071"}],"version-history":[{"count":1,"href":"https:\/\/www.ing.uc.cl\/electrica\/wp-json\/wp\/v2\/posts\/14071\/revisions"}],"predecessor-version":[{"id":14072,"href":"https:\/\/www.ing.uc.cl\/electrica\/wp-json\/wp\/v2\/posts\/14071\/revisions\/14072"}],"wp:featuredmedia":[{"embeddable":true,"href":"https:\/\/www.ing.uc.cl\/electrica\/wp-json\/wp\/v2\/media\/14070"}],"wp:attachment":[{"href":"https:\/\/www.ing.uc.cl\/electrica\/wp-json\/wp\/v2\/media?parent=14071"}],"wp:term":[{"taxonomy":"category","embeddable":true,"href":"https:\/\/www.ing.uc.cl\/electrica\/wp-json\/wp\/v2\/categories?post=14071"},{"taxonomy":"post_tag","embeddable":true,"href":"https:\/\/www.ing.uc.cl\/electrica\/wp-json\/wp\/v2\/tags?post=14071"}],"curies":[{"name":"wp","href":"https:\/\/api.w.org\/{rel}","templated":true}]}}