{"id":14289,"date":"2026-04-30T12:26:14","date_gmt":"2026-04-30T15:26:14","guid":{"rendered":"https:\/\/www.ing.uc.cl\/electrica\/?p=14289"},"modified":"2026-04-30T12:26:16","modified_gmt":"2026-04-30T15:26:16","slug":"transicion-energetica-expertos-advierten-brechas-en-regulacion-y-llaman-a-fortalecer-la-seguridad-del-sistema","status":"publish","type":"post","link":"https:\/\/www.ing.uc.cl\/electrica\/2026\/04\/30\/transicion-energetica-expertos-advierten-brechas-en-regulacion-y-llaman-a-fortalecer-la-seguridad-del-sistema\/","title":{"rendered":"Transici\u00f3n energ\u00e9tica: Expertos advierten brechas en regulaci\u00f3n y llaman a fortalecer la seguridad del sistema"},"content":{"rendered":"\n<p class=\"has-medium-font-size\">Autoridades, acad\u00e9micos y empresas se reunieron en el seminario \u201cDesaf\u00edos regulatorios en Energ\u00eda 2026-2030\u201d, organizado por la C\u00e1tedra Transici\u00f3n Energ\u00e9tica Responsable Colb\u00fan. Habla el profesor Mat\u00edas Negrete. Emol.<\/p>\n\n\n\n<figure class=\"wp-block-image aligncenter size-full\"><img fetchpriority=\"high\" decoding=\"async\" width=\"710\" height=\"399\" src=\"https:\/\/www.ing.uc.cl\/electrica\/wp-content\/uploads\/2026\/04\/Transicion.jpg\" alt=\"\" class=\"wp-image-14291\" srcset=\"https:\/\/www.ing.uc.cl\/electrica\/wp-content\/uploads\/2026\/04\/Transicion.jpg 710w, https:\/\/www.ing.uc.cl\/electrica\/wp-content\/uploads\/2026\/04\/Transicion-300x169.jpg 300w\" sizes=\"(max-width: 710px) 100vw, 710px\" \/><\/figure>\n\n\n\n<p>M\u00e1s de <strong>200 representantes del mundo energ\u00e9tico<\/strong> \u2014entre autoridades, acad\u00e9micos y ejecutivos\u2014 se reunieron en el seminario <strong>\u201cDesaf\u00edos regulatorios en Energ\u00eda 2026-2030\u201d <\/strong>organizado por la<strong> C\u00e1tedra Transici\u00f3n Energ\u00e9tica Responsable Colb\u00fan<\/strong>, donde se abordaron los principales retos de Chile en una nueva etapa de su transici\u00f3n energ\u00e9tica. <\/p>\n\n\n\n<p>El encuentro, que se realiz\u00f3 en la Casa Central de la Pontificia Universidad Cat\u00f3lica de Chile, dej\u00f3 un diagn\u00f3stico compartido: <strong>el pa\u00eds debe avanzar no solo en generaci\u00f3n renovable, sino tambi\u00e9n en confiabilidad, integraci\u00f3n y dise\u00f1o del mercado el\u00e9ctrico.<\/strong> <\/p>\n\n\n\n<p>La actividad \u2014desarrollada como parte de la C\u00e1tedra Transici\u00f3n Energ\u00e9tica Responsable Colb\u00fan impulsada por la empresa y la casa de estudios\u2014, cont\u00f3 con la inauguraci\u00f3n del <strong>rector de la UC, Juan Carlos de la Llera<\/strong>, y las exposiciones de la <strong>ministra de Energ\u00eda, Ximena Rinc\u00f3n,<\/strong> y de<strong>l CEO de Colb\u00fan, Jos\u00e9 Ignacio Escobar<\/strong>, adem\u00e1s de un panel con actores del sector. <\/p>\n\n\n\n<p>La regulaci\u00f3n no puede reaccionar tarde ni ser meramente reactiva. Tenemos que anticiparnos, coordinar a los distintos actores y <strong>construir un sistema el\u00e9ctrico seguro y resiliente<\/strong> que responda a las necesidades del pa\u00eds\u201d, destac\u00f3. <\/p>\n\n\n\n<p>La autoridad tambi\u00e9n puso el foco en <strong>modernizar los procesos de tarificaci\u00f3n <\/strong>para que sean m\u00e1s eficientes y confiables. \u201cNecesitamos procesos serios, oportunos y confiables. No podemos seguir acumulando retrasos ni errores que terminan afectando directamente a las familias\u201d, afirm\u00f3 Rinc\u00f3n. <\/p>\n\n\n\n<p>Uno de los puntos cr\u00edticos abordados fue el funcionamiento de los PMGD (Peque\u00f1o Medio de Generaci\u00f3n Distribuida), <strong>segmento que \u2014seg\u00fan indic\u00f3 la ministra\u2014 presenta distorsiones relevantes.<\/strong> <\/p>\n\n\n\n<p>\u201cEl mecanismo de estabilizaci\u00f3n de precios ha implicado sobrecostos que finalmente pagan los clientes, <strong>y eso tenemos que corregirlo, resguardando al mismo tiempo la confianza <\/strong>de quienes han invertido\u201d, dijo la secretaria de Estado. <\/p>\n\n\n\n<p>En esa l\u00ednea, Rinc\u00f3n plante\u00f3 avanzar hacia un sistema m\u00e1s transparente y equilibrado, alineado con la transici\u00f3n energ\u00e9tica y la protecci\u00f3n de los usuarios. <\/p>\n\n\n\n<p>Por su parte, <strong>el rector de la PUC destac\u00f3 el rol de la academia en la discusi\u00f3n energ\u00e9tica.<\/strong> \u201cEsta C\u00e1tedra es un espacio clave para abordar los desaf\u00edos del sector. La seguridad energ\u00e9tica es un asunto de soberan\u00eda nacional, y<strong> el sistema el\u00e9ctrico chileno requiere marcos regulatorios adecuados que permitan enfrentar los fen\u00f3menos actuales y asegurar un desarrollo confiable y sostenible<\/strong>\u201d, se\u00f1al\u00f3.<\/p>\n\n\n\n<p class=\"has-medium-font-size\"><strong>La postura del sector privado <\/strong><\/p>\n\n\n\n<p>Desde el mundo empresarial, <strong>el CEO de Colb\u00fan, Jos\u00e9 Ignacio Escobar,<\/strong> plante\u00f3 que Chile enfrenta un momento decisivo en la evoluci\u00f3n de su sistema el\u00e9ctrico. \u201cChile fue referente mundial en el dise\u00f1o de su sistema el\u00e9ctrico, y<strong> hoy estamos nuevamente frente a un punto de inflexi\u00f3n,<\/strong> donde tenemos que demostrar que somos capaces de construir los mercados el\u00e9ctricos del futuro\u201d, sostuvo. Tambi\u00e9n <strong>destac\u00f3 los avances en descarbonizaci\u00f3n<\/strong>, con m\u00e1s de 60% de generaci\u00f3n renovable al 2025, aunque advirti\u00f3 tensiones en el sistema. \u201cHemos avanzado de manera extraordinaria en energ\u00edas renovables, pero en ese camino hemos dejado en segundo plano atributos fundamentales como <strong>la seguridad, la resiliencia y la estabilidad del sistema<\/strong>\u201d, dijo. El ejecutivo agreg\u00f3 que \u201c<strong>hoy el pa\u00eds enfrenta una paradoja estructural<\/strong>, abundancia de energ\u00eda, pero con problemas de confianza en el sistema. No podemos tener un sector con esta capacidad instalada y, al mismo tiempo, usuarios que no conf\u00edan en que el suministro ser\u00e1 seguro y continuo\u201d<\/p>\n\n\n\n<figure class=\"wp-block-image aligncenter size-full\"><img decoding=\"async\" width=\"710\" height=\"399\" src=\"https:\/\/www.ing.uc.cl\/electrica\/wp-content\/uploads\/2026\/04\/transicion-2.jpg\" alt=\"\" class=\"wp-image-14290\" srcset=\"https:\/\/www.ing.uc.cl\/electrica\/wp-content\/uploads\/2026\/04\/transicion-2.jpg 710w, https:\/\/www.ing.uc.cl\/electrica\/wp-content\/uploads\/2026\/04\/transicion-2-300x169.jpg 300w\" sizes=\"(max-width: 710px) 100vw, 710px\" \/><\/figure>\n\n\n\n<p class=\"has-medium-font-size\"><strong>Panel de expertos <\/strong><\/p>\n\n\n\n<p>Jos\u00e9 Ignacio Escobar fue adem\u00e1s uno de los expertos que particip\u00f3 de un panel de conversaci\u00f3n donde se abord\u00f3 los desaf\u00edos futuros de la regulaci\u00f3n energ\u00e9tica y la necesidad de avanzar hacia un sistema m\u00e1s sostenible y robusto. <\/p>\n\n\n\n<p>La instancia fue moderada por Paulina Basoalto y cont\u00f3 adem\u00e1s con la participaci\u00f3n de <strong>Marta Cabezas, Superintendenta de Electricidad y Combustibles; y Mat\u00edas Negrete, acad\u00e9mico de la Escuela de Ingenier\u00eda UC. <\/strong><\/p>\n\n\n\n<p>En el di\u00e1logo, <strong>la superintendenta puso el foco en los usuarios, destacando la importancia de asegurar calidad, continuidad del suministro y respuestas oportunas.<\/strong> \u201cNuestro desaf\u00edo es asegurar calidad, continuidad del suministro y respuestas oportunas, con informaci\u00f3n en tiempo real\u201d, dijo la autoridad. Marta Cabezas agreg\u00f3 que aunque las interrupciones pueden ocurrir, lo fundamental es garantizar una recuperaci\u00f3n r\u00e1pida. <\/p>\n\n\n\n<p>En esa l\u00ednea, el acad\u00e9mico Mat\u00edas Negrete plante\u00f3 que <strong>\u201chay avances que no requieren grandes reformas, sino mejor gesti\u00f3n y ejecuci\u00f3n en el corto plazo\u201d<\/strong>. El docente de la UC tambi\u00e9n destac\u00f3 que<strong> la seguridad del sistema es clave para recuperar la confianza y avanzar en la electrificaci\u00f3n<\/strong>, y relev\u00f3 la necesidad de incorporar nuevas herramientas como el mercado de ofertas, especialmente ante el crecimiento del almacenamiento con bater\u00edas.<\/p>\n\n\n\n<p>Fuente: Emol.com &#8211;&nbsp;<a href=\"https:\/\/www.emol.com\/noticias\/Tendencias\/2026\/04\/24\/1198160\/uc-desafios-transicion-energetica.html\">https:\/\/www.emol.com\/noticias\/Tendencias\/2026\/04\/24\/1198160\/uc-desafios-transicion-energetica.html<\/a><\/p>\n\n\n\n<p class=\"has-medium-font-size\"><\/p>\n\n\n\n<p><\/p>\n","protected":false},"excerpt":{"rendered":"<p>Autoridades, acad\u00e9micos y empresas se reunieron en el seminario \u201cDesaf\u00edos regulatorios en Energ\u00eda 2026-2030\u201d, organizado por la C\u00e1tedra Transici\u00f3n Energ\u00e9tica Responsable Colb\u00fan. Habla el profesor Mat\u00edas Negrete. Emol. M\u00e1s de 200 representantes del mundo energ\u00e9tico \u2014entre autoridades, acad\u00e9micos y ejecutivos\u2014 se reunieron en el seminario \u201cDesaf\u00edos regulatorios en Energ\u00eda 2026-2030\u201d organizado por la C\u00e1tedra Transici\u00f3n Energ\u00e9tica Responsable Colb\u00fan, donde se abordaron los principales retos de Chile en una nueva etapa de su transici\u00f3n energ\u00e9tica. El encuentro, que se realiz\u00f3 en la Casa Central de la Pontificia Universidad Cat\u00f3lica de Chile, dej\u00f3 un diagn\u00f3stico compartido: el pa\u00eds debe avanzar no solo en generaci\u00f3n renovable, sino tambi\u00e9n en confiabilidad, integraci\u00f3n y dise\u00f1o del mercado el\u00e9ctrico. La actividad \u2014desarrollada como parte de la C\u00e1tedra Transici\u00f3n Energ\u00e9tica Responsable Colb\u00fan impulsada por la empresa y la casa de estudios\u2014, cont\u00f3 con la inauguraci\u00f3n del rector de la UC, Juan Carlos de la Llera, y las exposiciones de la ministra de Energ\u00eda, Ximena Rinc\u00f3n, y del CEO de Colb\u00fan, Jos\u00e9 Ignacio Escobar, adem\u00e1s de un panel con actores del sector. La regulaci\u00f3n no puede reaccionar tarde ni ser meramente reactiva. Tenemos que anticiparnos, coordinar a los distintos actores y construir un sistema el\u00e9ctrico seguro y resiliente que responda a las necesidades del pa\u00eds\u201d, destac\u00f3. La autoridad tambi\u00e9n puso el foco en modernizar los procesos de tarificaci\u00f3n para que sean m\u00e1s eficientes y confiables. \u201cNecesitamos procesos serios, oportunos y confiables. No podemos seguir acumulando retrasos ni errores que terminan afectando directamente a las familias\u201d, afirm\u00f3 Rinc\u00f3n. Uno de los puntos cr\u00edticos abordados fue el funcionamiento de los PMGD (Peque\u00f1o Medio de Generaci\u00f3n Distribuida), segmento que \u2014seg\u00fan indic\u00f3 la ministra\u2014 presenta distorsiones relevantes. \u201cEl mecanismo de estabilizaci\u00f3n de precios ha implicado sobrecostos que finalmente pagan los clientes, y eso tenemos que corregirlo, resguardando al mismo tiempo la confianza de quienes han invertido\u201d, dijo la secretaria de Estado. En esa l\u00ednea, Rinc\u00f3n plante\u00f3 avanzar hacia un sistema m\u00e1s transparente y equilibrado, alineado con la transici\u00f3n energ\u00e9tica y la protecci\u00f3n de los usuarios. Por su parte, el rector de la PUC destac\u00f3 el rol de la academia en la discusi\u00f3n energ\u00e9tica. \u201cEsta C\u00e1tedra es un espacio clave para abordar los desaf\u00edos del sector. La seguridad energ\u00e9tica es un asunto de soberan\u00eda nacional, y el sistema el\u00e9ctrico chileno requiere marcos regulatorios adecuados que permitan enfrentar los fen\u00f3menos actuales y asegurar un desarrollo confiable y sostenible\u201d, se\u00f1al\u00f3. La postura del sector privado Desde el mundo empresarial, el CEO de Colb\u00fan, Jos\u00e9 Ignacio Escobar, plante\u00f3 que Chile enfrenta un momento decisivo en la evoluci\u00f3n de su sistema el\u00e9ctrico. \u201cChile fue referente mundial en el dise\u00f1o de su sistema el\u00e9ctrico, y hoy estamos nuevamente frente a un punto de inflexi\u00f3n, donde tenemos que demostrar que somos capaces de construir los mercados el\u00e9ctricos del futuro\u201d, sostuvo. Tambi\u00e9n destac\u00f3 los avances en descarbonizaci\u00f3n, con m\u00e1s de 60% de generaci\u00f3n renovable al 2025, aunque advirti\u00f3 tensiones en el sistema. \u201cHemos avanzado de manera extraordinaria en energ\u00edas renovables, pero en ese camino hemos dejado en segundo plano atributos fundamentales como la seguridad, la resiliencia y la estabilidad del sistema\u201d, dijo. El ejecutivo agreg\u00f3 que \u201choy el pa\u00eds enfrenta una paradoja estructural, abundancia de energ\u00eda, pero con problemas de confianza en el sistema. No podemos tener un sector con esta capacidad instalada y, al mismo tiempo, usuarios que no conf\u00edan en que el suministro ser\u00e1 seguro y continuo\u201d Panel de expertos Jos\u00e9 Ignacio Escobar fue adem\u00e1s uno de los expertos que particip\u00f3 de un panel de conversaci\u00f3n donde se abord\u00f3 los desaf\u00edos futuros de la regulaci\u00f3n energ\u00e9tica y la necesidad de avanzar hacia un sistema m\u00e1s sostenible y robusto. La instancia fue moderada por Paulina Basoalto y cont\u00f3 adem\u00e1s con la participaci\u00f3n de Marta Cabezas, Superintendenta de Electricidad y Combustibles; y Mat\u00edas Negrete, acad\u00e9mico de la Escuela de Ingenier\u00eda UC. En el di\u00e1logo, la superintendenta puso el foco en los usuarios, destacando la importancia de asegurar calidad, continuidad del suministro y respuestas oportunas. \u201cNuestro desaf\u00edo es asegurar calidad, continuidad del suministro y respuestas oportunas, con informaci\u00f3n en tiempo real\u201d, dijo la autoridad. Marta Cabezas agreg\u00f3 que aunque las interrupciones pueden ocurrir, lo fundamental es garantizar una recuperaci\u00f3n r\u00e1pida. En esa l\u00ednea, el acad\u00e9mico Mat\u00edas Negrete plante\u00f3 que \u201chay avances que no requieren grandes reformas, sino mejor gesti\u00f3n y ejecuci\u00f3n en el corto plazo\u201d. El docente de la UC tambi\u00e9n destac\u00f3 que la seguridad del sistema es clave para recuperar la confianza y avanzar en la electrificaci\u00f3n, y relev\u00f3 la necesidad de incorporar nuevas herramientas como el mercado de ofertas, especialmente ante el crecimiento del almacenamiento con bater\u00edas. Fuente: Emol.com &#8211;&nbsp;https:\/\/www.emol.com\/noticias\/Tendencias\/2026\/04\/24\/1198160\/uc-desafios-transicion-energetica.html<\/p>\n","protected":false},"author":7,"featured_media":14257,"comment_status":"closed","ping_status":"open","sticky":false,"template":"","format":"standard","meta":{"_acf_changed":false,"_eb_attr":"","site-sidebar-layout":"default","site-content-layout":"","ast-site-content-layout":"default","site-content-style":"default","site-sidebar-style":"default","ast-global-header-display":"","ast-banner-title-visibility":"","ast-main-header-display":"","ast-hfb-above-header-display":"","ast-hfb-below-header-display":"","ast-hfb-mobile-header-display":"","site-post-title":"","ast-breadcrumbs-content":"","ast-featured-img":"","footer-sml-layout":"","ast-disable-related-posts":"","theme-transparent-header-meta":"","adv-header-id-meta":"","stick-header-meta":"","header-above-stick-meta":"","header-main-stick-meta":"","header-below-stick-meta":"","astra-migrate-meta-layouts":"set","ast-page-background-enabled":"default","ast-page-background-meta":{"desktop":{"background-color":"","background-image":"","background-repeat":"repeat","background-position":"center center","background-size":"auto","background-attachment":"scroll","background-type":"","background-media":"","overlay-type":"","overlay-color":"","overlay-opacity":"","overlay-gradient":""},"tablet":{"background-color":"","background-image":"","background-repeat":"repeat","background-position":"center center","background-size":"auto","background-attachment":"scroll","background-type":"","background-media":"","overlay-type":"","overlay-color":"","overlay-opacity":"","overlay-gradient":""},"mobile":{"background-color":"","background-image":"","background-repeat":"repeat","background-position":"center center","background-size":"auto","background-attachment":"scroll","background-type":"","background-media":"","overlay-type":"","overlay-color":"","overlay-opacity":"","overlay-gradient":""}},"ast-content-background-meta":{"desktop":{"background-color":"var(--ast-global-color-5)","background-image":"","background-repeat":"repeat","background-position":"center center","background-size":"auto","background-attachment":"scroll","background-type":"","background-media":"","overlay-type":"","overlay-color":"","overlay-opacity":"","overlay-gradient":""},"tablet":{"background-color":"var(--ast-global-color-5)","background-image":"","background-repeat":"repeat","background-position":"center center","background-size":"auto","background-attachment":"scroll","background-type":"","background-media":"","overlay-type":"","overlay-color":"","overlay-opacity":"","overlay-gradient":""},"mobile":{"background-color":"var(--ast-global-color-5)","background-image":"","background-repeat":"repeat","background-position":"center center","background-size":"auto","background-attachment":"scroll","background-type":"","background-media":"","overlay-type":"","overlay-color":"","overlay-opacity":"","overlay-gradient":""}},"footnotes":""},"categories":[18],"tags":[],"class_list":["post-14289","post","type-post","status-publish","format-standard","has-post-thumbnail","hentry","category-electrica-noticias"],"acf":[],"yoast_head":"<!-- This site is optimized with the Yoast SEO plugin v27.5 - https:\/\/yoast.com\/product\/yoast-seo-wordpress\/ -->\n<title>Transici\u00f3n energ\u00e9tica: Expertos advierten brechas en regulaci\u00f3n y llaman a fortalecer la seguridad del sistema - DEPARTAMENTO DE INGENIER\u00cdA EL\u00c9CTRICA<\/title>\n<meta name=\"robots\" content=\"index, follow, max-snippet:-1, max-image-preview:large, max-video-preview:-1\" \/>\n<link rel=\"canonical\" href=\"https:\/\/www.ing.uc.cl\/electrica\/2026\/04\/30\/transicion-energetica-expertos-advierten-brechas-en-regulacion-y-llaman-a-fortalecer-la-seguridad-del-sistema\/\" \/>\n<meta property=\"og:locale\" content=\"es_ES\" \/>\n<meta property=\"og:type\" content=\"article\" \/>\n<meta property=\"og:title\" content=\"Transici\u00f3n energ\u00e9tica: Expertos advierten brechas en regulaci\u00f3n y llaman a fortalecer la seguridad del sistema - DEPARTAMENTO DE INGENIER\u00cdA EL\u00c9CTRICA\" \/>\n<meta property=\"og:description\" content=\"Autoridades, acad\u00e9micos y empresas se reunieron en el seminario \u201cDesaf\u00edos regulatorios en Energ\u00eda 2026-2030\u201d, organizado por la C\u00e1tedra Transici\u00f3n Energ\u00e9tica Responsable Colb\u00fan. Habla el profesor Mat\u00edas Negrete. Emol. M\u00e1s de 200 representantes del mundo energ\u00e9tico \u2014entre autoridades, acad\u00e9micos y ejecutivos\u2014 se reunieron en el seminario \u201cDesaf\u00edos regulatorios en Energ\u00eda 2026-2030\u201d organizado por la C\u00e1tedra Transici\u00f3n Energ\u00e9tica Responsable Colb\u00fan, donde se abordaron los principales retos de Chile en una nueva etapa de su transici\u00f3n energ\u00e9tica. El encuentro, que se realiz\u00f3 en la Casa Central de la Pontificia Universidad Cat\u00f3lica de Chile, dej\u00f3 un diagn\u00f3stico compartido: el pa\u00eds debe avanzar no solo en generaci\u00f3n renovable, sino tambi\u00e9n en confiabilidad, integraci\u00f3n y dise\u00f1o del mercado el\u00e9ctrico. La actividad \u2014desarrollada como parte de la C\u00e1tedra Transici\u00f3n Energ\u00e9tica Responsable Colb\u00fan impulsada por la empresa y la casa de estudios\u2014, cont\u00f3 con la inauguraci\u00f3n del rector de la UC, Juan Carlos de la Llera, y las exposiciones de la ministra de Energ\u00eda, Ximena Rinc\u00f3n, y del CEO de Colb\u00fan, Jos\u00e9 Ignacio Escobar, adem\u00e1s de un panel con actores del sector. La regulaci\u00f3n no puede reaccionar tarde ni ser meramente reactiva. Tenemos que anticiparnos, coordinar a los distintos actores y construir un sistema el\u00e9ctrico seguro y resiliente que responda a las necesidades del pa\u00eds\u201d, destac\u00f3. La autoridad tambi\u00e9n puso el foco en modernizar los procesos de tarificaci\u00f3n para que sean m\u00e1s eficientes y confiables. \u201cNecesitamos procesos serios, oportunos y confiables. No podemos seguir acumulando retrasos ni errores que terminan afectando directamente a las familias\u201d, afirm\u00f3 Rinc\u00f3n. Uno de los puntos cr\u00edticos abordados fue el funcionamiento de los PMGD (Peque\u00f1o Medio de Generaci\u00f3n Distribuida), segmento que \u2014seg\u00fan indic\u00f3 la ministra\u2014 presenta distorsiones relevantes. \u201cEl mecanismo de estabilizaci\u00f3n de precios ha implicado sobrecostos que finalmente pagan los clientes, y eso tenemos que corregirlo, resguardando al mismo tiempo la confianza de quienes han invertido\u201d, dijo la secretaria de Estado. En esa l\u00ednea, Rinc\u00f3n plante\u00f3 avanzar hacia un sistema m\u00e1s transparente y equilibrado, alineado con la transici\u00f3n energ\u00e9tica y la protecci\u00f3n de los usuarios. Por su parte, el rector de la PUC destac\u00f3 el rol de la academia en la discusi\u00f3n energ\u00e9tica. \u201cEsta C\u00e1tedra es un espacio clave para abordar los desaf\u00edos del sector. La seguridad energ\u00e9tica es un asunto de soberan\u00eda nacional, y el sistema el\u00e9ctrico chileno requiere marcos regulatorios adecuados que permitan enfrentar los fen\u00f3menos actuales y asegurar un desarrollo confiable y sostenible\u201d, se\u00f1al\u00f3. La postura del sector privado Desde el mundo empresarial, el CEO de Colb\u00fan, Jos\u00e9 Ignacio Escobar, plante\u00f3 que Chile enfrenta un momento decisivo en la evoluci\u00f3n de su sistema el\u00e9ctrico. \u201cChile fue referente mundial en el dise\u00f1o de su sistema el\u00e9ctrico, y hoy estamos nuevamente frente a un punto de inflexi\u00f3n, donde tenemos que demostrar que somos capaces de construir los mercados el\u00e9ctricos del futuro\u201d, sostuvo. Tambi\u00e9n destac\u00f3 los avances en descarbonizaci\u00f3n, con m\u00e1s de 60% de generaci\u00f3n renovable al 2025, aunque advirti\u00f3 tensiones en el sistema. \u201cHemos avanzado de manera extraordinaria en energ\u00edas renovables, pero en ese camino hemos dejado en segundo plano atributos fundamentales como la seguridad, la resiliencia y la estabilidad del sistema\u201d, dijo. El ejecutivo agreg\u00f3 que \u201choy el pa\u00eds enfrenta una paradoja estructural, abundancia de energ\u00eda, pero con problemas de confianza en el sistema. No podemos tener un sector con esta capacidad instalada y, al mismo tiempo, usuarios que no conf\u00edan en que el suministro ser\u00e1 seguro y continuo\u201d Panel de expertos Jos\u00e9 Ignacio Escobar fue adem\u00e1s uno de los expertos que particip\u00f3 de un panel de conversaci\u00f3n donde se abord\u00f3 los desaf\u00edos futuros de la regulaci\u00f3n energ\u00e9tica y la necesidad de avanzar hacia un sistema m\u00e1s sostenible y robusto. La instancia fue moderada por Paulina Basoalto y cont\u00f3 adem\u00e1s con la participaci\u00f3n de Marta Cabezas, Superintendenta de Electricidad y Combustibles; y Mat\u00edas Negrete, acad\u00e9mico de la Escuela de Ingenier\u00eda UC. En el di\u00e1logo, la superintendenta puso el foco en los usuarios, destacando la importancia de asegurar calidad, continuidad del suministro y respuestas oportunas. \u201cNuestro desaf\u00edo es asegurar calidad, continuidad del suministro y respuestas oportunas, con informaci\u00f3n en tiempo real\u201d, dijo la autoridad. Marta Cabezas agreg\u00f3 que aunque las interrupciones pueden ocurrir, lo fundamental es garantizar una recuperaci\u00f3n r\u00e1pida. En esa l\u00ednea, el acad\u00e9mico Mat\u00edas Negrete plante\u00f3 que \u201chay avances que no requieren grandes reformas, sino mejor gesti\u00f3n y ejecuci\u00f3n en el corto plazo\u201d. El docente de la UC tambi\u00e9n destac\u00f3 que la seguridad del sistema es clave para recuperar la confianza y avanzar en la electrificaci\u00f3n, y relev\u00f3 la necesidad de incorporar nuevas herramientas como el mercado de ofertas, especialmente ante el crecimiento del almacenamiento con bater\u00edas. Fuente: Emol.com &#8211;&nbsp;https:\/\/www.emol.com\/noticias\/Tendencias\/2026\/04\/24\/1198160\/uc-desafios-transicion-energetica.html\" \/>\n<meta property=\"og:url\" content=\"https:\/\/www.ing.uc.cl\/electrica\/2026\/04\/30\/transicion-energetica-expertos-advierten-brechas-en-regulacion-y-llaman-a-fortalecer-la-seguridad-del-sistema\/\" \/>\n<meta property=\"og:site_name\" content=\"DEPARTAMENTO DE INGENIER\u00cdA EL\u00c9CTRICA\" \/>\n<meta property=\"article:published_time\" content=\"2026-04-30T15:26:14+00:00\" \/>\n<meta property=\"article:modified_time\" content=\"2026-04-30T15:26:16+00:00\" \/>\n<meta property=\"og:image\" content=\"https:\/\/www.ing.uc.cl\/electrica\/wp-content\/uploads\/2026\/04\/Noticia-Negrete-scaled.jpg\" \/>\n\t<meta property=\"og:image:width\" content=\"1707\" \/>\n\t<meta property=\"og:image:height\" content=\"2560\" \/>\n\t<meta property=\"og:image:type\" content=\"image\/jpeg\" \/>\n<meta name=\"author\" content=\"Maria Troncoso\" \/>\n<meta name=\"twitter:card\" content=\"summary_large_image\" \/>\n<meta name=\"twitter:label1\" content=\"Escrito por\" \/>\n\t<meta name=\"twitter:data1\" content=\"Maria Troncoso\" \/>\n\t<meta name=\"twitter:label2\" content=\"Tiempo estimado de lectura\" \/>\n\t<meta name=\"twitter:data2\" content=\"5 minutos\" \/>\n<script type=\"application\/ld+json\" class=\"yoast-schema-graph\">{\"@context\":\"https:\\\/\\\/schema.org\",\"@graph\":[{\"@type\":\"Article\",\"@id\":\"https:\\\/\\\/www.ing.uc.cl\\\/electrica\\\/2026\\\/04\\\/30\\\/transicion-energetica-expertos-advierten-brechas-en-regulacion-y-llaman-a-fortalecer-la-seguridad-del-sistema\\\/#article\",\"isPartOf\":{\"@id\":\"https:\\\/\\\/www.ing.uc.cl\\\/electrica\\\/2026\\\/04\\\/30\\\/transicion-energetica-expertos-advierten-brechas-en-regulacion-y-llaman-a-fortalecer-la-seguridad-del-sistema\\\/\"},\"author\":{\"name\":\"Maria Troncoso\",\"@id\":\"https:\\\/\\\/www.ing.uc.cl\\\/electrica\\\/#\\\/schema\\\/person\\\/568a5862edeea5190d9b3fb2ec4b7eea\"},\"headline\":\"Transici\u00f3n energ\u00e9tica: Expertos advierten brechas en regulaci\u00f3n y llaman a fortalecer la seguridad del sistema\",\"datePublished\":\"2026-04-30T15:26:14+00:00\",\"dateModified\":\"2026-04-30T15:26:16+00:00\",\"mainEntityOfPage\":{\"@id\":\"https:\\\/\\\/www.ing.uc.cl\\\/electrica\\\/2026\\\/04\\\/30\\\/transicion-energetica-expertos-advierten-brechas-en-regulacion-y-llaman-a-fortalecer-la-seguridad-del-sistema\\\/\"},\"wordCount\":888,\"publisher\":{\"@id\":\"https:\\\/\\\/www.ing.uc.cl\\\/electrica\\\/#organization\"},\"image\":{\"@id\":\"https:\\\/\\\/www.ing.uc.cl\\\/electrica\\\/2026\\\/04\\\/30\\\/transicion-energetica-expertos-advierten-brechas-en-regulacion-y-llaman-a-fortalecer-la-seguridad-del-sistema\\\/#primaryimage\"},\"thumbnailUrl\":\"https:\\\/\\\/www.ing.uc.cl\\\/electrica\\\/wp-content\\\/uploads\\\/2026\\\/04\\\/Noticia-Negrete-scaled.jpg\",\"articleSection\":[\"Noticias\"],\"inLanguage\":\"es-CL\"},{\"@type\":\"WebPage\",\"@id\":\"https:\\\/\\\/www.ing.uc.cl\\\/electrica\\\/2026\\\/04\\\/30\\\/transicion-energetica-expertos-advierten-brechas-en-regulacion-y-llaman-a-fortalecer-la-seguridad-del-sistema\\\/\",\"url\":\"https:\\\/\\\/www.ing.uc.cl\\\/electrica\\\/2026\\\/04\\\/30\\\/transicion-energetica-expertos-advierten-brechas-en-regulacion-y-llaman-a-fortalecer-la-seguridad-del-sistema\\\/\",\"name\":\"Transici\u00f3n energ\u00e9tica: Expertos advierten brechas en regulaci\u00f3n y llaman a fortalecer la seguridad del sistema - DEPARTAMENTO DE INGENIER\u00cdA EL\u00c9CTRICA\",\"isPartOf\":{\"@id\":\"https:\\\/\\\/www.ing.uc.cl\\\/electrica\\\/#website\"},\"primaryImageOfPage\":{\"@id\":\"https:\\\/\\\/www.ing.uc.cl\\\/electrica\\\/2026\\\/04\\\/30\\\/transicion-energetica-expertos-advierten-brechas-en-regulacion-y-llaman-a-fortalecer-la-seguridad-del-sistema\\\/#primaryimage\"},\"image\":{\"@id\":\"https:\\\/\\\/www.ing.uc.cl\\\/electrica\\\/2026\\\/04\\\/30\\\/transicion-energetica-expertos-advierten-brechas-en-regulacion-y-llaman-a-fortalecer-la-seguridad-del-sistema\\\/#primaryimage\"},\"thumbnailUrl\":\"https:\\\/\\\/www.ing.uc.cl\\\/electrica\\\/wp-content\\\/uploads\\\/2026\\\/04\\\/Noticia-Negrete-scaled.jpg\",\"datePublished\":\"2026-04-30T15:26:14+00:00\",\"dateModified\":\"2026-04-30T15:26:16+00:00\",\"breadcrumb\":{\"@id\":\"https:\\\/\\\/www.ing.uc.cl\\\/electrica\\\/2026\\\/04\\\/30\\\/transicion-energetica-expertos-advierten-brechas-en-regulacion-y-llaman-a-fortalecer-la-seguridad-del-sistema\\\/#breadcrumb\"},\"inLanguage\":\"es-CL\",\"potentialAction\":[{\"@type\":\"ReadAction\",\"target\":[\"https:\\\/\\\/www.ing.uc.cl\\\/electrica\\\/2026\\\/04\\\/30\\\/transicion-energetica-expertos-advierten-brechas-en-regulacion-y-llaman-a-fortalecer-la-seguridad-del-sistema\\\/\"]}]},{\"@type\":\"ImageObject\",\"inLanguage\":\"es-CL\",\"@id\":\"https:\\\/\\\/www.ing.uc.cl\\\/electrica\\\/2026\\\/04\\\/30\\\/transicion-energetica-expertos-advierten-brechas-en-regulacion-y-llaman-a-fortalecer-la-seguridad-del-sistema\\\/#primaryimage\",\"url\":\"https:\\\/\\\/www.ing.uc.cl\\\/electrica\\\/wp-content\\\/uploads\\\/2026\\\/04\\\/Noticia-Negrete-scaled.jpg\",\"contentUrl\":\"https:\\\/\\\/www.ing.uc.cl\\\/electrica\\\/wp-content\\\/uploads\\\/2026\\\/04\\\/Noticia-Negrete-scaled.jpg\",\"width\":1707,\"height\":2560},{\"@type\":\"BreadcrumbList\",\"@id\":\"https:\\\/\\\/www.ing.uc.cl\\\/electrica\\\/2026\\\/04\\\/30\\\/transicion-energetica-expertos-advierten-brechas-en-regulacion-y-llaman-a-fortalecer-la-seguridad-del-sistema\\\/#breadcrumb\",\"itemListElement\":[{\"@type\":\"ListItem\",\"position\":1,\"name\":\"Portada\",\"item\":\"https:\\\/\\\/www.ing.uc.cl\\\/electrica\\\/\"},{\"@type\":\"ListItem\",\"position\":2,\"name\":\"Transici\u00f3n energ\u00e9tica: Expertos advierten brechas en regulaci\u00f3n y llaman a fortalecer la seguridad del sistema\"}]},{\"@type\":\"WebSite\",\"@id\":\"https:\\\/\\\/www.ing.uc.cl\\\/electrica\\\/#website\",\"url\":\"https:\\\/\\\/www.ing.uc.cl\\\/electrica\\\/\",\"name\":\"DEPARTAMENTO DE INGENIER\u00cdA EL\u00c9CTRICA\",\"description\":\"\",\"publisher\":{\"@id\":\"https:\\\/\\\/www.ing.uc.cl\\\/electrica\\\/#organization\"},\"potentialAction\":[{\"@type\":\"SearchAction\",\"target\":{\"@type\":\"EntryPoint\",\"urlTemplate\":\"https:\\\/\\\/www.ing.uc.cl\\\/electrica\\\/?s={search_term_string}\"},\"query-input\":{\"@type\":\"PropertyValueSpecification\",\"valueRequired\":true,\"valueName\":\"search_term_string\"}}],\"inLanguage\":\"es-CL\"},{\"@type\":\"Organization\",\"@id\":\"https:\\\/\\\/www.ing.uc.cl\\\/electrica\\\/#organization\",\"name\":\"DEPARTAMENTO DE INGENIER\u00cdA EL\u00c9CTRICA\",\"url\":\"https:\\\/\\\/www.ing.uc.cl\\\/electrica\\\/\",\"logo\":{\"@type\":\"ImageObject\",\"inLanguage\":\"es-CL\",\"@id\":\"https:\\\/\\\/www.ing.uc.cl\\\/electrica\\\/#\\\/schema\\\/logo\\\/image\\\/\",\"url\":\"https:\\\/\\\/www.ing.uc.cl\\\/electrica\\\/wp-content\\\/uploads\\\/2020\\\/03\\\/logo-uc-03.svg\",\"contentUrl\":\"https:\\\/\\\/www.ing.uc.cl\\\/electrica\\\/wp-content\\\/uploads\\\/2020\\\/03\\\/logo-uc-03.svg\",\"width\":156,\"height\":90,\"caption\":\"DEPARTAMENTO DE INGENIER\u00cdA EL\u00c9CTRICA\"},\"image\":{\"@id\":\"https:\\\/\\\/www.ing.uc.cl\\\/electrica\\\/#\\\/schema\\\/logo\\\/image\\\/\"}},{\"@type\":\"Person\",\"@id\":\"https:\\\/\\\/www.ing.uc.cl\\\/electrica\\\/#\\\/schema\\\/person\\\/568a5862edeea5190d9b3fb2ec4b7eea\",\"name\":\"Maria Troncoso\",\"image\":{\"@type\":\"ImageObject\",\"inLanguage\":\"es-CL\",\"@id\":\"https:\\\/\\\/secure.gravatar.com\\\/avatar\\\/8e2b9322e692717cb0c0b14822e661e7c973fd0cb012cc360b551a1eadb54e44?s=96&d=mm&r=g\",\"url\":\"https:\\\/\\\/secure.gravatar.com\\\/avatar\\\/8e2b9322e692717cb0c0b14822e661e7c973fd0cb012cc360b551a1eadb54e44?s=96&d=mm&r=g\",\"contentUrl\":\"https:\\\/\\\/secure.gravatar.com\\\/avatar\\\/8e2b9322e692717cb0c0b14822e661e7c973fd0cb012cc360b551a1eadb54e44?s=96&d=mm&r=g\",\"caption\":\"Maria Troncoso\"},\"url\":\"https:\\\/\\\/www.ing.uc.cl\\\/electrica\\\/author\\\/mary\\\/\"}]}<\/script>\n<!-- \/ Yoast SEO plugin. -->","yoast_head_json":{"title":"Transici\u00f3n energ\u00e9tica: Expertos advierten brechas en regulaci\u00f3n y llaman a fortalecer la seguridad del sistema - DEPARTAMENTO DE INGENIER\u00cdA EL\u00c9CTRICA","robots":{"index":"index","follow":"follow","max-snippet":"max-snippet:-1","max-image-preview":"max-image-preview:large","max-video-preview":"max-video-preview:-1"},"canonical":"https:\/\/www.ing.uc.cl\/electrica\/2026\/04\/30\/transicion-energetica-expertos-advierten-brechas-en-regulacion-y-llaman-a-fortalecer-la-seguridad-del-sistema\/","og_locale":"es_ES","og_type":"article","og_title":"Transici\u00f3n energ\u00e9tica: Expertos advierten brechas en regulaci\u00f3n y llaman a fortalecer la seguridad del sistema - DEPARTAMENTO DE INGENIER\u00cdA EL\u00c9CTRICA","og_description":"Autoridades, acad\u00e9micos y empresas se reunieron en el seminario \u201cDesaf\u00edos regulatorios en Energ\u00eda 2026-2030\u201d, organizado por la C\u00e1tedra Transici\u00f3n Energ\u00e9tica Responsable Colb\u00fan. Habla el profesor Mat\u00edas Negrete. Emol. M\u00e1s de 200 representantes del mundo energ\u00e9tico \u2014entre autoridades, acad\u00e9micos y ejecutivos\u2014 se reunieron en el seminario \u201cDesaf\u00edos regulatorios en Energ\u00eda 2026-2030\u201d organizado por la C\u00e1tedra Transici\u00f3n Energ\u00e9tica Responsable Colb\u00fan, donde se abordaron los principales retos de Chile en una nueva etapa de su transici\u00f3n energ\u00e9tica. El encuentro, que se realiz\u00f3 en la Casa Central de la Pontificia Universidad Cat\u00f3lica de Chile, dej\u00f3 un diagn\u00f3stico compartido: el pa\u00eds debe avanzar no solo en generaci\u00f3n renovable, sino tambi\u00e9n en confiabilidad, integraci\u00f3n y dise\u00f1o del mercado el\u00e9ctrico. La actividad \u2014desarrollada como parte de la C\u00e1tedra Transici\u00f3n Energ\u00e9tica Responsable Colb\u00fan impulsada por la empresa y la casa de estudios\u2014, cont\u00f3 con la inauguraci\u00f3n del rector de la UC, Juan Carlos de la Llera, y las exposiciones de la ministra de Energ\u00eda, Ximena Rinc\u00f3n, y del CEO de Colb\u00fan, Jos\u00e9 Ignacio Escobar, adem\u00e1s de un panel con actores del sector. La regulaci\u00f3n no puede reaccionar tarde ni ser meramente reactiva. Tenemos que anticiparnos, coordinar a los distintos actores y construir un sistema el\u00e9ctrico seguro y resiliente que responda a las necesidades del pa\u00eds\u201d, destac\u00f3. La autoridad tambi\u00e9n puso el foco en modernizar los procesos de tarificaci\u00f3n para que sean m\u00e1s eficientes y confiables. \u201cNecesitamos procesos serios, oportunos y confiables. No podemos seguir acumulando retrasos ni errores que terminan afectando directamente a las familias\u201d, afirm\u00f3 Rinc\u00f3n. Uno de los puntos cr\u00edticos abordados fue el funcionamiento de los PMGD (Peque\u00f1o Medio de Generaci\u00f3n Distribuida), segmento que \u2014seg\u00fan indic\u00f3 la ministra\u2014 presenta distorsiones relevantes. \u201cEl mecanismo de estabilizaci\u00f3n de precios ha implicado sobrecostos que finalmente pagan los clientes, y eso tenemos que corregirlo, resguardando al mismo tiempo la confianza de quienes han invertido\u201d, dijo la secretaria de Estado. En esa l\u00ednea, Rinc\u00f3n plante\u00f3 avanzar hacia un sistema m\u00e1s transparente y equilibrado, alineado con la transici\u00f3n energ\u00e9tica y la protecci\u00f3n de los usuarios. Por su parte, el rector de la PUC destac\u00f3 el rol de la academia en la discusi\u00f3n energ\u00e9tica. \u201cEsta C\u00e1tedra es un espacio clave para abordar los desaf\u00edos del sector. La seguridad energ\u00e9tica es un asunto de soberan\u00eda nacional, y el sistema el\u00e9ctrico chileno requiere marcos regulatorios adecuados que permitan enfrentar los fen\u00f3menos actuales y asegurar un desarrollo confiable y sostenible\u201d, se\u00f1al\u00f3. La postura del sector privado Desde el mundo empresarial, el CEO de Colb\u00fan, Jos\u00e9 Ignacio Escobar, plante\u00f3 que Chile enfrenta un momento decisivo en la evoluci\u00f3n de su sistema el\u00e9ctrico. \u201cChile fue referente mundial en el dise\u00f1o de su sistema el\u00e9ctrico, y hoy estamos nuevamente frente a un punto de inflexi\u00f3n, donde tenemos que demostrar que somos capaces de construir los mercados el\u00e9ctricos del futuro\u201d, sostuvo. Tambi\u00e9n destac\u00f3 los avances en descarbonizaci\u00f3n, con m\u00e1s de 60% de generaci\u00f3n renovable al 2025, aunque advirti\u00f3 tensiones en el sistema. \u201cHemos avanzado de manera extraordinaria en energ\u00edas renovables, pero en ese camino hemos dejado en segundo plano atributos fundamentales como la seguridad, la resiliencia y la estabilidad del sistema\u201d, dijo. El ejecutivo agreg\u00f3 que \u201choy el pa\u00eds enfrenta una paradoja estructural, abundancia de energ\u00eda, pero con problemas de confianza en el sistema. No podemos tener un sector con esta capacidad instalada y, al mismo tiempo, usuarios que no conf\u00edan en que el suministro ser\u00e1 seguro y continuo\u201d Panel de expertos Jos\u00e9 Ignacio Escobar fue adem\u00e1s uno de los expertos que particip\u00f3 de un panel de conversaci\u00f3n donde se abord\u00f3 los desaf\u00edos futuros de la regulaci\u00f3n energ\u00e9tica y la necesidad de avanzar hacia un sistema m\u00e1s sostenible y robusto. La instancia fue moderada por Paulina Basoalto y cont\u00f3 adem\u00e1s con la participaci\u00f3n de Marta Cabezas, Superintendenta de Electricidad y Combustibles; y Mat\u00edas Negrete, acad\u00e9mico de la Escuela de Ingenier\u00eda UC. En el di\u00e1logo, la superintendenta puso el foco en los usuarios, destacando la importancia de asegurar calidad, continuidad del suministro y respuestas oportunas. \u201cNuestro desaf\u00edo es asegurar calidad, continuidad del suministro y respuestas oportunas, con informaci\u00f3n en tiempo real\u201d, dijo la autoridad. Marta Cabezas agreg\u00f3 que aunque las interrupciones pueden ocurrir, lo fundamental es garantizar una recuperaci\u00f3n r\u00e1pida. En esa l\u00ednea, el acad\u00e9mico Mat\u00edas Negrete plante\u00f3 que \u201chay avances que no requieren grandes reformas, sino mejor gesti\u00f3n y ejecuci\u00f3n en el corto plazo\u201d. El docente de la UC tambi\u00e9n destac\u00f3 que la seguridad del sistema es clave para recuperar la confianza y avanzar en la electrificaci\u00f3n, y relev\u00f3 la necesidad de incorporar nuevas herramientas como el mercado de ofertas, especialmente ante el crecimiento del almacenamiento con bater\u00edas. Fuente: Emol.com &#8211;&nbsp;https:\/\/www.emol.com\/noticias\/Tendencias\/2026\/04\/24\/1198160\/uc-desafios-transicion-energetica.html","og_url":"https:\/\/www.ing.uc.cl\/electrica\/2026\/04\/30\/transicion-energetica-expertos-advierten-brechas-en-regulacion-y-llaman-a-fortalecer-la-seguridad-del-sistema\/","og_site_name":"DEPARTAMENTO DE INGENIER\u00cdA EL\u00c9CTRICA","article_published_time":"2026-04-30T15:26:14+00:00","article_modified_time":"2026-04-30T15:26:16+00:00","og_image":[{"width":1707,"height":2560,"url":"https:\/\/www.ing.uc.cl\/electrica\/wp-content\/uploads\/2026\/04\/Noticia-Negrete-scaled.jpg","type":"image\/jpeg"}],"author":"Maria Troncoso","twitter_card":"summary_large_image","twitter_misc":{"Escrito por":"Maria Troncoso","Tiempo estimado de lectura":"5 minutos"},"schema":{"@context":"https:\/\/schema.org","@graph":[{"@type":"Article","@id":"https:\/\/www.ing.uc.cl\/electrica\/2026\/04\/30\/transicion-energetica-expertos-advierten-brechas-en-regulacion-y-llaman-a-fortalecer-la-seguridad-del-sistema\/#article","isPartOf":{"@id":"https:\/\/www.ing.uc.cl\/electrica\/2026\/04\/30\/transicion-energetica-expertos-advierten-brechas-en-regulacion-y-llaman-a-fortalecer-la-seguridad-del-sistema\/"},"author":{"name":"Maria Troncoso","@id":"https:\/\/www.ing.uc.cl\/electrica\/#\/schema\/person\/568a5862edeea5190d9b3fb2ec4b7eea"},"headline":"Transici\u00f3n energ\u00e9tica: Expertos advierten brechas en regulaci\u00f3n y llaman a fortalecer la seguridad del sistema","datePublished":"2026-04-30T15:26:14+00:00","dateModified":"2026-04-30T15:26:16+00:00","mainEntityOfPage":{"@id":"https:\/\/www.ing.uc.cl\/electrica\/2026\/04\/30\/transicion-energetica-expertos-advierten-brechas-en-regulacion-y-llaman-a-fortalecer-la-seguridad-del-sistema\/"},"wordCount":888,"publisher":{"@id":"https:\/\/www.ing.uc.cl\/electrica\/#organization"},"image":{"@id":"https:\/\/www.ing.uc.cl\/electrica\/2026\/04\/30\/transicion-energetica-expertos-advierten-brechas-en-regulacion-y-llaman-a-fortalecer-la-seguridad-del-sistema\/#primaryimage"},"thumbnailUrl":"https:\/\/www.ing.uc.cl\/electrica\/wp-content\/uploads\/2026\/04\/Noticia-Negrete-scaled.jpg","articleSection":["Noticias"],"inLanguage":"es-CL"},{"@type":"WebPage","@id":"https:\/\/www.ing.uc.cl\/electrica\/2026\/04\/30\/transicion-energetica-expertos-advierten-brechas-en-regulacion-y-llaman-a-fortalecer-la-seguridad-del-sistema\/","url":"https:\/\/www.ing.uc.cl\/electrica\/2026\/04\/30\/transicion-energetica-expertos-advierten-brechas-en-regulacion-y-llaman-a-fortalecer-la-seguridad-del-sistema\/","name":"Transici\u00f3n energ\u00e9tica: Expertos advierten brechas en regulaci\u00f3n y llaman a fortalecer la seguridad del sistema - DEPARTAMENTO DE INGENIER\u00cdA EL\u00c9CTRICA","isPartOf":{"@id":"https:\/\/www.ing.uc.cl\/electrica\/#website"},"primaryImageOfPage":{"@id":"https:\/\/www.ing.uc.cl\/electrica\/2026\/04\/30\/transicion-energetica-expertos-advierten-brechas-en-regulacion-y-llaman-a-fortalecer-la-seguridad-del-sistema\/#primaryimage"},"image":{"@id":"https:\/\/www.ing.uc.cl\/electrica\/2026\/04\/30\/transicion-energetica-expertos-advierten-brechas-en-regulacion-y-llaman-a-fortalecer-la-seguridad-del-sistema\/#primaryimage"},"thumbnailUrl":"https:\/\/www.ing.uc.cl\/electrica\/wp-content\/uploads\/2026\/04\/Noticia-Negrete-scaled.jpg","datePublished":"2026-04-30T15:26:14+00:00","dateModified":"2026-04-30T15:26:16+00:00","breadcrumb":{"@id":"https:\/\/www.ing.uc.cl\/electrica\/2026\/04\/30\/transicion-energetica-expertos-advierten-brechas-en-regulacion-y-llaman-a-fortalecer-la-seguridad-del-sistema\/#breadcrumb"},"inLanguage":"es-CL","potentialAction":[{"@type":"ReadAction","target":["https:\/\/www.ing.uc.cl\/electrica\/2026\/04\/30\/transicion-energetica-expertos-advierten-brechas-en-regulacion-y-llaman-a-fortalecer-la-seguridad-del-sistema\/"]}]},{"@type":"ImageObject","inLanguage":"es-CL","@id":"https:\/\/www.ing.uc.cl\/electrica\/2026\/04\/30\/transicion-energetica-expertos-advierten-brechas-en-regulacion-y-llaman-a-fortalecer-la-seguridad-del-sistema\/#primaryimage","url":"https:\/\/www.ing.uc.cl\/electrica\/wp-content\/uploads\/2026\/04\/Noticia-Negrete-scaled.jpg","contentUrl":"https:\/\/www.ing.uc.cl\/electrica\/wp-content\/uploads\/2026\/04\/Noticia-Negrete-scaled.jpg","width":1707,"height":2560},{"@type":"BreadcrumbList","@id":"https:\/\/www.ing.uc.cl\/electrica\/2026\/04\/30\/transicion-energetica-expertos-advierten-brechas-en-regulacion-y-llaman-a-fortalecer-la-seguridad-del-sistema\/#breadcrumb","itemListElement":[{"@type":"ListItem","position":1,"name":"Portada","item":"https:\/\/www.ing.uc.cl\/electrica\/"},{"@type":"ListItem","position":2,"name":"Transici\u00f3n energ\u00e9tica: Expertos advierten brechas en regulaci\u00f3n y llaman a fortalecer la seguridad del sistema"}]},{"@type":"WebSite","@id":"https:\/\/www.ing.uc.cl\/electrica\/#website","url":"https:\/\/www.ing.uc.cl\/electrica\/","name":"DEPARTAMENTO DE INGENIER\u00cdA EL\u00c9CTRICA","description":"","publisher":{"@id":"https:\/\/www.ing.uc.cl\/electrica\/#organization"},"potentialAction":[{"@type":"SearchAction","target":{"@type":"EntryPoint","urlTemplate":"https:\/\/www.ing.uc.cl\/electrica\/?s={search_term_string}"},"query-input":{"@type":"PropertyValueSpecification","valueRequired":true,"valueName":"search_term_string"}}],"inLanguage":"es-CL"},{"@type":"Organization","@id":"https:\/\/www.ing.uc.cl\/electrica\/#organization","name":"DEPARTAMENTO DE INGENIER\u00cdA EL\u00c9CTRICA","url":"https:\/\/www.ing.uc.cl\/electrica\/","logo":{"@type":"ImageObject","inLanguage":"es-CL","@id":"https:\/\/www.ing.uc.cl\/electrica\/#\/schema\/logo\/image\/","url":"https:\/\/www.ing.uc.cl\/electrica\/wp-content\/uploads\/2020\/03\/logo-uc-03.svg","contentUrl":"https:\/\/www.ing.uc.cl\/electrica\/wp-content\/uploads\/2020\/03\/logo-uc-03.svg","width":156,"height":90,"caption":"DEPARTAMENTO DE INGENIER\u00cdA EL\u00c9CTRICA"},"image":{"@id":"https:\/\/www.ing.uc.cl\/electrica\/#\/schema\/logo\/image\/"}},{"@type":"Person","@id":"https:\/\/www.ing.uc.cl\/electrica\/#\/schema\/person\/568a5862edeea5190d9b3fb2ec4b7eea","name":"Maria Troncoso","image":{"@type":"ImageObject","inLanguage":"es-CL","@id":"https:\/\/secure.gravatar.com\/avatar\/8e2b9322e692717cb0c0b14822e661e7c973fd0cb012cc360b551a1eadb54e44?s=96&d=mm&r=g","url":"https:\/\/secure.gravatar.com\/avatar\/8e2b9322e692717cb0c0b14822e661e7c973fd0cb012cc360b551a1eadb54e44?s=96&d=mm&r=g","contentUrl":"https:\/\/secure.gravatar.com\/avatar\/8e2b9322e692717cb0c0b14822e661e7c973fd0cb012cc360b551a1eadb54e44?s=96&d=mm&r=g","caption":"Maria Troncoso"},"url":"https:\/\/www.ing.uc.cl\/electrica\/author\/mary\/"}]}},"_links":{"self":[{"href":"https:\/\/www.ing.uc.cl\/electrica\/wp-json\/wp\/v2\/posts\/14289","targetHints":{"allow":["GET"]}}],"collection":[{"href":"https:\/\/www.ing.uc.cl\/electrica\/wp-json\/wp\/v2\/posts"}],"about":[{"href":"https:\/\/www.ing.uc.cl\/electrica\/wp-json\/wp\/v2\/types\/post"}],"author":[{"embeddable":true,"href":"https:\/\/www.ing.uc.cl\/electrica\/wp-json\/wp\/v2\/users\/7"}],"replies":[{"embeddable":true,"href":"https:\/\/www.ing.uc.cl\/electrica\/wp-json\/wp\/v2\/comments?post=14289"}],"version-history":[{"count":1,"href":"https:\/\/www.ing.uc.cl\/electrica\/wp-json\/wp\/v2\/posts\/14289\/revisions"}],"predecessor-version":[{"id":14292,"href":"https:\/\/www.ing.uc.cl\/electrica\/wp-json\/wp\/v2\/posts\/14289\/revisions\/14292"}],"wp:featuredmedia":[{"embeddable":true,"href":"https:\/\/www.ing.uc.cl\/electrica\/wp-json\/wp\/v2\/media\/14257"}],"wp:attachment":[{"href":"https:\/\/www.ing.uc.cl\/electrica\/wp-json\/wp\/v2\/media?parent=14289"}],"wp:term":[{"taxonomy":"category","embeddable":true,"href":"https:\/\/www.ing.uc.cl\/electrica\/wp-json\/wp\/v2\/categories?post=14289"},{"taxonomy":"post_tag","embeddable":true,"href":"https:\/\/www.ing.uc.cl\/electrica\/wp-json\/wp\/v2\/tags?post=14289"}],"curies":[{"name":"wp","href":"https:\/\/api.w.org\/{rel}","templated":true}]}}