{"id":14702,"date":"2026-08-26T22:23:00","date_gmt":"2026-08-27T01:23:00","guid":{"rendered":"https:\/\/www.ing.uc.cl\/electrica\/?p=14702"},"modified":"2026-08-31T16:41:28","modified_gmt":"2026-08-31T19:41:28","slug":"profesor-del-die-premiado-en-dia-de-la-trayectoria-academica","status":"publish","type":"post","link":"https:\/\/www.ing.uc.cl\/electrica\/2026\/08\/26\/profesor-del-die-premiado-en-dia-de-la-trayectoria-academica\/","title":{"rendered":"Profesor del DIE premiado en D\u00eda de la Trayectoria Acad\u00e9mica."},"content":{"rendered":"\n<p class=\"has-medium-font-size wp-block-paragraph\">Desde el <strong>Departamento de Ingenier\u00eda El\u00e9ctrica<\/strong>, felicitamos afectuosamente a don Vladimir Marianov por sus <strong>45 a\u00f1os de trayectoria<\/strong>, y reconocemos con orgullo su valioso aporte a la Universidad, a la Escuela de Ingenier\u00eda y, especialmente, al desarrollo y crecimiento de nuestra comunidad del DIE.<\/p>\n\n\n\n<figure class=\"wp-block-image aligncenter size-large\"><img fetchpriority=\"high\" decoding=\"async\" width=\"1024\" height=\"768\" src=\"https:\/\/www.ing.uc.cl\/electrica\/wp-content\/uploads\/2026\/08\/foto-1-1024x768.jpeg\" alt=\"\" class=\"wp-image-14704\" srcset=\"https:\/\/www.ing.uc.cl\/electrica\/wp-content\/uploads\/2026\/08\/foto-1-1024x768.jpeg 1024w, https:\/\/www.ing.uc.cl\/electrica\/wp-content\/uploads\/2026\/08\/foto-1-300x225.jpeg 300w, https:\/\/www.ing.uc.cl\/electrica\/wp-content\/uploads\/2026\/08\/foto-1-768x576.jpeg 768w, https:\/\/www.ing.uc.cl\/electrica\/wp-content\/uploads\/2026\/08\/foto-1-1536x1152.jpeg 1536w, https:\/\/www.ing.uc.cl\/electrica\/wp-content\/uploads\/2026\/08\/foto-1.jpeg 1600w\" sizes=\"(max-width: 1024px) 100vw, 1024px\" \/><\/figure>\n\n\n\n<p class=\"wp-block-paragraph\">El pasado <strong>28 de agosto<\/strong>, en el marco del <strong>D\u00eda de la Trayectoria Acad\u00e9mica<\/strong>, la Pontificia Universidad Cat\u00f3lica de Chile reconoci\u00f3 a <strong>102 acad\u00e9micos y acad\u00e9micas<\/strong> que cumplen entre <strong>25 y 50 a\u00f1os de labor en la Universidad<\/strong>.<\/p>\n\n\n\n<p class=\"wp-block-paragraph\">En esta ocasi\u00f3n, <strong>don Vladimir Marianov, profesor em\u00e9rito del Departamento de Ingenier\u00eda El\u00e9ctrica (DIE), recibi\u00f3 el reconocimiento por sus 45 a\u00f1os de trayectoria en la Pontificia Universidad Cat\u00f3lica de Chile y en nuestro Departamento<\/strong>. Esta distinci\u00f3n destaca una extensa carrera marcada por su compromiso con la docencia, la investigaci\u00f3n y el desarrollo de la Universidad.<\/p>\n\n\n\n<figure class=\"wp-block-image aligncenter size-full\"><img decoding=\"async\" width=\"800\" height=\"534\" src=\"https:\/\/www.ing.uc.cl\/electrica\/wp-content\/uploads\/2026\/08\/Foto-7.jpg\" alt=\"\" class=\"wp-image-14705\" srcset=\"https:\/\/www.ing.uc.cl\/electrica\/wp-content\/uploads\/2026\/08\/Foto-7.jpg 800w, https:\/\/www.ing.uc.cl\/electrica\/wp-content\/uploads\/2026\/08\/Foto-7-300x200.jpg 300w, https:\/\/www.ing.uc.cl\/electrica\/wp-content\/uploads\/2026\/08\/Foto-7-768x513.jpg 768w, https:\/\/www.ing.uc.cl\/electrica\/wp-content\/uploads\/2026\/08\/Foto-7-272x182.jpg 272w\" sizes=\"(max-width: 800px) 100vw, 800px\" \/><\/figure>\n\n\n\n<h3 class=\"wp-block-heading\">Una destacada trayectoria acad\u00e9mica y profesional<\/h3>\n\n\n\n<p class=\"wp-block-paragraph\">Don Vladimir Marianov es <strong>Ingeniero Civil Electricista de la Universidad de Chile, menci\u00f3n en Telecomunicaciones<\/strong>, y obtuvo un <strong>Master of Science in Engineering<\/strong> y el <strong>Doctor of Philosophy (PhD)<\/strong> de <strong>The Johns Hopkins University<\/strong>, Baltimore, Estados Unidos.<\/p>\n\n\n\n<p class=\"wp-block-paragraph\">Durante su trayectoria en la Pontificia Universidad Cat\u00f3lica de Chile, se desempe\u00f1a como <strong>Profesor Titular del Departamento de Ingenier\u00eda El\u00e9ctrica<\/strong>, adem\u00e1s de haber dictado cursos en el Departamento de Ingenier\u00eda Industrial y de Sistemas. Sus \u00e1reas de investigaci\u00f3n se han centrado en la <strong>localizaci\u00f3n \u00f3ptima de instalaciones y las telecomunicaciones<\/strong>.<\/p>\n\n\n\n<p class=\"wp-block-paragraph\">Su producci\u00f3n acad\u00e9mica incluye <strong>m\u00e1s de 90 art\u00edculos publicados en revistas WoS<\/strong>, adem\u00e1s de numerosos trabajos presentados en congresos y conferencias. Asimismo, ha dirigido proyectos de investigaci\u00f3n con diversas fuentes de financiamiento, tanto nacionales como internacionales.<\/p>\n\n\n\n<p class=\"wp-block-paragraph\">Su trayectoria tambi\u00e9n ha estado estrechamente vinculada a la gesti\u00f3n y desarrollo institucional. Fue miembro del <strong>Consejo de la Escuela de Ingenier\u00eda de la UC<\/strong> y durante seis a\u00f1os se desempe\u00f1\u00f3 como <strong>Director Administrativo de la Escuela de Ingenier\u00eda<\/strong> y como <strong>Director de la Direcci\u00f3n de Investigaciones Cient\u00edficas y Tecnol\u00f3gicas de la Universidad Cat\u00f3lica (DICTUC)<\/strong>, participando en el proceso que dio origen a <strong>Dictuc S.A.<\/strong><\/p>\n\n\n\n<p class=\"wp-block-paragraph\">Posteriormente, fue Director y Presidente de Dictuc S.A. y se desempe\u00f1\u00f3 como asesor de su Directorio durante siete a\u00f1os. Tambi\u00e9n integr\u00f3 los directorios de diversas empresas filiales de la Escuela de Ingenier\u00eda. Durante seis a\u00f1os fue Presidente de la <strong>Fundaci\u00f3n San Agust\u00edn Ingenier\u00eda UC<\/strong>, instituci\u00f3n de cuyo Directorio contin\u00faa siendo miembro.<\/p>\n\n\n\n<p class=\"wp-block-paragraph\">En el \u00e1mbito de las telecomunicaciones, fue integrante del <strong>Consejo de Desarrollo de las Telecomunicaciones<\/strong>, presidido por el Ministro de Transportes y Telecomunicaciones. Adem\u00e1s, ha realizado numerosas consultor\u00edas en las \u00e1reas de telecomunicaciones y log\u00edstica para empresas y organismos de gobierno, y se ha desempe\u00f1ado como \u00e1rbitro y perito en diversas oportunidades.<\/p>\n\n\n\n<p class=\"wp-block-paragraph\">Su compromiso con la investigaci\u00f3n y el desarrollo cient\u00edfico tambi\u00e9n se refleja en su participaci\u00f3n como <strong>Consejero Superior de FONDECYT<\/strong>. Represent\u00f3 por 10 a\u00f1os a los acad\u00e9micos en el <strong>Consejo Superior de la UC<\/strong>, integr\u00f3 el <strong>Consejo Asesor de la Escuela de Ingenier\u00eda<\/strong> y fue miembro del Directorio del <strong>Instituto Sistemas Complejos de Ingenier\u00eda<\/strong>.<\/p>\n\n\n\n<figure class=\"wp-block-image aligncenter size-large\"><img decoding=\"async\" width=\"1024\" height=\"768\" src=\"https:\/\/www.ing.uc.cl\/electrica\/wp-content\/uploads\/2026\/08\/foto-5-1024x768.jpeg\" alt=\"\" class=\"wp-image-14706\" srcset=\"https:\/\/www.ing.uc.cl\/electrica\/wp-content\/uploads\/2026\/08\/foto-5-1024x768.jpeg 1024w, https:\/\/www.ing.uc.cl\/electrica\/wp-content\/uploads\/2026\/08\/foto-5-300x225.jpeg 300w, https:\/\/www.ing.uc.cl\/electrica\/wp-content\/uploads\/2026\/08\/foto-5-768x576.jpeg 768w, https:\/\/www.ing.uc.cl\/electrica\/wp-content\/uploads\/2026\/08\/foto-5-1536x1152.jpeg 1536w, https:\/\/www.ing.uc.cl\/electrica\/wp-content\/uploads\/2026\/08\/foto-5.jpeg 1600w\" sizes=\"(max-width: 1024px) 100vw, 1024px\" \/><\/figure>\n","protected":false},"excerpt":{"rendered":"<p>Desde el Departamento de Ingenier\u00eda El\u00e9ctrica, felicitamos afectuosamente a don Vladimir Marianov por sus 45 a\u00f1os de trayectoria, y reconocemos con orgullo su valioso aporte a la Universidad, a la Escuela de Ingenier\u00eda y, especialmente, al desarrollo y crecimiento de nuestra comunidad del DIE. El pasado 28 de agosto, en el marco del D\u00eda de la Trayectoria Acad\u00e9mica, la Pontificia Universidad Cat\u00f3lica de Chile reconoci\u00f3 a 102 acad\u00e9micos y acad\u00e9micas que cumplen entre 25 y 50 a\u00f1os de labor en la Universidad. En esta ocasi\u00f3n, don Vladimir Marianov, profesor em\u00e9rito del Departamento de Ingenier\u00eda El\u00e9ctrica (DIE), recibi\u00f3 el reconocimiento por sus 45 a\u00f1os de trayectoria en la Pontificia Universidad Cat\u00f3lica de Chile y en nuestro Departamento. Esta distinci\u00f3n destaca una extensa carrera marcada por su compromiso con la docencia, la investigaci\u00f3n y el desarrollo de la Universidad. Una destacada trayectoria acad\u00e9mica y profesional Don Vladimir Marianov es Ingeniero Civil Electricista de la Universidad de Chile, menci\u00f3n en Telecomunicaciones, y obtuvo un Master of Science in Engineering y el Doctor of Philosophy (PhD) de The Johns Hopkins University, Baltimore, Estados Unidos. Durante su trayectoria en la Pontificia Universidad Cat\u00f3lica de Chile, se desempe\u00f1a como Profesor Titular del Departamento de Ingenier\u00eda El\u00e9ctrica, adem\u00e1s de haber dictado cursos en el Departamento de Ingenier\u00eda Industrial y de Sistemas. Sus \u00e1reas de investigaci\u00f3n se han centrado en la localizaci\u00f3n \u00f3ptima de instalaciones y las telecomunicaciones. Su producci\u00f3n acad\u00e9mica incluye m\u00e1s de 90 art\u00edculos publicados en revistas WoS, adem\u00e1s de numerosos trabajos presentados en congresos y conferencias. Asimismo, ha dirigido proyectos de investigaci\u00f3n con diversas fuentes de financiamiento, tanto nacionales como internacionales. Su trayectoria tambi\u00e9n ha estado estrechamente vinculada a la gesti\u00f3n y desarrollo institucional. Fue miembro del Consejo de la Escuela de Ingenier\u00eda de la UC y durante seis a\u00f1os se desempe\u00f1\u00f3 como Director Administrativo de la Escuela de Ingenier\u00eda y como Director de la Direcci\u00f3n de Investigaciones Cient\u00edficas y Tecnol\u00f3gicas de la Universidad Cat\u00f3lica (DICTUC), participando en el proceso que dio origen a Dictuc S.A. Posteriormente, fue Director y Presidente de Dictuc S.A. y se desempe\u00f1\u00f3 como asesor de su Directorio durante siete a\u00f1os. Tambi\u00e9n integr\u00f3 los directorios de diversas empresas filiales de la Escuela de Ingenier\u00eda. Durante seis a\u00f1os fue Presidente de la Fundaci\u00f3n San Agust\u00edn Ingenier\u00eda UC, instituci\u00f3n de cuyo Directorio contin\u00faa siendo miembro. En el \u00e1mbito de las telecomunicaciones, fue integrante del Consejo de Desarrollo de las Telecomunicaciones, presidido por el Ministro de Transportes y Telecomunicaciones. Adem\u00e1s, ha realizado numerosas consultor\u00edas en las \u00e1reas de telecomunicaciones y log\u00edstica para empresas y organismos de gobierno, y se ha desempe\u00f1ado como \u00e1rbitro y perito en diversas oportunidades. Su compromiso con la investigaci\u00f3n y el desarrollo cient\u00edfico tambi\u00e9n se refleja en su participaci\u00f3n como Consejero Superior de FONDECYT. Represent\u00f3 por 10 a\u00f1os a los acad\u00e9micos en el Consejo Superior de la UC, integr\u00f3 el Consejo Asesor de la Escuela de Ingenier\u00eda y fue miembro del Directorio del Instituto Sistemas Complejos de Ingenier\u00eda.<\/p>\n","protected":false},"author":7,"featured_media":14707,"comment_status":"closed","ping_status":"open","sticky":false,"template":"","format":"standard","meta":{"_acf_changed":false,"_eb_attr":"","site-sidebar-layout":"default","site-content-layout":"","ast-site-content-layout":"default","site-content-style":"default","site-sidebar-style":"default","ast-global-header-display":"","ast-banner-title-visibility":"","ast-main-header-display":"","ast-hfb-above-header-display":"","ast-hfb-below-header-display":"","ast-hfb-mobile-header-display":"","site-post-title":"","ast-breadcrumbs-content":"","ast-featured-img":"","footer-sml-layout":"","ast-disable-related-posts":"","theme-transparent-header-meta":"","adv-header-id-meta":"","stick-header-meta":"","header-above-stick-meta":"","header-main-stick-meta":"","header-below-stick-meta":"","astra-migrate-meta-layouts":"set","ast-page-background-enabled":"default","ast-page-background-meta":{"desktop":{"background-color":"","background-image":"","background-repeat":"repeat","background-position":"center center","background-size":"auto","background-attachment":"scroll","background-type":"","background-media":"","overlay-type":"","overlay-color":"","overlay-opacity":"","overlay-gradient":""},"tablet":{"background-color":"","background-image":"","background-repeat":"repeat","background-position":"center center","background-size":"auto","background-attachment":"scroll","background-type":"","background-media":"","overlay-type":"","overlay-color":"","overlay-opacity":"","overlay-gradient":""},"mobile":{"background-color":"","background-image":"","background-repeat":"repeat","background-position":"center center","background-size":"auto","background-attachment":"scroll","background-type":"","background-media":"","overlay-type":"","overlay-color":"","overlay-opacity":"","overlay-gradient":""}},"ast-content-background-meta":{"desktop":{"background-color":"var(--ast-global-color-5)","background-image":"","background-repeat":"repeat","background-position":"center center","background-size":"auto","background-attachment":"scroll","background-type":"","background-media":"","overlay-type":"","overlay-color":"","overlay-opacity":"","overlay-gradient":""},"tablet":{"background-color":"var(--ast-global-color-5)","background-image":"","background-repeat":"repeat","background-position":"center center","background-size":"auto","background-attachment":"scroll","background-type":"","background-media":"","overlay-type":"","overlay-color":"","overlay-opacity":"","overlay-gradient":""},"mobile":{"background-color":"var(--ast-global-color-5)","background-image":"","background-repeat":"repeat","background-position":"center center","background-size":"auto","background-attachment":"scroll","background-type":"","background-media":"","overlay-type":"","overlay-color":"","overlay-opacity":"","overlay-gradient":""}},"footnotes":""},"categories":[18],"tags":[],"class_list":["post-14702","post","type-post","status-publish","format-standard","has-post-thumbnail","hentry","category-electrica-noticias"],"acf":[],"yoast_head":"<!-- This site is optimized with the Yoast SEO plugin v28.3 - https:\/\/yoast.com\/product\/yoast-seo-wordpress\/ -->\n<title>Profesor del DIE premiado en D\u00eda de la Trayectoria Acad\u00e9mica. - DEPARTAMENTO DE INGENIER\u00cdA EL\u00c9CTRICA<\/title>\n<meta name=\"robots\" content=\"index, follow, max-snippet:-1, max-image-preview:large, max-video-preview:-1\" \/>\n<link rel=\"canonical\" href=\"https:\/\/www.ing.uc.cl\/electrica\/2026\/08\/26\/profesor-del-die-premiado-en-dia-de-la-trayectoria-academica\/\" \/>\n<meta property=\"og:locale\" content=\"es_ES\" \/>\n<meta property=\"og:type\" content=\"article\" \/>\n<meta property=\"og:title\" content=\"Profesor del DIE premiado en D\u00eda de la Trayectoria Acad\u00e9mica. - DEPARTAMENTO DE INGENIER\u00cdA EL\u00c9CTRICA\" \/>\n<meta property=\"og:description\" content=\"Desde el Departamento de Ingenier\u00eda El\u00e9ctrica, felicitamos afectuosamente a don Vladimir Marianov por sus 45 a\u00f1os de trayectoria, y reconocemos con orgullo su valioso aporte a la Universidad, a la Escuela de Ingenier\u00eda y, especialmente, al desarrollo y crecimiento de nuestra comunidad del DIE. El pasado 28 de agosto, en el marco del D\u00eda de la Trayectoria Acad\u00e9mica, la Pontificia Universidad Cat\u00f3lica de Chile reconoci\u00f3 a 102 acad\u00e9micos y acad\u00e9micas que cumplen entre 25 y 50 a\u00f1os de labor en la Universidad. En esta ocasi\u00f3n, don Vladimir Marianov, profesor em\u00e9rito del Departamento de Ingenier\u00eda El\u00e9ctrica (DIE), recibi\u00f3 el reconocimiento por sus 45 a\u00f1os de trayectoria en la Pontificia Universidad Cat\u00f3lica de Chile y en nuestro Departamento. Esta distinci\u00f3n destaca una extensa carrera marcada por su compromiso con la docencia, la investigaci\u00f3n y el desarrollo de la Universidad. Una destacada trayectoria acad\u00e9mica y profesional Don Vladimir Marianov es Ingeniero Civil Electricista de la Universidad de Chile, menci\u00f3n en Telecomunicaciones, y obtuvo un Master of Science in Engineering y el Doctor of Philosophy (PhD) de The Johns Hopkins University, Baltimore, Estados Unidos. Durante su trayectoria en la Pontificia Universidad Cat\u00f3lica de Chile, se desempe\u00f1a como Profesor Titular del Departamento de Ingenier\u00eda El\u00e9ctrica, adem\u00e1s de haber dictado cursos en el Departamento de Ingenier\u00eda Industrial y de Sistemas. Sus \u00e1reas de investigaci\u00f3n se han centrado en la localizaci\u00f3n \u00f3ptima de instalaciones y las telecomunicaciones. Su producci\u00f3n acad\u00e9mica incluye m\u00e1s de 90 art\u00edculos publicados en revistas WoS, adem\u00e1s de numerosos trabajos presentados en congresos y conferencias. Asimismo, ha dirigido proyectos de investigaci\u00f3n con diversas fuentes de financiamiento, tanto nacionales como internacionales. Su trayectoria tambi\u00e9n ha estado estrechamente vinculada a la gesti\u00f3n y desarrollo institucional. Fue miembro del Consejo de la Escuela de Ingenier\u00eda de la UC y durante seis a\u00f1os se desempe\u00f1\u00f3 como Director Administrativo de la Escuela de Ingenier\u00eda y como Director de la Direcci\u00f3n de Investigaciones Cient\u00edficas y Tecnol\u00f3gicas de la Universidad Cat\u00f3lica (DICTUC), participando en el proceso que dio origen a Dictuc S.A. Posteriormente, fue Director y Presidente de Dictuc S.A. y se desempe\u00f1\u00f3 como asesor de su Directorio durante siete a\u00f1os. Tambi\u00e9n integr\u00f3 los directorios de diversas empresas filiales de la Escuela de Ingenier\u00eda. Durante seis a\u00f1os fue Presidente de la Fundaci\u00f3n San Agust\u00edn Ingenier\u00eda UC, instituci\u00f3n de cuyo Directorio contin\u00faa siendo miembro. En el \u00e1mbito de las telecomunicaciones, fue integrante del Consejo de Desarrollo de las Telecomunicaciones, presidido por el Ministro de Transportes y Telecomunicaciones. Adem\u00e1s, ha realizado numerosas consultor\u00edas en las \u00e1reas de telecomunicaciones y log\u00edstica para empresas y organismos de gobierno, y se ha desempe\u00f1ado como \u00e1rbitro y perito en diversas oportunidades. Su compromiso con la investigaci\u00f3n y el desarrollo cient\u00edfico tambi\u00e9n se refleja en su participaci\u00f3n como Consejero Superior de FONDECYT. Represent\u00f3 por 10 a\u00f1os a los acad\u00e9micos en el Consejo Superior de la UC, integr\u00f3 el Consejo Asesor de la Escuela de Ingenier\u00eda y fue miembro del Directorio del Instituto Sistemas Complejos de Ingenier\u00eda.\" \/>\n<meta property=\"og:url\" content=\"https:\/\/www.ing.uc.cl\/electrica\/2026\/08\/26\/profesor-del-die-premiado-en-dia-de-la-trayectoria-academica\/\" \/>\n<meta property=\"og:site_name\" content=\"DEPARTAMENTO DE INGENIER\u00cdA EL\u00c9CTRICA\" \/>\n<meta property=\"article:published_time\" content=\"2026-08-27T01:23:00+00:00\" \/>\n<meta property=\"article:modified_time\" content=\"2026-08-31T19:41:28+00:00\" \/>\n<meta property=\"og:image\" content=\"https:\/\/www.ing.uc.cl\/electrica\/wp-content\/uploads\/2026\/08\/Foto-9.jpg\" \/>\n\t<meta property=\"og:image:width\" content=\"2048\" \/>\n\t<meta property=\"og:image:height\" content=\"1366\" \/>\n\t<meta property=\"og:image:type\" content=\"image\/jpeg\" \/>\n<meta name=\"author\" content=\"Maria Troncoso\" \/>\n<meta name=\"twitter:card\" content=\"summary_large_image\" \/>\n<meta name=\"twitter:label1\" content=\"Escrito por\" \/>\n\t<meta name=\"twitter:data1\" content=\"Maria Troncoso\" \/>\n\t<meta name=\"twitter:label2\" content=\"Tiempo estimado de lectura\" \/>\n\t<meta name=\"twitter:data2\" content=\"4 minutos\" \/>\n<script type=\"application\/ld+json\" class=\"yoast-schema-graph\">{\"@context\":\"https:\\\/\\\/schema.org\",\"@graph\":[{\"@type\":\"Article\",\"@id\":\"https:\\\/\\\/www.ing.uc.cl\\\/electrica\\\/2026\\\/08\\\/26\\\/profesor-del-die-premiado-en-dia-de-la-trayectoria-academica\\\/#article\",\"isPartOf\":{\"@id\":\"https:\\\/\\\/www.ing.uc.cl\\\/electrica\\\/2026\\\/08\\\/26\\\/profesor-del-die-premiado-en-dia-de-la-trayectoria-academica\\\/\"},\"author\":{\"name\":\"Maria Troncoso\",\"@id\":\"https:\\\/\\\/www.ing.uc.cl\\\/electrica\\\/#\\\/schema\\\/person\\\/568a5862edeea5190d9b3fb2ec4b7eea\"},\"headline\":\"Profesor del DIE premiado en D\u00eda de la Trayectoria Acad\u00e9mica.\",\"datePublished\":\"2026-08-27T01:23:00+00:00\",\"dateModified\":\"2026-08-31T19:41:28+00:00\",\"mainEntityOfPage\":{\"@id\":\"https:\\\/\\\/www.ing.uc.cl\\\/electrica\\\/2026\\\/08\\\/26\\\/profesor-del-die-premiado-en-dia-de-la-trayectoria-academica\\\/\"},\"wordCount\":558,\"publisher\":{\"@id\":\"https:\\\/\\\/www.ing.uc.cl\\\/electrica\\\/#organization\"},\"image\":{\"@id\":\"https:\\\/\\\/www.ing.uc.cl\\\/electrica\\\/2026\\\/08\\\/26\\\/profesor-del-die-premiado-en-dia-de-la-trayectoria-academica\\\/#primaryimage\"},\"thumbnailUrl\":\"https:\\\/\\\/www.ing.uc.cl\\\/electrica\\\/wp-content\\\/uploads\\\/2026\\\/08\\\/Foto-9.jpg\",\"articleSection\":[\"Noticias\"],\"inLanguage\":\"es-CL\"},{\"@type\":\"WebPage\",\"@id\":\"https:\\\/\\\/www.ing.uc.cl\\\/electrica\\\/2026\\\/08\\\/26\\\/profesor-del-die-premiado-en-dia-de-la-trayectoria-academica\\\/\",\"url\":\"https:\\\/\\\/www.ing.uc.cl\\\/electrica\\\/2026\\\/08\\\/26\\\/profesor-del-die-premiado-en-dia-de-la-trayectoria-academica\\\/\",\"name\":\"Profesor del DIE premiado en D\u00eda de la Trayectoria Acad\u00e9mica. - DEPARTAMENTO DE INGENIER\u00cdA EL\u00c9CTRICA\",\"isPartOf\":{\"@id\":\"https:\\\/\\\/www.ing.uc.cl\\\/electrica\\\/#website\"},\"primaryImageOfPage\":{\"@id\":\"https:\\\/\\\/www.ing.uc.cl\\\/electrica\\\/2026\\\/08\\\/26\\\/profesor-del-die-premiado-en-dia-de-la-trayectoria-academica\\\/#primaryimage\"},\"image\":{\"@id\":\"https:\\\/\\\/www.ing.uc.cl\\\/electrica\\\/2026\\\/08\\\/26\\\/profesor-del-die-premiado-en-dia-de-la-trayectoria-academica\\\/#primaryimage\"},\"thumbnailUrl\":\"https:\\\/\\\/www.ing.uc.cl\\\/electrica\\\/wp-content\\\/uploads\\\/2026\\\/08\\\/Foto-9.jpg\",\"datePublished\":\"2026-08-27T01:23:00+00:00\",\"dateModified\":\"2026-08-31T19:41:28+00:00\",\"breadcrumb\":{\"@id\":\"https:\\\/\\\/www.ing.uc.cl\\\/electrica\\\/2026\\\/08\\\/26\\\/profesor-del-die-premiado-en-dia-de-la-trayectoria-academica\\\/#breadcrumb\"},\"inLanguage\":\"es-CL\",\"potentialAction\":[{\"@type\":\"ReadAction\",\"target\":[\"https:\\\/\\\/www.ing.uc.cl\\\/electrica\\\/2026\\\/08\\\/26\\\/profesor-del-die-premiado-en-dia-de-la-trayectoria-academica\\\/\"]}]},{\"@type\":\"ImageObject\",\"inLanguage\":\"es-CL\",\"@id\":\"https:\\\/\\\/www.ing.uc.cl\\\/electrica\\\/2026\\\/08\\\/26\\\/profesor-del-die-premiado-en-dia-de-la-trayectoria-academica\\\/#primaryimage\",\"url\":\"https:\\\/\\\/www.ing.uc.cl\\\/electrica\\\/wp-content\\\/uploads\\\/2026\\\/08\\\/Foto-9.jpg\",\"contentUrl\":\"https:\\\/\\\/www.ing.uc.cl\\\/electrica\\\/wp-content\\\/uploads\\\/2026\\\/08\\\/Foto-9.jpg\",\"width\":2048,\"height\":1366},{\"@type\":\"BreadcrumbList\",\"@id\":\"https:\\\/\\\/www.ing.uc.cl\\\/electrica\\\/2026\\\/08\\\/26\\\/profesor-del-die-premiado-en-dia-de-la-trayectoria-academica\\\/#breadcrumb\",\"itemListElement\":[{\"@type\":\"ListItem\",\"position\":1,\"name\":\"Portada\",\"item\":\"https:\\\/\\\/www.ing.uc.cl\\\/electrica\\\/\"},{\"@type\":\"ListItem\",\"position\":2,\"name\":\"Profesor del DIE premiado en D\u00eda de la Trayectoria Acad\u00e9mica.\"}]},{\"@type\":\"WebSite\",\"@id\":\"https:\\\/\\\/www.ing.uc.cl\\\/electrica\\\/#website\",\"url\":\"https:\\\/\\\/www.ing.uc.cl\\\/electrica\\\/\",\"name\":\"DEPARTAMENTO DE INGENIER\u00cdA EL\u00c9CTRICA\",\"description\":\"\",\"publisher\":{\"@id\":\"https:\\\/\\\/www.ing.uc.cl\\\/electrica\\\/#organization\"},\"potentialAction\":[{\"@type\":\"SearchAction\",\"target\":{\"@type\":\"EntryPoint\",\"urlTemplate\":\"https:\\\/\\\/www.ing.uc.cl\\\/electrica\\\/?s={search_term_string}\"},\"query-input\":{\"@type\":\"PropertyValueSpecification\",\"valueRequired\":true,\"valueName\":\"search_term_string\"}}],\"inLanguage\":\"es-CL\"},{\"@type\":\"Organization\",\"@id\":\"https:\\\/\\\/www.ing.uc.cl\\\/electrica\\\/#organization\",\"name\":\"DEPARTAMENTO DE INGENIER\u00cdA EL\u00c9CTRICA\",\"url\":\"https:\\\/\\\/www.ing.uc.cl\\\/electrica\\\/\",\"logo\":{\"@type\":\"ImageObject\",\"inLanguage\":\"es-CL\",\"@id\":\"https:\\\/\\\/www.ing.uc.cl\\\/electrica\\\/#\\\/schema\\\/logo\\\/image\\\/\",\"url\":\"https:\\\/\\\/www.ing.uc.cl\\\/electrica\\\/wp-content\\\/uploads\\\/2020\\\/03\\\/logo-uc-03.svg\",\"contentUrl\":\"https:\\\/\\\/www.ing.uc.cl\\\/electrica\\\/wp-content\\\/uploads\\\/2020\\\/03\\\/logo-uc-03.svg\",\"width\":156,\"height\":90,\"caption\":\"DEPARTAMENTO DE INGENIER\u00cdA EL\u00c9CTRICA\"},\"image\":{\"@id\":\"https:\\\/\\\/www.ing.uc.cl\\\/electrica\\\/#\\\/schema\\\/logo\\\/image\\\/\"}},{\"@type\":\"Person\",\"@id\":\"https:\\\/\\\/www.ing.uc.cl\\\/electrica\\\/#\\\/schema\\\/person\\\/568a5862edeea5190d9b3fb2ec4b7eea\",\"name\":\"Maria Troncoso\",\"image\":{\"@type\":\"ImageObject\",\"inLanguage\":\"es-CL\",\"@id\":\"https:\\\/\\\/secure.gravatar.com\\\/avatar\\\/8e2b9322e692717cb0c0b14822e661e7c973fd0cb012cc360b551a1eadb54e44?s=96&d=mm&r=g\",\"url\":\"https:\\\/\\\/secure.gravatar.com\\\/avatar\\\/8e2b9322e692717cb0c0b14822e661e7c973fd0cb012cc360b551a1eadb54e44?s=96&d=mm&r=g\",\"contentUrl\":\"https:\\\/\\\/secure.gravatar.com\\\/avatar\\\/8e2b9322e692717cb0c0b14822e661e7c973fd0cb012cc360b551a1eadb54e44?s=96&d=mm&r=g\",\"caption\":\"Maria Troncoso\"},\"url\":\"https:\\\/\\\/www.ing.uc.cl\\\/electrica\\\/author\\\/mary\\\/\"}]}<\/script>\n<!-- \/ Yoast SEO plugin. -->","yoast_head_json":{"title":"Profesor del DIE premiado en D\u00eda de la Trayectoria Acad\u00e9mica. - DEPARTAMENTO DE INGENIER\u00cdA EL\u00c9CTRICA","robots":{"index":"index","follow":"follow","max-snippet":"max-snippet:-1","max-image-preview":"max-image-preview:large","max-video-preview":"max-video-preview:-1"},"canonical":"https:\/\/www.ing.uc.cl\/electrica\/2026\/08\/26\/profesor-del-die-premiado-en-dia-de-la-trayectoria-academica\/","og_locale":"es_ES","og_type":"article","og_title":"Profesor del DIE premiado en D\u00eda de la Trayectoria Acad\u00e9mica. - DEPARTAMENTO DE INGENIER\u00cdA EL\u00c9CTRICA","og_description":"Desde el Departamento de Ingenier\u00eda El\u00e9ctrica, felicitamos afectuosamente a don Vladimir Marianov por sus 45 a\u00f1os de trayectoria, y reconocemos con orgullo su valioso aporte a la Universidad, a la Escuela de Ingenier\u00eda y, especialmente, al desarrollo y crecimiento de nuestra comunidad del DIE. El pasado 28 de agosto, en el marco del D\u00eda de la Trayectoria Acad\u00e9mica, la Pontificia Universidad Cat\u00f3lica de Chile reconoci\u00f3 a 102 acad\u00e9micos y acad\u00e9micas que cumplen entre 25 y 50 a\u00f1os de labor en la Universidad. En esta ocasi\u00f3n, don Vladimir Marianov, profesor em\u00e9rito del Departamento de Ingenier\u00eda El\u00e9ctrica (DIE), recibi\u00f3 el reconocimiento por sus 45 a\u00f1os de trayectoria en la Pontificia Universidad Cat\u00f3lica de Chile y en nuestro Departamento. Esta distinci\u00f3n destaca una extensa carrera marcada por su compromiso con la docencia, la investigaci\u00f3n y el desarrollo de la Universidad. Una destacada trayectoria acad\u00e9mica y profesional Don Vladimir Marianov es Ingeniero Civil Electricista de la Universidad de Chile, menci\u00f3n en Telecomunicaciones, y obtuvo un Master of Science in Engineering y el Doctor of Philosophy (PhD) de The Johns Hopkins University, Baltimore, Estados Unidos. Durante su trayectoria en la Pontificia Universidad Cat\u00f3lica de Chile, se desempe\u00f1a como Profesor Titular del Departamento de Ingenier\u00eda El\u00e9ctrica, adem\u00e1s de haber dictado cursos en el Departamento de Ingenier\u00eda Industrial y de Sistemas. Sus \u00e1reas de investigaci\u00f3n se han centrado en la localizaci\u00f3n \u00f3ptima de instalaciones y las telecomunicaciones. Su producci\u00f3n acad\u00e9mica incluye m\u00e1s de 90 art\u00edculos publicados en revistas WoS, adem\u00e1s de numerosos trabajos presentados en congresos y conferencias. Asimismo, ha dirigido proyectos de investigaci\u00f3n con diversas fuentes de financiamiento, tanto nacionales como internacionales. Su trayectoria tambi\u00e9n ha estado estrechamente vinculada a la gesti\u00f3n y desarrollo institucional. Fue miembro del Consejo de la Escuela de Ingenier\u00eda de la UC y durante seis a\u00f1os se desempe\u00f1\u00f3 como Director Administrativo de la Escuela de Ingenier\u00eda y como Director de la Direcci\u00f3n de Investigaciones Cient\u00edficas y Tecnol\u00f3gicas de la Universidad Cat\u00f3lica (DICTUC), participando en el proceso que dio origen a Dictuc S.A. Posteriormente, fue Director y Presidente de Dictuc S.A. y se desempe\u00f1\u00f3 como asesor de su Directorio durante siete a\u00f1os. Tambi\u00e9n integr\u00f3 los directorios de diversas empresas filiales de la Escuela de Ingenier\u00eda. Durante seis a\u00f1os fue Presidente de la Fundaci\u00f3n San Agust\u00edn Ingenier\u00eda UC, instituci\u00f3n de cuyo Directorio contin\u00faa siendo miembro. En el \u00e1mbito de las telecomunicaciones, fue integrante del Consejo de Desarrollo de las Telecomunicaciones, presidido por el Ministro de Transportes y Telecomunicaciones. Adem\u00e1s, ha realizado numerosas consultor\u00edas en las \u00e1reas de telecomunicaciones y log\u00edstica para empresas y organismos de gobierno, y se ha desempe\u00f1ado como \u00e1rbitro y perito en diversas oportunidades. Su compromiso con la investigaci\u00f3n y el desarrollo cient\u00edfico tambi\u00e9n se refleja en su participaci\u00f3n como Consejero Superior de FONDECYT. Represent\u00f3 por 10 a\u00f1os a los acad\u00e9micos en el Consejo Superior de la UC, integr\u00f3 el Consejo Asesor de la Escuela de Ingenier\u00eda y fue miembro del Directorio del Instituto Sistemas Complejos de Ingenier\u00eda.","og_url":"https:\/\/www.ing.uc.cl\/electrica\/2026\/08\/26\/profesor-del-die-premiado-en-dia-de-la-trayectoria-academica\/","og_site_name":"DEPARTAMENTO DE INGENIER\u00cdA EL\u00c9CTRICA","article_published_time":"2026-08-27T01:23:00+00:00","article_modified_time":"2026-08-31T19:41:28+00:00","og_image":[{"width":2048,"height":1366,"url":"https:\/\/www.ing.uc.cl\/electrica\/wp-content\/uploads\/2026\/08\/Foto-9.jpg","type":"image\/jpeg"}],"author":"Maria Troncoso","twitter_card":"summary_large_image","twitter_misc":{"Escrito por":"Maria Troncoso","Tiempo estimado de lectura":"4 minutos"},"schema":{"@context":"https:\/\/schema.org","@graph":[{"@type":"Article","@id":"https:\/\/www.ing.uc.cl\/electrica\/2026\/08\/26\/profesor-del-die-premiado-en-dia-de-la-trayectoria-academica\/#article","isPartOf":{"@id":"https:\/\/www.ing.uc.cl\/electrica\/2026\/08\/26\/profesor-del-die-premiado-en-dia-de-la-trayectoria-academica\/"},"author":{"name":"Maria Troncoso","@id":"https:\/\/www.ing.uc.cl\/electrica\/#\/schema\/person\/568a5862edeea5190d9b3fb2ec4b7eea"},"headline":"Profesor del DIE premiado en D\u00eda de la Trayectoria Acad\u00e9mica.","datePublished":"2026-08-27T01:23:00+00:00","dateModified":"2026-08-31T19:41:28+00:00","mainEntityOfPage":{"@id":"https:\/\/www.ing.uc.cl\/electrica\/2026\/08\/26\/profesor-del-die-premiado-en-dia-de-la-trayectoria-academica\/"},"wordCount":558,"publisher":{"@id":"https:\/\/www.ing.uc.cl\/electrica\/#organization"},"image":{"@id":"https:\/\/www.ing.uc.cl\/electrica\/2026\/08\/26\/profesor-del-die-premiado-en-dia-de-la-trayectoria-academica\/#primaryimage"},"thumbnailUrl":"https:\/\/www.ing.uc.cl\/electrica\/wp-content\/uploads\/2026\/08\/Foto-9.jpg","articleSection":["Noticias"],"inLanguage":"es-CL"},{"@type":"WebPage","@id":"https:\/\/www.ing.uc.cl\/electrica\/2026\/08\/26\/profesor-del-die-premiado-en-dia-de-la-trayectoria-academica\/","url":"https:\/\/www.ing.uc.cl\/electrica\/2026\/08\/26\/profesor-del-die-premiado-en-dia-de-la-trayectoria-academica\/","name":"Profesor del DIE premiado en D\u00eda de la Trayectoria Acad\u00e9mica. - DEPARTAMENTO DE INGENIER\u00cdA EL\u00c9CTRICA","isPartOf":{"@id":"https:\/\/www.ing.uc.cl\/electrica\/#website"},"primaryImageOfPage":{"@id":"https:\/\/www.ing.uc.cl\/electrica\/2026\/08\/26\/profesor-del-die-premiado-en-dia-de-la-trayectoria-academica\/#primaryimage"},"image":{"@id":"https:\/\/www.ing.uc.cl\/electrica\/2026\/08\/26\/profesor-del-die-premiado-en-dia-de-la-trayectoria-academica\/#primaryimage"},"thumbnailUrl":"https:\/\/www.ing.uc.cl\/electrica\/wp-content\/uploads\/2026\/08\/Foto-9.jpg","datePublished":"2026-08-27T01:23:00+00:00","dateModified":"2026-08-31T19:41:28+00:00","breadcrumb":{"@id":"https:\/\/www.ing.uc.cl\/electrica\/2026\/08\/26\/profesor-del-die-premiado-en-dia-de-la-trayectoria-academica\/#breadcrumb"},"inLanguage":"es-CL","potentialAction":[{"@type":"ReadAction","target":["https:\/\/www.ing.uc.cl\/electrica\/2026\/08\/26\/profesor-del-die-premiado-en-dia-de-la-trayectoria-academica\/"]}]},{"@type":"ImageObject","inLanguage":"es-CL","@id":"https:\/\/www.ing.uc.cl\/electrica\/2026\/08\/26\/profesor-del-die-premiado-en-dia-de-la-trayectoria-academica\/#primaryimage","url":"https:\/\/www.ing.uc.cl\/electrica\/wp-content\/uploads\/2026\/08\/Foto-9.jpg","contentUrl":"https:\/\/www.ing.uc.cl\/electrica\/wp-content\/uploads\/2026\/08\/Foto-9.jpg","width":2048,"height":1366},{"@type":"BreadcrumbList","@id":"https:\/\/www.ing.uc.cl\/electrica\/2026\/08\/26\/profesor-del-die-premiado-en-dia-de-la-trayectoria-academica\/#breadcrumb","itemListElement":[{"@type":"ListItem","position":1,"name":"Portada","item":"https:\/\/www.ing.uc.cl\/electrica\/"},{"@type":"ListItem","position":2,"name":"Profesor del DIE premiado en D\u00eda de la Trayectoria Acad\u00e9mica."}]},{"@type":"WebSite","@id":"https:\/\/www.ing.uc.cl\/electrica\/#website","url":"https:\/\/www.ing.uc.cl\/electrica\/","name":"DEPARTAMENTO DE INGENIER\u00cdA EL\u00c9CTRICA","description":"","publisher":{"@id":"https:\/\/www.ing.uc.cl\/electrica\/#organization"},"potentialAction":[{"@type":"SearchAction","target":{"@type":"EntryPoint","urlTemplate":"https:\/\/www.ing.uc.cl\/electrica\/?s={search_term_string}"},"query-input":{"@type":"PropertyValueSpecification","valueRequired":true,"valueName":"search_term_string"}}],"inLanguage":"es-CL"},{"@type":"Organization","@id":"https:\/\/www.ing.uc.cl\/electrica\/#organization","name":"DEPARTAMENTO DE INGENIER\u00cdA EL\u00c9CTRICA","url":"https:\/\/www.ing.uc.cl\/electrica\/","logo":{"@type":"ImageObject","inLanguage":"es-CL","@id":"https:\/\/www.ing.uc.cl\/electrica\/#\/schema\/logo\/image\/","url":"https:\/\/www.ing.uc.cl\/electrica\/wp-content\/uploads\/2020\/03\/logo-uc-03.svg","contentUrl":"https:\/\/www.ing.uc.cl\/electrica\/wp-content\/uploads\/2020\/03\/logo-uc-03.svg","width":156,"height":90,"caption":"DEPARTAMENTO DE INGENIER\u00cdA EL\u00c9CTRICA"},"image":{"@id":"https:\/\/www.ing.uc.cl\/electrica\/#\/schema\/logo\/image\/"}},{"@type":"Person","@id":"https:\/\/www.ing.uc.cl\/electrica\/#\/schema\/person\/568a5862edeea5190d9b3fb2ec4b7eea","name":"Maria Troncoso","image":{"@type":"ImageObject","inLanguage":"es-CL","@id":"https:\/\/secure.gravatar.com\/avatar\/8e2b9322e692717cb0c0b14822e661e7c973fd0cb012cc360b551a1eadb54e44?s=96&d=mm&r=g","url":"https:\/\/secure.gravatar.com\/avatar\/8e2b9322e692717cb0c0b14822e661e7c973fd0cb012cc360b551a1eadb54e44?s=96&d=mm&r=g","contentUrl":"https:\/\/secure.gravatar.com\/avatar\/8e2b9322e692717cb0c0b14822e661e7c973fd0cb012cc360b551a1eadb54e44?s=96&d=mm&r=g","caption":"Maria Troncoso"},"url":"https:\/\/www.ing.uc.cl\/electrica\/author\/mary\/"}]}},"_links":{"self":[{"href":"https:\/\/www.ing.uc.cl\/electrica\/wp-json\/wp\/v2\/posts\/14702","targetHints":{"allow":["GET"]}}],"collection":[{"href":"https:\/\/www.ing.uc.cl\/electrica\/wp-json\/wp\/v2\/posts"}],"about":[{"href":"https:\/\/www.ing.uc.cl\/electrica\/wp-json\/wp\/v2\/types\/post"}],"author":[{"embeddable":true,"href":"https:\/\/www.ing.uc.cl\/electrica\/wp-json\/wp\/v2\/users\/7"}],"replies":[{"embeddable":true,"href":"https:\/\/www.ing.uc.cl\/electrica\/wp-json\/wp\/v2\/comments?post=14702"}],"version-history":[{"count":2,"href":"https:\/\/www.ing.uc.cl\/electrica\/wp-json\/wp\/v2\/posts\/14702\/revisions"}],"predecessor-version":[{"id":14711,"href":"https:\/\/www.ing.uc.cl\/electrica\/wp-json\/wp\/v2\/posts\/14702\/revisions\/14711"}],"wp:featuredmedia":[{"embeddable":true,"href":"https:\/\/www.ing.uc.cl\/electrica\/wp-json\/wp\/v2\/media\/14707"}],"wp:attachment":[{"href":"https:\/\/www.ing.uc.cl\/electrica\/wp-json\/wp\/v2\/media?parent=14702"}],"wp:term":[{"taxonomy":"category","embeddable":true,"href":"https:\/\/www.ing.uc.cl\/electrica\/wp-json\/wp\/v2\/categories?post=14702"},{"taxonomy":"post_tag","embeddable":true,"href":"https:\/\/www.ing.uc.cl\/electrica\/wp-json\/wp\/v2\/tags?post=14702"}],"curies":[{"name":"wp","href":"https:\/\/api.w.org\/{rel}","templated":true}]}}