{"id":14712,"date":"2026-09-03T13:16:00","date_gmt":"2026-09-03T16:16:00","guid":{"rendered":"https:\/\/www.ing.uc.cl\/electrica\/?p=14712"},"modified":"2026-09-04T13:33:22","modified_gmt":"2026-09-04T16:33:22","slug":"transicion-energetica-pone-a-prueba-la-seguridad-del-sistema-electrico-y-plantea-desafios-para-su-regulacion","status":"publish","type":"post","link":"https:\/\/www.ing.uc.cl\/electrica\/2026\/09\/03\/transicion-energetica-pone-a-prueba-la-seguridad-del-sistema-electrico-y-plantea-desafios-para-su-regulacion\/","title":{"rendered":"Transici\u00f3n energ\u00e9tica pone a prueba la seguridad del sistema el\u00e9ctrico y plantea desaf\u00edos para su regulaci\u00f3n"},"content":{"rendered":"\n<p class=\"has-medium-font-size wp-block-paragraph\">En el seminario \u201cEl sistema el\u00e9ctrico bajo estr\u00e9s: aprendizajes y desaf\u00edos\u201d organizado por la C\u00e1tedra Transici\u00f3n Energ\u00e9tica Responsable Colb\u00fan de la UC, el Coordinador El\u00e9ctrico Nacional destac\u00f3 el r\u00e1pido desarrollo de las bater\u00edas y advirti\u00f3 sobre los retos que enfrenta el sistema para adaptarse al ritmo del cambio tecnol\u00f3gico. Hacia el cierre del seminario se realiz\u00f3 el panel &#8220;El desaf\u00edo de la seguridad bajo la Transici\u00f3n Energ\u00e9tica&#8221;, instancia moderada por el acad\u00e9mico Mat\u00edas Negrete. (Fuente: Emol.com)<\/p>\n\n\n\n<figure class=\"wp-block-image size-large\"><img fetchpriority=\"high\" decoding=\"async\" width=\"1024\" height=\"896\" src=\"https:\/\/www.ing.uc.cl\/electrica\/wp-content\/uploads\/2026\/09\/matias-2-1024x896.png\" alt=\"\" class=\"wp-image-14714\" srcset=\"https:\/\/www.ing.uc.cl\/electrica\/wp-content\/uploads\/2026\/09\/matias-2-1024x896.png 1024w, https:\/\/www.ing.uc.cl\/electrica\/wp-content\/uploads\/2026\/09\/matias-2-300x262.png 300w, https:\/\/www.ing.uc.cl\/electrica\/wp-content\/uploads\/2026\/09\/matias-2-768x672.png 768w, https:\/\/www.ing.uc.cl\/electrica\/wp-content\/uploads\/2026\/09\/matias-2.png 1341w\" sizes=\"(max-width: 1024px) 100vw, 1024px\" \/><\/figure>\n\n\n\n<p class=\"wp-block-paragraph\">La seguridad del sistema el\u00e9ctrico se instal\u00f3 como el eje de la discusi\u00f3n en el reciente seminario <strong>&#8220;El sistema el\u00e9ctrico bajo estr\u00e9s: aprendizajes y desaf\u00edos&#8221;<\/strong>, realizado semanas despu\u00e9s de que una baja disponibilidad h\u00eddrica, e\u00f3lica y solar, sumada a restricciones en la reposici\u00f3n de combustibles, derivara en una situaci\u00f3n de estrechez para el sistema el\u00e9ctrico nacional durante las primeras semanas de julio.<\/p>\n\n\n\n<p class=\"wp-block-paragraph\">Ese escenario llev\u00f3 a la autoridad a preparar un decreto preventivo de racionamiento, el que finalmente no fue necesario promulgar gracias a las lluvias registradas a mediados del mismo mes.<\/p>\n\n\n\n<p class=\"wp-block-paragraph\">No obstante, el <strong>episodio volvi\u00f3 a poner sobre la mesa una pregunta que atraviesa a toda la industria<\/strong>: \u00bfc\u00f3mo sostener niveles adecuados de seguridad y suficiencia de manera eficiente en un sistema que incorpora energ\u00edas renovables a alta velocidad, retira centrales convencionales y opera con m\u00e1rgenes cada vez m\u00e1s estrechos frente a una hidrolog\u00eda en retroceso?<\/p>\n\n\n\n<p class=\"wp-block-paragraph\">En la apertura del encuentro, organizado por la <strong>C\u00e1tedra de Transici\u00f3n Energ\u00e9tica Responsable Colb\u00fan de la Universidad Cat\u00f3lica<\/strong> junto al <strong>Centro de Energ\u00eda UC<\/strong>, <strong>Hern\u00e1n Rodr\u00edguez, presidente de la empresa generadora<\/strong>, destac\u00f3 que las condiciones registradas durante las \u00faltimas semanas <strong>volvieron a evidenciar la alta exposici\u00f3n del sistema el\u00e9ctrico a variables como el agua, el viento y el sol.<\/strong><\/p>\n\n\n\n<p class=\"wp-block-paragraph\">Previo a las \u00faltimas lluvias, el a\u00f1o hidrol\u00f3gico se encontraba dentro del rango del 2% m\u00e1s seco desde que existen registros, situaci\u00f3n que se sum\u00f3 a una menor generaci\u00f3n e\u00f3lica y solar durante el per\u00edodo invernal.<\/p>\n\n\n\n<p class=\"wp-block-paragraph\">&#8220;El avance de Chile en la incorporaci\u00f3n de energ\u00edas renovables constituye un logro que debe ser valorado, pero <strong>una transici\u00f3n energ\u00e9tica exitosa requiere avanzar tambi\u00e9n en seguridad de suministro, confiabilidad y competitividad&#8221;<\/strong>, coment\u00f3 el ejecutivo.<\/p>\n\n\n\n<p class=\"wp-block-paragraph\">&nbsp;Por su parte, <strong>Francisco Gallego, prorrector de Gesti\u00f3n Institucional de la Pontificia Universidad Cat\u00f3lica de Chile (UC),<\/strong> plante\u00f3 que la discusi\u00f3n sobre seguridad de suministro excede el \u00e1mbito t\u00e9cnico y tiene efectos directos sobre el desarrollo del pa\u00eds.<\/p>\n\n\n\n<p class=\"wp-block-paragraph\">\u201cContar con energ\u00eda segura, oportuna y a precios competitivos es fundamental para la productividad, el empleo y el bienestar de las personas. <strong>Las decisiones que tomemos hoy van a comprometer la infraestructura y las posibilidades de desarrollo de Chile durante los pr\u00f3ximos 20, 30 o 40 a\u00f1os<\/strong>. La transici\u00f3n energ\u00e9tica es uno de esos desaf\u00edos de largo plazo en los que la Universidad Cat\u00f3lica tiene que aportar como un actor transformador, y, de esta manera, poner sus capacidades al servicio del pa\u00eds\u201d, se\u00f1al\u00f3 la autoridad acad\u00e9mica.<\/p>\n\n\n\n<p class=\"wp-block-paragraph\">En tanto, el <strong>subsecretario de Energ\u00eda, Hugo Briones<\/strong>, abord\u00f3 el desaf\u00edo que representa para la operaci\u00f3n del sistema la creciente inserci\u00f3n de energ\u00edas renovables junto con el retiro de centrales convencionales y precis\u00f3 que &#8220;la seguridad el\u00e9ctrica no consiste s\u00f3lo en responder a la contingencia. Consiste en <strong>identificar<\/strong> anticipadamente los riesgos, <strong>disponer de herramientas<\/strong> para gestionarlos y <strong>coordinar a los actores necesarios<\/strong> para evitar que una condici\u00f3n de estrechez interrumpa el sistema&#8221;.<\/p>\n\n\n\n<p class=\"wp-block-paragraph\">En su presentaci\u00f3n, el director ejecutivo del <strong>Coordinador El\u00e9ctrico Nacional, Ram\u00f3n Casta\u00f1eda<\/strong>, se refiri\u00f3 a la velocidad con que est\u00e1 cambiando la matriz y a las implicancias que ello tiene para la operaci\u00f3n.<\/p>\n\n\n\n<p class=\"wp-block-paragraph\">En esa l\u00ednea, explic\u00f3 que el sistema cuenta hoy con cerca de 5.000 MW de almacenamiento, de los cuales unos 2.700 MW ya se encuentran en operaci\u00f3n y el resto en pruebas, una escala alcanzada en pocos a\u00f1os. <strong>&#8220;Esas bater\u00edas est\u00e1n moviendo hoy pr\u00e1cticamente la misma cantidad de energ\u00eda que mueven los embalses. Y los embalses tomaron 50 a\u00f1os&#8221;<\/strong>, se\u00f1al\u00f3.<\/p>\n\n\n\n<p class=\"wp-block-paragraph\">Casta\u00f1eda a\u00f1adi\u00f3 que la ley define la calidad del sistema el\u00e9ctrico a partir de tres componentes, suficiencia, seguridad y calidad del servicio; y puso \u00e9nfasis en la suficiencia, entendida como la capacidad de las instalaciones para abastecer la demanda. Sobre este punto, plante\u00f3 que no se trata \u00fanicamente de infraestructura, sino tambi\u00e9n de gesti\u00f3n, y que buena parte de los factores que la determinan corresponden a decisiones de privados habilitadas por contratos de largo plazo y por las se\u00f1ales que entrega el marco regulatorio.<\/p>\n\n\n\n<p class=\"wp-block-paragraph\">Por \u00faltimo, el ejecutivo se refiri\u00f3 al rol del di\u00e9sel como respaldo del sistema y a los aprendizajes en materia log\u00edstica: un estudio recientemente compartido con la industria caracteriz\u00f3 la cadena de reposici\u00f3n de combustible por zonas del sistema, <strong>constatando que hasta un 17% del consumo nacional de di\u00e9sel puede destinarse a generaci\u00f3n el\u00e9ctrica en per\u00edodos de estrechez<\/strong>, y que el tiempo de reposici\u00f3n m\u00e1s frecuente hacia las centrales es de 18 horas. \u201cLa seguridad requiere anticipar cu\u00e1nto di\u00e9sel puede llegar a la central y en qu\u00e9 plazo\u201d, puntualiz\u00f3.<\/p>\n\n\n\n<p class=\"wp-block-paragraph\"><strong>Panel &#8220;El desaf\u00edo de la seguridad bajo la Transici\u00f3n Energ\u00e9tica&#8221;<\/strong><\/p>\n\n\n\n<p class=\"wp-block-paragraph\">Hacia el cierre del seminario se realiz\u00f3 el panel &#8220;El desaf\u00edo de la seguridad bajo la Transici\u00f3n Energ\u00e9tica&#8221;, que reuni\u00f3 al secretario ejecutivo de la Comisi\u00f3n Nacional de Energ\u00eda (CNE), Mauricio Funes; la gerente de Energ\u00eda de Compa\u00f1\u00eda Minera Do\u00f1a In\u00e9s de Collahuasi, Ver\u00f3nica Cortez; el director ejecutivo del Coordinador El\u00e9ctrico Nacional (CEN), Ram\u00f3n Casta\u00f1eda; y el gerente de Energ\u00eda de Colb\u00fan, Juan Eduardo V\u00e1squez. La instancia fue moderada por el acad\u00e9mico de la Universidad Cat\u00f3lica y representante de la C\u00e1tedra UC-Colb\u00fan, <strong>Mat\u00edas Negrete<\/strong>.<\/p>\n\n\n\n<p class=\"wp-block-paragraph\">En el panel, Funes plante\u00f3 que el episodio de julio debe servir para profundizar una discusi\u00f3n que trasciende la contingencia y apunta a compatibilizar seguridad y eficiencia econ\u00f3mica. &#8220;El desaf\u00edo es c\u00f3mo logramos alcanzar ese nivel de seguridad a trav\u00e9s de mecanismos eficientes&#8221;, se\u00f1al\u00f3, junto con advertir que el sistema a\u00fan debe responder una pregunta central: &#8220;\u00bfQu\u00e9 nivel de riesgo estamos dispuestos a tolerar como sistema?&#8221;.<\/p>\n\n\n\n<p class=\"wp-block-paragraph\">Desde la perspectiva de los grandes consumidores, Cortez sostuvo que es necesario diferenciar el nivel de seguridad que debe entregar el sistema de la forma en que este se provee. &#8220;La norma define un nivel de seguridad y deber\u00edamos buscar la manera m\u00e1s eficiente de proveer esa seguridad. Lo que no vemos hoy es que haya eficiencia en la soluci\u00f3n&#8221;, afirm\u00f3 la gerenta.<\/p>\n\n\n\n<p class=\"wp-block-paragraph\">En tanto, V\u00e1squez puso el foco en la distancia entre la velocidad de la transici\u00f3n tecnol\u00f3gica y la capacidad de adaptaci\u00f3n de la regulaci\u00f3n. &#8220;La tecnolog\u00eda est\u00e1 avanzando mucho m\u00e1s r\u00e1pido de lo que avanza nuestra capacidad de mejorar la normativa y la regulaci\u00f3n&#8221;, plante\u00f3 el gerente general de Colb\u00fan, quien a\u00f1adi\u00f3 que los extensos plazos para habilitar nueva infraestructura dificultan la planificaci\u00f3n de un sistema que cambia r\u00e1pidamente.<\/p>\n\n\n\n<p class=\"wp-block-paragraph\">El ejecutivo tambi\u00e9n apunt\u00f3 a las condiciones para disponer de respaldo con gas natural y advirti\u00f3 que las restricciones actuales dificultan las decisiones de abastecimiento. &#8220;Hemos puesto restricciones que impiden ejercer libremente las opciones de abastecimiento&#8221;, sentenci\u00f3 el ejecutivo.<br><\/p>\n\n\n\n<figure class=\"wp-block-video\"><video controls src=\"https:\/\/videosetv.ecn.cl\/EMOLTV_V2_20260828100428578_480p.mp4\"><\/video><\/figure>\n\n\n\n<p class=\"wp-block-paragraph\"><a href=\"https:\/\/videosetv.ecn.cl\/EMOLTV_V2_20260828100428578_480p.mp4\">Fuente: Emol.com &#8211;&nbsp;https:\/\/www.emol.com\/noticias\/Tendencias\/2026\/09\/03\/1210422\/transicion-energetica-desafios-chile.html<\/a><\/p>\n","protected":false},"excerpt":{"rendered":"<p>En el seminario \u201cEl sistema el\u00e9ctrico bajo estr\u00e9s: aprendizajes y desaf\u00edos\u201d organizado por la C\u00e1tedra Transici\u00f3n Energ\u00e9tica Responsable Colb\u00fan de la UC, el Coordinador El\u00e9ctrico Nacional destac\u00f3 el r\u00e1pido desarrollo de las bater\u00edas y advirti\u00f3 sobre los retos que enfrenta el sistema para adaptarse al ritmo del cambio tecnol\u00f3gico. Hacia el cierre del seminario se realiz\u00f3 el panel &#8220;El desaf\u00edo de la seguridad bajo la Transici\u00f3n Energ\u00e9tica&#8221;, instancia moderada por el acad\u00e9mico Mat\u00edas Negrete. (Fuente: Emol.com) La seguridad del sistema el\u00e9ctrico se instal\u00f3 como el eje de la discusi\u00f3n en el reciente seminario &#8220;El sistema el\u00e9ctrico bajo estr\u00e9s: aprendizajes y desaf\u00edos&#8221;, realizado semanas despu\u00e9s de que una baja disponibilidad h\u00eddrica, e\u00f3lica y solar, sumada a restricciones en la reposici\u00f3n de combustibles, derivara en una situaci\u00f3n de estrechez para el sistema el\u00e9ctrico nacional durante las primeras semanas de julio. Ese escenario llev\u00f3 a la autoridad a preparar un decreto preventivo de racionamiento, el que finalmente no fue necesario promulgar gracias a las lluvias registradas a mediados del mismo mes. No obstante, el episodio volvi\u00f3 a poner sobre la mesa una pregunta que atraviesa a toda la industria: \u00bfc\u00f3mo sostener niveles adecuados de seguridad y suficiencia de manera eficiente en un sistema que incorpora energ\u00edas renovables a alta velocidad, retira centrales convencionales y opera con m\u00e1rgenes cada vez m\u00e1s estrechos frente a una hidrolog\u00eda en retroceso? En la apertura del encuentro, organizado por la C\u00e1tedra de Transici\u00f3n Energ\u00e9tica Responsable Colb\u00fan de la Universidad Cat\u00f3lica junto al Centro de Energ\u00eda UC, Hern\u00e1n Rodr\u00edguez, presidente de la empresa generadora, destac\u00f3 que las condiciones registradas durante las \u00faltimas semanas volvieron a evidenciar la alta exposici\u00f3n del sistema el\u00e9ctrico a variables como el agua, el viento y el sol. Previo a las \u00faltimas lluvias, el a\u00f1o hidrol\u00f3gico se encontraba dentro del rango del 2% m\u00e1s seco desde que existen registros, situaci\u00f3n que se sum\u00f3 a una menor generaci\u00f3n e\u00f3lica y solar durante el per\u00edodo invernal. &#8220;El avance de Chile en la incorporaci\u00f3n de energ\u00edas renovables constituye un logro que debe ser valorado, pero una transici\u00f3n energ\u00e9tica exitosa requiere avanzar tambi\u00e9n en seguridad de suministro, confiabilidad y competitividad&#8221;, coment\u00f3 el ejecutivo. &nbsp;Por su parte, Francisco Gallego, prorrector de Gesti\u00f3n Institucional de la Pontificia Universidad Cat\u00f3lica de Chile (UC), plante\u00f3 que la discusi\u00f3n sobre seguridad de suministro excede el \u00e1mbito t\u00e9cnico y tiene efectos directos sobre el desarrollo del pa\u00eds. \u201cContar con energ\u00eda segura, oportuna y a precios competitivos es fundamental para la productividad, el empleo y el bienestar de las personas. Las decisiones que tomemos hoy van a comprometer la infraestructura y las posibilidades de desarrollo de Chile durante los pr\u00f3ximos 20, 30 o 40 a\u00f1os. La transici\u00f3n energ\u00e9tica es uno de esos desaf\u00edos de largo plazo en los que la Universidad Cat\u00f3lica tiene que aportar como un actor transformador, y, de esta manera, poner sus capacidades al servicio del pa\u00eds\u201d, se\u00f1al\u00f3 la autoridad acad\u00e9mica. En tanto, el subsecretario de Energ\u00eda, Hugo Briones, abord\u00f3 el desaf\u00edo que representa para la operaci\u00f3n del sistema la creciente inserci\u00f3n de energ\u00edas renovables junto con el retiro de centrales convencionales y precis\u00f3 que &#8220;la seguridad el\u00e9ctrica no consiste s\u00f3lo en responder a la contingencia. Consiste en identificar anticipadamente los riesgos, disponer de herramientas para gestionarlos y coordinar a los actores necesarios para evitar que una condici\u00f3n de estrechez interrumpa el sistema&#8221;. En su presentaci\u00f3n, el director ejecutivo del Coordinador El\u00e9ctrico Nacional, Ram\u00f3n Casta\u00f1eda, se refiri\u00f3 a la velocidad con que est\u00e1 cambiando la matriz y a las implicancias que ello tiene para la operaci\u00f3n. En esa l\u00ednea, explic\u00f3 que el sistema cuenta hoy con cerca de 5.000 MW de almacenamiento, de los cuales unos 2.700 MW ya se encuentran en operaci\u00f3n y el resto en pruebas, una escala alcanzada en pocos a\u00f1os. &#8220;Esas bater\u00edas est\u00e1n moviendo hoy pr\u00e1cticamente la misma cantidad de energ\u00eda que mueven los embalses. Y los embalses tomaron 50 a\u00f1os&#8221;, se\u00f1al\u00f3. Casta\u00f1eda a\u00f1adi\u00f3 que la ley define la calidad del sistema el\u00e9ctrico a partir de tres componentes, suficiencia, seguridad y calidad del servicio; y puso \u00e9nfasis en la suficiencia, entendida como la capacidad de las instalaciones para abastecer la demanda. Sobre este punto, plante\u00f3 que no se trata \u00fanicamente de infraestructura, sino tambi\u00e9n de gesti\u00f3n, y que buena parte de los factores que la determinan corresponden a decisiones de privados habilitadas por contratos de largo plazo y por las se\u00f1ales que entrega el marco regulatorio. Por \u00faltimo, el ejecutivo se refiri\u00f3 al rol del di\u00e9sel como respaldo del sistema y a los aprendizajes en materia log\u00edstica: un estudio recientemente compartido con la industria caracteriz\u00f3 la cadena de reposici\u00f3n de combustible por zonas del sistema, constatando que hasta un 17% del consumo nacional de di\u00e9sel puede destinarse a generaci\u00f3n el\u00e9ctrica en per\u00edodos de estrechez, y que el tiempo de reposici\u00f3n m\u00e1s frecuente hacia las centrales es de 18 horas. \u201cLa seguridad requiere anticipar cu\u00e1nto di\u00e9sel puede llegar a la central y en qu\u00e9 plazo\u201d, puntualiz\u00f3. Panel &#8220;El desaf\u00edo de la seguridad bajo la Transici\u00f3n Energ\u00e9tica&#8221; Hacia el cierre del seminario se realiz\u00f3 el panel &#8220;El desaf\u00edo de la seguridad bajo la Transici\u00f3n Energ\u00e9tica&#8221;, que reuni\u00f3 al secretario ejecutivo de la Comisi\u00f3n Nacional de Energ\u00eda (CNE), Mauricio Funes; la gerente de Energ\u00eda de Compa\u00f1\u00eda Minera Do\u00f1a In\u00e9s de Collahuasi, Ver\u00f3nica Cortez; el director ejecutivo del Coordinador El\u00e9ctrico Nacional (CEN), Ram\u00f3n Casta\u00f1eda; y el gerente de Energ\u00eda de Colb\u00fan, Juan Eduardo V\u00e1squez. La instancia fue moderada por el acad\u00e9mico de la Universidad Cat\u00f3lica y representante de la C\u00e1tedra UC-Colb\u00fan, Mat\u00edas Negrete. En el panel, Funes plante\u00f3 que el episodio de julio debe servir para profundizar una discusi\u00f3n que trasciende la contingencia y apunta a compatibilizar seguridad y eficiencia econ\u00f3mica. &#8220;El desaf\u00edo es c\u00f3mo logramos alcanzar ese nivel de seguridad a trav\u00e9s de mecanismos eficientes&#8221;, se\u00f1al\u00f3, junto con advertir que el sistema a\u00fan debe responder una pregunta central: &#8220;\u00bfQu\u00e9 nivel de riesgo estamos dispuestos a tolerar como sistema?&#8221;. Desde la perspectiva de los grandes consumidores, Cortez sostuvo que es necesario diferenciar el nivel de seguridad que debe entregar el sistema de<\/p>\n","protected":false},"author":7,"featured_media":14717,"comment_status":"closed","ping_status":"open","sticky":false,"template":"","format":"standard","meta":{"_acf_changed":false,"_eb_attr":"","site-sidebar-layout":"default","site-content-layout":"","ast-site-content-layout":"default","site-content-style":"default","site-sidebar-style":"default","ast-global-header-display":"","ast-banner-title-visibility":"","ast-main-header-display":"","ast-hfb-above-header-display":"","ast-hfb-below-header-display":"","ast-hfb-mobile-header-display":"","site-post-title":"","ast-breadcrumbs-content":"","ast-featured-img":"","footer-sml-layout":"","ast-disable-related-posts":"","theme-transparent-header-meta":"","adv-header-id-meta":"","stick-header-meta":"","header-above-stick-meta":"","header-main-stick-meta":"","header-below-stick-meta":"","astra-migrate-meta-layouts":"set","ast-page-background-enabled":"default","ast-page-background-meta":{"desktop":{"background-color":"","background-image":"","background-repeat":"repeat","background-position":"center center","background-size":"auto","background-attachment":"scroll","background-type":"","background-media":"","overlay-type":"","overlay-color":"","overlay-opacity":"","overlay-gradient":""},"tablet":{"background-color":"","background-image":"","background-repeat":"repeat","background-position":"center center","background-size":"auto","background-attachment":"scroll","background-type":"","background-media":"","overlay-type":"","overlay-color":"","overlay-opacity":"","overlay-gradient":""},"mobile":{"background-color":"","background-image":"","background-repeat":"repeat","background-position":"center center","background-size":"auto","background-attachment":"scroll","background-type":"","background-media":"","overlay-type":"","overlay-color":"","overlay-opacity":"","overlay-gradient":""}},"ast-content-background-meta":{"desktop":{"background-color":"var(--ast-global-color-5)","background-image":"","background-repeat":"repeat","background-position":"center center","background-size":"auto","background-attachment":"scroll","background-type":"","background-media":"","overlay-type":"","overlay-color":"","overlay-opacity":"","overlay-gradient":""},"tablet":{"background-color":"var(--ast-global-color-5)","background-image":"","background-repeat":"repeat","background-position":"center center","background-size":"auto","background-attachment":"scroll","background-type":"","background-media":"","overlay-type":"","overlay-color":"","overlay-opacity":"","overlay-gradient":""},"mobile":{"background-color":"var(--ast-global-color-5)","background-image":"","background-repeat":"repeat","background-position":"center center","background-size":"auto","background-attachment":"scroll","background-type":"","background-media":"","overlay-type":"","overlay-color":"","overlay-opacity":"","overlay-gradient":""}},"footnotes":""},"categories":[18],"tags":[],"class_list":["post-14712","post","type-post","status-publish","format-standard","has-post-thumbnail","hentry","category-electrica-noticias"],"acf":[],"yoast_head":"<!-- This site is optimized with the Yoast SEO plugin v28.4 - https:\/\/yoast.com\/product\/yoast-seo-wordpress\/ -->\n<title>Transici\u00f3n energ\u00e9tica pone a prueba la seguridad del sistema el\u00e9ctrico y plantea desaf\u00edos para su regulaci\u00f3n - DEPARTAMENTO DE INGENIER\u00cdA EL\u00c9CTRICA<\/title>\n<meta name=\"robots\" content=\"index, follow, max-snippet:-1, max-image-preview:large, max-video-preview:-1\" \/>\n<link rel=\"canonical\" href=\"https:\/\/www.ing.uc.cl\/electrica\/2026\/09\/03\/transicion-energetica-pone-a-prueba-la-seguridad-del-sistema-electrico-y-plantea-desafios-para-su-regulacion\/\" \/>\n<meta property=\"og:locale\" content=\"es_ES\" \/>\n<meta property=\"og:type\" content=\"article\" \/>\n<meta property=\"og:title\" content=\"Transici\u00f3n energ\u00e9tica pone a prueba la seguridad del sistema el\u00e9ctrico y plantea desaf\u00edos para su regulaci\u00f3n - DEPARTAMENTO DE INGENIER\u00cdA EL\u00c9CTRICA\" \/>\n<meta property=\"og:description\" content=\"En el seminario \u201cEl sistema el\u00e9ctrico bajo estr\u00e9s: aprendizajes y desaf\u00edos\u201d organizado por la C\u00e1tedra Transici\u00f3n Energ\u00e9tica Responsable Colb\u00fan de la UC, el Coordinador El\u00e9ctrico Nacional destac\u00f3 el r\u00e1pido desarrollo de las bater\u00edas y advirti\u00f3 sobre los retos que enfrenta el sistema para adaptarse al ritmo del cambio tecnol\u00f3gico. Hacia el cierre del seminario se realiz\u00f3 el panel &#8220;El desaf\u00edo de la seguridad bajo la Transici\u00f3n Energ\u00e9tica&#8221;, instancia moderada por el acad\u00e9mico Mat\u00edas Negrete. (Fuente: Emol.com) La seguridad del sistema el\u00e9ctrico se instal\u00f3 como el eje de la discusi\u00f3n en el reciente seminario &#8220;El sistema el\u00e9ctrico bajo estr\u00e9s: aprendizajes y desaf\u00edos&#8221;, realizado semanas despu\u00e9s de que una baja disponibilidad h\u00eddrica, e\u00f3lica y solar, sumada a restricciones en la reposici\u00f3n de combustibles, derivara en una situaci\u00f3n de estrechez para el sistema el\u00e9ctrico nacional durante las primeras semanas de julio. Ese escenario llev\u00f3 a la autoridad a preparar un decreto preventivo de racionamiento, el que finalmente no fue necesario promulgar gracias a las lluvias registradas a mediados del mismo mes. No obstante, el episodio volvi\u00f3 a poner sobre la mesa una pregunta que atraviesa a toda la industria: \u00bfc\u00f3mo sostener niveles adecuados de seguridad y suficiencia de manera eficiente en un sistema que incorpora energ\u00edas renovables a alta velocidad, retira centrales convencionales y opera con m\u00e1rgenes cada vez m\u00e1s estrechos frente a una hidrolog\u00eda en retroceso? En la apertura del encuentro, organizado por la C\u00e1tedra de Transici\u00f3n Energ\u00e9tica Responsable Colb\u00fan de la Universidad Cat\u00f3lica junto al Centro de Energ\u00eda UC, Hern\u00e1n Rodr\u00edguez, presidente de la empresa generadora, destac\u00f3 que las condiciones registradas durante las \u00faltimas semanas volvieron a evidenciar la alta exposici\u00f3n del sistema el\u00e9ctrico a variables como el agua, el viento y el sol. Previo a las \u00faltimas lluvias, el a\u00f1o hidrol\u00f3gico se encontraba dentro del rango del 2% m\u00e1s seco desde que existen registros, situaci\u00f3n que se sum\u00f3 a una menor generaci\u00f3n e\u00f3lica y solar durante el per\u00edodo invernal. &#8220;El avance de Chile en la incorporaci\u00f3n de energ\u00edas renovables constituye un logro que debe ser valorado, pero una transici\u00f3n energ\u00e9tica exitosa requiere avanzar tambi\u00e9n en seguridad de suministro, confiabilidad y competitividad&#8221;, coment\u00f3 el ejecutivo. &nbsp;Por su parte, Francisco Gallego, prorrector de Gesti\u00f3n Institucional de la Pontificia Universidad Cat\u00f3lica de Chile (UC), plante\u00f3 que la discusi\u00f3n sobre seguridad de suministro excede el \u00e1mbito t\u00e9cnico y tiene efectos directos sobre el desarrollo del pa\u00eds. \u201cContar con energ\u00eda segura, oportuna y a precios competitivos es fundamental para la productividad, el empleo y el bienestar de las personas. Las decisiones que tomemos hoy van a comprometer la infraestructura y las posibilidades de desarrollo de Chile durante los pr\u00f3ximos 20, 30 o 40 a\u00f1os. La transici\u00f3n energ\u00e9tica es uno de esos desaf\u00edos de largo plazo en los que la Universidad Cat\u00f3lica tiene que aportar como un actor transformador, y, de esta manera, poner sus capacidades al servicio del pa\u00eds\u201d, se\u00f1al\u00f3 la autoridad acad\u00e9mica. En tanto, el subsecretario de Energ\u00eda, Hugo Briones, abord\u00f3 el desaf\u00edo que representa para la operaci\u00f3n del sistema la creciente inserci\u00f3n de energ\u00edas renovables junto con el retiro de centrales convencionales y precis\u00f3 que &#8220;la seguridad el\u00e9ctrica no consiste s\u00f3lo en responder a la contingencia. Consiste en identificar anticipadamente los riesgos, disponer de herramientas para gestionarlos y coordinar a los actores necesarios para evitar que una condici\u00f3n de estrechez interrumpa el sistema&#8221;. En su presentaci\u00f3n, el director ejecutivo del Coordinador El\u00e9ctrico Nacional, Ram\u00f3n Casta\u00f1eda, se refiri\u00f3 a la velocidad con que est\u00e1 cambiando la matriz y a las implicancias que ello tiene para la operaci\u00f3n. En esa l\u00ednea, explic\u00f3 que el sistema cuenta hoy con cerca de 5.000 MW de almacenamiento, de los cuales unos 2.700 MW ya se encuentran en operaci\u00f3n y el resto en pruebas, una escala alcanzada en pocos a\u00f1os. &#8220;Esas bater\u00edas est\u00e1n moviendo hoy pr\u00e1cticamente la misma cantidad de energ\u00eda que mueven los embalses. Y los embalses tomaron 50 a\u00f1os&#8221;, se\u00f1al\u00f3. Casta\u00f1eda a\u00f1adi\u00f3 que la ley define la calidad del sistema el\u00e9ctrico a partir de tres componentes, suficiencia, seguridad y calidad del servicio; y puso \u00e9nfasis en la suficiencia, entendida como la capacidad de las instalaciones para abastecer la demanda. Sobre este punto, plante\u00f3 que no se trata \u00fanicamente de infraestructura, sino tambi\u00e9n de gesti\u00f3n, y que buena parte de los factores que la determinan corresponden a decisiones de privados habilitadas por contratos de largo plazo y por las se\u00f1ales que entrega el marco regulatorio. Por \u00faltimo, el ejecutivo se refiri\u00f3 al rol del di\u00e9sel como respaldo del sistema y a los aprendizajes en materia log\u00edstica: un estudio recientemente compartido con la industria caracteriz\u00f3 la cadena de reposici\u00f3n de combustible por zonas del sistema, constatando que hasta un 17% del consumo nacional de di\u00e9sel puede destinarse a generaci\u00f3n el\u00e9ctrica en per\u00edodos de estrechez, y que el tiempo de reposici\u00f3n m\u00e1s frecuente hacia las centrales es de 18 horas. \u201cLa seguridad requiere anticipar cu\u00e1nto di\u00e9sel puede llegar a la central y en qu\u00e9 plazo\u201d, puntualiz\u00f3. Panel &#8220;El desaf\u00edo de la seguridad bajo la Transici\u00f3n Energ\u00e9tica&#8221; Hacia el cierre del seminario se realiz\u00f3 el panel &#8220;El desaf\u00edo de la seguridad bajo la Transici\u00f3n Energ\u00e9tica&#8221;, que reuni\u00f3 al secretario ejecutivo de la Comisi\u00f3n Nacional de Energ\u00eda (CNE), Mauricio Funes; la gerente de Energ\u00eda de Compa\u00f1\u00eda Minera Do\u00f1a In\u00e9s de Collahuasi, Ver\u00f3nica Cortez; el director ejecutivo del Coordinador El\u00e9ctrico Nacional (CEN), Ram\u00f3n Casta\u00f1eda; y el gerente de Energ\u00eda de Colb\u00fan, Juan Eduardo V\u00e1squez. La instancia fue moderada por el acad\u00e9mico de la Universidad Cat\u00f3lica y representante de la C\u00e1tedra UC-Colb\u00fan, Mat\u00edas Negrete. En el panel, Funes plante\u00f3 que el episodio de julio debe servir para profundizar una discusi\u00f3n que trasciende la contingencia y apunta a compatibilizar seguridad y eficiencia econ\u00f3mica. &#8220;El desaf\u00edo es c\u00f3mo logramos alcanzar ese nivel de seguridad a trav\u00e9s de mecanismos eficientes&#8221;, se\u00f1al\u00f3, junto con advertir que el sistema a\u00fan debe responder una pregunta central: &#8220;\u00bfQu\u00e9 nivel de riesgo estamos dispuestos a tolerar como sistema?&#8221;. Desde la perspectiva de los grandes consumidores, Cortez sostuvo que es necesario diferenciar el nivel de seguridad que debe entregar el sistema de\" \/>\n<meta property=\"og:url\" content=\"https:\/\/www.ing.uc.cl\/electrica\/2026\/09\/03\/transicion-energetica-pone-a-prueba-la-seguridad-del-sistema-electrico-y-plantea-desafios-para-su-regulacion\/\" \/>\n<meta property=\"og:site_name\" content=\"DEPARTAMENTO DE INGENIER\u00cdA EL\u00c9CTRICA\" \/>\n<meta property=\"article:published_time\" content=\"2026-09-03T16:16:00+00:00\" \/>\n<meta property=\"article:modified_time\" content=\"2026-09-04T16:33:22+00:00\" \/>\n<meta property=\"og:image\" content=\"https:\/\/www.ing.uc.cl\/electrica\/wp-content\/uploads\/2026\/09\/foro.jpg\" \/>\n\t<meta property=\"og:image:width\" content=\"710\" \/>\n\t<meta property=\"og:image:height\" content=\"399\" \/>\n\t<meta property=\"og:image:type\" content=\"image\/jpeg\" \/>\n<meta name=\"author\" content=\"Maria Troncoso\" \/>\n<meta name=\"twitter:card\" content=\"summary_large_image\" \/>\n<meta name=\"twitter:label1\" content=\"Escrito por\" \/>\n\t<meta name=\"twitter:data1\" content=\"Maria Troncoso\" \/>\n\t<meta name=\"twitter:label2\" content=\"Tiempo estimado de lectura\" \/>\n\t<meta name=\"twitter:data2\" content=\"6 minutos\" \/>\n<script type=\"application\/ld+json\" class=\"yoast-schema-graph\">{\"@context\":\"https:\\\/\\\/schema.org\",\"@graph\":[{\"@type\":\"Article\",\"@id\":\"https:\\\/\\\/www.ing.uc.cl\\\/electrica\\\/2026\\\/09\\\/03\\\/transicion-energetica-pone-a-prueba-la-seguridad-del-sistema-electrico-y-plantea-desafios-para-su-regulacion\\\/#article\",\"isPartOf\":{\"@id\":\"https:\\\/\\\/www.ing.uc.cl\\\/electrica\\\/2026\\\/09\\\/03\\\/transicion-energetica-pone-a-prueba-la-seguridad-del-sistema-electrico-y-plantea-desafios-para-su-regulacion\\\/\"},\"author\":{\"name\":\"Maria Troncoso\",\"@id\":\"https:\\\/\\\/www.ing.uc.cl\\\/electrica\\\/#\\\/schema\\\/person\\\/568a5862edeea5190d9b3fb2ec4b7eea\"},\"headline\":\"Transici\u00f3n energ\u00e9tica pone a prueba la seguridad del sistema el\u00e9ctrico y plantea desaf\u00edos para su regulaci\u00f3n\",\"datePublished\":\"2026-09-03T16:16:00+00:00\",\"dateModified\":\"2026-09-04T16:33:22+00:00\",\"mainEntityOfPage\":{\"@id\":\"https:\\\/\\\/www.ing.uc.cl\\\/electrica\\\/2026\\\/09\\\/03\\\/transicion-energetica-pone-a-prueba-la-seguridad-del-sistema-electrico-y-plantea-desafios-para-su-regulacion\\\/\"},\"wordCount\":1330,\"publisher\":{\"@id\":\"https:\\\/\\\/www.ing.uc.cl\\\/electrica\\\/#organization\"},\"image\":{\"@id\":\"https:\\\/\\\/www.ing.uc.cl\\\/electrica\\\/2026\\\/09\\\/03\\\/transicion-energetica-pone-a-prueba-la-seguridad-del-sistema-electrico-y-plantea-desafios-para-su-regulacion\\\/#primaryimage\"},\"thumbnailUrl\":\"https:\\\/\\\/www.ing.uc.cl\\\/electrica\\\/wp-content\\\/uploads\\\/2026\\\/09\\\/foro.jpg\",\"articleSection\":[\"Noticias\"],\"inLanguage\":\"es-CL\"},{\"@type\":\"WebPage\",\"@id\":\"https:\\\/\\\/www.ing.uc.cl\\\/electrica\\\/2026\\\/09\\\/03\\\/transicion-energetica-pone-a-prueba-la-seguridad-del-sistema-electrico-y-plantea-desafios-para-su-regulacion\\\/\",\"url\":\"https:\\\/\\\/www.ing.uc.cl\\\/electrica\\\/2026\\\/09\\\/03\\\/transicion-energetica-pone-a-prueba-la-seguridad-del-sistema-electrico-y-plantea-desafios-para-su-regulacion\\\/\",\"name\":\"Transici\u00f3n energ\u00e9tica pone a prueba la seguridad del sistema el\u00e9ctrico y plantea desaf\u00edos para su regulaci\u00f3n - DEPARTAMENTO DE INGENIER\u00cdA EL\u00c9CTRICA\",\"isPartOf\":{\"@id\":\"https:\\\/\\\/www.ing.uc.cl\\\/electrica\\\/#website\"},\"primaryImageOfPage\":{\"@id\":\"https:\\\/\\\/www.ing.uc.cl\\\/electrica\\\/2026\\\/09\\\/03\\\/transicion-energetica-pone-a-prueba-la-seguridad-del-sistema-electrico-y-plantea-desafios-para-su-regulacion\\\/#primaryimage\"},\"image\":{\"@id\":\"https:\\\/\\\/www.ing.uc.cl\\\/electrica\\\/2026\\\/09\\\/03\\\/transicion-energetica-pone-a-prueba-la-seguridad-del-sistema-electrico-y-plantea-desafios-para-su-regulacion\\\/#primaryimage\"},\"thumbnailUrl\":\"https:\\\/\\\/www.ing.uc.cl\\\/electrica\\\/wp-content\\\/uploads\\\/2026\\\/09\\\/foro.jpg\",\"datePublished\":\"2026-09-03T16:16:00+00:00\",\"dateModified\":\"2026-09-04T16:33:22+00:00\",\"breadcrumb\":{\"@id\":\"https:\\\/\\\/www.ing.uc.cl\\\/electrica\\\/2026\\\/09\\\/03\\\/transicion-energetica-pone-a-prueba-la-seguridad-del-sistema-electrico-y-plantea-desafios-para-su-regulacion\\\/#breadcrumb\"},\"inLanguage\":\"es-CL\",\"potentialAction\":[{\"@type\":\"ReadAction\",\"target\":[\"https:\\\/\\\/www.ing.uc.cl\\\/electrica\\\/2026\\\/09\\\/03\\\/transicion-energetica-pone-a-prueba-la-seguridad-del-sistema-electrico-y-plantea-desafios-para-su-regulacion\\\/\"]}]},{\"@type\":\"ImageObject\",\"inLanguage\":\"es-CL\",\"@id\":\"https:\\\/\\\/www.ing.uc.cl\\\/electrica\\\/2026\\\/09\\\/03\\\/transicion-energetica-pone-a-prueba-la-seguridad-del-sistema-electrico-y-plantea-desafios-para-su-regulacion\\\/#primaryimage\",\"url\":\"https:\\\/\\\/www.ing.uc.cl\\\/electrica\\\/wp-content\\\/uploads\\\/2026\\\/09\\\/foro.jpg\",\"contentUrl\":\"https:\\\/\\\/www.ing.uc.cl\\\/electrica\\\/wp-content\\\/uploads\\\/2026\\\/09\\\/foro.jpg\",\"width\":710,\"height\":399},{\"@type\":\"BreadcrumbList\",\"@id\":\"https:\\\/\\\/www.ing.uc.cl\\\/electrica\\\/2026\\\/09\\\/03\\\/transicion-energetica-pone-a-prueba-la-seguridad-del-sistema-electrico-y-plantea-desafios-para-su-regulacion\\\/#breadcrumb\",\"itemListElement\":[{\"@type\":\"ListItem\",\"position\":1,\"name\":\"Portada\",\"item\":\"https:\\\/\\\/www.ing.uc.cl\\\/electrica\\\/\"},{\"@type\":\"ListItem\",\"position\":2,\"name\":\"Transici\u00f3n energ\u00e9tica pone a prueba la seguridad del sistema el\u00e9ctrico y plantea desaf\u00edos para su regulaci\u00f3n\"}]},{\"@type\":\"WebSite\",\"@id\":\"https:\\\/\\\/www.ing.uc.cl\\\/electrica\\\/#website\",\"url\":\"https:\\\/\\\/www.ing.uc.cl\\\/electrica\\\/\",\"name\":\"DEPARTAMENTO DE INGENIER\u00cdA EL\u00c9CTRICA\",\"description\":\"\",\"publisher\":{\"@id\":\"https:\\\/\\\/www.ing.uc.cl\\\/electrica\\\/#organization\"},\"potentialAction\":[{\"@type\":\"SearchAction\",\"target\":{\"@type\":\"EntryPoint\",\"urlTemplate\":\"https:\\\/\\\/www.ing.uc.cl\\\/electrica\\\/?s={search_term_string}\"},\"query-input\":{\"@type\":\"PropertyValueSpecification\",\"valueRequired\":true,\"valueName\":\"search_term_string\"}}],\"inLanguage\":\"es-CL\"},{\"@type\":\"Organization\",\"@id\":\"https:\\\/\\\/www.ing.uc.cl\\\/electrica\\\/#organization\",\"name\":\"DEPARTAMENTO DE INGENIER\u00cdA EL\u00c9CTRICA\",\"url\":\"https:\\\/\\\/www.ing.uc.cl\\\/electrica\\\/\",\"logo\":{\"@type\":\"ImageObject\",\"inLanguage\":\"es-CL\",\"@id\":\"https:\\\/\\\/www.ing.uc.cl\\\/electrica\\\/#\\\/schema\\\/logo\\\/image\\\/\",\"url\":\"https:\\\/\\\/www.ing.uc.cl\\\/electrica\\\/wp-content\\\/uploads\\\/2020\\\/03\\\/logo-uc-03.svg\",\"contentUrl\":\"https:\\\/\\\/www.ing.uc.cl\\\/electrica\\\/wp-content\\\/uploads\\\/2020\\\/03\\\/logo-uc-03.svg\",\"width\":156,\"height\":90,\"caption\":\"DEPARTAMENTO DE INGENIER\u00cdA EL\u00c9CTRICA\"},\"image\":{\"@id\":\"https:\\\/\\\/www.ing.uc.cl\\\/electrica\\\/#\\\/schema\\\/logo\\\/image\\\/\"}},{\"@type\":\"Person\",\"@id\":\"https:\\\/\\\/www.ing.uc.cl\\\/electrica\\\/#\\\/schema\\\/person\\\/568a5862edeea5190d9b3fb2ec4b7eea\",\"name\":\"Maria Troncoso\",\"image\":{\"@type\":\"ImageObject\",\"inLanguage\":\"es-CL\",\"@id\":\"https:\\\/\\\/secure.gravatar.com\\\/avatar\\\/8e2b9322e692717cb0c0b14822e661e7c973fd0cb012cc360b551a1eadb54e44?s=96&d=mm&r=g\",\"url\":\"https:\\\/\\\/secure.gravatar.com\\\/avatar\\\/8e2b9322e692717cb0c0b14822e661e7c973fd0cb012cc360b551a1eadb54e44?s=96&d=mm&r=g\",\"contentUrl\":\"https:\\\/\\\/secure.gravatar.com\\\/avatar\\\/8e2b9322e692717cb0c0b14822e661e7c973fd0cb012cc360b551a1eadb54e44?s=96&d=mm&r=g\",\"caption\":\"Maria Troncoso\"},\"url\":\"https:\\\/\\\/www.ing.uc.cl\\\/electrica\\\/author\\\/mary\\\/\"}]}<\/script>\n<!-- \/ Yoast SEO plugin. -->","yoast_head_json":{"title":"Transici\u00f3n energ\u00e9tica pone a prueba la seguridad del sistema el\u00e9ctrico y plantea desaf\u00edos para su regulaci\u00f3n - DEPARTAMENTO DE INGENIER\u00cdA EL\u00c9CTRICA","robots":{"index":"index","follow":"follow","max-snippet":"max-snippet:-1","max-image-preview":"max-image-preview:large","max-video-preview":"max-video-preview:-1"},"canonical":"https:\/\/www.ing.uc.cl\/electrica\/2026\/09\/03\/transicion-energetica-pone-a-prueba-la-seguridad-del-sistema-electrico-y-plantea-desafios-para-su-regulacion\/","og_locale":"es_ES","og_type":"article","og_title":"Transici\u00f3n energ\u00e9tica pone a prueba la seguridad del sistema el\u00e9ctrico y plantea desaf\u00edos para su regulaci\u00f3n - DEPARTAMENTO DE INGENIER\u00cdA EL\u00c9CTRICA","og_description":"En el seminario \u201cEl sistema el\u00e9ctrico bajo estr\u00e9s: aprendizajes y desaf\u00edos\u201d organizado por la C\u00e1tedra Transici\u00f3n Energ\u00e9tica Responsable Colb\u00fan de la UC, el Coordinador El\u00e9ctrico Nacional destac\u00f3 el r\u00e1pido desarrollo de las bater\u00edas y advirti\u00f3 sobre los retos que enfrenta el sistema para adaptarse al ritmo del cambio tecnol\u00f3gico. Hacia el cierre del seminario se realiz\u00f3 el panel &#8220;El desaf\u00edo de la seguridad bajo la Transici\u00f3n Energ\u00e9tica&#8221;, instancia moderada por el acad\u00e9mico Mat\u00edas Negrete. (Fuente: Emol.com) La seguridad del sistema el\u00e9ctrico se instal\u00f3 como el eje de la discusi\u00f3n en el reciente seminario &#8220;El sistema el\u00e9ctrico bajo estr\u00e9s: aprendizajes y desaf\u00edos&#8221;, realizado semanas despu\u00e9s de que una baja disponibilidad h\u00eddrica, e\u00f3lica y solar, sumada a restricciones en la reposici\u00f3n de combustibles, derivara en una situaci\u00f3n de estrechez para el sistema el\u00e9ctrico nacional durante las primeras semanas de julio. Ese escenario llev\u00f3 a la autoridad a preparar un decreto preventivo de racionamiento, el que finalmente no fue necesario promulgar gracias a las lluvias registradas a mediados del mismo mes. No obstante, el episodio volvi\u00f3 a poner sobre la mesa una pregunta que atraviesa a toda la industria: \u00bfc\u00f3mo sostener niveles adecuados de seguridad y suficiencia de manera eficiente en un sistema que incorpora energ\u00edas renovables a alta velocidad, retira centrales convencionales y opera con m\u00e1rgenes cada vez m\u00e1s estrechos frente a una hidrolog\u00eda en retroceso? En la apertura del encuentro, organizado por la C\u00e1tedra de Transici\u00f3n Energ\u00e9tica Responsable Colb\u00fan de la Universidad Cat\u00f3lica junto al Centro de Energ\u00eda UC, Hern\u00e1n Rodr\u00edguez, presidente de la empresa generadora, destac\u00f3 que las condiciones registradas durante las \u00faltimas semanas volvieron a evidenciar la alta exposici\u00f3n del sistema el\u00e9ctrico a variables como el agua, el viento y el sol. Previo a las \u00faltimas lluvias, el a\u00f1o hidrol\u00f3gico se encontraba dentro del rango del 2% m\u00e1s seco desde que existen registros, situaci\u00f3n que se sum\u00f3 a una menor generaci\u00f3n e\u00f3lica y solar durante el per\u00edodo invernal. &#8220;El avance de Chile en la incorporaci\u00f3n de energ\u00edas renovables constituye un logro que debe ser valorado, pero una transici\u00f3n energ\u00e9tica exitosa requiere avanzar tambi\u00e9n en seguridad de suministro, confiabilidad y competitividad&#8221;, coment\u00f3 el ejecutivo. &nbsp;Por su parte, Francisco Gallego, prorrector de Gesti\u00f3n Institucional de la Pontificia Universidad Cat\u00f3lica de Chile (UC), plante\u00f3 que la discusi\u00f3n sobre seguridad de suministro excede el \u00e1mbito t\u00e9cnico y tiene efectos directos sobre el desarrollo del pa\u00eds. \u201cContar con energ\u00eda segura, oportuna y a precios competitivos es fundamental para la productividad, el empleo y el bienestar de las personas. Las decisiones que tomemos hoy van a comprometer la infraestructura y las posibilidades de desarrollo de Chile durante los pr\u00f3ximos 20, 30 o 40 a\u00f1os. La transici\u00f3n energ\u00e9tica es uno de esos desaf\u00edos de largo plazo en los que la Universidad Cat\u00f3lica tiene que aportar como un actor transformador, y, de esta manera, poner sus capacidades al servicio del pa\u00eds\u201d, se\u00f1al\u00f3 la autoridad acad\u00e9mica. En tanto, el subsecretario de Energ\u00eda, Hugo Briones, abord\u00f3 el desaf\u00edo que representa para la operaci\u00f3n del sistema la creciente inserci\u00f3n de energ\u00edas renovables junto con el retiro de centrales convencionales y precis\u00f3 que &#8220;la seguridad el\u00e9ctrica no consiste s\u00f3lo en responder a la contingencia. Consiste en identificar anticipadamente los riesgos, disponer de herramientas para gestionarlos y coordinar a los actores necesarios para evitar que una condici\u00f3n de estrechez interrumpa el sistema&#8221;. En su presentaci\u00f3n, el director ejecutivo del Coordinador El\u00e9ctrico Nacional, Ram\u00f3n Casta\u00f1eda, se refiri\u00f3 a la velocidad con que est\u00e1 cambiando la matriz y a las implicancias que ello tiene para la operaci\u00f3n. En esa l\u00ednea, explic\u00f3 que el sistema cuenta hoy con cerca de 5.000 MW de almacenamiento, de los cuales unos 2.700 MW ya se encuentran en operaci\u00f3n y el resto en pruebas, una escala alcanzada en pocos a\u00f1os. &#8220;Esas bater\u00edas est\u00e1n moviendo hoy pr\u00e1cticamente la misma cantidad de energ\u00eda que mueven los embalses. Y los embalses tomaron 50 a\u00f1os&#8221;, se\u00f1al\u00f3. Casta\u00f1eda a\u00f1adi\u00f3 que la ley define la calidad del sistema el\u00e9ctrico a partir de tres componentes, suficiencia, seguridad y calidad del servicio; y puso \u00e9nfasis en la suficiencia, entendida como la capacidad de las instalaciones para abastecer la demanda. Sobre este punto, plante\u00f3 que no se trata \u00fanicamente de infraestructura, sino tambi\u00e9n de gesti\u00f3n, y que buena parte de los factores que la determinan corresponden a decisiones de privados habilitadas por contratos de largo plazo y por las se\u00f1ales que entrega el marco regulatorio. Por \u00faltimo, el ejecutivo se refiri\u00f3 al rol del di\u00e9sel como respaldo del sistema y a los aprendizajes en materia log\u00edstica: un estudio recientemente compartido con la industria caracteriz\u00f3 la cadena de reposici\u00f3n de combustible por zonas del sistema, constatando que hasta un 17% del consumo nacional de di\u00e9sel puede destinarse a generaci\u00f3n el\u00e9ctrica en per\u00edodos de estrechez, y que el tiempo de reposici\u00f3n m\u00e1s frecuente hacia las centrales es de 18 horas. \u201cLa seguridad requiere anticipar cu\u00e1nto di\u00e9sel puede llegar a la central y en qu\u00e9 plazo\u201d, puntualiz\u00f3. Panel &#8220;El desaf\u00edo de la seguridad bajo la Transici\u00f3n Energ\u00e9tica&#8221; Hacia el cierre del seminario se realiz\u00f3 el panel &#8220;El desaf\u00edo de la seguridad bajo la Transici\u00f3n Energ\u00e9tica&#8221;, que reuni\u00f3 al secretario ejecutivo de la Comisi\u00f3n Nacional de Energ\u00eda (CNE), Mauricio Funes; la gerente de Energ\u00eda de Compa\u00f1\u00eda Minera Do\u00f1a In\u00e9s de Collahuasi, Ver\u00f3nica Cortez; el director ejecutivo del Coordinador El\u00e9ctrico Nacional (CEN), Ram\u00f3n Casta\u00f1eda; y el gerente de Energ\u00eda de Colb\u00fan, Juan Eduardo V\u00e1squez. La instancia fue moderada por el acad\u00e9mico de la Universidad Cat\u00f3lica y representante de la C\u00e1tedra UC-Colb\u00fan, Mat\u00edas Negrete. En el panel, Funes plante\u00f3 que el episodio de julio debe servir para profundizar una discusi\u00f3n que trasciende la contingencia y apunta a compatibilizar seguridad y eficiencia econ\u00f3mica. &#8220;El desaf\u00edo es c\u00f3mo logramos alcanzar ese nivel de seguridad a trav\u00e9s de mecanismos eficientes&#8221;, se\u00f1al\u00f3, junto con advertir que el sistema a\u00fan debe responder una pregunta central: &#8220;\u00bfQu\u00e9 nivel de riesgo estamos dispuestos a tolerar como sistema?&#8221;. Desde la perspectiva de los grandes consumidores, Cortez sostuvo que es necesario diferenciar el nivel de seguridad que debe entregar el sistema de","og_url":"https:\/\/www.ing.uc.cl\/electrica\/2026\/09\/03\/transicion-energetica-pone-a-prueba-la-seguridad-del-sistema-electrico-y-plantea-desafios-para-su-regulacion\/","og_site_name":"DEPARTAMENTO DE INGENIER\u00cdA EL\u00c9CTRICA","article_published_time":"2026-09-03T16:16:00+00:00","article_modified_time":"2026-09-04T16:33:22+00:00","og_image":[{"width":710,"height":399,"url":"https:\/\/www.ing.uc.cl\/electrica\/wp-content\/uploads\/2026\/09\/foro.jpg","type":"image\/jpeg"}],"author":"Maria Troncoso","twitter_card":"summary_large_image","twitter_misc":{"Escrito por":"Maria Troncoso","Tiempo estimado de lectura":"6 minutos"},"schema":{"@context":"https:\/\/schema.org","@graph":[{"@type":"Article","@id":"https:\/\/www.ing.uc.cl\/electrica\/2026\/09\/03\/transicion-energetica-pone-a-prueba-la-seguridad-del-sistema-electrico-y-plantea-desafios-para-su-regulacion\/#article","isPartOf":{"@id":"https:\/\/www.ing.uc.cl\/electrica\/2026\/09\/03\/transicion-energetica-pone-a-prueba-la-seguridad-del-sistema-electrico-y-plantea-desafios-para-su-regulacion\/"},"author":{"name":"Maria Troncoso","@id":"https:\/\/www.ing.uc.cl\/electrica\/#\/schema\/person\/568a5862edeea5190d9b3fb2ec4b7eea"},"headline":"Transici\u00f3n energ\u00e9tica pone a prueba la seguridad del sistema el\u00e9ctrico y plantea desaf\u00edos para su regulaci\u00f3n","datePublished":"2026-09-03T16:16:00+00:00","dateModified":"2026-09-04T16:33:22+00:00","mainEntityOfPage":{"@id":"https:\/\/www.ing.uc.cl\/electrica\/2026\/09\/03\/transicion-energetica-pone-a-prueba-la-seguridad-del-sistema-electrico-y-plantea-desafios-para-su-regulacion\/"},"wordCount":1330,"publisher":{"@id":"https:\/\/www.ing.uc.cl\/electrica\/#organization"},"image":{"@id":"https:\/\/www.ing.uc.cl\/electrica\/2026\/09\/03\/transicion-energetica-pone-a-prueba-la-seguridad-del-sistema-electrico-y-plantea-desafios-para-su-regulacion\/#primaryimage"},"thumbnailUrl":"https:\/\/www.ing.uc.cl\/electrica\/wp-content\/uploads\/2026\/09\/foro.jpg","articleSection":["Noticias"],"inLanguage":"es-CL"},{"@type":"WebPage","@id":"https:\/\/www.ing.uc.cl\/electrica\/2026\/09\/03\/transicion-energetica-pone-a-prueba-la-seguridad-del-sistema-electrico-y-plantea-desafios-para-su-regulacion\/","url":"https:\/\/www.ing.uc.cl\/electrica\/2026\/09\/03\/transicion-energetica-pone-a-prueba-la-seguridad-del-sistema-electrico-y-plantea-desafios-para-su-regulacion\/","name":"Transici\u00f3n energ\u00e9tica pone a prueba la seguridad del sistema el\u00e9ctrico y plantea desaf\u00edos para su regulaci\u00f3n - DEPARTAMENTO DE INGENIER\u00cdA EL\u00c9CTRICA","isPartOf":{"@id":"https:\/\/www.ing.uc.cl\/electrica\/#website"},"primaryImageOfPage":{"@id":"https:\/\/www.ing.uc.cl\/electrica\/2026\/09\/03\/transicion-energetica-pone-a-prueba-la-seguridad-del-sistema-electrico-y-plantea-desafios-para-su-regulacion\/#primaryimage"},"image":{"@id":"https:\/\/www.ing.uc.cl\/electrica\/2026\/09\/03\/transicion-energetica-pone-a-prueba-la-seguridad-del-sistema-electrico-y-plantea-desafios-para-su-regulacion\/#primaryimage"},"thumbnailUrl":"https:\/\/www.ing.uc.cl\/electrica\/wp-content\/uploads\/2026\/09\/foro.jpg","datePublished":"2026-09-03T16:16:00+00:00","dateModified":"2026-09-04T16:33:22+00:00","breadcrumb":{"@id":"https:\/\/www.ing.uc.cl\/electrica\/2026\/09\/03\/transicion-energetica-pone-a-prueba-la-seguridad-del-sistema-electrico-y-plantea-desafios-para-su-regulacion\/#breadcrumb"},"inLanguage":"es-CL","potentialAction":[{"@type":"ReadAction","target":["https:\/\/www.ing.uc.cl\/electrica\/2026\/09\/03\/transicion-energetica-pone-a-prueba-la-seguridad-del-sistema-electrico-y-plantea-desafios-para-su-regulacion\/"]}]},{"@type":"ImageObject","inLanguage":"es-CL","@id":"https:\/\/www.ing.uc.cl\/electrica\/2026\/09\/03\/transicion-energetica-pone-a-prueba-la-seguridad-del-sistema-electrico-y-plantea-desafios-para-su-regulacion\/#primaryimage","url":"https:\/\/www.ing.uc.cl\/electrica\/wp-content\/uploads\/2026\/09\/foro.jpg","contentUrl":"https:\/\/www.ing.uc.cl\/electrica\/wp-content\/uploads\/2026\/09\/foro.jpg","width":710,"height":399},{"@type":"BreadcrumbList","@id":"https:\/\/www.ing.uc.cl\/electrica\/2026\/09\/03\/transicion-energetica-pone-a-prueba-la-seguridad-del-sistema-electrico-y-plantea-desafios-para-su-regulacion\/#breadcrumb","itemListElement":[{"@type":"ListItem","position":1,"name":"Portada","item":"https:\/\/www.ing.uc.cl\/electrica\/"},{"@type":"ListItem","position":2,"name":"Transici\u00f3n energ\u00e9tica pone a prueba la seguridad del sistema el\u00e9ctrico y plantea desaf\u00edos para su regulaci\u00f3n"}]},{"@type":"WebSite","@id":"https:\/\/www.ing.uc.cl\/electrica\/#website","url":"https:\/\/www.ing.uc.cl\/electrica\/","name":"DEPARTAMENTO DE INGENIER\u00cdA EL\u00c9CTRICA","description":"","publisher":{"@id":"https:\/\/www.ing.uc.cl\/electrica\/#organization"},"potentialAction":[{"@type":"SearchAction","target":{"@type":"EntryPoint","urlTemplate":"https:\/\/www.ing.uc.cl\/electrica\/?s={search_term_string}"},"query-input":{"@type":"PropertyValueSpecification","valueRequired":true,"valueName":"search_term_string"}}],"inLanguage":"es-CL"},{"@type":"Organization","@id":"https:\/\/www.ing.uc.cl\/electrica\/#organization","name":"DEPARTAMENTO DE INGENIER\u00cdA EL\u00c9CTRICA","url":"https:\/\/www.ing.uc.cl\/electrica\/","logo":{"@type":"ImageObject","inLanguage":"es-CL","@id":"https:\/\/www.ing.uc.cl\/electrica\/#\/schema\/logo\/image\/","url":"https:\/\/www.ing.uc.cl\/electrica\/wp-content\/uploads\/2020\/03\/logo-uc-03.svg","contentUrl":"https:\/\/www.ing.uc.cl\/electrica\/wp-content\/uploads\/2020\/03\/logo-uc-03.svg","width":156,"height":90,"caption":"DEPARTAMENTO DE INGENIER\u00cdA EL\u00c9CTRICA"},"image":{"@id":"https:\/\/www.ing.uc.cl\/electrica\/#\/schema\/logo\/image\/"}},{"@type":"Person","@id":"https:\/\/www.ing.uc.cl\/electrica\/#\/schema\/person\/568a5862edeea5190d9b3fb2ec4b7eea","name":"Maria Troncoso","image":{"@type":"ImageObject","inLanguage":"es-CL","@id":"https:\/\/secure.gravatar.com\/avatar\/8e2b9322e692717cb0c0b14822e661e7c973fd0cb012cc360b551a1eadb54e44?s=96&d=mm&r=g","url":"https:\/\/secure.gravatar.com\/avatar\/8e2b9322e692717cb0c0b14822e661e7c973fd0cb012cc360b551a1eadb54e44?s=96&d=mm&r=g","contentUrl":"https:\/\/secure.gravatar.com\/avatar\/8e2b9322e692717cb0c0b14822e661e7c973fd0cb012cc360b551a1eadb54e44?s=96&d=mm&r=g","caption":"Maria Troncoso"},"url":"https:\/\/www.ing.uc.cl\/electrica\/author\/mary\/"}]}},"_links":{"self":[{"href":"https:\/\/www.ing.uc.cl\/electrica\/wp-json\/wp\/v2\/posts\/14712","targetHints":{"allow":["GET"]}}],"collection":[{"href":"https:\/\/www.ing.uc.cl\/electrica\/wp-json\/wp\/v2\/posts"}],"about":[{"href":"https:\/\/www.ing.uc.cl\/electrica\/wp-json\/wp\/v2\/types\/post"}],"author":[{"embeddable":true,"href":"https:\/\/www.ing.uc.cl\/electrica\/wp-json\/wp\/v2\/users\/7"}],"replies":[{"embeddable":true,"href":"https:\/\/www.ing.uc.cl\/electrica\/wp-json\/wp\/v2\/comments?post=14712"}],"version-history":[{"count":5,"href":"https:\/\/www.ing.uc.cl\/electrica\/wp-json\/wp\/v2\/posts\/14712\/revisions"}],"predecessor-version":[{"id":14723,"href":"https:\/\/www.ing.uc.cl\/electrica\/wp-json\/wp\/v2\/posts\/14712\/revisions\/14723"}],"wp:featuredmedia":[{"embeddable":true,"href":"https:\/\/www.ing.uc.cl\/electrica\/wp-json\/wp\/v2\/media\/14717"}],"wp:attachment":[{"href":"https:\/\/www.ing.uc.cl\/electrica\/wp-json\/wp\/v2\/media?parent=14712"}],"wp:term":[{"taxonomy":"category","embeddable":true,"href":"https:\/\/www.ing.uc.cl\/electrica\/wp-json\/wp\/v2\/categories?post=14712"},{"taxonomy":"post_tag","embeddable":true,"href":"https:\/\/www.ing.uc.cl\/electrica\/wp-json\/wp\/v2\/tags?post=14712"}],"curies":[{"name":"wp","href":"https:\/\/api.w.org\/{rel}","templated":true}]}}