{"id":3503,"date":"2015-05-15T15:11:49","date_gmt":"2015-05-15T15:11:49","guid":{"rendered":"https:\/\/www.ing.uc.cl\/electrica\/?p=3503"},"modified":"2015-05-15T15:11:49","modified_gmt":"2015-05-15T15:11:49","slug":"inauguracion-de-la-construccion-y-remodelacion-de-dependencias-de-nuestro-edificio","status":"publish","type":"post","link":"https:\/\/www.ing.uc.cl\/electrica\/2015\/05\/15\/inauguracion-de-la-construccion-y-remodelacion-de-dependencias-de-nuestro-edificio\/","title":{"rendered":"Inauguraci\u00f3n de la construcci\u00f3n y remodelaci\u00f3n de dependencias de nuestro edificio"},"content":{"rendered":"<p style=\"text-align: center;\"><img fetchpriority=\"high\" decoding=\"async\" class=\"aligncenter\" alt=\"\" src=\"https:\/\/www.ing.uc.cl\/electrica\/wp-content\/uploads\/2015\/05\/2015-05-15-11-34-55.jpg\" width=\"600\" height=\"400\" \/><\/p>\n<p>El jueves 14 de Mayo, con la asistencia del Vice Gran Canciller Padre Cristi\u00e1n Roncagliolo, autoridades de la Escuela, directores de distintos departamentos, profesores, administrativos y alumnos del departamento se inauguraron los nuevos espacios y remodelaci\u00f3n del departamento. \u00a0Son un poco m\u00e1s de 400 m2 de laboratorios docentes y de investigaci\u00f3n, oficinas para alumnos de postgrado, espacios comunes, servicio b\u00e1sicos y otros.\u00a0Estos espacios vienen a solucionar algunas de las necesidades m\u00e1s urgentes de nuestro departamento, e ir avanzando en desarrollar metas m\u00e1s ambiciosas.<\/p>\n<p>&#8220;Si bien nuestra nueva infraestructura nos alegra y enorgullece, lo importante es qu\u00e9 hacemos con ella. Aqu\u00ed hay muchas ideas, planes y metas muy ambiciosas que est\u00e1n ejecut\u00e1ndose o comenzar\u00e1n a realizarse prontamente. Todos ellas apuntan a usar esta infraestructura como una herramienta para hacer de \u00e9ste un gran Depto., en t\u00e9rminos de cantidad y calidad de: alumnos, investigaciones, proyectos, publicaciones, emprendimientos y por sobre todo en t\u00e9rminos de la calidad humana de quienes lo integramos. No hay suficiente tiempo para darles los detalles de dichos planes, pero me quiero detener en una sola iniciativa. Es un proyecto que Uds. dir\u00e1n es peque\u00f1o, pero que tiene un gran valor para nosotros. Parte de nuestros errores hist\u00f3ricos como departamento, es que no somos buenos mostrando lo que hacemos. Para comenzar a corregir esto hemos atendido a lo que dice el dicho popular, la caridad comienza por casa. Hemos creado un peque\u00f1o lugar de exhibici\u00f3n y un sitial de honor al interior de nuestro Depto., en donde nuestros alumnos y grupos de investigaci\u00f3n podr\u00e1n mostrar lo que est\u00e1n haciendo y comunicar y motivar a otros a unirse en estos proyectos de desarrollo o investigaci\u00f3n. Estamos confiados en que podemos ir escalando esta iniciativa a otros horizontes y lograr comunicar nuestros aportes a la ciencia y a la sociedad&#8221;, fueron parte de las palabras del discurso de inauguraci\u00f3n \u00a0del director del departamento Cristi\u00e1n Tejos.<\/p>\n<p><a href=\"https:\/\/www.ing.uc.cl\/electrica\/wp-content\/uploads\/2015\/05\/2015-05-14-15-58-51.jpg\"><img decoding=\"async\" class=\"alignnone size-medium wp-image-3505\" alt=\"2015-05-14 15.58.51\" src=\"https:\/\/www.ing.uc.cl\/electrica\/wp-content\/uploads\/2015\/05\/2015-05-14-15-58-51-300x225.jpg\" width=\"300\" height=\"225\" srcset=\"https:\/\/www.ing.uc.cl\/electrica\/wp-content\/uploads\/2015\/05\/2015-05-14-15-58-51-300x225.jpg 300w, https:\/\/www.ing.uc.cl\/electrica\/wp-content\/uploads\/2015\/05\/2015-05-14-15-58-51-1024x768.jpg 1024w, https:\/\/www.ing.uc.cl\/electrica\/wp-content\/uploads\/2015\/05\/2015-05-14-15-58-51-768x576.jpg 768w, https:\/\/www.ing.uc.cl\/electrica\/wp-content\/uploads\/2015\/05\/2015-05-14-15-58-51-1536x1152.jpg 1536w, https:\/\/www.ing.uc.cl\/electrica\/wp-content\/uploads\/2015\/05\/2015-05-14-15-58-51-2048x1536.jpg 2048w\" sizes=\"(max-width: 300px) 100vw, 300px\" \/><\/a>\u00a0<a href=\"https:\/\/www.ing.uc.cl\/electrica\/wp-content\/uploads\/2015\/05\/2015-05-14-15-54-04.jpg\"><img decoding=\"async\" class=\"alignnone size-medium wp-image-3506\" alt=\"2015-05-14 15.54.04\" src=\"https:\/\/www.ing.uc.cl\/electrica\/wp-content\/uploads\/2015\/05\/2015-05-14-15-54-04-300x225.jpg\" width=\"300\" height=\"225\" srcset=\"https:\/\/www.ing.uc.cl\/electrica\/wp-content\/uploads\/2015\/05\/2015-05-14-15-54-04-300x225.jpg 300w, https:\/\/www.ing.uc.cl\/electrica\/wp-content\/uploads\/2015\/05\/2015-05-14-15-54-04-1024x768.jpg 1024w, https:\/\/www.ing.uc.cl\/electrica\/wp-content\/uploads\/2015\/05\/2015-05-14-15-54-04-768x576.jpg 768w, https:\/\/www.ing.uc.cl\/electrica\/wp-content\/uploads\/2015\/05\/2015-05-14-15-54-04-1536x1152.jpg 1536w, https:\/\/www.ing.uc.cl\/electrica\/wp-content\/uploads\/2015\/05\/2015-05-14-15-54-04-2048x1536.jpg 2048w\" sizes=\"(max-width: 300px) 100vw, 300px\" \/><\/a><\/p>\n<p><a href=\"https:\/\/www.ing.uc.cl\/electrica\/wp-content\/uploads\/2015\/05\/2015-05-14-16-01-46.jpg\"><img loading=\"lazy\" decoding=\"async\" class=\"alignnone size-medium wp-image-3507\" alt=\"2015-05-14 16.01.46\" src=\"https:\/\/www.ing.uc.cl\/electrica\/wp-content\/uploads\/2015\/05\/2015-05-14-16-01-46-300x225.jpg\" width=\"300\" height=\"225\" srcset=\"https:\/\/www.ing.uc.cl\/electrica\/wp-content\/uploads\/2015\/05\/2015-05-14-16-01-46-300x225.jpg 300w, https:\/\/www.ing.uc.cl\/electrica\/wp-content\/uploads\/2015\/05\/2015-05-14-16-01-46-1024x768.jpg 1024w, https:\/\/www.ing.uc.cl\/electrica\/wp-content\/uploads\/2015\/05\/2015-05-14-16-01-46-768x576.jpg 768w, https:\/\/www.ing.uc.cl\/electrica\/wp-content\/uploads\/2015\/05\/2015-05-14-16-01-46-1536x1152.jpg 1536w, https:\/\/www.ing.uc.cl\/electrica\/wp-content\/uploads\/2015\/05\/2015-05-14-16-01-46-2048x1536.jpg 2048w\" sizes=\"(max-width: 300px) 100vw, 300px\" \/><\/a>\u00a0<a href=\"https:\/\/www.ing.uc.cl\/electrica\/wp-content\/uploads\/2015\/05\/2015-05-14-16-03-42.jpg\"><img loading=\"lazy\" decoding=\"async\" class=\"alignnone size-medium wp-image-3508\" alt=\"2015-05-14 16.03.42\" src=\"https:\/\/www.ing.uc.cl\/electrica\/wp-content\/uploads\/2015\/05\/2015-05-14-16-03-42-300x225.jpg\" width=\"300\" height=\"225\" srcset=\"https:\/\/www.ing.uc.cl\/electrica\/wp-content\/uploads\/2015\/05\/2015-05-14-16-03-42-300x225.jpg 300w, https:\/\/www.ing.uc.cl\/electrica\/wp-content\/uploads\/2015\/05\/2015-05-14-16-03-42-1024x768.jpg 1024w, https:\/\/www.ing.uc.cl\/electrica\/wp-content\/uploads\/2015\/05\/2015-05-14-16-03-42-768x576.jpg 768w, https:\/\/www.ing.uc.cl\/electrica\/wp-content\/uploads\/2015\/05\/2015-05-14-16-03-42-1536x1152.jpg 1536w, https:\/\/www.ing.uc.cl\/electrica\/wp-content\/uploads\/2015\/05\/2015-05-14-16-03-42-2048x1536.jpg 2048w\" sizes=\"(max-width: 300px) 100vw, 300px\" \/><\/a><\/p>\n<p><a href=\"https:\/\/www.ing.uc.cl\/electrica\/wp-content\/uploads\/2015\/05\/2015-05-14-16-08-01.jpg\"><img loading=\"lazy\" decoding=\"async\" class=\"alignnone size-medium wp-image-3509\" alt=\"2015-05-14 16.08.01\" src=\"https:\/\/www.ing.uc.cl\/electrica\/wp-content\/uploads\/2015\/05\/2015-05-14-16-08-01-300x225.jpg\" width=\"300\" height=\"225\" srcset=\"https:\/\/www.ing.uc.cl\/electrica\/wp-content\/uploads\/2015\/05\/2015-05-14-16-08-01-300x225.jpg 300w, https:\/\/www.ing.uc.cl\/electrica\/wp-content\/uploads\/2015\/05\/2015-05-14-16-08-01-1024x768.jpg 1024w, https:\/\/www.ing.uc.cl\/electrica\/wp-content\/uploads\/2015\/05\/2015-05-14-16-08-01-768x576.jpg 768w, https:\/\/www.ing.uc.cl\/electrica\/wp-content\/uploads\/2015\/05\/2015-05-14-16-08-01-1536x1152.jpg 1536w, https:\/\/www.ing.uc.cl\/electrica\/wp-content\/uploads\/2015\/05\/2015-05-14-16-08-01-2048x1536.jpg 2048w\" sizes=\"(max-width: 300px) 100vw, 300px\" \/><\/a>\u00a0<a href=\"https:\/\/www.ing.uc.cl\/electrica\/wp-content\/uploads\/2015\/05\/2015-05-14-16-08-12.jpg\"><img loading=\"lazy\" decoding=\"async\" class=\"alignnone size-medium wp-image-3510\" alt=\"2015-05-14 16.08.12\" src=\"https:\/\/www.ing.uc.cl\/electrica\/wp-content\/uploads\/2015\/05\/2015-05-14-16-08-12-300x225.jpg\" width=\"300\" height=\"225\" srcset=\"https:\/\/www.ing.uc.cl\/electrica\/wp-content\/uploads\/2015\/05\/2015-05-14-16-08-12-300x225.jpg 300w, https:\/\/www.ing.uc.cl\/electrica\/wp-content\/uploads\/2015\/05\/2015-05-14-16-08-12-1024x768.jpg 1024w, https:\/\/www.ing.uc.cl\/electrica\/wp-content\/uploads\/2015\/05\/2015-05-14-16-08-12-768x576.jpg 768w, https:\/\/www.ing.uc.cl\/electrica\/wp-content\/uploads\/2015\/05\/2015-05-14-16-08-12-1536x1152.jpg 1536w, https:\/\/www.ing.uc.cl\/electrica\/wp-content\/uploads\/2015\/05\/2015-05-14-16-08-12-2048x1536.jpg 2048w\" sizes=\"(max-width: 300px) 100vw, 300px\" \/><\/a><\/p>\n<p><a href=\"https:\/\/www.ing.uc.cl\/electrica\/wp-content\/uploads\/2015\/05\/2015-05-14-16-09-48.jpg\"><img loading=\"lazy\" decoding=\"async\" class=\"alignnone size-medium wp-image-3512\" alt=\"2015-05-14 16.09.48\" src=\"https:\/\/www.ing.uc.cl\/electrica\/wp-content\/uploads\/2015\/05\/2015-05-14-16-09-48-300x225.jpg\" width=\"300\" height=\"225\" srcset=\"https:\/\/www.ing.uc.cl\/electrica\/wp-content\/uploads\/2015\/05\/2015-05-14-16-09-48-300x225.jpg 300w, https:\/\/www.ing.uc.cl\/electrica\/wp-content\/uploads\/2015\/05\/2015-05-14-16-09-48-1024x768.jpg 1024w, https:\/\/www.ing.uc.cl\/electrica\/wp-content\/uploads\/2015\/05\/2015-05-14-16-09-48-768x576.jpg 768w, https:\/\/www.ing.uc.cl\/electrica\/wp-content\/uploads\/2015\/05\/2015-05-14-16-09-48-1536x1152.jpg 1536w, https:\/\/www.ing.uc.cl\/electrica\/wp-content\/uploads\/2015\/05\/2015-05-14-16-09-48-2048x1536.jpg 2048w\" sizes=\"(max-width: 300px) 100vw, 300px\" \/><\/a>\u00a0<a href=\"https:\/\/www.ing.uc.cl\/electrica\/wp-content\/uploads\/2015\/05\/2015-05-14-16-18-00.jpg\"><img loading=\"lazy\" decoding=\"async\" class=\"alignnone size-medium wp-image-3513\" alt=\"2015-05-14 16.18.00\" src=\"https:\/\/www.ing.uc.cl\/electrica\/wp-content\/uploads\/2015\/05\/2015-05-14-16-18-00-300x225.jpg\" width=\"300\" height=\"225\" srcset=\"https:\/\/www.ing.uc.cl\/electrica\/wp-content\/uploads\/2015\/05\/2015-05-14-16-18-00-300x225.jpg 300w, https:\/\/www.ing.uc.cl\/electrica\/wp-content\/uploads\/2015\/05\/2015-05-14-16-18-00-1024x768.jpg 1024w, https:\/\/www.ing.uc.cl\/electrica\/wp-content\/uploads\/2015\/05\/2015-05-14-16-18-00-768x576.jpg 768w, https:\/\/www.ing.uc.cl\/electrica\/wp-content\/uploads\/2015\/05\/2015-05-14-16-18-00-1536x1152.jpg 1536w, https:\/\/www.ing.uc.cl\/electrica\/wp-content\/uploads\/2015\/05\/2015-05-14-16-18-00-2048x1536.jpg 2048w\" sizes=\"(max-width: 300px) 100vw, 300px\" \/><\/a><span style=\"line-height: 1.5em;\"><br \/>\n<\/span><\/p>\n<p><a href=\"https:\/\/www.ing.uc.cl\/electrica\/wp-content\/uploads\/2015\/05\/2015-05-14-16-20-04.jpg\"><img loading=\"lazy\" decoding=\"async\" class=\"alignnone size-medium wp-image-3514\" alt=\"2015-05-14 16.20.04\" src=\"https:\/\/www.ing.uc.cl\/electrica\/wp-content\/uploads\/2015\/05\/2015-05-14-16-20-04-300x225.jpg\" width=\"300\" height=\"225\" srcset=\"https:\/\/www.ing.uc.cl\/electrica\/wp-content\/uploads\/2015\/05\/2015-05-14-16-20-04-300x225.jpg 300w, https:\/\/www.ing.uc.cl\/electrica\/wp-content\/uploads\/2015\/05\/2015-05-14-16-20-04-1024x768.jpg 1024w, https:\/\/www.ing.uc.cl\/electrica\/wp-content\/uploads\/2015\/05\/2015-05-14-16-20-04-768x576.jpg 768w, https:\/\/www.ing.uc.cl\/electrica\/wp-content\/uploads\/2015\/05\/2015-05-14-16-20-04-1536x1152.jpg 1536w, https:\/\/www.ing.uc.cl\/electrica\/wp-content\/uploads\/2015\/05\/2015-05-14-16-20-04-2048x1536.jpg 2048w\" sizes=\"(max-width: 300px) 100vw, 300px\" \/><\/a>\u00a0<a href=\"https:\/\/www.ing.uc.cl\/electrica\/wp-content\/uploads\/2015\/05\/2015-05-14-16-22-31.jpg\"><img loading=\"lazy\" decoding=\"async\" class=\"alignnone size-medium wp-image-3515\" alt=\"2015-05-14 16.22.31\" src=\"https:\/\/www.ing.uc.cl\/electrica\/wp-content\/uploads\/2015\/05\/2015-05-14-16-22-31-300x225.jpg\" width=\"300\" height=\"225\" srcset=\"https:\/\/www.ing.uc.cl\/electrica\/wp-content\/uploads\/2015\/05\/2015-05-14-16-22-31-300x225.jpg 300w, https:\/\/www.ing.uc.cl\/electrica\/wp-content\/uploads\/2015\/05\/2015-05-14-16-22-31-1024x768.jpg 1024w, https:\/\/www.ing.uc.cl\/electrica\/wp-content\/uploads\/2015\/05\/2015-05-14-16-22-31-768x576.jpg 768w, https:\/\/www.ing.uc.cl\/electrica\/wp-content\/uploads\/2015\/05\/2015-05-14-16-22-31-1536x1152.jpg 1536w, https:\/\/www.ing.uc.cl\/electrica\/wp-content\/uploads\/2015\/05\/2015-05-14-16-22-31-2048x1536.jpg 2048w\" sizes=\"(max-width: 300px) 100vw, 300px\" \/><\/a><\/p>\n<p><a href=\"https:\/\/www.ing.uc.cl\/electrica\/wp-content\/uploads\/2015\/05\/2015-05-14-16-25-11.jpg\"><img loading=\"lazy\" decoding=\"async\" class=\"alignnone size-medium wp-image-3516\" alt=\"2015-05-14 16.25.11\" src=\"https:\/\/www.ing.uc.cl\/electrica\/wp-content\/uploads\/2015\/05\/2015-05-14-16-25-11-300x225.jpg\" width=\"300\" height=\"225\" srcset=\"https:\/\/www.ing.uc.cl\/electrica\/wp-content\/uploads\/2015\/05\/2015-05-14-16-25-11-300x225.jpg 300w, https:\/\/www.ing.uc.cl\/electrica\/wp-content\/uploads\/2015\/05\/2015-05-14-16-25-11-1024x768.jpg 1024w, https:\/\/www.ing.uc.cl\/electrica\/wp-content\/uploads\/2015\/05\/2015-05-14-16-25-11-768x576.jpg 768w, https:\/\/www.ing.uc.cl\/electrica\/wp-content\/uploads\/2015\/05\/2015-05-14-16-25-11-1536x1152.jpg 1536w, https:\/\/www.ing.uc.cl\/electrica\/wp-content\/uploads\/2015\/05\/2015-05-14-16-25-11-2048x1536.jpg 2048w\" sizes=\"(max-width: 300px) 100vw, 300px\" \/><\/a>\u00a0<a href=\"https:\/\/www.ing.uc.cl\/electrica\/wp-content\/uploads\/2015\/05\/2015-05-14-16-25-18.jpg\"><img loading=\"lazy\" decoding=\"async\" class=\"alignnone size-medium wp-image-3517\" alt=\"2015-05-14 16.25.18\" src=\"https:\/\/www.ing.uc.cl\/electrica\/wp-content\/uploads\/2015\/05\/2015-05-14-16-25-18-300x225.jpg\" width=\"300\" height=\"225\" srcset=\"https:\/\/www.ing.uc.cl\/electrica\/wp-content\/uploads\/2015\/05\/2015-05-14-16-25-18-300x225.jpg 300w, https:\/\/www.ing.uc.cl\/electrica\/wp-content\/uploads\/2015\/05\/2015-05-14-16-25-18-1024x768.jpg 1024w, https:\/\/www.ing.uc.cl\/electrica\/wp-content\/uploads\/2015\/05\/2015-05-14-16-25-18-768x576.jpg 768w, https:\/\/www.ing.uc.cl\/electrica\/wp-content\/uploads\/2015\/05\/2015-05-14-16-25-18-1536x1152.jpg 1536w, https:\/\/www.ing.uc.cl\/electrica\/wp-content\/uploads\/2015\/05\/2015-05-14-16-25-18-2048x1536.jpg 2048w\" sizes=\"(max-width: 300px) 100vw, 300px\" \/><\/a><\/p>\n<p><a href=\"https:\/\/www.ing.uc.cl\/electrica\/wp-content\/uploads\/2015\/05\/2015-05-14-16-25-32.jpg\"><img loading=\"lazy\" decoding=\"async\" class=\"alignnone size-medium wp-image-3518\" alt=\"2015-05-14 16.25.32\" src=\"https:\/\/www.ing.uc.cl\/electrica\/wp-content\/uploads\/2015\/05\/2015-05-14-16-25-32-300x225.jpg\" width=\"300\" height=\"225\" srcset=\"https:\/\/www.ing.uc.cl\/electrica\/wp-content\/uploads\/2015\/05\/2015-05-14-16-25-32-300x225.jpg 300w, https:\/\/www.ing.uc.cl\/electrica\/wp-content\/uploads\/2015\/05\/2015-05-14-16-25-32-1024x768.jpg 1024w, https:\/\/www.ing.uc.cl\/electrica\/wp-content\/uploads\/2015\/05\/2015-05-14-16-25-32-768x576.jpg 768w, https:\/\/www.ing.uc.cl\/electrica\/wp-content\/uploads\/2015\/05\/2015-05-14-16-25-32-1536x1152.jpg 1536w, https:\/\/www.ing.uc.cl\/electrica\/wp-content\/uploads\/2015\/05\/2015-05-14-16-25-32-2048x1536.jpg 2048w\" sizes=\"(max-width: 300px) 100vw, 300px\" \/><\/a>\u00a0<a href=\"https:\/\/www.ing.uc.cl\/electrica\/wp-content\/uploads\/2015\/05\/2015-05-14-15-42-25.jpg\"><img loading=\"lazy\" decoding=\"async\" class=\"alignnone size-medium wp-image-3519\" alt=\"2015-05-14 15.42.25\" src=\"https:\/\/www.ing.uc.cl\/electrica\/wp-content\/uploads\/2015\/05\/2015-05-14-15-42-25-300x225.jpg\" width=\"300\" height=\"225\" srcset=\"https:\/\/www.ing.uc.cl\/electrica\/wp-content\/uploads\/2015\/05\/2015-05-14-15-42-25-300x225.jpg 300w, https:\/\/www.ing.uc.cl\/electrica\/wp-content\/uploads\/2015\/05\/2015-05-14-15-42-25-1024x768.jpg 1024w, https:\/\/www.ing.uc.cl\/electrica\/wp-content\/uploads\/2015\/05\/2015-05-14-15-42-25-768x576.jpg 768w, https:\/\/www.ing.uc.cl\/electrica\/wp-content\/uploads\/2015\/05\/2015-05-14-15-42-25-1536x1152.jpg 1536w, https:\/\/www.ing.uc.cl\/electrica\/wp-content\/uploads\/2015\/05\/2015-05-14-15-42-25-2048x1536.jpg 2048w\" sizes=\"(max-width: 300px) 100vw, 300px\" \/><\/a><\/p>\n<p>&nbsp;<\/p>\n<p>&nbsp;<\/p>\n<p><b>\u00a0<\/b>    \t<\/p>\n","protected":false},"excerpt":{"rendered":"<p>Nuevos espacios en el departamento fueron inaugurados en la ceremonia&#8230;.<\/p>\n","protected":false},"author":4,"featured_media":0,"comment_status":"closed","ping_status":"closed","sticky":false,"template":"","format":"standard","meta":{"_acf_changed":false,"_eb_attr":"","site-sidebar-layout":"default","site-content-layout":"","ast-site-content-layout":"default","site-content-style":"default","site-sidebar-style":"default","ast-global-header-display":"","ast-banner-title-visibility":"","ast-main-header-display":"","ast-hfb-above-header-display":"","ast-hfb-below-header-display":"","ast-hfb-mobile-header-display":"","site-post-title":"","ast-breadcrumbs-content":"","ast-featured-img":"","footer-sml-layout":"","ast-disable-related-posts":"","theme-transparent-header-meta":"","adv-header-id-meta":"","stick-header-meta":"","header-above-stick-meta":"","header-main-stick-meta":"","header-below-stick-meta":"","astra-migrate-meta-layouts":"default","ast-page-background-enabled":"default","ast-page-background-meta":{"desktop":{"background-color":"","background-image":"","background-repeat":"repeat","background-position":"center center","background-size":"auto","background-attachment":"scroll","background-type":"","background-media":"","overlay-type":"","overlay-color":"","overlay-opacity":"","overlay-gradient":""},"tablet":{"background-color":"","background-image":"","background-repeat":"repeat","background-position":"center center","background-size":"auto","background-attachment":"scroll","background-type":"","background-media":"","overlay-type":"","overlay-color":"","overlay-opacity":"","overlay-gradient":""},"mobile":{"background-color":"","background-image":"","background-repeat":"repeat","background-position":"center center","background-size":"auto","background-attachment":"scroll","background-type":"","background-media":"","overlay-type":"","overlay-color":"","overlay-opacity":"","overlay-gradient":""}},"ast-content-background-meta":{"desktop":{"background-color":"var(--ast-global-color-5)","background-image":"","background-repeat":"repeat","background-position":"center center","background-size":"auto","background-attachment":"scroll","background-type":"","background-media":"","overlay-type":"","overlay-color":"","overlay-opacity":"","overlay-gradient":""},"tablet":{"background-color":"var(--ast-global-color-5)","background-image":"","background-repeat":"repeat","background-position":"center center","background-size":"auto","background-attachment":"scroll","background-type":"","background-media":"","overlay-type":"","overlay-color":"","overlay-opacity":"","overlay-gradient":""},"mobile":{"background-color":"var(--ast-global-color-5)","background-image":"","background-repeat":"repeat","background-position":"center center","background-size":"auto","background-attachment":"scroll","background-type":"","background-media":"","overlay-type":"","overlay-color":"","overlay-opacity":"","overlay-gradient":""}},"footnotes":""},"categories":[20,19],"tags":[],"class_list":["post-3503","post","type-post","status-publish","format-standard","hentry","category-electrica-eventos","category-electrica-novedades"],"acf":[],"yoast_head":"<!-- This site is optimized with the Yoast SEO plugin v27.5 - https:\/\/yoast.com\/product\/yoast-seo-wordpress\/ -->\n<title>Inauguraci\u00f3n de la construcci\u00f3n y remodelaci\u00f3n de dependencias de nuestro edificio - DEPARTAMENTO DE INGENIER\u00cdA EL\u00c9CTRICA<\/title>\n<meta name=\"robots\" content=\"index, follow, max-snippet:-1, max-image-preview:large, max-video-preview:-1\" \/>\n<link rel=\"canonical\" href=\"https:\/\/www.ing.uc.cl\/electrica\/2015\/05\/15\/inauguracion-de-la-construccion-y-remodelacion-de-dependencias-de-nuestro-edificio\/\" \/>\n<meta property=\"og:locale\" content=\"es_ES\" \/>\n<meta property=\"og:type\" content=\"article\" \/>\n<meta property=\"og:title\" content=\"Inauguraci\u00f3n de la construcci\u00f3n y remodelaci\u00f3n de dependencias de nuestro edificio - DEPARTAMENTO DE INGENIER\u00cdA EL\u00c9CTRICA\" \/>\n<meta property=\"og:description\" content=\"Nuevos espacios en el departamento fueron inaugurados en la ceremonia....\" \/>\n<meta property=\"og:url\" content=\"https:\/\/www.ing.uc.cl\/electrica\/2015\/05\/15\/inauguracion-de-la-construccion-y-remodelacion-de-dependencias-de-nuestro-edificio\/\" \/>\n<meta property=\"og:site_name\" content=\"DEPARTAMENTO DE INGENIER\u00cdA EL\u00c9CTRICA\" \/>\n<meta property=\"article:published_time\" content=\"2015-05-15T15:11:49+00:00\" \/>\n<meta property=\"og:image\" content=\"https:\/\/www.ing.uc.cl\/electrica\/wp-content\/uploads\/2015\/05\/2015-05-15-11-34-55.jpg\" \/>\n<meta name=\"author\" content=\"Francisco H\" \/>\n<meta name=\"twitter:card\" content=\"summary_large_image\" \/>\n<meta name=\"twitter:label1\" content=\"Escrito por\" \/>\n\t<meta name=\"twitter:data1\" content=\"Francisco H\" \/>\n\t<meta name=\"twitter:label2\" content=\"Tiempo estimado de lectura\" \/>\n\t<meta name=\"twitter:data2\" content=\"2 minutos\" \/>\n<script type=\"application\/ld+json\" class=\"yoast-schema-graph\">{\"@context\":\"https:\\\/\\\/schema.org\",\"@graph\":[{\"@type\":\"Article\",\"@id\":\"https:\\\/\\\/www.ing.uc.cl\\\/electrica\\\/2015\\\/05\\\/15\\\/inauguracion-de-la-construccion-y-remodelacion-de-dependencias-de-nuestro-edificio\\\/#article\",\"isPartOf\":{\"@id\":\"https:\\\/\\\/www.ing.uc.cl\\\/electrica\\\/2015\\\/05\\\/15\\\/inauguracion-de-la-construccion-y-remodelacion-de-dependencias-de-nuestro-edificio\\\/\"},\"author\":{\"name\":\"Francisco H\",\"@id\":\"https:\\\/\\\/www.ing.uc.cl\\\/electrica\\\/#\\\/schema\\\/person\\\/46a2c0f475e2bf9366409f2ed1944667\"},\"headline\":\"Inauguraci\u00f3n de la construcci\u00f3n y remodelaci\u00f3n de dependencias de nuestro edificio\",\"datePublished\":\"2015-05-15T15:11:49+00:00\",\"mainEntityOfPage\":{\"@id\":\"https:\\\/\\\/www.ing.uc.cl\\\/electrica\\\/2015\\\/05\\\/15\\\/inauguracion-de-la-construccion-y-remodelacion-de-dependencias-de-nuestro-edificio\\\/\"},\"wordCount\":352,\"publisher\":{\"@id\":\"https:\\\/\\\/www.ing.uc.cl\\\/electrica\\\/#organization\"},\"image\":{\"@id\":\"https:\\\/\\\/www.ing.uc.cl\\\/electrica\\\/2015\\\/05\\\/15\\\/inauguracion-de-la-construccion-y-remodelacion-de-dependencias-de-nuestro-edificio\\\/#primaryimage\"},\"thumbnailUrl\":\"https:\\\/\\\/www.ing.uc.cl\\\/electrica\\\/wp-content\\\/uploads\\\/2015\\\/05\\\/2015-05-15-11-34-55.jpg\",\"articleSection\":[\"Eventos\",\"Novedades\"],\"inLanguage\":\"es-CL\"},{\"@type\":\"WebPage\",\"@id\":\"https:\\\/\\\/www.ing.uc.cl\\\/electrica\\\/2015\\\/05\\\/15\\\/inauguracion-de-la-construccion-y-remodelacion-de-dependencias-de-nuestro-edificio\\\/\",\"url\":\"https:\\\/\\\/www.ing.uc.cl\\\/electrica\\\/2015\\\/05\\\/15\\\/inauguracion-de-la-construccion-y-remodelacion-de-dependencias-de-nuestro-edificio\\\/\",\"name\":\"Inauguraci\u00f3n de la construcci\u00f3n y remodelaci\u00f3n de dependencias de nuestro edificio - DEPARTAMENTO DE INGENIER\u00cdA EL\u00c9CTRICA\",\"isPartOf\":{\"@id\":\"https:\\\/\\\/www.ing.uc.cl\\\/electrica\\\/#website\"},\"primaryImageOfPage\":{\"@id\":\"https:\\\/\\\/www.ing.uc.cl\\\/electrica\\\/2015\\\/05\\\/15\\\/inauguracion-de-la-construccion-y-remodelacion-de-dependencias-de-nuestro-edificio\\\/#primaryimage\"},\"image\":{\"@id\":\"https:\\\/\\\/www.ing.uc.cl\\\/electrica\\\/2015\\\/05\\\/15\\\/inauguracion-de-la-construccion-y-remodelacion-de-dependencias-de-nuestro-edificio\\\/#primaryimage\"},\"thumbnailUrl\":\"https:\\\/\\\/www.ing.uc.cl\\\/electrica\\\/wp-content\\\/uploads\\\/2015\\\/05\\\/2015-05-15-11-34-55.jpg\",\"datePublished\":\"2015-05-15T15:11:49+00:00\",\"breadcrumb\":{\"@id\":\"https:\\\/\\\/www.ing.uc.cl\\\/electrica\\\/2015\\\/05\\\/15\\\/inauguracion-de-la-construccion-y-remodelacion-de-dependencias-de-nuestro-edificio\\\/#breadcrumb\"},\"inLanguage\":\"es-CL\",\"potentialAction\":[{\"@type\":\"ReadAction\",\"target\":[\"https:\\\/\\\/www.ing.uc.cl\\\/electrica\\\/2015\\\/05\\\/15\\\/inauguracion-de-la-construccion-y-remodelacion-de-dependencias-de-nuestro-edificio\\\/\"]}]},{\"@type\":\"ImageObject\",\"inLanguage\":\"es-CL\",\"@id\":\"https:\\\/\\\/www.ing.uc.cl\\\/electrica\\\/2015\\\/05\\\/15\\\/inauguracion-de-la-construccion-y-remodelacion-de-dependencias-de-nuestro-edificio\\\/#primaryimage\",\"url\":\"https:\\\/\\\/www.ing.uc.cl\\\/electrica\\\/wp-content\\\/uploads\\\/2015\\\/05\\\/2015-05-15-11-34-55.jpg\",\"contentUrl\":\"https:\\\/\\\/www.ing.uc.cl\\\/electrica\\\/wp-content\\\/uploads\\\/2015\\\/05\\\/2015-05-15-11-34-55.jpg\"},{\"@type\":\"BreadcrumbList\",\"@id\":\"https:\\\/\\\/www.ing.uc.cl\\\/electrica\\\/2015\\\/05\\\/15\\\/inauguracion-de-la-construccion-y-remodelacion-de-dependencias-de-nuestro-edificio\\\/#breadcrumb\",\"itemListElement\":[{\"@type\":\"ListItem\",\"position\":1,\"name\":\"Portada\",\"item\":\"https:\\\/\\\/www.ing.uc.cl\\\/electrica\\\/\"},{\"@type\":\"ListItem\",\"position\":2,\"name\":\"Inauguraci\u00f3n de la construcci\u00f3n y remodelaci\u00f3n de dependencias de nuestro edificio\"}]},{\"@type\":\"WebSite\",\"@id\":\"https:\\\/\\\/www.ing.uc.cl\\\/electrica\\\/#website\",\"url\":\"https:\\\/\\\/www.ing.uc.cl\\\/electrica\\\/\",\"name\":\"DEPARTAMENTO DE INGENIER\u00cdA EL\u00c9CTRICA\",\"description\":\"\",\"publisher\":{\"@id\":\"https:\\\/\\\/www.ing.uc.cl\\\/electrica\\\/#organization\"},\"potentialAction\":[{\"@type\":\"SearchAction\",\"target\":{\"@type\":\"EntryPoint\",\"urlTemplate\":\"https:\\\/\\\/www.ing.uc.cl\\\/electrica\\\/?s={search_term_string}\"},\"query-input\":{\"@type\":\"PropertyValueSpecification\",\"valueRequired\":true,\"valueName\":\"search_term_string\"}}],\"inLanguage\":\"es-CL\"},{\"@type\":\"Organization\",\"@id\":\"https:\\\/\\\/www.ing.uc.cl\\\/electrica\\\/#organization\",\"name\":\"DEPARTAMENTO DE INGENIER\u00cdA EL\u00c9CTRICA\",\"url\":\"https:\\\/\\\/www.ing.uc.cl\\\/electrica\\\/\",\"logo\":{\"@type\":\"ImageObject\",\"inLanguage\":\"es-CL\",\"@id\":\"https:\\\/\\\/www.ing.uc.cl\\\/electrica\\\/#\\\/schema\\\/logo\\\/image\\\/\",\"url\":\"https:\\\/\\\/www.ing.uc.cl\\\/electrica\\\/wp-content\\\/uploads\\\/2020\\\/03\\\/logo-uc-03.svg\",\"contentUrl\":\"https:\\\/\\\/www.ing.uc.cl\\\/electrica\\\/wp-content\\\/uploads\\\/2020\\\/03\\\/logo-uc-03.svg\",\"width\":156,\"height\":90,\"caption\":\"DEPARTAMENTO DE INGENIER\u00cdA EL\u00c9CTRICA\"},\"image\":{\"@id\":\"https:\\\/\\\/www.ing.uc.cl\\\/electrica\\\/#\\\/schema\\\/logo\\\/image\\\/\"}},{\"@type\":\"Person\",\"@id\":\"https:\\\/\\\/www.ing.uc.cl\\\/electrica\\\/#\\\/schema\\\/person\\\/46a2c0f475e2bf9366409f2ed1944667\",\"name\":\"Francisco H\",\"image\":{\"@type\":\"ImageObject\",\"inLanguage\":\"es-CL\",\"@id\":\"https:\\\/\\\/secure.gravatar.com\\\/avatar\\\/63233762875caf7cb464abb0c994788b36bb5a903f4b5e6d958a14f57c41e047?s=96&d=mm&r=g\",\"url\":\"https:\\\/\\\/secure.gravatar.com\\\/avatar\\\/63233762875caf7cb464abb0c994788b36bb5a903f4b5e6d958a14f57c41e047?s=96&d=mm&r=g\",\"contentUrl\":\"https:\\\/\\\/secure.gravatar.com\\\/avatar\\\/63233762875caf7cb464abb0c994788b36bb5a903f4b5e6d958a14f57c41e047?s=96&d=mm&r=g\",\"caption\":\"Francisco H\"},\"url\":\"https:\\\/\\\/www.ing.uc.cl\\\/electrica\\\/author\\\/fherreros\\\/\"}]}<\/script>\n<!-- \/ Yoast SEO plugin. -->","yoast_head_json":{"title":"Inauguraci\u00f3n de la construcci\u00f3n y remodelaci\u00f3n de dependencias de nuestro edificio - DEPARTAMENTO DE INGENIER\u00cdA EL\u00c9CTRICA","robots":{"index":"index","follow":"follow","max-snippet":"max-snippet:-1","max-image-preview":"max-image-preview:large","max-video-preview":"max-video-preview:-1"},"canonical":"https:\/\/www.ing.uc.cl\/electrica\/2015\/05\/15\/inauguracion-de-la-construccion-y-remodelacion-de-dependencias-de-nuestro-edificio\/","og_locale":"es_ES","og_type":"article","og_title":"Inauguraci\u00f3n de la construcci\u00f3n y remodelaci\u00f3n de dependencias de nuestro edificio - DEPARTAMENTO DE INGENIER\u00cdA EL\u00c9CTRICA","og_description":"Nuevos espacios en el departamento fueron inaugurados en la ceremonia....","og_url":"https:\/\/www.ing.uc.cl\/electrica\/2015\/05\/15\/inauguracion-de-la-construccion-y-remodelacion-de-dependencias-de-nuestro-edificio\/","og_site_name":"DEPARTAMENTO DE INGENIER\u00cdA EL\u00c9CTRICA","article_published_time":"2015-05-15T15:11:49+00:00","og_image":[{"url":"https:\/\/www.ing.uc.cl\/electrica\/wp-content\/uploads\/2015\/05\/2015-05-15-11-34-55.jpg","type":"","width":"","height":""}],"author":"Francisco H","twitter_card":"summary_large_image","twitter_misc":{"Escrito por":"Francisco H","Tiempo estimado de lectura":"2 minutos"},"schema":{"@context":"https:\/\/schema.org","@graph":[{"@type":"Article","@id":"https:\/\/www.ing.uc.cl\/electrica\/2015\/05\/15\/inauguracion-de-la-construccion-y-remodelacion-de-dependencias-de-nuestro-edificio\/#article","isPartOf":{"@id":"https:\/\/www.ing.uc.cl\/electrica\/2015\/05\/15\/inauguracion-de-la-construccion-y-remodelacion-de-dependencias-de-nuestro-edificio\/"},"author":{"name":"Francisco H","@id":"https:\/\/www.ing.uc.cl\/electrica\/#\/schema\/person\/46a2c0f475e2bf9366409f2ed1944667"},"headline":"Inauguraci\u00f3n de la construcci\u00f3n y remodelaci\u00f3n de dependencias de nuestro edificio","datePublished":"2015-05-15T15:11:49+00:00","mainEntityOfPage":{"@id":"https:\/\/www.ing.uc.cl\/electrica\/2015\/05\/15\/inauguracion-de-la-construccion-y-remodelacion-de-dependencias-de-nuestro-edificio\/"},"wordCount":352,"publisher":{"@id":"https:\/\/www.ing.uc.cl\/electrica\/#organization"},"image":{"@id":"https:\/\/www.ing.uc.cl\/electrica\/2015\/05\/15\/inauguracion-de-la-construccion-y-remodelacion-de-dependencias-de-nuestro-edificio\/#primaryimage"},"thumbnailUrl":"https:\/\/www.ing.uc.cl\/electrica\/wp-content\/uploads\/2015\/05\/2015-05-15-11-34-55.jpg","articleSection":["Eventos","Novedades"],"inLanguage":"es-CL"},{"@type":"WebPage","@id":"https:\/\/www.ing.uc.cl\/electrica\/2015\/05\/15\/inauguracion-de-la-construccion-y-remodelacion-de-dependencias-de-nuestro-edificio\/","url":"https:\/\/www.ing.uc.cl\/electrica\/2015\/05\/15\/inauguracion-de-la-construccion-y-remodelacion-de-dependencias-de-nuestro-edificio\/","name":"Inauguraci\u00f3n de la construcci\u00f3n y remodelaci\u00f3n de dependencias de nuestro edificio - DEPARTAMENTO DE INGENIER\u00cdA EL\u00c9CTRICA","isPartOf":{"@id":"https:\/\/www.ing.uc.cl\/electrica\/#website"},"primaryImageOfPage":{"@id":"https:\/\/www.ing.uc.cl\/electrica\/2015\/05\/15\/inauguracion-de-la-construccion-y-remodelacion-de-dependencias-de-nuestro-edificio\/#primaryimage"},"image":{"@id":"https:\/\/www.ing.uc.cl\/electrica\/2015\/05\/15\/inauguracion-de-la-construccion-y-remodelacion-de-dependencias-de-nuestro-edificio\/#primaryimage"},"thumbnailUrl":"https:\/\/www.ing.uc.cl\/electrica\/wp-content\/uploads\/2015\/05\/2015-05-15-11-34-55.jpg","datePublished":"2015-05-15T15:11:49+00:00","breadcrumb":{"@id":"https:\/\/www.ing.uc.cl\/electrica\/2015\/05\/15\/inauguracion-de-la-construccion-y-remodelacion-de-dependencias-de-nuestro-edificio\/#breadcrumb"},"inLanguage":"es-CL","potentialAction":[{"@type":"ReadAction","target":["https:\/\/www.ing.uc.cl\/electrica\/2015\/05\/15\/inauguracion-de-la-construccion-y-remodelacion-de-dependencias-de-nuestro-edificio\/"]}]},{"@type":"ImageObject","inLanguage":"es-CL","@id":"https:\/\/www.ing.uc.cl\/electrica\/2015\/05\/15\/inauguracion-de-la-construccion-y-remodelacion-de-dependencias-de-nuestro-edificio\/#primaryimage","url":"https:\/\/www.ing.uc.cl\/electrica\/wp-content\/uploads\/2015\/05\/2015-05-15-11-34-55.jpg","contentUrl":"https:\/\/www.ing.uc.cl\/electrica\/wp-content\/uploads\/2015\/05\/2015-05-15-11-34-55.jpg"},{"@type":"BreadcrumbList","@id":"https:\/\/www.ing.uc.cl\/electrica\/2015\/05\/15\/inauguracion-de-la-construccion-y-remodelacion-de-dependencias-de-nuestro-edificio\/#breadcrumb","itemListElement":[{"@type":"ListItem","position":1,"name":"Portada","item":"https:\/\/www.ing.uc.cl\/electrica\/"},{"@type":"ListItem","position":2,"name":"Inauguraci\u00f3n de la construcci\u00f3n y remodelaci\u00f3n de dependencias de nuestro edificio"}]},{"@type":"WebSite","@id":"https:\/\/www.ing.uc.cl\/electrica\/#website","url":"https:\/\/www.ing.uc.cl\/electrica\/","name":"DEPARTAMENTO DE INGENIER\u00cdA EL\u00c9CTRICA","description":"","publisher":{"@id":"https:\/\/www.ing.uc.cl\/electrica\/#organization"},"potentialAction":[{"@type":"SearchAction","target":{"@type":"EntryPoint","urlTemplate":"https:\/\/www.ing.uc.cl\/electrica\/?s={search_term_string}"},"query-input":{"@type":"PropertyValueSpecification","valueRequired":true,"valueName":"search_term_string"}}],"inLanguage":"es-CL"},{"@type":"Organization","@id":"https:\/\/www.ing.uc.cl\/electrica\/#organization","name":"DEPARTAMENTO DE INGENIER\u00cdA EL\u00c9CTRICA","url":"https:\/\/www.ing.uc.cl\/electrica\/","logo":{"@type":"ImageObject","inLanguage":"es-CL","@id":"https:\/\/www.ing.uc.cl\/electrica\/#\/schema\/logo\/image\/","url":"https:\/\/www.ing.uc.cl\/electrica\/wp-content\/uploads\/2020\/03\/logo-uc-03.svg","contentUrl":"https:\/\/www.ing.uc.cl\/electrica\/wp-content\/uploads\/2020\/03\/logo-uc-03.svg","width":156,"height":90,"caption":"DEPARTAMENTO DE INGENIER\u00cdA EL\u00c9CTRICA"},"image":{"@id":"https:\/\/www.ing.uc.cl\/electrica\/#\/schema\/logo\/image\/"}},{"@type":"Person","@id":"https:\/\/www.ing.uc.cl\/electrica\/#\/schema\/person\/46a2c0f475e2bf9366409f2ed1944667","name":"Francisco H","image":{"@type":"ImageObject","inLanguage":"es-CL","@id":"https:\/\/secure.gravatar.com\/avatar\/63233762875caf7cb464abb0c994788b36bb5a903f4b5e6d958a14f57c41e047?s=96&d=mm&r=g","url":"https:\/\/secure.gravatar.com\/avatar\/63233762875caf7cb464abb0c994788b36bb5a903f4b5e6d958a14f57c41e047?s=96&d=mm&r=g","contentUrl":"https:\/\/secure.gravatar.com\/avatar\/63233762875caf7cb464abb0c994788b36bb5a903f4b5e6d958a14f57c41e047?s=96&d=mm&r=g","caption":"Francisco H"},"url":"https:\/\/www.ing.uc.cl\/electrica\/author\/fherreros\/"}]}},"_links":{"self":[{"href":"https:\/\/www.ing.uc.cl\/electrica\/wp-json\/wp\/v2\/posts\/3503","targetHints":{"allow":["GET"]}}],"collection":[{"href":"https:\/\/www.ing.uc.cl\/electrica\/wp-json\/wp\/v2\/posts"}],"about":[{"href":"https:\/\/www.ing.uc.cl\/electrica\/wp-json\/wp\/v2\/types\/post"}],"author":[{"embeddable":true,"href":"https:\/\/www.ing.uc.cl\/electrica\/wp-json\/wp\/v2\/users\/4"}],"replies":[{"embeddable":true,"href":"https:\/\/www.ing.uc.cl\/electrica\/wp-json\/wp\/v2\/comments?post=3503"}],"version-history":[{"count":0,"href":"https:\/\/www.ing.uc.cl\/electrica\/wp-json\/wp\/v2\/posts\/3503\/revisions"}],"wp:attachment":[{"href":"https:\/\/www.ing.uc.cl\/electrica\/wp-json\/wp\/v2\/media?parent=3503"}],"wp:term":[{"taxonomy":"category","embeddable":true,"href":"https:\/\/www.ing.uc.cl\/electrica\/wp-json\/wp\/v2\/categories?post=3503"},{"taxonomy":"post_tag","embeddable":true,"href":"https:\/\/www.ing.uc.cl\/electrica\/wp-json\/wp\/v2\/tags?post=3503"}],"curies":[{"name":"wp","href":"https:\/\/api.w.org\/{rel}","templated":true}]}}