{"id":4009,"date":"2015-12-11T19:33:18","date_gmt":"2015-12-11T19:33:18","guid":{"rendered":"https:\/\/www.ing.uc.cl\/electrica\/?p=4009"},"modified":"2015-12-11T19:33:18","modified_gmt":"2015-12-11T19:33:18","slug":"charla-de-postgrado-viernes-11-de-diciembre","status":"publish","type":"post","link":"https:\/\/www.ing.uc.cl\/electrica\/2015\/12\/11\/charla-de-postgrado-viernes-11-de-diciembre\/","title":{"rendered":"Charla de Postgrado &#8211; Viernes 11 de Diciembre"},"content":{"rendered":"<p>Con una gran asistencia de alumnos y profesores, hoy viernes 11 de Diciembre se realizaron dos nuevas charlas, las \u00faltimas del Ciclo de este a\u00f1o.<\/p>\n<p><strong>&#8211;\u00a0<\/strong><b>Joaqu\u00edn Aldunate,<\/b>\u00a0\u00e1rea Electr\u00f3nica y Comunicaciones, profesor Christian Oberli:<strong>\u00a0<\/strong><b>&#8220;Algoritmo de adquisici\u00f3n de pre\u00e1mbulos para m\u00faltiples antenas receptoras&#8221;.<\/b><\/p>\n<p><strong>&#8211;\u00a0<\/strong><b>Rodrigo Henr\u00edquez,<\/b>\u00a0\u00e1rea Energ\u00eda, profesor Daniel Olivares:\u00a0&#8220;Strategic Participation for a Demand Response Aggregator in Day-Ahead and Balancing Markets&#8221;.<\/p>\n<p><a href=\"https:\/\/www.ing.uc.cl\/electrica\/wp-content\/uploads\/2015\/12\/img_0243.jpg\"><img fetchpriority=\"high\" decoding=\"async\" class=\"alignnone size-medium wp-image-4010\" alt=\"IMG_0243\" src=\"https:\/\/www.ing.uc.cl\/electrica\/wp-content\/uploads\/2015\/12\/img_0243-300x200.jpg\" width=\"300\" height=\"200\" srcset=\"https:\/\/www.ing.uc.cl\/electrica\/wp-content\/uploads\/2015\/12\/img_0243-300x200.jpg 300w, https:\/\/www.ing.uc.cl\/electrica\/wp-content\/uploads\/2015\/12\/img_0243-1024x683.jpg 1024w, https:\/\/www.ing.uc.cl\/electrica\/wp-content\/uploads\/2015\/12\/img_0243-768x512.jpg 768w, https:\/\/www.ing.uc.cl\/electrica\/wp-content\/uploads\/2015\/12\/img_0243-1536x1024.jpg 1536w, https:\/\/www.ing.uc.cl\/electrica\/wp-content\/uploads\/2015\/12\/img_0243-2048x1365.jpg 2048w, https:\/\/www.ing.uc.cl\/electrica\/wp-content\/uploads\/2015\/12\/img_0243-272x182.jpg 272w\" sizes=\"(max-width: 300px) 100vw, 300px\" \/><\/a>\u00a0<a href=\"https:\/\/www.ing.uc.cl\/electrica\/wp-content\/uploads\/2015\/12\/img_0237.jpg\"><img decoding=\"async\" class=\"alignnone size-medium wp-image-4012\" alt=\"IMG_0237\" src=\"https:\/\/www.ing.uc.cl\/electrica\/wp-content\/uploads\/2015\/12\/img_0237-300x200.jpg\" width=\"300\" height=\"200\" srcset=\"https:\/\/www.ing.uc.cl\/electrica\/wp-content\/uploads\/2015\/12\/img_0237-300x200.jpg 300w, https:\/\/www.ing.uc.cl\/electrica\/wp-content\/uploads\/2015\/12\/img_0237-1024x683.jpg 1024w, https:\/\/www.ing.uc.cl\/electrica\/wp-content\/uploads\/2015\/12\/img_0237-768x512.jpg 768w, https:\/\/www.ing.uc.cl\/electrica\/wp-content\/uploads\/2015\/12\/img_0237-1536x1024.jpg 1536w, https:\/\/www.ing.uc.cl\/electrica\/wp-content\/uploads\/2015\/12\/img_0237-2048x1365.jpg 2048w, https:\/\/www.ing.uc.cl\/electrica\/wp-content\/uploads\/2015\/12\/img_0237-272x182.jpg 272w\" sizes=\"(max-width: 300px) 100vw, 300px\" \/><\/a><\/p>\n<p><a href=\"https:\/\/www.ing.uc.cl\/electrica\/wp-content\/uploads\/2015\/12\/img_0236.jpg\"><img decoding=\"async\" class=\"alignnone size-medium wp-image-4013\" alt=\"IMG_0236\" src=\"https:\/\/www.ing.uc.cl\/electrica\/wp-content\/uploads\/2015\/12\/img_0236-300x200.jpg\" width=\"300\" height=\"200\" srcset=\"https:\/\/www.ing.uc.cl\/electrica\/wp-content\/uploads\/2015\/12\/img_0236-300x200.jpg 300w, https:\/\/www.ing.uc.cl\/electrica\/wp-content\/uploads\/2015\/12\/img_0236-1024x683.jpg 1024w, https:\/\/www.ing.uc.cl\/electrica\/wp-content\/uploads\/2015\/12\/img_0236-768x512.jpg 768w, https:\/\/www.ing.uc.cl\/electrica\/wp-content\/uploads\/2015\/12\/img_0236-1536x1024.jpg 1536w, https:\/\/www.ing.uc.cl\/electrica\/wp-content\/uploads\/2015\/12\/img_0236-2048x1365.jpg 2048w, https:\/\/www.ing.uc.cl\/electrica\/wp-content\/uploads\/2015\/12\/img_0236-272x182.jpg 272w\" sizes=\"(max-width: 300px) 100vw, 300px\" \/><\/a>\u00a0<a href=\"https:\/\/www.ing.uc.cl\/electrica\/wp-content\/uploads\/2015\/12\/img_0240.jpg\"><img loading=\"lazy\" decoding=\"async\" class=\"alignnone size-medium wp-image-4014\" alt=\"IMG_0240\" src=\"https:\/\/www.ing.uc.cl\/electrica\/wp-content\/uploads\/2015\/12\/img_0240-300x200.jpg\" width=\"300\" height=\"200\" srcset=\"https:\/\/www.ing.uc.cl\/electrica\/wp-content\/uploads\/2015\/12\/img_0240-300x200.jpg 300w, https:\/\/www.ing.uc.cl\/electrica\/wp-content\/uploads\/2015\/12\/img_0240-1024x683.jpg 1024w, https:\/\/www.ing.uc.cl\/electrica\/wp-content\/uploads\/2015\/12\/img_0240-768x512.jpg 768w, https:\/\/www.ing.uc.cl\/electrica\/wp-content\/uploads\/2015\/12\/img_0240-1536x1024.jpg 1536w, https:\/\/www.ing.uc.cl\/electrica\/wp-content\/uploads\/2015\/12\/img_0240-2048x1365.jpg 2048w, https:\/\/www.ing.uc.cl\/electrica\/wp-content\/uploads\/2015\/12\/img_0240-272x182.jpg 272w\" sizes=\"(max-width: 300px) 100vw, 300px\" \/><\/a><\/p>\n<p><a href=\"https:\/\/www.ing.uc.cl\/electrica\/wp-content\/uploads\/2015\/12\/img_0242.jpg\"><img loading=\"lazy\" decoding=\"async\" class=\"alignnone size-medium wp-image-4015\" alt=\"IMG_0242\" src=\"https:\/\/www.ing.uc.cl\/electrica\/wp-content\/uploads\/2015\/12\/img_0242-300x200.jpg\" width=\"300\" height=\"200\" srcset=\"https:\/\/www.ing.uc.cl\/electrica\/wp-content\/uploads\/2015\/12\/img_0242-300x200.jpg 300w, https:\/\/www.ing.uc.cl\/electrica\/wp-content\/uploads\/2015\/12\/img_0242-1024x683.jpg 1024w, https:\/\/www.ing.uc.cl\/electrica\/wp-content\/uploads\/2015\/12\/img_0242-768x512.jpg 768w, https:\/\/www.ing.uc.cl\/electrica\/wp-content\/uploads\/2015\/12\/img_0242-1536x1024.jpg 1536w, https:\/\/www.ing.uc.cl\/electrica\/wp-content\/uploads\/2015\/12\/img_0242-2048x1365.jpg 2048w, https:\/\/www.ing.uc.cl\/electrica\/wp-content\/uploads\/2015\/12\/img_0242-272x182.jpg 272w\" sizes=\"(max-width: 300px) 100vw, 300px\" \/><\/a>\u00a0<a href=\"https:\/\/www.ing.uc.cl\/electrica\/wp-content\/uploads\/2015\/12\/img_0235.jpg\"><img loading=\"lazy\" decoding=\"async\" class=\"alignnone size-medium wp-image-4016\" alt=\"IMG_0235\" src=\"https:\/\/www.ing.uc.cl\/electrica\/wp-content\/uploads\/2015\/12\/img_0235-300x200.jpg\" width=\"300\" height=\"200\" srcset=\"https:\/\/www.ing.uc.cl\/electrica\/wp-content\/uploads\/2015\/12\/img_0235-300x200.jpg 300w, https:\/\/www.ing.uc.cl\/electrica\/wp-content\/uploads\/2015\/12\/img_0235-1024x683.jpg 1024w, https:\/\/www.ing.uc.cl\/electrica\/wp-content\/uploads\/2015\/12\/img_0235-768x512.jpg 768w, https:\/\/www.ing.uc.cl\/electrica\/wp-content\/uploads\/2015\/12\/img_0235-1536x1024.jpg 1536w, https:\/\/www.ing.uc.cl\/electrica\/wp-content\/uploads\/2015\/12\/img_0235-2048x1365.jpg 2048w, https:\/\/www.ing.uc.cl\/electrica\/wp-content\/uploads\/2015\/12\/img_0235-272x182.jpg 272w\" sizes=\"(max-width: 300px) 100vw, 300px\" \/><\/a><\/p>\n<p><span style=\"line-height: 1.5em;\">\u00a0\u00a0<\/span>    \t<\/p>\n","protected":false},"excerpt":{"rendered":"<p>Se realiz\u00f3 la \u00faltima charla del Ciclo de este a\u00f1o&#8230;<\/p>\n","protected":false},"author":4,"featured_media":0,"comment_status":"closed","ping_status":"closed","sticky":false,"template":"","format":"standard","meta":{"_acf_changed":false,"_eb_attr":"","site-sidebar-layout":"default","site-content-layout":"","ast-site-content-layout":"default","site-content-style":"default","site-sidebar-style":"default","ast-global-header-display":"","ast-banner-title-visibility":"","ast-main-header-display":"","ast-hfb-above-header-display":"","ast-hfb-below-header-display":"","ast-hfb-mobile-header-display":"","site-post-title":"","ast-breadcrumbs-content":"","ast-featured-img":"","footer-sml-layout":"","ast-disable-related-posts":"","theme-transparent-header-meta":"","adv-header-id-meta":"","stick-header-meta":"","header-above-stick-meta":"","header-main-stick-meta":"","header-below-stick-meta":"","astra-migrate-meta-layouts":"default","ast-page-background-enabled":"default","ast-page-background-meta":{"desktop":{"background-color":"","background-image":"","background-repeat":"repeat","background-position":"center center","background-size":"auto","background-attachment":"scroll","background-type":"","background-media":"","overlay-type":"","overlay-color":"","overlay-opacity":"","overlay-gradient":""},"tablet":{"background-color":"","background-image":"","background-repeat":"repeat","background-position":"center center","background-size":"auto","background-attachment":"scroll","background-type":"","background-media":"","overlay-type":"","overlay-color":"","overlay-opacity":"","overlay-gradient":""},"mobile":{"background-color":"","background-image":"","background-repeat":"repeat","background-position":"center center","background-size":"auto","background-attachment":"scroll","background-type":"","background-media":"","overlay-type":"","overlay-color":"","overlay-opacity":"","overlay-gradient":""}},"ast-content-background-meta":{"desktop":{"background-color":"var(--ast-global-color-5)","background-image":"","background-repeat":"repeat","background-position":"center center","background-size":"auto","background-attachment":"scroll","background-type":"","background-media":"","overlay-type":"","overlay-color":"","overlay-opacity":"","overlay-gradient":""},"tablet":{"background-color":"var(--ast-global-color-5)","background-image":"","background-repeat":"repeat","background-position":"center center","background-size":"auto","background-attachment":"scroll","background-type":"","background-media":"","overlay-type":"","overlay-color":"","overlay-opacity":"","overlay-gradient":""},"mobile":{"background-color":"var(--ast-global-color-5)","background-image":"","background-repeat":"repeat","background-position":"center center","background-size":"auto","background-attachment":"scroll","background-type":"","background-media":"","overlay-type":"","overlay-color":"","overlay-opacity":"","overlay-gradient":""}},"footnotes":""},"categories":[18,19],"tags":[],"class_list":["post-4009","post","type-post","status-publish","format-standard","hentry","category-electrica-noticias","category-electrica-novedades"],"acf":[],"yoast_head":"<!-- This site is optimized with the Yoast SEO plugin v27.5 - https:\/\/yoast.com\/product\/yoast-seo-wordpress\/ -->\n<title>Charla de Postgrado - Viernes 11 de Diciembre - DEPARTAMENTO DE INGENIER\u00cdA EL\u00c9CTRICA<\/title>\n<meta name=\"robots\" content=\"index, follow, max-snippet:-1, max-image-preview:large, max-video-preview:-1\" \/>\n<link rel=\"canonical\" href=\"https:\/\/www.ing.uc.cl\/electrica\/2015\/12\/11\/charla-de-postgrado-viernes-11-de-diciembre\/\" \/>\n<meta property=\"og:locale\" content=\"es_ES\" \/>\n<meta property=\"og:type\" content=\"article\" \/>\n<meta property=\"og:title\" content=\"Charla de Postgrado - Viernes 11 de Diciembre - DEPARTAMENTO DE INGENIER\u00cdA EL\u00c9CTRICA\" \/>\n<meta property=\"og:description\" content=\"Se realiz\u00f3 la \u00faltima charla del Ciclo de este a\u00f1o...\" \/>\n<meta property=\"og:url\" content=\"https:\/\/www.ing.uc.cl\/electrica\/2015\/12\/11\/charla-de-postgrado-viernes-11-de-diciembre\/\" \/>\n<meta property=\"og:site_name\" content=\"DEPARTAMENTO DE INGENIER\u00cdA EL\u00c9CTRICA\" \/>\n<meta property=\"article:published_time\" content=\"2015-12-11T19:33:18+00:00\" \/>\n<meta property=\"og:image\" content=\"https:\/\/www.ing.uc.cl\/electrica\/wp-content\/uploads\/2015\/12\/img_0243-300x200.jpg\" \/>\n<meta name=\"author\" content=\"Francisco H\" \/>\n<meta name=\"twitter:card\" content=\"summary_large_image\" \/>\n<meta name=\"twitter:label1\" content=\"Escrito por\" \/>\n\t<meta name=\"twitter:data1\" content=\"Francisco H\" \/>\n<script type=\"application\/ld+json\" class=\"yoast-schema-graph\">{\"@context\":\"https:\\\/\\\/schema.org\",\"@graph\":[{\"@type\":\"Article\",\"@id\":\"https:\\\/\\\/www.ing.uc.cl\\\/electrica\\\/2015\\\/12\\\/11\\\/charla-de-postgrado-viernes-11-de-diciembre\\\/#article\",\"isPartOf\":{\"@id\":\"https:\\\/\\\/www.ing.uc.cl\\\/electrica\\\/2015\\\/12\\\/11\\\/charla-de-postgrado-viernes-11-de-diciembre\\\/\"},\"author\":{\"name\":\"Francisco H\",\"@id\":\"https:\\\/\\\/www.ing.uc.cl\\\/electrica\\\/#\\\/schema\\\/person\\\/46a2c0f475e2bf9366409f2ed1944667\"},\"headline\":\"Charla de Postgrado &#8211; Viernes 11 de Diciembre\",\"datePublished\":\"2015-12-11T19:33:18+00:00\",\"mainEntityOfPage\":{\"@id\":\"https:\\\/\\\/www.ing.uc.cl\\\/electrica\\\/2015\\\/12\\\/11\\\/charla-de-postgrado-viernes-11-de-diciembre\\\/\"},\"wordCount\":78,\"publisher\":{\"@id\":\"https:\\\/\\\/www.ing.uc.cl\\\/electrica\\\/#organization\"},\"image\":{\"@id\":\"https:\\\/\\\/www.ing.uc.cl\\\/electrica\\\/2015\\\/12\\\/11\\\/charla-de-postgrado-viernes-11-de-diciembre\\\/#primaryimage\"},\"thumbnailUrl\":\"https:\\\/\\\/www.ing.uc.cl\\\/electrica\\\/wp-content\\\/uploads\\\/2015\\\/12\\\/img_0243-300x200.jpg\",\"articleSection\":[\"Noticias\",\"Novedades\"],\"inLanguage\":\"es-CL\"},{\"@type\":\"WebPage\",\"@id\":\"https:\\\/\\\/www.ing.uc.cl\\\/electrica\\\/2015\\\/12\\\/11\\\/charla-de-postgrado-viernes-11-de-diciembre\\\/\",\"url\":\"https:\\\/\\\/www.ing.uc.cl\\\/electrica\\\/2015\\\/12\\\/11\\\/charla-de-postgrado-viernes-11-de-diciembre\\\/\",\"name\":\"Charla de Postgrado - Viernes 11 de Diciembre - DEPARTAMENTO DE INGENIER\u00cdA EL\u00c9CTRICA\",\"isPartOf\":{\"@id\":\"https:\\\/\\\/www.ing.uc.cl\\\/electrica\\\/#website\"},\"primaryImageOfPage\":{\"@id\":\"https:\\\/\\\/www.ing.uc.cl\\\/electrica\\\/2015\\\/12\\\/11\\\/charla-de-postgrado-viernes-11-de-diciembre\\\/#primaryimage\"},\"image\":{\"@id\":\"https:\\\/\\\/www.ing.uc.cl\\\/electrica\\\/2015\\\/12\\\/11\\\/charla-de-postgrado-viernes-11-de-diciembre\\\/#primaryimage\"},\"thumbnailUrl\":\"https:\\\/\\\/www.ing.uc.cl\\\/electrica\\\/wp-content\\\/uploads\\\/2015\\\/12\\\/img_0243-300x200.jpg\",\"datePublished\":\"2015-12-11T19:33:18+00:00\",\"breadcrumb\":{\"@id\":\"https:\\\/\\\/www.ing.uc.cl\\\/electrica\\\/2015\\\/12\\\/11\\\/charla-de-postgrado-viernes-11-de-diciembre\\\/#breadcrumb\"},\"inLanguage\":\"es-CL\",\"potentialAction\":[{\"@type\":\"ReadAction\",\"target\":[\"https:\\\/\\\/www.ing.uc.cl\\\/electrica\\\/2015\\\/12\\\/11\\\/charla-de-postgrado-viernes-11-de-diciembre\\\/\"]}]},{\"@type\":\"ImageObject\",\"inLanguage\":\"es-CL\",\"@id\":\"https:\\\/\\\/www.ing.uc.cl\\\/electrica\\\/2015\\\/12\\\/11\\\/charla-de-postgrado-viernes-11-de-diciembre\\\/#primaryimage\",\"url\":\"https:\\\/\\\/www.ing.uc.cl\\\/electrica\\\/wp-content\\\/uploads\\\/2015\\\/12\\\/img_0243-300x200.jpg\",\"contentUrl\":\"https:\\\/\\\/www.ing.uc.cl\\\/electrica\\\/wp-content\\\/uploads\\\/2015\\\/12\\\/img_0243-300x200.jpg\"},{\"@type\":\"BreadcrumbList\",\"@id\":\"https:\\\/\\\/www.ing.uc.cl\\\/electrica\\\/2015\\\/12\\\/11\\\/charla-de-postgrado-viernes-11-de-diciembre\\\/#breadcrumb\",\"itemListElement\":[{\"@type\":\"ListItem\",\"position\":1,\"name\":\"Portada\",\"item\":\"https:\\\/\\\/www.ing.uc.cl\\\/electrica\\\/\"},{\"@type\":\"ListItem\",\"position\":2,\"name\":\"Charla de Postgrado &#8211; Viernes 11 de Diciembre\"}]},{\"@type\":\"WebSite\",\"@id\":\"https:\\\/\\\/www.ing.uc.cl\\\/electrica\\\/#website\",\"url\":\"https:\\\/\\\/www.ing.uc.cl\\\/electrica\\\/\",\"name\":\"DEPARTAMENTO DE INGENIER\u00cdA EL\u00c9CTRICA\",\"description\":\"\",\"publisher\":{\"@id\":\"https:\\\/\\\/www.ing.uc.cl\\\/electrica\\\/#organization\"},\"potentialAction\":[{\"@type\":\"SearchAction\",\"target\":{\"@type\":\"EntryPoint\",\"urlTemplate\":\"https:\\\/\\\/www.ing.uc.cl\\\/electrica\\\/?s={search_term_string}\"},\"query-input\":{\"@type\":\"PropertyValueSpecification\",\"valueRequired\":true,\"valueName\":\"search_term_string\"}}],\"inLanguage\":\"es-CL\"},{\"@type\":\"Organization\",\"@id\":\"https:\\\/\\\/www.ing.uc.cl\\\/electrica\\\/#organization\",\"name\":\"DEPARTAMENTO DE INGENIER\u00cdA EL\u00c9CTRICA\",\"url\":\"https:\\\/\\\/www.ing.uc.cl\\\/electrica\\\/\",\"logo\":{\"@type\":\"ImageObject\",\"inLanguage\":\"es-CL\",\"@id\":\"https:\\\/\\\/www.ing.uc.cl\\\/electrica\\\/#\\\/schema\\\/logo\\\/image\\\/\",\"url\":\"https:\\\/\\\/www.ing.uc.cl\\\/electrica\\\/wp-content\\\/uploads\\\/2020\\\/03\\\/logo-uc-03.svg\",\"contentUrl\":\"https:\\\/\\\/www.ing.uc.cl\\\/electrica\\\/wp-content\\\/uploads\\\/2020\\\/03\\\/logo-uc-03.svg\",\"width\":156,\"height\":90,\"caption\":\"DEPARTAMENTO DE INGENIER\u00cdA EL\u00c9CTRICA\"},\"image\":{\"@id\":\"https:\\\/\\\/www.ing.uc.cl\\\/electrica\\\/#\\\/schema\\\/logo\\\/image\\\/\"}},{\"@type\":\"Person\",\"@id\":\"https:\\\/\\\/www.ing.uc.cl\\\/electrica\\\/#\\\/schema\\\/person\\\/46a2c0f475e2bf9366409f2ed1944667\",\"name\":\"Francisco H\",\"image\":{\"@type\":\"ImageObject\",\"inLanguage\":\"es-CL\",\"@id\":\"https:\\\/\\\/secure.gravatar.com\\\/avatar\\\/63233762875caf7cb464abb0c994788b36bb5a903f4b5e6d958a14f57c41e047?s=96&d=mm&r=g\",\"url\":\"https:\\\/\\\/secure.gravatar.com\\\/avatar\\\/63233762875caf7cb464abb0c994788b36bb5a903f4b5e6d958a14f57c41e047?s=96&d=mm&r=g\",\"contentUrl\":\"https:\\\/\\\/secure.gravatar.com\\\/avatar\\\/63233762875caf7cb464abb0c994788b36bb5a903f4b5e6d958a14f57c41e047?s=96&d=mm&r=g\",\"caption\":\"Francisco H\"},\"url\":\"https:\\\/\\\/www.ing.uc.cl\\\/electrica\\\/author\\\/fherreros\\\/\"}]}<\/script>\n<!-- \/ Yoast SEO plugin. -->","yoast_head_json":{"title":"Charla de Postgrado - Viernes 11 de Diciembre - DEPARTAMENTO DE INGENIER\u00cdA EL\u00c9CTRICA","robots":{"index":"index","follow":"follow","max-snippet":"max-snippet:-1","max-image-preview":"max-image-preview:large","max-video-preview":"max-video-preview:-1"},"canonical":"https:\/\/www.ing.uc.cl\/electrica\/2015\/12\/11\/charla-de-postgrado-viernes-11-de-diciembre\/","og_locale":"es_ES","og_type":"article","og_title":"Charla de Postgrado - Viernes 11 de Diciembre - DEPARTAMENTO DE INGENIER\u00cdA EL\u00c9CTRICA","og_description":"Se realiz\u00f3 la \u00faltima charla del Ciclo de este a\u00f1o...","og_url":"https:\/\/www.ing.uc.cl\/electrica\/2015\/12\/11\/charla-de-postgrado-viernes-11-de-diciembre\/","og_site_name":"DEPARTAMENTO DE INGENIER\u00cdA EL\u00c9CTRICA","article_published_time":"2015-12-11T19:33:18+00:00","og_image":[{"url":"https:\/\/www.ing.uc.cl\/electrica\/wp-content\/uploads\/2015\/12\/img_0243-300x200.jpg","type":"","width":"","height":""}],"author":"Francisco H","twitter_card":"summary_large_image","twitter_misc":{"Escrito por":"Francisco H"},"schema":{"@context":"https:\/\/schema.org","@graph":[{"@type":"Article","@id":"https:\/\/www.ing.uc.cl\/electrica\/2015\/12\/11\/charla-de-postgrado-viernes-11-de-diciembre\/#article","isPartOf":{"@id":"https:\/\/www.ing.uc.cl\/electrica\/2015\/12\/11\/charla-de-postgrado-viernes-11-de-diciembre\/"},"author":{"name":"Francisco H","@id":"https:\/\/www.ing.uc.cl\/electrica\/#\/schema\/person\/46a2c0f475e2bf9366409f2ed1944667"},"headline":"Charla de Postgrado &#8211; Viernes 11 de Diciembre","datePublished":"2015-12-11T19:33:18+00:00","mainEntityOfPage":{"@id":"https:\/\/www.ing.uc.cl\/electrica\/2015\/12\/11\/charla-de-postgrado-viernes-11-de-diciembre\/"},"wordCount":78,"publisher":{"@id":"https:\/\/www.ing.uc.cl\/electrica\/#organization"},"image":{"@id":"https:\/\/www.ing.uc.cl\/electrica\/2015\/12\/11\/charla-de-postgrado-viernes-11-de-diciembre\/#primaryimage"},"thumbnailUrl":"https:\/\/www.ing.uc.cl\/electrica\/wp-content\/uploads\/2015\/12\/img_0243-300x200.jpg","articleSection":["Noticias","Novedades"],"inLanguage":"es-CL"},{"@type":"WebPage","@id":"https:\/\/www.ing.uc.cl\/electrica\/2015\/12\/11\/charla-de-postgrado-viernes-11-de-diciembre\/","url":"https:\/\/www.ing.uc.cl\/electrica\/2015\/12\/11\/charla-de-postgrado-viernes-11-de-diciembre\/","name":"Charla de Postgrado - Viernes 11 de Diciembre - DEPARTAMENTO DE INGENIER\u00cdA EL\u00c9CTRICA","isPartOf":{"@id":"https:\/\/www.ing.uc.cl\/electrica\/#website"},"primaryImageOfPage":{"@id":"https:\/\/www.ing.uc.cl\/electrica\/2015\/12\/11\/charla-de-postgrado-viernes-11-de-diciembre\/#primaryimage"},"image":{"@id":"https:\/\/www.ing.uc.cl\/electrica\/2015\/12\/11\/charla-de-postgrado-viernes-11-de-diciembre\/#primaryimage"},"thumbnailUrl":"https:\/\/www.ing.uc.cl\/electrica\/wp-content\/uploads\/2015\/12\/img_0243-300x200.jpg","datePublished":"2015-12-11T19:33:18+00:00","breadcrumb":{"@id":"https:\/\/www.ing.uc.cl\/electrica\/2015\/12\/11\/charla-de-postgrado-viernes-11-de-diciembre\/#breadcrumb"},"inLanguage":"es-CL","potentialAction":[{"@type":"ReadAction","target":["https:\/\/www.ing.uc.cl\/electrica\/2015\/12\/11\/charla-de-postgrado-viernes-11-de-diciembre\/"]}]},{"@type":"ImageObject","inLanguage":"es-CL","@id":"https:\/\/www.ing.uc.cl\/electrica\/2015\/12\/11\/charla-de-postgrado-viernes-11-de-diciembre\/#primaryimage","url":"https:\/\/www.ing.uc.cl\/electrica\/wp-content\/uploads\/2015\/12\/img_0243-300x200.jpg","contentUrl":"https:\/\/www.ing.uc.cl\/electrica\/wp-content\/uploads\/2015\/12\/img_0243-300x200.jpg"},{"@type":"BreadcrumbList","@id":"https:\/\/www.ing.uc.cl\/electrica\/2015\/12\/11\/charla-de-postgrado-viernes-11-de-diciembre\/#breadcrumb","itemListElement":[{"@type":"ListItem","position":1,"name":"Portada","item":"https:\/\/www.ing.uc.cl\/electrica\/"},{"@type":"ListItem","position":2,"name":"Charla de Postgrado &#8211; Viernes 11 de Diciembre"}]},{"@type":"WebSite","@id":"https:\/\/www.ing.uc.cl\/electrica\/#website","url":"https:\/\/www.ing.uc.cl\/electrica\/","name":"DEPARTAMENTO DE INGENIER\u00cdA EL\u00c9CTRICA","description":"","publisher":{"@id":"https:\/\/www.ing.uc.cl\/electrica\/#organization"},"potentialAction":[{"@type":"SearchAction","target":{"@type":"EntryPoint","urlTemplate":"https:\/\/www.ing.uc.cl\/electrica\/?s={search_term_string}"},"query-input":{"@type":"PropertyValueSpecification","valueRequired":true,"valueName":"search_term_string"}}],"inLanguage":"es-CL"},{"@type":"Organization","@id":"https:\/\/www.ing.uc.cl\/electrica\/#organization","name":"DEPARTAMENTO DE INGENIER\u00cdA EL\u00c9CTRICA","url":"https:\/\/www.ing.uc.cl\/electrica\/","logo":{"@type":"ImageObject","inLanguage":"es-CL","@id":"https:\/\/www.ing.uc.cl\/electrica\/#\/schema\/logo\/image\/","url":"https:\/\/www.ing.uc.cl\/electrica\/wp-content\/uploads\/2020\/03\/logo-uc-03.svg","contentUrl":"https:\/\/www.ing.uc.cl\/electrica\/wp-content\/uploads\/2020\/03\/logo-uc-03.svg","width":156,"height":90,"caption":"DEPARTAMENTO DE INGENIER\u00cdA EL\u00c9CTRICA"},"image":{"@id":"https:\/\/www.ing.uc.cl\/electrica\/#\/schema\/logo\/image\/"}},{"@type":"Person","@id":"https:\/\/www.ing.uc.cl\/electrica\/#\/schema\/person\/46a2c0f475e2bf9366409f2ed1944667","name":"Francisco H","image":{"@type":"ImageObject","inLanguage":"es-CL","@id":"https:\/\/secure.gravatar.com\/avatar\/63233762875caf7cb464abb0c994788b36bb5a903f4b5e6d958a14f57c41e047?s=96&d=mm&r=g","url":"https:\/\/secure.gravatar.com\/avatar\/63233762875caf7cb464abb0c994788b36bb5a903f4b5e6d958a14f57c41e047?s=96&d=mm&r=g","contentUrl":"https:\/\/secure.gravatar.com\/avatar\/63233762875caf7cb464abb0c994788b36bb5a903f4b5e6d958a14f57c41e047?s=96&d=mm&r=g","caption":"Francisco H"},"url":"https:\/\/www.ing.uc.cl\/electrica\/author\/fherreros\/"}]}},"_links":{"self":[{"href":"https:\/\/www.ing.uc.cl\/electrica\/wp-json\/wp\/v2\/posts\/4009","targetHints":{"allow":["GET"]}}],"collection":[{"href":"https:\/\/www.ing.uc.cl\/electrica\/wp-json\/wp\/v2\/posts"}],"about":[{"href":"https:\/\/www.ing.uc.cl\/electrica\/wp-json\/wp\/v2\/types\/post"}],"author":[{"embeddable":true,"href":"https:\/\/www.ing.uc.cl\/electrica\/wp-json\/wp\/v2\/users\/4"}],"replies":[{"embeddable":true,"href":"https:\/\/www.ing.uc.cl\/electrica\/wp-json\/wp\/v2\/comments?post=4009"}],"version-history":[{"count":0,"href":"https:\/\/www.ing.uc.cl\/electrica\/wp-json\/wp\/v2\/posts\/4009\/revisions"}],"wp:attachment":[{"href":"https:\/\/www.ing.uc.cl\/electrica\/wp-json\/wp\/v2\/media?parent=4009"}],"wp:term":[{"taxonomy":"category","embeddable":true,"href":"https:\/\/www.ing.uc.cl\/electrica\/wp-json\/wp\/v2\/categories?post=4009"},{"taxonomy":"post_tag","embeddable":true,"href":"https:\/\/www.ing.uc.cl\/electrica\/wp-json\/wp\/v2\/tags?post=4009"}],"curies":[{"name":"wp","href":"https:\/\/api.w.org\/{rel}","templated":true}]}}