{"id":7523,"date":"2021-04-21T12:09:48","date_gmt":"2021-04-21T16:09:48","guid":{"rendered":"https:\/\/www.ing.uc.cl\/electrica\/?p=7523"},"modified":"2021-04-21T12:09:48","modified_gmt":"2021-04-21T16:09:48","slug":"estudio-uc-estima-un-potencial-deficit-de-energia-electrica-desde-2035-por-efectos-del-cambio-climatico","status":"publish","type":"post","link":"https:\/\/www.ing.uc.cl\/electrica\/2021\/04\/21\/estudio-uc-estima-un-potencial-deficit-de-energia-electrica-desde-2035-por-efectos-del-cambio-climatico\/","title":{"rendered":"Estudio UC estima un potencial d\u00e9ficit de energ\u00eda el\u00e9ctrica desde 2035 por efectos del cambio clim\u00e1tico"},"content":{"rendered":"<p>En un informe elaborado junto a Vinken, una unidad de Dictuc especializada en el sector de energ\u00eda, los ingenieros recomiendan aumentar la participaci\u00f3n de energ\u00edas renovables en el sistema el\u00e9ctrico nacional, as\u00ed como aumentar las capacidades de transmisi\u00f3n y de almacenamiento energ\u00e9tico, para garantizar el suministro a la poblaci\u00f3n de aqu\u00ed a dicho per\u00edodo.<\/p>\n<p style=\"text-align: center;\"><a href=\"https:\/\/www.latercera.com\/que-pasa\/noticia\/estudio-uc-estima-un-potencial-deficit-de-energia-electrica-desde-2035-por-efectos-del-cambio-climatico\/TCRVFVVSW5GDLI4B67L4YPRYKM\/\" target=\"_blank\" rel=\"noopener noreferrer\"><span style=\"font-size: 14pt;\"><strong>***Noticia completa***<\/strong><\/span><\/a><\/p>\n<p>&nbsp;    \t<\/p>\n","protected":false},"excerpt":{"rendered":"<p>Habla el profesor \u00c1lvaro Lorca. La Tercera &#8211; Qu\u00e9 Pasa.<\/p>\n","protected":false},"author":4,"featured_media":0,"comment_status":"closed","ping_status":"closed","sticky":false,"template":"","format":"standard","meta":{"_acf_changed":false,"_eb_attr":"","site-sidebar-layout":"default","site-content-layout":"","ast-site-content-layout":"default","site-content-style":"default","site-sidebar-style":"default","ast-global-header-display":"","ast-banner-title-visibility":"","ast-main-header-display":"","ast-hfb-above-header-display":"","ast-hfb-below-header-display":"","ast-hfb-mobile-header-display":"","site-post-title":"","ast-breadcrumbs-content":"","ast-featured-img":"","footer-sml-layout":"","ast-disable-related-posts":"","theme-transparent-header-meta":"","adv-header-id-meta":"","stick-header-meta":"","header-above-stick-meta":"","header-main-stick-meta":"","header-below-stick-meta":"","astra-migrate-meta-layouts":"default","ast-page-background-enabled":"default","ast-page-background-meta":{"desktop":{"background-color":"","background-image":"","background-repeat":"repeat","background-position":"center center","background-size":"auto","background-attachment":"scroll","background-type":"","background-media":"","overlay-type":"","overlay-color":"","overlay-opacity":"","overlay-gradient":""},"tablet":{"background-color":"","background-image":"","background-repeat":"repeat","background-position":"center center","background-size":"auto","background-attachment":"scroll","background-type":"","background-media":"","overlay-type":"","overlay-color":"","overlay-opacity":"","overlay-gradient":""},"mobile":{"background-color":"","background-image":"","background-repeat":"repeat","background-position":"center center","background-size":"auto","background-attachment":"scroll","background-type":"","background-media":"","overlay-type":"","overlay-color":"","overlay-opacity":"","overlay-gradient":""}},"ast-content-background-meta":{"desktop":{"background-color":"var(--ast-global-color-5)","background-image":"","background-repeat":"repeat","background-position":"center center","background-size":"auto","background-attachment":"scroll","background-type":"","background-media":"","overlay-type":"","overlay-color":"","overlay-opacity":"","overlay-gradient":""},"tablet":{"background-color":"var(--ast-global-color-5)","background-image":"","background-repeat":"repeat","background-position":"center center","background-size":"auto","background-attachment":"scroll","background-type":"","background-media":"","overlay-type":"","overlay-color":"","overlay-opacity":"","overlay-gradient":""},"mobile":{"background-color":"var(--ast-global-color-5)","background-image":"","background-repeat":"repeat","background-position":"center center","background-size":"auto","background-attachment":"scroll","background-type":"","background-media":"","overlay-type":"","overlay-color":"","overlay-opacity":"","overlay-gradient":""}},"footnotes":""},"categories":[18,19],"tags":[],"class_list":["post-7523","post","type-post","status-publish","format-standard","hentry","category-electrica-noticias","category-electrica-novedades"],"acf":[],"yoast_head":"<!-- This site is optimized with the Yoast SEO plugin v27.4 - https:\/\/yoast.com\/product\/yoast-seo-wordpress\/ -->\n<title>Estudio UC estima un potencial d\u00e9ficit de energ\u00eda el\u00e9ctrica desde 2035 por efectos del cambio clim\u00e1tico - DEPARTAMENTO DE INGENIER\u00cdA EL\u00c9CTRICA<\/title>\n<meta name=\"robots\" content=\"index, follow, max-snippet:-1, max-image-preview:large, max-video-preview:-1\" \/>\n<link rel=\"canonical\" href=\"https:\/\/www.ing.uc.cl\/electrica\/2021\/04\/21\/estudio-uc-estima-un-potencial-deficit-de-energia-electrica-desde-2035-por-efectos-del-cambio-climatico\/\" \/>\n<meta property=\"og:locale\" content=\"es_ES\" \/>\n<meta property=\"og:type\" content=\"article\" \/>\n<meta property=\"og:title\" content=\"Estudio UC estima un potencial d\u00e9ficit de energ\u00eda el\u00e9ctrica desde 2035 por efectos del cambio clim\u00e1tico - DEPARTAMENTO DE INGENIER\u00cdA EL\u00c9CTRICA\" \/>\n<meta property=\"og:description\" content=\"Habla el profesor \u00c1lvaro Lorca. La Tercera - Qu\u00e9 Pasa.\" \/>\n<meta property=\"og:url\" content=\"https:\/\/www.ing.uc.cl\/electrica\/2021\/04\/21\/estudio-uc-estima-un-potencial-deficit-de-energia-electrica-desde-2035-por-efectos-del-cambio-climatico\/\" \/>\n<meta property=\"og:site_name\" content=\"DEPARTAMENTO DE INGENIER\u00cdA EL\u00c9CTRICA\" \/>\n<meta property=\"article:published_time\" content=\"2021-04-21T16:09:48+00:00\" \/>\n<meta name=\"author\" content=\"Francisco H\" \/>\n<meta name=\"twitter:card\" content=\"summary_large_image\" \/>\n<meta name=\"twitter:label1\" content=\"Escrito por\" \/>\n\t<meta name=\"twitter:data1\" content=\"Francisco H\" \/>\n<script type=\"application\/ld+json\" class=\"yoast-schema-graph\">{\"@context\":\"https:\\\/\\\/schema.org\",\"@graph\":[{\"@type\":\"Article\",\"@id\":\"https:\\\/\\\/www.ing.uc.cl\\\/electrica\\\/2021\\\/04\\\/21\\\/estudio-uc-estima-un-potencial-deficit-de-energia-electrica-desde-2035-por-efectos-del-cambio-climatico\\\/#article\",\"isPartOf\":{\"@id\":\"https:\\\/\\\/www.ing.uc.cl\\\/electrica\\\/2021\\\/04\\\/21\\\/estudio-uc-estima-un-potencial-deficit-de-energia-electrica-desde-2035-por-efectos-del-cambio-climatico\\\/\"},\"author\":{\"name\":\"Francisco H\",\"@id\":\"https:\\\/\\\/www.ing.uc.cl\\\/electrica\\\/#\\\/schema\\\/person\\\/46a2c0f475e2bf9366409f2ed1944667\"},\"headline\":\"Estudio UC estima un potencial d\u00e9ficit de energ\u00eda el\u00e9ctrica desde 2035 por efectos del cambio clim\u00e1tico\",\"datePublished\":\"2021-04-21T16:09:48+00:00\",\"mainEntityOfPage\":{\"@id\":\"https:\\\/\\\/www.ing.uc.cl\\\/electrica\\\/2021\\\/04\\\/21\\\/estudio-uc-estima-un-potencial-deficit-de-energia-electrica-desde-2035-por-efectos-del-cambio-climatico\\\/\"},\"wordCount\":84,\"publisher\":{\"@id\":\"https:\\\/\\\/www.ing.uc.cl\\\/electrica\\\/#organization\"},\"articleSection\":[\"Noticias\",\"Novedades\"],\"inLanguage\":\"es-CL\"},{\"@type\":\"WebPage\",\"@id\":\"https:\\\/\\\/www.ing.uc.cl\\\/electrica\\\/2021\\\/04\\\/21\\\/estudio-uc-estima-un-potencial-deficit-de-energia-electrica-desde-2035-por-efectos-del-cambio-climatico\\\/\",\"url\":\"https:\\\/\\\/www.ing.uc.cl\\\/electrica\\\/2021\\\/04\\\/21\\\/estudio-uc-estima-un-potencial-deficit-de-energia-electrica-desde-2035-por-efectos-del-cambio-climatico\\\/\",\"name\":\"Estudio UC estima un potencial d\u00e9ficit de energ\u00eda el\u00e9ctrica desde 2035 por efectos del cambio clim\u00e1tico - DEPARTAMENTO DE INGENIER\u00cdA EL\u00c9CTRICA\",\"isPartOf\":{\"@id\":\"https:\\\/\\\/www.ing.uc.cl\\\/electrica\\\/#website\"},\"datePublished\":\"2021-04-21T16:09:48+00:00\",\"breadcrumb\":{\"@id\":\"https:\\\/\\\/www.ing.uc.cl\\\/electrica\\\/2021\\\/04\\\/21\\\/estudio-uc-estima-un-potencial-deficit-de-energia-electrica-desde-2035-por-efectos-del-cambio-climatico\\\/#breadcrumb\"},\"inLanguage\":\"es-CL\",\"potentialAction\":[{\"@type\":\"ReadAction\",\"target\":[\"https:\\\/\\\/www.ing.uc.cl\\\/electrica\\\/2021\\\/04\\\/21\\\/estudio-uc-estima-un-potencial-deficit-de-energia-electrica-desde-2035-por-efectos-del-cambio-climatico\\\/\"]}]},{\"@type\":\"BreadcrumbList\",\"@id\":\"https:\\\/\\\/www.ing.uc.cl\\\/electrica\\\/2021\\\/04\\\/21\\\/estudio-uc-estima-un-potencial-deficit-de-energia-electrica-desde-2035-por-efectos-del-cambio-climatico\\\/#breadcrumb\",\"itemListElement\":[{\"@type\":\"ListItem\",\"position\":1,\"name\":\"Portada\",\"item\":\"https:\\\/\\\/www.ing.uc.cl\\\/electrica\\\/\"},{\"@type\":\"ListItem\",\"position\":2,\"name\":\"Estudio UC estima un potencial d\u00e9ficit de energ\u00eda el\u00e9ctrica desde 2035 por efectos del cambio clim\u00e1tico\"}]},{\"@type\":\"WebSite\",\"@id\":\"https:\\\/\\\/www.ing.uc.cl\\\/electrica\\\/#website\",\"url\":\"https:\\\/\\\/www.ing.uc.cl\\\/electrica\\\/\",\"name\":\"DEPARTAMENTO DE INGENIER\u00cdA EL\u00c9CTRICA\",\"description\":\"\",\"publisher\":{\"@id\":\"https:\\\/\\\/www.ing.uc.cl\\\/electrica\\\/#organization\"},\"potentialAction\":[{\"@type\":\"SearchAction\",\"target\":{\"@type\":\"EntryPoint\",\"urlTemplate\":\"https:\\\/\\\/www.ing.uc.cl\\\/electrica\\\/?s={search_term_string}\"},\"query-input\":{\"@type\":\"PropertyValueSpecification\",\"valueRequired\":true,\"valueName\":\"search_term_string\"}}],\"inLanguage\":\"es-CL\"},{\"@type\":\"Organization\",\"@id\":\"https:\\\/\\\/www.ing.uc.cl\\\/electrica\\\/#organization\",\"name\":\"DEPARTAMENTO DE INGENIER\u00cdA EL\u00c9CTRICA\",\"url\":\"https:\\\/\\\/www.ing.uc.cl\\\/electrica\\\/\",\"logo\":{\"@type\":\"ImageObject\",\"inLanguage\":\"es-CL\",\"@id\":\"https:\\\/\\\/www.ing.uc.cl\\\/electrica\\\/#\\\/schema\\\/logo\\\/image\\\/\",\"url\":\"https:\\\/\\\/www.ing.uc.cl\\\/electrica\\\/wp-content\\\/uploads\\\/2020\\\/03\\\/logo-uc-03.svg\",\"contentUrl\":\"https:\\\/\\\/www.ing.uc.cl\\\/electrica\\\/wp-content\\\/uploads\\\/2020\\\/03\\\/logo-uc-03.svg\",\"width\":156,\"height\":90,\"caption\":\"DEPARTAMENTO DE INGENIER\u00cdA EL\u00c9CTRICA\"},\"image\":{\"@id\":\"https:\\\/\\\/www.ing.uc.cl\\\/electrica\\\/#\\\/schema\\\/logo\\\/image\\\/\"}},{\"@type\":\"Person\",\"@id\":\"https:\\\/\\\/www.ing.uc.cl\\\/electrica\\\/#\\\/schema\\\/person\\\/46a2c0f475e2bf9366409f2ed1944667\",\"name\":\"Francisco H\",\"image\":{\"@type\":\"ImageObject\",\"inLanguage\":\"es-CL\",\"@id\":\"https:\\\/\\\/secure.gravatar.com\\\/avatar\\\/63233762875caf7cb464abb0c994788b36bb5a903f4b5e6d958a14f57c41e047?s=96&d=mm&r=g\",\"url\":\"https:\\\/\\\/secure.gravatar.com\\\/avatar\\\/63233762875caf7cb464abb0c994788b36bb5a903f4b5e6d958a14f57c41e047?s=96&d=mm&r=g\",\"contentUrl\":\"https:\\\/\\\/secure.gravatar.com\\\/avatar\\\/63233762875caf7cb464abb0c994788b36bb5a903f4b5e6d958a14f57c41e047?s=96&d=mm&r=g\",\"caption\":\"Francisco H\"},\"url\":\"https:\\\/\\\/www.ing.uc.cl\\\/electrica\\\/author\\\/fherreros\\\/\"}]}<\/script>\n<!-- \/ Yoast SEO plugin. -->","yoast_head_json":{"title":"Estudio UC estima un potencial d\u00e9ficit de energ\u00eda el\u00e9ctrica desde 2035 por efectos del cambio clim\u00e1tico - DEPARTAMENTO DE INGENIER\u00cdA EL\u00c9CTRICA","robots":{"index":"index","follow":"follow","max-snippet":"max-snippet:-1","max-image-preview":"max-image-preview:large","max-video-preview":"max-video-preview:-1"},"canonical":"https:\/\/www.ing.uc.cl\/electrica\/2021\/04\/21\/estudio-uc-estima-un-potencial-deficit-de-energia-electrica-desde-2035-por-efectos-del-cambio-climatico\/","og_locale":"es_ES","og_type":"article","og_title":"Estudio UC estima un potencial d\u00e9ficit de energ\u00eda el\u00e9ctrica desde 2035 por efectos del cambio clim\u00e1tico - DEPARTAMENTO DE INGENIER\u00cdA EL\u00c9CTRICA","og_description":"Habla el profesor \u00c1lvaro Lorca. La Tercera - Qu\u00e9 Pasa.","og_url":"https:\/\/www.ing.uc.cl\/electrica\/2021\/04\/21\/estudio-uc-estima-un-potencial-deficit-de-energia-electrica-desde-2035-por-efectos-del-cambio-climatico\/","og_site_name":"DEPARTAMENTO DE INGENIER\u00cdA EL\u00c9CTRICA","article_published_time":"2021-04-21T16:09:48+00:00","author":"Francisco H","twitter_card":"summary_large_image","twitter_misc":{"Escrito por":"Francisco H"},"schema":{"@context":"https:\/\/schema.org","@graph":[{"@type":"Article","@id":"https:\/\/www.ing.uc.cl\/electrica\/2021\/04\/21\/estudio-uc-estima-un-potencial-deficit-de-energia-electrica-desde-2035-por-efectos-del-cambio-climatico\/#article","isPartOf":{"@id":"https:\/\/www.ing.uc.cl\/electrica\/2021\/04\/21\/estudio-uc-estima-un-potencial-deficit-de-energia-electrica-desde-2035-por-efectos-del-cambio-climatico\/"},"author":{"name":"Francisco H","@id":"https:\/\/www.ing.uc.cl\/electrica\/#\/schema\/person\/46a2c0f475e2bf9366409f2ed1944667"},"headline":"Estudio UC estima un potencial d\u00e9ficit de energ\u00eda el\u00e9ctrica desde 2035 por efectos del cambio clim\u00e1tico","datePublished":"2021-04-21T16:09:48+00:00","mainEntityOfPage":{"@id":"https:\/\/www.ing.uc.cl\/electrica\/2021\/04\/21\/estudio-uc-estima-un-potencial-deficit-de-energia-electrica-desde-2035-por-efectos-del-cambio-climatico\/"},"wordCount":84,"publisher":{"@id":"https:\/\/www.ing.uc.cl\/electrica\/#organization"},"articleSection":["Noticias","Novedades"],"inLanguage":"es-CL"},{"@type":"WebPage","@id":"https:\/\/www.ing.uc.cl\/electrica\/2021\/04\/21\/estudio-uc-estima-un-potencial-deficit-de-energia-electrica-desde-2035-por-efectos-del-cambio-climatico\/","url":"https:\/\/www.ing.uc.cl\/electrica\/2021\/04\/21\/estudio-uc-estima-un-potencial-deficit-de-energia-electrica-desde-2035-por-efectos-del-cambio-climatico\/","name":"Estudio UC estima un potencial d\u00e9ficit de energ\u00eda el\u00e9ctrica desde 2035 por efectos del cambio clim\u00e1tico - DEPARTAMENTO DE INGENIER\u00cdA EL\u00c9CTRICA","isPartOf":{"@id":"https:\/\/www.ing.uc.cl\/electrica\/#website"},"datePublished":"2021-04-21T16:09:48+00:00","breadcrumb":{"@id":"https:\/\/www.ing.uc.cl\/electrica\/2021\/04\/21\/estudio-uc-estima-un-potencial-deficit-de-energia-electrica-desde-2035-por-efectos-del-cambio-climatico\/#breadcrumb"},"inLanguage":"es-CL","potentialAction":[{"@type":"ReadAction","target":["https:\/\/www.ing.uc.cl\/electrica\/2021\/04\/21\/estudio-uc-estima-un-potencial-deficit-de-energia-electrica-desde-2035-por-efectos-del-cambio-climatico\/"]}]},{"@type":"BreadcrumbList","@id":"https:\/\/www.ing.uc.cl\/electrica\/2021\/04\/21\/estudio-uc-estima-un-potencial-deficit-de-energia-electrica-desde-2035-por-efectos-del-cambio-climatico\/#breadcrumb","itemListElement":[{"@type":"ListItem","position":1,"name":"Portada","item":"https:\/\/www.ing.uc.cl\/electrica\/"},{"@type":"ListItem","position":2,"name":"Estudio UC estima un potencial d\u00e9ficit de energ\u00eda el\u00e9ctrica desde 2035 por efectos del cambio clim\u00e1tico"}]},{"@type":"WebSite","@id":"https:\/\/www.ing.uc.cl\/electrica\/#website","url":"https:\/\/www.ing.uc.cl\/electrica\/","name":"DEPARTAMENTO DE INGENIER\u00cdA EL\u00c9CTRICA","description":"","publisher":{"@id":"https:\/\/www.ing.uc.cl\/electrica\/#organization"},"potentialAction":[{"@type":"SearchAction","target":{"@type":"EntryPoint","urlTemplate":"https:\/\/www.ing.uc.cl\/electrica\/?s={search_term_string}"},"query-input":{"@type":"PropertyValueSpecification","valueRequired":true,"valueName":"search_term_string"}}],"inLanguage":"es-CL"},{"@type":"Organization","@id":"https:\/\/www.ing.uc.cl\/electrica\/#organization","name":"DEPARTAMENTO DE INGENIER\u00cdA EL\u00c9CTRICA","url":"https:\/\/www.ing.uc.cl\/electrica\/","logo":{"@type":"ImageObject","inLanguage":"es-CL","@id":"https:\/\/www.ing.uc.cl\/electrica\/#\/schema\/logo\/image\/","url":"https:\/\/www.ing.uc.cl\/electrica\/wp-content\/uploads\/2020\/03\/logo-uc-03.svg","contentUrl":"https:\/\/www.ing.uc.cl\/electrica\/wp-content\/uploads\/2020\/03\/logo-uc-03.svg","width":156,"height":90,"caption":"DEPARTAMENTO DE INGENIER\u00cdA EL\u00c9CTRICA"},"image":{"@id":"https:\/\/www.ing.uc.cl\/electrica\/#\/schema\/logo\/image\/"}},{"@type":"Person","@id":"https:\/\/www.ing.uc.cl\/electrica\/#\/schema\/person\/46a2c0f475e2bf9366409f2ed1944667","name":"Francisco H","image":{"@type":"ImageObject","inLanguage":"es-CL","@id":"https:\/\/secure.gravatar.com\/avatar\/63233762875caf7cb464abb0c994788b36bb5a903f4b5e6d958a14f57c41e047?s=96&d=mm&r=g","url":"https:\/\/secure.gravatar.com\/avatar\/63233762875caf7cb464abb0c994788b36bb5a903f4b5e6d958a14f57c41e047?s=96&d=mm&r=g","contentUrl":"https:\/\/secure.gravatar.com\/avatar\/63233762875caf7cb464abb0c994788b36bb5a903f4b5e6d958a14f57c41e047?s=96&d=mm&r=g","caption":"Francisco H"},"url":"https:\/\/www.ing.uc.cl\/electrica\/author\/fherreros\/"}]}},"_links":{"self":[{"href":"https:\/\/www.ing.uc.cl\/electrica\/wp-json\/wp\/v2\/posts\/7523","targetHints":{"allow":["GET"]}}],"collection":[{"href":"https:\/\/www.ing.uc.cl\/electrica\/wp-json\/wp\/v2\/posts"}],"about":[{"href":"https:\/\/www.ing.uc.cl\/electrica\/wp-json\/wp\/v2\/types\/post"}],"author":[{"embeddable":true,"href":"https:\/\/www.ing.uc.cl\/electrica\/wp-json\/wp\/v2\/users\/4"}],"replies":[{"embeddable":true,"href":"https:\/\/www.ing.uc.cl\/electrica\/wp-json\/wp\/v2\/comments?post=7523"}],"version-history":[{"count":0,"href":"https:\/\/www.ing.uc.cl\/electrica\/wp-json\/wp\/v2\/posts\/7523\/revisions"}],"wp:attachment":[{"href":"https:\/\/www.ing.uc.cl\/electrica\/wp-json\/wp\/v2\/media?parent=7523"}],"wp:term":[{"taxonomy":"category","embeddable":true,"href":"https:\/\/www.ing.uc.cl\/electrica\/wp-json\/wp\/v2\/categories?post=7523"},{"taxonomy":"post_tag","embeddable":true,"href":"https:\/\/www.ing.uc.cl\/electrica\/wp-json\/wp\/v2\/tags?post=7523"}],"curies":[{"name":"wp","href":"https:\/\/api.w.org\/{rel}","templated":true}]}}