{"id":8663,"date":"2022-09-07T15:49:39","date_gmt":"2022-09-07T19:49:39","guid":{"rendered":"https:\/\/www.ing.uc.cl\/electrica\/?p=8663"},"modified":"2022-09-07T15:49:39","modified_gmt":"2022-09-07T19:49:39","slug":"charla-de-postgrado-miercoles-7-de-septiembre","status":"publish","type":"post","link":"https:\/\/www.ing.uc.cl\/electrica\/2022\/09\/07\/charla-de-postgrado-miercoles-7-de-septiembre\/","title":{"rendered":"Charla de Postgrado &#8211; mi\u00e9rcoles 7 de Septiembre"},"content":{"rendered":"<p><a href=\"https:\/\/www.ing.uc.cl\/electrica\/wp-content\/uploads\/2022\/09\/img_20220907_130726164-scaled.jpg\"><img fetchpriority=\"high\" decoding=\"async\" class=\"alignnone size-full wp-image-8664\" src=\"https:\/\/www.ing.uc.cl\/electrica\/wp-content\/uploads\/2022\/09\/img_20220907_130726164-scaled.jpg\" alt=\"\" width=\"2560\" height=\"1920\" \/><\/a><\/p>\n<p>Hoy mi\u00e9rcoles 7 de Septiembre se realiz\u00f3 una nueva Charla de postgrado, en la modalidad binaria.<\/p>\n<p>Los expositores son los siguientes:<\/p>\n<p><strong>*Gerson Aguirre<\/strong>, alumno de Mag\u00edster \u00e1rea\u00a0<a href=\"https:\/\/www.ing.uc.cl\/electrica\/investigacion\/lineas-de-investigacion-3\/\" target=\"_blank\" rel=\"noopener\">Energ\u00eda<\/a>, profesor supervisor David Watts.<\/p>\n<p>T\u00edtulo:\u00a0<strong>&#8221;\u00a0Evaluaci\u00f3n del mercado de generaci\u00f3n distribuida fotovoltaico en Chile: Evoluci\u00f3n, tendencias, marco regulatorio y principales retos para los prosumidores e instaladores\u201d<\/strong><\/p>\n<p><strong>Resumen:<\/strong>\u00a0El incremento de la capacidad instalada de sistemas solares para la generaci\u00f3n de energ\u00eda el\u00e9ctrica ha crecido sustancialmente alrededor del mundo en los \u00faltimos a\u00f1os, tanto para sistemas a gran escala como para sistemas distribuidos. En Chile, alrededor de un 20% de toda la capacidad instalada, pertenece a la tecnolog\u00eda solar (a dic. 2021). Sin embargo, de este segmento solo un 2% pertenece a los sistemas fotovoltaicos (SFV) instalados en los tejados de clientes residenciales, comerciales u otros, con una potencia instalada de hasta 300 kW, consider\u00e1ndose por tanto un mercado incipiente si lo comparamos con pa\u00edses m\u00e1s desarrollados en donde esta participaci\u00f3n llega al 25 o 30%. Este trabajo presenta resultados preliminares de una evaluaci\u00f3n estad\u00edstica y cr\u00edtica del mercado de prosumidores en Chile desde el a\u00f1o 2015 al 2022, revela hechos, tendencias y comportamientos que pueden estar deteniendo su crecimiento, eval\u00faa el acceso de la poblaci\u00f3n a esta tecnolog\u00eda, y el aprendizaje que tienen los instaladores de los SFV considerando su rendimiento en la aprobaci\u00f3n de sus proyectos. Este an\u00e1lisis es alimentado y respaldado por una revisi\u00f3n de la literatura internacional de mercados de GD maduros en donde tambi\u00e9n se descubren y vaticinan nuevos retos.<\/p>\n<p><strong>*Alvaro Donoso,<\/strong>\u00a0alumno de Mag\u00edster \u00e1rea\u00a0<a href=\"https:\/\/www.ing.uc.cl\/electrica\/investigacion\/lineas-de-investigacion-3\/\" target=\"_blank\" rel=\"noopener\">Energ\u00eda<\/a>, profesor supervisor Javier Pereda.<\/p>\n<p>T\u00edtulo:<strong>\u00a0&#8220;Consensus-Based Distributed Model Predictive Control and Modulation for Modular Multilevel Cascaded Converters\u201d<\/strong><\/p>\n<p><strong>Resumen:<\/strong>\u00a0Se expondr\u00e1 la implementaci\u00f3n de un control distribuido bajo la teor\u00eda del consenso para un conversor modular multinivel en cascada (CHB). Esto con aplicaci\u00f3n en BESS con la integraci\u00f3n de un control de estado de carga de las bater\u00edas (SOC). Cada subm\u00f3dulo (SM) tiene su propio control local (LC) que controla la corriente y gobierna la potencia entregada en coordinaci\u00f3n con el resto de los LC para lograr un equilibrio de las bater\u00edas distribuidas en los SM. Se implementa un control predictivo de fase secuencial (PS-MPC) que se encarga del control de la corriente. Todo esto permitiendo la conexi\u00f3n y desconexi\u00f3n de SMs sin necesidad de apagar el conversor y ser capaz de conectar una gran cantidad de niveles sin limitaci\u00f3n de ancho de banda.<\/p>\n<p>&nbsp;<\/p>\n<p>&nbsp;<\/p>\n<p><a href=\"https:\/\/www.ing.uc.cl\/electrica\/wp-content\/uploads\/2022\/09\/img_20220907_132024170-scaled.jpg\"><img decoding=\"async\" class=\"alignnone size-full wp-image-8665\" src=\"https:\/\/www.ing.uc.cl\/electrica\/wp-content\/uploads\/2022\/09\/img_20220907_132024170-scaled.jpg\" alt=\"\" width=\"2560\" height=\"1920\" \/><\/a> <a href=\"https:\/\/www.ing.uc.cl\/electrica\/wp-content\/uploads\/2022\/09\/img_20220907_134331682-scaled.jpg\"><img decoding=\"async\" class=\"alignnone size-full wp-image-8666\" src=\"https:\/\/www.ing.uc.cl\/electrica\/wp-content\/uploads\/2022\/09\/img_20220907_134331682-scaled.jpg\" alt=\"\" width=\"2560\" height=\"1920\" \/><\/a> <a href=\"https:\/\/www.ing.uc.cl\/electrica\/wp-content\/uploads\/2022\/09\/img_20220907_134354428-scaled.jpg\"><img loading=\"lazy\" decoding=\"async\" class=\"alignnone size-full wp-image-8667\" src=\"https:\/\/www.ing.uc.cl\/electrica\/wp-content\/uploads\/2022\/09\/img_20220907_134354428-scaled.jpg\" alt=\"\" width=\"2560\" height=\"1920\" \/><\/a> <a href=\"https:\/\/www.ing.uc.cl\/electrica\/wp-content\/uploads\/2022\/09\/img_20220907_134416269-scaled.jpg\"><img loading=\"lazy\" decoding=\"async\" class=\"alignnone size-full wp-image-8668\" src=\"https:\/\/www.ing.uc.cl\/electrica\/wp-content\/uploads\/2022\/09\/img_20220907_134416269-scaled.jpg\" alt=\"\" width=\"2560\" height=\"1920\" \/><\/a> <a href=\"https:\/\/www.ing.uc.cl\/electrica\/wp-content\/uploads\/2022\/09\/img_20220907_134707692-scaled.jpg\"><img loading=\"lazy\" decoding=\"async\" class=\"alignnone size-full wp-image-8669\" src=\"https:\/\/www.ing.uc.cl\/electrica\/wp-content\/uploads\/2022\/09\/img_20220907_134707692-scaled.jpg\" alt=\"\" width=\"2560\" height=\"1920\" \/><\/a><\/p>\n<p>&nbsp;    \t<\/p>\n","protected":false},"excerpt":{"rendered":"<p>Con gran asistencia se realiz\u00f3 una nueva charla.<\/p>\n","protected":false},"author":4,"featured_media":0,"comment_status":"closed","ping_status":"closed","sticky":false,"template":"","format":"standard","meta":{"_acf_changed":false,"_eb_attr":"","site-sidebar-layout":"default","site-content-layout":"","ast-site-content-layout":"default","site-content-style":"default","site-sidebar-style":"default","ast-global-header-display":"","ast-banner-title-visibility":"","ast-main-header-display":"","ast-hfb-above-header-display":"","ast-hfb-below-header-display":"","ast-hfb-mobile-header-display":"","site-post-title":"","ast-breadcrumbs-content":"","ast-featured-img":"","footer-sml-layout":"","ast-disable-related-posts":"","theme-transparent-header-meta":"","adv-header-id-meta":"","stick-header-meta":"","header-above-stick-meta":"","header-main-stick-meta":"","header-below-stick-meta":"","astra-migrate-meta-layouts":"default","ast-page-background-enabled":"default","ast-page-background-meta":{"desktop":{"background-color":"","background-image":"","background-repeat":"repeat","background-position":"center center","background-size":"auto","background-attachment":"scroll","background-type":"","background-media":"","overlay-type":"","overlay-color":"","overlay-opacity":"","overlay-gradient":""},"tablet":{"background-color":"","background-image":"","background-repeat":"repeat","background-position":"center center","background-size":"auto","background-attachment":"scroll","background-type":"","background-media":"","overlay-type":"","overlay-color":"","overlay-opacity":"","overlay-gradient":""},"mobile":{"background-color":"","background-image":"","background-repeat":"repeat","background-position":"center center","background-size":"auto","background-attachment":"scroll","background-type":"","background-media":"","overlay-type":"","overlay-color":"","overlay-opacity":"","overlay-gradient":""}},"ast-content-background-meta":{"desktop":{"background-color":"var(--ast-global-color-5)","background-image":"","background-repeat":"repeat","background-position":"center center","background-size":"auto","background-attachment":"scroll","background-type":"","background-media":"","overlay-type":"","overlay-color":"","overlay-opacity":"","overlay-gradient":""},"tablet":{"background-color":"var(--ast-global-color-5)","background-image":"","background-repeat":"repeat","background-position":"center center","background-size":"auto","background-attachment":"scroll","background-type":"","background-media":"","overlay-type":"","overlay-color":"","overlay-opacity":"","overlay-gradient":""},"mobile":{"background-color":"var(--ast-global-color-5)","background-image":"","background-repeat":"repeat","background-position":"center center","background-size":"auto","background-attachment":"scroll","background-type":"","background-media":"","overlay-type":"","overlay-color":"","overlay-opacity":"","overlay-gradient":""}},"footnotes":""},"categories":[18,19],"tags":[],"class_list":["post-8663","post","type-post","status-publish","format-standard","hentry","category-electrica-noticias","category-electrica-novedades"],"acf":[],"yoast_head":"<!-- This site is optimized with the Yoast SEO plugin v27.4 - https:\/\/yoast.com\/product\/yoast-seo-wordpress\/ -->\n<title>Charla de Postgrado - mi\u00e9rcoles 7 de Septiembre - DEPARTAMENTO DE INGENIER\u00cdA EL\u00c9CTRICA<\/title>\n<meta name=\"robots\" content=\"index, follow, max-snippet:-1, max-image-preview:large, max-video-preview:-1\" \/>\n<link rel=\"canonical\" href=\"https:\/\/www.ing.uc.cl\/electrica\/2022\/09\/07\/charla-de-postgrado-miercoles-7-de-septiembre\/\" \/>\n<meta property=\"og:locale\" content=\"es_ES\" \/>\n<meta property=\"og:type\" content=\"article\" \/>\n<meta property=\"og:title\" content=\"Charla de Postgrado - mi\u00e9rcoles 7 de Septiembre - DEPARTAMENTO DE INGENIER\u00cdA EL\u00c9CTRICA\" \/>\n<meta property=\"og:description\" content=\"Con gran asistencia se realiz\u00f3 una nueva charla.\" \/>\n<meta property=\"og:url\" content=\"https:\/\/www.ing.uc.cl\/electrica\/2022\/09\/07\/charla-de-postgrado-miercoles-7-de-septiembre\/\" \/>\n<meta property=\"og:site_name\" content=\"DEPARTAMENTO DE INGENIER\u00cdA EL\u00c9CTRICA\" \/>\n<meta property=\"article:published_time\" content=\"2022-09-07T19:49:39+00:00\" \/>\n<meta property=\"og:image\" content=\"https:\/\/www.ing.uc.cl\/electrica\/wp-content\/uploads\/2022\/09\/img_20220907_130726164-scaled.jpg\" \/>\n<meta name=\"author\" content=\"Francisco H\" \/>\n<meta name=\"twitter:card\" content=\"summary_large_image\" \/>\n<meta name=\"twitter:label1\" content=\"Escrito por\" \/>\n\t<meta name=\"twitter:data1\" content=\"Francisco H\" \/>\n\t<meta name=\"twitter:label2\" content=\"Tiempo estimado de lectura\" \/>\n\t<meta name=\"twitter:data2\" content=\"2 minutos\" \/>\n<script type=\"application\/ld+json\" class=\"yoast-schema-graph\">{\"@context\":\"https:\\\/\\\/schema.org\",\"@graph\":[{\"@type\":\"Article\",\"@id\":\"https:\\\/\\\/www.ing.uc.cl\\\/electrica\\\/2022\\\/09\\\/07\\\/charla-de-postgrado-miercoles-7-de-septiembre\\\/#article\",\"isPartOf\":{\"@id\":\"https:\\\/\\\/www.ing.uc.cl\\\/electrica\\\/2022\\\/09\\\/07\\\/charla-de-postgrado-miercoles-7-de-septiembre\\\/\"},\"author\":{\"name\":\"Francisco H\",\"@id\":\"https:\\\/\\\/www.ing.uc.cl\\\/electrica\\\/#\\\/schema\\\/person\\\/46a2c0f475e2bf9366409f2ed1944667\"},\"headline\":\"Charla de Postgrado &#8211; mi\u00e9rcoles 7 de Septiembre\",\"datePublished\":\"2022-09-07T19:49:39+00:00\",\"mainEntityOfPage\":{\"@id\":\"https:\\\/\\\/www.ing.uc.cl\\\/electrica\\\/2022\\\/09\\\/07\\\/charla-de-postgrado-miercoles-7-de-septiembre\\\/\"},\"wordCount\":445,\"publisher\":{\"@id\":\"https:\\\/\\\/www.ing.uc.cl\\\/electrica\\\/#organization\"},\"image\":{\"@id\":\"https:\\\/\\\/www.ing.uc.cl\\\/electrica\\\/2022\\\/09\\\/07\\\/charla-de-postgrado-miercoles-7-de-septiembre\\\/#primaryimage\"},\"thumbnailUrl\":\"https:\\\/\\\/www.ing.uc.cl\\\/electrica\\\/wp-content\\\/uploads\\\/2022\\\/09\\\/img_20220907_130726164-scaled.jpg\",\"articleSection\":[\"Noticias\",\"Novedades\"],\"inLanguage\":\"es-CL\"},{\"@type\":\"WebPage\",\"@id\":\"https:\\\/\\\/www.ing.uc.cl\\\/electrica\\\/2022\\\/09\\\/07\\\/charla-de-postgrado-miercoles-7-de-septiembre\\\/\",\"url\":\"https:\\\/\\\/www.ing.uc.cl\\\/electrica\\\/2022\\\/09\\\/07\\\/charla-de-postgrado-miercoles-7-de-septiembre\\\/\",\"name\":\"Charla de Postgrado - mi\u00e9rcoles 7 de Septiembre - DEPARTAMENTO DE INGENIER\u00cdA EL\u00c9CTRICA\",\"isPartOf\":{\"@id\":\"https:\\\/\\\/www.ing.uc.cl\\\/electrica\\\/#website\"},\"primaryImageOfPage\":{\"@id\":\"https:\\\/\\\/www.ing.uc.cl\\\/electrica\\\/2022\\\/09\\\/07\\\/charla-de-postgrado-miercoles-7-de-septiembre\\\/#primaryimage\"},\"image\":{\"@id\":\"https:\\\/\\\/www.ing.uc.cl\\\/electrica\\\/2022\\\/09\\\/07\\\/charla-de-postgrado-miercoles-7-de-septiembre\\\/#primaryimage\"},\"thumbnailUrl\":\"https:\\\/\\\/www.ing.uc.cl\\\/electrica\\\/wp-content\\\/uploads\\\/2022\\\/09\\\/img_20220907_130726164-scaled.jpg\",\"datePublished\":\"2022-09-07T19:49:39+00:00\",\"breadcrumb\":{\"@id\":\"https:\\\/\\\/www.ing.uc.cl\\\/electrica\\\/2022\\\/09\\\/07\\\/charla-de-postgrado-miercoles-7-de-septiembre\\\/#breadcrumb\"},\"inLanguage\":\"es-CL\",\"potentialAction\":[{\"@type\":\"ReadAction\",\"target\":[\"https:\\\/\\\/www.ing.uc.cl\\\/electrica\\\/2022\\\/09\\\/07\\\/charla-de-postgrado-miercoles-7-de-septiembre\\\/\"]}]},{\"@type\":\"ImageObject\",\"inLanguage\":\"es-CL\",\"@id\":\"https:\\\/\\\/www.ing.uc.cl\\\/electrica\\\/2022\\\/09\\\/07\\\/charla-de-postgrado-miercoles-7-de-septiembre\\\/#primaryimage\",\"url\":\"https:\\\/\\\/www.ing.uc.cl\\\/electrica\\\/wp-content\\\/uploads\\\/2022\\\/09\\\/img_20220907_130726164-scaled.jpg\",\"contentUrl\":\"https:\\\/\\\/www.ing.uc.cl\\\/electrica\\\/wp-content\\\/uploads\\\/2022\\\/09\\\/img_20220907_130726164-scaled.jpg\"},{\"@type\":\"BreadcrumbList\",\"@id\":\"https:\\\/\\\/www.ing.uc.cl\\\/electrica\\\/2022\\\/09\\\/07\\\/charla-de-postgrado-miercoles-7-de-septiembre\\\/#breadcrumb\",\"itemListElement\":[{\"@type\":\"ListItem\",\"position\":1,\"name\":\"Portada\",\"item\":\"https:\\\/\\\/www.ing.uc.cl\\\/electrica\\\/\"},{\"@type\":\"ListItem\",\"position\":2,\"name\":\"Charla de Postgrado &#8211; mi\u00e9rcoles 7 de Septiembre\"}]},{\"@type\":\"WebSite\",\"@id\":\"https:\\\/\\\/www.ing.uc.cl\\\/electrica\\\/#website\",\"url\":\"https:\\\/\\\/www.ing.uc.cl\\\/electrica\\\/\",\"name\":\"DEPARTAMENTO DE INGENIER\u00cdA EL\u00c9CTRICA\",\"description\":\"\",\"publisher\":{\"@id\":\"https:\\\/\\\/www.ing.uc.cl\\\/electrica\\\/#organization\"},\"potentialAction\":[{\"@type\":\"SearchAction\",\"target\":{\"@type\":\"EntryPoint\",\"urlTemplate\":\"https:\\\/\\\/www.ing.uc.cl\\\/electrica\\\/?s={search_term_string}\"},\"query-input\":{\"@type\":\"PropertyValueSpecification\",\"valueRequired\":true,\"valueName\":\"search_term_string\"}}],\"inLanguage\":\"es-CL\"},{\"@type\":\"Organization\",\"@id\":\"https:\\\/\\\/www.ing.uc.cl\\\/electrica\\\/#organization\",\"name\":\"DEPARTAMENTO DE INGENIER\u00cdA EL\u00c9CTRICA\",\"url\":\"https:\\\/\\\/www.ing.uc.cl\\\/electrica\\\/\",\"logo\":{\"@type\":\"ImageObject\",\"inLanguage\":\"es-CL\",\"@id\":\"https:\\\/\\\/www.ing.uc.cl\\\/electrica\\\/#\\\/schema\\\/logo\\\/image\\\/\",\"url\":\"https:\\\/\\\/www.ing.uc.cl\\\/electrica\\\/wp-content\\\/uploads\\\/2020\\\/03\\\/logo-uc-03.svg\",\"contentUrl\":\"https:\\\/\\\/www.ing.uc.cl\\\/electrica\\\/wp-content\\\/uploads\\\/2020\\\/03\\\/logo-uc-03.svg\",\"width\":156,\"height\":90,\"caption\":\"DEPARTAMENTO DE INGENIER\u00cdA EL\u00c9CTRICA\"},\"image\":{\"@id\":\"https:\\\/\\\/www.ing.uc.cl\\\/electrica\\\/#\\\/schema\\\/logo\\\/image\\\/\"}},{\"@type\":\"Person\",\"@id\":\"https:\\\/\\\/www.ing.uc.cl\\\/electrica\\\/#\\\/schema\\\/person\\\/46a2c0f475e2bf9366409f2ed1944667\",\"name\":\"Francisco H\",\"image\":{\"@type\":\"ImageObject\",\"inLanguage\":\"es-CL\",\"@id\":\"https:\\\/\\\/secure.gravatar.com\\\/avatar\\\/63233762875caf7cb464abb0c994788b36bb5a903f4b5e6d958a14f57c41e047?s=96&d=mm&r=g\",\"url\":\"https:\\\/\\\/secure.gravatar.com\\\/avatar\\\/63233762875caf7cb464abb0c994788b36bb5a903f4b5e6d958a14f57c41e047?s=96&d=mm&r=g\",\"contentUrl\":\"https:\\\/\\\/secure.gravatar.com\\\/avatar\\\/63233762875caf7cb464abb0c994788b36bb5a903f4b5e6d958a14f57c41e047?s=96&d=mm&r=g\",\"caption\":\"Francisco H\"},\"url\":\"https:\\\/\\\/www.ing.uc.cl\\\/electrica\\\/author\\\/fherreros\\\/\"}]}<\/script>\n<!-- \/ Yoast SEO plugin. -->","yoast_head_json":{"title":"Charla de Postgrado - mi\u00e9rcoles 7 de Septiembre - DEPARTAMENTO DE INGENIER\u00cdA EL\u00c9CTRICA","robots":{"index":"index","follow":"follow","max-snippet":"max-snippet:-1","max-image-preview":"max-image-preview:large","max-video-preview":"max-video-preview:-1"},"canonical":"https:\/\/www.ing.uc.cl\/electrica\/2022\/09\/07\/charla-de-postgrado-miercoles-7-de-septiembre\/","og_locale":"es_ES","og_type":"article","og_title":"Charla de Postgrado - mi\u00e9rcoles 7 de Septiembre - DEPARTAMENTO DE INGENIER\u00cdA EL\u00c9CTRICA","og_description":"Con gran asistencia se realiz\u00f3 una nueva charla.","og_url":"https:\/\/www.ing.uc.cl\/electrica\/2022\/09\/07\/charla-de-postgrado-miercoles-7-de-septiembre\/","og_site_name":"DEPARTAMENTO DE INGENIER\u00cdA EL\u00c9CTRICA","article_published_time":"2022-09-07T19:49:39+00:00","og_image":[{"url":"https:\/\/www.ing.uc.cl\/electrica\/wp-content\/uploads\/2022\/09\/img_20220907_130726164-scaled.jpg","type":"","width":"","height":""}],"author":"Francisco H","twitter_card":"summary_large_image","twitter_misc":{"Escrito por":"Francisco H","Tiempo estimado de lectura":"2 minutos"},"schema":{"@context":"https:\/\/schema.org","@graph":[{"@type":"Article","@id":"https:\/\/www.ing.uc.cl\/electrica\/2022\/09\/07\/charla-de-postgrado-miercoles-7-de-septiembre\/#article","isPartOf":{"@id":"https:\/\/www.ing.uc.cl\/electrica\/2022\/09\/07\/charla-de-postgrado-miercoles-7-de-septiembre\/"},"author":{"name":"Francisco H","@id":"https:\/\/www.ing.uc.cl\/electrica\/#\/schema\/person\/46a2c0f475e2bf9366409f2ed1944667"},"headline":"Charla de Postgrado &#8211; mi\u00e9rcoles 7 de Septiembre","datePublished":"2022-09-07T19:49:39+00:00","mainEntityOfPage":{"@id":"https:\/\/www.ing.uc.cl\/electrica\/2022\/09\/07\/charla-de-postgrado-miercoles-7-de-septiembre\/"},"wordCount":445,"publisher":{"@id":"https:\/\/www.ing.uc.cl\/electrica\/#organization"},"image":{"@id":"https:\/\/www.ing.uc.cl\/electrica\/2022\/09\/07\/charla-de-postgrado-miercoles-7-de-septiembre\/#primaryimage"},"thumbnailUrl":"https:\/\/www.ing.uc.cl\/electrica\/wp-content\/uploads\/2022\/09\/img_20220907_130726164-scaled.jpg","articleSection":["Noticias","Novedades"],"inLanguage":"es-CL"},{"@type":"WebPage","@id":"https:\/\/www.ing.uc.cl\/electrica\/2022\/09\/07\/charla-de-postgrado-miercoles-7-de-septiembre\/","url":"https:\/\/www.ing.uc.cl\/electrica\/2022\/09\/07\/charla-de-postgrado-miercoles-7-de-septiembre\/","name":"Charla de Postgrado - mi\u00e9rcoles 7 de Septiembre - DEPARTAMENTO DE INGENIER\u00cdA EL\u00c9CTRICA","isPartOf":{"@id":"https:\/\/www.ing.uc.cl\/electrica\/#website"},"primaryImageOfPage":{"@id":"https:\/\/www.ing.uc.cl\/electrica\/2022\/09\/07\/charla-de-postgrado-miercoles-7-de-septiembre\/#primaryimage"},"image":{"@id":"https:\/\/www.ing.uc.cl\/electrica\/2022\/09\/07\/charla-de-postgrado-miercoles-7-de-septiembre\/#primaryimage"},"thumbnailUrl":"https:\/\/www.ing.uc.cl\/electrica\/wp-content\/uploads\/2022\/09\/img_20220907_130726164-scaled.jpg","datePublished":"2022-09-07T19:49:39+00:00","breadcrumb":{"@id":"https:\/\/www.ing.uc.cl\/electrica\/2022\/09\/07\/charla-de-postgrado-miercoles-7-de-septiembre\/#breadcrumb"},"inLanguage":"es-CL","potentialAction":[{"@type":"ReadAction","target":["https:\/\/www.ing.uc.cl\/electrica\/2022\/09\/07\/charla-de-postgrado-miercoles-7-de-septiembre\/"]}]},{"@type":"ImageObject","inLanguage":"es-CL","@id":"https:\/\/www.ing.uc.cl\/electrica\/2022\/09\/07\/charla-de-postgrado-miercoles-7-de-septiembre\/#primaryimage","url":"https:\/\/www.ing.uc.cl\/electrica\/wp-content\/uploads\/2022\/09\/img_20220907_130726164-scaled.jpg","contentUrl":"https:\/\/www.ing.uc.cl\/electrica\/wp-content\/uploads\/2022\/09\/img_20220907_130726164-scaled.jpg"},{"@type":"BreadcrumbList","@id":"https:\/\/www.ing.uc.cl\/electrica\/2022\/09\/07\/charla-de-postgrado-miercoles-7-de-septiembre\/#breadcrumb","itemListElement":[{"@type":"ListItem","position":1,"name":"Portada","item":"https:\/\/www.ing.uc.cl\/electrica\/"},{"@type":"ListItem","position":2,"name":"Charla de Postgrado &#8211; mi\u00e9rcoles 7 de Septiembre"}]},{"@type":"WebSite","@id":"https:\/\/www.ing.uc.cl\/electrica\/#website","url":"https:\/\/www.ing.uc.cl\/electrica\/","name":"DEPARTAMENTO DE INGENIER\u00cdA EL\u00c9CTRICA","description":"","publisher":{"@id":"https:\/\/www.ing.uc.cl\/electrica\/#organization"},"potentialAction":[{"@type":"SearchAction","target":{"@type":"EntryPoint","urlTemplate":"https:\/\/www.ing.uc.cl\/electrica\/?s={search_term_string}"},"query-input":{"@type":"PropertyValueSpecification","valueRequired":true,"valueName":"search_term_string"}}],"inLanguage":"es-CL"},{"@type":"Organization","@id":"https:\/\/www.ing.uc.cl\/electrica\/#organization","name":"DEPARTAMENTO DE INGENIER\u00cdA EL\u00c9CTRICA","url":"https:\/\/www.ing.uc.cl\/electrica\/","logo":{"@type":"ImageObject","inLanguage":"es-CL","@id":"https:\/\/www.ing.uc.cl\/electrica\/#\/schema\/logo\/image\/","url":"https:\/\/www.ing.uc.cl\/electrica\/wp-content\/uploads\/2020\/03\/logo-uc-03.svg","contentUrl":"https:\/\/www.ing.uc.cl\/electrica\/wp-content\/uploads\/2020\/03\/logo-uc-03.svg","width":156,"height":90,"caption":"DEPARTAMENTO DE INGENIER\u00cdA EL\u00c9CTRICA"},"image":{"@id":"https:\/\/www.ing.uc.cl\/electrica\/#\/schema\/logo\/image\/"}},{"@type":"Person","@id":"https:\/\/www.ing.uc.cl\/electrica\/#\/schema\/person\/46a2c0f475e2bf9366409f2ed1944667","name":"Francisco H","image":{"@type":"ImageObject","inLanguage":"es-CL","@id":"https:\/\/secure.gravatar.com\/avatar\/63233762875caf7cb464abb0c994788b36bb5a903f4b5e6d958a14f57c41e047?s=96&d=mm&r=g","url":"https:\/\/secure.gravatar.com\/avatar\/63233762875caf7cb464abb0c994788b36bb5a903f4b5e6d958a14f57c41e047?s=96&d=mm&r=g","contentUrl":"https:\/\/secure.gravatar.com\/avatar\/63233762875caf7cb464abb0c994788b36bb5a903f4b5e6d958a14f57c41e047?s=96&d=mm&r=g","caption":"Francisco H"},"url":"https:\/\/www.ing.uc.cl\/electrica\/author\/fherreros\/"}]}},"_links":{"self":[{"href":"https:\/\/www.ing.uc.cl\/electrica\/wp-json\/wp\/v2\/posts\/8663","targetHints":{"allow":["GET"]}}],"collection":[{"href":"https:\/\/www.ing.uc.cl\/electrica\/wp-json\/wp\/v2\/posts"}],"about":[{"href":"https:\/\/www.ing.uc.cl\/electrica\/wp-json\/wp\/v2\/types\/post"}],"author":[{"embeddable":true,"href":"https:\/\/www.ing.uc.cl\/electrica\/wp-json\/wp\/v2\/users\/4"}],"replies":[{"embeddable":true,"href":"https:\/\/www.ing.uc.cl\/electrica\/wp-json\/wp\/v2\/comments?post=8663"}],"version-history":[{"count":0,"href":"https:\/\/www.ing.uc.cl\/electrica\/wp-json\/wp\/v2\/posts\/8663\/revisions"}],"wp:attachment":[{"href":"https:\/\/www.ing.uc.cl\/electrica\/wp-json\/wp\/v2\/media?parent=8663"}],"wp:term":[{"taxonomy":"category","embeddable":true,"href":"https:\/\/www.ing.uc.cl\/electrica\/wp-json\/wp\/v2\/categories?post=8663"},{"taxonomy":"post_tag","embeddable":true,"href":"https:\/\/www.ing.uc.cl\/electrica\/wp-json\/wp\/v2\/tags?post=8663"}],"curies":[{"name":"wp","href":"https:\/\/api.w.org\/{rel}","templated":true}]}}