{"id":8710,"date":"2022-10-07T11:20:32","date_gmt":"2022-10-07T15:20:32","guid":{"rendered":"https:\/\/www.ing.uc.cl\/electrica\/?p=8710"},"modified":"2022-10-07T11:20:32","modified_gmt":"2022-10-07T15:20:32","slug":"charla-de-postgrado-miercoles-5-de-octubre","status":"publish","type":"post","link":"https:\/\/www.ing.uc.cl\/electrica\/2022\/10\/07\/charla-de-postgrado-miercoles-5-de-octubre\/","title":{"rendered":"Charla de Postgrado &#8211; mi\u00e9rcoles 5 de Octubre"},"content":{"rendered":"<p><a href=\"https:\/\/www.ing.uc.cl\/electrica\/wp-content\/uploads\/2022\/10\/img_20221005_133358253-scaled.jpg\"><img fetchpriority=\"high\" decoding=\"async\" class=\"alignnone size-full wp-image-8711\" src=\"https:\/\/www.ing.uc.cl\/electrica\/wp-content\/uploads\/2022\/10\/img_20221005_133358253-scaled.jpg\" alt=\"\" width=\"2560\" height=\"1920\" \/><\/a><\/p>\n<p>El pasado mi\u00e9rcoles 5 de Octubre se realiz\u00f3 una nueva Charla de postgrado, en la modalidad binaria.<\/p>\n<p>Los expositores fueron los siguientes:<\/p>\n<p><strong>*Tom\u00e1s Ladrix Aguilera<\/strong>, Mag\u00edster, \u00e1rea\u00a0Electr\u00f3nica y Comunicaciones, profesor supervisor Christian Oberli.<\/p>\n<p><strong>T\u00edtulo:<\/strong>\u00a0<strong>&#8220;Resiliencia en redes de sensores inal\u00e1mbricas y sus propiedades vistas como redes scale-free y sistemas complejos.<\/strong><strong>\u201d<\/strong><\/p>\n<p><strong>Resumen:<\/strong>\u00a0Las redes de sensores inal\u00e1mbricas est\u00e1n cobrando cada vez mayor relevancia al tener una amplia capacidad de monitoreo para distintas variables en diversas aplicaciones. El concepto de resiliencia se conecta con la idea de que una red en funcionamiento est\u00e1 expuesta a diversos que generan un cambio en el punto de operaci\u00f3n general de la red. Estos eventos pueden ser desde ca\u00eddas de un enlace entre nodos, una falla en el nodo en s\u00ed, o incluso la separaci\u00f3n de la red completa en dos islas desconectadas. Una red resiliente es aquella que reacciona de manera inteligente frente a estos escenarios y opera de la mejor manera posible seg\u00fan el contexto en el que se encuentra. Si bien no es un tema simple, se analizar\u00e1n estos escenarios desde el punto de vista de un sistema complejo, que entrega herramientas \u00fatiles para este an\u00e1lisis. Adem\u00e1s, se ver\u00e1 c\u00f3mo las redes de tipo scale-free poseen propiedades y caracter\u00edsticas que se asocian directamente con esta idea de red resiliente.<\/p>\n<p><a href=\"https:\/\/www.ing.uc.cl\/electrica\/wp-content\/uploads\/2022\/10\/img_20221005_130540094-scaled.jpg\"><img decoding=\"async\" class=\"alignnone size-full wp-image-8713\" src=\"https:\/\/www.ing.uc.cl\/electrica\/wp-content\/uploads\/2022\/10\/img_20221005_130540094-scaled.jpg\" alt=\"\" width=\"2560\" height=\"1920\" \/><\/a><\/p>\n<p>&nbsp;<\/p>\n<p><strong>*Daniel Guzm\u00e1n Mena,<\/strong>\u00a0Mag\u00edster, \u00e1rea\u00a0Electr\u00f3nica y Comunicaciones, profesor supervisor Christian Oberli.<\/p>\n<p><strong>T\u00edtulo:<\/strong>\u00a0<strong>&#8220;<\/strong>Fault Detection framework using node profiling in wireless sensor networks.<strong>\u201d<\/strong><\/p>\n<p><strong>Resumen:<\/strong>\u00a0Una red de sensores inal\u00e1mbricos (WSN, por sus siglas en ingl\u00e9s), es una organizaci\u00f3n de distintos dispositivos f\u00edsicos, sensores y otros objetos capaces de comunicarse entre ellos sin intervenci\u00f3n humana. Estas funcionan en aplicaciones cr\u00edticas y no cr\u00edticas que afectan distintos aspectos de la vida moderna. Las WSNs est\u00e1n constituidas por distintos nodos que se comunican entre s\u00ed. Uno de los problemas principales que las WSN tienen es la limitaci\u00f3n de recursos para poder operar, y mantener con esto un nivel aceptable de autonom\u00eda, adaptaci\u00f3n al ambiente, latencia, enrutamiento y robustez ante casos de fallas, caracter\u00edsticas que se agrupan en la definici\u00f3n de resiliencia de una red. T\u00e9cnicas para mantener esa autonom\u00eda y nivel de operaci\u00f3n se encuentran ligadas a exigencias de overhead del medio, delays en transmisiones y un an\u00e1lisis de las variables del entorno que predomina en la estaci\u00f3n base de la red, dado su alta capacidad de c\u00f3mputo. En este trabajo se busca potenciar la inteligencia y autoconocimiento de los nodos en WSNs sobre su entorno, con tal de realizar decisiones informadas, a nivel de nodo, sobre eventos an\u00f3malos que incurren dentro de estas. Bajo esto, se busca explotar el m\u00e9todo pasivo de overhearing, \u00e1mbito inherente a las redes inal\u00e1mbricas, para que as\u00ed los nodos puedan analizar las comunicaciones de su vecindario circundante, y poder entrenar algoritmos de clasificaci\u00f3n para inferir y predecir el estado de los vecinos para detectar alguna anormalidad en el comportamiento. Nuestros resultados van ligados a un simulador dise\u00f1ado por LATINA UC, donde nuestro m\u00e9todo de captaci\u00f3n de informaci\u00f3n muestra resultados de predicci\u00f3n para una de las variables.<\/p>\n<p><a href=\"https:\/\/www.ing.uc.cl\/electrica\/wp-content\/uploads\/2022\/10\/img_20221005_133303086-scaled.jpg\"><img decoding=\"async\" class=\"alignnone size-full wp-image-8715\" src=\"https:\/\/www.ing.uc.cl\/electrica\/wp-content\/uploads\/2022\/10\/img_20221005_133303086-scaled.jpg\" alt=\"\" width=\"2560\" height=\"1920\" \/><\/a><\/p>\n<p>&nbsp;<\/p>\n<p>&nbsp;<\/p>\n<p><a href=\"https:\/\/www.ing.uc.cl\/electrica\/wp-content\/uploads\/2022\/10\/img_20221005_133358253-1-scaled.jpg\"><img loading=\"lazy\" decoding=\"async\" class=\"alignnone size-full wp-image-8718\" src=\"https:\/\/www.ing.uc.cl\/electrica\/wp-content\/uploads\/2022\/10\/img_20221005_133358253-1-scaled.jpg\" alt=\"\" width=\"2560\" height=\"1920\" \/><\/a>    \t<\/p>\n","protected":false},"excerpt":{"rendered":"<p>Con gran asistencia se realiz\u00f3 una nueva charla de postgrado&#8230;<\/p>\n","protected":false},"author":4,"featured_media":0,"comment_status":"closed","ping_status":"closed","sticky":false,"template":"","format":"standard","meta":{"_acf_changed":false,"_eb_attr":"","site-sidebar-layout":"default","site-content-layout":"","ast-site-content-layout":"default","site-content-style":"default","site-sidebar-style":"default","ast-global-header-display":"","ast-banner-title-visibility":"","ast-main-header-display":"","ast-hfb-above-header-display":"","ast-hfb-below-header-display":"","ast-hfb-mobile-header-display":"","site-post-title":"","ast-breadcrumbs-content":"","ast-featured-img":"","footer-sml-layout":"","ast-disable-related-posts":"","theme-transparent-header-meta":"","adv-header-id-meta":"","stick-header-meta":"","header-above-stick-meta":"","header-main-stick-meta":"","header-below-stick-meta":"","astra-migrate-meta-layouts":"default","ast-page-background-enabled":"default","ast-page-background-meta":{"desktop":{"background-color":"","background-image":"","background-repeat":"repeat","background-position":"center center","background-size":"auto","background-attachment":"scroll","background-type":"","background-media":"","overlay-type":"","overlay-color":"","overlay-opacity":"","overlay-gradient":""},"tablet":{"background-color":"","background-image":"","background-repeat":"repeat","background-position":"center center","background-size":"auto","background-attachment":"scroll","background-type":"","background-media":"","overlay-type":"","overlay-color":"","overlay-opacity":"","overlay-gradient":""},"mobile":{"background-color":"","background-image":"","background-repeat":"repeat","background-position":"center center","background-size":"auto","background-attachment":"scroll","background-type":"","background-media":"","overlay-type":"","overlay-color":"","overlay-opacity":"","overlay-gradient":""}},"ast-content-background-meta":{"desktop":{"background-color":"var(--ast-global-color-5)","background-image":"","background-repeat":"repeat","background-position":"center center","background-size":"auto","background-attachment":"scroll","background-type":"","background-media":"","overlay-type":"","overlay-color":"","overlay-opacity":"","overlay-gradient":""},"tablet":{"background-color":"var(--ast-global-color-5)","background-image":"","background-repeat":"repeat","background-position":"center center","background-size":"auto","background-attachment":"scroll","background-type":"","background-media":"","overlay-type":"","overlay-color":"","overlay-opacity":"","overlay-gradient":""},"mobile":{"background-color":"var(--ast-global-color-5)","background-image":"","background-repeat":"repeat","background-position":"center center","background-size":"auto","background-attachment":"scroll","background-type":"","background-media":"","overlay-type":"","overlay-color":"","overlay-opacity":"","overlay-gradient":""}},"footnotes":""},"categories":[18,19],"tags":[],"class_list":["post-8710","post","type-post","status-publish","format-standard","hentry","category-electrica-noticias","category-electrica-novedades"],"acf":[],"yoast_head":"<!-- This site is optimized with the Yoast SEO plugin v27.4 - https:\/\/yoast.com\/product\/yoast-seo-wordpress\/ -->\n<title>Charla de Postgrado - mi\u00e9rcoles 5 de Octubre - DEPARTAMENTO DE INGENIER\u00cdA EL\u00c9CTRICA<\/title>\n<meta name=\"robots\" content=\"index, follow, max-snippet:-1, max-image-preview:large, max-video-preview:-1\" \/>\n<link rel=\"canonical\" href=\"https:\/\/www.ing.uc.cl\/electrica\/2022\/10\/07\/charla-de-postgrado-miercoles-5-de-octubre\/\" \/>\n<meta property=\"og:locale\" content=\"es_ES\" \/>\n<meta property=\"og:type\" content=\"article\" \/>\n<meta property=\"og:title\" content=\"Charla de Postgrado - mi\u00e9rcoles 5 de Octubre - DEPARTAMENTO DE INGENIER\u00cdA EL\u00c9CTRICA\" \/>\n<meta property=\"og:description\" content=\"Con gran asistencia se realiz\u00f3 una nueva charla de postgrado...\" \/>\n<meta property=\"og:url\" content=\"https:\/\/www.ing.uc.cl\/electrica\/2022\/10\/07\/charla-de-postgrado-miercoles-5-de-octubre\/\" \/>\n<meta property=\"og:site_name\" content=\"DEPARTAMENTO DE INGENIER\u00cdA EL\u00c9CTRICA\" \/>\n<meta property=\"article:published_time\" content=\"2022-10-07T15:20:32+00:00\" \/>\n<meta property=\"og:image\" content=\"https:\/\/www.ing.uc.cl\/electrica\/wp-content\/uploads\/2022\/10\/img_20221005_133358253-scaled.jpg\" \/>\n<meta name=\"author\" content=\"Francisco H\" \/>\n<meta name=\"twitter:card\" content=\"summary_large_image\" \/>\n<meta name=\"twitter:label1\" content=\"Escrito por\" \/>\n\t<meta name=\"twitter:data1\" content=\"Francisco H\" \/>\n\t<meta name=\"twitter:label2\" content=\"Tiempo estimado de lectura\" \/>\n\t<meta name=\"twitter:data2\" content=\"3 minutos\" \/>\n<script type=\"application\/ld+json\" class=\"yoast-schema-graph\">{\"@context\":\"https:\\\/\\\/schema.org\",\"@graph\":[{\"@type\":\"Article\",\"@id\":\"https:\\\/\\\/www.ing.uc.cl\\\/electrica\\\/2022\\\/10\\\/07\\\/charla-de-postgrado-miercoles-5-de-octubre\\\/#article\",\"isPartOf\":{\"@id\":\"https:\\\/\\\/www.ing.uc.cl\\\/electrica\\\/2022\\\/10\\\/07\\\/charla-de-postgrado-miercoles-5-de-octubre\\\/\"},\"author\":{\"name\":\"Francisco H\",\"@id\":\"https:\\\/\\\/www.ing.uc.cl\\\/electrica\\\/#\\\/schema\\\/person\\\/46a2c0f475e2bf9366409f2ed1944667\"},\"headline\":\"Charla de Postgrado &#8211; mi\u00e9rcoles 5 de Octubre\",\"datePublished\":\"2022-10-07T15:20:32+00:00\",\"mainEntityOfPage\":{\"@id\":\"https:\\\/\\\/www.ing.uc.cl\\\/electrica\\\/2022\\\/10\\\/07\\\/charla-de-postgrado-miercoles-5-de-octubre\\\/\"},\"wordCount\":565,\"publisher\":{\"@id\":\"https:\\\/\\\/www.ing.uc.cl\\\/electrica\\\/#organization\"},\"image\":{\"@id\":\"https:\\\/\\\/www.ing.uc.cl\\\/electrica\\\/2022\\\/10\\\/07\\\/charla-de-postgrado-miercoles-5-de-octubre\\\/#primaryimage\"},\"thumbnailUrl\":\"https:\\\/\\\/www.ing.uc.cl\\\/electrica\\\/wp-content\\\/uploads\\\/2022\\\/10\\\/img_20221005_133358253-scaled.jpg\",\"articleSection\":[\"Noticias\",\"Novedades\"],\"inLanguage\":\"es-CL\"},{\"@type\":\"WebPage\",\"@id\":\"https:\\\/\\\/www.ing.uc.cl\\\/electrica\\\/2022\\\/10\\\/07\\\/charla-de-postgrado-miercoles-5-de-octubre\\\/\",\"url\":\"https:\\\/\\\/www.ing.uc.cl\\\/electrica\\\/2022\\\/10\\\/07\\\/charla-de-postgrado-miercoles-5-de-octubre\\\/\",\"name\":\"Charla de Postgrado - mi\u00e9rcoles 5 de Octubre - DEPARTAMENTO DE INGENIER\u00cdA EL\u00c9CTRICA\",\"isPartOf\":{\"@id\":\"https:\\\/\\\/www.ing.uc.cl\\\/electrica\\\/#website\"},\"primaryImageOfPage\":{\"@id\":\"https:\\\/\\\/www.ing.uc.cl\\\/electrica\\\/2022\\\/10\\\/07\\\/charla-de-postgrado-miercoles-5-de-octubre\\\/#primaryimage\"},\"image\":{\"@id\":\"https:\\\/\\\/www.ing.uc.cl\\\/electrica\\\/2022\\\/10\\\/07\\\/charla-de-postgrado-miercoles-5-de-octubre\\\/#primaryimage\"},\"thumbnailUrl\":\"https:\\\/\\\/www.ing.uc.cl\\\/electrica\\\/wp-content\\\/uploads\\\/2022\\\/10\\\/img_20221005_133358253-scaled.jpg\",\"datePublished\":\"2022-10-07T15:20:32+00:00\",\"breadcrumb\":{\"@id\":\"https:\\\/\\\/www.ing.uc.cl\\\/electrica\\\/2022\\\/10\\\/07\\\/charla-de-postgrado-miercoles-5-de-octubre\\\/#breadcrumb\"},\"inLanguage\":\"es-CL\",\"potentialAction\":[{\"@type\":\"ReadAction\",\"target\":[\"https:\\\/\\\/www.ing.uc.cl\\\/electrica\\\/2022\\\/10\\\/07\\\/charla-de-postgrado-miercoles-5-de-octubre\\\/\"]}]},{\"@type\":\"ImageObject\",\"inLanguage\":\"es-CL\",\"@id\":\"https:\\\/\\\/www.ing.uc.cl\\\/electrica\\\/2022\\\/10\\\/07\\\/charla-de-postgrado-miercoles-5-de-octubre\\\/#primaryimage\",\"url\":\"https:\\\/\\\/www.ing.uc.cl\\\/electrica\\\/wp-content\\\/uploads\\\/2022\\\/10\\\/img_20221005_133358253-scaled.jpg\",\"contentUrl\":\"https:\\\/\\\/www.ing.uc.cl\\\/electrica\\\/wp-content\\\/uploads\\\/2022\\\/10\\\/img_20221005_133358253-scaled.jpg\"},{\"@type\":\"BreadcrumbList\",\"@id\":\"https:\\\/\\\/www.ing.uc.cl\\\/electrica\\\/2022\\\/10\\\/07\\\/charla-de-postgrado-miercoles-5-de-octubre\\\/#breadcrumb\",\"itemListElement\":[{\"@type\":\"ListItem\",\"position\":1,\"name\":\"Portada\",\"item\":\"https:\\\/\\\/www.ing.uc.cl\\\/electrica\\\/\"},{\"@type\":\"ListItem\",\"position\":2,\"name\":\"Charla de Postgrado &#8211; mi\u00e9rcoles 5 de Octubre\"}]},{\"@type\":\"WebSite\",\"@id\":\"https:\\\/\\\/www.ing.uc.cl\\\/electrica\\\/#website\",\"url\":\"https:\\\/\\\/www.ing.uc.cl\\\/electrica\\\/\",\"name\":\"DEPARTAMENTO DE INGENIER\u00cdA EL\u00c9CTRICA\",\"description\":\"\",\"publisher\":{\"@id\":\"https:\\\/\\\/www.ing.uc.cl\\\/electrica\\\/#organization\"},\"potentialAction\":[{\"@type\":\"SearchAction\",\"target\":{\"@type\":\"EntryPoint\",\"urlTemplate\":\"https:\\\/\\\/www.ing.uc.cl\\\/electrica\\\/?s={search_term_string}\"},\"query-input\":{\"@type\":\"PropertyValueSpecification\",\"valueRequired\":true,\"valueName\":\"search_term_string\"}}],\"inLanguage\":\"es-CL\"},{\"@type\":\"Organization\",\"@id\":\"https:\\\/\\\/www.ing.uc.cl\\\/electrica\\\/#organization\",\"name\":\"DEPARTAMENTO DE INGENIER\u00cdA EL\u00c9CTRICA\",\"url\":\"https:\\\/\\\/www.ing.uc.cl\\\/electrica\\\/\",\"logo\":{\"@type\":\"ImageObject\",\"inLanguage\":\"es-CL\",\"@id\":\"https:\\\/\\\/www.ing.uc.cl\\\/electrica\\\/#\\\/schema\\\/logo\\\/image\\\/\",\"url\":\"https:\\\/\\\/www.ing.uc.cl\\\/electrica\\\/wp-content\\\/uploads\\\/2020\\\/03\\\/logo-uc-03.svg\",\"contentUrl\":\"https:\\\/\\\/www.ing.uc.cl\\\/electrica\\\/wp-content\\\/uploads\\\/2020\\\/03\\\/logo-uc-03.svg\",\"width\":156,\"height\":90,\"caption\":\"DEPARTAMENTO DE INGENIER\u00cdA EL\u00c9CTRICA\"},\"image\":{\"@id\":\"https:\\\/\\\/www.ing.uc.cl\\\/electrica\\\/#\\\/schema\\\/logo\\\/image\\\/\"}},{\"@type\":\"Person\",\"@id\":\"https:\\\/\\\/www.ing.uc.cl\\\/electrica\\\/#\\\/schema\\\/person\\\/46a2c0f475e2bf9366409f2ed1944667\",\"name\":\"Francisco H\",\"image\":{\"@type\":\"ImageObject\",\"inLanguage\":\"es-CL\",\"@id\":\"https:\\\/\\\/secure.gravatar.com\\\/avatar\\\/63233762875caf7cb464abb0c994788b36bb5a903f4b5e6d958a14f57c41e047?s=96&d=mm&r=g\",\"url\":\"https:\\\/\\\/secure.gravatar.com\\\/avatar\\\/63233762875caf7cb464abb0c994788b36bb5a903f4b5e6d958a14f57c41e047?s=96&d=mm&r=g\",\"contentUrl\":\"https:\\\/\\\/secure.gravatar.com\\\/avatar\\\/63233762875caf7cb464abb0c994788b36bb5a903f4b5e6d958a14f57c41e047?s=96&d=mm&r=g\",\"caption\":\"Francisco H\"},\"url\":\"https:\\\/\\\/www.ing.uc.cl\\\/electrica\\\/author\\\/fherreros\\\/\"}]}<\/script>\n<!-- \/ Yoast SEO plugin. -->","yoast_head_json":{"title":"Charla de Postgrado - mi\u00e9rcoles 5 de Octubre - DEPARTAMENTO DE INGENIER\u00cdA EL\u00c9CTRICA","robots":{"index":"index","follow":"follow","max-snippet":"max-snippet:-1","max-image-preview":"max-image-preview:large","max-video-preview":"max-video-preview:-1"},"canonical":"https:\/\/www.ing.uc.cl\/electrica\/2022\/10\/07\/charla-de-postgrado-miercoles-5-de-octubre\/","og_locale":"es_ES","og_type":"article","og_title":"Charla de Postgrado - mi\u00e9rcoles 5 de Octubre - DEPARTAMENTO DE INGENIER\u00cdA EL\u00c9CTRICA","og_description":"Con gran asistencia se realiz\u00f3 una nueva charla de postgrado...","og_url":"https:\/\/www.ing.uc.cl\/electrica\/2022\/10\/07\/charla-de-postgrado-miercoles-5-de-octubre\/","og_site_name":"DEPARTAMENTO DE INGENIER\u00cdA EL\u00c9CTRICA","article_published_time":"2022-10-07T15:20:32+00:00","og_image":[{"url":"https:\/\/www.ing.uc.cl\/electrica\/wp-content\/uploads\/2022\/10\/img_20221005_133358253-scaled.jpg","type":"","width":"","height":""}],"author":"Francisco H","twitter_card":"summary_large_image","twitter_misc":{"Escrito por":"Francisco H","Tiempo estimado de lectura":"3 minutos"},"schema":{"@context":"https:\/\/schema.org","@graph":[{"@type":"Article","@id":"https:\/\/www.ing.uc.cl\/electrica\/2022\/10\/07\/charla-de-postgrado-miercoles-5-de-octubre\/#article","isPartOf":{"@id":"https:\/\/www.ing.uc.cl\/electrica\/2022\/10\/07\/charla-de-postgrado-miercoles-5-de-octubre\/"},"author":{"name":"Francisco H","@id":"https:\/\/www.ing.uc.cl\/electrica\/#\/schema\/person\/46a2c0f475e2bf9366409f2ed1944667"},"headline":"Charla de Postgrado &#8211; mi\u00e9rcoles 5 de Octubre","datePublished":"2022-10-07T15:20:32+00:00","mainEntityOfPage":{"@id":"https:\/\/www.ing.uc.cl\/electrica\/2022\/10\/07\/charla-de-postgrado-miercoles-5-de-octubre\/"},"wordCount":565,"publisher":{"@id":"https:\/\/www.ing.uc.cl\/electrica\/#organization"},"image":{"@id":"https:\/\/www.ing.uc.cl\/electrica\/2022\/10\/07\/charla-de-postgrado-miercoles-5-de-octubre\/#primaryimage"},"thumbnailUrl":"https:\/\/www.ing.uc.cl\/electrica\/wp-content\/uploads\/2022\/10\/img_20221005_133358253-scaled.jpg","articleSection":["Noticias","Novedades"],"inLanguage":"es-CL"},{"@type":"WebPage","@id":"https:\/\/www.ing.uc.cl\/electrica\/2022\/10\/07\/charla-de-postgrado-miercoles-5-de-octubre\/","url":"https:\/\/www.ing.uc.cl\/electrica\/2022\/10\/07\/charla-de-postgrado-miercoles-5-de-octubre\/","name":"Charla de Postgrado - mi\u00e9rcoles 5 de Octubre - DEPARTAMENTO DE INGENIER\u00cdA EL\u00c9CTRICA","isPartOf":{"@id":"https:\/\/www.ing.uc.cl\/electrica\/#website"},"primaryImageOfPage":{"@id":"https:\/\/www.ing.uc.cl\/electrica\/2022\/10\/07\/charla-de-postgrado-miercoles-5-de-octubre\/#primaryimage"},"image":{"@id":"https:\/\/www.ing.uc.cl\/electrica\/2022\/10\/07\/charla-de-postgrado-miercoles-5-de-octubre\/#primaryimage"},"thumbnailUrl":"https:\/\/www.ing.uc.cl\/electrica\/wp-content\/uploads\/2022\/10\/img_20221005_133358253-scaled.jpg","datePublished":"2022-10-07T15:20:32+00:00","breadcrumb":{"@id":"https:\/\/www.ing.uc.cl\/electrica\/2022\/10\/07\/charla-de-postgrado-miercoles-5-de-octubre\/#breadcrumb"},"inLanguage":"es-CL","potentialAction":[{"@type":"ReadAction","target":["https:\/\/www.ing.uc.cl\/electrica\/2022\/10\/07\/charla-de-postgrado-miercoles-5-de-octubre\/"]}]},{"@type":"ImageObject","inLanguage":"es-CL","@id":"https:\/\/www.ing.uc.cl\/electrica\/2022\/10\/07\/charla-de-postgrado-miercoles-5-de-octubre\/#primaryimage","url":"https:\/\/www.ing.uc.cl\/electrica\/wp-content\/uploads\/2022\/10\/img_20221005_133358253-scaled.jpg","contentUrl":"https:\/\/www.ing.uc.cl\/electrica\/wp-content\/uploads\/2022\/10\/img_20221005_133358253-scaled.jpg"},{"@type":"BreadcrumbList","@id":"https:\/\/www.ing.uc.cl\/electrica\/2022\/10\/07\/charla-de-postgrado-miercoles-5-de-octubre\/#breadcrumb","itemListElement":[{"@type":"ListItem","position":1,"name":"Portada","item":"https:\/\/www.ing.uc.cl\/electrica\/"},{"@type":"ListItem","position":2,"name":"Charla de Postgrado &#8211; mi\u00e9rcoles 5 de Octubre"}]},{"@type":"WebSite","@id":"https:\/\/www.ing.uc.cl\/electrica\/#website","url":"https:\/\/www.ing.uc.cl\/electrica\/","name":"DEPARTAMENTO DE INGENIER\u00cdA EL\u00c9CTRICA","description":"","publisher":{"@id":"https:\/\/www.ing.uc.cl\/electrica\/#organization"},"potentialAction":[{"@type":"SearchAction","target":{"@type":"EntryPoint","urlTemplate":"https:\/\/www.ing.uc.cl\/electrica\/?s={search_term_string}"},"query-input":{"@type":"PropertyValueSpecification","valueRequired":true,"valueName":"search_term_string"}}],"inLanguage":"es-CL"},{"@type":"Organization","@id":"https:\/\/www.ing.uc.cl\/electrica\/#organization","name":"DEPARTAMENTO DE INGENIER\u00cdA EL\u00c9CTRICA","url":"https:\/\/www.ing.uc.cl\/electrica\/","logo":{"@type":"ImageObject","inLanguage":"es-CL","@id":"https:\/\/www.ing.uc.cl\/electrica\/#\/schema\/logo\/image\/","url":"https:\/\/www.ing.uc.cl\/electrica\/wp-content\/uploads\/2020\/03\/logo-uc-03.svg","contentUrl":"https:\/\/www.ing.uc.cl\/electrica\/wp-content\/uploads\/2020\/03\/logo-uc-03.svg","width":156,"height":90,"caption":"DEPARTAMENTO DE INGENIER\u00cdA EL\u00c9CTRICA"},"image":{"@id":"https:\/\/www.ing.uc.cl\/electrica\/#\/schema\/logo\/image\/"}},{"@type":"Person","@id":"https:\/\/www.ing.uc.cl\/electrica\/#\/schema\/person\/46a2c0f475e2bf9366409f2ed1944667","name":"Francisco H","image":{"@type":"ImageObject","inLanguage":"es-CL","@id":"https:\/\/secure.gravatar.com\/avatar\/63233762875caf7cb464abb0c994788b36bb5a903f4b5e6d958a14f57c41e047?s=96&d=mm&r=g","url":"https:\/\/secure.gravatar.com\/avatar\/63233762875caf7cb464abb0c994788b36bb5a903f4b5e6d958a14f57c41e047?s=96&d=mm&r=g","contentUrl":"https:\/\/secure.gravatar.com\/avatar\/63233762875caf7cb464abb0c994788b36bb5a903f4b5e6d958a14f57c41e047?s=96&d=mm&r=g","caption":"Francisco H"},"url":"https:\/\/www.ing.uc.cl\/electrica\/author\/fherreros\/"}]}},"_links":{"self":[{"href":"https:\/\/www.ing.uc.cl\/electrica\/wp-json\/wp\/v2\/posts\/8710","targetHints":{"allow":["GET"]}}],"collection":[{"href":"https:\/\/www.ing.uc.cl\/electrica\/wp-json\/wp\/v2\/posts"}],"about":[{"href":"https:\/\/www.ing.uc.cl\/electrica\/wp-json\/wp\/v2\/types\/post"}],"author":[{"embeddable":true,"href":"https:\/\/www.ing.uc.cl\/electrica\/wp-json\/wp\/v2\/users\/4"}],"replies":[{"embeddable":true,"href":"https:\/\/www.ing.uc.cl\/electrica\/wp-json\/wp\/v2\/comments?post=8710"}],"version-history":[{"count":0,"href":"https:\/\/www.ing.uc.cl\/electrica\/wp-json\/wp\/v2\/posts\/8710\/revisions"}],"wp:attachment":[{"href":"https:\/\/www.ing.uc.cl\/electrica\/wp-json\/wp\/v2\/media?parent=8710"}],"wp:term":[{"taxonomy":"category","embeddable":true,"href":"https:\/\/www.ing.uc.cl\/electrica\/wp-json\/wp\/v2\/categories?post=8710"},{"taxonomy":"post_tag","embeddable":true,"href":"https:\/\/www.ing.uc.cl\/electrica\/wp-json\/wp\/v2\/tags?post=8710"}],"curies":[{"name":"wp","href":"https:\/\/api.w.org\/{rel}","templated":true}]}}