{"id":8764,"date":"2022-10-17T09:53:50","date_gmt":"2022-10-17T13:53:50","guid":{"rendered":"https:\/\/www.ing.uc.cl\/electrica\/?p=8764"},"modified":"2022-10-17T09:53:50","modified_gmt":"2022-10-17T13:53:50","slug":"claudio-seebach-fue-elegido-por-wec-como-vicepresidente-de-america-latina-y-el-caribe","status":"publish","type":"post","link":"https:\/\/www.ing.uc.cl\/electrica\/2022\/10\/17\/claudio-seebach-fue-elegido-por-wec-como-vicepresidente-de-america-latina-y-el-caribe\/","title":{"rendered":"Claudio Seebach fue elegido por WEC como Vicepresidente de Am\u00e9rica Latina y el Caribe"},"content":{"rendered":"<p><a href=\"https:\/\/www.ing.uc.cl\/electrica\/wp-content\/uploads\/2022\/10\/seebach.jpg\"><img fetchpriority=\"high\" decoding=\"async\" class=\"size-large wp-image-8767 aligncenter\" src=\"https:\/\/www.ing.uc.cl\/electrica\/wp-content\/uploads\/2022\/10\/seebach-1024x768.jpg\" alt=\"\" width=\"1024\" height=\"768\" srcset=\"https:\/\/www.ing.uc.cl\/electrica\/wp-content\/uploads\/2022\/10\/seebach-1024x768.jpg 1024w, https:\/\/www.ing.uc.cl\/electrica\/wp-content\/uploads\/2022\/10\/seebach-300x225.jpg 300w, https:\/\/www.ing.uc.cl\/electrica\/wp-content\/uploads\/2022\/10\/seebach-768x576.jpg 768w, https:\/\/www.ing.uc.cl\/electrica\/wp-content\/uploads\/2022\/10\/seebach-1536x1152.jpg 1536w, https:\/\/www.ing.uc.cl\/electrica\/wp-content\/uploads\/2022\/10\/seebach.jpg 1600w\" sizes=\"(max-width: 1024px) 100vw, 1024px\" \/><\/a><br \/>\nEl Consejo Mundial de la Energ\u00eda (WEC, por sus siglas en ingl\u00e9s) eligi\u00f3 a Claudio Seebach, Presidente Ejecutivo de Generadoras de Chile, como Vice Chair de Am\u00e9rica Latina y el Caribe (LAC) para el per\u00edodo 2022 a 2025, sucediendo a Claudia Cronenbold, quien se desempe\u00f1\u00f3 en el cargo durante dos mandatos.<\/p>\n<p>El anuncio se realiz\u00f3 durante la Asamblea Ejecutiva del Consejo Mundial de la Energ\u00eda y Cumbre del Trilema Energ\u00e9tico, instancia organizada junto al Gobierno de Escocia, y que se extendi\u00f3 entre el 12 y 13 de octubre en la ciudad de Aberdeen.<\/p>\n<p>WEC tambi\u00e9n revel\u00f3 que el Dr. Michael Howard ser\u00e1 el nuevo Presidente del Consejo de Oficiales (Junta Directiva), sucediendo a Jean-Marie Dauger, cuyo mandato concluy\u00f3 tras servir en el cargo desde septiembre de 2019.<\/p>\n<p>Claudio Seebach es ingeniero industrial el\u00e9ctrico de la Universidad Cat\u00f3lica y m\u00e1ster en Ingenier\u00eda de la Stanford University. Cofundador de Ense\u00f1a Chile y de Elige Educar, adem\u00e1s de la empresa B Pr\u00f3xima Servicios. Tambi\u00e9n fue director nacional de Un Techo para Chile, director ejecutivo del Centro de Pol\u00edticas P\u00fablicas UC y Secretario Ejecutivo del Consorcio para la Reforma del Estado.<\/p>\n<p>Desde su labor en la industria energ\u00e9tica, ha liderado el acuerdo y la agenda de descarbonizaci\u00f3n del sector el\u00e9ctrico. Aparte de su cargo en Generadoras de Chile, hoy ocupa un puesto como director en el board del cap\u00edtulo local del World Energy Council.<\/p>\n<p>Transiciones m\u00e1s justas<\/p>\n<p>La Asamblea Ejecutiva del Consejo Mundial de la Energ\u00eda y Cumbre del Trilema Energ\u00e9tico, reuni\u00f3 a la comunidad global de WEC y a los principales agentes de cambio, procedentes de casi 100 pa\u00edses.<\/p>\n<p>Bajo el lema &#8220;Soluciones transformadoras en tiempos turbulentos&#8221;, el objetivo de la cita fue identificar las oportunidades para lograr transiciones energ\u00e9ticas justas en un mundo acelerado y dividido.<\/p>\n<p>\u201cEste es un momento importante para la energ\u00eda. Mientras experimentamos la primera crisis energ\u00e9tica impulsada por la demanda, el conflicto b\u00e9lico, el Covid y el cambio clim\u00e1tico, es evidente que la energ\u00eda afecta a todos los aspectos de la vida. La agenda energ\u00e9tica mundial no puede avanzar oscilando de una prioridad a otra. El \u00e9xito de las transiciones energ\u00e9ticas solo puede lograrse manteniendo la atenci\u00f3n en todos los pilares del Trilema Energ\u00e9tico Mundial -seguridad, asequibilidad y sostenibilidad- para garantizar que nadie se quede atr\u00e1s\u201d, se lee en una declaraci\u00f3n de WEC.<\/p>\n<p>Esta fue la primera reuni\u00f3n presencial de toda comunidad del Consejo en tres a\u00f1os, justo cuando la organizaci\u00f3n cumple un siglo de vida.    \t<\/p>\n","protected":false},"excerpt":{"rendered":"<p>Claudio es el ultimo galardonado del premio Ingeniero El\u00e9ctrico UC destacado y ex alumno de nuestro Departamento. El nombramiento fue realizado en Aberdeen, Escocia, donde se celebr\u00f3 un importante evento global del World Energy Council con representantes de m\u00e1s de 100 pa\u00edses.<\/p>\n","protected":false},"author":4,"featured_media":0,"comment_status":"closed","ping_status":"closed","sticky":false,"template":"","format":"standard","meta":{"_acf_changed":false,"_eb_attr":"","site-sidebar-layout":"default","site-content-layout":"","ast-site-content-layout":"default","site-content-style":"default","site-sidebar-style":"default","ast-global-header-display":"","ast-banner-title-visibility":"","ast-main-header-display":"","ast-hfb-above-header-display":"","ast-hfb-below-header-display":"","ast-hfb-mobile-header-display":"","site-post-title":"","ast-breadcrumbs-content":"","ast-featured-img":"","footer-sml-layout":"","ast-disable-related-posts":"","theme-transparent-header-meta":"","adv-header-id-meta":"","stick-header-meta":"","header-above-stick-meta":"","header-main-stick-meta":"","header-below-stick-meta":"","astra-migrate-meta-layouts":"default","ast-page-background-enabled":"default","ast-page-background-meta":{"desktop":{"background-color":"","background-image":"","background-repeat":"repeat","background-position":"center center","background-size":"auto","background-attachment":"scroll","background-type":"","background-media":"","overlay-type":"","overlay-color":"","overlay-opacity":"","overlay-gradient":""},"tablet":{"background-color":"","background-image":"","background-repeat":"repeat","background-position":"center center","background-size":"auto","background-attachment":"scroll","background-type":"","background-media":"","overlay-type":"","overlay-color":"","overlay-opacity":"","overlay-gradient":""},"mobile":{"background-color":"","background-image":"","background-repeat":"repeat","background-position":"center center","background-size":"auto","background-attachment":"scroll","background-type":"","background-media":"","overlay-type":"","overlay-color":"","overlay-opacity":"","overlay-gradient":""}},"ast-content-background-meta":{"desktop":{"background-color":"var(--ast-global-color-5)","background-image":"","background-repeat":"repeat","background-position":"center center","background-size":"auto","background-attachment":"scroll","background-type":"","background-media":"","overlay-type":"","overlay-color":"","overlay-opacity":"","overlay-gradient":""},"tablet":{"background-color":"var(--ast-global-color-5)","background-image":"","background-repeat":"repeat","background-position":"center center","background-size":"auto","background-attachment":"scroll","background-type":"","background-media":"","overlay-type":"","overlay-color":"","overlay-opacity":"","overlay-gradient":""},"mobile":{"background-color":"var(--ast-global-color-5)","background-image":"","background-repeat":"repeat","background-position":"center center","background-size":"auto","background-attachment":"scroll","background-type":"","background-media":"","overlay-type":"","overlay-color":"","overlay-opacity":"","overlay-gradient":""}},"footnotes":""},"categories":[18,19],"tags":[],"class_list":["post-8764","post","type-post","status-publish","format-standard","hentry","category-electrica-noticias","category-electrica-novedades"],"acf":[],"yoast_head":"<!-- This site is optimized with the Yoast SEO plugin v27.4 - https:\/\/yoast.com\/product\/yoast-seo-wordpress\/ -->\n<title>Claudio Seebach fue elegido por WEC como Vicepresidente de Am\u00e9rica Latina y el Caribe - DEPARTAMENTO DE INGENIER\u00cdA EL\u00c9CTRICA<\/title>\n<meta name=\"robots\" content=\"index, follow, max-snippet:-1, max-image-preview:large, max-video-preview:-1\" \/>\n<link rel=\"canonical\" href=\"https:\/\/www.ing.uc.cl\/electrica\/2022\/10\/17\/claudio-seebach-fue-elegido-por-wec-como-vicepresidente-de-america-latina-y-el-caribe\/\" \/>\n<meta property=\"og:locale\" content=\"es_ES\" \/>\n<meta property=\"og:type\" content=\"article\" \/>\n<meta property=\"og:title\" content=\"Claudio Seebach fue elegido por WEC como Vicepresidente de Am\u00e9rica Latina y el Caribe - DEPARTAMENTO DE INGENIER\u00cdA EL\u00c9CTRICA\" \/>\n<meta property=\"og:description\" content=\"Claudio es el ultimo galardonado del premio Ingeniero El\u00e9ctrico UC destacado y ex alumno de nuestro Departamento. El nombramiento fue realizado en Aberdeen, Escocia, donde se celebr\u00f3 un importante evento global del World Energy Council con representantes de m\u00e1s de 100 pa\u00edses.\" \/>\n<meta property=\"og:url\" content=\"https:\/\/www.ing.uc.cl\/electrica\/2022\/10\/17\/claudio-seebach-fue-elegido-por-wec-como-vicepresidente-de-america-latina-y-el-caribe\/\" \/>\n<meta property=\"og:site_name\" content=\"DEPARTAMENTO DE INGENIER\u00cdA EL\u00c9CTRICA\" \/>\n<meta property=\"article:published_time\" content=\"2022-10-17T13:53:50+00:00\" \/>\n<meta property=\"og:image\" content=\"https:\/\/www.ing.uc.cl\/electrica\/wp-content\/uploads\/2022\/10\/seebach-1024x768.jpg\" \/>\n<meta name=\"author\" content=\"Francisco H\" \/>\n<meta name=\"twitter:card\" content=\"summary_large_image\" \/>\n<meta name=\"twitter:label1\" content=\"Escrito por\" \/>\n\t<meta name=\"twitter:data1\" content=\"Francisco H\" \/>\n\t<meta name=\"twitter:label2\" content=\"Tiempo estimado de lectura\" \/>\n\t<meta name=\"twitter:data2\" content=\"2 minutos\" \/>\n<script type=\"application\/ld+json\" class=\"yoast-schema-graph\">{\"@context\":\"https:\\\/\\\/schema.org\",\"@graph\":[{\"@type\":\"Article\",\"@id\":\"https:\\\/\\\/www.ing.uc.cl\\\/electrica\\\/2022\\\/10\\\/17\\\/claudio-seebach-fue-elegido-por-wec-como-vicepresidente-de-america-latina-y-el-caribe\\\/#article\",\"isPartOf\":{\"@id\":\"https:\\\/\\\/www.ing.uc.cl\\\/electrica\\\/2022\\\/10\\\/17\\\/claudio-seebach-fue-elegido-por-wec-como-vicepresidente-de-america-latina-y-el-caribe\\\/\"},\"author\":{\"name\":\"Francisco H\",\"@id\":\"https:\\\/\\\/www.ing.uc.cl\\\/electrica\\\/#\\\/schema\\\/person\\\/46a2c0f475e2bf9366409f2ed1944667\"},\"headline\":\"Claudio Seebach fue elegido por WEC como Vicepresidente de Am\u00e9rica Latina y el Caribe\",\"datePublished\":\"2022-10-17T13:53:50+00:00\",\"mainEntityOfPage\":{\"@id\":\"https:\\\/\\\/www.ing.uc.cl\\\/electrica\\\/2022\\\/10\\\/17\\\/claudio-seebach-fue-elegido-por-wec-como-vicepresidente-de-america-latina-y-el-caribe\\\/\"},\"wordCount\":457,\"publisher\":{\"@id\":\"https:\\\/\\\/www.ing.uc.cl\\\/electrica\\\/#organization\"},\"image\":{\"@id\":\"https:\\\/\\\/www.ing.uc.cl\\\/electrica\\\/2022\\\/10\\\/17\\\/claudio-seebach-fue-elegido-por-wec-como-vicepresidente-de-america-latina-y-el-caribe\\\/#primaryimage\"},\"thumbnailUrl\":\"https:\\\/\\\/www.ing.uc.cl\\\/electrica\\\/wp-content\\\/uploads\\\/2022\\\/10\\\/seebach-1024x768.jpg\",\"articleSection\":[\"Noticias\",\"Novedades\"],\"inLanguage\":\"es-CL\"},{\"@type\":\"WebPage\",\"@id\":\"https:\\\/\\\/www.ing.uc.cl\\\/electrica\\\/2022\\\/10\\\/17\\\/claudio-seebach-fue-elegido-por-wec-como-vicepresidente-de-america-latina-y-el-caribe\\\/\",\"url\":\"https:\\\/\\\/www.ing.uc.cl\\\/electrica\\\/2022\\\/10\\\/17\\\/claudio-seebach-fue-elegido-por-wec-como-vicepresidente-de-america-latina-y-el-caribe\\\/\",\"name\":\"Claudio Seebach fue elegido por WEC como Vicepresidente de Am\u00e9rica Latina y el Caribe - DEPARTAMENTO DE INGENIER\u00cdA EL\u00c9CTRICA\",\"isPartOf\":{\"@id\":\"https:\\\/\\\/www.ing.uc.cl\\\/electrica\\\/#website\"},\"primaryImageOfPage\":{\"@id\":\"https:\\\/\\\/www.ing.uc.cl\\\/electrica\\\/2022\\\/10\\\/17\\\/claudio-seebach-fue-elegido-por-wec-como-vicepresidente-de-america-latina-y-el-caribe\\\/#primaryimage\"},\"image\":{\"@id\":\"https:\\\/\\\/www.ing.uc.cl\\\/electrica\\\/2022\\\/10\\\/17\\\/claudio-seebach-fue-elegido-por-wec-como-vicepresidente-de-america-latina-y-el-caribe\\\/#primaryimage\"},\"thumbnailUrl\":\"https:\\\/\\\/www.ing.uc.cl\\\/electrica\\\/wp-content\\\/uploads\\\/2022\\\/10\\\/seebach-1024x768.jpg\",\"datePublished\":\"2022-10-17T13:53:50+00:00\",\"breadcrumb\":{\"@id\":\"https:\\\/\\\/www.ing.uc.cl\\\/electrica\\\/2022\\\/10\\\/17\\\/claudio-seebach-fue-elegido-por-wec-como-vicepresidente-de-america-latina-y-el-caribe\\\/#breadcrumb\"},\"inLanguage\":\"es-CL\",\"potentialAction\":[{\"@type\":\"ReadAction\",\"target\":[\"https:\\\/\\\/www.ing.uc.cl\\\/electrica\\\/2022\\\/10\\\/17\\\/claudio-seebach-fue-elegido-por-wec-como-vicepresidente-de-america-latina-y-el-caribe\\\/\"]}]},{\"@type\":\"ImageObject\",\"inLanguage\":\"es-CL\",\"@id\":\"https:\\\/\\\/www.ing.uc.cl\\\/electrica\\\/2022\\\/10\\\/17\\\/claudio-seebach-fue-elegido-por-wec-como-vicepresidente-de-america-latina-y-el-caribe\\\/#primaryimage\",\"url\":\"https:\\\/\\\/www.ing.uc.cl\\\/electrica\\\/wp-content\\\/uploads\\\/2022\\\/10\\\/seebach-1024x768.jpg\",\"contentUrl\":\"https:\\\/\\\/www.ing.uc.cl\\\/electrica\\\/wp-content\\\/uploads\\\/2022\\\/10\\\/seebach-1024x768.jpg\"},{\"@type\":\"BreadcrumbList\",\"@id\":\"https:\\\/\\\/www.ing.uc.cl\\\/electrica\\\/2022\\\/10\\\/17\\\/claudio-seebach-fue-elegido-por-wec-como-vicepresidente-de-america-latina-y-el-caribe\\\/#breadcrumb\",\"itemListElement\":[{\"@type\":\"ListItem\",\"position\":1,\"name\":\"Portada\",\"item\":\"https:\\\/\\\/www.ing.uc.cl\\\/electrica\\\/\"},{\"@type\":\"ListItem\",\"position\":2,\"name\":\"Claudio Seebach fue elegido por WEC como Vicepresidente de Am\u00e9rica Latina y el Caribe\"}]},{\"@type\":\"WebSite\",\"@id\":\"https:\\\/\\\/www.ing.uc.cl\\\/electrica\\\/#website\",\"url\":\"https:\\\/\\\/www.ing.uc.cl\\\/electrica\\\/\",\"name\":\"DEPARTAMENTO DE INGENIER\u00cdA EL\u00c9CTRICA\",\"description\":\"\",\"publisher\":{\"@id\":\"https:\\\/\\\/www.ing.uc.cl\\\/electrica\\\/#organization\"},\"potentialAction\":[{\"@type\":\"SearchAction\",\"target\":{\"@type\":\"EntryPoint\",\"urlTemplate\":\"https:\\\/\\\/www.ing.uc.cl\\\/electrica\\\/?s={search_term_string}\"},\"query-input\":{\"@type\":\"PropertyValueSpecification\",\"valueRequired\":true,\"valueName\":\"search_term_string\"}}],\"inLanguage\":\"es-CL\"},{\"@type\":\"Organization\",\"@id\":\"https:\\\/\\\/www.ing.uc.cl\\\/electrica\\\/#organization\",\"name\":\"DEPARTAMENTO DE INGENIER\u00cdA EL\u00c9CTRICA\",\"url\":\"https:\\\/\\\/www.ing.uc.cl\\\/electrica\\\/\",\"logo\":{\"@type\":\"ImageObject\",\"inLanguage\":\"es-CL\",\"@id\":\"https:\\\/\\\/www.ing.uc.cl\\\/electrica\\\/#\\\/schema\\\/logo\\\/image\\\/\",\"url\":\"https:\\\/\\\/www.ing.uc.cl\\\/electrica\\\/wp-content\\\/uploads\\\/2020\\\/03\\\/logo-uc-03.svg\",\"contentUrl\":\"https:\\\/\\\/www.ing.uc.cl\\\/electrica\\\/wp-content\\\/uploads\\\/2020\\\/03\\\/logo-uc-03.svg\",\"width\":156,\"height\":90,\"caption\":\"DEPARTAMENTO DE INGENIER\u00cdA EL\u00c9CTRICA\"},\"image\":{\"@id\":\"https:\\\/\\\/www.ing.uc.cl\\\/electrica\\\/#\\\/schema\\\/logo\\\/image\\\/\"}},{\"@type\":\"Person\",\"@id\":\"https:\\\/\\\/www.ing.uc.cl\\\/electrica\\\/#\\\/schema\\\/person\\\/46a2c0f475e2bf9366409f2ed1944667\",\"name\":\"Francisco H\",\"image\":{\"@type\":\"ImageObject\",\"inLanguage\":\"es-CL\",\"@id\":\"https:\\\/\\\/secure.gravatar.com\\\/avatar\\\/63233762875caf7cb464abb0c994788b36bb5a903f4b5e6d958a14f57c41e047?s=96&d=mm&r=g\",\"url\":\"https:\\\/\\\/secure.gravatar.com\\\/avatar\\\/63233762875caf7cb464abb0c994788b36bb5a903f4b5e6d958a14f57c41e047?s=96&d=mm&r=g\",\"contentUrl\":\"https:\\\/\\\/secure.gravatar.com\\\/avatar\\\/63233762875caf7cb464abb0c994788b36bb5a903f4b5e6d958a14f57c41e047?s=96&d=mm&r=g\",\"caption\":\"Francisco H\"},\"url\":\"https:\\\/\\\/www.ing.uc.cl\\\/electrica\\\/author\\\/fherreros\\\/\"}]}<\/script>\n<!-- \/ Yoast SEO plugin. -->","yoast_head_json":{"title":"Claudio Seebach fue elegido por WEC como Vicepresidente de Am\u00e9rica Latina y el Caribe - DEPARTAMENTO DE INGENIER\u00cdA EL\u00c9CTRICA","robots":{"index":"index","follow":"follow","max-snippet":"max-snippet:-1","max-image-preview":"max-image-preview:large","max-video-preview":"max-video-preview:-1"},"canonical":"https:\/\/www.ing.uc.cl\/electrica\/2022\/10\/17\/claudio-seebach-fue-elegido-por-wec-como-vicepresidente-de-america-latina-y-el-caribe\/","og_locale":"es_ES","og_type":"article","og_title":"Claudio Seebach fue elegido por WEC como Vicepresidente de Am\u00e9rica Latina y el Caribe - DEPARTAMENTO DE INGENIER\u00cdA EL\u00c9CTRICA","og_description":"Claudio es el ultimo galardonado del premio Ingeniero El\u00e9ctrico UC destacado y ex alumno de nuestro Departamento. El nombramiento fue realizado en Aberdeen, Escocia, donde se celebr\u00f3 un importante evento global del World Energy Council con representantes de m\u00e1s de 100 pa\u00edses.","og_url":"https:\/\/www.ing.uc.cl\/electrica\/2022\/10\/17\/claudio-seebach-fue-elegido-por-wec-como-vicepresidente-de-america-latina-y-el-caribe\/","og_site_name":"DEPARTAMENTO DE INGENIER\u00cdA EL\u00c9CTRICA","article_published_time":"2022-10-17T13:53:50+00:00","og_image":[{"url":"https:\/\/www.ing.uc.cl\/electrica\/wp-content\/uploads\/2022\/10\/seebach-1024x768.jpg","type":"","width":"","height":""}],"author":"Francisco H","twitter_card":"summary_large_image","twitter_misc":{"Escrito por":"Francisco H","Tiempo estimado de lectura":"2 minutos"},"schema":{"@context":"https:\/\/schema.org","@graph":[{"@type":"Article","@id":"https:\/\/www.ing.uc.cl\/electrica\/2022\/10\/17\/claudio-seebach-fue-elegido-por-wec-como-vicepresidente-de-america-latina-y-el-caribe\/#article","isPartOf":{"@id":"https:\/\/www.ing.uc.cl\/electrica\/2022\/10\/17\/claudio-seebach-fue-elegido-por-wec-como-vicepresidente-de-america-latina-y-el-caribe\/"},"author":{"name":"Francisco H","@id":"https:\/\/www.ing.uc.cl\/electrica\/#\/schema\/person\/46a2c0f475e2bf9366409f2ed1944667"},"headline":"Claudio Seebach fue elegido por WEC como Vicepresidente de Am\u00e9rica Latina y el Caribe","datePublished":"2022-10-17T13:53:50+00:00","mainEntityOfPage":{"@id":"https:\/\/www.ing.uc.cl\/electrica\/2022\/10\/17\/claudio-seebach-fue-elegido-por-wec-como-vicepresidente-de-america-latina-y-el-caribe\/"},"wordCount":457,"publisher":{"@id":"https:\/\/www.ing.uc.cl\/electrica\/#organization"},"image":{"@id":"https:\/\/www.ing.uc.cl\/electrica\/2022\/10\/17\/claudio-seebach-fue-elegido-por-wec-como-vicepresidente-de-america-latina-y-el-caribe\/#primaryimage"},"thumbnailUrl":"https:\/\/www.ing.uc.cl\/electrica\/wp-content\/uploads\/2022\/10\/seebach-1024x768.jpg","articleSection":["Noticias","Novedades"],"inLanguage":"es-CL"},{"@type":"WebPage","@id":"https:\/\/www.ing.uc.cl\/electrica\/2022\/10\/17\/claudio-seebach-fue-elegido-por-wec-como-vicepresidente-de-america-latina-y-el-caribe\/","url":"https:\/\/www.ing.uc.cl\/electrica\/2022\/10\/17\/claudio-seebach-fue-elegido-por-wec-como-vicepresidente-de-america-latina-y-el-caribe\/","name":"Claudio Seebach fue elegido por WEC como Vicepresidente de Am\u00e9rica Latina y el Caribe - DEPARTAMENTO DE INGENIER\u00cdA EL\u00c9CTRICA","isPartOf":{"@id":"https:\/\/www.ing.uc.cl\/electrica\/#website"},"primaryImageOfPage":{"@id":"https:\/\/www.ing.uc.cl\/electrica\/2022\/10\/17\/claudio-seebach-fue-elegido-por-wec-como-vicepresidente-de-america-latina-y-el-caribe\/#primaryimage"},"image":{"@id":"https:\/\/www.ing.uc.cl\/electrica\/2022\/10\/17\/claudio-seebach-fue-elegido-por-wec-como-vicepresidente-de-america-latina-y-el-caribe\/#primaryimage"},"thumbnailUrl":"https:\/\/www.ing.uc.cl\/electrica\/wp-content\/uploads\/2022\/10\/seebach-1024x768.jpg","datePublished":"2022-10-17T13:53:50+00:00","breadcrumb":{"@id":"https:\/\/www.ing.uc.cl\/electrica\/2022\/10\/17\/claudio-seebach-fue-elegido-por-wec-como-vicepresidente-de-america-latina-y-el-caribe\/#breadcrumb"},"inLanguage":"es-CL","potentialAction":[{"@type":"ReadAction","target":["https:\/\/www.ing.uc.cl\/electrica\/2022\/10\/17\/claudio-seebach-fue-elegido-por-wec-como-vicepresidente-de-america-latina-y-el-caribe\/"]}]},{"@type":"ImageObject","inLanguage":"es-CL","@id":"https:\/\/www.ing.uc.cl\/electrica\/2022\/10\/17\/claudio-seebach-fue-elegido-por-wec-como-vicepresidente-de-america-latina-y-el-caribe\/#primaryimage","url":"https:\/\/www.ing.uc.cl\/electrica\/wp-content\/uploads\/2022\/10\/seebach-1024x768.jpg","contentUrl":"https:\/\/www.ing.uc.cl\/electrica\/wp-content\/uploads\/2022\/10\/seebach-1024x768.jpg"},{"@type":"BreadcrumbList","@id":"https:\/\/www.ing.uc.cl\/electrica\/2022\/10\/17\/claudio-seebach-fue-elegido-por-wec-como-vicepresidente-de-america-latina-y-el-caribe\/#breadcrumb","itemListElement":[{"@type":"ListItem","position":1,"name":"Portada","item":"https:\/\/www.ing.uc.cl\/electrica\/"},{"@type":"ListItem","position":2,"name":"Claudio Seebach fue elegido por WEC como Vicepresidente de Am\u00e9rica Latina y el Caribe"}]},{"@type":"WebSite","@id":"https:\/\/www.ing.uc.cl\/electrica\/#website","url":"https:\/\/www.ing.uc.cl\/electrica\/","name":"DEPARTAMENTO DE INGENIER\u00cdA EL\u00c9CTRICA","description":"","publisher":{"@id":"https:\/\/www.ing.uc.cl\/electrica\/#organization"},"potentialAction":[{"@type":"SearchAction","target":{"@type":"EntryPoint","urlTemplate":"https:\/\/www.ing.uc.cl\/electrica\/?s={search_term_string}"},"query-input":{"@type":"PropertyValueSpecification","valueRequired":true,"valueName":"search_term_string"}}],"inLanguage":"es-CL"},{"@type":"Organization","@id":"https:\/\/www.ing.uc.cl\/electrica\/#organization","name":"DEPARTAMENTO DE INGENIER\u00cdA EL\u00c9CTRICA","url":"https:\/\/www.ing.uc.cl\/electrica\/","logo":{"@type":"ImageObject","inLanguage":"es-CL","@id":"https:\/\/www.ing.uc.cl\/electrica\/#\/schema\/logo\/image\/","url":"https:\/\/www.ing.uc.cl\/electrica\/wp-content\/uploads\/2020\/03\/logo-uc-03.svg","contentUrl":"https:\/\/www.ing.uc.cl\/electrica\/wp-content\/uploads\/2020\/03\/logo-uc-03.svg","width":156,"height":90,"caption":"DEPARTAMENTO DE INGENIER\u00cdA EL\u00c9CTRICA"},"image":{"@id":"https:\/\/www.ing.uc.cl\/electrica\/#\/schema\/logo\/image\/"}},{"@type":"Person","@id":"https:\/\/www.ing.uc.cl\/electrica\/#\/schema\/person\/46a2c0f475e2bf9366409f2ed1944667","name":"Francisco H","image":{"@type":"ImageObject","inLanguage":"es-CL","@id":"https:\/\/secure.gravatar.com\/avatar\/63233762875caf7cb464abb0c994788b36bb5a903f4b5e6d958a14f57c41e047?s=96&d=mm&r=g","url":"https:\/\/secure.gravatar.com\/avatar\/63233762875caf7cb464abb0c994788b36bb5a903f4b5e6d958a14f57c41e047?s=96&d=mm&r=g","contentUrl":"https:\/\/secure.gravatar.com\/avatar\/63233762875caf7cb464abb0c994788b36bb5a903f4b5e6d958a14f57c41e047?s=96&d=mm&r=g","caption":"Francisco H"},"url":"https:\/\/www.ing.uc.cl\/electrica\/author\/fherreros\/"}]}},"_links":{"self":[{"href":"https:\/\/www.ing.uc.cl\/electrica\/wp-json\/wp\/v2\/posts\/8764","targetHints":{"allow":["GET"]}}],"collection":[{"href":"https:\/\/www.ing.uc.cl\/electrica\/wp-json\/wp\/v2\/posts"}],"about":[{"href":"https:\/\/www.ing.uc.cl\/electrica\/wp-json\/wp\/v2\/types\/post"}],"author":[{"embeddable":true,"href":"https:\/\/www.ing.uc.cl\/electrica\/wp-json\/wp\/v2\/users\/4"}],"replies":[{"embeddable":true,"href":"https:\/\/www.ing.uc.cl\/electrica\/wp-json\/wp\/v2\/comments?post=8764"}],"version-history":[{"count":0,"href":"https:\/\/www.ing.uc.cl\/electrica\/wp-json\/wp\/v2\/posts\/8764\/revisions"}],"wp:attachment":[{"href":"https:\/\/www.ing.uc.cl\/electrica\/wp-json\/wp\/v2\/media?parent=8764"}],"wp:term":[{"taxonomy":"category","embeddable":true,"href":"https:\/\/www.ing.uc.cl\/electrica\/wp-json\/wp\/v2\/categories?post=8764"},{"taxonomy":"post_tag","embeddable":true,"href":"https:\/\/www.ing.uc.cl\/electrica\/wp-json\/wp\/v2\/tags?post=8764"}],"curies":[{"name":"wp","href":"https:\/\/api.w.org\/{rel}","templated":true}]}}