{"id":8807,"date":"2022-11-23T14:56:02","date_gmt":"2022-11-23T18:56:02","guid":{"rendered":"https:\/\/www.ing.uc.cl\/electrica\/?p=8807"},"modified":"2022-11-23T14:56:02","modified_gmt":"2022-11-23T18:56:02","slug":"hoy-se-realizo-la-ultima-charla-de-postgrado-del-ano","status":"publish","type":"post","link":"https:\/\/www.ing.uc.cl\/electrica\/2022\/11\/23\/hoy-se-realizo-la-ultima-charla-de-postgrado-del-ano\/","title":{"rendered":"Hoy se realiz\u00f3 la \u00faltima Charla de Postgrado del a\u00f1o"},"content":{"rendered":"<p><a href=\"https:\/\/www.ing.uc.cl\/electrica\/wp-content\/uploads\/2022\/11\/img_4240-scaled.jpg\"><img fetchpriority=\"high\" decoding=\"async\" class=\"alignnone size-full wp-image-8811\" src=\"https:\/\/www.ing.uc.cl\/electrica\/wp-content\/uploads\/2022\/11\/img_4240-scaled.jpg\" alt=\"\" width=\"2560\" height=\"1707\" \/><\/a><\/p>\n<p>&nbsp;<\/p>\n<p>Con gran asistencia de alumnos se realiz\u00f3 la \u00faltima charla de postgrado del a\u00f1o. En esta ocasi\u00f3n participaron:<\/p>\n<p><a href=\"https:\/\/www.ing.uc.cl\/electrica\/wp-content\/uploads\/2022\/11\/img_4227-scaled.jpg\"><img decoding=\"async\" class=\"alignnone size-full wp-image-8810\" src=\"https:\/\/www.ing.uc.cl\/electrica\/wp-content\/uploads\/2022\/11\/img_4227-scaled.jpg\" alt=\"\" width=\"2560\" height=\"1707\" \/><\/a><\/p>\n<p><strong>*Fernando Hurtado Garc\u00eda-Huidobro,\u00a0<\/strong>alumno\u00a0de Mag\u00edster del \u00e1rea Sistemas de Informaci\u00f3n, profesor supervisor Patricio De la Cuadra<\/p>\n<p><strong>Title: \u201cLabios Aut\u00f3matas Musicales.\u00a0\u201d.<\/strong><\/p>\n<p><strong>Abstract:<\/strong>\u00a0Los instrumentos tipo flauta son un grupo grande de instrumentos musicales que se\u00a0encuentran en muchas partes del mundo y desde hace mucho tiempo. Sus manifestaciones son muy variadas, y pueden distinguirse por su timbre, por su registro, por su geometr\u00eda, por su capacidad de control o manipulaci\u00f3n, etc\u00e9tera. Algunos ejemplos son la flauta dulce, la flauta traversa, la quena, la zampo\u00f1a o hasta el \u00f3rgano o la flauta china. Son, por lo tanto, muy importantes en la transmisi\u00f3n de cultura y\u00a0en la expresi\u00f3n art\u00edstica. Es por esto que en la b\u00fasqueda por perfeccionar estos instrumentos se ha estudiado y modelar cada vez con mayor completitud el fen\u00f3meno sonoro subyacente, de forma que con su comprensi\u00f3n se puedan proponer nuevas geometr\u00edas que se adapten mejor a una necesidad particular, ya sea de est\u00e9tica o de control del instrumento. Uno de los problemas que hoy enfrenta esta investigaci\u00f3n es la medici\u00f3n y el control preciso de distintas variables de interes, idealmente de forma simultanea. Varios investigaciones han propuesto distintas\u00a0configuraciones experimentales que permiten manipular mejor uno u otro par\u00e1metro, pero hasta ahora ninguna de forma integral. Es entonces que se propone un sistema rob\u00f3tico como herramienta para experimentar con este tipo de instrumentos. En esta exposici\u00f3n se presentar\u00e1 el sistema rob\u00f3tico desarrollado y se explicar\u00e1n las decisiones de dise\u00f1o m\u00e1s relevantes.<\/p>\n<p>&nbsp;<\/p>\n<p>&nbsp;<\/p>\n<p><a href=\"https:\/\/www.ing.uc.cl\/electrica\/wp-content\/uploads\/2022\/11\/img_4238-scaled.jpg\"><img decoding=\"async\" class=\"alignnone size-full wp-image-8815\" src=\"https:\/\/www.ing.uc.cl\/electrica\/wp-content\/uploads\/2022\/11\/img_4238-scaled.jpg\" alt=\"\" width=\"2560\" height=\"1707\" \/><\/a><\/p>\n<p><strong>*Mar\u00eda Bel\u00e9n Echenique,\u00a0<\/strong>alumna de Mag\u00edster del \u00e1rea Sistemas de Informaci\u00f3n, profesor supervisor Rodrigo C\u00e1diz.<\/p>\n<p><strong>Title: \u201cMejora de sonidos card\u00edacos y respiratorios para su reproducci\u00f3n desde un smartphone con posible aplicaci\u00f3n para telemedicina\u201d.<\/strong><\/p>\n<p><strong>Abstract:<\/strong>\u00a0La telemedicina\u00a0se ha aplicado a m\u00faltiples \u00e1reas de especialidad m\u00e9dica\u00a0y su uso tiene una serie de ventajas para los pacientes: es m\u00e1s accesible, ahorra tiempo, reduce los gastos de viaje y los costes m\u00e9dicos. Por otro lado, reduce las citas perdidas para el centro sanitario, lo que aumenta sus ingresos. Los tel\u00e9fonos inteligentes son la tecnolog\u00eda que m\u00e1s r\u00e1pidamente se ha extendido en la sociedad, teniendo en la actualidad aproximadamente 7.000 millones de usuarios en todo el mundo. Su uso de Internet m\u00f3vil y redes Wi-Fi les permite transmitir y recibir datos desde casi cualquier lugar. Teniendo en cuenta lo anterior, los dispositivos m\u00e1s obvios para la telemedicina ser\u00edan los tel\u00e9fonos m\u00f3viles, que podr\u00edan ayudar a sustituir la presencia de personal cl\u00ednico y resolver limitaciones como la pr\u00e1ctica actual de realizar auscultaciones pulmonares y card\u00edacas durante un examen f\u00edsico en una teleconsulta. Dado que los tel\u00e9fonos inteligentes contienen micr\u00f3fonos incorporados, podr\u00edan utilizarse para registrar los sonidos producidos por el coraz\u00f3n y los pulmones, pero existen algunas limitaciones como la diferencia de micr\u00f3fonos entre los modelos de tel\u00e9fonos m\u00f3viles. Otra limitaci\u00f3n es que la calidad de los altavoces de los tel\u00e9fonos m\u00f3viles no permite la reproducci\u00f3n correcta de sonidos de baja frecuencia, como los sonidos del coraz\u00f3n. Se requiere entonces de un mecanismo de mejora de los audios capturados por un smartphone para reemplazar la presencia del estetoscopio en un examen f\u00edsico y as\u00ed, poder realizar este \u00faltimo a distancia. En esta exposici\u00f3n se presentar\u00e1n los algoritmos de procesamiento de se\u00f1ales para mejora de sonidos card\u00edacos\u00a0y respiratorios implementados y los resultados obtenidos.<\/p>\n<p><a href=\"https:\/\/www.ing.uc.cl\/electrica\/wp-content\/uploads\/2022\/11\/img_4232-scaled.jpg\"><img loading=\"lazy\" decoding=\"async\" class=\"alignnone size-full wp-image-8813\" src=\"https:\/\/www.ing.uc.cl\/electrica\/wp-content\/uploads\/2022\/11\/img_4232-scaled.jpg\" alt=\"\" width=\"2560\" height=\"1707\" \/><\/a> <a href=\"https:\/\/www.ing.uc.cl\/electrica\/wp-content\/uploads\/2022\/11\/img_4235-scaled.jpg\"><img loading=\"lazy\" decoding=\"async\" class=\"alignnone size-full wp-image-8814\" src=\"https:\/\/www.ing.uc.cl\/electrica\/wp-content\/uploads\/2022\/11\/img_4235-scaled.jpg\" alt=\"\" width=\"2560\" height=\"1707\" \/><\/a>    \t<\/p>\n","protected":false},"excerpt":{"rendered":"<p>Hoy mi\u00e9rcoles 23 de Noviembre finaliz\u00f3 el Ciclo de Charlas de Postgrado de este a\u00f1o.<\/p>\n","protected":false},"author":4,"featured_media":0,"comment_status":"closed","ping_status":"closed","sticky":false,"template":"","format":"standard","meta":{"_acf_changed":false,"_eb_attr":"","site-sidebar-layout":"default","site-content-layout":"","ast-site-content-layout":"default","site-content-style":"default","site-sidebar-style":"default","ast-global-header-display":"","ast-banner-title-visibility":"","ast-main-header-display":"","ast-hfb-above-header-display":"","ast-hfb-below-header-display":"","ast-hfb-mobile-header-display":"","site-post-title":"","ast-breadcrumbs-content":"","ast-featured-img":"","footer-sml-layout":"","ast-disable-related-posts":"","theme-transparent-header-meta":"","adv-header-id-meta":"","stick-header-meta":"","header-above-stick-meta":"","header-main-stick-meta":"","header-below-stick-meta":"","astra-migrate-meta-layouts":"default","ast-page-background-enabled":"default","ast-page-background-meta":{"desktop":{"background-color":"","background-image":"","background-repeat":"repeat","background-position":"center center","background-size":"auto","background-attachment":"scroll","background-type":"","background-media":"","overlay-type":"","overlay-color":"","overlay-opacity":"","overlay-gradient":""},"tablet":{"background-color":"","background-image":"","background-repeat":"repeat","background-position":"center center","background-size":"auto","background-attachment":"scroll","background-type":"","background-media":"","overlay-type":"","overlay-color":"","overlay-opacity":"","overlay-gradient":""},"mobile":{"background-color":"","background-image":"","background-repeat":"repeat","background-position":"center center","background-size":"auto","background-attachment":"scroll","background-type":"","background-media":"","overlay-type":"","overlay-color":"","overlay-opacity":"","overlay-gradient":""}},"ast-content-background-meta":{"desktop":{"background-color":"var(--ast-global-color-5)","background-image":"","background-repeat":"repeat","background-position":"center center","background-size":"auto","background-attachment":"scroll","background-type":"","background-media":"","overlay-type":"","overlay-color":"","overlay-opacity":"","overlay-gradient":""},"tablet":{"background-color":"var(--ast-global-color-5)","background-image":"","background-repeat":"repeat","background-position":"center center","background-size":"auto","background-attachment":"scroll","background-type":"","background-media":"","overlay-type":"","overlay-color":"","overlay-opacity":"","overlay-gradient":""},"mobile":{"background-color":"var(--ast-global-color-5)","background-image":"","background-repeat":"repeat","background-position":"center center","background-size":"auto","background-attachment":"scroll","background-type":"","background-media":"","overlay-type":"","overlay-color":"","overlay-opacity":"","overlay-gradient":""}},"footnotes":""},"categories":[18,19],"tags":[],"class_list":["post-8807","post","type-post","status-publish","format-standard","hentry","category-electrica-noticias","category-electrica-novedades"],"acf":[],"yoast_head":"<!-- This site is optimized with the Yoast SEO plugin v27.4 - https:\/\/yoast.com\/product\/yoast-seo-wordpress\/ -->\n<title>Hoy se realiz\u00f3 la \u00faltima Charla de Postgrado del a\u00f1o - DEPARTAMENTO DE INGENIER\u00cdA EL\u00c9CTRICA<\/title>\n<meta name=\"robots\" content=\"index, follow, max-snippet:-1, max-image-preview:large, max-video-preview:-1\" \/>\n<link rel=\"canonical\" href=\"https:\/\/www.ing.uc.cl\/electrica\/2022\/11\/23\/hoy-se-realizo-la-ultima-charla-de-postgrado-del-ano\/\" \/>\n<meta property=\"og:locale\" content=\"es_ES\" \/>\n<meta property=\"og:type\" content=\"article\" \/>\n<meta property=\"og:title\" content=\"Hoy se realiz\u00f3 la \u00faltima Charla de Postgrado del a\u00f1o - DEPARTAMENTO DE INGENIER\u00cdA EL\u00c9CTRICA\" \/>\n<meta property=\"og:description\" content=\"Hoy mi\u00e9rcoles 23 de Noviembre finaliz\u00f3 el Ciclo de Charlas de Postgrado de este a\u00f1o.\" \/>\n<meta property=\"og:url\" content=\"https:\/\/www.ing.uc.cl\/electrica\/2022\/11\/23\/hoy-se-realizo-la-ultima-charla-de-postgrado-del-ano\/\" \/>\n<meta property=\"og:site_name\" content=\"DEPARTAMENTO DE INGENIER\u00cdA EL\u00c9CTRICA\" \/>\n<meta property=\"article:published_time\" content=\"2022-11-23T18:56:02+00:00\" \/>\n<meta property=\"og:image\" content=\"https:\/\/www.ing.uc.cl\/electrica\/wp-content\/uploads\/2022\/11\/img_4240-scaled.jpg\" \/>\n<meta name=\"author\" content=\"Francisco H\" \/>\n<meta name=\"twitter:card\" content=\"summary_large_image\" \/>\n<meta name=\"twitter:label1\" content=\"Escrito por\" \/>\n\t<meta name=\"twitter:data1\" content=\"Francisco H\" \/>\n\t<meta name=\"twitter:label2\" content=\"Tiempo estimado de lectura\" \/>\n\t<meta name=\"twitter:data2\" content=\"3 minutos\" \/>\n<script type=\"application\/ld+json\" class=\"yoast-schema-graph\">{\"@context\":\"https:\\\/\\\/schema.org\",\"@graph\":[{\"@type\":\"Article\",\"@id\":\"https:\\\/\\\/www.ing.uc.cl\\\/electrica\\\/2022\\\/11\\\/23\\\/hoy-se-realizo-la-ultima-charla-de-postgrado-del-ano\\\/#article\",\"isPartOf\":{\"@id\":\"https:\\\/\\\/www.ing.uc.cl\\\/electrica\\\/2022\\\/11\\\/23\\\/hoy-se-realizo-la-ultima-charla-de-postgrado-del-ano\\\/\"},\"author\":{\"name\":\"Francisco H\",\"@id\":\"https:\\\/\\\/www.ing.uc.cl\\\/electrica\\\/#\\\/schema\\\/person\\\/46a2c0f475e2bf9366409f2ed1944667\"},\"headline\":\"Hoy se realiz\u00f3 la \u00faltima Charla de Postgrado del a\u00f1o\",\"datePublished\":\"2022-11-23T18:56:02+00:00\",\"mainEntityOfPage\":{\"@id\":\"https:\\\/\\\/www.ing.uc.cl\\\/electrica\\\/2022\\\/11\\\/23\\\/hoy-se-realizo-la-ultima-charla-de-postgrado-del-ano\\\/\"},\"wordCount\":642,\"publisher\":{\"@id\":\"https:\\\/\\\/www.ing.uc.cl\\\/electrica\\\/#organization\"},\"image\":{\"@id\":\"https:\\\/\\\/www.ing.uc.cl\\\/electrica\\\/2022\\\/11\\\/23\\\/hoy-se-realizo-la-ultima-charla-de-postgrado-del-ano\\\/#primaryimage\"},\"thumbnailUrl\":\"https:\\\/\\\/www.ing.uc.cl\\\/electrica\\\/wp-content\\\/uploads\\\/2022\\\/11\\\/img_4240-scaled.jpg\",\"articleSection\":[\"Noticias\",\"Novedades\"],\"inLanguage\":\"es-CL\"},{\"@type\":\"WebPage\",\"@id\":\"https:\\\/\\\/www.ing.uc.cl\\\/electrica\\\/2022\\\/11\\\/23\\\/hoy-se-realizo-la-ultima-charla-de-postgrado-del-ano\\\/\",\"url\":\"https:\\\/\\\/www.ing.uc.cl\\\/electrica\\\/2022\\\/11\\\/23\\\/hoy-se-realizo-la-ultima-charla-de-postgrado-del-ano\\\/\",\"name\":\"Hoy se realiz\u00f3 la \u00faltima Charla de Postgrado del a\u00f1o - DEPARTAMENTO DE INGENIER\u00cdA EL\u00c9CTRICA\",\"isPartOf\":{\"@id\":\"https:\\\/\\\/www.ing.uc.cl\\\/electrica\\\/#website\"},\"primaryImageOfPage\":{\"@id\":\"https:\\\/\\\/www.ing.uc.cl\\\/electrica\\\/2022\\\/11\\\/23\\\/hoy-se-realizo-la-ultima-charla-de-postgrado-del-ano\\\/#primaryimage\"},\"image\":{\"@id\":\"https:\\\/\\\/www.ing.uc.cl\\\/electrica\\\/2022\\\/11\\\/23\\\/hoy-se-realizo-la-ultima-charla-de-postgrado-del-ano\\\/#primaryimage\"},\"thumbnailUrl\":\"https:\\\/\\\/www.ing.uc.cl\\\/electrica\\\/wp-content\\\/uploads\\\/2022\\\/11\\\/img_4240-scaled.jpg\",\"datePublished\":\"2022-11-23T18:56:02+00:00\",\"breadcrumb\":{\"@id\":\"https:\\\/\\\/www.ing.uc.cl\\\/electrica\\\/2022\\\/11\\\/23\\\/hoy-se-realizo-la-ultima-charla-de-postgrado-del-ano\\\/#breadcrumb\"},\"inLanguage\":\"es-CL\",\"potentialAction\":[{\"@type\":\"ReadAction\",\"target\":[\"https:\\\/\\\/www.ing.uc.cl\\\/electrica\\\/2022\\\/11\\\/23\\\/hoy-se-realizo-la-ultima-charla-de-postgrado-del-ano\\\/\"]}]},{\"@type\":\"ImageObject\",\"inLanguage\":\"es-CL\",\"@id\":\"https:\\\/\\\/www.ing.uc.cl\\\/electrica\\\/2022\\\/11\\\/23\\\/hoy-se-realizo-la-ultima-charla-de-postgrado-del-ano\\\/#primaryimage\",\"url\":\"https:\\\/\\\/www.ing.uc.cl\\\/electrica\\\/wp-content\\\/uploads\\\/2022\\\/11\\\/img_4240-scaled.jpg\",\"contentUrl\":\"https:\\\/\\\/www.ing.uc.cl\\\/electrica\\\/wp-content\\\/uploads\\\/2022\\\/11\\\/img_4240-scaled.jpg\"},{\"@type\":\"BreadcrumbList\",\"@id\":\"https:\\\/\\\/www.ing.uc.cl\\\/electrica\\\/2022\\\/11\\\/23\\\/hoy-se-realizo-la-ultima-charla-de-postgrado-del-ano\\\/#breadcrumb\",\"itemListElement\":[{\"@type\":\"ListItem\",\"position\":1,\"name\":\"Portada\",\"item\":\"https:\\\/\\\/www.ing.uc.cl\\\/electrica\\\/\"},{\"@type\":\"ListItem\",\"position\":2,\"name\":\"Hoy se realiz\u00f3 la \u00faltima Charla de Postgrado del a\u00f1o\"}]},{\"@type\":\"WebSite\",\"@id\":\"https:\\\/\\\/www.ing.uc.cl\\\/electrica\\\/#website\",\"url\":\"https:\\\/\\\/www.ing.uc.cl\\\/electrica\\\/\",\"name\":\"DEPARTAMENTO DE INGENIER\u00cdA EL\u00c9CTRICA\",\"description\":\"\",\"publisher\":{\"@id\":\"https:\\\/\\\/www.ing.uc.cl\\\/electrica\\\/#organization\"},\"potentialAction\":[{\"@type\":\"SearchAction\",\"target\":{\"@type\":\"EntryPoint\",\"urlTemplate\":\"https:\\\/\\\/www.ing.uc.cl\\\/electrica\\\/?s={search_term_string}\"},\"query-input\":{\"@type\":\"PropertyValueSpecification\",\"valueRequired\":true,\"valueName\":\"search_term_string\"}}],\"inLanguage\":\"es-CL\"},{\"@type\":\"Organization\",\"@id\":\"https:\\\/\\\/www.ing.uc.cl\\\/electrica\\\/#organization\",\"name\":\"DEPARTAMENTO DE INGENIER\u00cdA EL\u00c9CTRICA\",\"url\":\"https:\\\/\\\/www.ing.uc.cl\\\/electrica\\\/\",\"logo\":{\"@type\":\"ImageObject\",\"inLanguage\":\"es-CL\",\"@id\":\"https:\\\/\\\/www.ing.uc.cl\\\/electrica\\\/#\\\/schema\\\/logo\\\/image\\\/\",\"url\":\"https:\\\/\\\/www.ing.uc.cl\\\/electrica\\\/wp-content\\\/uploads\\\/2020\\\/03\\\/logo-uc-03.svg\",\"contentUrl\":\"https:\\\/\\\/www.ing.uc.cl\\\/electrica\\\/wp-content\\\/uploads\\\/2020\\\/03\\\/logo-uc-03.svg\",\"width\":156,\"height\":90,\"caption\":\"DEPARTAMENTO DE INGENIER\u00cdA EL\u00c9CTRICA\"},\"image\":{\"@id\":\"https:\\\/\\\/www.ing.uc.cl\\\/electrica\\\/#\\\/schema\\\/logo\\\/image\\\/\"}},{\"@type\":\"Person\",\"@id\":\"https:\\\/\\\/www.ing.uc.cl\\\/electrica\\\/#\\\/schema\\\/person\\\/46a2c0f475e2bf9366409f2ed1944667\",\"name\":\"Francisco H\",\"image\":{\"@type\":\"ImageObject\",\"inLanguage\":\"es-CL\",\"@id\":\"https:\\\/\\\/secure.gravatar.com\\\/avatar\\\/63233762875caf7cb464abb0c994788b36bb5a903f4b5e6d958a14f57c41e047?s=96&d=mm&r=g\",\"url\":\"https:\\\/\\\/secure.gravatar.com\\\/avatar\\\/63233762875caf7cb464abb0c994788b36bb5a903f4b5e6d958a14f57c41e047?s=96&d=mm&r=g\",\"contentUrl\":\"https:\\\/\\\/secure.gravatar.com\\\/avatar\\\/63233762875caf7cb464abb0c994788b36bb5a903f4b5e6d958a14f57c41e047?s=96&d=mm&r=g\",\"caption\":\"Francisco H\"},\"url\":\"https:\\\/\\\/www.ing.uc.cl\\\/electrica\\\/author\\\/fherreros\\\/\"}]}<\/script>\n<!-- \/ Yoast SEO plugin. -->","yoast_head_json":{"title":"Hoy se realiz\u00f3 la \u00faltima Charla de Postgrado del a\u00f1o - DEPARTAMENTO DE INGENIER\u00cdA EL\u00c9CTRICA","robots":{"index":"index","follow":"follow","max-snippet":"max-snippet:-1","max-image-preview":"max-image-preview:large","max-video-preview":"max-video-preview:-1"},"canonical":"https:\/\/www.ing.uc.cl\/electrica\/2022\/11\/23\/hoy-se-realizo-la-ultima-charla-de-postgrado-del-ano\/","og_locale":"es_ES","og_type":"article","og_title":"Hoy se realiz\u00f3 la \u00faltima Charla de Postgrado del a\u00f1o - DEPARTAMENTO DE INGENIER\u00cdA EL\u00c9CTRICA","og_description":"Hoy mi\u00e9rcoles 23 de Noviembre finaliz\u00f3 el Ciclo de Charlas de Postgrado de este a\u00f1o.","og_url":"https:\/\/www.ing.uc.cl\/electrica\/2022\/11\/23\/hoy-se-realizo-la-ultima-charla-de-postgrado-del-ano\/","og_site_name":"DEPARTAMENTO DE INGENIER\u00cdA EL\u00c9CTRICA","article_published_time":"2022-11-23T18:56:02+00:00","og_image":[{"url":"https:\/\/www.ing.uc.cl\/electrica\/wp-content\/uploads\/2022\/11\/img_4240-scaled.jpg","type":"","width":"","height":""}],"author":"Francisco H","twitter_card":"summary_large_image","twitter_misc":{"Escrito por":"Francisco H","Tiempo estimado de lectura":"3 minutos"},"schema":{"@context":"https:\/\/schema.org","@graph":[{"@type":"Article","@id":"https:\/\/www.ing.uc.cl\/electrica\/2022\/11\/23\/hoy-se-realizo-la-ultima-charla-de-postgrado-del-ano\/#article","isPartOf":{"@id":"https:\/\/www.ing.uc.cl\/electrica\/2022\/11\/23\/hoy-se-realizo-la-ultima-charla-de-postgrado-del-ano\/"},"author":{"name":"Francisco H","@id":"https:\/\/www.ing.uc.cl\/electrica\/#\/schema\/person\/46a2c0f475e2bf9366409f2ed1944667"},"headline":"Hoy se realiz\u00f3 la \u00faltima Charla de Postgrado del a\u00f1o","datePublished":"2022-11-23T18:56:02+00:00","mainEntityOfPage":{"@id":"https:\/\/www.ing.uc.cl\/electrica\/2022\/11\/23\/hoy-se-realizo-la-ultima-charla-de-postgrado-del-ano\/"},"wordCount":642,"publisher":{"@id":"https:\/\/www.ing.uc.cl\/electrica\/#organization"},"image":{"@id":"https:\/\/www.ing.uc.cl\/electrica\/2022\/11\/23\/hoy-se-realizo-la-ultima-charla-de-postgrado-del-ano\/#primaryimage"},"thumbnailUrl":"https:\/\/www.ing.uc.cl\/electrica\/wp-content\/uploads\/2022\/11\/img_4240-scaled.jpg","articleSection":["Noticias","Novedades"],"inLanguage":"es-CL"},{"@type":"WebPage","@id":"https:\/\/www.ing.uc.cl\/electrica\/2022\/11\/23\/hoy-se-realizo-la-ultima-charla-de-postgrado-del-ano\/","url":"https:\/\/www.ing.uc.cl\/electrica\/2022\/11\/23\/hoy-se-realizo-la-ultima-charla-de-postgrado-del-ano\/","name":"Hoy se realiz\u00f3 la \u00faltima Charla de Postgrado del a\u00f1o - DEPARTAMENTO DE INGENIER\u00cdA EL\u00c9CTRICA","isPartOf":{"@id":"https:\/\/www.ing.uc.cl\/electrica\/#website"},"primaryImageOfPage":{"@id":"https:\/\/www.ing.uc.cl\/electrica\/2022\/11\/23\/hoy-se-realizo-la-ultima-charla-de-postgrado-del-ano\/#primaryimage"},"image":{"@id":"https:\/\/www.ing.uc.cl\/electrica\/2022\/11\/23\/hoy-se-realizo-la-ultima-charla-de-postgrado-del-ano\/#primaryimage"},"thumbnailUrl":"https:\/\/www.ing.uc.cl\/electrica\/wp-content\/uploads\/2022\/11\/img_4240-scaled.jpg","datePublished":"2022-11-23T18:56:02+00:00","breadcrumb":{"@id":"https:\/\/www.ing.uc.cl\/electrica\/2022\/11\/23\/hoy-se-realizo-la-ultima-charla-de-postgrado-del-ano\/#breadcrumb"},"inLanguage":"es-CL","potentialAction":[{"@type":"ReadAction","target":["https:\/\/www.ing.uc.cl\/electrica\/2022\/11\/23\/hoy-se-realizo-la-ultima-charla-de-postgrado-del-ano\/"]}]},{"@type":"ImageObject","inLanguage":"es-CL","@id":"https:\/\/www.ing.uc.cl\/electrica\/2022\/11\/23\/hoy-se-realizo-la-ultima-charla-de-postgrado-del-ano\/#primaryimage","url":"https:\/\/www.ing.uc.cl\/electrica\/wp-content\/uploads\/2022\/11\/img_4240-scaled.jpg","contentUrl":"https:\/\/www.ing.uc.cl\/electrica\/wp-content\/uploads\/2022\/11\/img_4240-scaled.jpg"},{"@type":"BreadcrumbList","@id":"https:\/\/www.ing.uc.cl\/electrica\/2022\/11\/23\/hoy-se-realizo-la-ultima-charla-de-postgrado-del-ano\/#breadcrumb","itemListElement":[{"@type":"ListItem","position":1,"name":"Portada","item":"https:\/\/www.ing.uc.cl\/electrica\/"},{"@type":"ListItem","position":2,"name":"Hoy se realiz\u00f3 la \u00faltima Charla de Postgrado del a\u00f1o"}]},{"@type":"WebSite","@id":"https:\/\/www.ing.uc.cl\/electrica\/#website","url":"https:\/\/www.ing.uc.cl\/electrica\/","name":"DEPARTAMENTO DE INGENIER\u00cdA EL\u00c9CTRICA","description":"","publisher":{"@id":"https:\/\/www.ing.uc.cl\/electrica\/#organization"},"potentialAction":[{"@type":"SearchAction","target":{"@type":"EntryPoint","urlTemplate":"https:\/\/www.ing.uc.cl\/electrica\/?s={search_term_string}"},"query-input":{"@type":"PropertyValueSpecification","valueRequired":true,"valueName":"search_term_string"}}],"inLanguage":"es-CL"},{"@type":"Organization","@id":"https:\/\/www.ing.uc.cl\/electrica\/#organization","name":"DEPARTAMENTO DE INGENIER\u00cdA EL\u00c9CTRICA","url":"https:\/\/www.ing.uc.cl\/electrica\/","logo":{"@type":"ImageObject","inLanguage":"es-CL","@id":"https:\/\/www.ing.uc.cl\/electrica\/#\/schema\/logo\/image\/","url":"https:\/\/www.ing.uc.cl\/electrica\/wp-content\/uploads\/2020\/03\/logo-uc-03.svg","contentUrl":"https:\/\/www.ing.uc.cl\/electrica\/wp-content\/uploads\/2020\/03\/logo-uc-03.svg","width":156,"height":90,"caption":"DEPARTAMENTO DE INGENIER\u00cdA EL\u00c9CTRICA"},"image":{"@id":"https:\/\/www.ing.uc.cl\/electrica\/#\/schema\/logo\/image\/"}},{"@type":"Person","@id":"https:\/\/www.ing.uc.cl\/electrica\/#\/schema\/person\/46a2c0f475e2bf9366409f2ed1944667","name":"Francisco H","image":{"@type":"ImageObject","inLanguage":"es-CL","@id":"https:\/\/secure.gravatar.com\/avatar\/63233762875caf7cb464abb0c994788b36bb5a903f4b5e6d958a14f57c41e047?s=96&d=mm&r=g","url":"https:\/\/secure.gravatar.com\/avatar\/63233762875caf7cb464abb0c994788b36bb5a903f4b5e6d958a14f57c41e047?s=96&d=mm&r=g","contentUrl":"https:\/\/secure.gravatar.com\/avatar\/63233762875caf7cb464abb0c994788b36bb5a903f4b5e6d958a14f57c41e047?s=96&d=mm&r=g","caption":"Francisco H"},"url":"https:\/\/www.ing.uc.cl\/electrica\/author\/fherreros\/"}]}},"_links":{"self":[{"href":"https:\/\/www.ing.uc.cl\/electrica\/wp-json\/wp\/v2\/posts\/8807","targetHints":{"allow":["GET"]}}],"collection":[{"href":"https:\/\/www.ing.uc.cl\/electrica\/wp-json\/wp\/v2\/posts"}],"about":[{"href":"https:\/\/www.ing.uc.cl\/electrica\/wp-json\/wp\/v2\/types\/post"}],"author":[{"embeddable":true,"href":"https:\/\/www.ing.uc.cl\/electrica\/wp-json\/wp\/v2\/users\/4"}],"replies":[{"embeddable":true,"href":"https:\/\/www.ing.uc.cl\/electrica\/wp-json\/wp\/v2\/comments?post=8807"}],"version-history":[{"count":0,"href":"https:\/\/www.ing.uc.cl\/electrica\/wp-json\/wp\/v2\/posts\/8807\/revisions"}],"wp:attachment":[{"href":"https:\/\/www.ing.uc.cl\/electrica\/wp-json\/wp\/v2\/media?parent=8807"}],"wp:term":[{"taxonomy":"category","embeddable":true,"href":"https:\/\/www.ing.uc.cl\/electrica\/wp-json\/wp\/v2\/categories?post=8807"},{"taxonomy":"post_tag","embeddable":true,"href":"https:\/\/www.ing.uc.cl\/electrica\/wp-json\/wp\/v2\/tags?post=8807"}],"curies":[{"name":"wp","href":"https:\/\/api.w.org\/{rel}","templated":true}]}}