{"id":9030,"date":"2023-03-28T15:52:39","date_gmt":"2023-03-28T19:52:39","guid":{"rendered":"https:\/\/www.ing.uc.cl\/electrica\/?p=9030"},"modified":"2023-03-28T15:52:39","modified_gmt":"2023-03-28T19:52:39","slug":"feria-de-orientacion-academica-2023","status":"publish","type":"post","link":"https:\/\/www.ing.uc.cl\/electrica\/2023\/03\/28\/feria-de-orientacion-academica-2023\/","title":{"rendered":"Feria de Orientaci\u00f3n Acad\u00e9mica 2023"},"content":{"rendered":"<p><a href=\"https:\/\/www.ing.uc.cl\/electrica\/wp-content\/uploads\/2023\/03\/img_4246-scaled.jpg\"><img fetchpriority=\"high\" decoding=\"async\" class=\"alignnone size-large wp-image-9031\" src=\"https:\/\/www.ing.uc.cl\/electrica\/wp-content\/uploads\/2023\/03\/img_4246-1024x683.jpg\" alt=\"\" width=\"1024\" height=\"683\" \/><\/a><\/p>\n<p>Durante la ma\u00f1ana de hoy martes 28 de Marzo, se realiz\u00f3 la Feria de Orientaci\u00f3n Acad\u00e9mica 2023. Nuestro stand estuvo cargado de muestras informativas sobre las distintas opciones de continuidad para los estudiantes que finalicen su licenciatura.<\/p>\n<p><a href=\"https:\/\/www.ing.uc.cl\/electrica\/wp-content\/uploads\/2023\/03\/img_4245-scaled.jpg\"><img decoding=\"async\" class=\"alignnone size-large wp-image-9032\" src=\"https:\/\/www.ing.uc.cl\/electrica\/wp-content\/uploads\/2023\/03\/img_4245-1024x683.jpg\" alt=\"\" width=\"1024\" height=\"683\" \/><\/a> <a href=\"https:\/\/www.ing.uc.cl\/electrica\/wp-content\/uploads\/2023\/03\/img_4247-scaled.jpg\"><img decoding=\"async\" class=\"alignnone size-large wp-image-9033\" src=\"https:\/\/www.ing.uc.cl\/electrica\/wp-content\/uploads\/2023\/03\/img_4247-1024x683.jpg\" alt=\"\" width=\"1024\" height=\"683\" \/><\/a><\/p>\n<p>Esta instancia, est\u00e1 organizada por la Direcci\u00f3n de Pregrado y tiene como principal objetivo generar un espacio donde los estudiantes puedan tener mayor informaci\u00f3n sobre las distintas alternativas curriculares que ofrece la carrera.<\/p>\n<p><a href=\"https:\/\/www.ing.uc.cl\/electrica\/wp-content\/uploads\/2023\/03\/img_20230328_112838-scaled.jpg\"><img loading=\"lazy\" decoding=\"async\" class=\"alignnone size-large wp-image-9034\" src=\"https:\/\/www.ing.uc.cl\/electrica\/wp-content\/uploads\/2023\/03\/img_20230328_112838-1024x472.jpg\" alt=\"\" width=\"1024\" height=\"472\" \/><\/a> <a href=\"https:\/\/www.ing.uc.cl\/electrica\/wp-content\/uploads\/2023\/03\/img_20230328_112849-scaled.jpg\"><img loading=\"lazy\" decoding=\"async\" class=\"alignnone size-large wp-image-9035\" src=\"https:\/\/www.ing.uc.cl\/electrica\/wp-content\/uploads\/2023\/03\/img_20230328_112849-1024x472.jpg\" alt=\"\" width=\"1024\" height=\"472\" \/><\/a><\/p>\n<p>Nuestro Departamento junto\u00a0 a profesores, alumnos y todo el equipo de personas que lo conforman particip\u00f3 activamente y contamos con todo el entusiasmo y gran n\u00famero de alumnos asistentes.<\/p>\n<p><a href=\"https:\/\/www.ing.uc.cl\/electrica\/wp-content\/uploads\/2023\/03\/img_20230328_113621-scaled.jpg\"><img loading=\"lazy\" decoding=\"async\" class=\"alignnone size-large wp-image-9036\" src=\"https:\/\/www.ing.uc.cl\/electrica\/wp-content\/uploads\/2023\/03\/img_20230328_113621-1024x472.jpg\" alt=\"\" width=\"1024\" height=\"472\" \/><\/a> <a href=\"https:\/\/www.ing.uc.cl\/electrica\/wp-content\/uploads\/2023\/03\/img_20230328_113835-scaled.jpg\"><img loading=\"lazy\" decoding=\"async\" class=\"alignnone size-large wp-image-9038\" src=\"https:\/\/www.ing.uc.cl\/electrica\/wp-content\/uploads\/2023\/03\/img_20230328_113835-1024x472.jpg\" alt=\"\" width=\"1024\" height=\"472\" \/><\/a> <a href=\"https:\/\/www.ing.uc.cl\/electrica\/wp-content\/uploads\/2023\/03\/img_20230328_122640-scaled.jpg\"><img loading=\"lazy\" decoding=\"async\" class=\"alignnone size-large wp-image-9039\" src=\"https:\/\/www.ing.uc.cl\/electrica\/wp-content\/uploads\/2023\/03\/img_20230328_122640-1024x472.jpg\" alt=\"\" width=\"1024\" height=\"472\" \/><\/a> <a href=\"https:\/\/www.ing.uc.cl\/electrica\/wp-content\/uploads\/2023\/03\/img_20230328_134135-scaled.jpg\"><img loading=\"lazy\" decoding=\"async\" class=\"alignnone size-large wp-image-9040\" src=\"https:\/\/www.ing.uc.cl\/electrica\/wp-content\/uploads\/2023\/03\/img_20230328_134135-1024x472.jpg\" alt=\"\" width=\"1024\" height=\"472\" \/><\/a><\/p>\n<p><a href=\"https:\/\/www.ing.uc.cl\/electrica\/wp-content\/uploads\/2023\/03\/img_20230328_130500-scaled.jpg\"><img loading=\"lazy\" decoding=\"async\" class=\"alignnone size-large wp-image-9044\" src=\"https:\/\/www.ing.uc.cl\/electrica\/wp-content\/uploads\/2023\/03\/img_20230328_130500-1024x472.jpg\" alt=\"\" width=\"1024\" height=\"472\" \/><\/a> <a href=\"https:\/\/www.ing.uc.cl\/electrica\/wp-content\/uploads\/2023\/03\/img_20230328_133153-1-scaled.jpg\"><img loading=\"lazy\" decoding=\"async\" class=\"alignnone size-large wp-image-9045\" src=\"https:\/\/www.ing.uc.cl\/electrica\/wp-content\/uploads\/2023\/03\/img_20230328_133153-1-1024x472.jpg\" alt=\"\" width=\"1024\" height=\"472\" \/><\/a><a href=\"https:\/\/www.ing.uc.cl\/electrica\/wp-content\/uploads\/2023\/03\/img_20230328_125052-scaled.jpg\"><img loading=\"lazy\" decoding=\"async\" class=\"alignnone size-large wp-image-9043\" src=\"https:\/\/www.ing.uc.cl\/electrica\/wp-content\/uploads\/2023\/03\/img_20230328_125052-1024x472.jpg\" alt=\"\" width=\"1024\" height=\"472\" \/><\/a>    \t<\/p>\n","protected":false},"excerpt":{"rendered":"<p>Durante la ma\u00f1ana de hoy martes 28 de Marzo, se realiz\u00f3 la Feria de Orientaci\u00f3n Acad\u00e9mica 2023. Nuestro stand estuvo cargado de muestras informativas sobre las distintas opciones de continuidad para los estudiantes que finalicen su licenciatura. Esta instancia, est\u00e1 organizada por la Direcci\u00f3n de Pregrado y tiene como principal objetivo generar un espacio donde los estudiantes puedan tener mayor informaci\u00f3n sobre las distintas alternativas curriculares que ofrece la carrera. Nuestro Departamento junto\u00a0 a profesores, alumnos y todo el equipo de personas que lo conforman particip\u00f3 activamente y contamos con todo el entusiasmo y gran n\u00famero de alumnos asistentes.<\/p>\n","protected":false},"author":4,"featured_media":0,"comment_status":"closed","ping_status":"closed","sticky":false,"template":"","format":"standard","meta":{"_acf_changed":false,"_eb_attr":"","site-sidebar-layout":"default","site-content-layout":"","ast-site-content-layout":"default","site-content-style":"default","site-sidebar-style":"default","ast-global-header-display":"","ast-banner-title-visibility":"","ast-main-header-display":"","ast-hfb-above-header-display":"","ast-hfb-below-header-display":"","ast-hfb-mobile-header-display":"","site-post-title":"","ast-breadcrumbs-content":"","ast-featured-img":"","footer-sml-layout":"","ast-disable-related-posts":"","theme-transparent-header-meta":"","adv-header-id-meta":"","stick-header-meta":"","header-above-stick-meta":"","header-main-stick-meta":"","header-below-stick-meta":"","astra-migrate-meta-layouts":"default","ast-page-background-enabled":"default","ast-page-background-meta":{"desktop":{"background-color":"","background-image":"","background-repeat":"repeat","background-position":"center center","background-size":"auto","background-attachment":"scroll","background-type":"","background-media":"","overlay-type":"","overlay-color":"","overlay-opacity":"","overlay-gradient":""},"tablet":{"background-color":"","background-image":"","background-repeat":"repeat","background-position":"center center","background-size":"auto","background-attachment":"scroll","background-type":"","background-media":"","overlay-type":"","overlay-color":"","overlay-opacity":"","overlay-gradient":""},"mobile":{"background-color":"","background-image":"","background-repeat":"repeat","background-position":"center center","background-size":"auto","background-attachment":"scroll","background-type":"","background-media":"","overlay-type":"","overlay-color":"","overlay-opacity":"","overlay-gradient":""}},"ast-content-background-meta":{"desktop":{"background-color":"var(--ast-global-color-5)","background-image":"","background-repeat":"repeat","background-position":"center center","background-size":"auto","background-attachment":"scroll","background-type":"","background-media":"","overlay-type":"","overlay-color":"","overlay-opacity":"","overlay-gradient":""},"tablet":{"background-color":"var(--ast-global-color-5)","background-image":"","background-repeat":"repeat","background-position":"center center","background-size":"auto","background-attachment":"scroll","background-type":"","background-media":"","overlay-type":"","overlay-color":"","overlay-opacity":"","overlay-gradient":""},"mobile":{"background-color":"var(--ast-global-color-5)","background-image":"","background-repeat":"repeat","background-position":"center center","background-size":"auto","background-attachment":"scroll","background-type":"","background-media":"","overlay-type":"","overlay-color":"","overlay-opacity":"","overlay-gradient":""}},"footnotes":""},"categories":[18,19],"tags":[],"class_list":["post-9030","post","type-post","status-publish","format-standard","hentry","category-electrica-noticias","category-electrica-novedades"],"acf":[],"yoast_head":"<!-- This site is optimized with the Yoast SEO plugin v27.4 - https:\/\/yoast.com\/product\/yoast-seo-wordpress\/ -->\n<title>Feria de Orientaci\u00f3n Acad\u00e9mica 2023 - DEPARTAMENTO DE INGENIER\u00cdA EL\u00c9CTRICA<\/title>\n<meta name=\"robots\" content=\"index, follow, max-snippet:-1, max-image-preview:large, max-video-preview:-1\" \/>\n<link rel=\"canonical\" href=\"https:\/\/www.ing.uc.cl\/electrica\/2023\/03\/28\/feria-de-orientacion-academica-2023\/\" \/>\n<meta property=\"og:locale\" content=\"es_ES\" \/>\n<meta property=\"og:type\" content=\"article\" \/>\n<meta property=\"og:title\" content=\"Feria de Orientaci\u00f3n Acad\u00e9mica 2023 - DEPARTAMENTO DE INGENIER\u00cdA EL\u00c9CTRICA\" \/>\n<meta property=\"og:description\" content=\"Durante la ma\u00f1ana de hoy martes 28 de Marzo, se realiz\u00f3 la Feria de Orientaci\u00f3n Acad\u00e9mica 2023. Nuestro stand estuvo cargado de muestras informativas sobre las distintas opciones de continuidad para los estudiantes que finalicen su licenciatura. Esta instancia, est\u00e1 organizada por la Direcci\u00f3n de Pregrado y tiene como principal objetivo generar un espacio donde los estudiantes puedan tener mayor informaci\u00f3n sobre las distintas alternativas curriculares que ofrece la carrera. Nuestro Departamento junto\u00a0 a profesores, alumnos y todo el equipo de personas que lo conforman particip\u00f3 activamente y contamos con todo el entusiasmo y gran n\u00famero de alumnos asistentes.\" \/>\n<meta property=\"og:url\" content=\"https:\/\/www.ing.uc.cl\/electrica\/2023\/03\/28\/feria-de-orientacion-academica-2023\/\" \/>\n<meta property=\"og:site_name\" content=\"DEPARTAMENTO DE INGENIER\u00cdA EL\u00c9CTRICA\" \/>\n<meta property=\"article:published_time\" content=\"2023-03-28T19:52:39+00:00\" \/>\n<meta property=\"og:image\" content=\"https:\/\/www.ing.uc.cl\/electrica\/wp-content\/uploads\/2023\/03\/img_4246-1024x683.jpg\" \/>\n<meta name=\"author\" content=\"Francisco H\" \/>\n<meta name=\"twitter:card\" content=\"summary_large_image\" \/>\n<meta name=\"twitter:label1\" content=\"Escrito por\" \/>\n\t<meta name=\"twitter:data1\" content=\"Francisco H\" \/>\n\t<meta name=\"twitter:label2\" content=\"Tiempo estimado de lectura\" \/>\n\t<meta name=\"twitter:data2\" content=\"1 minuto\" \/>\n<script type=\"application\/ld+json\" class=\"yoast-schema-graph\">{\"@context\":\"https:\\\/\\\/schema.org\",\"@graph\":[{\"@type\":\"Article\",\"@id\":\"https:\\\/\\\/www.ing.uc.cl\\\/electrica\\\/2023\\\/03\\\/28\\\/feria-de-orientacion-academica-2023\\\/#article\",\"isPartOf\":{\"@id\":\"https:\\\/\\\/www.ing.uc.cl\\\/electrica\\\/2023\\\/03\\\/28\\\/feria-de-orientacion-academica-2023\\\/\"},\"author\":{\"name\":\"Francisco H\",\"@id\":\"https:\\\/\\\/www.ing.uc.cl\\\/electrica\\\/#\\\/schema\\\/person\\\/46a2c0f475e2bf9366409f2ed1944667\"},\"headline\":\"Feria de Orientaci\u00f3n Acad\u00e9mica 2023\",\"datePublished\":\"2023-03-28T19:52:39+00:00\",\"mainEntityOfPage\":{\"@id\":\"https:\\\/\\\/www.ing.uc.cl\\\/electrica\\\/2023\\\/03\\\/28\\\/feria-de-orientacion-academica-2023\\\/\"},\"wordCount\":109,\"publisher\":{\"@id\":\"https:\\\/\\\/www.ing.uc.cl\\\/electrica\\\/#organization\"},\"image\":{\"@id\":\"https:\\\/\\\/www.ing.uc.cl\\\/electrica\\\/2023\\\/03\\\/28\\\/feria-de-orientacion-academica-2023\\\/#primaryimage\"},\"thumbnailUrl\":\"https:\\\/\\\/www.ing.uc.cl\\\/electrica\\\/wp-content\\\/uploads\\\/2023\\\/03\\\/img_4246-1024x683.jpg\",\"articleSection\":[\"Noticias\",\"Novedades\"],\"inLanguage\":\"es-CL\"},{\"@type\":\"WebPage\",\"@id\":\"https:\\\/\\\/www.ing.uc.cl\\\/electrica\\\/2023\\\/03\\\/28\\\/feria-de-orientacion-academica-2023\\\/\",\"url\":\"https:\\\/\\\/www.ing.uc.cl\\\/electrica\\\/2023\\\/03\\\/28\\\/feria-de-orientacion-academica-2023\\\/\",\"name\":\"Feria de Orientaci\u00f3n Acad\u00e9mica 2023 - DEPARTAMENTO DE INGENIER\u00cdA EL\u00c9CTRICA\",\"isPartOf\":{\"@id\":\"https:\\\/\\\/www.ing.uc.cl\\\/electrica\\\/#website\"},\"primaryImageOfPage\":{\"@id\":\"https:\\\/\\\/www.ing.uc.cl\\\/electrica\\\/2023\\\/03\\\/28\\\/feria-de-orientacion-academica-2023\\\/#primaryimage\"},\"image\":{\"@id\":\"https:\\\/\\\/www.ing.uc.cl\\\/electrica\\\/2023\\\/03\\\/28\\\/feria-de-orientacion-academica-2023\\\/#primaryimage\"},\"thumbnailUrl\":\"https:\\\/\\\/www.ing.uc.cl\\\/electrica\\\/wp-content\\\/uploads\\\/2023\\\/03\\\/img_4246-1024x683.jpg\",\"datePublished\":\"2023-03-28T19:52:39+00:00\",\"breadcrumb\":{\"@id\":\"https:\\\/\\\/www.ing.uc.cl\\\/electrica\\\/2023\\\/03\\\/28\\\/feria-de-orientacion-academica-2023\\\/#breadcrumb\"},\"inLanguage\":\"es-CL\",\"potentialAction\":[{\"@type\":\"ReadAction\",\"target\":[\"https:\\\/\\\/www.ing.uc.cl\\\/electrica\\\/2023\\\/03\\\/28\\\/feria-de-orientacion-academica-2023\\\/\"]}]},{\"@type\":\"ImageObject\",\"inLanguage\":\"es-CL\",\"@id\":\"https:\\\/\\\/www.ing.uc.cl\\\/electrica\\\/2023\\\/03\\\/28\\\/feria-de-orientacion-academica-2023\\\/#primaryimage\",\"url\":\"https:\\\/\\\/www.ing.uc.cl\\\/electrica\\\/wp-content\\\/uploads\\\/2023\\\/03\\\/img_4246-1024x683.jpg\",\"contentUrl\":\"https:\\\/\\\/www.ing.uc.cl\\\/electrica\\\/wp-content\\\/uploads\\\/2023\\\/03\\\/img_4246-1024x683.jpg\"},{\"@type\":\"BreadcrumbList\",\"@id\":\"https:\\\/\\\/www.ing.uc.cl\\\/electrica\\\/2023\\\/03\\\/28\\\/feria-de-orientacion-academica-2023\\\/#breadcrumb\",\"itemListElement\":[{\"@type\":\"ListItem\",\"position\":1,\"name\":\"Portada\",\"item\":\"https:\\\/\\\/www.ing.uc.cl\\\/electrica\\\/\"},{\"@type\":\"ListItem\",\"position\":2,\"name\":\"Feria de Orientaci\u00f3n Acad\u00e9mica 2023\"}]},{\"@type\":\"WebSite\",\"@id\":\"https:\\\/\\\/www.ing.uc.cl\\\/electrica\\\/#website\",\"url\":\"https:\\\/\\\/www.ing.uc.cl\\\/electrica\\\/\",\"name\":\"DEPARTAMENTO DE INGENIER\u00cdA EL\u00c9CTRICA\",\"description\":\"\",\"publisher\":{\"@id\":\"https:\\\/\\\/www.ing.uc.cl\\\/electrica\\\/#organization\"},\"potentialAction\":[{\"@type\":\"SearchAction\",\"target\":{\"@type\":\"EntryPoint\",\"urlTemplate\":\"https:\\\/\\\/www.ing.uc.cl\\\/electrica\\\/?s={search_term_string}\"},\"query-input\":{\"@type\":\"PropertyValueSpecification\",\"valueRequired\":true,\"valueName\":\"search_term_string\"}}],\"inLanguage\":\"es-CL\"},{\"@type\":\"Organization\",\"@id\":\"https:\\\/\\\/www.ing.uc.cl\\\/electrica\\\/#organization\",\"name\":\"DEPARTAMENTO DE INGENIER\u00cdA EL\u00c9CTRICA\",\"url\":\"https:\\\/\\\/www.ing.uc.cl\\\/electrica\\\/\",\"logo\":{\"@type\":\"ImageObject\",\"inLanguage\":\"es-CL\",\"@id\":\"https:\\\/\\\/www.ing.uc.cl\\\/electrica\\\/#\\\/schema\\\/logo\\\/image\\\/\",\"url\":\"https:\\\/\\\/www.ing.uc.cl\\\/electrica\\\/wp-content\\\/uploads\\\/2020\\\/03\\\/logo-uc-03.svg\",\"contentUrl\":\"https:\\\/\\\/www.ing.uc.cl\\\/electrica\\\/wp-content\\\/uploads\\\/2020\\\/03\\\/logo-uc-03.svg\",\"width\":156,\"height\":90,\"caption\":\"DEPARTAMENTO DE INGENIER\u00cdA EL\u00c9CTRICA\"},\"image\":{\"@id\":\"https:\\\/\\\/www.ing.uc.cl\\\/electrica\\\/#\\\/schema\\\/logo\\\/image\\\/\"}},{\"@type\":\"Person\",\"@id\":\"https:\\\/\\\/www.ing.uc.cl\\\/electrica\\\/#\\\/schema\\\/person\\\/46a2c0f475e2bf9366409f2ed1944667\",\"name\":\"Francisco H\",\"image\":{\"@type\":\"ImageObject\",\"inLanguage\":\"es-CL\",\"@id\":\"https:\\\/\\\/secure.gravatar.com\\\/avatar\\\/63233762875caf7cb464abb0c994788b36bb5a903f4b5e6d958a14f57c41e047?s=96&d=mm&r=g\",\"url\":\"https:\\\/\\\/secure.gravatar.com\\\/avatar\\\/63233762875caf7cb464abb0c994788b36bb5a903f4b5e6d958a14f57c41e047?s=96&d=mm&r=g\",\"contentUrl\":\"https:\\\/\\\/secure.gravatar.com\\\/avatar\\\/63233762875caf7cb464abb0c994788b36bb5a903f4b5e6d958a14f57c41e047?s=96&d=mm&r=g\",\"caption\":\"Francisco H\"},\"url\":\"https:\\\/\\\/www.ing.uc.cl\\\/electrica\\\/author\\\/fherreros\\\/\"}]}<\/script>\n<!-- \/ Yoast SEO plugin. -->","yoast_head_json":{"title":"Feria de Orientaci\u00f3n Acad\u00e9mica 2023 - DEPARTAMENTO DE INGENIER\u00cdA EL\u00c9CTRICA","robots":{"index":"index","follow":"follow","max-snippet":"max-snippet:-1","max-image-preview":"max-image-preview:large","max-video-preview":"max-video-preview:-1"},"canonical":"https:\/\/www.ing.uc.cl\/electrica\/2023\/03\/28\/feria-de-orientacion-academica-2023\/","og_locale":"es_ES","og_type":"article","og_title":"Feria de Orientaci\u00f3n Acad\u00e9mica 2023 - DEPARTAMENTO DE INGENIER\u00cdA EL\u00c9CTRICA","og_description":"Durante la ma\u00f1ana de hoy martes 28 de Marzo, se realiz\u00f3 la Feria de Orientaci\u00f3n Acad\u00e9mica 2023. Nuestro stand estuvo cargado de muestras informativas sobre las distintas opciones de continuidad para los estudiantes que finalicen su licenciatura. Esta instancia, est\u00e1 organizada por la Direcci\u00f3n de Pregrado y tiene como principal objetivo generar un espacio donde los estudiantes puedan tener mayor informaci\u00f3n sobre las distintas alternativas curriculares que ofrece la carrera. Nuestro Departamento junto\u00a0 a profesores, alumnos y todo el equipo de personas que lo conforman particip\u00f3 activamente y contamos con todo el entusiasmo y gran n\u00famero de alumnos asistentes.","og_url":"https:\/\/www.ing.uc.cl\/electrica\/2023\/03\/28\/feria-de-orientacion-academica-2023\/","og_site_name":"DEPARTAMENTO DE INGENIER\u00cdA EL\u00c9CTRICA","article_published_time":"2023-03-28T19:52:39+00:00","og_image":[{"url":"https:\/\/www.ing.uc.cl\/electrica\/wp-content\/uploads\/2023\/03\/img_4246-1024x683.jpg","type":"","width":"","height":""}],"author":"Francisco H","twitter_card":"summary_large_image","twitter_misc":{"Escrito por":"Francisco H","Tiempo estimado de lectura":"1 minuto"},"schema":{"@context":"https:\/\/schema.org","@graph":[{"@type":"Article","@id":"https:\/\/www.ing.uc.cl\/electrica\/2023\/03\/28\/feria-de-orientacion-academica-2023\/#article","isPartOf":{"@id":"https:\/\/www.ing.uc.cl\/electrica\/2023\/03\/28\/feria-de-orientacion-academica-2023\/"},"author":{"name":"Francisco H","@id":"https:\/\/www.ing.uc.cl\/electrica\/#\/schema\/person\/46a2c0f475e2bf9366409f2ed1944667"},"headline":"Feria de Orientaci\u00f3n Acad\u00e9mica 2023","datePublished":"2023-03-28T19:52:39+00:00","mainEntityOfPage":{"@id":"https:\/\/www.ing.uc.cl\/electrica\/2023\/03\/28\/feria-de-orientacion-academica-2023\/"},"wordCount":109,"publisher":{"@id":"https:\/\/www.ing.uc.cl\/electrica\/#organization"},"image":{"@id":"https:\/\/www.ing.uc.cl\/electrica\/2023\/03\/28\/feria-de-orientacion-academica-2023\/#primaryimage"},"thumbnailUrl":"https:\/\/www.ing.uc.cl\/electrica\/wp-content\/uploads\/2023\/03\/img_4246-1024x683.jpg","articleSection":["Noticias","Novedades"],"inLanguage":"es-CL"},{"@type":"WebPage","@id":"https:\/\/www.ing.uc.cl\/electrica\/2023\/03\/28\/feria-de-orientacion-academica-2023\/","url":"https:\/\/www.ing.uc.cl\/electrica\/2023\/03\/28\/feria-de-orientacion-academica-2023\/","name":"Feria de Orientaci\u00f3n Acad\u00e9mica 2023 - DEPARTAMENTO DE INGENIER\u00cdA EL\u00c9CTRICA","isPartOf":{"@id":"https:\/\/www.ing.uc.cl\/electrica\/#website"},"primaryImageOfPage":{"@id":"https:\/\/www.ing.uc.cl\/electrica\/2023\/03\/28\/feria-de-orientacion-academica-2023\/#primaryimage"},"image":{"@id":"https:\/\/www.ing.uc.cl\/electrica\/2023\/03\/28\/feria-de-orientacion-academica-2023\/#primaryimage"},"thumbnailUrl":"https:\/\/www.ing.uc.cl\/electrica\/wp-content\/uploads\/2023\/03\/img_4246-1024x683.jpg","datePublished":"2023-03-28T19:52:39+00:00","breadcrumb":{"@id":"https:\/\/www.ing.uc.cl\/electrica\/2023\/03\/28\/feria-de-orientacion-academica-2023\/#breadcrumb"},"inLanguage":"es-CL","potentialAction":[{"@type":"ReadAction","target":["https:\/\/www.ing.uc.cl\/electrica\/2023\/03\/28\/feria-de-orientacion-academica-2023\/"]}]},{"@type":"ImageObject","inLanguage":"es-CL","@id":"https:\/\/www.ing.uc.cl\/electrica\/2023\/03\/28\/feria-de-orientacion-academica-2023\/#primaryimage","url":"https:\/\/www.ing.uc.cl\/electrica\/wp-content\/uploads\/2023\/03\/img_4246-1024x683.jpg","contentUrl":"https:\/\/www.ing.uc.cl\/electrica\/wp-content\/uploads\/2023\/03\/img_4246-1024x683.jpg"},{"@type":"BreadcrumbList","@id":"https:\/\/www.ing.uc.cl\/electrica\/2023\/03\/28\/feria-de-orientacion-academica-2023\/#breadcrumb","itemListElement":[{"@type":"ListItem","position":1,"name":"Portada","item":"https:\/\/www.ing.uc.cl\/electrica\/"},{"@type":"ListItem","position":2,"name":"Feria de Orientaci\u00f3n Acad\u00e9mica 2023"}]},{"@type":"WebSite","@id":"https:\/\/www.ing.uc.cl\/electrica\/#website","url":"https:\/\/www.ing.uc.cl\/electrica\/","name":"DEPARTAMENTO DE INGENIER\u00cdA EL\u00c9CTRICA","description":"","publisher":{"@id":"https:\/\/www.ing.uc.cl\/electrica\/#organization"},"potentialAction":[{"@type":"SearchAction","target":{"@type":"EntryPoint","urlTemplate":"https:\/\/www.ing.uc.cl\/electrica\/?s={search_term_string}"},"query-input":{"@type":"PropertyValueSpecification","valueRequired":true,"valueName":"search_term_string"}}],"inLanguage":"es-CL"},{"@type":"Organization","@id":"https:\/\/www.ing.uc.cl\/electrica\/#organization","name":"DEPARTAMENTO DE INGENIER\u00cdA EL\u00c9CTRICA","url":"https:\/\/www.ing.uc.cl\/electrica\/","logo":{"@type":"ImageObject","inLanguage":"es-CL","@id":"https:\/\/www.ing.uc.cl\/electrica\/#\/schema\/logo\/image\/","url":"https:\/\/www.ing.uc.cl\/electrica\/wp-content\/uploads\/2020\/03\/logo-uc-03.svg","contentUrl":"https:\/\/www.ing.uc.cl\/electrica\/wp-content\/uploads\/2020\/03\/logo-uc-03.svg","width":156,"height":90,"caption":"DEPARTAMENTO DE INGENIER\u00cdA EL\u00c9CTRICA"},"image":{"@id":"https:\/\/www.ing.uc.cl\/electrica\/#\/schema\/logo\/image\/"}},{"@type":"Person","@id":"https:\/\/www.ing.uc.cl\/electrica\/#\/schema\/person\/46a2c0f475e2bf9366409f2ed1944667","name":"Francisco H","image":{"@type":"ImageObject","inLanguage":"es-CL","@id":"https:\/\/secure.gravatar.com\/avatar\/63233762875caf7cb464abb0c994788b36bb5a903f4b5e6d958a14f57c41e047?s=96&d=mm&r=g","url":"https:\/\/secure.gravatar.com\/avatar\/63233762875caf7cb464abb0c994788b36bb5a903f4b5e6d958a14f57c41e047?s=96&d=mm&r=g","contentUrl":"https:\/\/secure.gravatar.com\/avatar\/63233762875caf7cb464abb0c994788b36bb5a903f4b5e6d958a14f57c41e047?s=96&d=mm&r=g","caption":"Francisco H"},"url":"https:\/\/www.ing.uc.cl\/electrica\/author\/fherreros\/"}]}},"_links":{"self":[{"href":"https:\/\/www.ing.uc.cl\/electrica\/wp-json\/wp\/v2\/posts\/9030","targetHints":{"allow":["GET"]}}],"collection":[{"href":"https:\/\/www.ing.uc.cl\/electrica\/wp-json\/wp\/v2\/posts"}],"about":[{"href":"https:\/\/www.ing.uc.cl\/electrica\/wp-json\/wp\/v2\/types\/post"}],"author":[{"embeddable":true,"href":"https:\/\/www.ing.uc.cl\/electrica\/wp-json\/wp\/v2\/users\/4"}],"replies":[{"embeddable":true,"href":"https:\/\/www.ing.uc.cl\/electrica\/wp-json\/wp\/v2\/comments?post=9030"}],"version-history":[{"count":0,"href":"https:\/\/www.ing.uc.cl\/electrica\/wp-json\/wp\/v2\/posts\/9030\/revisions"}],"wp:attachment":[{"href":"https:\/\/www.ing.uc.cl\/electrica\/wp-json\/wp\/v2\/media?parent=9030"}],"wp:term":[{"taxonomy":"category","embeddable":true,"href":"https:\/\/www.ing.uc.cl\/electrica\/wp-json\/wp\/v2\/categories?post=9030"},{"taxonomy":"post_tag","embeddable":true,"href":"https:\/\/www.ing.uc.cl\/electrica\/wp-json\/wp\/v2\/tags?post=9030"}],"curies":[{"name":"wp","href":"https:\/\/api.w.org\/{rel}","templated":true}]}}