{"id":5242,"date":"2024-12-26T15:24:27","date_gmt":"2024-12-26T18:24:27","guid":{"rendered":"https:\/\/www.ing.uc.cl\/estructural-y-geotecnica\/?p=5242"},"modified":"2025-02-26T10:54:50","modified_gmt":"2025-02-26T13:54:50","slug":"profesores-hube-y-cembrano-comparten-su-experiencia-en-el-extranjero","status":"publish","type":"post","link":"https:\/\/www.ing.uc.cl\/estructural-y-geotecnica\/profesores-hube-y-cembrano-comparten-su-experiencia-en-el-extranjero\/","title":{"rendered":"Profesores Cembrano y Hube comparten su experiencia en el extranjero"},"content":{"rendered":"\t\t<div data-elementor-type=\"wp-post\" data-elementor-id=\"5242\" class=\"elementor elementor-5242\">\n\t\t\t\t\t\t<section class=\"elementor-section elementor-top-section elementor-element elementor-element-9129b13 elementor-section-boxed elementor-section-height-default elementor-section-height-default wpr-particle-no wpr-jarallax-no wpr-parallax-no wpr-sticky-section-no wpr-equal-height-no\" data-id=\"9129b13\" data-element_type=\"section\" data-e-type=\"section\">\n\t\t\t\t\t\t<div class=\"elementor-container elementor-column-gap-default\">\n\t\t\t\t\t<div class=\"elementor-column elementor-col-100 elementor-top-column elementor-element elementor-element-f53a2d9\" data-id=\"f53a2d9\" data-element_type=\"column\" data-e-type=\"column\">\n\t\t\t<div class=\"elementor-widget-wrap elementor-element-populated\">\n\t\t\t\t\t\t<div class=\"elementor-element elementor-element-6dfee24 elementor-widget elementor-widget-heading\" data-id=\"6dfee24\" data-element_type=\"widget\" data-e-type=\"widget\" data-widget_type=\"heading.default\">\n\t\t\t\t<div class=\"elementor-widget-container\">\n\t\t\t\t\t<h2 class=\"elementor-heading-title elementor-size-default\">Jos\u00e9 Cembrano nos cuenta sobre su a\u00f1o sab\u00e1tico en Europa<\/h2>\t\t\t\t<\/div>\n\t\t\t\t<\/div>\n\t\t\t\t\t<\/div>\n\t\t<\/div>\n\t\t\t\t\t<\/div>\n\t\t<\/section>\n\t\t\t\t<section class=\"elementor-section elementor-top-section elementor-element elementor-element-851ef7e elementor-section-boxed elementor-section-height-default elementor-section-height-default wpr-particle-no wpr-jarallax-no wpr-parallax-no wpr-sticky-section-no wpr-equal-height-no\" data-id=\"851ef7e\" data-element_type=\"section\" data-e-type=\"section\">\n\t\t\t\t\t\t<div class=\"elementor-container elementor-column-gap-default\">\n\t\t\t\t\t<div class=\"elementor-column elementor-col-50 elementor-top-column elementor-element elementor-element-b1da126\" data-id=\"b1da126\" data-element_type=\"column\" data-e-type=\"column\">\n\t\t\t<div class=\"elementor-widget-wrap elementor-element-populated\">\n\t\t\t\t\t\t<div class=\"elementor-element elementor-element-3b27391 elementor-widget elementor-widget-text-editor\" data-id=\"3b27391\" data-element_type=\"widget\" data-e-type=\"widget\" data-widget_type=\"text-editor.default\">\n\t\t\t\t<div class=\"elementor-widget-container\">\n\t\t\t\t\t\t\t\t\t<p><span class=\"OYPEnA font-feature-liga-off font-feature-clig-off font-feature-calt-off text-decoration-none text-strikethrough-none\">El profesor Cembrano est\u00e1 pasando un gran a\u00f1o sab\u00e1tico en Francia e Inglaterra. \u201cHa sido un a\u00f1o muy provechoso en t\u00e9rminos acad\u00e9micos, familiares y personales\u201d. El trabajo con la investigadora Muriel Gerbault del G\u00e9osciences Environment Toulouse (GET, Francia), se concentr\u00f3 en la modelaci\u00f3n num\u00e9rica de procesos geol\u00f3gicos, en la cual participan tambi\u00e9n nuestros estudiantes de Mag\u00edster Gabriela Za\u00f1artu y Diego Torres. Gabriela tambi\u00e9n tendr\u00e1 la oportunidad de viajar para una breve estad\u00eda de investigaci\u00f3n en enero de 2025, con fondos franceses. <\/span><\/p>\t\t\t\t\t\t\t\t<\/div>\n\t\t\t\t<\/div>\n\t\t\t\t\t<\/div>\n\t\t<\/div>\n\t\t\t\t<div class=\"elementor-column elementor-col-50 elementor-top-column elementor-element elementor-element-91d5282\" data-id=\"91d5282\" data-element_type=\"column\" data-e-type=\"column\">\n\t\t\t<div class=\"elementor-widget-wrap elementor-element-populated\">\n\t\t\t\t\t\t<div class=\"elementor-element elementor-element-c7981d2 elementor-widget elementor-widget-image\" data-id=\"c7981d2\" data-element_type=\"widget\" data-e-type=\"widget\" data-widget_type=\"image.default\">\n\t\t\t\t<div class=\"elementor-widget-container\">\n\t\t\t\t\t\t\t\t\t\t\t\t\t\t\t<img fetchpriority=\"high\" decoding=\"async\" width=\"803\" height=\"1024\" src=\"https:\/\/www.ing.uc.cl\/estructural-y-geotecnica\/wp-content\/uploads\/2024\/12\/Jose-Miguel-Cembrano-scaled-e1735237453725-803x1024.jpg\" class=\"attachment-large size-large wp-image-5246\" alt=\"\" srcset=\"https:\/\/www.ing.uc.cl\/estructural-y-geotecnica\/wp-content\/uploads\/2024\/12\/Jose-Miguel-Cembrano-scaled-e1735237453725-803x1024.jpg 803w, https:\/\/www.ing.uc.cl\/estructural-y-geotecnica\/wp-content\/uploads\/2024\/12\/Jose-Miguel-Cembrano-scaled-e1735237453725-235x300.jpg 235w, https:\/\/www.ing.uc.cl\/estructural-y-geotecnica\/wp-content\/uploads\/2024\/12\/Jose-Miguel-Cembrano-scaled-e1735237453725-768x980.jpg 768w, https:\/\/www.ing.uc.cl\/estructural-y-geotecnica\/wp-content\/uploads\/2024\/12\/Jose-Miguel-Cembrano-scaled-e1735237453725-1204x1536.jpg 1204w, https:\/\/www.ing.uc.cl\/estructural-y-geotecnica\/wp-content\/uploads\/2024\/12\/Jose-Miguel-Cembrano-scaled-e1735237453725-1606x2048.jpg 1606w, https:\/\/www.ing.uc.cl\/estructural-y-geotecnica\/wp-content\/uploads\/2024\/12\/Jose-Miguel-Cembrano-scaled-e1735237453725.jpg 1702w\" sizes=\"(max-width: 803px) 100vw, 803px\" \/>\t\t\t\t\t\t\t\t\t\t\t\t\t\t\t<\/div>\n\t\t\t\t<\/div>\n\t\t\t\t\t<\/div>\n\t\t<\/div>\n\t\t\t\t\t<\/div>\n\t\t<\/section>\n\t\t\t\t<section class=\"elementor-section elementor-top-section elementor-element elementor-element-fabf0d5 elementor-section-boxed elementor-section-height-default elementor-section-height-default wpr-particle-no wpr-jarallax-no wpr-parallax-no wpr-sticky-section-no wpr-equal-height-no\" data-id=\"fabf0d5\" data-element_type=\"section\" data-e-type=\"section\">\n\t\t\t\t\t\t<div class=\"elementor-container elementor-column-gap-default\">\n\t\t\t\t\t<div class=\"elementor-column elementor-col-100 elementor-top-column elementor-element elementor-element-328f5a2\" data-id=\"328f5a2\" data-element_type=\"column\" data-e-type=\"column\">\n\t\t\t<div class=\"elementor-widget-wrap elementor-element-populated\">\n\t\t\t\t\t\t<div class=\"elementor-element elementor-element-d6f9ae2 elementor-widget elementor-widget-text-editor\" data-id=\"d6f9ae2\" data-element_type=\"widget\" data-e-type=\"widget\" data-widget_type=\"text-editor.default\">\n\t\t\t\t<div class=\"elementor-widget-container\">\n\t\t\t\t\t\t\t\t\t<p><span class=\"OYPEnA font-feature-liga-off font-feature-clig-off font-feature-calt-off text-decoration-none text-strikethrough-none\">Adem\u00e1s, en mayo y junio de 2024 estuvo en el University College London (UCL), donde trabaj\u00f3 con el Prof. Tom Mitchell y con nuestra exalumna Ashley Stanton-Yonge, trabajo que culmin\u00f3 en la finalizaci\u00f3n de un par de art\u00edculos pendientes.<\/span><\/p><p>&#8220;El sistema de investigaci\u00f3n franc\u00e9s es muy distinto al ingl\u00e9s, lo que hizo que mi experiencia fuera particularmente interesante&#8221;, opina Jos\u00e9. &#8220;Quisiera agradecer el apoyo del DIEG y de la Escuela, as\u00ed como el del GET y de la UCL por el privilegio de poder tener esta experiencia. En particular agradezco al Prof. Marcos Moreno por haberme reemplazado generosamente en mis cursos de pregrado.&#8221;<\/p>\t\t\t\t\t\t\t\t<\/div>\n\t\t\t\t<\/div>\n\t\t\t\t\t<\/div>\n\t\t<\/div>\n\t\t\t\t\t<\/div>\n\t\t<\/section>\n\t\t\t\t<section class=\"elementor-section elementor-top-section elementor-element elementor-element-cbc4e9a elementor-section-boxed elementor-section-height-default elementor-section-height-default wpr-particle-no wpr-jarallax-no wpr-parallax-no wpr-sticky-section-no wpr-equal-height-no\" data-id=\"cbc4e9a\" data-element_type=\"section\" data-e-type=\"section\">\n\t\t\t\t\t\t<div class=\"elementor-container elementor-column-gap-default\">\n\t\t\t\t\t<div class=\"elementor-column elementor-col-100 elementor-top-column elementor-element elementor-element-6d3235c\" data-id=\"6d3235c\" data-element_type=\"column\" data-e-type=\"column\">\n\t\t\t<div class=\"elementor-widget-wrap elementor-element-populated\">\n\t\t\t\t\t\t<div class=\"elementor-element elementor-element-ca2b4ed elementor-widget elementor-widget-heading\" data-id=\"ca2b4ed\" data-element_type=\"widget\" data-e-type=\"widget\" data-widget_type=\"heading.default\">\n\t\t\t\t<div class=\"elementor-widget-container\">\n\t\t\t\t\t<h2 class=\"elementor-heading-title elementor-size-default\">Mat\u00edas Hube nos comparte su experiencia en EEUU<\/h2>\t\t\t\t<\/div>\n\t\t\t\t<\/div>\n\t\t\t\t\t<\/div>\n\t\t<\/div>\n\t\t\t\t\t<\/div>\n\t\t<\/section>\n\t\t\t\t<section class=\"elementor-section elementor-top-section elementor-element elementor-element-fc754ac elementor-section-boxed elementor-section-height-default elementor-section-height-default wpr-particle-no wpr-jarallax-no wpr-parallax-no wpr-sticky-section-no wpr-equal-height-no\" data-id=\"fc754ac\" data-element_type=\"section\" data-e-type=\"section\">\n\t\t\t\t\t\t<div class=\"elementor-container elementor-column-gap-default\">\n\t\t\t\t\t<div class=\"elementor-column elementor-col-50 elementor-top-column elementor-element elementor-element-d5ca93e\" data-id=\"d5ca93e\" data-element_type=\"column\" data-e-type=\"column\">\n\t\t\t<div class=\"elementor-widget-wrap elementor-element-populated\">\n\t\t\t\t\t\t<div class=\"elementor-element elementor-element-c1c97f5 elementor-widget elementor-widget-image\" data-id=\"c1c97f5\" data-element_type=\"widget\" data-e-type=\"widget\" data-widget_type=\"image.default\">\n\t\t\t\t<div class=\"elementor-widget-container\">\n\t\t\t\t\t\t\t\t\t\t\t\t\t\t\t<img decoding=\"async\" width=\"1024\" height=\"577\" src=\"https:\/\/www.ing.uc.cl\/estructural-y-geotecnica\/wp-content\/uploads\/2024\/12\/20240716_110159-1024x577.jpg\" class=\"attachment-large size-large wp-image-5244\" alt=\"\" srcset=\"https:\/\/www.ing.uc.cl\/estructural-y-geotecnica\/wp-content\/uploads\/2024\/12\/20240716_110159-1024x577.jpg 1024w, https:\/\/www.ing.uc.cl\/estructural-y-geotecnica\/wp-content\/uploads\/2024\/12\/20240716_110159-300x169.jpg 300w, https:\/\/www.ing.uc.cl\/estructural-y-geotecnica\/wp-content\/uploads\/2024\/12\/20240716_110159-768x432.jpg 768w, https:\/\/www.ing.uc.cl\/estructural-y-geotecnica\/wp-content\/uploads\/2024\/12\/20240716_110159-1536x865.jpg 1536w, https:\/\/www.ing.uc.cl\/estructural-y-geotecnica\/wp-content\/uploads\/2024\/12\/20240716_110159-2048x1153.jpg 2048w\" sizes=\"(max-width: 1024px) 100vw, 1024px\" \/>\t\t\t\t\t\t\t\t\t\t\t\t\t\t\t<\/div>\n\t\t\t\t<\/div>\n\t\t\t\t\t<\/div>\n\t\t<\/div>\n\t\t\t\t<div class=\"elementor-column elementor-col-50 elementor-top-column elementor-element elementor-element-f83152f\" data-id=\"f83152f\" data-element_type=\"column\" data-e-type=\"column\">\n\t\t\t<div class=\"elementor-widget-wrap elementor-element-populated\">\n\t\t\t\t\t\t<div class=\"elementor-element elementor-element-c334c48 elementor-widget elementor-widget-text-editor\" data-id=\"c334c48\" data-element_type=\"widget\" data-e-type=\"widget\" data-widget_type=\"text-editor.default\">\n\t\t\t\t<div class=\"elementor-widget-container\">\n\t\t\t\t\t\t\t\t\t<p>Por su parte, Mat\u00edas Hube ha estado realizando un periodo sab\u00e1tico en la Universidad de California Los Angeles (UCLA) durante el segundo semestre de 2024. <span class=\"OYPEnA font-feature-liga-off font-feature-clig-off font-feature-calt-off text-decoration-none text-strikethrough-none\">Durante este periodo, Mat\u00edas ha estado colaborando con el grupo de investigaci\u00f3n del profesor John Wallace, quien es el chair del comit\u00e9 s\u00edsmico del ACI 318.<\/span><\/p>\t\t\t\t\t\t\t\t<\/div>\n\t\t\t\t<\/div>\n\t\t\t\t\t<\/div>\n\t\t<\/div>\n\t\t\t\t\t<\/div>\n\t\t<\/section>\n\t\t\t\t<section class=\"elementor-section elementor-top-section elementor-element elementor-element-3651a3e elementor-section-boxed elementor-section-height-default elementor-section-height-default wpr-particle-no wpr-jarallax-no wpr-parallax-no wpr-sticky-section-no wpr-equal-height-no\" data-id=\"3651a3e\" data-element_type=\"section\" data-e-type=\"section\">\n\t\t\t\t\t\t<div class=\"elementor-container elementor-column-gap-default\">\n\t\t\t\t\t<div class=\"elementor-column elementor-col-100 elementor-top-column elementor-element elementor-element-03938ff\" data-id=\"03938ff\" data-element_type=\"column\" data-e-type=\"column\">\n\t\t\t<div class=\"elementor-widget-wrap elementor-element-populated\">\n\t\t\t\t\t\t<div class=\"elementor-element elementor-element-98c0fcf elementor-widget elementor-widget-text-editor\" data-id=\"98c0fcf\" data-element_type=\"widget\" data-e-type=\"widget\" data-widget_type=\"text-editor.default\">\n\t\t\t\t<div class=\"elementor-widget-container\">\n\t\t\t\t\t\t\t\t\t<p><span class=\"OYPEnA font-feature-liga-off font-feature-clig-off font-feature-calt-off text-decoration-none text-strikethrough-none\">Adicionalmente, ha podido colaborar en la ejecuci\u00f3n del ensayo estructural de un muro de hormig\u00f3n armado reparado y de una viga con armadura de traslapo. Durante este periodo, tambi\u00e9n fue invitado a dictar un seminario sobre dise\u00f1o s\u00edsmico en la Universidad de California, Irvine.\u00a0<\/span><\/p><p data-olk-copy-source=\"MessageBody\">&#8220;Este periodo sab\u00e1tico ha sido una gran experiencia, tanto acad\u00e9mica como familiar&#8221;, nos cuenta Mat\u00edas. &#8220;Toda la familia ha tenido una experiencia internacional enriquecedora y este periodo ha permitido fortalecer fuertemente los v\u00ednculos familiares.\u00a0 Da gusto ver como los hermanos se han apoyado entre s\u00ed para salir adelante&#8221;.<\/p>\t\t\t\t\t\t\t\t<\/div>\n\t\t\t\t<\/div>\n\t\t\t\t\t<\/div>\n\t\t<\/div>\n\t\t\t\t\t<\/div>\n\t\t<\/section>\n\t\t\t\t<\/div>\n\t\t","protected":false},"excerpt":{"rendered":"<p>Jos\u00e9 Cembrano nos cuenta sobre su a\u00f1o sab\u00e1tico en Europa El profesor Cembrano est\u00e1 pasando un gran a\u00f1o sab\u00e1tico en Francia e Inglaterra. \u201cHa sido un a\u00f1o muy provechoso en t\u00e9rminos acad\u00e9micos, familiares y personales\u201d. El trabajo con la investigadora Muriel Gerbault del G\u00e9osciences Environment Toulouse (GET, Francia), se concentr\u00f3 en la modelaci\u00f3n num\u00e9rica de procesos geol\u00f3gicos, en la cual participan tambi\u00e9n nuestros estudiantes de Mag\u00edster Gabriela Za\u00f1artu y Diego Torres. Gabriela tambi\u00e9n tendr\u00e1 la oportunidad de viajar para una breve estad\u00eda de investigaci\u00f3n en enero de 2025, con fondos franceses. Adem\u00e1s, en mayo y junio de 2024 estuvo en el University College London (UCL), donde trabaj\u00f3 con el Prof. Tom Mitchell y con nuestra exalumna Ashley Stanton-Yonge, trabajo que culmin\u00f3 en la finalizaci\u00f3n de un par de art\u00edculos pendientes. &#8220;El sistema de investigaci\u00f3n franc\u00e9s es muy distinto al ingl\u00e9s, lo que hizo que mi experiencia fuera particularmente interesante&#8221;, opina Jos\u00e9. &#8220;Quisiera agradecer el apoyo del DIEG y de la Escuela, as\u00ed como el del GET y de la UCL por el privilegio de poder tener esta experiencia. En particular agradezco al Prof. Marcos Moreno por haberme reemplazado generosamente en mis cursos de pregrado.&#8221; Mat\u00edas Hube nos comparte su experiencia en EEUU Por su parte, Mat\u00edas Hube ha estado realizando un periodo sab\u00e1tico en la Universidad de California Los Angeles (UCLA) durante el segundo semestre de 2024. Durante este periodo, Mat\u00edas ha estado colaborando con el grupo de investigaci\u00f3n del profesor John Wallace, quien es el chair del comit\u00e9 s\u00edsmico del ACI 318. Adicionalmente, ha podido colaborar en la ejecuci\u00f3n del ensayo estructural de un muro de hormig\u00f3n armado reparado y de una viga con armadura de traslapo. Durante este periodo, tambi\u00e9n fue invitado a dictar un seminario sobre dise\u00f1o s\u00edsmico en la Universidad de California, Irvine.\u00a0 &#8220;Este periodo sab\u00e1tico ha sido una gran experiencia, tanto acad\u00e9mica como familiar&#8221;, nos cuenta Mat\u00edas. &#8220;Toda la familia ha tenido una experiencia internacional enriquecedora y este periodo ha permitido fortalecer fuertemente los v\u00ednculos familiares.\u00a0 Da gusto ver como los hermanos se han apoyado entre s\u00ed para salir adelante&#8221;.<\/p>\n","protected":false},"author":8,"featured_media":5243,"comment_status":"closed","ping_status":"open","sticky":false,"template":"","format":"standard","meta":{"site-sidebar-layout":"default","site-content-layout":"","ast-site-content-layout":"default","site-content-style":"default","site-sidebar-style":"default","ast-global-header-display":"","ast-banner-title-visibility":"","ast-main-header-display":"","ast-hfb-above-header-display":"","ast-hfb-below-header-display":"","ast-hfb-mobile-header-display":"","site-post-title":"","ast-breadcrumbs-content":"","ast-featured-img":"","footer-sml-layout":"","ast-disable-related-posts":"","theme-transparent-header-meta":"","adv-header-id-meta":"","stick-header-meta":"","header-above-stick-meta":"","header-main-stick-meta":"","header-below-stick-meta":"","astra-migrate-meta-layouts":"set","ast-page-background-enabled":"default","ast-page-background-meta":{"desktop":{"background-color":"","background-image":"","background-repeat":"repeat","background-position":"center center","background-size":"auto","background-attachment":"scroll","background-type":"","background-media":"","overlay-type":"","overlay-color":"","overlay-opacity":"","overlay-gradient":""},"tablet":{"background-color":"","background-image":"","background-repeat":"repeat","background-position":"center center","background-size":"auto","background-attachment":"scroll","background-type":"","background-media":"","overlay-type":"","overlay-color":"","overlay-opacity":"","overlay-gradient":""},"mobile":{"background-color":"","background-image":"","background-repeat":"repeat","background-position":"center center","background-size":"auto","background-attachment":"scroll","background-type":"","background-media":"","overlay-type":"","overlay-color":"","overlay-opacity":"","overlay-gradient":""}},"ast-content-background-meta":{"desktop":{"background-color":"var(--ast-global-color-5)","background-image":"","background-repeat":"repeat","background-position":"center center","background-size":"auto","background-attachment":"scroll","background-type":"","background-media":"","overlay-type":"","overlay-color":"","overlay-opacity":"","overlay-gradient":""},"tablet":{"background-color":"var(--ast-global-color-5)","background-image":"","background-repeat":"repeat","background-position":"center center","background-size":"auto","background-attachment":"scroll","background-type":"","background-media":"","overlay-type":"","overlay-color":"","overlay-opacity":"","overlay-gradient":""},"mobile":{"background-color":"var(--ast-global-color-5)","background-image":"","background-repeat":"repeat","background-position":"center center","background-size":"auto","background-attachment":"scroll","background-type":"","background-media":"","overlay-type":"","overlay-color":"","overlay-opacity":"","overlay-gradient":""}},"footnotes":""},"categories":[10,18],"tags":[],"class_list":["post-5242","post","type-post","status-publish","format-standard","has-post-thumbnail","hentry","category-noticias","category-estructural-noticias"],"_links":{"self":[{"href":"https:\/\/www.ing.uc.cl\/estructural-y-geotecnica\/wp-json\/wp\/v2\/posts\/5242","targetHints":{"allow":["GET"]}}],"collection":[{"href":"https:\/\/www.ing.uc.cl\/estructural-y-geotecnica\/wp-json\/wp\/v2\/posts"}],"about":[{"href":"https:\/\/www.ing.uc.cl\/estructural-y-geotecnica\/wp-json\/wp\/v2\/types\/post"}],"author":[{"embeddable":true,"href":"https:\/\/www.ing.uc.cl\/estructural-y-geotecnica\/wp-json\/wp\/v2\/users\/8"}],"replies":[{"embeddable":true,"href":"https:\/\/www.ing.uc.cl\/estructural-y-geotecnica\/wp-json\/wp\/v2\/comments?post=5242"}],"version-history":[{"count":8,"href":"https:\/\/www.ing.uc.cl\/estructural-y-geotecnica\/wp-json\/wp\/v2\/posts\/5242\/revisions"}],"predecessor-version":[{"id":5275,"href":"https:\/\/www.ing.uc.cl\/estructural-y-geotecnica\/wp-json\/wp\/v2\/posts\/5242\/revisions\/5275"}],"wp:featuredmedia":[{"embeddable":true,"href":"https:\/\/www.ing.uc.cl\/estructural-y-geotecnica\/wp-json\/wp\/v2\/media\/5243"}],"wp:attachment":[{"href":"https:\/\/www.ing.uc.cl\/estructural-y-geotecnica\/wp-json\/wp\/v2\/media?parent=5242"}],"wp:term":[{"taxonomy":"category","embeddable":true,"href":"https:\/\/www.ing.uc.cl\/estructural-y-geotecnica\/wp-json\/wp\/v2\/categories?post=5242"},{"taxonomy":"post_tag","embeddable":true,"href":"https:\/\/www.ing.uc.cl\/estructural-y-geotecnica\/wp-json\/wp\/v2\/tags?post=5242"}],"curies":[{"name":"wp","href":"https:\/\/api.w.org\/{rel}","templated":true}]}}