{"id":5290,"date":"2025-07-04T14:12:40","date_gmt":"2025-07-04T17:12:40","guid":{"rendered":"https:\/\/www.ing.uc.cl\/estructural-y-geotecnica\/?p=5290"},"modified":"2025-07-04T14:18:40","modified_gmt":"2025-07-04T17:18:40","slug":"expertos-internacionales-se-reunen-en-la-uc-para-fortalecer-la-preparacion-ante-desastres-sismicos","status":"publish","type":"post","link":"https:\/\/www.ing.uc.cl\/estructural-y-geotecnica\/expertos-internacionales-se-reunen-en-la-uc-para-fortalecer-la-preparacion-ante-desastres-sismicos\/","title":{"rendered":"Expertos internacionales se re\u00fanen en la UC para fortalecer la preparaci\u00f3n ante desastres s\u00edsmicos"},"content":{"rendered":"\t\t<div data-elementor-type=\"wp-post\" data-elementor-id=\"5290\" class=\"elementor elementor-5290\">\n\t\t\t\t\t\t<section class=\"elementor-section elementor-top-section elementor-element elementor-element-02d03e0 elementor-section-boxed elementor-section-height-default elementor-section-height-default wpr-particle-no wpr-jarallax-no wpr-parallax-no wpr-sticky-section-no wpr-equal-height-no\" data-id=\"02d03e0\" data-element_type=\"section\" data-e-type=\"section\">\n\t\t\t\t\t\t<div class=\"elementor-container elementor-column-gap-default\">\n\t\t\t\t\t<div class=\"elementor-column elementor-col-100 elementor-top-column elementor-element elementor-element-c9b3fed\" data-id=\"c9b3fed\" data-element_type=\"column\" data-e-type=\"column\">\n\t\t\t<div class=\"elementor-widget-wrap elementor-element-populated\">\n\t\t\t\t\t\t<div class=\"elementor-element elementor-element-3c11e29 elementor-widget elementor-widget-text-editor\" data-id=\"3c11e29\" data-element_type=\"widget\" data-e-type=\"widget\" data-widget_type=\"text-editor.default\">\n\t\t\t\t<div class=\"elementor-widget-container\">\n\t\t\t\t\t\t\t\t\t<p>Entre el 30 de junio y el 3 de julio,\u00a0<strong>Chile fue sede de la reuni\u00f3n anual de la\u00a0<a href=\"https:\/\/ipred.ing.uc.cl\/\" target=\"_blank\" rel=\"noopener\">International Platform for Reducing Earthquake Disaster (IPRED)<\/a><\/strong>, una iniciativa de la UNESCO que busca fortalecer la cooperaci\u00f3n cient\u00edfica y t\u00e9cnica entre pa\u00edses para reducir los riesgos asociados a terremotos y tsunamis.<\/p><p>El encuentro organizado por el Departamento de Ingenier\u00eda Estructural y Geot\u00e9cnica de la Pontificia Universidad Cat\u00f3lica de Chile (UC) reuni\u00f3 a autoridades nacionales, representantes diplom\u00e1ticos y expertos internacionales que compartieron conocimientos, experiencias y propuestas para hacer frente a los desaf\u00edos s\u00edsmicos que afectan a distintas regiones del mundo.<\/p>\t\t\t\t\t\t\t\t<\/div>\n\t\t\t\t<\/div>\n\t\t\t\t\t<\/div>\n\t\t<\/div>\n\t\t\t\t\t<\/div>\n\t\t<\/section>\n\t\t\t\t<section class=\"elementor-section elementor-top-section elementor-element elementor-element-90808c2 elementor-section-boxed elementor-section-height-default elementor-section-height-default wpr-particle-no wpr-jarallax-no wpr-parallax-no wpr-sticky-section-no wpr-equal-height-no\" data-id=\"90808c2\" data-element_type=\"section\" data-e-type=\"section\">\n\t\t\t\t\t\t<div class=\"elementor-container elementor-column-gap-default\">\n\t\t\t\t\t<div class=\"elementor-column elementor-col-50 elementor-top-column elementor-element elementor-element-950414a\" data-id=\"950414a\" data-element_type=\"column\" data-e-type=\"column\">\n\t\t\t<div class=\"elementor-widget-wrap elementor-element-populated\">\n\t\t\t\t\t\t<div class=\"elementor-element elementor-element-51a4601 elementor-widget elementor-widget-image\" data-id=\"51a4601\" data-element_type=\"widget\" data-e-type=\"widget\" data-widget_type=\"image.default\">\n\t\t\t\t<div class=\"elementor-widget-container\">\n\t\t\t\t\t\t\t\t\t\t\t\t\t\t\t<img fetchpriority=\"high\" decoding=\"async\" width=\"1024\" height=\"683\" src=\"https:\/\/www.ing.uc.cl\/estructural-y-geotecnica\/wp-content\/uploads\/2025\/07\/WhatsApp-Image-2025-07-01-at-14.46.48-2-1024x683.jpeg\" class=\"attachment-large size-large wp-image-5293\" alt=\"\" srcset=\"https:\/\/www.ing.uc.cl\/estructural-y-geotecnica\/wp-content\/uploads\/2025\/07\/WhatsApp-Image-2025-07-01-at-14.46.48-2-1024x683.jpeg 1024w, https:\/\/www.ing.uc.cl\/estructural-y-geotecnica\/wp-content\/uploads\/2025\/07\/WhatsApp-Image-2025-07-01-at-14.46.48-2-300x200.jpeg 300w, https:\/\/www.ing.uc.cl\/estructural-y-geotecnica\/wp-content\/uploads\/2025\/07\/WhatsApp-Image-2025-07-01-at-14.46.48-2-768x512.jpeg 768w, https:\/\/www.ing.uc.cl\/estructural-y-geotecnica\/wp-content\/uploads\/2025\/07\/WhatsApp-Image-2025-07-01-at-14.46.48-2-1536x1024.jpeg 1536w, https:\/\/www.ing.uc.cl\/estructural-y-geotecnica\/wp-content\/uploads\/2025\/07\/WhatsApp-Image-2025-07-01-at-14.46.48-2-272x182.jpeg 272w, https:\/\/www.ing.uc.cl\/estructural-y-geotecnica\/wp-content\/uploads\/2025\/07\/WhatsApp-Image-2025-07-01-at-14.46.48-2.jpeg 1600w\" sizes=\"(max-width: 1024px) 100vw, 1024px\" \/>\t\t\t\t\t\t\t\t\t\t\t\t\t\t\t<\/div>\n\t\t\t\t<\/div>\n\t\t\t\t\t<\/div>\n\t\t<\/div>\n\t\t\t\t<div class=\"elementor-column elementor-col-50 elementor-top-column elementor-element elementor-element-6df4801\" data-id=\"6df4801\" data-element_type=\"column\" data-e-type=\"column\">\n\t\t\t<div class=\"elementor-widget-wrap elementor-element-populated\">\n\t\t\t\t\t\t<div class=\"elementor-element elementor-element-59c51bf elementor-widget elementor-widget-text-editor\" data-id=\"59c51bf\" data-element_type=\"widget\" data-e-type=\"widget\" data-widget_type=\"text-editor.default\">\n\t\t\t\t<div class=\"elementor-widget-container\">\n\t\t\t\t\t\t\t\t\t<p>La apertura del encuentro internacional fue encabezada por el Rector de la UC, Juan Carlos de la Llera; la Decana de Ingenier\u00eda UC, Loreto Valenzuela; la subdirectora general para las Ciencias Naturales de la UNESCO, Lidia Arthur Brito; y representante de IPRED en Chile, y profesor adjunto del Departamento de Ingenier\u00eda Estructural y Geot\u00e9cnica, Ra\u00fal \u00c1lvarez. Tambi\u00e9n participaron de la ceremonia de apertura, el embajador de Egipto, <span class=\"NormalTextRun SCXW142326845 BCX0\" data-ccp-parastyle=\"Body Text\">Maher <\/span><span class=\"NormalTextRun SpellingErrorV2Themed SCXW142326845 BCX0\" data-ccp-parastyle=\"Body Text\">Almahdy;<\/span> y la <span class=\"NormalTextRun ContextualSpellingAndGrammarErrorV2Themed SCXW65187375 BCX0\" data-ccp-parastyle=\"Body Text\">Consejera<\/span> <span class=\"NormalTextRun SCXW65187375 BCX0\" data-ccp-parastyle=\"Body Text\">de<\/span> <span class=\"NormalTextRun SCXW65187375 BCX0\" data-ccp-parastyle=\"Body Text\">la<\/span> <span class=\"NormalTextRun SCXW65187375 BCX0\" data-ccp-parastyle=\"Body Text\">embajada<\/span> <span class=\"NormalTextRun SCXW65187375 BCX0\" data-ccp-parastyle=\"Body Text\">de<\/span> <span class=\"NormalTextRun SCXW65187375 BCX0\" data-ccp-parastyle=\"Body Text\">Jap\u00f3n,<\/span> <span class=\"NormalTextRun SCXW65187375 BCX0\" data-ccp-parastyle=\"Body Text\">Sra.<\/span> <span class=\"NormalTextRun SpellingErrorV2Themed SCXW65187375 BCX0\" data-ccp-parastyle=\"Body Text\">Asuka<\/span> <span class=\"NormalTextRun SCXW65187375 BCX0\" data-ccp-parastyle=\"Body Text\">Toyota.<\/span><\/p>\t\t\t\t\t\t\t\t<\/div>\n\t\t\t\t<\/div>\n\t\t\t\t\t<\/div>\n\t\t<\/div>\n\t\t\t\t\t<\/div>\n\t\t<\/section>\n\t\t\t\t<section class=\"elementor-section elementor-top-section elementor-element elementor-element-655176b elementor-section-boxed elementor-section-height-default elementor-section-height-default wpr-particle-no wpr-jarallax-no wpr-parallax-no wpr-sticky-section-no wpr-equal-height-no\" data-id=\"655176b\" data-element_type=\"section\" data-e-type=\"section\">\n\t\t\t\t\t\t<div class=\"elementor-container elementor-column-gap-default\">\n\t\t\t\t\t<div class=\"elementor-column elementor-col-50 elementor-top-column elementor-element elementor-element-e7f2f52\" data-id=\"e7f2f52\" data-element_type=\"column\" data-e-type=\"column\">\n\t\t\t<div class=\"elementor-widget-wrap elementor-element-populated\">\n\t\t\t\t\t\t<div class=\"elementor-element elementor-element-07f1fbd elementor-widget elementor-widget-text-editor\" data-id=\"07f1fbd\" data-element_type=\"widget\" data-e-type=\"widget\" data-widget_type=\"text-editor.default\">\n\t\t\t\t<div class=\"elementor-widget-container\">\n\t\t\t\t\t\t\t\t\t<p><strong>\u201cCada avance que se comparte en esta conferencia es tambi\u00e9n una invitaci\u00f3n a repensar el rol de nuestras disciplinas y a consolidar un enfoque m\u00e1s integral, donde la ingenier\u00eda y las ciencias se pongan al servicio del bienestar humano y del planeta, con visi\u00f3n de largo plazo y responsabilidad colectiva\u201d<\/strong>, expres\u00f3 la decana Loreto Valenzuela.<\/p>\t\t\t\t\t\t\t\t<\/div>\n\t\t\t\t<\/div>\n\t\t\t\t\t<\/div>\n\t\t<\/div>\n\t\t\t\t<div class=\"elementor-column elementor-col-50 elementor-top-column elementor-element elementor-element-7e873ec\" data-id=\"7e873ec\" data-element_type=\"column\" data-e-type=\"column\">\n\t\t\t<div class=\"elementor-widget-wrap elementor-element-populated\">\n\t\t\t\t\t\t<div class=\"elementor-element elementor-element-d10664d elementor-widget elementor-widget-image\" data-id=\"d10664d\" data-element_type=\"widget\" data-e-type=\"widget\" data-widget_type=\"image.default\">\n\t\t\t\t<div class=\"elementor-widget-container\">\n\t\t\t\t\t\t\t\t\t\t\t\t\t\t\t<img decoding=\"async\" width=\"1024\" height=\"683\" src=\"https:\/\/www.ing.uc.cl\/estructural-y-geotecnica\/wp-content\/uploads\/2025\/07\/WhatsApp-Image-2025-07-01-at-14.46.50-1024x683.jpeg\" class=\"attachment-large size-large wp-image-5294\" alt=\"\" srcset=\"https:\/\/www.ing.uc.cl\/estructural-y-geotecnica\/wp-content\/uploads\/2025\/07\/WhatsApp-Image-2025-07-01-at-14.46.50-1024x683.jpeg 1024w, https:\/\/www.ing.uc.cl\/estructural-y-geotecnica\/wp-content\/uploads\/2025\/07\/WhatsApp-Image-2025-07-01-at-14.46.50-300x200.jpeg 300w, https:\/\/www.ing.uc.cl\/estructural-y-geotecnica\/wp-content\/uploads\/2025\/07\/WhatsApp-Image-2025-07-01-at-14.46.50-768x512.jpeg 768w, https:\/\/www.ing.uc.cl\/estructural-y-geotecnica\/wp-content\/uploads\/2025\/07\/WhatsApp-Image-2025-07-01-at-14.46.50-1536x1024.jpeg 1536w, https:\/\/www.ing.uc.cl\/estructural-y-geotecnica\/wp-content\/uploads\/2025\/07\/WhatsApp-Image-2025-07-01-at-14.46.50-272x182.jpeg 272w, https:\/\/www.ing.uc.cl\/estructural-y-geotecnica\/wp-content\/uploads\/2025\/07\/WhatsApp-Image-2025-07-01-at-14.46.50.jpeg 1600w\" sizes=\"(max-width: 1024px) 100vw, 1024px\" \/>\t\t\t\t\t\t\t\t\t\t\t\t\t\t\t<\/div>\n\t\t\t\t<\/div>\n\t\t\t\t\t<\/div>\n\t\t<\/div>\n\t\t\t\t\t<\/div>\n\t\t<\/section>\n\t\t\t\t<section class=\"elementor-section elementor-top-section elementor-element elementor-element-11259c5 elementor-section-boxed elementor-section-height-default elementor-section-height-default wpr-particle-no wpr-jarallax-no wpr-parallax-no wpr-sticky-section-no wpr-equal-height-no\" data-id=\"11259c5\" data-element_type=\"section\" data-e-type=\"section\">\n\t\t\t\t\t\t<div class=\"elementor-container elementor-column-gap-default\">\n\t\t\t\t\t<div class=\"elementor-column elementor-col-100 elementor-top-column elementor-element elementor-element-1506ef8\" data-id=\"1506ef8\" data-element_type=\"column\" data-e-type=\"column\">\n\t\t\t<div class=\"elementor-widget-wrap elementor-element-populated\">\n\t\t\t\t\t\t<div class=\"elementor-element elementor-element-e0bd592 elementor-widget elementor-widget-text-editor\" data-id=\"e0bd592\" data-element_type=\"widget\" data-e-type=\"widget\" data-widget_type=\"text-editor.default\">\n\t\t\t\t<div class=\"elementor-widget-container\">\n\t\t\t\t\t\t\t\t\t<p>El congreso cont\u00f3 con la participaci\u00f3n de expositores internacionales de IPRED, y expositores nacionales representantes de centros de investigaci\u00f3n como <a href=\"https:\/\/nuevo.cigiden.cl\/\">CIGIDEN<\/a>, <a href=\"https:\/\/cenamad.cl\/\">CENAMAD<\/a>, <a href=\"https:\/\/itrend.cl\/es\/inicio\">ITREND<\/a>, el <a href=\"https:\/\/www.sismologia.cl\/\">Centro Sismol\u00f3gico Nacional<\/a>; representantes t\u00e9cnicos del <a href=\"https:\/\/www.mop.gob.cl\/\">Ministerio de Obras P\u00fablicas<\/a> y el <a href=\"https:\/\/www.minvu.gob.cl\/\">Ministerio de Vivienda y Urbanismo<\/a>; acad\u00e9micos de Ingenier\u00eda UC y de la Universidad de Chile; e ingenieros de <a href=\"https:\/\/www.dictuc.cl\/\">DICTUC.<\/a><\/p><p>La delegaci\u00f3n de UNESCO celebr\u00f3 el resultado del encuentro, destacando los importantes aportes y avances cient\u00edficos de Chile en materia de ingenier\u00eda s\u00edsmica y prevenci\u00f3n de desastres.<\/p>\t\t\t\t\t\t\t\t<\/div>\n\t\t\t\t<\/div>\n\t\t\t\t\t<\/div>\n\t\t<\/div>\n\t\t\t\t\t<\/div>\n\t\t<\/section>\n\t\t\t\t<section class=\"elementor-section elementor-top-section elementor-element elementor-element-d9e5d71 elementor-section-boxed elementor-section-height-default elementor-section-height-default wpr-particle-no wpr-jarallax-no wpr-parallax-no wpr-sticky-section-no wpr-equal-height-no\" data-id=\"d9e5d71\" data-element_type=\"section\" data-e-type=\"section\">\n\t\t\t\t\t\t<div class=\"elementor-container elementor-column-gap-default\">\n\t\t\t\t\t<div class=\"elementor-column elementor-col-100 elementor-top-column elementor-element elementor-element-8688b14\" data-id=\"8688b14\" data-element_type=\"column\" data-e-type=\"column\">\n\t\t\t<div class=\"elementor-widget-wrap elementor-element-populated\">\n\t\t\t\t\t\t<div class=\"elementor-element elementor-element-7a2587a elementor-arrows-position-inside elementor-pagination-position-outside elementor-widget elementor-widget-image-carousel\" data-id=\"7a2587a\" data-element_type=\"widget\" data-e-type=\"widget\" data-settings=\"{&quot;slides_to_show&quot;:&quot;2&quot;,&quot;slides_to_scroll&quot;:&quot;2&quot;,&quot;navigation&quot;:&quot;both&quot;,&quot;autoplay&quot;:&quot;yes&quot;,&quot;pause_on_hover&quot;:&quot;yes&quot;,&quot;pause_on_interaction&quot;:&quot;yes&quot;,&quot;autoplay_speed&quot;:5000,&quot;infinite&quot;:&quot;yes&quot;,&quot;speed&quot;:500}\" data-widget_type=\"image-carousel.default\">\n\t\t\t\t<div class=\"elementor-widget-container\">\n\t\t\t\t\t\t\t<div class=\"elementor-image-carousel-wrapper swiper\" role=\"region\" aria-roledescription=\"carousel\" aria-label=\"Carrusel de im\u00e1genes\" dir=\"ltr\">\n\t\t\t<div class=\"elementor-image-carousel swiper-wrapper\" aria-live=\"off\">\n\t\t\t\t\t\t\t\t<div class=\"swiper-slide\" role=\"group\" aria-roledescription=\"slide\" aria-label=\"1 de 9\"><figure class=\"swiper-slide-inner\"><img decoding=\"async\" class=\"swiper-slide-image\" src=\"https:\/\/www.ing.uc.cl\/estructural-y-geotecnica\/wp-content\/uploads\/2025\/07\/WhatsApp-Image-2025-07-02-at-17.50.09-300x225.jpeg\" alt=\"WhatsApp Image 2025-07-02 at 17.50.09\" \/><\/figure><\/div><div class=\"swiper-slide\" role=\"group\" aria-roledescription=\"slide\" aria-label=\"2 de 9\"><figure class=\"swiper-slide-inner\"><img decoding=\"async\" class=\"swiper-slide-image\" src=\"https:\/\/www.ing.uc.cl\/estructural-y-geotecnica\/wp-content\/uploads\/2025\/07\/WhatsApp-Image-2025-07-02-at-17.47.23-300x169.jpeg\" alt=\"WhatsApp Image 2025-07-02 at 17.47.23\" \/><\/figure><\/div><div class=\"swiper-slide\" role=\"group\" aria-roledescription=\"slide\" aria-label=\"3 de 9\"><figure class=\"swiper-slide-inner\"><img decoding=\"async\" class=\"swiper-slide-image\" src=\"https:\/\/www.ing.uc.cl\/estructural-y-geotecnica\/wp-content\/uploads\/2025\/07\/WhatsApp-Image-2025-07-02-at-17.47.21-1-300x169.jpeg\" alt=\"WhatsApp Image 2025-07-02 at 17.47.21 (1)\" \/><\/figure><\/div><div class=\"swiper-slide\" role=\"group\" aria-roledescription=\"slide\" aria-label=\"4 de 9\"><figure class=\"swiper-slide-inner\"><img decoding=\"async\" class=\"swiper-slide-image\" src=\"https:\/\/www.ing.uc.cl\/estructural-y-geotecnica\/wp-content\/uploads\/2025\/07\/WhatsApp-Image-2025-07-02-at-17.47.17-300x169.jpeg\" alt=\"WhatsApp Image 2025-07-02 at 17.47.17\" \/><\/figure><\/div><div class=\"swiper-slide\" role=\"group\" aria-roledescription=\"slide\" aria-label=\"5 de 9\"><figure class=\"swiper-slide-inner\"><img decoding=\"async\" class=\"swiper-slide-image\" src=\"https:\/\/www.ing.uc.cl\/estructural-y-geotecnica\/wp-content\/uploads\/2025\/07\/WhatsApp-Image-2025-07-01-at-14.46.52-300x200.jpeg\" alt=\"WhatsApp Image 2025-07-01 at 14.46.52\" \/><\/figure><\/div><div class=\"swiper-slide\" role=\"group\" aria-roledescription=\"slide\" aria-label=\"6 de 9\"><figure class=\"swiper-slide-inner\"><img decoding=\"async\" class=\"swiper-slide-image\" src=\"https:\/\/www.ing.uc.cl\/estructural-y-geotecnica\/wp-content\/uploads\/2025\/07\/WhatsApp-Image-2025-07-01-at-14.46.49-300x200.jpeg\" alt=\"WhatsApp Image 2025-07-01 at 14.46.49\" \/><\/figure><\/div><div class=\"swiper-slide\" role=\"group\" aria-roledescription=\"slide\" aria-label=\"7 de 9\"><figure class=\"swiper-slide-inner\"><img decoding=\"async\" class=\"swiper-slide-image\" src=\"https:\/\/www.ing.uc.cl\/estructural-y-geotecnica\/wp-content\/uploads\/2025\/07\/WhatsApp-Image-2025-07-01-at-14.46.48-1-300x200.jpeg\" alt=\"WhatsApp Image 2025-07-01 at 14.46.48 (1)\" \/><\/figure><\/div><div class=\"swiper-slide\" role=\"group\" aria-roledescription=\"slide\" aria-label=\"8 de 9\"><figure class=\"swiper-slide-inner\"><img decoding=\"async\" class=\"swiper-slide-image\" src=\"https:\/\/www.ing.uc.cl\/estructural-y-geotecnica\/wp-content\/uploads\/2025\/07\/WhatsApp-Image-2025-07-01-at-14.46.47-300x200.jpeg\" alt=\"WhatsApp Image 2025-07-01 at 14.46.47\" \/><\/figure><\/div><div class=\"swiper-slide\" role=\"group\" aria-roledescription=\"slide\" aria-label=\"9 de 9\"><figure class=\"swiper-slide-inner\"><img decoding=\"async\" class=\"swiper-slide-image\" src=\"https:\/\/www.ing.uc.cl\/estructural-y-geotecnica\/wp-content\/uploads\/2025\/07\/WhatsApp-Image-2025-07-01-at-14.46.50-1-300x200.jpeg\" alt=\"WhatsApp Image 2025-07-01 at 14.46.50 (1)\" \/><\/figure><\/div>\t\t\t<\/div>\n\t\t\t\t\t\t\t\t\t\t\t\t<div class=\"elementor-swiper-button elementor-swiper-button-prev\" role=\"button\" tabindex=\"0\">\n\t\t\t\t\t\t<i aria-hidden=\"true\" class=\"eicon-chevron-left\"><\/i>\t\t\t\t\t<\/div>\n\t\t\t\t\t<div class=\"elementor-swiper-button elementor-swiper-button-next\" role=\"button\" tabindex=\"0\">\n\t\t\t\t\t\t<i aria-hidden=\"true\" class=\"eicon-chevron-right\"><\/i>\t\t\t\t\t<\/div>\n\t\t\t\t\n\t\t\t\t\t\t\t\t\t<div class=\"swiper-pagination\"><\/div>\n\t\t\t\t\t\t\t\t\t<\/div>\n\t\t\t\t\t\t<\/div>\n\t\t\t\t<\/div>\n\t\t\t\t\t<\/div>\n\t\t<\/div>\n\t\t\t\t\t<\/div>\n\t\t<\/section>\n\t\t\t\t<section class=\"elementor-section elementor-top-section elementor-element elementor-element-4779183 elementor-section-boxed elementor-section-height-default elementor-section-height-default wpr-particle-no wpr-jarallax-no wpr-parallax-no wpr-sticky-section-no wpr-equal-height-no\" data-id=\"4779183\" data-element_type=\"section\" data-e-type=\"section\">\n\t\t\t\t\t\t<div class=\"elementor-container elementor-column-gap-default\">\n\t\t\t\t\t<div class=\"elementor-column elementor-col-100 elementor-top-column elementor-element elementor-element-69511dd\" data-id=\"69511dd\" data-element_type=\"column\" data-e-type=\"column\">\n\t\t\t<div class=\"elementor-widget-wrap elementor-element-populated\">\n\t\t\t\t\t\t<div class=\"elementor-element elementor-element-491e59f elementor-widget elementor-widget-text-editor\" data-id=\"491e59f\" data-element_type=\"widget\" data-e-type=\"widget\" data-widget_type=\"text-editor.default\">\n\t\t\t\t<div class=\"elementor-widget-container\">\n\t\t\t\t\t\t\t\t\t<p>Agradecemos el apoyo de diversas entidades patrocinadoras del evento. Su apoyo es fundamental para el desarrollo y el avance cient\u00edfico.<\/p>\t\t\t\t\t\t\t\t<\/div>\n\t\t\t\t<\/div>\n\t\t\t\t\t<\/div>\n\t\t<\/div>\n\t\t\t\t\t<\/div>\n\t\t<\/section>\n\t\t\t\t<section class=\"elementor-section elementor-top-section elementor-element elementor-element-67c9630 elementor-section-boxed elementor-section-height-default elementor-section-height-default wpr-particle-no wpr-jarallax-no wpr-parallax-no wpr-sticky-section-no wpr-equal-height-no\" data-id=\"67c9630\" data-element_type=\"section\" data-e-type=\"section\">\n\t\t\t\t\t\t<div class=\"elementor-container elementor-column-gap-default\">\n\t\t\t\t\t<div class=\"elementor-column elementor-col-25 elementor-top-column elementor-element elementor-element-8f259b9\" data-id=\"8f259b9\" data-element_type=\"column\" data-e-type=\"column\">\n\t\t\t<div class=\"elementor-widget-wrap elementor-element-populated\">\n\t\t\t\t\t\t<div class=\"elementor-element elementor-element-a505abb elementor-widget elementor-widget-image\" data-id=\"a505abb\" data-element_type=\"widget\" data-e-type=\"widget\" data-widget_type=\"image.default\">\n\t\t\t\t<div class=\"elementor-widget-container\">\n\t\t\t\t\t\t\t\t\t\t\t\t\t\t\t\t<a href=\"https:\/\/gruposimonett.com\/\">\n\t\t\t\t\t\t\t<img decoding=\"async\" width=\"1024\" height=\"410\" src=\"https:\/\/www.ing.uc.cl\/estructural-y-geotecnica\/wp-content\/uploads\/2025\/07\/AmpereNoBG-1024x410-1.png\" class=\"attachment-large size-large wp-image-5303\" alt=\"\" srcset=\"https:\/\/www.ing.uc.cl\/estructural-y-geotecnica\/wp-content\/uploads\/2025\/07\/AmpereNoBG-1024x410-1.png 1024w, https:\/\/www.ing.uc.cl\/estructural-y-geotecnica\/wp-content\/uploads\/2025\/07\/AmpereNoBG-1024x410-1-300x120.png 300w, https:\/\/www.ing.uc.cl\/estructural-y-geotecnica\/wp-content\/uploads\/2025\/07\/AmpereNoBG-1024x410-1-768x308.png 768w\" sizes=\"(max-width: 1024px) 100vw, 1024px\" \/>\t\t\t\t\t\t\t\t<\/a>\n\t\t\t\t\t\t\t\t\t\t\t\t\t\t\t<\/div>\n\t\t\t\t<\/div>\n\t\t\t\t\t<\/div>\n\t\t<\/div>\n\t\t\t\t<div class=\"elementor-column elementor-col-25 elementor-top-column elementor-element elementor-element-e07f585\" data-id=\"e07f585\" data-element_type=\"column\" data-e-type=\"column\">\n\t\t\t<div class=\"elementor-widget-wrap elementor-element-populated\">\n\t\t\t\t\t\t<div class=\"elementor-element elementor-element-edcb38f elementor-widget elementor-widget-image\" data-id=\"edcb38f\" data-element_type=\"widget\" data-e-type=\"widget\" data-widget_type=\"image.default\">\n\t\t\t\t<div class=\"elementor-widget-container\">\n\t\t\t\t\t\t\t\t\t\t\t\t\t\t\t\t<a href=\"https:\/\/masterieg.uc.cl\/\">\n\t\t\t\t\t\t\t<img loading=\"lazy\" decoding=\"async\" width=\"300\" height=\"130\" src=\"https:\/\/www.ing.uc.cl\/estructural-y-geotecnica\/wp-content\/uploads\/2025\/07\/MIEG-e1751649219700-300x130.jpg\" class=\"attachment-medium size-medium wp-image-5305\" alt=\"\" srcset=\"https:\/\/www.ing.uc.cl\/estructural-y-geotecnica\/wp-content\/uploads\/2025\/07\/MIEG-e1751649219700-300x130.jpg 300w, https:\/\/www.ing.uc.cl\/estructural-y-geotecnica\/wp-content\/uploads\/2025\/07\/MIEG-e1751649219700-768x332.jpg 768w, https:\/\/www.ing.uc.cl\/estructural-y-geotecnica\/wp-content\/uploads\/2025\/07\/MIEG-e1751649219700.jpg 916w\" sizes=\"(max-width: 300px) 100vw, 300px\" \/>\t\t\t\t\t\t\t\t<\/a>\n\t\t\t\t\t\t\t\t\t\t\t\t\t\t\t<\/div>\n\t\t\t\t<\/div>\n\t\t\t\t\t<\/div>\n\t\t<\/div>\n\t\t\t\t<div class=\"elementor-column elementor-col-25 elementor-top-column elementor-element elementor-element-0761c5c\" data-id=\"0761c5c\" data-element_type=\"column\" data-e-type=\"column\">\n\t\t\t<div class=\"elementor-widget-wrap elementor-element-populated\">\n\t\t\t\t\t\t<div class=\"elementor-element elementor-element-3b3d14a elementor-widget elementor-widget-image\" data-id=\"3b3d14a\" data-element_type=\"widget\" data-e-type=\"widget\" data-widget_type=\"image.default\">\n\t\t\t\t<div class=\"elementor-widget-container\">\n\t\t\t\t\t\t\t\t\t\t\t\t\t\t\t\t<a href=\"https:\/\/www.ing.uc.cl\/equipos\/direccion-compromiso-publico-comunidad-diversidad\/\">\n\t\t\t\t\t\t\t<img loading=\"lazy\" decoding=\"async\" width=\"1024\" height=\"417\" src=\"https:\/\/www.ing.uc.cl\/estructural-y-geotecnica\/wp-content\/uploads\/2025\/07\/DCDi-Negro-1024x417.png\" class=\"attachment-large size-large wp-image-5306\" alt=\"\" srcset=\"https:\/\/www.ing.uc.cl\/estructural-y-geotecnica\/wp-content\/uploads\/2025\/07\/DCDi-Negro-1024x417.png 1024w, https:\/\/www.ing.uc.cl\/estructural-y-geotecnica\/wp-content\/uploads\/2025\/07\/DCDi-Negro-300x122.png 300w, https:\/\/www.ing.uc.cl\/estructural-y-geotecnica\/wp-content\/uploads\/2025\/07\/DCDi-Negro-768x313.png 768w, https:\/\/www.ing.uc.cl\/estructural-y-geotecnica\/wp-content\/uploads\/2025\/07\/DCDi-Negro-1536x625.png 1536w, https:\/\/www.ing.uc.cl\/estructural-y-geotecnica\/wp-content\/uploads\/2025\/07\/DCDi-Negro.png 2000w\" sizes=\"(max-width: 1024px) 100vw, 1024px\" \/>\t\t\t\t\t\t\t\t<\/a>\n\t\t\t\t\t\t\t\t\t\t\t\t\t\t\t<\/div>\n\t\t\t\t<\/div>\n\t\t\t\t\t<\/div>\n\t\t<\/div>\n\t\t\t\t<div class=\"elementor-column elementor-col-25 elementor-top-column elementor-element elementor-element-f033f4d\" data-id=\"f033f4d\" data-element_type=\"column\" data-e-type=\"column\">\n\t\t\t<div class=\"elementor-widget-wrap elementor-element-populated\">\n\t\t\t\t\t\t<div class=\"elementor-element elementor-element-2bee75b elementor-widget elementor-widget-image\" data-id=\"2bee75b\" data-element_type=\"widget\" data-e-type=\"widget\" data-widget_type=\"image.default\">\n\t\t\t\t<div class=\"elementor-widget-container\">\n\t\t\t\t\t\t\t\t\t\t\t\t\t\t\t\t<a href=\"https:\/\/cchc.cl\/\">\n\t\t\t\t\t\t\t<img loading=\"lazy\" decoding=\"async\" width=\"397\" height=\"119\" src=\"https:\/\/www.ing.uc.cl\/estructural-y-geotecnica\/wp-content\/uploads\/2025\/07\/logoCChC.png\" class=\"attachment-large size-large wp-image-5304\" alt=\"\" srcset=\"https:\/\/www.ing.uc.cl\/estructural-y-geotecnica\/wp-content\/uploads\/2025\/07\/logoCChC.png 397w, https:\/\/www.ing.uc.cl\/estructural-y-geotecnica\/wp-content\/uploads\/2025\/07\/logoCChC-300x90.png 300w\" sizes=\"(max-width: 397px) 100vw, 397px\" \/>\t\t\t\t\t\t\t\t<\/a>\n\t\t\t\t\t\t\t\t\t\t\t\t\t\t\t<\/div>\n\t\t\t\t<\/div>\n\t\t\t\t\t<\/div>\n\t\t<\/div>\n\t\t\t\t\t<\/div>\n\t\t<\/section>\n\t\t\t\t<\/div>\n\t\t","protected":false},"excerpt":{"rendered":"<p>Entre el 30 de junio y el 3 de julio,\u00a0Chile fue sede de la reuni\u00f3n anual de la\u00a0International Platform for Reducing Earthquake Disaster (IPRED), una iniciativa de la UNESCO que busca fortalecer la cooperaci\u00f3n cient\u00edfica y t\u00e9cnica entre pa\u00edses para reducir los riesgos asociados a terremotos y tsunamis. El encuentro organizado por el Departamento de Ingenier\u00eda Estructural y Geot\u00e9cnica de la Pontificia Universidad Cat\u00f3lica de Chile (UC) reuni\u00f3 a autoridades nacionales, representantes diplom\u00e1ticos y expertos internacionales que compartieron conocimientos, experiencias y propuestas para hacer frente a los desaf\u00edos s\u00edsmicos que afectan a distintas regiones del mundo. La apertura del encuentro internacional fue encabezada por el Rector de la UC, Juan Carlos de la Llera; la Decana de Ingenier\u00eda UC, Loreto Valenzuela; la subdirectora general para las Ciencias Naturales de la UNESCO, Lidia Arthur Brito; y representante de IPRED en Chile, y profesor adjunto del Departamento de Ingenier\u00eda Estructural y Geot\u00e9cnica, Ra\u00fal \u00c1lvarez. Tambi\u00e9n participaron de la ceremonia de apertura, el embajador de Egipto, Maher Almahdy; y la Consejera de la embajada de Jap\u00f3n, Sra. Asuka Toyota. \u201cCada avance que se comparte en esta conferencia es tambi\u00e9n una invitaci\u00f3n a repensar el rol de nuestras disciplinas y a consolidar un enfoque m\u00e1s integral, donde la ingenier\u00eda y las ciencias se pongan al servicio del bienestar humano y del planeta, con visi\u00f3n de largo plazo y responsabilidad colectiva\u201d, expres\u00f3 la decana Loreto Valenzuela. El congreso cont\u00f3 con la participaci\u00f3n de expositores internacionales de IPRED, y expositores nacionales representantes de centros de investigaci\u00f3n como CIGIDEN, CENAMAD, ITREND, el Centro Sismol\u00f3gico Nacional; representantes t\u00e9cnicos del Ministerio de Obras P\u00fablicas y el Ministerio de Vivienda y Urbanismo; acad\u00e9micos de Ingenier\u00eda UC y de la Universidad de Chile; e ingenieros de DICTUC. La delegaci\u00f3n de UNESCO celebr\u00f3 el resultado del encuentro, destacando los importantes aportes y avances cient\u00edficos de Chile en materia de ingenier\u00eda s\u00edsmica y prevenci\u00f3n de desastres. Agradecemos el apoyo de diversas entidades patrocinadoras del evento. Su apoyo es fundamental para el desarrollo y el avance cient\u00edfico.<\/p>\n","protected":false},"author":8,"featured_media":5295,"comment_status":"closed","ping_status":"open","sticky":false,"template":"","format":"standard","meta":{"site-sidebar-layout":"default","site-content-layout":"","ast-site-content-layout":"default","site-content-style":"default","site-sidebar-style":"default","ast-global-header-display":"","ast-banner-title-visibility":"","ast-main-header-display":"","ast-hfb-above-header-display":"","ast-hfb-below-header-display":"","ast-hfb-mobile-header-display":"","site-post-title":"","ast-breadcrumbs-content":"","ast-featured-img":"","footer-sml-layout":"","ast-disable-related-posts":"","theme-transparent-header-meta":"","adv-header-id-meta":"","stick-header-meta":"","header-above-stick-meta":"","header-main-stick-meta":"","header-below-stick-meta":"","astra-migrate-meta-layouts":"set","ast-page-background-enabled":"default","ast-page-background-meta":{"desktop":{"background-color":"","background-image":"","background-repeat":"repeat","background-position":"center center","background-size":"auto","background-attachment":"scroll","background-type":"","background-media":"","overlay-type":"","overlay-color":"","overlay-opacity":"","overlay-gradient":""},"tablet":{"background-color":"","background-image":"","background-repeat":"repeat","background-position":"center center","background-size":"auto","background-attachment":"scroll","background-type":"","background-media":"","overlay-type":"","overlay-color":"","overlay-opacity":"","overlay-gradient":""},"mobile":{"background-color":"","background-image":"","background-repeat":"repeat","background-position":"center center","background-size":"auto","background-attachment":"scroll","background-type":"","background-media":"","overlay-type":"","overlay-color":"","overlay-opacity":"","overlay-gradient":""}},"ast-content-background-meta":{"desktop":{"background-color":"var(--ast-global-color-5)","background-image":"","background-repeat":"repeat","background-position":"center center","background-size":"auto","background-attachment":"scroll","background-type":"","background-media":"","overlay-type":"","overlay-color":"","overlay-opacity":"","overlay-gradient":""},"tablet":{"background-color":"var(--ast-global-color-5)","background-image":"","background-repeat":"repeat","background-position":"center center","background-size":"auto","background-attachment":"scroll","background-type":"","background-media":"","overlay-type":"","overlay-color":"","overlay-opacity":"","overlay-gradient":""},"mobile":{"background-color":"var(--ast-global-color-5)","background-image":"","background-repeat":"repeat","background-position":"center center","background-size":"auto","background-attachment":"scroll","background-type":"","background-media":"","overlay-type":"","overlay-color":"","overlay-opacity":"","overlay-gradient":""}},"footnotes":""},"categories":[10,18],"tags":[],"class_list":["post-5290","post","type-post","status-publish","format-standard","has-post-thumbnail","hentry","category-noticias","category-estructural-noticias"],"_links":{"self":[{"href":"https:\/\/www.ing.uc.cl\/estructural-y-geotecnica\/wp-json\/wp\/v2\/posts\/5290","targetHints":{"allow":["GET"]}}],"collection":[{"href":"https:\/\/www.ing.uc.cl\/estructural-y-geotecnica\/wp-json\/wp\/v2\/posts"}],"about":[{"href":"https:\/\/www.ing.uc.cl\/estructural-y-geotecnica\/wp-json\/wp\/v2\/types\/post"}],"author":[{"embeddable":true,"href":"https:\/\/www.ing.uc.cl\/estructural-y-geotecnica\/wp-json\/wp\/v2\/users\/8"}],"replies":[{"embeddable":true,"href":"https:\/\/www.ing.uc.cl\/estructural-y-geotecnica\/wp-json\/wp\/v2\/comments?post=5290"}],"version-history":[{"count":10,"href":"https:\/\/www.ing.uc.cl\/estructural-y-geotecnica\/wp-json\/wp\/v2\/posts\/5290\/revisions"}],"predecessor-version":[{"id":5315,"href":"https:\/\/www.ing.uc.cl\/estructural-y-geotecnica\/wp-json\/wp\/v2\/posts\/5290\/revisions\/5315"}],"wp:featuredmedia":[{"embeddable":true,"href":"https:\/\/www.ing.uc.cl\/estructural-y-geotecnica\/wp-json\/wp\/v2\/media\/5295"}],"wp:attachment":[{"href":"https:\/\/www.ing.uc.cl\/estructural-y-geotecnica\/wp-json\/wp\/v2\/media?parent=5290"}],"wp:term":[{"taxonomy":"category","embeddable":true,"href":"https:\/\/www.ing.uc.cl\/estructural-y-geotecnica\/wp-json\/wp\/v2\/categories?post=5290"},{"taxonomy":"post_tag","embeddable":true,"href":"https:\/\/www.ing.uc.cl\/estructural-y-geotecnica\/wp-json\/wp\/v2\/tags?post=5290"}],"curies":[{"name":"wp","href":"https:\/\/api.w.org\/{rel}","templated":true}]}}