{"id":2002,"date":"2025-04-02T11:24:39","date_gmt":"2025-04-02T14:24:39","guid":{"rendered":"https:\/\/www.ing.uc.cl\/hidraulica-y-ambiental\/?p=2002"},"modified":"2025-04-02T11:24:40","modified_gmt":"2025-04-02T14:24:40","slug":"exploracion-en-el-salar-de-maricunga-un-nuevo-paso-en-el-estudio-de-los-humedales-de-atacama","status":"publish","type":"post","link":"https:\/\/www.ing.uc.cl\/hidraulica-y-ambiental\/2025\/04\/02\/exploracion-en-el-salar-de-maricunga-un-nuevo-paso-en-el-estudio-de-los-humedales-de-atacama\/","title":{"rendered":"Exploraci\u00f3n en el Salar de Maricunga: Un nuevo paso en el estudio de los humedales de Atacama"},"content":{"rendered":"\n<p>Entre el 27 y el 29 de marzo, los profesores Francisco Su\u00e1rez y Sarah Leray, del Departamento de Ingenier\u00eda Hidr\u00e1ulica y Ambiental de la UC, junto con estudiantes y un equipo interdisciplinario de investigadores viajaron al Salar de Maricunga, en la Regi\u00f3n de Atacama, para llevar a cabo una importante salida a terreno.<\/p>\n\n\n\n<p>A m\u00e1s de 3.700 metros sobre el nivel del mar, el Salar de Maricunga es uno de los ecosistemas m\u00e1s remotos y desafiantes de Chile. Durante este viaje, los acad\u00e9micos y los investigadores se adentraron en este entorno \u00e1rido para realizar un reconocimiento de la zona, identificar los principales desaf\u00edos ecol\u00f3gicos y llevar a cabo investigaciones clave sobre los humedales que alberga el salar.<\/p>\n\n\n\n<p>Uno de los principales objetivos de la expedici\u00f3n fue instalar sistemas de monitoreo que permitir\u00e1n estudiar c\u00f3mo la vegetaci\u00f3n de la zona responde a las fluctuaciones en los niveles de agua subterr\u00e1nea, as\u00ed como a las variaciones de las condiciones meteorol\u00f3gicas extremas, como los fuertes vientos y la radiaci\u00f3n solar.<\/p>\n\n\n\n<p>La expedici\u00f3n tambi\u00e9n incluy\u00f3 la recolecci\u00f3n de muestras de suelo y especies de flora que ser\u00e1n analizadas para comprender mejor los impactos del cambio clim\u00e1tico y las actividades humanas en estos ecosistemas tan fr\u00e1giles.<\/p>\n\n\n\n<p>Este tipo de investigaci\u00f3n es esencial para desarrollar estrategias de conservaci\u00f3n adecuadas y para entender c\u00f3mo los humedales de la Regi\u00f3n de Atacama, como el Salar de Maricunga, pueden verse afectados por las fluctuaciones ambientales.<\/p>\n\n\n\n<p>\u00a1Gracias a todos los involucrados en esta traves\u00eda, y especialmente a las comunidades locales que han apoyado esta importante labor!<\/p>\n\n\n\n<figure class=\"wp-block-gallery has-nested-images columns-default is-cropped wp-block-gallery-1 is-layout-flex wp-block-gallery-is-layout-flex\">\n<figure class=\"wp-block-image size-large\"><img fetchpriority=\"high\" decoding=\"async\" width=\"1024\" height=\"768\" data-id=\"2003\" src=\"https:\/\/www.ing.uc.cl\/hidraulica-y-ambiental\/wp-content\/uploads\/2025\/04\/8e462d8f-c4a9-4f5c-9d44-6af0b4e42d60-1024x768.jpeg\" alt=\"\" class=\"wp-image-2003\" srcset=\"https:\/\/www.ing.uc.cl\/hidraulica-y-ambiental\/wp-content\/uploads\/2025\/04\/8e462d8f-c4a9-4f5c-9d44-6af0b4e42d60-1024x768.jpeg 1024w, https:\/\/www.ing.uc.cl\/hidraulica-y-ambiental\/wp-content\/uploads\/2025\/04\/8e462d8f-c4a9-4f5c-9d44-6af0b4e42d60-300x225.jpeg 300w, https:\/\/www.ing.uc.cl\/hidraulica-y-ambiental\/wp-content\/uploads\/2025\/04\/8e462d8f-c4a9-4f5c-9d44-6af0b4e42d60-768x576.jpeg 768w, https:\/\/www.ing.uc.cl\/hidraulica-y-ambiental\/wp-content\/uploads\/2025\/04\/8e462d8f-c4a9-4f5c-9d44-6af0b4e42d60.jpeg 1156w\" sizes=\"(max-width: 1024px) 100vw, 1024px\" \/><\/figure>\n\n\n\n<figure class=\"wp-block-image size-large\"><img decoding=\"async\" width=\"1024\" height=\"768\" data-id=\"2004\" src=\"https:\/\/www.ing.uc.cl\/hidraulica-y-ambiental\/wp-content\/uploads\/2025\/04\/8a65418f-af9b-414c-b871-7e0eebb437ab-1024x768.jpeg\" alt=\"\" class=\"wp-image-2004\" srcset=\"https:\/\/www.ing.uc.cl\/hidraulica-y-ambiental\/wp-content\/uploads\/2025\/04\/8a65418f-af9b-414c-b871-7e0eebb437ab-1024x768.jpeg 1024w, https:\/\/www.ing.uc.cl\/hidraulica-y-ambiental\/wp-content\/uploads\/2025\/04\/8a65418f-af9b-414c-b871-7e0eebb437ab-300x225.jpeg 300w, https:\/\/www.ing.uc.cl\/hidraulica-y-ambiental\/wp-content\/uploads\/2025\/04\/8a65418f-af9b-414c-b871-7e0eebb437ab-768x576.jpeg 768w, https:\/\/www.ing.uc.cl\/hidraulica-y-ambiental\/wp-content\/uploads\/2025\/04\/8a65418f-af9b-414c-b871-7e0eebb437ab.jpeg 1156w\" sizes=\"(max-width: 1024px) 100vw, 1024px\" \/><\/figure>\n\n\n\n<figure class=\"wp-block-image size-large\"><img decoding=\"async\" width=\"1024\" height=\"768\" data-id=\"2005\" src=\"https:\/\/www.ing.uc.cl\/hidraulica-y-ambiental\/wp-content\/uploads\/2025\/04\/WhatsApp-Image-2025-03-29-at-9.20.00-AM-1024x768.jpeg\" alt=\"\" class=\"wp-image-2005\" srcset=\"https:\/\/www.ing.uc.cl\/hidraulica-y-ambiental\/wp-content\/uploads\/2025\/04\/WhatsApp-Image-2025-03-29-at-9.20.00-AM-1024x768.jpeg 1024w, https:\/\/www.ing.uc.cl\/hidraulica-y-ambiental\/wp-content\/uploads\/2025\/04\/WhatsApp-Image-2025-03-29-at-9.20.00-AM-300x225.jpeg 300w, https:\/\/www.ing.uc.cl\/hidraulica-y-ambiental\/wp-content\/uploads\/2025\/04\/WhatsApp-Image-2025-03-29-at-9.20.00-AM-768x576.jpeg 768w, https:\/\/www.ing.uc.cl\/hidraulica-y-ambiental\/wp-content\/uploads\/2025\/04\/WhatsApp-Image-2025-03-29-at-9.20.00-AM.jpeg 1156w\" sizes=\"(max-width: 1024px) 100vw, 1024px\" \/><\/figure>\n\n\n\n<figure class=\"wp-block-image size-large\"><img loading=\"lazy\" decoding=\"async\" width=\"1024\" height=\"768\" data-id=\"2006\" src=\"https:\/\/www.ing.uc.cl\/hidraulica-y-ambiental\/wp-content\/uploads\/2025\/04\/WhatsApp-Image-2025-03-29-at-9.19.59-AM-1-1024x768.jpeg\" alt=\"\" class=\"wp-image-2006\" srcset=\"https:\/\/www.ing.uc.cl\/hidraulica-y-ambiental\/wp-content\/uploads\/2025\/04\/WhatsApp-Image-2025-03-29-at-9.19.59-AM-1-1024x768.jpeg 1024w, https:\/\/www.ing.uc.cl\/hidraulica-y-ambiental\/wp-content\/uploads\/2025\/04\/WhatsApp-Image-2025-03-29-at-9.19.59-AM-1-300x225.jpeg 300w, https:\/\/www.ing.uc.cl\/hidraulica-y-ambiental\/wp-content\/uploads\/2025\/04\/WhatsApp-Image-2025-03-29-at-9.19.59-AM-1-768x576.jpeg 768w, https:\/\/www.ing.uc.cl\/hidraulica-y-ambiental\/wp-content\/uploads\/2025\/04\/WhatsApp-Image-2025-03-29-at-9.19.59-AM-1.jpeg 1156w\" sizes=\"(max-width: 1024px) 100vw, 1024px\" \/><\/figure>\n\n\n\n<figure class=\"wp-block-image size-large\"><img loading=\"lazy\" decoding=\"async\" width=\"768\" height=\"1024\" data-id=\"2007\" src=\"https:\/\/www.ing.uc.cl\/hidraulica-y-ambiental\/wp-content\/uploads\/2025\/04\/WhatsApp-Image-2025-03-29-at-9.19.59-AM-768x1024.jpeg\" alt=\"\" class=\"wp-image-2007\" srcset=\"https:\/\/www.ing.uc.cl\/hidraulica-y-ambiental\/wp-content\/uploads\/2025\/04\/WhatsApp-Image-2025-03-29-at-9.19.59-AM-768x1024.jpeg 768w, https:\/\/www.ing.uc.cl\/hidraulica-y-ambiental\/wp-content\/uploads\/2025\/04\/WhatsApp-Image-2025-03-29-at-9.19.59-AM-225x300.jpeg 225w, https:\/\/www.ing.uc.cl\/hidraulica-y-ambiental\/wp-content\/uploads\/2025\/04\/WhatsApp-Image-2025-03-29-at-9.19.59-AM-300x400.jpeg 300w, https:\/\/www.ing.uc.cl\/hidraulica-y-ambiental\/wp-content\/uploads\/2025\/04\/WhatsApp-Image-2025-03-29-at-9.19.59-AM.jpeg 960w\" sizes=\"(max-width: 768px) 100vw, 768px\" \/><\/figure>\n\n\n\n<figure class=\"wp-block-image size-large\"><img loading=\"lazy\" decoding=\"async\" width=\"806\" height=\"1024\" data-id=\"2008\" src=\"https:\/\/www.ing.uc.cl\/hidraulica-y-ambiental\/wp-content\/uploads\/2025\/04\/WhatsApp-Image-2025-03-29-at-9.19.58-AM-1-806x1024.jpeg\" alt=\"\" class=\"wp-image-2008\" srcset=\"https:\/\/www.ing.uc.cl\/hidraulica-y-ambiental\/wp-content\/uploads\/2025\/04\/WhatsApp-Image-2025-03-29-at-9.19.58-AM-1-806x1024.jpeg 806w, https:\/\/www.ing.uc.cl\/hidraulica-y-ambiental\/wp-content\/uploads\/2025\/04\/WhatsApp-Image-2025-03-29-at-9.19.58-AM-1-236x300.jpeg 236w, https:\/\/www.ing.uc.cl\/hidraulica-y-ambiental\/wp-content\/uploads\/2025\/04\/WhatsApp-Image-2025-03-29-at-9.19.58-AM-1-768x976.jpeg 768w, https:\/\/www.ing.uc.cl\/hidraulica-y-ambiental\/wp-content\/uploads\/2025\/04\/WhatsApp-Image-2025-03-29-at-9.19.58-AM-1.jpeg 1007w\" sizes=\"(max-width: 806px) 100vw, 806px\" \/><\/figure>\n\n\n\n<figure class=\"wp-block-image size-large\"><img loading=\"lazy\" decoding=\"async\" width=\"1024\" height=\"768\" data-id=\"2009\" src=\"https:\/\/www.ing.uc.cl\/hidraulica-y-ambiental\/wp-content\/uploads\/2025\/04\/WhatsApp-Image-2025-03-29-at-9.19.58-AM-1024x768.jpeg\" alt=\"\" class=\"wp-image-2009\" srcset=\"https:\/\/www.ing.uc.cl\/hidraulica-y-ambiental\/wp-content\/uploads\/2025\/04\/WhatsApp-Image-2025-03-29-at-9.19.58-AM-1024x768.jpeg 1024w, https:\/\/www.ing.uc.cl\/hidraulica-y-ambiental\/wp-content\/uploads\/2025\/04\/WhatsApp-Image-2025-03-29-at-9.19.58-AM-300x225.jpeg 300w, https:\/\/www.ing.uc.cl\/hidraulica-y-ambiental\/wp-content\/uploads\/2025\/04\/WhatsApp-Image-2025-03-29-at-9.19.58-AM-768x576.jpeg 768w, https:\/\/www.ing.uc.cl\/hidraulica-y-ambiental\/wp-content\/uploads\/2025\/04\/WhatsApp-Image-2025-03-29-at-9.19.58-AM.jpeg 1156w\" sizes=\"(max-width: 1024px) 100vw, 1024px\" \/><\/figure>\n\n\n\n<figure class=\"wp-block-image size-large\"><img loading=\"lazy\" decoding=\"async\" width=\"1024\" height=\"768\" data-id=\"2010\" src=\"https:\/\/www.ing.uc.cl\/hidraulica-y-ambiental\/wp-content\/uploads\/2025\/04\/WhatsApp-Image-2025-03-29-at-9.19.57-AM-1024x768.jpeg\" alt=\"\" class=\"wp-image-2010\" srcset=\"https:\/\/www.ing.uc.cl\/hidraulica-y-ambiental\/wp-content\/uploads\/2025\/04\/WhatsApp-Image-2025-03-29-at-9.19.57-AM-1024x768.jpeg 1024w, https:\/\/www.ing.uc.cl\/hidraulica-y-ambiental\/wp-content\/uploads\/2025\/04\/WhatsApp-Image-2025-03-29-at-9.19.57-AM-300x225.jpeg 300w, https:\/\/www.ing.uc.cl\/hidraulica-y-ambiental\/wp-content\/uploads\/2025\/04\/WhatsApp-Image-2025-03-29-at-9.19.57-AM-768x576.jpeg 768w, https:\/\/www.ing.uc.cl\/hidraulica-y-ambiental\/wp-content\/uploads\/2025\/04\/WhatsApp-Image-2025-03-29-at-9.19.57-AM.jpeg 1156w\" sizes=\"(max-width: 1024px) 100vw, 1024px\" \/><\/figure>\n\n\n\n<figure class=\"wp-block-image size-large\"><img loading=\"lazy\" decoding=\"async\" width=\"576\" height=\"1024\" data-id=\"2011\" src=\"https:\/\/www.ing.uc.cl\/hidraulica-y-ambiental\/wp-content\/uploads\/2025\/04\/WhatsApp-Image-2025-03-28-at-5.50.09-PM-576x1024.jpeg\" alt=\"\" class=\"wp-image-2011\" srcset=\"https:\/\/www.ing.uc.cl\/hidraulica-y-ambiental\/wp-content\/uploads\/2025\/04\/WhatsApp-Image-2025-03-28-at-5.50.09-PM-576x1024.jpeg 576w, https:\/\/www.ing.uc.cl\/hidraulica-y-ambiental\/wp-content\/uploads\/2025\/04\/WhatsApp-Image-2025-03-28-at-5.50.09-PM-169x300.jpeg 169w, https:\/\/www.ing.uc.cl\/hidraulica-y-ambiental\/wp-content\/uploads\/2025\/04\/WhatsApp-Image-2025-03-28-at-5.50.09-PM-768x1365.jpeg 768w, https:\/\/www.ing.uc.cl\/hidraulica-y-ambiental\/wp-content\/uploads\/2025\/04\/WhatsApp-Image-2025-03-28-at-5.50.09-PM-864x1536.jpeg 864w, https:\/\/www.ing.uc.cl\/hidraulica-y-ambiental\/wp-content\/uploads\/2025\/04\/WhatsApp-Image-2025-03-28-at-5.50.09-PM.jpeg 900w\" sizes=\"(max-width: 576px) 100vw, 576px\" \/><\/figure>\n\n\n\n<figure class=\"wp-block-image size-large\"><img loading=\"lazy\" decoding=\"async\" width=\"478\" height=\"1024\" data-id=\"2012\" src=\"https:\/\/www.ing.uc.cl\/hidraulica-y-ambiental\/wp-content\/uploads\/2025\/04\/WhatsApp-Image-2025-03-28-at-5.49.38-PM-478x1024.jpeg\" alt=\"\" class=\"wp-image-2012\" srcset=\"https:\/\/www.ing.uc.cl\/hidraulica-y-ambiental\/wp-content\/uploads\/2025\/04\/WhatsApp-Image-2025-03-28-at-5.49.38-PM-478x1024.jpeg 478w, https:\/\/www.ing.uc.cl\/hidraulica-y-ambiental\/wp-content\/uploads\/2025\/04\/WhatsApp-Image-2025-03-28-at-5.49.38-PM-140x300.jpeg 140w, https:\/\/www.ing.uc.cl\/hidraulica-y-ambiental\/wp-content\/uploads\/2025\/04\/WhatsApp-Image-2025-03-28-at-5.49.38-PM-717x1536.jpeg 717w, https:\/\/www.ing.uc.cl\/hidraulica-y-ambiental\/wp-content\/uploads\/2025\/04\/WhatsApp-Image-2025-03-28-at-5.49.38-PM.jpeg 747w\" sizes=\"(max-width: 478px) 100vw, 478px\" \/><\/figure>\n\n\n\n<figure class=\"wp-block-image size-large\"><img loading=\"lazy\" decoding=\"async\" width=\"1024\" height=\"576\" data-id=\"2013\" src=\"https:\/\/www.ing.uc.cl\/hidraulica-y-ambiental\/wp-content\/uploads\/2025\/04\/WhatsApp-Image-2025-03-28-at-5.49.37-PM-2-1024x576.jpeg\" alt=\"\" class=\"wp-image-2013\" srcset=\"https:\/\/www.ing.uc.cl\/hidraulica-y-ambiental\/wp-content\/uploads\/2025\/04\/WhatsApp-Image-2025-03-28-at-5.49.37-PM-2-1024x576.jpeg 1024w, https:\/\/www.ing.uc.cl\/hidraulica-y-ambiental\/wp-content\/uploads\/2025\/04\/WhatsApp-Image-2025-03-28-at-5.49.37-PM-2-300x169.jpeg 300w, https:\/\/www.ing.uc.cl\/hidraulica-y-ambiental\/wp-content\/uploads\/2025\/04\/WhatsApp-Image-2025-03-28-at-5.49.37-PM-2-768x432.jpeg 768w, https:\/\/www.ing.uc.cl\/hidraulica-y-ambiental\/wp-content\/uploads\/2025\/04\/WhatsApp-Image-2025-03-28-at-5.49.37-PM-2-1536x864.jpeg 1536w, https:\/\/www.ing.uc.cl\/hidraulica-y-ambiental\/wp-content\/uploads\/2025\/04\/WhatsApp-Image-2025-03-28-at-5.49.37-PM-2.jpeg 1600w\" sizes=\"(max-width: 1024px) 100vw, 1024px\" \/><\/figure>\n\n\n\n<figure class=\"wp-block-image size-large\"><img loading=\"lazy\" decoding=\"async\" width=\"576\" height=\"1024\" data-id=\"2014\" src=\"https:\/\/www.ing.uc.cl\/hidraulica-y-ambiental\/wp-content\/uploads\/2025\/04\/WhatsApp-Image-2025-03-28-at-5.49.37-PM-1-576x1024.jpeg\" alt=\"\" class=\"wp-image-2014\" srcset=\"https:\/\/www.ing.uc.cl\/hidraulica-y-ambiental\/wp-content\/uploads\/2025\/04\/WhatsApp-Image-2025-03-28-at-5.49.37-PM-1-576x1024.jpeg 576w, https:\/\/www.ing.uc.cl\/hidraulica-y-ambiental\/wp-content\/uploads\/2025\/04\/WhatsApp-Image-2025-03-28-at-5.49.37-PM-1-169x300.jpeg 169w, https:\/\/www.ing.uc.cl\/hidraulica-y-ambiental\/wp-content\/uploads\/2025\/04\/WhatsApp-Image-2025-03-28-at-5.49.37-PM-1-768x1365.jpeg 768w, https:\/\/www.ing.uc.cl\/hidraulica-y-ambiental\/wp-content\/uploads\/2025\/04\/WhatsApp-Image-2025-03-28-at-5.49.37-PM-1-864x1536.jpeg 864w, https:\/\/www.ing.uc.cl\/hidraulica-y-ambiental\/wp-content\/uploads\/2025\/04\/WhatsApp-Image-2025-03-28-at-5.49.37-PM-1.jpeg 900w\" sizes=\"(max-width: 576px) 100vw, 576px\" \/><\/figure>\n\n\n\n<figure class=\"wp-block-image size-large\"><img loading=\"lazy\" decoding=\"async\" width=\"1024\" height=\"576\" data-id=\"2015\" src=\"https:\/\/www.ing.uc.cl\/hidraulica-y-ambiental\/wp-content\/uploads\/2025\/04\/WhatsApp-Image-2025-03-28-at-5.49.37-PM-1024x576.jpeg\" alt=\"\" class=\"wp-image-2015\" srcset=\"https:\/\/www.ing.uc.cl\/hidraulica-y-ambiental\/wp-content\/uploads\/2025\/04\/WhatsApp-Image-2025-03-28-at-5.49.37-PM-1024x576.jpeg 1024w, https:\/\/www.ing.uc.cl\/hidraulica-y-ambiental\/wp-content\/uploads\/2025\/04\/WhatsApp-Image-2025-03-28-at-5.49.37-PM-300x169.jpeg 300w, https:\/\/www.ing.uc.cl\/hidraulica-y-ambiental\/wp-content\/uploads\/2025\/04\/WhatsApp-Image-2025-03-28-at-5.49.37-PM-768x432.jpeg 768w, https:\/\/www.ing.uc.cl\/hidraulica-y-ambiental\/wp-content\/uploads\/2025\/04\/WhatsApp-Image-2025-03-28-at-5.49.37-PM-1536x864.jpeg 1536w, https:\/\/www.ing.uc.cl\/hidraulica-y-ambiental\/wp-content\/uploads\/2025\/04\/WhatsApp-Image-2025-03-28-at-5.49.37-PM.jpeg 1600w\" sizes=\"(max-width: 1024px) 100vw, 1024px\" \/><\/figure>\n<\/figure>\n","protected":false},"excerpt":{"rendered":"<p>Entre el 27 y el 29 de marzo, los profesores Francisco Su\u00e1rez y Sarah Leray, del Departamento de Ingenier\u00eda Hidr\u00e1ulica y Ambiental de la UC, junto con estudiantes y un equipo interdisciplinario de investigadores viajaron al Salar de Maricunga, en la Regi\u00f3n de Atacama, para llevar a cabo una importante salida a terreno. A m\u00e1s de 3.700 metros sobre el nivel del mar, el Salar de Maricunga es uno de los ecosistemas m\u00e1s remotos y desafiantes de Chile. Durante este viaje, los acad\u00e9micos y los investigadores se adentraron en este entorno \u00e1rido para realizar un reconocimiento de la zona, identificar los principales desaf\u00edos ecol\u00f3gicos y llevar a cabo investigaciones clave sobre los humedales que alberga el salar. Uno de los principales objetivos de la expedici\u00f3n fue instalar sistemas de monitoreo que permitir\u00e1n estudiar c\u00f3mo la vegetaci\u00f3n de la zona responde a las fluctuaciones en los niveles de agua subterr\u00e1nea, as\u00ed como a las variaciones de las condiciones meteorol\u00f3gicas extremas, como los fuertes vientos y la radiaci\u00f3n solar. La expedici\u00f3n tambi\u00e9n incluy\u00f3 la recolecci\u00f3n de muestras de suelo y especies de flora que ser\u00e1n analizadas para comprender mejor los impactos del cambio clim\u00e1tico y las actividades humanas en estos ecosistemas tan fr\u00e1giles. Este tipo de investigaci\u00f3n es esencial para desarrollar estrategias de conservaci\u00f3n adecuadas y para entender c\u00f3mo los humedales de la Regi\u00f3n de Atacama, como el Salar de Maricunga, pueden verse afectados por las fluctuaciones ambientales. \u00a1Gracias a todos los involucrados en esta traves\u00eda, y especialmente a las comunidades locales que han apoyado esta importante labor!<\/p>\n","protected":false},"author":8,"featured_media":2012,"comment_status":"closed","ping_status":"open","sticky":false,"template":"","format":"standard","meta":{"_acf_changed":false,"site-sidebar-layout":"default","site-content-layout":"","ast-site-content-layout":"default","site-content-style":"default","site-sidebar-style":"default","ast-global-header-display":"","ast-banner-title-visibility":"","ast-main-header-display":"","ast-hfb-above-header-display":"","ast-hfb-below-header-display":"","ast-hfb-mobile-header-display":"","site-post-title":"","ast-breadcrumbs-content":"","ast-featured-img":"","footer-sml-layout":"","ast-disable-related-posts":"","theme-transparent-header-meta":"","adv-header-id-meta":"","stick-header-meta":"","header-above-stick-meta":"","header-main-stick-meta":"","header-below-stick-meta":"","astra-migrate-meta-layouts":"set","ast-page-background-enabled":"default","ast-page-background-meta":{"desktop":{"background-color":"","background-image":"","background-repeat":"repeat","background-position":"center center","background-size":"auto","background-attachment":"scroll","background-type":"","background-media":"","overlay-type":"","overlay-color":"","overlay-opacity":"","overlay-gradient":""},"tablet":{"background-color":"","background-image":"","background-repeat":"repeat","background-position":"center center","background-size":"auto","background-attachment":"scroll","background-type":"","background-media":"","overlay-type":"","overlay-color":"","overlay-opacity":"","overlay-gradient":""},"mobile":{"background-color":"","background-image":"","background-repeat":"repeat","background-position":"center center","background-size":"auto","background-attachment":"scroll","background-type":"","background-media":"","overlay-type":"","overlay-color":"","overlay-opacity":"","overlay-gradient":""}},"ast-content-background-meta":{"desktop":{"background-color":"var(--ast-global-color-5)","background-image":"","background-repeat":"repeat","background-position":"center center","background-size":"auto","background-attachment":"scroll","background-type":"","background-media":"","overlay-type":"","overlay-color":"","overlay-opacity":"","overlay-gradient":""},"tablet":{"background-color":"var(--ast-global-color-5)","background-image":"","background-repeat":"repeat","background-position":"center center","background-size":"auto","background-attachment":"scroll","background-type":"","background-media":"","overlay-type":"","overlay-color":"","overlay-opacity":"","overlay-gradient":""},"mobile":{"background-color":"var(--ast-global-color-5)","background-image":"","background-repeat":"repeat","background-position":"center center","background-size":"auto","background-attachment":"scroll","background-type":"","background-media":"","overlay-type":"","overlay-color":"","overlay-opacity":"","overlay-gradient":""}},"footnotes":""},"categories":[10],"tags":[],"class_list":["post-2002","post","type-post","status-publish","format-standard","has-post-thumbnail","hentry","category-noticias"],"acf":[],"yoast_head":"<!-- This site is optimized with the Yoast SEO plugin v27.5 - https:\/\/yoast.com\/product\/yoast-seo-wordpress\/ -->\n<title>Exploraci\u00f3n en el Salar de Maricunga: Un nuevo paso en el estudio de los humedales de Atacama - Departamento Ingenier\u00eda Hidr\u00e1ulica y Ambiental<\/title>\n<meta name=\"robots\" content=\"index, follow, max-snippet:-1, max-image-preview:large, max-video-preview:-1\" \/>\n<link rel=\"canonical\" href=\"https:\/\/www.ing.uc.cl\/hidraulica-y-ambiental\/2025\/04\/02\/exploracion-en-el-salar-de-maricunga-un-nuevo-paso-en-el-estudio-de-los-humedales-de-atacama\/\" \/>\n<meta property=\"og:locale\" content=\"es_ES\" \/>\n<meta property=\"og:type\" content=\"article\" \/>\n<meta property=\"og:title\" content=\"Exploraci\u00f3n en el Salar de Maricunga: Un nuevo paso en el estudio de los humedales de Atacama - Departamento Ingenier\u00eda Hidr\u00e1ulica y Ambiental\" \/>\n<meta property=\"og:description\" content=\"Entre el 27 y el 29 de marzo, los profesores Francisco Su\u00e1rez y Sarah Leray, del Departamento de Ingenier\u00eda Hidr\u00e1ulica y Ambiental de la UC, junto con estudiantes y un equipo interdisciplinario de investigadores viajaron al Salar de Maricunga, en la Regi\u00f3n de Atacama, para llevar a cabo una importante salida a terreno. A m\u00e1s de 3.700 metros sobre el nivel del mar, el Salar de Maricunga es uno de los ecosistemas m\u00e1s remotos y desafiantes de Chile. Durante este viaje, los acad\u00e9micos y los investigadores se adentraron en este entorno \u00e1rido para realizar un reconocimiento de la zona, identificar los principales desaf\u00edos ecol\u00f3gicos y llevar a cabo investigaciones clave sobre los humedales que alberga el salar. Uno de los principales objetivos de la expedici\u00f3n fue instalar sistemas de monitoreo que permitir\u00e1n estudiar c\u00f3mo la vegetaci\u00f3n de la zona responde a las fluctuaciones en los niveles de agua subterr\u00e1nea, as\u00ed como a las variaciones de las condiciones meteorol\u00f3gicas extremas, como los fuertes vientos y la radiaci\u00f3n solar. La expedici\u00f3n tambi\u00e9n incluy\u00f3 la recolecci\u00f3n de muestras de suelo y especies de flora que ser\u00e1n analizadas para comprender mejor los impactos del cambio clim\u00e1tico y las actividades humanas en estos ecosistemas tan fr\u00e1giles. Este tipo de investigaci\u00f3n es esencial para desarrollar estrategias de conservaci\u00f3n adecuadas y para entender c\u00f3mo los humedales de la Regi\u00f3n de Atacama, como el Salar de Maricunga, pueden verse afectados por las fluctuaciones ambientales. \u00a1Gracias a todos los involucrados en esta traves\u00eda, y especialmente a las comunidades locales que han apoyado esta importante labor!\" \/>\n<meta property=\"og:url\" content=\"https:\/\/www.ing.uc.cl\/hidraulica-y-ambiental\/2025\/04\/02\/exploracion-en-el-salar-de-maricunga-un-nuevo-paso-en-el-estudio-de-los-humedales-de-atacama\/\" \/>\n<meta property=\"og:site_name\" content=\"Departamento Ingenier\u00eda Hidr\u00e1ulica y Ambiental\" \/>\n<meta property=\"article:published_time\" content=\"2025-04-02T14:24:39+00:00\" \/>\n<meta property=\"article:modified_time\" content=\"2025-04-02T14:24:40+00:00\" \/>\n<meta property=\"og:image\" content=\"https:\/\/www.ing.uc.cl\/hidraulica-y-ambiental\/wp-content\/uploads\/2025\/04\/WhatsApp-Image-2025-03-28-at-5.49.38-PM.jpeg\" \/>\n\t<meta property=\"og:image:width\" content=\"747\" \/>\n\t<meta property=\"og:image:height\" content=\"1600\" \/>\n\t<meta property=\"og:image:type\" content=\"image\/jpeg\" \/>\n<meta name=\"author\" content=\"Barbara Oyarzun\" \/>\n<meta name=\"twitter:card\" content=\"summary_large_image\" \/>\n<meta name=\"twitter:label1\" content=\"Escrito por\" \/>\n\t<meta name=\"twitter:data1\" content=\"Barbara Oyarzun\" \/>\n\t<meta name=\"twitter:label2\" content=\"Tiempo estimado de lectura\" \/>\n\t<meta name=\"twitter:data2\" content=\"4 minutos\" \/>\n<script type=\"application\/ld+json\" class=\"yoast-schema-graph\">{\"@context\":\"https:\\\/\\\/schema.org\",\"@graph\":[{\"@type\":\"Article\",\"@id\":\"https:\\\/\\\/www.ing.uc.cl\\\/hidraulica-y-ambiental\\\/2025\\\/04\\\/02\\\/exploracion-en-el-salar-de-maricunga-un-nuevo-paso-en-el-estudio-de-los-humedales-de-atacama\\\/#article\",\"isPartOf\":{\"@id\":\"https:\\\/\\\/www.ing.uc.cl\\\/hidraulica-y-ambiental\\\/2025\\\/04\\\/02\\\/exploracion-en-el-salar-de-maricunga-un-nuevo-paso-en-el-estudio-de-los-humedales-de-atacama\\\/\"},\"author\":{\"name\":\"Barbara Oyarzun\",\"@id\":\"https:\\\/\\\/www.ing.uc.cl\\\/hidraulica-y-ambiental\\\/#\\\/schema\\\/person\\\/09d2d580329365aec726f752af10f5ff\"},\"headline\":\"Exploraci\u00f3n en el Salar de Maricunga: Un nuevo paso en el estudio de los humedales de Atacama\",\"datePublished\":\"2025-04-02T14:24:39+00:00\",\"dateModified\":\"2025-04-02T14:24:40+00:00\",\"mainEntityOfPage\":{\"@id\":\"https:\\\/\\\/www.ing.uc.cl\\\/hidraulica-y-ambiental\\\/2025\\\/04\\\/02\\\/exploracion-en-el-salar-de-maricunga-un-nuevo-paso-en-el-estudio-de-los-humedales-de-atacama\\\/\"},\"wordCount\":298,\"publisher\":{\"@id\":\"https:\\\/\\\/www.ing.uc.cl\\\/hidraulica-y-ambiental\\\/#organization\"},\"image\":{\"@id\":\"https:\\\/\\\/www.ing.uc.cl\\\/hidraulica-y-ambiental\\\/2025\\\/04\\\/02\\\/exploracion-en-el-salar-de-maricunga-un-nuevo-paso-en-el-estudio-de-los-humedales-de-atacama\\\/#primaryimage\"},\"thumbnailUrl\":\"https:\\\/\\\/www.ing.uc.cl\\\/hidraulica-y-ambiental\\\/wp-content\\\/uploads\\\/2025\\\/04\\\/WhatsApp-Image-2025-03-28-at-5.49.38-PM.jpeg\",\"articleSection\":[\"Noticias\"],\"inLanguage\":\"es-CL\"},{\"@type\":\"WebPage\",\"@id\":\"https:\\\/\\\/www.ing.uc.cl\\\/hidraulica-y-ambiental\\\/2025\\\/04\\\/02\\\/exploracion-en-el-salar-de-maricunga-un-nuevo-paso-en-el-estudio-de-los-humedales-de-atacama\\\/\",\"url\":\"https:\\\/\\\/www.ing.uc.cl\\\/hidraulica-y-ambiental\\\/2025\\\/04\\\/02\\\/exploracion-en-el-salar-de-maricunga-un-nuevo-paso-en-el-estudio-de-los-humedales-de-atacama\\\/\",\"name\":\"Exploraci\u00f3n en el Salar de Maricunga: Un nuevo paso en el estudio de los humedales de Atacama - Departamento Ingenier\u00eda Hidr\u00e1ulica y Ambiental\",\"isPartOf\":{\"@id\":\"https:\\\/\\\/www.ing.uc.cl\\\/hidraulica-y-ambiental\\\/#website\"},\"primaryImageOfPage\":{\"@id\":\"https:\\\/\\\/www.ing.uc.cl\\\/hidraulica-y-ambiental\\\/2025\\\/04\\\/02\\\/exploracion-en-el-salar-de-maricunga-un-nuevo-paso-en-el-estudio-de-los-humedales-de-atacama\\\/#primaryimage\"},\"image\":{\"@id\":\"https:\\\/\\\/www.ing.uc.cl\\\/hidraulica-y-ambiental\\\/2025\\\/04\\\/02\\\/exploracion-en-el-salar-de-maricunga-un-nuevo-paso-en-el-estudio-de-los-humedales-de-atacama\\\/#primaryimage\"},\"thumbnailUrl\":\"https:\\\/\\\/www.ing.uc.cl\\\/hidraulica-y-ambiental\\\/wp-content\\\/uploads\\\/2025\\\/04\\\/WhatsApp-Image-2025-03-28-at-5.49.38-PM.jpeg\",\"datePublished\":\"2025-04-02T14:24:39+00:00\",\"dateModified\":\"2025-04-02T14:24:40+00:00\",\"breadcrumb\":{\"@id\":\"https:\\\/\\\/www.ing.uc.cl\\\/hidraulica-y-ambiental\\\/2025\\\/04\\\/02\\\/exploracion-en-el-salar-de-maricunga-un-nuevo-paso-en-el-estudio-de-los-humedales-de-atacama\\\/#breadcrumb\"},\"inLanguage\":\"es-CL\",\"potentialAction\":[{\"@type\":\"ReadAction\",\"target\":[\"https:\\\/\\\/www.ing.uc.cl\\\/hidraulica-y-ambiental\\\/2025\\\/04\\\/02\\\/exploracion-en-el-salar-de-maricunga-un-nuevo-paso-en-el-estudio-de-los-humedales-de-atacama\\\/\"]}]},{\"@type\":\"ImageObject\",\"inLanguage\":\"es-CL\",\"@id\":\"https:\\\/\\\/www.ing.uc.cl\\\/hidraulica-y-ambiental\\\/2025\\\/04\\\/02\\\/exploracion-en-el-salar-de-maricunga-un-nuevo-paso-en-el-estudio-de-los-humedales-de-atacama\\\/#primaryimage\",\"url\":\"https:\\\/\\\/www.ing.uc.cl\\\/hidraulica-y-ambiental\\\/wp-content\\\/uploads\\\/2025\\\/04\\\/WhatsApp-Image-2025-03-28-at-5.49.38-PM.jpeg\",\"contentUrl\":\"https:\\\/\\\/www.ing.uc.cl\\\/hidraulica-y-ambiental\\\/wp-content\\\/uploads\\\/2025\\\/04\\\/WhatsApp-Image-2025-03-28-at-5.49.38-PM.jpeg\",\"width\":747,\"height\":1600},{\"@type\":\"BreadcrumbList\",\"@id\":\"https:\\\/\\\/www.ing.uc.cl\\\/hidraulica-y-ambiental\\\/2025\\\/04\\\/02\\\/exploracion-en-el-salar-de-maricunga-un-nuevo-paso-en-el-estudio-de-los-humedales-de-atacama\\\/#breadcrumb\",\"itemListElement\":[{\"@type\":\"ListItem\",\"position\":1,\"name\":\"Portada\",\"item\":\"https:\\\/\\\/www.ing.uc.cl\\\/hidraulica-y-ambiental\\\/\"},{\"@type\":\"ListItem\",\"position\":2,\"name\":\"Exploraci\u00f3n en el Salar de Maricunga: Un nuevo paso en el estudio de los humedales de Atacama\"}]},{\"@type\":\"WebSite\",\"@id\":\"https:\\\/\\\/www.ing.uc.cl\\\/hidraulica-y-ambiental\\\/#website\",\"url\":\"https:\\\/\\\/www.ing.uc.cl\\\/hidraulica-y-ambiental\\\/\",\"name\":\"Departamento Ingenier\u00eda Hidr\u00e1ulica y Ambiental\",\"description\":\"Escuela de Ingenier\u00eda\",\"publisher\":{\"@id\":\"https:\\\/\\\/www.ing.uc.cl\\\/hidraulica-y-ambiental\\\/#organization\"},\"potentialAction\":[{\"@type\":\"SearchAction\",\"target\":{\"@type\":\"EntryPoint\",\"urlTemplate\":\"https:\\\/\\\/www.ing.uc.cl\\\/hidraulica-y-ambiental\\\/?s={search_term_string}\"},\"query-input\":{\"@type\":\"PropertyValueSpecification\",\"valueRequired\":true,\"valueName\":\"search_term_string\"}}],\"inLanguage\":\"es-CL\"},{\"@type\":\"Organization\",\"@id\":\"https:\\\/\\\/www.ing.uc.cl\\\/hidraulica-y-ambiental\\\/#organization\",\"name\":\"Departamento Ingenier\u00eda Hidr\u00e1ulica y Ambiental\",\"url\":\"https:\\\/\\\/www.ing.uc.cl\\\/hidraulica-y-ambiental\\\/\",\"logo\":{\"@type\":\"ImageObject\",\"inLanguage\":\"es-CL\",\"@id\":\"https:\\\/\\\/www.ing.uc.cl\\\/hidraulica-y-ambiental\\\/#\\\/schema\\\/logo\\\/image\\\/\",\"url\":\"https:\\\/\\\/www.ing.uc.cl\\\/hidraulica-y-ambiental\\\/wp-content\\\/uploads\\\/2025\\\/05\\\/cropped-cropped-Favicon.png\",\"contentUrl\":\"https:\\\/\\\/www.ing.uc.cl\\\/hidraulica-y-ambiental\\\/wp-content\\\/uploads\\\/2025\\\/05\\\/cropped-cropped-Favicon.png\",\"width\":512,\"height\":512,\"caption\":\"Departamento Ingenier\u00eda Hidr\u00e1ulica y Ambiental\"},\"image\":{\"@id\":\"https:\\\/\\\/www.ing.uc.cl\\\/hidraulica-y-ambiental\\\/#\\\/schema\\\/logo\\\/image\\\/\"}},{\"@type\":\"Person\",\"@id\":\"https:\\\/\\\/www.ing.uc.cl\\\/hidraulica-y-ambiental\\\/#\\\/schema\\\/person\\\/09d2d580329365aec726f752af10f5ff\",\"name\":\"Barbara Oyarzun\",\"image\":{\"@type\":\"ImageObject\",\"inLanguage\":\"es-CL\",\"@id\":\"https:\\\/\\\/secure.gravatar.com\\\/avatar\\\/5c7ea9df9e592c810a906c73bf648848123c982a3c9eb45a644c96130ed1e960?s=96&d=mm&r=g\",\"url\":\"https:\\\/\\\/secure.gravatar.com\\\/avatar\\\/5c7ea9df9e592c810a906c73bf648848123c982a3c9eb45a644c96130ed1e960?s=96&d=mm&r=g\",\"contentUrl\":\"https:\\\/\\\/secure.gravatar.com\\\/avatar\\\/5c7ea9df9e592c810a906c73bf648848123c982a3c9eb45a644c96130ed1e960?s=96&d=mm&r=g\",\"caption\":\"Barbara Oyarzun\"},\"url\":\"https:\\\/\\\/www.ing.uc.cl\\\/hidraulica-y-ambiental\\\/author\\\/boyarzun\\\/\"}]}<\/script>\n<!-- \/ Yoast SEO plugin. -->","yoast_head_json":{"title":"Exploraci\u00f3n en el Salar de Maricunga: Un nuevo paso en el estudio de los humedales de Atacama - Departamento Ingenier\u00eda Hidr\u00e1ulica y Ambiental","robots":{"index":"index","follow":"follow","max-snippet":"max-snippet:-1","max-image-preview":"max-image-preview:large","max-video-preview":"max-video-preview:-1"},"canonical":"https:\/\/www.ing.uc.cl\/hidraulica-y-ambiental\/2025\/04\/02\/exploracion-en-el-salar-de-maricunga-un-nuevo-paso-en-el-estudio-de-los-humedales-de-atacama\/","og_locale":"es_ES","og_type":"article","og_title":"Exploraci\u00f3n en el Salar de Maricunga: Un nuevo paso en el estudio de los humedales de Atacama - Departamento Ingenier\u00eda Hidr\u00e1ulica y Ambiental","og_description":"Entre el 27 y el 29 de marzo, los profesores Francisco Su\u00e1rez y Sarah Leray, del Departamento de Ingenier\u00eda Hidr\u00e1ulica y Ambiental de la UC, junto con estudiantes y un equipo interdisciplinario de investigadores viajaron al Salar de Maricunga, en la Regi\u00f3n de Atacama, para llevar a cabo una importante salida a terreno. A m\u00e1s de 3.700 metros sobre el nivel del mar, el Salar de Maricunga es uno de los ecosistemas m\u00e1s remotos y desafiantes de Chile. Durante este viaje, los acad\u00e9micos y los investigadores se adentraron en este entorno \u00e1rido para realizar un reconocimiento de la zona, identificar los principales desaf\u00edos ecol\u00f3gicos y llevar a cabo investigaciones clave sobre los humedales que alberga el salar. Uno de los principales objetivos de la expedici\u00f3n fue instalar sistemas de monitoreo que permitir\u00e1n estudiar c\u00f3mo la vegetaci\u00f3n de la zona responde a las fluctuaciones en los niveles de agua subterr\u00e1nea, as\u00ed como a las variaciones de las condiciones meteorol\u00f3gicas extremas, como los fuertes vientos y la radiaci\u00f3n solar. La expedici\u00f3n tambi\u00e9n incluy\u00f3 la recolecci\u00f3n de muestras de suelo y especies de flora que ser\u00e1n analizadas para comprender mejor los impactos del cambio clim\u00e1tico y las actividades humanas en estos ecosistemas tan fr\u00e1giles. Este tipo de investigaci\u00f3n es esencial para desarrollar estrategias de conservaci\u00f3n adecuadas y para entender c\u00f3mo los humedales de la Regi\u00f3n de Atacama, como el Salar de Maricunga, pueden verse afectados por las fluctuaciones ambientales. \u00a1Gracias a todos los involucrados en esta traves\u00eda, y especialmente a las comunidades locales que han apoyado esta importante labor!","og_url":"https:\/\/www.ing.uc.cl\/hidraulica-y-ambiental\/2025\/04\/02\/exploracion-en-el-salar-de-maricunga-un-nuevo-paso-en-el-estudio-de-los-humedales-de-atacama\/","og_site_name":"Departamento Ingenier\u00eda Hidr\u00e1ulica y Ambiental","article_published_time":"2025-04-02T14:24:39+00:00","article_modified_time":"2025-04-02T14:24:40+00:00","og_image":[{"width":747,"height":1600,"url":"https:\/\/www.ing.uc.cl\/hidraulica-y-ambiental\/wp-content\/uploads\/2025\/04\/WhatsApp-Image-2025-03-28-at-5.49.38-PM.jpeg","type":"image\/jpeg"}],"author":"Barbara Oyarzun","twitter_card":"summary_large_image","twitter_misc":{"Escrito por":"Barbara Oyarzun","Tiempo estimado de lectura":"4 minutos"},"schema":{"@context":"https:\/\/schema.org","@graph":[{"@type":"Article","@id":"https:\/\/www.ing.uc.cl\/hidraulica-y-ambiental\/2025\/04\/02\/exploracion-en-el-salar-de-maricunga-un-nuevo-paso-en-el-estudio-de-los-humedales-de-atacama\/#article","isPartOf":{"@id":"https:\/\/www.ing.uc.cl\/hidraulica-y-ambiental\/2025\/04\/02\/exploracion-en-el-salar-de-maricunga-un-nuevo-paso-en-el-estudio-de-los-humedales-de-atacama\/"},"author":{"name":"Barbara Oyarzun","@id":"https:\/\/www.ing.uc.cl\/hidraulica-y-ambiental\/#\/schema\/person\/09d2d580329365aec726f752af10f5ff"},"headline":"Exploraci\u00f3n en el Salar de Maricunga: Un nuevo paso en el estudio de los humedales de Atacama","datePublished":"2025-04-02T14:24:39+00:00","dateModified":"2025-04-02T14:24:40+00:00","mainEntityOfPage":{"@id":"https:\/\/www.ing.uc.cl\/hidraulica-y-ambiental\/2025\/04\/02\/exploracion-en-el-salar-de-maricunga-un-nuevo-paso-en-el-estudio-de-los-humedales-de-atacama\/"},"wordCount":298,"publisher":{"@id":"https:\/\/www.ing.uc.cl\/hidraulica-y-ambiental\/#organization"},"image":{"@id":"https:\/\/www.ing.uc.cl\/hidraulica-y-ambiental\/2025\/04\/02\/exploracion-en-el-salar-de-maricunga-un-nuevo-paso-en-el-estudio-de-los-humedales-de-atacama\/#primaryimage"},"thumbnailUrl":"https:\/\/www.ing.uc.cl\/hidraulica-y-ambiental\/wp-content\/uploads\/2025\/04\/WhatsApp-Image-2025-03-28-at-5.49.38-PM.jpeg","articleSection":["Noticias"],"inLanguage":"es-CL"},{"@type":"WebPage","@id":"https:\/\/www.ing.uc.cl\/hidraulica-y-ambiental\/2025\/04\/02\/exploracion-en-el-salar-de-maricunga-un-nuevo-paso-en-el-estudio-de-los-humedales-de-atacama\/","url":"https:\/\/www.ing.uc.cl\/hidraulica-y-ambiental\/2025\/04\/02\/exploracion-en-el-salar-de-maricunga-un-nuevo-paso-en-el-estudio-de-los-humedales-de-atacama\/","name":"Exploraci\u00f3n en el Salar de Maricunga: Un nuevo paso en el estudio de los humedales de Atacama - Departamento Ingenier\u00eda Hidr\u00e1ulica y Ambiental","isPartOf":{"@id":"https:\/\/www.ing.uc.cl\/hidraulica-y-ambiental\/#website"},"primaryImageOfPage":{"@id":"https:\/\/www.ing.uc.cl\/hidraulica-y-ambiental\/2025\/04\/02\/exploracion-en-el-salar-de-maricunga-un-nuevo-paso-en-el-estudio-de-los-humedales-de-atacama\/#primaryimage"},"image":{"@id":"https:\/\/www.ing.uc.cl\/hidraulica-y-ambiental\/2025\/04\/02\/exploracion-en-el-salar-de-maricunga-un-nuevo-paso-en-el-estudio-de-los-humedales-de-atacama\/#primaryimage"},"thumbnailUrl":"https:\/\/www.ing.uc.cl\/hidraulica-y-ambiental\/wp-content\/uploads\/2025\/04\/WhatsApp-Image-2025-03-28-at-5.49.38-PM.jpeg","datePublished":"2025-04-02T14:24:39+00:00","dateModified":"2025-04-02T14:24:40+00:00","breadcrumb":{"@id":"https:\/\/www.ing.uc.cl\/hidraulica-y-ambiental\/2025\/04\/02\/exploracion-en-el-salar-de-maricunga-un-nuevo-paso-en-el-estudio-de-los-humedales-de-atacama\/#breadcrumb"},"inLanguage":"es-CL","potentialAction":[{"@type":"ReadAction","target":["https:\/\/www.ing.uc.cl\/hidraulica-y-ambiental\/2025\/04\/02\/exploracion-en-el-salar-de-maricunga-un-nuevo-paso-en-el-estudio-de-los-humedales-de-atacama\/"]}]},{"@type":"ImageObject","inLanguage":"es-CL","@id":"https:\/\/www.ing.uc.cl\/hidraulica-y-ambiental\/2025\/04\/02\/exploracion-en-el-salar-de-maricunga-un-nuevo-paso-en-el-estudio-de-los-humedales-de-atacama\/#primaryimage","url":"https:\/\/www.ing.uc.cl\/hidraulica-y-ambiental\/wp-content\/uploads\/2025\/04\/WhatsApp-Image-2025-03-28-at-5.49.38-PM.jpeg","contentUrl":"https:\/\/www.ing.uc.cl\/hidraulica-y-ambiental\/wp-content\/uploads\/2025\/04\/WhatsApp-Image-2025-03-28-at-5.49.38-PM.jpeg","width":747,"height":1600},{"@type":"BreadcrumbList","@id":"https:\/\/www.ing.uc.cl\/hidraulica-y-ambiental\/2025\/04\/02\/exploracion-en-el-salar-de-maricunga-un-nuevo-paso-en-el-estudio-de-los-humedales-de-atacama\/#breadcrumb","itemListElement":[{"@type":"ListItem","position":1,"name":"Portada","item":"https:\/\/www.ing.uc.cl\/hidraulica-y-ambiental\/"},{"@type":"ListItem","position":2,"name":"Exploraci\u00f3n en el Salar de Maricunga: Un nuevo paso en el estudio de los humedales de Atacama"}]},{"@type":"WebSite","@id":"https:\/\/www.ing.uc.cl\/hidraulica-y-ambiental\/#website","url":"https:\/\/www.ing.uc.cl\/hidraulica-y-ambiental\/","name":"Departamento Ingenier\u00eda Hidr\u00e1ulica y Ambiental","description":"Escuela de Ingenier\u00eda","publisher":{"@id":"https:\/\/www.ing.uc.cl\/hidraulica-y-ambiental\/#organization"},"potentialAction":[{"@type":"SearchAction","target":{"@type":"EntryPoint","urlTemplate":"https:\/\/www.ing.uc.cl\/hidraulica-y-ambiental\/?s={search_term_string}"},"query-input":{"@type":"PropertyValueSpecification","valueRequired":true,"valueName":"search_term_string"}}],"inLanguage":"es-CL"},{"@type":"Organization","@id":"https:\/\/www.ing.uc.cl\/hidraulica-y-ambiental\/#organization","name":"Departamento Ingenier\u00eda Hidr\u00e1ulica y Ambiental","url":"https:\/\/www.ing.uc.cl\/hidraulica-y-ambiental\/","logo":{"@type":"ImageObject","inLanguage":"es-CL","@id":"https:\/\/www.ing.uc.cl\/hidraulica-y-ambiental\/#\/schema\/logo\/image\/","url":"https:\/\/www.ing.uc.cl\/hidraulica-y-ambiental\/wp-content\/uploads\/2025\/05\/cropped-cropped-Favicon.png","contentUrl":"https:\/\/www.ing.uc.cl\/hidraulica-y-ambiental\/wp-content\/uploads\/2025\/05\/cropped-cropped-Favicon.png","width":512,"height":512,"caption":"Departamento Ingenier\u00eda Hidr\u00e1ulica y Ambiental"},"image":{"@id":"https:\/\/www.ing.uc.cl\/hidraulica-y-ambiental\/#\/schema\/logo\/image\/"}},{"@type":"Person","@id":"https:\/\/www.ing.uc.cl\/hidraulica-y-ambiental\/#\/schema\/person\/09d2d580329365aec726f752af10f5ff","name":"Barbara Oyarzun","image":{"@type":"ImageObject","inLanguage":"es-CL","@id":"https:\/\/secure.gravatar.com\/avatar\/5c7ea9df9e592c810a906c73bf648848123c982a3c9eb45a644c96130ed1e960?s=96&d=mm&r=g","url":"https:\/\/secure.gravatar.com\/avatar\/5c7ea9df9e592c810a906c73bf648848123c982a3c9eb45a644c96130ed1e960?s=96&d=mm&r=g","contentUrl":"https:\/\/secure.gravatar.com\/avatar\/5c7ea9df9e592c810a906c73bf648848123c982a3c9eb45a644c96130ed1e960?s=96&d=mm&r=g","caption":"Barbara Oyarzun"},"url":"https:\/\/www.ing.uc.cl\/hidraulica-y-ambiental\/author\/boyarzun\/"}]}},"rttpg_featured_image_url":{"full":["https:\/\/www.ing.uc.cl\/hidraulica-y-ambiental\/wp-content\/uploads\/2025\/04\/WhatsApp-Image-2025-03-28-at-5.49.38-PM.jpeg",747,1600,false],"landscape":["https:\/\/www.ing.uc.cl\/hidraulica-y-ambiental\/wp-content\/uploads\/2025\/04\/WhatsApp-Image-2025-03-28-at-5.49.38-PM.jpeg",747,1600,false],"portraits":["https:\/\/www.ing.uc.cl\/hidraulica-y-ambiental\/wp-content\/uploads\/2025\/04\/WhatsApp-Image-2025-03-28-at-5.49.38-PM.jpeg",747,1600,false],"thumbnail":["https:\/\/www.ing.uc.cl\/hidraulica-y-ambiental\/wp-content\/uploads\/2025\/04\/WhatsApp-Image-2025-03-28-at-5.49.38-PM-150x150.jpeg",150,150,true],"medium":["https:\/\/www.ing.uc.cl\/hidraulica-y-ambiental\/wp-content\/uploads\/2025\/04\/WhatsApp-Image-2025-03-28-at-5.49.38-PM-140x300.jpeg",140,300,true],"large":["https:\/\/www.ing.uc.cl\/hidraulica-y-ambiental\/wp-content\/uploads\/2025\/04\/WhatsApp-Image-2025-03-28-at-5.49.38-PM-478x1024.jpeg",478,1024,true],"thumblist":["https:\/\/www.ing.uc.cl\/hidraulica-y-ambiental\/wp-content\/uploads\/2025\/04\/WhatsApp-Image-2025-03-28-at-5.49.38-PM-300x300.jpeg",300,300,true],"thumbrelated":["https:\/\/www.ing.uc.cl\/hidraulica-y-ambiental\/wp-content\/uploads\/2025\/04\/WhatsApp-Image-2025-03-28-at-5.49.38-PM-500x500.jpeg",500,500,true],"meccarouselthumb":["https:\/\/www.ing.uc.cl\/hidraulica-y-ambiental\/wp-content\/uploads\/2025\/04\/WhatsApp-Image-2025-03-28-at-5.49.38-PM-474x324.jpeg",474,324,true],"gridsquare":["https:\/\/www.ing.uc.cl\/hidraulica-y-ambiental\/wp-content\/uploads\/2025\/04\/WhatsApp-Image-2025-03-28-at-5.49.38-PM-391x260.jpeg",391,260,true],"tileview":["https:\/\/www.ing.uc.cl\/hidraulica-y-ambiental\/wp-content\/uploads\/2025\/04\/WhatsApp-Image-2025-03-28-at-5.49.38-PM-300x400.jpeg",300,400,true],"1536x1536":["https:\/\/www.ing.uc.cl\/hidraulica-y-ambiental\/wp-content\/uploads\/2025\/04\/WhatsApp-Image-2025-03-28-at-5.49.38-PM-717x1536.jpeg",717,1536,true],"2048x2048":["https:\/\/www.ing.uc.cl\/hidraulica-y-ambiental\/wp-content\/uploads\/2025\/04\/WhatsApp-Image-2025-03-28-at-5.49.38-PM.jpeg",747,1600,false],"sow-carousel-default":["https:\/\/www.ing.uc.cl\/hidraulica-y-ambiental\/wp-content\/uploads\/2025\/04\/WhatsApp-Image-2025-03-28-at-5.49.38-PM-272x182.jpeg",272,182,true]},"rttpg_author":{"display_name":"Barbara Oyarzun","author_link":"https:\/\/www.ing.uc.cl\/hidraulica-y-ambiental\/author\/boyarzun\/"},"rttpg_comment":0,"rttpg_category":"<a href=\"https:\/\/www.ing.uc.cl\/hidraulica-y-ambiental\/category\/noticias\/\" rel=\"category tag\">Noticias<\/a>","rttpg_excerpt":"Entre el 27 y el 29 de marzo, los profesores Francisco Su\u00e1rez y Sarah Leray, del Departamento de Ingenier\u00eda Hidr\u00e1ulica y Ambiental de la UC, junto con estudiantes y un equipo interdisciplinario de investigadores viajaron al Salar de Maricunga, en la Regi\u00f3n de Atacama, para llevar a cabo una importante salida a terreno. A m\u00e1s&hellip;","_links":{"self":[{"href":"https:\/\/www.ing.uc.cl\/hidraulica-y-ambiental\/wp-json\/wp\/v2\/posts\/2002","targetHints":{"allow":["GET"]}}],"collection":[{"href":"https:\/\/www.ing.uc.cl\/hidraulica-y-ambiental\/wp-json\/wp\/v2\/posts"}],"about":[{"href":"https:\/\/www.ing.uc.cl\/hidraulica-y-ambiental\/wp-json\/wp\/v2\/types\/post"}],"author":[{"embeddable":true,"href":"https:\/\/www.ing.uc.cl\/hidraulica-y-ambiental\/wp-json\/wp\/v2\/users\/8"}],"replies":[{"embeddable":true,"href":"https:\/\/www.ing.uc.cl\/hidraulica-y-ambiental\/wp-json\/wp\/v2\/comments?post=2002"}],"version-history":[{"count":1,"href":"https:\/\/www.ing.uc.cl\/hidraulica-y-ambiental\/wp-json\/wp\/v2\/posts\/2002\/revisions"}],"predecessor-version":[{"id":2016,"href":"https:\/\/www.ing.uc.cl\/hidraulica-y-ambiental\/wp-json\/wp\/v2\/posts\/2002\/revisions\/2016"}],"wp:featuredmedia":[{"embeddable":true,"href":"https:\/\/www.ing.uc.cl\/hidraulica-y-ambiental\/wp-json\/wp\/v2\/media\/2012"}],"wp:attachment":[{"href":"https:\/\/www.ing.uc.cl\/hidraulica-y-ambiental\/wp-json\/wp\/v2\/media?parent=2002"}],"wp:term":[{"taxonomy":"category","embeddable":true,"href":"https:\/\/www.ing.uc.cl\/hidraulica-y-ambiental\/wp-json\/wp\/v2\/categories?post=2002"},{"taxonomy":"post_tag","embeddable":true,"href":"https:\/\/www.ing.uc.cl\/hidraulica-y-ambiental\/wp-json\/wp\/v2\/tags?post=2002"}],"curies":[{"name":"wp","href":"https:\/\/api.w.org\/{rel}","templated":true}]}}