{"id":395,"date":"2013-04-04T16:42:39","date_gmt":"2013-04-04T16:42:39","guid":{"rendered":"https:\/\/www.ing.uc.cl\/hidraulica-y-ambiental\/?p=395"},"modified":"2013-04-04T16:42:39","modified_gmt":"2013-04-04T16:42:39","slug":"investigacion-sobre-efectos-del-incendio-de-2012-en-torres-del-paine","status":"publish","type":"post","link":"https:\/\/www.ing.uc.cl\/hidraulica-y-ambiental\/2013\/04\/04\/investigacion-sobre-efectos-del-incendio-de-2012-en-torres-del-paine\/","title":{"rendered":"Investigaci\u00f3n sobre efectos del incendio de 2012 en Torres del Paine"},"content":{"rendered":"<p>M\u00e1s de 300 kilos de muestras de suelo de la zona del r\u00edo Serrano, dentro de la cual se encuentra Torres del Paine, analiz\u00f3 un grupo de investigadores del Departamento de Ingenier\u00eda Hidr\u00e1ulica y Ambiental de la UC, con el objetivo de identificar los efectos que los \u00faltimos incendios han tenido sobre las propiedades del suelo.<\/p>\n<p>Seg\u00fan los primeros resultados, el fuego que afect\u00f3 a la zona a fines de 2011 y principios de 2012 no habr\u00eda tenido consecuencias muy negativas sobre la calidad del suelo, pero s\u00ed habr\u00eda causado efectos perjudiciales en \u00e9l a ra\u00edz de la erosi\u00f3n causada por la p\u00e9rdida de vegetaci\u00f3n provocada por el incendio.<\/p>\n<p>El estudio, liderado por el profesor Carlos Bonilla, es parte de un proyecto adjudicado en el concurso 2011 del Fondo de Investigaci\u00f3n del Bosque Nativo de CONAF. En diciembre pasado, el equipo, formado adem\u00e1s por el acad\u00e9mico Pablo Past\u00e9n y tres estudiantes, estuvo por cinco d\u00edas en la zona, recorriendo m\u00e1s de 1.400 kil\u00f3metros.<\/p>\n<p>\u201cNuestro objetivo es ver c\u00f3mo los incendios afectan las propiedades f\u00edsicas, qu\u00edmicas y biol\u00f3gicas de los suelos, y con ello sus propiedades de retenci\u00f3n de humedad y resistencia a la erosi\u00f3n. La meta final es aportar informaci\u00f3n a un modelo de erosi\u00f3n que estamos construyendo para toda la cuenca del r\u00edo Serrano, y as\u00ed poder evaluar la condici\u00f3n actual de p\u00e9rdida de suelos, identificar los sitios m\u00e1s vulnerables y proponer medidas para los sectores m\u00e1s afectados\u201d, se\u00f1ala Carlos Bonilla.<\/p>\n<p>Este tipo de estudio es pionero a nivel nacional y combina tanto herramientas cient\u00edficas como tecnol\u00f3gicas para modelar procesos ambientales. El estudio ha implicado visitas a la zona y trabajo en terreno, medici\u00f3n con instrumentos en el parque y el apoyo de modelos biof\u00edsicos de simulaci\u00f3n computacional.<\/p>\n<p>En lo que va del proyecto se ha avanzado considerablemente en el conocimiento y estimaci\u00f3n de la p\u00e9rdida de suelo en el bosque nativo en la cuenca del r\u00edo Serrano. Se ha investigado sobre las diferencias en las tasas de erosi\u00f3n en el bosque a consecuencia del clima, el suelo y el uso del territorio. Se ha logrado determinar el nivel de erosi\u00f3n que existe en la condici\u00f3n actual del bosque y se ha avanzado preliminarmente en la estimaci\u00f3n de la erosi\u00f3n asociada al manejo del bosque. \u201cLa informaci\u00f3n cuantitativa generada en el estudio contribuye efectivamente al conocimiento cient\u00edfico y t\u00e9cnico en materias vinculadas con la protecci\u00f3n del suelo, de los recursos h\u00eddricos y de los ecosistemas asociados al bosque nativo\u201d, asegura Carlos Bonilla.<\/p>\n<p>El acad\u00e9mico de Ingenier\u00eda UC afirma que \u201cuno de los resultados m\u00e1s importantes alcanzados a la fecha es la construcci\u00f3n de un modelo integrado de clima, agua, suelo y vegetaci\u00f3n para la cuenca del r\u00edo Serrano, que permite identificar las variables que explican mejor la p\u00e9rdida de suelo en el bosque nativo presente en la cuenca\u201d. Esta integraci\u00f3n de procesos se ha realizado mediante la aplicaci\u00f3n a escala de cuenca hidrogr\u00e1fica del modelo de simulaci\u00f3n GeoWEPP, una de las herramientas m\u00e1s avanzada y robusta a nivel mundial en su tipo, y que ha sido ampliamente validada y posee aplicaciones pr\u00e1cticas en el \u00e1mbito forestal. A modo de ejemplo, es la herramienta utilizada para estudios de este tipo por el Servicio Forestal de Estados Unidos.<\/p>\n<p>Para llevar a cabo las simulaciones se ha hecho un levantamiento detallado de la informaci\u00f3n, que incluye una descripci\u00f3n de la topograf\u00eda, clima, hidrograf\u00eda, suelos y uso del suelo en la cuenca del r\u00edo Serrano. Por ejemplo, en el caso de las precipitaciones se han analizado los \u00faltimos 30 a\u00f1os de registros en estaciones seleccionadas, mientras que en el caso de los suelos se han caracterizado los principales grupos de suelos presentes en la cuenca sobre la base de sus propiedades f\u00edsicas, qu\u00edmicas y biol\u00f3gicas. En t\u00e9rminos de la vegetaci\u00f3n, se ha extra\u00eddo la informaci\u00f3n necesaria sobre los tipos vegetacionales desde el Catastro de Bosque Nativo y se ha construido con ella la capa vegetacional en el modelo.<\/p>\n<p>Carlos Bonilla agrega que otro aspecto importante ha sido la formaci\u00f3n y preparaci\u00f3n de estudiantes en la modelaci\u00f3n y estudio de procesos de erosi\u00f3n en el bosque nativo. Se\u00f1ala que durante el primer a\u00f1o de funcionamiento del proyecto han participado en \u00e9l 17 alumnos de Ingenier\u00eda Ambiental, m\u00e1s dos estudiantes del programa de Mag\u00edster en Ciencias de la Ingenier\u00eda de la UC, quienes han desarrollado su investigaci\u00f3n en temas del proyecto. Adem\u00e1s, una estudiante de pregrado de Ingenier\u00eda Civil y Ambiental de la Universidad de Stanford tambi\u00e9n ha desarrollado su memoria en este tema.<\/p>\n<p>INFORMACI\u00d3N PERIOD\u00cdSTICA<\/p>\n<p>Ximena Villal\u00f3n, periodista<\/p>\n","protected":false},"excerpt":{"rendered":"<p>El estudio es liderado por el profesor Carlos Bonilla.<\/p>\n","protected":false},"author":4,"featured_media":441,"comment_status":"closed","ping_status":"closed","sticky":false,"template":"","format":"standard","meta":{"_acf_changed":false,"site-sidebar-layout":"default","site-content-layout":"","ast-site-content-layout":"default","site-content-style":"default","site-sidebar-style":"default","ast-global-header-display":"","ast-banner-title-visibility":"","ast-main-header-display":"","ast-hfb-above-header-display":"","ast-hfb-below-header-display":"","ast-hfb-mobile-header-display":"","site-post-title":"","ast-breadcrumbs-content":"","ast-featured-img":"","footer-sml-layout":"","ast-disable-related-posts":"","theme-transparent-header-meta":"","adv-header-id-meta":"","stick-header-meta":"","header-above-stick-meta":"","header-main-stick-meta":"","header-below-stick-meta":"","astra-migrate-meta-layouts":"default","ast-page-background-enabled":"default","ast-page-background-meta":{"desktop":{"background-color":"","background-image":"","background-repeat":"repeat","background-position":"center center","background-size":"auto","background-attachment":"scroll","background-type":"","background-media":"","overlay-type":"","overlay-color":"","overlay-opacity":"","overlay-gradient":""},"tablet":{"background-color":"","background-image":"","background-repeat":"repeat","background-position":"center center","background-size":"auto","background-attachment":"scroll","background-type":"","background-media":"","overlay-type":"","overlay-color":"","overlay-opacity":"","overlay-gradient":""},"mobile":{"background-color":"","background-image":"","background-repeat":"repeat","background-position":"center center","background-size":"auto","background-attachment":"scroll","background-type":"","background-media":"","overlay-type":"","overlay-color":"","overlay-opacity":"","overlay-gradient":""}},"ast-content-background-meta":{"desktop":{"background-color":"var(--ast-global-color-5)","background-image":"","background-repeat":"repeat","background-position":"center center","background-size":"auto","background-attachment":"scroll","background-type":"","background-media":"","overlay-type":"","overlay-color":"","overlay-opacity":"","overlay-gradient":""},"tablet":{"background-color":"var(--ast-global-color-5)","background-image":"","background-repeat":"repeat","background-position":"center center","background-size":"auto","background-attachment":"scroll","background-type":"","background-media":"","overlay-type":"","overlay-color":"","overlay-opacity":"","overlay-gradient":""},"mobile":{"background-color":"var(--ast-global-color-5)","background-image":"","background-repeat":"repeat","background-position":"center center","background-size":"auto","background-attachment":"scroll","background-type":"","background-media":"","overlay-type":"","overlay-color":"","overlay-opacity":"","overlay-gradient":""}},"footnotes":""},"categories":[10,14],"tags":[],"class_list":["post-395","post","type-post","status-publish","format-standard","has-post-thumbnail","hentry","category-noticias","category-novedades"],"acf":[],"yoast_head":"<!-- This site is optimized with the Yoast SEO plugin v27.5 - https:\/\/yoast.com\/product\/yoast-seo-wordpress\/ -->\n<title>Investigaci\u00f3n sobre efectos del incendio de 2012 en Torres del Paine - Departamento Ingenier\u00eda Hidr\u00e1ulica y Ambiental<\/title>\n<meta name=\"robots\" content=\"index, follow, max-snippet:-1, max-image-preview:large, max-video-preview:-1\" \/>\n<link rel=\"canonical\" href=\"https:\/\/www.ing.uc.cl\/hidraulica-y-ambiental\/2013\/04\/04\/investigacion-sobre-efectos-del-incendio-de-2012-en-torres-del-paine\/\" \/>\n<meta property=\"og:locale\" content=\"es_ES\" \/>\n<meta property=\"og:type\" content=\"article\" \/>\n<meta property=\"og:title\" content=\"Investigaci\u00f3n sobre efectos del incendio de 2012 en Torres del Paine - Departamento Ingenier\u00eda Hidr\u00e1ulica y Ambiental\" \/>\n<meta property=\"og:description\" content=\"El estudio es liderado por el profesor Carlos Bonilla.\" \/>\n<meta property=\"og:url\" content=\"https:\/\/www.ing.uc.cl\/hidraulica-y-ambiental\/2013\/04\/04\/investigacion-sobre-efectos-del-incendio-de-2012-en-torres-del-paine\/\" \/>\n<meta property=\"og:site_name\" content=\"Departamento Ingenier\u00eda Hidr\u00e1ulica y Ambiental\" \/>\n<meta property=\"article:published_time\" content=\"2013-04-04T16:42:39+00:00\" \/>\n<meta name=\"author\" content=\"Francisco H\" \/>\n<meta name=\"twitter:card\" content=\"summary_large_image\" \/>\n<meta name=\"twitter:label1\" content=\"Escrito por\" \/>\n\t<meta name=\"twitter:data1\" content=\"Francisco H\" \/>\n\t<meta name=\"twitter:label2\" content=\"Tiempo estimado de lectura\" \/>\n\t<meta name=\"twitter:data2\" content=\"4 minutos\" \/>\n<script type=\"application\/ld+json\" class=\"yoast-schema-graph\">{\"@context\":\"https:\\\/\\\/schema.org\",\"@graph\":[{\"@type\":\"Article\",\"@id\":\"https:\\\/\\\/www.ing.uc.cl\\\/hidraulica-y-ambiental\\\/2013\\\/04\\\/04\\\/investigacion-sobre-efectos-del-incendio-de-2012-en-torres-del-paine\\\/#article\",\"isPartOf\":{\"@id\":\"https:\\\/\\\/www.ing.uc.cl\\\/hidraulica-y-ambiental\\\/2013\\\/04\\\/04\\\/investigacion-sobre-efectos-del-incendio-de-2012-en-torres-del-paine\\\/\"},\"author\":{\"name\":\"Francisco H\",\"@id\":\"https:\\\/\\\/www.ing.uc.cl\\\/hidraulica-y-ambiental\\\/#\\\/schema\\\/person\\\/e566c8a8cac21af9b6089522037e7289\"},\"headline\":\"Investigaci\u00f3n sobre efectos del incendio de 2012 en Torres del Paine\",\"datePublished\":\"2013-04-04T16:42:39+00:00\",\"mainEntityOfPage\":{\"@id\":\"https:\\\/\\\/www.ing.uc.cl\\\/hidraulica-y-ambiental\\\/2013\\\/04\\\/04\\\/investigacion-sobre-efectos-del-incendio-de-2012-en-torres-del-paine\\\/\"},\"wordCount\":851,\"publisher\":{\"@id\":\"https:\\\/\\\/www.ing.uc.cl\\\/hidraulica-y-ambiental\\\/#organization\"},\"image\":{\"@id\":\"https:\\\/\\\/www.ing.uc.cl\\\/hidraulica-y-ambiental\\\/2013\\\/04\\\/04\\\/investigacion-sobre-efectos-del-incendio-de-2012-en-torres-del-paine\\\/#primaryimage\"},\"thumbnailUrl\":\"\",\"articleSection\":[\"Noticias\",\"Novedades\"],\"inLanguage\":\"es-CL\"},{\"@type\":\"WebPage\",\"@id\":\"https:\\\/\\\/www.ing.uc.cl\\\/hidraulica-y-ambiental\\\/2013\\\/04\\\/04\\\/investigacion-sobre-efectos-del-incendio-de-2012-en-torres-del-paine\\\/\",\"url\":\"https:\\\/\\\/www.ing.uc.cl\\\/hidraulica-y-ambiental\\\/2013\\\/04\\\/04\\\/investigacion-sobre-efectos-del-incendio-de-2012-en-torres-del-paine\\\/\",\"name\":\"Investigaci\u00f3n sobre efectos del incendio de 2012 en Torres del Paine - Departamento Ingenier\u00eda Hidr\u00e1ulica y Ambiental\",\"isPartOf\":{\"@id\":\"https:\\\/\\\/www.ing.uc.cl\\\/hidraulica-y-ambiental\\\/#website\"},\"primaryImageOfPage\":{\"@id\":\"https:\\\/\\\/www.ing.uc.cl\\\/hidraulica-y-ambiental\\\/2013\\\/04\\\/04\\\/investigacion-sobre-efectos-del-incendio-de-2012-en-torres-del-paine\\\/#primaryimage\"},\"image\":{\"@id\":\"https:\\\/\\\/www.ing.uc.cl\\\/hidraulica-y-ambiental\\\/2013\\\/04\\\/04\\\/investigacion-sobre-efectos-del-incendio-de-2012-en-torres-del-paine\\\/#primaryimage\"},\"thumbnailUrl\":\"\",\"datePublished\":\"2013-04-04T16:42:39+00:00\",\"breadcrumb\":{\"@id\":\"https:\\\/\\\/www.ing.uc.cl\\\/hidraulica-y-ambiental\\\/2013\\\/04\\\/04\\\/investigacion-sobre-efectos-del-incendio-de-2012-en-torres-del-paine\\\/#breadcrumb\"},\"inLanguage\":\"es-CL\",\"potentialAction\":[{\"@type\":\"ReadAction\",\"target\":[\"https:\\\/\\\/www.ing.uc.cl\\\/hidraulica-y-ambiental\\\/2013\\\/04\\\/04\\\/investigacion-sobre-efectos-del-incendio-de-2012-en-torres-del-paine\\\/\"]}]},{\"@type\":\"ImageObject\",\"inLanguage\":\"es-CL\",\"@id\":\"https:\\\/\\\/www.ing.uc.cl\\\/hidraulica-y-ambiental\\\/2013\\\/04\\\/04\\\/investigacion-sobre-efectos-del-incendio-de-2012-en-torres-del-paine\\\/#primaryimage\",\"url\":\"\",\"contentUrl\":\"\"},{\"@type\":\"BreadcrumbList\",\"@id\":\"https:\\\/\\\/www.ing.uc.cl\\\/hidraulica-y-ambiental\\\/2013\\\/04\\\/04\\\/investigacion-sobre-efectos-del-incendio-de-2012-en-torres-del-paine\\\/#breadcrumb\",\"itemListElement\":[{\"@type\":\"ListItem\",\"position\":1,\"name\":\"Portada\",\"item\":\"https:\\\/\\\/www.ing.uc.cl\\\/hidraulica-y-ambiental\\\/\"},{\"@type\":\"ListItem\",\"position\":2,\"name\":\"Investigaci\u00f3n sobre efectos del incendio de 2012 en Torres del Paine\"}]},{\"@type\":\"WebSite\",\"@id\":\"https:\\\/\\\/www.ing.uc.cl\\\/hidraulica-y-ambiental\\\/#website\",\"url\":\"https:\\\/\\\/www.ing.uc.cl\\\/hidraulica-y-ambiental\\\/\",\"name\":\"Departamento Ingenier\u00eda Hidr\u00e1ulica y Ambiental\",\"description\":\"Escuela de Ingenier\u00eda\",\"publisher\":{\"@id\":\"https:\\\/\\\/www.ing.uc.cl\\\/hidraulica-y-ambiental\\\/#organization\"},\"potentialAction\":[{\"@type\":\"SearchAction\",\"target\":{\"@type\":\"EntryPoint\",\"urlTemplate\":\"https:\\\/\\\/www.ing.uc.cl\\\/hidraulica-y-ambiental\\\/?s={search_term_string}\"},\"query-input\":{\"@type\":\"PropertyValueSpecification\",\"valueRequired\":true,\"valueName\":\"search_term_string\"}}],\"inLanguage\":\"es-CL\"},{\"@type\":\"Organization\",\"@id\":\"https:\\\/\\\/www.ing.uc.cl\\\/hidraulica-y-ambiental\\\/#organization\",\"name\":\"Departamento Ingenier\u00eda Hidr\u00e1ulica y Ambiental\",\"url\":\"https:\\\/\\\/www.ing.uc.cl\\\/hidraulica-y-ambiental\\\/\",\"logo\":{\"@type\":\"ImageObject\",\"inLanguage\":\"es-CL\",\"@id\":\"https:\\\/\\\/www.ing.uc.cl\\\/hidraulica-y-ambiental\\\/#\\\/schema\\\/logo\\\/image\\\/\",\"url\":\"https:\\\/\\\/www.ing.uc.cl\\\/hidraulica-y-ambiental\\\/wp-content\\\/uploads\\\/2025\\\/05\\\/cropped-cropped-Favicon.png\",\"contentUrl\":\"https:\\\/\\\/www.ing.uc.cl\\\/hidraulica-y-ambiental\\\/wp-content\\\/uploads\\\/2025\\\/05\\\/cropped-cropped-Favicon.png\",\"width\":512,\"height\":512,\"caption\":\"Departamento Ingenier\u00eda Hidr\u00e1ulica y Ambiental\"},\"image\":{\"@id\":\"https:\\\/\\\/www.ing.uc.cl\\\/hidraulica-y-ambiental\\\/#\\\/schema\\\/logo\\\/image\\\/\"}},{\"@type\":\"Person\",\"@id\":\"https:\\\/\\\/www.ing.uc.cl\\\/hidraulica-y-ambiental\\\/#\\\/schema\\\/person\\\/e566c8a8cac21af9b6089522037e7289\",\"name\":\"Francisco H\",\"image\":{\"@type\":\"ImageObject\",\"inLanguage\":\"es-CL\",\"@id\":\"https:\\\/\\\/secure.gravatar.com\\\/avatar\\\/63233762875caf7cb464abb0c994788b36bb5a903f4b5e6d958a14f57c41e047?s=96&d=mm&r=g\",\"url\":\"https:\\\/\\\/secure.gravatar.com\\\/avatar\\\/63233762875caf7cb464abb0c994788b36bb5a903f4b5e6d958a14f57c41e047?s=96&d=mm&r=g\",\"contentUrl\":\"https:\\\/\\\/secure.gravatar.com\\\/avatar\\\/63233762875caf7cb464abb0c994788b36bb5a903f4b5e6d958a14f57c41e047?s=96&d=mm&r=g\",\"caption\":\"Francisco H\"},\"url\":\"https:\\\/\\\/www.ing.uc.cl\\\/hidraulica-y-ambiental\\\/author\\\/fherreros\\\/\"}]}<\/script>\n<!-- \/ Yoast SEO plugin. -->","yoast_head_json":{"title":"Investigaci\u00f3n sobre efectos del incendio de 2012 en Torres del Paine - Departamento Ingenier\u00eda Hidr\u00e1ulica y Ambiental","robots":{"index":"index","follow":"follow","max-snippet":"max-snippet:-1","max-image-preview":"max-image-preview:large","max-video-preview":"max-video-preview:-1"},"canonical":"https:\/\/www.ing.uc.cl\/hidraulica-y-ambiental\/2013\/04\/04\/investigacion-sobre-efectos-del-incendio-de-2012-en-torres-del-paine\/","og_locale":"es_ES","og_type":"article","og_title":"Investigaci\u00f3n sobre efectos del incendio de 2012 en Torres del Paine - Departamento Ingenier\u00eda Hidr\u00e1ulica y Ambiental","og_description":"El estudio es liderado por el profesor Carlos Bonilla.","og_url":"https:\/\/www.ing.uc.cl\/hidraulica-y-ambiental\/2013\/04\/04\/investigacion-sobre-efectos-del-incendio-de-2012-en-torres-del-paine\/","og_site_name":"Departamento Ingenier\u00eda Hidr\u00e1ulica y Ambiental","article_published_time":"2013-04-04T16:42:39+00:00","author":"Francisco H","twitter_card":"summary_large_image","twitter_misc":{"Escrito por":"Francisco H","Tiempo estimado de lectura":"4 minutos"},"schema":{"@context":"https:\/\/schema.org","@graph":[{"@type":"Article","@id":"https:\/\/www.ing.uc.cl\/hidraulica-y-ambiental\/2013\/04\/04\/investigacion-sobre-efectos-del-incendio-de-2012-en-torres-del-paine\/#article","isPartOf":{"@id":"https:\/\/www.ing.uc.cl\/hidraulica-y-ambiental\/2013\/04\/04\/investigacion-sobre-efectos-del-incendio-de-2012-en-torres-del-paine\/"},"author":{"name":"Francisco H","@id":"https:\/\/www.ing.uc.cl\/hidraulica-y-ambiental\/#\/schema\/person\/e566c8a8cac21af9b6089522037e7289"},"headline":"Investigaci\u00f3n sobre efectos del incendio de 2012 en Torres del Paine","datePublished":"2013-04-04T16:42:39+00:00","mainEntityOfPage":{"@id":"https:\/\/www.ing.uc.cl\/hidraulica-y-ambiental\/2013\/04\/04\/investigacion-sobre-efectos-del-incendio-de-2012-en-torres-del-paine\/"},"wordCount":851,"publisher":{"@id":"https:\/\/www.ing.uc.cl\/hidraulica-y-ambiental\/#organization"},"image":{"@id":"https:\/\/www.ing.uc.cl\/hidraulica-y-ambiental\/2013\/04\/04\/investigacion-sobre-efectos-del-incendio-de-2012-en-torres-del-paine\/#primaryimage"},"thumbnailUrl":"","articleSection":["Noticias","Novedades"],"inLanguage":"es-CL"},{"@type":"WebPage","@id":"https:\/\/www.ing.uc.cl\/hidraulica-y-ambiental\/2013\/04\/04\/investigacion-sobre-efectos-del-incendio-de-2012-en-torres-del-paine\/","url":"https:\/\/www.ing.uc.cl\/hidraulica-y-ambiental\/2013\/04\/04\/investigacion-sobre-efectos-del-incendio-de-2012-en-torres-del-paine\/","name":"Investigaci\u00f3n sobre efectos del incendio de 2012 en Torres del Paine - Departamento Ingenier\u00eda Hidr\u00e1ulica y Ambiental","isPartOf":{"@id":"https:\/\/www.ing.uc.cl\/hidraulica-y-ambiental\/#website"},"primaryImageOfPage":{"@id":"https:\/\/www.ing.uc.cl\/hidraulica-y-ambiental\/2013\/04\/04\/investigacion-sobre-efectos-del-incendio-de-2012-en-torres-del-paine\/#primaryimage"},"image":{"@id":"https:\/\/www.ing.uc.cl\/hidraulica-y-ambiental\/2013\/04\/04\/investigacion-sobre-efectos-del-incendio-de-2012-en-torres-del-paine\/#primaryimage"},"thumbnailUrl":"","datePublished":"2013-04-04T16:42:39+00:00","breadcrumb":{"@id":"https:\/\/www.ing.uc.cl\/hidraulica-y-ambiental\/2013\/04\/04\/investigacion-sobre-efectos-del-incendio-de-2012-en-torres-del-paine\/#breadcrumb"},"inLanguage":"es-CL","potentialAction":[{"@type":"ReadAction","target":["https:\/\/www.ing.uc.cl\/hidraulica-y-ambiental\/2013\/04\/04\/investigacion-sobre-efectos-del-incendio-de-2012-en-torres-del-paine\/"]}]},{"@type":"ImageObject","inLanguage":"es-CL","@id":"https:\/\/www.ing.uc.cl\/hidraulica-y-ambiental\/2013\/04\/04\/investigacion-sobre-efectos-del-incendio-de-2012-en-torres-del-paine\/#primaryimage","url":"","contentUrl":""},{"@type":"BreadcrumbList","@id":"https:\/\/www.ing.uc.cl\/hidraulica-y-ambiental\/2013\/04\/04\/investigacion-sobre-efectos-del-incendio-de-2012-en-torres-del-paine\/#breadcrumb","itemListElement":[{"@type":"ListItem","position":1,"name":"Portada","item":"https:\/\/www.ing.uc.cl\/hidraulica-y-ambiental\/"},{"@type":"ListItem","position":2,"name":"Investigaci\u00f3n sobre efectos del incendio de 2012 en Torres del Paine"}]},{"@type":"WebSite","@id":"https:\/\/www.ing.uc.cl\/hidraulica-y-ambiental\/#website","url":"https:\/\/www.ing.uc.cl\/hidraulica-y-ambiental\/","name":"Departamento Ingenier\u00eda Hidr\u00e1ulica y Ambiental","description":"Escuela de Ingenier\u00eda","publisher":{"@id":"https:\/\/www.ing.uc.cl\/hidraulica-y-ambiental\/#organization"},"potentialAction":[{"@type":"SearchAction","target":{"@type":"EntryPoint","urlTemplate":"https:\/\/www.ing.uc.cl\/hidraulica-y-ambiental\/?s={search_term_string}"},"query-input":{"@type":"PropertyValueSpecification","valueRequired":true,"valueName":"search_term_string"}}],"inLanguage":"es-CL"},{"@type":"Organization","@id":"https:\/\/www.ing.uc.cl\/hidraulica-y-ambiental\/#organization","name":"Departamento Ingenier\u00eda Hidr\u00e1ulica y Ambiental","url":"https:\/\/www.ing.uc.cl\/hidraulica-y-ambiental\/","logo":{"@type":"ImageObject","inLanguage":"es-CL","@id":"https:\/\/www.ing.uc.cl\/hidraulica-y-ambiental\/#\/schema\/logo\/image\/","url":"https:\/\/www.ing.uc.cl\/hidraulica-y-ambiental\/wp-content\/uploads\/2025\/05\/cropped-cropped-Favicon.png","contentUrl":"https:\/\/www.ing.uc.cl\/hidraulica-y-ambiental\/wp-content\/uploads\/2025\/05\/cropped-cropped-Favicon.png","width":512,"height":512,"caption":"Departamento Ingenier\u00eda Hidr\u00e1ulica y Ambiental"},"image":{"@id":"https:\/\/www.ing.uc.cl\/hidraulica-y-ambiental\/#\/schema\/logo\/image\/"}},{"@type":"Person","@id":"https:\/\/www.ing.uc.cl\/hidraulica-y-ambiental\/#\/schema\/person\/e566c8a8cac21af9b6089522037e7289","name":"Francisco H","image":{"@type":"ImageObject","inLanguage":"es-CL","@id":"https:\/\/secure.gravatar.com\/avatar\/63233762875caf7cb464abb0c994788b36bb5a903f4b5e6d958a14f57c41e047?s=96&d=mm&r=g","url":"https:\/\/secure.gravatar.com\/avatar\/63233762875caf7cb464abb0c994788b36bb5a903f4b5e6d958a14f57c41e047?s=96&d=mm&r=g","contentUrl":"https:\/\/secure.gravatar.com\/avatar\/63233762875caf7cb464abb0c994788b36bb5a903f4b5e6d958a14f57c41e047?s=96&d=mm&r=g","caption":"Francisco H"},"url":"https:\/\/www.ing.uc.cl\/hidraulica-y-ambiental\/author\/fherreros\/"}]}},"rttpg_featured_image_url":null,"rttpg_author":{"display_name":"Francisco H","author_link":"https:\/\/www.ing.uc.cl\/hidraulica-y-ambiental\/author\/fherreros\/"},"rttpg_comment":0,"rttpg_category":"<a href=\"https:\/\/www.ing.uc.cl\/hidraulica-y-ambiental\/category\/noticias\/\" rel=\"category tag\">Noticias<\/a> <a href=\"https:\/\/www.ing.uc.cl\/hidraulica-y-ambiental\/category\/novedades\/\" rel=\"category tag\">Novedades<\/a>","rttpg_excerpt":"El estudio es liderado por el profesor Carlos Bonilla.","_links":{"self":[{"href":"https:\/\/www.ing.uc.cl\/hidraulica-y-ambiental\/wp-json\/wp\/v2\/posts\/395","targetHints":{"allow":["GET"]}}],"collection":[{"href":"https:\/\/www.ing.uc.cl\/hidraulica-y-ambiental\/wp-json\/wp\/v2\/posts"}],"about":[{"href":"https:\/\/www.ing.uc.cl\/hidraulica-y-ambiental\/wp-json\/wp\/v2\/types\/post"}],"author":[{"embeddable":true,"href":"https:\/\/www.ing.uc.cl\/hidraulica-y-ambiental\/wp-json\/wp\/v2\/users\/4"}],"replies":[{"embeddable":true,"href":"https:\/\/www.ing.uc.cl\/hidraulica-y-ambiental\/wp-json\/wp\/v2\/comments?post=395"}],"version-history":[{"count":0,"href":"https:\/\/www.ing.uc.cl\/hidraulica-y-ambiental\/wp-json\/wp\/v2\/posts\/395\/revisions"}],"wp:featuredmedia":[{"embeddable":true,"href":"https:\/\/www.ing.uc.cl\/hidraulica-y-ambiental\/wp-json\/"}],"wp:attachment":[{"href":"https:\/\/www.ing.uc.cl\/hidraulica-y-ambiental\/wp-json\/wp\/v2\/media?parent=395"}],"wp:term":[{"taxonomy":"category","embeddable":true,"href":"https:\/\/www.ing.uc.cl\/hidraulica-y-ambiental\/wp-json\/wp\/v2\/categories?post=395"},{"taxonomy":"post_tag","embeddable":true,"href":"https:\/\/www.ing.uc.cl\/hidraulica-y-ambiental\/wp-json\/wp\/v2\/tags?post=395"}],"curies":[{"name":"wp","href":"https:\/\/api.w.org\/{rel}","templated":true}]}}