{"id":354724,"date":"2023-06-20T16:58:13","date_gmt":"2023-06-20T20:58:13","guid":{"rendered":"https:\/\/www.ing.uc.cl\/industrial-y-sistemas\/?post_type=post&amp;p=354724"},"modified":"2023-06-20T16:58:13","modified_gmt":"2023-06-20T20:58:13","slug":"arnoldo-hax-legado-y-contribucion-a-la-gestion-estrategica","status":"publish","type":"post","link":"https:\/\/www.ing.uc.cl\/industrial-y-sistemas\/2023\/06\/20\/arnoldo-hax-legado-y-contribucion-a-la-gestion-estrategica\/","title":{"rendered":"Arnoldo Hax: Legado y Contribuci\u00f3n a la Gesti\u00f3n Estrat\u00e9gica"},"content":{"rendered":"<p><em><span style=\"font-weight: 400;\">El mi\u00e9rcoles 14 de junio se realiz\u00f3 el Seminario internacional de Estrategia, donde se reunieron alrededor de 100 personas de manera presencial en torno a la figura de Arnoldo Hax. En este se expuso sobre el <\/span><span style=\"font-weight: 400;\">modelo delta,<\/span><span style=\"font-weight: 400;\"> su continuidad y aporte al pa\u00eds del destacado acad\u00e9mico, que durante dos d\u00e9cadas honr\u00f3 a Chile con su visi\u00f3n sobre estrategia y gesti\u00f3n en las empresas. La jornada estuvo marcada por la emoci\u00f3n y el agradecimiento al gran aporte que dej\u00f3 Arnoldo Hax para el DIIS, la UC y para todo Chile.<\/span><\/em><\/p>\n<p style=\"text-align: right;\">Texto: Carla Benassi Fotos: Carla Benassi<\/p>\n<p><span style=\"font-weight: 400;\">Su historia asociada a la escuela inicia en 1959 cuando fue presidente del Centro de Alumnos de Ingenier\u00eda para un a\u00f1o m\u00e1s tarde, graduarse\u00a0 como el mejor alumno de su promoci\u00f3n.\u00a0 Durante 1963 obtuvo un M\u00e1ster en Ingenier\u00eda Industrial en la Universidad de Michigan y asumi\u00f3 el puesto como director de la Escuela de Ingenier\u00eda, con apenas 26 a\u00f1os, siendo el profesional m\u00e1s joven en llegar a ese cargo. Junto al decano que lo nombr\u00f3 director, Ra\u00fal Dev\u00e9s, impuls\u00f3 uno de los campos universitarios m\u00e1s relevantes de Chile, el Campus San Joaqu\u00edn.<\/span><\/p>\n<p><span style=\"font-weight: 400;\"><img fetchpriority=\"high\" decoding=\"async\" class=\"size-medium wp-image-354725 alignleft\" src=\"https:\/\/www.ing.uc.cl\/industrial-y-sistemas\/wp-content\/uploads\/2023\/06\/2-300x168.png\" alt=\"\" width=\"300\" height=\"168\" srcset=\"https:\/\/www.ing.uc.cl\/industrial-y-sistemas\/wp-content\/uploads\/2023\/06\/2-300x168.png 300w, https:\/\/www.ing.uc.cl\/industrial-y-sistemas\/wp-content\/uploads\/2023\/06\/2-1024x573.png 1024w, https:\/\/www.ing.uc.cl\/industrial-y-sistemas\/wp-content\/uploads\/2023\/06\/2-768x430.png 768w, https:\/\/www.ing.uc.cl\/industrial-y-sistemas\/wp-content\/uploads\/2023\/06\/2.png 1250w\" sizes=\"(max-width: 300px) 100vw, 300px\" \/>Debido a su gran trayectoria e influencia en Ingenier\u00eda UC, este a\u00f1o se realiz\u00f3 en su honor el Seminario Internacional en Estrategia, donde se presentaron lecciones en estrategia y educaci\u00f3n relacionadas a su trabajo y legado. El evento fue organizado por el Departamento de Ingenier\u00eda Industrial y de Sistemas UC, Clase Ejecutiva y el gran amigo del profesor Hax, Nicol\u00e1s Majluf quien mencion\u00f3 \u201cHicimos este seminario para honrar la vida de Arnoldo y la contribuci\u00f3n que ha hecho. No pod\u00edamos hacerlo presencial para todo el mundo y por eso tenemos la transmisi\u00f3n online. Sin embargo, quer\u00edamos tener una parte presencial para algunas personas que son muy queridas de Arnoldo, y que le dan esta calidez, esta atm\u00f3sfera. Este es el mejor homenaje y agradecimiento que podemos hacer, es un acto acad\u00e9mico donde podemos decirle a Arnoldo: te queremos, t\u00fa fuiste nuestro amigo, gracias por todo.\u201d\u00a0<\/span><\/p>\n<p><span style=\"font-weight: 400;\">El seminario fue presentado por el Profesor del DIIS, Juan Carlos Ferrer, e inici\u00f3 con la bienvenida de la Decana de Ingenier\u00eda UC, Loreto Valenzuela, quien destac\u00f3 el aporte de Hax para la universidad con estas palabras: \u201cContribuy\u00f3 a hacer de la UC una instituci\u00f3n mucho m\u00e1s acad\u00e9mica, contrataba personas, las mandaba a estudiar afuera y volv\u00edan a hacer clases, levantando el nivel acad\u00e9mico del profesorado de la escuela (&#8230;) En infraestructura, dirigido por Ra\u00fal Dev\u00e9s, consiguieron recursos para financiar el edificio de ingenier\u00eda en el nuevo campus San Joaqu\u00edn, adem\u00e1s hicieron cambios en el curr\u00edculum de anual a semestral y se elimin\u00f3 la pr\u00e1ctica de que al\u00a0 repetir un curso, se repet\u00eda el a\u00f1o completo\u201d.\u00a0\u00a0<\/span><\/p>\n<p><span style=\"font-weight: 400;\">Adem\u00e1s<\/span><span style=\"font-weight: 400;\"> se refiri\u00f3 a su influencia en el \u00e1mbito educativo, \u201cArnoldo Hax se distingue por su capacidad para inspirar y guiar a las futuras generaciones de ingenieros y l\u00edderes empresariales. Su legado no solo reside en las teor\u00edas y enfoques, sino tambi\u00e9n en su compromiso por la excelencia y en su capacidad para transmitir conocimientos de manera accesible y pr\u00e1ctica\u201d, <\/span><span style=\"font-weight: 400;\">destac\u00f3 la Decana.<\/span><\/p>\n<p><span style=\"font-weight: 400;\">Las lecciones en estrategia y educaci\u00f3n, fueron encabezadas por la presentaci\u00f3n de la Profesora Fernanda Ram\u00edrez llamada \u201cEl desaf\u00edo estrat\u00e9gico de la educaci\u00f3n en Chile \u00bfQu\u00e9 le preocupar\u00eda hoy a Arnoldo Hax?\u201d. Un tema esencial en su vida, ya que Hax constantemente critic\u00f3 el modelo educativo chileno, <\/span><span style=\"font-weight: 400;\">enfatizando<\/span><span style=\"font-weight: 400;\"> que el futuro de una persona no puede depender del resultado de una prueba.\u00a0 Asimismo, Nicol\u00e1s Majluf, hizo un recorrido por el trabajo del <\/span><span style=\"font-weight: 400;\">acad\u00e9mico<\/span><span style=\"font-weight: 400;\"> en su exposici\u00f3n \u201cCuarenta a\u00f1os de Arnoldo Hax: Lecciones en estrategia\u201d, presentaci\u00f3n en la cual record\u00f3 c\u00f3mo fue trabajar juntos, el proceso de escribir sus libros y c\u00f3mo se forj\u00f3 una gran amistad.<\/span><\/p>\n<p><img decoding=\"async\" class=\"size-medium wp-image-354735 alignright\" src=\"https:\/\/www.ing.uc.cl\/industrial-y-sistemas\/wp-content\/uploads\/2023\/06\/portadas-notas-pag-web-1-1-300x168.png\" alt=\"\" width=\"300\" height=\"168\" srcset=\"https:\/\/www.ing.uc.cl\/industrial-y-sistemas\/wp-content\/uploads\/2023\/06\/portadas-notas-pag-web-1-1-300x168.png 300w, https:\/\/www.ing.uc.cl\/industrial-y-sistemas\/wp-content\/uploads\/2023\/06\/portadas-notas-pag-web-1-1-1024x573.png 1024w, https:\/\/www.ing.uc.cl\/industrial-y-sistemas\/wp-content\/uploads\/2023\/06\/portadas-notas-pag-web-1-1-768x430.png 768w, https:\/\/www.ing.uc.cl\/industrial-y-sistemas\/wp-content\/uploads\/2023\/06\/portadas-notas-pag-web-1-1.png 1250w\" sizes=\"(max-width: 300px) 100vw, 300px\" \/><\/p>\n<p><span style=\"font-weight: 400;\">Finalmente, el Profesor Tom\u00e1s Reyes, Director del DIIS UC, dedic\u00f3 <\/span><span style=\"font-weight: 400;\">unas<\/span><span style=\"font-weight: 400;\"> palabras de cierre y posteriormente\u00a0<\/span>coment\u00f3 su percepci\u00f3n de la ceremonia \u201cEl seminario fue un tremendo aporte al reconocer de esta forma y celebrar la vida de Arnoldo con este evento acad\u00e9mico, donde pudimos escuchar de forma muy directa y de gente muy cercana a \u00e9l, todo lo que ha sido su legado, lo importante que ha sido para el departamento, para la escuela, la universidad y en cierto sentido para el pa\u00eds\u201d.<\/p>\n<p><span style=\"font-weight: 400;\">Al evento asistieron figuras importantes en la vida profesional de Arnoldo Hax como el Rector de la Pontificia Universidad Cat\u00f3lica de Chile, Ignacio S\u00e1nchez D\u00edaz, y la Rectora de <\/span><span style=\"font-weight: 400;\">la<\/span><span style=\"font-weight: 400;\"> Universidad de Chile e hija de Ra\u00fal Dev\u00e9s, Rosa Dev\u00e9s, quien destac\u00f3 que \u201cFue un seminario que estuvo rodeado de amor, de un tremendo cari\u00f1o y admiraci\u00f3n acad\u00e9mica y tambi\u00e9n un cari\u00f1o personal muy profundo. Todos quienes describieron las distintas estrategias y tambi\u00e9n la educaci\u00f3n, fueron tocados de alguna manera por la vida de Arnoldo Hax. Es un seminario lleno de contenido, emoci\u00f3n y con una ense\u00f1anza muy grande sobre c\u00f3mo ser un buen profesor, un profesor que marca caminos, que cambia la vida de sus estudiantes. Ha sido muy hermoso participar.\u201d<\/span><\/p>\n<p><span style=\"font-weight: 400;\">El 24 de abril del presente a\u00f1o, falleci\u00f3 Arnoldo Hax Ingeniero UC, creador del influyente modelo Delta, exdirector de la Escuela de Ingenier\u00eda, nombrado por su alma mater doctor honoris causa y profesor em\u00e9rito. En EE.UU., en tanto, lleg\u00f3 a ser profesor de la Universidad de Harvard y del MIT. En esta \u00faltima instituci\u00f3n fue vicedecano de la Sloan School of Management.<\/span><\/p>\n","protected":false},"excerpt":{"rendered":"<p>El mi\u00e9rcoles 14 de junio se realiz\u00f3 el Seminario internacional de Estrategia, donde se reunieron alrededor de 100 personas de manera presencial en torno a la figura de Arnoldo Hax. En este se expuso sobre el modelo delta, su continuidad y aporte al pa\u00eds del destacado acad\u00e9mico, que durante dos d\u00e9cadas honr\u00f3 a Chile con su visi\u00f3n sobre estrategia y gesti\u00f3n en las empresas. La jornada estuvo marcada por la emoci\u00f3n y el agradecimiento al gran aporte que dej\u00f3 Arnoldo Hax para el DIIS, la UC y para todo Chile. Texto: Carla Benassi Fotos: Carla Benassi Su historia asociada a la escuela inicia en 1959 cuando fue presidente del Centro de Alumnos de Ingenier\u00eda para un a\u00f1o m\u00e1s tarde, graduarse\u00a0 como el mejor alumno de su promoci\u00f3n.\u00a0 Durante 1963 obtuvo un M\u00e1ster en Ingenier\u00eda Industrial en la Universidad de Michigan y asumi\u00f3 el puesto como director de la Escuela de Ingenier\u00eda, con apenas 26 a\u00f1os, siendo el profesional m\u00e1s joven en llegar a ese cargo. Junto al decano que lo nombr\u00f3 director, Ra\u00fal Dev\u00e9s, impuls\u00f3 uno de los campos universitarios m\u00e1s relevantes de Chile, el Campus San Joaqu\u00edn. Debido a su gran trayectoria e influencia en Ingenier\u00eda UC, este a\u00f1o se realiz\u00f3 en su honor el Seminario Internacional en Estrategia, donde se presentaron lecciones en estrategia y educaci\u00f3n relacionadas a su trabajo y legado. El evento fue organizado por el Departamento de Ingenier\u00eda Industrial y de Sistemas UC, Clase Ejecutiva y el gran amigo del profesor Hax, Nicol\u00e1s Majluf quien mencion\u00f3 \u201cHicimos este seminario para honrar la vida de Arnoldo y la contribuci\u00f3n que ha hecho. No pod\u00edamos hacerlo presencial para todo el mundo y por eso tenemos la transmisi\u00f3n online. Sin embargo, quer\u00edamos tener una parte presencial para algunas personas que son muy queridas de Arnoldo, y que le dan esta calidez, esta atm\u00f3sfera. Este es el mejor homenaje y agradecimiento que podemos hacer, es un acto acad\u00e9mico donde podemos decirle a Arnoldo: te queremos, t\u00fa fuiste nuestro amigo, gracias por todo.\u201d\u00a0 El seminario fue presentado por el Profesor del DIIS, Juan Carlos Ferrer, e inici\u00f3 con la bienvenida de la Decana de Ingenier\u00eda UC, Loreto Valenzuela, quien destac\u00f3 el aporte de Hax para la universidad con estas palabras: \u201cContribuy\u00f3 a hacer de la UC una instituci\u00f3n mucho m\u00e1s acad\u00e9mica, contrataba personas, las mandaba a estudiar afuera y volv\u00edan a hacer clases, levantando el nivel acad\u00e9mico del profesorado de la escuela (&#8230;) En infraestructura, dirigido por Ra\u00fal Dev\u00e9s, consiguieron recursos para financiar el edificio de ingenier\u00eda en el nuevo campus San Joaqu\u00edn, adem\u00e1s hicieron cambios en el curr\u00edculum de anual a semestral y se elimin\u00f3 la pr\u00e1ctica de que al\u00a0 repetir un curso, se repet\u00eda el a\u00f1o completo\u201d.\u00a0\u00a0 Adem\u00e1s se refiri\u00f3 a su influencia en el \u00e1mbito educativo, \u201cArnoldo Hax se distingue por su capacidad para inspirar y guiar a las futuras generaciones de ingenieros y l\u00edderes empresariales. Su legado no solo reside en las teor\u00edas y enfoques, sino tambi\u00e9n en su compromiso por la excelencia y en su capacidad para transmitir conocimientos de manera accesible y pr\u00e1ctica\u201d, destac\u00f3 la Decana. Las lecciones en estrategia y educaci\u00f3n, fueron encabezadas por la presentaci\u00f3n de la Profesora Fernanda Ram\u00edrez llamada \u201cEl desaf\u00edo estrat\u00e9gico de la educaci\u00f3n en Chile \u00bfQu\u00e9 le preocupar\u00eda hoy a Arnoldo Hax?\u201d. Un tema esencial en su vida, ya que Hax constantemente critic\u00f3 el modelo educativo chileno, enfatizando que el futuro de una persona no puede depender del resultado de una prueba.\u00a0 Asimismo, Nicol\u00e1s Majluf, hizo un recorrido por el trabajo del acad\u00e9mico en su exposici\u00f3n \u201cCuarenta a\u00f1os de Arnoldo Hax: Lecciones en estrategia\u201d, presentaci\u00f3n en la cual record\u00f3 c\u00f3mo fue trabajar juntos, el proceso de escribir sus libros y c\u00f3mo se forj\u00f3 una gran amistad. Finalmente, el Profesor Tom\u00e1s Reyes, Director del DIIS UC, dedic\u00f3 unas palabras de cierre y posteriormente\u00a0coment\u00f3 su percepci\u00f3n de la ceremonia \u201cEl seminario fue un tremendo aporte al reconocer de esta forma y celebrar la vida de Arnoldo con este evento acad\u00e9mico, donde pudimos escuchar de forma muy directa y de gente muy cercana a \u00e9l, todo lo que ha sido su legado, lo importante que ha sido para el departamento, para la escuela, la universidad y en cierto sentido para el pa\u00eds\u201d. Al evento asistieron figuras importantes en la vida profesional de Arnoldo Hax como el Rector de la Pontificia Universidad Cat\u00f3lica de Chile, Ignacio S\u00e1nchez D\u00edaz, y la Rectora de la Universidad de Chile e hija de Ra\u00fal Dev\u00e9s, Rosa Dev\u00e9s, quien destac\u00f3 que \u201cFue un seminario que estuvo rodeado de amor, de un tremendo cari\u00f1o y admiraci\u00f3n acad\u00e9mica y tambi\u00e9n un cari\u00f1o personal muy profundo. Todos quienes describieron las distintas estrategias y tambi\u00e9n la educaci\u00f3n, fueron tocados de alguna manera por la vida de Arnoldo Hax. Es un seminario lleno de contenido, emoci\u00f3n y con una ense\u00f1anza muy grande sobre c\u00f3mo ser un buen profesor, un profesor que marca caminos, que cambia la vida de sus estudiantes. Ha sido muy hermoso participar.\u201d El 24 de abril del presente a\u00f1o, falleci\u00f3 Arnoldo Hax Ingeniero UC, creador del influyente modelo Delta, exdirector de la Escuela de Ingenier\u00eda, nombrado por su alma mater doctor honoris causa y profesor em\u00e9rito. En EE.UU., en tanto, lleg\u00f3 a ser profesor de la Universidad de Harvard y del MIT. En esta \u00faltima instituci\u00f3n fue vicedecano de la Sloan School of Management.<\/p>\n","protected":false},"author":4,"featured_media":354727,"comment_status":"closed","ping_status":"closed","sticky":false,"template":"","format":"standard","meta":{"site-sidebar-layout":"default","site-content-layout":"","ast-site-content-layout":"default","site-content-style":"default","site-sidebar-style":"default","ast-global-header-display":"","ast-banner-title-visibility":"","ast-main-header-display":"","ast-hfb-above-header-display":"","ast-hfb-below-header-display":"","ast-hfb-mobile-header-display":"","site-post-title":"","ast-breadcrumbs-content":"","ast-featured-img":"","footer-sml-layout":"","ast-disable-related-posts":"","theme-transparent-header-meta":"","adv-header-id-meta":"","stick-header-meta":"","header-above-stick-meta":"","header-main-stick-meta":"","header-below-stick-meta":"","astra-migrate-meta-layouts":"default","ast-page-background-enabled":"default","ast-page-background-meta":{"desktop":{"background-color":"","background-image":"","background-repeat":"repeat","background-position":"center center","background-size":"auto","background-attachment":"scroll","background-type":"","background-media":"","overlay-type":"","overlay-color":"","overlay-opacity":"","overlay-gradient":""},"tablet":{"background-color":"","background-image":"","background-repeat":"repeat","background-position":"center center","background-size":"auto","background-attachment":"scroll","background-type":"","background-media":"","overlay-type":"","overlay-color":"","overlay-opacity":"","overlay-gradient":""},"mobile":{"background-color":"","background-image":"","background-repeat":"repeat","background-position":"center center","background-size":"auto","background-attachment":"scroll","background-type":"","background-media":"","overlay-type":"","overlay-color":"","overlay-opacity":"","overlay-gradient":""}},"ast-content-background-meta":{"desktop":{"background-color":"var(--ast-global-color-5)","background-image":"","background-repeat":"repeat","background-position":"center center","background-size":"auto","background-attachment":"scroll","background-type":"","background-media":"","overlay-type":"","overlay-color":"","overlay-opacity":"","overlay-gradient":""},"tablet":{"background-color":"var(--ast-global-color-5)","background-image":"","background-repeat":"repeat","background-position":"center center","background-size":"auto","background-attachment":"scroll","background-type":"","background-media":"","overlay-type":"","overlay-color":"","overlay-opacity":"","overlay-gradient":""},"mobile":{"background-color":"var(--ast-global-color-5)","background-image":"","background-repeat":"repeat","background-position":"center center","background-size":"auto","background-attachment":"scroll","background-type":"","background-media":"","overlay-type":"","overlay-color":"","overlay-opacity":"","overlay-gradient":""}},"footnotes":""},"categories":[1],"tags":[],"class_list":["post-354724","post","type-post","status-publish","format-standard","has-post-thumbnail","hentry","category-sin-categoria"],"yoast_head":"<!-- This site is optimized with the Yoast SEO plugin v26.9 - https:\/\/yoast.com\/product\/yoast-seo-wordpress\/ -->\n<title>Arnoldo Hax: Legado y Contribuci\u00f3n a la Gesti\u00f3n Estrat\u00e9gica - Departamento de Ingenier\u00eda Industrial y de Sistemas<\/title>\n<meta name=\"robots\" content=\"index, follow, max-snippet:-1, max-image-preview:large, max-video-preview:-1\" \/>\n<link rel=\"canonical\" href=\"https:\/\/www.ing.uc.cl\/industrial-y-sistemas\/2023\/06\/20\/arnoldo-hax-legado-y-contribucion-a-la-gestion-estrategica\/\" \/>\n<meta property=\"og:locale\" content=\"es_ES\" \/>\n<meta property=\"og:type\" content=\"article\" \/>\n<meta property=\"og:title\" content=\"Arnoldo Hax: Legado y Contribuci\u00f3n a la Gesti\u00f3n Estrat\u00e9gica - Departamento de Ingenier\u00eda Industrial y de Sistemas\" \/>\n<meta property=\"og:description\" content=\"El mi\u00e9rcoles 14 de junio se realiz\u00f3 el Seminario internacional de Estrategia, donde se reunieron alrededor de 100 personas de manera presencial en torno a la figura de Arnoldo Hax. En este se expuso sobre el modelo delta, su continuidad y aporte al pa\u00eds del destacado acad\u00e9mico, que durante dos d\u00e9cadas honr\u00f3 a Chile con su visi\u00f3n sobre estrategia y gesti\u00f3n en las empresas. La jornada estuvo marcada por la emoci\u00f3n y el agradecimiento al gran aporte que dej\u00f3 Arnoldo Hax para el DIIS, la UC y para todo Chile. Texto: Carla Benassi Fotos: Carla Benassi Su historia asociada a la escuela inicia en 1959 cuando fue presidente del Centro de Alumnos de Ingenier\u00eda para un a\u00f1o m\u00e1s tarde, graduarse\u00a0 como el mejor alumno de su promoci\u00f3n.\u00a0 Durante 1963 obtuvo un M\u00e1ster en Ingenier\u00eda Industrial en la Universidad de Michigan y asumi\u00f3 el puesto como director de la Escuela de Ingenier\u00eda, con apenas 26 a\u00f1os, siendo el profesional m\u00e1s joven en llegar a ese cargo. Junto al decano que lo nombr\u00f3 director, Ra\u00fal Dev\u00e9s, impuls\u00f3 uno de los campos universitarios m\u00e1s relevantes de Chile, el Campus San Joaqu\u00edn. Debido a su gran trayectoria e influencia en Ingenier\u00eda UC, este a\u00f1o se realiz\u00f3 en su honor el Seminario Internacional en Estrategia, donde se presentaron lecciones en estrategia y educaci\u00f3n relacionadas a su trabajo y legado. El evento fue organizado por el Departamento de Ingenier\u00eda Industrial y de Sistemas UC, Clase Ejecutiva y el gran amigo del profesor Hax, Nicol\u00e1s Majluf quien mencion\u00f3 \u201cHicimos este seminario para honrar la vida de Arnoldo y la contribuci\u00f3n que ha hecho. No pod\u00edamos hacerlo presencial para todo el mundo y por eso tenemos la transmisi\u00f3n online. Sin embargo, quer\u00edamos tener una parte presencial para algunas personas que son muy queridas de Arnoldo, y que le dan esta calidez, esta atm\u00f3sfera. Este es el mejor homenaje y agradecimiento que podemos hacer, es un acto acad\u00e9mico donde podemos decirle a Arnoldo: te queremos, t\u00fa fuiste nuestro amigo, gracias por todo.\u201d\u00a0 El seminario fue presentado por el Profesor del DIIS, Juan Carlos Ferrer, e inici\u00f3 con la bienvenida de la Decana de Ingenier\u00eda UC, Loreto Valenzuela, quien destac\u00f3 el aporte de Hax para la universidad con estas palabras: \u201cContribuy\u00f3 a hacer de la UC una instituci\u00f3n mucho m\u00e1s acad\u00e9mica, contrataba personas, las mandaba a estudiar afuera y volv\u00edan a hacer clases, levantando el nivel acad\u00e9mico del profesorado de la escuela (&#8230;) En infraestructura, dirigido por Ra\u00fal Dev\u00e9s, consiguieron recursos para financiar el edificio de ingenier\u00eda en el nuevo campus San Joaqu\u00edn, adem\u00e1s hicieron cambios en el curr\u00edculum de anual a semestral y se elimin\u00f3 la pr\u00e1ctica de que al\u00a0 repetir un curso, se repet\u00eda el a\u00f1o completo\u201d.\u00a0\u00a0 Adem\u00e1s se refiri\u00f3 a su influencia en el \u00e1mbito educativo, \u201cArnoldo Hax se distingue por su capacidad para inspirar y guiar a las futuras generaciones de ingenieros y l\u00edderes empresariales. Su legado no solo reside en las teor\u00edas y enfoques, sino tambi\u00e9n en su compromiso por la excelencia y en su capacidad para transmitir conocimientos de manera accesible y pr\u00e1ctica\u201d, destac\u00f3 la Decana. Las lecciones en estrategia y educaci\u00f3n, fueron encabezadas por la presentaci\u00f3n de la Profesora Fernanda Ram\u00edrez llamada \u201cEl desaf\u00edo estrat\u00e9gico de la educaci\u00f3n en Chile \u00bfQu\u00e9 le preocupar\u00eda hoy a Arnoldo Hax?\u201d. Un tema esencial en su vida, ya que Hax constantemente critic\u00f3 el modelo educativo chileno, enfatizando que el futuro de una persona no puede depender del resultado de una prueba.\u00a0 Asimismo, Nicol\u00e1s Majluf, hizo un recorrido por el trabajo del acad\u00e9mico en su exposici\u00f3n \u201cCuarenta a\u00f1os de Arnoldo Hax: Lecciones en estrategia\u201d, presentaci\u00f3n en la cual record\u00f3 c\u00f3mo fue trabajar juntos, el proceso de escribir sus libros y c\u00f3mo se forj\u00f3 una gran amistad. Finalmente, el Profesor Tom\u00e1s Reyes, Director del DIIS UC, dedic\u00f3 unas palabras de cierre y posteriormente\u00a0coment\u00f3 su percepci\u00f3n de la ceremonia \u201cEl seminario fue un tremendo aporte al reconocer de esta forma y celebrar la vida de Arnoldo con este evento acad\u00e9mico, donde pudimos escuchar de forma muy directa y de gente muy cercana a \u00e9l, todo lo que ha sido su legado, lo importante que ha sido para el departamento, para la escuela, la universidad y en cierto sentido para el pa\u00eds\u201d. Al evento asistieron figuras importantes en la vida profesional de Arnoldo Hax como el Rector de la Pontificia Universidad Cat\u00f3lica de Chile, Ignacio S\u00e1nchez D\u00edaz, y la Rectora de la Universidad de Chile e hija de Ra\u00fal Dev\u00e9s, Rosa Dev\u00e9s, quien destac\u00f3 que \u201cFue un seminario que estuvo rodeado de amor, de un tremendo cari\u00f1o y admiraci\u00f3n acad\u00e9mica y tambi\u00e9n un cari\u00f1o personal muy profundo. Todos quienes describieron las distintas estrategias y tambi\u00e9n la educaci\u00f3n, fueron tocados de alguna manera por la vida de Arnoldo Hax. Es un seminario lleno de contenido, emoci\u00f3n y con una ense\u00f1anza muy grande sobre c\u00f3mo ser un buen profesor, un profesor que marca caminos, que cambia la vida de sus estudiantes. Ha sido muy hermoso participar.\u201d El 24 de abril del presente a\u00f1o, falleci\u00f3 Arnoldo Hax Ingeniero UC, creador del influyente modelo Delta, exdirector de la Escuela de Ingenier\u00eda, nombrado por su alma mater doctor honoris causa y profesor em\u00e9rito. En EE.UU., en tanto, lleg\u00f3 a ser profesor de la Universidad de Harvard y del MIT. En esta \u00faltima instituci\u00f3n fue vicedecano de la Sloan School of Management.\" \/>\n<meta property=\"og:url\" content=\"https:\/\/www.ing.uc.cl\/industrial-y-sistemas\/2023\/06\/20\/arnoldo-hax-legado-y-contribucion-a-la-gestion-estrategica\/\" \/>\n<meta property=\"og:site_name\" content=\"Departamento de Ingenier\u00eda Industrial y de Sistemas\" \/>\n<meta property=\"article:published_time\" content=\"2023-06-20T20:58:13+00:00\" \/>\n<meta property=\"og:image\" content=\"https:\/\/www.ing.uc.cl\/industrial-y-sistemas\/wp-content\/uploads\/2023\/06\/1.png\" \/>\n\t<meta property=\"og:image:width\" content=\"1250\" \/>\n\t<meta property=\"og:image:height\" content=\"700\" \/>\n\t<meta property=\"og:image:type\" content=\"image\/png\" \/>\n<meta name=\"author\" content=\"Francisco H\" \/>\n<meta name=\"twitter:card\" content=\"summary_large_image\" \/>\n<meta name=\"twitter:label1\" content=\"Escrito por\" \/>\n\t<meta name=\"twitter:data1\" content=\"Francisco H\" \/>\n\t<meta name=\"twitter:label2\" content=\"Tiempo estimado de lectura\" \/>\n\t<meta name=\"twitter:data2\" content=\"5 minutos\" \/>\n<script type=\"application\/ld+json\" class=\"yoast-schema-graph\">{\"@context\":\"https:\/\/schema.org\",\"@graph\":[{\"@type\":\"Article\",\"@id\":\"https:\/\/www.ing.uc.cl\/industrial-y-sistemas\/2023\/06\/20\/arnoldo-hax-legado-y-contribucion-a-la-gestion-estrategica\/#article\",\"isPartOf\":{\"@id\":\"https:\/\/www.ing.uc.cl\/industrial-y-sistemas\/2023\/06\/20\/arnoldo-hax-legado-y-contribucion-a-la-gestion-estrategica\/\"},\"author\":{\"name\":\"Francisco H\",\"@id\":\"https:\/\/www.ing.uc.cl\/industrial-y-sistemas\/#\/schema\/person\/721a1ef791962c4167b0dad3ee596283\"},\"headline\":\"Arnoldo Hax: Legado y Contribuci\u00f3n a la Gesti\u00f3n Estrat\u00e9gica\",\"datePublished\":\"2023-06-20T20:58:13+00:00\",\"mainEntityOfPage\":{\"@id\":\"https:\/\/www.ing.uc.cl\/industrial-y-sistemas\/2023\/06\/20\/arnoldo-hax-legado-y-contribucion-a-la-gestion-estrategica\/\"},\"wordCount\":981,\"publisher\":{\"@id\":\"https:\/\/www.ing.uc.cl\/industrial-y-sistemas\/#organization\"},\"image\":{\"@id\":\"https:\/\/www.ing.uc.cl\/industrial-y-sistemas\/2023\/06\/20\/arnoldo-hax-legado-y-contribucion-a-la-gestion-estrategica\/#primaryimage\"},\"thumbnailUrl\":\"https:\/\/www.ing.uc.cl\/industrial-y-sistemas\/wp-content\/uploads\/2023\/06\/1.png\",\"inLanguage\":\"es-CL\"},{\"@type\":\"WebPage\",\"@id\":\"https:\/\/www.ing.uc.cl\/industrial-y-sistemas\/2023\/06\/20\/arnoldo-hax-legado-y-contribucion-a-la-gestion-estrategica\/\",\"url\":\"https:\/\/www.ing.uc.cl\/industrial-y-sistemas\/2023\/06\/20\/arnoldo-hax-legado-y-contribucion-a-la-gestion-estrategica\/\",\"name\":\"Arnoldo Hax: Legado y Contribuci\u00f3n a la Gesti\u00f3n Estrat\u00e9gica - Departamento de Ingenier\u00eda Industrial y de Sistemas\",\"isPartOf\":{\"@id\":\"https:\/\/www.ing.uc.cl\/industrial-y-sistemas\/#website\"},\"primaryImageOfPage\":{\"@id\":\"https:\/\/www.ing.uc.cl\/industrial-y-sistemas\/2023\/06\/20\/arnoldo-hax-legado-y-contribucion-a-la-gestion-estrategica\/#primaryimage\"},\"image\":{\"@id\":\"https:\/\/www.ing.uc.cl\/industrial-y-sistemas\/2023\/06\/20\/arnoldo-hax-legado-y-contribucion-a-la-gestion-estrategica\/#primaryimage\"},\"thumbnailUrl\":\"https:\/\/www.ing.uc.cl\/industrial-y-sistemas\/wp-content\/uploads\/2023\/06\/1.png\",\"datePublished\":\"2023-06-20T20:58:13+00:00\",\"breadcrumb\":{\"@id\":\"https:\/\/www.ing.uc.cl\/industrial-y-sistemas\/2023\/06\/20\/arnoldo-hax-legado-y-contribucion-a-la-gestion-estrategica\/#breadcrumb\"},\"inLanguage\":\"es-CL\",\"potentialAction\":[{\"@type\":\"ReadAction\",\"target\":[\"https:\/\/www.ing.uc.cl\/industrial-y-sistemas\/2023\/06\/20\/arnoldo-hax-legado-y-contribucion-a-la-gestion-estrategica\/\"]}]},{\"@type\":\"ImageObject\",\"inLanguage\":\"es-CL\",\"@id\":\"https:\/\/www.ing.uc.cl\/industrial-y-sistemas\/2023\/06\/20\/arnoldo-hax-legado-y-contribucion-a-la-gestion-estrategica\/#primaryimage\",\"url\":\"https:\/\/www.ing.uc.cl\/industrial-y-sistemas\/wp-content\/uploads\/2023\/06\/1.png\",\"contentUrl\":\"https:\/\/www.ing.uc.cl\/industrial-y-sistemas\/wp-content\/uploads\/2023\/06\/1.png\",\"width\":1250,\"height\":700},{\"@type\":\"BreadcrumbList\",\"@id\":\"https:\/\/www.ing.uc.cl\/industrial-y-sistemas\/2023\/06\/20\/arnoldo-hax-legado-y-contribucion-a-la-gestion-estrategica\/#breadcrumb\",\"itemListElement\":[{\"@type\":\"ListItem\",\"position\":1,\"name\":\"Portada\",\"item\":\"https:\/\/www.ing.uc.cl\/industrial-y-sistemas\/\"},{\"@type\":\"ListItem\",\"position\":2,\"name\":\"Arnoldo Hax: Legado y Contribuci\u00f3n a la Gesti\u00f3n Estrat\u00e9gica\"}]},{\"@type\":\"WebSite\",\"@id\":\"https:\/\/www.ing.uc.cl\/industrial-y-sistemas\/#website\",\"url\":\"https:\/\/www.ing.uc.cl\/industrial-y-sistemas\/\",\"name\":\"Departamento de Ingenier\u00eda Industrial y de Sistemas\",\"description\":\"Escuela de Ingenier\u00eda\",\"publisher\":{\"@id\":\"https:\/\/www.ing.uc.cl\/industrial-y-sistemas\/#organization\"},\"potentialAction\":[{\"@type\":\"SearchAction\",\"target\":{\"@type\":\"EntryPoint\",\"urlTemplate\":\"https:\/\/www.ing.uc.cl\/industrial-y-sistemas\/?s={search_term_string}\"},\"query-input\":{\"@type\":\"PropertyValueSpecification\",\"valueRequired\":true,\"valueName\":\"search_term_string\"}}],\"inLanguage\":\"es-CL\"},{\"@type\":\"Organization\",\"@id\":\"https:\/\/www.ing.uc.cl\/industrial-y-sistemas\/#organization\",\"name\":\"Departamento de Ingenier\u00eda Industrial y de Sistemas\",\"url\":\"https:\/\/www.ing.uc.cl\/industrial-y-sistemas\/\",\"logo\":{\"@type\":\"ImageObject\",\"inLanguage\":\"es-CL\",\"@id\":\"https:\/\/www.ing.uc.cl\/industrial-y-sistemas\/#\/schema\/logo\/image\/\",\"url\":\"https:\/\/www.ing.uc.cl\/industrial-y-sistemas\/wp-content\/uploads\/2023\/11\/cropped-UC-P2727-01.png\",\"contentUrl\":\"https:\/\/www.ing.uc.cl\/industrial-y-sistemas\/wp-content\/uploads\/2023\/11\/cropped-UC-P2727-01.png\",\"width\":307,\"height\":414,\"caption\":\"Departamento de Ingenier\u00eda Industrial y de Sistemas\"},\"image\":{\"@id\":\"https:\/\/www.ing.uc.cl\/industrial-y-sistemas\/#\/schema\/logo\/image\/\"}},{\"@type\":\"Person\",\"@id\":\"https:\/\/www.ing.uc.cl\/industrial-y-sistemas\/#\/schema\/person\/721a1ef791962c4167b0dad3ee596283\",\"name\":\"Francisco H\",\"image\":{\"@type\":\"ImageObject\",\"inLanguage\":\"es-CL\",\"@id\":\"https:\/\/www.ing.uc.cl\/industrial-y-sistemas\/#\/schema\/person\/image\/\",\"url\":\"https:\/\/secure.gravatar.com\/avatar\/63233762875caf7cb464abb0c994788b36bb5a903f4b5e6d958a14f57c41e047?s=96&d=mm&r=g\",\"contentUrl\":\"https:\/\/secure.gravatar.com\/avatar\/63233762875caf7cb464abb0c994788b36bb5a903f4b5e6d958a14f57c41e047?s=96&d=mm&r=g\",\"caption\":\"Francisco H\"},\"url\":\"https:\/\/www.ing.uc.cl\/industrial-y-sistemas\/author\/fherreros\/\"}]}<\/script>\n<!-- \/ Yoast SEO plugin. -->","yoast_head_json":{"title":"Arnoldo Hax: Legado y Contribuci\u00f3n a la Gesti\u00f3n Estrat\u00e9gica - Departamento de Ingenier\u00eda Industrial y de Sistemas","robots":{"index":"index","follow":"follow","max-snippet":"max-snippet:-1","max-image-preview":"max-image-preview:large","max-video-preview":"max-video-preview:-1"},"canonical":"https:\/\/www.ing.uc.cl\/industrial-y-sistemas\/2023\/06\/20\/arnoldo-hax-legado-y-contribucion-a-la-gestion-estrategica\/","og_locale":"es_ES","og_type":"article","og_title":"Arnoldo Hax: Legado y Contribuci\u00f3n a la Gesti\u00f3n Estrat\u00e9gica - Departamento de Ingenier\u00eda Industrial y de Sistemas","og_description":"El mi\u00e9rcoles 14 de junio se realiz\u00f3 el Seminario internacional de Estrategia, donde se reunieron alrededor de 100 personas de manera presencial en torno a la figura de Arnoldo Hax. En este se expuso sobre el modelo delta, su continuidad y aporte al pa\u00eds del destacado acad\u00e9mico, que durante dos d\u00e9cadas honr\u00f3 a Chile con su visi\u00f3n sobre estrategia y gesti\u00f3n en las empresas. La jornada estuvo marcada por la emoci\u00f3n y el agradecimiento al gran aporte que dej\u00f3 Arnoldo Hax para el DIIS, la UC y para todo Chile. Texto: Carla Benassi Fotos: Carla Benassi Su historia asociada a la escuela inicia en 1959 cuando fue presidente del Centro de Alumnos de Ingenier\u00eda para un a\u00f1o m\u00e1s tarde, graduarse\u00a0 como el mejor alumno de su promoci\u00f3n.\u00a0 Durante 1963 obtuvo un M\u00e1ster en Ingenier\u00eda Industrial en la Universidad de Michigan y asumi\u00f3 el puesto como director de la Escuela de Ingenier\u00eda, con apenas 26 a\u00f1os, siendo el profesional m\u00e1s joven en llegar a ese cargo. Junto al decano que lo nombr\u00f3 director, Ra\u00fal Dev\u00e9s, impuls\u00f3 uno de los campos universitarios m\u00e1s relevantes de Chile, el Campus San Joaqu\u00edn. Debido a su gran trayectoria e influencia en Ingenier\u00eda UC, este a\u00f1o se realiz\u00f3 en su honor el Seminario Internacional en Estrategia, donde se presentaron lecciones en estrategia y educaci\u00f3n relacionadas a su trabajo y legado. El evento fue organizado por el Departamento de Ingenier\u00eda Industrial y de Sistemas UC, Clase Ejecutiva y el gran amigo del profesor Hax, Nicol\u00e1s Majluf quien mencion\u00f3 \u201cHicimos este seminario para honrar la vida de Arnoldo y la contribuci\u00f3n que ha hecho. No pod\u00edamos hacerlo presencial para todo el mundo y por eso tenemos la transmisi\u00f3n online. Sin embargo, quer\u00edamos tener una parte presencial para algunas personas que son muy queridas de Arnoldo, y que le dan esta calidez, esta atm\u00f3sfera. Este es el mejor homenaje y agradecimiento que podemos hacer, es un acto acad\u00e9mico donde podemos decirle a Arnoldo: te queremos, t\u00fa fuiste nuestro amigo, gracias por todo.\u201d\u00a0 El seminario fue presentado por el Profesor del DIIS, Juan Carlos Ferrer, e inici\u00f3 con la bienvenida de la Decana de Ingenier\u00eda UC, Loreto Valenzuela, quien destac\u00f3 el aporte de Hax para la universidad con estas palabras: \u201cContribuy\u00f3 a hacer de la UC una instituci\u00f3n mucho m\u00e1s acad\u00e9mica, contrataba personas, las mandaba a estudiar afuera y volv\u00edan a hacer clases, levantando el nivel acad\u00e9mico del profesorado de la escuela (&#8230;) En infraestructura, dirigido por Ra\u00fal Dev\u00e9s, consiguieron recursos para financiar el edificio de ingenier\u00eda en el nuevo campus San Joaqu\u00edn, adem\u00e1s hicieron cambios en el curr\u00edculum de anual a semestral y se elimin\u00f3 la pr\u00e1ctica de que al\u00a0 repetir un curso, se repet\u00eda el a\u00f1o completo\u201d.\u00a0\u00a0 Adem\u00e1s se refiri\u00f3 a su influencia en el \u00e1mbito educativo, \u201cArnoldo Hax se distingue por su capacidad para inspirar y guiar a las futuras generaciones de ingenieros y l\u00edderes empresariales. Su legado no solo reside en las teor\u00edas y enfoques, sino tambi\u00e9n en su compromiso por la excelencia y en su capacidad para transmitir conocimientos de manera accesible y pr\u00e1ctica\u201d, destac\u00f3 la Decana. Las lecciones en estrategia y educaci\u00f3n, fueron encabezadas por la presentaci\u00f3n de la Profesora Fernanda Ram\u00edrez llamada \u201cEl desaf\u00edo estrat\u00e9gico de la educaci\u00f3n en Chile \u00bfQu\u00e9 le preocupar\u00eda hoy a Arnoldo Hax?\u201d. Un tema esencial en su vida, ya que Hax constantemente critic\u00f3 el modelo educativo chileno, enfatizando que el futuro de una persona no puede depender del resultado de una prueba.\u00a0 Asimismo, Nicol\u00e1s Majluf, hizo un recorrido por el trabajo del acad\u00e9mico en su exposici\u00f3n \u201cCuarenta a\u00f1os de Arnoldo Hax: Lecciones en estrategia\u201d, presentaci\u00f3n en la cual record\u00f3 c\u00f3mo fue trabajar juntos, el proceso de escribir sus libros y c\u00f3mo se forj\u00f3 una gran amistad. Finalmente, el Profesor Tom\u00e1s Reyes, Director del DIIS UC, dedic\u00f3 unas palabras de cierre y posteriormente\u00a0coment\u00f3 su percepci\u00f3n de la ceremonia \u201cEl seminario fue un tremendo aporte al reconocer de esta forma y celebrar la vida de Arnoldo con este evento acad\u00e9mico, donde pudimos escuchar de forma muy directa y de gente muy cercana a \u00e9l, todo lo que ha sido su legado, lo importante que ha sido para el departamento, para la escuela, la universidad y en cierto sentido para el pa\u00eds\u201d. Al evento asistieron figuras importantes en la vida profesional de Arnoldo Hax como el Rector de la Pontificia Universidad Cat\u00f3lica de Chile, Ignacio S\u00e1nchez D\u00edaz, y la Rectora de la Universidad de Chile e hija de Ra\u00fal Dev\u00e9s, Rosa Dev\u00e9s, quien destac\u00f3 que \u201cFue un seminario que estuvo rodeado de amor, de un tremendo cari\u00f1o y admiraci\u00f3n acad\u00e9mica y tambi\u00e9n un cari\u00f1o personal muy profundo. Todos quienes describieron las distintas estrategias y tambi\u00e9n la educaci\u00f3n, fueron tocados de alguna manera por la vida de Arnoldo Hax. Es un seminario lleno de contenido, emoci\u00f3n y con una ense\u00f1anza muy grande sobre c\u00f3mo ser un buen profesor, un profesor que marca caminos, que cambia la vida de sus estudiantes. Ha sido muy hermoso participar.\u201d El 24 de abril del presente a\u00f1o, falleci\u00f3 Arnoldo Hax Ingeniero UC, creador del influyente modelo Delta, exdirector de la Escuela de Ingenier\u00eda, nombrado por su alma mater doctor honoris causa y profesor em\u00e9rito. En EE.UU., en tanto, lleg\u00f3 a ser profesor de la Universidad de Harvard y del MIT. En esta \u00faltima instituci\u00f3n fue vicedecano de la Sloan School of Management.","og_url":"https:\/\/www.ing.uc.cl\/industrial-y-sistemas\/2023\/06\/20\/arnoldo-hax-legado-y-contribucion-a-la-gestion-estrategica\/","og_site_name":"Departamento de Ingenier\u00eda Industrial y de Sistemas","article_published_time":"2023-06-20T20:58:13+00:00","og_image":[{"width":1250,"height":700,"url":"https:\/\/www.ing.uc.cl\/industrial-y-sistemas\/wp-content\/uploads\/2023\/06\/1.png","type":"image\/png"}],"author":"Francisco H","twitter_card":"summary_large_image","twitter_misc":{"Escrito por":"Francisco H","Tiempo estimado de lectura":"5 minutos"},"schema":{"@context":"https:\/\/schema.org","@graph":[{"@type":"Article","@id":"https:\/\/www.ing.uc.cl\/industrial-y-sistemas\/2023\/06\/20\/arnoldo-hax-legado-y-contribucion-a-la-gestion-estrategica\/#article","isPartOf":{"@id":"https:\/\/www.ing.uc.cl\/industrial-y-sistemas\/2023\/06\/20\/arnoldo-hax-legado-y-contribucion-a-la-gestion-estrategica\/"},"author":{"name":"Francisco H","@id":"https:\/\/www.ing.uc.cl\/industrial-y-sistemas\/#\/schema\/person\/721a1ef791962c4167b0dad3ee596283"},"headline":"Arnoldo Hax: Legado y Contribuci\u00f3n a la Gesti\u00f3n Estrat\u00e9gica","datePublished":"2023-06-20T20:58:13+00:00","mainEntityOfPage":{"@id":"https:\/\/www.ing.uc.cl\/industrial-y-sistemas\/2023\/06\/20\/arnoldo-hax-legado-y-contribucion-a-la-gestion-estrategica\/"},"wordCount":981,"publisher":{"@id":"https:\/\/www.ing.uc.cl\/industrial-y-sistemas\/#organization"},"image":{"@id":"https:\/\/www.ing.uc.cl\/industrial-y-sistemas\/2023\/06\/20\/arnoldo-hax-legado-y-contribucion-a-la-gestion-estrategica\/#primaryimage"},"thumbnailUrl":"https:\/\/www.ing.uc.cl\/industrial-y-sistemas\/wp-content\/uploads\/2023\/06\/1.png","inLanguage":"es-CL"},{"@type":"WebPage","@id":"https:\/\/www.ing.uc.cl\/industrial-y-sistemas\/2023\/06\/20\/arnoldo-hax-legado-y-contribucion-a-la-gestion-estrategica\/","url":"https:\/\/www.ing.uc.cl\/industrial-y-sistemas\/2023\/06\/20\/arnoldo-hax-legado-y-contribucion-a-la-gestion-estrategica\/","name":"Arnoldo Hax: Legado y Contribuci\u00f3n a la Gesti\u00f3n Estrat\u00e9gica - Departamento de Ingenier\u00eda Industrial y de Sistemas","isPartOf":{"@id":"https:\/\/www.ing.uc.cl\/industrial-y-sistemas\/#website"},"primaryImageOfPage":{"@id":"https:\/\/www.ing.uc.cl\/industrial-y-sistemas\/2023\/06\/20\/arnoldo-hax-legado-y-contribucion-a-la-gestion-estrategica\/#primaryimage"},"image":{"@id":"https:\/\/www.ing.uc.cl\/industrial-y-sistemas\/2023\/06\/20\/arnoldo-hax-legado-y-contribucion-a-la-gestion-estrategica\/#primaryimage"},"thumbnailUrl":"https:\/\/www.ing.uc.cl\/industrial-y-sistemas\/wp-content\/uploads\/2023\/06\/1.png","datePublished":"2023-06-20T20:58:13+00:00","breadcrumb":{"@id":"https:\/\/www.ing.uc.cl\/industrial-y-sistemas\/2023\/06\/20\/arnoldo-hax-legado-y-contribucion-a-la-gestion-estrategica\/#breadcrumb"},"inLanguage":"es-CL","potentialAction":[{"@type":"ReadAction","target":["https:\/\/www.ing.uc.cl\/industrial-y-sistemas\/2023\/06\/20\/arnoldo-hax-legado-y-contribucion-a-la-gestion-estrategica\/"]}]},{"@type":"ImageObject","inLanguage":"es-CL","@id":"https:\/\/www.ing.uc.cl\/industrial-y-sistemas\/2023\/06\/20\/arnoldo-hax-legado-y-contribucion-a-la-gestion-estrategica\/#primaryimage","url":"https:\/\/www.ing.uc.cl\/industrial-y-sistemas\/wp-content\/uploads\/2023\/06\/1.png","contentUrl":"https:\/\/www.ing.uc.cl\/industrial-y-sistemas\/wp-content\/uploads\/2023\/06\/1.png","width":1250,"height":700},{"@type":"BreadcrumbList","@id":"https:\/\/www.ing.uc.cl\/industrial-y-sistemas\/2023\/06\/20\/arnoldo-hax-legado-y-contribucion-a-la-gestion-estrategica\/#breadcrumb","itemListElement":[{"@type":"ListItem","position":1,"name":"Portada","item":"https:\/\/www.ing.uc.cl\/industrial-y-sistemas\/"},{"@type":"ListItem","position":2,"name":"Arnoldo Hax: Legado y Contribuci\u00f3n a la Gesti\u00f3n Estrat\u00e9gica"}]},{"@type":"WebSite","@id":"https:\/\/www.ing.uc.cl\/industrial-y-sistemas\/#website","url":"https:\/\/www.ing.uc.cl\/industrial-y-sistemas\/","name":"Departamento de Ingenier\u00eda Industrial y de Sistemas","description":"Escuela de Ingenier\u00eda","publisher":{"@id":"https:\/\/www.ing.uc.cl\/industrial-y-sistemas\/#organization"},"potentialAction":[{"@type":"SearchAction","target":{"@type":"EntryPoint","urlTemplate":"https:\/\/www.ing.uc.cl\/industrial-y-sistemas\/?s={search_term_string}"},"query-input":{"@type":"PropertyValueSpecification","valueRequired":true,"valueName":"search_term_string"}}],"inLanguage":"es-CL"},{"@type":"Organization","@id":"https:\/\/www.ing.uc.cl\/industrial-y-sistemas\/#organization","name":"Departamento de Ingenier\u00eda Industrial y de Sistemas","url":"https:\/\/www.ing.uc.cl\/industrial-y-sistemas\/","logo":{"@type":"ImageObject","inLanguage":"es-CL","@id":"https:\/\/www.ing.uc.cl\/industrial-y-sistemas\/#\/schema\/logo\/image\/","url":"https:\/\/www.ing.uc.cl\/industrial-y-sistemas\/wp-content\/uploads\/2023\/11\/cropped-UC-P2727-01.png","contentUrl":"https:\/\/www.ing.uc.cl\/industrial-y-sistemas\/wp-content\/uploads\/2023\/11\/cropped-UC-P2727-01.png","width":307,"height":414,"caption":"Departamento de Ingenier\u00eda Industrial y de Sistemas"},"image":{"@id":"https:\/\/www.ing.uc.cl\/industrial-y-sistemas\/#\/schema\/logo\/image\/"}},{"@type":"Person","@id":"https:\/\/www.ing.uc.cl\/industrial-y-sistemas\/#\/schema\/person\/721a1ef791962c4167b0dad3ee596283","name":"Francisco H","image":{"@type":"ImageObject","inLanguage":"es-CL","@id":"https:\/\/www.ing.uc.cl\/industrial-y-sistemas\/#\/schema\/person\/image\/","url":"https:\/\/secure.gravatar.com\/avatar\/63233762875caf7cb464abb0c994788b36bb5a903f4b5e6d958a14f57c41e047?s=96&d=mm&r=g","contentUrl":"https:\/\/secure.gravatar.com\/avatar\/63233762875caf7cb464abb0c994788b36bb5a903f4b5e6d958a14f57c41e047?s=96&d=mm&r=g","caption":"Francisco H"},"url":"https:\/\/www.ing.uc.cl\/industrial-y-sistemas\/author\/fherreros\/"}]}},"rttpg_featured_image_url":{"full":["https:\/\/www.ing.uc.cl\/industrial-y-sistemas\/wp-content\/uploads\/2023\/06\/1.png",1250,700,false],"landscape":["https:\/\/www.ing.uc.cl\/industrial-y-sistemas\/wp-content\/uploads\/2023\/06\/1.png",1250,700,false],"portraits":["https:\/\/www.ing.uc.cl\/industrial-y-sistemas\/wp-content\/uploads\/2023\/06\/1.png",1250,700,false],"thumbnail":["https:\/\/www.ing.uc.cl\/industrial-y-sistemas\/wp-content\/uploads\/2023\/06\/1-150x150.png",150,150,true],"medium":["https:\/\/www.ing.uc.cl\/industrial-y-sistemas\/wp-content\/uploads\/2023\/06\/1-300x168.png",300,168,true],"large":["https:\/\/www.ing.uc.cl\/industrial-y-sistemas\/wp-content\/uploads\/2023\/06\/1-1024x573.png",1024,573,true],"1536x1536":["https:\/\/www.ing.uc.cl\/industrial-y-sistemas\/wp-content\/uploads\/2023\/06\/1.png",1250,700,false],"2048x2048":["https:\/\/www.ing.uc.cl\/industrial-y-sistemas\/wp-content\/uploads\/2023\/06\/1.png",1250,700,false],"sow-carousel-default":["https:\/\/www.ing.uc.cl\/industrial-y-sistemas\/wp-content\/uploads\/2023\/06\/1-272x182.png",272,182,true]},"rttpg_author":{"display_name":"Francisco H","author_link":"https:\/\/www.ing.uc.cl\/industrial-y-sistemas\/author\/fherreros\/"},"rttpg_comment":0,"rttpg_category":"<a href=\"https:\/\/www.ing.uc.cl\/industrial-y-sistemas\/category\/sin-categoria\/\" rel=\"category tag\">Sin categor\u00eda<\/a>","rttpg_excerpt":"El mi\u00e9rcoles 14 de junio se realiz\u00f3 el Seminario internacional de Estrategia, donde se reunieron alrededor de 100 personas de manera presencial en torno a la figura de Arnoldo Hax. En este se expuso sobre el modelo delta, su continuidad y aporte al pa\u00eds del destacado acad\u00e9mico, que durante dos d\u00e9cadas honr\u00f3 a Chile con&hellip;","_links":{"self":[{"href":"https:\/\/www.ing.uc.cl\/industrial-y-sistemas\/wp-json\/wp\/v2\/posts\/354724","targetHints":{"allow":["GET"]}}],"collection":[{"href":"https:\/\/www.ing.uc.cl\/industrial-y-sistemas\/wp-json\/wp\/v2\/posts"}],"about":[{"href":"https:\/\/www.ing.uc.cl\/industrial-y-sistemas\/wp-json\/wp\/v2\/types\/post"}],"author":[{"embeddable":true,"href":"https:\/\/www.ing.uc.cl\/industrial-y-sistemas\/wp-json\/wp\/v2\/users\/4"}],"replies":[{"embeddable":true,"href":"https:\/\/www.ing.uc.cl\/industrial-y-sistemas\/wp-json\/wp\/v2\/comments?post=354724"}],"version-history":[{"count":0,"href":"https:\/\/www.ing.uc.cl\/industrial-y-sistemas\/wp-json\/wp\/v2\/posts\/354724\/revisions"}],"wp:featuredmedia":[{"embeddable":true,"href":"https:\/\/www.ing.uc.cl\/industrial-y-sistemas\/wp-json\/wp\/v2\/media\/354727"}],"wp:attachment":[{"href":"https:\/\/www.ing.uc.cl\/industrial-y-sistemas\/wp-json\/wp\/v2\/media?parent=354724"}],"wp:term":[{"taxonomy":"category","embeddable":true,"href":"https:\/\/www.ing.uc.cl\/industrial-y-sistemas\/wp-json\/wp\/v2\/categories?post=354724"},{"taxonomy":"post_tag","embeddable":true,"href":"https:\/\/www.ing.uc.cl\/industrial-y-sistemas\/wp-json\/wp\/v2\/tags?post=354724"}],"curies":[{"name":"wp","href":"https:\/\/api.w.org\/{rel}","templated":true}]}}