{"id":354789,"date":"2023-07-12T16:39:08","date_gmt":"2023-07-12T20:39:08","guid":{"rendered":"https:\/\/www.ing.uc.cl\/industrial-y-sistemas\/?post_type=post&amp;p=354789"},"modified":"2023-07-12T16:39:08","modified_gmt":"2023-07-12T20:39:08","slug":"ifors-2023-impulsando-la-investigacion-operativa-para-la-excelencia-en-la-toma-de-decisiones-con-activa-presencia-de-ingenieria-industrial-uc","status":"publish","type":"post","link":"https:\/\/www.ing.uc.cl\/industrial-y-sistemas\/2023\/07\/12\/ifors-2023-impulsando-la-investigacion-operativa-para-la-excelencia-en-la-toma-de-decisiones-con-activa-presencia-de-ingenieria-industrial-uc\/","title":{"rendered":"&#8220;IFORS 2023: Impulsando la Investigaci\u00f3n Operativa para la excelencia en la toma de decisiones&#8221; con activa presencia de Ingenier\u00eda Industrial UC"},"content":{"rendered":"<p style=\"text-align: justify;\"><i><span style=\"font-weight: 400;\">M\u00e1s de mil investigadores y estudiantes del \u00e1rea de Investigaci\u00f3n Operativa provenientes de m\u00e1s de 60 pa\u00edses se re\u00fanen esta semana en Santiago para la 23\u00aa edici\u00f3n de la Conferencia de la International Federation of Operational Research Socienties (IFORS). El evento est\u00e1 ocurriendo en el centro de extensi\u00f3n UC y en la FEN de la UChile hasta el 14 de julio.\u00a0<\/span><\/i><\/p>\n<p style=\"text-align: justify;\"><span style=\"font-weight: 400;\"><img fetchpriority=\"high\" decoding=\"async\" class=\"wp-image-354790 alignleft\" src=\"https:\/\/www.ing.uc.cl\/industrial-y-sistemas\/wp-content\/uploads\/2023\/07\/portadas-notas-pag-web-300x168.png\" alt=\"\" width=\"341\" height=\"191\" srcset=\"https:\/\/www.ing.uc.cl\/industrial-y-sistemas\/wp-content\/uploads\/2023\/07\/portadas-notas-pag-web-300x168.png 300w, https:\/\/www.ing.uc.cl\/industrial-y-sistemas\/wp-content\/uploads\/2023\/07\/portadas-notas-pag-web-1024x573.png 1024w, https:\/\/www.ing.uc.cl\/industrial-y-sistemas\/wp-content\/uploads\/2023\/07\/portadas-notas-pag-web-768x430.png 768w, https:\/\/www.ing.uc.cl\/industrial-y-sistemas\/wp-content\/uploads\/2023\/07\/portadas-notas-pag-web.png 1250w\" sizes=\"(max-width: 341px) 100vw, 341px\" \/>La bienvenida inaugural estuvo a cargo de Jorge Vera, Co-Chair del Comit\u00e9 Organizador, profesor del Departamento de Ingenier\u00eda Industrial y de Sistemas de la PUC, quien destac\u00f3 la importancia de la investigaci\u00f3n operativa y la realizaci\u00f3n de IFORS en Chile, como reconocimiento a la comunidad chilena del \u00e1rea, en la que son activos varios profesores del DIIS y la Escuela.\u00a0<\/span><\/p>\n<p style=\"text-align: justify;\"><span style=\"font-weight: 400;\">El primer d\u00eda cont\u00f3 con la conferencia plenaria inaugural del profesor del Departamento de Ingenier\u00eda de Transportes y Log\u00edstica de la Escuela, y actual Ministro de Transporte y\u00a0<\/span><\/p>\n<p><img decoding=\"async\" class=\"size-medium wp-image-354799 alignright\" style=\"text-align: justify;\" src=\"https:\/\/www.ing.uc.cl\/industrial-y-sistemas\/wp-content\/uploads\/2023\/07\/53e329a9-e1f3-4d31-9874-70a48091f89e-300x200.jpg\" alt=\"\" width=\"300\" height=\"200\" \/><\/p>\n<p style=\"text-align: justify;\"><span style=\"text-align: justify;\">Telecomunicaciones del Gobierno de Chile, Juan Carlos Mu\u00f1oz, quien, de una manera muy din\u00e1mica, expuso su visi\u00f3n sobre c\u00f3mo la b\u00fasqueda de la sustentabilidad en el transporte p\u00fablico es la clave para la mejora en las<\/span><span style=\"text-align: justify;\"> experiencias de los usuarios. En su presentaci\u00f3n abord\u00f3 la implementaci\u00f3n del Transantiago, el a\u00f1o 2007, y los desaf\u00edos que se debieron <\/span><span style=\"text-align: justify;\">enfrentar. Destac\u00f3 medidas concretas que permiten la mejora continua del funcionamiento de la red de movilidad, que incluye el metro y las flotas de buses de la capital. En la inauguraci\u00f3n de la conferencia estuvieron tambi\u00e9n presentes la Decana y Vicedecano de nuestra Facultad.<\/span><\/p>\n<p style=\"text-align: justify;\"><span style=\"font-weight: 400;\">Luego de la presentaci\u00f3n del ministro, se inici\u00f3 la conferencia, con sesiones paralelas, en las que participan investigadores del \u00e1rea, incluyendo a nuestros acad\u00e9micos y acad\u00e9micas del DIIS. En los primeros d\u00edas de la conferencia se presentaron: Mathias Klapp, Alejandro Mac Cawley, Carolina Mart\u00ednez, Sergio Maturana y el profesor Jorge Vera.<\/span><\/p>\n<p><img decoding=\"async\" class=\"wp-image-354805 alignright\" style=\"text-align: justify;\" src=\"https:\/\/www.ing.uc.cl\/industrial-y-sistemas\/wp-content\/uploads\/2023\/07\/f9839d25-eb8f-4461-af72-1cc21ab7bdf5-300x200.jpg\" alt=\"\" width=\"299\" height=\"200\" \/><\/p>\n<p style=\"text-align: justify;\"><span style=\"font-weight: 400;\">Durante la semana, se seguir\u00e1n presentando las sesiones de profesores y profesoras, siendo el d\u00eda jueves la charla de Rodrigo Carrasco, Margarita Castro. Finalmente el viernes ser\u00e1 turno de Gustavo Angulo.\u00a0<\/span><\/p>\n<p>Tambi\u00e9n han estado presentes estudiantes de la Escuela de Ingenier\u00eda, especialmente ligados al Cap\u00edtulo Estudiantil CEIINS, quienes est\u00e1n activamente participando en el equipo de apoyo de la conferencia.<\/p>\n<p style=\"text-align: justify;\"><span style=\"font-weight: 400;\">Esta conferencia marca un hito para la ciencia nacional, ya que es la primera vez que Chile es anfitri\u00f3n de IFORS y segunda vez que el evento es realizado en Sudam\u00e9rica, y el DIIS y la Escuela de Ingenier\u00eda est\u00e1n teniendo un importante papel en esta.<\/span><\/p>\n<p>&nbsp;<\/p>\n","protected":false},"excerpt":{"rendered":"<p>M\u00e1s de mil investigadores y estudiantes del \u00e1rea de Investigaci\u00f3n Operativa provenientes de m\u00e1s de 60 pa\u00edses se re\u00fanen esta semana en Santiago para la 23\u00aa edici\u00f3n de la Conferencia de la International Federation of Operational Research Socienties (IFORS). El evento est\u00e1 ocurriendo en el centro de extensi\u00f3n UC y en la FEN de la UChile hasta el 14 de julio.\u00a0 La bienvenida inaugural estuvo a cargo de Jorge Vera, Co-Chair del Comit\u00e9 Organizador, profesor del Departamento de Ingenier\u00eda Industrial y de Sistemas de la PUC, quien destac\u00f3 la importancia de la investigaci\u00f3n operativa y la realizaci\u00f3n de IFORS en Chile, como reconocimiento a la comunidad chilena del \u00e1rea, en la que son activos varios profesores del DIIS y la Escuela.\u00a0 El primer d\u00eda cont\u00f3 con la conferencia plenaria inaugural del profesor del Departamento de Ingenier\u00eda de Transportes y Log\u00edstica de la Escuela, y actual Ministro de Transporte y\u00a0 Telecomunicaciones del Gobierno de Chile, Juan Carlos Mu\u00f1oz, quien, de una manera muy din\u00e1mica, expuso su visi\u00f3n sobre c\u00f3mo la b\u00fasqueda de la sustentabilidad en el transporte p\u00fablico es la clave para la mejora en las experiencias de los usuarios. En su presentaci\u00f3n abord\u00f3 la implementaci\u00f3n del Transantiago, el a\u00f1o 2007, y los desaf\u00edos que se debieron enfrentar. Destac\u00f3 medidas concretas que permiten la mejora continua del funcionamiento de la red de movilidad, que incluye el metro y las flotas de buses de la capital. En la inauguraci\u00f3n de la conferencia estuvieron tambi\u00e9n presentes la Decana y Vicedecano de nuestra Facultad. Luego de la presentaci\u00f3n del ministro, se inici\u00f3 la conferencia, con sesiones paralelas, en las que participan investigadores del \u00e1rea, incluyendo a nuestros acad\u00e9micos y acad\u00e9micas del DIIS. En los primeros d\u00edas de la conferencia se presentaron: Mathias Klapp, Alejandro Mac Cawley, Carolina Mart\u00ednez, Sergio Maturana y el profesor Jorge Vera. Durante la semana, se seguir\u00e1n presentando las sesiones de profesores y profesoras, siendo el d\u00eda jueves la charla de Rodrigo Carrasco, Margarita Castro. Finalmente el viernes ser\u00e1 turno de Gustavo Angulo.\u00a0 Tambi\u00e9n han estado presentes estudiantes de la Escuela de Ingenier\u00eda, especialmente ligados al Cap\u00edtulo Estudiantil CEIINS, quienes est\u00e1n activamente participando en el equipo de apoyo de la conferencia. Esta conferencia marca un hito para la ciencia nacional, ya que es la primera vez que Chile es anfitri\u00f3n de IFORS y segunda vez que el evento es realizado en Sudam\u00e9rica, y el DIIS y la Escuela de Ingenier\u00eda est\u00e1n teniendo un importante papel en esta. &nbsp;<\/p>\n","protected":false},"author":4,"featured_media":354790,"comment_status":"closed","ping_status":"closed","sticky":false,"template":"","format":"standard","meta":{"site-sidebar-layout":"default","site-content-layout":"","ast-site-content-layout":"default","site-content-style":"default","site-sidebar-style":"default","ast-global-header-display":"","ast-banner-title-visibility":"","ast-main-header-display":"","ast-hfb-above-header-display":"","ast-hfb-below-header-display":"","ast-hfb-mobile-header-display":"","site-post-title":"","ast-breadcrumbs-content":"","ast-featured-img":"","footer-sml-layout":"","ast-disable-related-posts":"","theme-transparent-header-meta":"","adv-header-id-meta":"","stick-header-meta":"","header-above-stick-meta":"","header-main-stick-meta":"","header-below-stick-meta":"","astra-migrate-meta-layouts":"default","ast-page-background-enabled":"default","ast-page-background-meta":{"desktop":{"background-color":"","background-image":"","background-repeat":"repeat","background-position":"center center","background-size":"auto","background-attachment":"scroll","background-type":"","background-media":"","overlay-type":"","overlay-color":"","overlay-opacity":"","overlay-gradient":""},"tablet":{"background-color":"","background-image":"","background-repeat":"repeat","background-position":"center center","background-size":"auto","background-attachment":"scroll","background-type":"","background-media":"","overlay-type":"","overlay-color":"","overlay-opacity":"","overlay-gradient":""},"mobile":{"background-color":"","background-image":"","background-repeat":"repeat","background-position":"center center","background-size":"auto","background-attachment":"scroll","background-type":"","background-media":"","overlay-type":"","overlay-color":"","overlay-opacity":"","overlay-gradient":""}},"ast-content-background-meta":{"desktop":{"background-color":"var(--ast-global-color-5)","background-image":"","background-repeat":"repeat","background-position":"center center","background-size":"auto","background-attachment":"scroll","background-type":"","background-media":"","overlay-type":"","overlay-color":"","overlay-opacity":"","overlay-gradient":""},"tablet":{"background-color":"var(--ast-global-color-5)","background-image":"","background-repeat":"repeat","background-position":"center center","background-size":"auto","background-attachment":"scroll","background-type":"","background-media":"","overlay-type":"","overlay-color":"","overlay-opacity":"","overlay-gradient":""},"mobile":{"background-color":"var(--ast-global-color-5)","background-image":"","background-repeat":"repeat","background-position":"center center","background-size":"auto","background-attachment":"scroll","background-type":"","background-media":"","overlay-type":"","overlay-color":"","overlay-opacity":"","overlay-gradient":""}},"footnotes":""},"categories":[1],"tags":[],"class_list":["post-354789","post","type-post","status-publish","format-standard","has-post-thumbnail","hentry","category-sin-categoria"],"yoast_head":"<!-- This site is optimized with the Yoast SEO plugin v26.9 - https:\/\/yoast.com\/product\/yoast-seo-wordpress\/ -->\n<title>&quot;IFORS 2023: Impulsando la Investigaci\u00f3n Operativa para la excelencia en la toma de decisiones&quot; con activa presencia de Ingenier\u00eda Industrial UC - Departamento de Ingenier\u00eda Industrial y de Sistemas<\/title>\n<meta name=\"robots\" content=\"index, follow, max-snippet:-1, max-image-preview:large, max-video-preview:-1\" \/>\n<link rel=\"canonical\" href=\"https:\/\/www.ing.uc.cl\/industrial-y-sistemas\/2023\/07\/12\/ifors-2023-impulsando-la-investigacion-operativa-para-la-excelencia-en-la-toma-de-decisiones-con-activa-presencia-de-ingenieria-industrial-uc\/\" \/>\n<meta property=\"og:locale\" content=\"es_ES\" \/>\n<meta property=\"og:type\" content=\"article\" \/>\n<meta property=\"og:title\" content=\"&quot;IFORS 2023: Impulsando la Investigaci\u00f3n Operativa para la excelencia en la toma de decisiones&quot; con activa presencia de Ingenier\u00eda Industrial UC - Departamento de Ingenier\u00eda Industrial y de Sistemas\" \/>\n<meta property=\"og:description\" content=\"M\u00e1s de mil investigadores y estudiantes del \u00e1rea de Investigaci\u00f3n Operativa provenientes de m\u00e1s de 60 pa\u00edses se re\u00fanen esta semana en Santiago para la 23\u00aa edici\u00f3n de la Conferencia de la International Federation of Operational Research Socienties (IFORS). El evento est\u00e1 ocurriendo en el centro de extensi\u00f3n UC y en la FEN de la UChile hasta el 14 de julio.\u00a0 La bienvenida inaugural estuvo a cargo de Jorge Vera, Co-Chair del Comit\u00e9 Organizador, profesor del Departamento de Ingenier\u00eda Industrial y de Sistemas de la PUC, quien destac\u00f3 la importancia de la investigaci\u00f3n operativa y la realizaci\u00f3n de IFORS en Chile, como reconocimiento a la comunidad chilena del \u00e1rea, en la que son activos varios profesores del DIIS y la Escuela.\u00a0 El primer d\u00eda cont\u00f3 con la conferencia plenaria inaugural del profesor del Departamento de Ingenier\u00eda de Transportes y Log\u00edstica de la Escuela, y actual Ministro de Transporte y\u00a0 Telecomunicaciones del Gobierno de Chile, Juan Carlos Mu\u00f1oz, quien, de una manera muy din\u00e1mica, expuso su visi\u00f3n sobre c\u00f3mo la b\u00fasqueda de la sustentabilidad en el transporte p\u00fablico es la clave para la mejora en las experiencias de los usuarios. En su presentaci\u00f3n abord\u00f3 la implementaci\u00f3n del Transantiago, el a\u00f1o 2007, y los desaf\u00edos que se debieron enfrentar. Destac\u00f3 medidas concretas que permiten la mejora continua del funcionamiento de la red de movilidad, que incluye el metro y las flotas de buses de la capital. En la inauguraci\u00f3n de la conferencia estuvieron tambi\u00e9n presentes la Decana y Vicedecano de nuestra Facultad. Luego de la presentaci\u00f3n del ministro, se inici\u00f3 la conferencia, con sesiones paralelas, en las que participan investigadores del \u00e1rea, incluyendo a nuestros acad\u00e9micos y acad\u00e9micas del DIIS. En los primeros d\u00edas de la conferencia se presentaron: Mathias Klapp, Alejandro Mac Cawley, Carolina Mart\u00ednez, Sergio Maturana y el profesor Jorge Vera. Durante la semana, se seguir\u00e1n presentando las sesiones de profesores y profesoras, siendo el d\u00eda jueves la charla de Rodrigo Carrasco, Margarita Castro. Finalmente el viernes ser\u00e1 turno de Gustavo Angulo.\u00a0 Tambi\u00e9n han estado presentes estudiantes de la Escuela de Ingenier\u00eda, especialmente ligados al Cap\u00edtulo Estudiantil CEIINS, quienes est\u00e1n activamente participando en el equipo de apoyo de la conferencia. Esta conferencia marca un hito para la ciencia nacional, ya que es la primera vez que Chile es anfitri\u00f3n de IFORS y segunda vez que el evento es realizado en Sudam\u00e9rica, y el DIIS y la Escuela de Ingenier\u00eda est\u00e1n teniendo un importante papel en esta. &nbsp;\" \/>\n<meta property=\"og:url\" content=\"https:\/\/www.ing.uc.cl\/industrial-y-sistemas\/2023\/07\/12\/ifors-2023-impulsando-la-investigacion-operativa-para-la-excelencia-en-la-toma-de-decisiones-con-activa-presencia-de-ingenieria-industrial-uc\/\" \/>\n<meta property=\"og:site_name\" content=\"Departamento de Ingenier\u00eda Industrial y de Sistemas\" \/>\n<meta property=\"article:published_time\" content=\"2023-07-12T20:39:08+00:00\" \/>\n<meta property=\"og:image\" content=\"https:\/\/www.ing.uc.cl\/industrial-y-sistemas\/wp-content\/uploads\/2023\/07\/portadas-notas-pag-web.png\" \/>\n\t<meta property=\"og:image:width\" content=\"1250\" \/>\n\t<meta property=\"og:image:height\" content=\"700\" \/>\n\t<meta property=\"og:image:type\" content=\"image\/png\" \/>\n<meta name=\"author\" content=\"Francisco H\" \/>\n<meta name=\"twitter:card\" content=\"summary_large_image\" \/>\n<meta name=\"twitter:label1\" content=\"Escrito por\" \/>\n\t<meta name=\"twitter:data1\" content=\"Francisco H\" \/>\n\t<meta name=\"twitter:label2\" content=\"Tiempo estimado de lectura\" \/>\n\t<meta name=\"twitter:data2\" content=\"2 minutos\" \/>\n<script type=\"application\/ld+json\" class=\"yoast-schema-graph\">{\"@context\":\"https:\/\/schema.org\",\"@graph\":[{\"@type\":\"Article\",\"@id\":\"https:\/\/www.ing.uc.cl\/industrial-y-sistemas\/2023\/07\/12\/ifors-2023-impulsando-la-investigacion-operativa-para-la-excelencia-en-la-toma-de-decisiones-con-activa-presencia-de-ingenieria-industrial-uc\/#article\",\"isPartOf\":{\"@id\":\"https:\/\/www.ing.uc.cl\/industrial-y-sistemas\/2023\/07\/12\/ifors-2023-impulsando-la-investigacion-operativa-para-la-excelencia-en-la-toma-de-decisiones-con-activa-presencia-de-ingenieria-industrial-uc\/\"},\"author\":{\"name\":\"Francisco H\",\"@id\":\"https:\/\/www.ing.uc.cl\/industrial-y-sistemas\/#\/schema\/person\/721a1ef791962c4167b0dad3ee596283\"},\"headline\":\"&#8220;IFORS 2023: Impulsando la Investigaci\u00f3n Operativa para la excelencia en la toma de decisiones&#8221; con activa presencia de Ingenier\u00eda Industrial UC\",\"datePublished\":\"2023-07-12T20:39:08+00:00\",\"mainEntityOfPage\":{\"@id\":\"https:\/\/www.ing.uc.cl\/industrial-y-sistemas\/2023\/07\/12\/ifors-2023-impulsando-la-investigacion-operativa-para-la-excelencia-en-la-toma-de-decisiones-con-activa-presencia-de-ingenieria-industrial-uc\/\"},\"wordCount\":465,\"publisher\":{\"@id\":\"https:\/\/www.ing.uc.cl\/industrial-y-sistemas\/#organization\"},\"image\":{\"@id\":\"https:\/\/www.ing.uc.cl\/industrial-y-sistemas\/2023\/07\/12\/ifors-2023-impulsando-la-investigacion-operativa-para-la-excelencia-en-la-toma-de-decisiones-con-activa-presencia-de-ingenieria-industrial-uc\/#primaryimage\"},\"thumbnailUrl\":\"https:\/\/www.ing.uc.cl\/industrial-y-sistemas\/wp-content\/uploads\/2023\/07\/portadas-notas-pag-web.png\",\"inLanguage\":\"es-CL\"},{\"@type\":\"WebPage\",\"@id\":\"https:\/\/www.ing.uc.cl\/industrial-y-sistemas\/2023\/07\/12\/ifors-2023-impulsando-la-investigacion-operativa-para-la-excelencia-en-la-toma-de-decisiones-con-activa-presencia-de-ingenieria-industrial-uc\/\",\"url\":\"https:\/\/www.ing.uc.cl\/industrial-y-sistemas\/2023\/07\/12\/ifors-2023-impulsando-la-investigacion-operativa-para-la-excelencia-en-la-toma-de-decisiones-con-activa-presencia-de-ingenieria-industrial-uc\/\",\"name\":\"\\\"IFORS 2023: Impulsando la Investigaci\u00f3n Operativa para la excelencia en la toma de decisiones\\\" con activa presencia de Ingenier\u00eda Industrial UC - Departamento de Ingenier\u00eda Industrial y de Sistemas\",\"isPartOf\":{\"@id\":\"https:\/\/www.ing.uc.cl\/industrial-y-sistemas\/#website\"},\"primaryImageOfPage\":{\"@id\":\"https:\/\/www.ing.uc.cl\/industrial-y-sistemas\/2023\/07\/12\/ifors-2023-impulsando-la-investigacion-operativa-para-la-excelencia-en-la-toma-de-decisiones-con-activa-presencia-de-ingenieria-industrial-uc\/#primaryimage\"},\"image\":{\"@id\":\"https:\/\/www.ing.uc.cl\/industrial-y-sistemas\/2023\/07\/12\/ifors-2023-impulsando-la-investigacion-operativa-para-la-excelencia-en-la-toma-de-decisiones-con-activa-presencia-de-ingenieria-industrial-uc\/#primaryimage\"},\"thumbnailUrl\":\"https:\/\/www.ing.uc.cl\/industrial-y-sistemas\/wp-content\/uploads\/2023\/07\/portadas-notas-pag-web.png\",\"datePublished\":\"2023-07-12T20:39:08+00:00\",\"breadcrumb\":{\"@id\":\"https:\/\/www.ing.uc.cl\/industrial-y-sistemas\/2023\/07\/12\/ifors-2023-impulsando-la-investigacion-operativa-para-la-excelencia-en-la-toma-de-decisiones-con-activa-presencia-de-ingenieria-industrial-uc\/#breadcrumb\"},\"inLanguage\":\"es-CL\",\"potentialAction\":[{\"@type\":\"ReadAction\",\"target\":[\"https:\/\/www.ing.uc.cl\/industrial-y-sistemas\/2023\/07\/12\/ifors-2023-impulsando-la-investigacion-operativa-para-la-excelencia-en-la-toma-de-decisiones-con-activa-presencia-de-ingenieria-industrial-uc\/\"]}]},{\"@type\":\"ImageObject\",\"inLanguage\":\"es-CL\",\"@id\":\"https:\/\/www.ing.uc.cl\/industrial-y-sistemas\/2023\/07\/12\/ifors-2023-impulsando-la-investigacion-operativa-para-la-excelencia-en-la-toma-de-decisiones-con-activa-presencia-de-ingenieria-industrial-uc\/#primaryimage\",\"url\":\"https:\/\/www.ing.uc.cl\/industrial-y-sistemas\/wp-content\/uploads\/2023\/07\/portadas-notas-pag-web.png\",\"contentUrl\":\"https:\/\/www.ing.uc.cl\/industrial-y-sistemas\/wp-content\/uploads\/2023\/07\/portadas-notas-pag-web.png\",\"width\":1250,\"height\":700},{\"@type\":\"BreadcrumbList\",\"@id\":\"https:\/\/www.ing.uc.cl\/industrial-y-sistemas\/2023\/07\/12\/ifors-2023-impulsando-la-investigacion-operativa-para-la-excelencia-en-la-toma-de-decisiones-con-activa-presencia-de-ingenieria-industrial-uc\/#breadcrumb\",\"itemListElement\":[{\"@type\":\"ListItem\",\"position\":1,\"name\":\"Portada\",\"item\":\"https:\/\/www.ing.uc.cl\/industrial-y-sistemas\/\"},{\"@type\":\"ListItem\",\"position\":2,\"name\":\"&#8220;IFORS 2023: Impulsando la Investigaci\u00f3n Operativa para la excelencia en la toma de decisiones&#8221; con activa presencia de Ingenier\u00eda Industrial UC\"}]},{\"@type\":\"WebSite\",\"@id\":\"https:\/\/www.ing.uc.cl\/industrial-y-sistemas\/#website\",\"url\":\"https:\/\/www.ing.uc.cl\/industrial-y-sistemas\/\",\"name\":\"Departamento de Ingenier\u00eda Industrial y de Sistemas\",\"description\":\"Escuela de Ingenier\u00eda\",\"publisher\":{\"@id\":\"https:\/\/www.ing.uc.cl\/industrial-y-sistemas\/#organization\"},\"potentialAction\":[{\"@type\":\"SearchAction\",\"target\":{\"@type\":\"EntryPoint\",\"urlTemplate\":\"https:\/\/www.ing.uc.cl\/industrial-y-sistemas\/?s={search_term_string}\"},\"query-input\":{\"@type\":\"PropertyValueSpecification\",\"valueRequired\":true,\"valueName\":\"search_term_string\"}}],\"inLanguage\":\"es-CL\"},{\"@type\":\"Organization\",\"@id\":\"https:\/\/www.ing.uc.cl\/industrial-y-sistemas\/#organization\",\"name\":\"Departamento de Ingenier\u00eda Industrial y de Sistemas\",\"url\":\"https:\/\/www.ing.uc.cl\/industrial-y-sistemas\/\",\"logo\":{\"@type\":\"ImageObject\",\"inLanguage\":\"es-CL\",\"@id\":\"https:\/\/www.ing.uc.cl\/industrial-y-sistemas\/#\/schema\/logo\/image\/\",\"url\":\"https:\/\/www.ing.uc.cl\/industrial-y-sistemas\/wp-content\/uploads\/2023\/11\/cropped-UC-P2727-01.png\",\"contentUrl\":\"https:\/\/www.ing.uc.cl\/industrial-y-sistemas\/wp-content\/uploads\/2023\/11\/cropped-UC-P2727-01.png\",\"width\":307,\"height\":414,\"caption\":\"Departamento de Ingenier\u00eda Industrial y de Sistemas\"},\"image\":{\"@id\":\"https:\/\/www.ing.uc.cl\/industrial-y-sistemas\/#\/schema\/logo\/image\/\"}},{\"@type\":\"Person\",\"@id\":\"https:\/\/www.ing.uc.cl\/industrial-y-sistemas\/#\/schema\/person\/721a1ef791962c4167b0dad3ee596283\",\"name\":\"Francisco H\",\"image\":{\"@type\":\"ImageObject\",\"inLanguage\":\"es-CL\",\"@id\":\"https:\/\/www.ing.uc.cl\/industrial-y-sistemas\/#\/schema\/person\/image\/\",\"url\":\"https:\/\/secure.gravatar.com\/avatar\/63233762875caf7cb464abb0c994788b36bb5a903f4b5e6d958a14f57c41e047?s=96&d=mm&r=g\",\"contentUrl\":\"https:\/\/secure.gravatar.com\/avatar\/63233762875caf7cb464abb0c994788b36bb5a903f4b5e6d958a14f57c41e047?s=96&d=mm&r=g\",\"caption\":\"Francisco H\"},\"url\":\"https:\/\/www.ing.uc.cl\/industrial-y-sistemas\/author\/fherreros\/\"}]}<\/script>\n<!-- \/ Yoast SEO plugin. -->","yoast_head_json":{"title":"\"IFORS 2023: Impulsando la Investigaci\u00f3n Operativa para la excelencia en la toma de decisiones\" con activa presencia de Ingenier\u00eda Industrial UC - Departamento de Ingenier\u00eda Industrial y de Sistemas","robots":{"index":"index","follow":"follow","max-snippet":"max-snippet:-1","max-image-preview":"max-image-preview:large","max-video-preview":"max-video-preview:-1"},"canonical":"https:\/\/www.ing.uc.cl\/industrial-y-sistemas\/2023\/07\/12\/ifors-2023-impulsando-la-investigacion-operativa-para-la-excelencia-en-la-toma-de-decisiones-con-activa-presencia-de-ingenieria-industrial-uc\/","og_locale":"es_ES","og_type":"article","og_title":"\"IFORS 2023: Impulsando la Investigaci\u00f3n Operativa para la excelencia en la toma de decisiones\" con activa presencia de Ingenier\u00eda Industrial UC - Departamento de Ingenier\u00eda Industrial y de Sistemas","og_description":"M\u00e1s de mil investigadores y estudiantes del \u00e1rea de Investigaci\u00f3n Operativa provenientes de m\u00e1s de 60 pa\u00edses se re\u00fanen esta semana en Santiago para la 23\u00aa edici\u00f3n de la Conferencia de la International Federation of Operational Research Socienties (IFORS). El evento est\u00e1 ocurriendo en el centro de extensi\u00f3n UC y en la FEN de la UChile hasta el 14 de julio.\u00a0 La bienvenida inaugural estuvo a cargo de Jorge Vera, Co-Chair del Comit\u00e9 Organizador, profesor del Departamento de Ingenier\u00eda Industrial y de Sistemas de la PUC, quien destac\u00f3 la importancia de la investigaci\u00f3n operativa y la realizaci\u00f3n de IFORS en Chile, como reconocimiento a la comunidad chilena del \u00e1rea, en la que son activos varios profesores del DIIS y la Escuela.\u00a0 El primer d\u00eda cont\u00f3 con la conferencia plenaria inaugural del profesor del Departamento de Ingenier\u00eda de Transportes y Log\u00edstica de la Escuela, y actual Ministro de Transporte y\u00a0 Telecomunicaciones del Gobierno de Chile, Juan Carlos Mu\u00f1oz, quien, de una manera muy din\u00e1mica, expuso su visi\u00f3n sobre c\u00f3mo la b\u00fasqueda de la sustentabilidad en el transporte p\u00fablico es la clave para la mejora en las experiencias de los usuarios. En su presentaci\u00f3n abord\u00f3 la implementaci\u00f3n del Transantiago, el a\u00f1o 2007, y los desaf\u00edos que se debieron enfrentar. Destac\u00f3 medidas concretas que permiten la mejora continua del funcionamiento de la red de movilidad, que incluye el metro y las flotas de buses de la capital. En la inauguraci\u00f3n de la conferencia estuvieron tambi\u00e9n presentes la Decana y Vicedecano de nuestra Facultad. Luego de la presentaci\u00f3n del ministro, se inici\u00f3 la conferencia, con sesiones paralelas, en las que participan investigadores del \u00e1rea, incluyendo a nuestros acad\u00e9micos y acad\u00e9micas del DIIS. En los primeros d\u00edas de la conferencia se presentaron: Mathias Klapp, Alejandro Mac Cawley, Carolina Mart\u00ednez, Sergio Maturana y el profesor Jorge Vera. Durante la semana, se seguir\u00e1n presentando las sesiones de profesores y profesoras, siendo el d\u00eda jueves la charla de Rodrigo Carrasco, Margarita Castro. Finalmente el viernes ser\u00e1 turno de Gustavo Angulo.\u00a0 Tambi\u00e9n han estado presentes estudiantes de la Escuela de Ingenier\u00eda, especialmente ligados al Cap\u00edtulo Estudiantil CEIINS, quienes est\u00e1n activamente participando en el equipo de apoyo de la conferencia. Esta conferencia marca un hito para la ciencia nacional, ya que es la primera vez que Chile es anfitri\u00f3n de IFORS y segunda vez que el evento es realizado en Sudam\u00e9rica, y el DIIS y la Escuela de Ingenier\u00eda est\u00e1n teniendo un importante papel en esta. &nbsp;","og_url":"https:\/\/www.ing.uc.cl\/industrial-y-sistemas\/2023\/07\/12\/ifors-2023-impulsando-la-investigacion-operativa-para-la-excelencia-en-la-toma-de-decisiones-con-activa-presencia-de-ingenieria-industrial-uc\/","og_site_name":"Departamento de Ingenier\u00eda Industrial y de Sistemas","article_published_time":"2023-07-12T20:39:08+00:00","og_image":[{"width":1250,"height":700,"url":"https:\/\/www.ing.uc.cl\/industrial-y-sistemas\/wp-content\/uploads\/2023\/07\/portadas-notas-pag-web.png","type":"image\/png"}],"author":"Francisco H","twitter_card":"summary_large_image","twitter_misc":{"Escrito por":"Francisco H","Tiempo estimado de lectura":"2 minutos"},"schema":{"@context":"https:\/\/schema.org","@graph":[{"@type":"Article","@id":"https:\/\/www.ing.uc.cl\/industrial-y-sistemas\/2023\/07\/12\/ifors-2023-impulsando-la-investigacion-operativa-para-la-excelencia-en-la-toma-de-decisiones-con-activa-presencia-de-ingenieria-industrial-uc\/#article","isPartOf":{"@id":"https:\/\/www.ing.uc.cl\/industrial-y-sistemas\/2023\/07\/12\/ifors-2023-impulsando-la-investigacion-operativa-para-la-excelencia-en-la-toma-de-decisiones-con-activa-presencia-de-ingenieria-industrial-uc\/"},"author":{"name":"Francisco H","@id":"https:\/\/www.ing.uc.cl\/industrial-y-sistemas\/#\/schema\/person\/721a1ef791962c4167b0dad3ee596283"},"headline":"&#8220;IFORS 2023: Impulsando la Investigaci\u00f3n Operativa para la excelencia en la toma de decisiones&#8221; con activa presencia de Ingenier\u00eda Industrial UC","datePublished":"2023-07-12T20:39:08+00:00","mainEntityOfPage":{"@id":"https:\/\/www.ing.uc.cl\/industrial-y-sistemas\/2023\/07\/12\/ifors-2023-impulsando-la-investigacion-operativa-para-la-excelencia-en-la-toma-de-decisiones-con-activa-presencia-de-ingenieria-industrial-uc\/"},"wordCount":465,"publisher":{"@id":"https:\/\/www.ing.uc.cl\/industrial-y-sistemas\/#organization"},"image":{"@id":"https:\/\/www.ing.uc.cl\/industrial-y-sistemas\/2023\/07\/12\/ifors-2023-impulsando-la-investigacion-operativa-para-la-excelencia-en-la-toma-de-decisiones-con-activa-presencia-de-ingenieria-industrial-uc\/#primaryimage"},"thumbnailUrl":"https:\/\/www.ing.uc.cl\/industrial-y-sistemas\/wp-content\/uploads\/2023\/07\/portadas-notas-pag-web.png","inLanguage":"es-CL"},{"@type":"WebPage","@id":"https:\/\/www.ing.uc.cl\/industrial-y-sistemas\/2023\/07\/12\/ifors-2023-impulsando-la-investigacion-operativa-para-la-excelencia-en-la-toma-de-decisiones-con-activa-presencia-de-ingenieria-industrial-uc\/","url":"https:\/\/www.ing.uc.cl\/industrial-y-sistemas\/2023\/07\/12\/ifors-2023-impulsando-la-investigacion-operativa-para-la-excelencia-en-la-toma-de-decisiones-con-activa-presencia-de-ingenieria-industrial-uc\/","name":"\"IFORS 2023: Impulsando la Investigaci\u00f3n Operativa para la excelencia en la toma de decisiones\" con activa presencia de Ingenier\u00eda Industrial UC - Departamento de Ingenier\u00eda Industrial y de Sistemas","isPartOf":{"@id":"https:\/\/www.ing.uc.cl\/industrial-y-sistemas\/#website"},"primaryImageOfPage":{"@id":"https:\/\/www.ing.uc.cl\/industrial-y-sistemas\/2023\/07\/12\/ifors-2023-impulsando-la-investigacion-operativa-para-la-excelencia-en-la-toma-de-decisiones-con-activa-presencia-de-ingenieria-industrial-uc\/#primaryimage"},"image":{"@id":"https:\/\/www.ing.uc.cl\/industrial-y-sistemas\/2023\/07\/12\/ifors-2023-impulsando-la-investigacion-operativa-para-la-excelencia-en-la-toma-de-decisiones-con-activa-presencia-de-ingenieria-industrial-uc\/#primaryimage"},"thumbnailUrl":"https:\/\/www.ing.uc.cl\/industrial-y-sistemas\/wp-content\/uploads\/2023\/07\/portadas-notas-pag-web.png","datePublished":"2023-07-12T20:39:08+00:00","breadcrumb":{"@id":"https:\/\/www.ing.uc.cl\/industrial-y-sistemas\/2023\/07\/12\/ifors-2023-impulsando-la-investigacion-operativa-para-la-excelencia-en-la-toma-de-decisiones-con-activa-presencia-de-ingenieria-industrial-uc\/#breadcrumb"},"inLanguage":"es-CL","potentialAction":[{"@type":"ReadAction","target":["https:\/\/www.ing.uc.cl\/industrial-y-sistemas\/2023\/07\/12\/ifors-2023-impulsando-la-investigacion-operativa-para-la-excelencia-en-la-toma-de-decisiones-con-activa-presencia-de-ingenieria-industrial-uc\/"]}]},{"@type":"ImageObject","inLanguage":"es-CL","@id":"https:\/\/www.ing.uc.cl\/industrial-y-sistemas\/2023\/07\/12\/ifors-2023-impulsando-la-investigacion-operativa-para-la-excelencia-en-la-toma-de-decisiones-con-activa-presencia-de-ingenieria-industrial-uc\/#primaryimage","url":"https:\/\/www.ing.uc.cl\/industrial-y-sistemas\/wp-content\/uploads\/2023\/07\/portadas-notas-pag-web.png","contentUrl":"https:\/\/www.ing.uc.cl\/industrial-y-sistemas\/wp-content\/uploads\/2023\/07\/portadas-notas-pag-web.png","width":1250,"height":700},{"@type":"BreadcrumbList","@id":"https:\/\/www.ing.uc.cl\/industrial-y-sistemas\/2023\/07\/12\/ifors-2023-impulsando-la-investigacion-operativa-para-la-excelencia-en-la-toma-de-decisiones-con-activa-presencia-de-ingenieria-industrial-uc\/#breadcrumb","itemListElement":[{"@type":"ListItem","position":1,"name":"Portada","item":"https:\/\/www.ing.uc.cl\/industrial-y-sistemas\/"},{"@type":"ListItem","position":2,"name":"&#8220;IFORS 2023: Impulsando la Investigaci\u00f3n Operativa para la excelencia en la toma de decisiones&#8221; con activa presencia de Ingenier\u00eda Industrial UC"}]},{"@type":"WebSite","@id":"https:\/\/www.ing.uc.cl\/industrial-y-sistemas\/#website","url":"https:\/\/www.ing.uc.cl\/industrial-y-sistemas\/","name":"Departamento de Ingenier\u00eda Industrial y de Sistemas","description":"Escuela de Ingenier\u00eda","publisher":{"@id":"https:\/\/www.ing.uc.cl\/industrial-y-sistemas\/#organization"},"potentialAction":[{"@type":"SearchAction","target":{"@type":"EntryPoint","urlTemplate":"https:\/\/www.ing.uc.cl\/industrial-y-sistemas\/?s={search_term_string}"},"query-input":{"@type":"PropertyValueSpecification","valueRequired":true,"valueName":"search_term_string"}}],"inLanguage":"es-CL"},{"@type":"Organization","@id":"https:\/\/www.ing.uc.cl\/industrial-y-sistemas\/#organization","name":"Departamento de Ingenier\u00eda Industrial y de Sistemas","url":"https:\/\/www.ing.uc.cl\/industrial-y-sistemas\/","logo":{"@type":"ImageObject","inLanguage":"es-CL","@id":"https:\/\/www.ing.uc.cl\/industrial-y-sistemas\/#\/schema\/logo\/image\/","url":"https:\/\/www.ing.uc.cl\/industrial-y-sistemas\/wp-content\/uploads\/2023\/11\/cropped-UC-P2727-01.png","contentUrl":"https:\/\/www.ing.uc.cl\/industrial-y-sistemas\/wp-content\/uploads\/2023\/11\/cropped-UC-P2727-01.png","width":307,"height":414,"caption":"Departamento de Ingenier\u00eda Industrial y de Sistemas"},"image":{"@id":"https:\/\/www.ing.uc.cl\/industrial-y-sistemas\/#\/schema\/logo\/image\/"}},{"@type":"Person","@id":"https:\/\/www.ing.uc.cl\/industrial-y-sistemas\/#\/schema\/person\/721a1ef791962c4167b0dad3ee596283","name":"Francisco H","image":{"@type":"ImageObject","inLanguage":"es-CL","@id":"https:\/\/www.ing.uc.cl\/industrial-y-sistemas\/#\/schema\/person\/image\/","url":"https:\/\/secure.gravatar.com\/avatar\/63233762875caf7cb464abb0c994788b36bb5a903f4b5e6d958a14f57c41e047?s=96&d=mm&r=g","contentUrl":"https:\/\/secure.gravatar.com\/avatar\/63233762875caf7cb464abb0c994788b36bb5a903f4b5e6d958a14f57c41e047?s=96&d=mm&r=g","caption":"Francisco H"},"url":"https:\/\/www.ing.uc.cl\/industrial-y-sistemas\/author\/fherreros\/"}]}},"rttpg_featured_image_url":{"full":["https:\/\/www.ing.uc.cl\/industrial-y-sistemas\/wp-content\/uploads\/2023\/07\/portadas-notas-pag-web.png",1250,700,false],"landscape":["https:\/\/www.ing.uc.cl\/industrial-y-sistemas\/wp-content\/uploads\/2023\/07\/portadas-notas-pag-web.png",1250,700,false],"portraits":["https:\/\/www.ing.uc.cl\/industrial-y-sistemas\/wp-content\/uploads\/2023\/07\/portadas-notas-pag-web.png",1250,700,false],"thumbnail":["https:\/\/www.ing.uc.cl\/industrial-y-sistemas\/wp-content\/uploads\/2023\/07\/portadas-notas-pag-web-150x150.png",150,150,true],"medium":["https:\/\/www.ing.uc.cl\/industrial-y-sistemas\/wp-content\/uploads\/2023\/07\/portadas-notas-pag-web-300x168.png",300,168,true],"large":["https:\/\/www.ing.uc.cl\/industrial-y-sistemas\/wp-content\/uploads\/2023\/07\/portadas-notas-pag-web-1024x573.png",1024,573,true],"1536x1536":["https:\/\/www.ing.uc.cl\/industrial-y-sistemas\/wp-content\/uploads\/2023\/07\/portadas-notas-pag-web.png",1250,700,false],"2048x2048":["https:\/\/www.ing.uc.cl\/industrial-y-sistemas\/wp-content\/uploads\/2023\/07\/portadas-notas-pag-web.png",1250,700,false],"sow-carousel-default":["https:\/\/www.ing.uc.cl\/industrial-y-sistemas\/wp-content\/uploads\/2023\/07\/portadas-notas-pag-web-272x182.png",272,182,true]},"rttpg_author":{"display_name":"Francisco H","author_link":"https:\/\/www.ing.uc.cl\/industrial-y-sistemas\/author\/fherreros\/"},"rttpg_comment":0,"rttpg_category":"<a href=\"https:\/\/www.ing.uc.cl\/industrial-y-sistemas\/category\/sin-categoria\/\" rel=\"category tag\">Sin categor\u00eda<\/a>","rttpg_excerpt":"M\u00e1s de mil investigadores y estudiantes del \u00e1rea de Investigaci\u00f3n Operativa provenientes de m\u00e1s de 60 pa\u00edses se re\u00fanen esta semana en Santiago para la 23\u00aa edici\u00f3n de la Conferencia de la International Federation of Operational Research Socienties (IFORS). El evento est\u00e1 ocurriendo en el centro de extensi\u00f3n UC y en la FEN de la&hellip;","_links":{"self":[{"href":"https:\/\/www.ing.uc.cl\/industrial-y-sistemas\/wp-json\/wp\/v2\/posts\/354789","targetHints":{"allow":["GET"]}}],"collection":[{"href":"https:\/\/www.ing.uc.cl\/industrial-y-sistemas\/wp-json\/wp\/v2\/posts"}],"about":[{"href":"https:\/\/www.ing.uc.cl\/industrial-y-sistemas\/wp-json\/wp\/v2\/types\/post"}],"author":[{"embeddable":true,"href":"https:\/\/www.ing.uc.cl\/industrial-y-sistemas\/wp-json\/wp\/v2\/users\/4"}],"replies":[{"embeddable":true,"href":"https:\/\/www.ing.uc.cl\/industrial-y-sistemas\/wp-json\/wp\/v2\/comments?post=354789"}],"version-history":[{"count":0,"href":"https:\/\/www.ing.uc.cl\/industrial-y-sistemas\/wp-json\/wp\/v2\/posts\/354789\/revisions"}],"wp:featuredmedia":[{"embeddable":true,"href":"https:\/\/www.ing.uc.cl\/industrial-y-sistemas\/wp-json\/wp\/v2\/media\/354790"}],"wp:attachment":[{"href":"https:\/\/www.ing.uc.cl\/industrial-y-sistemas\/wp-json\/wp\/v2\/media?parent=354789"}],"wp:term":[{"taxonomy":"category","embeddable":true,"href":"https:\/\/www.ing.uc.cl\/industrial-y-sistemas\/wp-json\/wp\/v2\/categories?post=354789"},{"taxonomy":"post_tag","embeddable":true,"href":"https:\/\/www.ing.uc.cl\/industrial-y-sistemas\/wp-json\/wp\/v2\/tags?post=354789"}],"curies":[{"name":"wp","href":"https:\/\/api.w.org\/{rel}","templated":true}]}}