{"id":354819,"date":"2023-07-19T16:03:38","date_gmt":"2023-07-19T20:03:38","guid":{"rendered":"https:\/\/www.ing.uc.cl\/industrial-y-sistemas\/?post_type=post&amp;p=354819"},"modified":"2023-07-19T16:03:38","modified_gmt":"2023-07-19T20:03:38","slug":"entrevista-al-ceiins-por-informs","status":"publish","type":"post","link":"https:\/\/www.ing.uc.cl\/industrial-y-sistemas\/2023\/07\/19\/entrevista-al-ceiins-por-informs\/","title":{"rendered":"Entrevista al CEIINS por INFORMS"},"content":{"rendered":"<p><img fetchpriority=\"high\" decoding=\"async\" class=\"size-medium wp-image-354820 alignleft\" src=\"https:\/\/www.ing.uc.cl\/industrial-y-sistemas\/wp-content\/uploads\/2023\/07\/PontificalCatholicU-scaled-e1689796269130-274x300.jpg\" alt=\"\" width=\"274\" height=\"300\" srcset=\"https:\/\/www.ing.uc.cl\/industrial-y-sistemas\/wp-content\/uploads\/2023\/07\/PontificalCatholicU-scaled-e1689796269130-274x300.jpg 274w, https:\/\/www.ing.uc.cl\/industrial-y-sistemas\/wp-content\/uploads\/2023\/07\/PontificalCatholicU-scaled-e1689796269130-935x1024.jpg 935w, https:\/\/www.ing.uc.cl\/industrial-y-sistemas\/wp-content\/uploads\/2023\/07\/PontificalCatholicU-scaled-e1689796269130-768x841.jpg 768w, https:\/\/www.ing.uc.cl\/industrial-y-sistemas\/wp-content\/uploads\/2023\/07\/PontificalCatholicU-scaled-e1689796269130-1403x1536.jpg 1403w, https:\/\/www.ing.uc.cl\/industrial-y-sistemas\/wp-content\/uploads\/2023\/07\/PontificalCatholicU-scaled-e1689796269130-1871x2048.jpg 1871w, https:\/\/www.ing.uc.cl\/industrial-y-sistemas\/wp-content\/uploads\/2023\/07\/PontificalCatholicU-scaled-e1689796269130.jpg 1888w\" sizes=\"(max-width: 274px) 100vw, 274px\" \/><\/p>\n<p>El Cap\u00edtulo Estudiantil fue reconocido por el Instituto de Investigaci\u00f3n de Operaciones y Ciencias de la Gesti\u00f3n, <a href=\"https:\/\/www.informs.org\/\">sociedad<\/a> internacional para profesionales en los campos de la investigaci\u00f3n de operaciones, la ciencia de la gesti\u00f3n y el an\u00e1lisis.<\/p>\n<p>En la<a href=\"https:\/\/www.informs.org\/Publications\/OR-MS-Tomorrow\/Spotlight-Interview-with-Pontifical-Catholic-University-of-Chile-INFORMS-Student-Chapter\"> entrevista<\/a> podr\u00e1s encontrar un poco de la historia del cap\u00edtulo, como se reclutan nuevos miembros, quienes componen el <a href=\"https:\/\/www.ing.uc.cl\/industrial-y-sistemas\/departamento\/capitulo-estudiantil-ceiins\/\">CEIINS<\/a>, sus motivaciones y las actividades claves realizadas a lo largo del a\u00f1o. Adem\u00e1s, se destaca el c\u00f3mo el ser parte del <a href=\"https:\/\/www.instagram.com\/ceiins\/?hl=es\">cap\u00edtulo<\/a> es una contribuci\u00f3n a sus carreras.<\/p>\n<p>Dentro de los entrevistados se encuentra la presidenta del CEIINS, Josefa Vald\u00e9s, quien menciona el orgullo del reconocimiento por parte de INFORMS &#8220;As a chapter, we are very proud of this achievement. We truly appreciate the recognition for the activities we strive to organize and our efforts in creating a better environment for the OI Major. This recognition serves as motivation for us to continue improving and giving our best in the upcoming years&#8221;.<\/p>\n<p>\ud83d\udcf2<a href=\"https:\/\/www.informs.org\/Publications\/OR-MS-Tomorrow\/Spotlight-Interview-with-Pontifical-Catholic-University-of-Chile-INFORMS-Student-Chapter\">Revisa esto y m\u00e1s aqu\u00ed<\/a><\/p>\n<p>&nbsp;<\/p>\n<p>&nbsp;<\/p>\n","protected":false},"excerpt":{"rendered":"<p>El Cap\u00edtulo Estudiantil fue reconocido por el Instituto de Investigaci\u00f3n de Operaciones y Ciencias de la Gesti\u00f3n, sociedad internacional para profesionales en los campos de la investigaci\u00f3n de operaciones, la ciencia de la gesti\u00f3n y el an\u00e1lisis. En la entrevista podr\u00e1s encontrar un poco de la historia del cap\u00edtulo, como se reclutan nuevos miembros, quienes componen el CEIINS, sus motivaciones y las actividades claves realizadas a lo largo del a\u00f1o. Adem\u00e1s, se destaca el c\u00f3mo el ser parte del cap\u00edtulo es una contribuci\u00f3n a sus carreras. Dentro de los entrevistados se encuentra la presidenta del CEIINS, Josefa Vald\u00e9s, quien menciona el orgullo del reconocimiento por parte de INFORMS &#8220;As a chapter, we are very proud of this achievement. We truly appreciate the recognition for the activities we strive to organize and our efforts in creating a better environment for the OI Major. This recognition serves as motivation for us to continue improving and giving our best in the upcoming years&#8221;. \ud83d\udcf2Revisa esto y m\u00e1s aqu\u00ed &nbsp; &nbsp;<\/p>\n","protected":false},"author":4,"featured_media":354822,"comment_status":"closed","ping_status":"closed","sticky":false,"template":"","format":"standard","meta":{"site-sidebar-layout":"default","site-content-layout":"","ast-site-content-layout":"default","site-content-style":"default","site-sidebar-style":"default","ast-global-header-display":"","ast-banner-title-visibility":"","ast-main-header-display":"","ast-hfb-above-header-display":"","ast-hfb-below-header-display":"","ast-hfb-mobile-header-display":"","site-post-title":"","ast-breadcrumbs-content":"","ast-featured-img":"","footer-sml-layout":"","ast-disable-related-posts":"","theme-transparent-header-meta":"","adv-header-id-meta":"","stick-header-meta":"","header-above-stick-meta":"","header-main-stick-meta":"","header-below-stick-meta":"","astra-migrate-meta-layouts":"default","ast-page-background-enabled":"default","ast-page-background-meta":{"desktop":{"background-color":"","background-image":"","background-repeat":"repeat","background-position":"center center","background-size":"auto","background-attachment":"scroll","background-type":"","background-media":"","overlay-type":"","overlay-color":"","overlay-opacity":"","overlay-gradient":""},"tablet":{"background-color":"","background-image":"","background-repeat":"repeat","background-position":"center center","background-size":"auto","background-attachment":"scroll","background-type":"","background-media":"","overlay-type":"","overlay-color":"","overlay-opacity":"","overlay-gradient":""},"mobile":{"background-color":"","background-image":"","background-repeat":"repeat","background-position":"center center","background-size":"auto","background-attachment":"scroll","background-type":"","background-media":"","overlay-type":"","overlay-color":"","overlay-opacity":"","overlay-gradient":""}},"ast-content-background-meta":{"desktop":{"background-color":"var(--ast-global-color-5)","background-image":"","background-repeat":"repeat","background-position":"center center","background-size":"auto","background-attachment":"scroll","background-type":"","background-media":"","overlay-type":"","overlay-color":"","overlay-opacity":"","overlay-gradient":""},"tablet":{"background-color":"var(--ast-global-color-5)","background-image":"","background-repeat":"repeat","background-position":"center center","background-size":"auto","background-attachment":"scroll","background-type":"","background-media":"","overlay-type":"","overlay-color":"","overlay-opacity":"","overlay-gradient":""},"mobile":{"background-color":"var(--ast-global-color-5)","background-image":"","background-repeat":"repeat","background-position":"center center","background-size":"auto","background-attachment":"scroll","background-type":"","background-media":"","overlay-type":"","overlay-color":"","overlay-opacity":"","overlay-gradient":""}},"footnotes":""},"categories":[1],"tags":[],"class_list":["post-354819","post","type-post","status-publish","format-standard","has-post-thumbnail","hentry","category-sin-categoria"],"yoast_head":"<!-- This site is optimized with the Yoast SEO plugin v26.9 - https:\/\/yoast.com\/product\/yoast-seo-wordpress\/ -->\n<title>Entrevista al CEIINS por INFORMS - Departamento de Ingenier\u00eda Industrial y de Sistemas<\/title>\n<meta name=\"robots\" content=\"index, follow, max-snippet:-1, max-image-preview:large, max-video-preview:-1\" \/>\n<link rel=\"canonical\" href=\"https:\/\/www.ing.uc.cl\/industrial-y-sistemas\/2023\/07\/19\/entrevista-al-ceiins-por-informs\/\" \/>\n<meta property=\"og:locale\" content=\"es_ES\" \/>\n<meta property=\"og:type\" content=\"article\" \/>\n<meta property=\"og:title\" content=\"Entrevista al CEIINS por INFORMS - Departamento de Ingenier\u00eda Industrial y de Sistemas\" \/>\n<meta property=\"og:description\" content=\"El Cap\u00edtulo Estudiantil fue reconocido por el Instituto de Investigaci\u00f3n de Operaciones y Ciencias de la Gesti\u00f3n, sociedad internacional para profesionales en los campos de la investigaci\u00f3n de operaciones, la ciencia de la gesti\u00f3n y el an\u00e1lisis. En la entrevista podr\u00e1s encontrar un poco de la historia del cap\u00edtulo, como se reclutan nuevos miembros, quienes componen el CEIINS, sus motivaciones y las actividades claves realizadas a lo largo del a\u00f1o. Adem\u00e1s, se destaca el c\u00f3mo el ser parte del cap\u00edtulo es una contribuci\u00f3n a sus carreras. Dentro de los entrevistados se encuentra la presidenta del CEIINS, Josefa Vald\u00e9s, quien menciona el orgullo del reconocimiento por parte de INFORMS &#8220;As a chapter, we are very proud of this achievement. We truly appreciate the recognition for the activities we strive to organize and our efforts in creating a better environment for the OI Major. This recognition serves as motivation for us to continue improving and giving our best in the upcoming years&#8221;. \ud83d\udcf2Revisa esto y m\u00e1s aqu\u00ed &nbsp; &nbsp;\" \/>\n<meta property=\"og:url\" content=\"https:\/\/www.ing.uc.cl\/industrial-y-sistemas\/2023\/07\/19\/entrevista-al-ceiins-por-informs\/\" \/>\n<meta property=\"og:site_name\" content=\"Departamento de Ingenier\u00eda Industrial y de Sistemas\" \/>\n<meta property=\"article:published_time\" content=\"2023-07-19T20:03:38+00:00\" \/>\n<meta property=\"og:image\" content=\"https:\/\/www.ing.uc.cl\/industrial-y-sistemas\/wp-content\/uploads\/2023\/07\/portadas-notas-pag-web-2.png\" \/>\n\t<meta property=\"og:image:width\" content=\"1250\" \/>\n\t<meta property=\"og:image:height\" content=\"700\" \/>\n\t<meta property=\"og:image:type\" content=\"image\/png\" \/>\n<meta name=\"author\" content=\"Francisco H\" \/>\n<meta name=\"twitter:card\" content=\"summary_large_image\" \/>\n<meta name=\"twitter:label1\" content=\"Escrito por\" \/>\n\t<meta name=\"twitter:data1\" content=\"Francisco H\" \/>\n\t<meta name=\"twitter:label2\" content=\"Tiempo estimado de lectura\" \/>\n\t<meta name=\"twitter:data2\" content=\"1 minuto\" \/>\n<script type=\"application\/ld+json\" class=\"yoast-schema-graph\">{\"@context\":\"https:\/\/schema.org\",\"@graph\":[{\"@type\":\"Article\",\"@id\":\"https:\/\/www.ing.uc.cl\/industrial-y-sistemas\/2023\/07\/19\/entrevista-al-ceiins-por-informs\/#article\",\"isPartOf\":{\"@id\":\"https:\/\/www.ing.uc.cl\/industrial-y-sistemas\/2023\/07\/19\/entrevista-al-ceiins-por-informs\/\"},\"author\":{\"name\":\"Francisco H\",\"@id\":\"https:\/\/www.ing.uc.cl\/industrial-y-sistemas\/#\/schema\/person\/721a1ef791962c4167b0dad3ee596283\"},\"headline\":\"Entrevista al CEIINS por INFORMS\",\"datePublished\":\"2023-07-19T20:03:38+00:00\",\"mainEntityOfPage\":{\"@id\":\"https:\/\/www.ing.uc.cl\/industrial-y-sistemas\/2023\/07\/19\/entrevista-al-ceiins-por-informs\/\"},\"wordCount\":187,\"publisher\":{\"@id\":\"https:\/\/www.ing.uc.cl\/industrial-y-sistemas\/#organization\"},\"image\":{\"@id\":\"https:\/\/www.ing.uc.cl\/industrial-y-sistemas\/2023\/07\/19\/entrevista-al-ceiins-por-informs\/#primaryimage\"},\"thumbnailUrl\":\"https:\/\/www.ing.uc.cl\/industrial-y-sistemas\/wp-content\/uploads\/2023\/07\/portadas-notas-pag-web-2.png\",\"inLanguage\":\"es-CL\"},{\"@type\":\"WebPage\",\"@id\":\"https:\/\/www.ing.uc.cl\/industrial-y-sistemas\/2023\/07\/19\/entrevista-al-ceiins-por-informs\/\",\"url\":\"https:\/\/www.ing.uc.cl\/industrial-y-sistemas\/2023\/07\/19\/entrevista-al-ceiins-por-informs\/\",\"name\":\"Entrevista al CEIINS por INFORMS - Departamento de Ingenier\u00eda Industrial y de Sistemas\",\"isPartOf\":{\"@id\":\"https:\/\/www.ing.uc.cl\/industrial-y-sistemas\/#website\"},\"primaryImageOfPage\":{\"@id\":\"https:\/\/www.ing.uc.cl\/industrial-y-sistemas\/2023\/07\/19\/entrevista-al-ceiins-por-informs\/#primaryimage\"},\"image\":{\"@id\":\"https:\/\/www.ing.uc.cl\/industrial-y-sistemas\/2023\/07\/19\/entrevista-al-ceiins-por-informs\/#primaryimage\"},\"thumbnailUrl\":\"https:\/\/www.ing.uc.cl\/industrial-y-sistemas\/wp-content\/uploads\/2023\/07\/portadas-notas-pag-web-2.png\",\"datePublished\":\"2023-07-19T20:03:38+00:00\",\"breadcrumb\":{\"@id\":\"https:\/\/www.ing.uc.cl\/industrial-y-sistemas\/2023\/07\/19\/entrevista-al-ceiins-por-informs\/#breadcrumb\"},\"inLanguage\":\"es-CL\",\"potentialAction\":[{\"@type\":\"ReadAction\",\"target\":[\"https:\/\/www.ing.uc.cl\/industrial-y-sistemas\/2023\/07\/19\/entrevista-al-ceiins-por-informs\/\"]}]},{\"@type\":\"ImageObject\",\"inLanguage\":\"es-CL\",\"@id\":\"https:\/\/www.ing.uc.cl\/industrial-y-sistemas\/2023\/07\/19\/entrevista-al-ceiins-por-informs\/#primaryimage\",\"url\":\"https:\/\/www.ing.uc.cl\/industrial-y-sistemas\/wp-content\/uploads\/2023\/07\/portadas-notas-pag-web-2.png\",\"contentUrl\":\"https:\/\/www.ing.uc.cl\/industrial-y-sistemas\/wp-content\/uploads\/2023\/07\/portadas-notas-pag-web-2.png\",\"width\":1250,\"height\":700},{\"@type\":\"BreadcrumbList\",\"@id\":\"https:\/\/www.ing.uc.cl\/industrial-y-sistemas\/2023\/07\/19\/entrevista-al-ceiins-por-informs\/#breadcrumb\",\"itemListElement\":[{\"@type\":\"ListItem\",\"position\":1,\"name\":\"Portada\",\"item\":\"https:\/\/www.ing.uc.cl\/industrial-y-sistemas\/\"},{\"@type\":\"ListItem\",\"position\":2,\"name\":\"Entrevista al CEIINS por INFORMS\"}]},{\"@type\":\"WebSite\",\"@id\":\"https:\/\/www.ing.uc.cl\/industrial-y-sistemas\/#website\",\"url\":\"https:\/\/www.ing.uc.cl\/industrial-y-sistemas\/\",\"name\":\"Departamento de Ingenier\u00eda Industrial y de Sistemas\",\"description\":\"Escuela de Ingenier\u00eda\",\"publisher\":{\"@id\":\"https:\/\/www.ing.uc.cl\/industrial-y-sistemas\/#organization\"},\"potentialAction\":[{\"@type\":\"SearchAction\",\"target\":{\"@type\":\"EntryPoint\",\"urlTemplate\":\"https:\/\/www.ing.uc.cl\/industrial-y-sistemas\/?s={search_term_string}\"},\"query-input\":{\"@type\":\"PropertyValueSpecification\",\"valueRequired\":true,\"valueName\":\"search_term_string\"}}],\"inLanguage\":\"es-CL\"},{\"@type\":\"Organization\",\"@id\":\"https:\/\/www.ing.uc.cl\/industrial-y-sistemas\/#organization\",\"name\":\"Departamento de Ingenier\u00eda Industrial y de Sistemas\",\"url\":\"https:\/\/www.ing.uc.cl\/industrial-y-sistemas\/\",\"logo\":{\"@type\":\"ImageObject\",\"inLanguage\":\"es-CL\",\"@id\":\"https:\/\/www.ing.uc.cl\/industrial-y-sistemas\/#\/schema\/logo\/image\/\",\"url\":\"https:\/\/www.ing.uc.cl\/industrial-y-sistemas\/wp-content\/uploads\/2023\/11\/cropped-UC-P2727-01.png\",\"contentUrl\":\"https:\/\/www.ing.uc.cl\/industrial-y-sistemas\/wp-content\/uploads\/2023\/11\/cropped-UC-P2727-01.png\",\"width\":307,\"height\":414,\"caption\":\"Departamento de Ingenier\u00eda Industrial y de Sistemas\"},\"image\":{\"@id\":\"https:\/\/www.ing.uc.cl\/industrial-y-sistemas\/#\/schema\/logo\/image\/\"}},{\"@type\":\"Person\",\"@id\":\"https:\/\/www.ing.uc.cl\/industrial-y-sistemas\/#\/schema\/person\/721a1ef791962c4167b0dad3ee596283\",\"name\":\"Francisco H\",\"image\":{\"@type\":\"ImageObject\",\"inLanguage\":\"es-CL\",\"@id\":\"https:\/\/www.ing.uc.cl\/industrial-y-sistemas\/#\/schema\/person\/image\/\",\"url\":\"https:\/\/secure.gravatar.com\/avatar\/63233762875caf7cb464abb0c994788b36bb5a903f4b5e6d958a14f57c41e047?s=96&d=mm&r=g\",\"contentUrl\":\"https:\/\/secure.gravatar.com\/avatar\/63233762875caf7cb464abb0c994788b36bb5a903f4b5e6d958a14f57c41e047?s=96&d=mm&r=g\",\"caption\":\"Francisco H\"},\"url\":\"https:\/\/www.ing.uc.cl\/industrial-y-sistemas\/author\/fherreros\/\"}]}<\/script>\n<!-- \/ Yoast SEO plugin. -->","yoast_head_json":{"title":"Entrevista al CEIINS por INFORMS - Departamento de Ingenier\u00eda Industrial y de Sistemas","robots":{"index":"index","follow":"follow","max-snippet":"max-snippet:-1","max-image-preview":"max-image-preview:large","max-video-preview":"max-video-preview:-1"},"canonical":"https:\/\/www.ing.uc.cl\/industrial-y-sistemas\/2023\/07\/19\/entrevista-al-ceiins-por-informs\/","og_locale":"es_ES","og_type":"article","og_title":"Entrevista al CEIINS por INFORMS - Departamento de Ingenier\u00eda Industrial y de Sistemas","og_description":"El Cap\u00edtulo Estudiantil fue reconocido por el Instituto de Investigaci\u00f3n de Operaciones y Ciencias de la Gesti\u00f3n, sociedad internacional para profesionales en los campos de la investigaci\u00f3n de operaciones, la ciencia de la gesti\u00f3n y el an\u00e1lisis. En la entrevista podr\u00e1s encontrar un poco de la historia del cap\u00edtulo, como se reclutan nuevos miembros, quienes componen el CEIINS, sus motivaciones y las actividades claves realizadas a lo largo del a\u00f1o. Adem\u00e1s, se destaca el c\u00f3mo el ser parte del cap\u00edtulo es una contribuci\u00f3n a sus carreras. Dentro de los entrevistados se encuentra la presidenta del CEIINS, Josefa Vald\u00e9s, quien menciona el orgullo del reconocimiento por parte de INFORMS &#8220;As a chapter, we are very proud of this achievement. We truly appreciate the recognition for the activities we strive to organize and our efforts in creating a better environment for the OI Major. This recognition serves as motivation for us to continue improving and giving our best in the upcoming years&#8221;. \ud83d\udcf2Revisa esto y m\u00e1s aqu\u00ed &nbsp; &nbsp;","og_url":"https:\/\/www.ing.uc.cl\/industrial-y-sistemas\/2023\/07\/19\/entrevista-al-ceiins-por-informs\/","og_site_name":"Departamento de Ingenier\u00eda Industrial y de Sistemas","article_published_time":"2023-07-19T20:03:38+00:00","og_image":[{"width":1250,"height":700,"url":"https:\/\/www.ing.uc.cl\/industrial-y-sistemas\/wp-content\/uploads\/2023\/07\/portadas-notas-pag-web-2.png","type":"image\/png"}],"author":"Francisco H","twitter_card":"summary_large_image","twitter_misc":{"Escrito por":"Francisco H","Tiempo estimado de lectura":"1 minuto"},"schema":{"@context":"https:\/\/schema.org","@graph":[{"@type":"Article","@id":"https:\/\/www.ing.uc.cl\/industrial-y-sistemas\/2023\/07\/19\/entrevista-al-ceiins-por-informs\/#article","isPartOf":{"@id":"https:\/\/www.ing.uc.cl\/industrial-y-sistemas\/2023\/07\/19\/entrevista-al-ceiins-por-informs\/"},"author":{"name":"Francisco H","@id":"https:\/\/www.ing.uc.cl\/industrial-y-sistemas\/#\/schema\/person\/721a1ef791962c4167b0dad3ee596283"},"headline":"Entrevista al CEIINS por INFORMS","datePublished":"2023-07-19T20:03:38+00:00","mainEntityOfPage":{"@id":"https:\/\/www.ing.uc.cl\/industrial-y-sistemas\/2023\/07\/19\/entrevista-al-ceiins-por-informs\/"},"wordCount":187,"publisher":{"@id":"https:\/\/www.ing.uc.cl\/industrial-y-sistemas\/#organization"},"image":{"@id":"https:\/\/www.ing.uc.cl\/industrial-y-sistemas\/2023\/07\/19\/entrevista-al-ceiins-por-informs\/#primaryimage"},"thumbnailUrl":"https:\/\/www.ing.uc.cl\/industrial-y-sistemas\/wp-content\/uploads\/2023\/07\/portadas-notas-pag-web-2.png","inLanguage":"es-CL"},{"@type":"WebPage","@id":"https:\/\/www.ing.uc.cl\/industrial-y-sistemas\/2023\/07\/19\/entrevista-al-ceiins-por-informs\/","url":"https:\/\/www.ing.uc.cl\/industrial-y-sistemas\/2023\/07\/19\/entrevista-al-ceiins-por-informs\/","name":"Entrevista al CEIINS por INFORMS - Departamento de Ingenier\u00eda Industrial y de Sistemas","isPartOf":{"@id":"https:\/\/www.ing.uc.cl\/industrial-y-sistemas\/#website"},"primaryImageOfPage":{"@id":"https:\/\/www.ing.uc.cl\/industrial-y-sistemas\/2023\/07\/19\/entrevista-al-ceiins-por-informs\/#primaryimage"},"image":{"@id":"https:\/\/www.ing.uc.cl\/industrial-y-sistemas\/2023\/07\/19\/entrevista-al-ceiins-por-informs\/#primaryimage"},"thumbnailUrl":"https:\/\/www.ing.uc.cl\/industrial-y-sistemas\/wp-content\/uploads\/2023\/07\/portadas-notas-pag-web-2.png","datePublished":"2023-07-19T20:03:38+00:00","breadcrumb":{"@id":"https:\/\/www.ing.uc.cl\/industrial-y-sistemas\/2023\/07\/19\/entrevista-al-ceiins-por-informs\/#breadcrumb"},"inLanguage":"es-CL","potentialAction":[{"@type":"ReadAction","target":["https:\/\/www.ing.uc.cl\/industrial-y-sistemas\/2023\/07\/19\/entrevista-al-ceiins-por-informs\/"]}]},{"@type":"ImageObject","inLanguage":"es-CL","@id":"https:\/\/www.ing.uc.cl\/industrial-y-sistemas\/2023\/07\/19\/entrevista-al-ceiins-por-informs\/#primaryimage","url":"https:\/\/www.ing.uc.cl\/industrial-y-sistemas\/wp-content\/uploads\/2023\/07\/portadas-notas-pag-web-2.png","contentUrl":"https:\/\/www.ing.uc.cl\/industrial-y-sistemas\/wp-content\/uploads\/2023\/07\/portadas-notas-pag-web-2.png","width":1250,"height":700},{"@type":"BreadcrumbList","@id":"https:\/\/www.ing.uc.cl\/industrial-y-sistemas\/2023\/07\/19\/entrevista-al-ceiins-por-informs\/#breadcrumb","itemListElement":[{"@type":"ListItem","position":1,"name":"Portada","item":"https:\/\/www.ing.uc.cl\/industrial-y-sistemas\/"},{"@type":"ListItem","position":2,"name":"Entrevista al CEIINS por INFORMS"}]},{"@type":"WebSite","@id":"https:\/\/www.ing.uc.cl\/industrial-y-sistemas\/#website","url":"https:\/\/www.ing.uc.cl\/industrial-y-sistemas\/","name":"Departamento de Ingenier\u00eda Industrial y de Sistemas","description":"Escuela de Ingenier\u00eda","publisher":{"@id":"https:\/\/www.ing.uc.cl\/industrial-y-sistemas\/#organization"},"potentialAction":[{"@type":"SearchAction","target":{"@type":"EntryPoint","urlTemplate":"https:\/\/www.ing.uc.cl\/industrial-y-sistemas\/?s={search_term_string}"},"query-input":{"@type":"PropertyValueSpecification","valueRequired":true,"valueName":"search_term_string"}}],"inLanguage":"es-CL"},{"@type":"Organization","@id":"https:\/\/www.ing.uc.cl\/industrial-y-sistemas\/#organization","name":"Departamento de Ingenier\u00eda Industrial y de Sistemas","url":"https:\/\/www.ing.uc.cl\/industrial-y-sistemas\/","logo":{"@type":"ImageObject","inLanguage":"es-CL","@id":"https:\/\/www.ing.uc.cl\/industrial-y-sistemas\/#\/schema\/logo\/image\/","url":"https:\/\/www.ing.uc.cl\/industrial-y-sistemas\/wp-content\/uploads\/2023\/11\/cropped-UC-P2727-01.png","contentUrl":"https:\/\/www.ing.uc.cl\/industrial-y-sistemas\/wp-content\/uploads\/2023\/11\/cropped-UC-P2727-01.png","width":307,"height":414,"caption":"Departamento de Ingenier\u00eda Industrial y de Sistemas"},"image":{"@id":"https:\/\/www.ing.uc.cl\/industrial-y-sistemas\/#\/schema\/logo\/image\/"}},{"@type":"Person","@id":"https:\/\/www.ing.uc.cl\/industrial-y-sistemas\/#\/schema\/person\/721a1ef791962c4167b0dad3ee596283","name":"Francisco H","image":{"@type":"ImageObject","inLanguage":"es-CL","@id":"https:\/\/www.ing.uc.cl\/industrial-y-sistemas\/#\/schema\/person\/image\/","url":"https:\/\/secure.gravatar.com\/avatar\/63233762875caf7cb464abb0c994788b36bb5a903f4b5e6d958a14f57c41e047?s=96&d=mm&r=g","contentUrl":"https:\/\/secure.gravatar.com\/avatar\/63233762875caf7cb464abb0c994788b36bb5a903f4b5e6d958a14f57c41e047?s=96&d=mm&r=g","caption":"Francisco H"},"url":"https:\/\/www.ing.uc.cl\/industrial-y-sistemas\/author\/fherreros\/"}]}},"rttpg_featured_image_url":{"full":["https:\/\/www.ing.uc.cl\/industrial-y-sistemas\/wp-content\/uploads\/2023\/07\/portadas-notas-pag-web-2.png",1250,700,false],"landscape":["https:\/\/www.ing.uc.cl\/industrial-y-sistemas\/wp-content\/uploads\/2023\/07\/portadas-notas-pag-web-2.png",1250,700,false],"portraits":["https:\/\/www.ing.uc.cl\/industrial-y-sistemas\/wp-content\/uploads\/2023\/07\/portadas-notas-pag-web-2.png",1250,700,false],"thumbnail":["https:\/\/www.ing.uc.cl\/industrial-y-sistemas\/wp-content\/uploads\/2023\/07\/portadas-notas-pag-web-2-150x150.png",150,150,true],"medium":["https:\/\/www.ing.uc.cl\/industrial-y-sistemas\/wp-content\/uploads\/2023\/07\/portadas-notas-pag-web-2-300x168.png",300,168,true],"large":["https:\/\/www.ing.uc.cl\/industrial-y-sistemas\/wp-content\/uploads\/2023\/07\/portadas-notas-pag-web-2-1024x573.png",1024,573,true],"1536x1536":["https:\/\/www.ing.uc.cl\/industrial-y-sistemas\/wp-content\/uploads\/2023\/07\/portadas-notas-pag-web-2.png",1250,700,false],"2048x2048":["https:\/\/www.ing.uc.cl\/industrial-y-sistemas\/wp-content\/uploads\/2023\/07\/portadas-notas-pag-web-2.png",1250,700,false],"sow-carousel-default":["https:\/\/www.ing.uc.cl\/industrial-y-sistemas\/wp-content\/uploads\/2023\/07\/portadas-notas-pag-web-2-272x182.png",272,182,true]},"rttpg_author":{"display_name":"Francisco H","author_link":"https:\/\/www.ing.uc.cl\/industrial-y-sistemas\/author\/fherreros\/"},"rttpg_comment":0,"rttpg_category":"<a href=\"https:\/\/www.ing.uc.cl\/industrial-y-sistemas\/category\/sin-categoria\/\" rel=\"category tag\">Sin categor\u00eda<\/a>","rttpg_excerpt":"El Cap\u00edtulo Estudiantil fue reconocido por el Instituto de Investigaci\u00f3n de Operaciones y Ciencias de la Gesti\u00f3n, sociedad internacional para profesionales en los campos de la investigaci\u00f3n de operaciones, la ciencia de la gesti\u00f3n y el an\u00e1lisis. En la entrevista podr\u00e1s encontrar un poco de la historia del cap\u00edtulo, como se reclutan nuevos miembros, quienes&hellip;","_links":{"self":[{"href":"https:\/\/www.ing.uc.cl\/industrial-y-sistemas\/wp-json\/wp\/v2\/posts\/354819","targetHints":{"allow":["GET"]}}],"collection":[{"href":"https:\/\/www.ing.uc.cl\/industrial-y-sistemas\/wp-json\/wp\/v2\/posts"}],"about":[{"href":"https:\/\/www.ing.uc.cl\/industrial-y-sistemas\/wp-json\/wp\/v2\/types\/post"}],"author":[{"embeddable":true,"href":"https:\/\/www.ing.uc.cl\/industrial-y-sistemas\/wp-json\/wp\/v2\/users\/4"}],"replies":[{"embeddable":true,"href":"https:\/\/www.ing.uc.cl\/industrial-y-sistemas\/wp-json\/wp\/v2\/comments?post=354819"}],"version-history":[{"count":0,"href":"https:\/\/www.ing.uc.cl\/industrial-y-sistemas\/wp-json\/wp\/v2\/posts\/354819\/revisions"}],"wp:featuredmedia":[{"embeddable":true,"href":"https:\/\/www.ing.uc.cl\/industrial-y-sistemas\/wp-json\/wp\/v2\/media\/354822"}],"wp:attachment":[{"href":"https:\/\/www.ing.uc.cl\/industrial-y-sistemas\/wp-json\/wp\/v2\/media?parent=354819"}],"wp:term":[{"taxonomy":"category","embeddable":true,"href":"https:\/\/www.ing.uc.cl\/industrial-y-sistemas\/wp-json\/wp\/v2\/categories?post=354819"},{"taxonomy":"post_tag","embeddable":true,"href":"https:\/\/www.ing.uc.cl\/industrial-y-sistemas\/wp-json\/wp\/v2\/tags?post=354819"}],"curies":[{"name":"wp","href":"https:\/\/api.w.org\/{rel}","templated":true}]}}