{"id":354853,"date":"2023-08-22T11:07:12","date_gmt":"2023-08-22T15:07:12","guid":{"rendered":"https:\/\/www.ing.uc.cl\/industrial-y-sistemas\/?post_type=post&amp;p=354853"},"modified":"2023-08-22T11:07:12","modified_gmt":"2023-08-22T15:07:12","slug":"magdalena-bennett-egresada-del-diis-y-profesora-en-universidad-de-texas-cuando-vi-en-la-ingenieria-una-herramienta-para-combatir-la-segregacion-escolar-no-la-solte-mas","status":"publish","type":"post","link":"https:\/\/www.ing.uc.cl\/industrial-y-sistemas\/2023\/08\/22\/magdalena-bennett-egresada-del-diis-y-profesora-en-universidad-de-texas-cuando-vi-en-la-ingenieria-una-herramienta-para-combatir-la-segregacion-escolar-no-la-solte-mas\/","title":{"rendered":"Magdalena Bennett, Egresada del DIIS y profesora en Universidad de Texas \u201cCuando vi en la ingenier\u00eda una herramienta para combatir la segregaci\u00f3n escolar, no la solt\u00e9  m\u00e1s\u201d"},"content":{"rendered":"<p style=\"text-align: justify;\"><i><span style=\"font-weight: 400;\">Magdalena Bennett es actualmente Profesora Asistente en la Universidad de Austin, Texas, egres\u00f3 del Departamento de Ingenier\u00eda Industrial y de Sistemas en el a\u00f1o 2012. Su carrera acad\u00e9mica siempre ha estado fuertemente ligada al desarrollo de evidencia para la pol\u00edtica p\u00fablica que aporte al disminuir la segregaci\u00f3n escolar y educativa. Te contamos un poco m\u00e1s de ella en esta entrevista que le di\u00f3 al DIIS en su \u00faltima visita a Chile.\u00a0<\/span><\/i><\/p>\n<p><img fetchpriority=\"high\" decoding=\"async\" class=\"size-medium wp-image-354858 aligncenter\" src=\"https:\/\/www.ing.uc.cl\/industrial-y-sistemas\/wp-content\/uploads\/2023\/08\/mai_bw-300x297.jpeg\" alt=\"\" width=\"300\" height=\"297\" \/><\/p>\n<p style=\"text-align: justify;\"><span style=\"font-weight: 400;\">\u201cSal\u00ed de ingenier\u00eda el 2012, pas\u00e9 el pregrado e hice el Magister aqu\u00ed mismo (DIIS). Segu\u00ed todo el tiempo siempre haciendo carrera acad\u00e9mica, me fui a hacer mi segundo Mag\u00edster en Londres y despu\u00e9s hice el doctorado en Columbia en Econom\u00eda de la Educaci\u00f3n. Llevo viviendo en EEUU desde principios del 2015 y ahora soy Profesora Asistente en la Universidad de Texas.\u201d<\/span><\/p>\n<p style=\"text-align: justify;\"><b>\u00bfQu\u00e9 aspectos de la ingenier\u00eda fueron los que m\u00e1s te motivaron? \u00bfQu\u00e9 referentes? \u00bfQu\u00e9 asignaturas?\u00a0<\/b><\/p>\n<p style=\"text-align: justify;\"><span style=\"font-weight: 400;\">\u201cUna de las cosas choras de ingenier\u00eda es que me permiti\u00f3 hacer dos cosas a la vez: juntar el mundo de las matem\u00e1ticas y la pol\u00edtica p\u00fablica. Tengo super fuerte la parte de estad\u00edsticas y de m\u00e9todo, pero siempre vinculada a aplicaciones que son de pol\u00edtica p\u00fablica. Fui ayudante de Ricardo Paredes durante muchos a\u00f1os, despu\u00e9s trabaj\u00e9 con Luis Cifuentes, ellos fueron mis mentores y quienes me orientaron mayormente en este camino. Trabaj\u00e9 tambi\u00e9n, en el proyecto de la Escuela de Ingenier\u00eda llamado Talento e Inclusi\u00f3n, con la primera generaci\u00f3n que eran 20 alumnos que admitimos ese a\u00f1o. Este proyecto busca incorporar alumnos de excelencia de distintos colegios que por distintos motivos no obtuvieron el puntaje que pide la UC. Nosotros como escuela fuimos quienes impulsamos eso y despu\u00e9s se volvi\u00f3 una pol\u00edtica universitaria\u201d.\u00a0<\/span><\/p>\n<p style=\"text-align: justify;\"><span style=\"font-weight: 400;\">\u201cLo que me impuls\u00f3 a seguir este camino fue encontrar la Econom\u00eda en general, y segu\u00ed tomando muchos ramos relacionados con eso, creo que Ingenier\u00eda te da mucho la posibilidad de hacer cosas muy distintas, y juntar mundos diferentes\u201d.<\/span><\/p>\n<p style=\"text-align: justify;\"><b>\u00bfC\u00f3mo empez\u00f3 a entrar la educaci\u00f3n en tus investigaciones? <\/b><span style=\"font-weight: 400;\">\u00a0<\/span><\/p>\n<p style=\"text-align: justify;\"><span style=\"font-weight: 400;\">\u201cLa mayor\u00eda de las aplicaciones que uso est\u00e1n enfocadas en educaci\u00f3n, es el tema que m\u00e1s me interesa porque es un tema de pol\u00edtica p\u00fablica fundamental y muy complejo. Mi tema se enfoca en la segregaci\u00f3n escolar y fundamentalmente en las bajas oportunidades que estudiantes de estratos socioecon\u00f3micos bajos tienen en comparaci\u00f3n con otros estudiantes. Esto debido a que se cobra un copago, que hace que colegios mejores cobren muy caro, entonces segregan en t\u00e9rminos de ingresos por <\/span><i><span style=\"font-weight: 400;\">lucas<\/span><\/i><span style=\"font-weight: 400;\">. En el caso de Estados Unidos, donde tambi\u00e9n tengo investigaci\u00f3n, se trata de un tema racial, puesto que en los colegio<\/span><span style=\"font-weight: 400;\">s<\/span><span style=\"font-weight: 400;\"> no se mezclan mucho. En Chile, en particular<\/span><span style=\"font-weight: 400;\">,<\/span><span style=\"font-weight: 400;\"> eso es supernotorio, lo vimos en Talento e Inclusi\u00f3n, hab\u00eda gente muy buena, pero por distintas razones no alcanzaron puntajes tan altos, pero una vez que entraban pod\u00edan rendir muy bien, incluso mejor que estudiantes que ten\u00edan mejor puntaje, pero que ven\u00edan de otro contexto\u201d<\/span><span style=\"font-weight: 400;\">.<\/span><\/p>\n<p style=\"text-align: justify;\"><span style=\"font-weight: 400;\">\u201cParticip\u00e9 mucho en pol\u00edtica universitaria, cuando estaba terminando el magister me met\u00ed en J-PAL en la Facultad de Econom\u00eda, el Poverty Action Lab. Ellos tratan de generar evidencia para la pol\u00edtica p\u00fablica de una manera super rigurosa, cuantitativamente\u201d.\u00a0<\/span><\/p>\n<p style=\"text-align: justify;\"><b>\u00bfC\u00f3mo es Texas?<\/b><\/p>\n<p style=\"text-align: justify;\"><span style=\"font-weight: 400;\">\u201cActualmente, hago clases de Data Science, estoy en el grupo de estad\u00edstica dentro de la Facultad de Negocios de la Universidad de Texas\u201d.\u00a0<\/span><\/p>\n<p style=\"text-align: justify;\"><span style=\"font-weight: 400;\">\u201cAll\u00e1 hay cursos que se llaman CORE que los tienen que tomar todos los estudiantes, independientemente del \u00e1rea en que te especialices, le hago a todos los estudiantes de la Escuela de Negocios de pregrado de segundo a\u00f1o, este es el segundo ramo de estad\u00edsticas que tienen que tomar y es obligatorio para todos. Tengo estudiantes muy diversos, muchos son primera o segunda generaci\u00f3n de inmigrantes. Entonces si hay mucha heterogeneidad y es un mundo bien rico e interesante\u201d.\u00a0<\/span><\/p>\n<p style=\"text-align: justify;\"><strong>\u00bfY la vida en Texas, qu\u00e9 tal?<\/strong><\/p>\n<p style=\"text-align: justify;\"><span style=\"font-weight: 400;\">\u201cTengo un perro de dos a\u00f1os, maravilloso, se llama Bob Dylan, es el mejor perro de la vida, hago deporte para desestresarme, pero hace poco me compr\u00e9 una m\u00e1quina de coser y aprend\u00ed a coser, me encantan las manualidades, tu cerebro te pide hacer algo diferente que no sea programar o escribir papers\u201d.\u00a0<\/span><\/p>\n<p style=\"text-align: justify;\"><span style=\"font-weight: 400;\">\u201cEn cuanto a Texas puedo decir que tiene un invierno para nada terrible e incluso hace calor, puedes estar mucho afuera, Austin en general es bien bonito, si uno considera que Texas en general es bastante seco, Austin es como un oasis, tiene muchos lagos y r\u00edos cerca, es una ciudad joven, muy cool que se volvi\u00f3 la alternativa a Silicon Valley, ya que hubo mucha migraci\u00f3n despu\u00e9s de la pandemia. Es una ciudad bien entretenida, hay mucha comida rica, cosas culturales, m\u00fasica, a m\u00ed en particular me gusta mucho el brit pop, rock cl\u00e1sico, Bod Dylan, Arctic Monkeys, bandas inglesas\u201d.\u00a0<\/span><\/p>\n<p style=\"text-align: justify;\"><span style=\"font-weight: 400;\">Tambi\u00e9n vengo seguido a Chile, a ver a mi familia, a escapar del calor infernal de Austin y disfrutar el invierno tibio de ac\u00e1.\u00a0<\/span><\/p>\n<p style=\"text-align: justify;\"><span style=\"font-weight: 400;\">Si quieres conocer m\u00e1s de la investigaci\u00f3n de Magdalena Bennett, revisa su p\u00e1gina:\u00a0<\/span><\/p>\n<p style=\"text-align: justify;\"><a href=\"https:\/\/www.magdalenabennett.com\/\">https:\/\/www.magdalenabennett.com<\/a><\/p>\n<p>&nbsp;<\/p>\n<p>Texto y fotos: Catalina Moya Catal\u00e1n<\/p>\n<p>cmoc@uc.cl<\/p>\n","protected":false},"excerpt":{"rendered":"<p>Magdalena Bennett es actualmente Profesora Asistente en la Universidad de Austin, Texas, egres\u00f3 del Departamento de Ingenier\u00eda Industrial y de Sistemas en el a\u00f1o 2012. Su carrera acad\u00e9mica siempre ha estado fuertemente ligada al desarrollo de evidencia para la pol\u00edtica p\u00fablica que aporte al disminuir la segregaci\u00f3n escolar y educativa. Te contamos un poco m\u00e1s de ella en esta entrevista que le di\u00f3 al DIIS en su \u00faltima visita a Chile.\u00a0 \u201cSal\u00ed de ingenier\u00eda el 2012, pas\u00e9 el pregrado e hice el Magister aqu\u00ed mismo (DIIS). Segu\u00ed todo el tiempo siempre haciendo carrera acad\u00e9mica, me fui a hacer mi segundo Mag\u00edster en Londres y despu\u00e9s hice el doctorado en Columbia en Econom\u00eda de la Educaci\u00f3n. Llevo viviendo en EEUU desde principios del 2015 y ahora soy Profesora Asistente en la Universidad de Texas.\u201d \u00bfQu\u00e9 aspectos de la ingenier\u00eda fueron los que m\u00e1s te motivaron? \u00bfQu\u00e9 referentes? \u00bfQu\u00e9 asignaturas?\u00a0 \u201cUna de las cosas choras de ingenier\u00eda es que me permiti\u00f3 hacer dos cosas a la vez: juntar el mundo de las matem\u00e1ticas y la pol\u00edtica p\u00fablica. Tengo super fuerte la parte de estad\u00edsticas y de m\u00e9todo, pero siempre vinculada a aplicaciones que son de pol\u00edtica p\u00fablica. Fui ayudante de Ricardo Paredes durante muchos a\u00f1os, despu\u00e9s trabaj\u00e9 con Luis Cifuentes, ellos fueron mis mentores y quienes me orientaron mayormente en este camino. Trabaj\u00e9 tambi\u00e9n, en el proyecto de la Escuela de Ingenier\u00eda llamado Talento e Inclusi\u00f3n, con la primera generaci\u00f3n que eran 20 alumnos que admitimos ese a\u00f1o. Este proyecto busca incorporar alumnos de excelencia de distintos colegios que por distintos motivos no obtuvieron el puntaje que pide la UC. Nosotros como escuela fuimos quienes impulsamos eso y despu\u00e9s se volvi\u00f3 una pol\u00edtica universitaria\u201d.\u00a0 \u201cLo que me impuls\u00f3 a seguir este camino fue encontrar la Econom\u00eda en general, y segu\u00ed tomando muchos ramos relacionados con eso, creo que Ingenier\u00eda te da mucho la posibilidad de hacer cosas muy distintas, y juntar mundos diferentes\u201d. \u00bfC\u00f3mo empez\u00f3 a entrar la educaci\u00f3n en tus investigaciones? \u00a0 \u201cLa mayor\u00eda de las aplicaciones que uso est\u00e1n enfocadas en educaci\u00f3n, es el tema que m\u00e1s me interesa porque es un tema de pol\u00edtica p\u00fablica fundamental y muy complejo. Mi tema se enfoca en la segregaci\u00f3n escolar y fundamentalmente en las bajas oportunidades que estudiantes de estratos socioecon\u00f3micos bajos tienen en comparaci\u00f3n con otros estudiantes. Esto debido a que se cobra un copago, que hace que colegios mejores cobren muy caro, entonces segregan en t\u00e9rminos de ingresos por lucas. En el caso de Estados Unidos, donde tambi\u00e9n tengo investigaci\u00f3n, se trata de un tema racial, puesto que en los colegios no se mezclan mucho. En Chile, en particular, eso es supernotorio, lo vimos en Talento e Inclusi\u00f3n, hab\u00eda gente muy buena, pero por distintas razones no alcanzaron puntajes tan altos, pero una vez que entraban pod\u00edan rendir muy bien, incluso mejor que estudiantes que ten\u00edan mejor puntaje, pero que ven\u00edan de otro contexto\u201d. \u201cParticip\u00e9 mucho en pol\u00edtica universitaria, cuando estaba terminando el magister me met\u00ed en J-PAL en la Facultad de Econom\u00eda, el Poverty Action Lab. Ellos tratan de generar evidencia para la pol\u00edtica p\u00fablica de una manera super rigurosa, cuantitativamente\u201d.\u00a0 \u00bfC\u00f3mo es Texas? \u201cActualmente, hago clases de Data Science, estoy en el grupo de estad\u00edstica dentro de la Facultad de Negocios de la Universidad de Texas\u201d.\u00a0 \u201cAll\u00e1 hay cursos que se llaman CORE que los tienen que tomar todos los estudiantes, independientemente del \u00e1rea en que te especialices, le hago a todos los estudiantes de la Escuela de Negocios de pregrado de segundo a\u00f1o, este es el segundo ramo de estad\u00edsticas que tienen que tomar y es obligatorio para todos. Tengo estudiantes muy diversos, muchos son primera o segunda generaci\u00f3n de inmigrantes. Entonces si hay mucha heterogeneidad y es un mundo bien rico e interesante\u201d.\u00a0 \u00bfY la vida en Texas, qu\u00e9 tal? \u201cTengo un perro de dos a\u00f1os, maravilloso, se llama Bob Dylan, es el mejor perro de la vida, hago deporte para desestresarme, pero hace poco me compr\u00e9 una m\u00e1quina de coser y aprend\u00ed a coser, me encantan las manualidades, tu cerebro te pide hacer algo diferente que no sea programar o escribir papers\u201d.\u00a0 \u201cEn cuanto a Texas puedo decir que tiene un invierno para nada terrible e incluso hace calor, puedes estar mucho afuera, Austin en general es bien bonito, si uno considera que Texas en general es bastante seco, Austin es como un oasis, tiene muchos lagos y r\u00edos cerca, es una ciudad joven, muy cool que se volvi\u00f3 la alternativa a Silicon Valley, ya que hubo mucha migraci\u00f3n despu\u00e9s de la pandemia. Es una ciudad bien entretenida, hay mucha comida rica, cosas culturales, m\u00fasica, a m\u00ed en particular me gusta mucho el brit pop, rock cl\u00e1sico, Bod Dylan, Arctic Monkeys, bandas inglesas\u201d.\u00a0 Tambi\u00e9n vengo seguido a Chile, a ver a mi familia, a escapar del calor infernal de Austin y disfrutar el invierno tibio de ac\u00e1.\u00a0 Si quieres conocer m\u00e1s de la investigaci\u00f3n de Magdalena Bennett, revisa su p\u00e1gina:\u00a0 https:\/\/www.magdalenabennett.com &nbsp; Texto y fotos: Catalina Moya Catal\u00e1n cmoc@uc.cl<\/p>\n","protected":false},"author":4,"featured_media":354854,"comment_status":"closed","ping_status":"closed","sticky":false,"template":"","format":"standard","meta":{"site-sidebar-layout":"default","site-content-layout":"","ast-site-content-layout":"default","site-content-style":"default","site-sidebar-style":"default","ast-global-header-display":"","ast-banner-title-visibility":"","ast-main-header-display":"","ast-hfb-above-header-display":"","ast-hfb-below-header-display":"","ast-hfb-mobile-header-display":"","site-post-title":"","ast-breadcrumbs-content":"","ast-featured-img":"","footer-sml-layout":"","ast-disable-related-posts":"","theme-transparent-header-meta":"","adv-header-id-meta":"","stick-header-meta":"","header-above-stick-meta":"","header-main-stick-meta":"","header-below-stick-meta":"","astra-migrate-meta-layouts":"default","ast-page-background-enabled":"default","ast-page-background-meta":{"desktop":{"background-color":"","background-image":"","background-repeat":"repeat","background-position":"center center","background-size":"auto","background-attachment":"scroll","background-type":"","background-media":"","overlay-type":"","overlay-color":"","overlay-opacity":"","overlay-gradient":""},"tablet":{"background-color":"","background-image":"","background-repeat":"repeat","background-position":"center center","background-size":"auto","background-attachment":"scroll","background-type":"","background-media":"","overlay-type":"","overlay-color":"","overlay-opacity":"","overlay-gradient":""},"mobile":{"background-color":"","background-image":"","background-repeat":"repeat","background-position":"center center","background-size":"auto","background-attachment":"scroll","background-type":"","background-media":"","overlay-type":"","overlay-color":"","overlay-opacity":"","overlay-gradient":""}},"ast-content-background-meta":{"desktop":{"background-color":"var(--ast-global-color-5)","background-image":"","background-repeat":"repeat","background-position":"center center","background-size":"auto","background-attachment":"scroll","background-type":"","background-media":"","overlay-type":"","overlay-color":"","overlay-opacity":"","overlay-gradient":""},"tablet":{"background-color":"var(--ast-global-color-5)","background-image":"","background-repeat":"repeat","background-position":"center center","background-size":"auto","background-attachment":"scroll","background-type":"","background-media":"","overlay-type":"","overlay-color":"","overlay-opacity":"","overlay-gradient":""},"mobile":{"background-color":"var(--ast-global-color-5)","background-image":"","background-repeat":"repeat","background-position":"center center","background-size":"auto","background-attachment":"scroll","background-type":"","background-media":"","overlay-type":"","overlay-color":"","overlay-opacity":"","overlay-gradient":""}},"footnotes":""},"categories":[1],"tags":[],"class_list":["post-354853","post","type-post","status-publish","format-standard","has-post-thumbnail","hentry","category-sin-categoria"],"yoast_head":"<!-- This site is optimized with the Yoast SEO plugin v26.9 - https:\/\/yoast.com\/product\/yoast-seo-wordpress\/ -->\n<title>Magdalena Bennett, Egresada del DIIS y profesora en Universidad de Texas \u201cCuando vi en la ingenier\u00eda una herramienta para combatir la segregaci\u00f3n escolar, no la solt\u00e9 m\u00e1s\u201d - Departamento de Ingenier\u00eda Industrial y de Sistemas<\/title>\n<meta name=\"robots\" content=\"index, follow, max-snippet:-1, max-image-preview:large, max-video-preview:-1\" \/>\n<link rel=\"canonical\" href=\"https:\/\/www.ing.uc.cl\/industrial-y-sistemas\/2023\/08\/22\/magdalena-bennett-egresada-del-diis-y-profesora-en-universidad-de-texas-cuando-vi-en-la-ingenieria-una-herramienta-para-combatir-la-segregacion-escolar-no-la-solte-mas\/\" \/>\n<meta property=\"og:locale\" content=\"es_ES\" \/>\n<meta property=\"og:type\" content=\"article\" \/>\n<meta property=\"og:title\" content=\"Magdalena Bennett, Egresada del DIIS y profesora en Universidad de Texas \u201cCuando vi en la ingenier\u00eda una herramienta para combatir la segregaci\u00f3n escolar, no la solt\u00e9 m\u00e1s\u201d - Departamento de Ingenier\u00eda Industrial y de Sistemas\" \/>\n<meta property=\"og:description\" content=\"Magdalena Bennett es actualmente Profesora Asistente en la Universidad de Austin, Texas, egres\u00f3 del Departamento de Ingenier\u00eda Industrial y de Sistemas en el a\u00f1o 2012. Su carrera acad\u00e9mica siempre ha estado fuertemente ligada al desarrollo de evidencia para la pol\u00edtica p\u00fablica que aporte al disminuir la segregaci\u00f3n escolar y educativa. Te contamos un poco m\u00e1s de ella en esta entrevista que le di\u00f3 al DIIS en su \u00faltima visita a Chile.\u00a0 \u201cSal\u00ed de ingenier\u00eda el 2012, pas\u00e9 el pregrado e hice el Magister aqu\u00ed mismo (DIIS). Segu\u00ed todo el tiempo siempre haciendo carrera acad\u00e9mica, me fui a hacer mi segundo Mag\u00edster en Londres y despu\u00e9s hice el doctorado en Columbia en Econom\u00eda de la Educaci\u00f3n. Llevo viviendo en EEUU desde principios del 2015 y ahora soy Profesora Asistente en la Universidad de Texas.\u201d \u00bfQu\u00e9 aspectos de la ingenier\u00eda fueron los que m\u00e1s te motivaron? \u00bfQu\u00e9 referentes? \u00bfQu\u00e9 asignaturas?\u00a0 \u201cUna de las cosas choras de ingenier\u00eda es que me permiti\u00f3 hacer dos cosas a la vez: juntar el mundo de las matem\u00e1ticas y la pol\u00edtica p\u00fablica. Tengo super fuerte la parte de estad\u00edsticas y de m\u00e9todo, pero siempre vinculada a aplicaciones que son de pol\u00edtica p\u00fablica. Fui ayudante de Ricardo Paredes durante muchos a\u00f1os, despu\u00e9s trabaj\u00e9 con Luis Cifuentes, ellos fueron mis mentores y quienes me orientaron mayormente en este camino. Trabaj\u00e9 tambi\u00e9n, en el proyecto de la Escuela de Ingenier\u00eda llamado Talento e Inclusi\u00f3n, con la primera generaci\u00f3n que eran 20 alumnos que admitimos ese a\u00f1o. Este proyecto busca incorporar alumnos de excelencia de distintos colegios que por distintos motivos no obtuvieron el puntaje que pide la UC. Nosotros como escuela fuimos quienes impulsamos eso y despu\u00e9s se volvi\u00f3 una pol\u00edtica universitaria\u201d.\u00a0 \u201cLo que me impuls\u00f3 a seguir este camino fue encontrar la Econom\u00eda en general, y segu\u00ed tomando muchos ramos relacionados con eso, creo que Ingenier\u00eda te da mucho la posibilidad de hacer cosas muy distintas, y juntar mundos diferentes\u201d. \u00bfC\u00f3mo empez\u00f3 a entrar la educaci\u00f3n en tus investigaciones? \u00a0 \u201cLa mayor\u00eda de las aplicaciones que uso est\u00e1n enfocadas en educaci\u00f3n, es el tema que m\u00e1s me interesa porque es un tema de pol\u00edtica p\u00fablica fundamental y muy complejo. Mi tema se enfoca en la segregaci\u00f3n escolar y fundamentalmente en las bajas oportunidades que estudiantes de estratos socioecon\u00f3micos bajos tienen en comparaci\u00f3n con otros estudiantes. Esto debido a que se cobra un copago, que hace que colegios mejores cobren muy caro, entonces segregan en t\u00e9rminos de ingresos por lucas. En el caso de Estados Unidos, donde tambi\u00e9n tengo investigaci\u00f3n, se trata de un tema racial, puesto que en los colegios no se mezclan mucho. En Chile, en particular, eso es supernotorio, lo vimos en Talento e Inclusi\u00f3n, hab\u00eda gente muy buena, pero por distintas razones no alcanzaron puntajes tan altos, pero una vez que entraban pod\u00edan rendir muy bien, incluso mejor que estudiantes que ten\u00edan mejor puntaje, pero que ven\u00edan de otro contexto\u201d. \u201cParticip\u00e9 mucho en pol\u00edtica universitaria, cuando estaba terminando el magister me met\u00ed en J-PAL en la Facultad de Econom\u00eda, el Poverty Action Lab. Ellos tratan de generar evidencia para la pol\u00edtica p\u00fablica de una manera super rigurosa, cuantitativamente\u201d.\u00a0 \u00bfC\u00f3mo es Texas? \u201cActualmente, hago clases de Data Science, estoy en el grupo de estad\u00edstica dentro de la Facultad de Negocios de la Universidad de Texas\u201d.\u00a0 \u201cAll\u00e1 hay cursos que se llaman CORE que los tienen que tomar todos los estudiantes, independientemente del \u00e1rea en que te especialices, le hago a todos los estudiantes de la Escuela de Negocios de pregrado de segundo a\u00f1o, este es el segundo ramo de estad\u00edsticas que tienen que tomar y es obligatorio para todos. Tengo estudiantes muy diversos, muchos son primera o segunda generaci\u00f3n de inmigrantes. Entonces si hay mucha heterogeneidad y es un mundo bien rico e interesante\u201d.\u00a0 \u00bfY la vida en Texas, qu\u00e9 tal? \u201cTengo un perro de dos a\u00f1os, maravilloso, se llama Bob Dylan, es el mejor perro de la vida, hago deporte para desestresarme, pero hace poco me compr\u00e9 una m\u00e1quina de coser y aprend\u00ed a coser, me encantan las manualidades, tu cerebro te pide hacer algo diferente que no sea programar o escribir papers\u201d.\u00a0 \u201cEn cuanto a Texas puedo decir que tiene un invierno para nada terrible e incluso hace calor, puedes estar mucho afuera, Austin en general es bien bonito, si uno considera que Texas en general es bastante seco, Austin es como un oasis, tiene muchos lagos y r\u00edos cerca, es una ciudad joven, muy cool que se volvi\u00f3 la alternativa a Silicon Valley, ya que hubo mucha migraci\u00f3n despu\u00e9s de la pandemia. Es una ciudad bien entretenida, hay mucha comida rica, cosas culturales, m\u00fasica, a m\u00ed en particular me gusta mucho el brit pop, rock cl\u00e1sico, Bod Dylan, Arctic Monkeys, bandas inglesas\u201d.\u00a0 Tambi\u00e9n vengo seguido a Chile, a ver a mi familia, a escapar del calor infernal de Austin y disfrutar el invierno tibio de ac\u00e1.\u00a0 Si quieres conocer m\u00e1s de la investigaci\u00f3n de Magdalena Bennett, revisa su p\u00e1gina:\u00a0 https:\/\/www.magdalenabennett.com &nbsp; Texto y fotos: Catalina Moya Catal\u00e1n cmoc@uc.cl\" \/>\n<meta property=\"og:url\" content=\"https:\/\/www.ing.uc.cl\/industrial-y-sistemas\/2023\/08\/22\/magdalena-bennett-egresada-del-diis-y-profesora-en-universidad-de-texas-cuando-vi-en-la-ingenieria-una-herramienta-para-combatir-la-segregacion-escolar-no-la-solte-mas\/\" \/>\n<meta property=\"og:site_name\" content=\"Departamento de Ingenier\u00eda Industrial y de Sistemas\" \/>\n<meta property=\"article:published_time\" content=\"2023-08-22T15:07:12+00:00\" \/>\n<meta property=\"og:image\" content=\"https:\/\/www.ing.uc.cl\/industrial-y-sistemas\/wp-content\/uploads\/2023\/08\/portadas-notas-pag-web.png\" \/>\n\t<meta property=\"og:image:width\" content=\"1250\" \/>\n\t<meta property=\"og:image:height\" content=\"700\" \/>\n\t<meta property=\"og:image:type\" content=\"image\/png\" \/>\n<meta name=\"author\" content=\"Francisco H\" \/>\n<meta name=\"twitter:card\" content=\"summary_large_image\" \/>\n<meta name=\"twitter:label1\" content=\"Escrito por\" \/>\n\t<meta name=\"twitter:data1\" content=\"Francisco H\" \/>\n\t<meta name=\"twitter:label2\" content=\"Tiempo estimado de lectura\" \/>\n\t<meta name=\"twitter:data2\" content=\"5 minutos\" \/>\n<script type=\"application\/ld+json\" class=\"yoast-schema-graph\">{\"@context\":\"https:\/\/schema.org\",\"@graph\":[{\"@type\":\"Article\",\"@id\":\"https:\/\/www.ing.uc.cl\/industrial-y-sistemas\/2023\/08\/22\/magdalena-bennett-egresada-del-diis-y-profesora-en-universidad-de-texas-cuando-vi-en-la-ingenieria-una-herramienta-para-combatir-la-segregacion-escolar-no-la-solte-mas\/#article\",\"isPartOf\":{\"@id\":\"https:\/\/www.ing.uc.cl\/industrial-y-sistemas\/2023\/08\/22\/magdalena-bennett-egresada-del-diis-y-profesora-en-universidad-de-texas-cuando-vi-en-la-ingenieria-una-herramienta-para-combatir-la-segregacion-escolar-no-la-solte-mas\/\"},\"author\":{\"name\":\"Francisco H\",\"@id\":\"https:\/\/www.ing.uc.cl\/industrial-y-sistemas\/#\/schema\/person\/721a1ef791962c4167b0dad3ee596283\"},\"headline\":\"Magdalena Bennett, Egresada del DIIS y profesora en Universidad de Texas \u201cCuando vi en la ingenier\u00eda una herramienta para combatir la segregaci\u00f3n escolar, no la solt\u00e9 m\u00e1s\u201d\",\"datePublished\":\"2023-08-22T15:07:12+00:00\",\"mainEntityOfPage\":{\"@id\":\"https:\/\/www.ing.uc.cl\/industrial-y-sistemas\/2023\/08\/22\/magdalena-bennett-egresada-del-diis-y-profesora-en-universidad-de-texas-cuando-vi-en-la-ingenieria-una-herramienta-para-combatir-la-segregacion-escolar-no-la-solte-mas\/\"},\"wordCount\":939,\"publisher\":{\"@id\":\"https:\/\/www.ing.uc.cl\/industrial-y-sistemas\/#organization\"},\"image\":{\"@id\":\"https:\/\/www.ing.uc.cl\/industrial-y-sistemas\/2023\/08\/22\/magdalena-bennett-egresada-del-diis-y-profesora-en-universidad-de-texas-cuando-vi-en-la-ingenieria-una-herramienta-para-combatir-la-segregacion-escolar-no-la-solte-mas\/#primaryimage\"},\"thumbnailUrl\":\"https:\/\/www.ing.uc.cl\/industrial-y-sistemas\/wp-content\/uploads\/2023\/08\/portadas-notas-pag-web.png\",\"inLanguage\":\"es-CL\"},{\"@type\":\"WebPage\",\"@id\":\"https:\/\/www.ing.uc.cl\/industrial-y-sistemas\/2023\/08\/22\/magdalena-bennett-egresada-del-diis-y-profesora-en-universidad-de-texas-cuando-vi-en-la-ingenieria-una-herramienta-para-combatir-la-segregacion-escolar-no-la-solte-mas\/\",\"url\":\"https:\/\/www.ing.uc.cl\/industrial-y-sistemas\/2023\/08\/22\/magdalena-bennett-egresada-del-diis-y-profesora-en-universidad-de-texas-cuando-vi-en-la-ingenieria-una-herramienta-para-combatir-la-segregacion-escolar-no-la-solte-mas\/\",\"name\":\"Magdalena Bennett, Egresada del DIIS y profesora en Universidad de Texas \u201cCuando vi en la ingenier\u00eda una herramienta para combatir la segregaci\u00f3n escolar, no la solt\u00e9 m\u00e1s\u201d - Departamento de Ingenier\u00eda Industrial y de Sistemas\",\"isPartOf\":{\"@id\":\"https:\/\/www.ing.uc.cl\/industrial-y-sistemas\/#website\"},\"primaryImageOfPage\":{\"@id\":\"https:\/\/www.ing.uc.cl\/industrial-y-sistemas\/2023\/08\/22\/magdalena-bennett-egresada-del-diis-y-profesora-en-universidad-de-texas-cuando-vi-en-la-ingenieria-una-herramienta-para-combatir-la-segregacion-escolar-no-la-solte-mas\/#primaryimage\"},\"image\":{\"@id\":\"https:\/\/www.ing.uc.cl\/industrial-y-sistemas\/2023\/08\/22\/magdalena-bennett-egresada-del-diis-y-profesora-en-universidad-de-texas-cuando-vi-en-la-ingenieria-una-herramienta-para-combatir-la-segregacion-escolar-no-la-solte-mas\/#primaryimage\"},\"thumbnailUrl\":\"https:\/\/www.ing.uc.cl\/industrial-y-sistemas\/wp-content\/uploads\/2023\/08\/portadas-notas-pag-web.png\",\"datePublished\":\"2023-08-22T15:07:12+00:00\",\"breadcrumb\":{\"@id\":\"https:\/\/www.ing.uc.cl\/industrial-y-sistemas\/2023\/08\/22\/magdalena-bennett-egresada-del-diis-y-profesora-en-universidad-de-texas-cuando-vi-en-la-ingenieria-una-herramienta-para-combatir-la-segregacion-escolar-no-la-solte-mas\/#breadcrumb\"},\"inLanguage\":\"es-CL\",\"potentialAction\":[{\"@type\":\"ReadAction\",\"target\":[\"https:\/\/www.ing.uc.cl\/industrial-y-sistemas\/2023\/08\/22\/magdalena-bennett-egresada-del-diis-y-profesora-en-universidad-de-texas-cuando-vi-en-la-ingenieria-una-herramienta-para-combatir-la-segregacion-escolar-no-la-solte-mas\/\"]}]},{\"@type\":\"ImageObject\",\"inLanguage\":\"es-CL\",\"@id\":\"https:\/\/www.ing.uc.cl\/industrial-y-sistemas\/2023\/08\/22\/magdalena-bennett-egresada-del-diis-y-profesora-en-universidad-de-texas-cuando-vi-en-la-ingenieria-una-herramienta-para-combatir-la-segregacion-escolar-no-la-solte-mas\/#primaryimage\",\"url\":\"https:\/\/www.ing.uc.cl\/industrial-y-sistemas\/wp-content\/uploads\/2023\/08\/portadas-notas-pag-web.png\",\"contentUrl\":\"https:\/\/www.ing.uc.cl\/industrial-y-sistemas\/wp-content\/uploads\/2023\/08\/portadas-notas-pag-web.png\",\"width\":1250,\"height\":700},{\"@type\":\"BreadcrumbList\",\"@id\":\"https:\/\/www.ing.uc.cl\/industrial-y-sistemas\/2023\/08\/22\/magdalena-bennett-egresada-del-diis-y-profesora-en-universidad-de-texas-cuando-vi-en-la-ingenieria-una-herramienta-para-combatir-la-segregacion-escolar-no-la-solte-mas\/#breadcrumb\",\"itemListElement\":[{\"@type\":\"ListItem\",\"position\":1,\"name\":\"Portada\",\"item\":\"https:\/\/www.ing.uc.cl\/industrial-y-sistemas\/\"},{\"@type\":\"ListItem\",\"position\":2,\"name\":\"Magdalena Bennett, Egresada del DIIS y profesora en Universidad de Texas \u201cCuando vi en la ingenier\u00eda una herramienta para combatir la segregaci\u00f3n escolar, no la solt\u00e9 m\u00e1s\u201d\"}]},{\"@type\":\"WebSite\",\"@id\":\"https:\/\/www.ing.uc.cl\/industrial-y-sistemas\/#website\",\"url\":\"https:\/\/www.ing.uc.cl\/industrial-y-sistemas\/\",\"name\":\"Departamento de Ingenier\u00eda Industrial y de Sistemas\",\"description\":\"Escuela de Ingenier\u00eda\",\"publisher\":{\"@id\":\"https:\/\/www.ing.uc.cl\/industrial-y-sistemas\/#organization\"},\"potentialAction\":[{\"@type\":\"SearchAction\",\"target\":{\"@type\":\"EntryPoint\",\"urlTemplate\":\"https:\/\/www.ing.uc.cl\/industrial-y-sistemas\/?s={search_term_string}\"},\"query-input\":{\"@type\":\"PropertyValueSpecification\",\"valueRequired\":true,\"valueName\":\"search_term_string\"}}],\"inLanguage\":\"es-CL\"},{\"@type\":\"Organization\",\"@id\":\"https:\/\/www.ing.uc.cl\/industrial-y-sistemas\/#organization\",\"name\":\"Departamento de Ingenier\u00eda Industrial y de Sistemas\",\"url\":\"https:\/\/www.ing.uc.cl\/industrial-y-sistemas\/\",\"logo\":{\"@type\":\"ImageObject\",\"inLanguage\":\"es-CL\",\"@id\":\"https:\/\/www.ing.uc.cl\/industrial-y-sistemas\/#\/schema\/logo\/image\/\",\"url\":\"https:\/\/www.ing.uc.cl\/industrial-y-sistemas\/wp-content\/uploads\/2023\/11\/cropped-UC-P2727-01.png\",\"contentUrl\":\"https:\/\/www.ing.uc.cl\/industrial-y-sistemas\/wp-content\/uploads\/2023\/11\/cropped-UC-P2727-01.png\",\"width\":307,\"height\":414,\"caption\":\"Departamento de Ingenier\u00eda Industrial y de Sistemas\"},\"image\":{\"@id\":\"https:\/\/www.ing.uc.cl\/industrial-y-sistemas\/#\/schema\/logo\/image\/\"}},{\"@type\":\"Person\",\"@id\":\"https:\/\/www.ing.uc.cl\/industrial-y-sistemas\/#\/schema\/person\/721a1ef791962c4167b0dad3ee596283\",\"name\":\"Francisco H\",\"image\":{\"@type\":\"ImageObject\",\"inLanguage\":\"es-CL\",\"@id\":\"https:\/\/www.ing.uc.cl\/industrial-y-sistemas\/#\/schema\/person\/image\/\",\"url\":\"https:\/\/secure.gravatar.com\/avatar\/63233762875caf7cb464abb0c994788b36bb5a903f4b5e6d958a14f57c41e047?s=96&d=mm&r=g\",\"contentUrl\":\"https:\/\/secure.gravatar.com\/avatar\/63233762875caf7cb464abb0c994788b36bb5a903f4b5e6d958a14f57c41e047?s=96&d=mm&r=g\",\"caption\":\"Francisco H\"},\"url\":\"https:\/\/www.ing.uc.cl\/industrial-y-sistemas\/author\/fherreros\/\"}]}<\/script>\n<!-- \/ Yoast SEO plugin. -->","yoast_head_json":{"title":"Magdalena Bennett, Egresada del DIIS y profesora en Universidad de Texas \u201cCuando vi en la ingenier\u00eda una herramienta para combatir la segregaci\u00f3n escolar, no la solt\u00e9 m\u00e1s\u201d - Departamento de Ingenier\u00eda Industrial y de Sistemas","robots":{"index":"index","follow":"follow","max-snippet":"max-snippet:-1","max-image-preview":"max-image-preview:large","max-video-preview":"max-video-preview:-1"},"canonical":"https:\/\/www.ing.uc.cl\/industrial-y-sistemas\/2023\/08\/22\/magdalena-bennett-egresada-del-diis-y-profesora-en-universidad-de-texas-cuando-vi-en-la-ingenieria-una-herramienta-para-combatir-la-segregacion-escolar-no-la-solte-mas\/","og_locale":"es_ES","og_type":"article","og_title":"Magdalena Bennett, Egresada del DIIS y profesora en Universidad de Texas \u201cCuando vi en la ingenier\u00eda una herramienta para combatir la segregaci\u00f3n escolar, no la solt\u00e9 m\u00e1s\u201d - Departamento de Ingenier\u00eda Industrial y de Sistemas","og_description":"Magdalena Bennett es actualmente Profesora Asistente en la Universidad de Austin, Texas, egres\u00f3 del Departamento de Ingenier\u00eda Industrial y de Sistemas en el a\u00f1o 2012. Su carrera acad\u00e9mica siempre ha estado fuertemente ligada al desarrollo de evidencia para la pol\u00edtica p\u00fablica que aporte al disminuir la segregaci\u00f3n escolar y educativa. Te contamos un poco m\u00e1s de ella en esta entrevista que le di\u00f3 al DIIS en su \u00faltima visita a Chile.\u00a0 \u201cSal\u00ed de ingenier\u00eda el 2012, pas\u00e9 el pregrado e hice el Magister aqu\u00ed mismo (DIIS). Segu\u00ed todo el tiempo siempre haciendo carrera acad\u00e9mica, me fui a hacer mi segundo Mag\u00edster en Londres y despu\u00e9s hice el doctorado en Columbia en Econom\u00eda de la Educaci\u00f3n. Llevo viviendo en EEUU desde principios del 2015 y ahora soy Profesora Asistente en la Universidad de Texas.\u201d \u00bfQu\u00e9 aspectos de la ingenier\u00eda fueron los que m\u00e1s te motivaron? \u00bfQu\u00e9 referentes? \u00bfQu\u00e9 asignaturas?\u00a0 \u201cUna de las cosas choras de ingenier\u00eda es que me permiti\u00f3 hacer dos cosas a la vez: juntar el mundo de las matem\u00e1ticas y la pol\u00edtica p\u00fablica. Tengo super fuerte la parte de estad\u00edsticas y de m\u00e9todo, pero siempre vinculada a aplicaciones que son de pol\u00edtica p\u00fablica. Fui ayudante de Ricardo Paredes durante muchos a\u00f1os, despu\u00e9s trabaj\u00e9 con Luis Cifuentes, ellos fueron mis mentores y quienes me orientaron mayormente en este camino. Trabaj\u00e9 tambi\u00e9n, en el proyecto de la Escuela de Ingenier\u00eda llamado Talento e Inclusi\u00f3n, con la primera generaci\u00f3n que eran 20 alumnos que admitimos ese a\u00f1o. Este proyecto busca incorporar alumnos de excelencia de distintos colegios que por distintos motivos no obtuvieron el puntaje que pide la UC. Nosotros como escuela fuimos quienes impulsamos eso y despu\u00e9s se volvi\u00f3 una pol\u00edtica universitaria\u201d.\u00a0 \u201cLo que me impuls\u00f3 a seguir este camino fue encontrar la Econom\u00eda en general, y segu\u00ed tomando muchos ramos relacionados con eso, creo que Ingenier\u00eda te da mucho la posibilidad de hacer cosas muy distintas, y juntar mundos diferentes\u201d. \u00bfC\u00f3mo empez\u00f3 a entrar la educaci\u00f3n en tus investigaciones? \u00a0 \u201cLa mayor\u00eda de las aplicaciones que uso est\u00e1n enfocadas en educaci\u00f3n, es el tema que m\u00e1s me interesa porque es un tema de pol\u00edtica p\u00fablica fundamental y muy complejo. Mi tema se enfoca en la segregaci\u00f3n escolar y fundamentalmente en las bajas oportunidades que estudiantes de estratos socioecon\u00f3micos bajos tienen en comparaci\u00f3n con otros estudiantes. Esto debido a que se cobra un copago, que hace que colegios mejores cobren muy caro, entonces segregan en t\u00e9rminos de ingresos por lucas. En el caso de Estados Unidos, donde tambi\u00e9n tengo investigaci\u00f3n, se trata de un tema racial, puesto que en los colegios no se mezclan mucho. En Chile, en particular, eso es supernotorio, lo vimos en Talento e Inclusi\u00f3n, hab\u00eda gente muy buena, pero por distintas razones no alcanzaron puntajes tan altos, pero una vez que entraban pod\u00edan rendir muy bien, incluso mejor que estudiantes que ten\u00edan mejor puntaje, pero que ven\u00edan de otro contexto\u201d. \u201cParticip\u00e9 mucho en pol\u00edtica universitaria, cuando estaba terminando el magister me met\u00ed en J-PAL en la Facultad de Econom\u00eda, el Poverty Action Lab. Ellos tratan de generar evidencia para la pol\u00edtica p\u00fablica de una manera super rigurosa, cuantitativamente\u201d.\u00a0 \u00bfC\u00f3mo es Texas? \u201cActualmente, hago clases de Data Science, estoy en el grupo de estad\u00edstica dentro de la Facultad de Negocios de la Universidad de Texas\u201d.\u00a0 \u201cAll\u00e1 hay cursos que se llaman CORE que los tienen que tomar todos los estudiantes, independientemente del \u00e1rea en que te especialices, le hago a todos los estudiantes de la Escuela de Negocios de pregrado de segundo a\u00f1o, este es el segundo ramo de estad\u00edsticas que tienen que tomar y es obligatorio para todos. Tengo estudiantes muy diversos, muchos son primera o segunda generaci\u00f3n de inmigrantes. Entonces si hay mucha heterogeneidad y es un mundo bien rico e interesante\u201d.\u00a0 \u00bfY la vida en Texas, qu\u00e9 tal? \u201cTengo un perro de dos a\u00f1os, maravilloso, se llama Bob Dylan, es el mejor perro de la vida, hago deporte para desestresarme, pero hace poco me compr\u00e9 una m\u00e1quina de coser y aprend\u00ed a coser, me encantan las manualidades, tu cerebro te pide hacer algo diferente que no sea programar o escribir papers\u201d.\u00a0 \u201cEn cuanto a Texas puedo decir que tiene un invierno para nada terrible e incluso hace calor, puedes estar mucho afuera, Austin en general es bien bonito, si uno considera que Texas en general es bastante seco, Austin es como un oasis, tiene muchos lagos y r\u00edos cerca, es una ciudad joven, muy cool que se volvi\u00f3 la alternativa a Silicon Valley, ya que hubo mucha migraci\u00f3n despu\u00e9s de la pandemia. Es una ciudad bien entretenida, hay mucha comida rica, cosas culturales, m\u00fasica, a m\u00ed en particular me gusta mucho el brit pop, rock cl\u00e1sico, Bod Dylan, Arctic Monkeys, bandas inglesas\u201d.\u00a0 Tambi\u00e9n vengo seguido a Chile, a ver a mi familia, a escapar del calor infernal de Austin y disfrutar el invierno tibio de ac\u00e1.\u00a0 Si quieres conocer m\u00e1s de la investigaci\u00f3n de Magdalena Bennett, revisa su p\u00e1gina:\u00a0 https:\/\/www.magdalenabennett.com &nbsp; Texto y fotos: Catalina Moya Catal\u00e1n cmoc@uc.cl","og_url":"https:\/\/www.ing.uc.cl\/industrial-y-sistemas\/2023\/08\/22\/magdalena-bennett-egresada-del-diis-y-profesora-en-universidad-de-texas-cuando-vi-en-la-ingenieria-una-herramienta-para-combatir-la-segregacion-escolar-no-la-solte-mas\/","og_site_name":"Departamento de Ingenier\u00eda Industrial y de Sistemas","article_published_time":"2023-08-22T15:07:12+00:00","og_image":[{"width":1250,"height":700,"url":"https:\/\/www.ing.uc.cl\/industrial-y-sistemas\/wp-content\/uploads\/2023\/08\/portadas-notas-pag-web.png","type":"image\/png"}],"author":"Francisco H","twitter_card":"summary_large_image","twitter_misc":{"Escrito por":"Francisco H","Tiempo estimado de lectura":"5 minutos"},"schema":{"@context":"https:\/\/schema.org","@graph":[{"@type":"Article","@id":"https:\/\/www.ing.uc.cl\/industrial-y-sistemas\/2023\/08\/22\/magdalena-bennett-egresada-del-diis-y-profesora-en-universidad-de-texas-cuando-vi-en-la-ingenieria-una-herramienta-para-combatir-la-segregacion-escolar-no-la-solte-mas\/#article","isPartOf":{"@id":"https:\/\/www.ing.uc.cl\/industrial-y-sistemas\/2023\/08\/22\/magdalena-bennett-egresada-del-diis-y-profesora-en-universidad-de-texas-cuando-vi-en-la-ingenieria-una-herramienta-para-combatir-la-segregacion-escolar-no-la-solte-mas\/"},"author":{"name":"Francisco H","@id":"https:\/\/www.ing.uc.cl\/industrial-y-sistemas\/#\/schema\/person\/721a1ef791962c4167b0dad3ee596283"},"headline":"Magdalena Bennett, Egresada del DIIS y profesora en Universidad de Texas \u201cCuando vi en la ingenier\u00eda una herramienta para combatir la segregaci\u00f3n escolar, no la solt\u00e9 m\u00e1s\u201d","datePublished":"2023-08-22T15:07:12+00:00","mainEntityOfPage":{"@id":"https:\/\/www.ing.uc.cl\/industrial-y-sistemas\/2023\/08\/22\/magdalena-bennett-egresada-del-diis-y-profesora-en-universidad-de-texas-cuando-vi-en-la-ingenieria-una-herramienta-para-combatir-la-segregacion-escolar-no-la-solte-mas\/"},"wordCount":939,"publisher":{"@id":"https:\/\/www.ing.uc.cl\/industrial-y-sistemas\/#organization"},"image":{"@id":"https:\/\/www.ing.uc.cl\/industrial-y-sistemas\/2023\/08\/22\/magdalena-bennett-egresada-del-diis-y-profesora-en-universidad-de-texas-cuando-vi-en-la-ingenieria-una-herramienta-para-combatir-la-segregacion-escolar-no-la-solte-mas\/#primaryimage"},"thumbnailUrl":"https:\/\/www.ing.uc.cl\/industrial-y-sistemas\/wp-content\/uploads\/2023\/08\/portadas-notas-pag-web.png","inLanguage":"es-CL"},{"@type":"WebPage","@id":"https:\/\/www.ing.uc.cl\/industrial-y-sistemas\/2023\/08\/22\/magdalena-bennett-egresada-del-diis-y-profesora-en-universidad-de-texas-cuando-vi-en-la-ingenieria-una-herramienta-para-combatir-la-segregacion-escolar-no-la-solte-mas\/","url":"https:\/\/www.ing.uc.cl\/industrial-y-sistemas\/2023\/08\/22\/magdalena-bennett-egresada-del-diis-y-profesora-en-universidad-de-texas-cuando-vi-en-la-ingenieria-una-herramienta-para-combatir-la-segregacion-escolar-no-la-solte-mas\/","name":"Magdalena Bennett, Egresada del DIIS y profesora en Universidad de Texas \u201cCuando vi en la ingenier\u00eda una herramienta para combatir la segregaci\u00f3n escolar, no la solt\u00e9 m\u00e1s\u201d - Departamento de Ingenier\u00eda Industrial y de Sistemas","isPartOf":{"@id":"https:\/\/www.ing.uc.cl\/industrial-y-sistemas\/#website"},"primaryImageOfPage":{"@id":"https:\/\/www.ing.uc.cl\/industrial-y-sistemas\/2023\/08\/22\/magdalena-bennett-egresada-del-diis-y-profesora-en-universidad-de-texas-cuando-vi-en-la-ingenieria-una-herramienta-para-combatir-la-segregacion-escolar-no-la-solte-mas\/#primaryimage"},"image":{"@id":"https:\/\/www.ing.uc.cl\/industrial-y-sistemas\/2023\/08\/22\/magdalena-bennett-egresada-del-diis-y-profesora-en-universidad-de-texas-cuando-vi-en-la-ingenieria-una-herramienta-para-combatir-la-segregacion-escolar-no-la-solte-mas\/#primaryimage"},"thumbnailUrl":"https:\/\/www.ing.uc.cl\/industrial-y-sistemas\/wp-content\/uploads\/2023\/08\/portadas-notas-pag-web.png","datePublished":"2023-08-22T15:07:12+00:00","breadcrumb":{"@id":"https:\/\/www.ing.uc.cl\/industrial-y-sistemas\/2023\/08\/22\/magdalena-bennett-egresada-del-diis-y-profesora-en-universidad-de-texas-cuando-vi-en-la-ingenieria-una-herramienta-para-combatir-la-segregacion-escolar-no-la-solte-mas\/#breadcrumb"},"inLanguage":"es-CL","potentialAction":[{"@type":"ReadAction","target":["https:\/\/www.ing.uc.cl\/industrial-y-sistemas\/2023\/08\/22\/magdalena-bennett-egresada-del-diis-y-profesora-en-universidad-de-texas-cuando-vi-en-la-ingenieria-una-herramienta-para-combatir-la-segregacion-escolar-no-la-solte-mas\/"]}]},{"@type":"ImageObject","inLanguage":"es-CL","@id":"https:\/\/www.ing.uc.cl\/industrial-y-sistemas\/2023\/08\/22\/magdalena-bennett-egresada-del-diis-y-profesora-en-universidad-de-texas-cuando-vi-en-la-ingenieria-una-herramienta-para-combatir-la-segregacion-escolar-no-la-solte-mas\/#primaryimage","url":"https:\/\/www.ing.uc.cl\/industrial-y-sistemas\/wp-content\/uploads\/2023\/08\/portadas-notas-pag-web.png","contentUrl":"https:\/\/www.ing.uc.cl\/industrial-y-sistemas\/wp-content\/uploads\/2023\/08\/portadas-notas-pag-web.png","width":1250,"height":700},{"@type":"BreadcrumbList","@id":"https:\/\/www.ing.uc.cl\/industrial-y-sistemas\/2023\/08\/22\/magdalena-bennett-egresada-del-diis-y-profesora-en-universidad-de-texas-cuando-vi-en-la-ingenieria-una-herramienta-para-combatir-la-segregacion-escolar-no-la-solte-mas\/#breadcrumb","itemListElement":[{"@type":"ListItem","position":1,"name":"Portada","item":"https:\/\/www.ing.uc.cl\/industrial-y-sistemas\/"},{"@type":"ListItem","position":2,"name":"Magdalena Bennett, Egresada del DIIS y profesora en Universidad de Texas \u201cCuando vi en la ingenier\u00eda una herramienta para combatir la segregaci\u00f3n escolar, no la solt\u00e9 m\u00e1s\u201d"}]},{"@type":"WebSite","@id":"https:\/\/www.ing.uc.cl\/industrial-y-sistemas\/#website","url":"https:\/\/www.ing.uc.cl\/industrial-y-sistemas\/","name":"Departamento de Ingenier\u00eda Industrial y de Sistemas","description":"Escuela de Ingenier\u00eda","publisher":{"@id":"https:\/\/www.ing.uc.cl\/industrial-y-sistemas\/#organization"},"potentialAction":[{"@type":"SearchAction","target":{"@type":"EntryPoint","urlTemplate":"https:\/\/www.ing.uc.cl\/industrial-y-sistemas\/?s={search_term_string}"},"query-input":{"@type":"PropertyValueSpecification","valueRequired":true,"valueName":"search_term_string"}}],"inLanguage":"es-CL"},{"@type":"Organization","@id":"https:\/\/www.ing.uc.cl\/industrial-y-sistemas\/#organization","name":"Departamento de Ingenier\u00eda Industrial y de Sistemas","url":"https:\/\/www.ing.uc.cl\/industrial-y-sistemas\/","logo":{"@type":"ImageObject","inLanguage":"es-CL","@id":"https:\/\/www.ing.uc.cl\/industrial-y-sistemas\/#\/schema\/logo\/image\/","url":"https:\/\/www.ing.uc.cl\/industrial-y-sistemas\/wp-content\/uploads\/2023\/11\/cropped-UC-P2727-01.png","contentUrl":"https:\/\/www.ing.uc.cl\/industrial-y-sistemas\/wp-content\/uploads\/2023\/11\/cropped-UC-P2727-01.png","width":307,"height":414,"caption":"Departamento de Ingenier\u00eda Industrial y de Sistemas"},"image":{"@id":"https:\/\/www.ing.uc.cl\/industrial-y-sistemas\/#\/schema\/logo\/image\/"}},{"@type":"Person","@id":"https:\/\/www.ing.uc.cl\/industrial-y-sistemas\/#\/schema\/person\/721a1ef791962c4167b0dad3ee596283","name":"Francisco H","image":{"@type":"ImageObject","inLanguage":"es-CL","@id":"https:\/\/www.ing.uc.cl\/industrial-y-sistemas\/#\/schema\/person\/image\/","url":"https:\/\/secure.gravatar.com\/avatar\/63233762875caf7cb464abb0c994788b36bb5a903f4b5e6d958a14f57c41e047?s=96&d=mm&r=g","contentUrl":"https:\/\/secure.gravatar.com\/avatar\/63233762875caf7cb464abb0c994788b36bb5a903f4b5e6d958a14f57c41e047?s=96&d=mm&r=g","caption":"Francisco H"},"url":"https:\/\/www.ing.uc.cl\/industrial-y-sistemas\/author\/fherreros\/"}]}},"rttpg_featured_image_url":{"full":["https:\/\/www.ing.uc.cl\/industrial-y-sistemas\/wp-content\/uploads\/2023\/08\/portadas-notas-pag-web.png",1250,700,false],"landscape":["https:\/\/www.ing.uc.cl\/industrial-y-sistemas\/wp-content\/uploads\/2023\/08\/portadas-notas-pag-web.png",1250,700,false],"portraits":["https:\/\/www.ing.uc.cl\/industrial-y-sistemas\/wp-content\/uploads\/2023\/08\/portadas-notas-pag-web.png",1250,700,false],"thumbnail":["https:\/\/www.ing.uc.cl\/industrial-y-sistemas\/wp-content\/uploads\/2023\/08\/portadas-notas-pag-web-150x150.png",150,150,true],"medium":["https:\/\/www.ing.uc.cl\/industrial-y-sistemas\/wp-content\/uploads\/2023\/08\/portadas-notas-pag-web-300x168.png",300,168,true],"large":["https:\/\/www.ing.uc.cl\/industrial-y-sistemas\/wp-content\/uploads\/2023\/08\/portadas-notas-pag-web-1024x573.png",1024,573,true],"1536x1536":["https:\/\/www.ing.uc.cl\/industrial-y-sistemas\/wp-content\/uploads\/2023\/08\/portadas-notas-pag-web.png",1250,700,false],"2048x2048":["https:\/\/www.ing.uc.cl\/industrial-y-sistemas\/wp-content\/uploads\/2023\/08\/portadas-notas-pag-web.png",1250,700,false],"sow-carousel-default":["https:\/\/www.ing.uc.cl\/industrial-y-sistemas\/wp-content\/uploads\/2023\/08\/portadas-notas-pag-web-272x182.png",272,182,true]},"rttpg_author":{"display_name":"Francisco H","author_link":"https:\/\/www.ing.uc.cl\/industrial-y-sistemas\/author\/fherreros\/"},"rttpg_comment":0,"rttpg_category":"<a href=\"https:\/\/www.ing.uc.cl\/industrial-y-sistemas\/category\/sin-categoria\/\" rel=\"category tag\">Sin categor\u00eda<\/a>","rttpg_excerpt":"Magdalena Bennett es actualmente Profesora Asistente en la Universidad de Austin, Texas, egres\u00f3 del Departamento de Ingenier\u00eda Industrial y de Sistemas en el a\u00f1o 2012. Su carrera acad\u00e9mica siempre ha estado fuertemente ligada al desarrollo de evidencia para la pol\u00edtica p\u00fablica que aporte al disminuir la segregaci\u00f3n escolar y educativa. Te contamos un poco m\u00e1s&hellip;","_links":{"self":[{"href":"https:\/\/www.ing.uc.cl\/industrial-y-sistemas\/wp-json\/wp\/v2\/posts\/354853","targetHints":{"allow":["GET"]}}],"collection":[{"href":"https:\/\/www.ing.uc.cl\/industrial-y-sistemas\/wp-json\/wp\/v2\/posts"}],"about":[{"href":"https:\/\/www.ing.uc.cl\/industrial-y-sistemas\/wp-json\/wp\/v2\/types\/post"}],"author":[{"embeddable":true,"href":"https:\/\/www.ing.uc.cl\/industrial-y-sistemas\/wp-json\/wp\/v2\/users\/4"}],"replies":[{"embeddable":true,"href":"https:\/\/www.ing.uc.cl\/industrial-y-sistemas\/wp-json\/wp\/v2\/comments?post=354853"}],"version-history":[{"count":0,"href":"https:\/\/www.ing.uc.cl\/industrial-y-sistemas\/wp-json\/wp\/v2\/posts\/354853\/revisions"}],"wp:featuredmedia":[{"embeddable":true,"href":"https:\/\/www.ing.uc.cl\/industrial-y-sistemas\/wp-json\/wp\/v2\/media\/354854"}],"wp:attachment":[{"href":"https:\/\/www.ing.uc.cl\/industrial-y-sistemas\/wp-json\/wp\/v2\/media?parent=354853"}],"wp:term":[{"taxonomy":"category","embeddable":true,"href":"https:\/\/www.ing.uc.cl\/industrial-y-sistemas\/wp-json\/wp\/v2\/categories?post=354853"},{"taxonomy":"post_tag","embeddable":true,"href":"https:\/\/www.ing.uc.cl\/industrial-y-sistemas\/wp-json\/wp\/v2\/tags?post=354853"}],"curies":[{"name":"wp","href":"https:\/\/api.w.org\/{rel}","templated":true}]}}