{"id":354860,"date":"2023-08-29T13:05:23","date_gmt":"2023-08-29T17:05:23","guid":{"rendered":"https:\/\/www.ing.uc.cl\/industrial-y-sistemas\/?post_type=post&amp;p=354860"},"modified":"2023-08-29T13:05:23","modified_gmt":"2023-08-29T17:05:23","slug":"doctor-c-y-mejor-profe-part-time-marcel-favereau-y-su-mejor-ano-en-el-diis","status":"publish","type":"post","link":"https:\/\/www.ing.uc.cl\/industrial-y-sistemas\/2023\/08\/29\/doctor-c-y-mejor-profe-part-time-marcel-favereau-y-su-mejor-ano-en-el-diis\/","title":{"rendered":"Doctor y mejor profe part-time: Marcel Favereau y su mejor a\u00f1o en el DIIS"},"content":{"rendered":"<p style=\"text-align: justify;\"><i><span style=\"font-weight: 400;\">Marcel Favereau, recientemente defendi\u00f3 su tesis \u201cOptimization under uncertainty for the management of hydroelectric resources\u201d, cerrando con \u00e9xito su etapa de Doctorado en Ciencias de la Ingenier\u00eda en nuestro departamento. Adem\u00e1s, el Ingeniero Civil vivi\u00f3 una semana inolvidable tras recibir el premio a Mejor Profesor en Jornada Parcial del DIIS. Conoce m\u00e1s sobre el trabajo que llev\u00f3 a cabo tras estos reconocimientos y su paso por el postgrado UC.<\/span><\/i><\/p>\n<p><img fetchpriority=\"high\" decoding=\"async\" class=\" wp-image-354863 aligncenter\" src=\"https:\/\/www.ing.uc.cl\/industrial-y-sistemas\/wp-content\/uploads\/2023\/08\/portadas-notas-pag-web-1-1-300x168.png\" alt=\"\" width=\"457\" height=\"256\" srcset=\"https:\/\/www.ing.uc.cl\/industrial-y-sistemas\/wp-content\/uploads\/2023\/08\/portadas-notas-pag-web-1-1-300x168.png 300w, https:\/\/www.ing.uc.cl\/industrial-y-sistemas\/wp-content\/uploads\/2023\/08\/portadas-notas-pag-web-1-1-1024x573.png 1024w, https:\/\/www.ing.uc.cl\/industrial-y-sistemas\/wp-content\/uploads\/2023\/08\/portadas-notas-pag-web-1-1-768x430.png 768w, https:\/\/www.ing.uc.cl\/industrial-y-sistemas\/wp-content\/uploads\/2023\/08\/portadas-notas-pag-web-1-1.png 1250w\" sizes=\"(max-width: 457px) 100vw, 457px\" \/><\/p>\n<p style=\"text-align: justify;\"><b>\u00bfDe qu\u00e9 trata su tesis de doctorado?<\/b><\/p>\n<p style=\"text-align: justify;\"><span style=\"font-weight: 400;\">Nosotros tenemos agua y siempre debemos gestionarla con todos los usuarios de esa agua. En el caso chileno hay 2 principales usuarios de ella y son la <\/span><b>hidroelectricidad<\/b><span style=\"font-weight: 400;\"> y la <\/span><b>agricultura.<\/b><span style=\"font-weight: 400;\"> Lo complejo ah\u00ed es c\u00f3mo puedo manejar esa agua, si es que desconozco cu\u00e1nta voy a tener, entonces hay un componente de incertidumbre ac\u00e1 que es muy fuerte.<\/span><\/p>\n<p style=\"text-align: justify;\"><span style=\"font-weight: 400;\">Lo que hicimos fue desarrollar tres grandes \u00e1reas, una que tiene que ver con modelos de pron\u00f3sticos de caudales afluentes, en el fondo la entrada de agua; otra \u00e1rea en la que hicimos modelos de optimizaci\u00f3n bajo incertidumbre, para tomar decisiones sobre la gesti\u00f3n de esta agua considerando la incertidumbre previamente modelada y dentro del modelo. Y en la tercera, desarrollamos algunos modelos que permit\u00edan incorporar otras caracter\u00edsticas que t\u00edpicamente no son consideradas en la literatura, por ejemplo, ciertas condiciones operacionales de corto plazo en estos modelos de mediano plazo, para tener una mejor representaci\u00f3n de la flexibilidad que aporta la hidroelectricidad en el sistema y tambi\u00e9n otros usos de agua, por ejemplo el caso agr\u00edcola, donde hicimos este match entre el sector el\u00e9ctrico y el agr\u00edcola en t\u00e9rminos de qu\u00e9 pasa en cuanto a las emisiones de CO\u2082, en t\u00e9rminos de los d\u00e9ficits de agua sobre las necesidades de agua si es que cambio las pol\u00edticas de operaci\u00f3n de los embalses.<\/span><\/p>\n<p style=\"text-align: justify;\"><b>\u00bfQu\u00e9 lo motiv\u00f3 a estudiar esa l\u00ednea?<\/b><\/p>\n<p style=\"text-align: justify;\"><span style=\"font-weight: 400;\">Bueno, hay dos motivaciones, una que es intr\u00ednseca y es que estamos viviendo una sequ\u00eda hace muchos a\u00f1os y alguien tiene que hacer algo, no s\u00e9 si soy ese alguien, somos hartos \u201calguienes\u201d, pero de alguna forma aportar en eso me parec\u00eda importante desde una perspectiva m\u00e1s pr\u00e1ctica. Pero tambi\u00e9n hay una perspectiva que es m\u00e1s metodol\u00f3gica, que tiene que ver con mi desarrollo profesional, de las herramientas que yo aprendo y en ese sentido trabajar con el profesor \u00c1lvaro fue la clave.<\/span><\/p>\n<p style=\"text-align: justify;\"><b>\u00bfY c\u00f3mo fue trabajar con \u00e9l en la parte de la interacci\u00f3n y apoyo?\u00a0<\/b><\/p>\n<p style=\"text-align: justify;\"><span style=\"font-weight: 400;\">Tengo la gran ventaja de que el profesor \u00c1lvaro trabaja con muchos profesores, tiene un laboratorio, donde hay muchos alumnos de pregrado y postgrado, de ingenier\u00eda, mag\u00edster y doctorado, entonces el ambiente que se forma es muy enriquecedor, porque cada uno tiene su especialidad y se va perfeccionando en lo suyo y, por lo tanto, muchas veces tenemos estas discusiones o reuniones donde nos vamos compartiendo visiones.<\/span><\/p>\n<p style=\"text-align: justify;\"><b>En tu defensa preguntaron por la inversi\u00f3n en irrigaci\u00f3n \u00bfA qu\u00e9 se refiere y hay alg\u00fan plan en espec\u00edfico?<\/b><\/p>\n<p style=\"text-align: justify;\"><span style=\"font-weight: 400;\">Si de algo estoy seguro, sobre todo despu\u00e9s de desarrollar mi tesis de doctorado, es que en el fondo uno siempre tiene que tener en cuenta que el coraz\u00f3n de la Ingenier\u00eda Industrial est\u00e1 en el uso eficiente de los recursos. Entonces, \u00bfqu\u00e9 podemos hacer con lo que tenemos? Esa es la pregunta, uno siempre querr\u00eda tener m\u00e1s, pero lamentablemente no podemos hacer que aparezca m\u00e1s agua, lo que s\u00ed podemos hacer es usarla de manera m\u00e1s eficiente. Y cuando hablamos de usar de manera m\u00e1s eficiente esa agua, otra de las cosas que tenemos que pensar autom\u00e1ticamente, es en los distintos usos que se le da.<\/span><\/p>\n<p style=\"text-align: justify;\"><span style=\"font-weight: 400;\">El principal usuario de ella en Chile, es justamente el sector agr\u00edcola, en donde ha habido mejoras en t\u00e9rminos de la eficiencia de riego. En los \u00faltimos 30-25 a\u00f1os ha subido o aumentado hasta cerca de un 50% esta eficiencia, que es algo que ha mejorado, pero entre 50% y 100% todav\u00eda hay un largo camino, entonces todav\u00eda se pueden hacer cosas. Subsidiar el aumento de la eficiencia de riego para utilizar esa agua en otros fines, ya sea en hidroel\u00e9ctrica, potable, turismo, sea lo que sea, dependiendo de las necesidades asociadas a cada cuenca y a donde se encuentren esos regantes. Hay cosas que se pueden hacer, lo peor que podemos hacer es no hacer nada.\u00a0<\/span><\/p>\n<p style=\"text-align: justify;\"><b>\u00bfQu\u00e9 momentos desafiantes viviste en el proceso del postgrado?<\/b><\/p>\n<p style=\"text-align: justify;\"><span style=\"font-weight: 400;\">La verdad es que, por definici\u00f3n, un doctorado es un proceso desafiante, por lo que los momentos son muchos, pero los m\u00e1s desafiantes fueron sobre todo al inicio, por un proceso de adaptabilidad, sobre todo para alguien que viene de otra universidad, con otros ritmos, quiz\u00e1, con otra tecnolog\u00eda, con otra cultura universitaria muchas veces. Tambi\u00e9n impacta de alguna forma, pero a nivel m\u00e1s t\u00e9cnico, las principales instancias de evaluaci\u00f3n, el examen de candidatura, la misma defensa del cierre de procesos, el informe de tesis, m\u00e1s all\u00e1 de lo complejo que esto sea por naturaleza, llegar a esa instancia no es trivial, pero hay un desaf\u00edo, y uno personal que es c\u00f3mo puedo mostrar todo lo que hice a nivel general y de forma de que una audiencia relativamente general, no necesariamente muy t\u00e9cnica, sea capaz de entenderlo y comprender el aporte que uno desarrolla. Porque muchas veces puede haber desarrollos muy interesantes y de muy buena calidad, a nivel acad\u00e9mico, y que eso se transforme en muchos art\u00edculos cient\u00edficos, pero si no hay una bajada pr\u00e1ctica o una implicancia, muchas veces ese esfuerzo podr\u00eda ser un poco en vano, la idea no es que esto quede guardado en un paper de 10-15 hojas, en alguna revista que a lo mejor nadie va a leer, lo importante es que esto se use en pos de algo.<\/span><\/p>\n<p style=\"text-align: justify;\"><b>\u00bfCu\u00e1les son los nuevos desaf\u00edos despu\u00e9s de terminar esta etapa?<\/b><\/p>\n<p style=\"text-align: justify;\"><span style=\"font-weight: 400;\">\u00a0Yo dir\u00eda que todo lo aprendido dentro del doctorado, ahora debo ponerlo en pr\u00e1ctica, y eso incluye en gran medida este desaf\u00edo, que es c\u00f3mo expresar estas ideas. Cuando uno hace un doctorado se hace especialista de un \u00e1rea muy particular de la literatura y, por lo tanto, es dif\u00edcil mostrar o expresar todo ese conocimiento para alguien que tiene otros intereses y simplemente no est\u00e1 especializado en esta \u00e1rea, pero sabe que estas herramientas y visiones que uno adquiri\u00f3 le van a servir, porque saben la estructura del problema en que se est\u00e1 involucrando, las visiones que hay que tener y esto s\u00ed o s\u00ed suma. El desaf\u00edo ahora est\u00e1 en c\u00f3mo aterrizar todo.<\/span><\/p>\n<p style=\"text-align: justify;\"><b>\u00bfQu\u00e9 mensaje le dejar\u00edas a otros\/as estudiantes que est\u00e1n interesados\/as en cursar programas de postgrado?<\/b><\/p>\n<p style=\"text-align: justify;\"><span style=\"font-weight: 400;\">Ser\u00eda: si vas a elegir un problema, tiene que ser uno que te apasione y no tratar de forzar esa pasi\u00f3n sobre algo que se te deleg\u00f3 o una idea que se te vino a la cabeza simplemente; tiene que ser algo que te motive, que te quite las ganas de dormir muchas veces, porque ser\u00e1 una relaci\u00f3n de al menos 4 a\u00f1os, as\u00ed que mi principal mensaje es ese. Estoy convencido, desde mi experiencia, que cuando existe esa pasi\u00f3n y realmente existen esas ganas de superar un problema, o abordarlo simplemente, no necesariamente solucionarlo, entenderlo, proponer soluciones a ese problema, todo el resto, se hace m\u00e1s ameno.\u00a0<\/span><\/p>\n<p style=\"text-align: justify;\">\n","protected":false},"excerpt":{"rendered":"<p>Marcel Favereau, recientemente defendi\u00f3 su tesis \u201cOptimization under uncertainty for the management of hydroelectric resources\u201d, cerrando con \u00e9xito su etapa de Doctorado en Ciencias de la Ingenier\u00eda en nuestro departamento. Adem\u00e1s, el Ingeniero Civil vivi\u00f3 una semana inolvidable tras recibir el premio a Mejor Profesor en Jornada Parcial del DIIS. Conoce m\u00e1s sobre el trabajo que llev\u00f3 a cabo tras estos reconocimientos y su paso por el postgrado UC. \u00bfDe qu\u00e9 trata su tesis de doctorado? Nosotros tenemos agua y siempre debemos gestionarla con todos los usuarios de esa agua. En el caso chileno hay 2 principales usuarios de ella y son la hidroelectricidad y la agricultura. Lo complejo ah\u00ed es c\u00f3mo puedo manejar esa agua, si es que desconozco cu\u00e1nta voy a tener, entonces hay un componente de incertidumbre ac\u00e1 que es muy fuerte. Lo que hicimos fue desarrollar tres grandes \u00e1reas, una que tiene que ver con modelos de pron\u00f3sticos de caudales afluentes, en el fondo la entrada de agua; otra \u00e1rea en la que hicimos modelos de optimizaci\u00f3n bajo incertidumbre, para tomar decisiones sobre la gesti\u00f3n de esta agua considerando la incertidumbre previamente modelada y dentro del modelo. Y en la tercera, desarrollamos algunos modelos que permit\u00edan incorporar otras caracter\u00edsticas que t\u00edpicamente no son consideradas en la literatura, por ejemplo, ciertas condiciones operacionales de corto plazo en estos modelos de mediano plazo, para tener una mejor representaci\u00f3n de la flexibilidad que aporta la hidroelectricidad en el sistema y tambi\u00e9n otros usos de agua, por ejemplo el caso agr\u00edcola, donde hicimos este match entre el sector el\u00e9ctrico y el agr\u00edcola en t\u00e9rminos de qu\u00e9 pasa en cuanto a las emisiones de CO\u2082, en t\u00e9rminos de los d\u00e9ficits de agua sobre las necesidades de agua si es que cambio las pol\u00edticas de operaci\u00f3n de los embalses. \u00bfQu\u00e9 lo motiv\u00f3 a estudiar esa l\u00ednea? Bueno, hay dos motivaciones, una que es intr\u00ednseca y es que estamos viviendo una sequ\u00eda hace muchos a\u00f1os y alguien tiene que hacer algo, no s\u00e9 si soy ese alguien, somos hartos \u201calguienes\u201d, pero de alguna forma aportar en eso me parec\u00eda importante desde una perspectiva m\u00e1s pr\u00e1ctica. Pero tambi\u00e9n hay una perspectiva que es m\u00e1s metodol\u00f3gica, que tiene que ver con mi desarrollo profesional, de las herramientas que yo aprendo y en ese sentido trabajar con el profesor \u00c1lvaro fue la clave. \u00bfY c\u00f3mo fue trabajar con \u00e9l en la parte de la interacci\u00f3n y apoyo?\u00a0 Tengo la gran ventaja de que el profesor \u00c1lvaro trabaja con muchos profesores, tiene un laboratorio, donde hay muchos alumnos de pregrado y postgrado, de ingenier\u00eda, mag\u00edster y doctorado, entonces el ambiente que se forma es muy enriquecedor, porque cada uno tiene su especialidad y se va perfeccionando en lo suyo y, por lo tanto, muchas veces tenemos estas discusiones o reuniones donde nos vamos compartiendo visiones. En tu defensa preguntaron por la inversi\u00f3n en irrigaci\u00f3n \u00bfA qu\u00e9 se refiere y hay alg\u00fan plan en espec\u00edfico? Si de algo estoy seguro, sobre todo despu\u00e9s de desarrollar mi tesis de doctorado, es que en el fondo uno siempre tiene que tener en cuenta que el coraz\u00f3n de la Ingenier\u00eda Industrial est\u00e1 en el uso eficiente de los recursos. Entonces, \u00bfqu\u00e9 podemos hacer con lo que tenemos? Esa es la pregunta, uno siempre querr\u00eda tener m\u00e1s, pero lamentablemente no podemos hacer que aparezca m\u00e1s agua, lo que s\u00ed podemos hacer es usarla de manera m\u00e1s eficiente. Y cuando hablamos de usar de manera m\u00e1s eficiente esa agua, otra de las cosas que tenemos que pensar autom\u00e1ticamente, es en los distintos usos que se le da. El principal usuario de ella en Chile, es justamente el sector agr\u00edcola, en donde ha habido mejoras en t\u00e9rminos de la eficiencia de riego. En los \u00faltimos 30-25 a\u00f1os ha subido o aumentado hasta cerca de un 50% esta eficiencia, que es algo que ha mejorado, pero entre 50% y 100% todav\u00eda hay un largo camino, entonces todav\u00eda se pueden hacer cosas. Subsidiar el aumento de la eficiencia de riego para utilizar esa agua en otros fines, ya sea en hidroel\u00e9ctrica, potable, turismo, sea lo que sea, dependiendo de las necesidades asociadas a cada cuenca y a donde se encuentren esos regantes. Hay cosas que se pueden hacer, lo peor que podemos hacer es no hacer nada.\u00a0 \u00bfQu\u00e9 momentos desafiantes viviste en el proceso del postgrado? La verdad es que, por definici\u00f3n, un doctorado es un proceso desafiante, por lo que los momentos son muchos, pero los m\u00e1s desafiantes fueron sobre todo al inicio, por un proceso de adaptabilidad, sobre todo para alguien que viene de otra universidad, con otros ritmos, quiz\u00e1, con otra tecnolog\u00eda, con otra cultura universitaria muchas veces. Tambi\u00e9n impacta de alguna forma, pero a nivel m\u00e1s t\u00e9cnico, las principales instancias de evaluaci\u00f3n, el examen de candidatura, la misma defensa del cierre de procesos, el informe de tesis, m\u00e1s all\u00e1 de lo complejo que esto sea por naturaleza, llegar a esa instancia no es trivial, pero hay un desaf\u00edo, y uno personal que es c\u00f3mo puedo mostrar todo lo que hice a nivel general y de forma de que una audiencia relativamente general, no necesariamente muy t\u00e9cnica, sea capaz de entenderlo y comprender el aporte que uno desarrolla. Porque muchas veces puede haber desarrollos muy interesantes y de muy buena calidad, a nivel acad\u00e9mico, y que eso se transforme en muchos art\u00edculos cient\u00edficos, pero si no hay una bajada pr\u00e1ctica o una implicancia, muchas veces ese esfuerzo podr\u00eda ser un poco en vano, la idea no es que esto quede guardado en un paper de 10-15 hojas, en alguna revista que a lo mejor nadie va a leer, lo importante es que esto se use en pos de algo. \u00bfCu\u00e1les son los nuevos desaf\u00edos despu\u00e9s de terminar esta etapa? \u00a0Yo dir\u00eda que todo lo aprendido dentro del doctorado, ahora debo ponerlo en pr\u00e1ctica, y eso incluye en gran medida este desaf\u00edo, que es c\u00f3mo expresar estas ideas. Cuando uno hace un doctorado se hace especialista de un \u00e1rea muy particular de la<\/p>\n","protected":false},"author":4,"featured_media":354861,"comment_status":"closed","ping_status":"closed","sticky":false,"template":"","format":"standard","meta":{"site-sidebar-layout":"default","site-content-layout":"","ast-site-content-layout":"default","site-content-style":"default","site-sidebar-style":"default","ast-global-header-display":"","ast-banner-title-visibility":"","ast-main-header-display":"","ast-hfb-above-header-display":"","ast-hfb-below-header-display":"","ast-hfb-mobile-header-display":"","site-post-title":"","ast-breadcrumbs-content":"","ast-featured-img":"","footer-sml-layout":"","ast-disable-related-posts":"","theme-transparent-header-meta":"","adv-header-id-meta":"","stick-header-meta":"","header-above-stick-meta":"","header-main-stick-meta":"","header-below-stick-meta":"","astra-migrate-meta-layouts":"default","ast-page-background-enabled":"default","ast-page-background-meta":{"desktop":{"background-color":"","background-image":"","background-repeat":"repeat","background-position":"center center","background-size":"auto","background-attachment":"scroll","background-type":"","background-media":"","overlay-type":"","overlay-color":"","overlay-opacity":"","overlay-gradient":""},"tablet":{"background-color":"","background-image":"","background-repeat":"repeat","background-position":"center center","background-size":"auto","background-attachment":"scroll","background-type":"","background-media":"","overlay-type":"","overlay-color":"","overlay-opacity":"","overlay-gradient":""},"mobile":{"background-color":"","background-image":"","background-repeat":"repeat","background-position":"center center","background-size":"auto","background-attachment":"scroll","background-type":"","background-media":"","overlay-type":"","overlay-color":"","overlay-opacity":"","overlay-gradient":""}},"ast-content-background-meta":{"desktop":{"background-color":"var(--ast-global-color-5)","background-image":"","background-repeat":"repeat","background-position":"center center","background-size":"auto","background-attachment":"scroll","background-type":"","background-media":"","overlay-type":"","overlay-color":"","overlay-opacity":"","overlay-gradient":""},"tablet":{"background-color":"var(--ast-global-color-5)","background-image":"","background-repeat":"repeat","background-position":"center center","background-size":"auto","background-attachment":"scroll","background-type":"","background-media":"","overlay-type":"","overlay-color":"","overlay-opacity":"","overlay-gradient":""},"mobile":{"background-color":"var(--ast-global-color-5)","background-image":"","background-repeat":"repeat","background-position":"center center","background-size":"auto","background-attachment":"scroll","background-type":"","background-media":"","overlay-type":"","overlay-color":"","overlay-opacity":"","overlay-gradient":""}},"footnotes":""},"categories":[1],"tags":[],"class_list":["post-354860","post","type-post","status-publish","format-standard","has-post-thumbnail","hentry","category-sin-categoria"],"yoast_head":"<!-- This site is optimized with the Yoast SEO plugin v26.9 - https:\/\/yoast.com\/product\/yoast-seo-wordpress\/ -->\n<title>Doctor y mejor profe part-time: Marcel Favereau y su mejor a\u00f1o en el DIIS - Departamento de Ingenier\u00eda Industrial y de Sistemas<\/title>\n<meta name=\"robots\" content=\"index, follow, max-snippet:-1, max-image-preview:large, max-video-preview:-1\" \/>\n<link rel=\"canonical\" href=\"https:\/\/www.ing.uc.cl\/industrial-y-sistemas\/2023\/08\/29\/doctor-c-y-mejor-profe-part-time-marcel-favereau-y-su-mejor-ano-en-el-diis\/\" \/>\n<meta property=\"og:locale\" content=\"es_ES\" \/>\n<meta property=\"og:type\" content=\"article\" \/>\n<meta property=\"og:title\" content=\"Doctor y mejor profe part-time: Marcel Favereau y su mejor a\u00f1o en el DIIS - Departamento de Ingenier\u00eda Industrial y de Sistemas\" \/>\n<meta property=\"og:description\" content=\"Marcel Favereau, recientemente defendi\u00f3 su tesis \u201cOptimization under uncertainty for the management of hydroelectric resources\u201d, cerrando con \u00e9xito su etapa de Doctorado en Ciencias de la Ingenier\u00eda en nuestro departamento. Adem\u00e1s, el Ingeniero Civil vivi\u00f3 una semana inolvidable tras recibir el premio a Mejor Profesor en Jornada Parcial del DIIS. Conoce m\u00e1s sobre el trabajo que llev\u00f3 a cabo tras estos reconocimientos y su paso por el postgrado UC. \u00bfDe qu\u00e9 trata su tesis de doctorado? Nosotros tenemos agua y siempre debemos gestionarla con todos los usuarios de esa agua. En el caso chileno hay 2 principales usuarios de ella y son la hidroelectricidad y la agricultura. Lo complejo ah\u00ed es c\u00f3mo puedo manejar esa agua, si es que desconozco cu\u00e1nta voy a tener, entonces hay un componente de incertidumbre ac\u00e1 que es muy fuerte. Lo que hicimos fue desarrollar tres grandes \u00e1reas, una que tiene que ver con modelos de pron\u00f3sticos de caudales afluentes, en el fondo la entrada de agua; otra \u00e1rea en la que hicimos modelos de optimizaci\u00f3n bajo incertidumbre, para tomar decisiones sobre la gesti\u00f3n de esta agua considerando la incertidumbre previamente modelada y dentro del modelo. Y en la tercera, desarrollamos algunos modelos que permit\u00edan incorporar otras caracter\u00edsticas que t\u00edpicamente no son consideradas en la literatura, por ejemplo, ciertas condiciones operacionales de corto plazo en estos modelos de mediano plazo, para tener una mejor representaci\u00f3n de la flexibilidad que aporta la hidroelectricidad en el sistema y tambi\u00e9n otros usos de agua, por ejemplo el caso agr\u00edcola, donde hicimos este match entre el sector el\u00e9ctrico y el agr\u00edcola en t\u00e9rminos de qu\u00e9 pasa en cuanto a las emisiones de CO\u2082, en t\u00e9rminos de los d\u00e9ficits de agua sobre las necesidades de agua si es que cambio las pol\u00edticas de operaci\u00f3n de los embalses. \u00bfQu\u00e9 lo motiv\u00f3 a estudiar esa l\u00ednea? Bueno, hay dos motivaciones, una que es intr\u00ednseca y es que estamos viviendo una sequ\u00eda hace muchos a\u00f1os y alguien tiene que hacer algo, no s\u00e9 si soy ese alguien, somos hartos \u201calguienes\u201d, pero de alguna forma aportar en eso me parec\u00eda importante desde una perspectiva m\u00e1s pr\u00e1ctica. Pero tambi\u00e9n hay una perspectiva que es m\u00e1s metodol\u00f3gica, que tiene que ver con mi desarrollo profesional, de las herramientas que yo aprendo y en ese sentido trabajar con el profesor \u00c1lvaro fue la clave. \u00bfY c\u00f3mo fue trabajar con \u00e9l en la parte de la interacci\u00f3n y apoyo?\u00a0 Tengo la gran ventaja de que el profesor \u00c1lvaro trabaja con muchos profesores, tiene un laboratorio, donde hay muchos alumnos de pregrado y postgrado, de ingenier\u00eda, mag\u00edster y doctorado, entonces el ambiente que se forma es muy enriquecedor, porque cada uno tiene su especialidad y se va perfeccionando en lo suyo y, por lo tanto, muchas veces tenemos estas discusiones o reuniones donde nos vamos compartiendo visiones. En tu defensa preguntaron por la inversi\u00f3n en irrigaci\u00f3n \u00bfA qu\u00e9 se refiere y hay alg\u00fan plan en espec\u00edfico? Si de algo estoy seguro, sobre todo despu\u00e9s de desarrollar mi tesis de doctorado, es que en el fondo uno siempre tiene que tener en cuenta que el coraz\u00f3n de la Ingenier\u00eda Industrial est\u00e1 en el uso eficiente de los recursos. Entonces, \u00bfqu\u00e9 podemos hacer con lo que tenemos? Esa es la pregunta, uno siempre querr\u00eda tener m\u00e1s, pero lamentablemente no podemos hacer que aparezca m\u00e1s agua, lo que s\u00ed podemos hacer es usarla de manera m\u00e1s eficiente. Y cuando hablamos de usar de manera m\u00e1s eficiente esa agua, otra de las cosas que tenemos que pensar autom\u00e1ticamente, es en los distintos usos que se le da. El principal usuario de ella en Chile, es justamente el sector agr\u00edcola, en donde ha habido mejoras en t\u00e9rminos de la eficiencia de riego. En los \u00faltimos 30-25 a\u00f1os ha subido o aumentado hasta cerca de un 50% esta eficiencia, que es algo que ha mejorado, pero entre 50% y 100% todav\u00eda hay un largo camino, entonces todav\u00eda se pueden hacer cosas. Subsidiar el aumento de la eficiencia de riego para utilizar esa agua en otros fines, ya sea en hidroel\u00e9ctrica, potable, turismo, sea lo que sea, dependiendo de las necesidades asociadas a cada cuenca y a donde se encuentren esos regantes. Hay cosas que se pueden hacer, lo peor que podemos hacer es no hacer nada.\u00a0 \u00bfQu\u00e9 momentos desafiantes viviste en el proceso del postgrado? La verdad es que, por definici\u00f3n, un doctorado es un proceso desafiante, por lo que los momentos son muchos, pero los m\u00e1s desafiantes fueron sobre todo al inicio, por un proceso de adaptabilidad, sobre todo para alguien que viene de otra universidad, con otros ritmos, quiz\u00e1, con otra tecnolog\u00eda, con otra cultura universitaria muchas veces. Tambi\u00e9n impacta de alguna forma, pero a nivel m\u00e1s t\u00e9cnico, las principales instancias de evaluaci\u00f3n, el examen de candidatura, la misma defensa del cierre de procesos, el informe de tesis, m\u00e1s all\u00e1 de lo complejo que esto sea por naturaleza, llegar a esa instancia no es trivial, pero hay un desaf\u00edo, y uno personal que es c\u00f3mo puedo mostrar todo lo que hice a nivel general y de forma de que una audiencia relativamente general, no necesariamente muy t\u00e9cnica, sea capaz de entenderlo y comprender el aporte que uno desarrolla. Porque muchas veces puede haber desarrollos muy interesantes y de muy buena calidad, a nivel acad\u00e9mico, y que eso se transforme en muchos art\u00edculos cient\u00edficos, pero si no hay una bajada pr\u00e1ctica o una implicancia, muchas veces ese esfuerzo podr\u00eda ser un poco en vano, la idea no es que esto quede guardado en un paper de 10-15 hojas, en alguna revista que a lo mejor nadie va a leer, lo importante es que esto se use en pos de algo. \u00bfCu\u00e1les son los nuevos desaf\u00edos despu\u00e9s de terminar esta etapa? \u00a0Yo dir\u00eda que todo lo aprendido dentro del doctorado, ahora debo ponerlo en pr\u00e1ctica, y eso incluye en gran medida este desaf\u00edo, que es c\u00f3mo expresar estas ideas. Cuando uno hace un doctorado se hace especialista de un \u00e1rea muy particular de la\" \/>\n<meta property=\"og:url\" content=\"https:\/\/www.ing.uc.cl\/industrial-y-sistemas\/2023\/08\/29\/doctor-c-y-mejor-profe-part-time-marcel-favereau-y-su-mejor-ano-en-el-diis\/\" \/>\n<meta property=\"og:site_name\" content=\"Departamento de Ingenier\u00eda Industrial y de Sistemas\" \/>\n<meta property=\"article:published_time\" content=\"2023-08-29T17:05:23+00:00\" \/>\n<meta property=\"og:image\" content=\"https:\/\/www.ing.uc.cl\/industrial-y-sistemas\/wp-content\/uploads\/2023\/08\/portadas-notas-pag-web-1.png\" \/>\n\t<meta property=\"og:image:width\" content=\"1250\" \/>\n\t<meta property=\"og:image:height\" content=\"700\" \/>\n\t<meta property=\"og:image:type\" content=\"image\/png\" \/>\n<meta name=\"author\" content=\"Francisco H\" \/>\n<meta name=\"twitter:card\" content=\"summary_large_image\" \/>\n<meta name=\"twitter:label1\" content=\"Escrito por\" \/>\n\t<meta name=\"twitter:data1\" content=\"Francisco H\" \/>\n\t<meta name=\"twitter:label2\" content=\"Tiempo estimado de lectura\" \/>\n\t<meta name=\"twitter:data2\" content=\"6 minutos\" \/>\n<script type=\"application\/ld+json\" class=\"yoast-schema-graph\">{\"@context\":\"https:\/\/schema.org\",\"@graph\":[{\"@type\":\"Article\",\"@id\":\"https:\/\/www.ing.uc.cl\/industrial-y-sistemas\/2023\/08\/29\/doctor-c-y-mejor-profe-part-time-marcel-favereau-y-su-mejor-ano-en-el-diis\/#article\",\"isPartOf\":{\"@id\":\"https:\/\/www.ing.uc.cl\/industrial-y-sistemas\/2023\/08\/29\/doctor-c-y-mejor-profe-part-time-marcel-favereau-y-su-mejor-ano-en-el-diis\/\"},\"author\":{\"name\":\"Francisco H\",\"@id\":\"https:\/\/www.ing.uc.cl\/industrial-y-sistemas\/#\/schema\/person\/721a1ef791962c4167b0dad3ee596283\"},\"headline\":\"Doctor y mejor profe part-time: Marcel Favereau y su mejor a\u00f1o en el DIIS\",\"datePublished\":\"2023-08-29T17:05:23+00:00\",\"mainEntityOfPage\":{\"@id\":\"https:\/\/www.ing.uc.cl\/industrial-y-sistemas\/2023\/08\/29\/doctor-c-y-mejor-profe-part-time-marcel-favereau-y-su-mejor-ano-en-el-diis\/\"},\"wordCount\":1294,\"publisher\":{\"@id\":\"https:\/\/www.ing.uc.cl\/industrial-y-sistemas\/#organization\"},\"image\":{\"@id\":\"https:\/\/www.ing.uc.cl\/industrial-y-sistemas\/2023\/08\/29\/doctor-c-y-mejor-profe-part-time-marcel-favereau-y-su-mejor-ano-en-el-diis\/#primaryimage\"},\"thumbnailUrl\":\"https:\/\/www.ing.uc.cl\/industrial-y-sistemas\/wp-content\/uploads\/2023\/08\/portadas-notas-pag-web-1.png\",\"inLanguage\":\"es-CL\"},{\"@type\":\"WebPage\",\"@id\":\"https:\/\/www.ing.uc.cl\/industrial-y-sistemas\/2023\/08\/29\/doctor-c-y-mejor-profe-part-time-marcel-favereau-y-su-mejor-ano-en-el-diis\/\",\"url\":\"https:\/\/www.ing.uc.cl\/industrial-y-sistemas\/2023\/08\/29\/doctor-c-y-mejor-profe-part-time-marcel-favereau-y-su-mejor-ano-en-el-diis\/\",\"name\":\"Doctor y mejor profe part-time: Marcel Favereau y su mejor a\u00f1o en el DIIS - Departamento de Ingenier\u00eda Industrial y de Sistemas\",\"isPartOf\":{\"@id\":\"https:\/\/www.ing.uc.cl\/industrial-y-sistemas\/#website\"},\"primaryImageOfPage\":{\"@id\":\"https:\/\/www.ing.uc.cl\/industrial-y-sistemas\/2023\/08\/29\/doctor-c-y-mejor-profe-part-time-marcel-favereau-y-su-mejor-ano-en-el-diis\/#primaryimage\"},\"image\":{\"@id\":\"https:\/\/www.ing.uc.cl\/industrial-y-sistemas\/2023\/08\/29\/doctor-c-y-mejor-profe-part-time-marcel-favereau-y-su-mejor-ano-en-el-diis\/#primaryimage\"},\"thumbnailUrl\":\"https:\/\/www.ing.uc.cl\/industrial-y-sistemas\/wp-content\/uploads\/2023\/08\/portadas-notas-pag-web-1.png\",\"datePublished\":\"2023-08-29T17:05:23+00:00\",\"breadcrumb\":{\"@id\":\"https:\/\/www.ing.uc.cl\/industrial-y-sistemas\/2023\/08\/29\/doctor-c-y-mejor-profe-part-time-marcel-favereau-y-su-mejor-ano-en-el-diis\/#breadcrumb\"},\"inLanguage\":\"es-CL\",\"potentialAction\":[{\"@type\":\"ReadAction\",\"target\":[\"https:\/\/www.ing.uc.cl\/industrial-y-sistemas\/2023\/08\/29\/doctor-c-y-mejor-profe-part-time-marcel-favereau-y-su-mejor-ano-en-el-diis\/\"]}]},{\"@type\":\"ImageObject\",\"inLanguage\":\"es-CL\",\"@id\":\"https:\/\/www.ing.uc.cl\/industrial-y-sistemas\/2023\/08\/29\/doctor-c-y-mejor-profe-part-time-marcel-favereau-y-su-mejor-ano-en-el-diis\/#primaryimage\",\"url\":\"https:\/\/www.ing.uc.cl\/industrial-y-sistemas\/wp-content\/uploads\/2023\/08\/portadas-notas-pag-web-1.png\",\"contentUrl\":\"https:\/\/www.ing.uc.cl\/industrial-y-sistemas\/wp-content\/uploads\/2023\/08\/portadas-notas-pag-web-1.png\",\"width\":1250,\"height\":700},{\"@type\":\"BreadcrumbList\",\"@id\":\"https:\/\/www.ing.uc.cl\/industrial-y-sistemas\/2023\/08\/29\/doctor-c-y-mejor-profe-part-time-marcel-favereau-y-su-mejor-ano-en-el-diis\/#breadcrumb\",\"itemListElement\":[{\"@type\":\"ListItem\",\"position\":1,\"name\":\"Portada\",\"item\":\"https:\/\/www.ing.uc.cl\/industrial-y-sistemas\/\"},{\"@type\":\"ListItem\",\"position\":2,\"name\":\"Doctor y mejor profe part-time: Marcel Favereau y su mejor a\u00f1o en el DIIS\"}]},{\"@type\":\"WebSite\",\"@id\":\"https:\/\/www.ing.uc.cl\/industrial-y-sistemas\/#website\",\"url\":\"https:\/\/www.ing.uc.cl\/industrial-y-sistemas\/\",\"name\":\"Departamento de Ingenier\u00eda Industrial y de Sistemas\",\"description\":\"Escuela de Ingenier\u00eda\",\"publisher\":{\"@id\":\"https:\/\/www.ing.uc.cl\/industrial-y-sistemas\/#organization\"},\"potentialAction\":[{\"@type\":\"SearchAction\",\"target\":{\"@type\":\"EntryPoint\",\"urlTemplate\":\"https:\/\/www.ing.uc.cl\/industrial-y-sistemas\/?s={search_term_string}\"},\"query-input\":{\"@type\":\"PropertyValueSpecification\",\"valueRequired\":true,\"valueName\":\"search_term_string\"}}],\"inLanguage\":\"es-CL\"},{\"@type\":\"Organization\",\"@id\":\"https:\/\/www.ing.uc.cl\/industrial-y-sistemas\/#organization\",\"name\":\"Departamento de Ingenier\u00eda Industrial y de Sistemas\",\"url\":\"https:\/\/www.ing.uc.cl\/industrial-y-sistemas\/\",\"logo\":{\"@type\":\"ImageObject\",\"inLanguage\":\"es-CL\",\"@id\":\"https:\/\/www.ing.uc.cl\/industrial-y-sistemas\/#\/schema\/logo\/image\/\",\"url\":\"https:\/\/www.ing.uc.cl\/industrial-y-sistemas\/wp-content\/uploads\/2023\/11\/cropped-UC-P2727-01.png\",\"contentUrl\":\"https:\/\/www.ing.uc.cl\/industrial-y-sistemas\/wp-content\/uploads\/2023\/11\/cropped-UC-P2727-01.png\",\"width\":307,\"height\":414,\"caption\":\"Departamento de Ingenier\u00eda Industrial y de Sistemas\"},\"image\":{\"@id\":\"https:\/\/www.ing.uc.cl\/industrial-y-sistemas\/#\/schema\/logo\/image\/\"}},{\"@type\":\"Person\",\"@id\":\"https:\/\/www.ing.uc.cl\/industrial-y-sistemas\/#\/schema\/person\/721a1ef791962c4167b0dad3ee596283\",\"name\":\"Francisco H\",\"image\":{\"@type\":\"ImageObject\",\"inLanguage\":\"es-CL\",\"@id\":\"https:\/\/www.ing.uc.cl\/industrial-y-sistemas\/#\/schema\/person\/image\/\",\"url\":\"https:\/\/secure.gravatar.com\/avatar\/63233762875caf7cb464abb0c994788b36bb5a903f4b5e6d958a14f57c41e047?s=96&d=mm&r=g\",\"contentUrl\":\"https:\/\/secure.gravatar.com\/avatar\/63233762875caf7cb464abb0c994788b36bb5a903f4b5e6d958a14f57c41e047?s=96&d=mm&r=g\",\"caption\":\"Francisco H\"},\"url\":\"https:\/\/www.ing.uc.cl\/industrial-y-sistemas\/author\/fherreros\/\"}]}<\/script>\n<!-- \/ Yoast SEO plugin. -->","yoast_head_json":{"title":"Doctor y mejor profe part-time: Marcel Favereau y su mejor a\u00f1o en el DIIS - Departamento de Ingenier\u00eda Industrial y de Sistemas","robots":{"index":"index","follow":"follow","max-snippet":"max-snippet:-1","max-image-preview":"max-image-preview:large","max-video-preview":"max-video-preview:-1"},"canonical":"https:\/\/www.ing.uc.cl\/industrial-y-sistemas\/2023\/08\/29\/doctor-c-y-mejor-profe-part-time-marcel-favereau-y-su-mejor-ano-en-el-diis\/","og_locale":"es_ES","og_type":"article","og_title":"Doctor y mejor profe part-time: Marcel Favereau y su mejor a\u00f1o en el DIIS - Departamento de Ingenier\u00eda Industrial y de Sistemas","og_description":"Marcel Favereau, recientemente defendi\u00f3 su tesis \u201cOptimization under uncertainty for the management of hydroelectric resources\u201d, cerrando con \u00e9xito su etapa de Doctorado en Ciencias de la Ingenier\u00eda en nuestro departamento. Adem\u00e1s, el Ingeniero Civil vivi\u00f3 una semana inolvidable tras recibir el premio a Mejor Profesor en Jornada Parcial del DIIS. Conoce m\u00e1s sobre el trabajo que llev\u00f3 a cabo tras estos reconocimientos y su paso por el postgrado UC. \u00bfDe qu\u00e9 trata su tesis de doctorado? Nosotros tenemos agua y siempre debemos gestionarla con todos los usuarios de esa agua. En el caso chileno hay 2 principales usuarios de ella y son la hidroelectricidad y la agricultura. Lo complejo ah\u00ed es c\u00f3mo puedo manejar esa agua, si es que desconozco cu\u00e1nta voy a tener, entonces hay un componente de incertidumbre ac\u00e1 que es muy fuerte. Lo que hicimos fue desarrollar tres grandes \u00e1reas, una que tiene que ver con modelos de pron\u00f3sticos de caudales afluentes, en el fondo la entrada de agua; otra \u00e1rea en la que hicimos modelos de optimizaci\u00f3n bajo incertidumbre, para tomar decisiones sobre la gesti\u00f3n de esta agua considerando la incertidumbre previamente modelada y dentro del modelo. Y en la tercera, desarrollamos algunos modelos que permit\u00edan incorporar otras caracter\u00edsticas que t\u00edpicamente no son consideradas en la literatura, por ejemplo, ciertas condiciones operacionales de corto plazo en estos modelos de mediano plazo, para tener una mejor representaci\u00f3n de la flexibilidad que aporta la hidroelectricidad en el sistema y tambi\u00e9n otros usos de agua, por ejemplo el caso agr\u00edcola, donde hicimos este match entre el sector el\u00e9ctrico y el agr\u00edcola en t\u00e9rminos de qu\u00e9 pasa en cuanto a las emisiones de CO\u2082, en t\u00e9rminos de los d\u00e9ficits de agua sobre las necesidades de agua si es que cambio las pol\u00edticas de operaci\u00f3n de los embalses. \u00bfQu\u00e9 lo motiv\u00f3 a estudiar esa l\u00ednea? Bueno, hay dos motivaciones, una que es intr\u00ednseca y es que estamos viviendo una sequ\u00eda hace muchos a\u00f1os y alguien tiene que hacer algo, no s\u00e9 si soy ese alguien, somos hartos \u201calguienes\u201d, pero de alguna forma aportar en eso me parec\u00eda importante desde una perspectiva m\u00e1s pr\u00e1ctica. Pero tambi\u00e9n hay una perspectiva que es m\u00e1s metodol\u00f3gica, que tiene que ver con mi desarrollo profesional, de las herramientas que yo aprendo y en ese sentido trabajar con el profesor \u00c1lvaro fue la clave. \u00bfY c\u00f3mo fue trabajar con \u00e9l en la parte de la interacci\u00f3n y apoyo?\u00a0 Tengo la gran ventaja de que el profesor \u00c1lvaro trabaja con muchos profesores, tiene un laboratorio, donde hay muchos alumnos de pregrado y postgrado, de ingenier\u00eda, mag\u00edster y doctorado, entonces el ambiente que se forma es muy enriquecedor, porque cada uno tiene su especialidad y se va perfeccionando en lo suyo y, por lo tanto, muchas veces tenemos estas discusiones o reuniones donde nos vamos compartiendo visiones. En tu defensa preguntaron por la inversi\u00f3n en irrigaci\u00f3n \u00bfA qu\u00e9 se refiere y hay alg\u00fan plan en espec\u00edfico? Si de algo estoy seguro, sobre todo despu\u00e9s de desarrollar mi tesis de doctorado, es que en el fondo uno siempre tiene que tener en cuenta que el coraz\u00f3n de la Ingenier\u00eda Industrial est\u00e1 en el uso eficiente de los recursos. Entonces, \u00bfqu\u00e9 podemos hacer con lo que tenemos? Esa es la pregunta, uno siempre querr\u00eda tener m\u00e1s, pero lamentablemente no podemos hacer que aparezca m\u00e1s agua, lo que s\u00ed podemos hacer es usarla de manera m\u00e1s eficiente. Y cuando hablamos de usar de manera m\u00e1s eficiente esa agua, otra de las cosas que tenemos que pensar autom\u00e1ticamente, es en los distintos usos que se le da. El principal usuario de ella en Chile, es justamente el sector agr\u00edcola, en donde ha habido mejoras en t\u00e9rminos de la eficiencia de riego. En los \u00faltimos 30-25 a\u00f1os ha subido o aumentado hasta cerca de un 50% esta eficiencia, que es algo que ha mejorado, pero entre 50% y 100% todav\u00eda hay un largo camino, entonces todav\u00eda se pueden hacer cosas. Subsidiar el aumento de la eficiencia de riego para utilizar esa agua en otros fines, ya sea en hidroel\u00e9ctrica, potable, turismo, sea lo que sea, dependiendo de las necesidades asociadas a cada cuenca y a donde se encuentren esos regantes. Hay cosas que se pueden hacer, lo peor que podemos hacer es no hacer nada.\u00a0 \u00bfQu\u00e9 momentos desafiantes viviste en el proceso del postgrado? La verdad es que, por definici\u00f3n, un doctorado es un proceso desafiante, por lo que los momentos son muchos, pero los m\u00e1s desafiantes fueron sobre todo al inicio, por un proceso de adaptabilidad, sobre todo para alguien que viene de otra universidad, con otros ritmos, quiz\u00e1, con otra tecnolog\u00eda, con otra cultura universitaria muchas veces. Tambi\u00e9n impacta de alguna forma, pero a nivel m\u00e1s t\u00e9cnico, las principales instancias de evaluaci\u00f3n, el examen de candidatura, la misma defensa del cierre de procesos, el informe de tesis, m\u00e1s all\u00e1 de lo complejo que esto sea por naturaleza, llegar a esa instancia no es trivial, pero hay un desaf\u00edo, y uno personal que es c\u00f3mo puedo mostrar todo lo que hice a nivel general y de forma de que una audiencia relativamente general, no necesariamente muy t\u00e9cnica, sea capaz de entenderlo y comprender el aporte que uno desarrolla. Porque muchas veces puede haber desarrollos muy interesantes y de muy buena calidad, a nivel acad\u00e9mico, y que eso se transforme en muchos art\u00edculos cient\u00edficos, pero si no hay una bajada pr\u00e1ctica o una implicancia, muchas veces ese esfuerzo podr\u00eda ser un poco en vano, la idea no es que esto quede guardado en un paper de 10-15 hojas, en alguna revista que a lo mejor nadie va a leer, lo importante es que esto se use en pos de algo. \u00bfCu\u00e1les son los nuevos desaf\u00edos despu\u00e9s de terminar esta etapa? \u00a0Yo dir\u00eda que todo lo aprendido dentro del doctorado, ahora debo ponerlo en pr\u00e1ctica, y eso incluye en gran medida este desaf\u00edo, que es c\u00f3mo expresar estas ideas. Cuando uno hace un doctorado se hace especialista de un \u00e1rea muy particular de la","og_url":"https:\/\/www.ing.uc.cl\/industrial-y-sistemas\/2023\/08\/29\/doctor-c-y-mejor-profe-part-time-marcel-favereau-y-su-mejor-ano-en-el-diis\/","og_site_name":"Departamento de Ingenier\u00eda Industrial y de Sistemas","article_published_time":"2023-08-29T17:05:23+00:00","og_image":[{"width":1250,"height":700,"url":"https:\/\/www.ing.uc.cl\/industrial-y-sistemas\/wp-content\/uploads\/2023\/08\/portadas-notas-pag-web-1.png","type":"image\/png"}],"author":"Francisco H","twitter_card":"summary_large_image","twitter_misc":{"Escrito por":"Francisco H","Tiempo estimado de lectura":"6 minutos"},"schema":{"@context":"https:\/\/schema.org","@graph":[{"@type":"Article","@id":"https:\/\/www.ing.uc.cl\/industrial-y-sistemas\/2023\/08\/29\/doctor-c-y-mejor-profe-part-time-marcel-favereau-y-su-mejor-ano-en-el-diis\/#article","isPartOf":{"@id":"https:\/\/www.ing.uc.cl\/industrial-y-sistemas\/2023\/08\/29\/doctor-c-y-mejor-profe-part-time-marcel-favereau-y-su-mejor-ano-en-el-diis\/"},"author":{"name":"Francisco H","@id":"https:\/\/www.ing.uc.cl\/industrial-y-sistemas\/#\/schema\/person\/721a1ef791962c4167b0dad3ee596283"},"headline":"Doctor y mejor profe part-time: Marcel Favereau y su mejor a\u00f1o en el DIIS","datePublished":"2023-08-29T17:05:23+00:00","mainEntityOfPage":{"@id":"https:\/\/www.ing.uc.cl\/industrial-y-sistemas\/2023\/08\/29\/doctor-c-y-mejor-profe-part-time-marcel-favereau-y-su-mejor-ano-en-el-diis\/"},"wordCount":1294,"publisher":{"@id":"https:\/\/www.ing.uc.cl\/industrial-y-sistemas\/#organization"},"image":{"@id":"https:\/\/www.ing.uc.cl\/industrial-y-sistemas\/2023\/08\/29\/doctor-c-y-mejor-profe-part-time-marcel-favereau-y-su-mejor-ano-en-el-diis\/#primaryimage"},"thumbnailUrl":"https:\/\/www.ing.uc.cl\/industrial-y-sistemas\/wp-content\/uploads\/2023\/08\/portadas-notas-pag-web-1.png","inLanguage":"es-CL"},{"@type":"WebPage","@id":"https:\/\/www.ing.uc.cl\/industrial-y-sistemas\/2023\/08\/29\/doctor-c-y-mejor-profe-part-time-marcel-favereau-y-su-mejor-ano-en-el-diis\/","url":"https:\/\/www.ing.uc.cl\/industrial-y-sistemas\/2023\/08\/29\/doctor-c-y-mejor-profe-part-time-marcel-favereau-y-su-mejor-ano-en-el-diis\/","name":"Doctor y mejor profe part-time: Marcel Favereau y su mejor a\u00f1o en el DIIS - Departamento de Ingenier\u00eda Industrial y de Sistemas","isPartOf":{"@id":"https:\/\/www.ing.uc.cl\/industrial-y-sistemas\/#website"},"primaryImageOfPage":{"@id":"https:\/\/www.ing.uc.cl\/industrial-y-sistemas\/2023\/08\/29\/doctor-c-y-mejor-profe-part-time-marcel-favereau-y-su-mejor-ano-en-el-diis\/#primaryimage"},"image":{"@id":"https:\/\/www.ing.uc.cl\/industrial-y-sistemas\/2023\/08\/29\/doctor-c-y-mejor-profe-part-time-marcel-favereau-y-su-mejor-ano-en-el-diis\/#primaryimage"},"thumbnailUrl":"https:\/\/www.ing.uc.cl\/industrial-y-sistemas\/wp-content\/uploads\/2023\/08\/portadas-notas-pag-web-1.png","datePublished":"2023-08-29T17:05:23+00:00","breadcrumb":{"@id":"https:\/\/www.ing.uc.cl\/industrial-y-sistemas\/2023\/08\/29\/doctor-c-y-mejor-profe-part-time-marcel-favereau-y-su-mejor-ano-en-el-diis\/#breadcrumb"},"inLanguage":"es-CL","potentialAction":[{"@type":"ReadAction","target":["https:\/\/www.ing.uc.cl\/industrial-y-sistemas\/2023\/08\/29\/doctor-c-y-mejor-profe-part-time-marcel-favereau-y-su-mejor-ano-en-el-diis\/"]}]},{"@type":"ImageObject","inLanguage":"es-CL","@id":"https:\/\/www.ing.uc.cl\/industrial-y-sistemas\/2023\/08\/29\/doctor-c-y-mejor-profe-part-time-marcel-favereau-y-su-mejor-ano-en-el-diis\/#primaryimage","url":"https:\/\/www.ing.uc.cl\/industrial-y-sistemas\/wp-content\/uploads\/2023\/08\/portadas-notas-pag-web-1.png","contentUrl":"https:\/\/www.ing.uc.cl\/industrial-y-sistemas\/wp-content\/uploads\/2023\/08\/portadas-notas-pag-web-1.png","width":1250,"height":700},{"@type":"BreadcrumbList","@id":"https:\/\/www.ing.uc.cl\/industrial-y-sistemas\/2023\/08\/29\/doctor-c-y-mejor-profe-part-time-marcel-favereau-y-su-mejor-ano-en-el-diis\/#breadcrumb","itemListElement":[{"@type":"ListItem","position":1,"name":"Portada","item":"https:\/\/www.ing.uc.cl\/industrial-y-sistemas\/"},{"@type":"ListItem","position":2,"name":"Doctor y mejor profe part-time: Marcel Favereau y su mejor a\u00f1o en el DIIS"}]},{"@type":"WebSite","@id":"https:\/\/www.ing.uc.cl\/industrial-y-sistemas\/#website","url":"https:\/\/www.ing.uc.cl\/industrial-y-sistemas\/","name":"Departamento de Ingenier\u00eda Industrial y de Sistemas","description":"Escuela de Ingenier\u00eda","publisher":{"@id":"https:\/\/www.ing.uc.cl\/industrial-y-sistemas\/#organization"},"potentialAction":[{"@type":"SearchAction","target":{"@type":"EntryPoint","urlTemplate":"https:\/\/www.ing.uc.cl\/industrial-y-sistemas\/?s={search_term_string}"},"query-input":{"@type":"PropertyValueSpecification","valueRequired":true,"valueName":"search_term_string"}}],"inLanguage":"es-CL"},{"@type":"Organization","@id":"https:\/\/www.ing.uc.cl\/industrial-y-sistemas\/#organization","name":"Departamento de Ingenier\u00eda Industrial y de Sistemas","url":"https:\/\/www.ing.uc.cl\/industrial-y-sistemas\/","logo":{"@type":"ImageObject","inLanguage":"es-CL","@id":"https:\/\/www.ing.uc.cl\/industrial-y-sistemas\/#\/schema\/logo\/image\/","url":"https:\/\/www.ing.uc.cl\/industrial-y-sistemas\/wp-content\/uploads\/2023\/11\/cropped-UC-P2727-01.png","contentUrl":"https:\/\/www.ing.uc.cl\/industrial-y-sistemas\/wp-content\/uploads\/2023\/11\/cropped-UC-P2727-01.png","width":307,"height":414,"caption":"Departamento de Ingenier\u00eda Industrial y de Sistemas"},"image":{"@id":"https:\/\/www.ing.uc.cl\/industrial-y-sistemas\/#\/schema\/logo\/image\/"}},{"@type":"Person","@id":"https:\/\/www.ing.uc.cl\/industrial-y-sistemas\/#\/schema\/person\/721a1ef791962c4167b0dad3ee596283","name":"Francisco H","image":{"@type":"ImageObject","inLanguage":"es-CL","@id":"https:\/\/www.ing.uc.cl\/industrial-y-sistemas\/#\/schema\/person\/image\/","url":"https:\/\/secure.gravatar.com\/avatar\/63233762875caf7cb464abb0c994788b36bb5a903f4b5e6d958a14f57c41e047?s=96&d=mm&r=g","contentUrl":"https:\/\/secure.gravatar.com\/avatar\/63233762875caf7cb464abb0c994788b36bb5a903f4b5e6d958a14f57c41e047?s=96&d=mm&r=g","caption":"Francisco H"},"url":"https:\/\/www.ing.uc.cl\/industrial-y-sistemas\/author\/fherreros\/"}]}},"rttpg_featured_image_url":{"full":["https:\/\/www.ing.uc.cl\/industrial-y-sistemas\/wp-content\/uploads\/2023\/08\/portadas-notas-pag-web-1.png",1250,700,false],"landscape":["https:\/\/www.ing.uc.cl\/industrial-y-sistemas\/wp-content\/uploads\/2023\/08\/portadas-notas-pag-web-1.png",1250,700,false],"portraits":["https:\/\/www.ing.uc.cl\/industrial-y-sistemas\/wp-content\/uploads\/2023\/08\/portadas-notas-pag-web-1.png",1250,700,false],"thumbnail":["https:\/\/www.ing.uc.cl\/industrial-y-sistemas\/wp-content\/uploads\/2023\/08\/portadas-notas-pag-web-1-150x150.png",150,150,true],"medium":["https:\/\/www.ing.uc.cl\/industrial-y-sistemas\/wp-content\/uploads\/2023\/08\/portadas-notas-pag-web-1-300x168.png",300,168,true],"large":["https:\/\/www.ing.uc.cl\/industrial-y-sistemas\/wp-content\/uploads\/2023\/08\/portadas-notas-pag-web-1-1024x573.png",1024,573,true],"1536x1536":["https:\/\/www.ing.uc.cl\/industrial-y-sistemas\/wp-content\/uploads\/2023\/08\/portadas-notas-pag-web-1.png",1250,700,false],"2048x2048":["https:\/\/www.ing.uc.cl\/industrial-y-sistemas\/wp-content\/uploads\/2023\/08\/portadas-notas-pag-web-1.png",1250,700,false],"sow-carousel-default":["https:\/\/www.ing.uc.cl\/industrial-y-sistemas\/wp-content\/uploads\/2023\/08\/portadas-notas-pag-web-1-272x182.png",272,182,true]},"rttpg_author":{"display_name":"Francisco H","author_link":"https:\/\/www.ing.uc.cl\/industrial-y-sistemas\/author\/fherreros\/"},"rttpg_comment":0,"rttpg_category":"<a href=\"https:\/\/www.ing.uc.cl\/industrial-y-sistemas\/category\/sin-categoria\/\" rel=\"category tag\">Sin categor\u00eda<\/a>","rttpg_excerpt":"Marcel Favereau, recientemente defendi\u00f3 su tesis \u201cOptimization under uncertainty for the management of hydroelectric resources\u201d, cerrando con \u00e9xito su etapa de Doctorado en Ciencias de la Ingenier\u00eda en nuestro departamento. Adem\u00e1s, el Ingeniero Civil vivi\u00f3 una semana inolvidable tras recibir el premio a Mejor Profesor en Jornada Parcial del DIIS. Conoce m\u00e1s sobre el trabajo&hellip;","_links":{"self":[{"href":"https:\/\/www.ing.uc.cl\/industrial-y-sistemas\/wp-json\/wp\/v2\/posts\/354860","targetHints":{"allow":["GET"]}}],"collection":[{"href":"https:\/\/www.ing.uc.cl\/industrial-y-sistemas\/wp-json\/wp\/v2\/posts"}],"about":[{"href":"https:\/\/www.ing.uc.cl\/industrial-y-sistemas\/wp-json\/wp\/v2\/types\/post"}],"author":[{"embeddable":true,"href":"https:\/\/www.ing.uc.cl\/industrial-y-sistemas\/wp-json\/wp\/v2\/users\/4"}],"replies":[{"embeddable":true,"href":"https:\/\/www.ing.uc.cl\/industrial-y-sistemas\/wp-json\/wp\/v2\/comments?post=354860"}],"version-history":[{"count":0,"href":"https:\/\/www.ing.uc.cl\/industrial-y-sistemas\/wp-json\/wp\/v2\/posts\/354860\/revisions"}],"wp:featuredmedia":[{"embeddable":true,"href":"https:\/\/www.ing.uc.cl\/industrial-y-sistemas\/wp-json\/wp\/v2\/media\/354861"}],"wp:attachment":[{"href":"https:\/\/www.ing.uc.cl\/industrial-y-sistemas\/wp-json\/wp\/v2\/media?parent=354860"}],"wp:term":[{"taxonomy":"category","embeddable":true,"href":"https:\/\/www.ing.uc.cl\/industrial-y-sistemas\/wp-json\/wp\/v2\/categories?post=354860"},{"taxonomy":"post_tag","embeddable":true,"href":"https:\/\/www.ing.uc.cl\/industrial-y-sistemas\/wp-json\/wp\/v2\/tags?post=354860"}],"curies":[{"name":"wp","href":"https:\/\/api.w.org\/{rel}","templated":true}]}}