{"id":355028,"date":"2024-03-12T17:42:30","date_gmt":"2024-03-12T20:42:30","guid":{"rendered":"https:\/\/www.ing.uc.cl\/industrial-y-sistemas\/?post_type=post&amp;p=355028"},"modified":"2024-03-12T17:42:30","modified_gmt":"2024-03-12T20:42:30","slug":"nuevo-seminario-mujer-y-liderazgo-por-la-escuela-de-ingenieria-uc","status":"publish","type":"post","link":"https:\/\/www.ing.uc.cl\/industrial-y-sistemas\/2024\/03\/12\/nuevo-seminario-mujer-y-liderazgo-por-la-escuela-de-ingenieria-uc\/","title":{"rendered":"Nuevo Seminario Mujer y Liderazgo por la Escuela de Ingenier\u00eda UC"},"content":{"rendered":"<figure id=\"attachment_355031\" aria-describedby=\"caption-attachment-355031\" style=\"width: 816px\" class=\"wp-caption aligncenter\"><img fetchpriority=\"high\" decoding=\"async\" class=\"wp-image-355031 \" src=\"https:\/\/www.ing.uc.cl\/industrial-y-sistemas\/wp-content\/uploads\/2024\/03\/Coliseo-10-1-1024x683.jpg\" alt=\"A modo de crear un nueva cultura organizacional, la Escuela de Ingenier\u00eda UC realiz\u00f3 una nueva versi\u00f3n del Seminario Mujer y Liderazgo.\" width=\"816\" height=\"564\" \/><figcaption id=\"caption-attachment-355031\" class=\"wp-caption-text\">A modo de crear un nueva cultura organizacional, la Escuela de Ingenier\u00eda UC realiz\u00f3 una nueva versi\u00f3n del Seminario Mujer y Liderazgo.<\/figcaption><\/figure>\n<p><span style=\"font-weight: 400;\">En el marco de la conmemoraci\u00f3n del d\u00eda de la mujer, la<\/span><a href=\"https:\/\/www.ing.uc.cl\/\"><span style=\"font-weight: 400;\"> Escuela de Ingenier\u00eda UC<\/span><\/a><span style=\"font-weight: 400;\"> realiz\u00f3 una nueva versi\u00f3n del Seminario Mujer y Liderazgo: Construyendo Equidad. El evento fue llevado a cabo este martes en el <\/span><a href=\"https:\/\/centrodeinnovacion.uc.cl\/\"><span style=\"font-weight: 400;\">Centro de Innovaci\u00f3n UC<\/span><\/a><span style=\"font-weight: 400;\"> para dialogar y reflexionar en torno a un cambio organizacional que promueva una cultura inclusiva, diversa y equitativa.<\/span><\/p>\n<p>&nbsp;<\/p>\n<p><span style=\"font-weight: 400;\">La actividad cont\u00f3 con la moderaci\u00f3n de Ana Mar\u00eda Acu\u00f1a, Subdirectora de <\/span><a href=\"https:\/\/rondachile.cl\/\"><span style=\"font-weight: 400;\">Fundaci\u00f3n Ronda<\/span><\/a><span style=\"font-weight: 400;\">. As\u00ed, la Escuela de Ingenier\u00eda realiz\u00f3 una nueva versi\u00f3n del Seminario Mujer y Liderazgo: Construyendo Equidad, la cual cont\u00f3 con tres panelistas. <\/span><a href=\"https:\/\/www.chilemujeres.cl\/nuestro-equipo\/\"><span style=\"font-weight: 400;\">Mar\u00eda Jos\u00e9 D\u00edaz<\/span><\/a><span style=\"font-weight: 400;\">, Gerenta General de <\/span><a href=\"https:\/\/www.chilemujeres.cl\/\"><span style=\"font-weight: 400;\">Fundaci\u00f3n Chile Mujeres<\/span><\/a><span style=\"font-weight: 400;\">; <\/span><a href=\"https:\/\/www.ing.uc.cl\/academicos-e-investigadores\/maria-fernanda-ramirez-espinoza\/\"><span style=\"font-weight: 400;\">Mar\u00eda Fernanda Ram\u00edrez<\/span><\/a><span style=\"font-weight: 400;\">, docente de <\/span><a href=\"https:\/\/college.uc.cl\/index.php\/es\/\"><span style=\"font-weight: 400;\">College UC<\/span><\/a><span style=\"font-weight: 400;\"> y del Departamento de Ingenier\u00eda Industrial y de Sistemas y <\/span><a href=\"https:\/\/www.linkedin.com\/in\/rominahidalgo\/\"><span style=\"font-weight: 400;\">Romina Hidalgo<\/span><\/a><span style=\"font-weight: 400;\">, Directora de I+D+I del Centro de Innovaci\u00f3n.<\/span><\/p>\n<p>&nbsp;<\/p>\n<p><span style=\"font-weight: 400;\">Adem\u00e1s, el Seminario estuvo presidido por <\/span><a href=\"https:\/\/www.ing.uc.cl\/post\/loreto-valenzuela-es-la-primera-mujer-decana-electa-de-ingenieria-uc\/\"><span style=\"font-weight: 400;\">Loreto Valenzuela, Decana de la Facultad de Ingenier\u00eda UC<\/span><\/a><span style=\"font-weight: 400;\">, quien coment\u00f3 que esto \u201cse enmarca dentro de las actividades que hemos preparado para el mes de la mujer y, siento tambi\u00e9n que en un contexto de equidad de g\u00e9nero con la meta que perseguimos\u201d, aludiendo a su intenci\u00f3n de acortar las brechas en carreras STEM.<\/span><\/p>\n<p>&nbsp;<\/p>\n<p><span style=\"font-weight: 400;\">Tras las palabras de la Decana Valenzuela, Mar\u00eda Jos\u00e9 D\u00edaz present\u00f3 el<\/span> <a href=\"https:\/\/www.chilemujeres.cl\/wp-content\/uploads\/2024\/01\/Informe-de-Equidad-Empresarial-y-Buen-Gobierno-Corporativo-1.pdf\"><i><span style=\"font-weight: 400;\">Informe de Equidad Empresarial y Buen Gobierno Corporativo<\/span><\/i><\/a><span style=\"font-weight: 400;\">, exponiendo la situaci\u00f3n respecto a la presencia de mujeres en grandes empresas.\u00a0<\/span><\/p>\n<p>&nbsp;<\/p>\n<p><center><iframe width=\"560\" height=\"315\" src=\"https:\/\/www.youtube.com\/embed\/EoNYaT-T_0Q?si=LWfja6jJFlvhP5DD\" title=\"YouTube video player\" frameborder=\"0\" allow=\"accelerometer; autoplay; clipboard-write; encrypted-media; gyroscope; picture-in-picture; web-share\" referrerpolicy=\"strict-origin-when-cross-origin\" allowfullscreen><\/iframe><\/center><\/p>\n<p><span style=\"font-weight: 400;\">\u201cA nivel de resultados generales no es una sorpresa, vemos que la proporci\u00f3n de mujeres va disminuyendo a medida que aumenta el nivel de responsabilidad dentro de las empresas\u201d, lo cual se refleja en s\u00f3lo un 14% de mujeres en cargos corporativos, a\u00f1adi\u00f3 D\u00edaz.<\/span><\/p>\n<p>&nbsp;<\/p>\n<p><span style=\"font-weight: 400;\">Por su parte, Mar\u00eda Fernanda Ram\u00edrez, expuso sobre <\/span><i><span style=\"font-weight: 400;\">Brechas de g\u00e9nero, haciendo \u201cdoble click\u201d. <\/span><\/i><span style=\"font-weight: 400;\">Su ponencia se bas\u00f3 en los <\/span><a href=\"https:\/\/www.mineduc.cl\/resultados-educativos-2023-simce\/\"><span style=\"font-weight: 400;\">\u00faltimos resultados del SIMCE<\/span><\/a><span style=\"font-weight: 400;\"> para hablar sobre la diferencia de brechas entre ni\u00f1os y ni\u00f1as en la educaci\u00f3n.\u00a0<\/span><\/p>\n<p>&nbsp;<\/p>\n<p><span style=\"font-weight: 400;\">Al respecto, la docente de la UC enfatiz\u00f3 en que \u201calgunas cosas que yo creo que pueden ayudarnos a mejorar los ambientes donde estamos, es que nosotras necesitamos aliados, que se informen de esto, que lo hagan una causa y que lo mencionen en los grupos de hombres\u201d.<\/span><\/p>\n<p>&nbsp;<\/p>\n<p>La jornada del Seminario Mujer y Liderazgo termin\u00f3 con la entrega de becas y reconocimiento para las egresadas del <a href=\"https:\/\/educacioncontinua.uc.cl\/programas\/diplomado-en-liderazgo-femenino\/\">diplomado<\/a>, el cual comienza su nueva versi\u00f3n el 26 de marzo.<\/p>\n<p>&nbsp;<\/p>\n<p>A continuaci\u00f3n, algunas im\u00e1genes de la jornada:<\/p>\n<p>&nbsp;<\/p>\n<div id='gallery-1' class='gallery galleryid-355028 gallery-columns-3 gallery-size-thumbnail'><figure class='gallery-item'>\n\t\t\t<div class='gallery-icon landscape'>\n\t\t\t\t<a href='https:\/\/www.ing.uc.cl\/industrial-y-sistemas\/coliseo-2\/'><img decoding=\"async\" width=\"150\" height=\"150\" src=\"https:\/\/www.ing.uc.cl\/industrial-y-sistemas\/wp-content\/uploads\/2024\/03\/Coliseo-2-scaled-1-150x150.jpg\" class=\"attachment-thumbnail size-thumbnail\" alt=\"A modo de crear un nueva cultura organizacional, la Escuela de Ingenier\u00eda UC realiz\u00f3 una nueva versi\u00f3n del Seminario Mujer y Liderazgo.\" aria-describedby=\"gallery-1-355049\" srcset=\"https:\/\/www.ing.uc.cl\/industrial-y-sistemas\/wp-content\/uploads\/2024\/03\/Coliseo-2-scaled-1-150x150.jpg 150w, https:\/\/www.ing.uc.cl\/industrial-y-sistemas\/wp-content\/uploads\/2024\/03\/Coliseo-2-scaled-1-400x400.jpg 400w\" sizes=\"(max-width: 150px) 100vw, 150px\" \/><\/a>\n\t\t\t<\/div>\n\t\t\t\t<figcaption class='wp-caption-text gallery-caption' id='gallery-1-355049'>\n\t\t\t\tTom\u00e1s Reyes, director del DIIS UC, junto al segundo grupo de graduadas del Diplomado Mujer y Liderazgo.  \n\t\t\t\t<\/figcaption><\/figure><figure class='gallery-item'>\n\t\t\t<div class='gallery-icon landscape'>\n\t\t\t\t<a href='https:\/\/www.ing.uc.cl\/industrial-y-sistemas\/coliseo-8\/'><img decoding=\"async\" width=\"150\" height=\"150\" src=\"https:\/\/www.ing.uc.cl\/industrial-y-sistemas\/wp-content\/uploads\/2024\/03\/Coliseo-8-scaled-1-150x150.jpg\" class=\"attachment-thumbnail size-thumbnail\" alt=\"Decana Loreto Valenzuela en Seminario Mujer y Liderazgo\" aria-describedby=\"gallery-1-355037\" srcset=\"https:\/\/www.ing.uc.cl\/industrial-y-sistemas\/wp-content\/uploads\/2024\/03\/Coliseo-8-scaled-1-150x150.jpg 150w, https:\/\/www.ing.uc.cl\/industrial-y-sistemas\/wp-content\/uploads\/2024\/03\/Coliseo-8-scaled-1-400x400.jpg 400w\" sizes=\"(max-width: 150px) 100vw, 150px\" \/><\/a>\n\t\t\t<\/div>\n\t\t\t\t<figcaption class='wp-caption-text gallery-caption' id='gallery-1-355037'>\n\t\t\t\tLa Decana Loreto Valenzuela en su discurso del Seminario Mujer y Liderazgo\n\t\t\t\t<\/figcaption><\/figure><figure class='gallery-item'>\n\t\t\t<div class='gallery-icon landscape'>\n\t\t\t\t<a href='https:\/\/www.ing.uc.cl\/industrial-y-sistemas\/coliseo-3\/'><img loading=\"lazy\" decoding=\"async\" width=\"150\" height=\"150\" src=\"https:\/\/www.ing.uc.cl\/industrial-y-sistemas\/wp-content\/uploads\/2024\/03\/Coliseo-3-scaled-1-150x150.jpg\" class=\"attachment-thumbnail size-thumbnail\" alt=\"A modo de crear un nueva cultura organizacional, la Escuela de Ingenier\u00eda UC realiz\u00f3 una nueva versi\u00f3n del Seminario Mujer y Liderazgo.\" aria-describedby=\"gallery-1-355047\" srcset=\"https:\/\/www.ing.uc.cl\/industrial-y-sistemas\/wp-content\/uploads\/2024\/03\/Coliseo-3-scaled-1-150x150.jpg 150w, https:\/\/www.ing.uc.cl\/industrial-y-sistemas\/wp-content\/uploads\/2024\/03\/Coliseo-3-scaled-1-400x400.jpg 400w\" sizes=\"(max-width: 150px) 100vw, 150px\" \/><\/a>\n\t\t\t<\/div>\n\t\t\t\t<figcaption class='wp-caption-text gallery-caption' id='gallery-1-355047'>\n\t\t\t\tTom\u00e1s Reyes, director del DIIS UC, junto al tercer grupo de graduadas del Diplomado Mujer y Liderazgo.  \n\t\t\t\t<\/figcaption><\/figure><figure class='gallery-item'>\n\t\t\t<div class='gallery-icon landscape'>\n\t\t\t\t<a href='https:\/\/www.ing.uc.cl\/industrial-y-sistemas\/coliseo-1\/'><img loading=\"lazy\" decoding=\"async\" width=\"150\" height=\"150\" src=\"https:\/\/www.ing.uc.cl\/industrial-y-sistemas\/wp-content\/uploads\/2024\/03\/Coliseo-1-scaled-1-150x150.jpg\" class=\"attachment-thumbnail size-thumbnail\" alt=\"Organizaci\u00f3n del Seminario Mujer y Lierazgo.\" aria-describedby=\"gallery-1-355051\" srcset=\"https:\/\/www.ing.uc.cl\/industrial-y-sistemas\/wp-content\/uploads\/2024\/03\/Coliseo-1-scaled-1-150x150.jpg 150w, https:\/\/www.ing.uc.cl\/industrial-y-sistemas\/wp-content\/uploads\/2024\/03\/Coliseo-1-scaled-1-400x400.jpg 400w\" sizes=\"(max-width: 150px) 100vw, 150px\" \/><\/a>\n\t\t\t<\/div>\n\t\t\t\t<figcaption class='wp-caption-text gallery-caption' id='gallery-1-355051'>\n\t\t\t\tLos organizadores y participantes del Seminario Mujer y Liderazgo. \n\t\t\t\t<\/figcaption><\/figure><figure class='gallery-item'>\n\t\t\t<div class='gallery-icon landscape'>\n\t\t\t\t<a href='https:\/\/www.ing.uc.cl\/industrial-y-sistemas\/coliseo-7\/'><img loading=\"lazy\" decoding=\"async\" width=\"150\" height=\"150\" src=\"https:\/\/www.ing.uc.cl\/industrial-y-sistemas\/wp-content\/uploads\/2024\/03\/Coliseo-7-scaled-1-150x150.jpg\" class=\"attachment-thumbnail size-thumbnail\" alt=\"A modo de crear un nueva cultura organizacional, la Escuela de Ingenier\u00eda UC realiz\u00f3 una nueva versi\u00f3n del Seminario Mujer y Liderazgo.\" aria-describedby=\"gallery-1-355039\" srcset=\"https:\/\/www.ing.uc.cl\/industrial-y-sistemas\/wp-content\/uploads\/2024\/03\/Coliseo-7-scaled-1-150x150.jpg 150w, https:\/\/www.ing.uc.cl\/industrial-y-sistemas\/wp-content\/uploads\/2024\/03\/Coliseo-7-scaled-1-400x400.jpg 400w\" sizes=\"(max-width: 150px) 100vw, 150px\" \/><\/a>\n\t\t\t<\/div>\n\t\t\t\t<figcaption class='wp-caption-text gallery-caption' id='gallery-1-355039'>\n\t\t\t\tLa acad\u00e9mica de College y del DIIS UC, Fernanda Ram\u00edrez, en su charla.\n\t\t\t\t<\/figcaption><\/figure><figure class='gallery-item'>\n\t\t\t<div class='gallery-icon landscape'>\n\t\t\t\t<a href='https:\/\/www.ing.uc.cl\/industrial-y-sistemas\/coliseo-6\/'><img loading=\"lazy\" decoding=\"async\" width=\"150\" height=\"150\" src=\"https:\/\/www.ing.uc.cl\/industrial-y-sistemas\/wp-content\/uploads\/2024\/03\/Coliseo-6-scaled-1-150x150.jpg\" class=\"attachment-thumbnail size-thumbnail\" alt=\"A modo de crear un nueva cultura organizacional, la Escuela de Ingenier\u00eda UC realiz\u00f3 una nueva versi\u00f3n del Seminario Mujer y Liderazgo.\" aria-describedby=\"gallery-1-355041\" srcset=\"https:\/\/www.ing.uc.cl\/industrial-y-sistemas\/wp-content\/uploads\/2024\/03\/Coliseo-6-scaled-1-150x150.jpg 150w, https:\/\/www.ing.uc.cl\/industrial-y-sistemas\/wp-content\/uploads\/2024\/03\/Coliseo-6-scaled-1-400x400.jpg 400w\" sizes=\"(max-width: 150px) 100vw, 150px\" \/><\/a>\n\t\t\t<\/div>\n\t\t\t\t<figcaption class='wp-caption-text gallery-caption' id='gallery-1-355041'>\n\t\t\t\tLas panelistas del Seminario Mujer y Liderazgo.\n\t\t\t\t<\/figcaption><\/figure><figure class='gallery-item'>\n\t\t\t<div class='gallery-icon landscape'>\n\t\t\t\t<a href='https:\/\/www.ing.uc.cl\/industrial-y-sistemas\/coliseo-5\/'><img loading=\"lazy\" decoding=\"async\" width=\"150\" height=\"150\" src=\"https:\/\/www.ing.uc.cl\/industrial-y-sistemas\/wp-content\/uploads\/2024\/03\/Coliseo-5-scaled-1-150x150.jpg\" class=\"attachment-thumbnail size-thumbnail\" alt=\"Valeska V\u00e9liz, directora ejecutiva de la Unidad de Extensi\u00f3n del Departamento de Ingenier\u00eda Industrial y de sistemas de la UC.\" aria-describedby=\"gallery-1-355043\" srcset=\"https:\/\/www.ing.uc.cl\/industrial-y-sistemas\/wp-content\/uploads\/2024\/03\/Coliseo-5-scaled-1-150x150.jpg 150w, https:\/\/www.ing.uc.cl\/industrial-y-sistemas\/wp-content\/uploads\/2024\/03\/Coliseo-5-scaled-1-400x400.jpg 400w\" sizes=\"(max-width: 150px) 100vw, 150px\" \/><\/a>\n\t\t\t<\/div>\n\t\t\t\t<figcaption class='wp-caption-text gallery-caption' id='gallery-1-355043'>\n\t\t\t\tValeska V\u00e9liz, directora ejecutiva de la Unidad de Extensi\u00f3n del Departamento de Ingenier\u00eda Industrial y de sistemas de la UC.\n\t\t\t\t<\/figcaption><\/figure><figure class='gallery-item'>\n\t\t\t<div class='gallery-icon landscape'>\n\t\t\t\t<a href='https:\/\/www.ing.uc.cl\/industrial-y-sistemas\/coliseo-9\/'><img loading=\"lazy\" decoding=\"async\" width=\"150\" height=\"150\" src=\"https:\/\/www.ing.uc.cl\/industrial-y-sistemas\/wp-content\/uploads\/2024\/03\/Coliseo-9-scaled-1-150x150.jpg\" class=\"attachment-thumbnail size-thumbnail\" alt=\"A modo de crear un nueva cultura organizacional, la Escuela de Ingenier\u00eda UC realiz\u00f3 una nueva versi\u00f3n del Seminario Mujer y Liderazgo.\" aria-describedby=\"gallery-1-355035\" srcset=\"https:\/\/www.ing.uc.cl\/industrial-y-sistemas\/wp-content\/uploads\/2024\/03\/Coliseo-9-scaled-1-150x150.jpg 150w, https:\/\/www.ing.uc.cl\/industrial-y-sistemas\/wp-content\/uploads\/2024\/03\/Coliseo-9-scaled-1-400x400.jpg 400w\" sizes=\"(max-width: 150px) 100vw, 150px\" \/><\/a>\n\t\t\t<\/div>\n\t\t\t\t<figcaption class='wp-caption-text gallery-caption' id='gallery-1-355035'>\n\t\t\t\tLa Decana de la Escuela de Ingenier\u00eda UC, Loreto Valenzuela inaugurando el Seminario Mujer y Liderazgo\n\t\t\t\t<\/figcaption><\/figure><figure class='gallery-item'>\n\t\t\t<div class='gallery-icon landscape'>\n\t\t\t\t<a href='https:\/\/www.ing.uc.cl\/industrial-y-sistemas\/coliseo-4\/'><img loading=\"lazy\" decoding=\"async\" width=\"150\" height=\"150\" src=\"https:\/\/www.ing.uc.cl\/industrial-y-sistemas\/wp-content\/uploads\/2024\/03\/Coliseo-4-scaled-1-150x150.jpg\" class=\"attachment-thumbnail size-thumbnail\" alt=\"A modo de crear un nueva cultura organizacional, la Escuela de Ingenier\u00eda UC realiz\u00f3 una nueva versi\u00f3n del Seminario Mujer y Liderazgo.\" aria-describedby=\"gallery-1-355045\" srcset=\"https:\/\/www.ing.uc.cl\/industrial-y-sistemas\/wp-content\/uploads\/2024\/03\/Coliseo-4-scaled-1-150x150.jpg 150w, https:\/\/www.ing.uc.cl\/industrial-y-sistemas\/wp-content\/uploads\/2024\/03\/Coliseo-4-scaled-1-400x400.jpg 400w\" sizes=\"(max-width: 150px) 100vw, 150px\" \/><\/a>\n\t\t\t<\/div>\n\t\t\t\t<figcaption class='wp-caption-text gallery-caption' id='gallery-1-355045'>\n\t\t\t\tTom\u00e1s Reyes, director del DIIS UC, junto al primer grupo de graduadas del Diplomado Mujer y Liderazgo.  \n\t\t\t\t<\/figcaption><\/figure>\n\t\t<\/div>\n\n","protected":false},"excerpt":{"rendered":"<p>A modo de crear un nueva cultura organizacional, la Escuela de Ingenier\u00eda UC realiz\u00f3 una nueva versi\u00f3n del Seminario Mujeres y Liderazgo, donde las panelistas mostraron el escenario actual y las medidas que se podr\u00edan tomar. <\/p>\n","protected":false},"author":4,"featured_media":355029,"comment_status":"closed","ping_status":"closed","sticky":false,"template":"","format":"standard","meta":{"site-sidebar-layout":"default","site-content-layout":"","ast-site-content-layout":"default","site-content-style":"default","site-sidebar-style":"default","ast-global-header-display":"","ast-banner-title-visibility":"","ast-main-header-display":"","ast-hfb-above-header-display":"","ast-hfb-below-header-display":"","ast-hfb-mobile-header-display":"","site-post-title":"","ast-breadcrumbs-content":"","ast-featured-img":"","footer-sml-layout":"","ast-disable-related-posts":"","theme-transparent-header-meta":"","adv-header-id-meta":"","stick-header-meta":"","header-above-stick-meta":"","header-main-stick-meta":"","header-below-stick-meta":"","astra-migrate-meta-layouts":"default","ast-page-background-enabled":"default","ast-page-background-meta":{"desktop":{"background-color":"","background-image":"","background-repeat":"repeat","background-position":"center center","background-size":"auto","background-attachment":"scroll","background-type":"","background-media":"","overlay-type":"","overlay-color":"","overlay-opacity":"","overlay-gradient":""},"tablet":{"background-color":"","background-image":"","background-repeat":"repeat","background-position":"center center","background-size":"auto","background-attachment":"scroll","background-type":"","background-media":"","overlay-type":"","overlay-color":"","overlay-opacity":"","overlay-gradient":""},"mobile":{"background-color":"","background-image":"","background-repeat":"repeat","background-position":"center center","background-size":"auto","background-attachment":"scroll","background-type":"","background-media":"","overlay-type":"","overlay-color":"","overlay-opacity":"","overlay-gradient":""}},"ast-content-background-meta":{"desktop":{"background-color":"var(--ast-global-color-5)","background-image":"","background-repeat":"repeat","background-position":"center center","background-size":"auto","background-attachment":"scroll","background-type":"","background-media":"","overlay-type":"","overlay-color":"","overlay-opacity":"","overlay-gradient":""},"tablet":{"background-color":"var(--ast-global-color-5)","background-image":"","background-repeat":"repeat","background-position":"center center","background-size":"auto","background-attachment":"scroll","background-type":"","background-media":"","overlay-type":"","overlay-color":"","overlay-opacity":"","overlay-gradient":""},"mobile":{"background-color":"var(--ast-global-color-5)","background-image":"","background-repeat":"repeat","background-position":"center center","background-size":"auto","background-attachment":"scroll","background-type":"","background-media":"","overlay-type":"","overlay-color":"","overlay-opacity":"","overlay-gradient":""}},"footnotes":""},"categories":[1],"tags":[64,65,66,67,68,69],"class_list":["post-355028","post","type-post","status-publish","format-standard","has-post-thumbnail","hentry","category-sin-categoria","tag-centro-de-innovacion-uc","tag-equidad-de-genero","tag-fundacion-ronda","tag-maria-fernanda-ramirez","tag-mujer-y-liderazgo","tag-seminario-mujer-y-liderazgo"],"yoast_head":"<!-- This site is optimized with the Yoast SEO plugin v26.9 - https:\/\/yoast.com\/product\/yoast-seo-wordpress\/ -->\n<title>Nuevo Seminario Mujer y Liderazgo por la Escuela de Ingenier\u00eda UC - Departamento de Ingenier\u00eda Industrial y de Sistemas<\/title>\n<meta name=\"description\" content=\"A modo de crear un nueva cultura organizacional, la Escuela de Ingenier\u00eda UC realiz\u00f3 una nueva versi\u00f3n del Seminario Mujer y Liderazgo.\" \/>\n<meta name=\"robots\" content=\"index, follow, max-snippet:-1, max-image-preview:large, max-video-preview:-1\" \/>\n<link rel=\"canonical\" href=\"https:\/\/www.ing.uc.cl\/industrial-y-sistemas\/2024\/03\/12\/nuevo-seminario-mujer-y-liderazgo-por-la-escuela-de-ingenieria-uc\/\" \/>\n<meta property=\"og:locale\" content=\"es_ES\" \/>\n<meta property=\"og:type\" content=\"article\" \/>\n<meta property=\"og:title\" content=\"Nuevo Seminario Mujer y Liderazgo por la Escuela de Ingenier\u00eda UC - Departamento de Ingenier\u00eda Industrial y de Sistemas\" \/>\n<meta property=\"og:description\" content=\"A modo de crear un nueva cultura organizacional, la Escuela de Ingenier\u00eda UC realiz\u00f3 una nueva versi\u00f3n del Seminario Mujer y Liderazgo.\" \/>\n<meta property=\"og:url\" content=\"https:\/\/www.ing.uc.cl\/industrial-y-sistemas\/2024\/03\/12\/nuevo-seminario-mujer-y-liderazgo-por-la-escuela-de-ingenieria-uc\/\" \/>\n<meta property=\"og:site_name\" content=\"Departamento de Ingenier\u00eda Industrial y de Sistemas\" \/>\n<meta property=\"article:published_time\" content=\"2024-03-12T20:42:30+00:00\" \/>\n<meta property=\"og:image\" content=\"https:\/\/www.ing.uc.cl\/industrial-y-sistemas\/wp-content\/uploads\/2024\/03\/Coliseo-10-scaled-1.jpg\" \/>\n\t<meta property=\"og:image:width\" content=\"2560\" \/>\n\t<meta property=\"og:image:height\" content=\"1707\" \/>\n\t<meta property=\"og:image:type\" content=\"image\/jpeg\" \/>\n<meta name=\"author\" content=\"Francisco H\" \/>\n<meta name=\"twitter:card\" content=\"summary_large_image\" \/>\n<meta name=\"twitter:label1\" content=\"Escrito por\" \/>\n\t<meta name=\"twitter:data1\" content=\"Francisco H\" \/>\n\t<meta name=\"twitter:label2\" content=\"Tiempo estimado de lectura\" \/>\n\t<meta name=\"twitter:data2\" content=\"2 minutos\" \/>\n<script type=\"application\/ld+json\" class=\"yoast-schema-graph\">{\"@context\":\"https:\/\/schema.org\",\"@graph\":[{\"@type\":\"Article\",\"@id\":\"https:\/\/www.ing.uc.cl\/industrial-y-sistemas\/2024\/03\/12\/nuevo-seminario-mujer-y-liderazgo-por-la-escuela-de-ingenieria-uc\/#article\",\"isPartOf\":{\"@id\":\"https:\/\/www.ing.uc.cl\/industrial-y-sistemas\/2024\/03\/12\/nuevo-seminario-mujer-y-liderazgo-por-la-escuela-de-ingenieria-uc\/\"},\"author\":{\"name\":\"Francisco H\",\"@id\":\"https:\/\/www.ing.uc.cl\/industrial-y-sistemas\/#\/schema\/person\/721a1ef791962c4167b0dad3ee596283\"},\"headline\":\"Nuevo Seminario Mujer y Liderazgo por la Escuela de Ingenier\u00eda UC\",\"datePublished\":\"2024-03-12T20:42:30+00:00\",\"mainEntityOfPage\":{\"@id\":\"https:\/\/www.ing.uc.cl\/industrial-y-sistemas\/2024\/03\/12\/nuevo-seminario-mujer-y-liderazgo-por-la-escuela-de-ingenieria-uc\/\"},\"wordCount\":485,\"publisher\":{\"@id\":\"https:\/\/www.ing.uc.cl\/industrial-y-sistemas\/#organization\"},\"image\":{\"@id\":\"https:\/\/www.ing.uc.cl\/industrial-y-sistemas\/2024\/03\/12\/nuevo-seminario-mujer-y-liderazgo-por-la-escuela-de-ingenieria-uc\/#primaryimage\"},\"thumbnailUrl\":\"https:\/\/www.ing.uc.cl\/industrial-y-sistemas\/wp-content\/uploads\/2024\/03\/Coliseo-10-scaled-1.jpg\",\"keywords\":[\"Centro de Innovaci\u00f3n UC\",\"Equidad de G\u00e9nero\",\"Fundaci\u00f3n Ronda\",\"Mar\u00eda Fernanda Ram\u00edrez\",\"Mujer y Liderazgo\",\"Seminario Mujer y Liderazgo\"],\"inLanguage\":\"es-CL\"},{\"@type\":\"WebPage\",\"@id\":\"https:\/\/www.ing.uc.cl\/industrial-y-sistemas\/2024\/03\/12\/nuevo-seminario-mujer-y-liderazgo-por-la-escuela-de-ingenieria-uc\/\",\"url\":\"https:\/\/www.ing.uc.cl\/industrial-y-sistemas\/2024\/03\/12\/nuevo-seminario-mujer-y-liderazgo-por-la-escuela-de-ingenieria-uc\/\",\"name\":\"Nuevo Seminario Mujer y Liderazgo por la Escuela de Ingenier\u00eda UC - Departamento de Ingenier\u00eda Industrial y de Sistemas\",\"isPartOf\":{\"@id\":\"https:\/\/www.ing.uc.cl\/industrial-y-sistemas\/#website\"},\"primaryImageOfPage\":{\"@id\":\"https:\/\/www.ing.uc.cl\/industrial-y-sistemas\/2024\/03\/12\/nuevo-seminario-mujer-y-liderazgo-por-la-escuela-de-ingenieria-uc\/#primaryimage\"},\"image\":{\"@id\":\"https:\/\/www.ing.uc.cl\/industrial-y-sistemas\/2024\/03\/12\/nuevo-seminario-mujer-y-liderazgo-por-la-escuela-de-ingenieria-uc\/#primaryimage\"},\"thumbnailUrl\":\"https:\/\/www.ing.uc.cl\/industrial-y-sistemas\/wp-content\/uploads\/2024\/03\/Coliseo-10-scaled-1.jpg\",\"datePublished\":\"2024-03-12T20:42:30+00:00\",\"description\":\"A modo de crear un nueva cultura organizacional, la Escuela de Ingenier\u00eda UC realiz\u00f3 una nueva versi\u00f3n del Seminario Mujer y Liderazgo.\",\"breadcrumb\":{\"@id\":\"https:\/\/www.ing.uc.cl\/industrial-y-sistemas\/2024\/03\/12\/nuevo-seminario-mujer-y-liderazgo-por-la-escuela-de-ingenieria-uc\/#breadcrumb\"},\"inLanguage\":\"es-CL\",\"potentialAction\":[{\"@type\":\"ReadAction\",\"target\":[\"https:\/\/www.ing.uc.cl\/industrial-y-sistemas\/2024\/03\/12\/nuevo-seminario-mujer-y-liderazgo-por-la-escuela-de-ingenieria-uc\/\"]}]},{\"@type\":\"ImageObject\",\"inLanguage\":\"es-CL\",\"@id\":\"https:\/\/www.ing.uc.cl\/industrial-y-sistemas\/2024\/03\/12\/nuevo-seminario-mujer-y-liderazgo-por-la-escuela-de-ingenieria-uc\/#primaryimage\",\"url\":\"https:\/\/www.ing.uc.cl\/industrial-y-sistemas\/wp-content\/uploads\/2024\/03\/Coliseo-10-scaled-1.jpg\",\"contentUrl\":\"https:\/\/www.ing.uc.cl\/industrial-y-sistemas\/wp-content\/uploads\/2024\/03\/Coliseo-10-scaled-1.jpg\",\"width\":2560,\"height\":1707,\"caption\":\"A modo de crear un nueva cultura organizacional, la Escuela de Ingenier\u00eda UC realiz\u00f3 una nueva versi\u00f3n del Seminario Mujer y Liderazgo.\"},{\"@type\":\"BreadcrumbList\",\"@id\":\"https:\/\/www.ing.uc.cl\/industrial-y-sistemas\/2024\/03\/12\/nuevo-seminario-mujer-y-liderazgo-por-la-escuela-de-ingenieria-uc\/#breadcrumb\",\"itemListElement\":[{\"@type\":\"ListItem\",\"position\":1,\"name\":\"Portada\",\"item\":\"https:\/\/www.ing.uc.cl\/industrial-y-sistemas\/\"},{\"@type\":\"ListItem\",\"position\":2,\"name\":\"Nuevo Seminario Mujer y Liderazgo por la Escuela de Ingenier\u00eda UC\"}]},{\"@type\":\"WebSite\",\"@id\":\"https:\/\/www.ing.uc.cl\/industrial-y-sistemas\/#website\",\"url\":\"https:\/\/www.ing.uc.cl\/industrial-y-sistemas\/\",\"name\":\"Departamento de Ingenier\u00eda Industrial y de Sistemas\",\"description\":\"Escuela de Ingenier\u00eda\",\"publisher\":{\"@id\":\"https:\/\/www.ing.uc.cl\/industrial-y-sistemas\/#organization\"},\"potentialAction\":[{\"@type\":\"SearchAction\",\"target\":{\"@type\":\"EntryPoint\",\"urlTemplate\":\"https:\/\/www.ing.uc.cl\/industrial-y-sistemas\/?s={search_term_string}\"},\"query-input\":{\"@type\":\"PropertyValueSpecification\",\"valueRequired\":true,\"valueName\":\"search_term_string\"}}],\"inLanguage\":\"es-CL\"},{\"@type\":\"Organization\",\"@id\":\"https:\/\/www.ing.uc.cl\/industrial-y-sistemas\/#organization\",\"name\":\"Departamento de Ingenier\u00eda Industrial y de Sistemas\",\"url\":\"https:\/\/www.ing.uc.cl\/industrial-y-sistemas\/\",\"logo\":{\"@type\":\"ImageObject\",\"inLanguage\":\"es-CL\",\"@id\":\"https:\/\/www.ing.uc.cl\/industrial-y-sistemas\/#\/schema\/logo\/image\/\",\"url\":\"https:\/\/www.ing.uc.cl\/industrial-y-sistemas\/wp-content\/uploads\/2023\/11\/cropped-UC-P2727-01.png\",\"contentUrl\":\"https:\/\/www.ing.uc.cl\/industrial-y-sistemas\/wp-content\/uploads\/2023\/11\/cropped-UC-P2727-01.png\",\"width\":307,\"height\":414,\"caption\":\"Departamento de Ingenier\u00eda Industrial y de Sistemas\"},\"image\":{\"@id\":\"https:\/\/www.ing.uc.cl\/industrial-y-sistemas\/#\/schema\/logo\/image\/\"}},{\"@type\":\"Person\",\"@id\":\"https:\/\/www.ing.uc.cl\/industrial-y-sistemas\/#\/schema\/person\/721a1ef791962c4167b0dad3ee596283\",\"name\":\"Francisco H\",\"image\":{\"@type\":\"ImageObject\",\"inLanguage\":\"es-CL\",\"@id\":\"https:\/\/www.ing.uc.cl\/industrial-y-sistemas\/#\/schema\/person\/image\/\",\"url\":\"https:\/\/secure.gravatar.com\/avatar\/63233762875caf7cb464abb0c994788b36bb5a903f4b5e6d958a14f57c41e047?s=96&d=mm&r=g\",\"contentUrl\":\"https:\/\/secure.gravatar.com\/avatar\/63233762875caf7cb464abb0c994788b36bb5a903f4b5e6d958a14f57c41e047?s=96&d=mm&r=g\",\"caption\":\"Francisco H\"},\"url\":\"https:\/\/www.ing.uc.cl\/industrial-y-sistemas\/author\/fherreros\/\"}]}<\/script>\n<!-- \/ Yoast SEO plugin. -->","yoast_head_json":{"title":"Nuevo Seminario Mujer y Liderazgo por la Escuela de Ingenier\u00eda UC - Departamento de Ingenier\u00eda Industrial y de Sistemas","description":"A modo de crear un nueva cultura organizacional, la Escuela de Ingenier\u00eda UC realiz\u00f3 una nueva versi\u00f3n del Seminario Mujer y Liderazgo.","robots":{"index":"index","follow":"follow","max-snippet":"max-snippet:-1","max-image-preview":"max-image-preview:large","max-video-preview":"max-video-preview:-1"},"canonical":"https:\/\/www.ing.uc.cl\/industrial-y-sistemas\/2024\/03\/12\/nuevo-seminario-mujer-y-liderazgo-por-la-escuela-de-ingenieria-uc\/","og_locale":"es_ES","og_type":"article","og_title":"Nuevo Seminario Mujer y Liderazgo por la Escuela de Ingenier\u00eda UC - Departamento de Ingenier\u00eda Industrial y de Sistemas","og_description":"A modo de crear un nueva cultura organizacional, la Escuela de Ingenier\u00eda UC realiz\u00f3 una nueva versi\u00f3n del Seminario Mujer y Liderazgo.","og_url":"https:\/\/www.ing.uc.cl\/industrial-y-sistemas\/2024\/03\/12\/nuevo-seminario-mujer-y-liderazgo-por-la-escuela-de-ingenieria-uc\/","og_site_name":"Departamento de Ingenier\u00eda Industrial y de Sistemas","article_published_time":"2024-03-12T20:42:30+00:00","og_image":[{"width":2560,"height":1707,"url":"https:\/\/www.ing.uc.cl\/industrial-y-sistemas\/wp-content\/uploads\/2024\/03\/Coliseo-10-scaled-1.jpg","type":"image\/jpeg"}],"author":"Francisco H","twitter_card":"summary_large_image","twitter_misc":{"Escrito por":"Francisco H","Tiempo estimado de lectura":"2 minutos"},"schema":{"@context":"https:\/\/schema.org","@graph":[{"@type":"Article","@id":"https:\/\/www.ing.uc.cl\/industrial-y-sistemas\/2024\/03\/12\/nuevo-seminario-mujer-y-liderazgo-por-la-escuela-de-ingenieria-uc\/#article","isPartOf":{"@id":"https:\/\/www.ing.uc.cl\/industrial-y-sistemas\/2024\/03\/12\/nuevo-seminario-mujer-y-liderazgo-por-la-escuela-de-ingenieria-uc\/"},"author":{"name":"Francisco H","@id":"https:\/\/www.ing.uc.cl\/industrial-y-sistemas\/#\/schema\/person\/721a1ef791962c4167b0dad3ee596283"},"headline":"Nuevo Seminario Mujer y Liderazgo por la Escuela de Ingenier\u00eda UC","datePublished":"2024-03-12T20:42:30+00:00","mainEntityOfPage":{"@id":"https:\/\/www.ing.uc.cl\/industrial-y-sistemas\/2024\/03\/12\/nuevo-seminario-mujer-y-liderazgo-por-la-escuela-de-ingenieria-uc\/"},"wordCount":485,"publisher":{"@id":"https:\/\/www.ing.uc.cl\/industrial-y-sistemas\/#organization"},"image":{"@id":"https:\/\/www.ing.uc.cl\/industrial-y-sistemas\/2024\/03\/12\/nuevo-seminario-mujer-y-liderazgo-por-la-escuela-de-ingenieria-uc\/#primaryimage"},"thumbnailUrl":"https:\/\/www.ing.uc.cl\/industrial-y-sistemas\/wp-content\/uploads\/2024\/03\/Coliseo-10-scaled-1.jpg","keywords":["Centro de Innovaci\u00f3n UC","Equidad de G\u00e9nero","Fundaci\u00f3n Ronda","Mar\u00eda Fernanda Ram\u00edrez","Mujer y Liderazgo","Seminario Mujer y Liderazgo"],"inLanguage":"es-CL"},{"@type":"WebPage","@id":"https:\/\/www.ing.uc.cl\/industrial-y-sistemas\/2024\/03\/12\/nuevo-seminario-mujer-y-liderazgo-por-la-escuela-de-ingenieria-uc\/","url":"https:\/\/www.ing.uc.cl\/industrial-y-sistemas\/2024\/03\/12\/nuevo-seminario-mujer-y-liderazgo-por-la-escuela-de-ingenieria-uc\/","name":"Nuevo Seminario Mujer y Liderazgo por la Escuela de Ingenier\u00eda UC - Departamento de Ingenier\u00eda Industrial y de Sistemas","isPartOf":{"@id":"https:\/\/www.ing.uc.cl\/industrial-y-sistemas\/#website"},"primaryImageOfPage":{"@id":"https:\/\/www.ing.uc.cl\/industrial-y-sistemas\/2024\/03\/12\/nuevo-seminario-mujer-y-liderazgo-por-la-escuela-de-ingenieria-uc\/#primaryimage"},"image":{"@id":"https:\/\/www.ing.uc.cl\/industrial-y-sistemas\/2024\/03\/12\/nuevo-seminario-mujer-y-liderazgo-por-la-escuela-de-ingenieria-uc\/#primaryimage"},"thumbnailUrl":"https:\/\/www.ing.uc.cl\/industrial-y-sistemas\/wp-content\/uploads\/2024\/03\/Coliseo-10-scaled-1.jpg","datePublished":"2024-03-12T20:42:30+00:00","description":"A modo de crear un nueva cultura organizacional, la Escuela de Ingenier\u00eda UC realiz\u00f3 una nueva versi\u00f3n del Seminario Mujer y Liderazgo.","breadcrumb":{"@id":"https:\/\/www.ing.uc.cl\/industrial-y-sistemas\/2024\/03\/12\/nuevo-seminario-mujer-y-liderazgo-por-la-escuela-de-ingenieria-uc\/#breadcrumb"},"inLanguage":"es-CL","potentialAction":[{"@type":"ReadAction","target":["https:\/\/www.ing.uc.cl\/industrial-y-sistemas\/2024\/03\/12\/nuevo-seminario-mujer-y-liderazgo-por-la-escuela-de-ingenieria-uc\/"]}]},{"@type":"ImageObject","inLanguage":"es-CL","@id":"https:\/\/www.ing.uc.cl\/industrial-y-sistemas\/2024\/03\/12\/nuevo-seminario-mujer-y-liderazgo-por-la-escuela-de-ingenieria-uc\/#primaryimage","url":"https:\/\/www.ing.uc.cl\/industrial-y-sistemas\/wp-content\/uploads\/2024\/03\/Coliseo-10-scaled-1.jpg","contentUrl":"https:\/\/www.ing.uc.cl\/industrial-y-sistemas\/wp-content\/uploads\/2024\/03\/Coliseo-10-scaled-1.jpg","width":2560,"height":1707,"caption":"A modo de crear un nueva cultura organizacional, la Escuela de Ingenier\u00eda UC realiz\u00f3 una nueva versi\u00f3n del Seminario Mujer y Liderazgo."},{"@type":"BreadcrumbList","@id":"https:\/\/www.ing.uc.cl\/industrial-y-sistemas\/2024\/03\/12\/nuevo-seminario-mujer-y-liderazgo-por-la-escuela-de-ingenieria-uc\/#breadcrumb","itemListElement":[{"@type":"ListItem","position":1,"name":"Portada","item":"https:\/\/www.ing.uc.cl\/industrial-y-sistemas\/"},{"@type":"ListItem","position":2,"name":"Nuevo Seminario Mujer y Liderazgo por la Escuela de Ingenier\u00eda UC"}]},{"@type":"WebSite","@id":"https:\/\/www.ing.uc.cl\/industrial-y-sistemas\/#website","url":"https:\/\/www.ing.uc.cl\/industrial-y-sistemas\/","name":"Departamento de Ingenier\u00eda Industrial y de Sistemas","description":"Escuela de Ingenier\u00eda","publisher":{"@id":"https:\/\/www.ing.uc.cl\/industrial-y-sistemas\/#organization"},"potentialAction":[{"@type":"SearchAction","target":{"@type":"EntryPoint","urlTemplate":"https:\/\/www.ing.uc.cl\/industrial-y-sistemas\/?s={search_term_string}"},"query-input":{"@type":"PropertyValueSpecification","valueRequired":true,"valueName":"search_term_string"}}],"inLanguage":"es-CL"},{"@type":"Organization","@id":"https:\/\/www.ing.uc.cl\/industrial-y-sistemas\/#organization","name":"Departamento de Ingenier\u00eda Industrial y de Sistemas","url":"https:\/\/www.ing.uc.cl\/industrial-y-sistemas\/","logo":{"@type":"ImageObject","inLanguage":"es-CL","@id":"https:\/\/www.ing.uc.cl\/industrial-y-sistemas\/#\/schema\/logo\/image\/","url":"https:\/\/www.ing.uc.cl\/industrial-y-sistemas\/wp-content\/uploads\/2023\/11\/cropped-UC-P2727-01.png","contentUrl":"https:\/\/www.ing.uc.cl\/industrial-y-sistemas\/wp-content\/uploads\/2023\/11\/cropped-UC-P2727-01.png","width":307,"height":414,"caption":"Departamento de Ingenier\u00eda Industrial y de Sistemas"},"image":{"@id":"https:\/\/www.ing.uc.cl\/industrial-y-sistemas\/#\/schema\/logo\/image\/"}},{"@type":"Person","@id":"https:\/\/www.ing.uc.cl\/industrial-y-sistemas\/#\/schema\/person\/721a1ef791962c4167b0dad3ee596283","name":"Francisco H","image":{"@type":"ImageObject","inLanguage":"es-CL","@id":"https:\/\/www.ing.uc.cl\/industrial-y-sistemas\/#\/schema\/person\/image\/","url":"https:\/\/secure.gravatar.com\/avatar\/63233762875caf7cb464abb0c994788b36bb5a903f4b5e6d958a14f57c41e047?s=96&d=mm&r=g","contentUrl":"https:\/\/secure.gravatar.com\/avatar\/63233762875caf7cb464abb0c994788b36bb5a903f4b5e6d958a14f57c41e047?s=96&d=mm&r=g","caption":"Francisco H"},"url":"https:\/\/www.ing.uc.cl\/industrial-y-sistemas\/author\/fherreros\/"}]}},"rttpg_featured_image_url":{"full":["https:\/\/www.ing.uc.cl\/industrial-y-sistemas\/wp-content\/uploads\/2024\/03\/Coliseo-10-scaled-1.jpg",2560,1707,false],"landscape":["https:\/\/www.ing.uc.cl\/industrial-y-sistemas\/wp-content\/uploads\/2024\/03\/Coliseo-10-scaled-1.jpg",2560,1707,false],"portraits":["https:\/\/www.ing.uc.cl\/industrial-y-sistemas\/wp-content\/uploads\/2024\/03\/Coliseo-10-scaled-1.jpg",2560,1707,false],"thumbnail":["https:\/\/www.ing.uc.cl\/industrial-y-sistemas\/wp-content\/uploads\/2024\/03\/Coliseo-10-scaled-1-150x150.jpg",150,150,true],"medium":["https:\/\/www.ing.uc.cl\/industrial-y-sistemas\/wp-content\/uploads\/2024\/03\/Coliseo-10-scaled-1-300x200.jpg",300,200,true],"large":["https:\/\/www.ing.uc.cl\/industrial-y-sistemas\/wp-content\/uploads\/2024\/03\/Coliseo-10-scaled-1-1024x683.jpg",1024,683,true],"1536x1536":["https:\/\/www.ing.uc.cl\/industrial-y-sistemas\/wp-content\/uploads\/2024\/03\/Coliseo-10-scaled-1-1536x1024.jpg",1536,1024,true],"2048x2048":["https:\/\/www.ing.uc.cl\/industrial-y-sistemas\/wp-content\/uploads\/2024\/03\/Coliseo-10-scaled-1-2048x1366.jpg",2048,1366,true],"sow-carousel-default":["https:\/\/www.ing.uc.cl\/industrial-y-sistemas\/wp-content\/uploads\/2024\/03\/Coliseo-10-scaled-1-272x182.jpg",272,182,true]},"rttpg_author":{"display_name":"Francisco H","author_link":"https:\/\/www.ing.uc.cl\/industrial-y-sistemas\/author\/fherreros\/"},"rttpg_comment":0,"rttpg_category":"<a href=\"https:\/\/www.ing.uc.cl\/industrial-y-sistemas\/category\/sin-categoria\/\" rel=\"category tag\">Sin categor\u00eda<\/a>","rttpg_excerpt":"A modo de crear un nueva cultura organizacional, la Escuela de Ingenier\u00eda UC realiz\u00f3 una nueva versi\u00f3n del Seminario Mujeres y Liderazgo, donde las panelistas mostraron el escenario actual y las medidas que se podr\u00edan tomar.","_links":{"self":[{"href":"https:\/\/www.ing.uc.cl\/industrial-y-sistemas\/wp-json\/wp\/v2\/posts\/355028","targetHints":{"allow":["GET"]}}],"collection":[{"href":"https:\/\/www.ing.uc.cl\/industrial-y-sistemas\/wp-json\/wp\/v2\/posts"}],"about":[{"href":"https:\/\/www.ing.uc.cl\/industrial-y-sistemas\/wp-json\/wp\/v2\/types\/post"}],"author":[{"embeddable":true,"href":"https:\/\/www.ing.uc.cl\/industrial-y-sistemas\/wp-json\/wp\/v2\/users\/4"}],"replies":[{"embeddable":true,"href":"https:\/\/www.ing.uc.cl\/industrial-y-sistemas\/wp-json\/wp\/v2\/comments?post=355028"}],"version-history":[{"count":0,"href":"https:\/\/www.ing.uc.cl\/industrial-y-sistemas\/wp-json\/wp\/v2\/posts\/355028\/revisions"}],"wp:featuredmedia":[{"embeddable":true,"href":"https:\/\/www.ing.uc.cl\/industrial-y-sistemas\/wp-json\/wp\/v2\/media\/355029"}],"wp:attachment":[{"href":"https:\/\/www.ing.uc.cl\/industrial-y-sistemas\/wp-json\/wp\/v2\/media?parent=355028"}],"wp:term":[{"taxonomy":"category","embeddable":true,"href":"https:\/\/www.ing.uc.cl\/industrial-y-sistemas\/wp-json\/wp\/v2\/categories?post=355028"},{"taxonomy":"post_tag","embeddable":true,"href":"https:\/\/www.ing.uc.cl\/industrial-y-sistemas\/wp-json\/wp\/v2\/tags?post=355028"}],"curies":[{"name":"wp","href":"https:\/\/api.w.org\/{rel}","templated":true}]}}