{"id":355355,"date":"2025-03-07T16:29:19","date_gmt":"2025-03-07T19:29:19","guid":{"rendered":"https:\/\/www.ing.uc.cl\/industrial-y-sistemas\/?post_type=post&amp;p=355355"},"modified":"2025-03-07T16:29:19","modified_gmt":"2025-03-07T19:29:19","slug":"enzo-sauma-logra-adjudicarse-fondecyt-regular-2025","status":"publish","type":"post","link":"https:\/\/www.ing.uc.cl\/industrial-y-sistemas\/2025\/03\/07\/enzo-sauma-logra-adjudicarse-fondecyt-regular-2025\/","title":{"rendered":"Enzo Sauma logra adjudicarse FONDECYT Regular 2025"},"content":{"rendered":"<figure id=\"attachment_355374\" aria-describedby=\"caption-attachment-355374\" style=\"width: 1024px\" class=\"wp-caption aligncenter\"><img fetchpriority=\"high\" decoding=\"async\" class=\"wp-image-355374 size-large\" src=\"https:\/\/www.ing.uc.cl\/industrial-y-sistemas\/wp-content\/uploads\/2025\/03\/Fondecyt-Regular-2025-7-1-1024x583.png\" alt=\"Enzo Sauma logra adjudicarse Fondecyt Regular 2025\" width=\"1024\" height=\"583\" srcset=\"https:\/\/www.ing.uc.cl\/industrial-y-sistemas\/wp-content\/uploads\/2025\/03\/Fondecyt-Regular-2025-7-1-1024x583.png 1024w, https:\/\/www.ing.uc.cl\/industrial-y-sistemas\/wp-content\/uploads\/2025\/03\/Fondecyt-Regular-2025-7-1-300x171.png 300w, https:\/\/www.ing.uc.cl\/industrial-y-sistemas\/wp-content\/uploads\/2025\/03\/Fondecyt-Regular-2025-7-1-768x437.png 768w, https:\/\/www.ing.uc.cl\/industrial-y-sistemas\/wp-content\/uploads\/2025\/03\/Fondecyt-Regular-2025-7-1.png 1230w\" sizes=\"(max-width: 1024px) 100vw, 1024px\" \/><figcaption id=\"caption-attachment-355374\" class=\"wp-caption-text\">Enzo Sauma logra adjudicarse FONDECYT Regular 2025<\/figcaption><\/figure>\n<p><a href=\"https:\/\/www.ing.uc.cl\/academicos-e-investigadores\/enzo-enrique-sauma-santis\/\">Enzo Sauma<\/a> logr\u00f3 adjudicarse <a href=\"https:\/\/anid.cl\/concursos\/concurso-de-proyectos-fondecyt-regular-2025\/\">FONDECYT Regular 2025<\/a>. El acad\u00e9mico del <a href=\"https:\/\/www.ing.uc.cl\/industrial-y-sistemas\/\">Departamento de Ingenier\u00eda Industrial y de Sistemas<\/a> de la <a href=\"https:\/\/www.ing.uc.cl\/\">Escuela de Ingenier\u00eda de la UC<\/a>, figur\u00f3 en la selecci\u00f3n de propuestas que la <a href=\"https:\/\/anid.cl\/\">Agencia Nacional de Investigaci\u00f3n y Desarrollo (ANID)<\/a> dio a conocer el pasado 27 de enero.<\/p>\n<h2>Enzo Sauma logra adjudicarse Fondecyt Regular 2025<\/h2>\n<p><span style=\"font-weight: 400;\">Para el Concurso de Proyectos FONDECYT Regular 2025, el profesor Sauma present\u00f3 el proyecto t\u00edtulado: <\/span><i><span style=\"font-weight: 400;\">Economic impacts of incorporating battery energy storage systems (BESS) in the Chilean power system expansion planning, considering BESS degradation and multiple BESS pricing mechanisms.\u00a0<\/span><\/i><\/p>\n<p>&nbsp;<\/p>\n<p><span style=\"font-weight: 400;\">El proyecto, asignado al grupo de evaluaci\u00f3n de Ciencias Econ\u00f3micas y Administrativas, buscar\u00e1 \u201cevaluar los impactos econ\u00f3micos de incorporar sistemas de almacenamiento de energ\u00eda en BESS en la planificaci\u00f3n del sistema el\u00e9ctrico chileno\u201d, se\u00f1al\u00f3 Sauma. Esto, enfocado en c\u00f3mo diferentes mecanismos de fijaci\u00f3n de precios pueden incentivar y acelerar las inversiones en BESS.<\/span><\/p>\n<p>&nbsp;<\/p>\n<h2><b>Sobre el proyecto<\/b><\/h2>\n<p><span style=\"font-weight: 400;\">La nueva investigaci\u00f3n de Enzo Sauma surgi\u00f3 de manera org\u00e1nica, pues de manera consecutiva, trabaj\u00f3 temas relacionados en adjudicaciones de <a href=\"https:\/\/www.conicyt.cl\/fondef\/sobre-fondef\/que-es-fondef\/\">FONDEF<\/a> y <a href=\"https:\/\/www.conicyt.cl\/fondecyt\/sobre-fondecyt\/que-es-fondecyt\/\">FONDECYT<\/a>. As\u00ed, el actual proyecto<\/span> <span style=\"font-weight: 400;\">se sustentar\u00e1 en tres pilares fundamentales.<\/span><\/p>\n<p>&nbsp;<\/p>\n<p><span style=\"font-weight: 400;\">El primero, busca definir una aproximaci\u00f3n lineal por tramos que represente las funciones de degradaci\u00f3n de los sistemas BEES de ion-litio. El segundo, apunta a formular e implementar un modelo de planificaci\u00f3n de la expansi\u00f3n a largo plazo del sistema el\u00e9ctrico que incorpore sistemas BEES. El tercero, se sustenta en la evaluaci\u00f3n de los impactos econ\u00f3micos y ambientales de la aplicaci\u00f3n de los mecanismos de fijaci\u00f3n de precios.<\/span><\/p>\n<p>&nbsp;<\/p>\n<p><span style=\"font-weight: 400;\">Considerando modelos de optimizaci\u00f3n avanzados, trabajar\u00e1 para ver la \u201cplanificaci\u00f3n de la expansi\u00f3n a largo plazo del sistema el\u00e9ctrico que considere sistemas BEES y el impacto de su degradaci\u00f3n\u201d, a\u00f1adi\u00f3 Sauma. Al respecto, el profesor vislumbra que, el principal desaf\u00edo estar\u00e1 en el aspecto de la degradaci\u00f3n, debido a que esta no es lineal. Sin embargo, espera sortear dicho obst\u00e1culo con el uso de una metodolog\u00eda que contempla modelos de optimizaci\u00f3n del tipo programaci\u00f3n lineal entera mixta, usando variables enteras y continuas.\u00a0<\/span><\/p>\n<p>&nbsp;<\/p>\n<h2><b>Contribuci\u00f3n de la investigaci\u00f3n<\/b><\/h2>\n<p><span style=\"font-weight: 400;\">Con este nuevo proyecto de investigaci\u00f3n, Enzo Sauma, a trav\u00e9s del estudio de los instrumentos de incentivo y aceleraci\u00f3n de las inversiones en capacidad de sistemas BESS en Chile, buscar\u00e1 &#8220;cuantificar los impactos econ\u00f3micos y ambientales de la implementaci\u00f3n de dichos instrumentos&#8221;, asever\u00f3 Sauma.<\/span><\/p>\n<p>&nbsp;<\/p>\n<p><span style=\"font-weight: 400;\">De momento, <\/span><i><span style=\"font-weight: 400;\">Economic impacts of incorporating battery energy storage systems (BESS) in the Chilean power system expansion planning, considering BESS degradation and multiple BESS pricing mechanisms <\/span><\/i><span style=\"font-weight: 400;\">ser\u00e1 llevada a cabo solo por Enzo Sauma. Sin embargo, coment\u00f3 que est\u00e1 abierto a buscar colaboraci\u00f3n internacional.\u00a0<\/span><\/p>\n<p>Por: Yerko Correa.<\/p>\n<p>Contacto: ycorrea@uc.cl<\/p>\n","protected":false},"excerpt":{"rendered":"<p>El profesor Enzo Sauma es seleccionado para el Fondecyt Regular 2025 por su investigaci\u00f3n en sistemas de almacenamiento de energ\u00eda y su impacto econ\u00f3mico.<\/p>\n","protected":false},"author":4,"featured_media":355374,"comment_status":"closed","ping_status":"closed","sticky":false,"template":"","format":"standard","meta":{"site-sidebar-layout":"default","site-content-layout":"","ast-site-content-layout":"default","site-content-style":"default","site-sidebar-style":"default","ast-global-header-display":"","ast-banner-title-visibility":"","ast-main-header-display":"","ast-hfb-above-header-display":"","ast-hfb-below-header-display":"","ast-hfb-mobile-header-display":"","site-post-title":"","ast-breadcrumbs-content":"","ast-featured-img":"","footer-sml-layout":"","ast-disable-related-posts":"","theme-transparent-header-meta":"","adv-header-id-meta":"","stick-header-meta":"","header-above-stick-meta":"","header-main-stick-meta":"","header-below-stick-meta":"","astra-migrate-meta-layouts":"default","ast-page-background-enabled":"default","ast-page-background-meta":{"desktop":{"background-color":"","background-image":"","background-repeat":"repeat","background-position":"center center","background-size":"auto","background-attachment":"scroll","background-type":"","background-media":"","overlay-type":"","overlay-color":"","overlay-opacity":"","overlay-gradient":""},"tablet":{"background-color":"","background-image":"","background-repeat":"repeat","background-position":"center center","background-size":"auto","background-attachment":"scroll","background-type":"","background-media":"","overlay-type":"","overlay-color":"","overlay-opacity":"","overlay-gradient":""},"mobile":{"background-color":"","background-image":"","background-repeat":"repeat","background-position":"center center","background-size":"auto","background-attachment":"scroll","background-type":"","background-media":"","overlay-type":"","overlay-color":"","overlay-opacity":"","overlay-gradient":""}},"ast-content-background-meta":{"desktop":{"background-color":"var(--ast-global-color-5)","background-image":"","background-repeat":"repeat","background-position":"center center","background-size":"auto","background-attachment":"scroll","background-type":"","background-media":"","overlay-type":"","overlay-color":"","overlay-opacity":"","overlay-gradient":""},"tablet":{"background-color":"var(--ast-global-color-5)","background-image":"","background-repeat":"repeat","background-position":"center center","background-size":"auto","background-attachment":"scroll","background-type":"","background-media":"","overlay-type":"","overlay-color":"","overlay-opacity":"","overlay-gradient":""},"mobile":{"background-color":"var(--ast-global-color-5)","background-image":"","background-repeat":"repeat","background-position":"center center","background-size":"auto","background-attachment":"scroll","background-type":"","background-media":"","overlay-type":"","overlay-color":"","overlay-opacity":"","overlay-gradient":""}},"footnotes":""},"categories":[1],"tags":[42,43,160,21,33,162,163,89],"class_list":["post-355355","post","type-post","status-publish","format-standard","has-post-thumbnail","hentry","category-sin-categoria","tag-energia","tag-enzo-sauma","tag-escuela-de-ingenieria-uc","tag-fondecyt-regular-2025","tag-ingenieria-industrial-uc","tag-sistema-electrico","tag-sistemas-bees","tag-uc"],"yoast_head":"<!-- This site is optimized with the Yoast SEO plugin v26.9 - https:\/\/yoast.com\/product\/yoast-seo-wordpress\/ -->\n<title>Enzo Sauma logra adjudicarse FONDECYT Regular 2025 - Departamento de Ingenier\u00eda Industrial y de Sistemas<\/title>\n<meta name=\"description\" content=\"Enzo Sauma logra adjudicarse Fondecyt Regular 2025. El acad\u00e9mico figur\u00f3 en la selecci\u00f3n de propuestas que ANID dio a conocer el pasado 27 de enero.\" \/>\n<meta name=\"robots\" content=\"index, follow, max-snippet:-1, max-image-preview:large, max-video-preview:-1\" \/>\n<link rel=\"canonical\" href=\"https:\/\/www.ing.uc.cl\/industrial-y-sistemas\/2025\/03\/07\/enzo-sauma-logra-adjudicarse-fondecyt-regular-2025\/\" \/>\n<meta property=\"og:locale\" content=\"es_ES\" \/>\n<meta property=\"og:type\" content=\"article\" \/>\n<meta property=\"og:title\" content=\"Enzo Sauma logra adjudicarse FONDECYT Regular 2025 - Departamento de Ingenier\u00eda Industrial y de Sistemas\" \/>\n<meta property=\"og:description\" content=\"Enzo Sauma logra adjudicarse Fondecyt Regular 2025. El acad\u00e9mico figur\u00f3 en la selecci\u00f3n de propuestas que ANID dio a conocer el pasado 27 de enero.\" \/>\n<meta property=\"og:url\" content=\"https:\/\/www.ing.uc.cl\/industrial-y-sistemas\/2025\/03\/07\/enzo-sauma-logra-adjudicarse-fondecyt-regular-2025\/\" \/>\n<meta property=\"og:site_name\" content=\"Departamento de Ingenier\u00eda Industrial y de Sistemas\" \/>\n<meta property=\"article:published_time\" content=\"2025-03-07T19:29:19+00:00\" \/>\n<meta property=\"og:image\" content=\"https:\/\/www.ing.uc.cl\/industrial-y-sistemas\/wp-content\/uploads\/2025\/03\/Fondecyt-Regular-2025-7-1.png\" \/>\n\t<meta property=\"og:image:width\" content=\"1230\" \/>\n\t<meta property=\"og:image:height\" content=\"700\" \/>\n\t<meta property=\"og:image:type\" content=\"image\/png\" \/>\n<meta name=\"author\" content=\"Francisco H\" \/>\n<meta name=\"twitter:card\" content=\"summary_large_image\" \/>\n<meta name=\"twitter:label1\" content=\"Escrito por\" \/>\n\t<meta name=\"twitter:data1\" content=\"Francisco H\" \/>\n\t<meta name=\"twitter:label2\" content=\"Tiempo estimado de lectura\" \/>\n\t<meta name=\"twitter:data2\" content=\"2 minutos\" \/>\n<script type=\"application\/ld+json\" class=\"yoast-schema-graph\">{\"@context\":\"https:\/\/schema.org\",\"@graph\":[{\"@type\":\"Article\",\"@id\":\"https:\/\/www.ing.uc.cl\/industrial-y-sistemas\/2025\/03\/07\/enzo-sauma-logra-adjudicarse-fondecyt-regular-2025\/#article\",\"isPartOf\":{\"@id\":\"https:\/\/www.ing.uc.cl\/industrial-y-sistemas\/2025\/03\/07\/enzo-sauma-logra-adjudicarse-fondecyt-regular-2025\/\"},\"author\":{\"name\":\"Francisco H\",\"@id\":\"https:\/\/www.ing.uc.cl\/industrial-y-sistemas\/#\/schema\/person\/721a1ef791962c4167b0dad3ee596283\"},\"headline\":\"Enzo Sauma logra adjudicarse FONDECYT Regular 2025\",\"datePublished\":\"2025-03-07T19:29:19+00:00\",\"mainEntityOfPage\":{\"@id\":\"https:\/\/www.ing.uc.cl\/industrial-y-sistemas\/2025\/03\/07\/enzo-sauma-logra-adjudicarse-fondecyt-regular-2025\/\"},\"wordCount\":499,\"publisher\":{\"@id\":\"https:\/\/www.ing.uc.cl\/industrial-y-sistemas\/#organization\"},\"image\":{\"@id\":\"https:\/\/www.ing.uc.cl\/industrial-y-sistemas\/2025\/03\/07\/enzo-sauma-logra-adjudicarse-fondecyt-regular-2025\/#primaryimage\"},\"thumbnailUrl\":\"https:\/\/www.ing.uc.cl\/industrial-y-sistemas\/wp-content\/uploads\/2025\/03\/Fondecyt-Regular-2025-7-1.png\",\"keywords\":[\"Energ\u00eda\",\"Enzo Sauma\",\"Escuela de Ingenier\u00eda UC\",\"Fondecyt Regular 2025\",\"ingenieria industrial UC\",\"Sistema El\u00e9ctrico\",\"Sistemas BEES\",\"UC\"],\"inLanguage\":\"es-CL\"},{\"@type\":\"WebPage\",\"@id\":\"https:\/\/www.ing.uc.cl\/industrial-y-sistemas\/2025\/03\/07\/enzo-sauma-logra-adjudicarse-fondecyt-regular-2025\/\",\"url\":\"https:\/\/www.ing.uc.cl\/industrial-y-sistemas\/2025\/03\/07\/enzo-sauma-logra-adjudicarse-fondecyt-regular-2025\/\",\"name\":\"Enzo Sauma logra adjudicarse FONDECYT Regular 2025 - Departamento de Ingenier\u00eda Industrial y de Sistemas\",\"isPartOf\":{\"@id\":\"https:\/\/www.ing.uc.cl\/industrial-y-sistemas\/#website\"},\"primaryImageOfPage\":{\"@id\":\"https:\/\/www.ing.uc.cl\/industrial-y-sistemas\/2025\/03\/07\/enzo-sauma-logra-adjudicarse-fondecyt-regular-2025\/#primaryimage\"},\"image\":{\"@id\":\"https:\/\/www.ing.uc.cl\/industrial-y-sistemas\/2025\/03\/07\/enzo-sauma-logra-adjudicarse-fondecyt-regular-2025\/#primaryimage\"},\"thumbnailUrl\":\"https:\/\/www.ing.uc.cl\/industrial-y-sistemas\/wp-content\/uploads\/2025\/03\/Fondecyt-Regular-2025-7-1.png\",\"datePublished\":\"2025-03-07T19:29:19+00:00\",\"description\":\"Enzo Sauma logra adjudicarse Fondecyt Regular 2025. El acad\u00e9mico figur\u00f3 en la selecci\u00f3n de propuestas que ANID dio a conocer el pasado 27 de enero.\",\"breadcrumb\":{\"@id\":\"https:\/\/www.ing.uc.cl\/industrial-y-sistemas\/2025\/03\/07\/enzo-sauma-logra-adjudicarse-fondecyt-regular-2025\/#breadcrumb\"},\"inLanguage\":\"es-CL\",\"potentialAction\":[{\"@type\":\"ReadAction\",\"target\":[\"https:\/\/www.ing.uc.cl\/industrial-y-sistemas\/2025\/03\/07\/enzo-sauma-logra-adjudicarse-fondecyt-regular-2025\/\"]}]},{\"@type\":\"ImageObject\",\"inLanguage\":\"es-CL\",\"@id\":\"https:\/\/www.ing.uc.cl\/industrial-y-sistemas\/2025\/03\/07\/enzo-sauma-logra-adjudicarse-fondecyt-regular-2025\/#primaryimage\",\"url\":\"https:\/\/www.ing.uc.cl\/industrial-y-sistemas\/wp-content\/uploads\/2025\/03\/Fondecyt-Regular-2025-7-1.png\",\"contentUrl\":\"https:\/\/www.ing.uc.cl\/industrial-y-sistemas\/wp-content\/uploads\/2025\/03\/Fondecyt-Regular-2025-7-1.png\",\"width\":1230,\"height\":700,\"caption\":\"Enzo Sauma logra adjudicarse Fondecyt Regular 2025\"},{\"@type\":\"BreadcrumbList\",\"@id\":\"https:\/\/www.ing.uc.cl\/industrial-y-sistemas\/2025\/03\/07\/enzo-sauma-logra-adjudicarse-fondecyt-regular-2025\/#breadcrumb\",\"itemListElement\":[{\"@type\":\"ListItem\",\"position\":1,\"name\":\"Portada\",\"item\":\"https:\/\/www.ing.uc.cl\/industrial-y-sistemas\/\"},{\"@type\":\"ListItem\",\"position\":2,\"name\":\"Enzo Sauma logra adjudicarse FONDECYT Regular 2025\"}]},{\"@type\":\"WebSite\",\"@id\":\"https:\/\/www.ing.uc.cl\/industrial-y-sistemas\/#website\",\"url\":\"https:\/\/www.ing.uc.cl\/industrial-y-sistemas\/\",\"name\":\"Departamento de Ingenier\u00eda Industrial y de Sistemas\",\"description\":\"Escuela de Ingenier\u00eda\",\"publisher\":{\"@id\":\"https:\/\/www.ing.uc.cl\/industrial-y-sistemas\/#organization\"},\"potentialAction\":[{\"@type\":\"SearchAction\",\"target\":{\"@type\":\"EntryPoint\",\"urlTemplate\":\"https:\/\/www.ing.uc.cl\/industrial-y-sistemas\/?s={search_term_string}\"},\"query-input\":{\"@type\":\"PropertyValueSpecification\",\"valueRequired\":true,\"valueName\":\"search_term_string\"}}],\"inLanguage\":\"es-CL\"},{\"@type\":\"Organization\",\"@id\":\"https:\/\/www.ing.uc.cl\/industrial-y-sistemas\/#organization\",\"name\":\"Departamento de Ingenier\u00eda Industrial y de Sistemas\",\"url\":\"https:\/\/www.ing.uc.cl\/industrial-y-sistemas\/\",\"logo\":{\"@type\":\"ImageObject\",\"inLanguage\":\"es-CL\",\"@id\":\"https:\/\/www.ing.uc.cl\/industrial-y-sistemas\/#\/schema\/logo\/image\/\",\"url\":\"https:\/\/www.ing.uc.cl\/industrial-y-sistemas\/wp-content\/uploads\/2023\/11\/cropped-UC-P2727-01.png\",\"contentUrl\":\"https:\/\/www.ing.uc.cl\/industrial-y-sistemas\/wp-content\/uploads\/2023\/11\/cropped-UC-P2727-01.png\",\"width\":307,\"height\":414,\"caption\":\"Departamento de Ingenier\u00eda Industrial y de Sistemas\"},\"image\":{\"@id\":\"https:\/\/www.ing.uc.cl\/industrial-y-sistemas\/#\/schema\/logo\/image\/\"}},{\"@type\":\"Person\",\"@id\":\"https:\/\/www.ing.uc.cl\/industrial-y-sistemas\/#\/schema\/person\/721a1ef791962c4167b0dad3ee596283\",\"name\":\"Francisco H\",\"image\":{\"@type\":\"ImageObject\",\"inLanguage\":\"es-CL\",\"@id\":\"https:\/\/www.ing.uc.cl\/industrial-y-sistemas\/#\/schema\/person\/image\/\",\"url\":\"https:\/\/secure.gravatar.com\/avatar\/63233762875caf7cb464abb0c994788b36bb5a903f4b5e6d958a14f57c41e047?s=96&d=mm&r=g\",\"contentUrl\":\"https:\/\/secure.gravatar.com\/avatar\/63233762875caf7cb464abb0c994788b36bb5a903f4b5e6d958a14f57c41e047?s=96&d=mm&r=g\",\"caption\":\"Francisco H\"},\"url\":\"https:\/\/www.ing.uc.cl\/industrial-y-sistemas\/author\/fherreros\/\"}]}<\/script>\n<!-- \/ Yoast SEO plugin. -->","yoast_head_json":{"title":"Enzo Sauma logra adjudicarse FONDECYT Regular 2025 - Departamento de Ingenier\u00eda Industrial y de Sistemas","description":"Enzo Sauma logra adjudicarse Fondecyt Regular 2025. El acad\u00e9mico figur\u00f3 en la selecci\u00f3n de propuestas que ANID dio a conocer el pasado 27 de enero.","robots":{"index":"index","follow":"follow","max-snippet":"max-snippet:-1","max-image-preview":"max-image-preview:large","max-video-preview":"max-video-preview:-1"},"canonical":"https:\/\/www.ing.uc.cl\/industrial-y-sistemas\/2025\/03\/07\/enzo-sauma-logra-adjudicarse-fondecyt-regular-2025\/","og_locale":"es_ES","og_type":"article","og_title":"Enzo Sauma logra adjudicarse FONDECYT Regular 2025 - Departamento de Ingenier\u00eda Industrial y de Sistemas","og_description":"Enzo Sauma logra adjudicarse Fondecyt Regular 2025. El acad\u00e9mico figur\u00f3 en la selecci\u00f3n de propuestas que ANID dio a conocer el pasado 27 de enero.","og_url":"https:\/\/www.ing.uc.cl\/industrial-y-sistemas\/2025\/03\/07\/enzo-sauma-logra-adjudicarse-fondecyt-regular-2025\/","og_site_name":"Departamento de Ingenier\u00eda Industrial y de Sistemas","article_published_time":"2025-03-07T19:29:19+00:00","og_image":[{"width":1230,"height":700,"url":"https:\/\/www.ing.uc.cl\/industrial-y-sistemas\/wp-content\/uploads\/2025\/03\/Fondecyt-Regular-2025-7-1.png","type":"image\/png"}],"author":"Francisco H","twitter_card":"summary_large_image","twitter_misc":{"Escrito por":"Francisco H","Tiempo estimado de lectura":"2 minutos"},"schema":{"@context":"https:\/\/schema.org","@graph":[{"@type":"Article","@id":"https:\/\/www.ing.uc.cl\/industrial-y-sistemas\/2025\/03\/07\/enzo-sauma-logra-adjudicarse-fondecyt-regular-2025\/#article","isPartOf":{"@id":"https:\/\/www.ing.uc.cl\/industrial-y-sistemas\/2025\/03\/07\/enzo-sauma-logra-adjudicarse-fondecyt-regular-2025\/"},"author":{"name":"Francisco H","@id":"https:\/\/www.ing.uc.cl\/industrial-y-sistemas\/#\/schema\/person\/721a1ef791962c4167b0dad3ee596283"},"headline":"Enzo Sauma logra adjudicarse FONDECYT Regular 2025","datePublished":"2025-03-07T19:29:19+00:00","mainEntityOfPage":{"@id":"https:\/\/www.ing.uc.cl\/industrial-y-sistemas\/2025\/03\/07\/enzo-sauma-logra-adjudicarse-fondecyt-regular-2025\/"},"wordCount":499,"publisher":{"@id":"https:\/\/www.ing.uc.cl\/industrial-y-sistemas\/#organization"},"image":{"@id":"https:\/\/www.ing.uc.cl\/industrial-y-sistemas\/2025\/03\/07\/enzo-sauma-logra-adjudicarse-fondecyt-regular-2025\/#primaryimage"},"thumbnailUrl":"https:\/\/www.ing.uc.cl\/industrial-y-sistemas\/wp-content\/uploads\/2025\/03\/Fondecyt-Regular-2025-7-1.png","keywords":["Energ\u00eda","Enzo Sauma","Escuela de Ingenier\u00eda UC","Fondecyt Regular 2025","ingenieria industrial UC","Sistema El\u00e9ctrico","Sistemas BEES","UC"],"inLanguage":"es-CL"},{"@type":"WebPage","@id":"https:\/\/www.ing.uc.cl\/industrial-y-sistemas\/2025\/03\/07\/enzo-sauma-logra-adjudicarse-fondecyt-regular-2025\/","url":"https:\/\/www.ing.uc.cl\/industrial-y-sistemas\/2025\/03\/07\/enzo-sauma-logra-adjudicarse-fondecyt-regular-2025\/","name":"Enzo Sauma logra adjudicarse FONDECYT Regular 2025 - Departamento de Ingenier\u00eda Industrial y de Sistemas","isPartOf":{"@id":"https:\/\/www.ing.uc.cl\/industrial-y-sistemas\/#website"},"primaryImageOfPage":{"@id":"https:\/\/www.ing.uc.cl\/industrial-y-sistemas\/2025\/03\/07\/enzo-sauma-logra-adjudicarse-fondecyt-regular-2025\/#primaryimage"},"image":{"@id":"https:\/\/www.ing.uc.cl\/industrial-y-sistemas\/2025\/03\/07\/enzo-sauma-logra-adjudicarse-fondecyt-regular-2025\/#primaryimage"},"thumbnailUrl":"https:\/\/www.ing.uc.cl\/industrial-y-sistemas\/wp-content\/uploads\/2025\/03\/Fondecyt-Regular-2025-7-1.png","datePublished":"2025-03-07T19:29:19+00:00","description":"Enzo Sauma logra adjudicarse Fondecyt Regular 2025. El acad\u00e9mico figur\u00f3 en la selecci\u00f3n de propuestas que ANID dio a conocer el pasado 27 de enero.","breadcrumb":{"@id":"https:\/\/www.ing.uc.cl\/industrial-y-sistemas\/2025\/03\/07\/enzo-sauma-logra-adjudicarse-fondecyt-regular-2025\/#breadcrumb"},"inLanguage":"es-CL","potentialAction":[{"@type":"ReadAction","target":["https:\/\/www.ing.uc.cl\/industrial-y-sistemas\/2025\/03\/07\/enzo-sauma-logra-adjudicarse-fondecyt-regular-2025\/"]}]},{"@type":"ImageObject","inLanguage":"es-CL","@id":"https:\/\/www.ing.uc.cl\/industrial-y-sistemas\/2025\/03\/07\/enzo-sauma-logra-adjudicarse-fondecyt-regular-2025\/#primaryimage","url":"https:\/\/www.ing.uc.cl\/industrial-y-sistemas\/wp-content\/uploads\/2025\/03\/Fondecyt-Regular-2025-7-1.png","contentUrl":"https:\/\/www.ing.uc.cl\/industrial-y-sistemas\/wp-content\/uploads\/2025\/03\/Fondecyt-Regular-2025-7-1.png","width":1230,"height":700,"caption":"Enzo Sauma logra adjudicarse Fondecyt Regular 2025"},{"@type":"BreadcrumbList","@id":"https:\/\/www.ing.uc.cl\/industrial-y-sistemas\/2025\/03\/07\/enzo-sauma-logra-adjudicarse-fondecyt-regular-2025\/#breadcrumb","itemListElement":[{"@type":"ListItem","position":1,"name":"Portada","item":"https:\/\/www.ing.uc.cl\/industrial-y-sistemas\/"},{"@type":"ListItem","position":2,"name":"Enzo Sauma logra adjudicarse FONDECYT Regular 2025"}]},{"@type":"WebSite","@id":"https:\/\/www.ing.uc.cl\/industrial-y-sistemas\/#website","url":"https:\/\/www.ing.uc.cl\/industrial-y-sistemas\/","name":"Departamento de Ingenier\u00eda Industrial y de Sistemas","description":"Escuela de Ingenier\u00eda","publisher":{"@id":"https:\/\/www.ing.uc.cl\/industrial-y-sistemas\/#organization"},"potentialAction":[{"@type":"SearchAction","target":{"@type":"EntryPoint","urlTemplate":"https:\/\/www.ing.uc.cl\/industrial-y-sistemas\/?s={search_term_string}"},"query-input":{"@type":"PropertyValueSpecification","valueRequired":true,"valueName":"search_term_string"}}],"inLanguage":"es-CL"},{"@type":"Organization","@id":"https:\/\/www.ing.uc.cl\/industrial-y-sistemas\/#organization","name":"Departamento de Ingenier\u00eda Industrial y de Sistemas","url":"https:\/\/www.ing.uc.cl\/industrial-y-sistemas\/","logo":{"@type":"ImageObject","inLanguage":"es-CL","@id":"https:\/\/www.ing.uc.cl\/industrial-y-sistemas\/#\/schema\/logo\/image\/","url":"https:\/\/www.ing.uc.cl\/industrial-y-sistemas\/wp-content\/uploads\/2023\/11\/cropped-UC-P2727-01.png","contentUrl":"https:\/\/www.ing.uc.cl\/industrial-y-sistemas\/wp-content\/uploads\/2023\/11\/cropped-UC-P2727-01.png","width":307,"height":414,"caption":"Departamento de Ingenier\u00eda Industrial y de Sistemas"},"image":{"@id":"https:\/\/www.ing.uc.cl\/industrial-y-sistemas\/#\/schema\/logo\/image\/"}},{"@type":"Person","@id":"https:\/\/www.ing.uc.cl\/industrial-y-sistemas\/#\/schema\/person\/721a1ef791962c4167b0dad3ee596283","name":"Francisco H","image":{"@type":"ImageObject","inLanguage":"es-CL","@id":"https:\/\/www.ing.uc.cl\/industrial-y-sistemas\/#\/schema\/person\/image\/","url":"https:\/\/secure.gravatar.com\/avatar\/63233762875caf7cb464abb0c994788b36bb5a903f4b5e6d958a14f57c41e047?s=96&d=mm&r=g","contentUrl":"https:\/\/secure.gravatar.com\/avatar\/63233762875caf7cb464abb0c994788b36bb5a903f4b5e6d958a14f57c41e047?s=96&d=mm&r=g","caption":"Francisco H"},"url":"https:\/\/www.ing.uc.cl\/industrial-y-sistemas\/author\/fherreros\/"}]}},"rttpg_featured_image_url":{"full":["https:\/\/www.ing.uc.cl\/industrial-y-sistemas\/wp-content\/uploads\/2025\/03\/Fondecyt-Regular-2025-7-1.png",1230,700,false],"landscape":["https:\/\/www.ing.uc.cl\/industrial-y-sistemas\/wp-content\/uploads\/2025\/03\/Fondecyt-Regular-2025-7-1.png",1230,700,false],"portraits":["https:\/\/www.ing.uc.cl\/industrial-y-sistemas\/wp-content\/uploads\/2025\/03\/Fondecyt-Regular-2025-7-1.png",1230,700,false],"thumbnail":["https:\/\/www.ing.uc.cl\/industrial-y-sistemas\/wp-content\/uploads\/2025\/03\/Fondecyt-Regular-2025-7-1-150x150.png",150,150,true],"medium":["https:\/\/www.ing.uc.cl\/industrial-y-sistemas\/wp-content\/uploads\/2025\/03\/Fondecyt-Regular-2025-7-1-300x171.png",300,171,true],"large":["https:\/\/www.ing.uc.cl\/industrial-y-sistemas\/wp-content\/uploads\/2025\/03\/Fondecyt-Regular-2025-7-1-1024x583.png",1024,583,true],"1536x1536":["https:\/\/www.ing.uc.cl\/industrial-y-sistemas\/wp-content\/uploads\/2025\/03\/Fondecyt-Regular-2025-7-1.png",1230,700,false],"2048x2048":["https:\/\/www.ing.uc.cl\/industrial-y-sistemas\/wp-content\/uploads\/2025\/03\/Fondecyt-Regular-2025-7-1.png",1230,700,false],"sow-carousel-default":["https:\/\/www.ing.uc.cl\/industrial-y-sistemas\/wp-content\/uploads\/2025\/03\/Fondecyt-Regular-2025-7-1-272x182.png",272,182,true]},"rttpg_author":{"display_name":"Francisco H","author_link":"https:\/\/www.ing.uc.cl\/industrial-y-sistemas\/author\/fherreros\/"},"rttpg_comment":0,"rttpg_category":"<a href=\"https:\/\/www.ing.uc.cl\/industrial-y-sistemas\/category\/sin-categoria\/\" rel=\"category tag\">Sin categor\u00eda<\/a>","rttpg_excerpt":"El profesor Enzo Sauma es seleccionado para el Fondecyt Regular 2025 por su investigaci\u00f3n en sistemas de almacenamiento de energ\u00eda y su impacto econ\u00f3mico.","_links":{"self":[{"href":"https:\/\/www.ing.uc.cl\/industrial-y-sistemas\/wp-json\/wp\/v2\/posts\/355355","targetHints":{"allow":["GET"]}}],"collection":[{"href":"https:\/\/www.ing.uc.cl\/industrial-y-sistemas\/wp-json\/wp\/v2\/posts"}],"about":[{"href":"https:\/\/www.ing.uc.cl\/industrial-y-sistemas\/wp-json\/wp\/v2\/types\/post"}],"author":[{"embeddable":true,"href":"https:\/\/www.ing.uc.cl\/industrial-y-sistemas\/wp-json\/wp\/v2\/users\/4"}],"replies":[{"embeddable":true,"href":"https:\/\/www.ing.uc.cl\/industrial-y-sistemas\/wp-json\/wp\/v2\/comments?post=355355"}],"version-history":[{"count":0,"href":"https:\/\/www.ing.uc.cl\/industrial-y-sistemas\/wp-json\/wp\/v2\/posts\/355355\/revisions"}],"wp:featuredmedia":[{"embeddable":true,"href":"https:\/\/www.ing.uc.cl\/industrial-y-sistemas\/wp-json\/wp\/v2\/media\/355374"}],"wp:attachment":[{"href":"https:\/\/www.ing.uc.cl\/industrial-y-sistemas\/wp-json\/wp\/v2\/media?parent=355355"}],"wp:term":[{"taxonomy":"category","embeddable":true,"href":"https:\/\/www.ing.uc.cl\/industrial-y-sistemas\/wp-json\/wp\/v2\/categories?post=355355"},{"taxonomy":"post_tag","embeddable":true,"href":"https:\/\/www.ing.uc.cl\/industrial-y-sistemas\/wp-json\/wp\/v2\/tags?post=355355"}],"curies":[{"name":"wp","href":"https:\/\/api.w.org\/{rel}","templated":true}]}}