{"id":355387,"date":"2025-03-27T09:20:51","date_gmt":"2025-03-27T12:20:51","guid":{"rendered":"https:\/\/www.ing.uc.cl\/industrial-y-sistemas\/?post_type=post&amp;p=355387"},"modified":"2025-03-27T09:20:51","modified_gmt":"2025-03-27T12:20:51","slug":"beca-de-magister-nacional-2025-francisco-tamarin-entre-los-seleccionados","status":"publish","type":"post","link":"https:\/\/www.ing.uc.cl\/industrial-y-sistemas\/2025\/03\/27\/beca-de-magister-nacional-2025-francisco-tamarin-entre-los-seleccionados\/","title":{"rendered":"Beca de Mag\u00edster Nacional 2025: Francisco Tamar\u00edn entre los seleccionados"},"content":{"rendered":"<figure id=\"attachment_355393\" aria-describedby=\"caption-attachment-355393\" style=\"width: 1024px\" class=\"wp-caption aligncenter\"><img fetchpriority=\"high\" decoding=\"async\" class=\"wp-image-355393 size-large\" src=\"https:\/\/www.ing.uc.cl\/industrial-y-sistemas\/wp-content\/uploads\/2025\/03\/COLUMNA-1-1-1024x583.png\" alt=\"Francisco Tamar\u00edn, estudiante del Mag\u00edster en Ciencias de la Ingenier\u00eda se adjudica Beca de Mag\u00edster Nacional 2025\" width=\"1024\" height=\"583\" srcset=\"https:\/\/www.ing.uc.cl\/industrial-y-sistemas\/wp-content\/uploads\/2025\/03\/COLUMNA-1-1-1024x583.png 1024w, https:\/\/www.ing.uc.cl\/industrial-y-sistemas\/wp-content\/uploads\/2025\/03\/COLUMNA-1-1-300x171.png 300w, https:\/\/www.ing.uc.cl\/industrial-y-sistemas\/wp-content\/uploads\/2025\/03\/COLUMNA-1-1-768x437.png 768w, https:\/\/www.ing.uc.cl\/industrial-y-sistemas\/wp-content\/uploads\/2025\/03\/COLUMNA-1-1.png 1230w\" sizes=\"(max-width: 1024px) 100vw, 1024px\" \/><figcaption id=\"caption-attachment-355393\" class=\"wp-caption-text\">Francisco Tamar\u00edn, estudiante del Mag\u00edster en Ciencias de la Ingenier\u00eda se adjudica Beca de Mag\u00edster Nacional 2025<\/figcaption><\/figure>\n<p>El pasado siete de marzo, la <a href=\"https:\/\/anid.cl\/\">Agencia Nacional de Investigaci\u00f3n y Desarrollo (ANID)<\/a> public\u00f3 los resultados de los adjudicatarios de la <a href=\"https:\/\/anid.cl\/concursos\/beca-de-magister-nacional-ano-academico-2025\/\">Beca de Mag\u00edster Nacional 2025<\/a>. Entre los seleccionados se encuentra <a href=\"https:\/\/www.linkedin.com\/in\/f-tamarin\/\">Francisco Tamar\u00edn<\/a>, estudiante del <a href=\"https:\/\/www.ing.uc.cl\/industrial-y-sistemas\/\">Departamento de Ingenier\u00eda Industrial y de Sistemas (DIIS)<\/a> de la <a href=\"https:\/\/www.uc.cl\/\">Universidad Cat\u00f3lica (UC)<\/a>.<\/p>\n<p>Francisco Tamar\u00edn cursa el programa acad\u00e9mico del <a href=\"https:\/\/www.ing.uc.cl\/industrial-y-sistemas\/programas-de-estudio\/postgrado\/\">Mag\u00edster en Ciencias de la Ingenier\u00eda<\/a>, donde sigue la l\u00ednea de Investigaci\u00f3n y Gesti\u00f3n de Operaciones, espec\u00edficamente, estudia la Optimizaci\u00f3n Entera Estoc\u00e1stica.<\/p>\n<p><strong>Sobre la Beca de Mag\u00edster Nacional<\/strong><\/p>\n<p>La Beca de Mag\u00edster Nacional es un apoyo financiero para lograr la obtenci\u00f3n del grado acad\u00e9mico de mag\u00edster. Sobre este hito, Tamar\u00edn coment\u00f3 que refuerza la idea de que aspectos socioecon\u00f3micos no deber\u00edan ser obst\u00e1culos para destacar en entornos exigentes como lo es la Escuela de Ingenier\u00eda UC.<\/p>\n<p>Tamar\u00edn expres\u00f3 que adjudicarse esta beca \u201ces una mezcla de orgullo y gratificaci\u00f3n. Orgullo, porque es un logro significativo, considerando lo competitivo del proceso, que involucra diversas universidades, programas de mag\u00edster y alumnos excepcionales en sus \u00e1reas. Y gratificaci\u00f3n, porque este reconocimiento no solo representa un gran apoyo econ\u00f3mico\u201d.<\/p>\n<p><strong>Cursando el Mag\u00edster en Ciencias de la Ingenier\u00eda<\/strong><\/p>\n<p>Dentro del Mag\u00edster en Ciencias de la Ingenier\u00eda, Francisco Tamar\u00edn est\u00e1 abordando el problema de generaci\u00f3n de itinerarios robustos para aviones cargueros frente a la variabilidad en la demanda de carga. \u201cPara ello, queremos aplicar un m\u00e9todo exacto relativamente reciente en problemas de Optimizaci\u00f3n Entera Estoc\u00e1stica Multietapa, conocido como <em>Stochastic Dual Dynamic Integer Programming (SDDiP)<\/em>, y comparar su desempe\u00f1o con la formulaci\u00f3n determin\u00edstica equivalente del problema\u201d, agreg\u00f3 Tamar\u00edn.<\/p>\n<p>La investigaci\u00f3n est\u00e1 siendo guiada por <a href=\"https:\/\/www.ing.uc.cl\/academicos-e-investigadores\/gustavo-ivan-angulo-olivares\/\">Gustavo Angulo<\/a>, profesor del DIIS, y <a href=\"https:\/\/www.ing.uc.cl\/transporte-y-logistica\/team\/felipe-delgado\/\">Felipe Delgado<\/a>, profesor del <a href=\"https:\/\/www.ing.uc.cl\/transporte-y-logistica\/\">Departamento de Ingenier\u00eda de Transporte y Log\u00edstica (DITL)<\/a>.<\/p>\n<p>Por: Yerko Correa.<\/p>\n<p>Contacto: ycorrea@uc.cl<\/p>\n","protected":false},"excerpt":{"rendered":"<p>Francisco Tamar\u00edn, alumno del Mag\u00edster en Ciencias de la Ingenier\u00eda de la UC, es uno de los seleccionados para la prestigiosa Beca de Mag\u00edster Nacional 2025. <\/p>\n","protected":false},"author":4,"featured_media":355395,"comment_status":"closed","ping_status":"closed","sticky":false,"template":"","format":"standard","meta":{"site-sidebar-layout":"default","site-content-layout":"","ast-site-content-layout":"default","site-content-style":"default","site-sidebar-style":"default","ast-global-header-display":"","ast-banner-title-visibility":"","ast-main-header-display":"","ast-hfb-above-header-display":"","ast-hfb-below-header-display":"","ast-hfb-mobile-header-display":"","site-post-title":"","ast-breadcrumbs-content":"","ast-featured-img":"","footer-sml-layout":"","ast-disable-related-posts":"","theme-transparent-header-meta":"","adv-header-id-meta":"","stick-header-meta":"","header-above-stick-meta":"","header-main-stick-meta":"","header-below-stick-meta":"","astra-migrate-meta-layouts":"default","ast-page-background-enabled":"default","ast-page-background-meta":{"desktop":{"background-color":"","background-image":"","background-repeat":"repeat","background-position":"center center","background-size":"auto","background-attachment":"scroll","background-type":"","background-media":"","overlay-type":"","overlay-color":"","overlay-opacity":"","overlay-gradient":""},"tablet":{"background-color":"","background-image":"","background-repeat":"repeat","background-position":"center center","background-size":"auto","background-attachment":"scroll","background-type":"","background-media":"","overlay-type":"","overlay-color":"","overlay-opacity":"","overlay-gradient":""},"mobile":{"background-color":"","background-image":"","background-repeat":"repeat","background-position":"center center","background-size":"auto","background-attachment":"scroll","background-type":"","background-media":"","overlay-type":"","overlay-color":"","overlay-opacity":"","overlay-gradient":""}},"ast-content-background-meta":{"desktop":{"background-color":"var(--ast-global-color-5)","background-image":"","background-repeat":"repeat","background-position":"center center","background-size":"auto","background-attachment":"scroll","background-type":"","background-media":"","overlay-type":"","overlay-color":"","overlay-opacity":"","overlay-gradient":""},"tablet":{"background-color":"var(--ast-global-color-5)","background-image":"","background-repeat":"repeat","background-position":"center center","background-size":"auto","background-attachment":"scroll","background-type":"","background-media":"","overlay-type":"","overlay-color":"","overlay-opacity":"","overlay-gradient":""},"mobile":{"background-color":"var(--ast-global-color-5)","background-image":"","background-repeat":"repeat","background-position":"center center","background-size":"auto","background-attachment":"scroll","background-type":"","background-media":"","overlay-type":"","overlay-color":"","overlay-opacity":"","overlay-gradient":""}},"footnotes":""},"categories":[1],"tags":[18,171,160,33,172,173,127,174,89],"class_list":["post-355387","post","type-post","status-publish","format-standard","has-post-thumbnail","hentry","category-sin-categoria","tag-anid","tag-beca-de-magister-nacional","tag-escuela-de-ingenieria-uc","tag-ingenieria-industrial-uc","tag-magister","tag-magister-en-ciencias-de-la-ingenieria","tag-postgrado","tag-postgrado-uc","tag-uc"],"yoast_head":"<!-- This site is optimized with the Yoast SEO plugin v26.9 - https:\/\/yoast.com\/product\/yoast-seo-wordpress\/ -->\n<title>Beca de Mag\u00edster Nacional 2025: Francisco Tamar\u00edn entre los seleccionados - Departamento de Ingenier\u00eda Industrial y de Sistemas<\/title>\n<meta name=\"description\" content=\"Francisco Tamar\u00edn, alumno del Mag\u00edster en Ciencias de la Ingenier\u00eda de la UC, es uno de los seleccionados para la prestigiosa Beca de Mag\u00edster Nacional 2025.\" \/>\n<meta name=\"robots\" content=\"index, follow, max-snippet:-1, max-image-preview:large, max-video-preview:-1\" \/>\n<link rel=\"canonical\" href=\"https:\/\/www.ing.uc.cl\/industrial-y-sistemas\/2025\/03\/27\/beca-de-magister-nacional-2025-francisco-tamarin-entre-los-seleccionados\/\" \/>\n<meta property=\"og:locale\" content=\"es_ES\" \/>\n<meta property=\"og:type\" content=\"article\" \/>\n<meta property=\"og:title\" content=\"Beca de Mag\u00edster Nacional 2025: Francisco Tamar\u00edn entre los seleccionados - Departamento de Ingenier\u00eda Industrial y de Sistemas\" \/>\n<meta property=\"og:description\" content=\"Francisco Tamar\u00edn, alumno del Mag\u00edster en Ciencias de la Ingenier\u00eda de la UC, es uno de los seleccionados para la prestigiosa Beca de Mag\u00edster Nacional 2025.\" \/>\n<meta property=\"og:url\" content=\"https:\/\/www.ing.uc.cl\/industrial-y-sistemas\/2025\/03\/27\/beca-de-magister-nacional-2025-francisco-tamarin-entre-los-seleccionados\/\" \/>\n<meta property=\"og:site_name\" content=\"Departamento de Ingenier\u00eda Industrial y de Sistemas\" \/>\n<meta property=\"article:published_time\" content=\"2025-03-27T12:20:51+00:00\" \/>\n<meta property=\"og:image\" content=\"https:\/\/www.ing.uc.cl\/industrial-y-sistemas\/wp-content\/uploads\/2025\/03\/COLUMNA-1-1-1.png\" \/>\n\t<meta property=\"og:image:width\" content=\"1230\" \/>\n\t<meta property=\"og:image:height\" content=\"700\" \/>\n\t<meta property=\"og:image:type\" content=\"image\/png\" \/>\n<meta name=\"author\" content=\"Francisco H\" \/>\n<meta name=\"twitter:card\" content=\"summary_large_image\" \/>\n<meta name=\"twitter:label1\" content=\"Escrito por\" \/>\n\t<meta name=\"twitter:data1\" content=\"Francisco H\" \/>\n\t<meta name=\"twitter:label2\" content=\"Tiempo estimado de lectura\" \/>\n\t<meta name=\"twitter:data2\" content=\"2 minutos\" \/>\n<script type=\"application\/ld+json\" class=\"yoast-schema-graph\">{\"@context\":\"https:\/\/schema.org\",\"@graph\":[{\"@type\":\"Article\",\"@id\":\"https:\/\/www.ing.uc.cl\/industrial-y-sistemas\/2025\/03\/27\/beca-de-magister-nacional-2025-francisco-tamarin-entre-los-seleccionados\/#article\",\"isPartOf\":{\"@id\":\"https:\/\/www.ing.uc.cl\/industrial-y-sistemas\/2025\/03\/27\/beca-de-magister-nacional-2025-francisco-tamarin-entre-los-seleccionados\/\"},\"author\":{\"name\":\"Francisco H\",\"@id\":\"https:\/\/www.ing.uc.cl\/industrial-y-sistemas\/#\/schema\/person\/721a1ef791962c4167b0dad3ee596283\"},\"headline\":\"Beca de Mag\u00edster Nacional 2025: Francisco Tamar\u00edn entre los seleccionados\",\"datePublished\":\"2025-03-27T12:20:51+00:00\",\"mainEntityOfPage\":{\"@id\":\"https:\/\/www.ing.uc.cl\/industrial-y-sistemas\/2025\/03\/27\/beca-de-magister-nacional-2025-francisco-tamarin-entre-los-seleccionados\/\"},\"wordCount\":370,\"publisher\":{\"@id\":\"https:\/\/www.ing.uc.cl\/industrial-y-sistemas\/#organization\"},\"image\":{\"@id\":\"https:\/\/www.ing.uc.cl\/industrial-y-sistemas\/2025\/03\/27\/beca-de-magister-nacional-2025-francisco-tamarin-entre-los-seleccionados\/#primaryimage\"},\"thumbnailUrl\":\"https:\/\/www.ing.uc.cl\/industrial-y-sistemas\/wp-content\/uploads\/2025\/03\/COLUMNA-1-1-1.png\",\"keywords\":[\"ANID\",\"Beca de Mag\u00edster Nacional\",\"Escuela de Ingenier\u00eda UC\",\"ingenieria industrial UC\",\"Mag\u00edster\",\"Mag\u00edster en Ciencias de la Ingenier\u00eda\",\"Postgrado\",\"Postgrado UC\",\"UC\"],\"inLanguage\":\"es-CL\"},{\"@type\":\"WebPage\",\"@id\":\"https:\/\/www.ing.uc.cl\/industrial-y-sistemas\/2025\/03\/27\/beca-de-magister-nacional-2025-francisco-tamarin-entre-los-seleccionados\/\",\"url\":\"https:\/\/www.ing.uc.cl\/industrial-y-sistemas\/2025\/03\/27\/beca-de-magister-nacional-2025-francisco-tamarin-entre-los-seleccionados\/\",\"name\":\"Beca de Mag\u00edster Nacional 2025: Francisco Tamar\u00edn entre los seleccionados - Departamento de Ingenier\u00eda Industrial y de Sistemas\",\"isPartOf\":{\"@id\":\"https:\/\/www.ing.uc.cl\/industrial-y-sistemas\/#website\"},\"primaryImageOfPage\":{\"@id\":\"https:\/\/www.ing.uc.cl\/industrial-y-sistemas\/2025\/03\/27\/beca-de-magister-nacional-2025-francisco-tamarin-entre-los-seleccionados\/#primaryimage\"},\"image\":{\"@id\":\"https:\/\/www.ing.uc.cl\/industrial-y-sistemas\/2025\/03\/27\/beca-de-magister-nacional-2025-francisco-tamarin-entre-los-seleccionados\/#primaryimage\"},\"thumbnailUrl\":\"https:\/\/www.ing.uc.cl\/industrial-y-sistemas\/wp-content\/uploads\/2025\/03\/COLUMNA-1-1-1.png\",\"datePublished\":\"2025-03-27T12:20:51+00:00\",\"description\":\"Francisco Tamar\u00edn, alumno del Mag\u00edster en Ciencias de la Ingenier\u00eda de la UC, es uno de los seleccionados para la prestigiosa Beca de Mag\u00edster Nacional 2025.\",\"breadcrumb\":{\"@id\":\"https:\/\/www.ing.uc.cl\/industrial-y-sistemas\/2025\/03\/27\/beca-de-magister-nacional-2025-francisco-tamarin-entre-los-seleccionados\/#breadcrumb\"},\"inLanguage\":\"es-CL\",\"potentialAction\":[{\"@type\":\"ReadAction\",\"target\":[\"https:\/\/www.ing.uc.cl\/industrial-y-sistemas\/2025\/03\/27\/beca-de-magister-nacional-2025-francisco-tamarin-entre-los-seleccionados\/\"]}]},{\"@type\":\"ImageObject\",\"inLanguage\":\"es-CL\",\"@id\":\"https:\/\/www.ing.uc.cl\/industrial-y-sistemas\/2025\/03\/27\/beca-de-magister-nacional-2025-francisco-tamarin-entre-los-seleccionados\/#primaryimage\",\"url\":\"https:\/\/www.ing.uc.cl\/industrial-y-sistemas\/wp-content\/uploads\/2025\/03\/COLUMNA-1-1-1.png\",\"contentUrl\":\"https:\/\/www.ing.uc.cl\/industrial-y-sistemas\/wp-content\/uploads\/2025\/03\/COLUMNA-1-1-1.png\",\"width\":1230,\"height\":700,\"caption\":\"Beca de Mag\u00edster Nacional 2025: Francisco Tamar\u00edn entre los seleccionados\"},{\"@type\":\"BreadcrumbList\",\"@id\":\"https:\/\/www.ing.uc.cl\/industrial-y-sistemas\/2025\/03\/27\/beca-de-magister-nacional-2025-francisco-tamarin-entre-los-seleccionados\/#breadcrumb\",\"itemListElement\":[{\"@type\":\"ListItem\",\"position\":1,\"name\":\"Portada\",\"item\":\"https:\/\/www.ing.uc.cl\/industrial-y-sistemas\/\"},{\"@type\":\"ListItem\",\"position\":2,\"name\":\"Beca de Mag\u00edster Nacional 2025: Francisco Tamar\u00edn entre los seleccionados\"}]},{\"@type\":\"WebSite\",\"@id\":\"https:\/\/www.ing.uc.cl\/industrial-y-sistemas\/#website\",\"url\":\"https:\/\/www.ing.uc.cl\/industrial-y-sistemas\/\",\"name\":\"Departamento de Ingenier\u00eda Industrial y de Sistemas\",\"description\":\"Escuela de Ingenier\u00eda\",\"publisher\":{\"@id\":\"https:\/\/www.ing.uc.cl\/industrial-y-sistemas\/#organization\"},\"potentialAction\":[{\"@type\":\"SearchAction\",\"target\":{\"@type\":\"EntryPoint\",\"urlTemplate\":\"https:\/\/www.ing.uc.cl\/industrial-y-sistemas\/?s={search_term_string}\"},\"query-input\":{\"@type\":\"PropertyValueSpecification\",\"valueRequired\":true,\"valueName\":\"search_term_string\"}}],\"inLanguage\":\"es-CL\"},{\"@type\":\"Organization\",\"@id\":\"https:\/\/www.ing.uc.cl\/industrial-y-sistemas\/#organization\",\"name\":\"Departamento de Ingenier\u00eda Industrial y de Sistemas\",\"url\":\"https:\/\/www.ing.uc.cl\/industrial-y-sistemas\/\",\"logo\":{\"@type\":\"ImageObject\",\"inLanguage\":\"es-CL\",\"@id\":\"https:\/\/www.ing.uc.cl\/industrial-y-sistemas\/#\/schema\/logo\/image\/\",\"url\":\"https:\/\/www.ing.uc.cl\/industrial-y-sistemas\/wp-content\/uploads\/2023\/11\/cropped-UC-P2727-01.png\",\"contentUrl\":\"https:\/\/www.ing.uc.cl\/industrial-y-sistemas\/wp-content\/uploads\/2023\/11\/cropped-UC-P2727-01.png\",\"width\":307,\"height\":414,\"caption\":\"Departamento de Ingenier\u00eda Industrial y de Sistemas\"},\"image\":{\"@id\":\"https:\/\/www.ing.uc.cl\/industrial-y-sistemas\/#\/schema\/logo\/image\/\"}},{\"@type\":\"Person\",\"@id\":\"https:\/\/www.ing.uc.cl\/industrial-y-sistemas\/#\/schema\/person\/721a1ef791962c4167b0dad3ee596283\",\"name\":\"Francisco H\",\"image\":{\"@type\":\"ImageObject\",\"inLanguage\":\"es-CL\",\"@id\":\"https:\/\/www.ing.uc.cl\/industrial-y-sistemas\/#\/schema\/person\/image\/\",\"url\":\"https:\/\/secure.gravatar.com\/avatar\/63233762875caf7cb464abb0c994788b36bb5a903f4b5e6d958a14f57c41e047?s=96&d=mm&r=g\",\"contentUrl\":\"https:\/\/secure.gravatar.com\/avatar\/63233762875caf7cb464abb0c994788b36bb5a903f4b5e6d958a14f57c41e047?s=96&d=mm&r=g\",\"caption\":\"Francisco H\"},\"url\":\"https:\/\/www.ing.uc.cl\/industrial-y-sistemas\/author\/fherreros\/\"}]}<\/script>\n<!-- \/ Yoast SEO plugin. -->","yoast_head_json":{"title":"Beca de Mag\u00edster Nacional 2025: Francisco Tamar\u00edn entre los seleccionados - Departamento de Ingenier\u00eda Industrial y de Sistemas","description":"Francisco Tamar\u00edn, alumno del Mag\u00edster en Ciencias de la Ingenier\u00eda de la UC, es uno de los seleccionados para la prestigiosa Beca de Mag\u00edster Nacional 2025.","robots":{"index":"index","follow":"follow","max-snippet":"max-snippet:-1","max-image-preview":"max-image-preview:large","max-video-preview":"max-video-preview:-1"},"canonical":"https:\/\/www.ing.uc.cl\/industrial-y-sistemas\/2025\/03\/27\/beca-de-magister-nacional-2025-francisco-tamarin-entre-los-seleccionados\/","og_locale":"es_ES","og_type":"article","og_title":"Beca de Mag\u00edster Nacional 2025: Francisco Tamar\u00edn entre los seleccionados - Departamento de Ingenier\u00eda Industrial y de Sistemas","og_description":"Francisco Tamar\u00edn, alumno del Mag\u00edster en Ciencias de la Ingenier\u00eda de la UC, es uno de los seleccionados para la prestigiosa Beca de Mag\u00edster Nacional 2025.","og_url":"https:\/\/www.ing.uc.cl\/industrial-y-sistemas\/2025\/03\/27\/beca-de-magister-nacional-2025-francisco-tamarin-entre-los-seleccionados\/","og_site_name":"Departamento de Ingenier\u00eda Industrial y de Sistemas","article_published_time":"2025-03-27T12:20:51+00:00","og_image":[{"width":1230,"height":700,"url":"https:\/\/www.ing.uc.cl\/industrial-y-sistemas\/wp-content\/uploads\/2025\/03\/COLUMNA-1-1-1.png","type":"image\/png"}],"author":"Francisco H","twitter_card":"summary_large_image","twitter_misc":{"Escrito por":"Francisco H","Tiempo estimado de lectura":"2 minutos"},"schema":{"@context":"https:\/\/schema.org","@graph":[{"@type":"Article","@id":"https:\/\/www.ing.uc.cl\/industrial-y-sistemas\/2025\/03\/27\/beca-de-magister-nacional-2025-francisco-tamarin-entre-los-seleccionados\/#article","isPartOf":{"@id":"https:\/\/www.ing.uc.cl\/industrial-y-sistemas\/2025\/03\/27\/beca-de-magister-nacional-2025-francisco-tamarin-entre-los-seleccionados\/"},"author":{"name":"Francisco H","@id":"https:\/\/www.ing.uc.cl\/industrial-y-sistemas\/#\/schema\/person\/721a1ef791962c4167b0dad3ee596283"},"headline":"Beca de Mag\u00edster Nacional 2025: Francisco Tamar\u00edn entre los seleccionados","datePublished":"2025-03-27T12:20:51+00:00","mainEntityOfPage":{"@id":"https:\/\/www.ing.uc.cl\/industrial-y-sistemas\/2025\/03\/27\/beca-de-magister-nacional-2025-francisco-tamarin-entre-los-seleccionados\/"},"wordCount":370,"publisher":{"@id":"https:\/\/www.ing.uc.cl\/industrial-y-sistemas\/#organization"},"image":{"@id":"https:\/\/www.ing.uc.cl\/industrial-y-sistemas\/2025\/03\/27\/beca-de-magister-nacional-2025-francisco-tamarin-entre-los-seleccionados\/#primaryimage"},"thumbnailUrl":"https:\/\/www.ing.uc.cl\/industrial-y-sistemas\/wp-content\/uploads\/2025\/03\/COLUMNA-1-1-1.png","keywords":["ANID","Beca de Mag\u00edster Nacional","Escuela de Ingenier\u00eda UC","ingenieria industrial UC","Mag\u00edster","Mag\u00edster en Ciencias de la Ingenier\u00eda","Postgrado","Postgrado UC","UC"],"inLanguage":"es-CL"},{"@type":"WebPage","@id":"https:\/\/www.ing.uc.cl\/industrial-y-sistemas\/2025\/03\/27\/beca-de-magister-nacional-2025-francisco-tamarin-entre-los-seleccionados\/","url":"https:\/\/www.ing.uc.cl\/industrial-y-sistemas\/2025\/03\/27\/beca-de-magister-nacional-2025-francisco-tamarin-entre-los-seleccionados\/","name":"Beca de Mag\u00edster Nacional 2025: Francisco Tamar\u00edn entre los seleccionados - Departamento de Ingenier\u00eda Industrial y de Sistemas","isPartOf":{"@id":"https:\/\/www.ing.uc.cl\/industrial-y-sistemas\/#website"},"primaryImageOfPage":{"@id":"https:\/\/www.ing.uc.cl\/industrial-y-sistemas\/2025\/03\/27\/beca-de-magister-nacional-2025-francisco-tamarin-entre-los-seleccionados\/#primaryimage"},"image":{"@id":"https:\/\/www.ing.uc.cl\/industrial-y-sistemas\/2025\/03\/27\/beca-de-magister-nacional-2025-francisco-tamarin-entre-los-seleccionados\/#primaryimage"},"thumbnailUrl":"https:\/\/www.ing.uc.cl\/industrial-y-sistemas\/wp-content\/uploads\/2025\/03\/COLUMNA-1-1-1.png","datePublished":"2025-03-27T12:20:51+00:00","description":"Francisco Tamar\u00edn, alumno del Mag\u00edster en Ciencias de la Ingenier\u00eda de la UC, es uno de los seleccionados para la prestigiosa Beca de Mag\u00edster Nacional 2025.","breadcrumb":{"@id":"https:\/\/www.ing.uc.cl\/industrial-y-sistemas\/2025\/03\/27\/beca-de-magister-nacional-2025-francisco-tamarin-entre-los-seleccionados\/#breadcrumb"},"inLanguage":"es-CL","potentialAction":[{"@type":"ReadAction","target":["https:\/\/www.ing.uc.cl\/industrial-y-sistemas\/2025\/03\/27\/beca-de-magister-nacional-2025-francisco-tamarin-entre-los-seleccionados\/"]}]},{"@type":"ImageObject","inLanguage":"es-CL","@id":"https:\/\/www.ing.uc.cl\/industrial-y-sistemas\/2025\/03\/27\/beca-de-magister-nacional-2025-francisco-tamarin-entre-los-seleccionados\/#primaryimage","url":"https:\/\/www.ing.uc.cl\/industrial-y-sistemas\/wp-content\/uploads\/2025\/03\/COLUMNA-1-1-1.png","contentUrl":"https:\/\/www.ing.uc.cl\/industrial-y-sistemas\/wp-content\/uploads\/2025\/03\/COLUMNA-1-1-1.png","width":1230,"height":700,"caption":"Beca de Mag\u00edster Nacional 2025: Francisco Tamar\u00edn entre los seleccionados"},{"@type":"BreadcrumbList","@id":"https:\/\/www.ing.uc.cl\/industrial-y-sistemas\/2025\/03\/27\/beca-de-magister-nacional-2025-francisco-tamarin-entre-los-seleccionados\/#breadcrumb","itemListElement":[{"@type":"ListItem","position":1,"name":"Portada","item":"https:\/\/www.ing.uc.cl\/industrial-y-sistemas\/"},{"@type":"ListItem","position":2,"name":"Beca de Mag\u00edster Nacional 2025: Francisco Tamar\u00edn entre los seleccionados"}]},{"@type":"WebSite","@id":"https:\/\/www.ing.uc.cl\/industrial-y-sistemas\/#website","url":"https:\/\/www.ing.uc.cl\/industrial-y-sistemas\/","name":"Departamento de Ingenier\u00eda Industrial y de Sistemas","description":"Escuela de Ingenier\u00eda","publisher":{"@id":"https:\/\/www.ing.uc.cl\/industrial-y-sistemas\/#organization"},"potentialAction":[{"@type":"SearchAction","target":{"@type":"EntryPoint","urlTemplate":"https:\/\/www.ing.uc.cl\/industrial-y-sistemas\/?s={search_term_string}"},"query-input":{"@type":"PropertyValueSpecification","valueRequired":true,"valueName":"search_term_string"}}],"inLanguage":"es-CL"},{"@type":"Organization","@id":"https:\/\/www.ing.uc.cl\/industrial-y-sistemas\/#organization","name":"Departamento de Ingenier\u00eda Industrial y de Sistemas","url":"https:\/\/www.ing.uc.cl\/industrial-y-sistemas\/","logo":{"@type":"ImageObject","inLanguage":"es-CL","@id":"https:\/\/www.ing.uc.cl\/industrial-y-sistemas\/#\/schema\/logo\/image\/","url":"https:\/\/www.ing.uc.cl\/industrial-y-sistemas\/wp-content\/uploads\/2023\/11\/cropped-UC-P2727-01.png","contentUrl":"https:\/\/www.ing.uc.cl\/industrial-y-sistemas\/wp-content\/uploads\/2023\/11\/cropped-UC-P2727-01.png","width":307,"height":414,"caption":"Departamento de Ingenier\u00eda Industrial y de Sistemas"},"image":{"@id":"https:\/\/www.ing.uc.cl\/industrial-y-sistemas\/#\/schema\/logo\/image\/"}},{"@type":"Person","@id":"https:\/\/www.ing.uc.cl\/industrial-y-sistemas\/#\/schema\/person\/721a1ef791962c4167b0dad3ee596283","name":"Francisco H","image":{"@type":"ImageObject","inLanguage":"es-CL","@id":"https:\/\/www.ing.uc.cl\/industrial-y-sistemas\/#\/schema\/person\/image\/","url":"https:\/\/secure.gravatar.com\/avatar\/63233762875caf7cb464abb0c994788b36bb5a903f4b5e6d958a14f57c41e047?s=96&d=mm&r=g","contentUrl":"https:\/\/secure.gravatar.com\/avatar\/63233762875caf7cb464abb0c994788b36bb5a903f4b5e6d958a14f57c41e047?s=96&d=mm&r=g","caption":"Francisco H"},"url":"https:\/\/www.ing.uc.cl\/industrial-y-sistemas\/author\/fherreros\/"}]}},"rttpg_featured_image_url":{"full":["https:\/\/www.ing.uc.cl\/industrial-y-sistemas\/wp-content\/uploads\/2025\/03\/COLUMNA-1-1-1.png",1230,700,false],"landscape":["https:\/\/www.ing.uc.cl\/industrial-y-sistemas\/wp-content\/uploads\/2025\/03\/COLUMNA-1-1-1.png",1230,700,false],"portraits":["https:\/\/www.ing.uc.cl\/industrial-y-sistemas\/wp-content\/uploads\/2025\/03\/COLUMNA-1-1-1.png",1230,700,false],"thumbnail":["https:\/\/www.ing.uc.cl\/industrial-y-sistemas\/wp-content\/uploads\/2025\/03\/COLUMNA-1-1-1-150x150.png",150,150,true],"medium":["https:\/\/www.ing.uc.cl\/industrial-y-sistemas\/wp-content\/uploads\/2025\/03\/COLUMNA-1-1-1-300x171.png",300,171,true],"large":["https:\/\/www.ing.uc.cl\/industrial-y-sistemas\/wp-content\/uploads\/2025\/03\/COLUMNA-1-1-1-1024x583.png",1024,583,true],"1536x1536":["https:\/\/www.ing.uc.cl\/industrial-y-sistemas\/wp-content\/uploads\/2025\/03\/COLUMNA-1-1-1.png",1230,700,false],"2048x2048":["https:\/\/www.ing.uc.cl\/industrial-y-sistemas\/wp-content\/uploads\/2025\/03\/COLUMNA-1-1-1.png",1230,700,false],"sow-carousel-default":["https:\/\/www.ing.uc.cl\/industrial-y-sistemas\/wp-content\/uploads\/2025\/03\/COLUMNA-1-1-1-272x182.png",272,182,true]},"rttpg_author":{"display_name":"Francisco H","author_link":"https:\/\/www.ing.uc.cl\/industrial-y-sistemas\/author\/fherreros\/"},"rttpg_comment":0,"rttpg_category":"<a href=\"https:\/\/www.ing.uc.cl\/industrial-y-sistemas\/category\/sin-categoria\/\" rel=\"category tag\">Sin categor\u00eda<\/a>","rttpg_excerpt":"Francisco Tamar\u00edn, alumno del Mag\u00edster en Ciencias de la Ingenier\u00eda de la UC, es uno de los seleccionados para la prestigiosa Beca de Mag\u00edster Nacional 2025.","_links":{"self":[{"href":"https:\/\/www.ing.uc.cl\/industrial-y-sistemas\/wp-json\/wp\/v2\/posts\/355387","targetHints":{"allow":["GET"]}}],"collection":[{"href":"https:\/\/www.ing.uc.cl\/industrial-y-sistemas\/wp-json\/wp\/v2\/posts"}],"about":[{"href":"https:\/\/www.ing.uc.cl\/industrial-y-sistemas\/wp-json\/wp\/v2\/types\/post"}],"author":[{"embeddable":true,"href":"https:\/\/www.ing.uc.cl\/industrial-y-sistemas\/wp-json\/wp\/v2\/users\/4"}],"replies":[{"embeddable":true,"href":"https:\/\/www.ing.uc.cl\/industrial-y-sistemas\/wp-json\/wp\/v2\/comments?post=355387"}],"version-history":[{"count":0,"href":"https:\/\/www.ing.uc.cl\/industrial-y-sistemas\/wp-json\/wp\/v2\/posts\/355387\/revisions"}],"wp:featuredmedia":[{"embeddable":true,"href":"https:\/\/www.ing.uc.cl\/industrial-y-sistemas\/wp-json\/wp\/v2\/media\/355395"}],"wp:attachment":[{"href":"https:\/\/www.ing.uc.cl\/industrial-y-sistemas\/wp-json\/wp\/v2\/media?parent=355387"}],"wp:term":[{"taxonomy":"category","embeddable":true,"href":"https:\/\/www.ing.uc.cl\/industrial-y-sistemas\/wp-json\/wp\/v2\/categories?post=355387"},{"taxonomy":"post_tag","embeddable":true,"href":"https:\/\/www.ing.uc.cl\/industrial-y-sistemas\/wp-json\/wp\/v2\/tags?post=355387"}],"curies":[{"name":"wp","href":"https:\/\/api.w.org\/{rel}","templated":true}]}}