{"id":355463,"date":"2025-06-10T11:22:43","date_gmt":"2025-06-10T14:22:43","guid":{"rendered":"https:\/\/www.ing.uc.cl\/industrial-y-sistemas\/?p=355463"},"modified":"2025-06-10T11:22:43","modified_gmt":"2025-06-10T14:22:43","slug":"patricio-dominguez-se-adjudica-fondecyt-regular-para-estudiar-la-percepcion-del-crimen","status":"publish","type":"post","link":"https:\/\/www.ing.uc.cl\/industrial-y-sistemas\/2025\/06\/10\/patricio-dominguez-se-adjudica-fondecyt-regular-para-estudiar-la-percepcion-del-crimen\/","title":{"rendered":"Patricio Dom\u00ednguez se adjudica FONDECYT Regular para estudiar la percepci\u00f3n del crimen"},"content":{"rendered":"<h1 aria-level=\"1\"><img fetchpriority=\"high\" decoding=\"async\" class=\"aligncenter wp-image-355464 size-large\" src=\"https:\/\/www.ing.uc.cl\/industrial-y-sistemas\/wp-content\/uploads\/2025\/06\/Fondecyt-Regular-2025-12-1024x583.png\" alt=\"Patricio Dom\u00ednguez se adjudica Fondecyt Regular para estudiar la percepci\u00f3n del crimen\" width=\"1024\" height=\"583\" srcset=\"https:\/\/www.ing.uc.cl\/industrial-y-sistemas\/wp-content\/uploads\/2025\/06\/Fondecyt-Regular-2025-12-1024x583.png 1024w, https:\/\/www.ing.uc.cl\/industrial-y-sistemas\/wp-content\/uploads\/2025\/06\/Fondecyt-Regular-2025-12-300x171.png 300w, https:\/\/www.ing.uc.cl\/industrial-y-sistemas\/wp-content\/uploads\/2025\/06\/Fondecyt-Regular-2025-12-768x437.png 768w, https:\/\/www.ing.uc.cl\/industrial-y-sistemas\/wp-content\/uploads\/2025\/06\/Fondecyt-Regular-2025-12.png 1230w\" sizes=\"(max-width: 1024px) 100vw, 1024px\" \/><\/h1>\n<h1 aria-level=\"1\"><span data-contrast=\"none\">FONDECYT Regular 2025<\/span><span data-ccp-props=\"{&quot;134245418&quot;:true,&quot;134245529&quot;:true,&quot;335559738&quot;:360,&quot;335559739&quot;:80}\">\u00a0<\/span><\/h1>\n<p><span data-contrast=\"none\"><a href=\"https:\/\/www.ing.uc.cl\/industrial-y-sistemas\/team\/patricio-dominguez\/\">Patricio Dom\u00ednguez<\/a>, profesor de la <a href=\"https:\/\/www.ing.uc.cl\/\">Escuela de Ingenier\u00eda UC<\/a>, se adjudic\u00f3 el <a href=\"https:\/\/anid.cl\/concursos\/concurso-de-proyectos-fondecyt-regular-2025\/\">FONDECYT Regular 2025<\/a> para desarrollar la investigaci\u00f3n titulada <em>Economics of crime and crime perceptions<\/em>. Este proyecto, con una duraci\u00f3n estimada de cuatro a\u00f1os, se enfocar\u00e1 en develar los factores que influyen en las percepciones de la poblaci\u00f3n sobre la criminalidad y la seguridad, un tema que cobra relevancia tanto a nivel nacional como internacional.<\/span><span data-ccp-props=\"{}\">\u00a0<\/span><\/p>\n<p><span data-ccp-props=\"{}\">\u00a0<\/span><\/p>\n<p><span data-contrast=\"none\">La iniciativa no solo busca aportar al debate acad\u00e9mico, sino que tambi\u00e9n tiene el potencial de impactar las pol\u00edticas p\u00fablicas, proporcionando una comprensi\u00f3n m\u00e1s profunda de c\u00f3mo se forman estas percepciones y qu\u00e9 papel juegan en la opini\u00f3n p\u00fablica y la toma de decisiones.<\/span><span data-ccp-props=\"{}\">\u00a0<\/span><\/p>\n<p><span data-ccp-props=\"{}\">\u00a0<\/span><\/p>\n<p><span data-contrast=\"none\">\u201cEn t\u00e9rminos comparados, Chile es un pa\u00eds que presente \u00edndices elevados de preocupaci\u00f3n por el delito que no necesariamente se explican por el volumen observado de delitos\u201d, se\u00f1al\u00f3 Dom\u00ednguez. Al respecto, el profesor indagar\u00e1 sobre algunos factores que inciden en la percepci\u00f3n del delito en la poblaci\u00f3n.<\/span><span data-ccp-props=\"{&quot;134233117&quot;:false,&quot;134233118&quot;:false,&quot;201341983&quot;:0,&quot;335551550&quot;:6,&quot;335551620&quot;:6,&quot;335559738&quot;:0,&quot;335559739&quot;:160,&quot;335559740&quot;:278}\">\u00a0<\/span><\/p>\n<p>&nbsp;<\/p>\n<h2 aria-level=\"1\"><span data-contrast=\"none\">Origen de la investigaci\u00f3n<\/span><span data-ccp-props=\"{&quot;134245418&quot;:true,&quot;134245529&quot;:true,&quot;335559738&quot;:360,&quot;335559739&quot;:80}\">\u00a0<\/span><\/h2>\n<p><span data-contrast=\"none\">El proyecto de Dom\u00ednguez nace de su inter\u00e9s por entender los complejos v\u00ednculos entre la percepci\u00f3n del crimen y los fen\u00f3menos sociales. Este inter\u00e9s se ha gestado durante a\u00f1os de investigaci\u00f3n previa, incluyendo su <a href=\"https:\/\/www.ing.uc.cl\/publicaciones\/willingness-to-pay-for-crime-reduction-the-role-of-information-in-the-americas\/\">FONDECYT de Iniciaci\u00f3n<\/a> que termin\u00f3 en marzo. En esta etapa inicial, Dom\u00ednguez explor\u00f3 temas como la disposici\u00f3n a pagar por reducir el delito y otros aspectos de la econom\u00eda del crimen.<\/span><span data-ccp-props=\"{}\">\u00a0<\/span><\/p>\n<p>&nbsp;<\/p>\n<p><span data-contrast=\"none\">Ahora, con el apoyo del FONDECYT Regular 2025, el acad\u00e9mico busca profundizar en un aspecto menos estudiado: c\u00f3mo las percepciones sobre el crimen toman forma y cu\u00e1les factores las moldean, incluyendo el impacto de la digitalizaci\u00f3n y las redes sociales.<\/span><span data-ccp-props=\"{&quot;134233117&quot;:false,&quot;134233118&quot;:false,&quot;201341983&quot;:0,&quot;335551550&quot;:6,&quot;335551620&quot;:6,&quot;335559738&quot;:0,&quot;335559739&quot;:160,&quot;335559740&quot;:278}\">\u00a0<\/span><\/p>\n<p>&nbsp;<\/p>\n<h3 aria-level=\"1\"><span data-contrast=\"none\">Enfoque de la investigaci\u00f3n<\/span><span data-ccp-props=\"{&quot;134245418&quot;:true,&quot;134245529&quot;:true,&quot;335559738&quot;:360,&quot;335559739&quot;:80}\">\u00a0<\/span><\/h3>\n<p><span data-contrast=\"none\">El proyecto contempla varias etapas que indagan en factores que podr\u00edan afectar la actividad criminal y la percepci\u00f3n del delito. En cada uno de los casos a abordar, hay importantes desaf\u00edos metodol\u00f3gicos. Por ejemplo, al explorar el rol de la digitalizaci\u00f3n y las redes sociales resulta importante separar su efecto directo en las percepciones de la poblaci\u00f3n de aquellas que reflejan inquietudes ya preexistentes en la poblaci\u00f3n.<\/span><span data-ccp-props=\"{&quot;134233117&quot;:false,&quot;134233118&quot;:false,&quot;201341983&quot;:0,&quot;335551550&quot;:6,&quot;335551620&quot;:6,&quot;335559738&quot;:0,&quot;335559739&quot;:160,&quot;335559740&quot;:278}\">\u00a0<\/span><\/p>\n<p><span data-ccp-props=\"{&quot;134233117&quot;:false,&quot;134233118&quot;:false,&quot;201341983&quot;:0,&quot;335551550&quot;:6,&quot;335551620&quot;:6,&quot;335559738&quot;:0,&quot;335559739&quot;:160,&quot;335559740&quot;:278}\">\u00a0<\/span><\/p>\n<p><span data-contrast=\"none\">La investigaci\u00f3n combinar\u00e1 modelos econom\u00e9tricos avanzados con datos emp\u00edricos recolectados en Chile. Adem\u00e1s, explorar\u00e1 c\u00f3mo diferentes grupos etarios y demogr\u00e1ficos experimentan estas percepciones de manera distinta.<\/span><span data-ccp-props=\"{&quot;134233117&quot;:false,&quot;134233118&quot;:false,&quot;201341983&quot;:0,&quot;335551550&quot;:6,&quot;335551620&quot;:6,&quot;335559738&quot;:0,&quot;335559739&quot;:160,&quot;335559740&quot;:278}\">\u00a0<\/span><\/p>\n","protected":false},"excerpt":{"rendered":"<p>FONDECYT Regular 2025\u00a0 Patricio Dom\u00ednguez, profesor de la Escuela de Ingenier\u00eda UC, se adjudic\u00f3 el FONDECYT Regular 2025 para desarrollar la investigaci\u00f3n titulada Economics of crime and crime perceptions. Este proyecto, con una duraci\u00f3n estimada de cuatro a\u00f1os, se enfocar\u00e1 en develar los factores que influyen en las percepciones de la poblaci\u00f3n sobre la criminalidad y la seguridad, un tema que cobra relevancia tanto a nivel nacional como internacional.\u00a0 \u00a0 La iniciativa no solo busca aportar al debate acad\u00e9mico, sino que tambi\u00e9n tiene el potencial de impactar las pol\u00edticas p\u00fablicas, proporcionando una comprensi\u00f3n m\u00e1s profunda de c\u00f3mo se forman estas percepciones y qu\u00e9 papel juegan en la opini\u00f3n p\u00fablica y la toma de decisiones.\u00a0 \u00a0 \u201cEn t\u00e9rminos comparados, Chile es un pa\u00eds que presente \u00edndices elevados de preocupaci\u00f3n por el delito que no necesariamente se explican por el volumen observado de delitos\u201d, se\u00f1al\u00f3 Dom\u00ednguez. Al respecto, el profesor indagar\u00e1 sobre algunos factores que inciden en la percepci\u00f3n del delito en la poblaci\u00f3n.\u00a0 &nbsp; Origen de la investigaci\u00f3n\u00a0 El proyecto de Dom\u00ednguez nace de su inter\u00e9s por entender los complejos v\u00ednculos entre la percepci\u00f3n del crimen y los fen\u00f3menos sociales. Este inter\u00e9s se ha gestado durante a\u00f1os de investigaci\u00f3n previa, incluyendo su FONDECYT de Iniciaci\u00f3n que termin\u00f3 en marzo. En esta etapa inicial, Dom\u00ednguez explor\u00f3 temas como la disposici\u00f3n a pagar por reducir el delito y otros aspectos de la econom\u00eda del crimen.\u00a0 &nbsp; Ahora, con el apoyo del FONDECYT Regular 2025, el acad\u00e9mico busca profundizar en un aspecto menos estudiado: c\u00f3mo las percepciones sobre el crimen toman forma y cu\u00e1les factores las moldean, incluyendo el impacto de la digitalizaci\u00f3n y las redes sociales.\u00a0 &nbsp; Enfoque de la investigaci\u00f3n\u00a0 El proyecto contempla varias etapas que indagan en factores que podr\u00edan afectar la actividad criminal y la percepci\u00f3n del delito. En cada uno de los casos a abordar, hay importantes desaf\u00edos metodol\u00f3gicos. Por ejemplo, al explorar el rol de la digitalizaci\u00f3n y las redes sociales resulta importante separar su efecto directo en las percepciones de la poblaci\u00f3n de aquellas que reflejan inquietudes ya preexistentes en la poblaci\u00f3n.\u00a0 \u00a0 La investigaci\u00f3n combinar\u00e1 modelos econom\u00e9tricos avanzados con datos emp\u00edricos recolectados en Chile. Adem\u00e1s, explorar\u00e1 c\u00f3mo diferentes grupos etarios y demogr\u00e1ficos experimentan estas percepciones de manera distinta.\u00a0<\/p>\n","protected":false},"author":9,"featured_media":355464,"comment_status":"closed","ping_status":"open","sticky":false,"template":"","format":"standard","meta":{"site-sidebar-layout":"default","site-content-layout":"","ast-site-content-layout":"default","site-content-style":"default","site-sidebar-style":"default","ast-global-header-display":"","ast-banner-title-visibility":"","ast-main-header-display":"","ast-hfb-above-header-display":"","ast-hfb-below-header-display":"","ast-hfb-mobile-header-display":"","site-post-title":"","ast-breadcrumbs-content":"","ast-featured-img":"","footer-sml-layout":"","ast-disable-related-posts":"","theme-transparent-header-meta":"default","adv-header-id-meta":"","stick-header-meta":"","header-above-stick-meta":"","header-main-stick-meta":"","header-below-stick-meta":"","astra-migrate-meta-layouts":"set","ast-page-background-enabled":"default","ast-page-background-meta":{"desktop":{"background-color":"","background-image":"","background-repeat":"repeat","background-position":"center center","background-size":"auto","background-attachment":"scroll","background-type":"","background-media":"","overlay-type":"","overlay-color":"","overlay-opacity":"","overlay-gradient":""},"tablet":{"background-color":"","background-image":"","background-repeat":"repeat","background-position":"center center","background-size":"auto","background-attachment":"scroll","background-type":"","background-media":"","overlay-type":"","overlay-color":"","overlay-opacity":"","overlay-gradient":""},"mobile":{"background-color":"","background-image":"","background-repeat":"repeat","background-position":"center center","background-size":"auto","background-attachment":"scroll","background-type":"","background-media":"","overlay-type":"","overlay-color":"","overlay-opacity":"","overlay-gradient":""}},"ast-content-background-meta":{"desktop":{"background-color":"var(--ast-global-color-5)","background-image":"","background-repeat":"repeat","background-position":"center center","background-size":"auto","background-attachment":"scroll","background-type":"","background-media":"","overlay-type":"","overlay-color":"","overlay-opacity":"","overlay-gradient":""},"tablet":{"background-color":"var(--ast-global-color-5)","background-image":"","background-repeat":"repeat","background-position":"center center","background-size":"auto","background-attachment":"scroll","background-type":"","background-media":"","overlay-type":"","overlay-color":"","overlay-opacity":"","overlay-gradient":""},"mobile":{"background-color":"var(--ast-global-color-5)","background-image":"","background-repeat":"repeat","background-position":"center center","background-size":"auto","background-attachment":"scroll","background-type":"","background-media":"","overlay-type":"","overlay-color":"","overlay-opacity":"","overlay-gradient":""}},"footnotes":""},"categories":[10],"tags":[95,93,21,24,183,48,184],"class_list":["post-355463","post","type-post","status-publish","format-standard","has-post-thumbnail","hentry","category-noticias","tag-chile","tag-economia","tag-fondecyt-regular-2025","tag-investigacion","tag-percepcion-del-crimen","tag-politicas-publicas","tag-redes-sociales"],"yoast_head":"<!-- This site is optimized with the Yoast SEO plugin v26.9 - https:\/\/yoast.com\/product\/yoast-seo-wordpress\/ -->\n<title>Patricio Dom\u00ednguez se adjudica FONDECYT Regular para estudiar la percepci\u00f3n del crimen - Departamento de Ingenier\u00eda Industrial y de Sistemas<\/title>\n<meta name=\"description\" content=\"En l\u00ednea con su proyecto FONDECYT anterior, el profesor seguir\u00e1 examinando aspectos relevantes en el modelamiento de la actividad criminal con un \u00e9nfasis especial en los factores que afectan las percepciones en la poblaci\u00f3n general.\" \/>\n<meta name=\"robots\" content=\"index, follow, max-snippet:-1, max-image-preview:large, max-video-preview:-1\" \/>\n<link rel=\"canonical\" href=\"https:\/\/www.ing.uc.cl\/industrial-y-sistemas\/2025\/06\/10\/patricio-dominguez-se-adjudica-fondecyt-regular-para-estudiar-la-percepcion-del-crimen\/\" \/>\n<meta property=\"og:locale\" content=\"es_ES\" \/>\n<meta property=\"og:type\" content=\"article\" \/>\n<meta property=\"og:title\" content=\"Patricio Dom\u00ednguez se adjudica FONDECYT Regular para estudiar la percepci\u00f3n del crimen - Departamento de Ingenier\u00eda Industrial y de Sistemas\" \/>\n<meta property=\"og:description\" content=\"En l\u00ednea con su proyecto FONDECYT anterior, el profesor seguir\u00e1 examinando aspectos relevantes en el modelamiento de la actividad criminal con un \u00e9nfasis especial en los factores que afectan las percepciones en la poblaci\u00f3n general.\" \/>\n<meta property=\"og:url\" content=\"https:\/\/www.ing.uc.cl\/industrial-y-sistemas\/2025\/06\/10\/patricio-dominguez-se-adjudica-fondecyt-regular-para-estudiar-la-percepcion-del-crimen\/\" \/>\n<meta property=\"og:site_name\" content=\"Departamento de Ingenier\u00eda Industrial y de Sistemas\" \/>\n<meta property=\"article:published_time\" content=\"2025-06-10T14:22:43+00:00\" \/>\n<meta property=\"og:image\" content=\"https:\/\/www.ing.uc.cl\/industrial-y-sistemas\/wp-content\/uploads\/2025\/06\/Fondecyt-Regular-2025-12.png\" \/>\n\t<meta property=\"og:image:width\" content=\"1230\" \/>\n\t<meta property=\"og:image:height\" content=\"700\" \/>\n\t<meta property=\"og:image:type\" content=\"image\/png\" \/>\n<meta name=\"author\" content=\"Yerko Correa\" \/>\n<meta name=\"twitter:card\" content=\"summary_large_image\" \/>\n<meta name=\"twitter:label1\" content=\"Escrito por\" \/>\n\t<meta name=\"twitter:data1\" content=\"Yerko Correa\" \/>\n\t<meta name=\"twitter:label2\" content=\"Tiempo estimado de lectura\" \/>\n\t<meta name=\"twitter:data2\" content=\"3 minutos\" \/>\n<script type=\"application\/ld+json\" class=\"yoast-schema-graph\">{\"@context\":\"https:\/\/schema.org\",\"@graph\":[{\"@type\":\"Article\",\"@id\":\"https:\/\/www.ing.uc.cl\/industrial-y-sistemas\/2025\/06\/10\/patricio-dominguez-se-adjudica-fondecyt-regular-para-estudiar-la-percepcion-del-crimen\/#article\",\"isPartOf\":{\"@id\":\"https:\/\/www.ing.uc.cl\/industrial-y-sistemas\/2025\/06\/10\/patricio-dominguez-se-adjudica-fondecyt-regular-para-estudiar-la-percepcion-del-crimen\/\"},\"author\":{\"name\":\"Yerko Correa\",\"@id\":\"https:\/\/www.ing.uc.cl\/industrial-y-sistemas\/#\/schema\/person\/365e644ebc1f2a4d2fd2a5d66868a623\"},\"headline\":\"Patricio Dom\u00ednguez se adjudica FONDECYT Regular para estudiar la percepci\u00f3n del crimen\",\"datePublished\":\"2025-06-10T14:22:43+00:00\",\"mainEntityOfPage\":{\"@id\":\"https:\/\/www.ing.uc.cl\/industrial-y-sistemas\/2025\/06\/10\/patricio-dominguez-se-adjudica-fondecyt-regular-para-estudiar-la-percepcion-del-crimen\/\"},\"wordCount\":433,\"publisher\":{\"@id\":\"https:\/\/www.ing.uc.cl\/industrial-y-sistemas\/#organization\"},\"image\":{\"@id\":\"https:\/\/www.ing.uc.cl\/industrial-y-sistemas\/2025\/06\/10\/patricio-dominguez-se-adjudica-fondecyt-regular-para-estudiar-la-percepcion-del-crimen\/#primaryimage\"},\"thumbnailUrl\":\"https:\/\/www.ing.uc.cl\/industrial-y-sistemas\/wp-content\/uploads\/2025\/06\/Fondecyt-Regular-2025-12.png\",\"keywords\":[\"Chile\",\"Econom\u00eda\",\"Fondecyt Regular 2025\",\"Investigaci\u00f3n\",\"Percepci\u00f3n del crimen\",\"Pol\u00edticas P\u00fablicas\",\"Redes sociales\"],\"articleSection\":[\"Noticias\"],\"inLanguage\":\"es-CL\"},{\"@type\":\"WebPage\",\"@id\":\"https:\/\/www.ing.uc.cl\/industrial-y-sistemas\/2025\/06\/10\/patricio-dominguez-se-adjudica-fondecyt-regular-para-estudiar-la-percepcion-del-crimen\/\",\"url\":\"https:\/\/www.ing.uc.cl\/industrial-y-sistemas\/2025\/06\/10\/patricio-dominguez-se-adjudica-fondecyt-regular-para-estudiar-la-percepcion-del-crimen\/\",\"name\":\"Patricio Dom\u00ednguez se adjudica FONDECYT Regular para estudiar la percepci\u00f3n del crimen - Departamento de Ingenier\u00eda Industrial y de Sistemas\",\"isPartOf\":{\"@id\":\"https:\/\/www.ing.uc.cl\/industrial-y-sistemas\/#website\"},\"primaryImageOfPage\":{\"@id\":\"https:\/\/www.ing.uc.cl\/industrial-y-sistemas\/2025\/06\/10\/patricio-dominguez-se-adjudica-fondecyt-regular-para-estudiar-la-percepcion-del-crimen\/#primaryimage\"},\"image\":{\"@id\":\"https:\/\/www.ing.uc.cl\/industrial-y-sistemas\/2025\/06\/10\/patricio-dominguez-se-adjudica-fondecyt-regular-para-estudiar-la-percepcion-del-crimen\/#primaryimage\"},\"thumbnailUrl\":\"https:\/\/www.ing.uc.cl\/industrial-y-sistemas\/wp-content\/uploads\/2025\/06\/Fondecyt-Regular-2025-12.png\",\"datePublished\":\"2025-06-10T14:22:43+00:00\",\"description\":\"En l\u00ednea con su proyecto FONDECYT anterior, el profesor seguir\u00e1 examinando aspectos relevantes en el modelamiento de la actividad criminal con un \u00e9nfasis especial en los factores que afectan las percepciones en la poblaci\u00f3n general.\",\"breadcrumb\":{\"@id\":\"https:\/\/www.ing.uc.cl\/industrial-y-sistemas\/2025\/06\/10\/patricio-dominguez-se-adjudica-fondecyt-regular-para-estudiar-la-percepcion-del-crimen\/#breadcrumb\"},\"inLanguage\":\"es-CL\",\"potentialAction\":[{\"@type\":\"ReadAction\",\"target\":[\"https:\/\/www.ing.uc.cl\/industrial-y-sistemas\/2025\/06\/10\/patricio-dominguez-se-adjudica-fondecyt-regular-para-estudiar-la-percepcion-del-crimen\/\"]}]},{\"@type\":\"ImageObject\",\"inLanguage\":\"es-CL\",\"@id\":\"https:\/\/www.ing.uc.cl\/industrial-y-sistemas\/2025\/06\/10\/patricio-dominguez-se-adjudica-fondecyt-regular-para-estudiar-la-percepcion-del-crimen\/#primaryimage\",\"url\":\"https:\/\/www.ing.uc.cl\/industrial-y-sistemas\/wp-content\/uploads\/2025\/06\/Fondecyt-Regular-2025-12.png\",\"contentUrl\":\"https:\/\/www.ing.uc.cl\/industrial-y-sistemas\/wp-content\/uploads\/2025\/06\/Fondecyt-Regular-2025-12.png\",\"width\":1230,\"height\":700,\"caption\":\"Patricio Dom\u00ednguez se adjudica Fondecyt Regular para estudiar la percepci\u00f3n del crimen\"},{\"@type\":\"BreadcrumbList\",\"@id\":\"https:\/\/www.ing.uc.cl\/industrial-y-sistemas\/2025\/06\/10\/patricio-dominguez-se-adjudica-fondecyt-regular-para-estudiar-la-percepcion-del-crimen\/#breadcrumb\",\"itemListElement\":[{\"@type\":\"ListItem\",\"position\":1,\"name\":\"Portada\",\"item\":\"https:\/\/www.ing.uc.cl\/industrial-y-sistemas\/\"},{\"@type\":\"ListItem\",\"position\":2,\"name\":\"Patricio Dom\u00ednguez se adjudica FONDECYT Regular para estudiar la percepci\u00f3n del crimen\"}]},{\"@type\":\"WebSite\",\"@id\":\"https:\/\/www.ing.uc.cl\/industrial-y-sistemas\/#website\",\"url\":\"https:\/\/www.ing.uc.cl\/industrial-y-sistemas\/\",\"name\":\"Departamento de Ingenier\u00eda Industrial y de Sistemas\",\"description\":\"Escuela de Ingenier\u00eda\",\"publisher\":{\"@id\":\"https:\/\/www.ing.uc.cl\/industrial-y-sistemas\/#organization\"},\"potentialAction\":[{\"@type\":\"SearchAction\",\"target\":{\"@type\":\"EntryPoint\",\"urlTemplate\":\"https:\/\/www.ing.uc.cl\/industrial-y-sistemas\/?s={search_term_string}\"},\"query-input\":{\"@type\":\"PropertyValueSpecification\",\"valueRequired\":true,\"valueName\":\"search_term_string\"}}],\"inLanguage\":\"es-CL\"},{\"@type\":\"Organization\",\"@id\":\"https:\/\/www.ing.uc.cl\/industrial-y-sistemas\/#organization\",\"name\":\"Departamento de Ingenier\u00eda Industrial y de Sistemas\",\"url\":\"https:\/\/www.ing.uc.cl\/industrial-y-sistemas\/\",\"logo\":{\"@type\":\"ImageObject\",\"inLanguage\":\"es-CL\",\"@id\":\"https:\/\/www.ing.uc.cl\/industrial-y-sistemas\/#\/schema\/logo\/image\/\",\"url\":\"https:\/\/www.ing.uc.cl\/industrial-y-sistemas\/wp-content\/uploads\/2023\/11\/cropped-UC-P2727-01.png\",\"contentUrl\":\"https:\/\/www.ing.uc.cl\/industrial-y-sistemas\/wp-content\/uploads\/2023\/11\/cropped-UC-P2727-01.png\",\"width\":307,\"height\":414,\"caption\":\"Departamento de Ingenier\u00eda Industrial y de Sistemas\"},\"image\":{\"@id\":\"https:\/\/www.ing.uc.cl\/industrial-y-sistemas\/#\/schema\/logo\/image\/\"}},{\"@type\":\"Person\",\"@id\":\"https:\/\/www.ing.uc.cl\/industrial-y-sistemas\/#\/schema\/person\/365e644ebc1f2a4d2fd2a5d66868a623\",\"name\":\"Yerko Correa\",\"image\":{\"@type\":\"ImageObject\",\"inLanguage\":\"es-CL\",\"@id\":\"https:\/\/www.ing.uc.cl\/industrial-y-sistemas\/#\/schema\/person\/image\/\",\"url\":\"https:\/\/secure.gravatar.com\/avatar\/33bec28475b6cf9256d2b8b67f77471a276277b6f955b4009aefa3e2106a7978?s=96&d=mm&r=g\",\"contentUrl\":\"https:\/\/secure.gravatar.com\/avatar\/33bec28475b6cf9256d2b8b67f77471a276277b6f955b4009aefa3e2106a7978?s=96&d=mm&r=g\",\"caption\":\"Yerko Correa\"},\"url\":\"https:\/\/www.ing.uc.cl\/industrial-y-sistemas\/author\/ycorrea\/\"}]}<\/script>\n<!-- \/ Yoast SEO plugin. -->","yoast_head_json":{"title":"Patricio Dom\u00ednguez se adjudica FONDECYT Regular para estudiar la percepci\u00f3n del crimen - Departamento de Ingenier\u00eda Industrial y de Sistemas","description":"En l\u00ednea con su proyecto FONDECYT anterior, el profesor seguir\u00e1 examinando aspectos relevantes en el modelamiento de la actividad criminal con un \u00e9nfasis especial en los factores que afectan las percepciones en la poblaci\u00f3n general.","robots":{"index":"index","follow":"follow","max-snippet":"max-snippet:-1","max-image-preview":"max-image-preview:large","max-video-preview":"max-video-preview:-1"},"canonical":"https:\/\/www.ing.uc.cl\/industrial-y-sistemas\/2025\/06\/10\/patricio-dominguez-se-adjudica-fondecyt-regular-para-estudiar-la-percepcion-del-crimen\/","og_locale":"es_ES","og_type":"article","og_title":"Patricio Dom\u00ednguez se adjudica FONDECYT Regular para estudiar la percepci\u00f3n del crimen - Departamento de Ingenier\u00eda Industrial y de Sistemas","og_description":"En l\u00ednea con su proyecto FONDECYT anterior, el profesor seguir\u00e1 examinando aspectos relevantes en el modelamiento de la actividad criminal con un \u00e9nfasis especial en los factores que afectan las percepciones en la poblaci\u00f3n general.","og_url":"https:\/\/www.ing.uc.cl\/industrial-y-sistemas\/2025\/06\/10\/patricio-dominguez-se-adjudica-fondecyt-regular-para-estudiar-la-percepcion-del-crimen\/","og_site_name":"Departamento de Ingenier\u00eda Industrial y de Sistemas","article_published_time":"2025-06-10T14:22:43+00:00","og_image":[{"width":1230,"height":700,"url":"https:\/\/www.ing.uc.cl\/industrial-y-sistemas\/wp-content\/uploads\/2025\/06\/Fondecyt-Regular-2025-12.png","type":"image\/png"}],"author":"Yerko Correa","twitter_card":"summary_large_image","twitter_misc":{"Escrito por":"Yerko Correa","Tiempo estimado de lectura":"3 minutos"},"schema":{"@context":"https:\/\/schema.org","@graph":[{"@type":"Article","@id":"https:\/\/www.ing.uc.cl\/industrial-y-sistemas\/2025\/06\/10\/patricio-dominguez-se-adjudica-fondecyt-regular-para-estudiar-la-percepcion-del-crimen\/#article","isPartOf":{"@id":"https:\/\/www.ing.uc.cl\/industrial-y-sistemas\/2025\/06\/10\/patricio-dominguez-se-adjudica-fondecyt-regular-para-estudiar-la-percepcion-del-crimen\/"},"author":{"name":"Yerko Correa","@id":"https:\/\/www.ing.uc.cl\/industrial-y-sistemas\/#\/schema\/person\/365e644ebc1f2a4d2fd2a5d66868a623"},"headline":"Patricio Dom\u00ednguez se adjudica FONDECYT Regular para estudiar la percepci\u00f3n del crimen","datePublished":"2025-06-10T14:22:43+00:00","mainEntityOfPage":{"@id":"https:\/\/www.ing.uc.cl\/industrial-y-sistemas\/2025\/06\/10\/patricio-dominguez-se-adjudica-fondecyt-regular-para-estudiar-la-percepcion-del-crimen\/"},"wordCount":433,"publisher":{"@id":"https:\/\/www.ing.uc.cl\/industrial-y-sistemas\/#organization"},"image":{"@id":"https:\/\/www.ing.uc.cl\/industrial-y-sistemas\/2025\/06\/10\/patricio-dominguez-se-adjudica-fondecyt-regular-para-estudiar-la-percepcion-del-crimen\/#primaryimage"},"thumbnailUrl":"https:\/\/www.ing.uc.cl\/industrial-y-sistemas\/wp-content\/uploads\/2025\/06\/Fondecyt-Regular-2025-12.png","keywords":["Chile","Econom\u00eda","Fondecyt Regular 2025","Investigaci\u00f3n","Percepci\u00f3n del crimen","Pol\u00edticas P\u00fablicas","Redes sociales"],"articleSection":["Noticias"],"inLanguage":"es-CL"},{"@type":"WebPage","@id":"https:\/\/www.ing.uc.cl\/industrial-y-sistemas\/2025\/06\/10\/patricio-dominguez-se-adjudica-fondecyt-regular-para-estudiar-la-percepcion-del-crimen\/","url":"https:\/\/www.ing.uc.cl\/industrial-y-sistemas\/2025\/06\/10\/patricio-dominguez-se-adjudica-fondecyt-regular-para-estudiar-la-percepcion-del-crimen\/","name":"Patricio Dom\u00ednguez se adjudica FONDECYT Regular para estudiar la percepci\u00f3n del crimen - Departamento de Ingenier\u00eda Industrial y de Sistemas","isPartOf":{"@id":"https:\/\/www.ing.uc.cl\/industrial-y-sistemas\/#website"},"primaryImageOfPage":{"@id":"https:\/\/www.ing.uc.cl\/industrial-y-sistemas\/2025\/06\/10\/patricio-dominguez-se-adjudica-fondecyt-regular-para-estudiar-la-percepcion-del-crimen\/#primaryimage"},"image":{"@id":"https:\/\/www.ing.uc.cl\/industrial-y-sistemas\/2025\/06\/10\/patricio-dominguez-se-adjudica-fondecyt-regular-para-estudiar-la-percepcion-del-crimen\/#primaryimage"},"thumbnailUrl":"https:\/\/www.ing.uc.cl\/industrial-y-sistemas\/wp-content\/uploads\/2025\/06\/Fondecyt-Regular-2025-12.png","datePublished":"2025-06-10T14:22:43+00:00","description":"En l\u00ednea con su proyecto FONDECYT anterior, el profesor seguir\u00e1 examinando aspectos relevantes en el modelamiento de la actividad criminal con un \u00e9nfasis especial en los factores que afectan las percepciones en la poblaci\u00f3n general.","breadcrumb":{"@id":"https:\/\/www.ing.uc.cl\/industrial-y-sistemas\/2025\/06\/10\/patricio-dominguez-se-adjudica-fondecyt-regular-para-estudiar-la-percepcion-del-crimen\/#breadcrumb"},"inLanguage":"es-CL","potentialAction":[{"@type":"ReadAction","target":["https:\/\/www.ing.uc.cl\/industrial-y-sistemas\/2025\/06\/10\/patricio-dominguez-se-adjudica-fondecyt-regular-para-estudiar-la-percepcion-del-crimen\/"]}]},{"@type":"ImageObject","inLanguage":"es-CL","@id":"https:\/\/www.ing.uc.cl\/industrial-y-sistemas\/2025\/06\/10\/patricio-dominguez-se-adjudica-fondecyt-regular-para-estudiar-la-percepcion-del-crimen\/#primaryimage","url":"https:\/\/www.ing.uc.cl\/industrial-y-sistemas\/wp-content\/uploads\/2025\/06\/Fondecyt-Regular-2025-12.png","contentUrl":"https:\/\/www.ing.uc.cl\/industrial-y-sistemas\/wp-content\/uploads\/2025\/06\/Fondecyt-Regular-2025-12.png","width":1230,"height":700,"caption":"Patricio Dom\u00ednguez se adjudica Fondecyt Regular para estudiar la percepci\u00f3n del crimen"},{"@type":"BreadcrumbList","@id":"https:\/\/www.ing.uc.cl\/industrial-y-sistemas\/2025\/06\/10\/patricio-dominguez-se-adjudica-fondecyt-regular-para-estudiar-la-percepcion-del-crimen\/#breadcrumb","itemListElement":[{"@type":"ListItem","position":1,"name":"Portada","item":"https:\/\/www.ing.uc.cl\/industrial-y-sistemas\/"},{"@type":"ListItem","position":2,"name":"Patricio Dom\u00ednguez se adjudica FONDECYT Regular para estudiar la percepci\u00f3n del crimen"}]},{"@type":"WebSite","@id":"https:\/\/www.ing.uc.cl\/industrial-y-sistemas\/#website","url":"https:\/\/www.ing.uc.cl\/industrial-y-sistemas\/","name":"Departamento de Ingenier\u00eda Industrial y de Sistemas","description":"Escuela de Ingenier\u00eda","publisher":{"@id":"https:\/\/www.ing.uc.cl\/industrial-y-sistemas\/#organization"},"potentialAction":[{"@type":"SearchAction","target":{"@type":"EntryPoint","urlTemplate":"https:\/\/www.ing.uc.cl\/industrial-y-sistemas\/?s={search_term_string}"},"query-input":{"@type":"PropertyValueSpecification","valueRequired":true,"valueName":"search_term_string"}}],"inLanguage":"es-CL"},{"@type":"Organization","@id":"https:\/\/www.ing.uc.cl\/industrial-y-sistemas\/#organization","name":"Departamento de Ingenier\u00eda Industrial y de Sistemas","url":"https:\/\/www.ing.uc.cl\/industrial-y-sistemas\/","logo":{"@type":"ImageObject","inLanguage":"es-CL","@id":"https:\/\/www.ing.uc.cl\/industrial-y-sistemas\/#\/schema\/logo\/image\/","url":"https:\/\/www.ing.uc.cl\/industrial-y-sistemas\/wp-content\/uploads\/2023\/11\/cropped-UC-P2727-01.png","contentUrl":"https:\/\/www.ing.uc.cl\/industrial-y-sistemas\/wp-content\/uploads\/2023\/11\/cropped-UC-P2727-01.png","width":307,"height":414,"caption":"Departamento de Ingenier\u00eda Industrial y de Sistemas"},"image":{"@id":"https:\/\/www.ing.uc.cl\/industrial-y-sistemas\/#\/schema\/logo\/image\/"}},{"@type":"Person","@id":"https:\/\/www.ing.uc.cl\/industrial-y-sistemas\/#\/schema\/person\/365e644ebc1f2a4d2fd2a5d66868a623","name":"Yerko Correa","image":{"@type":"ImageObject","inLanguage":"es-CL","@id":"https:\/\/www.ing.uc.cl\/industrial-y-sistemas\/#\/schema\/person\/image\/","url":"https:\/\/secure.gravatar.com\/avatar\/33bec28475b6cf9256d2b8b67f77471a276277b6f955b4009aefa3e2106a7978?s=96&d=mm&r=g","contentUrl":"https:\/\/secure.gravatar.com\/avatar\/33bec28475b6cf9256d2b8b67f77471a276277b6f955b4009aefa3e2106a7978?s=96&d=mm&r=g","caption":"Yerko Correa"},"url":"https:\/\/www.ing.uc.cl\/industrial-y-sistemas\/author\/ycorrea\/"}]}},"rttpg_featured_image_url":{"full":["https:\/\/www.ing.uc.cl\/industrial-y-sistemas\/wp-content\/uploads\/2025\/06\/Fondecyt-Regular-2025-12.png",1230,700,false],"landscape":["https:\/\/www.ing.uc.cl\/industrial-y-sistemas\/wp-content\/uploads\/2025\/06\/Fondecyt-Regular-2025-12.png",1230,700,false],"portraits":["https:\/\/www.ing.uc.cl\/industrial-y-sistemas\/wp-content\/uploads\/2025\/06\/Fondecyt-Regular-2025-12.png",1230,700,false],"thumbnail":["https:\/\/www.ing.uc.cl\/industrial-y-sistemas\/wp-content\/uploads\/2025\/06\/Fondecyt-Regular-2025-12-150x150.png",150,150,true],"medium":["https:\/\/www.ing.uc.cl\/industrial-y-sistemas\/wp-content\/uploads\/2025\/06\/Fondecyt-Regular-2025-12-300x171.png",300,171,true],"large":["https:\/\/www.ing.uc.cl\/industrial-y-sistemas\/wp-content\/uploads\/2025\/06\/Fondecyt-Regular-2025-12-1024x583.png",1024,583,true],"1536x1536":["https:\/\/www.ing.uc.cl\/industrial-y-sistemas\/wp-content\/uploads\/2025\/06\/Fondecyt-Regular-2025-12.png",1230,700,false],"2048x2048":["https:\/\/www.ing.uc.cl\/industrial-y-sistemas\/wp-content\/uploads\/2025\/06\/Fondecyt-Regular-2025-12.png",1230,700,false],"sow-carousel-default":["https:\/\/www.ing.uc.cl\/industrial-y-sistemas\/wp-content\/uploads\/2025\/06\/Fondecyt-Regular-2025-12-272x182.png",272,182,true]},"rttpg_author":{"display_name":"Yerko Correa","author_link":"https:\/\/www.ing.uc.cl\/industrial-y-sistemas\/author\/ycorrea\/"},"rttpg_comment":1,"rttpg_category":"<a href=\"https:\/\/www.ing.uc.cl\/industrial-y-sistemas\/category\/noticias\/\" rel=\"category tag\">Noticias<\/a>","rttpg_excerpt":"FONDECYT Regular 2025\u00a0 Patricio Dom\u00ednguez, profesor de la Escuela de Ingenier\u00eda UC, se adjudic\u00f3 el FONDECYT Regular 2025 para desarrollar la investigaci\u00f3n titulada Economics of crime and crime perceptions. Este proyecto, con una duraci\u00f3n estimada de cuatro a\u00f1os, se enfocar\u00e1 en develar los factores que influyen en las percepciones de la poblaci\u00f3n sobre la criminalidad&hellip;","_links":{"self":[{"href":"https:\/\/www.ing.uc.cl\/industrial-y-sistemas\/wp-json\/wp\/v2\/posts\/355463","targetHints":{"allow":["GET"]}}],"collection":[{"href":"https:\/\/www.ing.uc.cl\/industrial-y-sistemas\/wp-json\/wp\/v2\/posts"}],"about":[{"href":"https:\/\/www.ing.uc.cl\/industrial-y-sistemas\/wp-json\/wp\/v2\/types\/post"}],"author":[{"embeddable":true,"href":"https:\/\/www.ing.uc.cl\/industrial-y-sistemas\/wp-json\/wp\/v2\/users\/9"}],"replies":[{"embeddable":true,"href":"https:\/\/www.ing.uc.cl\/industrial-y-sistemas\/wp-json\/wp\/v2\/comments?post=355463"}],"version-history":[{"count":3,"href":"https:\/\/www.ing.uc.cl\/industrial-y-sistemas\/wp-json\/wp\/v2\/posts\/355463\/revisions"}],"predecessor-version":[{"id":355467,"href":"https:\/\/www.ing.uc.cl\/industrial-y-sistemas\/wp-json\/wp\/v2\/posts\/355463\/revisions\/355467"}],"wp:featuredmedia":[{"embeddable":true,"href":"https:\/\/www.ing.uc.cl\/industrial-y-sistemas\/wp-json\/wp\/v2\/media\/355464"}],"wp:attachment":[{"href":"https:\/\/www.ing.uc.cl\/industrial-y-sistemas\/wp-json\/wp\/v2\/media?parent=355463"}],"wp:term":[{"taxonomy":"category","embeddable":true,"href":"https:\/\/www.ing.uc.cl\/industrial-y-sistemas\/wp-json\/wp\/v2\/categories?post=355463"},{"taxonomy":"post_tag","embeddable":true,"href":"https:\/\/www.ing.uc.cl\/industrial-y-sistemas\/wp-json\/wp\/v2\/tags?post=355463"}],"curies":[{"name":"wp","href":"https:\/\/api.w.org\/{rel}","templated":true}]}}