{"id":355575,"date":"2025-11-12T12:27:31","date_gmt":"2025-11-12T15:27:31","guid":{"rendered":"https:\/\/www.ing.uc.cl\/industrial-y-sistemas\/?p=355575"},"modified":"2025-11-12T14:14:07","modified_gmt":"2025-11-12T17:14:07","slug":"reconocimiento-a-la-excelencia-investigativa-del-magister-en-ciencias-de-la-ingenieria","status":"publish","type":"post","link":"https:\/\/www.ing.uc.cl\/industrial-y-sistemas\/2025\/11\/12\/reconocimiento-a-la-excelencia-investigativa-del-magister-en-ciencias-de-la-ingenieria\/","title":{"rendered":"Reconocimiento a la excelencia investigativa del Mag\u00edster en Ciencias de la Ingenier\u00eda"},"content":{"rendered":"<p><img fetchpriority=\"high\" decoding=\"async\" class=\"aligncenter wp-image-355576 size-large\" src=\"https:\/\/www.ing.uc.cl\/industrial-y-sistemas\/wp-content\/uploads\/2025\/11\/IMG_5898-1024x683.jpg\" alt=\"\" width=\"1024\" height=\"683\" srcset=\"https:\/\/www.ing.uc.cl\/industrial-y-sistemas\/wp-content\/uploads\/2025\/11\/IMG_5898-1024x683.jpg 1024w, https:\/\/www.ing.uc.cl\/industrial-y-sistemas\/wp-content\/uploads\/2025\/11\/IMG_5898-300x200.jpg 300w, https:\/\/www.ing.uc.cl\/industrial-y-sistemas\/wp-content\/uploads\/2025\/11\/IMG_5898-768x512.jpg 768w, https:\/\/www.ing.uc.cl\/industrial-y-sistemas\/wp-content\/uploads\/2025\/11\/IMG_5898-1536x1024.jpg 1536w, https:\/\/www.ing.uc.cl\/industrial-y-sistemas\/wp-content\/uploads\/2025\/11\/IMG_5898-2048x1365.jpg 2048w, https:\/\/www.ing.uc.cl\/industrial-y-sistemas\/wp-content\/uploads\/2025\/11\/IMG_5898-272x182.jpg 272w\" sizes=\"(max-width: 1024px) 100vw, 1024px\" \/><\/p>\n<p><span data-contrast=\"auto\">El pasado 23 de octubre se llev\u00f3 a cabo una edici\u00f3n especial de los Seminarios DIIS, instancia que destac\u00f3 las investigaciones de tres estudiantes del <a href=\"https:\/\/www.ing.uc.cl\/programas-de-estudio\/postgrado\/magister-ciencias-la-ingenieria\/informacion-general-2\/\">Mag\u00edster en Ciencias de la Ingenier\u00eda<\/a>, menci\u00f3n Ingenier\u00eda Industrial y de Sistemas. La jornada tambi\u00e9n incluy\u00f3 un homenaje a la trayectoria de los ayudantes del Departamento de Ingenier\u00eda Industrial y de Sistemas (DIIS), y reuni\u00f3 los trabajos candidatos a Mejor Tesis 2025.<\/span><span data-ccp-props=\"{&quot;134233117&quot;:false,&quot;134233118&quot;:false,&quot;335551550&quot;:6,&quot;335551620&quot;:6,&quot;335559738&quot;:240,&quot;335559739&quot;:240}\">\u00a0<\/span><\/p>\n<p><span data-contrast=\"auto\">La comisi\u00f3n evaluadora estuvo compuesta por acad\u00e9micos de la <a href=\"https:\/\/www.ing.uc.cl\/\">Escuela de Ingenier\u00eda de la UC<\/a>, quienes valoraron investigaciones que abordan desaf\u00edos actuales como la inteligencia artificial, la econom\u00eda conductual, la equidad de g\u00e9nero en innovaci\u00f3n y el an\u00e1lisis financiero en mercados emergentes.<\/span><span data-ccp-props=\"{&quot;134233117&quot;:false,&quot;134233118&quot;:false,&quot;335551550&quot;:6,&quot;335551620&quot;:6,&quot;335559738&quot;:240,&quot;335559739&quot;:240}\">\u00a0<\/span><\/p>\n<h2><b><span data-contrast=\"auto\">Dom\u00e9nica Silva: finanzas conductuales y predicci\u00f3n cambiaria con Google Trends<\/span><\/b><span data-ccp-props=\"{&quot;134233117&quot;:false,&quot;134233118&quot;:false,&quot;335551550&quot;:6,&quot;335551620&quot;:6,&quot;335559738&quot;:240,&quot;335559739&quot;:240}\">\u00a0<\/span><\/h2>\n<p><span data-contrast=\"auto\">Dom\u00e9nica Silva present\u00f3 su tesis titulada <strong>\u201cSentiment-Driven Forecasting: Improving Exchange Rate Forecasting in Emerging Markets with Google Trends\u201d<\/strong>, donde propone el uso de indicadores de sentimiento para mejorar la precisi\u00f3n de las predicciones cambiarias en econom\u00edas emergentes.<\/span><span data-ccp-props=\"{&quot;134233117&quot;:false,&quot;134233118&quot;:false,&quot;335551550&quot;:6,&quot;335551620&quot;:6,&quot;335559738&quot;:240,&quot;335559739&quot;:240}\">\u00a0<\/span><\/p>\n<p><span data-contrast=\"auto\">En cuanto a sus motivaciones, explica su constante inter\u00e9s por el \u00e1rea de las finanzas dada la relaci\u00f3n con la vida cotidiana y su rol en el funcionamiento global de la econom\u00eda: \u201cQuer\u00eda explorar esa dualidad: algo que parece tan t\u00e9cnico, pero que tiene efectos reales en la vida diaria y en la estabilidad de los pa\u00edses\u201d.<\/span><\/p>\n<p><span data-contrast=\"auto\">Su investigaci\u00f3n demuestra que las percepciones y expectativas pueden ser m\u00e1s relevantes que los fundamentos econ\u00f3micos tradicionales. Al incorporar datos de Google Trends, se logra una herramienta \u00fatil para decisiones financieras y pol\u00edticas p\u00fablicas.<\/span><span data-ccp-props=\"{&quot;134233117&quot;:false,&quot;134233118&quot;:false,&quot;335551550&quot;:6,&quot;335551620&quot;:6,&quot;335559738&quot;:240,&quot;335559739&quot;:240}\">\u00a0<\/span><\/p>\n<p><span data-contrast=\"auto\">\u201cAprend\u00ed que la investigaci\u00f3n en finanzas no es solo un ejercicio t\u00e9cnico, sino tambi\u00e9n una forma de entender el comportamiento humano. Incorporar indicadores de sentimiento permite tener se\u00f1ales en tiempo real que complementan la informaci\u00f3n macroecon\u00f3mica tradicional\u201d, se\u00f1ala.<\/span><\/p>\n<p>Para Dom\u00e9nica, la experiencia de presentar su trabajo en el seminario fue una oportunidad de reconocimiento y aprendizaje. M\u00e1s all\u00e1 del orgullo por compartir sus resultados, valor\u00f3 el di\u00e1logo acad\u00e9mico como parte esencial del proceso: \u201cEscuchar comentarios y preguntas me ayud\u00f3 a ver nuevas perspectivas. Entend\u00ed el valor de la paciencia y la rigurosidad en el proceso: muchos resultados se ajustan y evolucionan con el tiempo\u201d.<\/p>\n<p>Su investigaci\u00f3n abre una nueva v\u00eda para el an\u00e1lisis financiero en contextos vol\u00e1tiles, demostrando que la tecnolog\u00eda puede capturar dimensiones que impactan directamente en la econom\u00eda. En tiempos donde los datos abundan, saber interpretar el pulso social puede marcar la diferencia.<\/p>\n<h3><b><span data-contrast=\"auto\">Sebasti\u00e1n P\u00e9rez: Inteligencia Artificial y percepci\u00f3n humana en la adopci\u00f3n de algoritmos<\/span><\/b><span data-ccp-props=\"{&quot;134233117&quot;:false,&quot;134233118&quot;:false,&quot;335551550&quot;:6,&quot;335551620&quot;:6,&quot;335559738&quot;:240,&quot;335559739&quot;:240}\">\u00a0<\/span><\/h3>\n<p><span data-contrast=\"auto\">La tesis de Sebasti\u00e1n P\u00e9rez,<strong> \u201cHuman-Like, Yet Not Human: The Effect of Interactivity and Warmth in Large Language Models on Algorithm Aversion\u201d,<\/strong> investiga c\u00f3mo la percepci\u00f3n de calidez e interactividad en modelos de lenguaje influye en la aceptaci\u00f3n de algoritmos por parte de los usuarios.<\/span><span data-ccp-props=\"{&quot;134233117&quot;:false,&quot;134233118&quot;:false,&quot;335551550&quot;:6,&quot;335551620&quot;:6,&quot;335559738&quot;:240,&quot;335559739&quot;:240}\">\u00a0<\/span><\/p>\n<p><span data-contrast=\"auto\">Desde el inicio de su mag\u00edster, tuvo claro que quer\u00eda investigar algo relacionado con la IA, llegando a la inquietud sobre c\u00f3mo las personas se relacionan emocionalmente con estas tecnolog\u00edas.<\/span><\/p>\n<p><span data-contrast=\"auto\">Guiado por el profesor Tom\u00e1s Reyes, Sebasti\u00e1n combin\u00f3 dos \u00e1reas claves: los modelos de lenguaje de gran escala (LLMs) y la aversi\u00f3n a los algoritmos. Con ello, busca facilitar la implementaci\u00f3n de Inteligencia Artificial (IA) en organizaciones, superando barreras de adopci\u00f3n tecnol\u00f3gica.<\/span><span data-ccp-props=\"{&quot;134233117&quot;:false,&quot;134233118&quot;:false,&quot;335551550&quot;:6,&quot;335551620&quot;:6,&quot;335559738&quot;:240,&quot;335559739&quot;:240}\">\u00a0<\/span><\/p>\n<p><span data-contrast=\"auto\">&#8220;Aprend\u00ed el rigor que requiere la investigaci\u00f3n acad\u00e9mica en cada una de sus etapas. Este proceso me ense\u00f1\u00f3 a ser m\u00e1s meticuloso y cr\u00edtico con mi propio trabajo\u201d, reconoce en lo desafiante del camino.<\/span><\/p>\n<p><span data-contrast=\"auto\">Asimismo, valora la oportunidad de presentar su tesis frente a la comunidad: \u201cEsta selecci\u00f3n es un reconocimiento a todo el esfuerzo, las largas horas de an\u00e1lisis y las m\u00faltiples revisiones. Fue motivante poder discutir mi investigaci\u00f3n con otros investigadores del programa\u201d.<\/span><span data-ccp-props=\"{&quot;134233117&quot;:false,&quot;134233118&quot;:false,&quot;335551550&quot;:6,&quot;335551620&quot;:6,&quot;335559738&quot;:240,&quot;335559739&quot;:240}\">\u00a0<\/span><\/p>\n<p><span data-contrast=\"auto\">El trabajo de Sebasti\u00e1n ofrece una contribuci\u00f3n valiosa para entender c\u00f3mo mejorar la interacci\u00f3n humano-algoritmo en entornos organizacionales, promoviendo una adopci\u00f3n m\u00e1s efectiva de tecnolog\u00edas emergentes, y planteando una reflexi\u00f3n profunda sobre c\u00f3mo dise\u00f1amos tecnolog\u00edas que no solo funcionen bien, sino que tambi\u00e9n generen confianza.<\/span><\/p>\n<h4><b><span data-contrast=\"auto\">Sof\u00eda Giagnoni: trabajo remoto y participaci\u00f3n femenina en innovaci\u00f3n acad\u00e9mica<\/span><\/b><span data-ccp-props=\"{&quot;134233117&quot;:false,&quot;134233118&quot;:false,&quot;335551550&quot;:6,&quot;335551620&quot;:6,&quot;335559738&quot;:240,&quot;335559739&quot;:240}\">\u00a0<\/span><\/h4>\n<p><span data-contrast=\"auto\">Sof\u00eda Giagnoni present\u00f3<strong> \u201cClosing the IP GAP: Remote Work and Female Academic Inventors During COVID-19\u201d<\/strong>, una tesis que analiza c\u00f3mo el trabajo remoto durante la pandemia impact\u00f3 positivamente la participaci\u00f3n femenina en la innovaci\u00f3n acad\u00e9mica en Chile, revelando que el teletrabajo abri\u00f3 un espacio para que m\u00e1s mujeres pudieran innovar y publicar.<\/span><\/p>\n<p><span data-contrast=\"auto\">\u201cEntr\u00e9 al mag\u00edster con ganas de explorar la investigaci\u00f3n acad\u00e9mica. Me atrajo un proyecto Fondecyt sobre innovaci\u00f3n y g\u00e9nero, guiado por Julio Pertuz\u00e9 y Gonzalo Vald\u00e9s\u201d, relata.<\/span><span data-ccp-props=\"{&quot;134233117&quot;:false,&quot;134233118&quot;:false,&quot;335551550&quot;:6,&quot;335551620&quot;:6,&quot;335559738&quot;:240,&quot;335559739&quot;:240}\">\u00a0<\/span><\/p>\n<p><span data-contrast=\"auto\">As\u00ed, su investigaci\u00f3n propone que el trabajo h\u00edbrido puede ser una herramienta clave para fomentar la equidad en la producci\u00f3n acad\u00e9mica y el desarrollo de patentes. Adem\u00e1s, plantea extrapolar estos beneficios al mundo laboral en general.<\/span><span data-ccp-props=\"{&quot;134233117&quot;:false,&quot;134233118&quot;:false,&quot;335551550&quot;:6,&quot;335551620&quot;:6,&quot;335559738&quot;:240,&quot;335559739&quot;:240}\">\u00a0<\/span><\/p>\n<p>\u201cDurante el proceso aprend\u00ed a organizarme, establecer redes de contacto, comunicar con claridad el valor de lo que uno investiga, y desarrollar habilidades clave como redactar y leer papers en ingl\u00e9s. Incluso tuve la oportunidad de presentar mi tesis en Dinamarca, frente a acad\u00e9micos de distintas partes del mundo que compart\u00edan el mismo inter\u00e9s por el tema\u201d, comenta sobre una experiencia acad\u00e9mica que, impulsada por su profesor, marc\u00f3 su formaci\u00f3n.<\/p>\n<p>Participar en el seminario del DIIS tambi\u00e9n fue un momento significativo. No solo por el reconocimiento, sino por la oportunidad de reflexionar sobre el proceso completo: \u201cMe ayud\u00f3 a trabajar c\u00f3mo se cuenta la historia del proceso\u201d, comenta, subrayando la importancia de comunicar la investigaci\u00f3n de forma clara y con prop\u00f3sito.<\/p>\n<p>Su tesis no solo aporta evidencia emp\u00edrica sobre los beneficios del trabajo h\u00edbrido para las mujeres en la academia, sino que tambi\u00e9n plantea una invitaci\u00f3n a repensar las estructuras laborales desde una l\u00f3gica m\u00e1s inclusiva y sostenible.<\/p>\n<h5><span data-contrast=\"auto\">Un mag\u00edster con impacto<\/span><span data-ccp-props=\"{&quot;134233117&quot;:false,&quot;134233118&quot;:false,&quot;335551550&quot;:6,&quot;335551620&quot;:6,&quot;335559738&quot;:240,&quot;335559739&quot;:240}\">\u00a0<\/span><\/h5>\n<p><span data-contrast=\"auto\">Las investigaciones presentadas, al igual que en a\u00f1os anteriores, reflejan el potencial transformador del \u00e1rea de Ingenier\u00eda Industrial y de Sistemas que ofrece el Mag\u00edster en Ciencias de la Ingenier\u00eda. M\u00e1s all\u00e1 de los resultados acad\u00e9micos, los estudiantes destacaron el desarrollo de competencias claves para la investigaci\u00f3n y el ejercicio profesional, tale como:<\/span><span data-ccp-props=\"{&quot;134233117&quot;:false,&quot;134233118&quot;:false,&quot;335551550&quot;:6,&quot;335551620&quot;:6,&quot;335559738&quot;:240,&quot;335559739&quot;:240}\">\u00a0<\/span><\/p>\n<ul>\n<li><span data-contrast=\"auto\">Comunicaci\u00f3n efectiva de ideas complejas.<\/span><\/li>\n<li><span data-contrast=\"auto\">Rigurosidad metodol\u00f3gica.<\/span><\/li>\n<li><span data-contrast=\"auto\">Networking acad\u00e9mico internacional.<\/span><\/li>\n<li><span data-contrast=\"auto\">Capacidad de vincular la ingenier\u00eda con problem\u00e1ticas sociales y econ\u00f3micas<\/span><span data-ccp-props=\"{&quot;134233117&quot;:false,&quot;134233118&quot;:false,&quot;335551550&quot;:6,&quot;335551620&quot;:6,&quot;335559738&quot;:0,&quot;335559739&quot;:0}\">\u00a0<\/span><\/li>\n<\/ul>\n<p><span data-contrast=\"auto\">Este programa no solo entrega herramientas para la investigaci\u00f3n avanzada, sino que tambi\u00e9n impulsa una formaci\u00f3n integral, preparando profesionales capaces de generar conocimiento aplicado, influir en pol\u00edticas p\u00fablicas y liderar procesos de innovaci\u00f3n desde una mirada cr\u00edtica y comprometida con el entorno.<\/span><span data-ccp-props=\"{&quot;134233117&quot;:false,&quot;134233118&quot;:false,&quot;335551550&quot;:6,&quot;335551620&quot;:6,&quot;335559738&quot;:240,&quot;335559739&quot;:240}\">\u00a0<\/span><\/p>\n","protected":false},"excerpt":{"rendered":"<p>El pasado 23 de octubre se llev\u00f3 a cabo una edici\u00f3n especial de los Seminarios DIIS, instancia que destac\u00f3 las investigaciones de tres estudiantes del Mag\u00edster en Ciencias de la Ingenier\u00eda, menci\u00f3n Ingenier\u00eda Industrial y de Sistemas. La jornada tambi\u00e9n incluy\u00f3 un homenaje a la trayectoria de los ayudantes del Departamento de Ingenier\u00eda Industrial y de Sistemas (DIIS), y reuni\u00f3 los trabajos candidatos a Mejor Tesis 2025.\u00a0 La comisi\u00f3n evaluadora estuvo compuesta por acad\u00e9micos de la Escuela de Ingenier\u00eda de la UC, quienes valoraron investigaciones que abordan desaf\u00edos actuales como la inteligencia artificial, la econom\u00eda conductual, la equidad de g\u00e9nero en innovaci\u00f3n y el an\u00e1lisis financiero en mercados emergentes.\u00a0 Dom\u00e9nica Silva: finanzas conductuales y predicci\u00f3n cambiaria con Google Trends\u00a0 Dom\u00e9nica Silva present\u00f3 su tesis titulada \u201cSentiment-Driven Forecasting: Improving Exchange Rate Forecasting in Emerging Markets with Google Trends\u201d, donde propone el uso de indicadores de sentimiento para mejorar la precisi\u00f3n de las predicciones cambiarias en econom\u00edas emergentes.\u00a0 En cuanto a sus motivaciones, explica su constante inter\u00e9s por el \u00e1rea de las finanzas dada la relaci\u00f3n con la vida cotidiana y su rol en el funcionamiento global de la econom\u00eda: \u201cQuer\u00eda explorar esa dualidad: algo que parece tan t\u00e9cnico, pero que tiene efectos reales en la vida diaria y en la estabilidad de los pa\u00edses\u201d. Su investigaci\u00f3n demuestra que las percepciones y expectativas pueden ser m\u00e1s relevantes que los fundamentos econ\u00f3micos tradicionales. Al incorporar datos de Google Trends, se logra una herramienta \u00fatil para decisiones financieras y pol\u00edticas p\u00fablicas.\u00a0 \u201cAprend\u00ed que la investigaci\u00f3n en finanzas no es solo un ejercicio t\u00e9cnico, sino tambi\u00e9n una forma de entender el comportamiento humano. Incorporar indicadores de sentimiento permite tener se\u00f1ales en tiempo real que complementan la informaci\u00f3n macroecon\u00f3mica tradicional\u201d, se\u00f1ala. Para Dom\u00e9nica, la experiencia de presentar su trabajo en el seminario fue una oportunidad de reconocimiento y aprendizaje. M\u00e1s all\u00e1 del orgullo por compartir sus resultados, valor\u00f3 el di\u00e1logo acad\u00e9mico como parte esencial del proceso: \u201cEscuchar comentarios y preguntas me ayud\u00f3 a ver nuevas perspectivas. Entend\u00ed el valor de la paciencia y la rigurosidad en el proceso: muchos resultados se ajustan y evolucionan con el tiempo\u201d. Su investigaci\u00f3n abre una nueva v\u00eda para el an\u00e1lisis financiero en contextos vol\u00e1tiles, demostrando que la tecnolog\u00eda puede capturar dimensiones que impactan directamente en la econom\u00eda. En tiempos donde los datos abundan, saber interpretar el pulso social puede marcar la diferencia. Sebasti\u00e1n P\u00e9rez: Inteligencia Artificial y percepci\u00f3n humana en la adopci\u00f3n de algoritmos\u00a0 La tesis de Sebasti\u00e1n P\u00e9rez, \u201cHuman-Like, Yet Not Human: The Effect of Interactivity and Warmth in Large Language Models on Algorithm Aversion\u201d, investiga c\u00f3mo la percepci\u00f3n de calidez e interactividad en modelos de lenguaje influye en la aceptaci\u00f3n de algoritmos por parte de los usuarios.\u00a0 Desde el inicio de su mag\u00edster, tuvo claro que quer\u00eda investigar algo relacionado con la IA, llegando a la inquietud sobre c\u00f3mo las personas se relacionan emocionalmente con estas tecnolog\u00edas. Guiado por el profesor Tom\u00e1s Reyes, Sebasti\u00e1n combin\u00f3 dos \u00e1reas claves: los modelos de lenguaje de gran escala (LLMs) y la aversi\u00f3n a los algoritmos. Con ello, busca facilitar la implementaci\u00f3n de Inteligencia Artificial (IA) en organizaciones, superando barreras de adopci\u00f3n tecnol\u00f3gica.\u00a0 &#8220;Aprend\u00ed el rigor que requiere la investigaci\u00f3n acad\u00e9mica en cada una de sus etapas. Este proceso me ense\u00f1\u00f3 a ser m\u00e1s meticuloso y cr\u00edtico con mi propio trabajo\u201d, reconoce en lo desafiante del camino. Asimismo, valora la oportunidad de presentar su tesis frente a la comunidad: \u201cEsta selecci\u00f3n es un reconocimiento a todo el esfuerzo, las largas horas de an\u00e1lisis y las m\u00faltiples revisiones. Fue motivante poder discutir mi investigaci\u00f3n con otros investigadores del programa\u201d.\u00a0 El trabajo de Sebasti\u00e1n ofrece una contribuci\u00f3n valiosa para entender c\u00f3mo mejorar la interacci\u00f3n humano-algoritmo en entornos organizacionales, promoviendo una adopci\u00f3n m\u00e1s efectiva de tecnolog\u00edas emergentes, y planteando una reflexi\u00f3n profunda sobre c\u00f3mo dise\u00f1amos tecnolog\u00edas que no solo funcionen bien, sino que tambi\u00e9n generen confianza. Sof\u00eda Giagnoni: trabajo remoto y participaci\u00f3n femenina en innovaci\u00f3n acad\u00e9mica\u00a0 Sof\u00eda Giagnoni present\u00f3 \u201cClosing the IP GAP: Remote Work and Female Academic Inventors During COVID-19\u201d, una tesis que analiza c\u00f3mo el trabajo remoto durante la pandemia impact\u00f3 positivamente la participaci\u00f3n femenina en la innovaci\u00f3n acad\u00e9mica en Chile, revelando que el teletrabajo abri\u00f3 un espacio para que m\u00e1s mujeres pudieran innovar y publicar. \u201cEntr\u00e9 al mag\u00edster con ganas de explorar la investigaci\u00f3n acad\u00e9mica. Me atrajo un proyecto Fondecyt sobre innovaci\u00f3n y g\u00e9nero, guiado por Julio Pertuz\u00e9 y Gonzalo Vald\u00e9s\u201d, relata.\u00a0 As\u00ed, su investigaci\u00f3n propone que el trabajo h\u00edbrido puede ser una herramienta clave para fomentar la equidad en la producci\u00f3n acad\u00e9mica y el desarrollo de patentes. Adem\u00e1s, plantea extrapolar estos beneficios al mundo laboral en general.\u00a0 \u201cDurante el proceso aprend\u00ed a organizarme, establecer redes de contacto, comunicar con claridad el valor de lo que uno investiga, y desarrollar habilidades clave como redactar y leer papers en ingl\u00e9s. Incluso tuve la oportunidad de presentar mi tesis en Dinamarca, frente a acad\u00e9micos de distintas partes del mundo que compart\u00edan el mismo inter\u00e9s por el tema\u201d, comenta sobre una experiencia acad\u00e9mica que, impulsada por su profesor, marc\u00f3 su formaci\u00f3n. Participar en el seminario del DIIS tambi\u00e9n fue un momento significativo. No solo por el reconocimiento, sino por la oportunidad de reflexionar sobre el proceso completo: \u201cMe ayud\u00f3 a trabajar c\u00f3mo se cuenta la historia del proceso\u201d, comenta, subrayando la importancia de comunicar la investigaci\u00f3n de forma clara y con prop\u00f3sito. Su tesis no solo aporta evidencia emp\u00edrica sobre los beneficios del trabajo h\u00edbrido para las mujeres en la academia, sino que tambi\u00e9n plantea una invitaci\u00f3n a repensar las estructuras laborales desde una l\u00f3gica m\u00e1s inclusiva y sostenible. Un mag\u00edster con impacto\u00a0 Las investigaciones presentadas, al igual que en a\u00f1os anteriores, reflejan el potencial transformador del \u00e1rea de Ingenier\u00eda Industrial y de Sistemas que ofrece el Mag\u00edster en Ciencias de la Ingenier\u00eda. M\u00e1s all\u00e1 de los resultados acad\u00e9micos, los estudiantes destacaron el desarrollo de competencias claves para la investigaci\u00f3n y el ejercicio profesional, tale como:\u00a0 Comunicaci\u00f3n efectiva de ideas complejas. Rigurosidad metodol\u00f3gica. Networking acad\u00e9mico internacional. Capacidad de vincular la ingenier\u00eda con problem\u00e1ticas sociales<\/p>\n","protected":false},"author":9,"featured_media":355576,"comment_status":"closed","ping_status":"open","sticky":false,"template":"","format":"standard","meta":{"site-sidebar-layout":"default","site-content-layout":"","ast-site-content-layout":"default","site-content-style":"default","site-sidebar-style":"default","ast-global-header-display":"","ast-banner-title-visibility":"","ast-main-header-display":"","ast-hfb-above-header-display":"","ast-hfb-below-header-display":"","ast-hfb-mobile-header-display":"","site-post-title":"","ast-breadcrumbs-content":"","ast-featured-img":"","footer-sml-layout":"","ast-disable-related-posts":"","theme-transparent-header-meta":"default","adv-header-id-meta":"","stick-header-meta":"","header-above-stick-meta":"","header-main-stick-meta":"","header-below-stick-meta":"","astra-migrate-meta-layouts":"set","ast-page-background-enabled":"default","ast-page-background-meta":{"desktop":{"background-color":"","background-image":"","background-repeat":"repeat","background-position":"center center","background-size":"auto","background-attachment":"scroll","background-type":"","background-media":"","overlay-type":"","overlay-color":"","overlay-opacity":"","overlay-gradient":""},"tablet":{"background-color":"","background-image":"","background-repeat":"repeat","background-position":"center center","background-size":"auto","background-attachment":"scroll","background-type":"","background-media":"","overlay-type":"","overlay-color":"","overlay-opacity":"","overlay-gradient":""},"mobile":{"background-color":"","background-image":"","background-repeat":"repeat","background-position":"center center","background-size":"auto","background-attachment":"scroll","background-type":"","background-media":"","overlay-type":"","overlay-color":"","overlay-opacity":"","overlay-gradient":""}},"ast-content-background-meta":{"desktop":{"background-color":"var(--ast-global-color-5)","background-image":"","background-repeat":"repeat","background-position":"center center","background-size":"auto","background-attachment":"scroll","background-type":"","background-media":"","overlay-type":"","overlay-color":"","overlay-opacity":"","overlay-gradient":""},"tablet":{"background-color":"var(--ast-global-color-5)","background-image":"","background-repeat":"repeat","background-position":"center center","background-size":"auto","background-attachment":"scroll","background-type":"","background-media":"","overlay-type":"","overlay-color":"","overlay-opacity":"","overlay-gradient":""},"mobile":{"background-color":"var(--ast-global-color-5)","background-image":"","background-repeat":"repeat","background-position":"center center","background-size":"auto","background-attachment":"scroll","background-type":"","background-media":"","overlay-type":"","overlay-color":"","overlay-opacity":"","overlay-gradient":""}},"footnotes":""},"categories":[10],"tags":[194,105,197,195,24,196,173,193],"class_list":["post-355575","post","type-post","status-publish","format-standard","has-post-thumbnail","hentry","category-noticias","tag-academia","tag-algoritmos","tag-google-trends","tag-ia","tag-investigacion","tag-ip-gap","tag-magister-en-ciencias-de-la-ingenieria","tag-mejor-tesis"],"yoast_head":"<!-- This site is optimized with the Yoast SEO plugin v26.9 - https:\/\/yoast.com\/product\/yoast-seo-wordpress\/ -->\n<title>Reconocimiento a la excelencia investigativa del Mag\u00edster en Ciencias de la Ingenier\u00eda - Departamento de Ingenier\u00eda Industrial y de Sistemas<\/title>\n<meta name=\"description\" content=\"Seminario DIIS destaca tesis sobre IA, finanzas y g\u00e9nero de estudiantes del Mag\u00edster en Ciencias de la Ingenier\u00eda, Ingenier\u00eda Industrial y de Sistemas.\" \/>\n<meta name=\"robots\" content=\"index, follow, max-snippet:-1, max-image-preview:large, max-video-preview:-1\" \/>\n<link rel=\"canonical\" href=\"https:\/\/www.ing.uc.cl\/industrial-y-sistemas\/2025\/11\/12\/reconocimiento-a-la-excelencia-investigativa-del-magister-en-ciencias-de-la-ingenieria\/\" \/>\n<meta property=\"og:locale\" content=\"es_ES\" \/>\n<meta property=\"og:type\" content=\"article\" \/>\n<meta property=\"og:title\" content=\"Reconocimiento a la excelencia investigativa del Mag\u00edster en Ciencias de la Ingenier\u00eda - Departamento de Ingenier\u00eda Industrial y de Sistemas\" \/>\n<meta property=\"og:description\" content=\"Seminario DIIS destaca tesis sobre IA, finanzas y g\u00e9nero de estudiantes del Mag\u00edster en Ciencias de la Ingenier\u00eda, Ingenier\u00eda Industrial y de Sistemas.\" \/>\n<meta property=\"og:url\" content=\"https:\/\/www.ing.uc.cl\/industrial-y-sistemas\/2025\/11\/12\/reconocimiento-a-la-excelencia-investigativa-del-magister-en-ciencias-de-la-ingenieria\/\" \/>\n<meta property=\"og:site_name\" content=\"Departamento de Ingenier\u00eda Industrial y de Sistemas\" \/>\n<meta property=\"article:published_time\" content=\"2025-11-12T15:27:31+00:00\" \/>\n<meta property=\"article:modified_time\" content=\"2025-11-12T17:14:07+00:00\" \/>\n<meta property=\"og:image\" content=\"https:\/\/www.ing.uc.cl\/industrial-y-sistemas\/wp-content\/uploads\/2025\/11\/IMG_5898-scaled.jpg\" \/>\n\t<meta property=\"og:image:width\" content=\"2560\" \/>\n\t<meta property=\"og:image:height\" content=\"1707\" \/>\n\t<meta property=\"og:image:type\" content=\"image\/jpeg\" \/>\n<meta name=\"author\" content=\"Yerko Correa\" \/>\n<meta name=\"twitter:card\" content=\"summary_large_image\" \/>\n<meta name=\"twitter:label1\" content=\"Escrito por\" \/>\n\t<meta name=\"twitter:data1\" content=\"Yerko Correa\" \/>\n\t<meta name=\"twitter:label2\" content=\"Tiempo estimado de lectura\" \/>\n\t<meta name=\"twitter:data2\" content=\"6 minutos\" \/>\n<script type=\"application\/ld+json\" class=\"yoast-schema-graph\">{\"@context\":\"https:\/\/schema.org\",\"@graph\":[{\"@type\":\"Article\",\"@id\":\"https:\/\/www.ing.uc.cl\/industrial-y-sistemas\/2025\/11\/12\/reconocimiento-a-la-excelencia-investigativa-del-magister-en-ciencias-de-la-ingenieria\/#article\",\"isPartOf\":{\"@id\":\"https:\/\/www.ing.uc.cl\/industrial-y-sistemas\/2025\/11\/12\/reconocimiento-a-la-excelencia-investigativa-del-magister-en-ciencias-de-la-ingenieria\/\"},\"author\":{\"name\":\"Yerko Correa\",\"@id\":\"https:\/\/www.ing.uc.cl\/industrial-y-sistemas\/#\/schema\/person\/365e644ebc1f2a4d2fd2a5d66868a623\"},\"headline\":\"Reconocimiento a la excelencia investigativa del Mag\u00edster en Ciencias de la Ingenier\u00eda\",\"datePublished\":\"2025-11-12T15:27:31+00:00\",\"dateModified\":\"2025-11-12T17:14:07+00:00\",\"mainEntityOfPage\":{\"@id\":\"https:\/\/www.ing.uc.cl\/industrial-y-sistemas\/2025\/11\/12\/reconocimiento-a-la-excelencia-investigativa-del-magister-en-ciencias-de-la-ingenieria\/\"},\"wordCount\":1200,\"publisher\":{\"@id\":\"https:\/\/www.ing.uc.cl\/industrial-y-sistemas\/#organization\"},\"image\":{\"@id\":\"https:\/\/www.ing.uc.cl\/industrial-y-sistemas\/2025\/11\/12\/reconocimiento-a-la-excelencia-investigativa-del-magister-en-ciencias-de-la-ingenieria\/#primaryimage\"},\"thumbnailUrl\":\"https:\/\/www.ing.uc.cl\/industrial-y-sistemas\/wp-content\/uploads\/2025\/11\/IMG_5898-scaled.jpg\",\"keywords\":[\"Academia\",\"Algoritmos\",\"Google Trends\",\"IA\",\"Investigaci\u00f3n\",\"IP GAP\",\"Mag\u00edster en Ciencias de la Ingenier\u00eda\",\"Mejor Tesis\"],\"articleSection\":[\"Noticias\"],\"inLanguage\":\"es-CL\"},{\"@type\":\"WebPage\",\"@id\":\"https:\/\/www.ing.uc.cl\/industrial-y-sistemas\/2025\/11\/12\/reconocimiento-a-la-excelencia-investigativa-del-magister-en-ciencias-de-la-ingenieria\/\",\"url\":\"https:\/\/www.ing.uc.cl\/industrial-y-sistemas\/2025\/11\/12\/reconocimiento-a-la-excelencia-investigativa-del-magister-en-ciencias-de-la-ingenieria\/\",\"name\":\"Reconocimiento a la excelencia investigativa del Mag\u00edster en Ciencias de la Ingenier\u00eda - Departamento de Ingenier\u00eda Industrial y de Sistemas\",\"isPartOf\":{\"@id\":\"https:\/\/www.ing.uc.cl\/industrial-y-sistemas\/#website\"},\"primaryImageOfPage\":{\"@id\":\"https:\/\/www.ing.uc.cl\/industrial-y-sistemas\/2025\/11\/12\/reconocimiento-a-la-excelencia-investigativa-del-magister-en-ciencias-de-la-ingenieria\/#primaryimage\"},\"image\":{\"@id\":\"https:\/\/www.ing.uc.cl\/industrial-y-sistemas\/2025\/11\/12\/reconocimiento-a-la-excelencia-investigativa-del-magister-en-ciencias-de-la-ingenieria\/#primaryimage\"},\"thumbnailUrl\":\"https:\/\/www.ing.uc.cl\/industrial-y-sistemas\/wp-content\/uploads\/2025\/11\/IMG_5898-scaled.jpg\",\"datePublished\":\"2025-11-12T15:27:31+00:00\",\"dateModified\":\"2025-11-12T17:14:07+00:00\",\"description\":\"Seminario DIIS destaca tesis sobre IA, finanzas y g\u00e9nero de estudiantes del Mag\u00edster en Ciencias de la Ingenier\u00eda, Ingenier\u00eda Industrial y de Sistemas.\",\"breadcrumb\":{\"@id\":\"https:\/\/www.ing.uc.cl\/industrial-y-sistemas\/2025\/11\/12\/reconocimiento-a-la-excelencia-investigativa-del-magister-en-ciencias-de-la-ingenieria\/#breadcrumb\"},\"inLanguage\":\"es-CL\",\"potentialAction\":[{\"@type\":\"ReadAction\",\"target\":[\"https:\/\/www.ing.uc.cl\/industrial-y-sistemas\/2025\/11\/12\/reconocimiento-a-la-excelencia-investigativa-del-magister-en-ciencias-de-la-ingenieria\/\"]}]},{\"@type\":\"ImageObject\",\"inLanguage\":\"es-CL\",\"@id\":\"https:\/\/www.ing.uc.cl\/industrial-y-sistemas\/2025\/11\/12\/reconocimiento-a-la-excelencia-investigativa-del-magister-en-ciencias-de-la-ingenieria\/#primaryimage\",\"url\":\"https:\/\/www.ing.uc.cl\/industrial-y-sistemas\/wp-content\/uploads\/2025\/11\/IMG_5898-scaled.jpg\",\"contentUrl\":\"https:\/\/www.ing.uc.cl\/industrial-y-sistemas\/wp-content\/uploads\/2025\/11\/IMG_5898-scaled.jpg\",\"width\":2560,\"height\":1707},{\"@type\":\"BreadcrumbList\",\"@id\":\"https:\/\/www.ing.uc.cl\/industrial-y-sistemas\/2025\/11\/12\/reconocimiento-a-la-excelencia-investigativa-del-magister-en-ciencias-de-la-ingenieria\/#breadcrumb\",\"itemListElement\":[{\"@type\":\"ListItem\",\"position\":1,\"name\":\"Portada\",\"item\":\"https:\/\/www.ing.uc.cl\/industrial-y-sistemas\/\"},{\"@type\":\"ListItem\",\"position\":2,\"name\":\"Reconocimiento a la excelencia investigativa del Mag\u00edster en Ciencias de la Ingenier\u00eda\"}]},{\"@type\":\"WebSite\",\"@id\":\"https:\/\/www.ing.uc.cl\/industrial-y-sistemas\/#website\",\"url\":\"https:\/\/www.ing.uc.cl\/industrial-y-sistemas\/\",\"name\":\"Departamento de Ingenier\u00eda Industrial y de Sistemas\",\"description\":\"Escuela de Ingenier\u00eda\",\"publisher\":{\"@id\":\"https:\/\/www.ing.uc.cl\/industrial-y-sistemas\/#organization\"},\"potentialAction\":[{\"@type\":\"SearchAction\",\"target\":{\"@type\":\"EntryPoint\",\"urlTemplate\":\"https:\/\/www.ing.uc.cl\/industrial-y-sistemas\/?s={search_term_string}\"},\"query-input\":{\"@type\":\"PropertyValueSpecification\",\"valueRequired\":true,\"valueName\":\"search_term_string\"}}],\"inLanguage\":\"es-CL\"},{\"@type\":\"Organization\",\"@id\":\"https:\/\/www.ing.uc.cl\/industrial-y-sistemas\/#organization\",\"name\":\"Departamento de Ingenier\u00eda Industrial y de Sistemas\",\"url\":\"https:\/\/www.ing.uc.cl\/industrial-y-sistemas\/\",\"logo\":{\"@type\":\"ImageObject\",\"inLanguage\":\"es-CL\",\"@id\":\"https:\/\/www.ing.uc.cl\/industrial-y-sistemas\/#\/schema\/logo\/image\/\",\"url\":\"https:\/\/www.ing.uc.cl\/industrial-y-sistemas\/wp-content\/uploads\/2023\/11\/cropped-UC-P2727-01.png\",\"contentUrl\":\"https:\/\/www.ing.uc.cl\/industrial-y-sistemas\/wp-content\/uploads\/2023\/11\/cropped-UC-P2727-01.png\",\"width\":307,\"height\":414,\"caption\":\"Departamento de Ingenier\u00eda Industrial y de Sistemas\"},\"image\":{\"@id\":\"https:\/\/www.ing.uc.cl\/industrial-y-sistemas\/#\/schema\/logo\/image\/\"}},{\"@type\":\"Person\",\"@id\":\"https:\/\/www.ing.uc.cl\/industrial-y-sistemas\/#\/schema\/person\/365e644ebc1f2a4d2fd2a5d66868a623\",\"name\":\"Yerko Correa\",\"image\":{\"@type\":\"ImageObject\",\"inLanguage\":\"es-CL\",\"@id\":\"https:\/\/www.ing.uc.cl\/industrial-y-sistemas\/#\/schema\/person\/image\/\",\"url\":\"https:\/\/secure.gravatar.com\/avatar\/33bec28475b6cf9256d2b8b67f77471a276277b6f955b4009aefa3e2106a7978?s=96&d=mm&r=g\",\"contentUrl\":\"https:\/\/secure.gravatar.com\/avatar\/33bec28475b6cf9256d2b8b67f77471a276277b6f955b4009aefa3e2106a7978?s=96&d=mm&r=g\",\"caption\":\"Yerko Correa\"},\"url\":\"https:\/\/www.ing.uc.cl\/industrial-y-sistemas\/author\/ycorrea\/\"}]}<\/script>\n<!-- \/ Yoast SEO plugin. -->","yoast_head_json":{"title":"Reconocimiento a la excelencia investigativa del Mag\u00edster en Ciencias de la Ingenier\u00eda - Departamento de Ingenier\u00eda Industrial y de Sistemas","description":"Seminario DIIS destaca tesis sobre IA, finanzas y g\u00e9nero de estudiantes del Mag\u00edster en Ciencias de la Ingenier\u00eda, Ingenier\u00eda Industrial y de Sistemas.","robots":{"index":"index","follow":"follow","max-snippet":"max-snippet:-1","max-image-preview":"max-image-preview:large","max-video-preview":"max-video-preview:-1"},"canonical":"https:\/\/www.ing.uc.cl\/industrial-y-sistemas\/2025\/11\/12\/reconocimiento-a-la-excelencia-investigativa-del-magister-en-ciencias-de-la-ingenieria\/","og_locale":"es_ES","og_type":"article","og_title":"Reconocimiento a la excelencia investigativa del Mag\u00edster en Ciencias de la Ingenier\u00eda - Departamento de Ingenier\u00eda Industrial y de Sistemas","og_description":"Seminario DIIS destaca tesis sobre IA, finanzas y g\u00e9nero de estudiantes del Mag\u00edster en Ciencias de la Ingenier\u00eda, Ingenier\u00eda Industrial y de Sistemas.","og_url":"https:\/\/www.ing.uc.cl\/industrial-y-sistemas\/2025\/11\/12\/reconocimiento-a-la-excelencia-investigativa-del-magister-en-ciencias-de-la-ingenieria\/","og_site_name":"Departamento de Ingenier\u00eda Industrial y de Sistemas","article_published_time":"2025-11-12T15:27:31+00:00","article_modified_time":"2025-11-12T17:14:07+00:00","og_image":[{"width":2560,"height":1707,"url":"https:\/\/www.ing.uc.cl\/industrial-y-sistemas\/wp-content\/uploads\/2025\/11\/IMG_5898-scaled.jpg","type":"image\/jpeg"}],"author":"Yerko Correa","twitter_card":"summary_large_image","twitter_misc":{"Escrito por":"Yerko Correa","Tiempo estimado de lectura":"6 minutos"},"schema":{"@context":"https:\/\/schema.org","@graph":[{"@type":"Article","@id":"https:\/\/www.ing.uc.cl\/industrial-y-sistemas\/2025\/11\/12\/reconocimiento-a-la-excelencia-investigativa-del-magister-en-ciencias-de-la-ingenieria\/#article","isPartOf":{"@id":"https:\/\/www.ing.uc.cl\/industrial-y-sistemas\/2025\/11\/12\/reconocimiento-a-la-excelencia-investigativa-del-magister-en-ciencias-de-la-ingenieria\/"},"author":{"name":"Yerko Correa","@id":"https:\/\/www.ing.uc.cl\/industrial-y-sistemas\/#\/schema\/person\/365e644ebc1f2a4d2fd2a5d66868a623"},"headline":"Reconocimiento a la excelencia investigativa del Mag\u00edster en Ciencias de la Ingenier\u00eda","datePublished":"2025-11-12T15:27:31+00:00","dateModified":"2025-11-12T17:14:07+00:00","mainEntityOfPage":{"@id":"https:\/\/www.ing.uc.cl\/industrial-y-sistemas\/2025\/11\/12\/reconocimiento-a-la-excelencia-investigativa-del-magister-en-ciencias-de-la-ingenieria\/"},"wordCount":1200,"publisher":{"@id":"https:\/\/www.ing.uc.cl\/industrial-y-sistemas\/#organization"},"image":{"@id":"https:\/\/www.ing.uc.cl\/industrial-y-sistemas\/2025\/11\/12\/reconocimiento-a-la-excelencia-investigativa-del-magister-en-ciencias-de-la-ingenieria\/#primaryimage"},"thumbnailUrl":"https:\/\/www.ing.uc.cl\/industrial-y-sistemas\/wp-content\/uploads\/2025\/11\/IMG_5898-scaled.jpg","keywords":["Academia","Algoritmos","Google Trends","IA","Investigaci\u00f3n","IP GAP","Mag\u00edster en Ciencias de la Ingenier\u00eda","Mejor Tesis"],"articleSection":["Noticias"],"inLanguage":"es-CL"},{"@type":"WebPage","@id":"https:\/\/www.ing.uc.cl\/industrial-y-sistemas\/2025\/11\/12\/reconocimiento-a-la-excelencia-investigativa-del-magister-en-ciencias-de-la-ingenieria\/","url":"https:\/\/www.ing.uc.cl\/industrial-y-sistemas\/2025\/11\/12\/reconocimiento-a-la-excelencia-investigativa-del-magister-en-ciencias-de-la-ingenieria\/","name":"Reconocimiento a la excelencia investigativa del Mag\u00edster en Ciencias de la Ingenier\u00eda - Departamento de Ingenier\u00eda Industrial y de Sistemas","isPartOf":{"@id":"https:\/\/www.ing.uc.cl\/industrial-y-sistemas\/#website"},"primaryImageOfPage":{"@id":"https:\/\/www.ing.uc.cl\/industrial-y-sistemas\/2025\/11\/12\/reconocimiento-a-la-excelencia-investigativa-del-magister-en-ciencias-de-la-ingenieria\/#primaryimage"},"image":{"@id":"https:\/\/www.ing.uc.cl\/industrial-y-sistemas\/2025\/11\/12\/reconocimiento-a-la-excelencia-investigativa-del-magister-en-ciencias-de-la-ingenieria\/#primaryimage"},"thumbnailUrl":"https:\/\/www.ing.uc.cl\/industrial-y-sistemas\/wp-content\/uploads\/2025\/11\/IMG_5898-scaled.jpg","datePublished":"2025-11-12T15:27:31+00:00","dateModified":"2025-11-12T17:14:07+00:00","description":"Seminario DIIS destaca tesis sobre IA, finanzas y g\u00e9nero de estudiantes del Mag\u00edster en Ciencias de la Ingenier\u00eda, Ingenier\u00eda Industrial y de Sistemas.","breadcrumb":{"@id":"https:\/\/www.ing.uc.cl\/industrial-y-sistemas\/2025\/11\/12\/reconocimiento-a-la-excelencia-investigativa-del-magister-en-ciencias-de-la-ingenieria\/#breadcrumb"},"inLanguage":"es-CL","potentialAction":[{"@type":"ReadAction","target":["https:\/\/www.ing.uc.cl\/industrial-y-sistemas\/2025\/11\/12\/reconocimiento-a-la-excelencia-investigativa-del-magister-en-ciencias-de-la-ingenieria\/"]}]},{"@type":"ImageObject","inLanguage":"es-CL","@id":"https:\/\/www.ing.uc.cl\/industrial-y-sistemas\/2025\/11\/12\/reconocimiento-a-la-excelencia-investigativa-del-magister-en-ciencias-de-la-ingenieria\/#primaryimage","url":"https:\/\/www.ing.uc.cl\/industrial-y-sistemas\/wp-content\/uploads\/2025\/11\/IMG_5898-scaled.jpg","contentUrl":"https:\/\/www.ing.uc.cl\/industrial-y-sistemas\/wp-content\/uploads\/2025\/11\/IMG_5898-scaled.jpg","width":2560,"height":1707},{"@type":"BreadcrumbList","@id":"https:\/\/www.ing.uc.cl\/industrial-y-sistemas\/2025\/11\/12\/reconocimiento-a-la-excelencia-investigativa-del-magister-en-ciencias-de-la-ingenieria\/#breadcrumb","itemListElement":[{"@type":"ListItem","position":1,"name":"Portada","item":"https:\/\/www.ing.uc.cl\/industrial-y-sistemas\/"},{"@type":"ListItem","position":2,"name":"Reconocimiento a la excelencia investigativa del Mag\u00edster en Ciencias de la Ingenier\u00eda"}]},{"@type":"WebSite","@id":"https:\/\/www.ing.uc.cl\/industrial-y-sistemas\/#website","url":"https:\/\/www.ing.uc.cl\/industrial-y-sistemas\/","name":"Departamento de Ingenier\u00eda Industrial y de Sistemas","description":"Escuela de Ingenier\u00eda","publisher":{"@id":"https:\/\/www.ing.uc.cl\/industrial-y-sistemas\/#organization"},"potentialAction":[{"@type":"SearchAction","target":{"@type":"EntryPoint","urlTemplate":"https:\/\/www.ing.uc.cl\/industrial-y-sistemas\/?s={search_term_string}"},"query-input":{"@type":"PropertyValueSpecification","valueRequired":true,"valueName":"search_term_string"}}],"inLanguage":"es-CL"},{"@type":"Organization","@id":"https:\/\/www.ing.uc.cl\/industrial-y-sistemas\/#organization","name":"Departamento de Ingenier\u00eda Industrial y de Sistemas","url":"https:\/\/www.ing.uc.cl\/industrial-y-sistemas\/","logo":{"@type":"ImageObject","inLanguage":"es-CL","@id":"https:\/\/www.ing.uc.cl\/industrial-y-sistemas\/#\/schema\/logo\/image\/","url":"https:\/\/www.ing.uc.cl\/industrial-y-sistemas\/wp-content\/uploads\/2023\/11\/cropped-UC-P2727-01.png","contentUrl":"https:\/\/www.ing.uc.cl\/industrial-y-sistemas\/wp-content\/uploads\/2023\/11\/cropped-UC-P2727-01.png","width":307,"height":414,"caption":"Departamento de Ingenier\u00eda Industrial y de Sistemas"},"image":{"@id":"https:\/\/www.ing.uc.cl\/industrial-y-sistemas\/#\/schema\/logo\/image\/"}},{"@type":"Person","@id":"https:\/\/www.ing.uc.cl\/industrial-y-sistemas\/#\/schema\/person\/365e644ebc1f2a4d2fd2a5d66868a623","name":"Yerko Correa","image":{"@type":"ImageObject","inLanguage":"es-CL","@id":"https:\/\/www.ing.uc.cl\/industrial-y-sistemas\/#\/schema\/person\/image\/","url":"https:\/\/secure.gravatar.com\/avatar\/33bec28475b6cf9256d2b8b67f77471a276277b6f955b4009aefa3e2106a7978?s=96&d=mm&r=g","contentUrl":"https:\/\/secure.gravatar.com\/avatar\/33bec28475b6cf9256d2b8b67f77471a276277b6f955b4009aefa3e2106a7978?s=96&d=mm&r=g","caption":"Yerko Correa"},"url":"https:\/\/www.ing.uc.cl\/industrial-y-sistemas\/author\/ycorrea\/"}]}},"rttpg_featured_image_url":{"full":["https:\/\/www.ing.uc.cl\/industrial-y-sistemas\/wp-content\/uploads\/2025\/11\/IMG_5898-scaled.jpg",2560,1707,false],"landscape":["https:\/\/www.ing.uc.cl\/industrial-y-sistemas\/wp-content\/uploads\/2025\/11\/IMG_5898-scaled.jpg",2560,1707,false],"portraits":["https:\/\/www.ing.uc.cl\/industrial-y-sistemas\/wp-content\/uploads\/2025\/11\/IMG_5898-scaled.jpg",2560,1707,false],"thumbnail":["https:\/\/www.ing.uc.cl\/industrial-y-sistemas\/wp-content\/uploads\/2025\/11\/IMG_5898-150x150.jpg",150,150,true],"medium":["https:\/\/www.ing.uc.cl\/industrial-y-sistemas\/wp-content\/uploads\/2025\/11\/IMG_5898-300x200.jpg",300,200,true],"large":["https:\/\/www.ing.uc.cl\/industrial-y-sistemas\/wp-content\/uploads\/2025\/11\/IMG_5898-1024x683.jpg",1024,683,true],"1536x1536":["https:\/\/www.ing.uc.cl\/industrial-y-sistemas\/wp-content\/uploads\/2025\/11\/IMG_5898-1536x1024.jpg",1536,1024,true],"2048x2048":["https:\/\/www.ing.uc.cl\/industrial-y-sistemas\/wp-content\/uploads\/2025\/11\/IMG_5898-2048x1365.jpg",2048,1365,true],"sow-carousel-default":["https:\/\/www.ing.uc.cl\/industrial-y-sistemas\/wp-content\/uploads\/2025\/11\/IMG_5898-272x182.jpg",272,182,true]},"rttpg_author":{"display_name":"Yerko Correa","author_link":"https:\/\/www.ing.uc.cl\/industrial-y-sistemas\/author\/ycorrea\/"},"rttpg_comment":0,"rttpg_category":"<a href=\"https:\/\/www.ing.uc.cl\/industrial-y-sistemas\/category\/noticias\/\" rel=\"category tag\">Noticias<\/a>","rttpg_excerpt":"El pasado 23 de octubre se llev\u00f3 a cabo una edici\u00f3n especial de los Seminarios DIIS, instancia que destac\u00f3 las investigaciones de tres estudiantes del Mag\u00edster en Ciencias de la Ingenier\u00eda, menci\u00f3n Ingenier\u00eda Industrial y de Sistemas. La jornada tambi\u00e9n incluy\u00f3 un homenaje a la trayectoria de los ayudantes del Departamento de Ingenier\u00eda Industrial y&hellip;","_links":{"self":[{"href":"https:\/\/www.ing.uc.cl\/industrial-y-sistemas\/wp-json\/wp\/v2\/posts\/355575","targetHints":{"allow":["GET"]}}],"collection":[{"href":"https:\/\/www.ing.uc.cl\/industrial-y-sistemas\/wp-json\/wp\/v2\/posts"}],"about":[{"href":"https:\/\/www.ing.uc.cl\/industrial-y-sistemas\/wp-json\/wp\/v2\/types\/post"}],"author":[{"embeddable":true,"href":"https:\/\/www.ing.uc.cl\/industrial-y-sistemas\/wp-json\/wp\/v2\/users\/9"}],"replies":[{"embeddable":true,"href":"https:\/\/www.ing.uc.cl\/industrial-y-sistemas\/wp-json\/wp\/v2\/comments?post=355575"}],"version-history":[{"count":6,"href":"https:\/\/www.ing.uc.cl\/industrial-y-sistemas\/wp-json\/wp\/v2\/posts\/355575\/revisions"}],"predecessor-version":[{"id":355582,"href":"https:\/\/www.ing.uc.cl\/industrial-y-sistemas\/wp-json\/wp\/v2\/posts\/355575\/revisions\/355582"}],"wp:featuredmedia":[{"embeddable":true,"href":"https:\/\/www.ing.uc.cl\/industrial-y-sistemas\/wp-json\/wp\/v2\/media\/355576"}],"wp:attachment":[{"href":"https:\/\/www.ing.uc.cl\/industrial-y-sistemas\/wp-json\/wp\/v2\/media?parent=355575"}],"wp:term":[{"taxonomy":"category","embeddable":true,"href":"https:\/\/www.ing.uc.cl\/industrial-y-sistemas\/wp-json\/wp\/v2\/categories?post=355575"},{"taxonomy":"post_tag","embeddable":true,"href":"https:\/\/www.ing.uc.cl\/industrial-y-sistemas\/wp-json\/wp\/v2\/tags?post=355575"}],"curies":[{"name":"wp","href":"https:\/\/api.w.org\/{rel}","templated":true}]}}