{"id":355589,"date":"2025-12-03T11:18:34","date_gmt":"2025-12-03T14:18:34","guid":{"rendered":"https:\/\/www.ing.uc.cl\/industrial-y-sistemas\/?p=355589"},"modified":"2025-12-03T11:26:35","modified_gmt":"2025-12-03T14:26:35","slug":"titulacion-2025-felicitaciones-ingenieros-civiles-en-industrias","status":"publish","type":"post","link":"https:\/\/www.ing.uc.cl\/industrial-y-sistemas\/2025\/12\/03\/titulacion-2025-felicitaciones-ingenieros-civiles-en-industrias\/","title":{"rendered":"\u00a1Bienvenida la nueva generaci\u00f3n de Ingenieros e Ingenieras Civiles en Industrias!"},"content":{"rendered":"<p>El pasado jueves 27 y viernes 28 de noviembre, la <a href=\"https:\/\/www.ing.uc.cl\/\">Escuela de Ingenier\u00eda UC<\/a> llev\u00f3 a cabo la <a href=\"https:\/\/www.linkedin.com\/feed\/update\/urn:li:activity:7401971672544636928\">Ceremonia de Titulaci\u00f3n 2025<\/a>. En esta instancia, 1.080 estudiantes recibieron su t\u00edtulo como egresados y egresadas de la <a href=\"https:\/\/www.uc.cl\/\">Universidad Cat\u00f3lica de Chile<\/a>.<\/p>\n<p>Tras este gran hito, el <a href=\"https:\/\/www.ing.uc.cl\/industrial-y-sistemas\/\">Departamento de Ingenier\u00eda Industrial y de Sistemas (DIIS)<\/a> celebra con orgullo a la nueva generaci\u00f3n de Ingenieros e Ingenieras Civiles en Industrias.<\/p>\n<p>Adem\u00e1s, durante la primera jornada de la ceremonia se reconoci\u00f3 a <a href=\"https:\/\/www.linkedin.com\/in\/domenica-silva-perez-4ab246227\/\">Dom\u00e9nica Silva P\u00e9rez<\/a>, quien recibi\u00f3 el premio a la mejor estudiante de su promoci\u00f3n.<\/p>\n<p><img fetchpriority=\"high\" decoding=\"async\" class=\"aligncenter wp-image-355592 size-large\" src=\"https:\/\/www.ing.uc.cl\/industrial-y-sistemas\/wp-content\/uploads\/2025\/12\/IMG_6519-1024x683.jpg\" alt=\"\" width=\"1024\" height=\"683\" srcset=\"https:\/\/www.ing.uc.cl\/industrial-y-sistemas\/wp-content\/uploads\/2025\/12\/IMG_6519-1024x683.jpg 1024w, https:\/\/www.ing.uc.cl\/industrial-y-sistemas\/wp-content\/uploads\/2025\/12\/IMG_6519-300x200.jpg 300w, https:\/\/www.ing.uc.cl\/industrial-y-sistemas\/wp-content\/uploads\/2025\/12\/IMG_6519-768x512.jpg 768w, https:\/\/www.ing.uc.cl\/industrial-y-sistemas\/wp-content\/uploads\/2025\/12\/IMG_6519-1536x1024.jpg 1536w, https:\/\/www.ing.uc.cl\/industrial-y-sistemas\/wp-content\/uploads\/2025\/12\/IMG_6519-2048x1365.jpg 2048w, https:\/\/www.ing.uc.cl\/industrial-y-sistemas\/wp-content\/uploads\/2025\/12\/IMG_6519-272x182.jpg 272w\" sizes=\"(max-width: 1024px) 100vw, 1024px\" \/><\/p>\n<p>La Comunidad DIIS, conformada por <a href=\"https:\/\/www.ing.uc.cl\/industrial-y-sistemas\/academicos\/\">profesorado<\/a>, <a href=\"https:\/\/www.ing.uc.cl\/industrial-y-sistemas\/departamento\/equipo-diis\/\">personal administrativo<\/a> y estudiantes de <a href=\"https:\/\/www.ing.uc.cl\/industrial-y-sistemas\/programas-de-estudio\/pregrado\/\">pregrado<\/a> y <a href=\"https:\/\/www.ing.uc.cl\/industrial-y-sistemas\/programas-de-estudio\/postgrado\/\">postgrado<\/a>, conf\u00eda en que nuestra formaci\u00f3n y acompa\u00f1amiento les permita afrontar los desaf\u00edos del mundo actual, aportando al bienestar social y al desarrollo sostenible de organizaciones y comunidades. Todo ello, a trav\u00e9s de la formaci\u00f3n de personas, el an\u00e1lisis de problemas complejos y la creaci\u00f3n de soluciones innovadoras que expandan el conocimiento cient\u00edfico-tecnol\u00f3gico.<\/p>\n<p>Desde la Comunidad DIIS les deseamos el mayor de los \u00e9xitos en esta nueva etapa de sus vidas. Las puertas del DIIS est\u00e1n abiertas para que sigan creciendo profesionalmente con nosotros, ya sea a trav\u00e9s del <a href=\"https:\/\/miiuc.cl\/\">Mag\u00edster en Ingenier\u00eda Industrial UC<\/a>, un programa dise\u00f1ado para entregar una visi\u00f3n integral y anal\u00edtica de la gesti\u00f3n, formando l\u00edderes capaces de impulsar procesos de cambio en todo tipo de organizaciones y emprendimientos; o mediante la <a href=\"https:\/\/ingenieriaindustrial.ing.uc.cl\/\">Unidad de Extensi\u00f3n Acad\u00e9mica del DIIS<\/a>, que ofrece una amplia gama de cursos y diplomados orientados a las ciencias de la gesti\u00f3n, finanzas e innovaci\u00f3n,\u00a0 formando agentes de cambio vinculados a empresas, Estado y sociedad civil, investigando y generando soluciones integrales a procesos complejos que contribuyan al bienestar social y al crecimiento sostenible del pa\u00eds.<\/p>\n<p data-wp-editing=\"1\"><img decoding=\"async\" class=\"aligncenter wp-image-355593 size-large\" src=\"https:\/\/www.ing.uc.cl\/industrial-y-sistemas\/wp-content\/uploads\/2025\/12\/IMG_6443-1024x683.jpg\" alt=\"\" width=\"1024\" height=\"683\" srcset=\"https:\/\/www.ing.uc.cl\/industrial-y-sistemas\/wp-content\/uploads\/2025\/12\/IMG_6443-1024x683.jpg 1024w, https:\/\/www.ing.uc.cl\/industrial-y-sistemas\/wp-content\/uploads\/2025\/12\/IMG_6443-300x200.jpg 300w, https:\/\/www.ing.uc.cl\/industrial-y-sistemas\/wp-content\/uploads\/2025\/12\/IMG_6443-768x512.jpg 768w, https:\/\/www.ing.uc.cl\/industrial-y-sistemas\/wp-content\/uploads\/2025\/12\/IMG_6443-1536x1024.jpg 1536w, https:\/\/www.ing.uc.cl\/industrial-y-sistemas\/wp-content\/uploads\/2025\/12\/IMG_6443-2048x1365.jpg 2048w, https:\/\/www.ing.uc.cl\/industrial-y-sistemas\/wp-content\/uploads\/2025\/12\/IMG_6443-272x182.jpg 272w\" sizes=\"(max-width: 1024px) 100vw, 1024px\" \/>\u00a0 \u00a0<img decoding=\"async\" class=\"aligncenter wp-image-355594 size-large\" src=\"https:\/\/www.ing.uc.cl\/industrial-y-sistemas\/wp-content\/uploads\/2025\/12\/IMG_6503-1024x683.jpg\" alt=\"\" width=\"1024\" height=\"683\" srcset=\"https:\/\/www.ing.uc.cl\/industrial-y-sistemas\/wp-content\/uploads\/2025\/12\/IMG_6503-1024x683.jpg 1024w, https:\/\/www.ing.uc.cl\/industrial-y-sistemas\/wp-content\/uploads\/2025\/12\/IMG_6503-300x200.jpg 300w, https:\/\/www.ing.uc.cl\/industrial-y-sistemas\/wp-content\/uploads\/2025\/12\/IMG_6503-768x512.jpg 768w, https:\/\/www.ing.uc.cl\/industrial-y-sistemas\/wp-content\/uploads\/2025\/12\/IMG_6503-1536x1024.jpg 1536w, https:\/\/www.ing.uc.cl\/industrial-y-sistemas\/wp-content\/uploads\/2025\/12\/IMG_6503-2048x1365.jpg 2048w, https:\/\/www.ing.uc.cl\/industrial-y-sistemas\/wp-content\/uploads\/2025\/12\/IMG_6503-272x182.jpg 272w\" sizes=\"(max-width: 1024px) 100vw, 1024px\" \/>\u00a0 \u00a0<img loading=\"lazy\" decoding=\"async\" class=\"aligncenter wp-image-355595 size-large\" src=\"https:\/\/www.ing.uc.cl\/industrial-y-sistemas\/wp-content\/uploads\/2025\/12\/IMG_6534-1024x683.jpg\" alt=\"\" width=\"1024\" height=\"683\" srcset=\"https:\/\/www.ing.uc.cl\/industrial-y-sistemas\/wp-content\/uploads\/2025\/12\/IMG_6534-1024x683.jpg 1024w, https:\/\/www.ing.uc.cl\/industrial-y-sistemas\/wp-content\/uploads\/2025\/12\/IMG_6534-300x200.jpg 300w, https:\/\/www.ing.uc.cl\/industrial-y-sistemas\/wp-content\/uploads\/2025\/12\/IMG_6534-768x512.jpg 768w, https:\/\/www.ing.uc.cl\/industrial-y-sistemas\/wp-content\/uploads\/2025\/12\/IMG_6534-1536x1024.jpg 1536w, https:\/\/www.ing.uc.cl\/industrial-y-sistemas\/wp-content\/uploads\/2025\/12\/IMG_6534-2048x1365.jpg 2048w, https:\/\/www.ing.uc.cl\/industrial-y-sistemas\/wp-content\/uploads\/2025\/12\/IMG_6534-272x182.jpg 272w\" sizes=\"(max-width: 1024px) 100vw, 1024px\" \/><\/p>\n<p>Revisa las ceremonias ac\u00e1:<\/p>\n<ul>\n<li><a href=\"https:\/\/www.youtube.com\/live\/T518astVj9U?si=P-e3FmWltzPBDS2O\">Ceremonia de Titulaci\u00f3n 2025 &#8211; 27 de Noviembre 10:00 AM<\/a><\/li>\n<li><a href=\"https:\/\/www.youtube.com\/live\/myyQEUJZGWE?si=CB7YGeHj6K3oF7sU\">Ceremonia de Titulaci\u00f3n 2025 &#8211; 27 de Noviembre 15:00 PM<\/a><\/li>\n<li><a href=\"https:\/\/www.youtube.com\/live\/joHOCKaX1oI?si=XtDUsYn31PmSxJz9\">Ceremonia de Titulaci\u00f3n 2025 &#8211; 28 de Noviembre 10:00 AM<\/a><\/li>\n<li><a style=\"font-size: 16px; background-color: #ffffff; font-family: Georgia, 'Times New Roman', 'Bitstream Charter', Times, serif;\" href=\"https:\/\/www.youtube.com\/watch?v=pN-2uGkYh8g\">Ceremonia de Titulaci\u00f3n 2025 &#8211; 28 de Noviembre 15:00 PM<\/a><\/li>\n<\/ul>\n<p>Por: Yerko Correa, ycorrea@uc.cl<\/p>\n","protected":false},"excerpt":{"rendered":"<p>El pasado jueves 27 y viernes 28 de noviembre, la Escuela de Ingenier\u00eda UC llev\u00f3 a cabo la Ceremonia de Titulaci\u00f3n 2025. En esta instancia, 1.080 estudiantes recibieron su t\u00edtulo como egresados y egresadas de la Universidad Cat\u00f3lica de Chile. Tras este gran hito, el Departamento de Ingenier\u00eda Industrial y de Sistemas (DIIS) celebra con orgullo a la nueva generaci\u00f3n de Ingenieros e Ingenieras Civiles en Industrias. Adem\u00e1s, durante la primera jornada de la ceremonia se reconoci\u00f3 a Dom\u00e9nica Silva P\u00e9rez, quien recibi\u00f3 el premio a la mejor estudiante de su promoci\u00f3n. La Comunidad DIIS, conformada por profesorado, personal administrativo y estudiantes de pregrado y postgrado, conf\u00eda en que nuestra formaci\u00f3n y acompa\u00f1amiento les permita afrontar los desaf\u00edos del mundo actual, aportando al bienestar social y al desarrollo sostenible de organizaciones y comunidades. Todo ello, a trav\u00e9s de la formaci\u00f3n de personas, el an\u00e1lisis de problemas complejos y la creaci\u00f3n de soluciones innovadoras que expandan el conocimiento cient\u00edfico-tecnol\u00f3gico. Desde la Comunidad DIIS les deseamos el mayor de los \u00e9xitos en esta nueva etapa de sus vidas. Las puertas del DIIS est\u00e1n abiertas para que sigan creciendo profesionalmente con nosotros, ya sea a trav\u00e9s del Mag\u00edster en Ingenier\u00eda Industrial UC, un programa dise\u00f1ado para entregar una visi\u00f3n integral y anal\u00edtica de la gesti\u00f3n, formando l\u00edderes capaces de impulsar procesos de cambio en todo tipo de organizaciones y emprendimientos; o mediante la Unidad de Extensi\u00f3n Acad\u00e9mica del DIIS, que ofrece una amplia gama de cursos y diplomados orientados a las ciencias de la gesti\u00f3n, finanzas e innovaci\u00f3n,\u00a0 formando agentes de cambio vinculados a empresas, Estado y sociedad civil, investigando y generando soluciones integrales a procesos complejos que contribuyan al bienestar social y al crecimiento sostenible del pa\u00eds. \u00a0 \u00a0\u00a0 \u00a0 Revisa las ceremonias ac\u00e1: Ceremonia de Titulaci\u00f3n 2025 &#8211; 27 de Noviembre 10:00 AM Ceremonia de Titulaci\u00f3n 2025 &#8211; 27 de Noviembre 15:00 PM Ceremonia de Titulaci\u00f3n 2025 &#8211; 28 de Noviembre 10:00 AM Ceremonia de Titulaci\u00f3n 2025 &#8211; 28 de Noviembre 15:00 PM Por: Yerko Correa, ycorrea@uc.cl<\/p>\n","protected":false},"author":9,"featured_media":355591,"comment_status":"closed","ping_status":"open","sticky":false,"template":"","format":"standard","meta":{"site-sidebar-layout":"default","site-content-layout":"","ast-site-content-layout":"default","site-content-style":"default","site-sidebar-style":"default","ast-global-header-display":"","ast-banner-title-visibility":"","ast-main-header-display":"","ast-hfb-above-header-display":"","ast-hfb-below-header-display":"","ast-hfb-mobile-header-display":"","site-post-title":"","ast-breadcrumbs-content":"","ast-featured-img":"","footer-sml-layout":"","ast-disable-related-posts":"","theme-transparent-header-meta":"default","adv-header-id-meta":"","stick-header-meta":"","header-above-stick-meta":"","header-main-stick-meta":"","header-below-stick-meta":"","astra-migrate-meta-layouts":"set","ast-page-background-enabled":"default","ast-page-background-meta":{"desktop":{"background-color":"","background-image":"","background-repeat":"repeat","background-position":"center center","background-size":"auto","background-attachment":"scroll","background-type":"","background-media":"","overlay-type":"","overlay-color":"","overlay-opacity":"","overlay-gradient":""},"tablet":{"background-color":"","background-image":"","background-repeat":"repeat","background-position":"center center","background-size":"auto","background-attachment":"scroll","background-type":"","background-media":"","overlay-type":"","overlay-color":"","overlay-opacity":"","overlay-gradient":""},"mobile":{"background-color":"","background-image":"","background-repeat":"repeat","background-position":"center center","background-size":"auto","background-attachment":"scroll","background-type":"","background-media":"","overlay-type":"","overlay-color":"","overlay-opacity":"","overlay-gradient":""}},"ast-content-background-meta":{"desktop":{"background-color":"var(--ast-global-color-5)","background-image":"","background-repeat":"repeat","background-position":"center center","background-size":"auto","background-attachment":"scroll","background-type":"","background-media":"","overlay-type":"","overlay-color":"","overlay-opacity":"","overlay-gradient":""},"tablet":{"background-color":"var(--ast-global-color-5)","background-image":"","background-repeat":"repeat","background-position":"center center","background-size":"auto","background-attachment":"scroll","background-type":"","background-media":"","overlay-type":"","overlay-color":"","overlay-opacity":"","overlay-gradient":""},"mobile":{"background-color":"var(--ast-global-color-5)","background-image":"","background-repeat":"repeat","background-position":"center center","background-size":"auto","background-attachment":"scroll","background-type":"","background-media":"","overlay-type":"","overlay-color":"","overlay-opacity":"","overlay-gradient":""}},"footnotes":""},"categories":[10,1],"tags":[185,200,199,33,189,201,89],"class_list":["post-355589","post","type-post","status-publish","format-standard","has-post-thumbnail","hentry","category-noticias","category-sin-categoria","tag-alumni-uc","tag-comunidaddiis","tag-comunidaduc","tag-ingenieria-industrial-uc","tag-ingenieria-uc","tag-titulados","tag-uc"],"yoast_head":"<!-- This site is optimized with the Yoast SEO plugin v26.9 - https:\/\/yoast.com\/product\/yoast-seo-wordpress\/ -->\n<title>\u00a1Bienvenida la nueva generaci\u00f3n de Ingenieros e Ingenieras Civiles en Industrias! - Departamento de Ingenier\u00eda Industrial y de Sistemas<\/title>\n<meta name=\"description\" content=\"El Departamento de Ingenier\u00eda Industrial y de Sistemas recibe una nueva generaci\u00f3n de Ingenieros e Ingenieras Civiles en Industrias para enfrentar los retos del mundo actual con innovaci\u00f3n y responsabilidad social.\" \/>\n<meta name=\"robots\" content=\"index, follow, max-snippet:-1, max-image-preview:large, max-video-preview:-1\" \/>\n<link rel=\"canonical\" href=\"https:\/\/www.ing.uc.cl\/industrial-y-sistemas\/2025\/12\/03\/titulacion-2025-felicitaciones-ingenieros-civiles-en-industrias\/\" \/>\n<meta property=\"og:locale\" content=\"es_ES\" \/>\n<meta property=\"og:type\" content=\"article\" \/>\n<meta property=\"og:title\" content=\"\u00a1Bienvenida la nueva generaci\u00f3n de Ingenieros e Ingenieras Civiles en Industrias! - Departamento de Ingenier\u00eda Industrial y de Sistemas\" \/>\n<meta property=\"og:description\" content=\"El Departamento de Ingenier\u00eda Industrial y de Sistemas recibe una nueva generaci\u00f3n de Ingenieros e Ingenieras Civiles en Industrias para enfrentar los retos del mundo actual con innovaci\u00f3n y responsabilidad social.\" \/>\n<meta property=\"og:url\" content=\"https:\/\/www.ing.uc.cl\/industrial-y-sistemas\/2025\/12\/03\/titulacion-2025-felicitaciones-ingenieros-civiles-en-industrias\/\" \/>\n<meta property=\"og:site_name\" content=\"Departamento de Ingenier\u00eda Industrial y de Sistemas\" \/>\n<meta property=\"article:published_time\" content=\"2025-12-03T14:18:34+00:00\" \/>\n<meta property=\"article:modified_time\" content=\"2025-12-03T14:26:35+00:00\" \/>\n<meta property=\"og:image\" content=\"https:\/\/www.ing.uc.cl\/industrial-y-sistemas\/wp-content\/uploads\/2025\/12\/IMG_6538-scaled.jpg\" \/>\n\t<meta property=\"og:image:width\" content=\"2560\" \/>\n\t<meta property=\"og:image:height\" content=\"1707\" \/>\n\t<meta property=\"og:image:type\" content=\"image\/jpeg\" \/>\n<meta name=\"author\" content=\"Yerko Correa\" \/>\n<meta name=\"twitter:card\" content=\"summary_large_image\" \/>\n<meta name=\"twitter:label1\" content=\"Escrito por\" \/>\n\t<meta name=\"twitter:data1\" content=\"Yerko Correa\" \/>\n\t<meta name=\"twitter:label2\" content=\"Tiempo estimado de lectura\" \/>\n\t<meta name=\"twitter:data2\" content=\"3 minutos\" \/>\n<script type=\"application\/ld+json\" class=\"yoast-schema-graph\">{\"@context\":\"https:\/\/schema.org\",\"@graph\":[{\"@type\":\"Article\",\"@id\":\"https:\/\/www.ing.uc.cl\/industrial-y-sistemas\/2025\/12\/03\/titulacion-2025-felicitaciones-ingenieros-civiles-en-industrias\/#article\",\"isPartOf\":{\"@id\":\"https:\/\/www.ing.uc.cl\/industrial-y-sistemas\/2025\/12\/03\/titulacion-2025-felicitaciones-ingenieros-civiles-en-industrias\/\"},\"author\":{\"name\":\"Yerko Correa\",\"@id\":\"https:\/\/www.ing.uc.cl\/industrial-y-sistemas\/#\/schema\/person\/365e644ebc1f2a4d2fd2a5d66868a623\"},\"headline\":\"\u00a1Bienvenida la nueva generaci\u00f3n de Ingenieros e Ingenieras Civiles en Industrias!\",\"datePublished\":\"2025-12-03T14:18:34+00:00\",\"dateModified\":\"2025-12-03T14:26:35+00:00\",\"mainEntityOfPage\":{\"@id\":\"https:\/\/www.ing.uc.cl\/industrial-y-sistemas\/2025\/12\/03\/titulacion-2025-felicitaciones-ingenieros-civiles-en-industrias\/\"},\"wordCount\":369,\"publisher\":{\"@id\":\"https:\/\/www.ing.uc.cl\/industrial-y-sistemas\/#organization\"},\"image\":{\"@id\":\"https:\/\/www.ing.uc.cl\/industrial-y-sistemas\/2025\/12\/03\/titulacion-2025-felicitaciones-ingenieros-civiles-en-industrias\/#primaryimage\"},\"thumbnailUrl\":\"https:\/\/www.ing.uc.cl\/industrial-y-sistemas\/wp-content\/uploads\/2025\/12\/IMG_6538-scaled.jpg\",\"keywords\":[\"Alumni UC\",\"ComunidadDIIS\",\"ComunidadUC\",\"ingenieria industrial UC\",\"Ingenier\u00eda UC\",\"Titulados\",\"UC\"],\"articleSection\":[\"Noticias\"],\"inLanguage\":\"es-CL\"},{\"@type\":\"WebPage\",\"@id\":\"https:\/\/www.ing.uc.cl\/industrial-y-sistemas\/2025\/12\/03\/titulacion-2025-felicitaciones-ingenieros-civiles-en-industrias\/\",\"url\":\"https:\/\/www.ing.uc.cl\/industrial-y-sistemas\/2025\/12\/03\/titulacion-2025-felicitaciones-ingenieros-civiles-en-industrias\/\",\"name\":\"\u00a1Bienvenida la nueva generaci\u00f3n de Ingenieros e Ingenieras Civiles en Industrias! - Departamento de Ingenier\u00eda Industrial y de Sistemas\",\"isPartOf\":{\"@id\":\"https:\/\/www.ing.uc.cl\/industrial-y-sistemas\/#website\"},\"primaryImageOfPage\":{\"@id\":\"https:\/\/www.ing.uc.cl\/industrial-y-sistemas\/2025\/12\/03\/titulacion-2025-felicitaciones-ingenieros-civiles-en-industrias\/#primaryimage\"},\"image\":{\"@id\":\"https:\/\/www.ing.uc.cl\/industrial-y-sistemas\/2025\/12\/03\/titulacion-2025-felicitaciones-ingenieros-civiles-en-industrias\/#primaryimage\"},\"thumbnailUrl\":\"https:\/\/www.ing.uc.cl\/industrial-y-sistemas\/wp-content\/uploads\/2025\/12\/IMG_6538-scaled.jpg\",\"datePublished\":\"2025-12-03T14:18:34+00:00\",\"dateModified\":\"2025-12-03T14:26:35+00:00\",\"description\":\"El Departamento de Ingenier\u00eda Industrial y de Sistemas recibe una nueva generaci\u00f3n de Ingenieros e Ingenieras Civiles en Industrias para enfrentar los retos del mundo actual con innovaci\u00f3n y responsabilidad social.\",\"breadcrumb\":{\"@id\":\"https:\/\/www.ing.uc.cl\/industrial-y-sistemas\/2025\/12\/03\/titulacion-2025-felicitaciones-ingenieros-civiles-en-industrias\/#breadcrumb\"},\"inLanguage\":\"es-CL\",\"potentialAction\":[{\"@type\":\"ReadAction\",\"target\":[\"https:\/\/www.ing.uc.cl\/industrial-y-sistemas\/2025\/12\/03\/titulacion-2025-felicitaciones-ingenieros-civiles-en-industrias\/\"]}]},{\"@type\":\"ImageObject\",\"inLanguage\":\"es-CL\",\"@id\":\"https:\/\/www.ing.uc.cl\/industrial-y-sistemas\/2025\/12\/03\/titulacion-2025-felicitaciones-ingenieros-civiles-en-industrias\/#primaryimage\",\"url\":\"https:\/\/www.ing.uc.cl\/industrial-y-sistemas\/wp-content\/uploads\/2025\/12\/IMG_6538-scaled.jpg\",\"contentUrl\":\"https:\/\/www.ing.uc.cl\/industrial-y-sistemas\/wp-content\/uploads\/2025\/12\/IMG_6538-scaled.jpg\",\"width\":2560,\"height\":1707,\"caption\":\"Nueva generaci\u00f3n de ingenieros e ingenieras DIIS\"},{\"@type\":\"BreadcrumbList\",\"@id\":\"https:\/\/www.ing.uc.cl\/industrial-y-sistemas\/2025\/12\/03\/titulacion-2025-felicitaciones-ingenieros-civiles-en-industrias\/#breadcrumb\",\"itemListElement\":[{\"@type\":\"ListItem\",\"position\":1,\"name\":\"Portada\",\"item\":\"https:\/\/www.ing.uc.cl\/industrial-y-sistemas\/\"},{\"@type\":\"ListItem\",\"position\":2,\"name\":\"\u00a1Bienvenida la nueva generaci\u00f3n de Ingenieros e Ingenieras Civiles en Industrias!\"}]},{\"@type\":\"WebSite\",\"@id\":\"https:\/\/www.ing.uc.cl\/industrial-y-sistemas\/#website\",\"url\":\"https:\/\/www.ing.uc.cl\/industrial-y-sistemas\/\",\"name\":\"Departamento de Ingenier\u00eda Industrial y de Sistemas\",\"description\":\"Escuela de Ingenier\u00eda\",\"publisher\":{\"@id\":\"https:\/\/www.ing.uc.cl\/industrial-y-sistemas\/#organization\"},\"potentialAction\":[{\"@type\":\"SearchAction\",\"target\":{\"@type\":\"EntryPoint\",\"urlTemplate\":\"https:\/\/www.ing.uc.cl\/industrial-y-sistemas\/?s={search_term_string}\"},\"query-input\":{\"@type\":\"PropertyValueSpecification\",\"valueRequired\":true,\"valueName\":\"search_term_string\"}}],\"inLanguage\":\"es-CL\"},{\"@type\":\"Organization\",\"@id\":\"https:\/\/www.ing.uc.cl\/industrial-y-sistemas\/#organization\",\"name\":\"Departamento de Ingenier\u00eda Industrial y de Sistemas\",\"url\":\"https:\/\/www.ing.uc.cl\/industrial-y-sistemas\/\",\"logo\":{\"@type\":\"ImageObject\",\"inLanguage\":\"es-CL\",\"@id\":\"https:\/\/www.ing.uc.cl\/industrial-y-sistemas\/#\/schema\/logo\/image\/\",\"url\":\"https:\/\/www.ing.uc.cl\/industrial-y-sistemas\/wp-content\/uploads\/2023\/11\/cropped-UC-P2727-01.png\",\"contentUrl\":\"https:\/\/www.ing.uc.cl\/industrial-y-sistemas\/wp-content\/uploads\/2023\/11\/cropped-UC-P2727-01.png\",\"width\":307,\"height\":414,\"caption\":\"Departamento de Ingenier\u00eda Industrial y de Sistemas\"},\"image\":{\"@id\":\"https:\/\/www.ing.uc.cl\/industrial-y-sistemas\/#\/schema\/logo\/image\/\"}},{\"@type\":\"Person\",\"@id\":\"https:\/\/www.ing.uc.cl\/industrial-y-sistemas\/#\/schema\/person\/365e644ebc1f2a4d2fd2a5d66868a623\",\"name\":\"Yerko Correa\",\"image\":{\"@type\":\"ImageObject\",\"inLanguage\":\"es-CL\",\"@id\":\"https:\/\/www.ing.uc.cl\/industrial-y-sistemas\/#\/schema\/person\/image\/\",\"url\":\"https:\/\/secure.gravatar.com\/avatar\/33bec28475b6cf9256d2b8b67f77471a276277b6f955b4009aefa3e2106a7978?s=96&d=mm&r=g\",\"contentUrl\":\"https:\/\/secure.gravatar.com\/avatar\/33bec28475b6cf9256d2b8b67f77471a276277b6f955b4009aefa3e2106a7978?s=96&d=mm&r=g\",\"caption\":\"Yerko Correa\"},\"url\":\"https:\/\/www.ing.uc.cl\/industrial-y-sistemas\/author\/ycorrea\/\"}]}<\/script>\n<!-- \/ Yoast SEO plugin. -->","yoast_head_json":{"title":"\u00a1Bienvenida la nueva generaci\u00f3n de Ingenieros e Ingenieras Civiles en Industrias! - Departamento de Ingenier\u00eda Industrial y de Sistemas","description":"El Departamento de Ingenier\u00eda Industrial y de Sistemas recibe una nueva generaci\u00f3n de Ingenieros e Ingenieras Civiles en Industrias para enfrentar los retos del mundo actual con innovaci\u00f3n y responsabilidad social.","robots":{"index":"index","follow":"follow","max-snippet":"max-snippet:-1","max-image-preview":"max-image-preview:large","max-video-preview":"max-video-preview:-1"},"canonical":"https:\/\/www.ing.uc.cl\/industrial-y-sistemas\/2025\/12\/03\/titulacion-2025-felicitaciones-ingenieros-civiles-en-industrias\/","og_locale":"es_ES","og_type":"article","og_title":"\u00a1Bienvenida la nueva generaci\u00f3n de Ingenieros e Ingenieras Civiles en Industrias! - Departamento de Ingenier\u00eda Industrial y de Sistemas","og_description":"El Departamento de Ingenier\u00eda Industrial y de Sistemas recibe una nueva generaci\u00f3n de Ingenieros e Ingenieras Civiles en Industrias para enfrentar los retos del mundo actual con innovaci\u00f3n y responsabilidad social.","og_url":"https:\/\/www.ing.uc.cl\/industrial-y-sistemas\/2025\/12\/03\/titulacion-2025-felicitaciones-ingenieros-civiles-en-industrias\/","og_site_name":"Departamento de Ingenier\u00eda Industrial y de Sistemas","article_published_time":"2025-12-03T14:18:34+00:00","article_modified_time":"2025-12-03T14:26:35+00:00","og_image":[{"width":2560,"height":1707,"url":"https:\/\/www.ing.uc.cl\/industrial-y-sistemas\/wp-content\/uploads\/2025\/12\/IMG_6538-scaled.jpg","type":"image\/jpeg"}],"author":"Yerko Correa","twitter_card":"summary_large_image","twitter_misc":{"Escrito por":"Yerko Correa","Tiempo estimado de lectura":"3 minutos"},"schema":{"@context":"https:\/\/schema.org","@graph":[{"@type":"Article","@id":"https:\/\/www.ing.uc.cl\/industrial-y-sistemas\/2025\/12\/03\/titulacion-2025-felicitaciones-ingenieros-civiles-en-industrias\/#article","isPartOf":{"@id":"https:\/\/www.ing.uc.cl\/industrial-y-sistemas\/2025\/12\/03\/titulacion-2025-felicitaciones-ingenieros-civiles-en-industrias\/"},"author":{"name":"Yerko Correa","@id":"https:\/\/www.ing.uc.cl\/industrial-y-sistemas\/#\/schema\/person\/365e644ebc1f2a4d2fd2a5d66868a623"},"headline":"\u00a1Bienvenida la nueva generaci\u00f3n de Ingenieros e Ingenieras Civiles en Industrias!","datePublished":"2025-12-03T14:18:34+00:00","dateModified":"2025-12-03T14:26:35+00:00","mainEntityOfPage":{"@id":"https:\/\/www.ing.uc.cl\/industrial-y-sistemas\/2025\/12\/03\/titulacion-2025-felicitaciones-ingenieros-civiles-en-industrias\/"},"wordCount":369,"publisher":{"@id":"https:\/\/www.ing.uc.cl\/industrial-y-sistemas\/#organization"},"image":{"@id":"https:\/\/www.ing.uc.cl\/industrial-y-sistemas\/2025\/12\/03\/titulacion-2025-felicitaciones-ingenieros-civiles-en-industrias\/#primaryimage"},"thumbnailUrl":"https:\/\/www.ing.uc.cl\/industrial-y-sistemas\/wp-content\/uploads\/2025\/12\/IMG_6538-scaled.jpg","keywords":["Alumni UC","ComunidadDIIS","ComunidadUC","ingenieria industrial UC","Ingenier\u00eda UC","Titulados","UC"],"articleSection":["Noticias"],"inLanguage":"es-CL"},{"@type":"WebPage","@id":"https:\/\/www.ing.uc.cl\/industrial-y-sistemas\/2025\/12\/03\/titulacion-2025-felicitaciones-ingenieros-civiles-en-industrias\/","url":"https:\/\/www.ing.uc.cl\/industrial-y-sistemas\/2025\/12\/03\/titulacion-2025-felicitaciones-ingenieros-civiles-en-industrias\/","name":"\u00a1Bienvenida la nueva generaci\u00f3n de Ingenieros e Ingenieras Civiles en Industrias! - Departamento de Ingenier\u00eda Industrial y de Sistemas","isPartOf":{"@id":"https:\/\/www.ing.uc.cl\/industrial-y-sistemas\/#website"},"primaryImageOfPage":{"@id":"https:\/\/www.ing.uc.cl\/industrial-y-sistemas\/2025\/12\/03\/titulacion-2025-felicitaciones-ingenieros-civiles-en-industrias\/#primaryimage"},"image":{"@id":"https:\/\/www.ing.uc.cl\/industrial-y-sistemas\/2025\/12\/03\/titulacion-2025-felicitaciones-ingenieros-civiles-en-industrias\/#primaryimage"},"thumbnailUrl":"https:\/\/www.ing.uc.cl\/industrial-y-sistemas\/wp-content\/uploads\/2025\/12\/IMG_6538-scaled.jpg","datePublished":"2025-12-03T14:18:34+00:00","dateModified":"2025-12-03T14:26:35+00:00","description":"El Departamento de Ingenier\u00eda Industrial y de Sistemas recibe una nueva generaci\u00f3n de Ingenieros e Ingenieras Civiles en Industrias para enfrentar los retos del mundo actual con innovaci\u00f3n y responsabilidad social.","breadcrumb":{"@id":"https:\/\/www.ing.uc.cl\/industrial-y-sistemas\/2025\/12\/03\/titulacion-2025-felicitaciones-ingenieros-civiles-en-industrias\/#breadcrumb"},"inLanguage":"es-CL","potentialAction":[{"@type":"ReadAction","target":["https:\/\/www.ing.uc.cl\/industrial-y-sistemas\/2025\/12\/03\/titulacion-2025-felicitaciones-ingenieros-civiles-en-industrias\/"]}]},{"@type":"ImageObject","inLanguage":"es-CL","@id":"https:\/\/www.ing.uc.cl\/industrial-y-sistemas\/2025\/12\/03\/titulacion-2025-felicitaciones-ingenieros-civiles-en-industrias\/#primaryimage","url":"https:\/\/www.ing.uc.cl\/industrial-y-sistemas\/wp-content\/uploads\/2025\/12\/IMG_6538-scaled.jpg","contentUrl":"https:\/\/www.ing.uc.cl\/industrial-y-sistemas\/wp-content\/uploads\/2025\/12\/IMG_6538-scaled.jpg","width":2560,"height":1707,"caption":"Nueva generaci\u00f3n de ingenieros e ingenieras DIIS"},{"@type":"BreadcrumbList","@id":"https:\/\/www.ing.uc.cl\/industrial-y-sistemas\/2025\/12\/03\/titulacion-2025-felicitaciones-ingenieros-civiles-en-industrias\/#breadcrumb","itemListElement":[{"@type":"ListItem","position":1,"name":"Portada","item":"https:\/\/www.ing.uc.cl\/industrial-y-sistemas\/"},{"@type":"ListItem","position":2,"name":"\u00a1Bienvenida la nueva generaci\u00f3n de Ingenieros e Ingenieras Civiles en Industrias!"}]},{"@type":"WebSite","@id":"https:\/\/www.ing.uc.cl\/industrial-y-sistemas\/#website","url":"https:\/\/www.ing.uc.cl\/industrial-y-sistemas\/","name":"Departamento de Ingenier\u00eda Industrial y de Sistemas","description":"Escuela de Ingenier\u00eda","publisher":{"@id":"https:\/\/www.ing.uc.cl\/industrial-y-sistemas\/#organization"},"potentialAction":[{"@type":"SearchAction","target":{"@type":"EntryPoint","urlTemplate":"https:\/\/www.ing.uc.cl\/industrial-y-sistemas\/?s={search_term_string}"},"query-input":{"@type":"PropertyValueSpecification","valueRequired":true,"valueName":"search_term_string"}}],"inLanguage":"es-CL"},{"@type":"Organization","@id":"https:\/\/www.ing.uc.cl\/industrial-y-sistemas\/#organization","name":"Departamento de Ingenier\u00eda Industrial y de Sistemas","url":"https:\/\/www.ing.uc.cl\/industrial-y-sistemas\/","logo":{"@type":"ImageObject","inLanguage":"es-CL","@id":"https:\/\/www.ing.uc.cl\/industrial-y-sistemas\/#\/schema\/logo\/image\/","url":"https:\/\/www.ing.uc.cl\/industrial-y-sistemas\/wp-content\/uploads\/2023\/11\/cropped-UC-P2727-01.png","contentUrl":"https:\/\/www.ing.uc.cl\/industrial-y-sistemas\/wp-content\/uploads\/2023\/11\/cropped-UC-P2727-01.png","width":307,"height":414,"caption":"Departamento de Ingenier\u00eda Industrial y de Sistemas"},"image":{"@id":"https:\/\/www.ing.uc.cl\/industrial-y-sistemas\/#\/schema\/logo\/image\/"}},{"@type":"Person","@id":"https:\/\/www.ing.uc.cl\/industrial-y-sistemas\/#\/schema\/person\/365e644ebc1f2a4d2fd2a5d66868a623","name":"Yerko Correa","image":{"@type":"ImageObject","inLanguage":"es-CL","@id":"https:\/\/www.ing.uc.cl\/industrial-y-sistemas\/#\/schema\/person\/image\/","url":"https:\/\/secure.gravatar.com\/avatar\/33bec28475b6cf9256d2b8b67f77471a276277b6f955b4009aefa3e2106a7978?s=96&d=mm&r=g","contentUrl":"https:\/\/secure.gravatar.com\/avatar\/33bec28475b6cf9256d2b8b67f77471a276277b6f955b4009aefa3e2106a7978?s=96&d=mm&r=g","caption":"Yerko Correa"},"url":"https:\/\/www.ing.uc.cl\/industrial-y-sistemas\/author\/ycorrea\/"}]}},"rttpg_featured_image_url":{"full":["https:\/\/www.ing.uc.cl\/industrial-y-sistemas\/wp-content\/uploads\/2025\/12\/IMG_6538-scaled.jpg",2560,1707,false],"landscape":["https:\/\/www.ing.uc.cl\/industrial-y-sistemas\/wp-content\/uploads\/2025\/12\/IMG_6538-scaled.jpg",2560,1707,false],"portraits":["https:\/\/www.ing.uc.cl\/industrial-y-sistemas\/wp-content\/uploads\/2025\/12\/IMG_6538-scaled.jpg",2560,1707,false],"thumbnail":["https:\/\/www.ing.uc.cl\/industrial-y-sistemas\/wp-content\/uploads\/2025\/12\/IMG_6538-150x150.jpg",150,150,true],"medium":["https:\/\/www.ing.uc.cl\/industrial-y-sistemas\/wp-content\/uploads\/2025\/12\/IMG_6538-300x200.jpg",300,200,true],"large":["https:\/\/www.ing.uc.cl\/industrial-y-sistemas\/wp-content\/uploads\/2025\/12\/IMG_6538-1024x683.jpg",1024,683,true],"1536x1536":["https:\/\/www.ing.uc.cl\/industrial-y-sistemas\/wp-content\/uploads\/2025\/12\/IMG_6538-1536x1024.jpg",1536,1024,true],"2048x2048":["https:\/\/www.ing.uc.cl\/industrial-y-sistemas\/wp-content\/uploads\/2025\/12\/IMG_6538-2048x1365.jpg",2048,1365,true],"sow-carousel-default":["https:\/\/www.ing.uc.cl\/industrial-y-sistemas\/wp-content\/uploads\/2025\/12\/IMG_6538-272x182.jpg",272,182,true]},"rttpg_author":{"display_name":"Yerko Correa","author_link":"https:\/\/www.ing.uc.cl\/industrial-y-sistemas\/author\/ycorrea\/"},"rttpg_comment":0,"rttpg_category":"<a href=\"https:\/\/www.ing.uc.cl\/industrial-y-sistemas\/category\/noticias\/\" rel=\"category tag\">Noticias<\/a> <a href=\"https:\/\/www.ing.uc.cl\/industrial-y-sistemas\/category\/sin-categoria\/\" rel=\"category tag\">Sin categor\u00eda<\/a>","rttpg_excerpt":"El pasado jueves 27 y viernes 28 de noviembre, la Escuela de Ingenier\u00eda UC llev\u00f3 a cabo la Ceremonia de Titulaci\u00f3n 2025. En esta instancia, 1.080 estudiantes recibieron su t\u00edtulo como egresados y egresadas de la Universidad Cat\u00f3lica de Chile. Tras este gran hito, el Departamento de Ingenier\u00eda Industrial y de Sistemas (DIIS) celebra con&hellip;","_links":{"self":[{"href":"https:\/\/www.ing.uc.cl\/industrial-y-sistemas\/wp-json\/wp\/v2\/posts\/355589","targetHints":{"allow":["GET"]}}],"collection":[{"href":"https:\/\/www.ing.uc.cl\/industrial-y-sistemas\/wp-json\/wp\/v2\/posts"}],"about":[{"href":"https:\/\/www.ing.uc.cl\/industrial-y-sistemas\/wp-json\/wp\/v2\/types\/post"}],"author":[{"embeddable":true,"href":"https:\/\/www.ing.uc.cl\/industrial-y-sistemas\/wp-json\/wp\/v2\/users\/9"}],"replies":[{"embeddable":true,"href":"https:\/\/www.ing.uc.cl\/industrial-y-sistemas\/wp-json\/wp\/v2\/comments?post=355589"}],"version-history":[{"count":4,"href":"https:\/\/www.ing.uc.cl\/industrial-y-sistemas\/wp-json\/wp\/v2\/posts\/355589\/revisions"}],"predecessor-version":[{"id":355598,"href":"https:\/\/www.ing.uc.cl\/industrial-y-sistemas\/wp-json\/wp\/v2\/posts\/355589\/revisions\/355598"}],"wp:featuredmedia":[{"embeddable":true,"href":"https:\/\/www.ing.uc.cl\/industrial-y-sistemas\/wp-json\/wp\/v2\/media\/355591"}],"wp:attachment":[{"href":"https:\/\/www.ing.uc.cl\/industrial-y-sistemas\/wp-json\/wp\/v2\/media?parent=355589"}],"wp:term":[{"taxonomy":"category","embeddable":true,"href":"https:\/\/www.ing.uc.cl\/industrial-y-sistemas\/wp-json\/wp\/v2\/categories?post=355589"},{"taxonomy":"post_tag","embeddable":true,"href":"https:\/\/www.ing.uc.cl\/industrial-y-sistemas\/wp-json\/wp\/v2\/tags?post=355589"}],"curies":[{"name":"wp","href":"https:\/\/api.w.org\/{rel}","templated":true}]}}