{"id":355628,"date":"2026-03-10T10:50:46","date_gmt":"2026-03-10T13:50:46","guid":{"rendered":"https:\/\/www.ing.uc.cl\/industrial-y-sistemas\/?p=355628"},"modified":"2026-03-10T10:50:46","modified_gmt":"2026-03-10T13:50:46","slug":"fernanda-ramirez-impulsara-propuesta-para-disminuir-la-segregacion-escolar-a-partir-del-sistema-de-admision-escolar","status":"publish","type":"post","link":"https:\/\/www.ing.uc.cl\/industrial-y-sistemas\/2026\/03\/10\/fernanda-ramirez-impulsara-propuesta-para-disminuir-la-segregacion-escolar-a-partir-del-sistema-de-admision-escolar\/","title":{"rendered":"Fernanda Ram\u00edrez impulsar\u00e1 propuesta para disminuir la segregaci\u00f3n escolar a partir del Sistema de Admisi\u00f3n Escolar"},"content":{"rendered":"<p>En el marco del <a href=\"https:\/\/politicaspublicas.uc.cl\/noticia\/se-abre-la-convocatoria-al-concurso-de-politicas-publicas-2026-nuevas-ideas-para-los-desafios-de-hoy\/\">XIX Concurso de Pol\u00edticas P\u00fablicas<\/a>, el <a href=\"https:\/\/politicaspublicas.uc.cl\/\">Centro de Pol\u00edticas P\u00fablicas UC<\/a> dio a conocer a los\/as acad\u00e9micos\/as de equipos interdisciplinarios que llevaran a cabo propuestas innovadoras que permitan solucionar problem\u00e1ticas de la sociedad chilena actual. Entre las seleccionadas, se encuentra <a href=\"https:\/\/www.ing.uc.cl\/industrial-y-sistemas\/team\/fernanda-ramirez\/\">Fernanda Ram\u00edrez Espinoza<\/a>, profesora con vacante compartida entre <a href=\"https:\/\/college.uc.cl\/\">College UC<\/a> y la <a href=\"https:\/\/www.ing.uc.cl\/\">Escuela de Ingenier\u00eda UC<\/a>.<\/p>\n<h1>Un problema persistente en el sistema escolar<\/h1>\n<p>La profesora Ram\u00edrez, Ph.D. en Pol\u00edtica Educativa y Evaluaci\u00f3n de Programas por la Universidad de Harvard, participar\u00e1 como coinvestigadora en el proyecto titulado \u201cCriterios de priorizaci\u00f3n en el Sistema de Admisi\u00f3n Escolar: \u00bfC\u00f3mo reducir la segregaci\u00f3n escolar en un marco de elecci\u00f3n de escuela?\u201d Esta propuesta buscar\u00e1 aportar soluciones a una de las brechas m\u00e1s cr\u00edticas del sistema educacional chileno: la desigualdad y la segregaci\u00f3n socioecon\u00f3mica entre establecimientos.<\/p>\n<p>\u201cEn Chile, los colegios est\u00e1n mucho m\u00e1s estratificados por nivel socioecon\u00f3mico que en el promedio de la OCDE, y esto es un problema persistente\u201d, se\u00f1ala la profesora Ram\u00edrez, recordando que el debate se arrastra desde hace al menos 25 a\u00f1os y con antecedentes que se remontan a la d\u00e9cada de 1970.<\/p>\n<h2>Ley de Inclusi\u00f3n y el SAE<\/h2>\n<p>Como respuesta a este desaf\u00edo, en 2015 se promulg\u00f3 la <a href=\"https:\/\/www.bcn.cl\/leychile\/navegar?idNorma=1078172\">Ley de Inclusi\u00f3n Escolar<\/a>, que, entre otras medidas, instaur\u00f3 el actual <a href=\"https:\/\/www.sistemadeadmisionescolar.cl\/que_es.html\">Sistema de Admisi\u00f3n Escolar (SAE)<\/a>, conocido coloquialmente como \u201cla t\u00f3mbola\u201d.<\/p>\n<p>El proyecto de Ram\u00edrez se propone estudiar el funcionamiento del SAE y su potencial como herramienta de pol\u00edtica p\u00fablica para reducir la segregaci\u00f3n, enfoc\u00e1ndose en c\u00f3mo ciertos criterios de priorizaci\u00f3n podr\u00edan contribuir a una composici\u00f3n m\u00e1s diversa en los establecimientos.<\/p>\n<h3>Segregaci\u00f3n: avances, pero con niveles a\u00fan cr\u00edticos<\/h3>\n<p>De acuerdo con la acad\u00e9mica, si bien en la \u00faltima d\u00e9cada se observa una disminuci\u00f3n en los niveles de segregaci\u00f3n, estos \u201csiguen siendo cr\u00edticos\u201d.<\/p>\n<p>La literatura especializada coincide en la persistencia y magnitud del fen\u00f3meno en Chile. En ese sentido, la investigaci\u00f3n incluir\u00e1 un apartado t\u00e9cnico de descripci\u00f3n del problema y justificaci\u00f3n, donde se sistematizan los principales indicadores y tendencias que sustentan el diagn\u00f3stico.<\/p>\n<h4>Base y referentes<\/h4>\n<p>La propuesta dialoga con la evidencia de autor\u00edas como Elacaqua y Cocher (2025) en segregaci\u00f3n socioecon\u00f3mica y con contribuciones m\u00e1s actuales como la de<a href=\"https:\/\/www.jicalderon.com\/research\/sae\"> Joseph Calder\u00f3n<\/a> (2026), quien estudia efectos del SAE en resultados educativos mediante datos administrativos.<\/p>\n<p>Al respecto, \u201cnuestro aporte se distingue al poner el foco en resultados de segregaci\u00f3n socioecon\u00f3mica \u2014no solo en resultados educativos\u2014 empleando ideas metodol\u00f3gicas de estos trabajos para estimar efectos del sistema\u201d, explica Ram\u00edrez.<\/p>\n<h5>Trayectoria previa y proyecci\u00f3n de recomendaciones<\/h5>\n<p>La acad\u00e9mica destaca que el equipo viene trabajando en la tem\u00e1tica junto a <a href=\"https:\/\/educacion.uc.cl\/cuerpo-academico\/planta-ordinaria\/gutierrez-gabriel\/\">Gabriel Guti\u00e9rrez<\/a> y otros coautores, experiencia que incluye la adjudicaci\u00f3n de un proyecto RIS del Ministerio de Desarrollo Social, el cual permiti\u00f3 acceder a datos de estudiantes para analizar los impactos de la segregaci\u00f3n.<\/p>\n<p>\u201cAhora utilizaremos esos resultados para proponer recomendaciones de pol\u00edtica p\u00fablica sobre c\u00f3mo el SAE puede ayudar efectivamente a disminuir la segregaci\u00f3n socioecon\u00f3mica en el sistema escolar chileno\u201d, adelanta.<\/p>\n<p>Por: Yerko Correa | ycorrea@uc.cl<\/p>\n","protected":false},"excerpt":{"rendered":"<p>En el marco del XIX Concurso de Pol\u00edticas P\u00fablicas, el Centro de Pol\u00edticas P\u00fablicas UC dio a conocer a los\/as acad\u00e9micos\/as de equipos interdisciplinarios que llevaran a cabo propuestas innovadoras que permitan solucionar problem\u00e1ticas de la sociedad chilena actual. Entre las seleccionadas, se encuentra Fernanda Ram\u00edrez Espinoza, profesora con vacante compartida entre College UC y la Escuela de Ingenier\u00eda UC. Un problema persistente en el sistema escolar La profesora Ram\u00edrez, Ph.D. en Pol\u00edtica Educativa y Evaluaci\u00f3n de Programas por la Universidad de Harvard, participar\u00e1 como coinvestigadora en el proyecto titulado \u201cCriterios de priorizaci\u00f3n en el Sistema de Admisi\u00f3n Escolar: \u00bfC\u00f3mo reducir la segregaci\u00f3n escolar en un marco de elecci\u00f3n de escuela?\u201d Esta propuesta buscar\u00e1 aportar soluciones a una de las brechas m\u00e1s cr\u00edticas del sistema educacional chileno: la desigualdad y la segregaci\u00f3n socioecon\u00f3mica entre establecimientos. \u201cEn Chile, los colegios est\u00e1n mucho m\u00e1s estratificados por nivel socioecon\u00f3mico que en el promedio de la OCDE, y esto es un problema persistente\u201d, se\u00f1ala la profesora Ram\u00edrez, recordando que el debate se arrastra desde hace al menos 25 a\u00f1os y con antecedentes que se remontan a la d\u00e9cada de 1970. Ley de Inclusi\u00f3n y el SAE Como respuesta a este desaf\u00edo, en 2015 se promulg\u00f3 la Ley de Inclusi\u00f3n Escolar, que, entre otras medidas, instaur\u00f3 el actual Sistema de Admisi\u00f3n Escolar (SAE), conocido coloquialmente como \u201cla t\u00f3mbola\u201d. El proyecto de Ram\u00edrez se propone estudiar el funcionamiento del SAE y su potencial como herramienta de pol\u00edtica p\u00fablica para reducir la segregaci\u00f3n, enfoc\u00e1ndose en c\u00f3mo ciertos criterios de priorizaci\u00f3n podr\u00edan contribuir a una composici\u00f3n m\u00e1s diversa en los establecimientos. Segregaci\u00f3n: avances, pero con niveles a\u00fan cr\u00edticos De acuerdo con la acad\u00e9mica, si bien en la \u00faltima d\u00e9cada se observa una disminuci\u00f3n en los niveles de segregaci\u00f3n, estos \u201csiguen siendo cr\u00edticos\u201d. La literatura especializada coincide en la persistencia y magnitud del fen\u00f3meno en Chile. En ese sentido, la investigaci\u00f3n incluir\u00e1 un apartado t\u00e9cnico de descripci\u00f3n del problema y justificaci\u00f3n, donde se sistematizan los principales indicadores y tendencias que sustentan el diagn\u00f3stico. Base y referentes La propuesta dialoga con la evidencia de autor\u00edas como Elacaqua y Cocher (2025) en segregaci\u00f3n socioecon\u00f3mica y con contribuciones m\u00e1s actuales como la de Joseph Calder\u00f3n (2026), quien estudia efectos del SAE en resultados educativos mediante datos administrativos. Al respecto, \u201cnuestro aporte se distingue al poner el foco en resultados de segregaci\u00f3n socioecon\u00f3mica \u2014no solo en resultados educativos\u2014 empleando ideas metodol\u00f3gicas de estos trabajos para estimar efectos del sistema\u201d, explica Ram\u00edrez. Trayectoria previa y proyecci\u00f3n de recomendaciones La acad\u00e9mica destaca que el equipo viene trabajando en la tem\u00e1tica junto a Gabriel Guti\u00e9rrez y otros coautores, experiencia que incluye la adjudicaci\u00f3n de un proyecto RIS del Ministerio de Desarrollo Social, el cual permiti\u00f3 acceder a datos de estudiantes para analizar los impactos de la segregaci\u00f3n. \u201cAhora utilizaremos esos resultados para proponer recomendaciones de pol\u00edtica p\u00fablica sobre c\u00f3mo el SAE puede ayudar efectivamente a disminuir la segregaci\u00f3n socioecon\u00f3mica en el sistema escolar chileno\u201d, adelanta. Por: Yerko Correa | ycorrea@uc.cl<\/p>\n","protected":false},"author":9,"featured_media":355629,"comment_status":"closed","ping_status":"open","sticky":false,"template":"","format":"standard","meta":{"site-sidebar-layout":"default","site-content-layout":"","ast-site-content-layout":"default","site-content-style":"default","site-sidebar-style":"default","ast-global-header-display":"","ast-banner-title-visibility":"","ast-main-header-display":"","ast-hfb-above-header-display":"","ast-hfb-below-header-display":"","ast-hfb-mobile-header-display":"","site-post-title":"","ast-breadcrumbs-content":"","ast-featured-img":"","footer-sml-layout":"","ast-disable-related-posts":"","theme-transparent-header-meta":"default","adv-header-id-meta":"","stick-header-meta":"","header-above-stick-meta":"","header-main-stick-meta":"","header-below-stick-meta":"","astra-migrate-meta-layouts":"set","ast-page-background-enabled":"default","ast-page-background-meta":{"desktop":{"background-color":"","background-image":"","background-repeat":"repeat","background-position":"center center","background-size":"auto","background-attachment":"scroll","background-type":"","background-media":"","overlay-type":"","overlay-color":"","overlay-opacity":"","overlay-gradient":""},"tablet":{"background-color":"","background-image":"","background-repeat":"repeat","background-position":"center center","background-size":"auto","background-attachment":"scroll","background-type":"","background-media":"","overlay-type":"","overlay-color":"","overlay-opacity":"","overlay-gradient":""},"mobile":{"background-color":"","background-image":"","background-repeat":"repeat","background-position":"center center","background-size":"auto","background-attachment":"scroll","background-type":"","background-media":"","overlay-type":"","overlay-color":"","overlay-opacity":"","overlay-gradient":""}},"ast-content-background-meta":{"desktop":{"background-color":"var(--ast-global-color-5)","background-image":"","background-repeat":"repeat","background-position":"center center","background-size":"auto","background-attachment":"scroll","background-type":"","background-media":"","overlay-type":"","overlay-color":"","overlay-opacity":"","overlay-gradient":""},"tablet":{"background-color":"var(--ast-global-color-5)","background-image":"","background-repeat":"repeat","background-position":"center center","background-size":"auto","background-attachment":"scroll","background-type":"","background-media":"","overlay-type":"","overlay-color":"","overlay-opacity":"","overlay-gradient":""},"mobile":{"background-color":"var(--ast-global-color-5)","background-image":"","background-repeat":"repeat","background-position":"center center","background-size":"auto","background-attachment":"scroll","background-type":"","background-media":"","overlay-type":"","overlay-color":"","overlay-opacity":"","overlay-gradient":""}},"footnotes":""},"categories":[10],"tags":[210,97,33,189,48,212,211,89],"class_list":["post-355628","post","type-post","status-publish","format-standard","has-post-thumbnail","hentry","category-noticias","tag-college-uc","tag-educacion","tag-ingenieria-industrial-uc","tag-ingenieria-uc","tag-politicas-publicas","tag-segregacion-escolar","tag-sistema-de-admision-escolar","tag-uc"],"yoast_head":"<!-- This site is optimized with the Yoast SEO plugin v26.9 - https:\/\/yoast.com\/product\/yoast-seo-wordpress\/ -->\n<title>Fernanda Ram\u00edrez impulsar\u00e1 propuesta para disminuir la segregaci\u00f3n escolar a partir del Sistema de Admisi\u00f3n Escolar - Departamento de Ingenier\u00eda Industrial y de Sistemas<\/title>\n<meta name=\"description\" content=\"La profesora, en calidad de coinvestigadora, se enfocar\u00e1 en definir criterios de priorizaci\u00f3n en el SAE para mitigar la segregaci\u00f3n socioecon\u00f3mica en colegios de Chile, integrando evidencia reciente y recomendaciones de pol\u00edtica p\u00fablica.\" \/>\n<meta name=\"robots\" content=\"index, follow, max-snippet:-1, max-image-preview:large, max-video-preview:-1\" \/>\n<link rel=\"canonical\" href=\"https:\/\/www.ing.uc.cl\/industrial-y-sistemas\/2026\/03\/10\/fernanda-ramirez-impulsara-propuesta-para-disminuir-la-segregacion-escolar-a-partir-del-sistema-de-admision-escolar\/\" \/>\n<meta property=\"og:locale\" content=\"es_ES\" \/>\n<meta property=\"og:type\" content=\"article\" \/>\n<meta property=\"og:title\" content=\"Fernanda Ram\u00edrez impulsar\u00e1 propuesta para disminuir la segregaci\u00f3n escolar a partir del Sistema de Admisi\u00f3n Escolar - Departamento de Ingenier\u00eda Industrial y de Sistemas\" \/>\n<meta property=\"og:description\" content=\"La profesora, en calidad de coinvestigadora, se enfocar\u00e1 en definir criterios de priorizaci\u00f3n en el SAE para mitigar la segregaci\u00f3n socioecon\u00f3mica en colegios de Chile, integrando evidencia reciente y recomendaciones de pol\u00edtica p\u00fablica.\" \/>\n<meta property=\"og:url\" content=\"https:\/\/www.ing.uc.cl\/industrial-y-sistemas\/2026\/03\/10\/fernanda-ramirez-impulsara-propuesta-para-disminuir-la-segregacion-escolar-a-partir-del-sistema-de-admision-escolar\/\" \/>\n<meta property=\"og:site_name\" content=\"Departamento de Ingenier\u00eda Industrial y de Sistemas\" \/>\n<meta property=\"article:published_time\" content=\"2026-03-10T13:50:46+00:00\" \/>\n<meta property=\"og:image\" content=\"https:\/\/www.ing.uc.cl\/industrial-y-sistemas\/wp-content\/uploads\/2026\/03\/fotos-web-91-1024x683.png\" \/>\n\t<meta property=\"og:image:width\" content=\"1024\" \/>\n\t<meta property=\"og:image:height\" content=\"683\" \/>\n\t<meta property=\"og:image:type\" content=\"image\/png\" \/>\n<meta name=\"author\" content=\"Yerko Correa\" \/>\n<meta name=\"twitter:card\" content=\"summary_large_image\" \/>\n<meta name=\"twitter:label1\" content=\"Escrito por\" \/>\n\t<meta name=\"twitter:data1\" content=\"Yerko Correa\" \/>\n\t<meta name=\"twitter:label2\" content=\"Tiempo estimado de lectura\" \/>\n\t<meta name=\"twitter:data2\" content=\"3 minutos\" \/>\n<script type=\"application\/ld+json\" class=\"yoast-schema-graph\">{\"@context\":\"https:\/\/schema.org\",\"@graph\":[{\"@type\":\"Article\",\"@id\":\"https:\/\/www.ing.uc.cl\/industrial-y-sistemas\/2026\/03\/10\/fernanda-ramirez-impulsara-propuesta-para-disminuir-la-segregacion-escolar-a-partir-del-sistema-de-admision-escolar\/#article\",\"isPartOf\":{\"@id\":\"https:\/\/www.ing.uc.cl\/industrial-y-sistemas\/2026\/03\/10\/fernanda-ramirez-impulsara-propuesta-para-disminuir-la-segregacion-escolar-a-partir-del-sistema-de-admision-escolar\/\"},\"author\":{\"name\":\"Yerko Correa\",\"@id\":\"https:\/\/www.ing.uc.cl\/industrial-y-sistemas\/#\/schema\/person\/365e644ebc1f2a4d2fd2a5d66868a623\"},\"headline\":\"Fernanda Ram\u00edrez impulsar\u00e1 propuesta para disminuir la segregaci\u00f3n escolar a partir del Sistema de Admisi\u00f3n Escolar\",\"datePublished\":\"2026-03-10T13:50:46+00:00\",\"mainEntityOfPage\":{\"@id\":\"https:\/\/www.ing.uc.cl\/industrial-y-sistemas\/2026\/03\/10\/fernanda-ramirez-impulsara-propuesta-para-disminuir-la-segregacion-escolar-a-partir-del-sistema-de-admision-escolar\/\"},\"wordCount\":588,\"publisher\":{\"@id\":\"https:\/\/www.ing.uc.cl\/industrial-y-sistemas\/#organization\"},\"image\":{\"@id\":\"https:\/\/www.ing.uc.cl\/industrial-y-sistemas\/2026\/03\/10\/fernanda-ramirez-impulsara-propuesta-para-disminuir-la-segregacion-escolar-a-partir-del-sistema-de-admision-escolar\/#primaryimage\"},\"thumbnailUrl\":\"https:\/\/www.ing.uc.cl\/industrial-y-sistemas\/wp-content\/uploads\/2026\/03\/fotos-web-91.png\",\"keywords\":[\"College UC\",\"educaci\u00f3n\",\"ingenieria industrial UC\",\"Ingenier\u00eda UC\",\"Pol\u00edticas P\u00fablicas\",\"Segregacion Escolar\",\"Sistema de Admisi\u00f3n Escolar\",\"UC\"],\"articleSection\":[\"Noticias\"],\"inLanguage\":\"es-CL\"},{\"@type\":\"WebPage\",\"@id\":\"https:\/\/www.ing.uc.cl\/industrial-y-sistemas\/2026\/03\/10\/fernanda-ramirez-impulsara-propuesta-para-disminuir-la-segregacion-escolar-a-partir-del-sistema-de-admision-escolar\/\",\"url\":\"https:\/\/www.ing.uc.cl\/industrial-y-sistemas\/2026\/03\/10\/fernanda-ramirez-impulsara-propuesta-para-disminuir-la-segregacion-escolar-a-partir-del-sistema-de-admision-escolar\/\",\"name\":\"Fernanda Ram\u00edrez impulsar\u00e1 propuesta para disminuir la segregaci\u00f3n escolar a partir del Sistema de Admisi\u00f3n Escolar - Departamento de Ingenier\u00eda Industrial y de Sistemas\",\"isPartOf\":{\"@id\":\"https:\/\/www.ing.uc.cl\/industrial-y-sistemas\/#website\"},\"primaryImageOfPage\":{\"@id\":\"https:\/\/www.ing.uc.cl\/industrial-y-sistemas\/2026\/03\/10\/fernanda-ramirez-impulsara-propuesta-para-disminuir-la-segregacion-escolar-a-partir-del-sistema-de-admision-escolar\/#primaryimage\"},\"image\":{\"@id\":\"https:\/\/www.ing.uc.cl\/industrial-y-sistemas\/2026\/03\/10\/fernanda-ramirez-impulsara-propuesta-para-disminuir-la-segregacion-escolar-a-partir-del-sistema-de-admision-escolar\/#primaryimage\"},\"thumbnailUrl\":\"https:\/\/www.ing.uc.cl\/industrial-y-sistemas\/wp-content\/uploads\/2026\/03\/fotos-web-91.png\",\"datePublished\":\"2026-03-10T13:50:46+00:00\",\"description\":\"La profesora, en calidad de coinvestigadora, se enfocar\u00e1 en definir criterios de priorizaci\u00f3n en el SAE para mitigar la segregaci\u00f3n socioecon\u00f3mica en colegios de Chile, integrando evidencia reciente y recomendaciones de pol\u00edtica p\u00fablica.\",\"breadcrumb\":{\"@id\":\"https:\/\/www.ing.uc.cl\/industrial-y-sistemas\/2026\/03\/10\/fernanda-ramirez-impulsara-propuesta-para-disminuir-la-segregacion-escolar-a-partir-del-sistema-de-admision-escolar\/#breadcrumb\"},\"inLanguage\":\"es-CL\",\"potentialAction\":[{\"@type\":\"ReadAction\",\"target\":[\"https:\/\/www.ing.uc.cl\/industrial-y-sistemas\/2026\/03\/10\/fernanda-ramirez-impulsara-propuesta-para-disminuir-la-segregacion-escolar-a-partir-del-sistema-de-admision-escolar\/\"]}]},{\"@type\":\"ImageObject\",\"inLanguage\":\"es-CL\",\"@id\":\"https:\/\/www.ing.uc.cl\/industrial-y-sistemas\/2026\/03\/10\/fernanda-ramirez-impulsara-propuesta-para-disminuir-la-segregacion-escolar-a-partir-del-sistema-de-admision-escolar\/#primaryimage\",\"url\":\"https:\/\/www.ing.uc.cl\/industrial-y-sistemas\/wp-content\/uploads\/2026\/03\/fotos-web-91.png\",\"contentUrl\":\"https:\/\/www.ing.uc.cl\/industrial-y-sistemas\/wp-content\/uploads\/2026\/03\/fotos-web-91.png\",\"width\":1800,\"height\":1200},{\"@type\":\"BreadcrumbList\",\"@id\":\"https:\/\/www.ing.uc.cl\/industrial-y-sistemas\/2026\/03\/10\/fernanda-ramirez-impulsara-propuesta-para-disminuir-la-segregacion-escolar-a-partir-del-sistema-de-admision-escolar\/#breadcrumb\",\"itemListElement\":[{\"@type\":\"ListItem\",\"position\":1,\"name\":\"Portada\",\"item\":\"https:\/\/www.ing.uc.cl\/industrial-y-sistemas\/\"},{\"@type\":\"ListItem\",\"position\":2,\"name\":\"Fernanda Ram\u00edrez impulsar\u00e1 propuesta para disminuir la segregaci\u00f3n escolar a partir del Sistema de Admisi\u00f3n Escolar\"}]},{\"@type\":\"WebSite\",\"@id\":\"https:\/\/www.ing.uc.cl\/industrial-y-sistemas\/#website\",\"url\":\"https:\/\/www.ing.uc.cl\/industrial-y-sistemas\/\",\"name\":\"Departamento de Ingenier\u00eda Industrial y de Sistemas\",\"description\":\"Escuela de Ingenier\u00eda\",\"publisher\":{\"@id\":\"https:\/\/www.ing.uc.cl\/industrial-y-sistemas\/#organization\"},\"potentialAction\":[{\"@type\":\"SearchAction\",\"target\":{\"@type\":\"EntryPoint\",\"urlTemplate\":\"https:\/\/www.ing.uc.cl\/industrial-y-sistemas\/?s={search_term_string}\"},\"query-input\":{\"@type\":\"PropertyValueSpecification\",\"valueRequired\":true,\"valueName\":\"search_term_string\"}}],\"inLanguage\":\"es-CL\"},{\"@type\":\"Organization\",\"@id\":\"https:\/\/www.ing.uc.cl\/industrial-y-sistemas\/#organization\",\"name\":\"Departamento de Ingenier\u00eda Industrial y de Sistemas\",\"url\":\"https:\/\/www.ing.uc.cl\/industrial-y-sistemas\/\",\"logo\":{\"@type\":\"ImageObject\",\"inLanguage\":\"es-CL\",\"@id\":\"https:\/\/www.ing.uc.cl\/industrial-y-sistemas\/#\/schema\/logo\/image\/\",\"url\":\"https:\/\/www.ing.uc.cl\/industrial-y-sistemas\/wp-content\/uploads\/2023\/11\/cropped-UC-P2727-01.png\",\"contentUrl\":\"https:\/\/www.ing.uc.cl\/industrial-y-sistemas\/wp-content\/uploads\/2023\/11\/cropped-UC-P2727-01.png\",\"width\":307,\"height\":414,\"caption\":\"Departamento de Ingenier\u00eda Industrial y de Sistemas\"},\"image\":{\"@id\":\"https:\/\/www.ing.uc.cl\/industrial-y-sistemas\/#\/schema\/logo\/image\/\"}},{\"@type\":\"Person\",\"@id\":\"https:\/\/www.ing.uc.cl\/industrial-y-sistemas\/#\/schema\/person\/365e644ebc1f2a4d2fd2a5d66868a623\",\"name\":\"Yerko Correa\",\"image\":{\"@type\":\"ImageObject\",\"inLanguage\":\"es-CL\",\"@id\":\"https:\/\/www.ing.uc.cl\/industrial-y-sistemas\/#\/schema\/person\/image\/\",\"url\":\"https:\/\/secure.gravatar.com\/avatar\/33bec28475b6cf9256d2b8b67f77471a276277b6f955b4009aefa3e2106a7978?s=96&d=mm&r=g\",\"contentUrl\":\"https:\/\/secure.gravatar.com\/avatar\/33bec28475b6cf9256d2b8b67f77471a276277b6f955b4009aefa3e2106a7978?s=96&d=mm&r=g\",\"caption\":\"Yerko Correa\"},\"url\":\"https:\/\/www.ing.uc.cl\/industrial-y-sistemas\/author\/ycorrea\/\"}]}<\/script>\n<!-- \/ Yoast SEO plugin. -->","yoast_head_json":{"title":"Fernanda Ram\u00edrez impulsar\u00e1 propuesta para disminuir la segregaci\u00f3n escolar a partir del Sistema de Admisi\u00f3n Escolar - Departamento de Ingenier\u00eda Industrial y de Sistemas","description":"La profesora, en calidad de coinvestigadora, se enfocar\u00e1 en definir criterios de priorizaci\u00f3n en el SAE para mitigar la segregaci\u00f3n socioecon\u00f3mica en colegios de Chile, integrando evidencia reciente y recomendaciones de pol\u00edtica p\u00fablica.","robots":{"index":"index","follow":"follow","max-snippet":"max-snippet:-1","max-image-preview":"max-image-preview:large","max-video-preview":"max-video-preview:-1"},"canonical":"https:\/\/www.ing.uc.cl\/industrial-y-sistemas\/2026\/03\/10\/fernanda-ramirez-impulsara-propuesta-para-disminuir-la-segregacion-escolar-a-partir-del-sistema-de-admision-escolar\/","og_locale":"es_ES","og_type":"article","og_title":"Fernanda Ram\u00edrez impulsar\u00e1 propuesta para disminuir la segregaci\u00f3n escolar a partir del Sistema de Admisi\u00f3n Escolar - Departamento de Ingenier\u00eda Industrial y de Sistemas","og_description":"La profesora, en calidad de coinvestigadora, se enfocar\u00e1 en definir criterios de priorizaci\u00f3n en el SAE para mitigar la segregaci\u00f3n socioecon\u00f3mica en colegios de Chile, integrando evidencia reciente y recomendaciones de pol\u00edtica p\u00fablica.","og_url":"https:\/\/www.ing.uc.cl\/industrial-y-sistemas\/2026\/03\/10\/fernanda-ramirez-impulsara-propuesta-para-disminuir-la-segregacion-escolar-a-partir-del-sistema-de-admision-escolar\/","og_site_name":"Departamento de Ingenier\u00eda Industrial y de Sistemas","article_published_time":"2026-03-10T13:50:46+00:00","og_image":[{"width":1024,"height":683,"url":"https:\/\/www.ing.uc.cl\/industrial-y-sistemas\/wp-content\/uploads\/2026\/03\/fotos-web-91-1024x683.png","type":"image\/png"}],"author":"Yerko Correa","twitter_card":"summary_large_image","twitter_misc":{"Escrito por":"Yerko Correa","Tiempo estimado de lectura":"3 minutos"},"schema":{"@context":"https:\/\/schema.org","@graph":[{"@type":"Article","@id":"https:\/\/www.ing.uc.cl\/industrial-y-sistemas\/2026\/03\/10\/fernanda-ramirez-impulsara-propuesta-para-disminuir-la-segregacion-escolar-a-partir-del-sistema-de-admision-escolar\/#article","isPartOf":{"@id":"https:\/\/www.ing.uc.cl\/industrial-y-sistemas\/2026\/03\/10\/fernanda-ramirez-impulsara-propuesta-para-disminuir-la-segregacion-escolar-a-partir-del-sistema-de-admision-escolar\/"},"author":{"name":"Yerko Correa","@id":"https:\/\/www.ing.uc.cl\/industrial-y-sistemas\/#\/schema\/person\/365e644ebc1f2a4d2fd2a5d66868a623"},"headline":"Fernanda Ram\u00edrez impulsar\u00e1 propuesta para disminuir la segregaci\u00f3n escolar a partir del Sistema de Admisi\u00f3n Escolar","datePublished":"2026-03-10T13:50:46+00:00","mainEntityOfPage":{"@id":"https:\/\/www.ing.uc.cl\/industrial-y-sistemas\/2026\/03\/10\/fernanda-ramirez-impulsara-propuesta-para-disminuir-la-segregacion-escolar-a-partir-del-sistema-de-admision-escolar\/"},"wordCount":588,"publisher":{"@id":"https:\/\/www.ing.uc.cl\/industrial-y-sistemas\/#organization"},"image":{"@id":"https:\/\/www.ing.uc.cl\/industrial-y-sistemas\/2026\/03\/10\/fernanda-ramirez-impulsara-propuesta-para-disminuir-la-segregacion-escolar-a-partir-del-sistema-de-admision-escolar\/#primaryimage"},"thumbnailUrl":"https:\/\/www.ing.uc.cl\/industrial-y-sistemas\/wp-content\/uploads\/2026\/03\/fotos-web-91.png","keywords":["College UC","educaci\u00f3n","ingenieria industrial UC","Ingenier\u00eda UC","Pol\u00edticas P\u00fablicas","Segregacion Escolar","Sistema de Admisi\u00f3n Escolar","UC"],"articleSection":["Noticias"],"inLanguage":"es-CL"},{"@type":"WebPage","@id":"https:\/\/www.ing.uc.cl\/industrial-y-sistemas\/2026\/03\/10\/fernanda-ramirez-impulsara-propuesta-para-disminuir-la-segregacion-escolar-a-partir-del-sistema-de-admision-escolar\/","url":"https:\/\/www.ing.uc.cl\/industrial-y-sistemas\/2026\/03\/10\/fernanda-ramirez-impulsara-propuesta-para-disminuir-la-segregacion-escolar-a-partir-del-sistema-de-admision-escolar\/","name":"Fernanda Ram\u00edrez impulsar\u00e1 propuesta para disminuir la segregaci\u00f3n escolar a partir del Sistema de Admisi\u00f3n Escolar - Departamento de Ingenier\u00eda Industrial y de Sistemas","isPartOf":{"@id":"https:\/\/www.ing.uc.cl\/industrial-y-sistemas\/#website"},"primaryImageOfPage":{"@id":"https:\/\/www.ing.uc.cl\/industrial-y-sistemas\/2026\/03\/10\/fernanda-ramirez-impulsara-propuesta-para-disminuir-la-segregacion-escolar-a-partir-del-sistema-de-admision-escolar\/#primaryimage"},"image":{"@id":"https:\/\/www.ing.uc.cl\/industrial-y-sistemas\/2026\/03\/10\/fernanda-ramirez-impulsara-propuesta-para-disminuir-la-segregacion-escolar-a-partir-del-sistema-de-admision-escolar\/#primaryimage"},"thumbnailUrl":"https:\/\/www.ing.uc.cl\/industrial-y-sistemas\/wp-content\/uploads\/2026\/03\/fotos-web-91.png","datePublished":"2026-03-10T13:50:46+00:00","description":"La profesora, en calidad de coinvestigadora, se enfocar\u00e1 en definir criterios de priorizaci\u00f3n en el SAE para mitigar la segregaci\u00f3n socioecon\u00f3mica en colegios de Chile, integrando evidencia reciente y recomendaciones de pol\u00edtica p\u00fablica.","breadcrumb":{"@id":"https:\/\/www.ing.uc.cl\/industrial-y-sistemas\/2026\/03\/10\/fernanda-ramirez-impulsara-propuesta-para-disminuir-la-segregacion-escolar-a-partir-del-sistema-de-admision-escolar\/#breadcrumb"},"inLanguage":"es-CL","potentialAction":[{"@type":"ReadAction","target":["https:\/\/www.ing.uc.cl\/industrial-y-sistemas\/2026\/03\/10\/fernanda-ramirez-impulsara-propuesta-para-disminuir-la-segregacion-escolar-a-partir-del-sistema-de-admision-escolar\/"]}]},{"@type":"ImageObject","inLanguage":"es-CL","@id":"https:\/\/www.ing.uc.cl\/industrial-y-sistemas\/2026\/03\/10\/fernanda-ramirez-impulsara-propuesta-para-disminuir-la-segregacion-escolar-a-partir-del-sistema-de-admision-escolar\/#primaryimage","url":"https:\/\/www.ing.uc.cl\/industrial-y-sistemas\/wp-content\/uploads\/2026\/03\/fotos-web-91.png","contentUrl":"https:\/\/www.ing.uc.cl\/industrial-y-sistemas\/wp-content\/uploads\/2026\/03\/fotos-web-91.png","width":1800,"height":1200},{"@type":"BreadcrumbList","@id":"https:\/\/www.ing.uc.cl\/industrial-y-sistemas\/2026\/03\/10\/fernanda-ramirez-impulsara-propuesta-para-disminuir-la-segregacion-escolar-a-partir-del-sistema-de-admision-escolar\/#breadcrumb","itemListElement":[{"@type":"ListItem","position":1,"name":"Portada","item":"https:\/\/www.ing.uc.cl\/industrial-y-sistemas\/"},{"@type":"ListItem","position":2,"name":"Fernanda Ram\u00edrez impulsar\u00e1 propuesta para disminuir la segregaci\u00f3n escolar a partir del Sistema de Admisi\u00f3n Escolar"}]},{"@type":"WebSite","@id":"https:\/\/www.ing.uc.cl\/industrial-y-sistemas\/#website","url":"https:\/\/www.ing.uc.cl\/industrial-y-sistemas\/","name":"Departamento de Ingenier\u00eda Industrial y de Sistemas","description":"Escuela de Ingenier\u00eda","publisher":{"@id":"https:\/\/www.ing.uc.cl\/industrial-y-sistemas\/#organization"},"potentialAction":[{"@type":"SearchAction","target":{"@type":"EntryPoint","urlTemplate":"https:\/\/www.ing.uc.cl\/industrial-y-sistemas\/?s={search_term_string}"},"query-input":{"@type":"PropertyValueSpecification","valueRequired":true,"valueName":"search_term_string"}}],"inLanguage":"es-CL"},{"@type":"Organization","@id":"https:\/\/www.ing.uc.cl\/industrial-y-sistemas\/#organization","name":"Departamento de Ingenier\u00eda Industrial y de Sistemas","url":"https:\/\/www.ing.uc.cl\/industrial-y-sistemas\/","logo":{"@type":"ImageObject","inLanguage":"es-CL","@id":"https:\/\/www.ing.uc.cl\/industrial-y-sistemas\/#\/schema\/logo\/image\/","url":"https:\/\/www.ing.uc.cl\/industrial-y-sistemas\/wp-content\/uploads\/2023\/11\/cropped-UC-P2727-01.png","contentUrl":"https:\/\/www.ing.uc.cl\/industrial-y-sistemas\/wp-content\/uploads\/2023\/11\/cropped-UC-P2727-01.png","width":307,"height":414,"caption":"Departamento de Ingenier\u00eda Industrial y de Sistemas"},"image":{"@id":"https:\/\/www.ing.uc.cl\/industrial-y-sistemas\/#\/schema\/logo\/image\/"}},{"@type":"Person","@id":"https:\/\/www.ing.uc.cl\/industrial-y-sistemas\/#\/schema\/person\/365e644ebc1f2a4d2fd2a5d66868a623","name":"Yerko Correa","image":{"@type":"ImageObject","inLanguage":"es-CL","@id":"https:\/\/www.ing.uc.cl\/industrial-y-sistemas\/#\/schema\/person\/image\/","url":"https:\/\/secure.gravatar.com\/avatar\/33bec28475b6cf9256d2b8b67f77471a276277b6f955b4009aefa3e2106a7978?s=96&d=mm&r=g","contentUrl":"https:\/\/secure.gravatar.com\/avatar\/33bec28475b6cf9256d2b8b67f77471a276277b6f955b4009aefa3e2106a7978?s=96&d=mm&r=g","caption":"Yerko Correa"},"url":"https:\/\/www.ing.uc.cl\/industrial-y-sistemas\/author\/ycorrea\/"}]}},"rttpg_featured_image_url":{"full":["https:\/\/www.ing.uc.cl\/industrial-y-sistemas\/wp-content\/uploads\/2026\/03\/fotos-web-91.png",1800,1200,false],"landscape":["https:\/\/www.ing.uc.cl\/industrial-y-sistemas\/wp-content\/uploads\/2026\/03\/fotos-web-91.png",1800,1200,false],"portraits":["https:\/\/www.ing.uc.cl\/industrial-y-sistemas\/wp-content\/uploads\/2026\/03\/fotos-web-91.png",1800,1200,false],"thumbnail":["https:\/\/www.ing.uc.cl\/industrial-y-sistemas\/wp-content\/uploads\/2026\/03\/fotos-web-91-150x150.png",150,150,true],"medium":["https:\/\/www.ing.uc.cl\/industrial-y-sistemas\/wp-content\/uploads\/2026\/03\/fotos-web-91-300x200.png",300,200,true],"large":["https:\/\/www.ing.uc.cl\/industrial-y-sistemas\/wp-content\/uploads\/2026\/03\/fotos-web-91-1024x683.png",1024,683,true],"1536x1536":["https:\/\/www.ing.uc.cl\/industrial-y-sistemas\/wp-content\/uploads\/2026\/03\/fotos-web-91-1536x1024.png",1536,1024,true],"2048x2048":["https:\/\/www.ing.uc.cl\/industrial-y-sistemas\/wp-content\/uploads\/2026\/03\/fotos-web-91.png",1800,1200,false],"sow-carousel-default":["https:\/\/www.ing.uc.cl\/industrial-y-sistemas\/wp-content\/uploads\/2026\/03\/fotos-web-91-272x182.png",272,182,true]},"rttpg_author":{"display_name":"Yerko Correa","author_link":"https:\/\/www.ing.uc.cl\/industrial-y-sistemas\/author\/ycorrea\/"},"rttpg_comment":0,"rttpg_category":"<a href=\"https:\/\/www.ing.uc.cl\/industrial-y-sistemas\/category\/noticias\/\" rel=\"category tag\">Noticias<\/a>","rttpg_excerpt":"En el marco del XIX Concurso de Pol\u00edticas P\u00fablicas, el Centro de Pol\u00edticas P\u00fablicas UC dio a conocer a los\/as acad\u00e9micos\/as de equipos interdisciplinarios que llevaran a cabo propuestas innovadoras que permitan solucionar problem\u00e1ticas de la sociedad chilena actual. Entre las seleccionadas, se encuentra Fernanda Ram\u00edrez Espinoza, profesora con vacante compartida entre College UC y&hellip;","_links":{"self":[{"href":"https:\/\/www.ing.uc.cl\/industrial-y-sistemas\/wp-json\/wp\/v2\/posts\/355628","targetHints":{"allow":["GET"]}}],"collection":[{"href":"https:\/\/www.ing.uc.cl\/industrial-y-sistemas\/wp-json\/wp\/v2\/posts"}],"about":[{"href":"https:\/\/www.ing.uc.cl\/industrial-y-sistemas\/wp-json\/wp\/v2\/types\/post"}],"author":[{"embeddable":true,"href":"https:\/\/www.ing.uc.cl\/industrial-y-sistemas\/wp-json\/wp\/v2\/users\/9"}],"replies":[{"embeddable":true,"href":"https:\/\/www.ing.uc.cl\/industrial-y-sistemas\/wp-json\/wp\/v2\/comments?post=355628"}],"version-history":[{"count":2,"href":"https:\/\/www.ing.uc.cl\/industrial-y-sistemas\/wp-json\/wp\/v2\/posts\/355628\/revisions"}],"predecessor-version":[{"id":355631,"href":"https:\/\/www.ing.uc.cl\/industrial-y-sistemas\/wp-json\/wp\/v2\/posts\/355628\/revisions\/355631"}],"wp:featuredmedia":[{"embeddable":true,"href":"https:\/\/www.ing.uc.cl\/industrial-y-sistemas\/wp-json\/wp\/v2\/media\/355629"}],"wp:attachment":[{"href":"https:\/\/www.ing.uc.cl\/industrial-y-sistemas\/wp-json\/wp\/v2\/media?parent=355628"}],"wp:term":[{"taxonomy":"category","embeddable":true,"href":"https:\/\/www.ing.uc.cl\/industrial-y-sistemas\/wp-json\/wp\/v2\/categories?post=355628"},{"taxonomy":"post_tag","embeddable":true,"href":"https:\/\/www.ing.uc.cl\/industrial-y-sistemas\/wp-json\/wp\/v2\/tags?post=355628"}],"curies":[{"name":"wp","href":"https:\/\/api.w.org\/{rel}","templated":true}]}}