{"id":355632,"date":"2026-03-10T12:26:40","date_gmt":"2026-03-10T15:26:40","guid":{"rendered":"https:\/\/www.ing.uc.cl\/industrial-y-sistemas\/?p=355632"},"modified":"2026-03-10T12:26:40","modified_gmt":"2026-03-10T15:26:40","slug":"enzo-sauma-desarrollara-propuesta-para-mejorar-la-institucionalidad-del-sector-electrico-en-chile","status":"publish","type":"post","link":"https:\/\/www.ing.uc.cl\/industrial-y-sistemas\/2026\/03\/10\/enzo-sauma-desarrollara-propuesta-para-mejorar-la-institucionalidad-del-sector-electrico-en-chile\/","title":{"rendered":"Enzo Sauma desarrollar\u00e1 propuesta para mejorar la institucionalidad del sector el\u00e9ctrico en Chile"},"content":{"rendered":"<p>El <a href=\"https:\/\/politicaspublicas.uc.cl\/\">Centro de Pol\u00edticas P\u00fablicas UC<\/a> dio a conocer a los equipos interdisciplinarios que desarrollar\u00e1n proyectos que ayuden a la toma de decisiones en problem\u00e1ticas nacionales. Entre los seleccionados se encuentra <a href=\"https:\/\/www.ing.uc.cl\/industrial-y-sistemas\/team\/enzo-sauma\/\">Enzo Sauma<\/a>, quien llevar\u00e1 a cabo la &#8220;Propuesta de mejora a la institucionalidad del Sector El\u00e9ctrico en Chile\u201d.<\/p>\n<h1>Conociendo el proyecto<\/h1>\n<p>La propuesta buscar\u00e1 diagnosticar el funcionamiento de la institucionalidad el\u00e9ctrica en Chile \u2014con foco en el <a href=\"https:\/\/energia.gob.cl\/\">Ministerio de Energ\u00eda<\/a>, la <a href=\"https:\/\/www.cne.cl\/\">Comisi\u00f3n Nacional de Energ\u00eda (CNE)<\/a>, la <a href=\"https:\/\/www.sec.cl\/?view_full_site=true\">Superintendencia de Electricidad y Combustibles (SEC)<\/a> y el <a href=\"https:\/\/www.coordinador.cl\/?jav_iWebAncho=1280\">Coordinador El\u00e9ctrico Nacional (CEN)<\/a>\u2014, levantar la experiencia internacional y recomendar mejorar priorizadas para cada organismo.<\/p>\n<p>Entre los objetivos espec\u00edficos est\u00e1n revisar la coordinaci\u00f3n entre instituciones, analizar dependencias injustificadas, evaluar el rol del Panel de Expertos y estudiar casos ilustrativos recientes.<\/p>\n<h2>\u00bfPor qu\u00e9 ahora?<\/h2>\n<p>A diez a\u00f1os de la reforma introducida por la <a href=\"https:\/\/www.bcn.cl\/leychile\/navegar?idNorma=1092695\">Ley N.\u00b0 20.936<\/a> del 2016 \u2014que cre\u00f3 el CEN y redistribuy\u00f3 atribuciones\u2014, el ecosistema regulatorio no ha evolucionado al ritmo de las complicaciones del sistema actual, marcado por la masificaci\u00f3n de Energ\u00edas Renovables No Convencionales (ERCN) y, pr\u00f3ximamente, almacenamiento a gran escala.<\/p>\n<p>El equipo sostiene que \u201cactualmente, la estructura institucional del sector el\u00e9ctrico tiene una superposici\u00f3n de funciones y una cadena de dependencias que dificulta la correcta aplicaci\u00f3n de una regulaci\u00f3n que es cada vez m\u00e1s compleja\u201d.<\/p>\n<h3>Motivaciones del proyecto<\/h3>\n<p>El proyecto se levanta a partir de brechas institucionales que han quedado en evidencia en el \u00faltimo tiempo. Entre ellas:<\/p>\n<ul>\n<li>Error en el c\u00e1lculo tarifario (CNE) asociado al tratamiento de diferencias de facturaci\u00f3n y por retrasos durante el per\u00edodo PEC3, donde se aplic\u00f3 una tasa de inter\u00e9s nominal a montos ya reajustados por IPC.<\/li>\n<li>Errores en la programaci\u00f3n de embalses.<\/li>\n<li>Evaluaciones deficientes del Plan de Expansi\u00f3n de la Transmisi\u00f3n (CNE) y una Planificaci\u00f3n Energ\u00e9tica de Largo Plazo (PELP) extensa que no recoge con agilidad el avance tecnol\u00f3gico.<\/li>\n<li>Dise\u00f1o de Servicios Complementarios que solo internaliza costos de desgaste, con participaci\u00f3n de CNE y CEN.<\/li>\n<li>Brechas operacionales: demostrando diferencias superiores al 30% entre la operaci\u00f3n programada del d\u00eda anterior y la real.<\/li>\n<\/ul>\n<h4>De la teor\u00eda a la pr\u00e1ctica<\/h4>\n<p>El trabajo combinar\u00e1 el an\u00e1lisis institucional, entrevistas y talleres con actores p\u00fablicos y privados, y revisi\u00f3n documental. Adem\u00e1s, se considerar\u00e1 un benchmarking internacional, con especial atenci\u00f3n en el caso de Espa\u00f1a \u2014un sistema de caracter\u00edsticas comparables, pero con una regulaci\u00f3n \u201cm\u00e1s din\u00e1mica y coordinada\u201d\u2014, e incluye entrevistas a referentes del \u00e1rea como <a href=\"https:\/\/nataliafabra.org\/\">Natalia Fabra<\/a>.<\/p>\n<h5>Propuestas para la toma de decisiones<\/h5>\n<p>Sobre la base del diagn\u00f3stico y la comparaci\u00f3n internacional, el equipo propondr\u00e1 cambios estructurales de dise\u00f1o institucional y ajustes normativos para robustecer capacidades t\u00e9cnicas e independencia, reducir la probabilidad de errores tarifarios u operativos, y habilitar un marco regulatorio acorde al ingreso masivo de ERCN y almacenamiento.<\/p>\n<p>La meta del proyecto es mejorar la eficiencia del mercado, contener tarifas y preservar se\u00f1ales de inversi\u00f3n. Todo esto en un contexto de mayor demanda el\u00e9ctrica por los planes de descabornizaci\u00f3n e intelegencia artificial.<\/p>\n<h6>Un trabajo en equipo<\/h6>\n<p>La propuesta reunir\u00e1 a especialistas de diferentes \u00e1reas para as\u00ed realizar una investigaci\u00f3n interdisciplinaria que permita hacer una investigaci\u00f3n aplicada. El equipo estar\u00e1 compuesto por Enzo Sauma (Facultad de Ingenier\u00eda UC), <a href=\"https:\/\/economia.uc.cl\/profesores\/juan-pablo-montero\/\">Juan Pablo Montero<\/a> (Instituto de Econom\u00eda UC), <a href=\"https:\/\/derecho.uc.cl\/es\/profesores\/nomina-por-departamento\/departamento-de-derecho-publico\/2201-vergara-blanco-alejandro\">Alejandro Vergara Blanco<\/a> (Facultad de Derecho UC) y <a href=\"https:\/\/economiayadministracion.uc.cl\/docentes\/andres-gonzalez-lira\/\">Andr\u00e9s Gonz\u00e1les Lira<\/a> (Facultad de Econom\u00eda y Administraci\u00f3n UC).<\/p>\n<p>Por: Yerko Correa | ycorrea@uc.cl<\/p>\n<p>&nbsp;<\/p>\n","protected":false},"excerpt":{"rendered":"<p>El Centro de Pol\u00edticas P\u00fablicas UC dio a conocer a los equipos interdisciplinarios que desarrollar\u00e1n proyectos que ayuden a la toma de decisiones en problem\u00e1ticas nacionales. Entre los seleccionados se encuentra Enzo Sauma, quien llevar\u00e1 a cabo la &#8220;Propuesta de mejora a la institucionalidad del Sector El\u00e9ctrico en Chile\u201d. Conociendo el proyecto La propuesta buscar\u00e1 diagnosticar el funcionamiento de la institucionalidad el\u00e9ctrica en Chile \u2014con foco en el Ministerio de Energ\u00eda, la Comisi\u00f3n Nacional de Energ\u00eda (CNE), la Superintendencia de Electricidad y Combustibles (SEC) y el Coordinador El\u00e9ctrico Nacional (CEN)\u2014, levantar la experiencia internacional y recomendar mejorar priorizadas para cada organismo. Entre los objetivos espec\u00edficos est\u00e1n revisar la coordinaci\u00f3n entre instituciones, analizar dependencias injustificadas, evaluar el rol del Panel de Expertos y estudiar casos ilustrativos recientes. \u00bfPor qu\u00e9 ahora? A diez a\u00f1os de la reforma introducida por la Ley N.\u00b0 20.936 del 2016 \u2014que cre\u00f3 el CEN y redistribuy\u00f3 atribuciones\u2014, el ecosistema regulatorio no ha evolucionado al ritmo de las complicaciones del sistema actual, marcado por la masificaci\u00f3n de Energ\u00edas Renovables No Convencionales (ERCN) y, pr\u00f3ximamente, almacenamiento a gran escala. El equipo sostiene que \u201cactualmente, la estructura institucional del sector el\u00e9ctrico tiene una superposici\u00f3n de funciones y una cadena de dependencias que dificulta la correcta aplicaci\u00f3n de una regulaci\u00f3n que es cada vez m\u00e1s compleja\u201d. Motivaciones del proyecto El proyecto se levanta a partir de brechas institucionales que han quedado en evidencia en el \u00faltimo tiempo. Entre ellas: Error en el c\u00e1lculo tarifario (CNE) asociado al tratamiento de diferencias de facturaci\u00f3n y por retrasos durante el per\u00edodo PEC3, donde se aplic\u00f3 una tasa de inter\u00e9s nominal a montos ya reajustados por IPC. Errores en la programaci\u00f3n de embalses. Evaluaciones deficientes del Plan de Expansi\u00f3n de la Transmisi\u00f3n (CNE) y una Planificaci\u00f3n Energ\u00e9tica de Largo Plazo (PELP) extensa que no recoge con agilidad el avance tecnol\u00f3gico. Dise\u00f1o de Servicios Complementarios que solo internaliza costos de desgaste, con participaci\u00f3n de CNE y CEN. Brechas operacionales: demostrando diferencias superiores al 30% entre la operaci\u00f3n programada del d\u00eda anterior y la real. De la teor\u00eda a la pr\u00e1ctica El trabajo combinar\u00e1 el an\u00e1lisis institucional, entrevistas y talleres con actores p\u00fablicos y privados, y revisi\u00f3n documental. Adem\u00e1s, se considerar\u00e1 un benchmarking internacional, con especial atenci\u00f3n en el caso de Espa\u00f1a \u2014un sistema de caracter\u00edsticas comparables, pero con una regulaci\u00f3n \u201cm\u00e1s din\u00e1mica y coordinada\u201d\u2014, e incluye entrevistas a referentes del \u00e1rea como Natalia Fabra. Propuestas para la toma de decisiones Sobre la base del diagn\u00f3stico y la comparaci\u00f3n internacional, el equipo propondr\u00e1 cambios estructurales de dise\u00f1o institucional y ajustes normativos para robustecer capacidades t\u00e9cnicas e independencia, reducir la probabilidad de errores tarifarios u operativos, y habilitar un marco regulatorio acorde al ingreso masivo de ERCN y almacenamiento. La meta del proyecto es mejorar la eficiencia del mercado, contener tarifas y preservar se\u00f1ales de inversi\u00f3n. Todo esto en un contexto de mayor demanda el\u00e9ctrica por los planes de descabornizaci\u00f3n e intelegencia artificial. Un trabajo en equipo La propuesta reunir\u00e1 a especialistas de diferentes \u00e1reas para as\u00ed realizar una investigaci\u00f3n interdisciplinaria que permita hacer una investigaci\u00f3n aplicada. El equipo estar\u00e1 compuesto por Enzo Sauma (Facultad de Ingenier\u00eda UC), Juan Pablo Montero (Instituto de Econom\u00eda UC), Alejandro Vergara Blanco (Facultad de Derecho UC) y Andr\u00e9s Gonz\u00e1les Lira (Facultad de Econom\u00eda y Administraci\u00f3n UC). Por: Yerko Correa | ycorrea@uc.cl &nbsp;<\/p>\n","protected":false},"author":9,"featured_media":355633,"comment_status":"closed","ping_status":"open","sticky":false,"template":"","format":"standard","meta":{"site-sidebar-layout":"default","site-content-layout":"","ast-site-content-layout":"default","site-content-style":"default","site-sidebar-style":"default","ast-global-header-display":"","ast-banner-title-visibility":"","ast-main-header-display":"","ast-hfb-above-header-display":"","ast-hfb-below-header-display":"","ast-hfb-mobile-header-display":"","site-post-title":"","ast-breadcrumbs-content":"","ast-featured-img":"","footer-sml-layout":"","ast-disable-related-posts":"","theme-transparent-header-meta":"default","adv-header-id-meta":"","stick-header-meta":"","header-above-stick-meta":"","header-main-stick-meta":"","header-below-stick-meta":"","astra-migrate-meta-layouts":"set","ast-page-background-enabled":"default","ast-page-background-meta":{"desktop":{"background-color":"","background-image":"","background-repeat":"repeat","background-position":"center center","background-size":"auto","background-attachment":"scroll","background-type":"","background-media":"","overlay-type":"","overlay-color":"","overlay-opacity":"","overlay-gradient":""},"tablet":{"background-color":"","background-image":"","background-repeat":"repeat","background-position":"center center","background-size":"auto","background-attachment":"scroll","background-type":"","background-media":"","overlay-type":"","overlay-color":"","overlay-opacity":"","overlay-gradient":""},"mobile":{"background-color":"","background-image":"","background-repeat":"repeat","background-position":"center center","background-size":"auto","background-attachment":"scroll","background-type":"","background-media":"","overlay-type":"","overlay-color":"","overlay-opacity":"","overlay-gradient":""}},"ast-content-background-meta":{"desktop":{"background-color":"var(--ast-global-color-5)","background-image":"","background-repeat":"repeat","background-position":"center center","background-size":"auto","background-attachment":"scroll","background-type":"","background-media":"","overlay-type":"","overlay-color":"","overlay-opacity":"","overlay-gradient":""},"tablet":{"background-color":"var(--ast-global-color-5)","background-image":"","background-repeat":"repeat","background-position":"center center","background-size":"auto","background-attachment":"scroll","background-type":"","background-media":"","overlay-type":"","overlay-color":"","overlay-opacity":"","overlay-gradient":""},"mobile":{"background-color":"var(--ast-global-color-5)","background-image":"","background-repeat":"repeat","background-position":"center center","background-size":"auto","background-attachment":"scroll","background-type":"","background-media":"","overlay-type":"","overlay-color":"","overlay-opacity":"","overlay-gradient":""}},"footnotes":""},"categories":[10],"tags":[33,189,48,162,89],"class_list":["post-355632","post","type-post","status-publish","format-standard","has-post-thumbnail","hentry","category-noticias","tag-ingenieria-industrial-uc","tag-ingenieria-uc","tag-politicas-publicas","tag-sistema-electrico","tag-uc"],"yoast_head":"<!-- This site is optimized with the Yoast SEO plugin v26.9 - https:\/\/yoast.com\/product\/yoast-seo-wordpress\/ -->\n<title>Enzo Sauma desarrollar\u00e1 propuesta para mejorar la institucionalidad del sector el\u00e9ctrico en Chile - Departamento de Ingenier\u00eda Industrial y de Sistemas<\/title>\n<meta name=\"description\" content=\"El profesor, en calidad de investigador principal, impulsar\u00e1 un diagn\u00f3stico y un paquete de medidas para fortalecer al Ministerio de Energ\u00eda, la CNE, la SEC y el Coordinador El\u00e9ctrico Nacional, con miras a una regulaci\u00f3n m\u00e1s moderna, coordinada y eficiente.\" \/>\n<meta name=\"robots\" content=\"index, follow, max-snippet:-1, max-image-preview:large, max-video-preview:-1\" \/>\n<link rel=\"canonical\" href=\"https:\/\/www.ing.uc.cl\/industrial-y-sistemas\/2026\/03\/10\/enzo-sauma-desarrollara-propuesta-para-mejorar-la-institucionalidad-del-sector-electrico-en-chile\/\" \/>\n<meta property=\"og:locale\" content=\"es_ES\" \/>\n<meta property=\"og:type\" content=\"article\" \/>\n<meta property=\"og:title\" content=\"Enzo Sauma desarrollar\u00e1 propuesta para mejorar la institucionalidad del sector el\u00e9ctrico en Chile - Departamento de Ingenier\u00eda Industrial y de Sistemas\" \/>\n<meta property=\"og:description\" content=\"El profesor, en calidad de investigador principal, impulsar\u00e1 un diagn\u00f3stico y un paquete de medidas para fortalecer al Ministerio de Energ\u00eda, la CNE, la SEC y el Coordinador El\u00e9ctrico Nacional, con miras a una regulaci\u00f3n m\u00e1s moderna, coordinada y eficiente.\" \/>\n<meta property=\"og:url\" content=\"https:\/\/www.ing.uc.cl\/industrial-y-sistemas\/2026\/03\/10\/enzo-sauma-desarrollara-propuesta-para-mejorar-la-institucionalidad-del-sector-electrico-en-chile\/\" \/>\n<meta property=\"og:site_name\" content=\"Departamento de Ingenier\u00eda Industrial y de Sistemas\" \/>\n<meta property=\"article:published_time\" content=\"2026-03-10T15:26:40+00:00\" \/>\n<meta property=\"og:image\" content=\"https:\/\/www.ing.uc.cl\/industrial-y-sistemas\/wp-content\/uploads\/2026\/03\/fotos-web-92-1024x683.png\" \/>\n\t<meta property=\"og:image:width\" content=\"1024\" \/>\n\t<meta property=\"og:image:height\" content=\"683\" \/>\n\t<meta property=\"og:image:type\" content=\"image\/png\" \/>\n<meta name=\"author\" content=\"Yerko Correa\" \/>\n<meta name=\"twitter:card\" content=\"summary_large_image\" \/>\n<meta name=\"twitter:label1\" content=\"Escrito por\" \/>\n\t<meta name=\"twitter:data1\" content=\"Yerko Correa\" \/>\n\t<meta name=\"twitter:label2\" content=\"Tiempo estimado de lectura\" \/>\n\t<meta name=\"twitter:data2\" content=\"3 minutos\" \/>\n<script type=\"application\/ld+json\" class=\"yoast-schema-graph\">{\"@context\":\"https:\/\/schema.org\",\"@graph\":[{\"@type\":\"Article\",\"@id\":\"https:\/\/www.ing.uc.cl\/industrial-y-sistemas\/2026\/03\/10\/enzo-sauma-desarrollara-propuesta-para-mejorar-la-institucionalidad-del-sector-electrico-en-chile\/#article\",\"isPartOf\":{\"@id\":\"https:\/\/www.ing.uc.cl\/industrial-y-sistemas\/2026\/03\/10\/enzo-sauma-desarrollara-propuesta-para-mejorar-la-institucionalidad-del-sector-electrico-en-chile\/\"},\"author\":{\"name\":\"Yerko Correa\",\"@id\":\"https:\/\/www.ing.uc.cl\/industrial-y-sistemas\/#\/schema\/person\/365e644ebc1f2a4d2fd2a5d66868a623\"},\"headline\":\"Enzo Sauma desarrollar\u00e1 propuesta para mejorar la institucionalidad del sector el\u00e9ctrico en Chile\",\"datePublished\":\"2026-03-10T15:26:40+00:00\",\"mainEntityOfPage\":{\"@id\":\"https:\/\/www.ing.uc.cl\/industrial-y-sistemas\/2026\/03\/10\/enzo-sauma-desarrollara-propuesta-para-mejorar-la-institucionalidad-del-sector-electrico-en-chile\/\"},\"wordCount\":626,\"publisher\":{\"@id\":\"https:\/\/www.ing.uc.cl\/industrial-y-sistemas\/#organization\"},\"image\":{\"@id\":\"https:\/\/www.ing.uc.cl\/industrial-y-sistemas\/2026\/03\/10\/enzo-sauma-desarrollara-propuesta-para-mejorar-la-institucionalidad-del-sector-electrico-en-chile\/#primaryimage\"},\"thumbnailUrl\":\"https:\/\/www.ing.uc.cl\/industrial-y-sistemas\/wp-content\/uploads\/2026\/03\/fotos-web-92.png\",\"keywords\":[\"ingenieria industrial UC\",\"Ingenier\u00eda UC\",\"Pol\u00edticas P\u00fablicas\",\"Sistema El\u00e9ctrico\",\"UC\"],\"articleSection\":[\"Noticias\"],\"inLanguage\":\"es-CL\"},{\"@type\":\"WebPage\",\"@id\":\"https:\/\/www.ing.uc.cl\/industrial-y-sistemas\/2026\/03\/10\/enzo-sauma-desarrollara-propuesta-para-mejorar-la-institucionalidad-del-sector-electrico-en-chile\/\",\"url\":\"https:\/\/www.ing.uc.cl\/industrial-y-sistemas\/2026\/03\/10\/enzo-sauma-desarrollara-propuesta-para-mejorar-la-institucionalidad-del-sector-electrico-en-chile\/\",\"name\":\"Enzo Sauma desarrollar\u00e1 propuesta para mejorar la institucionalidad del sector el\u00e9ctrico en Chile - Departamento de Ingenier\u00eda Industrial y de Sistemas\",\"isPartOf\":{\"@id\":\"https:\/\/www.ing.uc.cl\/industrial-y-sistemas\/#website\"},\"primaryImageOfPage\":{\"@id\":\"https:\/\/www.ing.uc.cl\/industrial-y-sistemas\/2026\/03\/10\/enzo-sauma-desarrollara-propuesta-para-mejorar-la-institucionalidad-del-sector-electrico-en-chile\/#primaryimage\"},\"image\":{\"@id\":\"https:\/\/www.ing.uc.cl\/industrial-y-sistemas\/2026\/03\/10\/enzo-sauma-desarrollara-propuesta-para-mejorar-la-institucionalidad-del-sector-electrico-en-chile\/#primaryimage\"},\"thumbnailUrl\":\"https:\/\/www.ing.uc.cl\/industrial-y-sistemas\/wp-content\/uploads\/2026\/03\/fotos-web-92.png\",\"datePublished\":\"2026-03-10T15:26:40+00:00\",\"description\":\"El profesor, en calidad de investigador principal, impulsar\u00e1 un diagn\u00f3stico y un paquete de medidas para fortalecer al Ministerio de Energ\u00eda, la CNE, la SEC y el Coordinador El\u00e9ctrico Nacional, con miras a una regulaci\u00f3n m\u00e1s moderna, coordinada y eficiente.\",\"breadcrumb\":{\"@id\":\"https:\/\/www.ing.uc.cl\/industrial-y-sistemas\/2026\/03\/10\/enzo-sauma-desarrollara-propuesta-para-mejorar-la-institucionalidad-del-sector-electrico-en-chile\/#breadcrumb\"},\"inLanguage\":\"es-CL\",\"potentialAction\":[{\"@type\":\"ReadAction\",\"target\":[\"https:\/\/www.ing.uc.cl\/industrial-y-sistemas\/2026\/03\/10\/enzo-sauma-desarrollara-propuesta-para-mejorar-la-institucionalidad-del-sector-electrico-en-chile\/\"]}]},{\"@type\":\"ImageObject\",\"inLanguage\":\"es-CL\",\"@id\":\"https:\/\/www.ing.uc.cl\/industrial-y-sistemas\/2026\/03\/10\/enzo-sauma-desarrollara-propuesta-para-mejorar-la-institucionalidad-del-sector-electrico-en-chile\/#primaryimage\",\"url\":\"https:\/\/www.ing.uc.cl\/industrial-y-sistemas\/wp-content\/uploads\/2026\/03\/fotos-web-92.png\",\"contentUrl\":\"https:\/\/www.ing.uc.cl\/industrial-y-sistemas\/wp-content\/uploads\/2026\/03\/fotos-web-92.png\",\"width\":1800,\"height\":1200},{\"@type\":\"BreadcrumbList\",\"@id\":\"https:\/\/www.ing.uc.cl\/industrial-y-sistemas\/2026\/03\/10\/enzo-sauma-desarrollara-propuesta-para-mejorar-la-institucionalidad-del-sector-electrico-en-chile\/#breadcrumb\",\"itemListElement\":[{\"@type\":\"ListItem\",\"position\":1,\"name\":\"Portada\",\"item\":\"https:\/\/www.ing.uc.cl\/industrial-y-sistemas\/\"},{\"@type\":\"ListItem\",\"position\":2,\"name\":\"Enzo Sauma desarrollar\u00e1 propuesta para mejorar la institucionalidad del sector el\u00e9ctrico en Chile\"}]},{\"@type\":\"WebSite\",\"@id\":\"https:\/\/www.ing.uc.cl\/industrial-y-sistemas\/#website\",\"url\":\"https:\/\/www.ing.uc.cl\/industrial-y-sistemas\/\",\"name\":\"Departamento de Ingenier\u00eda Industrial y de Sistemas\",\"description\":\"Escuela de Ingenier\u00eda\",\"publisher\":{\"@id\":\"https:\/\/www.ing.uc.cl\/industrial-y-sistemas\/#organization\"},\"potentialAction\":[{\"@type\":\"SearchAction\",\"target\":{\"@type\":\"EntryPoint\",\"urlTemplate\":\"https:\/\/www.ing.uc.cl\/industrial-y-sistemas\/?s={search_term_string}\"},\"query-input\":{\"@type\":\"PropertyValueSpecification\",\"valueRequired\":true,\"valueName\":\"search_term_string\"}}],\"inLanguage\":\"es-CL\"},{\"@type\":\"Organization\",\"@id\":\"https:\/\/www.ing.uc.cl\/industrial-y-sistemas\/#organization\",\"name\":\"Departamento de Ingenier\u00eda Industrial y de Sistemas\",\"url\":\"https:\/\/www.ing.uc.cl\/industrial-y-sistemas\/\",\"logo\":{\"@type\":\"ImageObject\",\"inLanguage\":\"es-CL\",\"@id\":\"https:\/\/www.ing.uc.cl\/industrial-y-sistemas\/#\/schema\/logo\/image\/\",\"url\":\"https:\/\/www.ing.uc.cl\/industrial-y-sistemas\/wp-content\/uploads\/2023\/11\/cropped-UC-P2727-01.png\",\"contentUrl\":\"https:\/\/www.ing.uc.cl\/industrial-y-sistemas\/wp-content\/uploads\/2023\/11\/cropped-UC-P2727-01.png\",\"width\":307,\"height\":414,\"caption\":\"Departamento de Ingenier\u00eda Industrial y de Sistemas\"},\"image\":{\"@id\":\"https:\/\/www.ing.uc.cl\/industrial-y-sistemas\/#\/schema\/logo\/image\/\"}},{\"@type\":\"Person\",\"@id\":\"https:\/\/www.ing.uc.cl\/industrial-y-sistemas\/#\/schema\/person\/365e644ebc1f2a4d2fd2a5d66868a623\",\"name\":\"Yerko Correa\",\"image\":{\"@type\":\"ImageObject\",\"inLanguage\":\"es-CL\",\"@id\":\"https:\/\/www.ing.uc.cl\/industrial-y-sistemas\/#\/schema\/person\/image\/\",\"url\":\"https:\/\/secure.gravatar.com\/avatar\/33bec28475b6cf9256d2b8b67f77471a276277b6f955b4009aefa3e2106a7978?s=96&d=mm&r=g\",\"contentUrl\":\"https:\/\/secure.gravatar.com\/avatar\/33bec28475b6cf9256d2b8b67f77471a276277b6f955b4009aefa3e2106a7978?s=96&d=mm&r=g\",\"caption\":\"Yerko Correa\"},\"url\":\"https:\/\/www.ing.uc.cl\/industrial-y-sistemas\/author\/ycorrea\/\"}]}<\/script>\n<!-- \/ Yoast SEO plugin. -->","yoast_head_json":{"title":"Enzo Sauma desarrollar\u00e1 propuesta para mejorar la institucionalidad del sector el\u00e9ctrico en Chile - Departamento de Ingenier\u00eda Industrial y de Sistemas","description":"El profesor, en calidad de investigador principal, impulsar\u00e1 un diagn\u00f3stico y un paquete de medidas para fortalecer al Ministerio de Energ\u00eda, la CNE, la SEC y el Coordinador El\u00e9ctrico Nacional, con miras a una regulaci\u00f3n m\u00e1s moderna, coordinada y eficiente.","robots":{"index":"index","follow":"follow","max-snippet":"max-snippet:-1","max-image-preview":"max-image-preview:large","max-video-preview":"max-video-preview:-1"},"canonical":"https:\/\/www.ing.uc.cl\/industrial-y-sistemas\/2026\/03\/10\/enzo-sauma-desarrollara-propuesta-para-mejorar-la-institucionalidad-del-sector-electrico-en-chile\/","og_locale":"es_ES","og_type":"article","og_title":"Enzo Sauma desarrollar\u00e1 propuesta para mejorar la institucionalidad del sector el\u00e9ctrico en Chile - Departamento de Ingenier\u00eda Industrial y de Sistemas","og_description":"El profesor, en calidad de investigador principal, impulsar\u00e1 un diagn\u00f3stico y un paquete de medidas para fortalecer al Ministerio de Energ\u00eda, la CNE, la SEC y el Coordinador El\u00e9ctrico Nacional, con miras a una regulaci\u00f3n m\u00e1s moderna, coordinada y eficiente.","og_url":"https:\/\/www.ing.uc.cl\/industrial-y-sistemas\/2026\/03\/10\/enzo-sauma-desarrollara-propuesta-para-mejorar-la-institucionalidad-del-sector-electrico-en-chile\/","og_site_name":"Departamento de Ingenier\u00eda Industrial y de Sistemas","article_published_time":"2026-03-10T15:26:40+00:00","og_image":[{"width":1024,"height":683,"url":"https:\/\/www.ing.uc.cl\/industrial-y-sistemas\/wp-content\/uploads\/2026\/03\/fotos-web-92-1024x683.png","type":"image\/png"}],"author":"Yerko Correa","twitter_card":"summary_large_image","twitter_misc":{"Escrito por":"Yerko Correa","Tiempo estimado de lectura":"3 minutos"},"schema":{"@context":"https:\/\/schema.org","@graph":[{"@type":"Article","@id":"https:\/\/www.ing.uc.cl\/industrial-y-sistemas\/2026\/03\/10\/enzo-sauma-desarrollara-propuesta-para-mejorar-la-institucionalidad-del-sector-electrico-en-chile\/#article","isPartOf":{"@id":"https:\/\/www.ing.uc.cl\/industrial-y-sistemas\/2026\/03\/10\/enzo-sauma-desarrollara-propuesta-para-mejorar-la-institucionalidad-del-sector-electrico-en-chile\/"},"author":{"name":"Yerko Correa","@id":"https:\/\/www.ing.uc.cl\/industrial-y-sistemas\/#\/schema\/person\/365e644ebc1f2a4d2fd2a5d66868a623"},"headline":"Enzo Sauma desarrollar\u00e1 propuesta para mejorar la institucionalidad del sector el\u00e9ctrico en Chile","datePublished":"2026-03-10T15:26:40+00:00","mainEntityOfPage":{"@id":"https:\/\/www.ing.uc.cl\/industrial-y-sistemas\/2026\/03\/10\/enzo-sauma-desarrollara-propuesta-para-mejorar-la-institucionalidad-del-sector-electrico-en-chile\/"},"wordCount":626,"publisher":{"@id":"https:\/\/www.ing.uc.cl\/industrial-y-sistemas\/#organization"},"image":{"@id":"https:\/\/www.ing.uc.cl\/industrial-y-sistemas\/2026\/03\/10\/enzo-sauma-desarrollara-propuesta-para-mejorar-la-institucionalidad-del-sector-electrico-en-chile\/#primaryimage"},"thumbnailUrl":"https:\/\/www.ing.uc.cl\/industrial-y-sistemas\/wp-content\/uploads\/2026\/03\/fotos-web-92.png","keywords":["ingenieria industrial UC","Ingenier\u00eda UC","Pol\u00edticas P\u00fablicas","Sistema El\u00e9ctrico","UC"],"articleSection":["Noticias"],"inLanguage":"es-CL"},{"@type":"WebPage","@id":"https:\/\/www.ing.uc.cl\/industrial-y-sistemas\/2026\/03\/10\/enzo-sauma-desarrollara-propuesta-para-mejorar-la-institucionalidad-del-sector-electrico-en-chile\/","url":"https:\/\/www.ing.uc.cl\/industrial-y-sistemas\/2026\/03\/10\/enzo-sauma-desarrollara-propuesta-para-mejorar-la-institucionalidad-del-sector-electrico-en-chile\/","name":"Enzo Sauma desarrollar\u00e1 propuesta para mejorar la institucionalidad del sector el\u00e9ctrico en Chile - Departamento de Ingenier\u00eda Industrial y de Sistemas","isPartOf":{"@id":"https:\/\/www.ing.uc.cl\/industrial-y-sistemas\/#website"},"primaryImageOfPage":{"@id":"https:\/\/www.ing.uc.cl\/industrial-y-sistemas\/2026\/03\/10\/enzo-sauma-desarrollara-propuesta-para-mejorar-la-institucionalidad-del-sector-electrico-en-chile\/#primaryimage"},"image":{"@id":"https:\/\/www.ing.uc.cl\/industrial-y-sistemas\/2026\/03\/10\/enzo-sauma-desarrollara-propuesta-para-mejorar-la-institucionalidad-del-sector-electrico-en-chile\/#primaryimage"},"thumbnailUrl":"https:\/\/www.ing.uc.cl\/industrial-y-sistemas\/wp-content\/uploads\/2026\/03\/fotos-web-92.png","datePublished":"2026-03-10T15:26:40+00:00","description":"El profesor, en calidad de investigador principal, impulsar\u00e1 un diagn\u00f3stico y un paquete de medidas para fortalecer al Ministerio de Energ\u00eda, la CNE, la SEC y el Coordinador El\u00e9ctrico Nacional, con miras a una regulaci\u00f3n m\u00e1s moderna, coordinada y eficiente.","breadcrumb":{"@id":"https:\/\/www.ing.uc.cl\/industrial-y-sistemas\/2026\/03\/10\/enzo-sauma-desarrollara-propuesta-para-mejorar-la-institucionalidad-del-sector-electrico-en-chile\/#breadcrumb"},"inLanguage":"es-CL","potentialAction":[{"@type":"ReadAction","target":["https:\/\/www.ing.uc.cl\/industrial-y-sistemas\/2026\/03\/10\/enzo-sauma-desarrollara-propuesta-para-mejorar-la-institucionalidad-del-sector-electrico-en-chile\/"]}]},{"@type":"ImageObject","inLanguage":"es-CL","@id":"https:\/\/www.ing.uc.cl\/industrial-y-sistemas\/2026\/03\/10\/enzo-sauma-desarrollara-propuesta-para-mejorar-la-institucionalidad-del-sector-electrico-en-chile\/#primaryimage","url":"https:\/\/www.ing.uc.cl\/industrial-y-sistemas\/wp-content\/uploads\/2026\/03\/fotos-web-92.png","contentUrl":"https:\/\/www.ing.uc.cl\/industrial-y-sistemas\/wp-content\/uploads\/2026\/03\/fotos-web-92.png","width":1800,"height":1200},{"@type":"BreadcrumbList","@id":"https:\/\/www.ing.uc.cl\/industrial-y-sistemas\/2026\/03\/10\/enzo-sauma-desarrollara-propuesta-para-mejorar-la-institucionalidad-del-sector-electrico-en-chile\/#breadcrumb","itemListElement":[{"@type":"ListItem","position":1,"name":"Portada","item":"https:\/\/www.ing.uc.cl\/industrial-y-sistemas\/"},{"@type":"ListItem","position":2,"name":"Enzo Sauma desarrollar\u00e1 propuesta para mejorar la institucionalidad del sector el\u00e9ctrico en Chile"}]},{"@type":"WebSite","@id":"https:\/\/www.ing.uc.cl\/industrial-y-sistemas\/#website","url":"https:\/\/www.ing.uc.cl\/industrial-y-sistemas\/","name":"Departamento de Ingenier\u00eda Industrial y de Sistemas","description":"Escuela de Ingenier\u00eda","publisher":{"@id":"https:\/\/www.ing.uc.cl\/industrial-y-sistemas\/#organization"},"potentialAction":[{"@type":"SearchAction","target":{"@type":"EntryPoint","urlTemplate":"https:\/\/www.ing.uc.cl\/industrial-y-sistemas\/?s={search_term_string}"},"query-input":{"@type":"PropertyValueSpecification","valueRequired":true,"valueName":"search_term_string"}}],"inLanguage":"es-CL"},{"@type":"Organization","@id":"https:\/\/www.ing.uc.cl\/industrial-y-sistemas\/#organization","name":"Departamento de Ingenier\u00eda Industrial y de Sistemas","url":"https:\/\/www.ing.uc.cl\/industrial-y-sistemas\/","logo":{"@type":"ImageObject","inLanguage":"es-CL","@id":"https:\/\/www.ing.uc.cl\/industrial-y-sistemas\/#\/schema\/logo\/image\/","url":"https:\/\/www.ing.uc.cl\/industrial-y-sistemas\/wp-content\/uploads\/2023\/11\/cropped-UC-P2727-01.png","contentUrl":"https:\/\/www.ing.uc.cl\/industrial-y-sistemas\/wp-content\/uploads\/2023\/11\/cropped-UC-P2727-01.png","width":307,"height":414,"caption":"Departamento de Ingenier\u00eda Industrial y de Sistemas"},"image":{"@id":"https:\/\/www.ing.uc.cl\/industrial-y-sistemas\/#\/schema\/logo\/image\/"}},{"@type":"Person","@id":"https:\/\/www.ing.uc.cl\/industrial-y-sistemas\/#\/schema\/person\/365e644ebc1f2a4d2fd2a5d66868a623","name":"Yerko Correa","image":{"@type":"ImageObject","inLanguage":"es-CL","@id":"https:\/\/www.ing.uc.cl\/industrial-y-sistemas\/#\/schema\/person\/image\/","url":"https:\/\/secure.gravatar.com\/avatar\/33bec28475b6cf9256d2b8b67f77471a276277b6f955b4009aefa3e2106a7978?s=96&d=mm&r=g","contentUrl":"https:\/\/secure.gravatar.com\/avatar\/33bec28475b6cf9256d2b8b67f77471a276277b6f955b4009aefa3e2106a7978?s=96&d=mm&r=g","caption":"Yerko Correa"},"url":"https:\/\/www.ing.uc.cl\/industrial-y-sistemas\/author\/ycorrea\/"}]}},"rttpg_featured_image_url":{"full":["https:\/\/www.ing.uc.cl\/industrial-y-sistemas\/wp-content\/uploads\/2026\/03\/fotos-web-92.png",1800,1200,false],"landscape":["https:\/\/www.ing.uc.cl\/industrial-y-sistemas\/wp-content\/uploads\/2026\/03\/fotos-web-92.png",1800,1200,false],"portraits":["https:\/\/www.ing.uc.cl\/industrial-y-sistemas\/wp-content\/uploads\/2026\/03\/fotos-web-92.png",1800,1200,false],"thumbnail":["https:\/\/www.ing.uc.cl\/industrial-y-sistemas\/wp-content\/uploads\/2026\/03\/fotos-web-92-150x150.png",150,150,true],"medium":["https:\/\/www.ing.uc.cl\/industrial-y-sistemas\/wp-content\/uploads\/2026\/03\/fotos-web-92-300x200.png",300,200,true],"large":["https:\/\/www.ing.uc.cl\/industrial-y-sistemas\/wp-content\/uploads\/2026\/03\/fotos-web-92-1024x683.png",1024,683,true],"1536x1536":["https:\/\/www.ing.uc.cl\/industrial-y-sistemas\/wp-content\/uploads\/2026\/03\/fotos-web-92-1536x1024.png",1536,1024,true],"2048x2048":["https:\/\/www.ing.uc.cl\/industrial-y-sistemas\/wp-content\/uploads\/2026\/03\/fotos-web-92.png",1800,1200,false],"sow-carousel-default":["https:\/\/www.ing.uc.cl\/industrial-y-sistemas\/wp-content\/uploads\/2026\/03\/fotos-web-92-272x182.png",272,182,true]},"rttpg_author":{"display_name":"Yerko Correa","author_link":"https:\/\/www.ing.uc.cl\/industrial-y-sistemas\/author\/ycorrea\/"},"rttpg_comment":0,"rttpg_category":"<a href=\"https:\/\/www.ing.uc.cl\/industrial-y-sistemas\/category\/noticias\/\" rel=\"category tag\">Noticias<\/a>","rttpg_excerpt":"El Centro de Pol\u00edticas P\u00fablicas UC dio a conocer a los equipos interdisciplinarios que desarrollar\u00e1n proyectos que ayuden a la toma de decisiones en problem\u00e1ticas nacionales. Entre los seleccionados se encuentra Enzo Sauma, quien llevar\u00e1 a cabo la &#8220;Propuesta de mejora a la institucionalidad del Sector El\u00e9ctrico en Chile\u201d. Conociendo el proyecto La propuesta buscar\u00e1&hellip;","_links":{"self":[{"href":"https:\/\/www.ing.uc.cl\/industrial-y-sistemas\/wp-json\/wp\/v2\/posts\/355632","targetHints":{"allow":["GET"]}}],"collection":[{"href":"https:\/\/www.ing.uc.cl\/industrial-y-sistemas\/wp-json\/wp\/v2\/posts"}],"about":[{"href":"https:\/\/www.ing.uc.cl\/industrial-y-sistemas\/wp-json\/wp\/v2\/types\/post"}],"author":[{"embeddable":true,"href":"https:\/\/www.ing.uc.cl\/industrial-y-sistemas\/wp-json\/wp\/v2\/users\/9"}],"replies":[{"embeddable":true,"href":"https:\/\/www.ing.uc.cl\/industrial-y-sistemas\/wp-json\/wp\/v2\/comments?post=355632"}],"version-history":[{"count":1,"href":"https:\/\/www.ing.uc.cl\/industrial-y-sistemas\/wp-json\/wp\/v2\/posts\/355632\/revisions"}],"predecessor-version":[{"id":355634,"href":"https:\/\/www.ing.uc.cl\/industrial-y-sistemas\/wp-json\/wp\/v2\/posts\/355632\/revisions\/355634"}],"wp:featuredmedia":[{"embeddable":true,"href":"https:\/\/www.ing.uc.cl\/industrial-y-sistemas\/wp-json\/wp\/v2\/media\/355633"}],"wp:attachment":[{"href":"https:\/\/www.ing.uc.cl\/industrial-y-sistemas\/wp-json\/wp\/v2\/media?parent=355632"}],"wp:term":[{"taxonomy":"category","embeddable":true,"href":"https:\/\/www.ing.uc.cl\/industrial-y-sistemas\/wp-json\/wp\/v2\/categories?post=355632"},{"taxonomy":"post_tag","embeddable":true,"href":"https:\/\/www.ing.uc.cl\/industrial-y-sistemas\/wp-json\/wp\/v2\/tags?post=355632"}],"curies":[{"name":"wp","href":"https:\/\/api.w.org\/{rel}","templated":true}]}}