{"id":3663,"date":"2018-05-28T14:13:06","date_gmt":"2018-05-28T14:13:06","guid":{"rendered":"https:\/\/www.ing.uc.cl\/industrial-y-sistemas\/?p=3663"},"modified":"2018-05-28T14:13:06","modified_gmt":"2018-05-28T14:13:06","slug":"la-vicerrectoria-academica-aprobo-la-creacion-del-minor-en-amplitud-de-innovacion-tecnologica","status":"publish","type":"post","link":"https:\/\/www.ing.uc.cl\/industrial-y-sistemas\/2018\/05\/28\/la-vicerrectoria-academica-aprobo-la-creacion-del-minor-en-amplitud-de-innovacion-tecnologica\/","title":{"rendered":"La Vicerrector\u00eda Acad\u00e9mica aprob\u00f3 la creaci\u00f3n del Minor en Amplitud Tecnol\u00f3gica"},"content":{"rendered":"<p>Queremos informar con gran alegr\u00eda que la Vicerrector\u00eda Acad\u00e9mica, aprob\u00f3 la creaci\u00f3n de Minor de Amplitud de Innovaci\u00f3n Tecnol\u00f3gica para alumnos de la Licenciatura en Ciencias de la Ingenier\u00eda (Resoluci\u00f3n VRA N\u00b022\/2018), cuyo proceso de postulaci\u00f3n se realizar\u00eda a contar del Segundo Semestre de 2018, para comenzar con el programa durante el Primer Semestre de 2019.<\/p>\n<p style=\"text-align: center;\"><img decoding=\"async\" class=\"size-medium wp-image-3671 aligncenter\" src=\"https:\/\/www.ing.uc.cl\/industrial-y-sistemas\/wp-content\/uploads\/2018\/05\/charlaminorinnova-1-300x141.jpg\" alt=\"\" width=\"300\" height=\"141\" \/><\/p>\n<p>&#8220;El objetivo general del Minor es formar profesionales capaces de integrar conocimientos de ingenier\u00eda para idear, desarrollar e implementar nuevas propuestas de valor de base cient\u00edfico-tecnol\u00f3gica, que generen un positivo impacto en la sociedad&#8221;, nos comenta Alfonso Cruz, profesor coordinador del Minor, que ofreci\u00f3 una charla informativa durante la Feria de Majors en abril.<\/p>\n<p>La idea es que a trav\u00e9s de este nuevo programa los alumnos:<\/p>\n<ol>\n<li>Adquieran las <strong>capacidades para explorar y reconocer las fronteras tecnol\u00f3gicas <\/strong>en \u00e1mbitos de inter\u00e9s, e identifiquen oportunidades de innovaci\u00f3n.<\/li>\n<li>Aprendan a <strong>desarrollar y validar un prototipo innovador de base tecnol\u00f3gica<\/strong>.<\/li>\n<li>Aprendan y <strong>apliquen las estrategias y principales herramientas para la comercializaci\u00f3n de innovaciones tecnol\u00f3gicas <\/strong>en mercados globales.<\/li>\n<li>Aprendan y <strong>apliquen las herramientas para crear y financiar start-ups <\/strong>sustentables en el tiempo y comprendan sus contextos legales.<\/li>\n<li>Conozcan y <strong>apliquen los instrumentos y estrategias de protecci\u00f3n de la propiedad intelectual y de transferencia tecnol\u00f3gica<\/strong>.<\/li>\n<li>Desarrollen habilidades de creatividad, comunicaci\u00f3n, trabajo en equipo, liderazgo y negociaci\u00f3n para el desarrollo e implementaci\u00f3n de soluciones innovadoras.<\/li>\n<\/ol>\n","protected":false},"excerpt":{"rendered":"<p>Queremos informar con gran alegr\u00eda que la Vicerrector\u00eda Acad\u00e9mica, aprob\u00f3 la creaci\u00f3n de Minor de Amplitud de Innovaci\u00f3n Tecnol\u00f3gica para alumnos de la Licenciatura en Ciencias de la Ingenier\u00eda <\/p>\n","protected":false},"author":4,"featured_media":0,"comment_status":"closed","ping_status":"closed","sticky":false,"template":"","format":"standard","meta":{"site-sidebar-layout":"default","site-content-layout":"","ast-site-content-layout":"default","site-content-style":"default","site-sidebar-style":"default","ast-global-header-display":"","ast-banner-title-visibility":"","ast-main-header-display":"","ast-hfb-above-header-display":"","ast-hfb-below-header-display":"","ast-hfb-mobile-header-display":"","site-post-title":"","ast-breadcrumbs-content":"","ast-featured-img":"","footer-sml-layout":"","ast-disable-related-posts":"","theme-transparent-header-meta":"","adv-header-id-meta":"","stick-header-meta":"","header-above-stick-meta":"","header-main-stick-meta":"","header-below-stick-meta":"","astra-migrate-meta-layouts":"default","ast-page-background-enabled":"default","ast-page-background-meta":{"desktop":{"background-color":"","background-image":"","background-repeat":"repeat","background-position":"center center","background-size":"auto","background-attachment":"scroll","background-type":"","background-media":"","overlay-type":"","overlay-color":"","overlay-opacity":"","overlay-gradient":""},"tablet":{"background-color":"","background-image":"","background-repeat":"repeat","background-position":"center center","background-size":"auto","background-attachment":"scroll","background-type":"","background-media":"","overlay-type":"","overlay-color":"","overlay-opacity":"","overlay-gradient":""},"mobile":{"background-color":"","background-image":"","background-repeat":"repeat","background-position":"center center","background-size":"auto","background-attachment":"scroll","background-type":"","background-media":"","overlay-type":"","overlay-color":"","overlay-opacity":"","overlay-gradient":""}},"ast-content-background-meta":{"desktop":{"background-color":"var(--ast-global-color-5)","background-image":"","background-repeat":"repeat","background-position":"center center","background-size":"auto","background-attachment":"scroll","background-type":"","background-media":"","overlay-type":"","overlay-color":"","overlay-opacity":"","overlay-gradient":""},"tablet":{"background-color":"var(--ast-global-color-5)","background-image":"","background-repeat":"repeat","background-position":"center center","background-size":"auto","background-attachment":"scroll","background-type":"","background-media":"","overlay-type":"","overlay-color":"","overlay-opacity":"","overlay-gradient":""},"mobile":{"background-color":"var(--ast-global-color-5)","background-image":"","background-repeat":"repeat","background-position":"center center","background-size":"auto","background-attachment":"scroll","background-type":"","background-media":"","overlay-type":"","overlay-color":"","overlay-opacity":"","overlay-gradient":""}},"footnotes":""},"categories":[1],"tags":[],"class_list":["post-3663","post","type-post","status-publish","format-standard","hentry","category-sin-categoria"],"yoast_head":"<!-- This site is optimized with the Yoast SEO plugin v26.9 - https:\/\/yoast.com\/product\/yoast-seo-wordpress\/ -->\n<title>La Vicerrector\u00eda Acad\u00e9mica aprob\u00f3 la creaci\u00f3n del Minor en Amplitud Tecnol\u00f3gica - Departamento de Ingenier\u00eda Industrial y de Sistemas<\/title>\n<meta name=\"robots\" content=\"index, follow, max-snippet:-1, max-image-preview:large, max-video-preview:-1\" \/>\n<link rel=\"canonical\" href=\"https:\/\/www.ing.uc.cl\/industrial-y-sistemas\/2018\/05\/28\/la-vicerrectoria-academica-aprobo-la-creacion-del-minor-en-amplitud-de-innovacion-tecnologica\/\" \/>\n<meta property=\"og:locale\" content=\"es_ES\" \/>\n<meta property=\"og:type\" content=\"article\" \/>\n<meta property=\"og:title\" content=\"La Vicerrector\u00eda Acad\u00e9mica aprob\u00f3 la creaci\u00f3n del Minor en Amplitud Tecnol\u00f3gica - Departamento de Ingenier\u00eda Industrial y de Sistemas\" \/>\n<meta property=\"og:description\" content=\"Queremos informar con gran alegr\u00eda que la Vicerrector\u00eda Acad\u00e9mica, aprob\u00f3 la creaci\u00f3n de Minor de Amplitud de Innovaci\u00f3n Tecnol\u00f3gica para alumnos de la Licenciatura en Ciencias de la Ingenier\u00eda\" \/>\n<meta property=\"og:url\" content=\"https:\/\/www.ing.uc.cl\/industrial-y-sistemas\/2018\/05\/28\/la-vicerrectoria-academica-aprobo-la-creacion-del-minor-en-amplitud-de-innovacion-tecnologica\/\" \/>\n<meta property=\"og:site_name\" content=\"Departamento de Ingenier\u00eda Industrial y de Sistemas\" \/>\n<meta property=\"article:published_time\" content=\"2018-05-28T14:13:06+00:00\" \/>\n<meta name=\"author\" content=\"Francisco H\" \/>\n<meta name=\"twitter:card\" content=\"summary_large_image\" \/>\n<meta name=\"twitter:label1\" content=\"Escrito por\" \/>\n\t<meta name=\"twitter:data1\" content=\"Francisco H\" \/>\n\t<meta name=\"twitter:label2\" content=\"Tiempo estimado de lectura\" \/>\n\t<meta name=\"twitter:data2\" content=\"1 minuto\" \/>\n<script type=\"application\/ld+json\" class=\"yoast-schema-graph\">{\"@context\":\"https:\/\/schema.org\",\"@graph\":[{\"@type\":\"Article\",\"@id\":\"https:\/\/www.ing.uc.cl\/industrial-y-sistemas\/2018\/05\/28\/la-vicerrectoria-academica-aprobo-la-creacion-del-minor-en-amplitud-de-innovacion-tecnologica\/#article\",\"isPartOf\":{\"@id\":\"https:\/\/www.ing.uc.cl\/industrial-y-sistemas\/2018\/05\/28\/la-vicerrectoria-academica-aprobo-la-creacion-del-minor-en-amplitud-de-innovacion-tecnologica\/\"},\"author\":{\"name\":\"Francisco H\",\"@id\":\"https:\/\/www.ing.uc.cl\/industrial-y-sistemas\/#\/schema\/person\/721a1ef791962c4167b0dad3ee596283\"},\"headline\":\"La Vicerrector\u00eda Acad\u00e9mica aprob\u00f3 la creaci\u00f3n del Minor en Amplitud Tecnol\u00f3gica\",\"datePublished\":\"2018-05-28T14:13:06+00:00\",\"mainEntityOfPage\":{\"@id\":\"https:\/\/www.ing.uc.cl\/industrial-y-sistemas\/2018\/05\/28\/la-vicerrectoria-academica-aprobo-la-creacion-del-minor-en-amplitud-de-innovacion-tecnologica\/\"},\"wordCount\":262,\"publisher\":{\"@id\":\"https:\/\/www.ing.uc.cl\/industrial-y-sistemas\/#organization\"},\"image\":{\"@id\":\"https:\/\/www.ing.uc.cl\/industrial-y-sistemas\/2018\/05\/28\/la-vicerrectoria-academica-aprobo-la-creacion-del-minor-en-amplitud-de-innovacion-tecnologica\/#primaryimage\"},\"thumbnailUrl\":\"https:\/\/www.ing.uc.cl\/industrial-y-sistemas\/wp-content\/uploads\/2018\/05\/charlaminorinnova-1-300x141.jpg\",\"inLanguage\":\"es-CL\"},{\"@type\":\"WebPage\",\"@id\":\"https:\/\/www.ing.uc.cl\/industrial-y-sistemas\/2018\/05\/28\/la-vicerrectoria-academica-aprobo-la-creacion-del-minor-en-amplitud-de-innovacion-tecnologica\/\",\"url\":\"https:\/\/www.ing.uc.cl\/industrial-y-sistemas\/2018\/05\/28\/la-vicerrectoria-academica-aprobo-la-creacion-del-minor-en-amplitud-de-innovacion-tecnologica\/\",\"name\":\"La Vicerrector\u00eda Acad\u00e9mica aprob\u00f3 la creaci\u00f3n del Minor en Amplitud Tecnol\u00f3gica - Departamento de Ingenier\u00eda Industrial y de Sistemas\",\"isPartOf\":{\"@id\":\"https:\/\/www.ing.uc.cl\/industrial-y-sistemas\/#website\"},\"primaryImageOfPage\":{\"@id\":\"https:\/\/www.ing.uc.cl\/industrial-y-sistemas\/2018\/05\/28\/la-vicerrectoria-academica-aprobo-la-creacion-del-minor-en-amplitud-de-innovacion-tecnologica\/#primaryimage\"},\"image\":{\"@id\":\"https:\/\/www.ing.uc.cl\/industrial-y-sistemas\/2018\/05\/28\/la-vicerrectoria-academica-aprobo-la-creacion-del-minor-en-amplitud-de-innovacion-tecnologica\/#primaryimage\"},\"thumbnailUrl\":\"https:\/\/www.ing.uc.cl\/industrial-y-sistemas\/wp-content\/uploads\/2018\/05\/charlaminorinnova-1-300x141.jpg\",\"datePublished\":\"2018-05-28T14:13:06+00:00\",\"breadcrumb\":{\"@id\":\"https:\/\/www.ing.uc.cl\/industrial-y-sistemas\/2018\/05\/28\/la-vicerrectoria-academica-aprobo-la-creacion-del-minor-en-amplitud-de-innovacion-tecnologica\/#breadcrumb\"},\"inLanguage\":\"es-CL\",\"potentialAction\":[{\"@type\":\"ReadAction\",\"target\":[\"https:\/\/www.ing.uc.cl\/industrial-y-sistemas\/2018\/05\/28\/la-vicerrectoria-academica-aprobo-la-creacion-del-minor-en-amplitud-de-innovacion-tecnologica\/\"]}]},{\"@type\":\"ImageObject\",\"inLanguage\":\"es-CL\",\"@id\":\"https:\/\/www.ing.uc.cl\/industrial-y-sistemas\/2018\/05\/28\/la-vicerrectoria-academica-aprobo-la-creacion-del-minor-en-amplitud-de-innovacion-tecnologica\/#primaryimage\",\"url\":\"\",\"contentUrl\":\"\"},{\"@type\":\"BreadcrumbList\",\"@id\":\"https:\/\/www.ing.uc.cl\/industrial-y-sistemas\/2018\/05\/28\/la-vicerrectoria-academica-aprobo-la-creacion-del-minor-en-amplitud-de-innovacion-tecnologica\/#breadcrumb\",\"itemListElement\":[{\"@type\":\"ListItem\",\"position\":1,\"name\":\"Portada\",\"item\":\"https:\/\/www.ing.uc.cl\/industrial-y-sistemas\/\"},{\"@type\":\"ListItem\",\"position\":2,\"name\":\"La Vicerrector\u00eda Acad\u00e9mica aprob\u00f3 la creaci\u00f3n del Minor en Amplitud Tecnol\u00f3gica\"}]},{\"@type\":\"WebSite\",\"@id\":\"https:\/\/www.ing.uc.cl\/industrial-y-sistemas\/#website\",\"url\":\"https:\/\/www.ing.uc.cl\/industrial-y-sistemas\/\",\"name\":\"Departamento de Ingenier\u00eda Industrial y de Sistemas\",\"description\":\"Escuela de Ingenier\u00eda\",\"publisher\":{\"@id\":\"https:\/\/www.ing.uc.cl\/industrial-y-sistemas\/#organization\"},\"potentialAction\":[{\"@type\":\"SearchAction\",\"target\":{\"@type\":\"EntryPoint\",\"urlTemplate\":\"https:\/\/www.ing.uc.cl\/industrial-y-sistemas\/?s={search_term_string}\"},\"query-input\":{\"@type\":\"PropertyValueSpecification\",\"valueRequired\":true,\"valueName\":\"search_term_string\"}}],\"inLanguage\":\"es-CL\"},{\"@type\":\"Organization\",\"@id\":\"https:\/\/www.ing.uc.cl\/industrial-y-sistemas\/#organization\",\"name\":\"Departamento de Ingenier\u00eda Industrial y de Sistemas\",\"url\":\"https:\/\/www.ing.uc.cl\/industrial-y-sistemas\/\",\"logo\":{\"@type\":\"ImageObject\",\"inLanguage\":\"es-CL\",\"@id\":\"https:\/\/www.ing.uc.cl\/industrial-y-sistemas\/#\/schema\/logo\/image\/\",\"url\":\"https:\/\/www.ing.uc.cl\/industrial-y-sistemas\/wp-content\/uploads\/2023\/11\/cropped-UC-P2727-01.png\",\"contentUrl\":\"https:\/\/www.ing.uc.cl\/industrial-y-sistemas\/wp-content\/uploads\/2023\/11\/cropped-UC-P2727-01.png\",\"width\":307,\"height\":414,\"caption\":\"Departamento de Ingenier\u00eda Industrial y de Sistemas\"},\"image\":{\"@id\":\"https:\/\/www.ing.uc.cl\/industrial-y-sistemas\/#\/schema\/logo\/image\/\"}},{\"@type\":\"Person\",\"@id\":\"https:\/\/www.ing.uc.cl\/industrial-y-sistemas\/#\/schema\/person\/721a1ef791962c4167b0dad3ee596283\",\"name\":\"Francisco H\",\"image\":{\"@type\":\"ImageObject\",\"inLanguage\":\"es-CL\",\"@id\":\"https:\/\/www.ing.uc.cl\/industrial-y-sistemas\/#\/schema\/person\/image\/\",\"url\":\"https:\/\/secure.gravatar.com\/avatar\/63233762875caf7cb464abb0c994788b36bb5a903f4b5e6d958a14f57c41e047?s=96&d=mm&r=g\",\"contentUrl\":\"https:\/\/secure.gravatar.com\/avatar\/63233762875caf7cb464abb0c994788b36bb5a903f4b5e6d958a14f57c41e047?s=96&d=mm&r=g\",\"caption\":\"Francisco H\"},\"url\":\"https:\/\/www.ing.uc.cl\/industrial-y-sistemas\/author\/fherreros\/\"}]}<\/script>\n<!-- \/ Yoast SEO plugin. -->","yoast_head_json":{"title":"La Vicerrector\u00eda Acad\u00e9mica aprob\u00f3 la creaci\u00f3n del Minor en Amplitud Tecnol\u00f3gica - Departamento de Ingenier\u00eda Industrial y de Sistemas","robots":{"index":"index","follow":"follow","max-snippet":"max-snippet:-1","max-image-preview":"max-image-preview:large","max-video-preview":"max-video-preview:-1"},"canonical":"https:\/\/www.ing.uc.cl\/industrial-y-sistemas\/2018\/05\/28\/la-vicerrectoria-academica-aprobo-la-creacion-del-minor-en-amplitud-de-innovacion-tecnologica\/","og_locale":"es_ES","og_type":"article","og_title":"La Vicerrector\u00eda Acad\u00e9mica aprob\u00f3 la creaci\u00f3n del Minor en Amplitud Tecnol\u00f3gica - Departamento de Ingenier\u00eda Industrial y de Sistemas","og_description":"Queremos informar con gran alegr\u00eda que la Vicerrector\u00eda Acad\u00e9mica, aprob\u00f3 la creaci\u00f3n de Minor de Amplitud de Innovaci\u00f3n Tecnol\u00f3gica para alumnos de la Licenciatura en Ciencias de la Ingenier\u00eda","og_url":"https:\/\/www.ing.uc.cl\/industrial-y-sistemas\/2018\/05\/28\/la-vicerrectoria-academica-aprobo-la-creacion-del-minor-en-amplitud-de-innovacion-tecnologica\/","og_site_name":"Departamento de Ingenier\u00eda Industrial y de Sistemas","article_published_time":"2018-05-28T14:13:06+00:00","author":"Francisco H","twitter_card":"summary_large_image","twitter_misc":{"Escrito por":"Francisco H","Tiempo estimado de lectura":"1 minuto"},"schema":{"@context":"https:\/\/schema.org","@graph":[{"@type":"Article","@id":"https:\/\/www.ing.uc.cl\/industrial-y-sistemas\/2018\/05\/28\/la-vicerrectoria-academica-aprobo-la-creacion-del-minor-en-amplitud-de-innovacion-tecnologica\/#article","isPartOf":{"@id":"https:\/\/www.ing.uc.cl\/industrial-y-sistemas\/2018\/05\/28\/la-vicerrectoria-academica-aprobo-la-creacion-del-minor-en-amplitud-de-innovacion-tecnologica\/"},"author":{"name":"Francisco H","@id":"https:\/\/www.ing.uc.cl\/industrial-y-sistemas\/#\/schema\/person\/721a1ef791962c4167b0dad3ee596283"},"headline":"La Vicerrector\u00eda Acad\u00e9mica aprob\u00f3 la creaci\u00f3n del Minor en Amplitud Tecnol\u00f3gica","datePublished":"2018-05-28T14:13:06+00:00","mainEntityOfPage":{"@id":"https:\/\/www.ing.uc.cl\/industrial-y-sistemas\/2018\/05\/28\/la-vicerrectoria-academica-aprobo-la-creacion-del-minor-en-amplitud-de-innovacion-tecnologica\/"},"wordCount":262,"publisher":{"@id":"https:\/\/www.ing.uc.cl\/industrial-y-sistemas\/#organization"},"image":{"@id":"https:\/\/www.ing.uc.cl\/industrial-y-sistemas\/2018\/05\/28\/la-vicerrectoria-academica-aprobo-la-creacion-del-minor-en-amplitud-de-innovacion-tecnologica\/#primaryimage"},"thumbnailUrl":"https:\/\/www.ing.uc.cl\/industrial-y-sistemas\/wp-content\/uploads\/2018\/05\/charlaminorinnova-1-300x141.jpg","inLanguage":"es-CL"},{"@type":"WebPage","@id":"https:\/\/www.ing.uc.cl\/industrial-y-sistemas\/2018\/05\/28\/la-vicerrectoria-academica-aprobo-la-creacion-del-minor-en-amplitud-de-innovacion-tecnologica\/","url":"https:\/\/www.ing.uc.cl\/industrial-y-sistemas\/2018\/05\/28\/la-vicerrectoria-academica-aprobo-la-creacion-del-minor-en-amplitud-de-innovacion-tecnologica\/","name":"La Vicerrector\u00eda Acad\u00e9mica aprob\u00f3 la creaci\u00f3n del Minor en Amplitud Tecnol\u00f3gica - Departamento de Ingenier\u00eda Industrial y de Sistemas","isPartOf":{"@id":"https:\/\/www.ing.uc.cl\/industrial-y-sistemas\/#website"},"primaryImageOfPage":{"@id":"https:\/\/www.ing.uc.cl\/industrial-y-sistemas\/2018\/05\/28\/la-vicerrectoria-academica-aprobo-la-creacion-del-minor-en-amplitud-de-innovacion-tecnologica\/#primaryimage"},"image":{"@id":"https:\/\/www.ing.uc.cl\/industrial-y-sistemas\/2018\/05\/28\/la-vicerrectoria-academica-aprobo-la-creacion-del-minor-en-amplitud-de-innovacion-tecnologica\/#primaryimage"},"thumbnailUrl":"https:\/\/www.ing.uc.cl\/industrial-y-sistemas\/wp-content\/uploads\/2018\/05\/charlaminorinnova-1-300x141.jpg","datePublished":"2018-05-28T14:13:06+00:00","breadcrumb":{"@id":"https:\/\/www.ing.uc.cl\/industrial-y-sistemas\/2018\/05\/28\/la-vicerrectoria-academica-aprobo-la-creacion-del-minor-en-amplitud-de-innovacion-tecnologica\/#breadcrumb"},"inLanguage":"es-CL","potentialAction":[{"@type":"ReadAction","target":["https:\/\/www.ing.uc.cl\/industrial-y-sistemas\/2018\/05\/28\/la-vicerrectoria-academica-aprobo-la-creacion-del-minor-en-amplitud-de-innovacion-tecnologica\/"]}]},{"@type":"ImageObject","inLanguage":"es-CL","@id":"https:\/\/www.ing.uc.cl\/industrial-y-sistemas\/2018\/05\/28\/la-vicerrectoria-academica-aprobo-la-creacion-del-minor-en-amplitud-de-innovacion-tecnologica\/#primaryimage","url":"","contentUrl":""},{"@type":"BreadcrumbList","@id":"https:\/\/www.ing.uc.cl\/industrial-y-sistemas\/2018\/05\/28\/la-vicerrectoria-academica-aprobo-la-creacion-del-minor-en-amplitud-de-innovacion-tecnologica\/#breadcrumb","itemListElement":[{"@type":"ListItem","position":1,"name":"Portada","item":"https:\/\/www.ing.uc.cl\/industrial-y-sistemas\/"},{"@type":"ListItem","position":2,"name":"La Vicerrector\u00eda Acad\u00e9mica aprob\u00f3 la creaci\u00f3n del Minor en Amplitud Tecnol\u00f3gica"}]},{"@type":"WebSite","@id":"https:\/\/www.ing.uc.cl\/industrial-y-sistemas\/#website","url":"https:\/\/www.ing.uc.cl\/industrial-y-sistemas\/","name":"Departamento de Ingenier\u00eda Industrial y de Sistemas","description":"Escuela de Ingenier\u00eda","publisher":{"@id":"https:\/\/www.ing.uc.cl\/industrial-y-sistemas\/#organization"},"potentialAction":[{"@type":"SearchAction","target":{"@type":"EntryPoint","urlTemplate":"https:\/\/www.ing.uc.cl\/industrial-y-sistemas\/?s={search_term_string}"},"query-input":{"@type":"PropertyValueSpecification","valueRequired":true,"valueName":"search_term_string"}}],"inLanguage":"es-CL"},{"@type":"Organization","@id":"https:\/\/www.ing.uc.cl\/industrial-y-sistemas\/#organization","name":"Departamento de Ingenier\u00eda Industrial y de Sistemas","url":"https:\/\/www.ing.uc.cl\/industrial-y-sistemas\/","logo":{"@type":"ImageObject","inLanguage":"es-CL","@id":"https:\/\/www.ing.uc.cl\/industrial-y-sistemas\/#\/schema\/logo\/image\/","url":"https:\/\/www.ing.uc.cl\/industrial-y-sistemas\/wp-content\/uploads\/2023\/11\/cropped-UC-P2727-01.png","contentUrl":"https:\/\/www.ing.uc.cl\/industrial-y-sistemas\/wp-content\/uploads\/2023\/11\/cropped-UC-P2727-01.png","width":307,"height":414,"caption":"Departamento de Ingenier\u00eda Industrial y de Sistemas"},"image":{"@id":"https:\/\/www.ing.uc.cl\/industrial-y-sistemas\/#\/schema\/logo\/image\/"}},{"@type":"Person","@id":"https:\/\/www.ing.uc.cl\/industrial-y-sistemas\/#\/schema\/person\/721a1ef791962c4167b0dad3ee596283","name":"Francisco H","image":{"@type":"ImageObject","inLanguage":"es-CL","@id":"https:\/\/www.ing.uc.cl\/industrial-y-sistemas\/#\/schema\/person\/image\/","url":"https:\/\/secure.gravatar.com\/avatar\/63233762875caf7cb464abb0c994788b36bb5a903f4b5e6d958a14f57c41e047?s=96&d=mm&r=g","contentUrl":"https:\/\/secure.gravatar.com\/avatar\/63233762875caf7cb464abb0c994788b36bb5a903f4b5e6d958a14f57c41e047?s=96&d=mm&r=g","caption":"Francisco H"},"url":"https:\/\/www.ing.uc.cl\/industrial-y-sistemas\/author\/fherreros\/"}]}},"rttpg_featured_image_url":null,"rttpg_author":{"display_name":"Francisco H","author_link":"https:\/\/www.ing.uc.cl\/industrial-y-sistemas\/author\/fherreros\/"},"rttpg_comment":0,"rttpg_category":"<a href=\"https:\/\/www.ing.uc.cl\/industrial-y-sistemas\/category\/sin-categoria\/\" rel=\"category tag\">Sin categor\u00eda<\/a>","rttpg_excerpt":"Queremos informar con gran alegr\u00eda que la Vicerrector\u00eda Acad\u00e9mica, aprob\u00f3 la creaci\u00f3n de Minor de Amplitud de Innovaci\u00f3n Tecnol\u00f3gica para alumnos de la Licenciatura en Ciencias de la Ingenier\u00eda","_links":{"self":[{"href":"https:\/\/www.ing.uc.cl\/industrial-y-sistemas\/wp-json\/wp\/v2\/posts\/3663","targetHints":{"allow":["GET"]}}],"collection":[{"href":"https:\/\/www.ing.uc.cl\/industrial-y-sistemas\/wp-json\/wp\/v2\/posts"}],"about":[{"href":"https:\/\/www.ing.uc.cl\/industrial-y-sistemas\/wp-json\/wp\/v2\/types\/post"}],"author":[{"embeddable":true,"href":"https:\/\/www.ing.uc.cl\/industrial-y-sistemas\/wp-json\/wp\/v2\/users\/4"}],"replies":[{"embeddable":true,"href":"https:\/\/www.ing.uc.cl\/industrial-y-sistemas\/wp-json\/wp\/v2\/comments?post=3663"}],"version-history":[{"count":0,"href":"https:\/\/www.ing.uc.cl\/industrial-y-sistemas\/wp-json\/wp\/v2\/posts\/3663\/revisions"}],"wp:attachment":[{"href":"https:\/\/www.ing.uc.cl\/industrial-y-sistemas\/wp-json\/wp\/v2\/media?parent=3663"}],"wp:term":[{"taxonomy":"category","embeddable":true,"href":"https:\/\/www.ing.uc.cl\/industrial-y-sistemas\/wp-json\/wp\/v2\/categories?post=3663"},{"taxonomy":"post_tag","embeddable":true,"href":"https:\/\/www.ing.uc.cl\/industrial-y-sistemas\/wp-json\/wp\/v2\/tags?post=3663"}],"curies":[{"name":"wp","href":"https:\/\/api.w.org\/{rel}","templated":true}]}}