{"id":3724,"date":"2018-06-11T16:15:42","date_gmt":"2018-06-11T16:15:42","guid":{"rendered":"https:\/\/www.ing.uc.cl\/industrial-y-sistemas\/?p=3724"},"modified":"2018-06-11T16:15:42","modified_gmt":"2018-06-11T16:15:42","slug":"exitosa-defensa-publica-de-la-tesis-doctoral-de-ingrid-jamett-aranda","status":"publish","type":"post","link":"https:\/\/www.ing.uc.cl\/industrial-y-sistemas\/2018\/06\/11\/exitosa-defensa-publica-de-la-tesis-doctoral-de-ingrid-jamett-aranda\/","title":{"rendered":"Exitosa Defensa P\u00fablica de la Tesis Doctoral de Ingrid Jamett Aranda"},"content":{"rendered":"<p style=\"background: white; vertical-align: baseline; margin: 0cm 0cm 19.5pt 0cm;\"><span style=\"font-family: 'Helvetica',sans-serif; color: #333333;\"><img fetchpriority=\"high\" decoding=\"async\" class=\"aligncenter size-medium wp-image-3726\" src=\"https:\/\/www.ing.uc.cl\/industrial-y-sistemas\/wp-content\/uploads\/2018\/06\/ingrid-jamett-300x225.jpeg\" alt=\"\" width=\"300\" height=\"225\" \/>De parte del Departamento de Ingenier\u00eda Industrial y de Sistemas queremos hacer llegar nuestras m\u00e1s sinceras felicitaciones a la Sra. Ingrid Jamett Aranda, quien defendi\u00f3 su Tesis Doctoral el viernes 8 de junio de 2018.\u00a0\u00a0La Comisi\u00f3n fue presidida por el Prof. Gustavo Lagos, y como examinadora externa particip\u00f3 Alejandra Cuadros, Profesora de la Universidad Pontificia Bolivariana de Colombia. Integraron tambi\u00e9n la Comisi\u00f3n el Prof. Luis Alvarado de la Universidad Cat\u00f3lica del Norte, los Profesores Sergio Maturana y Stephen Zhang como Directores de Tesis, y Jorge Vera y Alfonso Cruz como Profesores integrantes.<\/span><\/p>\n<p style=\"background: white; vertical-align: baseline; margin: 0cm 0cm 19.5pt 0cm;\"><span style=\"font-family: 'Helvetica',sans-serif; color: #333333;\">Su Tesis se titula \u201cUn acercamiento a la innovaci\u00f3n abierta en la Regi\u00f3n de Antofagasta Chile\u201d, y su objetivo <\/span><span style=\"font-family: 'Helvetica',sans-serif; color: #333333;\">es \u201cobtener un m\u00e9todo para la formulaci\u00f3n de una estrategia de Innovaci\u00f3n Abierta, que permita mejorar el crecimiento con valor agregado de la Regi\u00f3n de Antofagasta\u201d.<\/span><\/p>\n","protected":false},"excerpt":{"rendered":"<p>De parte del Departamento de Ingenier\u00eda Industrial y de Sistemas queremos hacer llegar nuestras m\u00e1s sinceras felicitaciones a la Sra. Ingrid Jamett Aranda, quien defendi\u00f3 su Tesis Doctoral el viernes 8 de junio de 2018.<\/p>\n","protected":false},"author":4,"featured_media":0,"comment_status":"closed","ping_status":"closed","sticky":false,"template":"","format":"standard","meta":{"site-sidebar-layout":"default","site-content-layout":"","ast-site-content-layout":"default","site-content-style":"default","site-sidebar-style":"default","ast-global-header-display":"","ast-banner-title-visibility":"","ast-main-header-display":"","ast-hfb-above-header-display":"","ast-hfb-below-header-display":"","ast-hfb-mobile-header-display":"","site-post-title":"","ast-breadcrumbs-content":"","ast-featured-img":"","footer-sml-layout":"","ast-disable-related-posts":"","theme-transparent-header-meta":"","adv-header-id-meta":"","stick-header-meta":"","header-above-stick-meta":"","header-main-stick-meta":"","header-below-stick-meta":"","astra-migrate-meta-layouts":"default","ast-page-background-enabled":"default","ast-page-background-meta":{"desktop":{"background-color":"","background-image":"","background-repeat":"repeat","background-position":"center center","background-size":"auto","background-attachment":"scroll","background-type":"","background-media":"","overlay-type":"","overlay-color":"","overlay-opacity":"","overlay-gradient":""},"tablet":{"background-color":"","background-image":"","background-repeat":"repeat","background-position":"center center","background-size":"auto","background-attachment":"scroll","background-type":"","background-media":"","overlay-type":"","overlay-color":"","overlay-opacity":"","overlay-gradient":""},"mobile":{"background-color":"","background-image":"","background-repeat":"repeat","background-position":"center center","background-size":"auto","background-attachment":"scroll","background-type":"","background-media":"","overlay-type":"","overlay-color":"","overlay-opacity":"","overlay-gradient":""}},"ast-content-background-meta":{"desktop":{"background-color":"var(--ast-global-color-5)","background-image":"","background-repeat":"repeat","background-position":"center center","background-size":"auto","background-attachment":"scroll","background-type":"","background-media":"","overlay-type":"","overlay-color":"","overlay-opacity":"","overlay-gradient":""},"tablet":{"background-color":"var(--ast-global-color-5)","background-image":"","background-repeat":"repeat","background-position":"center center","background-size":"auto","background-attachment":"scroll","background-type":"","background-media":"","overlay-type":"","overlay-color":"","overlay-opacity":"","overlay-gradient":""},"mobile":{"background-color":"var(--ast-global-color-5)","background-image":"","background-repeat":"repeat","background-position":"center center","background-size":"auto","background-attachment":"scroll","background-type":"","background-media":"","overlay-type":"","overlay-color":"","overlay-opacity":"","overlay-gradient":""}},"footnotes":""},"categories":[1],"tags":[],"class_list":["post-3724","post","type-post","status-publish","format-standard","hentry","category-sin-categoria"],"yoast_head":"<!-- This site is optimized with the Yoast SEO plugin v26.9 - https:\/\/yoast.com\/product\/yoast-seo-wordpress\/ -->\n<title>Exitosa Defensa P\u00fablica de la Tesis Doctoral de Ingrid Jamett Aranda - Departamento de Ingenier\u00eda Industrial y de Sistemas<\/title>\n<meta name=\"robots\" content=\"index, follow, max-snippet:-1, max-image-preview:large, max-video-preview:-1\" \/>\n<link rel=\"canonical\" href=\"https:\/\/www.ing.uc.cl\/industrial-y-sistemas\/2018\/06\/11\/exitosa-defensa-publica-de-la-tesis-doctoral-de-ingrid-jamett-aranda\/\" \/>\n<meta property=\"og:locale\" content=\"es_ES\" \/>\n<meta property=\"og:type\" content=\"article\" \/>\n<meta property=\"og:title\" content=\"Exitosa Defensa P\u00fablica de la Tesis Doctoral de Ingrid Jamett Aranda - Departamento de Ingenier\u00eda Industrial y de Sistemas\" \/>\n<meta property=\"og:description\" content=\"De parte del Departamento de Ingenier\u00eda Industrial y de Sistemas queremos hacer llegar nuestras m\u00e1s sinceras felicitaciones a la Sra. Ingrid Jamett Aranda, quien defendi\u00f3 su Tesis Doctoral el viernes 8 de junio de 2018.\" \/>\n<meta property=\"og:url\" content=\"https:\/\/www.ing.uc.cl\/industrial-y-sistemas\/2018\/06\/11\/exitosa-defensa-publica-de-la-tesis-doctoral-de-ingrid-jamett-aranda\/\" \/>\n<meta property=\"og:site_name\" content=\"Departamento de Ingenier\u00eda Industrial y de Sistemas\" \/>\n<meta property=\"article:published_time\" content=\"2018-06-11T16:15:42+00:00\" \/>\n<meta name=\"author\" content=\"Francisco H\" \/>\n<meta name=\"twitter:card\" content=\"summary_large_image\" \/>\n<meta name=\"twitter:label1\" content=\"Escrito por\" \/>\n\t<meta name=\"twitter:data1\" content=\"Francisco H\" \/>\n\t<meta name=\"twitter:label2\" content=\"Tiempo estimado de lectura\" \/>\n\t<meta name=\"twitter:data2\" content=\"1 minuto\" \/>\n<script type=\"application\/ld+json\" class=\"yoast-schema-graph\">{\"@context\":\"https:\/\/schema.org\",\"@graph\":[{\"@type\":\"Article\",\"@id\":\"https:\/\/www.ing.uc.cl\/industrial-y-sistemas\/2018\/06\/11\/exitosa-defensa-publica-de-la-tesis-doctoral-de-ingrid-jamett-aranda\/#article\",\"isPartOf\":{\"@id\":\"https:\/\/www.ing.uc.cl\/industrial-y-sistemas\/2018\/06\/11\/exitosa-defensa-publica-de-la-tesis-doctoral-de-ingrid-jamett-aranda\/\"},\"author\":{\"name\":\"Francisco H\",\"@id\":\"https:\/\/www.ing.uc.cl\/industrial-y-sistemas\/#\/schema\/person\/721a1ef791962c4167b0dad3ee596283\"},\"headline\":\"Exitosa Defensa P\u00fablica de la Tesis Doctoral de Ingrid Jamett Aranda\",\"datePublished\":\"2018-06-11T16:15:42+00:00\",\"mainEntityOfPage\":{\"@id\":\"https:\/\/www.ing.uc.cl\/industrial-y-sistemas\/2018\/06\/11\/exitosa-defensa-publica-de-la-tesis-doctoral-de-ingrid-jamett-aranda\/\"},\"wordCount\":160,\"publisher\":{\"@id\":\"https:\/\/www.ing.uc.cl\/industrial-y-sistemas\/#organization\"},\"image\":{\"@id\":\"https:\/\/www.ing.uc.cl\/industrial-y-sistemas\/2018\/06\/11\/exitosa-defensa-publica-de-la-tesis-doctoral-de-ingrid-jamett-aranda\/#primaryimage\"},\"thumbnailUrl\":\"https:\/\/www.ing.uc.cl\/industrial-y-sistemas\/wp-content\/uploads\/2018\/06\/ingrid-jamett-300x225.jpeg\",\"inLanguage\":\"es-CL\"},{\"@type\":\"WebPage\",\"@id\":\"https:\/\/www.ing.uc.cl\/industrial-y-sistemas\/2018\/06\/11\/exitosa-defensa-publica-de-la-tesis-doctoral-de-ingrid-jamett-aranda\/\",\"url\":\"https:\/\/www.ing.uc.cl\/industrial-y-sistemas\/2018\/06\/11\/exitosa-defensa-publica-de-la-tesis-doctoral-de-ingrid-jamett-aranda\/\",\"name\":\"Exitosa Defensa P\u00fablica de la Tesis Doctoral de Ingrid Jamett Aranda - Departamento de Ingenier\u00eda Industrial y de Sistemas\",\"isPartOf\":{\"@id\":\"https:\/\/www.ing.uc.cl\/industrial-y-sistemas\/#website\"},\"primaryImageOfPage\":{\"@id\":\"https:\/\/www.ing.uc.cl\/industrial-y-sistemas\/2018\/06\/11\/exitosa-defensa-publica-de-la-tesis-doctoral-de-ingrid-jamett-aranda\/#primaryimage\"},\"image\":{\"@id\":\"https:\/\/www.ing.uc.cl\/industrial-y-sistemas\/2018\/06\/11\/exitosa-defensa-publica-de-la-tesis-doctoral-de-ingrid-jamett-aranda\/#primaryimage\"},\"thumbnailUrl\":\"https:\/\/www.ing.uc.cl\/industrial-y-sistemas\/wp-content\/uploads\/2018\/06\/ingrid-jamett-300x225.jpeg\",\"datePublished\":\"2018-06-11T16:15:42+00:00\",\"breadcrumb\":{\"@id\":\"https:\/\/www.ing.uc.cl\/industrial-y-sistemas\/2018\/06\/11\/exitosa-defensa-publica-de-la-tesis-doctoral-de-ingrid-jamett-aranda\/#breadcrumb\"},\"inLanguage\":\"es-CL\",\"potentialAction\":[{\"@type\":\"ReadAction\",\"target\":[\"https:\/\/www.ing.uc.cl\/industrial-y-sistemas\/2018\/06\/11\/exitosa-defensa-publica-de-la-tesis-doctoral-de-ingrid-jamett-aranda\/\"]}]},{\"@type\":\"ImageObject\",\"inLanguage\":\"es-CL\",\"@id\":\"https:\/\/www.ing.uc.cl\/industrial-y-sistemas\/2018\/06\/11\/exitosa-defensa-publica-de-la-tesis-doctoral-de-ingrid-jamett-aranda\/#primaryimage\",\"url\":\"\",\"contentUrl\":\"\"},{\"@type\":\"BreadcrumbList\",\"@id\":\"https:\/\/www.ing.uc.cl\/industrial-y-sistemas\/2018\/06\/11\/exitosa-defensa-publica-de-la-tesis-doctoral-de-ingrid-jamett-aranda\/#breadcrumb\",\"itemListElement\":[{\"@type\":\"ListItem\",\"position\":1,\"name\":\"Portada\",\"item\":\"https:\/\/www.ing.uc.cl\/industrial-y-sistemas\/\"},{\"@type\":\"ListItem\",\"position\":2,\"name\":\"Exitosa Defensa P\u00fablica de la Tesis Doctoral de Ingrid Jamett Aranda\"}]},{\"@type\":\"WebSite\",\"@id\":\"https:\/\/www.ing.uc.cl\/industrial-y-sistemas\/#website\",\"url\":\"https:\/\/www.ing.uc.cl\/industrial-y-sistemas\/\",\"name\":\"Departamento de Ingenier\u00eda Industrial y de Sistemas\",\"description\":\"Escuela de Ingenier\u00eda\",\"publisher\":{\"@id\":\"https:\/\/www.ing.uc.cl\/industrial-y-sistemas\/#organization\"},\"potentialAction\":[{\"@type\":\"SearchAction\",\"target\":{\"@type\":\"EntryPoint\",\"urlTemplate\":\"https:\/\/www.ing.uc.cl\/industrial-y-sistemas\/?s={search_term_string}\"},\"query-input\":{\"@type\":\"PropertyValueSpecification\",\"valueRequired\":true,\"valueName\":\"search_term_string\"}}],\"inLanguage\":\"es-CL\"},{\"@type\":\"Organization\",\"@id\":\"https:\/\/www.ing.uc.cl\/industrial-y-sistemas\/#organization\",\"name\":\"Departamento de Ingenier\u00eda Industrial y de Sistemas\",\"url\":\"https:\/\/www.ing.uc.cl\/industrial-y-sistemas\/\",\"logo\":{\"@type\":\"ImageObject\",\"inLanguage\":\"es-CL\",\"@id\":\"https:\/\/www.ing.uc.cl\/industrial-y-sistemas\/#\/schema\/logo\/image\/\",\"url\":\"https:\/\/www.ing.uc.cl\/industrial-y-sistemas\/wp-content\/uploads\/2023\/11\/cropped-UC-P2727-01.png\",\"contentUrl\":\"https:\/\/www.ing.uc.cl\/industrial-y-sistemas\/wp-content\/uploads\/2023\/11\/cropped-UC-P2727-01.png\",\"width\":307,\"height\":414,\"caption\":\"Departamento de Ingenier\u00eda Industrial y de Sistemas\"},\"image\":{\"@id\":\"https:\/\/www.ing.uc.cl\/industrial-y-sistemas\/#\/schema\/logo\/image\/\"}},{\"@type\":\"Person\",\"@id\":\"https:\/\/www.ing.uc.cl\/industrial-y-sistemas\/#\/schema\/person\/721a1ef791962c4167b0dad3ee596283\",\"name\":\"Francisco H\",\"image\":{\"@type\":\"ImageObject\",\"inLanguage\":\"es-CL\",\"@id\":\"https:\/\/www.ing.uc.cl\/industrial-y-sistemas\/#\/schema\/person\/image\/\",\"url\":\"https:\/\/secure.gravatar.com\/avatar\/63233762875caf7cb464abb0c994788b36bb5a903f4b5e6d958a14f57c41e047?s=96&d=mm&r=g\",\"contentUrl\":\"https:\/\/secure.gravatar.com\/avatar\/63233762875caf7cb464abb0c994788b36bb5a903f4b5e6d958a14f57c41e047?s=96&d=mm&r=g\",\"caption\":\"Francisco H\"},\"url\":\"https:\/\/www.ing.uc.cl\/industrial-y-sistemas\/author\/fherreros\/\"}]}<\/script>\n<!-- \/ Yoast SEO plugin. -->","yoast_head_json":{"title":"Exitosa Defensa P\u00fablica de la Tesis Doctoral de Ingrid Jamett Aranda - Departamento de Ingenier\u00eda Industrial y de Sistemas","robots":{"index":"index","follow":"follow","max-snippet":"max-snippet:-1","max-image-preview":"max-image-preview:large","max-video-preview":"max-video-preview:-1"},"canonical":"https:\/\/www.ing.uc.cl\/industrial-y-sistemas\/2018\/06\/11\/exitosa-defensa-publica-de-la-tesis-doctoral-de-ingrid-jamett-aranda\/","og_locale":"es_ES","og_type":"article","og_title":"Exitosa Defensa P\u00fablica de la Tesis Doctoral de Ingrid Jamett Aranda - Departamento de Ingenier\u00eda Industrial y de Sistemas","og_description":"De parte del Departamento de Ingenier\u00eda Industrial y de Sistemas queremos hacer llegar nuestras m\u00e1s sinceras felicitaciones a la Sra. Ingrid Jamett Aranda, quien defendi\u00f3 su Tesis Doctoral el viernes 8 de junio de 2018.","og_url":"https:\/\/www.ing.uc.cl\/industrial-y-sistemas\/2018\/06\/11\/exitosa-defensa-publica-de-la-tesis-doctoral-de-ingrid-jamett-aranda\/","og_site_name":"Departamento de Ingenier\u00eda Industrial y de Sistemas","article_published_time":"2018-06-11T16:15:42+00:00","author":"Francisco H","twitter_card":"summary_large_image","twitter_misc":{"Escrito por":"Francisco H","Tiempo estimado de lectura":"1 minuto"},"schema":{"@context":"https:\/\/schema.org","@graph":[{"@type":"Article","@id":"https:\/\/www.ing.uc.cl\/industrial-y-sistemas\/2018\/06\/11\/exitosa-defensa-publica-de-la-tesis-doctoral-de-ingrid-jamett-aranda\/#article","isPartOf":{"@id":"https:\/\/www.ing.uc.cl\/industrial-y-sistemas\/2018\/06\/11\/exitosa-defensa-publica-de-la-tesis-doctoral-de-ingrid-jamett-aranda\/"},"author":{"name":"Francisco H","@id":"https:\/\/www.ing.uc.cl\/industrial-y-sistemas\/#\/schema\/person\/721a1ef791962c4167b0dad3ee596283"},"headline":"Exitosa Defensa P\u00fablica de la Tesis Doctoral de Ingrid Jamett Aranda","datePublished":"2018-06-11T16:15:42+00:00","mainEntityOfPage":{"@id":"https:\/\/www.ing.uc.cl\/industrial-y-sistemas\/2018\/06\/11\/exitosa-defensa-publica-de-la-tesis-doctoral-de-ingrid-jamett-aranda\/"},"wordCount":160,"publisher":{"@id":"https:\/\/www.ing.uc.cl\/industrial-y-sistemas\/#organization"},"image":{"@id":"https:\/\/www.ing.uc.cl\/industrial-y-sistemas\/2018\/06\/11\/exitosa-defensa-publica-de-la-tesis-doctoral-de-ingrid-jamett-aranda\/#primaryimage"},"thumbnailUrl":"https:\/\/www.ing.uc.cl\/industrial-y-sistemas\/wp-content\/uploads\/2018\/06\/ingrid-jamett-300x225.jpeg","inLanguage":"es-CL"},{"@type":"WebPage","@id":"https:\/\/www.ing.uc.cl\/industrial-y-sistemas\/2018\/06\/11\/exitosa-defensa-publica-de-la-tesis-doctoral-de-ingrid-jamett-aranda\/","url":"https:\/\/www.ing.uc.cl\/industrial-y-sistemas\/2018\/06\/11\/exitosa-defensa-publica-de-la-tesis-doctoral-de-ingrid-jamett-aranda\/","name":"Exitosa Defensa P\u00fablica de la Tesis Doctoral de Ingrid Jamett Aranda - Departamento de Ingenier\u00eda Industrial y de Sistemas","isPartOf":{"@id":"https:\/\/www.ing.uc.cl\/industrial-y-sistemas\/#website"},"primaryImageOfPage":{"@id":"https:\/\/www.ing.uc.cl\/industrial-y-sistemas\/2018\/06\/11\/exitosa-defensa-publica-de-la-tesis-doctoral-de-ingrid-jamett-aranda\/#primaryimage"},"image":{"@id":"https:\/\/www.ing.uc.cl\/industrial-y-sistemas\/2018\/06\/11\/exitosa-defensa-publica-de-la-tesis-doctoral-de-ingrid-jamett-aranda\/#primaryimage"},"thumbnailUrl":"https:\/\/www.ing.uc.cl\/industrial-y-sistemas\/wp-content\/uploads\/2018\/06\/ingrid-jamett-300x225.jpeg","datePublished":"2018-06-11T16:15:42+00:00","breadcrumb":{"@id":"https:\/\/www.ing.uc.cl\/industrial-y-sistemas\/2018\/06\/11\/exitosa-defensa-publica-de-la-tesis-doctoral-de-ingrid-jamett-aranda\/#breadcrumb"},"inLanguage":"es-CL","potentialAction":[{"@type":"ReadAction","target":["https:\/\/www.ing.uc.cl\/industrial-y-sistemas\/2018\/06\/11\/exitosa-defensa-publica-de-la-tesis-doctoral-de-ingrid-jamett-aranda\/"]}]},{"@type":"ImageObject","inLanguage":"es-CL","@id":"https:\/\/www.ing.uc.cl\/industrial-y-sistemas\/2018\/06\/11\/exitosa-defensa-publica-de-la-tesis-doctoral-de-ingrid-jamett-aranda\/#primaryimage","url":"","contentUrl":""},{"@type":"BreadcrumbList","@id":"https:\/\/www.ing.uc.cl\/industrial-y-sistemas\/2018\/06\/11\/exitosa-defensa-publica-de-la-tesis-doctoral-de-ingrid-jamett-aranda\/#breadcrumb","itemListElement":[{"@type":"ListItem","position":1,"name":"Portada","item":"https:\/\/www.ing.uc.cl\/industrial-y-sistemas\/"},{"@type":"ListItem","position":2,"name":"Exitosa Defensa P\u00fablica de la Tesis Doctoral de Ingrid Jamett Aranda"}]},{"@type":"WebSite","@id":"https:\/\/www.ing.uc.cl\/industrial-y-sistemas\/#website","url":"https:\/\/www.ing.uc.cl\/industrial-y-sistemas\/","name":"Departamento de Ingenier\u00eda Industrial y de Sistemas","description":"Escuela de Ingenier\u00eda","publisher":{"@id":"https:\/\/www.ing.uc.cl\/industrial-y-sistemas\/#organization"},"potentialAction":[{"@type":"SearchAction","target":{"@type":"EntryPoint","urlTemplate":"https:\/\/www.ing.uc.cl\/industrial-y-sistemas\/?s={search_term_string}"},"query-input":{"@type":"PropertyValueSpecification","valueRequired":true,"valueName":"search_term_string"}}],"inLanguage":"es-CL"},{"@type":"Organization","@id":"https:\/\/www.ing.uc.cl\/industrial-y-sistemas\/#organization","name":"Departamento de Ingenier\u00eda Industrial y de Sistemas","url":"https:\/\/www.ing.uc.cl\/industrial-y-sistemas\/","logo":{"@type":"ImageObject","inLanguage":"es-CL","@id":"https:\/\/www.ing.uc.cl\/industrial-y-sistemas\/#\/schema\/logo\/image\/","url":"https:\/\/www.ing.uc.cl\/industrial-y-sistemas\/wp-content\/uploads\/2023\/11\/cropped-UC-P2727-01.png","contentUrl":"https:\/\/www.ing.uc.cl\/industrial-y-sistemas\/wp-content\/uploads\/2023\/11\/cropped-UC-P2727-01.png","width":307,"height":414,"caption":"Departamento de Ingenier\u00eda Industrial y de Sistemas"},"image":{"@id":"https:\/\/www.ing.uc.cl\/industrial-y-sistemas\/#\/schema\/logo\/image\/"}},{"@type":"Person","@id":"https:\/\/www.ing.uc.cl\/industrial-y-sistemas\/#\/schema\/person\/721a1ef791962c4167b0dad3ee596283","name":"Francisco H","image":{"@type":"ImageObject","inLanguage":"es-CL","@id":"https:\/\/www.ing.uc.cl\/industrial-y-sistemas\/#\/schema\/person\/image\/","url":"https:\/\/secure.gravatar.com\/avatar\/63233762875caf7cb464abb0c994788b36bb5a903f4b5e6d958a14f57c41e047?s=96&d=mm&r=g","contentUrl":"https:\/\/secure.gravatar.com\/avatar\/63233762875caf7cb464abb0c994788b36bb5a903f4b5e6d958a14f57c41e047?s=96&d=mm&r=g","caption":"Francisco H"},"url":"https:\/\/www.ing.uc.cl\/industrial-y-sistemas\/author\/fherreros\/"}]}},"rttpg_featured_image_url":null,"rttpg_author":{"display_name":"Francisco H","author_link":"https:\/\/www.ing.uc.cl\/industrial-y-sistemas\/author\/fherreros\/"},"rttpg_comment":0,"rttpg_category":"<a href=\"https:\/\/www.ing.uc.cl\/industrial-y-sistemas\/category\/sin-categoria\/\" rel=\"category tag\">Sin categor\u00eda<\/a>","rttpg_excerpt":"De parte del Departamento de Ingenier\u00eda Industrial y de Sistemas queremos hacer llegar nuestras m\u00e1s sinceras felicitaciones a la Sra. Ingrid Jamett Aranda, quien defendi\u00f3 su Tesis Doctoral el viernes 8 de junio de 2018.","_links":{"self":[{"href":"https:\/\/www.ing.uc.cl\/industrial-y-sistemas\/wp-json\/wp\/v2\/posts\/3724","targetHints":{"allow":["GET"]}}],"collection":[{"href":"https:\/\/www.ing.uc.cl\/industrial-y-sistemas\/wp-json\/wp\/v2\/posts"}],"about":[{"href":"https:\/\/www.ing.uc.cl\/industrial-y-sistemas\/wp-json\/wp\/v2\/types\/post"}],"author":[{"embeddable":true,"href":"https:\/\/www.ing.uc.cl\/industrial-y-sistemas\/wp-json\/wp\/v2\/users\/4"}],"replies":[{"embeddable":true,"href":"https:\/\/www.ing.uc.cl\/industrial-y-sistemas\/wp-json\/wp\/v2\/comments?post=3724"}],"version-history":[{"count":0,"href":"https:\/\/www.ing.uc.cl\/industrial-y-sistemas\/wp-json\/wp\/v2\/posts\/3724\/revisions"}],"wp:attachment":[{"href":"https:\/\/www.ing.uc.cl\/industrial-y-sistemas\/wp-json\/wp\/v2\/media?parent=3724"}],"wp:term":[{"taxonomy":"category","embeddable":true,"href":"https:\/\/www.ing.uc.cl\/industrial-y-sistemas\/wp-json\/wp\/v2\/categories?post=3724"},{"taxonomy":"post_tag","embeddable":true,"href":"https:\/\/www.ing.uc.cl\/industrial-y-sistemas\/wp-json\/wp\/v2\/tags?post=3724"}],"curies":[{"name":"wp","href":"https:\/\/api.w.org\/{rel}","templated":true}]}}