{"id":3764,"date":"2018-07-13T19:28:07","date_gmt":"2018-07-13T19:28:07","guid":{"rendered":"https:\/\/www.ing.uc.cl\/industrial-y-sistemas\/?p=3764"},"modified":"2018-07-13T19:28:07","modified_gmt":"2018-07-13T19:28:07","slug":"habla-luis-cifuentes-profesor-de-ingenieria-uc-sobre-dejar-de-usar-bombillas-por-una-cadena-de-cafe","status":"publish","type":"post","link":"https:\/\/www.ing.uc.cl\/industrial-y-sistemas\/2018\/07\/13\/habla-luis-cifuentes-profesor-de-ingenieria-uc-sobre-dejar-de-usar-bombillas-por-una-cadena-de-cafe\/","title":{"rendered":"Profesor Luis Cifuentes comenta sobre los residuos pl\u00e1sticos, a prop\u00f3sito de la eliminaci\u00f3n de las bombillas pl\u00e1sticas por parte de una cadena de caf\u00e9."},"content":{"rendered":"<p><img decoding=\"async\" class=\"alignleft size-thumbnail wp-image-3029\" src=\"https:\/\/www.ing.uc.cl\/industrial-y-sistemas\/wp-content\/uploads\/2016\/08\/cifuentes3083-150x150.jpg\" alt=\"\" width=\"150\" height=\"150\" \/><\/p>\n<p>Entre m\u00e1s peque\u00f1o es un art\u00edculo de pl\u00e1stico m\u00e1s da\u00f1o puede provocar al medio ambiente. Bas\u00e1ndose en esta premisa una popular cadena de caf\u00e9s anunci\u00f3 el fin de las bombillas de pl\u00e1stico, lo que se suma a una tendencia mundial que busca ser cada vez ser m\u00e1s responsable con nuestro planeta.<\/p>\n<p>Es parte del estilo, s\u00edmbolo importante de la marca Starbucks, cadena internacional de caf\u00e9, que anunci\u00f3 que dejar\u00e1 de utilizar bombillas de pl\u00e1sticos en sus m\u00e1s de 28.000 locales que tienen por el mundo.<\/p>\n<p>El Gerente de Marketing de Starbucks Chile, Sr. Juan Pablo Riveros, coment\u00f3 \u201clo que son las bebidas fr\u00edas, que son envases expresos, se van a ir reemplazando por unas tapas especiales para que no requieran el uso de bombillas. Por otra parte, en nuestros famosos capuchinos, que per s\u00e9 requieren el uso de una bombilla, van a ir siendo reemplazadas por bombillas de un material reciclable, como por el ejemplo el papel, o un material compostable que es muy f\u00e1cil de reciclar.\u201d<\/p>\n<p>Los nuevos sustitutos de las actuales bombillas ya est\u00e1n siendo probados en el mercado estadounidense. La eliminaci\u00f3n de bombillas, que se ejecutar\u00e1 de manera gradual de aqu\u00ed al 2020, es una iniciativa que si o si tendr\u00e1 efectos en el medio ambiente.<\/p>\n<p>El Profesor Luis Cifuentes, del Departamento de Ingenier\u00eda Industrial y de Sistemas, comenta: \u201cjustamente el problema del pl\u00e1stico es que, mientras m\u00e1s liviano o m\u00e1s chico, es m\u00e1s dif\u00edcil de capturar, y finalmente llega al ambiente y no se puede recuperar\u201d.<\/p>\n<p>Elementos como bolsas, bombillas o los \u201ccotonitos\u201d terminan desintegr\u00e1ndose en el mar donde los peces lo confunden con alimento. Una encuesta reciente de la Universidad de Plymouth, en Reino Unido, descubri\u00f3 que se encontr\u00f3 pl\u00e1stico en un tercio de los peces capturados en ese pa\u00eds.<\/p>\n<p>El Prof. Cifuentes enfatiz\u00f3 sobre las posibles acciones a seguir: \u201cPrimero un consumo responsable: consumir s\u00f3lo lo que es necesario, y reciclarlo si es posible. Y si no, disponerla de modo que lleguen al relleno sanitario; no es lo ideal, pero es infinitamente mejor a que queden volando en el medio ambiente\u201d.<\/p>\n<p>Es una nueva conciencia sobre un material que nos viene acompa\u00f1ando desde los a\u00f1os 50. Se calcula que en el mundo se han producido 8.300 millones de toneladas de pl\u00e1stico; el 76% de esa cantidad es ahora residuo, que se encuentra contaminando en distintas partes del mundo.<\/p>\n<p><em>Fuente<\/em>: CHV Chilevisi\u00f3n, Reportaje a fondo post Mediod\u00eda<\/p>\n","protected":false},"excerpt":{"rendered":"<p>Entre m\u00e1s peque\u00f1o es un art\u00edculo de pl\u00e1stico m\u00e1s da\u00f1o puede provocar al medio ambiente, bas\u00e1ndose en esta premisa una popular cadena de<\/p>\n","protected":false},"author":4,"featured_media":0,"comment_status":"closed","ping_status":"closed","sticky":false,"template":"","format":"standard","meta":{"site-sidebar-layout":"default","site-content-layout":"","ast-site-content-layout":"default","site-content-style":"default","site-sidebar-style":"default","ast-global-header-display":"","ast-banner-title-visibility":"","ast-main-header-display":"","ast-hfb-above-header-display":"","ast-hfb-below-header-display":"","ast-hfb-mobile-header-display":"","site-post-title":"","ast-breadcrumbs-content":"","ast-featured-img":"","footer-sml-layout":"","ast-disable-related-posts":"","theme-transparent-header-meta":"","adv-header-id-meta":"","stick-header-meta":"","header-above-stick-meta":"","header-main-stick-meta":"","header-below-stick-meta":"","astra-migrate-meta-layouts":"default","ast-page-background-enabled":"default","ast-page-background-meta":{"desktop":{"background-color":"","background-image":"","background-repeat":"repeat","background-position":"center center","background-size":"auto","background-attachment":"scroll","background-type":"","background-media":"","overlay-type":"","overlay-color":"","overlay-opacity":"","overlay-gradient":""},"tablet":{"background-color":"","background-image":"","background-repeat":"repeat","background-position":"center center","background-size":"auto","background-attachment":"scroll","background-type":"","background-media":"","overlay-type":"","overlay-color":"","overlay-opacity":"","overlay-gradient":""},"mobile":{"background-color":"","background-image":"","background-repeat":"repeat","background-position":"center center","background-size":"auto","background-attachment":"scroll","background-type":"","background-media":"","overlay-type":"","overlay-color":"","overlay-opacity":"","overlay-gradient":""}},"ast-content-background-meta":{"desktop":{"background-color":"var(--ast-global-color-5)","background-image":"","background-repeat":"repeat","background-position":"center center","background-size":"auto","background-attachment":"scroll","background-type":"","background-media":"","overlay-type":"","overlay-color":"","overlay-opacity":"","overlay-gradient":""},"tablet":{"background-color":"var(--ast-global-color-5)","background-image":"","background-repeat":"repeat","background-position":"center center","background-size":"auto","background-attachment":"scroll","background-type":"","background-media":"","overlay-type":"","overlay-color":"","overlay-opacity":"","overlay-gradient":""},"mobile":{"background-color":"var(--ast-global-color-5)","background-image":"","background-repeat":"repeat","background-position":"center center","background-size":"auto","background-attachment":"scroll","background-type":"","background-media":"","overlay-type":"","overlay-color":"","overlay-opacity":"","overlay-gradient":""}},"footnotes":""},"categories":[1],"tags":[],"class_list":["post-3764","post","type-post","status-publish","format-standard","hentry","category-sin-categoria"],"yoast_head":"<!-- This site is optimized with the Yoast SEO plugin v26.9 - https:\/\/yoast.com\/product\/yoast-seo-wordpress\/ -->\n<title>Profesor Luis Cifuentes comenta sobre los residuos pl\u00e1sticos, a prop\u00f3sito de la eliminaci\u00f3n de las bombillas pl\u00e1sticas por parte de una cadena de caf\u00e9. - Departamento de Ingenier\u00eda Industrial y de Sistemas<\/title>\n<meta name=\"robots\" content=\"index, follow, max-snippet:-1, max-image-preview:large, max-video-preview:-1\" \/>\n<link rel=\"canonical\" href=\"https:\/\/www.ing.uc.cl\/industrial-y-sistemas\/2018\/07\/13\/habla-luis-cifuentes-profesor-de-ingenieria-uc-sobre-dejar-de-usar-bombillas-por-una-cadena-de-cafe\/\" \/>\n<meta property=\"og:locale\" content=\"es_ES\" \/>\n<meta property=\"og:type\" content=\"article\" \/>\n<meta property=\"og:title\" content=\"Profesor Luis Cifuentes comenta sobre los residuos pl\u00e1sticos, a prop\u00f3sito de la eliminaci\u00f3n de las bombillas pl\u00e1sticas por parte de una cadena de caf\u00e9. - Departamento de Ingenier\u00eda Industrial y de Sistemas\" \/>\n<meta property=\"og:description\" content=\"Entre m\u00e1s peque\u00f1o es un art\u00edculo de pl\u00e1stico m\u00e1s da\u00f1o puede provocar al medio ambiente, bas\u00e1ndose en esta premisa una popular cadena de\" \/>\n<meta property=\"og:url\" content=\"https:\/\/www.ing.uc.cl\/industrial-y-sistemas\/2018\/07\/13\/habla-luis-cifuentes-profesor-de-ingenieria-uc-sobre-dejar-de-usar-bombillas-por-una-cadena-de-cafe\/\" \/>\n<meta property=\"og:site_name\" content=\"Departamento de Ingenier\u00eda Industrial y de Sistemas\" \/>\n<meta property=\"article:published_time\" content=\"2018-07-13T19:28:07+00:00\" \/>\n<meta name=\"author\" content=\"Francisco H\" \/>\n<meta name=\"twitter:card\" content=\"summary_large_image\" \/>\n<meta name=\"twitter:label1\" content=\"Escrito por\" \/>\n\t<meta name=\"twitter:data1\" content=\"Francisco H\" \/>\n\t<meta name=\"twitter:label2\" content=\"Tiempo estimado de lectura\" \/>\n\t<meta name=\"twitter:data2\" content=\"2 minutos\" \/>\n<script type=\"application\/ld+json\" class=\"yoast-schema-graph\">{\"@context\":\"https:\/\/schema.org\",\"@graph\":[{\"@type\":\"Article\",\"@id\":\"https:\/\/www.ing.uc.cl\/industrial-y-sistemas\/2018\/07\/13\/habla-luis-cifuentes-profesor-de-ingenieria-uc-sobre-dejar-de-usar-bombillas-por-una-cadena-de-cafe\/#article\",\"isPartOf\":{\"@id\":\"https:\/\/www.ing.uc.cl\/industrial-y-sistemas\/2018\/07\/13\/habla-luis-cifuentes-profesor-de-ingenieria-uc-sobre-dejar-de-usar-bombillas-por-una-cadena-de-cafe\/\"},\"author\":{\"name\":\"Francisco H\",\"@id\":\"https:\/\/www.ing.uc.cl\/industrial-y-sistemas\/#\/schema\/person\/721a1ef791962c4167b0dad3ee596283\"},\"headline\":\"Profesor Luis Cifuentes comenta sobre los residuos pl\u00e1sticos, a prop\u00f3sito de la eliminaci\u00f3n de las bombillas pl\u00e1sticas por parte de una cadena de caf\u00e9.\",\"datePublished\":\"2018-07-13T19:28:07+00:00\",\"mainEntityOfPage\":{\"@id\":\"https:\/\/www.ing.uc.cl\/industrial-y-sistemas\/2018\/07\/13\/habla-luis-cifuentes-profesor-de-ingenieria-uc-sobre-dejar-de-usar-bombillas-por-una-cadena-de-cafe\/\"},\"wordCount\":457,\"publisher\":{\"@id\":\"https:\/\/www.ing.uc.cl\/industrial-y-sistemas\/#organization\"},\"image\":{\"@id\":\"https:\/\/www.ing.uc.cl\/industrial-y-sistemas\/2018\/07\/13\/habla-luis-cifuentes-profesor-de-ingenieria-uc-sobre-dejar-de-usar-bombillas-por-una-cadena-de-cafe\/#primaryimage\"},\"thumbnailUrl\":\"https:\/\/www.ing.uc.cl\/industrial-y-sistemas\/wp-content\/uploads\/2016\/08\/cifuentes3083-150x150.jpg\",\"inLanguage\":\"es-CL\"},{\"@type\":\"WebPage\",\"@id\":\"https:\/\/www.ing.uc.cl\/industrial-y-sistemas\/2018\/07\/13\/habla-luis-cifuentes-profesor-de-ingenieria-uc-sobre-dejar-de-usar-bombillas-por-una-cadena-de-cafe\/\",\"url\":\"https:\/\/www.ing.uc.cl\/industrial-y-sistemas\/2018\/07\/13\/habla-luis-cifuentes-profesor-de-ingenieria-uc-sobre-dejar-de-usar-bombillas-por-una-cadena-de-cafe\/\",\"name\":\"Profesor Luis Cifuentes comenta sobre los residuos pl\u00e1sticos, a prop\u00f3sito de la eliminaci\u00f3n de las bombillas pl\u00e1sticas por parte de una cadena de caf\u00e9. - Departamento de Ingenier\u00eda Industrial y de Sistemas\",\"isPartOf\":{\"@id\":\"https:\/\/www.ing.uc.cl\/industrial-y-sistemas\/#website\"},\"primaryImageOfPage\":{\"@id\":\"https:\/\/www.ing.uc.cl\/industrial-y-sistemas\/2018\/07\/13\/habla-luis-cifuentes-profesor-de-ingenieria-uc-sobre-dejar-de-usar-bombillas-por-una-cadena-de-cafe\/#primaryimage\"},\"image\":{\"@id\":\"https:\/\/www.ing.uc.cl\/industrial-y-sistemas\/2018\/07\/13\/habla-luis-cifuentes-profesor-de-ingenieria-uc-sobre-dejar-de-usar-bombillas-por-una-cadena-de-cafe\/#primaryimage\"},\"thumbnailUrl\":\"https:\/\/www.ing.uc.cl\/industrial-y-sistemas\/wp-content\/uploads\/2016\/08\/cifuentes3083-150x150.jpg\",\"datePublished\":\"2018-07-13T19:28:07+00:00\",\"breadcrumb\":{\"@id\":\"https:\/\/www.ing.uc.cl\/industrial-y-sistemas\/2018\/07\/13\/habla-luis-cifuentes-profesor-de-ingenieria-uc-sobre-dejar-de-usar-bombillas-por-una-cadena-de-cafe\/#breadcrumb\"},\"inLanguage\":\"es-CL\",\"potentialAction\":[{\"@type\":\"ReadAction\",\"target\":[\"https:\/\/www.ing.uc.cl\/industrial-y-sistemas\/2018\/07\/13\/habla-luis-cifuentes-profesor-de-ingenieria-uc-sobre-dejar-de-usar-bombillas-por-una-cadena-de-cafe\/\"]}]},{\"@type\":\"ImageObject\",\"inLanguage\":\"es-CL\",\"@id\":\"https:\/\/www.ing.uc.cl\/industrial-y-sistemas\/2018\/07\/13\/habla-luis-cifuentes-profesor-de-ingenieria-uc-sobre-dejar-de-usar-bombillas-por-una-cadena-de-cafe\/#primaryimage\",\"url\":\"\",\"contentUrl\":\"\"},{\"@type\":\"BreadcrumbList\",\"@id\":\"https:\/\/www.ing.uc.cl\/industrial-y-sistemas\/2018\/07\/13\/habla-luis-cifuentes-profesor-de-ingenieria-uc-sobre-dejar-de-usar-bombillas-por-una-cadena-de-cafe\/#breadcrumb\",\"itemListElement\":[{\"@type\":\"ListItem\",\"position\":1,\"name\":\"Portada\",\"item\":\"https:\/\/www.ing.uc.cl\/industrial-y-sistemas\/\"},{\"@type\":\"ListItem\",\"position\":2,\"name\":\"Profesor Luis Cifuentes comenta sobre los residuos pl\u00e1sticos, a prop\u00f3sito de la eliminaci\u00f3n de las bombillas pl\u00e1sticas por parte de una cadena de caf\u00e9.\"}]},{\"@type\":\"WebSite\",\"@id\":\"https:\/\/www.ing.uc.cl\/industrial-y-sistemas\/#website\",\"url\":\"https:\/\/www.ing.uc.cl\/industrial-y-sistemas\/\",\"name\":\"Departamento de Ingenier\u00eda Industrial y de Sistemas\",\"description\":\"Escuela de Ingenier\u00eda\",\"publisher\":{\"@id\":\"https:\/\/www.ing.uc.cl\/industrial-y-sistemas\/#organization\"},\"potentialAction\":[{\"@type\":\"SearchAction\",\"target\":{\"@type\":\"EntryPoint\",\"urlTemplate\":\"https:\/\/www.ing.uc.cl\/industrial-y-sistemas\/?s={search_term_string}\"},\"query-input\":{\"@type\":\"PropertyValueSpecification\",\"valueRequired\":true,\"valueName\":\"search_term_string\"}}],\"inLanguage\":\"es-CL\"},{\"@type\":\"Organization\",\"@id\":\"https:\/\/www.ing.uc.cl\/industrial-y-sistemas\/#organization\",\"name\":\"Departamento de Ingenier\u00eda Industrial y de Sistemas\",\"url\":\"https:\/\/www.ing.uc.cl\/industrial-y-sistemas\/\",\"logo\":{\"@type\":\"ImageObject\",\"inLanguage\":\"es-CL\",\"@id\":\"https:\/\/www.ing.uc.cl\/industrial-y-sistemas\/#\/schema\/logo\/image\/\",\"url\":\"https:\/\/www.ing.uc.cl\/industrial-y-sistemas\/wp-content\/uploads\/2023\/11\/cropped-UC-P2727-01.png\",\"contentUrl\":\"https:\/\/www.ing.uc.cl\/industrial-y-sistemas\/wp-content\/uploads\/2023\/11\/cropped-UC-P2727-01.png\",\"width\":307,\"height\":414,\"caption\":\"Departamento de Ingenier\u00eda Industrial y de Sistemas\"},\"image\":{\"@id\":\"https:\/\/www.ing.uc.cl\/industrial-y-sistemas\/#\/schema\/logo\/image\/\"}},{\"@type\":\"Person\",\"@id\":\"https:\/\/www.ing.uc.cl\/industrial-y-sistemas\/#\/schema\/person\/721a1ef791962c4167b0dad3ee596283\",\"name\":\"Francisco H\",\"image\":{\"@type\":\"ImageObject\",\"inLanguage\":\"es-CL\",\"@id\":\"https:\/\/www.ing.uc.cl\/industrial-y-sistemas\/#\/schema\/person\/image\/\",\"url\":\"https:\/\/secure.gravatar.com\/avatar\/63233762875caf7cb464abb0c994788b36bb5a903f4b5e6d958a14f57c41e047?s=96&d=mm&r=g\",\"contentUrl\":\"https:\/\/secure.gravatar.com\/avatar\/63233762875caf7cb464abb0c994788b36bb5a903f4b5e6d958a14f57c41e047?s=96&d=mm&r=g\",\"caption\":\"Francisco H\"},\"url\":\"https:\/\/www.ing.uc.cl\/industrial-y-sistemas\/author\/fherreros\/\"}]}<\/script>\n<!-- \/ Yoast SEO plugin. -->","yoast_head_json":{"title":"Profesor Luis Cifuentes comenta sobre los residuos pl\u00e1sticos, a prop\u00f3sito de la eliminaci\u00f3n de las bombillas pl\u00e1sticas por parte de una cadena de caf\u00e9. - Departamento de Ingenier\u00eda Industrial y de Sistemas","robots":{"index":"index","follow":"follow","max-snippet":"max-snippet:-1","max-image-preview":"max-image-preview:large","max-video-preview":"max-video-preview:-1"},"canonical":"https:\/\/www.ing.uc.cl\/industrial-y-sistemas\/2018\/07\/13\/habla-luis-cifuentes-profesor-de-ingenieria-uc-sobre-dejar-de-usar-bombillas-por-una-cadena-de-cafe\/","og_locale":"es_ES","og_type":"article","og_title":"Profesor Luis Cifuentes comenta sobre los residuos pl\u00e1sticos, a prop\u00f3sito de la eliminaci\u00f3n de las bombillas pl\u00e1sticas por parte de una cadena de caf\u00e9. - Departamento de Ingenier\u00eda Industrial y de Sistemas","og_description":"Entre m\u00e1s peque\u00f1o es un art\u00edculo de pl\u00e1stico m\u00e1s da\u00f1o puede provocar al medio ambiente, bas\u00e1ndose en esta premisa una popular cadena de","og_url":"https:\/\/www.ing.uc.cl\/industrial-y-sistemas\/2018\/07\/13\/habla-luis-cifuentes-profesor-de-ingenieria-uc-sobre-dejar-de-usar-bombillas-por-una-cadena-de-cafe\/","og_site_name":"Departamento de Ingenier\u00eda Industrial y de Sistemas","article_published_time":"2018-07-13T19:28:07+00:00","author":"Francisco H","twitter_card":"summary_large_image","twitter_misc":{"Escrito por":"Francisco H","Tiempo estimado de lectura":"2 minutos"},"schema":{"@context":"https:\/\/schema.org","@graph":[{"@type":"Article","@id":"https:\/\/www.ing.uc.cl\/industrial-y-sistemas\/2018\/07\/13\/habla-luis-cifuentes-profesor-de-ingenieria-uc-sobre-dejar-de-usar-bombillas-por-una-cadena-de-cafe\/#article","isPartOf":{"@id":"https:\/\/www.ing.uc.cl\/industrial-y-sistemas\/2018\/07\/13\/habla-luis-cifuentes-profesor-de-ingenieria-uc-sobre-dejar-de-usar-bombillas-por-una-cadena-de-cafe\/"},"author":{"name":"Francisco H","@id":"https:\/\/www.ing.uc.cl\/industrial-y-sistemas\/#\/schema\/person\/721a1ef791962c4167b0dad3ee596283"},"headline":"Profesor Luis Cifuentes comenta sobre los residuos pl\u00e1sticos, a prop\u00f3sito de la eliminaci\u00f3n de las bombillas pl\u00e1sticas por parte de una cadena de caf\u00e9.","datePublished":"2018-07-13T19:28:07+00:00","mainEntityOfPage":{"@id":"https:\/\/www.ing.uc.cl\/industrial-y-sistemas\/2018\/07\/13\/habla-luis-cifuentes-profesor-de-ingenieria-uc-sobre-dejar-de-usar-bombillas-por-una-cadena-de-cafe\/"},"wordCount":457,"publisher":{"@id":"https:\/\/www.ing.uc.cl\/industrial-y-sistemas\/#organization"},"image":{"@id":"https:\/\/www.ing.uc.cl\/industrial-y-sistemas\/2018\/07\/13\/habla-luis-cifuentes-profesor-de-ingenieria-uc-sobre-dejar-de-usar-bombillas-por-una-cadena-de-cafe\/#primaryimage"},"thumbnailUrl":"https:\/\/www.ing.uc.cl\/industrial-y-sistemas\/wp-content\/uploads\/2016\/08\/cifuentes3083-150x150.jpg","inLanguage":"es-CL"},{"@type":"WebPage","@id":"https:\/\/www.ing.uc.cl\/industrial-y-sistemas\/2018\/07\/13\/habla-luis-cifuentes-profesor-de-ingenieria-uc-sobre-dejar-de-usar-bombillas-por-una-cadena-de-cafe\/","url":"https:\/\/www.ing.uc.cl\/industrial-y-sistemas\/2018\/07\/13\/habla-luis-cifuentes-profesor-de-ingenieria-uc-sobre-dejar-de-usar-bombillas-por-una-cadena-de-cafe\/","name":"Profesor Luis Cifuentes comenta sobre los residuos pl\u00e1sticos, a prop\u00f3sito de la eliminaci\u00f3n de las bombillas pl\u00e1sticas por parte de una cadena de caf\u00e9. - Departamento de Ingenier\u00eda Industrial y de Sistemas","isPartOf":{"@id":"https:\/\/www.ing.uc.cl\/industrial-y-sistemas\/#website"},"primaryImageOfPage":{"@id":"https:\/\/www.ing.uc.cl\/industrial-y-sistemas\/2018\/07\/13\/habla-luis-cifuentes-profesor-de-ingenieria-uc-sobre-dejar-de-usar-bombillas-por-una-cadena-de-cafe\/#primaryimage"},"image":{"@id":"https:\/\/www.ing.uc.cl\/industrial-y-sistemas\/2018\/07\/13\/habla-luis-cifuentes-profesor-de-ingenieria-uc-sobre-dejar-de-usar-bombillas-por-una-cadena-de-cafe\/#primaryimage"},"thumbnailUrl":"https:\/\/www.ing.uc.cl\/industrial-y-sistemas\/wp-content\/uploads\/2016\/08\/cifuentes3083-150x150.jpg","datePublished":"2018-07-13T19:28:07+00:00","breadcrumb":{"@id":"https:\/\/www.ing.uc.cl\/industrial-y-sistemas\/2018\/07\/13\/habla-luis-cifuentes-profesor-de-ingenieria-uc-sobre-dejar-de-usar-bombillas-por-una-cadena-de-cafe\/#breadcrumb"},"inLanguage":"es-CL","potentialAction":[{"@type":"ReadAction","target":["https:\/\/www.ing.uc.cl\/industrial-y-sistemas\/2018\/07\/13\/habla-luis-cifuentes-profesor-de-ingenieria-uc-sobre-dejar-de-usar-bombillas-por-una-cadena-de-cafe\/"]}]},{"@type":"ImageObject","inLanguage":"es-CL","@id":"https:\/\/www.ing.uc.cl\/industrial-y-sistemas\/2018\/07\/13\/habla-luis-cifuentes-profesor-de-ingenieria-uc-sobre-dejar-de-usar-bombillas-por-una-cadena-de-cafe\/#primaryimage","url":"","contentUrl":""},{"@type":"BreadcrumbList","@id":"https:\/\/www.ing.uc.cl\/industrial-y-sistemas\/2018\/07\/13\/habla-luis-cifuentes-profesor-de-ingenieria-uc-sobre-dejar-de-usar-bombillas-por-una-cadena-de-cafe\/#breadcrumb","itemListElement":[{"@type":"ListItem","position":1,"name":"Portada","item":"https:\/\/www.ing.uc.cl\/industrial-y-sistemas\/"},{"@type":"ListItem","position":2,"name":"Profesor Luis Cifuentes comenta sobre los residuos pl\u00e1sticos, a prop\u00f3sito de la eliminaci\u00f3n de las bombillas pl\u00e1sticas por parte de una cadena de caf\u00e9."}]},{"@type":"WebSite","@id":"https:\/\/www.ing.uc.cl\/industrial-y-sistemas\/#website","url":"https:\/\/www.ing.uc.cl\/industrial-y-sistemas\/","name":"Departamento de Ingenier\u00eda Industrial y de Sistemas","description":"Escuela de Ingenier\u00eda","publisher":{"@id":"https:\/\/www.ing.uc.cl\/industrial-y-sistemas\/#organization"},"potentialAction":[{"@type":"SearchAction","target":{"@type":"EntryPoint","urlTemplate":"https:\/\/www.ing.uc.cl\/industrial-y-sistemas\/?s={search_term_string}"},"query-input":{"@type":"PropertyValueSpecification","valueRequired":true,"valueName":"search_term_string"}}],"inLanguage":"es-CL"},{"@type":"Organization","@id":"https:\/\/www.ing.uc.cl\/industrial-y-sistemas\/#organization","name":"Departamento de Ingenier\u00eda Industrial y de Sistemas","url":"https:\/\/www.ing.uc.cl\/industrial-y-sistemas\/","logo":{"@type":"ImageObject","inLanguage":"es-CL","@id":"https:\/\/www.ing.uc.cl\/industrial-y-sistemas\/#\/schema\/logo\/image\/","url":"https:\/\/www.ing.uc.cl\/industrial-y-sistemas\/wp-content\/uploads\/2023\/11\/cropped-UC-P2727-01.png","contentUrl":"https:\/\/www.ing.uc.cl\/industrial-y-sistemas\/wp-content\/uploads\/2023\/11\/cropped-UC-P2727-01.png","width":307,"height":414,"caption":"Departamento de Ingenier\u00eda Industrial y de Sistemas"},"image":{"@id":"https:\/\/www.ing.uc.cl\/industrial-y-sistemas\/#\/schema\/logo\/image\/"}},{"@type":"Person","@id":"https:\/\/www.ing.uc.cl\/industrial-y-sistemas\/#\/schema\/person\/721a1ef791962c4167b0dad3ee596283","name":"Francisco H","image":{"@type":"ImageObject","inLanguage":"es-CL","@id":"https:\/\/www.ing.uc.cl\/industrial-y-sistemas\/#\/schema\/person\/image\/","url":"https:\/\/secure.gravatar.com\/avatar\/63233762875caf7cb464abb0c994788b36bb5a903f4b5e6d958a14f57c41e047?s=96&d=mm&r=g","contentUrl":"https:\/\/secure.gravatar.com\/avatar\/63233762875caf7cb464abb0c994788b36bb5a903f4b5e6d958a14f57c41e047?s=96&d=mm&r=g","caption":"Francisco H"},"url":"https:\/\/www.ing.uc.cl\/industrial-y-sistemas\/author\/fherreros\/"}]}},"rttpg_featured_image_url":null,"rttpg_author":{"display_name":"Francisco H","author_link":"https:\/\/www.ing.uc.cl\/industrial-y-sistemas\/author\/fherreros\/"},"rttpg_comment":0,"rttpg_category":"<a href=\"https:\/\/www.ing.uc.cl\/industrial-y-sistemas\/category\/sin-categoria\/\" rel=\"category tag\">Sin categor\u00eda<\/a>","rttpg_excerpt":"Entre m\u00e1s peque\u00f1o es un art\u00edculo de pl\u00e1stico m\u00e1s da\u00f1o puede provocar al medio ambiente, bas\u00e1ndose en esta premisa una popular cadena de","_links":{"self":[{"href":"https:\/\/www.ing.uc.cl\/industrial-y-sistemas\/wp-json\/wp\/v2\/posts\/3764","targetHints":{"allow":["GET"]}}],"collection":[{"href":"https:\/\/www.ing.uc.cl\/industrial-y-sistemas\/wp-json\/wp\/v2\/posts"}],"about":[{"href":"https:\/\/www.ing.uc.cl\/industrial-y-sistemas\/wp-json\/wp\/v2\/types\/post"}],"author":[{"embeddable":true,"href":"https:\/\/www.ing.uc.cl\/industrial-y-sistemas\/wp-json\/wp\/v2\/users\/4"}],"replies":[{"embeddable":true,"href":"https:\/\/www.ing.uc.cl\/industrial-y-sistemas\/wp-json\/wp\/v2\/comments?post=3764"}],"version-history":[{"count":0,"href":"https:\/\/www.ing.uc.cl\/industrial-y-sistemas\/wp-json\/wp\/v2\/posts\/3764\/revisions"}],"wp:attachment":[{"href":"https:\/\/www.ing.uc.cl\/industrial-y-sistemas\/wp-json\/wp\/v2\/media?parent=3764"}],"wp:term":[{"taxonomy":"category","embeddable":true,"href":"https:\/\/www.ing.uc.cl\/industrial-y-sistemas\/wp-json\/wp\/v2\/categories?post=3764"},{"taxonomy":"post_tag","embeddable":true,"href":"https:\/\/www.ing.uc.cl\/industrial-y-sistemas\/wp-json\/wp\/v2\/tags?post=3764"}],"curies":[{"name":"wp","href":"https:\/\/api.w.org\/{rel}","templated":true}]}}