{"id":3786,"date":"2018-08-24T13:06:14","date_gmt":"2018-08-24T13:06:14","guid":{"rendered":"https:\/\/www.ing.uc.cl\/industrial-y-sistemas\/?p=3786"},"modified":"2018-08-24T13:06:14","modified_gmt":"2018-08-24T13:06:14","slug":"uc-y-enel-firmaron-alianza-para-avanzar-en-autonomia-energetica-de-hogares","status":"publish","type":"post","link":"https:\/\/www.ing.uc.cl\/industrial-y-sistemas\/2018\/08\/24\/uc-y-enel-firmaron-alianza-para-avanzar-en-autonomia-energetica-de-hogares\/","title":{"rendered":"UC y Enel firmaron alianza para avanzar en autonom\u00eda energ\u00e9tica de hogares"},"content":{"rendered":"<p><img decoding=\"async\" class=\"alignleft size-medium wp-image-3787\" src=\"https:\/\/www.ing.uc.cl\/industrial-y-sistemas\/wp-content\/uploads\/2018\/08\/acuerdoenel-300x141.jpg\" alt=\"\" width=\"300\" height=\"141\" \/>Gracias al trabajo de investigadores de la\u00a0<a href=\"https:\/\/www.ing.uc.cl\/\" target=\"_blank\" rel=\"noopener\">Escuela de Ingenier\u00eda UC<\/a>, con el apoyo de la\u00a0<a href=\"http:\/\/transferenciaydesarrollo.uc.cl\/es\/\" target=\"_blank\" rel=\"noopener\">Direcci\u00f3n de Transferencia y Desarrollo UC<\/a>, se firm\u00f3 el acuerdo \u201cColaboraci\u00f3n, Investigaci\u00f3n e Innovaci\u00f3n\u201d entre la universidad y\u00a0<a href=\"https:\/\/www.enel.cl\/es\/conoce-enel\/enel-distribucion-chile.html\" target=\"_blank\" rel=\"noopener\">Enel<\/a>.\u00a0<strong>Esta alianza permitir\u00e1 el desarrollo conjunto de investigaci\u00f3n de pre y postgrado, adem\u00e1s de diversas pruebas y desarrollo de pilotos en el \u00e1mbito de las redes inteligentes.<\/strong>\u00a0Por otro lado, se conformar\u00e1 un espacio para la difusi\u00f3n y capacitaci\u00f3n en estas materias, tanto para audiencia general y especializada.<\/p>\n<p>En la ceremonia de firma de este acuerdo, el vicerrector de Investigaci\u00f3n UC, Pedro Bouchon, destac\u00f3 el trabajo y liderazgo de los investigadores, adem\u00e1s de valorar la oportunidad de poder aportar al pa\u00eds desde la investigaci\u00f3n de excelencia. &#8220;<strong>Es un orgullo sacar adelante esta iniciativa, la que alimenta el rol p\u00fablico que tenemos como universidad. Queremos acercarnos a la sociedad, servir y ayudar a su desarrollo, para mejorar la calidad de vida de los chilenos. Adem\u00e1s de tratar de contribuir desde Chile al desarrollo global&#8221;<\/strong>, sostuvo Bouchon.<\/p>\n<p>Por su parte, Andreas Gebhardt, gerente general de Enel, valor\u00f3 el acuerdo, destacando el gran valor que traer\u00e1 el trabajo en colaboraci\u00f3n con la academia.\u00a0<strong>&#8220;Qu\u00e9 mejor oportunidad que vincularse para combinar objetivos muy relevantes para el avance de nuestra industria. Hoy d\u00eda eso no es solamente un deseo, sino que una necesidad, en la medida que las compa\u00f1\u00edas que no entran en esta l\u00f3gica de la evoluci\u00f3n y del desarrollo decidido se van a quedar atr\u00e1s, y terminar\u00e1n muriendo\u201d<\/strong>, dijo Gebhardt.<\/p>\n<p>En tanto, \u00c1lvaro Ossa, director de Transferencia y Desarrollo UC, enfatiz\u00f3 en que uno de los pilares fundamentales de esta \u00e1rea y de la universidad es poder generar alianzas estrat\u00e9gicas con empresas y estrechar lazos con agencias p\u00fablicas y privadas que faciliten el desarrollo y transferencia de resultados de investigaciones con un potencial impacto en la sociedad. &#8220;<strong>Este acuerdo es de gran relevancia ya que facilitar\u00e1 el trabajo conjunto en investigaci\u00f3n, desarrollo de capital avanzado y transferencia tecnol\u00f3gica\u201d<\/strong>, explic\u00f3 \u00c1lvaro Ossa.<\/p>\n<p>Asimismo, <strong>Enzo Sauma<\/strong>, Profesor del Departamento de Ingenier\u00eda Industrial y de Sistemas y director del Centro de Energ\u00eda UC, detall\u00f3 que\u00a0<strong>&#8220;la energ\u00eda est\u00e1 transitando desde un paradigma cl\u00e1sico, en el que los generadores daban energ\u00eda a los consumidores, a un paradigma en donde hay microrredes que se entrelazan. Por lo tanto, consumidores y productores se confunden. En esa transici\u00f3n no hay un modelo de negocio claro que se tenga que imponer\u201d<\/strong>.<\/p>\n<p>\u201cA largo plazo, con este acuerdo podremos pensar, conjuntamente, cu\u00e1l es el modelo de negocio m\u00e1s eficiente y cu\u00e1l es la forma m\u00e1s efectiva de masificar las redes inteligentes en nuestro pa\u00eds y a nivel global\u201d, agreg\u00f3 <strong>Sauma<\/strong>.<\/p>\n<p><strong>El nacimiento de la alianza<\/strong><\/p>\n<p>Los primeros acercamientos entre la UC y Enel se dieron gracias al trabajo del equipo de investigaci\u00f3n liderado por los acad\u00e9micos del Departamento de Ingenier\u00eda El\u00e9ctrica de Escuela de Ingenier\u00eda, Mat\u00edas Negrete, <strong>\u00c1lvaro Lorca<\/strong> y Daniel Olivares. Este equipo investiga las microrredes como una forma de almacenar energ\u00eda en caso de que se le inyecte menos de la normalmente utilizada al sistema, lo que permitir\u00eda depender de m\u00e1s fuentes de energ\u00eda renovables, que necesitan m\u00e1s flexibilidad de los hogares (para cuando, por ejemplo, baja la intensidad del viento en los molinos e\u00f3licos).<\/p>\n<p><strong>\u201cCon Enel este proyecto se podr\u00eda potenciar, pues est\u00e1n desarrollando unos pilotos en la ciudad empresarial, en donde nosotros pensar\u00edamos que podemos potenciar nuestros desarrollos con los que ya tengan ellos\u201d, se\u00f1al\u00f3 Negrete.<\/strong><\/p>\n<p>La infraestructura a la que llevar\u00edan los resultados de esta investigaci\u00f3n, que se implementar\u00e1 en el Campus San Joaqu\u00edn de la UC a fines del 2019,\u00a0<strong>\u201cpermite mejorar la resiliencia del sistema: en vez de que tengas que mandar un tuit para saber que no tienes luz, el sistema autom\u00e1ticamente lo puede detectar y as\u00ed optimizar el env\u00edo de cuadrillas, o si ya tenemos una microrred, podemos tener bater\u00edas que permitan tener aseguramiento del consumo el\u00e9ctrico en cargas cr\u00edticas\u201d<\/strong>, explic\u00f3 <strong>\u00c1lvaro Lorca<\/strong>.<\/p>\n<p>La alianza UC-Enel permitir\u00e1 el desarrollo conjunto de investigaci\u00f3n de pre y postgrado, adem\u00e1s de pruebas y desarrollo de pilotos en el \u00e1mbito de las redes inteligentes. Por otro lado, se conformar\u00e1 un espacio para la difusi\u00f3n y capacitaci\u00f3n en estas materias, tanto para audiencia general y especializada.<\/p>\n","protected":false},"excerpt":{"rendered":"<p>Gracias al trabajo de investigadores de la\u00a0Escuela de Ingenier\u00eda UC, con el apoyo de la\u00a0Direcci\u00f3n de Transferencia y Desarrollo UC, se firm\u00f3 el acuerdo \u201cColaboraci\u00f3n, Investigaci\u00f3n<\/p>\n","protected":false},"author":4,"featured_media":0,"comment_status":"closed","ping_status":"closed","sticky":false,"template":"","format":"standard","meta":{"site-sidebar-layout":"default","site-content-layout":"","ast-site-content-layout":"default","site-content-style":"default","site-sidebar-style":"default","ast-global-header-display":"","ast-banner-title-visibility":"","ast-main-header-display":"","ast-hfb-above-header-display":"","ast-hfb-below-header-display":"","ast-hfb-mobile-header-display":"","site-post-title":"","ast-breadcrumbs-content":"","ast-featured-img":"","footer-sml-layout":"","ast-disable-related-posts":"","theme-transparent-header-meta":"","adv-header-id-meta":"","stick-header-meta":"","header-above-stick-meta":"","header-main-stick-meta":"","header-below-stick-meta":"","astra-migrate-meta-layouts":"default","ast-page-background-enabled":"default","ast-page-background-meta":{"desktop":{"background-color":"","background-image":"","background-repeat":"repeat","background-position":"center center","background-size":"auto","background-attachment":"scroll","background-type":"","background-media":"","overlay-type":"","overlay-color":"","overlay-opacity":"","overlay-gradient":""},"tablet":{"background-color":"","background-image":"","background-repeat":"repeat","background-position":"center center","background-size":"auto","background-attachment":"scroll","background-type":"","background-media":"","overlay-type":"","overlay-color":"","overlay-opacity":"","overlay-gradient":""},"mobile":{"background-color":"","background-image":"","background-repeat":"repeat","background-position":"center center","background-size":"auto","background-attachment":"scroll","background-type":"","background-media":"","overlay-type":"","overlay-color":"","overlay-opacity":"","overlay-gradient":""}},"ast-content-background-meta":{"desktop":{"background-color":"var(--ast-global-color-5)","background-image":"","background-repeat":"repeat","background-position":"center center","background-size":"auto","background-attachment":"scroll","background-type":"","background-media":"","overlay-type":"","overlay-color":"","overlay-opacity":"","overlay-gradient":""},"tablet":{"background-color":"var(--ast-global-color-5)","background-image":"","background-repeat":"repeat","background-position":"center center","background-size":"auto","background-attachment":"scroll","background-type":"","background-media":"","overlay-type":"","overlay-color":"","overlay-opacity":"","overlay-gradient":""},"mobile":{"background-color":"var(--ast-global-color-5)","background-image":"","background-repeat":"repeat","background-position":"center center","background-size":"auto","background-attachment":"scroll","background-type":"","background-media":"","overlay-type":"","overlay-color":"","overlay-opacity":"","overlay-gradient":""}},"footnotes":""},"categories":[1],"tags":[],"class_list":["post-3786","post","type-post","status-publish","format-standard","hentry","category-sin-categoria"],"yoast_head":"<!-- This site is optimized with the Yoast SEO plugin v26.9 - https:\/\/yoast.com\/product\/yoast-seo-wordpress\/ -->\n<title>UC y Enel firmaron alianza para avanzar en autonom\u00eda energ\u00e9tica de hogares - Departamento de Ingenier\u00eda Industrial y de Sistemas<\/title>\n<meta name=\"robots\" content=\"index, follow, max-snippet:-1, max-image-preview:large, max-video-preview:-1\" \/>\n<link rel=\"canonical\" href=\"https:\/\/www.ing.uc.cl\/industrial-y-sistemas\/2018\/08\/24\/uc-y-enel-firmaron-alianza-para-avanzar-en-autonomia-energetica-de-hogares\/\" \/>\n<meta property=\"og:locale\" content=\"es_ES\" \/>\n<meta property=\"og:type\" content=\"article\" \/>\n<meta property=\"og:title\" content=\"UC y Enel firmaron alianza para avanzar en autonom\u00eda energ\u00e9tica de hogares - Departamento de Ingenier\u00eda Industrial y de Sistemas\" \/>\n<meta property=\"og:description\" content=\"Gracias al trabajo de investigadores de la\u00a0Escuela de Ingenier\u00eda UC, con el apoyo de la\u00a0Direcci\u00f3n de Transferencia y Desarrollo UC, se firm\u00f3 el acuerdo \u201cColaboraci\u00f3n, Investigaci\u00f3n\" \/>\n<meta property=\"og:url\" content=\"https:\/\/www.ing.uc.cl\/industrial-y-sistemas\/2018\/08\/24\/uc-y-enel-firmaron-alianza-para-avanzar-en-autonomia-energetica-de-hogares\/\" \/>\n<meta property=\"og:site_name\" content=\"Departamento de Ingenier\u00eda Industrial y de Sistemas\" \/>\n<meta property=\"article:published_time\" content=\"2018-08-24T13:06:14+00:00\" \/>\n<meta name=\"author\" content=\"Francisco H\" \/>\n<meta name=\"twitter:card\" content=\"summary_large_image\" \/>\n<meta name=\"twitter:label1\" content=\"Escrito por\" \/>\n\t<meta name=\"twitter:data1\" content=\"Francisco H\" \/>\n\t<meta name=\"twitter:label2\" content=\"Tiempo estimado de lectura\" \/>\n\t<meta name=\"twitter:data2\" content=\"4 minutos\" \/>\n<script type=\"application\/ld+json\" class=\"yoast-schema-graph\">{\"@context\":\"https:\/\/schema.org\",\"@graph\":[{\"@type\":\"Article\",\"@id\":\"https:\/\/www.ing.uc.cl\/industrial-y-sistemas\/2018\/08\/24\/uc-y-enel-firmaron-alianza-para-avanzar-en-autonomia-energetica-de-hogares\/#article\",\"isPartOf\":{\"@id\":\"https:\/\/www.ing.uc.cl\/industrial-y-sistemas\/2018\/08\/24\/uc-y-enel-firmaron-alianza-para-avanzar-en-autonomia-energetica-de-hogares\/\"},\"author\":{\"name\":\"Francisco H\",\"@id\":\"https:\/\/www.ing.uc.cl\/industrial-y-sistemas\/#\/schema\/person\/721a1ef791962c4167b0dad3ee596283\"},\"headline\":\"UC y Enel firmaron alianza para avanzar en autonom\u00eda energ\u00e9tica de hogares\",\"datePublished\":\"2018-08-24T13:06:14+00:00\",\"mainEntityOfPage\":{\"@id\":\"https:\/\/www.ing.uc.cl\/industrial-y-sistemas\/2018\/08\/24\/uc-y-enel-firmaron-alianza-para-avanzar-en-autonomia-energetica-de-hogares\/\"},\"wordCount\":781,\"publisher\":{\"@id\":\"https:\/\/www.ing.uc.cl\/industrial-y-sistemas\/#organization\"},\"image\":{\"@id\":\"https:\/\/www.ing.uc.cl\/industrial-y-sistemas\/2018\/08\/24\/uc-y-enel-firmaron-alianza-para-avanzar-en-autonomia-energetica-de-hogares\/#primaryimage\"},\"thumbnailUrl\":\"https:\/\/www.ing.uc.cl\/industrial-y-sistemas\/wp-content\/uploads\/2018\/08\/acuerdoenel-300x141.jpg\",\"inLanguage\":\"es-CL\"},{\"@type\":\"WebPage\",\"@id\":\"https:\/\/www.ing.uc.cl\/industrial-y-sistemas\/2018\/08\/24\/uc-y-enel-firmaron-alianza-para-avanzar-en-autonomia-energetica-de-hogares\/\",\"url\":\"https:\/\/www.ing.uc.cl\/industrial-y-sistemas\/2018\/08\/24\/uc-y-enel-firmaron-alianza-para-avanzar-en-autonomia-energetica-de-hogares\/\",\"name\":\"UC y Enel firmaron alianza para avanzar en autonom\u00eda energ\u00e9tica de hogares - Departamento de Ingenier\u00eda Industrial y de Sistemas\",\"isPartOf\":{\"@id\":\"https:\/\/www.ing.uc.cl\/industrial-y-sistemas\/#website\"},\"primaryImageOfPage\":{\"@id\":\"https:\/\/www.ing.uc.cl\/industrial-y-sistemas\/2018\/08\/24\/uc-y-enel-firmaron-alianza-para-avanzar-en-autonomia-energetica-de-hogares\/#primaryimage\"},\"image\":{\"@id\":\"https:\/\/www.ing.uc.cl\/industrial-y-sistemas\/2018\/08\/24\/uc-y-enel-firmaron-alianza-para-avanzar-en-autonomia-energetica-de-hogares\/#primaryimage\"},\"thumbnailUrl\":\"https:\/\/www.ing.uc.cl\/industrial-y-sistemas\/wp-content\/uploads\/2018\/08\/acuerdoenel-300x141.jpg\",\"datePublished\":\"2018-08-24T13:06:14+00:00\",\"breadcrumb\":{\"@id\":\"https:\/\/www.ing.uc.cl\/industrial-y-sistemas\/2018\/08\/24\/uc-y-enel-firmaron-alianza-para-avanzar-en-autonomia-energetica-de-hogares\/#breadcrumb\"},\"inLanguage\":\"es-CL\",\"potentialAction\":[{\"@type\":\"ReadAction\",\"target\":[\"https:\/\/www.ing.uc.cl\/industrial-y-sistemas\/2018\/08\/24\/uc-y-enel-firmaron-alianza-para-avanzar-en-autonomia-energetica-de-hogares\/\"]}]},{\"@type\":\"ImageObject\",\"inLanguage\":\"es-CL\",\"@id\":\"https:\/\/www.ing.uc.cl\/industrial-y-sistemas\/2018\/08\/24\/uc-y-enel-firmaron-alianza-para-avanzar-en-autonomia-energetica-de-hogares\/#primaryimage\",\"url\":\"\",\"contentUrl\":\"\"},{\"@type\":\"BreadcrumbList\",\"@id\":\"https:\/\/www.ing.uc.cl\/industrial-y-sistemas\/2018\/08\/24\/uc-y-enel-firmaron-alianza-para-avanzar-en-autonomia-energetica-de-hogares\/#breadcrumb\",\"itemListElement\":[{\"@type\":\"ListItem\",\"position\":1,\"name\":\"Portada\",\"item\":\"https:\/\/www.ing.uc.cl\/industrial-y-sistemas\/\"},{\"@type\":\"ListItem\",\"position\":2,\"name\":\"UC y Enel firmaron alianza para avanzar en autonom\u00eda energ\u00e9tica de hogares\"}]},{\"@type\":\"WebSite\",\"@id\":\"https:\/\/www.ing.uc.cl\/industrial-y-sistemas\/#website\",\"url\":\"https:\/\/www.ing.uc.cl\/industrial-y-sistemas\/\",\"name\":\"Departamento de Ingenier\u00eda Industrial y de Sistemas\",\"description\":\"Escuela de Ingenier\u00eda\",\"publisher\":{\"@id\":\"https:\/\/www.ing.uc.cl\/industrial-y-sistemas\/#organization\"},\"potentialAction\":[{\"@type\":\"SearchAction\",\"target\":{\"@type\":\"EntryPoint\",\"urlTemplate\":\"https:\/\/www.ing.uc.cl\/industrial-y-sistemas\/?s={search_term_string}\"},\"query-input\":{\"@type\":\"PropertyValueSpecification\",\"valueRequired\":true,\"valueName\":\"search_term_string\"}}],\"inLanguage\":\"es-CL\"},{\"@type\":\"Organization\",\"@id\":\"https:\/\/www.ing.uc.cl\/industrial-y-sistemas\/#organization\",\"name\":\"Departamento de Ingenier\u00eda Industrial y de Sistemas\",\"url\":\"https:\/\/www.ing.uc.cl\/industrial-y-sistemas\/\",\"logo\":{\"@type\":\"ImageObject\",\"inLanguage\":\"es-CL\",\"@id\":\"https:\/\/www.ing.uc.cl\/industrial-y-sistemas\/#\/schema\/logo\/image\/\",\"url\":\"https:\/\/www.ing.uc.cl\/industrial-y-sistemas\/wp-content\/uploads\/2023\/11\/cropped-UC-P2727-01.png\",\"contentUrl\":\"https:\/\/www.ing.uc.cl\/industrial-y-sistemas\/wp-content\/uploads\/2023\/11\/cropped-UC-P2727-01.png\",\"width\":307,\"height\":414,\"caption\":\"Departamento de Ingenier\u00eda Industrial y de Sistemas\"},\"image\":{\"@id\":\"https:\/\/www.ing.uc.cl\/industrial-y-sistemas\/#\/schema\/logo\/image\/\"}},{\"@type\":\"Person\",\"@id\":\"https:\/\/www.ing.uc.cl\/industrial-y-sistemas\/#\/schema\/person\/721a1ef791962c4167b0dad3ee596283\",\"name\":\"Francisco H\",\"image\":{\"@type\":\"ImageObject\",\"inLanguage\":\"es-CL\",\"@id\":\"https:\/\/www.ing.uc.cl\/industrial-y-sistemas\/#\/schema\/person\/image\/\",\"url\":\"https:\/\/secure.gravatar.com\/avatar\/63233762875caf7cb464abb0c994788b36bb5a903f4b5e6d958a14f57c41e047?s=96&d=mm&r=g\",\"contentUrl\":\"https:\/\/secure.gravatar.com\/avatar\/63233762875caf7cb464abb0c994788b36bb5a903f4b5e6d958a14f57c41e047?s=96&d=mm&r=g\",\"caption\":\"Francisco H\"},\"url\":\"https:\/\/www.ing.uc.cl\/industrial-y-sistemas\/author\/fherreros\/\"}]}<\/script>\n<!-- \/ Yoast SEO plugin. -->","yoast_head_json":{"title":"UC y Enel firmaron alianza para avanzar en autonom\u00eda energ\u00e9tica de hogares - Departamento de Ingenier\u00eda Industrial y de Sistemas","robots":{"index":"index","follow":"follow","max-snippet":"max-snippet:-1","max-image-preview":"max-image-preview:large","max-video-preview":"max-video-preview:-1"},"canonical":"https:\/\/www.ing.uc.cl\/industrial-y-sistemas\/2018\/08\/24\/uc-y-enel-firmaron-alianza-para-avanzar-en-autonomia-energetica-de-hogares\/","og_locale":"es_ES","og_type":"article","og_title":"UC y Enel firmaron alianza para avanzar en autonom\u00eda energ\u00e9tica de hogares - Departamento de Ingenier\u00eda Industrial y de Sistemas","og_description":"Gracias al trabajo de investigadores de la\u00a0Escuela de Ingenier\u00eda UC, con el apoyo de la\u00a0Direcci\u00f3n de Transferencia y Desarrollo UC, se firm\u00f3 el acuerdo \u201cColaboraci\u00f3n, Investigaci\u00f3n","og_url":"https:\/\/www.ing.uc.cl\/industrial-y-sistemas\/2018\/08\/24\/uc-y-enel-firmaron-alianza-para-avanzar-en-autonomia-energetica-de-hogares\/","og_site_name":"Departamento de Ingenier\u00eda Industrial y de Sistemas","article_published_time":"2018-08-24T13:06:14+00:00","author":"Francisco H","twitter_card":"summary_large_image","twitter_misc":{"Escrito por":"Francisco H","Tiempo estimado de lectura":"4 minutos"},"schema":{"@context":"https:\/\/schema.org","@graph":[{"@type":"Article","@id":"https:\/\/www.ing.uc.cl\/industrial-y-sistemas\/2018\/08\/24\/uc-y-enel-firmaron-alianza-para-avanzar-en-autonomia-energetica-de-hogares\/#article","isPartOf":{"@id":"https:\/\/www.ing.uc.cl\/industrial-y-sistemas\/2018\/08\/24\/uc-y-enel-firmaron-alianza-para-avanzar-en-autonomia-energetica-de-hogares\/"},"author":{"name":"Francisco H","@id":"https:\/\/www.ing.uc.cl\/industrial-y-sistemas\/#\/schema\/person\/721a1ef791962c4167b0dad3ee596283"},"headline":"UC y Enel firmaron alianza para avanzar en autonom\u00eda energ\u00e9tica de hogares","datePublished":"2018-08-24T13:06:14+00:00","mainEntityOfPage":{"@id":"https:\/\/www.ing.uc.cl\/industrial-y-sistemas\/2018\/08\/24\/uc-y-enel-firmaron-alianza-para-avanzar-en-autonomia-energetica-de-hogares\/"},"wordCount":781,"publisher":{"@id":"https:\/\/www.ing.uc.cl\/industrial-y-sistemas\/#organization"},"image":{"@id":"https:\/\/www.ing.uc.cl\/industrial-y-sistemas\/2018\/08\/24\/uc-y-enel-firmaron-alianza-para-avanzar-en-autonomia-energetica-de-hogares\/#primaryimage"},"thumbnailUrl":"https:\/\/www.ing.uc.cl\/industrial-y-sistemas\/wp-content\/uploads\/2018\/08\/acuerdoenel-300x141.jpg","inLanguage":"es-CL"},{"@type":"WebPage","@id":"https:\/\/www.ing.uc.cl\/industrial-y-sistemas\/2018\/08\/24\/uc-y-enel-firmaron-alianza-para-avanzar-en-autonomia-energetica-de-hogares\/","url":"https:\/\/www.ing.uc.cl\/industrial-y-sistemas\/2018\/08\/24\/uc-y-enel-firmaron-alianza-para-avanzar-en-autonomia-energetica-de-hogares\/","name":"UC y Enel firmaron alianza para avanzar en autonom\u00eda energ\u00e9tica de hogares - Departamento de Ingenier\u00eda Industrial y de Sistemas","isPartOf":{"@id":"https:\/\/www.ing.uc.cl\/industrial-y-sistemas\/#website"},"primaryImageOfPage":{"@id":"https:\/\/www.ing.uc.cl\/industrial-y-sistemas\/2018\/08\/24\/uc-y-enel-firmaron-alianza-para-avanzar-en-autonomia-energetica-de-hogares\/#primaryimage"},"image":{"@id":"https:\/\/www.ing.uc.cl\/industrial-y-sistemas\/2018\/08\/24\/uc-y-enel-firmaron-alianza-para-avanzar-en-autonomia-energetica-de-hogares\/#primaryimage"},"thumbnailUrl":"https:\/\/www.ing.uc.cl\/industrial-y-sistemas\/wp-content\/uploads\/2018\/08\/acuerdoenel-300x141.jpg","datePublished":"2018-08-24T13:06:14+00:00","breadcrumb":{"@id":"https:\/\/www.ing.uc.cl\/industrial-y-sistemas\/2018\/08\/24\/uc-y-enel-firmaron-alianza-para-avanzar-en-autonomia-energetica-de-hogares\/#breadcrumb"},"inLanguage":"es-CL","potentialAction":[{"@type":"ReadAction","target":["https:\/\/www.ing.uc.cl\/industrial-y-sistemas\/2018\/08\/24\/uc-y-enel-firmaron-alianza-para-avanzar-en-autonomia-energetica-de-hogares\/"]}]},{"@type":"ImageObject","inLanguage":"es-CL","@id":"https:\/\/www.ing.uc.cl\/industrial-y-sistemas\/2018\/08\/24\/uc-y-enel-firmaron-alianza-para-avanzar-en-autonomia-energetica-de-hogares\/#primaryimage","url":"","contentUrl":""},{"@type":"BreadcrumbList","@id":"https:\/\/www.ing.uc.cl\/industrial-y-sistemas\/2018\/08\/24\/uc-y-enel-firmaron-alianza-para-avanzar-en-autonomia-energetica-de-hogares\/#breadcrumb","itemListElement":[{"@type":"ListItem","position":1,"name":"Portada","item":"https:\/\/www.ing.uc.cl\/industrial-y-sistemas\/"},{"@type":"ListItem","position":2,"name":"UC y Enel firmaron alianza para avanzar en autonom\u00eda energ\u00e9tica de hogares"}]},{"@type":"WebSite","@id":"https:\/\/www.ing.uc.cl\/industrial-y-sistemas\/#website","url":"https:\/\/www.ing.uc.cl\/industrial-y-sistemas\/","name":"Departamento de Ingenier\u00eda Industrial y de Sistemas","description":"Escuela de Ingenier\u00eda","publisher":{"@id":"https:\/\/www.ing.uc.cl\/industrial-y-sistemas\/#organization"},"potentialAction":[{"@type":"SearchAction","target":{"@type":"EntryPoint","urlTemplate":"https:\/\/www.ing.uc.cl\/industrial-y-sistemas\/?s={search_term_string}"},"query-input":{"@type":"PropertyValueSpecification","valueRequired":true,"valueName":"search_term_string"}}],"inLanguage":"es-CL"},{"@type":"Organization","@id":"https:\/\/www.ing.uc.cl\/industrial-y-sistemas\/#organization","name":"Departamento de Ingenier\u00eda Industrial y de Sistemas","url":"https:\/\/www.ing.uc.cl\/industrial-y-sistemas\/","logo":{"@type":"ImageObject","inLanguage":"es-CL","@id":"https:\/\/www.ing.uc.cl\/industrial-y-sistemas\/#\/schema\/logo\/image\/","url":"https:\/\/www.ing.uc.cl\/industrial-y-sistemas\/wp-content\/uploads\/2023\/11\/cropped-UC-P2727-01.png","contentUrl":"https:\/\/www.ing.uc.cl\/industrial-y-sistemas\/wp-content\/uploads\/2023\/11\/cropped-UC-P2727-01.png","width":307,"height":414,"caption":"Departamento de Ingenier\u00eda Industrial y de Sistemas"},"image":{"@id":"https:\/\/www.ing.uc.cl\/industrial-y-sistemas\/#\/schema\/logo\/image\/"}},{"@type":"Person","@id":"https:\/\/www.ing.uc.cl\/industrial-y-sistemas\/#\/schema\/person\/721a1ef791962c4167b0dad3ee596283","name":"Francisco H","image":{"@type":"ImageObject","inLanguage":"es-CL","@id":"https:\/\/www.ing.uc.cl\/industrial-y-sistemas\/#\/schema\/person\/image\/","url":"https:\/\/secure.gravatar.com\/avatar\/63233762875caf7cb464abb0c994788b36bb5a903f4b5e6d958a14f57c41e047?s=96&d=mm&r=g","contentUrl":"https:\/\/secure.gravatar.com\/avatar\/63233762875caf7cb464abb0c994788b36bb5a903f4b5e6d958a14f57c41e047?s=96&d=mm&r=g","caption":"Francisco H"},"url":"https:\/\/www.ing.uc.cl\/industrial-y-sistemas\/author\/fherreros\/"}]}},"rttpg_featured_image_url":null,"rttpg_author":{"display_name":"Francisco H","author_link":"https:\/\/www.ing.uc.cl\/industrial-y-sistemas\/author\/fherreros\/"},"rttpg_comment":0,"rttpg_category":"<a href=\"https:\/\/www.ing.uc.cl\/industrial-y-sistemas\/category\/sin-categoria\/\" rel=\"category tag\">Sin categor\u00eda<\/a>","rttpg_excerpt":"Gracias al trabajo de investigadores de la\u00a0Escuela de Ingenier\u00eda UC, con el apoyo de la\u00a0Direcci\u00f3n de Transferencia y Desarrollo UC, se firm\u00f3 el acuerdo \u201cColaboraci\u00f3n, Investigaci\u00f3n","_links":{"self":[{"href":"https:\/\/www.ing.uc.cl\/industrial-y-sistemas\/wp-json\/wp\/v2\/posts\/3786","targetHints":{"allow":["GET"]}}],"collection":[{"href":"https:\/\/www.ing.uc.cl\/industrial-y-sistemas\/wp-json\/wp\/v2\/posts"}],"about":[{"href":"https:\/\/www.ing.uc.cl\/industrial-y-sistemas\/wp-json\/wp\/v2\/types\/post"}],"author":[{"embeddable":true,"href":"https:\/\/www.ing.uc.cl\/industrial-y-sistemas\/wp-json\/wp\/v2\/users\/4"}],"replies":[{"embeddable":true,"href":"https:\/\/www.ing.uc.cl\/industrial-y-sistemas\/wp-json\/wp\/v2\/comments?post=3786"}],"version-history":[{"count":0,"href":"https:\/\/www.ing.uc.cl\/industrial-y-sistemas\/wp-json\/wp\/v2\/posts\/3786\/revisions"}],"wp:attachment":[{"href":"https:\/\/www.ing.uc.cl\/industrial-y-sistemas\/wp-json\/wp\/v2\/media?parent=3786"}],"wp:term":[{"taxonomy":"category","embeddable":true,"href":"https:\/\/www.ing.uc.cl\/industrial-y-sistemas\/wp-json\/wp\/v2\/categories?post=3786"},{"taxonomy":"post_tag","embeddable":true,"href":"https:\/\/www.ing.uc.cl\/industrial-y-sistemas\/wp-json\/wp\/v2\/tags?post=3786"}],"curies":[{"name":"wp","href":"https:\/\/api.w.org\/{rel}","templated":true}]}}