{"id":3805,"date":"2018-09-03T13:05:09","date_gmt":"2018-09-03T13:05:09","guid":{"rendered":"https:\/\/www.ing.uc.cl\/industrial-y-sistemas\/?p=3805"},"modified":"2018-09-03T13:05:09","modified_gmt":"2018-09-03T13:05:09","slug":"dia-del-academico-comunidad-uc-celebra-y-reconoce-mas-de-70-profesores-por-su-aporte-la-universidad-y-al-pais","status":"publish","type":"post","link":"https:\/\/www.ing.uc.cl\/industrial-y-sistemas\/2018\/09\/03\/dia-del-academico-comunidad-uc-celebra-y-reconoce-mas-de-70-profesores-por-su-aporte-la-universidad-y-al-pais\/","title":{"rendered":"D\u00eda del acad\u00e9mico: comunidad UC celebra y reconoce a m\u00e1s de 70 profesores por su aporte a la universidad y al pa\u00eds"},"content":{"rendered":"<p><img fetchpriority=\"high\" decoding=\"async\" class=\"alignleft size-medium wp-image-3809\" src=\"https:\/\/www.ing.uc.cl\/industrial-y-sistemas\/wp-content\/uploads\/2018\/09\/rr25aos-300x200.jpg\" alt=\"\" width=\"300\" height=\"200\" \/>En la ocasi\u00f3n se agradeci\u00f3 el trabajo de cada profesor, el que ayuda a que la casa de estudios transmita y genere conocimiento para Chile.\u00a0&#8220;Gracias por el compromiso institucional, por sentir que la UC es la casa de cada uno de nosotros, que pone una mesa para todos: un lugar donde todos queremos estar y donde todos queremos servir&#8221;, expres\u00f3 el rector Ignacio S\u00e1nchez.<\/p>\n<p>Durante la concurrida ceremonia se entreg\u00f3 un reconocimiento a los profesores que cumplen 25, 30, 35 y 40 a\u00f1os en la universidad, entre ellos a nuestro querido profesor <strong>Ricardo Raineri, del Departamento de Ingenier\u00eda Industrial y de Sistemas<\/strong>, por sus 25 a\u00f1os en la UC.<\/p>\n<p>En su discurso, el rector Ignacio S\u00e1nchez felicit\u00f3 entusiastamente a los acad\u00e9micos que por tantos a\u00f1os han pertenecido a la casa de estudios.\u00a0Hizo especial menci\u00f3n a la vocaci\u00f3n pedag\u00f3gica de cada uno de ellos y los invit\u00f3 a que sigan entregando su labor a la universidad.<\/p>\n<p>El rector tambi\u00e9n destac\u00f3 el ejemplo que dan los acad\u00e9micos en nuestra casa de estudios: &#8220;Gracias por ser ejemplo en su labor diaria, gracias por ense\u00f1ar tanto, gracias por mantener una tradici\u00f3n universitaria de tantos siglos. Aqu\u00ed hay un esp\u00edritu colegial de comunidad en la cual cada uno de ustedes, como en una gran orquesta, entrega su aporte&#8221;.<\/p>\n<p>&#8220;La UC no ser\u00eda lo mismo si alguno de ustedes no hubiera ingresado a ser profesor o profesora hace 25, 30, 35 y 40 a\u00f1os&#8221;, enfatiz\u00f3.<\/p>\n","protected":false},"excerpt":{"rendered":"<p>En la ocasi\u00f3n se agradeci\u00f3 el trabajo de cada profesor, el que ayuda a que la casa de estudios transmita y genere conocimiento para Chile.\u00a0&#8220;Gracias por el compromiso institucional,<\/p>\n","protected":false},"author":4,"featured_media":0,"comment_status":"closed","ping_status":"closed","sticky":false,"template":"","format":"standard","meta":{"site-sidebar-layout":"default","site-content-layout":"","ast-site-content-layout":"default","site-content-style":"default","site-sidebar-style":"default","ast-global-header-display":"","ast-banner-title-visibility":"","ast-main-header-display":"","ast-hfb-above-header-display":"","ast-hfb-below-header-display":"","ast-hfb-mobile-header-display":"","site-post-title":"","ast-breadcrumbs-content":"","ast-featured-img":"","footer-sml-layout":"","ast-disable-related-posts":"","theme-transparent-header-meta":"","adv-header-id-meta":"","stick-header-meta":"","header-above-stick-meta":"","header-main-stick-meta":"","header-below-stick-meta":"","astra-migrate-meta-layouts":"default","ast-page-background-enabled":"default","ast-page-background-meta":{"desktop":{"background-color":"","background-image":"","background-repeat":"repeat","background-position":"center center","background-size":"auto","background-attachment":"scroll","background-type":"","background-media":"","overlay-type":"","overlay-color":"","overlay-opacity":"","overlay-gradient":""},"tablet":{"background-color":"","background-image":"","background-repeat":"repeat","background-position":"center center","background-size":"auto","background-attachment":"scroll","background-type":"","background-media":"","overlay-type":"","overlay-color":"","overlay-opacity":"","overlay-gradient":""},"mobile":{"background-color":"","background-image":"","background-repeat":"repeat","background-position":"center center","background-size":"auto","background-attachment":"scroll","background-type":"","background-media":"","overlay-type":"","overlay-color":"","overlay-opacity":"","overlay-gradient":""}},"ast-content-background-meta":{"desktop":{"background-color":"var(--ast-global-color-5)","background-image":"","background-repeat":"repeat","background-position":"center center","background-size":"auto","background-attachment":"scroll","background-type":"","background-media":"","overlay-type":"","overlay-color":"","overlay-opacity":"","overlay-gradient":""},"tablet":{"background-color":"var(--ast-global-color-5)","background-image":"","background-repeat":"repeat","background-position":"center center","background-size":"auto","background-attachment":"scroll","background-type":"","background-media":"","overlay-type":"","overlay-color":"","overlay-opacity":"","overlay-gradient":""},"mobile":{"background-color":"var(--ast-global-color-5)","background-image":"","background-repeat":"repeat","background-position":"center center","background-size":"auto","background-attachment":"scroll","background-type":"","background-media":"","overlay-type":"","overlay-color":"","overlay-opacity":"","overlay-gradient":""}},"footnotes":""},"categories":[1],"tags":[],"class_list":["post-3805","post","type-post","status-publish","format-standard","hentry","category-sin-categoria"],"yoast_head":"<!-- This site is optimized with the Yoast SEO plugin v26.9 - https:\/\/yoast.com\/product\/yoast-seo-wordpress\/ -->\n<title>D\u00eda del acad\u00e9mico: comunidad UC celebra y reconoce a m\u00e1s de 70 profesores por su aporte a la universidad y al pa\u00eds - Departamento de Ingenier\u00eda Industrial y de Sistemas<\/title>\n<meta name=\"robots\" content=\"index, follow, max-snippet:-1, max-image-preview:large, max-video-preview:-1\" \/>\n<link rel=\"canonical\" href=\"https:\/\/www.ing.uc.cl\/industrial-y-sistemas\/2018\/09\/03\/dia-del-academico-comunidad-uc-celebra-y-reconoce-mas-de-70-profesores-por-su-aporte-la-universidad-y-al-pais\/\" \/>\n<meta property=\"og:locale\" content=\"es_ES\" \/>\n<meta property=\"og:type\" content=\"article\" \/>\n<meta property=\"og:title\" content=\"D\u00eda del acad\u00e9mico: comunidad UC celebra y reconoce a m\u00e1s de 70 profesores por su aporte a la universidad y al pa\u00eds - Departamento de Ingenier\u00eda Industrial y de Sistemas\" \/>\n<meta property=\"og:description\" content=\"En la ocasi\u00f3n se agradeci\u00f3 el trabajo de cada profesor, el que ayuda a que la casa de estudios transmita y genere conocimiento para Chile.\u00a0&quot;Gracias por el compromiso institucional,\" \/>\n<meta property=\"og:url\" content=\"https:\/\/www.ing.uc.cl\/industrial-y-sistemas\/2018\/09\/03\/dia-del-academico-comunidad-uc-celebra-y-reconoce-mas-de-70-profesores-por-su-aporte-la-universidad-y-al-pais\/\" \/>\n<meta property=\"og:site_name\" content=\"Departamento de Ingenier\u00eda Industrial y de Sistemas\" \/>\n<meta property=\"article:published_time\" content=\"2018-09-03T13:05:09+00:00\" \/>\n<meta name=\"author\" content=\"Francisco H\" \/>\n<meta name=\"twitter:card\" content=\"summary_large_image\" \/>\n<meta name=\"twitter:label1\" content=\"Escrito por\" \/>\n\t<meta name=\"twitter:data1\" content=\"Francisco H\" \/>\n\t<meta name=\"twitter:label2\" content=\"Tiempo estimado de lectura\" \/>\n\t<meta name=\"twitter:data2\" content=\"1 minuto\" \/>\n<script type=\"application\/ld+json\" class=\"yoast-schema-graph\">{\"@context\":\"https:\/\/schema.org\",\"@graph\":[{\"@type\":\"Article\",\"@id\":\"https:\/\/www.ing.uc.cl\/industrial-y-sistemas\/2018\/09\/03\/dia-del-academico-comunidad-uc-celebra-y-reconoce-mas-de-70-profesores-por-su-aporte-la-universidad-y-al-pais\/#article\",\"isPartOf\":{\"@id\":\"https:\/\/www.ing.uc.cl\/industrial-y-sistemas\/2018\/09\/03\/dia-del-academico-comunidad-uc-celebra-y-reconoce-mas-de-70-profesores-por-su-aporte-la-universidad-y-al-pais\/\"},\"author\":{\"name\":\"Francisco H\",\"@id\":\"https:\/\/www.ing.uc.cl\/industrial-y-sistemas\/#\/schema\/person\/721a1ef791962c4167b0dad3ee596283\"},\"headline\":\"D\u00eda del acad\u00e9mico: comunidad UC celebra y reconoce a m\u00e1s de 70 profesores por su aporte a la universidad y al pa\u00eds\",\"datePublished\":\"2018-09-03T13:05:09+00:00\",\"mainEntityOfPage\":{\"@id\":\"https:\/\/www.ing.uc.cl\/industrial-y-sistemas\/2018\/09\/03\/dia-del-academico-comunidad-uc-celebra-y-reconoce-mas-de-70-profesores-por-su-aporte-la-universidad-y-al-pais\/\"},\"wordCount\":275,\"publisher\":{\"@id\":\"https:\/\/www.ing.uc.cl\/industrial-y-sistemas\/#organization\"},\"image\":{\"@id\":\"https:\/\/www.ing.uc.cl\/industrial-y-sistemas\/2018\/09\/03\/dia-del-academico-comunidad-uc-celebra-y-reconoce-mas-de-70-profesores-por-su-aporte-la-universidad-y-al-pais\/#primaryimage\"},\"thumbnailUrl\":\"https:\/\/www.ing.uc.cl\/industrial-y-sistemas\/wp-content\/uploads\/2018\/09\/rr25aos-300x200.jpg\",\"inLanguage\":\"es-CL\"},{\"@type\":\"WebPage\",\"@id\":\"https:\/\/www.ing.uc.cl\/industrial-y-sistemas\/2018\/09\/03\/dia-del-academico-comunidad-uc-celebra-y-reconoce-mas-de-70-profesores-por-su-aporte-la-universidad-y-al-pais\/\",\"url\":\"https:\/\/www.ing.uc.cl\/industrial-y-sistemas\/2018\/09\/03\/dia-del-academico-comunidad-uc-celebra-y-reconoce-mas-de-70-profesores-por-su-aporte-la-universidad-y-al-pais\/\",\"name\":\"D\u00eda del acad\u00e9mico: comunidad UC celebra y reconoce a m\u00e1s de 70 profesores por su aporte a la universidad y al pa\u00eds - Departamento de Ingenier\u00eda Industrial y de Sistemas\",\"isPartOf\":{\"@id\":\"https:\/\/www.ing.uc.cl\/industrial-y-sistemas\/#website\"},\"primaryImageOfPage\":{\"@id\":\"https:\/\/www.ing.uc.cl\/industrial-y-sistemas\/2018\/09\/03\/dia-del-academico-comunidad-uc-celebra-y-reconoce-mas-de-70-profesores-por-su-aporte-la-universidad-y-al-pais\/#primaryimage\"},\"image\":{\"@id\":\"https:\/\/www.ing.uc.cl\/industrial-y-sistemas\/2018\/09\/03\/dia-del-academico-comunidad-uc-celebra-y-reconoce-mas-de-70-profesores-por-su-aporte-la-universidad-y-al-pais\/#primaryimage\"},\"thumbnailUrl\":\"https:\/\/www.ing.uc.cl\/industrial-y-sistemas\/wp-content\/uploads\/2018\/09\/rr25aos-300x200.jpg\",\"datePublished\":\"2018-09-03T13:05:09+00:00\",\"breadcrumb\":{\"@id\":\"https:\/\/www.ing.uc.cl\/industrial-y-sistemas\/2018\/09\/03\/dia-del-academico-comunidad-uc-celebra-y-reconoce-mas-de-70-profesores-por-su-aporte-la-universidad-y-al-pais\/#breadcrumb\"},\"inLanguage\":\"es-CL\",\"potentialAction\":[{\"@type\":\"ReadAction\",\"target\":[\"https:\/\/www.ing.uc.cl\/industrial-y-sistemas\/2018\/09\/03\/dia-del-academico-comunidad-uc-celebra-y-reconoce-mas-de-70-profesores-por-su-aporte-la-universidad-y-al-pais\/\"]}]},{\"@type\":\"ImageObject\",\"inLanguage\":\"es-CL\",\"@id\":\"https:\/\/www.ing.uc.cl\/industrial-y-sistemas\/2018\/09\/03\/dia-del-academico-comunidad-uc-celebra-y-reconoce-mas-de-70-profesores-por-su-aporte-la-universidad-y-al-pais\/#primaryimage\",\"url\":\"\",\"contentUrl\":\"\"},{\"@type\":\"BreadcrumbList\",\"@id\":\"https:\/\/www.ing.uc.cl\/industrial-y-sistemas\/2018\/09\/03\/dia-del-academico-comunidad-uc-celebra-y-reconoce-mas-de-70-profesores-por-su-aporte-la-universidad-y-al-pais\/#breadcrumb\",\"itemListElement\":[{\"@type\":\"ListItem\",\"position\":1,\"name\":\"Portada\",\"item\":\"https:\/\/www.ing.uc.cl\/industrial-y-sistemas\/\"},{\"@type\":\"ListItem\",\"position\":2,\"name\":\"D\u00eda del acad\u00e9mico: comunidad UC celebra y reconoce a m\u00e1s de 70 profesores por su aporte a la universidad y al pa\u00eds\"}]},{\"@type\":\"WebSite\",\"@id\":\"https:\/\/www.ing.uc.cl\/industrial-y-sistemas\/#website\",\"url\":\"https:\/\/www.ing.uc.cl\/industrial-y-sistemas\/\",\"name\":\"Departamento de Ingenier\u00eda Industrial y de Sistemas\",\"description\":\"Escuela de Ingenier\u00eda\",\"publisher\":{\"@id\":\"https:\/\/www.ing.uc.cl\/industrial-y-sistemas\/#organization\"},\"potentialAction\":[{\"@type\":\"SearchAction\",\"target\":{\"@type\":\"EntryPoint\",\"urlTemplate\":\"https:\/\/www.ing.uc.cl\/industrial-y-sistemas\/?s={search_term_string}\"},\"query-input\":{\"@type\":\"PropertyValueSpecification\",\"valueRequired\":true,\"valueName\":\"search_term_string\"}}],\"inLanguage\":\"es-CL\"},{\"@type\":\"Organization\",\"@id\":\"https:\/\/www.ing.uc.cl\/industrial-y-sistemas\/#organization\",\"name\":\"Departamento de Ingenier\u00eda Industrial y de Sistemas\",\"url\":\"https:\/\/www.ing.uc.cl\/industrial-y-sistemas\/\",\"logo\":{\"@type\":\"ImageObject\",\"inLanguage\":\"es-CL\",\"@id\":\"https:\/\/www.ing.uc.cl\/industrial-y-sistemas\/#\/schema\/logo\/image\/\",\"url\":\"https:\/\/www.ing.uc.cl\/industrial-y-sistemas\/wp-content\/uploads\/2023\/11\/cropped-UC-P2727-01.png\",\"contentUrl\":\"https:\/\/www.ing.uc.cl\/industrial-y-sistemas\/wp-content\/uploads\/2023\/11\/cropped-UC-P2727-01.png\",\"width\":307,\"height\":414,\"caption\":\"Departamento de Ingenier\u00eda Industrial y de Sistemas\"},\"image\":{\"@id\":\"https:\/\/www.ing.uc.cl\/industrial-y-sistemas\/#\/schema\/logo\/image\/\"}},{\"@type\":\"Person\",\"@id\":\"https:\/\/www.ing.uc.cl\/industrial-y-sistemas\/#\/schema\/person\/721a1ef791962c4167b0dad3ee596283\",\"name\":\"Francisco H\",\"image\":{\"@type\":\"ImageObject\",\"inLanguage\":\"es-CL\",\"@id\":\"https:\/\/www.ing.uc.cl\/industrial-y-sistemas\/#\/schema\/person\/image\/\",\"url\":\"https:\/\/secure.gravatar.com\/avatar\/63233762875caf7cb464abb0c994788b36bb5a903f4b5e6d958a14f57c41e047?s=96&d=mm&r=g\",\"contentUrl\":\"https:\/\/secure.gravatar.com\/avatar\/63233762875caf7cb464abb0c994788b36bb5a903f4b5e6d958a14f57c41e047?s=96&d=mm&r=g\",\"caption\":\"Francisco H\"},\"url\":\"https:\/\/www.ing.uc.cl\/industrial-y-sistemas\/author\/fherreros\/\"}]}<\/script>\n<!-- \/ Yoast SEO plugin. -->","yoast_head_json":{"title":"D\u00eda del acad\u00e9mico: comunidad UC celebra y reconoce a m\u00e1s de 70 profesores por su aporte a la universidad y al pa\u00eds - Departamento de Ingenier\u00eda Industrial y de Sistemas","robots":{"index":"index","follow":"follow","max-snippet":"max-snippet:-1","max-image-preview":"max-image-preview:large","max-video-preview":"max-video-preview:-1"},"canonical":"https:\/\/www.ing.uc.cl\/industrial-y-sistemas\/2018\/09\/03\/dia-del-academico-comunidad-uc-celebra-y-reconoce-mas-de-70-profesores-por-su-aporte-la-universidad-y-al-pais\/","og_locale":"es_ES","og_type":"article","og_title":"D\u00eda del acad\u00e9mico: comunidad UC celebra y reconoce a m\u00e1s de 70 profesores por su aporte a la universidad y al pa\u00eds - Departamento de Ingenier\u00eda Industrial y de Sistemas","og_description":"En la ocasi\u00f3n se agradeci\u00f3 el trabajo de cada profesor, el que ayuda a que la casa de estudios transmita y genere conocimiento para Chile.\u00a0\"Gracias por el compromiso institucional,","og_url":"https:\/\/www.ing.uc.cl\/industrial-y-sistemas\/2018\/09\/03\/dia-del-academico-comunidad-uc-celebra-y-reconoce-mas-de-70-profesores-por-su-aporte-la-universidad-y-al-pais\/","og_site_name":"Departamento de Ingenier\u00eda Industrial y de Sistemas","article_published_time":"2018-09-03T13:05:09+00:00","author":"Francisco H","twitter_card":"summary_large_image","twitter_misc":{"Escrito por":"Francisco H","Tiempo estimado de lectura":"1 minuto"},"schema":{"@context":"https:\/\/schema.org","@graph":[{"@type":"Article","@id":"https:\/\/www.ing.uc.cl\/industrial-y-sistemas\/2018\/09\/03\/dia-del-academico-comunidad-uc-celebra-y-reconoce-mas-de-70-profesores-por-su-aporte-la-universidad-y-al-pais\/#article","isPartOf":{"@id":"https:\/\/www.ing.uc.cl\/industrial-y-sistemas\/2018\/09\/03\/dia-del-academico-comunidad-uc-celebra-y-reconoce-mas-de-70-profesores-por-su-aporte-la-universidad-y-al-pais\/"},"author":{"name":"Francisco H","@id":"https:\/\/www.ing.uc.cl\/industrial-y-sistemas\/#\/schema\/person\/721a1ef791962c4167b0dad3ee596283"},"headline":"D\u00eda del acad\u00e9mico: comunidad UC celebra y reconoce a m\u00e1s de 70 profesores por su aporte a la universidad y al pa\u00eds","datePublished":"2018-09-03T13:05:09+00:00","mainEntityOfPage":{"@id":"https:\/\/www.ing.uc.cl\/industrial-y-sistemas\/2018\/09\/03\/dia-del-academico-comunidad-uc-celebra-y-reconoce-mas-de-70-profesores-por-su-aporte-la-universidad-y-al-pais\/"},"wordCount":275,"publisher":{"@id":"https:\/\/www.ing.uc.cl\/industrial-y-sistemas\/#organization"},"image":{"@id":"https:\/\/www.ing.uc.cl\/industrial-y-sistemas\/2018\/09\/03\/dia-del-academico-comunidad-uc-celebra-y-reconoce-mas-de-70-profesores-por-su-aporte-la-universidad-y-al-pais\/#primaryimage"},"thumbnailUrl":"https:\/\/www.ing.uc.cl\/industrial-y-sistemas\/wp-content\/uploads\/2018\/09\/rr25aos-300x200.jpg","inLanguage":"es-CL"},{"@type":"WebPage","@id":"https:\/\/www.ing.uc.cl\/industrial-y-sistemas\/2018\/09\/03\/dia-del-academico-comunidad-uc-celebra-y-reconoce-mas-de-70-profesores-por-su-aporte-la-universidad-y-al-pais\/","url":"https:\/\/www.ing.uc.cl\/industrial-y-sistemas\/2018\/09\/03\/dia-del-academico-comunidad-uc-celebra-y-reconoce-mas-de-70-profesores-por-su-aporte-la-universidad-y-al-pais\/","name":"D\u00eda del acad\u00e9mico: comunidad UC celebra y reconoce a m\u00e1s de 70 profesores por su aporte a la universidad y al pa\u00eds - Departamento de Ingenier\u00eda Industrial y de Sistemas","isPartOf":{"@id":"https:\/\/www.ing.uc.cl\/industrial-y-sistemas\/#website"},"primaryImageOfPage":{"@id":"https:\/\/www.ing.uc.cl\/industrial-y-sistemas\/2018\/09\/03\/dia-del-academico-comunidad-uc-celebra-y-reconoce-mas-de-70-profesores-por-su-aporte-la-universidad-y-al-pais\/#primaryimage"},"image":{"@id":"https:\/\/www.ing.uc.cl\/industrial-y-sistemas\/2018\/09\/03\/dia-del-academico-comunidad-uc-celebra-y-reconoce-mas-de-70-profesores-por-su-aporte-la-universidad-y-al-pais\/#primaryimage"},"thumbnailUrl":"https:\/\/www.ing.uc.cl\/industrial-y-sistemas\/wp-content\/uploads\/2018\/09\/rr25aos-300x200.jpg","datePublished":"2018-09-03T13:05:09+00:00","breadcrumb":{"@id":"https:\/\/www.ing.uc.cl\/industrial-y-sistemas\/2018\/09\/03\/dia-del-academico-comunidad-uc-celebra-y-reconoce-mas-de-70-profesores-por-su-aporte-la-universidad-y-al-pais\/#breadcrumb"},"inLanguage":"es-CL","potentialAction":[{"@type":"ReadAction","target":["https:\/\/www.ing.uc.cl\/industrial-y-sistemas\/2018\/09\/03\/dia-del-academico-comunidad-uc-celebra-y-reconoce-mas-de-70-profesores-por-su-aporte-la-universidad-y-al-pais\/"]}]},{"@type":"ImageObject","inLanguage":"es-CL","@id":"https:\/\/www.ing.uc.cl\/industrial-y-sistemas\/2018\/09\/03\/dia-del-academico-comunidad-uc-celebra-y-reconoce-mas-de-70-profesores-por-su-aporte-la-universidad-y-al-pais\/#primaryimage","url":"","contentUrl":""},{"@type":"BreadcrumbList","@id":"https:\/\/www.ing.uc.cl\/industrial-y-sistemas\/2018\/09\/03\/dia-del-academico-comunidad-uc-celebra-y-reconoce-mas-de-70-profesores-por-su-aporte-la-universidad-y-al-pais\/#breadcrumb","itemListElement":[{"@type":"ListItem","position":1,"name":"Portada","item":"https:\/\/www.ing.uc.cl\/industrial-y-sistemas\/"},{"@type":"ListItem","position":2,"name":"D\u00eda del acad\u00e9mico: comunidad UC celebra y reconoce a m\u00e1s de 70 profesores por su aporte a la universidad y al pa\u00eds"}]},{"@type":"WebSite","@id":"https:\/\/www.ing.uc.cl\/industrial-y-sistemas\/#website","url":"https:\/\/www.ing.uc.cl\/industrial-y-sistemas\/","name":"Departamento de Ingenier\u00eda Industrial y de Sistemas","description":"Escuela de Ingenier\u00eda","publisher":{"@id":"https:\/\/www.ing.uc.cl\/industrial-y-sistemas\/#organization"},"potentialAction":[{"@type":"SearchAction","target":{"@type":"EntryPoint","urlTemplate":"https:\/\/www.ing.uc.cl\/industrial-y-sistemas\/?s={search_term_string}"},"query-input":{"@type":"PropertyValueSpecification","valueRequired":true,"valueName":"search_term_string"}}],"inLanguage":"es-CL"},{"@type":"Organization","@id":"https:\/\/www.ing.uc.cl\/industrial-y-sistemas\/#organization","name":"Departamento de Ingenier\u00eda Industrial y de Sistemas","url":"https:\/\/www.ing.uc.cl\/industrial-y-sistemas\/","logo":{"@type":"ImageObject","inLanguage":"es-CL","@id":"https:\/\/www.ing.uc.cl\/industrial-y-sistemas\/#\/schema\/logo\/image\/","url":"https:\/\/www.ing.uc.cl\/industrial-y-sistemas\/wp-content\/uploads\/2023\/11\/cropped-UC-P2727-01.png","contentUrl":"https:\/\/www.ing.uc.cl\/industrial-y-sistemas\/wp-content\/uploads\/2023\/11\/cropped-UC-P2727-01.png","width":307,"height":414,"caption":"Departamento de Ingenier\u00eda Industrial y de Sistemas"},"image":{"@id":"https:\/\/www.ing.uc.cl\/industrial-y-sistemas\/#\/schema\/logo\/image\/"}},{"@type":"Person","@id":"https:\/\/www.ing.uc.cl\/industrial-y-sistemas\/#\/schema\/person\/721a1ef791962c4167b0dad3ee596283","name":"Francisco H","image":{"@type":"ImageObject","inLanguage":"es-CL","@id":"https:\/\/www.ing.uc.cl\/industrial-y-sistemas\/#\/schema\/person\/image\/","url":"https:\/\/secure.gravatar.com\/avatar\/63233762875caf7cb464abb0c994788b36bb5a903f4b5e6d958a14f57c41e047?s=96&d=mm&r=g","contentUrl":"https:\/\/secure.gravatar.com\/avatar\/63233762875caf7cb464abb0c994788b36bb5a903f4b5e6d958a14f57c41e047?s=96&d=mm&r=g","caption":"Francisco H"},"url":"https:\/\/www.ing.uc.cl\/industrial-y-sistemas\/author\/fherreros\/"}]}},"rttpg_featured_image_url":null,"rttpg_author":{"display_name":"Francisco H","author_link":"https:\/\/www.ing.uc.cl\/industrial-y-sistemas\/author\/fherreros\/"},"rttpg_comment":0,"rttpg_category":"<a href=\"https:\/\/www.ing.uc.cl\/industrial-y-sistemas\/category\/sin-categoria\/\" rel=\"category tag\">Sin categor\u00eda<\/a>","rttpg_excerpt":"En la ocasi\u00f3n se agradeci\u00f3 el trabajo de cada profesor, el que ayuda a que la casa de estudios transmita y genere conocimiento para Chile.\u00a0\"Gracias por el compromiso institucional,","_links":{"self":[{"href":"https:\/\/www.ing.uc.cl\/industrial-y-sistemas\/wp-json\/wp\/v2\/posts\/3805","targetHints":{"allow":["GET"]}}],"collection":[{"href":"https:\/\/www.ing.uc.cl\/industrial-y-sistemas\/wp-json\/wp\/v2\/posts"}],"about":[{"href":"https:\/\/www.ing.uc.cl\/industrial-y-sistemas\/wp-json\/wp\/v2\/types\/post"}],"author":[{"embeddable":true,"href":"https:\/\/www.ing.uc.cl\/industrial-y-sistemas\/wp-json\/wp\/v2\/users\/4"}],"replies":[{"embeddable":true,"href":"https:\/\/www.ing.uc.cl\/industrial-y-sistemas\/wp-json\/wp\/v2\/comments?post=3805"}],"version-history":[{"count":0,"href":"https:\/\/www.ing.uc.cl\/industrial-y-sistemas\/wp-json\/wp\/v2\/posts\/3805\/revisions"}],"wp:attachment":[{"href":"https:\/\/www.ing.uc.cl\/industrial-y-sistemas\/wp-json\/wp\/v2\/media?parent=3805"}],"wp:term":[{"taxonomy":"category","embeddable":true,"href":"https:\/\/www.ing.uc.cl\/industrial-y-sistemas\/wp-json\/wp\/v2\/categories?post=3805"},{"taxonomy":"post_tag","embeddable":true,"href":"https:\/\/www.ing.uc.cl\/industrial-y-sistemas\/wp-json\/wp\/v2\/tags?post=3805"}],"curies":[{"name":"wp","href":"https:\/\/api.w.org\/{rel}","templated":true}]}}