{"id":3916,"date":"2019-03-15T12:43:43","date_gmt":"2019-03-15T12:43:43","guid":{"rendered":"https:\/\/www.ing.uc.cl\/industrial-y-sistemas\/?p=3916"},"modified":"2019-03-15T12:43:43","modified_gmt":"2019-03-15T12:43:43","slug":"comenzo-una-nueva-version-del-curso-de-investigacion-innovacion-y-emprendimiento","status":"publish","type":"post","link":"https:\/\/www.ing.uc.cl\/industrial-y-sistemas\/2019\/03\/15\/comenzo-una-nueva-version-del-curso-de-investigacion-innovacion-y-emprendimiento\/","title":{"rendered":"COMENZ\u00d3 UNA NUEVA VERSI\u00d3N DEL CURSO DE INVESTIGACI\u00d3N INNOVACI\u00d3N Y EMPRENDIMIENTO"},"content":{"rendered":"<p><img fetchpriority=\"high\" decoding=\"async\" class=\"alignleft size-medium wp-image-3917\" src=\"https:\/\/www.ing.uc.cl\/industrial-y-sistemas\/wp-content\/uploads\/2019\/03\/lostres-300x200.jpg\" alt=\"\" width=\"300\" height=\"200\" \/>Esta iniciativa tiene por objetivo acercar a los estudiantes a una experiencia de emprendimiento real a trav\u00e9s de distintos desaf\u00edos que en esta oportunidad estar\u00e1n vinculados al cambio clim\u00e1tico.<\/p>\n<p>Un nuevo lanzamiento del curso Investigaci\u00f3n, Innovaci\u00f3n y Emprendimiento (IIE) se realiz\u00f3 el martes 12 de marzo en el auditorio del Complejo Andr\u00f3nico Luksic.\u00a0<strong>Este programa permite a los estudiantes experimentar de manera real el emprendimiento y todos los desaf\u00edos que esto conlleva.<\/strong><\/p>\n<p>Con un total de 382 estudiantes, el profesor\u00a0<a href=\"https:\/\/www.ing.uc.cl\/academicos-e-investigadores\/michael-gerald-leatherbee-grant\/\">Michael Leatherbee<\/a>, director acad\u00e9mico del curso, present\u00f3 al equipo de profesionales que acompa\u00f1ar\u00e1n a los estudiantes durante el curso y adem\u00e1s, plante\u00f3 el nuevo desaf\u00edo en el que los estudiantes deber\u00e1n trabajar a lo largo del semestre: \u201cTecnolog\u00edas para el cambio clim\u00e1tico: la urgencia de nuestra generaci\u00f3n\u201d.<\/p>\n<p>\u201cEstamos muy contentos de comenzar este camino con ustedes porque tenemos un tremendo equipo de profesores, ayudantes, y profesionales adem\u00e1s de equipos de coordinaci\u00f3n, un backoffice poniendo mucha pasi\u00f3n, energ\u00eda y ganas en el curso para que ustedes salgan fortalecidos con esta experiencia\u201d, dijo el profesor Leatherbee.<\/p>\n<p>En la instancia, participaron como panelistas el\u00a0<strong>exalumno de Ingenier\u00eda UC y presidente ejecutivo de Generadoras de Chile, Claudio Seebach y\u00a0<a href=\"https:\/\/www.ing.uc.cl\/academicos-e-investigadores\/luis-abdon-cifuentes-lira\/\">Luis Cifuentes<\/a>, acad\u00e9mico de Ingenier\u00eda UC y miembro del Panel Intergubernamental de Cambio Clim\u00e1tico (IPCC) que recibi\u00f3 el Premio Nobel de la Paz en 2007.<\/strong><\/p>\n<p>Durante su presentaci\u00f3n, Claudio Seebach se enfoc\u00f3 en explicar a los estudiantes la importancia de la innovaci\u00f3n en relaci\u00f3n al cambio clim\u00e1tico. Desde su especialidad, la energ\u00eda el\u00e9ctrica, Seebach demostr\u00f3 a los estudiantes el potencial de Chile en materia de energ\u00edas renovables:\u00a0<strong>\u201cUstedes son los encargados de generar soluciones innovadoras a problemas reales y que afectan a las personas d\u00eda a d\u00eda. Nuestro pa\u00eds tiene grandes capacidades para convertirse en l\u00edder en cuestiones de energ\u00edas renovables, sobretodo en la energ\u00eda solar, porque el norte de Chile recibe m\u00e1s sol que muchos otros pa\u00edses\u201d, explic\u00f3.<\/strong><\/p>\n<p>Por su parte, el profesor Luis Cifuentes recalc\u00f3 que\u00a0<strong>\u201cnuestro pa\u00eds sufrir\u00e1 los efectos del cambio clim\u00e1tico independiente de si contribuimos o no a este fen\u00f3meno. Esto puede servirnos de alerta para darnos cuenta que este problema est\u00e1 aqu\u00ed para quedarse. El cambio clim\u00e1tico no es un problema ambiental, es m\u00e1s bien un problema social mediado por el medio ambiente\u201d.<\/strong><\/p>\n<p>El evento finaliz\u00f3 con una ronda de preguntas que realizaron los estudiantes y que fueron debatidas por ambos panelistas con la moderaci\u00f3n del profesor Leatherbee.<\/p>\n<p><strong>Sobre el curso IIE<\/strong><\/p>\n<p>El curso Investigaci\u00f3n, Innovaci\u00f3n y Emprendimiento fue creado en el marco del\u00a0<a href=\"http:\/\/www.ingenieria2030.org\/\">proyecto Ingenier\u00eda 2030 de Corfo<\/a>\u00a0y tiene por objetivo entregar las herramientas necesarias para que futuros ingenieros se transformen en emprendedores, a trav\u00e9s de actividades como talleres, charlas y el desarrollo de un proyecto durante el semestre, con asesor\u00edas tanto de profesores de la Escuela de Ingenier\u00eda UC, como de expertos asociados al mundo de la innovaci\u00f3n, importantes emprendedores y miembros de la red Endeavor.<\/p>\n<p>Al finalizar el semestre, los estudiantes con los mejores proyectos obtendr\u00e1n fondos para materializar sus prototipos en emprendimientos reales.<\/p>\n","protected":false},"excerpt":{"rendered":"<p>Esta iniciativa tiene por objetivo acercar a los estudiantes a una experiencia de emprendimiento real a trav\u00e9s de distintos desaf\u00edos que en esta oportunidad estar\u00e1n vinculados<\/p>\n","protected":false},"author":4,"featured_media":0,"comment_status":"closed","ping_status":"closed","sticky":false,"template":"","format":"standard","meta":{"site-sidebar-layout":"default","site-content-layout":"","ast-site-content-layout":"default","site-content-style":"default","site-sidebar-style":"default","ast-global-header-display":"","ast-banner-title-visibility":"","ast-main-header-display":"","ast-hfb-above-header-display":"","ast-hfb-below-header-display":"","ast-hfb-mobile-header-display":"","site-post-title":"","ast-breadcrumbs-content":"","ast-featured-img":"","footer-sml-layout":"","ast-disable-related-posts":"","theme-transparent-header-meta":"","adv-header-id-meta":"","stick-header-meta":"","header-above-stick-meta":"","header-main-stick-meta":"","header-below-stick-meta":"","astra-migrate-meta-layouts":"default","ast-page-background-enabled":"default","ast-page-background-meta":{"desktop":{"background-color":"","background-image":"","background-repeat":"repeat","background-position":"center center","background-size":"auto","background-attachment":"scroll","background-type":"","background-media":"","overlay-type":"","overlay-color":"","overlay-opacity":"","overlay-gradient":""},"tablet":{"background-color":"","background-image":"","background-repeat":"repeat","background-position":"center center","background-size":"auto","background-attachment":"scroll","background-type":"","background-media":"","overlay-type":"","overlay-color":"","overlay-opacity":"","overlay-gradient":""},"mobile":{"background-color":"","background-image":"","background-repeat":"repeat","background-position":"center center","background-size":"auto","background-attachment":"scroll","background-type":"","background-media":"","overlay-type":"","overlay-color":"","overlay-opacity":"","overlay-gradient":""}},"ast-content-background-meta":{"desktop":{"background-color":"var(--ast-global-color-5)","background-image":"","background-repeat":"repeat","background-position":"center center","background-size":"auto","background-attachment":"scroll","background-type":"","background-media":"","overlay-type":"","overlay-color":"","overlay-opacity":"","overlay-gradient":""},"tablet":{"background-color":"var(--ast-global-color-5)","background-image":"","background-repeat":"repeat","background-position":"center center","background-size":"auto","background-attachment":"scroll","background-type":"","background-media":"","overlay-type":"","overlay-color":"","overlay-opacity":"","overlay-gradient":""},"mobile":{"background-color":"var(--ast-global-color-5)","background-image":"","background-repeat":"repeat","background-position":"center center","background-size":"auto","background-attachment":"scroll","background-type":"","background-media":"","overlay-type":"","overlay-color":"","overlay-opacity":"","overlay-gradient":""}},"footnotes":""},"categories":[1],"tags":[],"class_list":["post-3916","post","type-post","status-publish","format-standard","hentry","category-sin-categoria"],"yoast_head":"<!-- This site is optimized with the Yoast SEO plugin v26.9 - https:\/\/yoast.com\/product\/yoast-seo-wordpress\/ -->\n<title>COMENZ\u00d3 UNA NUEVA VERSI\u00d3N DEL CURSO DE INVESTIGACI\u00d3N INNOVACI\u00d3N Y EMPRENDIMIENTO - Departamento de Ingenier\u00eda Industrial y de Sistemas<\/title>\n<meta name=\"robots\" content=\"index, follow, max-snippet:-1, max-image-preview:large, max-video-preview:-1\" \/>\n<link rel=\"canonical\" href=\"https:\/\/www.ing.uc.cl\/industrial-y-sistemas\/2019\/03\/15\/comenzo-una-nueva-version-del-curso-de-investigacion-innovacion-y-emprendimiento\/\" \/>\n<meta property=\"og:locale\" content=\"es_ES\" \/>\n<meta property=\"og:type\" content=\"article\" \/>\n<meta property=\"og:title\" content=\"COMENZ\u00d3 UNA NUEVA VERSI\u00d3N DEL CURSO DE INVESTIGACI\u00d3N INNOVACI\u00d3N Y EMPRENDIMIENTO - Departamento de Ingenier\u00eda Industrial y de Sistemas\" \/>\n<meta property=\"og:description\" content=\"Esta iniciativa tiene por objetivo acercar a los estudiantes a una experiencia de emprendimiento real a trav\u00e9s de distintos desaf\u00edos que en esta oportunidad estar\u00e1n vinculados\" \/>\n<meta property=\"og:url\" content=\"https:\/\/www.ing.uc.cl\/industrial-y-sistemas\/2019\/03\/15\/comenzo-una-nueva-version-del-curso-de-investigacion-innovacion-y-emprendimiento\/\" \/>\n<meta property=\"og:site_name\" content=\"Departamento de Ingenier\u00eda Industrial y de Sistemas\" \/>\n<meta property=\"article:published_time\" content=\"2019-03-15T12:43:43+00:00\" \/>\n<meta name=\"author\" content=\"Francisco H\" \/>\n<meta name=\"twitter:card\" content=\"summary_large_image\" \/>\n<meta name=\"twitter:label1\" content=\"Escrito por\" \/>\n\t<meta name=\"twitter:data1\" content=\"Francisco H\" \/>\n\t<meta name=\"twitter:label2\" content=\"Tiempo estimado de lectura\" \/>\n\t<meta name=\"twitter:data2\" content=\"3 minutos\" \/>\n<script type=\"application\/ld+json\" class=\"yoast-schema-graph\">{\"@context\":\"https:\/\/schema.org\",\"@graph\":[{\"@type\":\"Article\",\"@id\":\"https:\/\/www.ing.uc.cl\/industrial-y-sistemas\/2019\/03\/15\/comenzo-una-nueva-version-del-curso-de-investigacion-innovacion-y-emprendimiento\/#article\",\"isPartOf\":{\"@id\":\"https:\/\/www.ing.uc.cl\/industrial-y-sistemas\/2019\/03\/15\/comenzo-una-nueva-version-del-curso-de-investigacion-innovacion-y-emprendimiento\/\"},\"author\":{\"name\":\"Francisco H\",\"@id\":\"https:\/\/www.ing.uc.cl\/industrial-y-sistemas\/#\/schema\/person\/721a1ef791962c4167b0dad3ee596283\"},\"headline\":\"COMENZ\u00d3 UNA NUEVA VERSI\u00d3N DEL CURSO DE INVESTIGACI\u00d3N INNOVACI\u00d3N Y EMPRENDIMIENTO\",\"datePublished\":\"2019-03-15T12:43:43+00:00\",\"mainEntityOfPage\":{\"@id\":\"https:\/\/www.ing.uc.cl\/industrial-y-sistemas\/2019\/03\/15\/comenzo-una-nueva-version-del-curso-de-investigacion-innovacion-y-emprendimiento\/\"},\"wordCount\":563,\"publisher\":{\"@id\":\"https:\/\/www.ing.uc.cl\/industrial-y-sistemas\/#organization\"},\"image\":{\"@id\":\"https:\/\/www.ing.uc.cl\/industrial-y-sistemas\/2019\/03\/15\/comenzo-una-nueva-version-del-curso-de-investigacion-innovacion-y-emprendimiento\/#primaryimage\"},\"thumbnailUrl\":\"https:\/\/www.ing.uc.cl\/industrial-y-sistemas\/wp-content\/uploads\/2019\/03\/lostres-300x200.jpg\",\"inLanguage\":\"es-CL\"},{\"@type\":\"WebPage\",\"@id\":\"https:\/\/www.ing.uc.cl\/industrial-y-sistemas\/2019\/03\/15\/comenzo-una-nueva-version-del-curso-de-investigacion-innovacion-y-emprendimiento\/\",\"url\":\"https:\/\/www.ing.uc.cl\/industrial-y-sistemas\/2019\/03\/15\/comenzo-una-nueva-version-del-curso-de-investigacion-innovacion-y-emprendimiento\/\",\"name\":\"COMENZ\u00d3 UNA NUEVA VERSI\u00d3N DEL CURSO DE INVESTIGACI\u00d3N INNOVACI\u00d3N Y EMPRENDIMIENTO - Departamento de Ingenier\u00eda Industrial y de Sistemas\",\"isPartOf\":{\"@id\":\"https:\/\/www.ing.uc.cl\/industrial-y-sistemas\/#website\"},\"primaryImageOfPage\":{\"@id\":\"https:\/\/www.ing.uc.cl\/industrial-y-sistemas\/2019\/03\/15\/comenzo-una-nueva-version-del-curso-de-investigacion-innovacion-y-emprendimiento\/#primaryimage\"},\"image\":{\"@id\":\"https:\/\/www.ing.uc.cl\/industrial-y-sistemas\/2019\/03\/15\/comenzo-una-nueva-version-del-curso-de-investigacion-innovacion-y-emprendimiento\/#primaryimage\"},\"thumbnailUrl\":\"https:\/\/www.ing.uc.cl\/industrial-y-sistemas\/wp-content\/uploads\/2019\/03\/lostres-300x200.jpg\",\"datePublished\":\"2019-03-15T12:43:43+00:00\",\"breadcrumb\":{\"@id\":\"https:\/\/www.ing.uc.cl\/industrial-y-sistemas\/2019\/03\/15\/comenzo-una-nueva-version-del-curso-de-investigacion-innovacion-y-emprendimiento\/#breadcrumb\"},\"inLanguage\":\"es-CL\",\"potentialAction\":[{\"@type\":\"ReadAction\",\"target\":[\"https:\/\/www.ing.uc.cl\/industrial-y-sistemas\/2019\/03\/15\/comenzo-una-nueva-version-del-curso-de-investigacion-innovacion-y-emprendimiento\/\"]}]},{\"@type\":\"ImageObject\",\"inLanguage\":\"es-CL\",\"@id\":\"https:\/\/www.ing.uc.cl\/industrial-y-sistemas\/2019\/03\/15\/comenzo-una-nueva-version-del-curso-de-investigacion-innovacion-y-emprendimiento\/#primaryimage\",\"url\":\"\",\"contentUrl\":\"\"},{\"@type\":\"BreadcrumbList\",\"@id\":\"https:\/\/www.ing.uc.cl\/industrial-y-sistemas\/2019\/03\/15\/comenzo-una-nueva-version-del-curso-de-investigacion-innovacion-y-emprendimiento\/#breadcrumb\",\"itemListElement\":[{\"@type\":\"ListItem\",\"position\":1,\"name\":\"Portada\",\"item\":\"https:\/\/www.ing.uc.cl\/industrial-y-sistemas\/\"},{\"@type\":\"ListItem\",\"position\":2,\"name\":\"COMENZ\u00d3 UNA NUEVA VERSI\u00d3N DEL CURSO DE INVESTIGACI\u00d3N INNOVACI\u00d3N Y EMPRENDIMIENTO\"}]},{\"@type\":\"WebSite\",\"@id\":\"https:\/\/www.ing.uc.cl\/industrial-y-sistemas\/#website\",\"url\":\"https:\/\/www.ing.uc.cl\/industrial-y-sistemas\/\",\"name\":\"Departamento de Ingenier\u00eda Industrial y de Sistemas\",\"description\":\"Escuela de Ingenier\u00eda\",\"publisher\":{\"@id\":\"https:\/\/www.ing.uc.cl\/industrial-y-sistemas\/#organization\"},\"potentialAction\":[{\"@type\":\"SearchAction\",\"target\":{\"@type\":\"EntryPoint\",\"urlTemplate\":\"https:\/\/www.ing.uc.cl\/industrial-y-sistemas\/?s={search_term_string}\"},\"query-input\":{\"@type\":\"PropertyValueSpecification\",\"valueRequired\":true,\"valueName\":\"search_term_string\"}}],\"inLanguage\":\"es-CL\"},{\"@type\":\"Organization\",\"@id\":\"https:\/\/www.ing.uc.cl\/industrial-y-sistemas\/#organization\",\"name\":\"Departamento de Ingenier\u00eda Industrial y de Sistemas\",\"url\":\"https:\/\/www.ing.uc.cl\/industrial-y-sistemas\/\",\"logo\":{\"@type\":\"ImageObject\",\"inLanguage\":\"es-CL\",\"@id\":\"https:\/\/www.ing.uc.cl\/industrial-y-sistemas\/#\/schema\/logo\/image\/\",\"url\":\"https:\/\/www.ing.uc.cl\/industrial-y-sistemas\/wp-content\/uploads\/2023\/11\/cropped-UC-P2727-01.png\",\"contentUrl\":\"https:\/\/www.ing.uc.cl\/industrial-y-sistemas\/wp-content\/uploads\/2023\/11\/cropped-UC-P2727-01.png\",\"width\":307,\"height\":414,\"caption\":\"Departamento de Ingenier\u00eda Industrial y de Sistemas\"},\"image\":{\"@id\":\"https:\/\/www.ing.uc.cl\/industrial-y-sistemas\/#\/schema\/logo\/image\/\"}},{\"@type\":\"Person\",\"@id\":\"https:\/\/www.ing.uc.cl\/industrial-y-sistemas\/#\/schema\/person\/721a1ef791962c4167b0dad3ee596283\",\"name\":\"Francisco H\",\"image\":{\"@type\":\"ImageObject\",\"inLanguage\":\"es-CL\",\"@id\":\"https:\/\/www.ing.uc.cl\/industrial-y-sistemas\/#\/schema\/person\/image\/\",\"url\":\"https:\/\/secure.gravatar.com\/avatar\/63233762875caf7cb464abb0c994788b36bb5a903f4b5e6d958a14f57c41e047?s=96&d=mm&r=g\",\"contentUrl\":\"https:\/\/secure.gravatar.com\/avatar\/63233762875caf7cb464abb0c994788b36bb5a903f4b5e6d958a14f57c41e047?s=96&d=mm&r=g\",\"caption\":\"Francisco H\"},\"url\":\"https:\/\/www.ing.uc.cl\/industrial-y-sistemas\/author\/fherreros\/\"}]}<\/script>\n<!-- \/ Yoast SEO plugin. -->","yoast_head_json":{"title":"COMENZ\u00d3 UNA NUEVA VERSI\u00d3N DEL CURSO DE INVESTIGACI\u00d3N INNOVACI\u00d3N Y EMPRENDIMIENTO - Departamento de Ingenier\u00eda Industrial y de Sistemas","robots":{"index":"index","follow":"follow","max-snippet":"max-snippet:-1","max-image-preview":"max-image-preview:large","max-video-preview":"max-video-preview:-1"},"canonical":"https:\/\/www.ing.uc.cl\/industrial-y-sistemas\/2019\/03\/15\/comenzo-una-nueva-version-del-curso-de-investigacion-innovacion-y-emprendimiento\/","og_locale":"es_ES","og_type":"article","og_title":"COMENZ\u00d3 UNA NUEVA VERSI\u00d3N DEL CURSO DE INVESTIGACI\u00d3N INNOVACI\u00d3N Y EMPRENDIMIENTO - Departamento de Ingenier\u00eda Industrial y de Sistemas","og_description":"Esta iniciativa tiene por objetivo acercar a los estudiantes a una experiencia de emprendimiento real a trav\u00e9s de distintos desaf\u00edos que en esta oportunidad estar\u00e1n vinculados","og_url":"https:\/\/www.ing.uc.cl\/industrial-y-sistemas\/2019\/03\/15\/comenzo-una-nueva-version-del-curso-de-investigacion-innovacion-y-emprendimiento\/","og_site_name":"Departamento de Ingenier\u00eda Industrial y de Sistemas","article_published_time":"2019-03-15T12:43:43+00:00","author":"Francisco H","twitter_card":"summary_large_image","twitter_misc":{"Escrito por":"Francisco H","Tiempo estimado de lectura":"3 minutos"},"schema":{"@context":"https:\/\/schema.org","@graph":[{"@type":"Article","@id":"https:\/\/www.ing.uc.cl\/industrial-y-sistemas\/2019\/03\/15\/comenzo-una-nueva-version-del-curso-de-investigacion-innovacion-y-emprendimiento\/#article","isPartOf":{"@id":"https:\/\/www.ing.uc.cl\/industrial-y-sistemas\/2019\/03\/15\/comenzo-una-nueva-version-del-curso-de-investigacion-innovacion-y-emprendimiento\/"},"author":{"name":"Francisco H","@id":"https:\/\/www.ing.uc.cl\/industrial-y-sistemas\/#\/schema\/person\/721a1ef791962c4167b0dad3ee596283"},"headline":"COMENZ\u00d3 UNA NUEVA VERSI\u00d3N DEL CURSO DE INVESTIGACI\u00d3N INNOVACI\u00d3N Y EMPRENDIMIENTO","datePublished":"2019-03-15T12:43:43+00:00","mainEntityOfPage":{"@id":"https:\/\/www.ing.uc.cl\/industrial-y-sistemas\/2019\/03\/15\/comenzo-una-nueva-version-del-curso-de-investigacion-innovacion-y-emprendimiento\/"},"wordCount":563,"publisher":{"@id":"https:\/\/www.ing.uc.cl\/industrial-y-sistemas\/#organization"},"image":{"@id":"https:\/\/www.ing.uc.cl\/industrial-y-sistemas\/2019\/03\/15\/comenzo-una-nueva-version-del-curso-de-investigacion-innovacion-y-emprendimiento\/#primaryimage"},"thumbnailUrl":"https:\/\/www.ing.uc.cl\/industrial-y-sistemas\/wp-content\/uploads\/2019\/03\/lostres-300x200.jpg","inLanguage":"es-CL"},{"@type":"WebPage","@id":"https:\/\/www.ing.uc.cl\/industrial-y-sistemas\/2019\/03\/15\/comenzo-una-nueva-version-del-curso-de-investigacion-innovacion-y-emprendimiento\/","url":"https:\/\/www.ing.uc.cl\/industrial-y-sistemas\/2019\/03\/15\/comenzo-una-nueva-version-del-curso-de-investigacion-innovacion-y-emprendimiento\/","name":"COMENZ\u00d3 UNA NUEVA VERSI\u00d3N DEL CURSO DE INVESTIGACI\u00d3N INNOVACI\u00d3N Y EMPRENDIMIENTO - Departamento de Ingenier\u00eda Industrial y de Sistemas","isPartOf":{"@id":"https:\/\/www.ing.uc.cl\/industrial-y-sistemas\/#website"},"primaryImageOfPage":{"@id":"https:\/\/www.ing.uc.cl\/industrial-y-sistemas\/2019\/03\/15\/comenzo-una-nueva-version-del-curso-de-investigacion-innovacion-y-emprendimiento\/#primaryimage"},"image":{"@id":"https:\/\/www.ing.uc.cl\/industrial-y-sistemas\/2019\/03\/15\/comenzo-una-nueva-version-del-curso-de-investigacion-innovacion-y-emprendimiento\/#primaryimage"},"thumbnailUrl":"https:\/\/www.ing.uc.cl\/industrial-y-sistemas\/wp-content\/uploads\/2019\/03\/lostres-300x200.jpg","datePublished":"2019-03-15T12:43:43+00:00","breadcrumb":{"@id":"https:\/\/www.ing.uc.cl\/industrial-y-sistemas\/2019\/03\/15\/comenzo-una-nueva-version-del-curso-de-investigacion-innovacion-y-emprendimiento\/#breadcrumb"},"inLanguage":"es-CL","potentialAction":[{"@type":"ReadAction","target":["https:\/\/www.ing.uc.cl\/industrial-y-sistemas\/2019\/03\/15\/comenzo-una-nueva-version-del-curso-de-investigacion-innovacion-y-emprendimiento\/"]}]},{"@type":"ImageObject","inLanguage":"es-CL","@id":"https:\/\/www.ing.uc.cl\/industrial-y-sistemas\/2019\/03\/15\/comenzo-una-nueva-version-del-curso-de-investigacion-innovacion-y-emprendimiento\/#primaryimage","url":"","contentUrl":""},{"@type":"BreadcrumbList","@id":"https:\/\/www.ing.uc.cl\/industrial-y-sistemas\/2019\/03\/15\/comenzo-una-nueva-version-del-curso-de-investigacion-innovacion-y-emprendimiento\/#breadcrumb","itemListElement":[{"@type":"ListItem","position":1,"name":"Portada","item":"https:\/\/www.ing.uc.cl\/industrial-y-sistemas\/"},{"@type":"ListItem","position":2,"name":"COMENZ\u00d3 UNA NUEVA VERSI\u00d3N DEL CURSO DE INVESTIGACI\u00d3N INNOVACI\u00d3N Y EMPRENDIMIENTO"}]},{"@type":"WebSite","@id":"https:\/\/www.ing.uc.cl\/industrial-y-sistemas\/#website","url":"https:\/\/www.ing.uc.cl\/industrial-y-sistemas\/","name":"Departamento de Ingenier\u00eda Industrial y de Sistemas","description":"Escuela de Ingenier\u00eda","publisher":{"@id":"https:\/\/www.ing.uc.cl\/industrial-y-sistemas\/#organization"},"potentialAction":[{"@type":"SearchAction","target":{"@type":"EntryPoint","urlTemplate":"https:\/\/www.ing.uc.cl\/industrial-y-sistemas\/?s={search_term_string}"},"query-input":{"@type":"PropertyValueSpecification","valueRequired":true,"valueName":"search_term_string"}}],"inLanguage":"es-CL"},{"@type":"Organization","@id":"https:\/\/www.ing.uc.cl\/industrial-y-sistemas\/#organization","name":"Departamento de Ingenier\u00eda Industrial y de Sistemas","url":"https:\/\/www.ing.uc.cl\/industrial-y-sistemas\/","logo":{"@type":"ImageObject","inLanguage":"es-CL","@id":"https:\/\/www.ing.uc.cl\/industrial-y-sistemas\/#\/schema\/logo\/image\/","url":"https:\/\/www.ing.uc.cl\/industrial-y-sistemas\/wp-content\/uploads\/2023\/11\/cropped-UC-P2727-01.png","contentUrl":"https:\/\/www.ing.uc.cl\/industrial-y-sistemas\/wp-content\/uploads\/2023\/11\/cropped-UC-P2727-01.png","width":307,"height":414,"caption":"Departamento de Ingenier\u00eda Industrial y de Sistemas"},"image":{"@id":"https:\/\/www.ing.uc.cl\/industrial-y-sistemas\/#\/schema\/logo\/image\/"}},{"@type":"Person","@id":"https:\/\/www.ing.uc.cl\/industrial-y-sistemas\/#\/schema\/person\/721a1ef791962c4167b0dad3ee596283","name":"Francisco H","image":{"@type":"ImageObject","inLanguage":"es-CL","@id":"https:\/\/www.ing.uc.cl\/industrial-y-sistemas\/#\/schema\/person\/image\/","url":"https:\/\/secure.gravatar.com\/avatar\/63233762875caf7cb464abb0c994788b36bb5a903f4b5e6d958a14f57c41e047?s=96&d=mm&r=g","contentUrl":"https:\/\/secure.gravatar.com\/avatar\/63233762875caf7cb464abb0c994788b36bb5a903f4b5e6d958a14f57c41e047?s=96&d=mm&r=g","caption":"Francisco H"},"url":"https:\/\/www.ing.uc.cl\/industrial-y-sistemas\/author\/fherreros\/"}]}},"rttpg_featured_image_url":null,"rttpg_author":{"display_name":"Francisco H","author_link":"https:\/\/www.ing.uc.cl\/industrial-y-sistemas\/author\/fherreros\/"},"rttpg_comment":0,"rttpg_category":"<a href=\"https:\/\/www.ing.uc.cl\/industrial-y-sistemas\/category\/sin-categoria\/\" rel=\"category tag\">Sin categor\u00eda<\/a>","rttpg_excerpt":"Esta iniciativa tiene por objetivo acercar a los estudiantes a una experiencia de emprendimiento real a trav\u00e9s de distintos desaf\u00edos que en esta oportunidad estar\u00e1n vinculados","_links":{"self":[{"href":"https:\/\/www.ing.uc.cl\/industrial-y-sistemas\/wp-json\/wp\/v2\/posts\/3916","targetHints":{"allow":["GET"]}}],"collection":[{"href":"https:\/\/www.ing.uc.cl\/industrial-y-sistemas\/wp-json\/wp\/v2\/posts"}],"about":[{"href":"https:\/\/www.ing.uc.cl\/industrial-y-sistemas\/wp-json\/wp\/v2\/types\/post"}],"author":[{"embeddable":true,"href":"https:\/\/www.ing.uc.cl\/industrial-y-sistemas\/wp-json\/wp\/v2\/users\/4"}],"replies":[{"embeddable":true,"href":"https:\/\/www.ing.uc.cl\/industrial-y-sistemas\/wp-json\/wp\/v2\/comments?post=3916"}],"version-history":[{"count":0,"href":"https:\/\/www.ing.uc.cl\/industrial-y-sistemas\/wp-json\/wp\/v2\/posts\/3916\/revisions"}],"wp:attachment":[{"href":"https:\/\/www.ing.uc.cl\/industrial-y-sistemas\/wp-json\/wp\/v2\/media?parent=3916"}],"wp:term":[{"taxonomy":"category","embeddable":true,"href":"https:\/\/www.ing.uc.cl\/industrial-y-sistemas\/wp-json\/wp\/v2\/categories?post=3916"},{"taxonomy":"post_tag","embeddable":true,"href":"https:\/\/www.ing.uc.cl\/industrial-y-sistemas\/wp-json\/wp\/v2\/tags?post=3916"}],"curies":[{"name":"wp","href":"https:\/\/api.w.org\/{rel}","templated":true}]}}