{"id":3944,"date":"2019-04-16T15:49:51","date_gmt":"2019-04-16T15:49:51","guid":{"rendered":"https:\/\/www.ing.uc.cl\/industrial-y-sistemas\/?p=3944"},"modified":"2019-04-16T15:49:51","modified_gmt":"2019-04-16T15:49:51","slug":"energia-solar-tercera-fuente-de-generacion-electrica-en-chile","status":"publish","type":"post","link":"https:\/\/www.ing.uc.cl\/industrial-y-sistemas\/2019\/04\/16\/energia-solar-tercera-fuente-de-generacion-electrica-en-chile\/","title":{"rendered":"Energ\u00eda Solar, tercera fuente de generaci\u00f3n el\u00e9ctrica en Chile"},"content":{"rendered":"<p><img fetchpriority=\"high\" decoding=\"async\" class=\"alignleft size-medium wp-image-3945\" src=\"https:\/\/www.ing.uc.cl\/industrial-y-sistemas\/wp-content\/uploads\/2019\/04\/foto_miguel_prez_de_arce-300x300.jpg\" alt=\"\" width=\"300\" height=\"300\" \/>A principios de a\u00f1o, el Coordinador El\u00e9ctrico Nacional (CEN) dio a conocer una evaluaci\u00f3n que ubica a la energ\u00eda solar como la tercera fuente de generaci\u00f3n el\u00e9ctrica en el pa\u00eds durante 2019. Al respecto, el secretario ejecutivo del <strong>Centro de Energ\u00eda<\/strong> de la Pontificia Universidad Cat\u00f3lica <strong>Prof. Miguel P\u00e9rez de Arce<\/strong> comenta que \u201cel alto desarrollo tecnol\u00f3gico e investigaci\u00f3n cient\u00edfica, la baja de los costos asociados a esta tecnolog\u00eda y los esfuerzos p\u00fablicos y privados tambi\u00e9n est\u00e1n dentro del conjunto de factores detr\u00e1s de su auge\u201d. En torno a las expectativas de superar las proyecciones del CEN agrega \u201desperamos que la meta se cumpla. No obstante, la variabilidad del recurso es un gran desaf\u00edo. En este aspecto es fundamental tener presente que la energ\u00eda solar requiere de respaldo a trav\u00e9s de servicios complementarios\u201d.<\/p>\n<p>Por otro lado, de acuerdo a datos del Ministerio de Energ\u00eda se informa que en 2018 se duplicaron los proyectos de generaci\u00f3n distribuida. El <strong>Prof. Miguel P\u00e9rez de Arce <\/strong>comenta: \u201cexiste una gran oportunidad en el \u00e1mbito de independencia energ\u00e9tica, m\u00e1s la posibilidad de disponer de energ\u00eda renovable que ayude a disminuir la emisi\u00f3n de gases de efecto invernadero\u201d, y afirma que en el pa\u00eds el principal uso se da a nivel industrial y, particularmente, en el sector norte del pa\u00eds. \u201cA nivel residencial se ve un desarrollo a\u00fan incipiente\u201d.<\/p>\n<p>En el \u00e1mbito de la investigaci\u00f3n, el a\u00f1o pasado, por ejemplo, el Centro de Energ\u00eda UC demostr\u00f3 que los paneles solares bifaciales o de \u201cdos caras\u201d, generan un 25% m\u00e1s de energ\u00eda en comparaci\u00f3n con las tecnolog\u00edas tradicionales que operan s\u00f3lo por uno de sus lados, en condiciones est\u00e1ndar.<\/p>\n<p>&nbsp;<\/p>\n<p>Fuente: Suplemento publicado el martes 16 de abril de 2019 en Diario Financiero.<\/p>\n<p>Para m\u00e1s informaci\u00f3n ver <a href=\"https:\/\/www.litoralpress.cl\/sitio\/msolotexto.cshtml?session=gQiWtPbvabRyHMrDUckwE4VENMiLu7IHTyCLAlXgZyI=\">aqu\u00ed<\/a><\/p>\n","protected":false},"excerpt":{"rendered":"<p>A principios de a\u00f1o, el Coordinador El\u00e9ctrico Nacional (CEN) dio a conocer una evaluaci\u00f3n que ubica a la energ\u00eda solar como la tercera<\/p>\n","protected":false},"author":4,"featured_media":0,"comment_status":"closed","ping_status":"closed","sticky":false,"template":"","format":"standard","meta":{"site-sidebar-layout":"default","site-content-layout":"","ast-site-content-layout":"default","site-content-style":"default","site-sidebar-style":"default","ast-global-header-display":"","ast-banner-title-visibility":"","ast-main-header-display":"","ast-hfb-above-header-display":"","ast-hfb-below-header-display":"","ast-hfb-mobile-header-display":"","site-post-title":"","ast-breadcrumbs-content":"","ast-featured-img":"","footer-sml-layout":"","ast-disable-related-posts":"","theme-transparent-header-meta":"","adv-header-id-meta":"","stick-header-meta":"","header-above-stick-meta":"","header-main-stick-meta":"","header-below-stick-meta":"","astra-migrate-meta-layouts":"default","ast-page-background-enabled":"default","ast-page-background-meta":{"desktop":{"background-color":"","background-image":"","background-repeat":"repeat","background-position":"center center","background-size":"auto","background-attachment":"scroll","background-type":"","background-media":"","overlay-type":"","overlay-color":"","overlay-opacity":"","overlay-gradient":""},"tablet":{"background-color":"","background-image":"","background-repeat":"repeat","background-position":"center center","background-size":"auto","background-attachment":"scroll","background-type":"","background-media":"","overlay-type":"","overlay-color":"","overlay-opacity":"","overlay-gradient":""},"mobile":{"background-color":"","background-image":"","background-repeat":"repeat","background-position":"center center","background-size":"auto","background-attachment":"scroll","background-type":"","background-media":"","overlay-type":"","overlay-color":"","overlay-opacity":"","overlay-gradient":""}},"ast-content-background-meta":{"desktop":{"background-color":"var(--ast-global-color-5)","background-image":"","background-repeat":"repeat","background-position":"center center","background-size":"auto","background-attachment":"scroll","background-type":"","background-media":"","overlay-type":"","overlay-color":"","overlay-opacity":"","overlay-gradient":""},"tablet":{"background-color":"var(--ast-global-color-5)","background-image":"","background-repeat":"repeat","background-position":"center center","background-size":"auto","background-attachment":"scroll","background-type":"","background-media":"","overlay-type":"","overlay-color":"","overlay-opacity":"","overlay-gradient":""},"mobile":{"background-color":"var(--ast-global-color-5)","background-image":"","background-repeat":"repeat","background-position":"center center","background-size":"auto","background-attachment":"scroll","background-type":"","background-media":"","overlay-type":"","overlay-color":"","overlay-opacity":"","overlay-gradient":""}},"footnotes":""},"categories":[1],"tags":[],"class_list":["post-3944","post","type-post","status-publish","format-standard","hentry","category-sin-categoria"],"yoast_head":"<!-- This site is optimized with the Yoast SEO plugin v26.9 - https:\/\/yoast.com\/product\/yoast-seo-wordpress\/ -->\n<title>Energ\u00eda Solar, tercera fuente de generaci\u00f3n el\u00e9ctrica en Chile - Departamento de Ingenier\u00eda Industrial y de Sistemas<\/title>\n<meta name=\"robots\" content=\"index, follow, max-snippet:-1, max-image-preview:large, max-video-preview:-1\" \/>\n<link rel=\"canonical\" href=\"https:\/\/www.ing.uc.cl\/industrial-y-sistemas\/2019\/04\/16\/energia-solar-tercera-fuente-de-generacion-electrica-en-chile\/\" \/>\n<meta property=\"og:locale\" content=\"es_ES\" \/>\n<meta property=\"og:type\" content=\"article\" \/>\n<meta property=\"og:title\" content=\"Energ\u00eda Solar, tercera fuente de generaci\u00f3n el\u00e9ctrica en Chile - Departamento de Ingenier\u00eda Industrial y de Sistemas\" \/>\n<meta property=\"og:description\" content=\"A principios de a\u00f1o, el Coordinador El\u00e9ctrico Nacional (CEN) dio a conocer una evaluaci\u00f3n que ubica a la energ\u00eda solar como la tercera\" \/>\n<meta property=\"og:url\" content=\"https:\/\/www.ing.uc.cl\/industrial-y-sistemas\/2019\/04\/16\/energia-solar-tercera-fuente-de-generacion-electrica-en-chile\/\" \/>\n<meta property=\"og:site_name\" content=\"Departamento de Ingenier\u00eda Industrial y de Sistemas\" \/>\n<meta property=\"article:published_time\" content=\"2019-04-16T15:49:51+00:00\" \/>\n<meta name=\"author\" content=\"Francisco H\" \/>\n<meta name=\"twitter:card\" content=\"summary_large_image\" \/>\n<meta name=\"twitter:label1\" content=\"Escrito por\" \/>\n\t<meta name=\"twitter:data1\" content=\"Francisco H\" \/>\n\t<meta name=\"twitter:label2\" content=\"Tiempo estimado de lectura\" \/>\n\t<meta name=\"twitter:data2\" content=\"2 minutos\" \/>\n<script type=\"application\/ld+json\" class=\"yoast-schema-graph\">{\"@context\":\"https:\/\/schema.org\",\"@graph\":[{\"@type\":\"Article\",\"@id\":\"https:\/\/www.ing.uc.cl\/industrial-y-sistemas\/2019\/04\/16\/energia-solar-tercera-fuente-de-generacion-electrica-en-chile\/#article\",\"isPartOf\":{\"@id\":\"https:\/\/www.ing.uc.cl\/industrial-y-sistemas\/2019\/04\/16\/energia-solar-tercera-fuente-de-generacion-electrica-en-chile\/\"},\"author\":{\"name\":\"Francisco H\",\"@id\":\"https:\/\/www.ing.uc.cl\/industrial-y-sistemas\/#\/schema\/person\/721a1ef791962c4167b0dad3ee596283\"},\"headline\":\"Energ\u00eda Solar, tercera fuente de generaci\u00f3n el\u00e9ctrica en Chile\",\"datePublished\":\"2019-04-16T15:49:51+00:00\",\"mainEntityOfPage\":{\"@id\":\"https:\/\/www.ing.uc.cl\/industrial-y-sistemas\/2019\/04\/16\/energia-solar-tercera-fuente-de-generacion-electrica-en-chile\/\"},\"wordCount\":340,\"publisher\":{\"@id\":\"https:\/\/www.ing.uc.cl\/industrial-y-sistemas\/#organization\"},\"image\":{\"@id\":\"https:\/\/www.ing.uc.cl\/industrial-y-sistemas\/2019\/04\/16\/energia-solar-tercera-fuente-de-generacion-electrica-en-chile\/#primaryimage\"},\"thumbnailUrl\":\"https:\/\/www.ing.uc.cl\/industrial-y-sistemas\/wp-content\/uploads\/2019\/04\/foto_miguel_prez_de_arce-300x300.jpg\",\"inLanguage\":\"es-CL\"},{\"@type\":\"WebPage\",\"@id\":\"https:\/\/www.ing.uc.cl\/industrial-y-sistemas\/2019\/04\/16\/energia-solar-tercera-fuente-de-generacion-electrica-en-chile\/\",\"url\":\"https:\/\/www.ing.uc.cl\/industrial-y-sistemas\/2019\/04\/16\/energia-solar-tercera-fuente-de-generacion-electrica-en-chile\/\",\"name\":\"Energ\u00eda Solar, tercera fuente de generaci\u00f3n el\u00e9ctrica en Chile - Departamento de Ingenier\u00eda Industrial y de Sistemas\",\"isPartOf\":{\"@id\":\"https:\/\/www.ing.uc.cl\/industrial-y-sistemas\/#website\"},\"primaryImageOfPage\":{\"@id\":\"https:\/\/www.ing.uc.cl\/industrial-y-sistemas\/2019\/04\/16\/energia-solar-tercera-fuente-de-generacion-electrica-en-chile\/#primaryimage\"},\"image\":{\"@id\":\"https:\/\/www.ing.uc.cl\/industrial-y-sistemas\/2019\/04\/16\/energia-solar-tercera-fuente-de-generacion-electrica-en-chile\/#primaryimage\"},\"thumbnailUrl\":\"https:\/\/www.ing.uc.cl\/industrial-y-sistemas\/wp-content\/uploads\/2019\/04\/foto_miguel_prez_de_arce-300x300.jpg\",\"datePublished\":\"2019-04-16T15:49:51+00:00\",\"breadcrumb\":{\"@id\":\"https:\/\/www.ing.uc.cl\/industrial-y-sistemas\/2019\/04\/16\/energia-solar-tercera-fuente-de-generacion-electrica-en-chile\/#breadcrumb\"},\"inLanguage\":\"es-CL\",\"potentialAction\":[{\"@type\":\"ReadAction\",\"target\":[\"https:\/\/www.ing.uc.cl\/industrial-y-sistemas\/2019\/04\/16\/energia-solar-tercera-fuente-de-generacion-electrica-en-chile\/\"]}]},{\"@type\":\"ImageObject\",\"inLanguage\":\"es-CL\",\"@id\":\"https:\/\/www.ing.uc.cl\/industrial-y-sistemas\/2019\/04\/16\/energia-solar-tercera-fuente-de-generacion-electrica-en-chile\/#primaryimage\",\"url\":\"\",\"contentUrl\":\"\"},{\"@type\":\"BreadcrumbList\",\"@id\":\"https:\/\/www.ing.uc.cl\/industrial-y-sistemas\/2019\/04\/16\/energia-solar-tercera-fuente-de-generacion-electrica-en-chile\/#breadcrumb\",\"itemListElement\":[{\"@type\":\"ListItem\",\"position\":1,\"name\":\"Portada\",\"item\":\"https:\/\/www.ing.uc.cl\/industrial-y-sistemas\/\"},{\"@type\":\"ListItem\",\"position\":2,\"name\":\"Energ\u00eda Solar, tercera fuente de generaci\u00f3n el\u00e9ctrica en Chile\"}]},{\"@type\":\"WebSite\",\"@id\":\"https:\/\/www.ing.uc.cl\/industrial-y-sistemas\/#website\",\"url\":\"https:\/\/www.ing.uc.cl\/industrial-y-sistemas\/\",\"name\":\"Departamento de Ingenier\u00eda Industrial y de Sistemas\",\"description\":\"Escuela de Ingenier\u00eda\",\"publisher\":{\"@id\":\"https:\/\/www.ing.uc.cl\/industrial-y-sistemas\/#organization\"},\"potentialAction\":[{\"@type\":\"SearchAction\",\"target\":{\"@type\":\"EntryPoint\",\"urlTemplate\":\"https:\/\/www.ing.uc.cl\/industrial-y-sistemas\/?s={search_term_string}\"},\"query-input\":{\"@type\":\"PropertyValueSpecification\",\"valueRequired\":true,\"valueName\":\"search_term_string\"}}],\"inLanguage\":\"es-CL\"},{\"@type\":\"Organization\",\"@id\":\"https:\/\/www.ing.uc.cl\/industrial-y-sistemas\/#organization\",\"name\":\"Departamento de Ingenier\u00eda Industrial y de Sistemas\",\"url\":\"https:\/\/www.ing.uc.cl\/industrial-y-sistemas\/\",\"logo\":{\"@type\":\"ImageObject\",\"inLanguage\":\"es-CL\",\"@id\":\"https:\/\/www.ing.uc.cl\/industrial-y-sistemas\/#\/schema\/logo\/image\/\",\"url\":\"https:\/\/www.ing.uc.cl\/industrial-y-sistemas\/wp-content\/uploads\/2023\/11\/cropped-UC-P2727-01.png\",\"contentUrl\":\"https:\/\/www.ing.uc.cl\/industrial-y-sistemas\/wp-content\/uploads\/2023\/11\/cropped-UC-P2727-01.png\",\"width\":307,\"height\":414,\"caption\":\"Departamento de Ingenier\u00eda Industrial y de Sistemas\"},\"image\":{\"@id\":\"https:\/\/www.ing.uc.cl\/industrial-y-sistemas\/#\/schema\/logo\/image\/\"}},{\"@type\":\"Person\",\"@id\":\"https:\/\/www.ing.uc.cl\/industrial-y-sistemas\/#\/schema\/person\/721a1ef791962c4167b0dad3ee596283\",\"name\":\"Francisco H\",\"image\":{\"@type\":\"ImageObject\",\"inLanguage\":\"es-CL\",\"@id\":\"https:\/\/www.ing.uc.cl\/industrial-y-sistemas\/#\/schema\/person\/image\/\",\"url\":\"https:\/\/secure.gravatar.com\/avatar\/63233762875caf7cb464abb0c994788b36bb5a903f4b5e6d958a14f57c41e047?s=96&d=mm&r=g\",\"contentUrl\":\"https:\/\/secure.gravatar.com\/avatar\/63233762875caf7cb464abb0c994788b36bb5a903f4b5e6d958a14f57c41e047?s=96&d=mm&r=g\",\"caption\":\"Francisco H\"},\"url\":\"https:\/\/www.ing.uc.cl\/industrial-y-sistemas\/author\/fherreros\/\"}]}<\/script>\n<!-- \/ Yoast SEO plugin. -->","yoast_head_json":{"title":"Energ\u00eda Solar, tercera fuente de generaci\u00f3n el\u00e9ctrica en Chile - Departamento de Ingenier\u00eda Industrial y de Sistemas","robots":{"index":"index","follow":"follow","max-snippet":"max-snippet:-1","max-image-preview":"max-image-preview:large","max-video-preview":"max-video-preview:-1"},"canonical":"https:\/\/www.ing.uc.cl\/industrial-y-sistemas\/2019\/04\/16\/energia-solar-tercera-fuente-de-generacion-electrica-en-chile\/","og_locale":"es_ES","og_type":"article","og_title":"Energ\u00eda Solar, tercera fuente de generaci\u00f3n el\u00e9ctrica en Chile - Departamento de Ingenier\u00eda Industrial y de Sistemas","og_description":"A principios de a\u00f1o, el Coordinador El\u00e9ctrico Nacional (CEN) dio a conocer una evaluaci\u00f3n que ubica a la energ\u00eda solar como la tercera","og_url":"https:\/\/www.ing.uc.cl\/industrial-y-sistemas\/2019\/04\/16\/energia-solar-tercera-fuente-de-generacion-electrica-en-chile\/","og_site_name":"Departamento de Ingenier\u00eda Industrial y de Sistemas","article_published_time":"2019-04-16T15:49:51+00:00","author":"Francisco H","twitter_card":"summary_large_image","twitter_misc":{"Escrito por":"Francisco H","Tiempo estimado de lectura":"2 minutos"},"schema":{"@context":"https:\/\/schema.org","@graph":[{"@type":"Article","@id":"https:\/\/www.ing.uc.cl\/industrial-y-sistemas\/2019\/04\/16\/energia-solar-tercera-fuente-de-generacion-electrica-en-chile\/#article","isPartOf":{"@id":"https:\/\/www.ing.uc.cl\/industrial-y-sistemas\/2019\/04\/16\/energia-solar-tercera-fuente-de-generacion-electrica-en-chile\/"},"author":{"name":"Francisco H","@id":"https:\/\/www.ing.uc.cl\/industrial-y-sistemas\/#\/schema\/person\/721a1ef791962c4167b0dad3ee596283"},"headline":"Energ\u00eda Solar, tercera fuente de generaci\u00f3n el\u00e9ctrica en Chile","datePublished":"2019-04-16T15:49:51+00:00","mainEntityOfPage":{"@id":"https:\/\/www.ing.uc.cl\/industrial-y-sistemas\/2019\/04\/16\/energia-solar-tercera-fuente-de-generacion-electrica-en-chile\/"},"wordCount":340,"publisher":{"@id":"https:\/\/www.ing.uc.cl\/industrial-y-sistemas\/#organization"},"image":{"@id":"https:\/\/www.ing.uc.cl\/industrial-y-sistemas\/2019\/04\/16\/energia-solar-tercera-fuente-de-generacion-electrica-en-chile\/#primaryimage"},"thumbnailUrl":"https:\/\/www.ing.uc.cl\/industrial-y-sistemas\/wp-content\/uploads\/2019\/04\/foto_miguel_prez_de_arce-300x300.jpg","inLanguage":"es-CL"},{"@type":"WebPage","@id":"https:\/\/www.ing.uc.cl\/industrial-y-sistemas\/2019\/04\/16\/energia-solar-tercera-fuente-de-generacion-electrica-en-chile\/","url":"https:\/\/www.ing.uc.cl\/industrial-y-sistemas\/2019\/04\/16\/energia-solar-tercera-fuente-de-generacion-electrica-en-chile\/","name":"Energ\u00eda Solar, tercera fuente de generaci\u00f3n el\u00e9ctrica en Chile - Departamento de Ingenier\u00eda Industrial y de Sistemas","isPartOf":{"@id":"https:\/\/www.ing.uc.cl\/industrial-y-sistemas\/#website"},"primaryImageOfPage":{"@id":"https:\/\/www.ing.uc.cl\/industrial-y-sistemas\/2019\/04\/16\/energia-solar-tercera-fuente-de-generacion-electrica-en-chile\/#primaryimage"},"image":{"@id":"https:\/\/www.ing.uc.cl\/industrial-y-sistemas\/2019\/04\/16\/energia-solar-tercera-fuente-de-generacion-electrica-en-chile\/#primaryimage"},"thumbnailUrl":"https:\/\/www.ing.uc.cl\/industrial-y-sistemas\/wp-content\/uploads\/2019\/04\/foto_miguel_prez_de_arce-300x300.jpg","datePublished":"2019-04-16T15:49:51+00:00","breadcrumb":{"@id":"https:\/\/www.ing.uc.cl\/industrial-y-sistemas\/2019\/04\/16\/energia-solar-tercera-fuente-de-generacion-electrica-en-chile\/#breadcrumb"},"inLanguage":"es-CL","potentialAction":[{"@type":"ReadAction","target":["https:\/\/www.ing.uc.cl\/industrial-y-sistemas\/2019\/04\/16\/energia-solar-tercera-fuente-de-generacion-electrica-en-chile\/"]}]},{"@type":"ImageObject","inLanguage":"es-CL","@id":"https:\/\/www.ing.uc.cl\/industrial-y-sistemas\/2019\/04\/16\/energia-solar-tercera-fuente-de-generacion-electrica-en-chile\/#primaryimage","url":"","contentUrl":""},{"@type":"BreadcrumbList","@id":"https:\/\/www.ing.uc.cl\/industrial-y-sistemas\/2019\/04\/16\/energia-solar-tercera-fuente-de-generacion-electrica-en-chile\/#breadcrumb","itemListElement":[{"@type":"ListItem","position":1,"name":"Portada","item":"https:\/\/www.ing.uc.cl\/industrial-y-sistemas\/"},{"@type":"ListItem","position":2,"name":"Energ\u00eda Solar, tercera fuente de generaci\u00f3n el\u00e9ctrica en Chile"}]},{"@type":"WebSite","@id":"https:\/\/www.ing.uc.cl\/industrial-y-sistemas\/#website","url":"https:\/\/www.ing.uc.cl\/industrial-y-sistemas\/","name":"Departamento de Ingenier\u00eda Industrial y de Sistemas","description":"Escuela de Ingenier\u00eda","publisher":{"@id":"https:\/\/www.ing.uc.cl\/industrial-y-sistemas\/#organization"},"potentialAction":[{"@type":"SearchAction","target":{"@type":"EntryPoint","urlTemplate":"https:\/\/www.ing.uc.cl\/industrial-y-sistemas\/?s={search_term_string}"},"query-input":{"@type":"PropertyValueSpecification","valueRequired":true,"valueName":"search_term_string"}}],"inLanguage":"es-CL"},{"@type":"Organization","@id":"https:\/\/www.ing.uc.cl\/industrial-y-sistemas\/#organization","name":"Departamento de Ingenier\u00eda Industrial y de Sistemas","url":"https:\/\/www.ing.uc.cl\/industrial-y-sistemas\/","logo":{"@type":"ImageObject","inLanguage":"es-CL","@id":"https:\/\/www.ing.uc.cl\/industrial-y-sistemas\/#\/schema\/logo\/image\/","url":"https:\/\/www.ing.uc.cl\/industrial-y-sistemas\/wp-content\/uploads\/2023\/11\/cropped-UC-P2727-01.png","contentUrl":"https:\/\/www.ing.uc.cl\/industrial-y-sistemas\/wp-content\/uploads\/2023\/11\/cropped-UC-P2727-01.png","width":307,"height":414,"caption":"Departamento de Ingenier\u00eda Industrial y de Sistemas"},"image":{"@id":"https:\/\/www.ing.uc.cl\/industrial-y-sistemas\/#\/schema\/logo\/image\/"}},{"@type":"Person","@id":"https:\/\/www.ing.uc.cl\/industrial-y-sistemas\/#\/schema\/person\/721a1ef791962c4167b0dad3ee596283","name":"Francisco H","image":{"@type":"ImageObject","inLanguage":"es-CL","@id":"https:\/\/www.ing.uc.cl\/industrial-y-sistemas\/#\/schema\/person\/image\/","url":"https:\/\/secure.gravatar.com\/avatar\/63233762875caf7cb464abb0c994788b36bb5a903f4b5e6d958a14f57c41e047?s=96&d=mm&r=g","contentUrl":"https:\/\/secure.gravatar.com\/avatar\/63233762875caf7cb464abb0c994788b36bb5a903f4b5e6d958a14f57c41e047?s=96&d=mm&r=g","caption":"Francisco H"},"url":"https:\/\/www.ing.uc.cl\/industrial-y-sistemas\/author\/fherreros\/"}]}},"rttpg_featured_image_url":null,"rttpg_author":{"display_name":"Francisco H","author_link":"https:\/\/www.ing.uc.cl\/industrial-y-sistemas\/author\/fherreros\/"},"rttpg_comment":0,"rttpg_category":"<a href=\"https:\/\/www.ing.uc.cl\/industrial-y-sistemas\/category\/sin-categoria\/\" rel=\"category tag\">Sin categor\u00eda<\/a>","rttpg_excerpt":"A principios de a\u00f1o, el Coordinador El\u00e9ctrico Nacional (CEN) dio a conocer una evaluaci\u00f3n que ubica a la energ\u00eda solar como la tercera","_links":{"self":[{"href":"https:\/\/www.ing.uc.cl\/industrial-y-sistemas\/wp-json\/wp\/v2\/posts\/3944","targetHints":{"allow":["GET"]}}],"collection":[{"href":"https:\/\/www.ing.uc.cl\/industrial-y-sistemas\/wp-json\/wp\/v2\/posts"}],"about":[{"href":"https:\/\/www.ing.uc.cl\/industrial-y-sistemas\/wp-json\/wp\/v2\/types\/post"}],"author":[{"embeddable":true,"href":"https:\/\/www.ing.uc.cl\/industrial-y-sistemas\/wp-json\/wp\/v2\/users\/4"}],"replies":[{"embeddable":true,"href":"https:\/\/www.ing.uc.cl\/industrial-y-sistemas\/wp-json\/wp\/v2\/comments?post=3944"}],"version-history":[{"count":0,"href":"https:\/\/www.ing.uc.cl\/industrial-y-sistemas\/wp-json\/wp\/v2\/posts\/3944\/revisions"}],"wp:attachment":[{"href":"https:\/\/www.ing.uc.cl\/industrial-y-sistemas\/wp-json\/wp\/v2\/media?parent=3944"}],"wp:term":[{"taxonomy":"category","embeddable":true,"href":"https:\/\/www.ing.uc.cl\/industrial-y-sistemas\/wp-json\/wp\/v2\/categories?post=3944"},{"taxonomy":"post_tag","embeddable":true,"href":"https:\/\/www.ing.uc.cl\/industrial-y-sistemas\/wp-json\/wp\/v2\/tags?post=3944"}],"curies":[{"name":"wp","href":"https:\/\/api.w.org\/{rel}","templated":true}]}}