{"id":3967,"date":"2019-08-14T14:33:57","date_gmt":"2019-08-14T14:33:57","guid":{"rendered":"https:\/\/www.ing.uc.cl\/industrial-y-sistemas\/?p=3967"},"modified":"2019-08-14T14:33:57","modified_gmt":"2019-08-14T14:33:57","slug":"profesor-enzo-sauma-lidera-uno-de-los-cinco-proyectos-fondef-adjudicados-a-la-uc","status":"publish","type":"post","link":"https:\/\/www.ing.uc.cl\/industrial-y-sistemas\/2019\/08\/14\/profesor-enzo-sauma-lidera-uno-de-los-cinco-proyectos-fondef-adjudicados-a-la-uc\/","title":{"rendered":"Profesor Enzo Sauma lidera uno de los cinco proyectos Fondef adjudicados a la UC"},"content":{"rendered":"<p><img decoding=\"async\" class=\"alignleft size-thumbnail wp-image-2078\" src=\"https:\/\/www.ing.uc.cl\/industrial-y-sistemas\/wp-content\/uploads\/2015\/01\/sauma3248-150x150.jpg\" alt=\"\" width=\"150\" height=\"150\" \/>Con gran alegr\u00eda informamos que el profesor Enzo Sauma junto a un equipo de investigadores se ha adjudicado el Concurso IDeA i+D 2019 (Fondef) de Conicyt, con el proyecto \u201cAplicaci\u00f3n del modelo de Equilibrios Parciales en Competencia al mercado de la electricidad en presencia de generaci\u00f3n e\u00f3lica y fotovoltaica en la Regi\u00f3n del Maule\u201d.<\/p>\n<p>El objetivo general de este proyecto es estudiar el mercado de la industria de generaci\u00f3n e\u00f3lica y fotovoltaica aplicando el modelo microecon\u00f3mico de equilibrios parciales en competencia perfecta.<\/p>\n<p>Esta iniciativa ser\u00e1 desarrollada por el Centro de Energ\u00eda UC, en colaboraci\u00f3n con investigadores de otras facultades y disciplinas, y con representantes de la industria, en particular la empresa de ingenier\u00eda Ecoingenieros Ltda., dedicada a los proyectos e\u00f3licos. Su equipo est\u00e1 conformado por los siguientes investigadores:<\/p>\n<p>Enzo Sauma Santis. Director. Ingeniero civil de industrias y mag\u00edster en Ciencias de la Ingenier\u00eda de la P. Universidad Cat\u00f3lica de Chile, Master of Science y Ph.D en Ingenier\u00eda Industrial e Investigaci\u00f3n de Operaciones por la Universidad de California en Berkeley, Estados Unidos. Ha publicado varios art\u00edculos en revistas especializadas y ha presentado sus trabajos en diversas conferencias internacionales. Adem\u00e1s, realiza docencia a nivel de pre y postgrado en su \u00e1rea especializaci\u00f3n. Ha obtenido diversos premios, tanto nacionales como internacionales, en reconocimiento de su trabajo de investigaci\u00f3n, tales como el \u201cBest Publication in Energy award\u201d entregado por The Institute for Operations Research and the Management Sciences (INFORMS) en Octubre de 2008 y el \u201cBest Application Paper Award in the name of Professor B. G. Raghavendra\u201d entregado en The International Conference on Operations Research Applications in Infrastructure Development.<\/p>\n<p><a href=\"https:\/\/www.ing.uc.cl\/academicos-e-investigadores\/enzo-enrique-sauma-santis\/\">https:\/\/www.ing.uc.cl\/academicos-e-investigadores\/enzo-enrique-sauma-santis\/<\/a><\/p>\n<p>Miguel P\u00e9rez de Arce Jeria. Director Alterno. Licenciado en Ciencias de la Ingenier\u00eda, Ingeniero Civil Industrial, Master of Business Administration, Mag\u00edster en Ciencias de la Ingenier\u00eda y Doctor en Ciencias de la Ingenier\u00eda, Pontificia Universidad Cat\u00f3lica de Chile. Mag\u00edster en Derecho Empresarial, Universidad de los Andes. Secretario Ejecutivo de Centro UC de Energ\u00eda. Ex Jefe de Divisi\u00f3n de Energ\u00edas Renovables del Ministerio de Energ\u00eda. Profesor del programa MIE-UC.<\/p>\n<p>Pablo Osses. Investigador. El profesor Osses es Mag\u00edster en Econom\u00eda Agraria, menci\u00f3n recursos naturales y medio ambiente de la Pontificia Universidad Cat\u00f3lica de Chile, se ha especializado en el desarrollo de proyectos de captaci\u00f3n de agua de nieblas, evaluaci\u00f3n e investigaci\u00f3n de este recurso h\u00eddrico, as\u00ed como aplicaci\u00f3n a gran escala de la tecnolog\u00eda de atrapanieblas para proveer agua en usos dom\u00e9sticos, ecol\u00f3gicos o cient\u00edficos.<\/p>\n<p><a href=\"http:\/\/geografia.uc.cl\/Departamento-de-Geografia-Fisica\/osses-mcintyre-pablo.html\">http:\/\/geografia.uc.cl\/Departamento-de-Geografia-Fisica\/osses-mcintyre-pablo.html<\/a><\/p>\n<p>Pablo Fa\u00fandez Est\u00e9vez. Investigador Principal. Licenciado en Ingenier\u00eda Forestal e Ingeniero Forestal (U. de Chile), MSc Econom\u00eda Aplicada (Imperial College London). Tiene 13 a\u00f1os de experiencia en el dise\u00f1o, evaluaci\u00f3n y desarrollo de parques e\u00f3licos. Especialista en simulaci\u00f3n de clima e\u00f3lico y en el desarrollo de campa\u00f1as de prospecci\u00f3n completas. Intereses de investigaci\u00f3n: &#8211; Dendroenerg\u00eda; &#8211; Teor\u00eda de la inversi\u00f3n. &#8211; Econom\u00eda de la energ\u00eda.<\/p>\n<p>M\u00e1s informaci\u00f3n de los resultados del Concurso IDeA i+D 2019 (Fondef) de Conicyt:<\/p>\n<p><a href=\"https:\/\/www.conicyt.cl\/fondef\/2019\/08\/07\/proyectos-de-investigacion-y-desarrollo-apoyados-por-conicyt-se-orientan-a-los-principales-desafios-del-pais\/\">https:\/\/www.conicyt.cl\/fondef\/2019\/08\/07\/proyectos-de-investigacion-y-desarrollo-apoyados-por-conicyt-se-orientan-a-los-principales-desafios-del-pais\/<\/a><\/p>\n","protected":false},"excerpt":{"rendered":"<p>Con gran alegr\u00eda informamos que el profesor Enzo Sauma junto a un equipo de investigadores se ha adjudicado el Concurso IDeA i+D 2019 (Fondef) de Conicyt, con el proyecto<\/p>\n","protected":false},"author":4,"featured_media":353901,"comment_status":"closed","ping_status":"closed","sticky":false,"template":"","format":"standard","meta":{"site-sidebar-layout":"default","site-content-layout":"","ast-site-content-layout":"default","site-content-style":"default","site-sidebar-style":"default","ast-global-header-display":"","ast-banner-title-visibility":"","ast-main-header-display":"","ast-hfb-above-header-display":"","ast-hfb-below-header-display":"","ast-hfb-mobile-header-display":"","site-post-title":"","ast-breadcrumbs-content":"","ast-featured-img":"","footer-sml-layout":"","ast-disable-related-posts":"","theme-transparent-header-meta":"","adv-header-id-meta":"","stick-header-meta":"","header-above-stick-meta":"","header-main-stick-meta":"","header-below-stick-meta":"","astra-migrate-meta-layouts":"default","ast-page-background-enabled":"default","ast-page-background-meta":{"desktop":{"background-color":"","background-image":"","background-repeat":"repeat","background-position":"center center","background-size":"auto","background-attachment":"scroll","background-type":"","background-media":"","overlay-type":"","overlay-color":"","overlay-opacity":"","overlay-gradient":""},"tablet":{"background-color":"","background-image":"","background-repeat":"repeat","background-position":"center center","background-size":"auto","background-attachment":"scroll","background-type":"","background-media":"","overlay-type":"","overlay-color":"","overlay-opacity":"","overlay-gradient":""},"mobile":{"background-color":"","background-image":"","background-repeat":"repeat","background-position":"center center","background-size":"auto","background-attachment":"scroll","background-type":"","background-media":"","overlay-type":"","overlay-color":"","overlay-opacity":"","overlay-gradient":""}},"ast-content-background-meta":{"desktop":{"background-color":"var(--ast-global-color-5)","background-image":"","background-repeat":"repeat","background-position":"center center","background-size":"auto","background-attachment":"scroll","background-type":"","background-media":"","overlay-type":"","overlay-color":"","overlay-opacity":"","overlay-gradient":""},"tablet":{"background-color":"var(--ast-global-color-5)","background-image":"","background-repeat":"repeat","background-position":"center center","background-size":"auto","background-attachment":"scroll","background-type":"","background-media":"","overlay-type":"","overlay-color":"","overlay-opacity":"","overlay-gradient":""},"mobile":{"background-color":"var(--ast-global-color-5)","background-image":"","background-repeat":"repeat","background-position":"center center","background-size":"auto","background-attachment":"scroll","background-type":"","background-media":"","overlay-type":"","overlay-color":"","overlay-opacity":"","overlay-gradient":""}},"footnotes":""},"categories":[1],"tags":[],"class_list":["post-3967","post","type-post","status-publish","format-standard","has-post-thumbnail","hentry","category-sin-categoria"],"yoast_head":"<!-- This site is optimized with the Yoast SEO plugin v26.9 - https:\/\/yoast.com\/product\/yoast-seo-wordpress\/ -->\n<title>Profesor Enzo Sauma lidera uno de los cinco proyectos Fondef adjudicados a la UC - Departamento de Ingenier\u00eda Industrial y de Sistemas<\/title>\n<meta name=\"robots\" content=\"index, follow, max-snippet:-1, max-image-preview:large, max-video-preview:-1\" \/>\n<link rel=\"canonical\" href=\"https:\/\/www.ing.uc.cl\/industrial-y-sistemas\/2019\/08\/14\/profesor-enzo-sauma-lidera-uno-de-los-cinco-proyectos-fondef-adjudicados-a-la-uc\/\" \/>\n<meta property=\"og:locale\" content=\"es_ES\" \/>\n<meta property=\"og:type\" content=\"article\" \/>\n<meta property=\"og:title\" content=\"Profesor Enzo Sauma lidera uno de los cinco proyectos Fondef adjudicados a la UC - Departamento de Ingenier\u00eda Industrial y de Sistemas\" \/>\n<meta property=\"og:description\" content=\"Con gran alegr\u00eda informamos que el profesor Enzo Sauma junto a un equipo de investigadores se ha adjudicado el Concurso IDeA i+D 2019 (Fondef) de Conicyt, con el proyecto\" \/>\n<meta property=\"og:url\" content=\"https:\/\/www.ing.uc.cl\/industrial-y-sistemas\/2019\/08\/14\/profesor-enzo-sauma-lidera-uno-de-los-cinco-proyectos-fondef-adjudicados-a-la-uc\/\" \/>\n<meta property=\"og:site_name\" content=\"Departamento de Ingenier\u00eda Industrial y de Sistemas\" \/>\n<meta property=\"article:published_time\" content=\"2019-08-14T14:33:57+00:00\" \/>\n<meta property=\"og:image\" content=\"https:\/\/www.ing.uc.cl\/industrial-y-sistemas\/wp-content\/uploads\/2022\/10\/enzo-sauma20220427_-1-scaled-1.jpg\" \/>\n\t<meta property=\"og:image:width\" content=\"2560\" \/>\n\t<meta property=\"og:image:height\" content=\"1707\" \/>\n\t<meta property=\"og:image:type\" content=\"image\/jpeg\" \/>\n<meta name=\"author\" content=\"Francisco H\" \/>\n<meta name=\"twitter:card\" content=\"summary_large_image\" \/>\n<meta name=\"twitter:label1\" content=\"Escrito por\" \/>\n\t<meta name=\"twitter:data1\" content=\"Francisco H\" \/>\n\t<meta name=\"twitter:label2\" content=\"Tiempo estimado de lectura\" \/>\n\t<meta name=\"twitter:data2\" content=\"3 minutos\" \/>\n<script type=\"application\/ld+json\" class=\"yoast-schema-graph\">{\"@context\":\"https:\/\/schema.org\",\"@graph\":[{\"@type\":\"Article\",\"@id\":\"https:\/\/www.ing.uc.cl\/industrial-y-sistemas\/2019\/08\/14\/profesor-enzo-sauma-lidera-uno-de-los-cinco-proyectos-fondef-adjudicados-a-la-uc\/#article\",\"isPartOf\":{\"@id\":\"https:\/\/www.ing.uc.cl\/industrial-y-sistemas\/2019\/08\/14\/profesor-enzo-sauma-lidera-uno-de-los-cinco-proyectos-fondef-adjudicados-a-la-uc\/\"},\"author\":{\"name\":\"Francisco H\",\"@id\":\"https:\/\/www.ing.uc.cl\/industrial-y-sistemas\/#\/schema\/person\/721a1ef791962c4167b0dad3ee596283\"},\"headline\":\"Profesor Enzo Sauma lidera uno de los cinco proyectos Fondef adjudicados a la UC\",\"datePublished\":\"2019-08-14T14:33:57+00:00\",\"mainEntityOfPage\":{\"@id\":\"https:\/\/www.ing.uc.cl\/industrial-y-sistemas\/2019\/08\/14\/profesor-enzo-sauma-lidera-uno-de-los-cinco-proyectos-fondef-adjudicados-a-la-uc\/\"},\"wordCount\":574,\"publisher\":{\"@id\":\"https:\/\/www.ing.uc.cl\/industrial-y-sistemas\/#organization\"},\"image\":{\"@id\":\"https:\/\/www.ing.uc.cl\/industrial-y-sistemas\/2019\/08\/14\/profesor-enzo-sauma-lidera-uno-de-los-cinco-proyectos-fondef-adjudicados-a-la-uc\/#primaryimage\"},\"thumbnailUrl\":\"https:\/\/www.ing.uc.cl\/industrial-y-sistemas\/wp-content\/uploads\/2022\/10\/enzo-sauma20220427_-1-scaled-1.jpg\",\"inLanguage\":\"es-CL\"},{\"@type\":\"WebPage\",\"@id\":\"https:\/\/www.ing.uc.cl\/industrial-y-sistemas\/2019\/08\/14\/profesor-enzo-sauma-lidera-uno-de-los-cinco-proyectos-fondef-adjudicados-a-la-uc\/\",\"url\":\"https:\/\/www.ing.uc.cl\/industrial-y-sistemas\/2019\/08\/14\/profesor-enzo-sauma-lidera-uno-de-los-cinco-proyectos-fondef-adjudicados-a-la-uc\/\",\"name\":\"Profesor Enzo Sauma lidera uno de los cinco proyectos Fondef adjudicados a la UC - Departamento de Ingenier\u00eda Industrial y de Sistemas\",\"isPartOf\":{\"@id\":\"https:\/\/www.ing.uc.cl\/industrial-y-sistemas\/#website\"},\"primaryImageOfPage\":{\"@id\":\"https:\/\/www.ing.uc.cl\/industrial-y-sistemas\/2019\/08\/14\/profesor-enzo-sauma-lidera-uno-de-los-cinco-proyectos-fondef-adjudicados-a-la-uc\/#primaryimage\"},\"image\":{\"@id\":\"https:\/\/www.ing.uc.cl\/industrial-y-sistemas\/2019\/08\/14\/profesor-enzo-sauma-lidera-uno-de-los-cinco-proyectos-fondef-adjudicados-a-la-uc\/#primaryimage\"},\"thumbnailUrl\":\"https:\/\/www.ing.uc.cl\/industrial-y-sistemas\/wp-content\/uploads\/2022\/10\/enzo-sauma20220427_-1-scaled-1.jpg\",\"datePublished\":\"2019-08-14T14:33:57+00:00\",\"breadcrumb\":{\"@id\":\"https:\/\/www.ing.uc.cl\/industrial-y-sistemas\/2019\/08\/14\/profesor-enzo-sauma-lidera-uno-de-los-cinco-proyectos-fondef-adjudicados-a-la-uc\/#breadcrumb\"},\"inLanguage\":\"es-CL\",\"potentialAction\":[{\"@type\":\"ReadAction\",\"target\":[\"https:\/\/www.ing.uc.cl\/industrial-y-sistemas\/2019\/08\/14\/profesor-enzo-sauma-lidera-uno-de-los-cinco-proyectos-fondef-adjudicados-a-la-uc\/\"]}]},{\"@type\":\"ImageObject\",\"inLanguage\":\"es-CL\",\"@id\":\"https:\/\/www.ing.uc.cl\/industrial-y-sistemas\/2019\/08\/14\/profesor-enzo-sauma-lidera-uno-de-los-cinco-proyectos-fondef-adjudicados-a-la-uc\/#primaryimage\",\"url\":\"https:\/\/www.ing.uc.cl\/industrial-y-sistemas\/wp-content\/uploads\/2022\/10\/enzo-sauma20220427_-1-scaled-1.jpg\",\"contentUrl\":\"https:\/\/www.ing.uc.cl\/industrial-y-sistemas\/wp-content\/uploads\/2022\/10\/enzo-sauma20220427_-1-scaled-1.jpg\",\"width\":2560,\"height\":1707},{\"@type\":\"BreadcrumbList\",\"@id\":\"https:\/\/www.ing.uc.cl\/industrial-y-sistemas\/2019\/08\/14\/profesor-enzo-sauma-lidera-uno-de-los-cinco-proyectos-fondef-adjudicados-a-la-uc\/#breadcrumb\",\"itemListElement\":[{\"@type\":\"ListItem\",\"position\":1,\"name\":\"Portada\",\"item\":\"https:\/\/www.ing.uc.cl\/industrial-y-sistemas\/\"},{\"@type\":\"ListItem\",\"position\":2,\"name\":\"Profesor Enzo Sauma lidera uno de los cinco proyectos Fondef adjudicados a la UC\"}]},{\"@type\":\"WebSite\",\"@id\":\"https:\/\/www.ing.uc.cl\/industrial-y-sistemas\/#website\",\"url\":\"https:\/\/www.ing.uc.cl\/industrial-y-sistemas\/\",\"name\":\"Departamento de Ingenier\u00eda Industrial y de Sistemas\",\"description\":\"Escuela de Ingenier\u00eda\",\"publisher\":{\"@id\":\"https:\/\/www.ing.uc.cl\/industrial-y-sistemas\/#organization\"},\"potentialAction\":[{\"@type\":\"SearchAction\",\"target\":{\"@type\":\"EntryPoint\",\"urlTemplate\":\"https:\/\/www.ing.uc.cl\/industrial-y-sistemas\/?s={search_term_string}\"},\"query-input\":{\"@type\":\"PropertyValueSpecification\",\"valueRequired\":true,\"valueName\":\"search_term_string\"}}],\"inLanguage\":\"es-CL\"},{\"@type\":\"Organization\",\"@id\":\"https:\/\/www.ing.uc.cl\/industrial-y-sistemas\/#organization\",\"name\":\"Departamento de Ingenier\u00eda Industrial y de Sistemas\",\"url\":\"https:\/\/www.ing.uc.cl\/industrial-y-sistemas\/\",\"logo\":{\"@type\":\"ImageObject\",\"inLanguage\":\"es-CL\",\"@id\":\"https:\/\/www.ing.uc.cl\/industrial-y-sistemas\/#\/schema\/logo\/image\/\",\"url\":\"https:\/\/www.ing.uc.cl\/industrial-y-sistemas\/wp-content\/uploads\/2023\/11\/cropped-UC-P2727-01.png\",\"contentUrl\":\"https:\/\/www.ing.uc.cl\/industrial-y-sistemas\/wp-content\/uploads\/2023\/11\/cropped-UC-P2727-01.png\",\"width\":307,\"height\":414,\"caption\":\"Departamento de Ingenier\u00eda Industrial y de Sistemas\"},\"image\":{\"@id\":\"https:\/\/www.ing.uc.cl\/industrial-y-sistemas\/#\/schema\/logo\/image\/\"}},{\"@type\":\"Person\",\"@id\":\"https:\/\/www.ing.uc.cl\/industrial-y-sistemas\/#\/schema\/person\/721a1ef791962c4167b0dad3ee596283\",\"name\":\"Francisco H\",\"image\":{\"@type\":\"ImageObject\",\"inLanguage\":\"es-CL\",\"@id\":\"https:\/\/www.ing.uc.cl\/industrial-y-sistemas\/#\/schema\/person\/image\/\",\"url\":\"https:\/\/secure.gravatar.com\/avatar\/63233762875caf7cb464abb0c994788b36bb5a903f4b5e6d958a14f57c41e047?s=96&d=mm&r=g\",\"contentUrl\":\"https:\/\/secure.gravatar.com\/avatar\/63233762875caf7cb464abb0c994788b36bb5a903f4b5e6d958a14f57c41e047?s=96&d=mm&r=g\",\"caption\":\"Francisco H\"},\"url\":\"https:\/\/www.ing.uc.cl\/industrial-y-sistemas\/author\/fherreros\/\"}]}<\/script>\n<!-- \/ Yoast SEO plugin. -->","yoast_head_json":{"title":"Profesor Enzo Sauma lidera uno de los cinco proyectos Fondef adjudicados a la UC - Departamento de Ingenier\u00eda Industrial y de Sistemas","robots":{"index":"index","follow":"follow","max-snippet":"max-snippet:-1","max-image-preview":"max-image-preview:large","max-video-preview":"max-video-preview:-1"},"canonical":"https:\/\/www.ing.uc.cl\/industrial-y-sistemas\/2019\/08\/14\/profesor-enzo-sauma-lidera-uno-de-los-cinco-proyectos-fondef-adjudicados-a-la-uc\/","og_locale":"es_ES","og_type":"article","og_title":"Profesor Enzo Sauma lidera uno de los cinco proyectos Fondef adjudicados a la UC - Departamento de Ingenier\u00eda Industrial y de Sistemas","og_description":"Con gran alegr\u00eda informamos que el profesor Enzo Sauma junto a un equipo de investigadores se ha adjudicado el Concurso IDeA i+D 2019 (Fondef) de Conicyt, con el proyecto","og_url":"https:\/\/www.ing.uc.cl\/industrial-y-sistemas\/2019\/08\/14\/profesor-enzo-sauma-lidera-uno-de-los-cinco-proyectos-fondef-adjudicados-a-la-uc\/","og_site_name":"Departamento de Ingenier\u00eda Industrial y de Sistemas","article_published_time":"2019-08-14T14:33:57+00:00","og_image":[{"width":2560,"height":1707,"url":"https:\/\/www.ing.uc.cl\/industrial-y-sistemas\/wp-content\/uploads\/2022\/10\/enzo-sauma20220427_-1-scaled-1.jpg","type":"image\/jpeg"}],"author":"Francisco H","twitter_card":"summary_large_image","twitter_misc":{"Escrito por":"Francisco H","Tiempo estimado de lectura":"3 minutos"},"schema":{"@context":"https:\/\/schema.org","@graph":[{"@type":"Article","@id":"https:\/\/www.ing.uc.cl\/industrial-y-sistemas\/2019\/08\/14\/profesor-enzo-sauma-lidera-uno-de-los-cinco-proyectos-fondef-adjudicados-a-la-uc\/#article","isPartOf":{"@id":"https:\/\/www.ing.uc.cl\/industrial-y-sistemas\/2019\/08\/14\/profesor-enzo-sauma-lidera-uno-de-los-cinco-proyectos-fondef-adjudicados-a-la-uc\/"},"author":{"name":"Francisco H","@id":"https:\/\/www.ing.uc.cl\/industrial-y-sistemas\/#\/schema\/person\/721a1ef791962c4167b0dad3ee596283"},"headline":"Profesor Enzo Sauma lidera uno de los cinco proyectos Fondef adjudicados a la UC","datePublished":"2019-08-14T14:33:57+00:00","mainEntityOfPage":{"@id":"https:\/\/www.ing.uc.cl\/industrial-y-sistemas\/2019\/08\/14\/profesor-enzo-sauma-lidera-uno-de-los-cinco-proyectos-fondef-adjudicados-a-la-uc\/"},"wordCount":574,"publisher":{"@id":"https:\/\/www.ing.uc.cl\/industrial-y-sistemas\/#organization"},"image":{"@id":"https:\/\/www.ing.uc.cl\/industrial-y-sistemas\/2019\/08\/14\/profesor-enzo-sauma-lidera-uno-de-los-cinco-proyectos-fondef-adjudicados-a-la-uc\/#primaryimage"},"thumbnailUrl":"https:\/\/www.ing.uc.cl\/industrial-y-sistemas\/wp-content\/uploads\/2022\/10\/enzo-sauma20220427_-1-scaled-1.jpg","inLanguage":"es-CL"},{"@type":"WebPage","@id":"https:\/\/www.ing.uc.cl\/industrial-y-sistemas\/2019\/08\/14\/profesor-enzo-sauma-lidera-uno-de-los-cinco-proyectos-fondef-adjudicados-a-la-uc\/","url":"https:\/\/www.ing.uc.cl\/industrial-y-sistemas\/2019\/08\/14\/profesor-enzo-sauma-lidera-uno-de-los-cinco-proyectos-fondef-adjudicados-a-la-uc\/","name":"Profesor Enzo Sauma lidera uno de los cinco proyectos Fondef adjudicados a la UC - Departamento de Ingenier\u00eda Industrial y de Sistemas","isPartOf":{"@id":"https:\/\/www.ing.uc.cl\/industrial-y-sistemas\/#website"},"primaryImageOfPage":{"@id":"https:\/\/www.ing.uc.cl\/industrial-y-sistemas\/2019\/08\/14\/profesor-enzo-sauma-lidera-uno-de-los-cinco-proyectos-fondef-adjudicados-a-la-uc\/#primaryimage"},"image":{"@id":"https:\/\/www.ing.uc.cl\/industrial-y-sistemas\/2019\/08\/14\/profesor-enzo-sauma-lidera-uno-de-los-cinco-proyectos-fondef-adjudicados-a-la-uc\/#primaryimage"},"thumbnailUrl":"https:\/\/www.ing.uc.cl\/industrial-y-sistemas\/wp-content\/uploads\/2022\/10\/enzo-sauma20220427_-1-scaled-1.jpg","datePublished":"2019-08-14T14:33:57+00:00","breadcrumb":{"@id":"https:\/\/www.ing.uc.cl\/industrial-y-sistemas\/2019\/08\/14\/profesor-enzo-sauma-lidera-uno-de-los-cinco-proyectos-fondef-adjudicados-a-la-uc\/#breadcrumb"},"inLanguage":"es-CL","potentialAction":[{"@type":"ReadAction","target":["https:\/\/www.ing.uc.cl\/industrial-y-sistemas\/2019\/08\/14\/profesor-enzo-sauma-lidera-uno-de-los-cinco-proyectos-fondef-adjudicados-a-la-uc\/"]}]},{"@type":"ImageObject","inLanguage":"es-CL","@id":"https:\/\/www.ing.uc.cl\/industrial-y-sistemas\/2019\/08\/14\/profesor-enzo-sauma-lidera-uno-de-los-cinco-proyectos-fondef-adjudicados-a-la-uc\/#primaryimage","url":"https:\/\/www.ing.uc.cl\/industrial-y-sistemas\/wp-content\/uploads\/2022\/10\/enzo-sauma20220427_-1-scaled-1.jpg","contentUrl":"https:\/\/www.ing.uc.cl\/industrial-y-sistemas\/wp-content\/uploads\/2022\/10\/enzo-sauma20220427_-1-scaled-1.jpg","width":2560,"height":1707},{"@type":"BreadcrumbList","@id":"https:\/\/www.ing.uc.cl\/industrial-y-sistemas\/2019\/08\/14\/profesor-enzo-sauma-lidera-uno-de-los-cinco-proyectos-fondef-adjudicados-a-la-uc\/#breadcrumb","itemListElement":[{"@type":"ListItem","position":1,"name":"Portada","item":"https:\/\/www.ing.uc.cl\/industrial-y-sistemas\/"},{"@type":"ListItem","position":2,"name":"Profesor Enzo Sauma lidera uno de los cinco proyectos Fondef adjudicados a la UC"}]},{"@type":"WebSite","@id":"https:\/\/www.ing.uc.cl\/industrial-y-sistemas\/#website","url":"https:\/\/www.ing.uc.cl\/industrial-y-sistemas\/","name":"Departamento de Ingenier\u00eda Industrial y de Sistemas","description":"Escuela de Ingenier\u00eda","publisher":{"@id":"https:\/\/www.ing.uc.cl\/industrial-y-sistemas\/#organization"},"potentialAction":[{"@type":"SearchAction","target":{"@type":"EntryPoint","urlTemplate":"https:\/\/www.ing.uc.cl\/industrial-y-sistemas\/?s={search_term_string}"},"query-input":{"@type":"PropertyValueSpecification","valueRequired":true,"valueName":"search_term_string"}}],"inLanguage":"es-CL"},{"@type":"Organization","@id":"https:\/\/www.ing.uc.cl\/industrial-y-sistemas\/#organization","name":"Departamento de Ingenier\u00eda Industrial y de Sistemas","url":"https:\/\/www.ing.uc.cl\/industrial-y-sistemas\/","logo":{"@type":"ImageObject","inLanguage":"es-CL","@id":"https:\/\/www.ing.uc.cl\/industrial-y-sistemas\/#\/schema\/logo\/image\/","url":"https:\/\/www.ing.uc.cl\/industrial-y-sistemas\/wp-content\/uploads\/2023\/11\/cropped-UC-P2727-01.png","contentUrl":"https:\/\/www.ing.uc.cl\/industrial-y-sistemas\/wp-content\/uploads\/2023\/11\/cropped-UC-P2727-01.png","width":307,"height":414,"caption":"Departamento de Ingenier\u00eda Industrial y de Sistemas"},"image":{"@id":"https:\/\/www.ing.uc.cl\/industrial-y-sistemas\/#\/schema\/logo\/image\/"}},{"@type":"Person","@id":"https:\/\/www.ing.uc.cl\/industrial-y-sistemas\/#\/schema\/person\/721a1ef791962c4167b0dad3ee596283","name":"Francisco H","image":{"@type":"ImageObject","inLanguage":"es-CL","@id":"https:\/\/www.ing.uc.cl\/industrial-y-sistemas\/#\/schema\/person\/image\/","url":"https:\/\/secure.gravatar.com\/avatar\/63233762875caf7cb464abb0c994788b36bb5a903f4b5e6d958a14f57c41e047?s=96&d=mm&r=g","contentUrl":"https:\/\/secure.gravatar.com\/avatar\/63233762875caf7cb464abb0c994788b36bb5a903f4b5e6d958a14f57c41e047?s=96&d=mm&r=g","caption":"Francisco H"},"url":"https:\/\/www.ing.uc.cl\/industrial-y-sistemas\/author\/fherreros\/"}]}},"rttpg_featured_image_url":{"full":["https:\/\/www.ing.uc.cl\/industrial-y-sistemas\/wp-content\/uploads\/2022\/10\/enzo-sauma20220427_-1-scaled-1.jpg",2560,1707,false],"landscape":["https:\/\/www.ing.uc.cl\/industrial-y-sistemas\/wp-content\/uploads\/2022\/10\/enzo-sauma20220427_-1-scaled-1.jpg",2560,1707,false],"portraits":["https:\/\/www.ing.uc.cl\/industrial-y-sistemas\/wp-content\/uploads\/2022\/10\/enzo-sauma20220427_-1-scaled-1.jpg",2560,1707,false],"thumbnail":["https:\/\/www.ing.uc.cl\/industrial-y-sistemas\/wp-content\/uploads\/2022\/10\/enzo-sauma20220427_-1-scaled-1-150x150.jpg",150,150,true],"medium":["https:\/\/www.ing.uc.cl\/industrial-y-sistemas\/wp-content\/uploads\/2022\/10\/enzo-sauma20220427_-1-scaled-1-300x200.jpg",300,200,true],"large":["https:\/\/www.ing.uc.cl\/industrial-y-sistemas\/wp-content\/uploads\/2022\/10\/enzo-sauma20220427_-1-scaled-1-1024x683.jpg",1024,683,true],"1536x1536":["https:\/\/www.ing.uc.cl\/industrial-y-sistemas\/wp-content\/uploads\/2022\/10\/enzo-sauma20220427_-1-scaled-1-1536x1024.jpg",1536,1024,true],"2048x2048":["https:\/\/www.ing.uc.cl\/industrial-y-sistemas\/wp-content\/uploads\/2022\/10\/enzo-sauma20220427_-1-scaled-1-2048x1366.jpg",2048,1366,true],"sow-carousel-default":["https:\/\/www.ing.uc.cl\/industrial-y-sistemas\/wp-content\/uploads\/2022\/10\/enzo-sauma20220427_-1-scaled-1-272x182.jpg",272,182,true]},"rttpg_author":{"display_name":"Francisco H","author_link":"https:\/\/www.ing.uc.cl\/industrial-y-sistemas\/author\/fherreros\/"},"rttpg_comment":0,"rttpg_category":"<a href=\"https:\/\/www.ing.uc.cl\/industrial-y-sistemas\/category\/sin-categoria\/\" rel=\"category tag\">Sin categor\u00eda<\/a>","rttpg_excerpt":"Con gran alegr\u00eda informamos que el profesor Enzo Sauma junto a un equipo de investigadores se ha adjudicado el Concurso IDeA i+D 2019 (Fondef) de Conicyt, con el proyecto","_links":{"self":[{"href":"https:\/\/www.ing.uc.cl\/industrial-y-sistemas\/wp-json\/wp\/v2\/posts\/3967","targetHints":{"allow":["GET"]}}],"collection":[{"href":"https:\/\/www.ing.uc.cl\/industrial-y-sistemas\/wp-json\/wp\/v2\/posts"}],"about":[{"href":"https:\/\/www.ing.uc.cl\/industrial-y-sistemas\/wp-json\/wp\/v2\/types\/post"}],"author":[{"embeddable":true,"href":"https:\/\/www.ing.uc.cl\/industrial-y-sistemas\/wp-json\/wp\/v2\/users\/4"}],"replies":[{"embeddable":true,"href":"https:\/\/www.ing.uc.cl\/industrial-y-sistemas\/wp-json\/wp\/v2\/comments?post=3967"}],"version-history":[{"count":0,"href":"https:\/\/www.ing.uc.cl\/industrial-y-sistemas\/wp-json\/wp\/v2\/posts\/3967\/revisions"}],"wp:featuredmedia":[{"embeddable":true,"href":"https:\/\/www.ing.uc.cl\/industrial-y-sistemas\/wp-json\/wp\/v2\/media\/353901"}],"wp:attachment":[{"href":"https:\/\/www.ing.uc.cl\/industrial-y-sistemas\/wp-json\/wp\/v2\/media?parent=3967"}],"wp:term":[{"taxonomy":"category","embeddable":true,"href":"https:\/\/www.ing.uc.cl\/industrial-y-sistemas\/wp-json\/wp\/v2\/categories?post=3967"},{"taxonomy":"post_tag","embeddable":true,"href":"https:\/\/www.ing.uc.cl\/industrial-y-sistemas\/wp-json\/wp\/v2\/tags?post=3967"}],"curies":[{"name":"wp","href":"https:\/\/api.w.org\/{rel}","templated":true}]}}