{"id":4641,"date":"2022-05-24T14:35:51","date_gmt":"2022-05-24T14:35:51","guid":{"rendered":"https:\/\/www.ing.uc.cl\/industrial-y-sistemas\/?p=4641"},"modified":"2022-05-24T14:35:51","modified_gmt":"2022-05-24T14:35:51","slug":"5g-y-la-transformacion-digital-brechas-en-el-uso-e-incorporacion-en-empresas-y-usuarios","status":"publish","type":"post","link":"https:\/\/www.ing.uc.cl\/industrial-y-sistemas\/2022\/05\/24\/5g-y-la-transformacion-digital-brechas-en-el-uso-e-incorporacion-en-empresas-y-usuarios\/","title":{"rendered":"5G y la transformaci\u00f3n digital: Brechas en el uso e incorporaci\u00f3n en empresas y usuarios"},"content":{"rendered":"<div>En carta a la directora de Diario Financiero, nuestra profesora, Carolina Mart\u00ednez, expresa sus preocupaciones en la integraci\u00f3n y asimilaci\u00f3n del 5G y sus aplicaciones, tanto para las empresas como para los consumidores.<\/div>\n<div>\n<p><strong>Se\u00f1ora Directora<\/strong><\/p>\n<p>En DF le\u00ed que Entel ha avanzado 60% en su red 5G. Esta tecnolog\u00eda sostiene experiencias como la realidad virtual, el metaverso, la rob\u00f3tica y la inteligencia artificial. Las campa\u00f1as podr\u00e1n utilizar esta red para tener una relaci\u00f3n en tiempo real con sus clientes; potenciar\u00e1 el B2B; traer\u00e1 cambios impensados en materia productiva, pero tambi\u00e9n ampliar\u00e1 la distancia entre aquellas compa\u00f1\u00edas que aceleren su transformaci\u00f3n digital y las que se queden atr\u00e1s.<\/p>\n<p>Sin duda, amplios y diversos desaf\u00edos. Pero de nada servir\u00e1 esta gran transformaci\u00f3n si las empresas no son capaces de conocer al consumidor en este nuevo ecosistema. Ser\u00e1 clave, entonces, generar insights que permitan predecir si la introducci\u00f3n de determinadas tecnolog\u00edas inteligentes tendr\u00e1 \u00e9xito o fracasar\u00e1n en el camino. Indagan en los motivos y factores que podr\u00edan generar &#8220;resistencia&#8221; de parte de los consumidores\/usuarios hacia ciertas tecnolog\u00edas y si efectivamente generar\u00e1n confianza; de lo contrario, el tan esperado 5G, no generar\u00e1 el efecto esperado.<\/p>\n<p><strong>Carolina Mart\u00ednez<\/strong><\/p>\n<p>Profesora del Dpto. Ingenier\u00eda Industrial y de Sistemas UC y de Clase Ejecutiva.<\/p>\n<p>Fuente: https:<a href=\"https:\/\/www.df.cl\/opinion\/cartas\/5g-y-la-transformacion-digital\">https:\/\/www.df.cl\/opinion\/cartas\/5g-y-la-transformacion-digital<\/a><\/p>\n<p>&nbsp;<\/p>\n<\/div>\n","protected":false},"excerpt":{"rendered":"<p>En carta a la directora de Diario Financiero, nuestra profesora, Carolina Mart\u00ednez, expresa sus preocupaciones en la integraci\u00f3n y asimilaci\u00f3n del 5G y sus aplicaciones, tanto para las empresas como para los consumidores. Se\u00f1ora Directora En DF le\u00ed que Entel ha avanzado 60% en su red 5G. Esta tecnolog\u00eda sostiene experiencias como la realidad virtual, el metaverso, la rob\u00f3tica y la inteligencia artificial. Las campa\u00f1as podr\u00e1n utilizar esta red para tener una relaci\u00f3n en tiempo real con sus clientes; potenciar\u00e1 el B2B; traer\u00e1 cambios impensados en materia productiva, pero tambi\u00e9n ampliar\u00e1 la distancia entre aquellas compa\u00f1\u00edas que aceleren su transformaci\u00f3n digital y las que se queden atr\u00e1s. Sin duda, amplios y diversos desaf\u00edos. Pero de nada servir\u00e1 esta gran transformaci\u00f3n si las empresas no son capaces de conocer al consumidor en este nuevo ecosistema. Ser\u00e1 clave, entonces, generar insights que permitan predecir si la introducci\u00f3n de determinadas tecnolog\u00edas inteligentes tendr\u00e1 \u00e9xito o fracasar\u00e1n en el camino. Indagan en los motivos y factores que podr\u00edan generar &#8220;resistencia&#8221; de parte de los consumidores\/usuarios hacia ciertas tecnolog\u00edas y si efectivamente generar\u00e1n confianza; de lo contrario, el tan esperado 5G, no generar\u00e1 el efecto esperado. Carolina Mart\u00ednez Profesora del Dpto. Ingenier\u00eda Industrial y de Sistemas UC y de Clase Ejecutiva. Fuente: https:https:\/\/www.df.cl\/opinion\/cartas\/5g-y-la-transformacion-digital &nbsp;<\/p>\n","protected":false},"author":4,"featured_media":0,"comment_status":"closed","ping_status":"closed","sticky":false,"template":"","format":"standard","meta":{"site-sidebar-layout":"default","site-content-layout":"","ast-site-content-layout":"default","site-content-style":"default","site-sidebar-style":"default","ast-global-header-display":"","ast-banner-title-visibility":"","ast-main-header-display":"","ast-hfb-above-header-display":"","ast-hfb-below-header-display":"","ast-hfb-mobile-header-display":"","site-post-title":"","ast-breadcrumbs-content":"","ast-featured-img":"","footer-sml-layout":"","ast-disable-related-posts":"","theme-transparent-header-meta":"","adv-header-id-meta":"","stick-header-meta":"","header-above-stick-meta":"","header-main-stick-meta":"","header-below-stick-meta":"","astra-migrate-meta-layouts":"default","ast-page-background-enabled":"default","ast-page-background-meta":{"desktop":{"background-color":"","background-image":"","background-repeat":"repeat","background-position":"center center","background-size":"auto","background-attachment":"scroll","background-type":"","background-media":"","overlay-type":"","overlay-color":"","overlay-opacity":"","overlay-gradient":""},"tablet":{"background-color":"","background-image":"","background-repeat":"repeat","background-position":"center center","background-size":"auto","background-attachment":"scroll","background-type":"","background-media":"","overlay-type":"","overlay-color":"","overlay-opacity":"","overlay-gradient":""},"mobile":{"background-color":"","background-image":"","background-repeat":"repeat","background-position":"center center","background-size":"auto","background-attachment":"scroll","background-type":"","background-media":"","overlay-type":"","overlay-color":"","overlay-opacity":"","overlay-gradient":""}},"ast-content-background-meta":{"desktop":{"background-color":"var(--ast-global-color-5)","background-image":"","background-repeat":"repeat","background-position":"center center","background-size":"auto","background-attachment":"scroll","background-type":"","background-media":"","overlay-type":"","overlay-color":"","overlay-opacity":"","overlay-gradient":""},"tablet":{"background-color":"var(--ast-global-color-5)","background-image":"","background-repeat":"repeat","background-position":"center center","background-size":"auto","background-attachment":"scroll","background-type":"","background-media":"","overlay-type":"","overlay-color":"","overlay-opacity":"","overlay-gradient":""},"mobile":{"background-color":"var(--ast-global-color-5)","background-image":"","background-repeat":"repeat","background-position":"center center","background-size":"auto","background-attachment":"scroll","background-type":"","background-media":"","overlay-type":"","overlay-color":"","overlay-opacity":"","overlay-gradient":""}},"footnotes":""},"categories":[1],"tags":[],"class_list":["post-4641","post","type-post","status-publish","format-standard","hentry","category-sin-categoria"],"yoast_head":"<!-- This site is optimized with the Yoast SEO plugin v26.9 - https:\/\/yoast.com\/product\/yoast-seo-wordpress\/ -->\n<title>5G y la transformaci\u00f3n digital: Brechas en el uso e incorporaci\u00f3n en empresas y usuarios - Departamento de Ingenier\u00eda Industrial y de Sistemas<\/title>\n<meta name=\"robots\" content=\"index, follow, max-snippet:-1, max-image-preview:large, max-video-preview:-1\" \/>\n<link rel=\"canonical\" href=\"https:\/\/www.ing.uc.cl\/industrial-y-sistemas\/2022\/05\/24\/5g-y-la-transformacion-digital-brechas-en-el-uso-e-incorporacion-en-empresas-y-usuarios\/\" \/>\n<meta property=\"og:locale\" content=\"es_ES\" \/>\n<meta property=\"og:type\" content=\"article\" \/>\n<meta property=\"og:title\" content=\"5G y la transformaci\u00f3n digital: Brechas en el uso e incorporaci\u00f3n en empresas y usuarios - Departamento de Ingenier\u00eda Industrial y de Sistemas\" \/>\n<meta property=\"og:description\" content=\"En carta a la directora de Diario Financiero, nuestra profesora, Carolina Mart\u00ednez, expresa sus preocupaciones en la integraci\u00f3n y asimilaci\u00f3n del 5G y sus aplicaciones, tanto para las empresas como para los consumidores. Se\u00f1ora Directora En DF le\u00ed que Entel ha avanzado 60% en su red 5G. Esta tecnolog\u00eda sostiene experiencias como la realidad virtual, el metaverso, la rob\u00f3tica y la inteligencia artificial. Las campa\u00f1as podr\u00e1n utilizar esta red para tener una relaci\u00f3n en tiempo real con sus clientes; potenciar\u00e1 el B2B; traer\u00e1 cambios impensados en materia productiva, pero tambi\u00e9n ampliar\u00e1 la distancia entre aquellas compa\u00f1\u00edas que aceleren su transformaci\u00f3n digital y las que se queden atr\u00e1s. Sin duda, amplios y diversos desaf\u00edos. Pero de nada servir\u00e1 esta gran transformaci\u00f3n si las empresas no son capaces de conocer al consumidor en este nuevo ecosistema. Ser\u00e1 clave, entonces, generar insights que permitan predecir si la introducci\u00f3n de determinadas tecnolog\u00edas inteligentes tendr\u00e1 \u00e9xito o fracasar\u00e1n en el camino. Indagan en los motivos y factores que podr\u00edan generar &#8220;resistencia&#8221; de parte de los consumidores\/usuarios hacia ciertas tecnolog\u00edas y si efectivamente generar\u00e1n confianza; de lo contrario, el tan esperado 5G, no generar\u00e1 el efecto esperado. Carolina Mart\u00ednez Profesora del Dpto. Ingenier\u00eda Industrial y de Sistemas UC y de Clase Ejecutiva. Fuente: https:https:\/\/www.df.cl\/opinion\/cartas\/5g-y-la-transformacion-digital &nbsp;\" \/>\n<meta property=\"og:url\" content=\"https:\/\/www.ing.uc.cl\/industrial-y-sistemas\/2022\/05\/24\/5g-y-la-transformacion-digital-brechas-en-el-uso-e-incorporacion-en-empresas-y-usuarios\/\" \/>\n<meta property=\"og:site_name\" content=\"Departamento de Ingenier\u00eda Industrial y de Sistemas\" \/>\n<meta property=\"article:published_time\" content=\"2022-05-24T14:35:51+00:00\" \/>\n<meta name=\"author\" content=\"Francisco H\" \/>\n<meta name=\"twitter:card\" content=\"summary_large_image\" \/>\n<meta name=\"twitter:label1\" content=\"Escrito por\" \/>\n\t<meta name=\"twitter:data1\" content=\"Francisco H\" \/>\n\t<meta name=\"twitter:label2\" content=\"Tiempo estimado de lectura\" \/>\n\t<meta name=\"twitter:data2\" content=\"1 minuto\" \/>\n<script type=\"application\/ld+json\" class=\"yoast-schema-graph\">{\"@context\":\"https:\/\/schema.org\",\"@graph\":[{\"@type\":\"Article\",\"@id\":\"https:\/\/www.ing.uc.cl\/industrial-y-sistemas\/2022\/05\/24\/5g-y-la-transformacion-digital-brechas-en-el-uso-e-incorporacion-en-empresas-y-usuarios\/#article\",\"isPartOf\":{\"@id\":\"https:\/\/www.ing.uc.cl\/industrial-y-sistemas\/2022\/05\/24\/5g-y-la-transformacion-digital-brechas-en-el-uso-e-incorporacion-en-empresas-y-usuarios\/\"},\"author\":{\"name\":\"Francisco H\",\"@id\":\"https:\/\/www.ing.uc.cl\/industrial-y-sistemas\/#\/schema\/person\/721a1ef791962c4167b0dad3ee596283\"},\"headline\":\"5G y la transformaci\u00f3n digital: Brechas en el uso e incorporaci\u00f3n en empresas y usuarios\",\"datePublished\":\"2022-05-24T14:35:51+00:00\",\"mainEntityOfPage\":{\"@id\":\"https:\/\/www.ing.uc.cl\/industrial-y-sistemas\/2022\/05\/24\/5g-y-la-transformacion-digital-brechas-en-el-uso-e-incorporacion-en-empresas-y-usuarios\/\"},\"wordCount\":257,\"publisher\":{\"@id\":\"https:\/\/www.ing.uc.cl\/industrial-y-sistemas\/#organization\"},\"inLanguage\":\"es-CL\"},{\"@type\":\"WebPage\",\"@id\":\"https:\/\/www.ing.uc.cl\/industrial-y-sistemas\/2022\/05\/24\/5g-y-la-transformacion-digital-brechas-en-el-uso-e-incorporacion-en-empresas-y-usuarios\/\",\"url\":\"https:\/\/www.ing.uc.cl\/industrial-y-sistemas\/2022\/05\/24\/5g-y-la-transformacion-digital-brechas-en-el-uso-e-incorporacion-en-empresas-y-usuarios\/\",\"name\":\"5G y la transformaci\u00f3n digital: Brechas en el uso e incorporaci\u00f3n en empresas y usuarios - Departamento de Ingenier\u00eda Industrial y de Sistemas\",\"isPartOf\":{\"@id\":\"https:\/\/www.ing.uc.cl\/industrial-y-sistemas\/#website\"},\"datePublished\":\"2022-05-24T14:35:51+00:00\",\"breadcrumb\":{\"@id\":\"https:\/\/www.ing.uc.cl\/industrial-y-sistemas\/2022\/05\/24\/5g-y-la-transformacion-digital-brechas-en-el-uso-e-incorporacion-en-empresas-y-usuarios\/#breadcrumb\"},\"inLanguage\":\"es-CL\",\"potentialAction\":[{\"@type\":\"ReadAction\",\"target\":[\"https:\/\/www.ing.uc.cl\/industrial-y-sistemas\/2022\/05\/24\/5g-y-la-transformacion-digital-brechas-en-el-uso-e-incorporacion-en-empresas-y-usuarios\/\"]}]},{\"@type\":\"BreadcrumbList\",\"@id\":\"https:\/\/www.ing.uc.cl\/industrial-y-sistemas\/2022\/05\/24\/5g-y-la-transformacion-digital-brechas-en-el-uso-e-incorporacion-en-empresas-y-usuarios\/#breadcrumb\",\"itemListElement\":[{\"@type\":\"ListItem\",\"position\":1,\"name\":\"Portada\",\"item\":\"https:\/\/www.ing.uc.cl\/industrial-y-sistemas\/\"},{\"@type\":\"ListItem\",\"position\":2,\"name\":\"5G y la transformaci\u00f3n digital: Brechas en el uso e incorporaci\u00f3n en empresas y usuarios\"}]},{\"@type\":\"WebSite\",\"@id\":\"https:\/\/www.ing.uc.cl\/industrial-y-sistemas\/#website\",\"url\":\"https:\/\/www.ing.uc.cl\/industrial-y-sistemas\/\",\"name\":\"Departamento de Ingenier\u00eda Industrial y de Sistemas\",\"description\":\"Escuela de Ingenier\u00eda\",\"publisher\":{\"@id\":\"https:\/\/www.ing.uc.cl\/industrial-y-sistemas\/#organization\"},\"potentialAction\":[{\"@type\":\"SearchAction\",\"target\":{\"@type\":\"EntryPoint\",\"urlTemplate\":\"https:\/\/www.ing.uc.cl\/industrial-y-sistemas\/?s={search_term_string}\"},\"query-input\":{\"@type\":\"PropertyValueSpecification\",\"valueRequired\":true,\"valueName\":\"search_term_string\"}}],\"inLanguage\":\"es-CL\"},{\"@type\":\"Organization\",\"@id\":\"https:\/\/www.ing.uc.cl\/industrial-y-sistemas\/#organization\",\"name\":\"Departamento de Ingenier\u00eda Industrial y de Sistemas\",\"url\":\"https:\/\/www.ing.uc.cl\/industrial-y-sistemas\/\",\"logo\":{\"@type\":\"ImageObject\",\"inLanguage\":\"es-CL\",\"@id\":\"https:\/\/www.ing.uc.cl\/industrial-y-sistemas\/#\/schema\/logo\/image\/\",\"url\":\"https:\/\/www.ing.uc.cl\/industrial-y-sistemas\/wp-content\/uploads\/2023\/11\/cropped-UC-P2727-01.png\",\"contentUrl\":\"https:\/\/www.ing.uc.cl\/industrial-y-sistemas\/wp-content\/uploads\/2023\/11\/cropped-UC-P2727-01.png\",\"width\":307,\"height\":414,\"caption\":\"Departamento de Ingenier\u00eda Industrial y de Sistemas\"},\"image\":{\"@id\":\"https:\/\/www.ing.uc.cl\/industrial-y-sistemas\/#\/schema\/logo\/image\/\"}},{\"@type\":\"Person\",\"@id\":\"https:\/\/www.ing.uc.cl\/industrial-y-sistemas\/#\/schema\/person\/721a1ef791962c4167b0dad3ee596283\",\"name\":\"Francisco H\",\"image\":{\"@type\":\"ImageObject\",\"inLanguage\":\"es-CL\",\"@id\":\"https:\/\/www.ing.uc.cl\/industrial-y-sistemas\/#\/schema\/person\/image\/\",\"url\":\"https:\/\/secure.gravatar.com\/avatar\/63233762875caf7cb464abb0c994788b36bb5a903f4b5e6d958a14f57c41e047?s=96&d=mm&r=g\",\"contentUrl\":\"https:\/\/secure.gravatar.com\/avatar\/63233762875caf7cb464abb0c994788b36bb5a903f4b5e6d958a14f57c41e047?s=96&d=mm&r=g\",\"caption\":\"Francisco H\"},\"url\":\"https:\/\/www.ing.uc.cl\/industrial-y-sistemas\/author\/fherreros\/\"}]}<\/script>\n<!-- \/ Yoast SEO plugin. -->","yoast_head_json":{"title":"5G y la transformaci\u00f3n digital: Brechas en el uso e incorporaci\u00f3n en empresas y usuarios - Departamento de Ingenier\u00eda Industrial y de Sistemas","robots":{"index":"index","follow":"follow","max-snippet":"max-snippet:-1","max-image-preview":"max-image-preview:large","max-video-preview":"max-video-preview:-1"},"canonical":"https:\/\/www.ing.uc.cl\/industrial-y-sistemas\/2022\/05\/24\/5g-y-la-transformacion-digital-brechas-en-el-uso-e-incorporacion-en-empresas-y-usuarios\/","og_locale":"es_ES","og_type":"article","og_title":"5G y la transformaci\u00f3n digital: Brechas en el uso e incorporaci\u00f3n en empresas y usuarios - Departamento de Ingenier\u00eda Industrial y de Sistemas","og_description":"En carta a la directora de Diario Financiero, nuestra profesora, Carolina Mart\u00ednez, expresa sus preocupaciones en la integraci\u00f3n y asimilaci\u00f3n del 5G y sus aplicaciones, tanto para las empresas como para los consumidores. Se\u00f1ora Directora En DF le\u00ed que Entel ha avanzado 60% en su red 5G. Esta tecnolog\u00eda sostiene experiencias como la realidad virtual, el metaverso, la rob\u00f3tica y la inteligencia artificial. Las campa\u00f1as podr\u00e1n utilizar esta red para tener una relaci\u00f3n en tiempo real con sus clientes; potenciar\u00e1 el B2B; traer\u00e1 cambios impensados en materia productiva, pero tambi\u00e9n ampliar\u00e1 la distancia entre aquellas compa\u00f1\u00edas que aceleren su transformaci\u00f3n digital y las que se queden atr\u00e1s. Sin duda, amplios y diversos desaf\u00edos. Pero de nada servir\u00e1 esta gran transformaci\u00f3n si las empresas no son capaces de conocer al consumidor en este nuevo ecosistema. Ser\u00e1 clave, entonces, generar insights que permitan predecir si la introducci\u00f3n de determinadas tecnolog\u00edas inteligentes tendr\u00e1 \u00e9xito o fracasar\u00e1n en el camino. Indagan en los motivos y factores que podr\u00edan generar &#8220;resistencia&#8221; de parte de los consumidores\/usuarios hacia ciertas tecnolog\u00edas y si efectivamente generar\u00e1n confianza; de lo contrario, el tan esperado 5G, no generar\u00e1 el efecto esperado. Carolina Mart\u00ednez Profesora del Dpto. Ingenier\u00eda Industrial y de Sistemas UC y de Clase Ejecutiva. Fuente: https:https:\/\/www.df.cl\/opinion\/cartas\/5g-y-la-transformacion-digital &nbsp;","og_url":"https:\/\/www.ing.uc.cl\/industrial-y-sistemas\/2022\/05\/24\/5g-y-la-transformacion-digital-brechas-en-el-uso-e-incorporacion-en-empresas-y-usuarios\/","og_site_name":"Departamento de Ingenier\u00eda Industrial y de Sistemas","article_published_time":"2022-05-24T14:35:51+00:00","author":"Francisco H","twitter_card":"summary_large_image","twitter_misc":{"Escrito por":"Francisco H","Tiempo estimado de lectura":"1 minuto"},"schema":{"@context":"https:\/\/schema.org","@graph":[{"@type":"Article","@id":"https:\/\/www.ing.uc.cl\/industrial-y-sistemas\/2022\/05\/24\/5g-y-la-transformacion-digital-brechas-en-el-uso-e-incorporacion-en-empresas-y-usuarios\/#article","isPartOf":{"@id":"https:\/\/www.ing.uc.cl\/industrial-y-sistemas\/2022\/05\/24\/5g-y-la-transformacion-digital-brechas-en-el-uso-e-incorporacion-en-empresas-y-usuarios\/"},"author":{"name":"Francisco H","@id":"https:\/\/www.ing.uc.cl\/industrial-y-sistemas\/#\/schema\/person\/721a1ef791962c4167b0dad3ee596283"},"headline":"5G y la transformaci\u00f3n digital: Brechas en el uso e incorporaci\u00f3n en empresas y usuarios","datePublished":"2022-05-24T14:35:51+00:00","mainEntityOfPage":{"@id":"https:\/\/www.ing.uc.cl\/industrial-y-sistemas\/2022\/05\/24\/5g-y-la-transformacion-digital-brechas-en-el-uso-e-incorporacion-en-empresas-y-usuarios\/"},"wordCount":257,"publisher":{"@id":"https:\/\/www.ing.uc.cl\/industrial-y-sistemas\/#organization"},"inLanguage":"es-CL"},{"@type":"WebPage","@id":"https:\/\/www.ing.uc.cl\/industrial-y-sistemas\/2022\/05\/24\/5g-y-la-transformacion-digital-brechas-en-el-uso-e-incorporacion-en-empresas-y-usuarios\/","url":"https:\/\/www.ing.uc.cl\/industrial-y-sistemas\/2022\/05\/24\/5g-y-la-transformacion-digital-brechas-en-el-uso-e-incorporacion-en-empresas-y-usuarios\/","name":"5G y la transformaci\u00f3n digital: Brechas en el uso e incorporaci\u00f3n en empresas y usuarios - Departamento de Ingenier\u00eda Industrial y de Sistemas","isPartOf":{"@id":"https:\/\/www.ing.uc.cl\/industrial-y-sistemas\/#website"},"datePublished":"2022-05-24T14:35:51+00:00","breadcrumb":{"@id":"https:\/\/www.ing.uc.cl\/industrial-y-sistemas\/2022\/05\/24\/5g-y-la-transformacion-digital-brechas-en-el-uso-e-incorporacion-en-empresas-y-usuarios\/#breadcrumb"},"inLanguage":"es-CL","potentialAction":[{"@type":"ReadAction","target":["https:\/\/www.ing.uc.cl\/industrial-y-sistemas\/2022\/05\/24\/5g-y-la-transformacion-digital-brechas-en-el-uso-e-incorporacion-en-empresas-y-usuarios\/"]}]},{"@type":"BreadcrumbList","@id":"https:\/\/www.ing.uc.cl\/industrial-y-sistemas\/2022\/05\/24\/5g-y-la-transformacion-digital-brechas-en-el-uso-e-incorporacion-en-empresas-y-usuarios\/#breadcrumb","itemListElement":[{"@type":"ListItem","position":1,"name":"Portada","item":"https:\/\/www.ing.uc.cl\/industrial-y-sistemas\/"},{"@type":"ListItem","position":2,"name":"5G y la transformaci\u00f3n digital: Brechas en el uso e incorporaci\u00f3n en empresas y usuarios"}]},{"@type":"WebSite","@id":"https:\/\/www.ing.uc.cl\/industrial-y-sistemas\/#website","url":"https:\/\/www.ing.uc.cl\/industrial-y-sistemas\/","name":"Departamento de Ingenier\u00eda Industrial y de Sistemas","description":"Escuela de Ingenier\u00eda","publisher":{"@id":"https:\/\/www.ing.uc.cl\/industrial-y-sistemas\/#organization"},"potentialAction":[{"@type":"SearchAction","target":{"@type":"EntryPoint","urlTemplate":"https:\/\/www.ing.uc.cl\/industrial-y-sistemas\/?s={search_term_string}"},"query-input":{"@type":"PropertyValueSpecification","valueRequired":true,"valueName":"search_term_string"}}],"inLanguage":"es-CL"},{"@type":"Organization","@id":"https:\/\/www.ing.uc.cl\/industrial-y-sistemas\/#organization","name":"Departamento de Ingenier\u00eda Industrial y de Sistemas","url":"https:\/\/www.ing.uc.cl\/industrial-y-sistemas\/","logo":{"@type":"ImageObject","inLanguage":"es-CL","@id":"https:\/\/www.ing.uc.cl\/industrial-y-sistemas\/#\/schema\/logo\/image\/","url":"https:\/\/www.ing.uc.cl\/industrial-y-sistemas\/wp-content\/uploads\/2023\/11\/cropped-UC-P2727-01.png","contentUrl":"https:\/\/www.ing.uc.cl\/industrial-y-sistemas\/wp-content\/uploads\/2023\/11\/cropped-UC-P2727-01.png","width":307,"height":414,"caption":"Departamento de Ingenier\u00eda Industrial y de Sistemas"},"image":{"@id":"https:\/\/www.ing.uc.cl\/industrial-y-sistemas\/#\/schema\/logo\/image\/"}},{"@type":"Person","@id":"https:\/\/www.ing.uc.cl\/industrial-y-sistemas\/#\/schema\/person\/721a1ef791962c4167b0dad3ee596283","name":"Francisco H","image":{"@type":"ImageObject","inLanguage":"es-CL","@id":"https:\/\/www.ing.uc.cl\/industrial-y-sistemas\/#\/schema\/person\/image\/","url":"https:\/\/secure.gravatar.com\/avatar\/63233762875caf7cb464abb0c994788b36bb5a903f4b5e6d958a14f57c41e047?s=96&d=mm&r=g","contentUrl":"https:\/\/secure.gravatar.com\/avatar\/63233762875caf7cb464abb0c994788b36bb5a903f4b5e6d958a14f57c41e047?s=96&d=mm&r=g","caption":"Francisco H"},"url":"https:\/\/www.ing.uc.cl\/industrial-y-sistemas\/author\/fherreros\/"}]}},"rttpg_featured_image_url":null,"rttpg_author":{"display_name":"Francisco H","author_link":"https:\/\/www.ing.uc.cl\/industrial-y-sistemas\/author\/fherreros\/"},"rttpg_comment":0,"rttpg_category":"<a href=\"https:\/\/www.ing.uc.cl\/industrial-y-sistemas\/category\/sin-categoria\/\" rel=\"category tag\">Sin categor\u00eda<\/a>","rttpg_excerpt":"En carta a la directora de Diario Financiero, nuestra profesora, Carolina Mart\u00ednez, expresa sus preocupaciones en la integraci\u00f3n y asimilaci\u00f3n del 5G y sus aplicaciones, tanto para las empresas como para los consumidores. Se\u00f1ora Directora En DF le\u00ed que Entel ha avanzado 60% en su red 5G. Esta tecnolog\u00eda sostiene experiencias como la realidad virtual,&hellip;","_links":{"self":[{"href":"https:\/\/www.ing.uc.cl\/industrial-y-sistemas\/wp-json\/wp\/v2\/posts\/4641","targetHints":{"allow":["GET"]}}],"collection":[{"href":"https:\/\/www.ing.uc.cl\/industrial-y-sistemas\/wp-json\/wp\/v2\/posts"}],"about":[{"href":"https:\/\/www.ing.uc.cl\/industrial-y-sistemas\/wp-json\/wp\/v2\/types\/post"}],"author":[{"embeddable":true,"href":"https:\/\/www.ing.uc.cl\/industrial-y-sistemas\/wp-json\/wp\/v2\/users\/4"}],"replies":[{"embeddable":true,"href":"https:\/\/www.ing.uc.cl\/industrial-y-sistemas\/wp-json\/wp\/v2\/comments?post=4641"}],"version-history":[{"count":0,"href":"https:\/\/www.ing.uc.cl\/industrial-y-sistemas\/wp-json\/wp\/v2\/posts\/4641\/revisions"}],"wp:attachment":[{"href":"https:\/\/www.ing.uc.cl\/industrial-y-sistemas\/wp-json\/wp\/v2\/media?parent=4641"}],"wp:term":[{"taxonomy":"category","embeddable":true,"href":"https:\/\/www.ing.uc.cl\/industrial-y-sistemas\/wp-json\/wp\/v2\/categories?post=4641"},{"taxonomy":"post_tag","embeddable":true,"href":"https:\/\/www.ing.uc.cl\/industrial-y-sistemas\/wp-json\/wp\/v2\/tags?post=4641"}],"curies":[{"name":"wp","href":"https:\/\/api.w.org\/{rel}","templated":true}]}}