{"id":4671,"date":"2022-06-03T17:44:30","date_gmt":"2022-06-03T17:44:30","guid":{"rendered":"https:\/\/www.ing.uc.cl\/industrial-y-sistemas\/?p=4671"},"modified":"2022-06-03T17:44:30","modified_gmt":"2022-06-03T17:44:30","slug":"el-diis-tiene-un-nuevo-doctor-alvaro-chacon-defendio-exitosamente-su-tesis","status":"publish","type":"post","link":"https:\/\/www.ing.uc.cl\/industrial-y-sistemas\/2022\/06\/03\/el-diis-tiene-un-nuevo-doctor-alvaro-chacon-defendio-exitosamente-su-tesis\/","title":{"rendered":"El DIIS tiene un nuevo Doctor: \u00c1lvaro Chac\u00f3n defendi\u00f3 exitosamente su tesis"},"content":{"rendered":"<p><strong><em>\u201cALGORITHM AVERSION OR APPRECIATION?\u201d <\/em><\/strong>\u00a0Es el nombre del proyecto de tesis que el estudiante de Doctorado en Ciencias de la Ingenier\u00eda <strong>\u00c1lvaro Chac\u00f3n Hiriart<\/strong>, concluy\u00f3 con \u00e9xito el mi\u00e9rcoles 1 de junio.<\/p>\n<p>Esta tesis se centra en el estudio y an\u00e1lisis de la aversi\u00f3n que se genera hacia los algoritmos predictivos en variadas situaciones. Para comprender mejor el proceso de aceptaci\u00f3n de los algoritmos, en tres estudios, se analiz\u00f3 este fen\u00f3meno de forma longitudinal, buscando formas de superar la aversi\u00f3n a los algoritmos y analizando las brechas en la literatura. Gracias a los estudios realizados en esta investigaci\u00f3n se contribuy\u00f3 a mejorar la comprensi\u00f3n y el uso de los algoritmos en la sociedad actual.<\/p>\n<p>A partir de esta investigaci\u00f3n se public\u00f3 el\u00a0paper\u00a0titulado \u201cA longitudinal approach for understanding algorithm use\u201d en la revista \u201cJournal of Behavioral Decision Making\u201d con fecha 25 de enero del 2022.<\/p>\n<p>Link:\u00a0<a href=\"https:\/\/onlinelibrary.wiley.com\/doi\/abs\/10.1002\/bdm.2275\">https:\/\/onlinelibrary.wiley.com\/doi\/abs\/10.1002\/bdm.2275<\/a><\/p>\n<p><a href=\"https:\/\/www.ing.uc.cl\/industrial-y-sistemas\/wp-content\/uploads\/2022\/06\/grupo.png\"><img fetchpriority=\"high\" decoding=\"async\" class=\"size-medium wp-image-4675 aligncenter\" src=\"https:\/\/www.ing.uc.cl\/industrial-y-sistemas\/wp-content\/uploads\/2022\/06\/grupo-300x175.png\" alt=\"\" width=\"300\" height=\"175\" \/><\/a><\/p>\n<p>La comisi\u00f3n estuvo integrada por:<\/p>\n<ul>\n<li><strong>Tom\u00e1s Reyes.<\/strong> Profesor Asociado Escuela de Ingenier\u00eda UC. Director de Tesis.<\/li>\n<li><strong>Edgar Kausel.<\/strong> Profesor Asociado Escuela de Administraci\u00f3n UC.<\/li>\n<li><strong>Julio Pertuz\u00e9.<\/strong> Profesor Asistente Escuela de Ingenier\u00eda UC.<\/li>\n<li><strong>Elisa Adriasola.<\/strong> Profesora Asistente Universidad Diego Portales.<\/li>\n<li><strong>Esther Kaufmann<\/strong>. Examinador externo. Ph.D., University of Mannheim. University of Konstanz, Germany.<\/li>\n<li><strong>Ignacio Lira. <\/strong>Preside la Comisi\u00f3n. Profesor Titular Honorario, Escuela de Ingenier\u00eda, UC. Representante Jefe de Programa de Doctorado.<\/li>\n<\/ul>\n","protected":false},"excerpt":{"rendered":"<p>\u201cALGORITHM AVERSION OR APPRECIATION?\u201d \u00a0Es el nombre del proyecto de tesis que el estudiante de Doctorado en Ciencias de la Ingenier\u00eda \u00c1lvaro Chac\u00f3n Hiriart, concluy\u00f3 con \u00e9xito el mi\u00e9rcoles 1 de junio. Esta tesis se centra en el estudio y an\u00e1lisis de la aversi\u00f3n que se genera hacia los algoritmos predictivos en variadas situaciones. Para comprender mejor el proceso de aceptaci\u00f3n de los algoritmos, en tres estudios, se analiz\u00f3 este fen\u00f3meno de forma longitudinal, buscando formas de superar la aversi\u00f3n a los algoritmos y analizando las brechas en la literatura. Gracias a los estudios realizados en esta investigaci\u00f3n se contribuy\u00f3 a mejorar la comprensi\u00f3n y el uso de los algoritmos en la sociedad actual. A partir de esta investigaci\u00f3n se public\u00f3 el\u00a0paper\u00a0titulado \u201cA longitudinal approach for understanding algorithm use\u201d en la revista \u201cJournal of Behavioral Decision Making\u201d con fecha 25 de enero del 2022. Link:\u00a0https:\/\/onlinelibrary.wiley.com\/doi\/abs\/10.1002\/bdm.2275 La comisi\u00f3n estuvo integrada por: Tom\u00e1s Reyes. Profesor Asociado Escuela de Ingenier\u00eda UC. Director de Tesis. Edgar Kausel. Profesor Asociado Escuela de Administraci\u00f3n UC. Julio Pertuz\u00e9. Profesor Asistente Escuela de Ingenier\u00eda UC. Elisa Adriasola. Profesora Asistente Universidad Diego Portales. Esther Kaufmann. Examinador externo. Ph.D., University of Mannheim. University of Konstanz, Germany. Ignacio Lira. Preside la Comisi\u00f3n. Profesor Titular Honorario, Escuela de Ingenier\u00eda, UC. Representante Jefe de Programa de Doctorado.<\/p>\n","protected":false},"author":4,"featured_media":353934,"comment_status":"closed","ping_status":"closed","sticky":false,"template":"","format":"standard","meta":{"site-sidebar-layout":"default","site-content-layout":"","ast-site-content-layout":"default","site-content-style":"default","site-sidebar-style":"default","ast-global-header-display":"","ast-banner-title-visibility":"","ast-main-header-display":"","ast-hfb-above-header-display":"","ast-hfb-below-header-display":"","ast-hfb-mobile-header-display":"","site-post-title":"","ast-breadcrumbs-content":"","ast-featured-img":"","footer-sml-layout":"","ast-disable-related-posts":"","theme-transparent-header-meta":"","adv-header-id-meta":"","stick-header-meta":"","header-above-stick-meta":"","header-main-stick-meta":"","header-below-stick-meta":"","astra-migrate-meta-layouts":"default","ast-page-background-enabled":"default","ast-page-background-meta":{"desktop":{"background-color":"","background-image":"","background-repeat":"repeat","background-position":"center center","background-size":"auto","background-attachment":"scroll","background-type":"","background-media":"","overlay-type":"","overlay-color":"","overlay-opacity":"","overlay-gradient":""},"tablet":{"background-color":"","background-image":"","background-repeat":"repeat","background-position":"center center","background-size":"auto","background-attachment":"scroll","background-type":"","background-media":"","overlay-type":"","overlay-color":"","overlay-opacity":"","overlay-gradient":""},"mobile":{"background-color":"","background-image":"","background-repeat":"repeat","background-position":"center center","background-size":"auto","background-attachment":"scroll","background-type":"","background-media":"","overlay-type":"","overlay-color":"","overlay-opacity":"","overlay-gradient":""}},"ast-content-background-meta":{"desktop":{"background-color":"var(--ast-global-color-5)","background-image":"","background-repeat":"repeat","background-position":"center center","background-size":"auto","background-attachment":"scroll","background-type":"","background-media":"","overlay-type":"","overlay-color":"","overlay-opacity":"","overlay-gradient":""},"tablet":{"background-color":"var(--ast-global-color-5)","background-image":"","background-repeat":"repeat","background-position":"center center","background-size":"auto","background-attachment":"scroll","background-type":"","background-media":"","overlay-type":"","overlay-color":"","overlay-opacity":"","overlay-gradient":""},"mobile":{"background-color":"var(--ast-global-color-5)","background-image":"","background-repeat":"repeat","background-position":"center center","background-size":"auto","background-attachment":"scroll","background-type":"","background-media":"","overlay-type":"","overlay-color":"","overlay-opacity":"","overlay-gradient":""}},"footnotes":""},"categories":[1],"tags":[],"class_list":["post-4671","post","type-post","status-publish","format-standard","has-post-thumbnail","hentry","category-sin-categoria"],"yoast_head":"<!-- This site is optimized with the Yoast SEO plugin v26.9 - https:\/\/yoast.com\/product\/yoast-seo-wordpress\/ -->\n<title>El DIIS tiene un nuevo Doctor: \u00c1lvaro Chac\u00f3n defendi\u00f3 exitosamente su tesis - Departamento de Ingenier\u00eda Industrial y de Sistemas<\/title>\n<meta name=\"robots\" content=\"index, follow, max-snippet:-1, max-image-preview:large, max-video-preview:-1\" \/>\n<link rel=\"canonical\" href=\"https:\/\/www.ing.uc.cl\/industrial-y-sistemas\/2022\/06\/03\/el-diis-tiene-un-nuevo-doctor-alvaro-chacon-defendio-exitosamente-su-tesis\/\" \/>\n<meta property=\"og:locale\" content=\"es_ES\" \/>\n<meta property=\"og:type\" content=\"article\" \/>\n<meta property=\"og:title\" content=\"El DIIS tiene un nuevo Doctor: \u00c1lvaro Chac\u00f3n defendi\u00f3 exitosamente su tesis - Departamento de Ingenier\u00eda Industrial y de Sistemas\" \/>\n<meta property=\"og:description\" content=\"\u201cALGORITHM AVERSION OR APPRECIATION?\u201d \u00a0Es el nombre del proyecto de tesis que el estudiante de Doctorado en Ciencias de la Ingenier\u00eda \u00c1lvaro Chac\u00f3n Hiriart, concluy\u00f3 con \u00e9xito el mi\u00e9rcoles 1 de junio. Esta tesis se centra en el estudio y an\u00e1lisis de la aversi\u00f3n que se genera hacia los algoritmos predictivos en variadas situaciones. Para comprender mejor el proceso de aceptaci\u00f3n de los algoritmos, en tres estudios, se analiz\u00f3 este fen\u00f3meno de forma longitudinal, buscando formas de superar la aversi\u00f3n a los algoritmos y analizando las brechas en la literatura. Gracias a los estudios realizados en esta investigaci\u00f3n se contribuy\u00f3 a mejorar la comprensi\u00f3n y el uso de los algoritmos en la sociedad actual. A partir de esta investigaci\u00f3n se public\u00f3 el\u00a0paper\u00a0titulado \u201cA longitudinal approach for understanding algorithm use\u201d en la revista \u201cJournal of Behavioral Decision Making\u201d con fecha 25 de enero del 2022. Link:\u00a0https:\/\/onlinelibrary.wiley.com\/doi\/abs\/10.1002\/bdm.2275 La comisi\u00f3n estuvo integrada por: Tom\u00e1s Reyes. Profesor Asociado Escuela de Ingenier\u00eda UC. Director de Tesis. Edgar Kausel. Profesor Asociado Escuela de Administraci\u00f3n UC. Julio Pertuz\u00e9. Profesor Asistente Escuela de Ingenier\u00eda UC. Elisa Adriasola. Profesora Asistente Universidad Diego Portales. Esther Kaufmann. Examinador externo. Ph.D., University of Mannheim. University of Konstanz, Germany. Ignacio Lira. Preside la Comisi\u00f3n. Profesor Titular Honorario, Escuela de Ingenier\u00eda, UC. Representante Jefe de Programa de Doctorado.\" \/>\n<meta property=\"og:url\" content=\"https:\/\/www.ing.uc.cl\/industrial-y-sistemas\/2022\/06\/03\/el-diis-tiene-un-nuevo-doctor-alvaro-chacon-defendio-exitosamente-su-tesis\/\" \/>\n<meta property=\"og:site_name\" content=\"Departamento de Ingenier\u00eda Industrial y de Sistemas\" \/>\n<meta property=\"article:published_time\" content=\"2022-06-03T17:44:30+00:00\" \/>\n<meta property=\"og:image\" content=\"https:\/\/www.ing.uc.cl\/industrial-y-sistemas\/wp-content\/uploads\/2022\/06\/alvaro-chacon-clase-ejecutiva-uc-300x300-1.jpg\" \/>\n\t<meta property=\"og:image:width\" content=\"300\" \/>\n\t<meta property=\"og:image:height\" content=\"300\" \/>\n\t<meta property=\"og:image:type\" content=\"image\/jpeg\" \/>\n<meta name=\"author\" content=\"Francisco H\" \/>\n<meta name=\"twitter:card\" content=\"summary_large_image\" \/>\n<meta name=\"twitter:label1\" content=\"Escrito por\" \/>\n\t<meta name=\"twitter:data1\" content=\"Francisco H\" \/>\n\t<meta name=\"twitter:label2\" content=\"Tiempo estimado de lectura\" \/>\n\t<meta name=\"twitter:data2\" content=\"1 minuto\" \/>\n<script type=\"application\/ld+json\" class=\"yoast-schema-graph\">{\"@context\":\"https:\/\/schema.org\",\"@graph\":[{\"@type\":\"Article\",\"@id\":\"https:\/\/www.ing.uc.cl\/industrial-y-sistemas\/2022\/06\/03\/el-diis-tiene-un-nuevo-doctor-alvaro-chacon-defendio-exitosamente-su-tesis\/#article\",\"isPartOf\":{\"@id\":\"https:\/\/www.ing.uc.cl\/industrial-y-sistemas\/2022\/06\/03\/el-diis-tiene-un-nuevo-doctor-alvaro-chacon-defendio-exitosamente-su-tesis\/\"},\"author\":{\"name\":\"Francisco H\",\"@id\":\"https:\/\/www.ing.uc.cl\/industrial-y-sistemas\/#\/schema\/person\/721a1ef791962c4167b0dad3ee596283\"},\"headline\":\"El DIIS tiene un nuevo Doctor: \u00c1lvaro Chac\u00f3n defendi\u00f3 exitosamente su tesis\",\"datePublished\":\"2022-06-03T17:44:30+00:00\",\"mainEntityOfPage\":{\"@id\":\"https:\/\/www.ing.uc.cl\/industrial-y-sistemas\/2022\/06\/03\/el-diis-tiene-un-nuevo-doctor-alvaro-chacon-defendio-exitosamente-su-tesis\/\"},\"wordCount\":252,\"publisher\":{\"@id\":\"https:\/\/www.ing.uc.cl\/industrial-y-sistemas\/#organization\"},\"image\":{\"@id\":\"https:\/\/www.ing.uc.cl\/industrial-y-sistemas\/2022\/06\/03\/el-diis-tiene-un-nuevo-doctor-alvaro-chacon-defendio-exitosamente-su-tesis\/#primaryimage\"},\"thumbnailUrl\":\"https:\/\/www.ing.uc.cl\/industrial-y-sistemas\/wp-content\/uploads\/2022\/06\/alvaro-chacon-clase-ejecutiva-uc-300x300-1.jpg\",\"inLanguage\":\"es-CL\"},{\"@type\":\"WebPage\",\"@id\":\"https:\/\/www.ing.uc.cl\/industrial-y-sistemas\/2022\/06\/03\/el-diis-tiene-un-nuevo-doctor-alvaro-chacon-defendio-exitosamente-su-tesis\/\",\"url\":\"https:\/\/www.ing.uc.cl\/industrial-y-sistemas\/2022\/06\/03\/el-diis-tiene-un-nuevo-doctor-alvaro-chacon-defendio-exitosamente-su-tesis\/\",\"name\":\"El DIIS tiene un nuevo Doctor: \u00c1lvaro Chac\u00f3n defendi\u00f3 exitosamente su tesis - Departamento de Ingenier\u00eda Industrial y de Sistemas\",\"isPartOf\":{\"@id\":\"https:\/\/www.ing.uc.cl\/industrial-y-sistemas\/#website\"},\"primaryImageOfPage\":{\"@id\":\"https:\/\/www.ing.uc.cl\/industrial-y-sistemas\/2022\/06\/03\/el-diis-tiene-un-nuevo-doctor-alvaro-chacon-defendio-exitosamente-su-tesis\/#primaryimage\"},\"image\":{\"@id\":\"https:\/\/www.ing.uc.cl\/industrial-y-sistemas\/2022\/06\/03\/el-diis-tiene-un-nuevo-doctor-alvaro-chacon-defendio-exitosamente-su-tesis\/#primaryimage\"},\"thumbnailUrl\":\"https:\/\/www.ing.uc.cl\/industrial-y-sistemas\/wp-content\/uploads\/2022\/06\/alvaro-chacon-clase-ejecutiva-uc-300x300-1.jpg\",\"datePublished\":\"2022-06-03T17:44:30+00:00\",\"breadcrumb\":{\"@id\":\"https:\/\/www.ing.uc.cl\/industrial-y-sistemas\/2022\/06\/03\/el-diis-tiene-un-nuevo-doctor-alvaro-chacon-defendio-exitosamente-su-tesis\/#breadcrumb\"},\"inLanguage\":\"es-CL\",\"potentialAction\":[{\"@type\":\"ReadAction\",\"target\":[\"https:\/\/www.ing.uc.cl\/industrial-y-sistemas\/2022\/06\/03\/el-diis-tiene-un-nuevo-doctor-alvaro-chacon-defendio-exitosamente-su-tesis\/\"]}]},{\"@type\":\"ImageObject\",\"inLanguage\":\"es-CL\",\"@id\":\"https:\/\/www.ing.uc.cl\/industrial-y-sistemas\/2022\/06\/03\/el-diis-tiene-un-nuevo-doctor-alvaro-chacon-defendio-exitosamente-su-tesis\/#primaryimage\",\"url\":\"https:\/\/www.ing.uc.cl\/industrial-y-sistemas\/wp-content\/uploads\/2022\/06\/alvaro-chacon-clase-ejecutiva-uc-300x300-1.jpg\",\"contentUrl\":\"https:\/\/www.ing.uc.cl\/industrial-y-sistemas\/wp-content\/uploads\/2022\/06\/alvaro-chacon-clase-ejecutiva-uc-300x300-1.jpg\",\"width\":300,\"height\":300},{\"@type\":\"BreadcrumbList\",\"@id\":\"https:\/\/www.ing.uc.cl\/industrial-y-sistemas\/2022\/06\/03\/el-diis-tiene-un-nuevo-doctor-alvaro-chacon-defendio-exitosamente-su-tesis\/#breadcrumb\",\"itemListElement\":[{\"@type\":\"ListItem\",\"position\":1,\"name\":\"Portada\",\"item\":\"https:\/\/www.ing.uc.cl\/industrial-y-sistemas\/\"},{\"@type\":\"ListItem\",\"position\":2,\"name\":\"El DIIS tiene un nuevo Doctor: \u00c1lvaro Chac\u00f3n defendi\u00f3 exitosamente su tesis\"}]},{\"@type\":\"WebSite\",\"@id\":\"https:\/\/www.ing.uc.cl\/industrial-y-sistemas\/#website\",\"url\":\"https:\/\/www.ing.uc.cl\/industrial-y-sistemas\/\",\"name\":\"Departamento de Ingenier\u00eda Industrial y de Sistemas\",\"description\":\"Escuela de Ingenier\u00eda\",\"publisher\":{\"@id\":\"https:\/\/www.ing.uc.cl\/industrial-y-sistemas\/#organization\"},\"potentialAction\":[{\"@type\":\"SearchAction\",\"target\":{\"@type\":\"EntryPoint\",\"urlTemplate\":\"https:\/\/www.ing.uc.cl\/industrial-y-sistemas\/?s={search_term_string}\"},\"query-input\":{\"@type\":\"PropertyValueSpecification\",\"valueRequired\":true,\"valueName\":\"search_term_string\"}}],\"inLanguage\":\"es-CL\"},{\"@type\":\"Organization\",\"@id\":\"https:\/\/www.ing.uc.cl\/industrial-y-sistemas\/#organization\",\"name\":\"Departamento de Ingenier\u00eda Industrial y de Sistemas\",\"url\":\"https:\/\/www.ing.uc.cl\/industrial-y-sistemas\/\",\"logo\":{\"@type\":\"ImageObject\",\"inLanguage\":\"es-CL\",\"@id\":\"https:\/\/www.ing.uc.cl\/industrial-y-sistemas\/#\/schema\/logo\/image\/\",\"url\":\"https:\/\/www.ing.uc.cl\/industrial-y-sistemas\/wp-content\/uploads\/2023\/11\/cropped-UC-P2727-01.png\",\"contentUrl\":\"https:\/\/www.ing.uc.cl\/industrial-y-sistemas\/wp-content\/uploads\/2023\/11\/cropped-UC-P2727-01.png\",\"width\":307,\"height\":414,\"caption\":\"Departamento de Ingenier\u00eda Industrial y de Sistemas\"},\"image\":{\"@id\":\"https:\/\/www.ing.uc.cl\/industrial-y-sistemas\/#\/schema\/logo\/image\/\"}},{\"@type\":\"Person\",\"@id\":\"https:\/\/www.ing.uc.cl\/industrial-y-sistemas\/#\/schema\/person\/721a1ef791962c4167b0dad3ee596283\",\"name\":\"Francisco H\",\"image\":{\"@type\":\"ImageObject\",\"inLanguage\":\"es-CL\",\"@id\":\"https:\/\/www.ing.uc.cl\/industrial-y-sistemas\/#\/schema\/person\/image\/\",\"url\":\"https:\/\/secure.gravatar.com\/avatar\/63233762875caf7cb464abb0c994788b36bb5a903f4b5e6d958a14f57c41e047?s=96&d=mm&r=g\",\"contentUrl\":\"https:\/\/secure.gravatar.com\/avatar\/63233762875caf7cb464abb0c994788b36bb5a903f4b5e6d958a14f57c41e047?s=96&d=mm&r=g\",\"caption\":\"Francisco H\"},\"url\":\"https:\/\/www.ing.uc.cl\/industrial-y-sistemas\/author\/fherreros\/\"}]}<\/script>\n<!-- \/ Yoast SEO plugin. -->","yoast_head_json":{"title":"El DIIS tiene un nuevo Doctor: \u00c1lvaro Chac\u00f3n defendi\u00f3 exitosamente su tesis - Departamento de Ingenier\u00eda Industrial y de Sistemas","robots":{"index":"index","follow":"follow","max-snippet":"max-snippet:-1","max-image-preview":"max-image-preview:large","max-video-preview":"max-video-preview:-1"},"canonical":"https:\/\/www.ing.uc.cl\/industrial-y-sistemas\/2022\/06\/03\/el-diis-tiene-un-nuevo-doctor-alvaro-chacon-defendio-exitosamente-su-tesis\/","og_locale":"es_ES","og_type":"article","og_title":"El DIIS tiene un nuevo Doctor: \u00c1lvaro Chac\u00f3n defendi\u00f3 exitosamente su tesis - Departamento de Ingenier\u00eda Industrial y de Sistemas","og_description":"\u201cALGORITHM AVERSION OR APPRECIATION?\u201d \u00a0Es el nombre del proyecto de tesis que el estudiante de Doctorado en Ciencias de la Ingenier\u00eda \u00c1lvaro Chac\u00f3n Hiriart, concluy\u00f3 con \u00e9xito el mi\u00e9rcoles 1 de junio. Esta tesis se centra en el estudio y an\u00e1lisis de la aversi\u00f3n que se genera hacia los algoritmos predictivos en variadas situaciones. Para comprender mejor el proceso de aceptaci\u00f3n de los algoritmos, en tres estudios, se analiz\u00f3 este fen\u00f3meno de forma longitudinal, buscando formas de superar la aversi\u00f3n a los algoritmos y analizando las brechas en la literatura. Gracias a los estudios realizados en esta investigaci\u00f3n se contribuy\u00f3 a mejorar la comprensi\u00f3n y el uso de los algoritmos en la sociedad actual. A partir de esta investigaci\u00f3n se public\u00f3 el\u00a0paper\u00a0titulado \u201cA longitudinal approach for understanding algorithm use\u201d en la revista \u201cJournal of Behavioral Decision Making\u201d con fecha 25 de enero del 2022. Link:\u00a0https:\/\/onlinelibrary.wiley.com\/doi\/abs\/10.1002\/bdm.2275 La comisi\u00f3n estuvo integrada por: Tom\u00e1s Reyes. Profesor Asociado Escuela de Ingenier\u00eda UC. Director de Tesis. Edgar Kausel. Profesor Asociado Escuela de Administraci\u00f3n UC. Julio Pertuz\u00e9. Profesor Asistente Escuela de Ingenier\u00eda UC. Elisa Adriasola. Profesora Asistente Universidad Diego Portales. Esther Kaufmann. Examinador externo. Ph.D., University of Mannheim. University of Konstanz, Germany. Ignacio Lira. Preside la Comisi\u00f3n. Profesor Titular Honorario, Escuela de Ingenier\u00eda, UC. Representante Jefe de Programa de Doctorado.","og_url":"https:\/\/www.ing.uc.cl\/industrial-y-sistemas\/2022\/06\/03\/el-diis-tiene-un-nuevo-doctor-alvaro-chacon-defendio-exitosamente-su-tesis\/","og_site_name":"Departamento de Ingenier\u00eda Industrial y de Sistemas","article_published_time":"2022-06-03T17:44:30+00:00","og_image":[{"width":300,"height":300,"url":"https:\/\/www.ing.uc.cl\/industrial-y-sistemas\/wp-content\/uploads\/2022\/06\/alvaro-chacon-clase-ejecutiva-uc-300x300-1.jpg","type":"image\/jpeg"}],"author":"Francisco H","twitter_card":"summary_large_image","twitter_misc":{"Escrito por":"Francisco H","Tiempo estimado de lectura":"1 minuto"},"schema":{"@context":"https:\/\/schema.org","@graph":[{"@type":"Article","@id":"https:\/\/www.ing.uc.cl\/industrial-y-sistemas\/2022\/06\/03\/el-diis-tiene-un-nuevo-doctor-alvaro-chacon-defendio-exitosamente-su-tesis\/#article","isPartOf":{"@id":"https:\/\/www.ing.uc.cl\/industrial-y-sistemas\/2022\/06\/03\/el-diis-tiene-un-nuevo-doctor-alvaro-chacon-defendio-exitosamente-su-tesis\/"},"author":{"name":"Francisco H","@id":"https:\/\/www.ing.uc.cl\/industrial-y-sistemas\/#\/schema\/person\/721a1ef791962c4167b0dad3ee596283"},"headline":"El DIIS tiene un nuevo Doctor: \u00c1lvaro Chac\u00f3n defendi\u00f3 exitosamente su tesis","datePublished":"2022-06-03T17:44:30+00:00","mainEntityOfPage":{"@id":"https:\/\/www.ing.uc.cl\/industrial-y-sistemas\/2022\/06\/03\/el-diis-tiene-un-nuevo-doctor-alvaro-chacon-defendio-exitosamente-su-tesis\/"},"wordCount":252,"publisher":{"@id":"https:\/\/www.ing.uc.cl\/industrial-y-sistemas\/#organization"},"image":{"@id":"https:\/\/www.ing.uc.cl\/industrial-y-sistemas\/2022\/06\/03\/el-diis-tiene-un-nuevo-doctor-alvaro-chacon-defendio-exitosamente-su-tesis\/#primaryimage"},"thumbnailUrl":"https:\/\/www.ing.uc.cl\/industrial-y-sistemas\/wp-content\/uploads\/2022\/06\/alvaro-chacon-clase-ejecutiva-uc-300x300-1.jpg","inLanguage":"es-CL"},{"@type":"WebPage","@id":"https:\/\/www.ing.uc.cl\/industrial-y-sistemas\/2022\/06\/03\/el-diis-tiene-un-nuevo-doctor-alvaro-chacon-defendio-exitosamente-su-tesis\/","url":"https:\/\/www.ing.uc.cl\/industrial-y-sistemas\/2022\/06\/03\/el-diis-tiene-un-nuevo-doctor-alvaro-chacon-defendio-exitosamente-su-tesis\/","name":"El DIIS tiene un nuevo Doctor: \u00c1lvaro Chac\u00f3n defendi\u00f3 exitosamente su tesis - Departamento de Ingenier\u00eda Industrial y de Sistemas","isPartOf":{"@id":"https:\/\/www.ing.uc.cl\/industrial-y-sistemas\/#website"},"primaryImageOfPage":{"@id":"https:\/\/www.ing.uc.cl\/industrial-y-sistemas\/2022\/06\/03\/el-diis-tiene-un-nuevo-doctor-alvaro-chacon-defendio-exitosamente-su-tesis\/#primaryimage"},"image":{"@id":"https:\/\/www.ing.uc.cl\/industrial-y-sistemas\/2022\/06\/03\/el-diis-tiene-un-nuevo-doctor-alvaro-chacon-defendio-exitosamente-su-tesis\/#primaryimage"},"thumbnailUrl":"https:\/\/www.ing.uc.cl\/industrial-y-sistemas\/wp-content\/uploads\/2022\/06\/alvaro-chacon-clase-ejecutiva-uc-300x300-1.jpg","datePublished":"2022-06-03T17:44:30+00:00","breadcrumb":{"@id":"https:\/\/www.ing.uc.cl\/industrial-y-sistemas\/2022\/06\/03\/el-diis-tiene-un-nuevo-doctor-alvaro-chacon-defendio-exitosamente-su-tesis\/#breadcrumb"},"inLanguage":"es-CL","potentialAction":[{"@type":"ReadAction","target":["https:\/\/www.ing.uc.cl\/industrial-y-sistemas\/2022\/06\/03\/el-diis-tiene-un-nuevo-doctor-alvaro-chacon-defendio-exitosamente-su-tesis\/"]}]},{"@type":"ImageObject","inLanguage":"es-CL","@id":"https:\/\/www.ing.uc.cl\/industrial-y-sistemas\/2022\/06\/03\/el-diis-tiene-un-nuevo-doctor-alvaro-chacon-defendio-exitosamente-su-tesis\/#primaryimage","url":"https:\/\/www.ing.uc.cl\/industrial-y-sistemas\/wp-content\/uploads\/2022\/06\/alvaro-chacon-clase-ejecutiva-uc-300x300-1.jpg","contentUrl":"https:\/\/www.ing.uc.cl\/industrial-y-sistemas\/wp-content\/uploads\/2022\/06\/alvaro-chacon-clase-ejecutiva-uc-300x300-1.jpg","width":300,"height":300},{"@type":"BreadcrumbList","@id":"https:\/\/www.ing.uc.cl\/industrial-y-sistemas\/2022\/06\/03\/el-diis-tiene-un-nuevo-doctor-alvaro-chacon-defendio-exitosamente-su-tesis\/#breadcrumb","itemListElement":[{"@type":"ListItem","position":1,"name":"Portada","item":"https:\/\/www.ing.uc.cl\/industrial-y-sistemas\/"},{"@type":"ListItem","position":2,"name":"El DIIS tiene un nuevo Doctor: \u00c1lvaro Chac\u00f3n defendi\u00f3 exitosamente su tesis"}]},{"@type":"WebSite","@id":"https:\/\/www.ing.uc.cl\/industrial-y-sistemas\/#website","url":"https:\/\/www.ing.uc.cl\/industrial-y-sistemas\/","name":"Departamento de Ingenier\u00eda Industrial y de Sistemas","description":"Escuela de Ingenier\u00eda","publisher":{"@id":"https:\/\/www.ing.uc.cl\/industrial-y-sistemas\/#organization"},"potentialAction":[{"@type":"SearchAction","target":{"@type":"EntryPoint","urlTemplate":"https:\/\/www.ing.uc.cl\/industrial-y-sistemas\/?s={search_term_string}"},"query-input":{"@type":"PropertyValueSpecification","valueRequired":true,"valueName":"search_term_string"}}],"inLanguage":"es-CL"},{"@type":"Organization","@id":"https:\/\/www.ing.uc.cl\/industrial-y-sistemas\/#organization","name":"Departamento de Ingenier\u00eda Industrial y de Sistemas","url":"https:\/\/www.ing.uc.cl\/industrial-y-sistemas\/","logo":{"@type":"ImageObject","inLanguage":"es-CL","@id":"https:\/\/www.ing.uc.cl\/industrial-y-sistemas\/#\/schema\/logo\/image\/","url":"https:\/\/www.ing.uc.cl\/industrial-y-sistemas\/wp-content\/uploads\/2023\/11\/cropped-UC-P2727-01.png","contentUrl":"https:\/\/www.ing.uc.cl\/industrial-y-sistemas\/wp-content\/uploads\/2023\/11\/cropped-UC-P2727-01.png","width":307,"height":414,"caption":"Departamento de Ingenier\u00eda Industrial y de Sistemas"},"image":{"@id":"https:\/\/www.ing.uc.cl\/industrial-y-sistemas\/#\/schema\/logo\/image\/"}},{"@type":"Person","@id":"https:\/\/www.ing.uc.cl\/industrial-y-sistemas\/#\/schema\/person\/721a1ef791962c4167b0dad3ee596283","name":"Francisco H","image":{"@type":"ImageObject","inLanguage":"es-CL","@id":"https:\/\/www.ing.uc.cl\/industrial-y-sistemas\/#\/schema\/person\/image\/","url":"https:\/\/secure.gravatar.com\/avatar\/63233762875caf7cb464abb0c994788b36bb5a903f4b5e6d958a14f57c41e047?s=96&d=mm&r=g","contentUrl":"https:\/\/secure.gravatar.com\/avatar\/63233762875caf7cb464abb0c994788b36bb5a903f4b5e6d958a14f57c41e047?s=96&d=mm&r=g","caption":"Francisco H"},"url":"https:\/\/www.ing.uc.cl\/industrial-y-sistemas\/author\/fherreros\/"}]}},"rttpg_featured_image_url":{"full":["https:\/\/www.ing.uc.cl\/industrial-y-sistemas\/wp-content\/uploads\/2022\/06\/alvaro-chacon-clase-ejecutiva-uc-300x300-1.jpg",300,300,false],"landscape":["https:\/\/www.ing.uc.cl\/industrial-y-sistemas\/wp-content\/uploads\/2022\/06\/alvaro-chacon-clase-ejecutiva-uc-300x300-1.jpg",300,300,false],"portraits":["https:\/\/www.ing.uc.cl\/industrial-y-sistemas\/wp-content\/uploads\/2022\/06\/alvaro-chacon-clase-ejecutiva-uc-300x300-1.jpg",300,300,false],"thumbnail":["https:\/\/www.ing.uc.cl\/industrial-y-sistemas\/wp-content\/uploads\/2022\/06\/alvaro-chacon-clase-ejecutiva-uc-300x300-1-150x150.jpg",150,150,true],"medium":["https:\/\/www.ing.uc.cl\/industrial-y-sistemas\/wp-content\/uploads\/2022\/06\/alvaro-chacon-clase-ejecutiva-uc-300x300-1.jpg",300,300,false],"large":["https:\/\/www.ing.uc.cl\/industrial-y-sistemas\/wp-content\/uploads\/2022\/06\/alvaro-chacon-clase-ejecutiva-uc-300x300-1.jpg",300,300,false],"1536x1536":["https:\/\/www.ing.uc.cl\/industrial-y-sistemas\/wp-content\/uploads\/2022\/06\/alvaro-chacon-clase-ejecutiva-uc-300x300-1.jpg",300,300,false],"2048x2048":["https:\/\/www.ing.uc.cl\/industrial-y-sistemas\/wp-content\/uploads\/2022\/06\/alvaro-chacon-clase-ejecutiva-uc-300x300-1.jpg",300,300,false],"sow-carousel-default":["https:\/\/www.ing.uc.cl\/industrial-y-sistemas\/wp-content\/uploads\/2022\/06\/alvaro-chacon-clase-ejecutiva-uc-300x300-1-272x182.jpg",272,182,true]},"rttpg_author":{"display_name":"Francisco H","author_link":"https:\/\/www.ing.uc.cl\/industrial-y-sistemas\/author\/fherreros\/"},"rttpg_comment":0,"rttpg_category":"<a href=\"https:\/\/www.ing.uc.cl\/industrial-y-sistemas\/category\/sin-categoria\/\" rel=\"category tag\">Sin categor\u00eda<\/a>","rttpg_excerpt":"\u201cALGORITHM AVERSION OR APPRECIATION?\u201d \u00a0Es el nombre del proyecto de tesis que el estudiante de Doctorado en Ciencias de la Ingenier\u00eda \u00c1lvaro Chac\u00f3n Hiriart, concluy\u00f3 con \u00e9xito el mi\u00e9rcoles 1 de junio. Esta tesis se centra en el estudio y an\u00e1lisis de la aversi\u00f3n que se genera hacia los algoritmos predictivos en variadas situaciones. Para&hellip;","_links":{"self":[{"href":"https:\/\/www.ing.uc.cl\/industrial-y-sistemas\/wp-json\/wp\/v2\/posts\/4671","targetHints":{"allow":["GET"]}}],"collection":[{"href":"https:\/\/www.ing.uc.cl\/industrial-y-sistemas\/wp-json\/wp\/v2\/posts"}],"about":[{"href":"https:\/\/www.ing.uc.cl\/industrial-y-sistemas\/wp-json\/wp\/v2\/types\/post"}],"author":[{"embeddable":true,"href":"https:\/\/www.ing.uc.cl\/industrial-y-sistemas\/wp-json\/wp\/v2\/users\/4"}],"replies":[{"embeddable":true,"href":"https:\/\/www.ing.uc.cl\/industrial-y-sistemas\/wp-json\/wp\/v2\/comments?post=4671"}],"version-history":[{"count":0,"href":"https:\/\/www.ing.uc.cl\/industrial-y-sistemas\/wp-json\/wp\/v2\/posts\/4671\/revisions"}],"wp:featuredmedia":[{"embeddable":true,"href":"https:\/\/www.ing.uc.cl\/industrial-y-sistemas\/wp-json\/wp\/v2\/media\/353934"}],"wp:attachment":[{"href":"https:\/\/www.ing.uc.cl\/industrial-y-sistemas\/wp-json\/wp\/v2\/media?parent=4671"}],"wp:term":[{"taxonomy":"category","embeddable":true,"href":"https:\/\/www.ing.uc.cl\/industrial-y-sistemas\/wp-json\/wp\/v2\/categories?post=4671"},{"taxonomy":"post_tag","embeddable":true,"href":"https:\/\/www.ing.uc.cl\/industrial-y-sistemas\/wp-json\/wp\/v2\/tags?post=4671"}],"curies":[{"name":"wp","href":"https:\/\/api.w.org\/{rel}","templated":true}]}}