{"id":4752,"date":"2022-06-30T13:46:45","date_gmt":"2022-06-30T13:46:45","guid":{"rendered":"https:\/\/www.ing.uc.cl\/industrial-y-sistemas\/?p=4752"},"modified":"2022-06-30T13:46:45","modified_gmt":"2022-06-30T13:46:45","slug":"con-gran-exito-y-con-la-participacion-de-fundacion-coaniquem-concluye-el-ciclo-de-charlas-de-la-catedra-de-marketing","status":"publish","type":"post","link":"https:\/\/www.ing.uc.cl\/industrial-y-sistemas\/2022\/06\/30\/con-gran-exito-y-con-la-participacion-de-fundacion-coaniquem-concluye-el-ciclo-de-charlas-de-la-catedra-de-marketing\/","title":{"rendered":"Con gran \u00e9xito y con la participaci\u00f3n de Fundaci\u00f3n COANIQUEM concluye el ciclo de charlas de la c\u00e1tedra de marketing"},"content":{"rendered":"<p>La c\u00e1tedra del profesor Sergio Maturana realiz\u00f3 su tercera y \u00faltima charla sobre creaci\u00f3n de valor, y en esta ocasi\u00f3n, el tema desarrollado fue el \u201cRol Solidario de las Fundaciones y Creaci\u00f3n de Valor Social\u201d.<\/p>\n<p>El pasado 17 de junio, <strong>Benjam\u00edn Parro M\u00f6ller<\/strong>, quien es Ingeniero Comercial de la Universidad Adolfo Ib\u00e1\u00f1ez y <strong>Gerente de la Fundaci\u00f3n COANIQUEM<\/strong>, present\u00f3 a los alumnos de la c\u00e1tedra la fundaci\u00f3n COANIQUEM y los desaf\u00edos que se deben resolver para dar respuesta a un problema social mediante instituciones solidarias como las fundaciones.<\/p>\n<p>El eje de su intervenci\u00f3n comenz\u00f3 con la Misi\u00f3n de COANIQUEM, su historia y las necesidades de los diferentes stakeholders que deben ser cubiertas para lograr la rehabilitaci\u00f3n de un ni\u00f1o quemado.<\/p>\n<p>Durante su presentaci\u00f3n, Benjam\u00edn profundiz\u00f3 en c\u00f3mo COANIQUEM se ha configurado para resolver diferentes necesidades de sus stakeholders, los desaf\u00edos que fueron surgiendo durante la pandemia y la importancia de una cultura laboral de trabajo. Fue una charla muy interesante que permiti\u00f3 ver en forma pr\u00e1ctica los desaf\u00edos del marketing de servicios en instituciones sin fines de lucro.<\/p>\n<p>Agradecemos a Benjam\u00edn por ayudarnos en el proceso de docencia, presentando un caso real y relevante para la sociedad como es COANIQUEM.<\/p>\n<p><img fetchpriority=\"high\" decoding=\"async\" class=\"size-medium wp-image-4753 aligncenter\" src=\"https:\/\/www.ing.uc.cl\/industrial-y-sistemas\/wp-content\/uploads\/2022\/06\/whatsapp-image-2022-06-17-at-12-52-20-pm-1-e1656596680441-266x300.jpeg\" alt=\"\" width=\"266\" height=\"300\" \/><\/p>\n","protected":false},"excerpt":{"rendered":"<p>La c\u00e1tedra del profesor Sergio Maturana realiz\u00f3 su tercera y \u00faltima charla sobre creaci\u00f3n de valor, y en esta ocasi\u00f3n, el tema desarrollado fue el \u201cRol Solidario de las Fundaciones y Creaci\u00f3n de Valor Social\u201d. El pasado 17 de junio, Benjam\u00edn Parro M\u00f6ller, quien es Ingeniero Comercial de la Universidad Adolfo Ib\u00e1\u00f1ez y Gerente de la Fundaci\u00f3n COANIQUEM, present\u00f3 a los alumnos de la c\u00e1tedra la fundaci\u00f3n COANIQUEM y los desaf\u00edos que se deben resolver para dar respuesta a un problema social mediante instituciones solidarias como las fundaciones. El eje de su intervenci\u00f3n comenz\u00f3 con la Misi\u00f3n de COANIQUEM, su historia y las necesidades de los diferentes stakeholders que deben ser cubiertas para lograr la rehabilitaci\u00f3n de un ni\u00f1o quemado. Durante su presentaci\u00f3n, Benjam\u00edn profundiz\u00f3 en c\u00f3mo COANIQUEM se ha configurado para resolver diferentes necesidades de sus stakeholders, los desaf\u00edos que fueron surgiendo durante la pandemia y la importancia de una cultura laboral de trabajo. Fue una charla muy interesante que permiti\u00f3 ver en forma pr\u00e1ctica los desaf\u00edos del marketing de servicios en instituciones sin fines de lucro. Agradecemos a Benjam\u00edn por ayudarnos en el proceso de docencia, presentando un caso real y relevante para la sociedad como es COANIQUEM.<\/p>\n","protected":false},"author":4,"featured_media":353921,"comment_status":"closed","ping_status":"closed","sticky":false,"template":"","format":"standard","meta":{"site-sidebar-layout":"default","site-content-layout":"","ast-site-content-layout":"default","site-content-style":"default","site-sidebar-style":"default","ast-global-header-display":"","ast-banner-title-visibility":"","ast-main-header-display":"","ast-hfb-above-header-display":"","ast-hfb-below-header-display":"","ast-hfb-mobile-header-display":"","site-post-title":"","ast-breadcrumbs-content":"","ast-featured-img":"","footer-sml-layout":"","ast-disable-related-posts":"","theme-transparent-header-meta":"","adv-header-id-meta":"","stick-header-meta":"","header-above-stick-meta":"","header-main-stick-meta":"","header-below-stick-meta":"","astra-migrate-meta-layouts":"default","ast-page-background-enabled":"default","ast-page-background-meta":{"desktop":{"background-color":"","background-image":"","background-repeat":"repeat","background-position":"center center","background-size":"auto","background-attachment":"scroll","background-type":"","background-media":"","overlay-type":"","overlay-color":"","overlay-opacity":"","overlay-gradient":""},"tablet":{"background-color":"","background-image":"","background-repeat":"repeat","background-position":"center center","background-size":"auto","background-attachment":"scroll","background-type":"","background-media":"","overlay-type":"","overlay-color":"","overlay-opacity":"","overlay-gradient":""},"mobile":{"background-color":"","background-image":"","background-repeat":"repeat","background-position":"center center","background-size":"auto","background-attachment":"scroll","background-type":"","background-media":"","overlay-type":"","overlay-color":"","overlay-opacity":"","overlay-gradient":""}},"ast-content-background-meta":{"desktop":{"background-color":"var(--ast-global-color-5)","background-image":"","background-repeat":"repeat","background-position":"center center","background-size":"auto","background-attachment":"scroll","background-type":"","background-media":"","overlay-type":"","overlay-color":"","overlay-opacity":"","overlay-gradient":""},"tablet":{"background-color":"var(--ast-global-color-5)","background-image":"","background-repeat":"repeat","background-position":"center center","background-size":"auto","background-attachment":"scroll","background-type":"","background-media":"","overlay-type":"","overlay-color":"","overlay-opacity":"","overlay-gradient":""},"mobile":{"background-color":"var(--ast-global-color-5)","background-image":"","background-repeat":"repeat","background-position":"center center","background-size":"auto","background-attachment":"scroll","background-type":"","background-media":"","overlay-type":"","overlay-color":"","overlay-opacity":"","overlay-gradient":""}},"footnotes":""},"categories":[1],"tags":[],"class_list":["post-4752","post","type-post","status-publish","format-standard","has-post-thumbnail","hentry","category-sin-categoria"],"yoast_head":"<!-- This site is optimized with the Yoast SEO plugin v26.9 - https:\/\/yoast.com\/product\/yoast-seo-wordpress\/ -->\n<title>Con gran \u00e9xito y con la participaci\u00f3n de Fundaci\u00f3n COANIQUEM concluye el ciclo de charlas de la c\u00e1tedra de marketing - Departamento de Ingenier\u00eda Industrial y de Sistemas<\/title>\n<meta name=\"robots\" content=\"index, follow, max-snippet:-1, max-image-preview:large, max-video-preview:-1\" \/>\n<link rel=\"canonical\" href=\"https:\/\/www.ing.uc.cl\/industrial-y-sistemas\/2022\/06\/30\/con-gran-exito-y-con-la-participacion-de-fundacion-coaniquem-concluye-el-ciclo-de-charlas-de-la-catedra-de-marketing\/\" \/>\n<meta property=\"og:locale\" content=\"es_ES\" \/>\n<meta property=\"og:type\" content=\"article\" \/>\n<meta property=\"og:title\" content=\"Con gran \u00e9xito y con la participaci\u00f3n de Fundaci\u00f3n COANIQUEM concluye el ciclo de charlas de la c\u00e1tedra de marketing - Departamento de Ingenier\u00eda Industrial y de Sistemas\" \/>\n<meta property=\"og:description\" content=\"La c\u00e1tedra del profesor Sergio Maturana realiz\u00f3 su tercera y \u00faltima charla sobre creaci\u00f3n de valor, y en esta ocasi\u00f3n, el tema desarrollado fue el \u201cRol Solidario de las Fundaciones y Creaci\u00f3n de Valor Social\u201d. El pasado 17 de junio, Benjam\u00edn Parro M\u00f6ller, quien es Ingeniero Comercial de la Universidad Adolfo Ib\u00e1\u00f1ez y Gerente de la Fundaci\u00f3n COANIQUEM, present\u00f3 a los alumnos de la c\u00e1tedra la fundaci\u00f3n COANIQUEM y los desaf\u00edos que se deben resolver para dar respuesta a un problema social mediante instituciones solidarias como las fundaciones. El eje de su intervenci\u00f3n comenz\u00f3 con la Misi\u00f3n de COANIQUEM, su historia y las necesidades de los diferentes stakeholders que deben ser cubiertas para lograr la rehabilitaci\u00f3n de un ni\u00f1o quemado. Durante su presentaci\u00f3n, Benjam\u00edn profundiz\u00f3 en c\u00f3mo COANIQUEM se ha configurado para resolver diferentes necesidades de sus stakeholders, los desaf\u00edos que fueron surgiendo durante la pandemia y la importancia de una cultura laboral de trabajo. Fue una charla muy interesante que permiti\u00f3 ver en forma pr\u00e1ctica los desaf\u00edos del marketing de servicios en instituciones sin fines de lucro. Agradecemos a Benjam\u00edn por ayudarnos en el proceso de docencia, presentando un caso real y relevante para la sociedad como es COANIQUEM.\" \/>\n<meta property=\"og:url\" content=\"https:\/\/www.ing.uc.cl\/industrial-y-sistemas\/2022\/06\/30\/con-gran-exito-y-con-la-participacion-de-fundacion-coaniquem-concluye-el-ciclo-de-charlas-de-la-catedra-de-marketing\/\" \/>\n<meta property=\"og:site_name\" content=\"Departamento de Ingenier\u00eda Industrial y de Sistemas\" \/>\n<meta property=\"article:published_time\" content=\"2022-06-30T13:46:45+00:00\" \/>\n<meta property=\"og:image\" content=\"https:\/\/www.ing.uc.cl\/industrial-y-sistemas\/wp-content\/uploads\/2022\/06\/whatsapp-image-2022-06-17-at-12-52-20-pm-1-e1656596680441.jpeg\" \/>\n\t<meta property=\"og:image:width\" content=\"768\" \/>\n\t<meta property=\"og:image:height\" content=\"867\" \/>\n\t<meta property=\"og:image:type\" content=\"image\/jpeg\" \/>\n<meta name=\"author\" content=\"Francisco H\" \/>\n<meta name=\"twitter:card\" content=\"summary_large_image\" \/>\n<meta name=\"twitter:label1\" content=\"Escrito por\" \/>\n\t<meta name=\"twitter:data1\" content=\"Francisco H\" \/>\n\t<meta name=\"twitter:label2\" content=\"Tiempo estimado de lectura\" \/>\n\t<meta name=\"twitter:data2\" content=\"1 minuto\" \/>\n<script type=\"application\/ld+json\" class=\"yoast-schema-graph\">{\"@context\":\"https:\/\/schema.org\",\"@graph\":[{\"@type\":\"Article\",\"@id\":\"https:\/\/www.ing.uc.cl\/industrial-y-sistemas\/2022\/06\/30\/con-gran-exito-y-con-la-participacion-de-fundacion-coaniquem-concluye-el-ciclo-de-charlas-de-la-catedra-de-marketing\/#article\",\"isPartOf\":{\"@id\":\"https:\/\/www.ing.uc.cl\/industrial-y-sistemas\/2022\/06\/30\/con-gran-exito-y-con-la-participacion-de-fundacion-coaniquem-concluye-el-ciclo-de-charlas-de-la-catedra-de-marketing\/\"},\"author\":{\"name\":\"Francisco H\",\"@id\":\"https:\/\/www.ing.uc.cl\/industrial-y-sistemas\/#\/schema\/person\/721a1ef791962c4167b0dad3ee596283\"},\"headline\":\"Con gran \u00e9xito y con la participaci\u00f3n de Fundaci\u00f3n COANIQUEM concluye el ciclo de charlas de la c\u00e1tedra de marketing\",\"datePublished\":\"2022-06-30T13:46:45+00:00\",\"mainEntityOfPage\":{\"@id\":\"https:\/\/www.ing.uc.cl\/industrial-y-sistemas\/2022\/06\/30\/con-gran-exito-y-con-la-participacion-de-fundacion-coaniquem-concluye-el-ciclo-de-charlas-de-la-catedra-de-marketing\/\"},\"wordCount\":244,\"publisher\":{\"@id\":\"https:\/\/www.ing.uc.cl\/industrial-y-sistemas\/#organization\"},\"image\":{\"@id\":\"https:\/\/www.ing.uc.cl\/industrial-y-sistemas\/2022\/06\/30\/con-gran-exito-y-con-la-participacion-de-fundacion-coaniquem-concluye-el-ciclo-de-charlas-de-la-catedra-de-marketing\/#primaryimage\"},\"thumbnailUrl\":\"https:\/\/www.ing.uc.cl\/industrial-y-sistemas\/wp-content\/uploads\/2022\/06\/whatsapp-image-2022-06-17-at-12-52-20-pm-1-e1656596680441.jpeg\",\"inLanguage\":\"es-CL\"},{\"@type\":\"WebPage\",\"@id\":\"https:\/\/www.ing.uc.cl\/industrial-y-sistemas\/2022\/06\/30\/con-gran-exito-y-con-la-participacion-de-fundacion-coaniquem-concluye-el-ciclo-de-charlas-de-la-catedra-de-marketing\/\",\"url\":\"https:\/\/www.ing.uc.cl\/industrial-y-sistemas\/2022\/06\/30\/con-gran-exito-y-con-la-participacion-de-fundacion-coaniquem-concluye-el-ciclo-de-charlas-de-la-catedra-de-marketing\/\",\"name\":\"Con gran \u00e9xito y con la participaci\u00f3n de Fundaci\u00f3n COANIQUEM concluye el ciclo de charlas de la c\u00e1tedra de marketing - Departamento de Ingenier\u00eda Industrial y de Sistemas\",\"isPartOf\":{\"@id\":\"https:\/\/www.ing.uc.cl\/industrial-y-sistemas\/#website\"},\"primaryImageOfPage\":{\"@id\":\"https:\/\/www.ing.uc.cl\/industrial-y-sistemas\/2022\/06\/30\/con-gran-exito-y-con-la-participacion-de-fundacion-coaniquem-concluye-el-ciclo-de-charlas-de-la-catedra-de-marketing\/#primaryimage\"},\"image\":{\"@id\":\"https:\/\/www.ing.uc.cl\/industrial-y-sistemas\/2022\/06\/30\/con-gran-exito-y-con-la-participacion-de-fundacion-coaniquem-concluye-el-ciclo-de-charlas-de-la-catedra-de-marketing\/#primaryimage\"},\"thumbnailUrl\":\"https:\/\/www.ing.uc.cl\/industrial-y-sistemas\/wp-content\/uploads\/2022\/06\/whatsapp-image-2022-06-17-at-12-52-20-pm-1-e1656596680441.jpeg\",\"datePublished\":\"2022-06-30T13:46:45+00:00\",\"breadcrumb\":{\"@id\":\"https:\/\/www.ing.uc.cl\/industrial-y-sistemas\/2022\/06\/30\/con-gran-exito-y-con-la-participacion-de-fundacion-coaniquem-concluye-el-ciclo-de-charlas-de-la-catedra-de-marketing\/#breadcrumb\"},\"inLanguage\":\"es-CL\",\"potentialAction\":[{\"@type\":\"ReadAction\",\"target\":[\"https:\/\/www.ing.uc.cl\/industrial-y-sistemas\/2022\/06\/30\/con-gran-exito-y-con-la-participacion-de-fundacion-coaniquem-concluye-el-ciclo-de-charlas-de-la-catedra-de-marketing\/\"]}]},{\"@type\":\"ImageObject\",\"inLanguage\":\"es-CL\",\"@id\":\"https:\/\/www.ing.uc.cl\/industrial-y-sistemas\/2022\/06\/30\/con-gran-exito-y-con-la-participacion-de-fundacion-coaniquem-concluye-el-ciclo-de-charlas-de-la-catedra-de-marketing\/#primaryimage\",\"url\":\"https:\/\/www.ing.uc.cl\/industrial-y-sistemas\/wp-content\/uploads\/2022\/06\/whatsapp-image-2022-06-17-at-12-52-20-pm-1-e1656596680441.jpeg\",\"contentUrl\":\"https:\/\/www.ing.uc.cl\/industrial-y-sistemas\/wp-content\/uploads\/2022\/06\/whatsapp-image-2022-06-17-at-12-52-20-pm-1-e1656596680441.jpeg\",\"width\":768,\"height\":867},{\"@type\":\"BreadcrumbList\",\"@id\":\"https:\/\/www.ing.uc.cl\/industrial-y-sistemas\/2022\/06\/30\/con-gran-exito-y-con-la-participacion-de-fundacion-coaniquem-concluye-el-ciclo-de-charlas-de-la-catedra-de-marketing\/#breadcrumb\",\"itemListElement\":[{\"@type\":\"ListItem\",\"position\":1,\"name\":\"Portada\",\"item\":\"https:\/\/www.ing.uc.cl\/industrial-y-sistemas\/\"},{\"@type\":\"ListItem\",\"position\":2,\"name\":\"Con gran \u00e9xito y con la participaci\u00f3n de Fundaci\u00f3n COANIQUEM concluye el ciclo de charlas de la c\u00e1tedra de marketing\"}]},{\"@type\":\"WebSite\",\"@id\":\"https:\/\/www.ing.uc.cl\/industrial-y-sistemas\/#website\",\"url\":\"https:\/\/www.ing.uc.cl\/industrial-y-sistemas\/\",\"name\":\"Departamento de Ingenier\u00eda Industrial y de Sistemas\",\"description\":\"Escuela de Ingenier\u00eda\",\"publisher\":{\"@id\":\"https:\/\/www.ing.uc.cl\/industrial-y-sistemas\/#organization\"},\"potentialAction\":[{\"@type\":\"SearchAction\",\"target\":{\"@type\":\"EntryPoint\",\"urlTemplate\":\"https:\/\/www.ing.uc.cl\/industrial-y-sistemas\/?s={search_term_string}\"},\"query-input\":{\"@type\":\"PropertyValueSpecification\",\"valueRequired\":true,\"valueName\":\"search_term_string\"}}],\"inLanguage\":\"es-CL\"},{\"@type\":\"Organization\",\"@id\":\"https:\/\/www.ing.uc.cl\/industrial-y-sistemas\/#organization\",\"name\":\"Departamento de Ingenier\u00eda Industrial y de Sistemas\",\"url\":\"https:\/\/www.ing.uc.cl\/industrial-y-sistemas\/\",\"logo\":{\"@type\":\"ImageObject\",\"inLanguage\":\"es-CL\",\"@id\":\"https:\/\/www.ing.uc.cl\/industrial-y-sistemas\/#\/schema\/logo\/image\/\",\"url\":\"https:\/\/www.ing.uc.cl\/industrial-y-sistemas\/wp-content\/uploads\/2023\/11\/cropped-UC-P2727-01.png\",\"contentUrl\":\"https:\/\/www.ing.uc.cl\/industrial-y-sistemas\/wp-content\/uploads\/2023\/11\/cropped-UC-P2727-01.png\",\"width\":307,\"height\":414,\"caption\":\"Departamento de Ingenier\u00eda Industrial y de Sistemas\"},\"image\":{\"@id\":\"https:\/\/www.ing.uc.cl\/industrial-y-sistemas\/#\/schema\/logo\/image\/\"}},{\"@type\":\"Person\",\"@id\":\"https:\/\/www.ing.uc.cl\/industrial-y-sistemas\/#\/schema\/person\/721a1ef791962c4167b0dad3ee596283\",\"name\":\"Francisco H\",\"image\":{\"@type\":\"ImageObject\",\"inLanguage\":\"es-CL\",\"@id\":\"https:\/\/www.ing.uc.cl\/industrial-y-sistemas\/#\/schema\/person\/image\/\",\"url\":\"https:\/\/secure.gravatar.com\/avatar\/63233762875caf7cb464abb0c994788b36bb5a903f4b5e6d958a14f57c41e047?s=96&d=mm&r=g\",\"contentUrl\":\"https:\/\/secure.gravatar.com\/avatar\/63233762875caf7cb464abb0c994788b36bb5a903f4b5e6d958a14f57c41e047?s=96&d=mm&r=g\",\"caption\":\"Francisco H\"},\"url\":\"https:\/\/www.ing.uc.cl\/industrial-y-sistemas\/author\/fherreros\/\"}]}<\/script>\n<!-- \/ Yoast SEO plugin. -->","yoast_head_json":{"title":"Con gran \u00e9xito y con la participaci\u00f3n de Fundaci\u00f3n COANIQUEM concluye el ciclo de charlas de la c\u00e1tedra de marketing - Departamento de Ingenier\u00eda Industrial y de Sistemas","robots":{"index":"index","follow":"follow","max-snippet":"max-snippet:-1","max-image-preview":"max-image-preview:large","max-video-preview":"max-video-preview:-1"},"canonical":"https:\/\/www.ing.uc.cl\/industrial-y-sistemas\/2022\/06\/30\/con-gran-exito-y-con-la-participacion-de-fundacion-coaniquem-concluye-el-ciclo-de-charlas-de-la-catedra-de-marketing\/","og_locale":"es_ES","og_type":"article","og_title":"Con gran \u00e9xito y con la participaci\u00f3n de Fundaci\u00f3n COANIQUEM concluye el ciclo de charlas de la c\u00e1tedra de marketing - Departamento de Ingenier\u00eda Industrial y de Sistemas","og_description":"La c\u00e1tedra del profesor Sergio Maturana realiz\u00f3 su tercera y \u00faltima charla sobre creaci\u00f3n de valor, y en esta ocasi\u00f3n, el tema desarrollado fue el \u201cRol Solidario de las Fundaciones y Creaci\u00f3n de Valor Social\u201d. El pasado 17 de junio, Benjam\u00edn Parro M\u00f6ller, quien es Ingeniero Comercial de la Universidad Adolfo Ib\u00e1\u00f1ez y Gerente de la Fundaci\u00f3n COANIQUEM, present\u00f3 a los alumnos de la c\u00e1tedra la fundaci\u00f3n COANIQUEM y los desaf\u00edos que se deben resolver para dar respuesta a un problema social mediante instituciones solidarias como las fundaciones. El eje de su intervenci\u00f3n comenz\u00f3 con la Misi\u00f3n de COANIQUEM, su historia y las necesidades de los diferentes stakeholders que deben ser cubiertas para lograr la rehabilitaci\u00f3n de un ni\u00f1o quemado. Durante su presentaci\u00f3n, Benjam\u00edn profundiz\u00f3 en c\u00f3mo COANIQUEM se ha configurado para resolver diferentes necesidades de sus stakeholders, los desaf\u00edos que fueron surgiendo durante la pandemia y la importancia de una cultura laboral de trabajo. Fue una charla muy interesante que permiti\u00f3 ver en forma pr\u00e1ctica los desaf\u00edos del marketing de servicios en instituciones sin fines de lucro. Agradecemos a Benjam\u00edn por ayudarnos en el proceso de docencia, presentando un caso real y relevante para la sociedad como es COANIQUEM.","og_url":"https:\/\/www.ing.uc.cl\/industrial-y-sistemas\/2022\/06\/30\/con-gran-exito-y-con-la-participacion-de-fundacion-coaniquem-concluye-el-ciclo-de-charlas-de-la-catedra-de-marketing\/","og_site_name":"Departamento de Ingenier\u00eda Industrial y de Sistemas","article_published_time":"2022-06-30T13:46:45+00:00","og_image":[{"width":768,"height":867,"url":"https:\/\/www.ing.uc.cl\/industrial-y-sistemas\/wp-content\/uploads\/2022\/06\/whatsapp-image-2022-06-17-at-12-52-20-pm-1-e1656596680441.jpeg","type":"image\/jpeg"}],"author":"Francisco H","twitter_card":"summary_large_image","twitter_misc":{"Escrito por":"Francisco H","Tiempo estimado de lectura":"1 minuto"},"schema":{"@context":"https:\/\/schema.org","@graph":[{"@type":"Article","@id":"https:\/\/www.ing.uc.cl\/industrial-y-sistemas\/2022\/06\/30\/con-gran-exito-y-con-la-participacion-de-fundacion-coaniquem-concluye-el-ciclo-de-charlas-de-la-catedra-de-marketing\/#article","isPartOf":{"@id":"https:\/\/www.ing.uc.cl\/industrial-y-sistemas\/2022\/06\/30\/con-gran-exito-y-con-la-participacion-de-fundacion-coaniquem-concluye-el-ciclo-de-charlas-de-la-catedra-de-marketing\/"},"author":{"name":"Francisco H","@id":"https:\/\/www.ing.uc.cl\/industrial-y-sistemas\/#\/schema\/person\/721a1ef791962c4167b0dad3ee596283"},"headline":"Con gran \u00e9xito y con la participaci\u00f3n de Fundaci\u00f3n COANIQUEM concluye el ciclo de charlas de la c\u00e1tedra de marketing","datePublished":"2022-06-30T13:46:45+00:00","mainEntityOfPage":{"@id":"https:\/\/www.ing.uc.cl\/industrial-y-sistemas\/2022\/06\/30\/con-gran-exito-y-con-la-participacion-de-fundacion-coaniquem-concluye-el-ciclo-de-charlas-de-la-catedra-de-marketing\/"},"wordCount":244,"publisher":{"@id":"https:\/\/www.ing.uc.cl\/industrial-y-sistemas\/#organization"},"image":{"@id":"https:\/\/www.ing.uc.cl\/industrial-y-sistemas\/2022\/06\/30\/con-gran-exito-y-con-la-participacion-de-fundacion-coaniquem-concluye-el-ciclo-de-charlas-de-la-catedra-de-marketing\/#primaryimage"},"thumbnailUrl":"https:\/\/www.ing.uc.cl\/industrial-y-sistemas\/wp-content\/uploads\/2022\/06\/whatsapp-image-2022-06-17-at-12-52-20-pm-1-e1656596680441.jpeg","inLanguage":"es-CL"},{"@type":"WebPage","@id":"https:\/\/www.ing.uc.cl\/industrial-y-sistemas\/2022\/06\/30\/con-gran-exito-y-con-la-participacion-de-fundacion-coaniquem-concluye-el-ciclo-de-charlas-de-la-catedra-de-marketing\/","url":"https:\/\/www.ing.uc.cl\/industrial-y-sistemas\/2022\/06\/30\/con-gran-exito-y-con-la-participacion-de-fundacion-coaniquem-concluye-el-ciclo-de-charlas-de-la-catedra-de-marketing\/","name":"Con gran \u00e9xito y con la participaci\u00f3n de Fundaci\u00f3n COANIQUEM concluye el ciclo de charlas de la c\u00e1tedra de marketing - Departamento de Ingenier\u00eda Industrial y de Sistemas","isPartOf":{"@id":"https:\/\/www.ing.uc.cl\/industrial-y-sistemas\/#website"},"primaryImageOfPage":{"@id":"https:\/\/www.ing.uc.cl\/industrial-y-sistemas\/2022\/06\/30\/con-gran-exito-y-con-la-participacion-de-fundacion-coaniquem-concluye-el-ciclo-de-charlas-de-la-catedra-de-marketing\/#primaryimage"},"image":{"@id":"https:\/\/www.ing.uc.cl\/industrial-y-sistemas\/2022\/06\/30\/con-gran-exito-y-con-la-participacion-de-fundacion-coaniquem-concluye-el-ciclo-de-charlas-de-la-catedra-de-marketing\/#primaryimage"},"thumbnailUrl":"https:\/\/www.ing.uc.cl\/industrial-y-sistemas\/wp-content\/uploads\/2022\/06\/whatsapp-image-2022-06-17-at-12-52-20-pm-1-e1656596680441.jpeg","datePublished":"2022-06-30T13:46:45+00:00","breadcrumb":{"@id":"https:\/\/www.ing.uc.cl\/industrial-y-sistemas\/2022\/06\/30\/con-gran-exito-y-con-la-participacion-de-fundacion-coaniquem-concluye-el-ciclo-de-charlas-de-la-catedra-de-marketing\/#breadcrumb"},"inLanguage":"es-CL","potentialAction":[{"@type":"ReadAction","target":["https:\/\/www.ing.uc.cl\/industrial-y-sistemas\/2022\/06\/30\/con-gran-exito-y-con-la-participacion-de-fundacion-coaniquem-concluye-el-ciclo-de-charlas-de-la-catedra-de-marketing\/"]}]},{"@type":"ImageObject","inLanguage":"es-CL","@id":"https:\/\/www.ing.uc.cl\/industrial-y-sistemas\/2022\/06\/30\/con-gran-exito-y-con-la-participacion-de-fundacion-coaniquem-concluye-el-ciclo-de-charlas-de-la-catedra-de-marketing\/#primaryimage","url":"https:\/\/www.ing.uc.cl\/industrial-y-sistemas\/wp-content\/uploads\/2022\/06\/whatsapp-image-2022-06-17-at-12-52-20-pm-1-e1656596680441.jpeg","contentUrl":"https:\/\/www.ing.uc.cl\/industrial-y-sistemas\/wp-content\/uploads\/2022\/06\/whatsapp-image-2022-06-17-at-12-52-20-pm-1-e1656596680441.jpeg","width":768,"height":867},{"@type":"BreadcrumbList","@id":"https:\/\/www.ing.uc.cl\/industrial-y-sistemas\/2022\/06\/30\/con-gran-exito-y-con-la-participacion-de-fundacion-coaniquem-concluye-el-ciclo-de-charlas-de-la-catedra-de-marketing\/#breadcrumb","itemListElement":[{"@type":"ListItem","position":1,"name":"Portada","item":"https:\/\/www.ing.uc.cl\/industrial-y-sistemas\/"},{"@type":"ListItem","position":2,"name":"Con gran \u00e9xito y con la participaci\u00f3n de Fundaci\u00f3n COANIQUEM concluye el ciclo de charlas de la c\u00e1tedra de marketing"}]},{"@type":"WebSite","@id":"https:\/\/www.ing.uc.cl\/industrial-y-sistemas\/#website","url":"https:\/\/www.ing.uc.cl\/industrial-y-sistemas\/","name":"Departamento de Ingenier\u00eda Industrial y de Sistemas","description":"Escuela de Ingenier\u00eda","publisher":{"@id":"https:\/\/www.ing.uc.cl\/industrial-y-sistemas\/#organization"},"potentialAction":[{"@type":"SearchAction","target":{"@type":"EntryPoint","urlTemplate":"https:\/\/www.ing.uc.cl\/industrial-y-sistemas\/?s={search_term_string}"},"query-input":{"@type":"PropertyValueSpecification","valueRequired":true,"valueName":"search_term_string"}}],"inLanguage":"es-CL"},{"@type":"Organization","@id":"https:\/\/www.ing.uc.cl\/industrial-y-sistemas\/#organization","name":"Departamento de Ingenier\u00eda Industrial y de Sistemas","url":"https:\/\/www.ing.uc.cl\/industrial-y-sistemas\/","logo":{"@type":"ImageObject","inLanguage":"es-CL","@id":"https:\/\/www.ing.uc.cl\/industrial-y-sistemas\/#\/schema\/logo\/image\/","url":"https:\/\/www.ing.uc.cl\/industrial-y-sistemas\/wp-content\/uploads\/2023\/11\/cropped-UC-P2727-01.png","contentUrl":"https:\/\/www.ing.uc.cl\/industrial-y-sistemas\/wp-content\/uploads\/2023\/11\/cropped-UC-P2727-01.png","width":307,"height":414,"caption":"Departamento de Ingenier\u00eda Industrial y de Sistemas"},"image":{"@id":"https:\/\/www.ing.uc.cl\/industrial-y-sistemas\/#\/schema\/logo\/image\/"}},{"@type":"Person","@id":"https:\/\/www.ing.uc.cl\/industrial-y-sistemas\/#\/schema\/person\/721a1ef791962c4167b0dad3ee596283","name":"Francisco H","image":{"@type":"ImageObject","inLanguage":"es-CL","@id":"https:\/\/www.ing.uc.cl\/industrial-y-sistemas\/#\/schema\/person\/image\/","url":"https:\/\/secure.gravatar.com\/avatar\/63233762875caf7cb464abb0c994788b36bb5a903f4b5e6d958a14f57c41e047?s=96&d=mm&r=g","contentUrl":"https:\/\/secure.gravatar.com\/avatar\/63233762875caf7cb464abb0c994788b36bb5a903f4b5e6d958a14f57c41e047?s=96&d=mm&r=g","caption":"Francisco H"},"url":"https:\/\/www.ing.uc.cl\/industrial-y-sistemas\/author\/fherreros\/"}]}},"rttpg_featured_image_url":{"full":["https:\/\/www.ing.uc.cl\/industrial-y-sistemas\/wp-content\/uploads\/2022\/06\/whatsapp-image-2022-06-17-at-12-52-20-pm-1-e1656596680441.jpeg",768,867,false],"landscape":["https:\/\/www.ing.uc.cl\/industrial-y-sistemas\/wp-content\/uploads\/2022\/06\/whatsapp-image-2022-06-17-at-12-52-20-pm-1-e1656596680441.jpeg",768,867,false],"portraits":["https:\/\/www.ing.uc.cl\/industrial-y-sistemas\/wp-content\/uploads\/2022\/06\/whatsapp-image-2022-06-17-at-12-52-20-pm-1-e1656596680441.jpeg",768,867,false],"thumbnail":["https:\/\/www.ing.uc.cl\/industrial-y-sistemas\/wp-content\/uploads\/2022\/06\/whatsapp-image-2022-06-17-at-12-52-20-pm-1-e1656596680441-150x150.jpeg",150,150,true],"medium":["https:\/\/www.ing.uc.cl\/industrial-y-sistemas\/wp-content\/uploads\/2022\/06\/whatsapp-image-2022-06-17-at-12-52-20-pm-1-e1656596680441-266x300.jpeg",266,300,true],"large":["https:\/\/www.ing.uc.cl\/industrial-y-sistemas\/wp-content\/uploads\/2022\/06\/whatsapp-image-2022-06-17-at-12-52-20-pm-1-e1656596680441.jpeg",768,867,false],"1536x1536":["https:\/\/www.ing.uc.cl\/industrial-y-sistemas\/wp-content\/uploads\/2022\/06\/whatsapp-image-2022-06-17-at-12-52-20-pm-1-e1656596680441.jpeg",768,867,false],"2048x2048":["https:\/\/www.ing.uc.cl\/industrial-y-sistemas\/wp-content\/uploads\/2022\/06\/whatsapp-image-2022-06-17-at-12-52-20-pm-1-e1656596680441.jpeg",768,867,false],"sow-carousel-default":["https:\/\/www.ing.uc.cl\/industrial-y-sistemas\/wp-content\/uploads\/2022\/06\/whatsapp-image-2022-06-17-at-12-52-20-pm-1-e1656596680441-272x182.jpeg",272,182,true]},"rttpg_author":{"display_name":"Francisco H","author_link":"https:\/\/www.ing.uc.cl\/industrial-y-sistemas\/author\/fherreros\/"},"rttpg_comment":0,"rttpg_category":"<a href=\"https:\/\/www.ing.uc.cl\/industrial-y-sistemas\/category\/sin-categoria\/\" rel=\"category tag\">Sin categor\u00eda<\/a>","rttpg_excerpt":"La c\u00e1tedra del profesor Sergio Maturana realiz\u00f3 su tercera y \u00faltima charla sobre creaci\u00f3n de valor, y en esta ocasi\u00f3n, el tema desarrollado fue el \u201cRol Solidario de las Fundaciones y Creaci\u00f3n de Valor Social\u201d. El pasado 17 de junio, Benjam\u00edn Parro M\u00f6ller, quien es Ingeniero Comercial de la Universidad Adolfo Ib\u00e1\u00f1ez y Gerente de&hellip;","_links":{"self":[{"href":"https:\/\/www.ing.uc.cl\/industrial-y-sistemas\/wp-json\/wp\/v2\/posts\/4752","targetHints":{"allow":["GET"]}}],"collection":[{"href":"https:\/\/www.ing.uc.cl\/industrial-y-sistemas\/wp-json\/wp\/v2\/posts"}],"about":[{"href":"https:\/\/www.ing.uc.cl\/industrial-y-sistemas\/wp-json\/wp\/v2\/types\/post"}],"author":[{"embeddable":true,"href":"https:\/\/www.ing.uc.cl\/industrial-y-sistemas\/wp-json\/wp\/v2\/users\/4"}],"replies":[{"embeddable":true,"href":"https:\/\/www.ing.uc.cl\/industrial-y-sistemas\/wp-json\/wp\/v2\/comments?post=4752"}],"version-history":[{"count":0,"href":"https:\/\/www.ing.uc.cl\/industrial-y-sistemas\/wp-json\/wp\/v2\/posts\/4752\/revisions"}],"wp:featuredmedia":[{"embeddable":true,"href":"https:\/\/www.ing.uc.cl\/industrial-y-sistemas\/wp-json\/wp\/v2\/media\/353921"}],"wp:attachment":[{"href":"https:\/\/www.ing.uc.cl\/industrial-y-sistemas\/wp-json\/wp\/v2\/media?parent=4752"}],"wp:term":[{"taxonomy":"category","embeddable":true,"href":"https:\/\/www.ing.uc.cl\/industrial-y-sistemas\/wp-json\/wp\/v2\/categories?post=4752"},{"taxonomy":"post_tag","embeddable":true,"href":"https:\/\/www.ing.uc.cl\/industrial-y-sistemas\/wp-json\/wp\/v2\/tags?post=4752"}],"curies":[{"name":"wp","href":"https:\/\/api.w.org\/{rel}","templated":true}]}}