{"id":2008,"date":"2015-11-20T19:27:47","date_gmt":"2015-11-20T19:27:47","guid":{"rendered":"https:\/\/www.ing.uc.cl\/ingenieria-y-gestion-construccion\/?p=2008"},"modified":"2015-11-20T19:27:47","modified_gmt":"2015-11-20T19:27:47","slug":"el-icc-en-la-feria-de-orientacion-academica-2015","status":"publish","type":"post","link":"https:\/\/www.ing.uc.cl\/ingenieria-y-gestion-construccion\/el-icc-en-la-feria-de-orientacion-academica-2015\/","title":{"rendered":"El ICC en la Feria de Orientaci\u00f3n Acad\u00e9mica 2015"},"content":{"rendered":"<p>Este a\u00f1o 2015, la \u201cFeria de Orientaci\u00f3n Acad\u00e9mica\u2033 (ex \u2013 semana de especialidades), di\u00f3 lugar el 18 de noviembre de 11:30 a 15:30 hrs. en el patio de ingenier\u00eda para que los alumnos UC pudieran informarse respecto a la diversidad y riqueza de los curr\u00edculums y oportunidades acad\u00e9micas que ofrece Nuestro Departamento para motivarlos a ser agentes activos en la construcci\u00f3n de su formaci\u00f3n acad\u00e9mica.<\/p>\n<p><a href=\"https:\/\/www.ing.uc.cl\/ingenieria-y-gestion-construccion\/wp-content\/uploads\/2015\/11\/img_8799.jpg\"><img fetchpriority=\"high\" decoding=\"async\" class=\"alignnone size-medium wp-image-2018\" alt=\"IMG_8799\" src=\"https:\/\/www.ing.uc.cl\/ingenieria-y-gestion-construccion\/wp-content\/uploads\/2015\/11\/img_8799-300x200.jpg\" width=\"300\" height=\"200\" \/> <\/a> <a href=\"https:\/\/www.ing.uc.cl\/ingenieria-y-gestion-construccion\/wp-content\/uploads\/2015\/11\/img_88251.jpg\"><img decoding=\"async\" class=\"alignnone size-medium wp-image-2066\" alt=\"IMG_8825\" src=\"https:\/\/www.ing.uc.cl\/ingenieria-y-gestion-construccion\/wp-content\/uploads\/2015\/11\/img_88251-300x199.jpg\" width=\"300\" height=\"200\" \/><\/a><\/p>\n<p>Con el apoyo de nuestros profesores Paz Arroyo, Alondra Chamorro, Hern\u00e1n de Solminihac, Marcelo Gonz\u00e1lez, Mauricio L\u00f3pez, Claudio Mourgues, Guillermo Thenoux y Alfredo Serpell, nuestros delegados, alumnos ayudantes, exalumnos y el equipo ICC; se logr\u00f3 enfatizar en la difusi\u00f3n de las especialidades (diplomas), perfil de egreso, mallas curriculares, planes de estudios, campo laboral (desempe\u00f1os profesionales), majors, presentaci\u00f3n del departamento ICC y la interacci\u00f3n directa con nuestros profesores de diversas especialidades. Anexamente tuvimos tambi\u00e9n como actividad de esta semana de especialidad, una Charla con el profesor Hern\u00e1n de Solminihac, Director y profesor del ICC, y Eduardo Effa, Ingeniero Civil UC y Socio de Serinco, Ingenier\u00eda y Construcciones Ltda. y una Visita a Terreno a la futura L\u00ednea 3 del Metro de Santiago.<\/p>\n<p><a href=\"https:\/\/www.ing.uc.cl\/ingenieria-y-gestion-construccion\/wp-content\/uploads\/2015\/11\/img_8753.jpg\"><img decoding=\"async\" class=\"alignnone size-medium wp-image-2015\" alt=\"IMG_8753\" src=\"https:\/\/www.ing.uc.cl\/ingenieria-y-gestion-construccion\/wp-content\/uploads\/2015\/11\/img_8753-300x200.jpg\" width=\"300\" height=\"200\" \/><\/a> <a href=\"https:\/\/www.ing.uc.cl\/ingenieria-y-gestion-construccion\/wp-content\/uploads\/2015\/11\/img_8741.jpg\"><img loading=\"lazy\" decoding=\"async\" class=\"alignnone size-medium wp-image-2013\" alt=\"IMG_8741\" src=\"https:\/\/www.ing.uc.cl\/ingenieria-y-gestion-construccion\/wp-content\/uploads\/2015\/11\/img_8741-300x200.jpg\" width=\"300\" height=\"200\" \/><\/a><\/p>\n<p><a href=\"https:\/\/www.ing.uc.cl\/ingenieria-y-gestion-construccion\/wp-content\/uploads\/2015\/11\/img_8836.jpg\"><img loading=\"lazy\" decoding=\"async\" class=\"alignnone size-medium wp-image-2028\" alt=\"IMG_8836\" src=\"https:\/\/www.ing.uc.cl\/ingenieria-y-gestion-construccion\/wp-content\/uploads\/2015\/11\/img_8836-300x200.jpg\" width=\"300\" height=\"200\" \/><\/a> <a href=\"https:\/\/www.ing.uc.cl\/ingenieria-y-gestion-construccion\/wp-content\/uploads\/2015\/11\/img_8863.jpg\"><img loading=\"lazy\" decoding=\"async\" class=\"alignnone size-medium wp-image-2024\" alt=\"IMG_8863\" src=\"https:\/\/www.ing.uc.cl\/ingenieria-y-gestion-construccion\/wp-content\/uploads\/2015\/11\/img_8863-300x200.jpg\" width=\"300\" height=\"200\" \/><\/a><\/p>\n<p><a href=\"https:\/\/www.ing.uc.cl\/ingenieria-y-gestion-construccion\/wp-content\/uploads\/2015\/11\/img_8847.jpg\"><img loading=\"lazy\" decoding=\"async\" class=\"alignnone size-medium wp-image-2021\" alt=\"IMG_8847\" src=\"https:\/\/www.ing.uc.cl\/ingenieria-y-gestion-construccion\/wp-content\/uploads\/2015\/11\/img_8847-300x200.jpg\" width=\"300\" height=\"200\" \/><\/a> <a href=\"https:\/\/www.ing.uc.cl\/ingenieria-y-gestion-construccion\/wp-content\/uploads\/2015\/11\/img_8839.jpg\"><img loading=\"lazy\" decoding=\"async\" class=\"alignnone size-medium wp-image-2020\" alt=\"IMG_8839\" src=\"https:\/\/www.ing.uc.cl\/ingenieria-y-gestion-construccion\/wp-content\/uploads\/2015\/11\/img_8839-300x200.jpg\" width=\"300\" height=\"200\" \/><\/a><\/p>\n<p><a href=\"https:\/\/www.ing.uc.cl\/ingenieria-y-gestion-construccion\/wp-content\/uploads\/2015\/11\/img_8812.jpg\"><img loading=\"lazy\" decoding=\"async\" class=\"alignnone size-medium wp-image-2019\" alt=\"IMG_8812\" src=\"https:\/\/www.ing.uc.cl\/ingenieria-y-gestion-construccion\/wp-content\/uploads\/2015\/11\/img_8812-300x200.jpg\" width=\"300\" height=\"200\" \/><\/a> <a href=\"https:\/\/www.ing.uc.cl\/ingenieria-y-gestion-construccion\/wp-content\/uploads\/2015\/11\/img_8797.jpg\"><img loading=\"lazy\" decoding=\"async\" class=\"alignnone size-medium wp-image-2017\" alt=\"IMG_8797\" src=\"https:\/\/www.ing.uc.cl\/ingenieria-y-gestion-construccion\/wp-content\/uploads\/2015\/11\/img_8797-300x200.jpg\" width=\"300\" height=\"200\" \/><\/a><\/p>\n<p><a href=\"https:\/\/www.ing.uc.cl\/ingenieria-y-gestion-construccion\/wp-content\/uploads\/2015\/11\/img_8743.jpg\"><img loading=\"lazy\" decoding=\"async\" class=\"alignnone size-medium wp-image-2014\" alt=\"IMG_8743\" src=\"https:\/\/www.ing.uc.cl\/ingenieria-y-gestion-construccion\/wp-content\/uploads\/2015\/11\/img_8743-300x200.jpg\" width=\"300\" height=\"200\" \/><\/a> <a href=\"https:\/\/www.ing.uc.cl\/ingenieria-y-gestion-construccion\/wp-content\/uploads\/2015\/11\/img_8729.jpg\"><img loading=\"lazy\" decoding=\"async\" class=\"alignnone size-medium wp-image-2011\" alt=\"IMG_8729\" src=\"https:\/\/www.ing.uc.cl\/ingenieria-y-gestion-construccion\/wp-content\/uploads\/2015\/11\/img_8729-300x200.jpg\" width=\"300\" height=\"200\" \/><\/a><\/p>\n<p><a href=\"https:\/\/www.ing.uc.cl\/ingenieria-y-gestion-construccion\/wp-content\/uploads\/2015\/11\/img_8718.jpg\"><img loading=\"lazy\" decoding=\"async\" class=\"alignnone size-medium wp-image-2010\" alt=\"IMG_8718\" src=\"https:\/\/www.ing.uc.cl\/ingenieria-y-gestion-construccion\/wp-content\/uploads\/2015\/11\/img_8718-300x200.jpg\" width=\"300\" height=\"200\" \/><\/a> <a href=\"https:\/\/www.ing.uc.cl\/ingenieria-y-gestion-construccion\/wp-content\/uploads\/2015\/11\/img_8713.jpg\"><img loading=\"lazy\" decoding=\"async\" class=\"alignnone size-medium wp-image-2009\" alt=\"IMG_8713\" src=\"https:\/\/www.ing.uc.cl\/ingenieria-y-gestion-construccion\/wp-content\/uploads\/2015\/11\/img_8713-300x200.jpg\" width=\"300\" height=\"200\" \/><\/a><\/p>\n<p>El stand tuvo una gran prestancia con material especial, la presencia de los profesores y el Proyecto HEAT Hormig\u00f3n Estructural Aislante T\u00e9rmico, ganador del Brain UC, donde los alumnos pudieron conocer m\u00e1s a fondo (mas informaci\u00f3n del proyecto <a href=\"https:\/\/www.ing.uc.cl\/ingenieria-y-gestion-construccion\/proyecto-heat-hormigon-estructural-aislante-termino-encabezado-por-mauricio-lopez-sergio-vera-y-jose-carlos-remesar-gana-el-concurso-brain-uc\/\">aqu\u00ed<\/a>).<\/p>\n<p><a href=\"https:\/\/www.ing.uc.cl\/ingenieria-y-gestion-construccion\/wp-content\/uploads\/2015\/11\/img_8885.jpg\"><img loading=\"lazy\" decoding=\"async\" class=\"alignnone size-medium wp-image-2025\" alt=\"IMG_8885\" src=\"https:\/\/www.ing.uc.cl\/ingenieria-y-gestion-construccion\/wp-content\/uploads\/2015\/11\/img_8885-300x200.jpg\" width=\"300\" height=\"200\" \/><\/a> <a href=\"https:\/\/www.ing.uc.cl\/ingenieria-y-gestion-construccion\/wp-content\/uploads\/2015\/11\/img_8859.jpg\"><img loading=\"lazy\" decoding=\"async\" class=\"alignnone size-medium wp-image-2023\" alt=\"IMG_8859\" src=\"https:\/\/www.ing.uc.cl\/ingenieria-y-gestion-construccion\/wp-content\/uploads\/2015\/11\/img_8859-300x200.jpg\" width=\"300\" height=\"200\" \/><\/a><\/p>\n<p><a href=\"https:\/\/www.ing.uc.cl\/ingenieria-y-gestion-construccion\/wp-content\/uploads\/2015\/11\/img_8856.jpg\"><img loading=\"lazy\" decoding=\"async\" class=\"alignnone size-medium wp-image-2022\" alt=\"IMG_8856\" src=\"https:\/\/www.ing.uc.cl\/ingenieria-y-gestion-construccion\/wp-content\/uploads\/2015\/11\/img_8856-300x200.jpg\" width=\"300\" height=\"200\" \/><\/a> <a href=\"https:\/\/www.ing.uc.cl\/ingenieria-y-gestion-construccion\/wp-content\/uploads\/2015\/11\/img_8786.jpg\"><img loading=\"lazy\" decoding=\"async\" class=\"alignnone size-medium wp-image-2016\" alt=\"IMG_8786\" src=\"https:\/\/www.ing.uc.cl\/ingenieria-y-gestion-construccion\/wp-content\/uploads\/2015\/11\/img_8786-300x200.jpg\" width=\"300\" height=\"200\" \/><\/a><\/p>\n<p><a href=\"https:\/\/www.ing.uc.cl\/ingenieria-y-gestion-construccion\/wp-content\/uploads\/2015\/11\/img_8735.jpg\"><img loading=\"lazy\" decoding=\"async\" class=\"alignnone size-medium wp-image-2012\" alt=\"IMG_8735\" src=\"https:\/\/www.ing.uc.cl\/ingenieria-y-gestion-construccion\/wp-content\/uploads\/2015\/11\/img_8735-300x200.jpg\" width=\"300\" height=\"200\" \/><\/a><\/p>\n<p>Dejamos la invitaci\u00f3n abierta a los alumnos para que conozcan el ICC<\/p>\n","protected":false},"excerpt":{"rendered":"<p>La Feria dio lugar el 18 de noviembre de 11:30 a 15:30 hrs. en el patio de ingenier\u00eda para que los alumnos UC pudieran informarse respecto a la diversidad y riqueza de los curr\u00edculums y oportunidades acad\u00e9micas ICC<\/p>\n","protected":false},"author":7,"featured_media":2066,"comment_status":"closed","ping_status":"closed","sticky":false,"template":"","format":"standard","meta":{"_acf_changed":false,"_monsterinsights_skip_tracking":false,"_monsterinsights_sitenote_active":false,"_monsterinsights_sitenote_note":"","_monsterinsights_sitenote_category":0,"footnotes":""},"categories":[187,189],"tags":[],"class_list":{"0":"post-2008","1":"post","2":"type-post","3":"status-publish","4":"format-standard","5":"has-post-thumbnail","6":"hentry","7":"category-ing-gest-cons-noticias","8":"category-ing-gest-cons-novedades","10":"post-with-thumbnail","11":"post-with-thumbnail-large"},"acf":[],"aioseo_notices":[],"_links":{"self":[{"href":"https:\/\/www.ing.uc.cl\/ingenieria-y-gestion-construccion\/wp-json\/wp\/v2\/posts\/2008","targetHints":{"allow":["GET"]}}],"collection":[{"href":"https:\/\/www.ing.uc.cl\/ingenieria-y-gestion-construccion\/wp-json\/wp\/v2\/posts"}],"about":[{"href":"https:\/\/www.ing.uc.cl\/ingenieria-y-gestion-construccion\/wp-json\/wp\/v2\/types\/post"}],"author":[{"embeddable":true,"href":"https:\/\/www.ing.uc.cl\/ingenieria-y-gestion-construccion\/wp-json\/wp\/v2\/users\/7"}],"replies":[{"embeddable":true,"href":"https:\/\/www.ing.uc.cl\/ingenieria-y-gestion-construccion\/wp-json\/wp\/v2\/comments?post=2008"}],"version-history":[{"count":0,"href":"https:\/\/www.ing.uc.cl\/ingenieria-y-gestion-construccion\/wp-json\/wp\/v2\/posts\/2008\/revisions"}],"wp:featuredmedia":[{"embeddable":true,"href":"https:\/\/www.ing.uc.cl\/ingenieria-y-gestion-construccion\/wp-json\/"}],"wp:attachment":[{"href":"https:\/\/www.ing.uc.cl\/ingenieria-y-gestion-construccion\/wp-json\/wp\/v2\/media?parent=2008"}],"wp:term":[{"taxonomy":"category","embeddable":true,"href":"https:\/\/www.ing.uc.cl\/ingenieria-y-gestion-construccion\/wp-json\/wp\/v2\/categories?post=2008"},{"taxonomy":"post_tag","embeddable":true,"href":"https:\/\/www.ing.uc.cl\/ingenieria-y-gestion-construccion\/wp-json\/wp\/v2\/tags?post=2008"}],"curies":[{"name":"wp","href":"https:\/\/api.w.org\/{rel}","templated":true}]}}