{"id":2843,"date":"2016-10-07T16:51:28","date_gmt":"2016-10-07T16:51:28","guid":{"rendered":"https:\/\/www.ing.uc.cl\/ingenieria-y-gestion-construccion\/?p=2843"},"modified":"2016-10-07T16:51:28","modified_gmt":"2016-10-07T16:51:28","slug":"inicio-ciclo-de-charlas-de-orientacion-profesional","status":"publish","type":"post","link":"https:\/\/www.ing.uc.cl\/ingenieria-y-gestion-construccion\/inicio-ciclo-de-charlas-de-orientacion-profesional\/","title":{"rendered":"Ciclo de charlas de orientaci\u00f3n profesional"},"content":{"rendered":"<p>Nuestro departamento organiz\u00f3 el d\u00eda 04 de Octubre de 2016, la primera actividad del <strong>ciclo de charlas de orientaci\u00f3n profesional del II Semestre 2016.<\/strong><\/p>\n<p>La charla se realiz\u00f3 en la sala de clases de nuestro departamento entre las 13.00 y 14.00 hrs. con nuestro invitado especial <strong>Carlos Aguilar, Gerente General de SALFACORP<\/strong>, quien busc\u00f3 orientar a nuestros alumnos en base a su experiencia laboral, la cual mostr\u00f3 paso a paso desde sus inicios como estudiante de Ingenier\u00eda UC y c\u00f3mo se iba involucrando con la familia, profesores, amigos y todo su entorno el cual se complementaba para llegar a ser un profesional exitoso en todo \u00e1mbito de la vida.<\/p>\n<p><a href=\"https:\/\/www.ing.uc.cl\/ingenieria-y-gestion-construccion\/wp-content\/uploads\/2016\/10\/img_1794_1.jpg\"><img fetchpriority=\"high\" decoding=\"async\" src=\"https:\/\/www.ing.uc.cl\/ingenieria-y-gestion-construccion\/wp-content\/uploads\/2016\/10\/img_1794_1-300x200.jpg\" alt=\"IMG_1794_1\" width=\"300\" height=\"200\" class=\"alignnone size-medium wp-image-2845\" \/><\/a> <a href=\"https:\/\/www.ing.uc.cl\/ingenieria-y-gestion-construccion\/wp-content\/uploads\/2016\/10\/img_1801.jpg\"><img decoding=\"async\" src=\"https:\/\/www.ing.uc.cl\/ingenieria-y-gestion-construccion\/wp-content\/uploads\/2016\/10\/img_1801-300x200.jpg\" alt=\"IMG_1801\" width=\"300\" height=\"200\" class=\"alignnone size-medium wp-image-2846\" \/><\/a> <a href=\"https:\/\/www.ing.uc.cl\/ingenieria-y-gestion-construccion\/wp-content\/uploads\/2016\/10\/img_1804.jpg\"><img decoding=\"async\" src=\"https:\/\/www.ing.uc.cl\/ingenieria-y-gestion-construccion\/wp-content\/uploads\/2016\/10\/img_1804-300x200.jpg\" alt=\"IMG_1804\" width=\"300\" height=\"200\" class=\"alignnone size-medium wp-image-2851\" \/><\/a> <a href=\"https:\/\/www.ing.uc.cl\/ingenieria-y-gestion-construccion\/wp-content\/uploads\/2016\/10\/img_1815.jpg\"><img loading=\"lazy\" decoding=\"async\" src=\"https:\/\/www.ing.uc.cl\/ingenieria-y-gestion-construccion\/wp-content\/uploads\/2016\/10\/img_1815-300x200.jpg\" alt=\"IMG_1815\" width=\"300\" height=\"200\" class=\"alignnone size-medium wp-image-2848\" \/><\/a> <a href=\"https:\/\/www.ing.uc.cl\/ingenieria-y-gestion-construccion\/wp-content\/uploads\/2016\/10\/img_1821.jpg\"><img loading=\"lazy\" decoding=\"async\" src=\"https:\/\/www.ing.uc.cl\/ingenieria-y-gestion-construccion\/wp-content\/uploads\/2016\/10\/img_1821-300x200.jpg\" alt=\"IMG_1821\" width=\"300\" height=\"200\" class=\"alignnone size-medium wp-image-2850\" \/><\/a> <a href=\"https:\/\/www.ing.uc.cl\/ingenieria-y-gestion-construccion\/wp-content\/uploads\/2016\/10\/img_1829.jpg\"><img loading=\"lazy\" decoding=\"async\" src=\"https:\/\/www.ing.uc.cl\/ingenieria-y-gestion-construccion\/wp-content\/uploads\/2016\/10\/img_1829-300x200.jpg\" alt=\"IMG_1829\" width=\"300\" height=\"200\" class=\"alignnone size-medium wp-image-2844\" \/><\/a><\/p>\n<p>Agradecemos al Sr. Carlos Aguilar por compartirnos parte de su desarrollo, y mostrarnos las distintas formas de ser exitosos en base al diario vivir y al esfuerzo propio.<\/p>\n","protected":false},"excerpt":{"rendered":"<p>El d\u00eda 04 de Octubre de 2016, se llev\u00f3 a cabo la primera charla de orientaci\u00f3n profesional a cargo del Sr. Carlos Aguilar, Gerente General SALFA.<\/p>\n","protected":false},"author":7,"featured_media":2849,"comment_status":"closed","ping_status":"closed","sticky":false,"template":"","format":"standard","meta":{"_acf_changed":false,"_monsterinsights_skip_tracking":false,"_monsterinsights_sitenote_active":false,"_monsterinsights_sitenote_note":"","_monsterinsights_sitenote_category":0,"footnotes":""},"categories":[193,187,189],"tags":[],"class_list":{"0":"post-2843","1":"post","2":"type-post","3":"status-publish","4":"format-standard","5":"has-post-thumbnail","6":"hentry","7":"category-eventos","8":"category-ing-gest-cons-noticias","9":"category-ing-gest-cons-novedades","11":"post-with-thumbnail","12":"post-with-thumbnail-large"},"acf":[],"aioseo_notices":[],"_links":{"self":[{"href":"https:\/\/www.ing.uc.cl\/ingenieria-y-gestion-construccion\/wp-json\/wp\/v2\/posts\/2843","targetHints":{"allow":["GET"]}}],"collection":[{"href":"https:\/\/www.ing.uc.cl\/ingenieria-y-gestion-construccion\/wp-json\/wp\/v2\/posts"}],"about":[{"href":"https:\/\/www.ing.uc.cl\/ingenieria-y-gestion-construccion\/wp-json\/wp\/v2\/types\/post"}],"author":[{"embeddable":true,"href":"https:\/\/www.ing.uc.cl\/ingenieria-y-gestion-construccion\/wp-json\/wp\/v2\/users\/7"}],"replies":[{"embeddable":true,"href":"https:\/\/www.ing.uc.cl\/ingenieria-y-gestion-construccion\/wp-json\/wp\/v2\/comments?post=2843"}],"version-history":[{"count":0,"href":"https:\/\/www.ing.uc.cl\/ingenieria-y-gestion-construccion\/wp-json\/wp\/v2\/posts\/2843\/revisions"}],"wp:featuredmedia":[{"embeddable":true,"href":"https:\/\/www.ing.uc.cl\/ingenieria-y-gestion-construccion\/wp-json\/"}],"wp:attachment":[{"href":"https:\/\/www.ing.uc.cl\/ingenieria-y-gestion-construccion\/wp-json\/wp\/v2\/media?parent=2843"}],"wp:term":[{"taxonomy":"category","embeddable":true,"href":"https:\/\/www.ing.uc.cl\/ingenieria-y-gestion-construccion\/wp-json\/wp\/v2\/categories?post=2843"},{"taxonomy":"post_tag","embeddable":true,"href":"https:\/\/www.ing.uc.cl\/ingenieria-y-gestion-construccion\/wp-json\/wp\/v2\/tags?post=2843"}],"curies":[{"name":"wp","href":"https:\/\/api.w.org\/{rel}","templated":true}]}}