{"id":4548,"date":"2015-08-27T18:58:46","date_gmt":"2015-08-27T18:58:46","guid":{"rendered":"https:\/\/www.ing.uc.cl\/ingenieria-y-gestion-construccion\/?p=1658"},"modified":"2015-08-27T18:58:46","modified_gmt":"2015-08-27T18:58:46","slug":"seminario-la-construccion-como-palanca-del-desarrollo-de-chile","status":"publish","type":"post","link":"https:\/\/www.ing.uc.cl\/ingenieria-y-gestion-construccion\/seminario-la-construccion-como-palanca-del-desarrollo-de-chile\/","title":{"rendered":"Seminario \u00abLa Construcci\u00f3n como Palanca del Desarrollo de Chile\u00bb"},"content":{"rendered":"<p>Excelente convocatoria de Seminario desarrollado por nuestro departamento para alumnos de Plan Com\u00fan de Ingenier\u00eda Civil.<\/p>\n<p>Esta actividad fue realizada en el Domo del Patio de Ingenier\u00eda el d\u00eda mi\u00e9rcoles 26 de agosto de 2015 de 13:00 a 14:00 hrs., con la participaci\u00f3n del Director de Departamento, Hern\u00e1n de Solminihac y los profesores Guillermo Thenoux, Alondra Chamorro, Ricardo Serpell y Marcelo Gonz\u00e1lez.<\/p>\n<p>El objetivo de este Seminario: \u00abLa Construcci\u00f3n como Palanca del Desarrollo de Chile\u00bb, tuvo como objetivo, acercar al alumno a lo que puede llegar a hacer en la carrera de Ingenier\u00eda Civil, mostrando estad\u00edsticas del aporte del sector construcci\u00f3n a la econom\u00eda chilena, la inversi\u00f3n econ\u00f3mica, la inversi\u00f3n sectorial en vivienda-infraestructura y mucho m\u00e1s.<\/p>\n<p>El Director de Departamento, les se\u00f1ala adem\u00e1s:<\/p>\n<p><strong>&#8211; El Camino Recorrido al Desarrollo<br \/>\n&#8211; La Importancia de la Infraestructura en el Desarrollo<br \/>\n&#8211; La Asociaci\u00f3n P\u00fablica-Privada: Concesiones y<br \/>\n&#8211; Los Desaf\u00edos<\/strong><\/p>\n<p><a href=\"https:\/\/www.ing.uc.cl\/ingenieria-y-gestion-construccion\/wp-content\/uploads\/2015\/08\/img_7942.jpg\"><img fetchpriority=\"high\" decoding=\"async\" src=\"https:\/\/www.ing.uc.cl\/ingenieria-y-gestion-construccion\/wp-content\/uploads\/2015\/08\/img_7942-300x200.jpg\" alt=\"IMG_7942\" width=\"300\" height=\"200\" class=\"alignnone size-medium wp-image-1668\" \/><\/a><\/p>\n<p><a href=\"https:\/\/www.ing.uc.cl\/ingenieria-y-gestion-construccion\/wp-content\/uploads\/2015\/08\/img_7906.jpg\"><img decoding=\"async\" src=\"https:\/\/www.ing.uc.cl\/ingenieria-y-gestion-construccion\/wp-content\/uploads\/2015\/08\/img_7906-300x200.jpg\" alt=\"IMG_7906\" width=\"300\" height=\"200\" class=\"alignnone size-medium wp-image-1667\" \/><\/a><\/p>\n<p><a href=\"https:\/\/www.ing.uc.cl\/ingenieria-y-gestion-construccion\/wp-content\/uploads\/2015\/08\/img_7905.jpg\"><img decoding=\"async\" src=\"https:\/\/www.ing.uc.cl\/ingenieria-y-gestion-construccion\/wp-content\/uploads\/2015\/08\/img_7905-300x200.jpg\" alt=\"IMG_7905\" width=\"300\" height=\"200\" class=\"alignnone size-medium wp-image-1666\" \/><\/a><\/p>\n<p>Los alumnos pudieron interactuar con nuestros 5 profesores con preguntas.<br \/>\nCada profesor desde su propia experiencia, les dieron su aporte y consejos para el futuro, desde su camino Universitario hasta el Profesional. Adem\u00e1s se les dej\u00f3 la invitaci\u00f3n abierta para conocer y visitar nuestro departamento.<\/p>\n<h3>MAJOR<\/h3>\n<p>Contamos con 3 Major los cuales fueron informados en el evento y dejamos la invitaci\u00f3n de consultar con el Jefe de Major las dudas u orientaci\u00f3n para guiar al alumno en su decisi\u00f3n.<\/p>\n<p><strong>Majors y Jefes de Majors<\/strong><\/p>\n<p>Dise\u00f1o de Sistemas de Construcci\u00f3n.<br \/>\nJefe de Major, Hern\u00e1n de Solminihac<br \/>\nDelegado Acad\u00e9mico de Major, Aldo Rojas<\/p>\n<p>Ingenier\u00eda Civil.<br \/>\nJefe de Major, Mauricio L\u00f3pez<br \/>\nDelegada Acad\u00e9mica de Major, Paula Toledo<\/p>\n<p>Ingenier\u00eda y Arquitectura.<br \/>\nJefe de Major, Claudio Mourgues<br \/>\nDelegado Acad\u00e9mico de Major, Ignacio Infante<\/p>\n<p>Los esperamos alumnos!<\/p>\n<p>S\u00edguenos en nuestro <a href=\"https:\/\/www.facebook.com\/Depto.ICC\">Fanpage Depto.ICC<\/a><\/p>\n","protected":false},"excerpt":{"rendered":"<p>Excelente convocatoria de Seminario desarrollado por nuestro departamento para alumnos de Plan Com\u00fan Ingenier\u00eda Civil con la participaci\u00f3n de: de Solminihac, Thenoux, Chamorro, Serpell y Gonz\u00e1lez<\/p>\n","protected":false},"author":7,"featured_media":1659,"comment_status":"closed","ping_status":"closed","sticky":false,"template":"","format":"standard","meta":{"_acf_changed":false,"_monsterinsights_skip_tracking":false,"_monsterinsights_sitenote_active":false,"_monsterinsights_sitenote_note":"","_monsterinsights_sitenote_category":0,"footnotes":""},"categories":[187,189],"tags":[],"class_list":{"0":"post-4548","1":"post","2":"type-post","3":"status-publish","4":"format-standard","5":"has-post-thumbnail","6":"hentry","7":"category-ing-gest-cons-noticias","8":"category-ing-gest-cons-novedades","10":"post-with-thumbnail","11":"post-with-thumbnail-large"},"acf":[],"aioseo_notices":[],"_links":{"self":[{"href":"https:\/\/www.ing.uc.cl\/ingenieria-y-gestion-construccion\/wp-json\/wp\/v2\/posts\/4548","targetHints":{"allow":["GET"]}}],"collection":[{"href":"https:\/\/www.ing.uc.cl\/ingenieria-y-gestion-construccion\/wp-json\/wp\/v2\/posts"}],"about":[{"href":"https:\/\/www.ing.uc.cl\/ingenieria-y-gestion-construccion\/wp-json\/wp\/v2\/types\/post"}],"author":[{"embeddable":true,"href":"https:\/\/www.ing.uc.cl\/ingenieria-y-gestion-construccion\/wp-json\/wp\/v2\/users\/7"}],"replies":[{"embeddable":true,"href":"https:\/\/www.ing.uc.cl\/ingenieria-y-gestion-construccion\/wp-json\/wp\/v2\/comments?post=4548"}],"version-history":[{"count":0,"href":"https:\/\/www.ing.uc.cl\/ingenieria-y-gestion-construccion\/wp-json\/wp\/v2\/posts\/4548\/revisions"}],"wp:featuredmedia":[{"embeddable":true,"href":"https:\/\/www.ing.uc.cl\/ingenieria-y-gestion-construccion\/wp-json\/"}],"wp:attachment":[{"href":"https:\/\/www.ing.uc.cl\/ingenieria-y-gestion-construccion\/wp-json\/wp\/v2\/media?parent=4548"}],"wp:term":[{"taxonomy":"category","embeddable":true,"href":"https:\/\/www.ing.uc.cl\/ingenieria-y-gestion-construccion\/wp-json\/wp\/v2\/categories?post=4548"},{"taxonomy":"post_tag","embeddable":true,"href":"https:\/\/www.ing.uc.cl\/ingenieria-y-gestion-construccion\/wp-json\/wp\/v2\/tags?post=4548"}],"curies":[{"name":"wp","href":"https:\/\/api.w.org\/{rel}","templated":true}]}}