{"id":4572,"date":"2015-11-19T12:49:10","date_gmt":"2015-11-19T12:49:10","guid":{"rendered":"https:\/\/www.ing.uc.cl\/ingenieria-y-gestion-construccion\/?p=1985"},"modified":"2015-11-19T12:49:10","modified_gmt":"2015-11-19T12:49:10","slug":"carlos-videla-es-galardonado-por-el-aci-fellow-aci","status":"publish","type":"post","link":"https:\/\/www.ing.uc.cl\/ingenieria-y-gestion-construccion\/carlos-videla-es-galardonado-por-el-aci-fellow-aci\/","title":{"rendered":"Carlos Videla es galardonado por el ACI, \u00abFellow of ACI\u00bb"},"content":{"rendered":"<p>Este galard\u00f3n u honor ser\u00e1 formalmente concedido en la Convenci\u00f3n ACI de primavera 2016 (abril 17 de 2016) en Wisconsin, Milwaukee, WI. EE.UU. a nuestro profesor Carlos Videla en reconocimiento a sus contribuciones a la labor del ACI.<br \/>\nTambi\u00e9n es un reconocimiento a las importantes contribuciones realizadas en la producci\u00f3n y uso del material, productos o estructuras de hormig\u00f3n en las \u00e1reas de la educaci\u00f3n, investigaci\u00f3n, desarrollo y construcci\u00f3n.<\/p>\n<p><em>Felicidades al profesor Videla.<\/em><\/p>\n","protected":false},"excerpt":{"rendered":"<p>Este galard\u00f3n u honor ser\u00e1 formalmente concedido en la Convenci\u00f3n ACI de primavera 2016 a nuestro profesor Carlos Videla<\/p>\n","protected":false},"author":7,"featured_media":1988,"comment_status":"closed","ping_status":"closed","sticky":false,"template":"","format":"standard","meta":{"_acf_changed":false,"_monsterinsights_skip_tracking":false,"_monsterinsights_sitenote_active":false,"_monsterinsights_sitenote_note":"","_monsterinsights_sitenote_category":0,"footnotes":""},"categories":[187,189],"tags":[],"class_list":{"0":"post-4572","1":"post","2":"type-post","3":"status-publish","4":"format-standard","5":"has-post-thumbnail","6":"hentry","7":"category-ing-gest-cons-noticias","8":"category-ing-gest-cons-novedades","10":"post-with-thumbnail","11":"post-with-thumbnail-large"},"acf":[],"aioseo_notices":[],"_links":{"self":[{"href":"https:\/\/www.ing.uc.cl\/ingenieria-y-gestion-construccion\/wp-json\/wp\/v2\/posts\/4572","targetHints":{"allow":["GET"]}}],"collection":[{"href":"https:\/\/www.ing.uc.cl\/ingenieria-y-gestion-construccion\/wp-json\/wp\/v2\/posts"}],"about":[{"href":"https:\/\/www.ing.uc.cl\/ingenieria-y-gestion-construccion\/wp-json\/wp\/v2\/types\/post"}],"author":[{"embeddable":true,"href":"https:\/\/www.ing.uc.cl\/ingenieria-y-gestion-construccion\/wp-json\/wp\/v2\/users\/7"}],"replies":[{"embeddable":true,"href":"https:\/\/www.ing.uc.cl\/ingenieria-y-gestion-construccion\/wp-json\/wp\/v2\/comments?post=4572"}],"version-history":[{"count":0,"href":"https:\/\/www.ing.uc.cl\/ingenieria-y-gestion-construccion\/wp-json\/wp\/v2\/posts\/4572\/revisions"}],"wp:featuredmedia":[{"embeddable":true,"href":"https:\/\/www.ing.uc.cl\/ingenieria-y-gestion-construccion\/wp-json\/"}],"wp:attachment":[{"href":"https:\/\/www.ing.uc.cl\/ingenieria-y-gestion-construccion\/wp-json\/wp\/v2\/media?parent=4572"}],"wp:term":[{"taxonomy":"category","embeddable":true,"href":"https:\/\/www.ing.uc.cl\/ingenieria-y-gestion-construccion\/wp-json\/wp\/v2\/categories?post=4572"},{"taxonomy":"post_tag","embeddable":true,"href":"https:\/\/www.ing.uc.cl\/ingenieria-y-gestion-construccion\/wp-json\/wp\/v2\/tags?post=4572"}],"curies":[{"name":"wp","href":"https:\/\/api.w.org\/{rel}","templated":true}]}}