{"id":838,"date":"2013-08-06T21:37:55","date_gmt":"2013-08-06T21:37:55","guid":{"rendered":"https:\/\/www.ing.uc.cl\/ingenieria-y-gestion-construccion\/?p=838"},"modified":"2023-05-08T11:26:03","modified_gmt":"2023-05-08T14:26:03","slug":"ii-taller-desayuno-de-revistas-uc","status":"publish","type":"post","link":"https:\/\/www.ing.uc.cl\/ingenieria-y-gestion-construccion\/ii-taller-desayuno-de-revistas-uc\/","title":{"rendered":"II Taller-Desayuno de Revistas UC"},"content":{"rendered":"<h3>Revista RIC, organiza el II Taller-Desayuno de Revistas UC<\/h3>\n<p>El objetivo de nuestra Revista es generar instancias de interacci\u00f3n y \u00abretroalimentaci\u00f3n\u00bb entre Editores, Directores e interesados en el tema de las Revistas de nuestra Universidad. Es por ello que organizamos el II Taller-Desayuno de Revistas UC complementado con un invitado especial desde Espa\u00f1a, el Dr. Arquitecto Ignacio Oteiza, Director de la <em>Revista Informes de la Construcci\u00f3n<\/em> el cual nos comparte su experiencia e historia de vida con su <em>Revista Informes de la Construcci\u00f3n<\/em>.<\/p>\n<p>Su Revista Fundada el a\u00f1o 1948, ha pasado por varios estados evolutivos al igual que la mayor\u00eda de los participantes del Taller, lo que causa aceptaci\u00f3n, controversia e interacci\u00f3n en varios temas de los procesos que pasa cada Revista para mantenerla en el tiempo y llegar a los objetivos deseados.<\/p>\n<div id=\"attachment_848\" style=\"width: 310px\" class=\"wp-caption alignnone\"><a href=\"https:\/\/www.ing.uc.cl\/ingenieria-y-gestion-construccion\/wp-content\/uploads\/2013\/08\/noticiaric1-1.png\"><img fetchpriority=\"high\" decoding=\"async\" aria-describedby=\"caption-attachment-848\" class=\"size-medium wp-image-848\" src=\"https:\/\/www.ing.uc.cl\/ingenieria-y-gestion-construccion\/wp-content\/uploads\/2013\/08\/noticiaric1-1-300x199.png\" alt=\"Ignacio Oteiza en su presentaci\u00f3n\" width=\"300\" height=\"199\" \/><\/a><p id=\"caption-attachment-848\" class=\"wp-caption-text\">Ignacio Oteiza en su presentaci\u00f3n<\/p><\/div>\n<p>Ignacio Oteiza, nos muestra en su presentaci\u00f3n toda la historia de su Revista, iniciando desde:<\/p>\n<ul>\n<li style=\"list-style-type: none;\">\n<ul>&#8211; Cuando fue fundada,<\/ul>\n<\/li>\n<\/ul>\n<p>&nbsp;<\/p>\n<ul>\n<li style=\"list-style-type: none;\">\n<ul>&#8211; La importancia de la imagen y est\u00e9tica,<\/ul>\n<\/li>\n<\/ul>\n<p>&nbsp;<\/p>\n<ul>\n<li style=\"list-style-type: none;\">\n<ul>&#8211; La importancia de la periodicidad,<\/ul>\n<\/li>\n<\/ul>\n<p>&nbsp;<\/p>\n<ul>\n<li style=\"list-style-type: none;\">\n<ul>&#8211; Gr\u00e1ficos comparativos en tem\u00e1tica,<\/ul>\n<\/li>\n<\/ul>\n<p>&nbsp;<\/p>\n<ul>\n<li style=\"list-style-type: none;\">\n<ul>&#8211; La interacci\u00f3n con el consejo de Redacci\u00f3n y Consejo Asesor,<\/ul>\n<\/li>\n<\/ul>\n<p>&nbsp;<\/p>\n<ul>\n<li style=\"list-style-type: none;\">\n<ul>&#8211; Inclusi\u00f3n de n\u00fameros monogr\u00e1ficos,<\/ul>\n<\/li>\n<\/ul>\n<p>&nbsp;<\/p>\n<ul>\n<li style=\"list-style-type: none;\">\n<ul>&#8211; Cambios de per\u00edodos de publicaci\u00f3n,<\/ul>\n<\/li>\n<\/ul>\n<p>&nbsp;<\/p>\n<ul>\n<li style=\"list-style-type: none;\">\n<ul>&#8211; Estrategias con n\u00fameros especiales,<\/ul>\n<\/li>\n<\/ul>\n<p>&nbsp;<\/p>\n<ul>\n<li style=\"list-style-type: none;\">\n<ul>&#8211; Reconocimiento del Sello Excelencia FECYT-2012,<\/ul>\n<\/li>\n<\/ul>\n<p>&nbsp;<\/p>\n<ul>\n<li style=\"list-style-type: none;\">\n<ul>&#8211; Incorporaci\u00f3n y gesti\u00f3n de los art\u00edculos con la herramienta Open Journal Systems,<\/ul>\n<\/li>\n<\/ul>\n<p>&nbsp;<\/p>\n<ul>\n<li style=\"list-style-type: none;\">\n<ul>&#8211; ISI Web of Science y Scopus,<\/ul>\n<\/li>\n<\/ul>\n<p>&nbsp;<\/p>\n<ul>\n<li style=\"list-style-type: none;\">\n<ul>&#8211; Comparaci\u00f3n de descargas de los art\u00edculos de su Revista por a\u00f1os y pa\u00eds,<\/ul>\n<\/li>\n<\/ul>\n<p>&nbsp;<\/p>\n<ul>\n<li style=\"list-style-type: none;\">\n<ul>&#8211; Visibilidad de los art\u00edculos,<\/ul>\n<\/li>\n<\/ul>\n<p>&nbsp;<\/p>\n<ul>\n<li style=\"list-style-type: none;\">\n<ul>&#8211; Factor de Impacto<\/ul>\n<\/li>\n<\/ul>\n<p>&nbsp;<\/p>\n<ul>\n<li style=\"list-style-type: none;\">\n<ul>&#8211; Percentil,<\/ul>\n<\/li>\n<\/ul>\n<p>&nbsp;<\/p>\n<ul>\n<li style=\"list-style-type: none;\">\n<ul>&#8211; Quartiles,<\/ul>\n<\/li>\n<\/ul>\n<p>&nbsp;<\/p>\n<ul>\n<li style=\"list-style-type: none;\">\n<ul>&#8211; Proceso de Revisi\u00f3n por pares,<\/ul>\n<\/li>\n<\/ul>\n<p>&nbsp;<\/p>\n<ul>\n<li style=\"list-style-type: none;\">\n<ul>&#8211; Citaciones y auto-citas,<\/ul>\n<\/li>\n<\/ul>\n<p>&nbsp;<\/p>\n<ul>\n<li style=\"list-style-type: none;\">\n<ul>&#8211; Visibilidad de los art\u00edculos (Comparaci\u00f3n con Revista de Construcci\u00f3n Civil),<\/ul>\n<\/li>\n<\/ul>\n<p>&nbsp;<\/p>\n<ul>&#8211; Recomendaciones de Formatos, entre otros.<\/ul>\n<p><a title=\"Revista Informes de la Construcci\u00f3n\" href=\"http:\/\/informesdelaconstruccion.revistas.csic.es\/\" target=\"_blank\" rel=\"noopener\">http:\/\/informesdelaconstruccion.revistas.csic.es\/<\/a><\/p>\n<div id=\"attachment_849\" style=\"width: 310px\" class=\"wp-caption alignnone\"><a href=\"https:\/\/www.ing.uc.cl\/ingenieria-y-gestion-construccion\/wp-content\/uploads\/2013\/08\/noticiaric1-2.png\"><img decoding=\"async\" aria-describedby=\"caption-attachment-849\" class=\"size-medium wp-image-849\" src=\"https:\/\/www.ing.uc.cl\/ingenieria-y-gestion-construccion\/wp-content\/uploads\/2013\/08\/noticiaric1-2-300x199.png\" alt=\"Presentaci\u00f3n de Elvira Saurina relatada por su Equipo\" width=\"300\" height=\"199\" \/><\/a><p id=\"caption-attachment-849\" class=\"wp-caption-text\">Presentaci\u00f3n de Elvira Saurina relatada por su Equipo<\/p><\/div>\n<p>El Taller tambi\u00e9n tuvo otro complemento importante con la presentaci\u00f3n de Elvira Saurina, Subdirectora \u00c1rea Ciencias y Tecnolog\u00eda del Sistema de Bibliotecas, relatado por su equipo (Denise Depoortere, Paola Santander y Maribel Alvarado). Ellas presentan uno de los temas m\u00e1s necesitados e ignorados por cada una de las Revistas: <strong>\u00bfQu\u00e9 servicios ofrecen nuestras bibliotecas a los editores de Revistas UC?<\/strong><br \/>\nMuchas Revistas quedan entusiastas y aliviadas con estos servicios, herramientas importantes y esenciales para cualquier Revista de esta categor\u00eda.<\/p>\n<p>Los servicios propuestos son:<\/p>\n<ul>\n<li style=\"list-style-type: none;\">\n<ul>&#8211; Open Journal Systems (OJS), en colaboraci\u00f3n con Alerta al Conocimiento<\/ul>\n<\/li>\n<\/ul>\n<p>&nbsp;<\/p>\n<ul>\n<li style=\"list-style-type: none;\">\n<ul>&#8211; Digital Object Identifier (DOI)<\/ul>\n<\/li>\n<\/ul>\n<p>&nbsp;<\/p>\n<ul>\n<li style=\"list-style-type: none;\">\n<ul>&#8211; Asesor\u00eda en temas vinculados a lograr mayor visibilidad e impacto de las publicaciones<\/ul>\n<\/li>\n<\/ul>\n<p>&nbsp;<\/p>\n<ul>\n<li style=\"list-style-type: none;\">\n<ul>&#8211; Realizaci\u00f3n de talleres en bases de datos Web of Science y SCOPUS con sus respectivas m\u00e9tricas Journal Citation Reports y SCImago.<\/ul>\n<\/li>\n<\/ul>\n<p>&nbsp;<\/p>\n<ul>\n<li style=\"list-style-type: none;\">\n<ul>&#8211; Preguntas frecuentes de los Editores de Revistas UC.<\/ul>\n<\/li>\n<\/ul>\n<p>&nbsp;<\/p>\n<ul>&#8211; Normalizaci\u00f3n firma y afiliaci\u00f3n.<\/ul>\n<p>El equipo de Biblioteca est\u00e1 a disposici\u00f3n de estos servicios para las Revistas UC<br \/>\nContactos:<\/p>\n<p>Paola Santander M.<br \/>\nOpen Journal System (OJS)<br \/>\n<a href=\"mailto:psantand@uc.cl\" target=\"_blank\" rel=\"noopener\">psantand@uc.cl<\/a><\/p>\n<p>Maribel Alvarado A.<br \/>\nDigital Object Identifier (DOI)<br \/>\n<a href=\"mailto:malvaraa@uc.cl\" target=\"_blank\" rel=\"noopener\">malvaraa@uc.cl<\/a><\/p>\n<p>Denise Depoortere<br \/>\nTalleres en Bibliotecas UC<br \/>\n<a href=\"mailto:ddepoort@uc.cl\" target=\"_blank\" rel=\"noopener\">ddepoort@uc.cl<\/a><\/p>\n<p>La exitosa interacci\u00f3n entre los participantes invitados de las diferentes Revistas UC en este segundo Taller, deja abierta las inquietudes, colaboraciones, necesidades e inter\u00e9s de este desconocido para muchos e intenso tema para seguir trabajando en una Revista de Calidad y Reconocimiento.<\/p>\n<div id=\"attachment_855\" style=\"width: 310px\" class=\"wp-caption alignnone\"><a href=\"https:\/\/www.ing.uc.cl\/ingenieria-y-gestion-construccion\/wp-content\/uploads\/2013\/08\/noticiaric1-3.png\"><img decoding=\"async\" aria-describedby=\"caption-attachment-855\" class=\"size-medium wp-image-855\" src=\"https:\/\/www.ing.uc.cl\/ingenieria-y-gestion-construccion\/wp-content\/uploads\/2013\/08\/noticiaric1-3-300x199.png\" alt=\"Al final del Taller Mauricio L\u00f3pez, Editor RIC agradece a Ignacio Oteiza, Director de la Revista Informes de la Construcci\u00f3n por su visita y colaboraci\u00f3n con la actividad \" width=\"300\" height=\"199\" \/><\/a><p id=\"caption-attachment-855\" class=\"wp-caption-text\">Al final del Taller Mauricio L\u00f3pez, Editor RIC agradece a Ignacio Oteiza, Director de la Revista Informes de la Construcci\u00f3n por su visita y colaboraci\u00f3n con la actividad<\/p><\/div>\n","protected":false},"excerpt":{"rendered":"<p>Exitosa interacci\u00f3n entre participantes de las diferentes Revistas UC, en el II Taller-Desayuno de Revistas UC organizado por nuestra Revista RIC con un invitado especial, Ignacio Oteiza, Director de la Revista Informes de la Construcci\u00f3n de Espa\u00f1a.<\/p>\n","protected":false},"author":7,"featured_media":839,"comment_status":"closed","ping_status":"closed","sticky":false,"template":"","format":"standard","meta":{"_acf_changed":false,"_monsterinsights_skip_tracking":false,"_monsterinsights_sitenote_active":false,"_monsterinsights_sitenote_note":"","_monsterinsights_sitenote_category":0,"footnotes":""},"categories":[187,189],"tags":[],"class_list":{"0":"post-838","1":"post","2":"type-post","3":"status-publish","4":"format-standard","5":"has-post-thumbnail","6":"hentry","7":"category-ing-gest-cons-noticias","8":"category-ing-gest-cons-novedades","10":"post-with-thumbnail","11":"post-with-thumbnail-large"},"acf":[],"aioseo_notices":[],"_links":{"self":[{"href":"https:\/\/www.ing.uc.cl\/ingenieria-y-gestion-construccion\/wp-json\/wp\/v2\/posts\/838","targetHints":{"allow":["GET"]}}],"collection":[{"href":"https:\/\/www.ing.uc.cl\/ingenieria-y-gestion-construccion\/wp-json\/wp\/v2\/posts"}],"about":[{"href":"https:\/\/www.ing.uc.cl\/ingenieria-y-gestion-construccion\/wp-json\/wp\/v2\/types\/post"}],"author":[{"embeddable":true,"href":"https:\/\/www.ing.uc.cl\/ingenieria-y-gestion-construccion\/wp-json\/wp\/v2\/users\/7"}],"replies":[{"embeddable":true,"href":"https:\/\/www.ing.uc.cl\/ingenieria-y-gestion-construccion\/wp-json\/wp\/v2\/comments?post=838"}],"version-history":[{"count":1,"href":"https:\/\/www.ing.uc.cl\/ingenieria-y-gestion-construccion\/wp-json\/wp\/v2\/posts\/838\/revisions"}],"predecessor-version":[{"id":6035,"href":"https:\/\/www.ing.uc.cl\/ingenieria-y-gestion-construccion\/wp-json\/wp\/v2\/posts\/838\/revisions\/6035"}],"wp:featuredmedia":[{"embeddable":true,"href":"https:\/\/www.ing.uc.cl\/ingenieria-y-gestion-construccion\/wp-json\/"}],"wp:attachment":[{"href":"https:\/\/www.ing.uc.cl\/ingenieria-y-gestion-construccion\/wp-json\/wp\/v2\/media?parent=838"}],"wp:term":[{"taxonomy":"category","embeddable":true,"href":"https:\/\/www.ing.uc.cl\/ingenieria-y-gestion-construccion\/wp-json\/wp\/v2\/categories?post=838"},{"taxonomy":"post_tag","embeddable":true,"href":"https:\/\/www.ing.uc.cl\/ingenieria-y-gestion-construccion\/wp-json\/wp\/v2\/tags?post=838"}],"curies":[{"name":"wp","href":"https:\/\/api.w.org\/{rel}","templated":true}]}}