{"id":9550,"date":"2025-02-03T10:04:05","date_gmt":"2025-02-03T13:04:05","guid":{"rendered":"https:\/\/www.ing.uc.cl\/mineria\/?p=9550"},"modified":"2025-05-23T12:26:46","modified_gmt":"2025-05-23T15:26:46","slug":"nuevo-rector-uc-2025-2030","status":"publish","type":"post","link":"https:\/\/www.ing.uc.cl\/mineria\/2025\/02\/03\/nuevo-rector-uc-2025-2030\/","title":{"rendered":"Nuevo Rector UC 2025-2030"},"content":{"rendered":"<p><b>Nuevo Rector UC 2025-2030<\/b><\/p>\n<p><span style=\"font-weight: 400;\">Nos complace anunciar que <\/span><b>Juan Carlos de la Llera<\/b><span style=\"font-weight: 400;\"> ha sido designado como el nuevo Rector de la Pontificia Universidad Cat\u00f3lica de Chile para el per\u00edodo 2025-2030. De esta forma, sucede a <\/span><b>Ignacio S\u00e1nchez<\/b><span style=\"font-weight: 400;\">, quien ha liderado nuestra universidad durante un per\u00edodo transformador.<\/span><\/p>\n<p><span style=\"font-weight: 400;\">El nombramiento de Juan Carlos de la Llera fue ratificado por el Vaticano tras un minucioso proceso de selecci\u00f3n, aprobado por la Congregaci\u00f3n para la Educaci\u00f3n Cat\u00f3lica de la Santa Sede, y respaldado por la propuesta del Arzobispo de Santiago y Gran Canciller de la UC, Cardenal <\/span><b>Fernando Chomali<\/b><span style=\"font-weight: 400;\">.<\/span><\/p>\n<p><span style=\"font-weight: 400;\">Este nombramiento es fruto de una rigurosa selecci\u00f3n, que involucr\u00f3 m\u00e1s de 160 reuniones con representantes de la comunidad universitaria y la recopilaci\u00f3n de opiniones de m\u00e1s de <\/span><b>1.600 personas<\/b><span style=\"font-weight: 400;\">, incluyendo rectores de otras universidades y exalumnos.<\/span><\/p>\n<p><span style=\"font-weight: 400;\">\u00a1Felicitamos al nuevo Rector y esperamos con entusiasmo este nuevo cap\u00edtulo en la historia de nuestra Universidad!<\/span><\/p>\n","protected":false},"excerpt":{"rendered":"<p>Nuevo Rector UC 2025-2030 Nos complace anunciar que Juan Carlos de la Llera ha sido designado como el nuevo Rector de la Pontificia Universidad Cat\u00f3lica de Chile para el per\u00edodo 2025-2030. De esta forma, sucede a Ignacio S\u00e1nchez, quien ha liderado nuestra universidad durante un per\u00edodo transformador. El nombramiento de Juan Carlos de la Llera fue ratificado por el Vaticano tras un minucioso proceso de selecci\u00f3n, aprobado por la Congregaci\u00f3n para la Educaci\u00f3n Cat\u00f3lica de la Santa Sede, y respaldado por la propuesta del Arzobispo de Santiago y Gran Canciller de la UC, Cardenal Fernando Chomali. Este nombramiento es fruto de una rigurosa selecci\u00f3n, que involucr\u00f3 m\u00e1s de 160 reuniones con representantes de la comunidad universitaria y la recopilaci\u00f3n de opiniones de m\u00e1s de 1.600 personas, incluyendo rectores de otras universidades y exalumnos. \u00a1Felicitamos al nuevo Rector y esperamos con entusiasmo este nuevo cap\u00edtulo en la historia de nuestra Universidad!<\/p>\n","protected":false},"author":4,"featured_media":9551,"comment_status":"closed","ping_status":"closed","sticky":false,"template":"","format":"standard","meta":{"_acf_changed":false,"site-sidebar-layout":"default","site-content-layout":"","ast-site-content-layout":"default","site-content-style":"default","site-sidebar-style":"default","ast-global-header-display":"","ast-banner-title-visibility":"","ast-main-header-display":"","ast-hfb-above-header-display":"","ast-hfb-below-header-display":"","ast-hfb-mobile-header-display":"","site-post-title":"","ast-breadcrumbs-content":"","ast-featured-img":"","footer-sml-layout":"","ast-disable-related-posts":"","theme-transparent-header-meta":"","adv-header-id-meta":"","stick-header-meta":"","header-above-stick-meta":"","header-main-stick-meta":"","header-below-stick-meta":"","astra-migrate-meta-layouts":"default","ast-page-background-enabled":"default","ast-page-background-meta":{"desktop":{"background-color":"","background-image":"","background-repeat":"repeat","background-position":"center center","background-size":"auto","background-attachment":"scroll","background-type":"","background-media":"","overlay-type":"","overlay-color":"","overlay-opacity":"","overlay-gradient":""},"tablet":{"background-color":"","background-image":"","background-repeat":"repeat","background-position":"center center","background-size":"auto","background-attachment":"scroll","background-type":"","background-media":"","overlay-type":"","overlay-color":"","overlay-opacity":"","overlay-gradient":""},"mobile":{"background-color":"","background-image":"","background-repeat":"repeat","background-position":"center center","background-size":"auto","background-attachment":"scroll","background-type":"","background-media":"","overlay-type":"","overlay-color":"","overlay-opacity":"","overlay-gradient":""}},"ast-content-background-meta":{"desktop":{"background-color":"var(--ast-global-color-5)","background-image":"","background-repeat":"repeat","background-position":"center center","background-size":"auto","background-attachment":"scroll","background-type":"","background-media":"","overlay-type":"","overlay-color":"","overlay-opacity":"","overlay-gradient":""},"tablet":{"background-color":"var(--ast-global-color-5)","background-image":"","background-repeat":"repeat","background-position":"center center","background-size":"auto","background-attachment":"scroll","background-type":"","background-media":"","overlay-type":"","overlay-color":"","overlay-opacity":"","overlay-gradient":""},"mobile":{"background-color":"var(--ast-global-color-5)","background-image":"","background-repeat":"repeat","background-position":"center center","background-size":"auto","background-attachment":"scroll","background-type":"","background-media":"","overlay-type":"","overlay-color":"","overlay-opacity":"","overlay-gradient":""}},"footnotes":""},"categories":[10],"tags":[],"class_list":["post-9550","post","type-post","status-publish","format-standard","has-post-thumbnail","hentry","category-noticias"],"acf":[],"rttpg_featured_image_url":{"full":["https:\/\/www.ing.uc.cl\/mineria\/wp-content\/uploads\/2025\/02\/31-01-2025.png",1080,1350,false],"landscape":["https:\/\/www.ing.uc.cl\/mineria\/wp-content\/uploads\/2025\/02\/31-01-2025.png",1080,1350,false],"portraits":["https:\/\/www.ing.uc.cl\/mineria\/wp-content\/uploads\/2025\/02\/31-01-2025.png",1080,1350,false],"thumbnail":["https:\/\/www.ing.uc.cl\/mineria\/wp-content\/uploads\/2025\/02\/31-01-2025-150x150.png",150,150,true],"medium":["https:\/\/www.ing.uc.cl\/mineria\/wp-content\/uploads\/2025\/02\/31-01-2025-240x300.png",240,300,true],"large":["https:\/\/www.ing.uc.cl\/mineria\/wp-content\/uploads\/2025\/02\/31-01-2025-819x1024.png",819,1024,true],"1536x1536":["https:\/\/www.ing.uc.cl\/mineria\/wp-content\/uploads\/2025\/02\/31-01-2025.png",1080,1350,false],"2048x2048":["https:\/\/www.ing.uc.cl\/mineria\/wp-content\/uploads\/2025\/02\/31-01-2025.png",1080,1350,false],"sow-carousel-default":["https:\/\/www.ing.uc.cl\/mineria\/wp-content\/uploads\/2025\/02\/31-01-2025-272x182.png",272,182,true]},"rttpg_author":{"display_name":"Francisco H","author_link":"https:\/\/www.ing.uc.cl\/mineria\/author\/fherreros\/"},"rttpg_comment":0,"rttpg_category":"<a href=\"https:\/\/www.ing.uc.cl\/mineria\/category\/noticias\/\" rel=\"category tag\">Noticias<\/a>","rttpg_excerpt":"Nuevo Rector UC 2025-2030 Nos complace anunciar que Juan Carlos de la Llera ha sido designado como el nuevo Rector de la Pontificia Universidad Cat\u00f3lica de Chile para el per\u00edodo 2025-2030. De esta forma, sucede a Ignacio S\u00e1nchez, quien ha liderado nuestra universidad durante un per\u00edodo transformador. El nombramiento de Juan Carlos de la Llera&hellip;","_links":{"self":[{"href":"https:\/\/www.ing.uc.cl\/mineria\/wp-json\/wp\/v2\/posts\/9550","targetHints":{"allow":["GET"]}}],"collection":[{"href":"https:\/\/www.ing.uc.cl\/mineria\/wp-json\/wp\/v2\/posts"}],"about":[{"href":"https:\/\/www.ing.uc.cl\/mineria\/wp-json\/wp\/v2\/types\/post"}],"author":[{"embeddable":true,"href":"https:\/\/www.ing.uc.cl\/mineria\/wp-json\/wp\/v2\/users\/4"}],"replies":[{"embeddable":true,"href":"https:\/\/www.ing.uc.cl\/mineria\/wp-json\/wp\/v2\/comments?post=9550"}],"version-history":[{"count":1,"href":"https:\/\/www.ing.uc.cl\/mineria\/wp-json\/wp\/v2\/posts\/9550\/revisions"}],"predecessor-version":[{"id":10820,"href":"https:\/\/www.ing.uc.cl\/mineria\/wp-json\/wp\/v2\/posts\/9550\/revisions\/10820"}],"wp:featuredmedia":[{"embeddable":true,"href":"https:\/\/www.ing.uc.cl\/mineria\/wp-json\/wp\/v2\/media\/9551"}],"wp:attachment":[{"href":"https:\/\/www.ing.uc.cl\/mineria\/wp-json\/wp\/v2\/media?parent=9550"}],"wp:term":[{"taxonomy":"category","embeddable":true,"href":"https:\/\/www.ing.uc.cl\/mineria\/wp-json\/wp\/v2\/categories?post=9550"},{"taxonomy":"post_tag","embeddable":true,"href":"https:\/\/www.ing.uc.cl\/mineria\/wp-json\/wp\/v2\/tags?post=9550"}],"curies":[{"name":"wp","href":"https:\/\/api.w.org\/{rel}","templated":true}]}}