{"id":1580,"date":"2023-03-23T15:27:51","date_gmt":"2023-03-23T18:27:51","guid":{"rendered":"https:\/\/www.ing.uc.cl\/quimica-y-bioprocesos\/?p=1580"},"modified":"2023-03-23T15:27:51","modified_gmt":"2023-03-23T18:27:51","slug":"un-reciente-estudio-muestra-la-huella-ambiental-que-deja-la-division-ventanas-de-codelco","status":"publish","type":"post","link":"https:\/\/www.ing.uc.cl\/quimica-y-bioprocesos\/un-reciente-estudio-muestra-la-huella-ambiental-que-deja-la-division-ventanas-de-codelco\/","title":{"rendered":"UN RECIENTE ESTUDIO MUESTRA LA HUELLA AMBIENTAL QUE DEJA LA DIVISI\u00d3N VENTANAS DE CODELCO"},"content":{"rendered":"<p>Una investigaci\u00f3n liderada por el acad\u00e9mico de\u00a0<a href=\"https:\/\/www.ing.uc.cl\/quimica-y-bioprocesos\/\" target=\"_blank\" rel=\"noopener\">Ingenier\u00eda Qu\u00edmica y Bioprocesos\u00a0<\/a>de la Universidad Cat\u00f3lica (UC),\u00a0<strong><a href=\"https:\/\/www.ing.uc.cl\/academicos-e-investigadores\/hector-ivan-joaquin-jorquera-gonzalez\/\" target=\"_blank\" rel=\"noopener\">H\u00e9ctor Jorquera<\/a>, analiz\u00f3 la calidad del aire en Quintero y La Greda<\/strong>, dos localidades hist\u00f3ricamente afectadas por los episodios de contaminaci\u00f3n aguda proveniente de la zona industrial de Ventanas.<\/p>\n<p>El estudio publicado el pasado mes de febrero en la revista Journal of Hazardous Materials,\u00a0<strong>muestra la huella ambiental que deja la fundici\u00f3n de cobre de Codelco Divisi\u00f3n Ventanas, durante el per\u00edodo de an\u00e1lisis comprendido entre los a\u00f1os 2014 y 2020.<\/strong><\/p>\n<p><strong>\u201cVentanas es la responsable de la mayor cantidad de eventos de altas concentraciones de di\u00f3xido de azufre, tanto diariamente como a escala horaria, en ambas localidades de la Regi\u00f3n de Valpara\u00edso\u201d<\/strong>, destac\u00f3 H\u00e9ctor Jorquera, quien adem\u00e1s es investigador asociado del\u00a0<a href=\"https:\/\/www.cedeus.cl\/\" target=\"_blank\" rel=\"noopener\">Centro de Desarrollo Urbano Sustentable UC<\/a>\u00a0(CEDEUS).<\/p>\n<p>En Quintero, el especialista precis\u00f3 que el promedio diario de dichas concentraciones super\u00f3 la recomendaci\u00f3n de la Organizaci\u00f3n Mundial de la Salud (40 microgramos por metro c\u00fabico) en todo el per\u00edodo de estudio, superando frecuentemente los 200 microgramos por metro c\u00fabico en algunos horarios.<\/p>\n<p>\u201cLa investigaci\u00f3n mostr\u00f3 que esta localidad es afectada desde al anochecer hasta media ma\u00f1ana por las emanaciones gaseosas de la zona industrial, mientras que la zona de La Greda los impactos en la calidad del aire se manifiestan principalmente por las tardes\u201d, agreg\u00f3 el profesor de Ingenier\u00eda UC.<\/p>\n<p>Asimismo, el estudio determin\u00f3 que hay un\u00a0<strong>n\u00famero importante de eventos de altas concentraciones de di\u00f3xido de azufre que afectan la zona de Quintero<\/strong>, que provienen desde el sur. Esto significa la existencia de otra fuente similar de contaminaci\u00f3n.<\/p>\n<p>\u201cSi bien dichos aportes son menores, queda abierta la pregunta de cuan grandes ser\u00edan estas concentraciones si se midieran hacia el sur de Quintero, en otras localidades comprendidas hasta Conc\u00f3n\u201d, sentenci\u00f3 el acad\u00e9mico de Ingenier\u00eda Qu\u00edmica y Bioprocesos UC.<\/p>\n<p>El estudio indica que con el cierre de la fundici\u00f3n Codelco Ventanas, las concentraciones ambientales de di\u00f3xido de azufre van a reducirse dr\u00e1sticamente en toda la zona de Quintero, La Greda y localidades cercanas al complejo industrial Ventanas.<\/p>\n<h3><strong>Cese de operaciones<\/strong><\/h3>\n<p>Por unanimidad, concluy\u00f3 el proceso legislativo que permitir\u00e1 avanzar en uno de los hitos fundamentales para concretar el cese de operaciones de la fundici\u00f3n Ventanas de Codelco, ubicada en la comuna de Puchuncav\u00ed.<\/p>\n<p>Tras la aprobaci\u00f3n del Senado a fines de enero, la C\u00e1mara de Diputados ratific\u00f3 la iniciativa de manera un\u00e1nime. La ley aprobada mantiene la obligaci\u00f3n de Codelco de recibir en cualquiera de sus divisiones los minerales de peque\u00f1os y medianos productores y procesarlos en una fundici\u00f3n distinta a Ventanas.<\/p>\n<p>Lo anterior, es uno de los requisitos que habilitar\u00e1n a Codelco para el cese de las operaciones de la fundici\u00f3n. El siguiente tr\u00e1mite se concretar\u00e1 una vez que el Sernageomin apruebe el expediente ya ingresado con la propuesta t\u00e9cnica, lo que se estima podr\u00eda concretarse en mayo pr\u00f3ximo.<\/p>\n<p>En ese momento, la Divisi\u00f3n Ventanas podr\u00e1 avanzar en la transformaci\u00f3n m\u00e1s importante en sus casi 60 a\u00f1os de historia, al mantener como \u00fanica operaci\u00f3n el refinamiento de cobre.<\/p>\n","protected":false},"excerpt":{"rendered":"<p>El promedio diario de concentraciones de di\u00f3xido de azufre aportado por la fundici\u00f3n en Quintero, super\u00f3 la recomendaci\u00f3n de la Organizaci\u00f3n Mundial de la Salud en todos los a\u00f1os analizados.<\/p>\n","protected":false},"author":4,"featured_media":1581,"comment_status":"closed","ping_status":"closed","sticky":false,"template":"","format":"standard","meta":{"_acf_changed":false,"footnotes":""},"categories":[4],"tags":[],"class_list":{"0":"post-1580","1":"post","2":"type-post","3":"status-publish","4":"format-standard","5":"has-post-thumbnail","6":"hentry","7":"category-noticia-destacada","9":"post-with-thumbnail","10":"post-with-thumbnail-large"},"acf":[],"_links":{"self":[{"href":"https:\/\/www.ing.uc.cl\/quimica-y-bioprocesos\/wp-json\/wp\/v2\/posts\/1580","targetHints":{"allow":["GET"]}}],"collection":[{"href":"https:\/\/www.ing.uc.cl\/quimica-y-bioprocesos\/wp-json\/wp\/v2\/posts"}],"about":[{"href":"https:\/\/www.ing.uc.cl\/quimica-y-bioprocesos\/wp-json\/wp\/v2\/types\/post"}],"author":[{"embeddable":true,"href":"https:\/\/www.ing.uc.cl\/quimica-y-bioprocesos\/wp-json\/wp\/v2\/users\/4"}],"replies":[{"embeddable":true,"href":"https:\/\/www.ing.uc.cl\/quimica-y-bioprocesos\/wp-json\/wp\/v2\/comments?post=1580"}],"version-history":[{"count":1,"href":"https:\/\/www.ing.uc.cl\/quimica-y-bioprocesos\/wp-json\/wp\/v2\/posts\/1580\/revisions"}],"predecessor-version":[{"id":1582,"href":"https:\/\/www.ing.uc.cl\/quimica-y-bioprocesos\/wp-json\/wp\/v2\/posts\/1580\/revisions\/1582"}],"wp:featuredmedia":[{"embeddable":true,"href":"https:\/\/www.ing.uc.cl\/quimica-y-bioprocesos\/wp-json\/wp\/v2\/media\/1581"}],"wp:attachment":[{"href":"https:\/\/www.ing.uc.cl\/quimica-y-bioprocesos\/wp-json\/wp\/v2\/media?parent=1580"}],"wp:term":[{"taxonomy":"category","embeddable":true,"href":"https:\/\/www.ing.uc.cl\/quimica-y-bioprocesos\/wp-json\/wp\/v2\/categories?post=1580"},{"taxonomy":"post_tag","embeddable":true,"href":"https:\/\/www.ing.uc.cl\/quimica-y-bioprocesos\/wp-json\/wp\/v2\/tags?post=1580"}],"curies":[{"name":"wp","href":"https:\/\/api.w.org\/{rel}","templated":true}]}}